{"data":[{"id":"9782330190613","title":"\u00c0 l'abordage ! : chevalier Courage et princesse Attaque","description":"Dans cette nouvelle aventure, le Chevalier Courage et la Princesse Attaque nous embarquent avec leur nouveau compagnon, Petit loup, sur les mers et les oc\u00e9ans, \u00e0 la d\u00e9couverte des cr\u00e9atures marines et aussi des profondeurs ! Un livre captivant \u00e0 lire et \u00e0 relire, o\u00f9 les jeux d'observation se succ\u00e8dent et o\u00f9 le petit lecteur choisit son parcours. \u00c0 partir de 4 ans.","authors":["Delphine Chedru"],"category_codes":["2000000","2060000","2060500"],"visuals":{"large":"https:\/\/images.epagine.fr\/613\/9782330190613_1_75.jpg","medium":"https:\/\/images.epagine.fr\/613\/9782330190613_1_m.jpg","thumbnail":"https:\/\/images.epagine.fr\/613\/9782330190613_1_v.jpg"},"orderable":true,"show_badge":false,"formatted_price":"16,90&nbsp;\u20ac","formatted_published_date":"22 mai 2024","publisher_availability_label":"Sur commande","short_details":"Delphine Chedru \u2014 H\u00e9lium \u00c9ditions","translator":null,"weight":490,"page_count":48,"readership":"3\/6 ans","editor":"H\u00e9lium \u00c9ditions","price":1690,"published_date":"2024-05-21T22:00:00.000000Z","support":"Grand format","publisher_availability":1,"stock":1,"editions":[],"url":"https:\/\/quaidesbrumes.com\/ouvrage\/9782330190613\/a-labordage-chevalier-courage-et-princesse-attaque"},{"id":"9782386141010","title":"C'est quoi d\u00e9j\u00e0 ? : La Premi\u00e8re Guerre mondiale","description":"C'est LE livre parfait pour tout comprendre et r\u00e9viser. Depuis les pr\u00e9mices de la premi\u00e8re guerre mondiale, jusqu'\u00e0 l'armistice et au trait\u00e9 de Versailles : parcours des cartes simples, des infographies claires, des chiffres cl\u00e9s et des textes synth\u00e9tiques pour saisir l'essentiel, en un clin d'oeil. Ton nouvel indispensable.","authors":["Mathieu Ferret","Bruno Wennagel"],"category_codes":["2000000","2070000","2070400"],"visuals":{"large":"https:\/\/images.epagine.fr\/010\/9782386141010_1_75.jpg","medium":"https:\/\/images.epagine.fr\/010\/9782386141010_1_m.jpg","thumbnail":"https:\/\/images.epagine.fr\/010\/9782386141010_1_v.jpg"},"orderable":true,"show_badge":true,"formatted_price":"8,95&nbsp;\u20ac","formatted_published_date":"19 f\u00e9vrier 2025","publisher_availability_label":"Sur commande","short_details":"Mathieu Ferret, Bruno Wennagel \u2014 QUELLE HISTOIRE","translator":null,"weight":134,"page_count":44,"readership":"\u00e0 partir de 6 ANS","editor":"QUELLE HISTOIRE","price":895,"published_date":"2025-02-18T23:00:00.000000Z","support":"Grand format","publisher_availability":1,"stock":0,"editions":[],"url":"https:\/\/quaidesbrumes.com\/ouvrage\/9782386141010\/cest-quoi-deja-la-premiere-guerre-mondiale"},{"id":"9791036314926","title":"Anatole Latuile Tome 4 : Fran\u00e7oise a disparu !","description":"C'est l'\u00e9t\u00e9, et Anatole est enchant\u00e9 : c'est lui qui garde Fran\u00e7oise, la gerboise de la classe, jusqu'\u00e0 la rentr\u00e9e. Mais le lendemain, quand il rentre du parc avec sa petite soeur Sidonie, catastrophe : Fran\u00e7oise n'est plus dans sa cage. Qui a pu enlever l'animal ? Avec Jason, son meilleur copain, Anatole m\u00e8ne l'enqu\u00eate. Myl\u00e8ne, la soeur de Jason, a-t-elle vol\u00e9 Fran\u00e7oise pour faire des vid\u00e9o ? Les Mafiolo ont-ils voulu se venger de n'avoir pas sa garde pour les vacances ? Beaucoup de fausses pistes, jusqu'\u00e0 ce qu'Anatole trouve enfin la solution : c'est Ange, le petit fr\u00e8re des Mafiolo, qui a fait le coup, avec la complicit\u00e9 de Sidonie. Heureusement, Fran\u00e7oise est en pleine forme, et tout est pardonn\u00e9... m\u00eame si Anatole a du mal \u00e0 comprendre pourquoi sa petite soeur aime tellement ce coquin d'Ange !","authors":["Anne Didier","Olivier Muller","Cl\u00e9ment Devaux"],"category_codes":["2000000","2040000","2040300"],"visuals":{"large":"https:\/\/images.epagine.fr\/926\/9791036314926_1_75.jpg","medium":"https:\/\/images.epagine.fr\/926\/9791036314926_1_m.jpg","thumbnail":"https:\/\/images.epagine.fr\/926\/9791036314926_1_v.jpg"},"orderable":true,"show_badge":true,"formatted_price":"11,00&nbsp;\u20ac","formatted_published_date":"17 juin 2020","publisher_availability_label":"Sur commande","short_details":"Anne Didier, Olivier Muller, Cl\u00e9ment Devaux \u2014 Bayard Jeunesse","translator":null,"weight":178,"page_count":48,"readership":"\u00e0 partir de 7 ANS","editor":"Bayard Jeunesse","price":1100,"published_date":"2020-06-16T22:00:00.000000Z","support":"Grand format","publisher_availability":1,"stock":0,"editions":[],"url":"https:\/\/quaidesbrumes.com\/ouvrage\/9791036314926\/anatole-latuile-tome-4-francoise-a-disparu"},{"id":"9782070661756","title":"Le tracteur","description":"\u00c9t\u00e9 comme hiver, on le voit travailler dans les champs. Il est puissant. \u00c0 la ferme, il peut tout faire : tirer de lourdes charrues, soulever des tonnes de paille... Bienvenue \u00e0 bord du tracteur !","authors":["Collectif"],"category_codes":["2000000","2070000","2070500"],"visuals":{"large":"https:\/\/images.epagine.fr\/756\/9782070661756_1_75.jpg","medium":"https:\/\/images.epagine.fr\/756\/9782070661756_1_m.jpg","thumbnail":"https:\/\/images.epagine.fr\/756\/9782070661756_1_v.jpg"},"orderable":true,"show_badge":true,"formatted_price":"9,90&nbsp;\u20ac","formatted_published_date":"10 mars 2016","publisher_availability_label":"Sur commande","short_details":"Collectif \u2014 Gallimard Jeunesse","translator":null,"weight":314,"page_count":24,"readership":null,"editor":"Gallimard Jeunesse","price":990,"published_date":"2016-03-09T23:00:00.000000Z","support":"Grand format","publisher_availability":1,"stock":0,"editions":["9782215198321"],"url":"https:\/\/quaidesbrumes.com\/ouvrage\/9782070661756\/le-tracteur"},{"id":"9782080142368","title":"Mademoiselle V.","description":"Comme tous les jours, H\u00e9l\u00e8ne prend le m\u00e9tro pour rentrer chez elle apr\u00e8s les cours. Cette fois, son trajet est boulevers\u00e9 par la pr\u00e9sence d'une myst\u00e9rieuse jeune femme au comportement tr\u00e8s \u00e9trange. Fascin\u00e9e, H\u00e9l\u00e8ne la poursuit dans les profondeurs du m\u00e9tro. Son courage et sa curiosit\u00e9 vont la mener plus loin qu'elle ne le pensait, et faire basculer sa vie dans l'\u00e9trange... Un r\u00e9cit fantastique qui, au cours d'une enqu\u00eate pleine de suspense, interroge notre vision des monstres et de leur humanit\u00e9.","authors":["Jean-Baptiste Evette"],"category_codes":["2000000","2040000","2040500"],"visuals":{"large":"https:\/\/images.epagine.fr\/368\/9782080142368_1_75.jpg","medium":"https:\/\/images.epagine.fr\/368\/9782080142368_1_m.jpg","thumbnail":"https:\/\/images.epagine.fr\/368\/9782080142368_1_v.jpg"},"orderable":true,"show_badge":true,"formatted_price":"5,60&nbsp;\u20ac","formatted_published_date":"4 f\u00e9vrier 2026","publisher_availability_label":"Sur commande","short_details":"Jean-Baptiste Evette \u2014 Flammarion jeunesse","translator":null,"weight":108,"page_count":128,"readership":"9\/12 ans","editor":"Flammarion jeunesse","price":560,"published_date":"2026-02-03T23:00:00.000000Z","support":"Poche","publisher_availability":1,"stock":0,"editions":["9782080492715"],"url":"https:\/\/quaidesbrumes.com\/ouvrage\/9782080142368\/mademoiselle-v"},{"id":"9782215158431","title":"La prehistoire","description":"Gr\u00e2ce \u00e0 ce documentaire riche en images, apprends \u00e0 mieux conna\u00eetre la Pr\u00e9histoire : les diff\u00e9rentes familles d'hommes pr\u00e9historiques, leur r\u00e9gime alimentaire, la ma\u00eetrise du feu, les derni\u00e8res d\u00e9couvertes... Au d\u00e9but du livre, d\u00e9couvre des vignettes \u00e0 d\u00e9couper pour apprendre en t'amusant !","authors":["Collectif"],"category_codes":["2000000","2070000","2070400"],"visuals":{"large":"https:\/\/images.epagine.fr\/431\/9782215158431_1_75.jpg","medium":"https:\/\/images.epagine.fr\/431\/9782215158431_1_m.jpg","thumbnail":"https:\/\/images.epagine.fr\/431\/9782215158431_1_v.jpg"},"orderable":true,"show_badge":true,"formatted_price":"8,95&nbsp;\u20ac","formatted_published_date":"27 ao\u00fbt 2021","publisher_availability_label":"Sur commande","short_details":"Collectif \u2014 Fleurus","translator":null,"weight":448,"page_count":32,"readership":null,"editor":"Fleurus","price":895,"published_date":"2021-08-26T22:00:00.000000Z","support":"Grand format","publisher_availability":1,"stock":0,"editions":["9782070623709","9782842590338"],"url":"https:\/\/quaidesbrumes.com\/ouvrage\/9782215158431\/la-prehistoire"},{"id":"9782070577040","title":"Le petit Nicolas : le Petit Nicolas a des ennuis","description":"Tout le monde peut avoir des ennuis. Lorsqu'il s'agit du petit Nicolas et de ses copains Alceste, Eudes, Maixent, Agnan, Clotaire, Geoffroy et Rufus, les ennuis peuvent devenir des catastrophes ! Surtout quand Papa, M\u00e9m\u00e9, M. Moucheboume, le patron de papa, le directeur de l'\u00e9cole, ou le Bouillon s'en m\u00ealent ! Mais avec le petit Nicolas, les choses finissent toujours par s'arranger... m\u00eame si rien ne se passe vraiment de fa\u00e7on tr\u00e8s logique !","authors":["Ren\u00e9 Goscinny","Jean-Jacques Semp\u00e9"],"category_codes":["2000000","2040000","2040500","2040509"],"visuals":{"large":"https:\/\/images.epagine.fr\/040\/9782070577040_1_75.jpg","medium":"https:\/\/images.epagine.fr\/040\/9782070577040_1_m.jpg","thumbnail":"https:\/\/images.epagine.fr\/040\/9782070577040_1_v.jpg"},"orderable":true,"show_badge":true,"formatted_price":"7,90&nbsp;\u20ac","formatted_published_date":"7 juin 2007","publisher_availability_label":"Sur commande","short_details":"Ren\u00e9 Goscinny, Jean-Jacques Semp\u00e9 \u2014 Gallimard Jeunesse","translator":null,"weight":217,"page_count":160,"readership":"\u00e0 partir de 9 ANS","editor":"Gallimard Jeunesse","price":790,"published_date":"2007-06-06T22:00:00.000000Z","support":"Poche","publisher_availability":1,"stock":0,"editions":["9782070392612","9782915732610"],"url":"https:\/\/quaidesbrumes.com\/ouvrage\/9782070577040\/le-petit-nicolas-le-petit-nicolas-a-des-ennuis"},{"id":"9782408050443","title":"Mes p'tits docs : Les Jeux olympiques","description":"Un documentaire pour d\u00e9couvrir comment se d\u00e9roulent les Jeux olympiques. Trente-deux pages pour savoir d'o\u00f9 vient cet \u00e9v\u00e8nement et quels sports on va pouvoir y d\u00e9couvrir. Des textes documentaires qui se lisent comme une histoire, du vocabulaire sp\u00e9cifique au th\u00e8me d\u00e9velopp\u00e9, de grandes illustrations r\u00e9alistes et informatives.\r\n\r\nPour tout comprendre sur cette comp\u00e9tition\r\nDes Jeux de l'Antiquit\u00e9 aux premiers JO organis\u00e9s par Pierre de Coubertin, du voyage de la flamme olympique \u00e0 la c\u00e9r\u00e9monie d'ouverture en passant par la s\u00e9lection du pays d'accueil et la pr\u00e9paration des jeux. Cet ouvrage explique tout le c\u00e9r\u00e9monial qui entoure l'\u00e9v\u00e8nement sportif le plus c\u00e9l\u00e8bre du monde !\r\n\r\nPour alimenter les passions sportives des lecteurs\r\nAthl\u00e9tisme, natation, escrime, gymnastique... Ce \"Mes p'tits docs\" pr\u00e9sente les jeux les plus c\u00e9l\u00e8bres de la comp\u00e9tition en \u00e9voquant pour chacun quelques r\u00e8gles \u00e0 conna\u00eetre, sans oublier de pr\u00e9ciser que de nouveaux sports int\u00e8grent la comp\u00e9tition chaque ann\u00e9e. Et apr\u00e8s les Jeux d'\u00e9t\u00e9 viennent les Jeux paralympiques... suivis quatre ans apr\u00e8s des Jeux d'\u00e9t\u00e9 !","authors":["St\u00e9phanie Ledu","Aur\u00e9lie Grand"],"category_codes":["2000000","2070000","2070900"],"visuals":{"large":"https:\/\/images.epagine.fr\/443\/9782408050443_1_75.jpg","medium":"https:\/\/images.epagine.fr\/443\/9782408050443_1_m.jpg","thumbnail":"https:\/\/images.epagine.fr\/443\/9782408050443_1_v.jpg"},"orderable":true,"show_badge":true,"formatted_price":"7,90&nbsp;\u20ac","formatted_published_date":"17 janvier 2024","publisher_availability_label":"Sur commande","short_details":"St\u00e9phanie Ledu, Aur\u00e9lie Grand \u2014 Milan","translator":null,"weight":250,"page_count":32,"readership":"\u00e0 partir de 4 ANS","editor":"Milan","price":790,"published_date":"2024-01-16T23:00:00.000000Z","support":"Grand format","publisher_availability":1,"stock":0,"editions":[],"url":"https:\/\/quaidesbrumes.com\/ouvrage\/9782408050443\/mes-ptits-docs-les-jeux-olympiques"},{"id":"9782368292037","title":"La princesse qui n'aimait pas les princes charmants","description":"Comment \u00eatre heureuse quand on est une princesse mais qu'on n'aime pas les princes charmants ? Surtout que, o\u00f9 qu'on aille, un prince est toujours pr\u00eat \u00e0 chanter la s\u00e9r\u00e9nade pour qu'une princesse accepte de l'\u00e9pouser ? Et si la solution \u00e9tait de se d\u00e9barrasser des princes charmants ? Facile \u00e0 dire, mais pas facile \u00e0 faire !","authors":["S\u00e9verine de La Croix","Pauline Roland"],"category_codes":["2000000","2030000","2030400"],"visuals":{"large":"https:\/\/images.epagine.fr\/037\/9782368292037_1_75.jpg","medium":"https:\/\/images.epagine.fr\/037\/9782368292037_1_m.jpg","thumbnail":"https:\/\/images.epagine.fr\/037\/9782368292037_1_v.jpg"},"orderable":true,"show_badge":true,"formatted_price":"8,95&nbsp;\u20ac","formatted_published_date":"19 mars 2020","publisher_availability_label":"Sur commande","short_details":"S\u00e9verine de La Croix, Pauline Roland \u2014 \u00c9ditions Splash!","translator":null,"weight":300,"page_count":42,"readership":"3\/6 ans","editor":"\u00c9ditions Splash!","price":895,"published_date":"2020-03-18T23:00:00.000000Z","support":"Grand format","publisher_availability":1,"stock":0,"editions":[],"url":"https:\/\/quaidesbrumes.com\/ouvrage\/9782368292037\/la-princesse-qui-naimait-pas-les-princes-charmants"},{"id":"9782244063225","title":"Gommettes pour les petites mains : 50 grandes gommettes autocollantes ; les animaux de la mer","description":"50 gommettes color\u00e9es de grande taille, faciles \u00e0 coller, pour les plus petits. Pieuvre, poissons, tortue, hippocampe, dauphin... 14 formes pour s' amuser d\u00e8s le plus jeune \u00e2ge.\r","authors":["Sonia Baretti"],"category_codes":["2000000","2080000","2080200"],"visuals":{"large":"https:\/\/images.epagine.fr\/225\/9782244063225_1_75.jpg","medium":"https:\/\/images.epagine.fr\/225\/9782244063225_1_m.jpg","thumbnail":"https:\/\/images.epagine.fr\/225\/9782244063225_1_v.jpg"},"orderable":true,"show_badge":true,"formatted_price":"0,00&nbsp;\u20ac","formatted_published_date":"1er janvier 2017","publisher_availability_label":"Sur commande","short_details":"Sonia Baretti \u2014 \u00c9ditions Lito","translator":null,"weight":70,"page_count":null,"readership":"0\/3 ans","editor":"\u00c9ditions Lito","price":0,"published_date":"2016-12-31T23:00:00.000000Z","support":"Papeterie \/ Coloriage","publisher_availability":1,"stock":0,"editions":[],"url":"https:\/\/quaidesbrumes.com\/ouvrage\/9782244063225\/gommettes-pour-les-petites-mains-50-grandes-gommettes-autocollantes-les-animaux-de-la-mer"},{"id":"9782017283478","title":"Disney Villains : Miroir Miroir","description":"La s\u00e9rie Villains de Serena Valentino enfin en poche !\r\nLa M\u00e9chante Reine n'a pas toujours \u00e9t\u00e9 mauvaise...\r\nIl \u00e9tait une fois une jeune femme qui ignorait qu'elle \u00e9tait belle. Si belle qu'un roi en tomba \u00e9perdument amoureux. Il l'\u00e9pousa et l'emmena vivre dans son ch\u00e2teau, avec sa fille. Entour\u00e9e par l'amour du roi et de cette petite fille qu'elle aimait comme sa propre enfant, lanouvelle reine s'\u00e9panouit.\r\nMalheureusement, la guerre \u00e9clata et le roi y laissa la vie. Le coeur de la reine se brisa, se fl\u00e9trit. Elle se retrouva seule \u00e0 la merci d'un miroir maudit qui chaque jour lui rappelait sa triste enfance, malmen\u00e9e par un p\u00e8re d\u00e9testable. Chaque jour qui passait l'\u00e9loignait un peu plus de Blanche-Neige - jusqu'au matin o\u00f9 Blanche-Neige devint la plus belle de toutes, et o\u00f9 la reine r\u00e9clama son coeur...\r\nVoici l'histoire de celle qui voulait \u00eatre la plus belle.","authors":["Serena Valentino","Alice Gallori"],"category_codes":["2000000","2050000","2050200","2050204"],"visuals":{"large":"https:\/\/images.epagine.fr\/478\/9782017283478_1_75.jpg","medium":"https:\/\/images.epagine.fr\/478\/9782017283478_1_m.jpg","thumbnail":"https:\/\/images.epagine.fr\/478\/9782017283478_1_v.jpg"},"orderable":true,"show_badge":true,"formatted_price":"7,95&nbsp;\u20ac","formatted_published_date":"4 f\u00e9vrier 2026","publisher_availability_label":"Sur commande","short_details":"Serena Valentino, Alice Gallori \u2014 Hachette Heroes","translator":"ALICE GALLORI","weight":146,"page_count":224,"readership":"\u00e0 partir de 12 ANS","editor":"Hachette Heroes","price":795,"published_date":"2026-02-03T23:00:00.000000Z","support":"Poche","publisher_availability":1,"stock":0,"editions":[],"url":"https:\/\/quaidesbrumes.com\/ouvrage\/9782017283478\/disney-villains-miroir-miroir"},{"id":"9782080141712","title":"Claudine de Lyon","description":"Lyon, 1881. \u00c0 onze ans, Claudine travaille dix heures par jour dans l'atelier de son p\u00e8re, \u00e0 tisser de la soie. Cette vie \u00e9puise la petite fille qui tombe gravement malade. Pour gu\u00e9rir, elle est envoy\u00e9e \u00e0 la campagne, o\u00f9 elle apprend enfin \u00e0 lire et \u00e0 \u00e9crire. D\u00e8s lors, Claudine n'a plus qu'un r\u00eave, celui d'aller \u00e0 l'\u00e9cole. Un r\u00e9cit sensible et juste qui questionne la place des femmes au XIX&esuop\u00a0; si\u00e8cle, dans une soci\u00e9t\u00e9 marqu\u00e9e par les in\u00e9galit\u00e9s sociales.","authors":["Marie-Christine Helgerson"],"category_codes":["2000000","2040000","2040500"],"visuals":{"large":"https:\/\/images.epagine.fr\/712\/9782080141712_1_75.jpg","medium":"https:\/\/images.epagine.fr\/712\/9782080141712_1_m.jpg","thumbnail":"https:\/\/images.epagine.fr\/712\/9782080141712_1_v.jpg"},"orderable":true,"show_badge":true,"formatted_price":"5,90&nbsp;\u20ac","formatted_published_date":"1er avril 2026","publisher_availability_label":"Sur commande","short_details":"Marie-Christine Helgerson \u2014 Flammarion jeunesse","translator":null,"weight":158,"page_count":192,"readership":"9\/12 ans","editor":"Flammarion jeunesse","price":590,"published_date":"2026-03-31T22:00:00.000000Z","support":"Poche","publisher_availability":1,"stock":0,"editions":["9782081494213"],"url":"https:\/\/quaidesbrumes.com\/ouvrage\/9782080141712\/claudine-de-lyon"},{"id":"9782244231136","title":"Cherche et trouve : Autocollants : A la ferme","description":"Les jeunes enfants vont d\u00e9couvrir la FERME avec 11 sc\u00e8nes comme \u00ab Dans la basse-cour \u00bb, \u00ab \u00c0 l'\u00e9curie \u00bb, \u00ab Dans le potager \u00bb, \u00ab La porcherie \u00bb ou \u00ab La bergerie \u00bb. Sur chaque double-page, ils d\u00e9couvriront 9 \u00e9l\u00e9ments. Il faudra trouver l'autocollant correspondant et le coller dans le d\u00e9cor. Ils auront 99 autocollants repositionnables \u00e0 coller au bon endroit.","authors":["Collectif"],"category_codes":["2000000","2080000","2080200"],"visuals":{"large":"https:\/\/images.epagine.fr\/136\/9782244231136_1_75.jpg","medium":"https:\/\/images.epagine.fr\/136\/9782244231136_1_m.jpg","thumbnail":"https:\/\/images.epagine.fr\/136\/9782244231136_1_v.jpg"},"orderable":true,"show_badge":true,"formatted_price":"5,99&nbsp;\u20ac","formatted_published_date":"1er avril 2026","publisher_availability_label":"Sur commande","short_details":"Collectif \u2014 \u00c9ditions Lito","translator":null,"weight":200,"page_count":30,"readership":"\u00e0 partir de 3 ANS","editor":"\u00c9ditions Lito","price":599,"published_date":"2026-03-31T22:00:00.000000Z","support":"Papeterie \/ Coloriage","publisher_availability":1,"stock":0,"editions":[],"url":"https:\/\/quaidesbrumes.com\/ouvrage\/9782244231136\/cherche-et-trouve-autocollants-a-la-ferme"},{"id":"9782266331944","title":"Shades of magic","description":"Une trilogie fantastique qui vous emm\u00e8ne dans les tr\u00e9fonds du Londres magique.\r\nKell est le dernier des magiciens de sang, des sorciers capables de voyager d'un monde \u00e0 l'autre. Des mondes, il y en a quatre, dont Londres est, \u00e0 chaque fois, le coeur et l'\u00e2me. Le n\u00f4tre est gris, sans magie d'aucune sorte. Celui de Kell, rouge - on y respire le merveilleux \u00e0 chaque bouff\u00e9e d'air. Le troisi\u00e8me est blanc : l\u00e0, les sortil\u00e8ges se font si rares qu'on y tranche la gorge pour une simple incantation. Le dernier est noir, noir comme la mort qui l'a envahi quand la magie a d\u00e9vor\u00e9 tout ce qui s'y trouvait.\r\n\r\nUn autre monde vous attend, l\u00e0, de l'autre c\u00f4t\u00e9 du mur... D\u00e9couvrez Shades of Magic, trilogie unanimement salu\u00e9e par la critique, sign\u00e9e d'une jeune auteure prodige, V. E. Schwab. Elle y tisse un univers magique d'une grande originalit\u00e9 qu'elle peuple de personnages inoubliables, insolents de panache, pour le plus grand d\u00e9lice de ses nombreux fans.","authors":["V. E. Schwab","Sarah Dali"],"category_codes":["2000000","2050000","2050200","2050204"],"visuals":{"large":"https:\/\/images.epagine.fr\/944\/9782266331944_1_75.jpg","medium":"https:\/\/images.epagine.fr\/944\/9782266331944_1_m.jpg","thumbnail":"https:\/\/images.epagine.fr\/944\/9782266331944_1_v.jpg"},"orderable":true,"show_badge":true,"formatted_price":"8,70&nbsp;\u20ac","formatted_published_date":"9 f\u00e9vrier 2023","publisher_availability_label":"Sur commande","short_details":"V. E. Schwab, Sarah Dali \u2014 Pocket Jeunesse","translator":"SARAH DALI","weight":236,"page_count":480,"readership":"\u00e0 partir de 12 ANS","editor":"Pocket Jeunesse","price":870,"published_date":"2023-02-08T23:00:00.000000Z","support":"Poche","publisher_availability":1,"stock":0,"editions":["9782371021167"],"url":"https:\/\/quaidesbrumes.com\/ouvrage\/9782266331944\/shades-of-magic"},{"id":"9782211300285","title":"Papaski","description":"Papaski est un collectionneur d 'histoires \u00e0 dormir debout. Il a crois\u00e9 Loulou Vandal, qui s'est enfui de chez ses parents en emportant la baignoire familiale. Il a aussi vu M.Parcell Mesquin, qui a offert un rouleau-compresseur \u00e0 sa femme, pour leurs noces d'argent. C'est bien pratique pour repasser le linge et \u00e9taler la pizza...\r","authors":["Tomi Ungerer","Fran\u00e7ois Lasquin"],"category_codes":["2000000","2030000","2030300"],"visuals":{"large":"https:\/\/images.epagine.fr\/285\/9782211300285_1_75.jpg","medium":"https:\/\/images.epagine.fr\/285\/9782211300285_1_m.jpg","thumbnail":"https:\/\/images.epagine.fr\/285\/9782211300285_1_v.jpg"},"orderable":true,"show_badge":false,"formatted_price":"6,00&nbsp;\u20ac","formatted_published_date":"6 mars 2019","publisher_availability_label":"Sur commande","short_details":"Tomi Ungerer, Fran\u00e7ois Lasquin \u2014 L'\u00c9cole des loisirs","translator":"FRANCOIS LASQUIN","weight":102,"page_count":40,"readership":"\u00e0 partir de 5 ANS","editor":"L'\u00c9cole des loisirs","price":600,"published_date":"2019-03-05T23:00:00.000000Z","support":"Poche","publisher_availability":1,"stock":1,"editions":[],"url":"https:\/\/quaidesbrumes.com\/ouvrage\/9782211300285\/papaski"},{"id":"9782070658022","title":"L'\u00e2ne Trotro se d\u00e9guise","description":"Aujourd'hui, Trotro a d\u00e9cid\u00e9 de se d\u00e9guiser en tigre. Pour commencer, il se d\u00e9shabille. Ensuite, il se peint des rayures de tigre sur le corps...","authors":["B\u00e9n\u00e9dicte Guettier"],"category_codes":["2000000","2030000","2030400"],"visuals":{"large":"https:\/\/images.epagine.fr\/022\/9782070658022_1_75.jpg","medium":"https:\/\/images.epagine.fr\/022\/9782070658022_1_m.jpg","thumbnail":"https:\/\/images.epagine.fr\/022\/9782070658022_1_v.jpg"},"orderable":true,"show_badge":true,"formatted_price":"6,50&nbsp;\u20ac","formatted_published_date":"16 janvier 2014","publisher_availability_label":"Sur commande","short_details":"B\u00e9n\u00e9dicte Guettier \u2014 Gallimard Jeunesse-Giboul\u00e9es","translator":null,"weight":185,"page_count":24,"readership":"\u00e0 partir de 3 ANS","editor":"Gallimard Jeunesse-Giboul\u00e9es","price":650,"published_date":"2014-01-15T23:00:00.000000Z","support":"Grand format","publisher_availability":1,"stock":0,"editions":[],"url":"https:\/\/quaidesbrumes.com\/ouvrage\/9782070658022\/lane-trotro-se-deguise"},{"id":"9782211332361","title":"Dans le ventre de Fianna Sinn","description":"Irlande du Nord, 1993. Abigeal O'Keegan aime les histoires qui font peur. Celles qu'elle raconte \u00e0 Joe, son petit fr\u00e8re malvoyant. Celles qui font \u00e9cho aux changements qu'elle per\u00e7oit dans son corps d'adolescente. Celles qui laissent libre cours \u00e0 son imagination.\r\nLorsqu'elle quitte Belfast avec sa famille pour s'installer dans une vieille et grande maison en for\u00eat, la r\u00e9alit\u00e9 rattrape Abigeal. Dans la maison et aux alentours, se produisent des ph\u00e9nom\u00e8nes \u00e9tranges, inqui\u00e9tants. Des objets disparaissent. Des r\u00eaves bizarres peuplent ses nuits. Et que veulent ces cerfs qui r\u00f4dent l\u00e0-dehors ? Quelle histoire oubli\u00e9e se cache \u00e0 Fianna Sinn ?","authors":["Fanny Chartres","Benjamin Tejero"],"category_codes":["2000000","2050000","2050200"],"visuals":{"large":"https:\/\/images.epagine.fr\/361\/9782211332361_1_75.jpg","medium":"https:\/\/images.epagine.fr\/361\/9782211332361_1_m.jpg","thumbnail":"https:\/\/images.epagine.fr\/361\/9782211332361_1_v.jpg"},"orderable":true,"show_badge":true,"formatted_price":"15,00&nbsp;\u20ac","formatted_published_date":"8 janvier 2025","publisher_availability_label":"Sur commande","short_details":"Fanny Chartres, Benjamin Tejero \u2014 L'\u00c9cole des loisirs","translator":null,"weight":356,"page_count":256,"readership":"\u00e0 partir de 13 ANS","editor":"L'\u00c9cole des loisirs","price":1500,"published_date":"2025-01-07T23:00:00.000000Z","support":"Grand format","publisher_availability":1,"stock":0,"editions":[],"url":"https:\/\/quaidesbrumes.com\/ouvrage\/9782211332361\/dans-le-ventre-de-fianna-sinn"},{"id":"9782211343886","title":"Les images de Lou et Mouf : Le printemps","description":"Au printemps, on met ses bottes pour observer les t\u00eatards dans la rivi\u00e8re. On se prom\u00e8ne et on entend le p\u00e9piement des oiseaux.  Les aventures de Lou et son doudou se racontent au jour le jour. Des imagiers sans texte pour \u00e9changer joyeusement et librement dans toutes les langues !","authors":["Jeanne Ashb\u00e9"],"category_codes":["2000000","2020000","2020300"],"visuals":{"large":"https:\/\/images.epagine.fr\/886\/9782211343886_1_75.jpg","medium":"https:\/\/images.epagine.fr\/886\/9782211343886_1_m.jpg","thumbnail":"https:\/\/images.epagine.fr\/886\/9782211343886_1_v.jpg"},"orderable":true,"show_badge":true,"formatted_price":"7,80&nbsp;\u20ac","formatted_published_date":"5 mars 2025","publisher_availability_label":"Sur commande","short_details":"Jeanne Ashb\u00e9 \u2014 L'\u00c9cole des loisirs","translator":null,"weight":129,"page_count":16,"readership":"0\/3 ans","editor":"L'\u00c9cole des loisirs","price":780,"published_date":"2025-03-04T23:00:00.000000Z","support":"Grand format","publisher_availability":1,"stock":0,"editions":[],"url":"https:\/\/quaidesbrumes.com\/ouvrage\/9782211343886\/les-images-de-lou-et-mouf-le-printemps"},{"id":"9782211333788","title":"Z\u00e9lie, viens t'habiller !","description":"Z\u00e9lie doit s'habiller, c'est urgent, on est en retard. Mais la petite fille ne veut pas. Alors sa maman convoque toute une m\u00e9nagerie, un ours, un tigre, une grenouille, qui, eux, veulent de beaux v\u00eatements !","authors":["Ella Charbon"],"category_codes":["2000000","2020000","2020400"],"visuals":{"large":"https:\/\/images.epagine.fr\/788\/9782211333788_1_75.jpg","medium":"https:\/\/images.epagine.fr\/788\/9782211333788_1_m.jpg","thumbnail":"https:\/\/images.epagine.fr\/788\/9782211333788_1_v.jpg"},"orderable":true,"show_badge":true,"formatted_price":"6,00&nbsp;\u20ac","formatted_published_date":"25 octobre 2023","publisher_availability_label":"Sur commande","short_details":"Ella Charbon \u2014 L'\u00c9cole des loisirs","translator":null,"weight":129,"page_count":32,"readership":"0\/3 ans","editor":"L'\u00c9cole des loisirs","price":600,"published_date":"2023-10-24T22:00:00.000000Z","support":"Poche","publisher_availability":1,"stock":0,"editions":["9782211300605"],"url":"https:\/\/quaidesbrumes.com\/ouvrage\/9782211333788\/zelie-viens-thabiller"},{"id":"9791036372162","title":"L'incroyable destin de Suzanne Lenglen qui r\u00e9volutionna le tennis","description":"N\u00e9e dans un milieu privil\u00e9gi\u00e9, Suzanne Lenglen grandit en pratiquant de nombreux sports. Elle ne se doute pas, \u00e0 12 ans, quand son p\u00e8re lui offre sa premi\u00e8re raquette, qu'elle va marquer l'histoire du tennis \u00e0 jamais... elle n'a que 15 ans quand elle devient championne du monde sur terre battue !\r\nDans ce livre, on suit la carri\u00e8re de Suzanne qui, bien que d'une sant\u00e9 fragile, gagne quasiment tous les tournois en France et \u00e0 Wimbledon pendant une vingtaine d'ann\u00e9es au point d'\u00eatre surnomm\u00e9e \"la divine\". Chapitre apr\u00e8s chapitre, on suit les matchs cruciaux contre des rivales qui souvent ont deux fois son \u00e2ge... ou contre des hommes qu'elle bat sans effort ! On d\u00e9couvre le caract\u00e8re bien tremp\u00e9 de la championne, capable de refuser de jouer devant la reine d'Angleterre... ou de boire une goutte d'alcool sur le court pour se requinquer !\r\nSi Suzanne s'est impos\u00e9e comme une championne d\u00e8s son plus jeune \u00e2ge, elle n'a que 27 ans quand elle quitte le tennis amateur pour les tournois professionnels. Elle en a 39 quand elle est emport\u00e9e par une leuc\u00e9mie. Mais elle aura r\u00e9ussi \u00e0 marquer la discipline par sa technique : elle refuse de servir \"en cuiller\"... et elle impose une gamme vestimentaire moins rigide permettant de vrais mouvements amples...\r\nDes compl\u00e9ments documentaires\r\nDes pages illustr\u00e9es sont propos\u00e9es \u00e0 la fin de l'ouvrage pour d\u00e9couvrir les grands tournois dans le monde, le classement ATP, les championnes qui ont marqu\u00e9 la discipline, l'\u00e9volution des tenues en tennis f\u00e9minin...","authors":["Pascale H\u00e9delin","Pauline Guitton"],"category_codes":["2000000","2070000","2070900"],"visuals":{"large":"https:\/\/images.epagine.fr\/162\/9791036372162_1_75.jpg","medium":"https:\/\/images.epagine.fr\/162\/9791036372162_1_m.jpg","thumbnail":"https:\/\/images.epagine.fr\/162\/9791036372162_1_v.jpg"},"orderable":true,"show_badge":true,"formatted_price":"7,20&nbsp;\u20ac","formatted_published_date":"7 mai 2025","publisher_availability_label":"Sur commande","short_details":"Pascale H\u00e9delin, Pauline Guitton \u2014 Bayard Jeunesse","translator":null,"weight":122,"page_count":48,"readership":"Tout public","editor":"Bayard Jeunesse","price":720,"published_date":"2025-05-06T22:00:00.000000Z","support":"Grand format","publisher_availability":1,"stock":0,"editions":[],"url":"https:\/\/quaidesbrumes.com\/ouvrage\/9791036372162\/lincroyable-destin-de-suzanne-lenglen-qui-revolutionna-le-tennis"},{"id":"9782884453004","title":"Lili veut un petit chat","description":"De myst\u00e9rieux petits chats apparaissent \u00e0 la maison et bien s\u00fbr Max et Lili veulent \u00e0 tout prix les garder. Mais les parents ne sont pas de cet avis ! Une histoire pour ceux qui aiment les animaux, pour comprendre que ce n'est pas toujours facile d'en avoir chez soi et que l'on peut pr\u00e9f\u00e9rer la compagnie des humains !\r","authors":["Dominique de Saint-Mars","Dominique de Saint Mars","Serge Bloch"],"category_codes":["2000000","2040000","2040200"],"visuals":{"large":"https:\/\/images.epagine.fr\/004\/9782884453004_1_75.jpg","medium":"https:\/\/images.epagine.fr\/004\/9782884453004_1_m.jpg","thumbnail":"https:\/\/images.epagine.fr\/004\/9782884453004_1_v.jpg"},"orderable":true,"show_badge":true,"formatted_price":"6,20&nbsp;\u20ac","formatted_published_date":"7 novembre 1995","publisher_availability_label":"Sur commande","short_details":"Dominique de Saint-Mars, Dominique de Saint Mars, Serge Bloch \u2014 Calligram","translator":null,"weight":115,"page_count":41,"readership":"6\/9 ans","editor":"Calligram","price":620,"published_date":"1995-11-06T23:00:00.000000Z","support":"Grand format","publisher_availability":1,"stock":0,"editions":[],"url":"https:\/\/quaidesbrumes.com\/ouvrage\/9782884453004\/lili-veut-un-petit-chat"},{"id":"9782374255279","title":"Des in\u00e9galit\u00e9s sociales","description":"Tous les hommes sont \u00e9gaux mais pourquoi y\r\na-t-il des gens tr\u00e8s riches et des gens tr\u00e8s pauvres ?\r\nPourquoi y en a-t-il certains qui travaillent beaucoup\r\npour gagner peu d'argent, et d'autres ne travaillent pas\r\net gagnent beaucoup d'argent ?\r\n\u00c0 partir d'exemples marquants, le concept des classes\r\nsociales est ici expliqu\u00e9 aux enfants : certains poss\u00e8dent\r\ndes voitures exag\u00e9r\u00e9ment luxueuses, des yachts de la\r\ntaille d'une maison et des maisons qui ressemblent \u00e0 des\r\npalais, tandis que d'autres ne disposent pas d'un\r\nlogement digne et ont du mal \u00e0 s'en sortir. Le\r\nm\u00e9canisme est bien rod\u00e9 : comment pourrait-il changer ?\r\nPort\u00e9 par des illustrations vives et explicites, cet album\r\npr\u00e9sente avec simplicit\u00e9 et humour un point de vue\r\nvolontairement radical : les enfants ont enfin leur petit\r\nBourdieu illustr\u00e9 !","authors":["Plantel","Joan Negrescolor"],"category_codes":["2000000","2070000","2070700"],"visuals":{"large":"https:\/\/images.epagine.fr\/279\/9782374255279_1_75.jpg","medium":"https:\/\/images.epagine.fr\/279\/9782374255279_1_m.jpg","thumbnail":"https:\/\/images.epagine.fr\/279\/9782374255279_1_v.jpg"},"orderable":true,"show_badge":true,"formatted_price":"13,90&nbsp;\u20ac","formatted_published_date":"2 septembre 2025","publisher_availability_label":"Sur commande","short_details":"Plantel, Joan Negrescolor \u2014 Rue de l''\u00e9chiquier","translator":null,"weight":166,"page_count":48,"readership":"\u00e0 partir de 6 ANS","editor":"Rue de l''\u00e9chiquier","price":1390,"published_date":"2025-09-01T22:00:00.000000Z","support":"Grand format","publisher_availability":1,"stock":0,"editions":[],"url":"https:\/\/quaidesbrumes.com\/ouvrage\/9782374255279\/des-inegalites-sociales"},{"id":"9782075179317","title":"Pistache et Poppy","description":"Pistache aime bien tout pr\u00e9voir. Pas Poppy. Pistache aime bien tout pr\u00e9parer. Pas Poppy. Pistache est pr\u00eat pour l'hiver... Pas Poppy. Mais c'est toujours ensemble que Pistache et Poppy se lancent dans l'aventure !","authors":["Matthew Cordell","Vanessa Rubio-Barreau"],"category_codes":["2000000","2040000","2040200"],"visuals":{"large":"https:\/\/images.epagine.fr\/317\/9782075179317_1_75.jpg","medium":"https:\/\/images.epagine.fr\/317\/9782075179317_1_m.jpg","thumbnail":"https:\/\/images.epagine.fr\/317\/9782075179317_1_v.jpg"},"orderable":true,"show_badge":false,"formatted_price":"8,90&nbsp;\u20ac","formatted_published_date":"5 janvier 2023","publisher_availability_label":"Sur commande","short_details":"Matthew Cordell, Vanessa Rubio-Barreau \u2014 Gallimard Jeunesse","translator":"VANESSA RUBIO-BARREAU","weight":188,"page_count":88,"readership":"\u00e0 partir de 7 ANS","editor":"Gallimard Jeunesse","price":890,"published_date":"2023-01-04T23:00:00.000000Z","support":"Poche","publisher_availability":1,"stock":1,"editions":[],"url":"https:\/\/quaidesbrumes.com\/ouvrage\/9782075179317\/pistache-et-poppy"},{"id":"9782401112865","title":"Ma premi\u00e8re mythologie Tome 23 : L'\u00e9vasion de D\u00e9dale et Icare","description":"Apr\u00e8s avoir construit pour le roi Minos un labyrinthe destin\u00e9 \u00e0 enfermer le Minotaure, D\u00e9dale se retrouve prisonnier de sa propre cr\u00e9ation. Lui et son fils Icare en ressortiront-ils vivants  ?\r\n  \r\nUne nouvelle adaptation d'un r\u00e9cit mythologique bien connu  : celui de D\u00e9dale et Icare, qui raconte leur fuite du labyrinthe par les airs.\r\n  \r\n- Adapt\u00e9 par H\u00e9l\u00e8ne K\u00e9rillis, l'autrice de Monstres et l\u00e9gendes, s\u00e9rie \u00e0 succ\u00e8s\r\n- Illustr\u00e9 par Gr\u00e9goire Vallancien, un illustrateur au style graphique percutant : effet \u00ab collection \u00bb garanti !\r\n- Des h\u00e9ros et cr\u00e9atures mythologiques mis en sc\u00e8nes dans des l\u00e9gendes qui fascinent\r\n- Une adaptation simplifi\u00e9e mais riche pour les 6-7 ans, pour les \u00e9l\u00e8ves, fiers de lire, des classes de CP et de CE1\r\nEn bonus :\r\nUn quiz pour v\u00e9rifier sa compr\u00e9hension de l'histoire.\r\nUn dossier documentaire pour conna\u00eetre tous les secrets des mythes\r\nL'histoire lue par l'autrice accessible gr\u00e2ce \u00e0 un QR-code \u00e0 la fin du livre.","authors":["H\u00e9l\u00e8ne K\u00e9rillis","Gr\u00e9goire Vallancien"],"category_codes":["2000000","2040000","2040200"],"visuals":{"large":"https:\/\/images.epagine.fr\/865\/9782401112865_1_75.jpg","medium":"https:\/\/images.epagine.fr\/865\/9782401112865_1_m.jpg","thumbnail":"https:\/\/images.epagine.fr\/865\/9782401112865_1_v.jpg"},"orderable":true,"show_badge":true,"formatted_price":"6,20&nbsp;\u20ac","formatted_published_date":"7 mai 2025","publisher_availability_label":"Sur commande","short_details":"H\u00e9l\u00e8ne K\u00e9rillis, Gr\u00e9goire Vallancien \u2014 Hatier","translator":null,"weight":114,"page_count":48,"readership":"\u00e0 partir de 6 ANS","editor":"Hatier","price":620,"published_date":"2025-05-06T22:00:00.000000Z","support":"Poche","publisher_availability":1,"stock":0,"editions":[],"url":"https:\/\/quaidesbrumes.com\/ouvrage\/9782401112865\/ma-premiere-mythologie-tome-23-levasion-de-dedale-et-icare"}]}