{"data":[{"id":"9782384535972","title":"Soulever toucher d\u00e9couvrir : Animaux","description":"Un imagier ludique et sensoriel, plein de surprises \u00e0 toucher et \u00e0 soulever, pour faire d\u00e9couvrir les premiers mots aux tout-petits.\r\n\"Chaque double page les plonge dans un univers diff\u00e9rent -; la jungle, la savane, la for\u00eat, la ferme, l'oc\u00e9an, la montagne... -; peupl\u00e9 d'adorables animaux \u00e0 explorer du bout des doigts.\r\nPetits lecteurs et petites mains pourront sentir la douceur du raton laveur, les \u00e9cailles du crocodile, la fourrure de l'ours polaire ou du loup... et soulever les volets pour d\u00e9couvrir de jolies infos rigolotes : le rugissement du lion, le plongeon de la tortue ou des poussins bien au chaud dans leur nid !\r\nAvec ses 14 mati\u00e8res \u00e0 toucher et ses 15 volets \u00e0 soulever, ce livre transforme l'apprentissage du vocabulaire en une aventure sensorielle pleine d'amusement et d'\u00e9veil. \u00c0 partir de 10 mois.\"","authors":["Dawn Machell"],"category_codes":["2000000","2020000","2020200"],"visuals":{"large":"https:\/\/images.epagine.fr\/972\/9782384535972_1_75.jpg","medium":"https:\/\/images.epagine.fr\/972\/9782384535972_1_m.jpg","thumbnail":"https:\/\/images.epagine.fr\/972\/9782384535972_1_v.jpg"},"orderable":true,"show_badge":true,"formatted_price":"14,95&nbsp;\u20ac","formatted_published_date":"22 janvier 2026","publisher_availability_label":"Sur commande","short_details":"Dawn Machell \u2014 1, 2, 3 Soleil !","translator":null,"weight":494,"page_count":16,"readership":"0\/3 ans","editor":"1, 2, 3 Soleil !","price":1495,"published_date":"2026-01-21T23:00:00.000000Z","support":"Grand format","publisher_availability":1,"stock":0,"editions":[],"url":"https:\/\/quaidesbrumes.com\/ouvrage\/9782384535972\/soulever-toucher-decouvrir-animaux"},{"id":"9791035208547","title":"Fearless","description":"Avant de pousser les portes de l'auditorium, Hugo visionne \u00e0 nouveau l'entr\u00e9e en sc\u00e8ne de sa popstar pr\u00e9f\u00e9r\u00e9e. Il voudrait s'impr\u00e9gner de sa force, de son courage et de son assurance pour \u00e0 son tour pouvoir briller sur les planches dans quelques minutes. Car s'il veut rejoindre le casting de la com\u00e9die musicale du lyc\u00e9e, il lui faut convaincre Pauline Mettermeyer, metteuse en sc\u00e8ne aussi cruelle que talentueuse. \r\n Mais dans la vie comme dans les chansons, monter tr\u00e8s haut n'emp\u00eache pas de tomber tr\u00e8s bas, et les r\u00f4les pourraient bien s'inverser. \r\n  \r\n Port\u00e9 par une galerie de personnages dr\u00f4les et attachants, ce roman est une ode \u00e0 l'amiti\u00e9, \u00e0 l'acceptation de soi... et \u00e0 la plus grande star du si\u00e8cle, bien entendu.\r","authors":["R\u00e9mi Giordano","Cosmo"],"category_codes":["2000000","2040000","2040500"],"visuals":{"large":"https:\/\/images.epagine.fr\/547\/9791035208547_1_75.jpg","medium":"https:\/\/images.epagine.fr\/547\/9791035208547_1_m.jpg","thumbnail":"https:\/\/images.epagine.fr\/547\/9791035208547_1_v.jpg"},"orderable":true,"show_badge":true,"formatted_price":"16,90&nbsp;\u20ac","formatted_published_date":"4 juin 2025","publisher_availability_label":"Sur commande","short_details":"R\u00e9mi Giordano, Cosmo \u2014 \u00c9ditions Thierry Magnier","translator":null,"weight":404,"page_count":304,"readership":"\u00e0 partir de 14 ans","editor":"\u00c9ditions Thierry Magnier","price":1690,"published_date":"2025-06-03T22:00:00.000000Z","support":"Grand format","publisher_availability":1,"stock":0,"editions":[],"url":"https:\/\/quaidesbrumes.com\/ouvrage\/9791035208547\/fearless"},{"id":"9782330032432","title":"Rosa Parks : non \u00e0 la discrimination raciale","description":"Le 1er d\u00e9cembre 1955, Rosa Parks, assise dans l'autobus, refuse de se lever pour laisser sa place \u00e0 un passager blanc. Son arrestation va provoquer un mouvement de r\u00e9volte de la communaut\u00e9 noire contre la politique s\u00e9gr\u00e9gationniste des \u00c9tats-Unis et un boycott de la compagnie de bus. En 1964, les lois s\u00e9gr\u00e9gationnistes seront abrog\u00e9es. Mais le racisme d'\u00ab\u00c9tat\u00bb ne dispara\u00eetra pas pour autant : en Afrique du Sud, la politique d'apartheid (\u00abs\u00e9paration\u00bb en Afrikaans) s'appliquera jusqu'en 1991. C'est gr\u00e2ce au combat de Nelson Mandela qu'elle sera abolie. Aujourd'hui encore, le racisme est malheureusement toujours pr\u00e9sent dans de nombreux pays occidentaux comme la France : l'isolement de certaines communaut\u00e9s dans des quartiers \u00abghettos\u00bb, leurs difficult\u00e9s d'acc\u00e8s \u00e0 l'emploi et \u00e0 un niveau de vie \u00e9gal au reste de la population... Des discriminations qui donnent une r\u00e9sonance terriblement actuelle \u00e0 l'engagement de Rosa Parks.\r","authors":["Nimrod"],"category_codes":["2000000","2070000","2070400"],"visuals":{"large":"https:\/\/images.epagine.fr\/432\/9782330032432_1_75.jpg","medium":"https:\/\/images.epagine.fr\/432\/9782330032432_1_m.jpg","thumbnail":"https:\/\/images.epagine.fr\/432\/9782330032432_1_v.jpg"},"orderable":true,"show_badge":true,"formatted_price":"9,90&nbsp;\u20ac","formatted_published_date":"7 mai 2014","publisher_availability_label":"Sur commande","short_details":"Nimrod \u2014 Actes Sud Jeunesse","translator":null,"weight":87,"page_count":96,"readership":"\u00e0 partir de 12 ANS","editor":"Actes Sud Jeunesse","price":990,"published_date":"2014-05-06T22:00:00.000000Z","support":"Poche","publisher_availability":1,"stock":0,"editions":[],"url":"https:\/\/quaidesbrumes.com\/ouvrage\/9782330032432\/rosa-parks-non-a-la-discrimination-raciale"},{"id":"9791037513892","title":"Monstre cherche monstresse","description":"Massimo cherche d\u00e9sesp\u00e9r\u00e9ment la monstresse de sa vie, sans succ\u00e8s.\r\nAucune n'est assez monstrueuse...\r\nSauf une !\r\nUne com\u00e9die romantique d\u00e9capante sign\u00e9e Susie Morgenstern et L\u00e9on Bloch.","authors":["Susie Morgenstern","L\u00e9on Bloch"],"category_codes":["2000000","2030000","2030400"],"visuals":{"large":"https:\/\/images.epagine.fr\/892\/9791037513892_1_75.jpg","medium":"https:\/\/images.epagine.fr\/892\/9791037513892_1_m.jpg","thumbnail":"https:\/\/images.epagine.fr\/892\/9791037513892_1_v.jpg"},"orderable":true,"show_badge":true,"formatted_price":"16,00&nbsp;\u20ac","formatted_published_date":"7 mai 2025","publisher_availability_label":"Sur commande","short_details":"Susie Morgenstern, L\u00e9on Bloch \u2014 \u00c9ditions Les Ar\u00e8nes","translator":null,"weight":312,"page_count":72,"readership":"3\/6 ans","editor":"\u00c9ditions Les Ar\u00e8nes","price":1600,"published_date":"2025-05-06T22:00:00.000000Z","support":"Grand format","publisher_availability":1,"stock":0,"editions":[],"url":"https:\/\/quaidesbrumes.com\/ouvrage\/9791037513892\/monstre-cherche-monstresse"},{"id":"9791036365164","title":"Escape game Tome 3 : Escape game \u00e0 la Tour Eiffel","description":"Youpi, te voil\u00e0 en sortie scolaire avec ta classe \u00e0 la Tour Eiffel. Mais, zut ! Tu te perds d\u00e8s les premi\u00e8res minutes de la visite. Il va falloir que tu explores tous les \u00e9tages et toutes les salles jusqu'\u00e0 retrouver tes camarades. Attention, tu risques de faire de dr\u00f4les de rencontres : un funambule, une vieille pick-pocket, une touriste foldingue et peut-\u00eatre m\u00eame le fant\u00f4me de Gustave Eiffel qui hanterait sa cr\u00e9ation...","authors":["Nathalie Lescaille","Mathieu de Muizon"],"category_codes":["2000000","2040000","2040200"],"visuals":{"large":"https:\/\/images.epagine.fr\/164\/9791036365164_1_75.jpg","medium":"https:\/\/images.epagine.fr\/164\/9791036365164_1_m.jpg","thumbnail":"https:\/\/images.epagine.fr\/164\/9791036365164_1_v.jpg"},"orderable":true,"show_badge":true,"formatted_price":"9,90&nbsp;\u20ac","formatted_published_date":"11 juin 2025","publisher_availability_label":"Sur commande","short_details":"Nathalie Lescaille, Mathieu de Muizon \u2014 Bayard Jeunesse","translator":null,"weight":205,"page_count":48,"readership":"\u00e0 partir de 8 ANS","editor":"Bayard Jeunesse","price":990,"published_date":"2025-06-10T22:00:00.000000Z","support":"Grand format","publisher_availability":1,"stock":0,"editions":[],"url":"https:\/\/quaidesbrumes.com\/ouvrage\/9791036365164\/escape-game-tome-3-escape-game-a-la-tour-eiffel"},{"id":"9791035208868","title":"Une histoire de bisous","description":"Des bisous, des bisous, encore des bisous... \r\n Et puis c'est tout !","authors":["Davide Cal\u00ec","Rapha\u00eblle Barban\u00e8gre"],"category_codes":["2000000","2030000","2030400"],"visuals":{"large":"https:\/\/images.epagine.fr\/868\/9791035208868_1_75.jpg","medium":"https:\/\/images.epagine.fr\/868\/9791035208868_1_m.jpg","thumbnail":"https:\/\/images.epagine.fr\/868\/9791035208868_1_v.jpg"},"orderable":true,"show_badge":true,"formatted_price":"14,90&nbsp;\u20ac","formatted_published_date":"10 septembre 2025","publisher_availability_label":"Sur commande","short_details":"Davide Cal\u00ec, Rapha\u00eblle Barban\u00e8gre \u2014 \u00c9ditions Thierry Magnier","translator":null,"weight":198,"page_count":32,"readership":"\u00e0 partir de 3 ANS","editor":"\u00c9ditions Thierry Magnier","price":1490,"published_date":"2025-09-09T22:00:00.000000Z","support":"Grand format","publisher_availability":1,"stock":0,"editions":[],"url":"https:\/\/quaidesbrumes.com\/ouvrage\/9791035208868\/une-histoire-de-bisous"},{"id":"9782330202293","title":"Mitoufle et les mouflons d'Orient","description":"C'est l'histoire d'un jeune b\u00e9lier qui fugue, refusant de se soumettre aux ordres du berger. Il parcourt alors le vaste monde en qu\u00eate des mouflons d'Orient, la seule esp\u00e8ce encore sauvage \u00e0 vivre en libert\u00e9 dans les grandes steppes... \"Comment trouver sa place\" nous enseigne Mitoufle \u00e0 travers son tr\u00e9pidant voyage en qu\u00eate de libert\u00e9...","authors":["Amandine Laprun"],"category_codes":["2000000","2030000"],"visuals":{"large":"https:\/\/images.epagine.fr\/293\/9782330202293_1_75.jpg","medium":"https:\/\/images.epagine.fr\/293\/9782330202293_1_m.jpg","thumbnail":"https:\/\/images.epagine.fr\/293\/9782330202293_1_v.jpg"},"orderable":true,"show_badge":true,"formatted_price":"17,50&nbsp;\u20ac","formatted_published_date":"3 septembre 2025","publisher_availability_label":"Sur commande","short_details":"Amandine Laprun \u2014 Actes Sud","translator":null,"weight":406,"page_count":48,"readership":"\u00e0 partir de 4 ANS","editor":"Actes Sud","price":1750,"published_date":"2025-09-02T22:00:00.000000Z","support":"Grand format","publisher_availability":1,"stock":0,"editions":[],"url":"https:\/\/quaidesbrumes.com\/ouvrage\/9782330202293\/mitoufle-et-les-mouflons-dorient"},{"id":"9782203257160","title":"Louis le hamster","description":"Louis le hamster est tr\u00e8s gourmand. Il adore les biscuits et le miel dor\u00e9. Mais ce que Louis pr\u00e9f\u00e8re, c'est \u00eatre entour\u00e9 ! Alors il invite ses copains pour le go\u00fbter. Miam ! Ils vont se r\u00e9galer ! Un petit r\u00e9cit \u00e0 raconter et \u00e0 jouer par les parents. Une histoire qui prend vie gr\u00e2ce \u00e0 une chouette marionnette pour une lecture p\u00e9tillante et rigolote. Le tout-petit devient l'acteur enthousiaste d'une premi\u00e8re lecture tr\u00e8s interactive dans un livre qu'il peut s'approprier.","authors":["H\u00e9l\u00e8ne Chetaud"],"category_codes":["2000000","2020000","2020500"],"visuals":{"large":"https:\/\/images.epagine.fr\/160\/9782203257160_1_75.jpg","medium":"https:\/\/images.epagine.fr\/160\/9782203257160_1_m.jpg","thumbnail":"https:\/\/images.epagine.fr\/160\/9782203257160_1_v.jpg"},"orderable":true,"show_badge":true,"formatted_price":"6,95&nbsp;\u20ac","formatted_published_date":"13 mars 2024","publisher_availability_label":"Sur commande","short_details":"H\u00e9l\u00e8ne Chetaud \u2014 Casterman","translator":null,"weight":183,"page_count":12,"readership":"0\/3 ans","editor":"Casterman","price":695,"published_date":"2024-03-12T23:00:00.000000Z","support":"Grand format","publisher_availability":1,"stock":0,"editions":[],"url":"https:\/\/quaidesbrumes.com\/ouvrage\/9782203257160\/louis-le-hamster"},{"id":"9782386670060","title":"Juste une fille","description":"\u00ab Nous sommes au m\u00eame endroit, et pourtant mon fr\u00e8re me manque. \u00bb\r\nFr\u00e8re et soeur aussi complices que compl\u00e9mentaires, Vanille et Kale entrent tous les deux cette ann\u00e9e dans la m\u00eame \u00e9cole d'ing\u00e9nieur. Ce sera la plus belle \u00e9poque de leur vie, se disent-ils : apr\u00e8s la pr\u00e9pa, voici venu le temps des amiti\u00e9s, des soir\u00e9es, des \u00e9tudes enrichissantes, des projets... Sauf que la r\u00e9alit\u00e9 s'av\u00e8re bien plus complexe que cela. D\u00e8s la rentr\u00e9e, Vanille a l'impression d'\u00eatre marginalis\u00e9e \u00e0 cause de son c\u00f4t\u00e9 studieux, sa discipline sportive, son refus de boire de l'alcool... Son copain, avec qui elle est en relation longue distance, ne r\u00e9pond plus vraiment pr\u00e9sent pour elle non plus. Mais le pire, c'est que Kale s'\u00e9loigne d'elle, attir\u00e9 par les sir\u00e8nes de la popularit\u00e9, et obnubil\u00e9 par son objectif : \u00eatre \u00e9lu au bureau des \u00e9l\u00e8ves pour sa deuxi\u00e8me ann\u00e9e, afin de devenir quelqu'un qui compte dans l'\u00e9cole. Pour \u00e7a, il va lui falloir sympathiser avec les bonnes personnes, prendre les bonnes initiatives... et m\u00eame se compromettre un peu au passage, et rogner sur ses convictions. Alors que les mois, les cours et leurs aspirations si diff\u00e9rentes les \u00e9loignent petit \u00e0 petit, le fr\u00e8re et la soeur vont pourtant \u00eatre confront\u00e9s aux m\u00eames d\u00e9mons des \u00e9tudes sup\u00e9rieures, en la personne de Rapha\u00ebl. Sauront-ils retrouver le chemin de leur propre \u00e9panouissement... et de leur relation \u00e0 tous les deux ?","authors":["Elise Giraudau"],"category_codes":["2000000","2050000","2050200"],"visuals":{"large":"https:\/\/images.epagine.fr\/060\/9782386670060_1_75.jpg","medium":"https:\/\/images.epagine.fr\/060\/9782386670060_1_m.jpg","thumbnail":"https:\/\/images.epagine.fr\/060\/9782386670060_1_v.jpg"},"orderable":true,"show_badge":true,"formatted_price":"18,90&nbsp;\u20ac","formatted_published_date":"6 novembre 2025","publisher_availability_label":"Sur commande","short_details":"Elise Giraudau \u2014 Solleyre \u00c9ditions","translator":null,"weight":380,"page_count":376,"readership":"\u00e0 partir de 12 ANS","editor":"Solleyre \u00c9ditions","price":1890,"published_date":"2025-11-05T23:00:00.000000Z","support":"Grand format","publisher_availability":1,"stock":0,"editions":[],"url":"https:\/\/quaidesbrumes.com\/ouvrage\/9782386670060\/juste-une-fille"},{"id":"9791040121343","title":"(Pas encore) une histoire de dragon","description":"Pas encore une histoire de dragon raconte la vie quotidienne d'une jeune dragonnette nomm\u00e9e Fran\u00e7oise.\r\nCelle-ci insiste aupr\u00e8s du narrateur sur le fait qu'elle n'est pas un dragon, malgr\u00e9 ses caract\u00e9ristiques fantastiques : un museau qui crache du feu, des ailes fluo, des \u00e9cailles et des cornes. Gr\u00e2ce \u00e0 Fran\u00e7oise et sa famille de dragons, le lecteur se retrouve plonger dans un univers rempli de magie et d'imagination.\r\nAvec humour et tendresse, et \u00e0 travers le personnage d\u00e9tourn\u00e9 de cette dragonne qui refuse d'\u00eatre enferm\u00e9e dans l'image st\u00e9r\u00e9otyp\u00e9e de la cr\u00e9ature f\u00e9roce et effrayante, cet ouvrage nous invite \u00e0 d\u00e9passer les jugements et \u00e0 nous rappeler l'importance de nous d\u00e9couvrir, de nous accepter et de c\u00e9l\u00e9brer notre singularit\u00e9.\r","authors":["Christine Roussey"],"category_codes":["2000000","2030000","2030400"],"visuals":{"large":"https:\/\/images.epagine.fr\/343\/9791040121343_1_75.jpg","medium":"https:\/\/images.epagine.fr\/343\/9791040121343_1_m.jpg","thumbnail":"https:\/\/images.epagine.fr\/343\/9791040121343_1_v.jpg"},"orderable":true,"show_badge":true,"formatted_price":"14,90&nbsp;\u20ac","formatted_published_date":"18 avril 2025","publisher_availability_label":"Sur commande","short_details":"Christine Roussey \u2014 La Martini\u00e8re jeunesse","translator":null,"weight":490,"page_count":32,"readership":"\u00e0 partir de 4 ANS","editor":"La Martini\u00e8re jeunesse","price":1490,"published_date":"2025-04-17T22:00:00.000000Z","support":"Grand format","publisher_availability":1,"stock":0,"editions":[],"url":"https:\/\/quaidesbrumes.com\/ouvrage\/9791040121343\/pas-encore-une-histoire-de-dragon"},{"id":"9782215134381","title":"Le petit chaperon rouge","description":"Le Petit Chaperon Rouge adapt\u00e9 aux petits et magnifiquement illustr\u00e9 par Rosalinde Bonnet.\r\nUne collection \u00e0 petit prix pour faire d\u00e9couvrir les plus beaux contes traditionnels \u00e0 son enfant !\r","authors":["Rosalinde Bonnet"],"category_codes":["2000000","2040000","2040400"],"visuals":{"large":"https:\/\/images.epagine.fr\/381\/9782215134381_1_75.jpg","medium":"https:\/\/images.epagine.fr\/381\/9782215134381_1_m.jpg","thumbnail":"https:\/\/images.epagine.fr\/381\/9782215134381_1_v.jpg"},"orderable":true,"show_badge":true,"formatted_price":"1,99&nbsp;\u20ac","formatted_published_date":"13 janvier 2017","publisher_availability_label":"Sur commande","short_details":"Rosalinde Bonnet \u2014 Fleurus","translator":null,"weight":76,"page_count":1,"readership":"\u00e0 partir de 4 ANS","editor":"Fleurus","price":199,"published_date":"2017-01-12T23:00:00.000000Z","support":"Grand format","publisher_availability":1,"stock":0,"editions":[],"url":"https:\/\/quaidesbrumes.com\/ouvrage\/9782215134381\/le-petit-chaperon-rouge"},{"id":"9782215134411","title":"Boucle d'or et les trois ours","description":"\"Boucle d'or et les trois ours\" adapt\u00e9 aux petits et magnifiquement illustr\u00e9 par Elen Lescoat.\r\nUne collection \u00e0 petit prix pour faire d\u00e9couvrir les plus beau contes traditionnels \u00e0 son enfant !\r","authors":["Elen Lescoat"],"category_codes":["2000000","2040000","2040400"],"visuals":{"large":"https:\/\/images.epagine.fr\/411\/9782215134411_1_75.jpg","medium":"https:\/\/images.epagine.fr\/411\/9782215134411_1_m.jpg","thumbnail":"https:\/\/images.epagine.fr\/411\/9782215134411_1_v.jpg"},"orderable":true,"show_badge":true,"formatted_price":"1,99&nbsp;\u20ac","formatted_published_date":"13 janvier 2017","publisher_availability_label":"Sur commande","short_details":"Elen Lescoat \u2014 Fleurus","translator":null,"weight":77,"page_count":1,"readership":"\u00e0 partir de 4 ANS","editor":"Fleurus","price":199,"published_date":"2017-01-12T23:00:00.000000Z","support":"Grand format","publisher_availability":1,"stock":0,"editions":[],"url":"https:\/\/quaidesbrumes.com\/ouvrage\/9782215134411\/boucle-dor-et-les-trois-ours"},{"id":"9782266323352","title":"20, all\u00e9e de la danse - saison 1 Tome 3 : l'ombre d'un fr\u00e8re","description":"La vie et les r\u00eaves des petits rats de l'\u00c9cole de danse de l'Op\u00e9ra !\r\nColas en a marre : durant les cours de danse classique, il est dans le groupe des \" petits \", alors que son ami Bilal est dans un groupe plus avanc\u00e9. En plus, il doit partager sa passion pour la danse avec son fr\u00e8re a\u00een\u00e9, brillant \u00e9l\u00e8ve de deuxi\u00e8me division. Colas veut prouver \u00e0 tous ce qu'il vaut. Mais \u00e0 force de travailler sans rel\u00e2che, il risque de tout perdre...","authors":["Elizabeth Barf\u00e9ty","Magalie Foutrier"],"category_codes":["2000000","2040000","2040300"],"visuals":{"large":"https:\/\/images.epagine.fr\/352\/9782266323352_1_75.jpg","medium":"https:\/\/images.epagine.fr\/352\/9782266323352_1_m.jpg","thumbnail":"https:\/\/images.epagine.fr\/352\/9782266323352_1_v.jpg"},"orderable":true,"show_badge":true,"formatted_price":"6,20&nbsp;\u20ac","formatted_published_date":"24 mars 2022","publisher_availability_label":"Sur commande","short_details":"Elizabeth Barf\u00e9ty, Magalie Foutrier \u2014 Pocket Jeunesse","translator":null,"weight":93,"page_count":160,"readership":"\u00e0 partir de 8 ANS","editor":"Pocket Jeunesse","price":620,"published_date":"2022-03-23T23:00:00.000000Z","support":"Poche","publisher_availability":1,"stock":0,"editions":[],"url":"https:\/\/quaidesbrumes.com\/ouvrage\/9782266323352\/20-allee-de-la-danse-saison-1-tome-3-lombre-dun-frere"},{"id":"9791036371837","title":"L'Histoire des sciences en BD : Des savants grecs \u00e0 la conqu\u00eate de Mars","description":"Qui est le premier m\u00e9decin ? C'est quoi, l'\u00e9volution ? Comment a-t-on d\u00e9couvert l'\u00e9lectricit\u00e9 ? Pourquoi les math\u00e9matiques ont servi \u00e0 partir sur la Lune ? Toutes les r\u00e9ponses sur la fascinante histoire des sciences gr\u00e2ce \u00e0 une compilation de 22 BD augment\u00e9e de pages documentaires. \r\nUne belle compilation\r\n216 pages qui regroupent 22 bandes-dessin\u00e9es, 42 pages documentaires, 7 grandes doubles-pages illustr\u00e9es et des frises chronologiques qui expliquent l'histoire des sciences. \r\nToutes les sciences\r\nLes tous premiers savants, les sciences de la vie et de la Terre, l'a\u00e9ronautique et l'espace, la m\u00e9decine et la science dans la vie quotidienne : les 5 chapitres couvrent tous les domaines de la science.\r\nDes figures incontournables\r\nDes savants grecs aux astronautes, en passant par de grandes figures comme Einstein ou Marie-Curie : ces scientifiques et leurs d\u00e9couvertes ont chang\u00e9 l'histoire.","authors":["Sophie Cr\u00e9pon","Juliette Baily"],"category_codes":["2000000","2070000","2070500"],"visuals":{"large":"https:\/\/images.epagine.fr\/837\/9791036371837_1_75.jpg","medium":"https:\/\/images.epagine.fr\/837\/9791036371837_1_m.jpg","thumbnail":"https:\/\/images.epagine.fr\/837\/9791036371837_1_v.jpg"},"orderable":true,"show_badge":true,"formatted_price":"19,90&nbsp;\u20ac","formatted_published_date":"9 avril 2025","publisher_availability_label":"Sur commande","short_details":"Sophie Cr\u00e9pon, Juliette Baily \u2014 Bayard Jeunesse","translator":null,"weight":940,"page_count":216,"readership":"\u00e0 partir de 8 ANS","editor":"Bayard Jeunesse","price":1990,"published_date":"2025-04-08T22:00:00.000000Z","support":"Grand format","publisher_availability":1,"stock":0,"editions":[],"url":"https:\/\/quaidesbrumes.com\/ouvrage\/9791036371837\/lhistoire-des-sciences-en-bd-des-savants-grecs-a-la-conquete-de-mars"},{"id":"9782080490155","title":"Mon coloriage \u00e0 l'eau : Vive P\u00e2ques !","description":"R\u00e9v\u00e8le la magie des images\u00a0! 1- D\u00e9visse le bouchon de ton pinceau et remplis-le avec de l'eau. 2- Colorie la page\u00a0:\u00a0les couleurs apparaissent imm\u00e9diatement\u00a0! 3- Laisse s\u00e9cher ton dessin\u00a0:\u00a0les couleurs s'effacent en quelques minutes. Tu peux recommencer \u00e0 l'infini\u00a0!\r","authors":["Madeleine Brunelet"],"category_codes":["2000000","2080000","2080300"],"visuals":{"large":"https:\/\/images.epagine.fr\/155\/9782080490155_1_75.jpg","medium":"https:\/\/images.epagine.fr\/155\/9782080490155_1_m.jpg","thumbnail":"https:\/\/images.epagine.fr\/155\/9782080490155_1_v.jpg"},"orderable":true,"show_badge":true,"formatted_price":"9,50&nbsp;\u20ac","formatted_published_date":"4 mars 2026","publisher_availability_label":"Sur commande","short_details":"Madeleine Brunelet \u2014 P\u00e8re Castor","translator":null,"weight":276,"page_count":12,"readership":null,"editor":"P\u00e8re Castor","price":950,"published_date":"2026-03-03T23:00:00.000000Z","support":"Papeterie \/ Coloriage","publisher_availability":1,"stock":0,"editions":[],"url":"https:\/\/quaidesbrumes.com\/ouvrage\/9782080490155\/mon-coloriage-a-leau-vive-paques"},{"id":"9782384863365","title":"Mes premiers pop-up : La fleur","description":"La collection \u00ab?Mes premiers pop-up?\u00bb invite les enfants \u00e0 une lecture \u00e0 la fois ludique, \u00e9ducative et interactive. \u00c0 chaque double page, le d\u00e9cor se d\u00e9ploie pour r\u00e9v\u00e9ler un bel \u00e9l\u00e9ment en relief.\r\n\r\nDans ce volume consacr\u00e9 \u00e0 la fleur, l'enfant explore le cycle de vie du pissenlit?: il observe ses minuscules graines s'envoler dans l'air avant de donner naissance \u00e0 une nouvelle plante.\r\n\r\nDe courts textes explicatifs accompagnent chaque sc\u00e8ne, r\u00e9dig\u00e9s avec soin pour transmettre, de fa\u00e7on simple et claire, les grandes \u00e9tapes de la vie d'une fleur famili\u00e8re.\r\n\r\n\r","authors":["Maike Biederst\u00e4dt","Hannah Abbo"],"category_codes":["2000000","2020000","2020500"],"visuals":{"large":"https:\/\/images.epagine.fr\/365\/9782384863365_1_75.jpg","medium":"https:\/\/images.epagine.fr\/365\/9782384863365_1_m.jpg","thumbnail":"https:\/\/images.epagine.fr\/365\/9782384863365_1_v.jpg"},"orderable":true,"show_badge":true,"formatted_price":"14,90&nbsp;\u20ac","formatted_published_date":"4 mars 2026","publisher_availability_label":"Sur commande","short_details":"Maike Biederst\u00e4dt, Hannah Abbo \u2014 Grenouille \u00c9ditions","translator":null,"weight":528,"page_count":12,"readership":"0\/3 ans","editor":"Grenouille \u00c9ditions","price":1490,"published_date":"2026-03-03T23:00:00.000000Z","support":"Grand format","publisher_availability":1,"stock":0,"editions":[],"url":"https:\/\/quaidesbrumes.com\/ouvrage\/9782384863365\/mes-premiers-pop-up-la-fleur"},{"id":"9782361935672","title":"Mus\u00e9um pop up ; une visite au Jardin des plantes de Paris","description":"En 1626, sur ordre de Louis XIII, est cr\u00e9\u00e9 le Jardin royal des plantes m\u00e9dicinales qui deviendra le Mus\u00e9um national d'histoire naturelle en 1793. Depuis pr\u00e8s de 400 ans, au carrefour des sciences de la Terre, de la Vie et de l'Homme, le Mus\u00e9um se consacre quotidiennement \u00e0 la nature et \u00e0 ses relations avec l'esp\u00e8ce humaine. Cet ouvrage rend hommage \u00e0 cette institution, et surtout aux tr\u00e9sors qui y sont conserv\u00e9s : pierres de la galerie de Min\u00e9ralogie, diplodocus et fossiles de la galerie de Pal\u00e9ontologie, oiseaux, papillons et caravane africaine de la Grande Galerie de l'\u00e9volution et des planches de l'Herbier national. Tous les dessins proviennent de la collection de v\u00e9lins du Mus\u00e9um, chaque partie est accompagn\u00e9e sur une double-page par des textes documentaires. Une fois encore, tout le talent de Dominique Ehrhard s'exprime dans ce livre. \u00c0 la fois po\u00e9tique et p\u00e9dagogique, Mus\u00e9um Pop up illustre la richesse de ces collections, l'importance de la recherche scientifique, et toute la beaut\u00e9 du monde qui nous entoure.\r","authors":["Dominique Ehrhard","Anne-Florence Lemasson"],"category_codes":["2000000","2030000","2030500"],"visuals":{"large":"https:\/\/images.epagine.fr\/672\/9782361935672_1_75.jpg","medium":"https:\/\/images.epagine.fr\/672\/9782361935672_1_m.jpg","thumbnail":"https:\/\/images.epagine.fr\/672\/9782361935672_1_v.jpg"},"orderable":true,"show_badge":true,"formatted_price":"26,50&nbsp;\u20ac","formatted_published_date":"15 ao\u00fbt 2019","publisher_availability_label":"Sur commande","short_details":"Dominique Ehrhard, Anne-Florence Lemasson \u2014 \u00c9ditions des Grandes Personnes","translator":null,"weight":228,"page_count":30,"readership":"3\/6 ans","editor":"\u00c9ditions des Grandes Personnes","price":2650,"published_date":"2019-08-14T22:00:00.000000Z","support":"Grand format","publisher_availability":1,"stock":0,"editions":[],"url":"https:\/\/quaidesbrumes.com\/ouvrage\/9782361935672\/museum-pop-up-une-visite-au-jardin-des-plantes-de-paris"},{"id":"9782211086875","title":"Le rendez-vous de la petite souris","description":"Gros dilemme pour la Petite Souris : un chat a perdu une dent et r\u00e9clame ses services. Peut-elle faire confiance au matou ? Ou risque-t-elle de se faire croquer ? Ah ! mais la Petite Souris a plus d'un tour dans son sac !","authors":["Christine Naumann-Villemin","Marianne Barcilon"],"category_codes":["2000000","2030000","2030400"],"visuals":{"large":"https:\/\/images.epagine.fr\/875\/9782211086875_1_75.jpg","medium":"https:\/\/images.epagine.fr\/875\/9782211086875_1_m.jpg","thumbnail":"https:\/\/images.epagine.fr\/875\/9782211086875_1_v.jpg"},"orderable":true,"show_badge":true,"formatted_price":"6,00&nbsp;\u20ac","formatted_published_date":"7 juin 2007","publisher_availability_label":"Sur commande","short_details":"Christine Naumann-Villemin, Marianne Barcilon \u2014 L'\u00c9cole des loisirs","translator":null,"weight":86,"page_count":32,"readership":"0\/3 ans","editor":"L'\u00c9cole des loisirs","price":600,"published_date":"2007-06-06T22:00:00.000000Z","support":"Poche","publisher_availability":1,"stock":0,"editions":[],"url":"https:\/\/quaidesbrumes.com\/ouvrage\/9782211086875\/le-rendez-vous-de-la-petite-souris"},{"id":"9782877678087","title":"R\u00e9bellion chez les crayons","description":"Un petit gar\u00e7on re\u00e7oit plein de lettres de r\u00e9clamation de ses crayons de couleurs. Par exemple le rouge : pourquoi est-il toujours pr\u00e9pos\u00e9 aux camions de pompiers ?\r\nLa solution pour les calmer ?\r\nTous les m\u00e9langer pour faire un beau dessin !","authors":["Drew Daywalt","Kris Di Giacomo","Oliver Jeffers"],"category_codes":["2000000","2030000","2030400"],"visuals":{"large":"https:\/\/images.epagine.fr\/087\/9782877678087_1_75.jpg","medium":"https:\/\/images.epagine.fr\/087\/9782877678087_1_m.jpg","thumbnail":"https:\/\/images.epagine.fr\/087\/9782877678087_1_v.jpg"},"orderable":true,"show_badge":true,"formatted_price":"14,00&nbsp;\u20ac","formatted_published_date":"12 mars 2014","publisher_availability_label":"Sur commande","short_details":"Drew Daywalt, Kris Di Giacomo, Oliver Jeffers \u2014 Kal\u00e9idoscope","translator":null,"weight":450,"page_count":36,"readership":"3\/6 ans","editor":"Kal\u00e9idoscope","price":1400,"published_date":"2014-03-11T23:00:00.000000Z","support":"Grand format","publisher_availability":1,"stock":0,"editions":[],"url":"https:\/\/quaidesbrumes.com\/ouvrage\/9782877678087\/rebellion-chez-les-crayons"},{"id":"9782244122045","title":"A 3 ans, je colorie ! : Les animaux du jardin","description":null,"authors":["Estelle Tchatcha"],"category_codes":["2000000","2080000","2080300"],"visuals":{"large":"https:\/\/images.epagine.fr\/045\/9782244122045_1_75.jpg","medium":"https:\/\/images.epagine.fr\/045\/9782244122045_1_m.jpg","thumbnail":"https:\/\/images.epagine.fr\/045\/9782244122045_1_v.jpg"},"orderable":true,"show_badge":true,"formatted_price":"4,50&nbsp;\u20ac","formatted_published_date":"1er mars 2026","publisher_availability_label":"Sur commande","short_details":"Estelle Tchatcha \u2014 \u00c9ditions Lito","translator":null,"weight":110,"page_count":32,"readership":"\u00e0 partir de 3 ANS","editor":"\u00c9ditions Lito","price":450,"published_date":"2026-02-28T23:00:00.000000Z","support":"Grand format","publisher_availability":1,"stock":0,"editions":[],"url":"https:\/\/quaidesbrumes.com\/ouvrage\/9782244122045\/a-3-ans-je-colorie-les-animaux-du-jardin"},{"id":"9782010009174","title":"Deux graines de cacao","description":"Bretagne, 1819. \u00c0 l'\u00e2ge de douze ans, Julien d\u00e9couvre qu'il a \u00e9t\u00e9 adopt\u00e9. Boulevers\u00e9 par cette r\u00e9v\u00e9lation, il s'enfuit vers Ha\u00efti. Son but : partir \u00e0 la recherche de son histoire... Mais le Prince Sauvage \u00e0 bord duquel il est mont\u00e9 n'est pas le simple navire marchand qu'il imagine. De nombreux esclaves noirs font eux aussi partie du voyage, tous destin\u00e9s \u00e0 \u00eatre vendus.","authors":["Evelyne Brisou-Pellen"],"category_codes":["2000000","2040000"],"visuals":{"large":"https:\/\/images.epagine.fr\/174\/9782010009174_1_75.jpg","medium":"https:\/\/images.epagine.fr\/174\/9782010009174_1_m.jpg","thumbnail":"https:\/\/images.epagine.fr\/174\/9782010009174_1_v.jpg"},"orderable":true,"show_badge":true,"formatted_price":"6,90&nbsp;\u20ac","formatted_published_date":"13 ao\u00fbt 2014","publisher_availability_label":"Sur commande","short_details":"Evelyne Brisou-Pellen \u2014 Le Livre de Poche Jeunesse","translator":null,"weight":192,"page_count":288,"readership":"\u00e0 partir de 6 ANS","editor":"Le Livre de Poche Jeunesse","price":690,"published_date":"2014-08-12T22:00:00.000000Z","support":"Poche","publisher_availability":1,"stock":0,"editions":[],"url":"https:\/\/quaidesbrumes.com\/ouvrage\/9782010009174\/deux-graines-de-cacao"},{"id":"9782215198574","title":"L'apprentie de Merlin : L'ogre et le bouclier","description":"\u00ab Le mythe devient r\u00e9alit\u00e9. La Table ronde est sur le point de na\u00eetre. \u00bb\r\n\r\nAna n'est plus la petite voleuse d'antan. D\u00e9sormais, elle est l'apprentie de Merlin. Le c\u00e9l\u00e8bre enchanteur l'a plong\u00e9e dans un long sommeil. \u00c0 son r\u00e9veil, la jeune fille d\u00e9couvre qu'Arthur est en \u00e2ge de r\u00e9clamer la couronne d'Angleterre. Mais pour cela, il doit s'en montrer digne et retirer Excalibur de son rocher. Or de nombreux chevaliers convoitent l'\u00e9p\u00e9e magique. D'autres obstacles et p\u00e9rils vont parsemer sa route. Afin de l'assister dans sa qu\u00eate, Ana aide Arthur \u00e0 rassembler autour de lui de valeureux compagnons. Des gar\u00e7ons fougueux qui ont pour nom Lancelot ou Gauvain, promis eux aussi \u00e0 un destin d'exception. Sous l'oeil de Merlin, le fils d'Uther Pendragon devra vaincre ses ennemis et se faire le bouclier de son peuple.\r","authors":["Fabien Clavel"],"category_codes":["2000000","2050000","2050200","2050204"],"visuals":{"large":"https:\/\/images.epagine.fr\/574\/9782215198574_1_75.jpg","medium":"https:\/\/images.epagine.fr\/574\/9782215198574_1_m.jpg","thumbnail":"https:\/\/images.epagine.fr\/574\/9782215198574_1_v.jpg"},"orderable":true,"show_badge":true,"formatted_price":"17,95&nbsp;\u20ac","formatted_published_date":"26 septembre 2025","publisher_availability_label":"Sur commande","short_details":"Fabien Clavel \u2014 Fleurus","translator":null,"weight":418,"page_count":360,"readership":"\u00e0 partir de 12 ANS","editor":"Fleurus","price":1795,"published_date":"2025-09-25T22:00:00.000000Z","support":"Grand format","publisher_availability":1,"stock":0,"editions":[],"url":"https:\/\/quaidesbrumes.com\/ouvrage\/9782215198574\/lapprentie-de-merlin-logre-et-le-bouclier"},{"id":"9782374080376","title":"La petite fille la plus forte du monde","description":"Charlie est la petite fille la plus forte du monde. Impossible ? Rien n'est jamais impossible. Il suffit juste de croire en soi-m\u00eame !\r","authors":["Ben Lerwin","Beatrice Blue"],"category_codes":["2000000","2030000","2030400"],"visuals":{"large":"https:\/\/images.epagine.fr\/376\/9782374080376_1_75.jpg","medium":"https:\/\/images.epagine.fr\/376\/9782374080376_1_m.jpg","thumbnail":"https:\/\/images.epagine.fr\/376\/9782374080376_1_v.jpg"},"orderable":true,"show_badge":true,"formatted_price":"14,90&nbsp;\u20ac","formatted_published_date":"10 janvier 2025","publisher_availability_label":"Sur commande","short_details":"Ben Lerwin, Beatrice Blue \u2014 Little Urban","translator":null,"weight":544,"page_count":32,"readership":"\u00e0 partir de 4 ANS","editor":"Little Urban","price":1490,"published_date":"2025-01-09T23:00:00.000000Z","support":"Grand format","publisher_availability":1,"stock":0,"editions":[],"url":"https:\/\/quaidesbrumes.com\/ouvrage\/9782374080376\/la-petite-fille-la-plus-forte-du-monde"},{"id":"9782812623264","title":"G\u00e9n\u00e9ration K Tome 3","description":"Apr\u00e8s la mort de Mina, l'\u00e9tau se resserre autour des g\u00e9nophores qui n'ont jamais \u00e9t\u00e9 autant en danger. Toujours traqu\u00e9s par Biomedicare, la fuite n'est plus une solution. S'ils veulent mettre un terme \u00e0 la propagation du virus et s'affranchir du Ma\u00eetre, ils vont devoir faire face et livrer leur ultime bataille. Apr\u00e8s le succ\u00e8s des \u00abAutodafeurs \u00bb et avant celui de \u00ab Dix\u00bb, Marine Carteron nous livrait une s\u00e9rie empreinte de fantastique et d'action. Vendue \u00e0 plus de 50 000 exemplaires, acclam\u00e9e par la presse et les libraires, elle fut \u00e9lue \"meilleur roman jeunesse 2016\" par la r\u00e9daction du magazine Lire. D\u00e9couvrez ou red\u00e9couvrez ce classique du Rouergue jeunesse dans son \u00e9dition poche \"collector\".","authors":["Marine Carteron"],"category_codes":["2000000","2040000","2040500"],"visuals":{"large":"https:\/\/images.epagine.fr\/264\/9782812623264_1_75.jpg","medium":"https:\/\/images.epagine.fr\/264\/9782812623264_1_m.jpg","thumbnail":"https:\/\/images.epagine.fr\/264\/9782812623264_1_v.jpg"},"orderable":true,"show_badge":true,"formatted_price":"9,90&nbsp;\u20ac","formatted_published_date":"2 mars 2022","publisher_availability_label":"Sur commande","short_details":"Marine Carteron \u2014 Rouergue","translator":null,"weight":258,"page_count":384,"readership":"3\/6 ans","editor":"Rouergue","price":990,"published_date":"2022-03-01T23:00:00.000000Z","support":"Poche","publisher_availability":1,"stock":0,"editions":["9782812614835"],"url":"https:\/\/quaidesbrumes.com\/ouvrage\/9782812623264\/generation-k-tome-3"}]}