{"data":[{"id":"9791039563154","title":"Ma jolie biblioth\u00e8que des fables de la fontaine","description":"10 fables de La Fontaine dans un magnifique coffret illustr\u00e9\r\nLe Corbeau et le Renard\r\nLa Laiti\u00e8re et le Pot au lait\r\nLe Ch\u00eane et le Roseau\r\nLe Loup et l'Agneau \r\nLe Renard et la Cigogne\r\nLa Cigale et la Fourmi\r\nLe Rat des ville et le Rat des champs\r\nLa Grenouille qui voulait se faire aussi gross que le boeuf\r\nLe Li\u00e8vre et la Tortue\r\nLe Lion et le Rat","authors":["Axelle Vanhoof","Sonia Giampaolo","Lili La Baleine Verte","Beatriz Castro Arbaizar","Adriana Camargo","Nadia Junoes","Yulia Gorkina","L\u00e9a Fabre","Katherine Qu\u00e9not"],"category_codes":["2000000","2030000","2030400"],"visuals":{"large":"https:\/\/images.epagine.fr\/154\/9791039563154_1_75.jpg","medium":"https:\/\/images.epagine.fr\/154\/9791039563154_1_m.jpg","thumbnail":"https:\/\/images.epagine.fr\/154\/9791039563154_1_v.jpg"},"orderable":true,"show_badge":true,"formatted_price":"19,95&nbsp;\u20ac","formatted_published_date":"18 septembre 2025","publisher_availability_label":"Sur commande","short_details":"Axelle Vanhoof, Sonia Giampaolo, Lili La Baleine Verte, Beatriz Castro Arbaizar, Adriana Camargo, Nadia Junoes, Yulia Gorkina, L\u00e9a Fabre, Katherine Qu\u00e9not \u2014 Auzou","translator":null,"weight":990,"page_count":96,"readership":"3\/6 ans","editor":"Auzou","price":1995,"published_date":"2025-09-17T22:00:00.000000Z","support":"Grand format","publisher_availability":1,"stock":0,"editions":[],"url":"https:\/\/quaidesbrumes.com\/ouvrage\/9791039563154\/ma-jolie-bibliotheque-des-fables-de-la-fontaine"},{"id":"9782884807111","title":"Max se trouve trop petit","description":"Ce livre de Max et Lili parle des moqueries que l'on peut subir lorsque l'on a un physique diff\u00e9rent des autres. Il montre que l'on peut souffrir de son image et qu'il faut se trouver des atouts pour exister autrement. Il explique comment d\u00e9passer ses complexes et retrouver une image positive de soi.","authors":["Serge Bloch","Dominique de Saint-Mars"],"category_codes":["2000000","2040000","2040200"],"visuals":{"large":"https:\/\/images.epagine.fr\/111\/9782884807111_1_75.jpg","medium":"https:\/\/images.epagine.fr\/111\/9782884807111_1_m.jpg","thumbnail":"https:\/\/images.epagine.fr\/111\/9782884807111_1_v.jpg"},"orderable":true,"show_badge":true,"formatted_price":"6,20&nbsp;\u20ac","formatted_published_date":"12 mai 2016","publisher_availability_label":"Sur commande","short_details":"Serge Bloch, Dominique de Saint-Mars \u2014 Calligram","translator":null,"weight":117,"page_count":43,"readership":"6\/9 ans","editor":"Calligram","price":620,"published_date":"2016-05-11T22:00:00.000000Z","support":"Grand format","publisher_availability":1,"stock":0,"editions":[],"url":"https:\/\/quaidesbrumes.com\/ouvrage\/9782884807111\/max-se-trouve-trop-petit"},{"id":"9791039549752","title":"P'tit ludoc, Soul\u00e8ve les flaps : Les animaux de la ferme","description":"Un documentaire pens\u00e9 en 2 temps pour capter les enfants: l'histoire de Petit Chaton et des infos sous les flaps sur les animaux de la ferme\r\nL'histoire de Petit Chaton, qui se d\u00e9roule sur les pages de gauche, captera l'attention de l'enfant en le plongeant dans l'univers des animaux de la ferme.\r\nLes infos documentaires, cach\u00e9es sous les flaps des pages de droite, lui permettront d'apprendre plein de choses sur les animaux de la ferme.","authors":["Sophie Blitman","Malgorzata Detner","Juliette Ravaux"],"category_codes":["2000000","2020000","2020500"],"visuals":{"large":"https:\/\/images.epagine.fr\/752\/9791039549752_1_75.jpg","medium":"https:\/\/images.epagine.fr\/752\/9791039549752_1_m.jpg","thumbnail":"https:\/\/images.epagine.fr\/752\/9791039549752_1_v.jpg"},"orderable":true,"show_badge":true,"formatted_price":"12,95&nbsp;\u20ac","formatted_published_date":"17 avril 2025","publisher_availability_label":"Sur commande","short_details":"Sophie Blitman, Malgorzata Detner, Juliette Ravaux \u2014 Auzou","translator":null,"weight":473,"page_count":20,"readership":"0\/3 ans","editor":"Auzou","price":1295,"published_date":"2025-04-16T22:00:00.000000Z","support":"Grand format","publisher_availability":1,"stock":0,"editions":[],"url":"https:\/\/quaidesbrumes.com\/ouvrage\/9791039549752\/ptit-ludoc-souleve-les-flaps-les-animaux-de-la-ferme"},{"id":"9782075201780","title":"Le grand livre pour explorer l'espace : 19 activit\u00e9s spatiales","description":"19 projets ludiques pour d\u00e9couvrir la conqu\u00eate spatiale, le Syst\u00e8me solaire, les \u00e9toiles ou le travail des spationautes : exp\u00e9riences \u00e0 r\u00e9aliser, maquettes \u00e0 construire, g\u00e2teau \u00e0 cuisiner, etc. Chaque activit\u00e9 s'accompagne d'un pas \u00e0 pas illustr\u00e9 et d'une liste de mat\u00e9riel n\u00e9cessaire \u00e0 sa r\u00e9alisation.","authors":["Collectif"],"category_codes":["2000000","2070000","2070500"],"visuals":{"large":"https:\/\/images.epagine.fr\/780\/9782075201780_1_75.jpg","medium":"https:\/\/images.epagine.fr\/780\/9782075201780_1_m.jpg","thumbnail":"https:\/\/images.epagine.fr\/780\/9782075201780_1_v.jpg"},"orderable":true,"show_badge":true,"formatted_price":"19,90&nbsp;\u20ac","formatted_published_date":"25 avril 2024","publisher_availability_label":"Sur commande","short_details":"Collectif \u2014 Gallimard Jeunesse","translator":null,"weight":682,"page_count":160,"readership":"\u00e0 partir de 7 ANS","editor":"Gallimard Jeunesse","price":1990,"published_date":"2024-04-24T22:00:00.000000Z","support":"Grand format","publisher_availability":1,"stock":0,"editions":[],"url":"https:\/\/quaidesbrumes.com\/ouvrage\/9782075201780\/le-grand-livre-pour-explorer-lespace-19-activites-spatiales"},{"id":"9782809670417","title":"Carnet cr\u00e9atif ; Astrid en Su\u00e8de","description":"D\u00e9couvre la Su\u00e8de avec Astrid ! \r\n\r\nDans ce carnet cr\u00e9atif, cr\u00e9e tes jolies poup\u00e9es gr\u00e2ce \u00e0 de nombreuses silhouettes \u00e0 colorier, des mod\u00e8les et 4 planches de stickers.\r\n\r\nEt en plus, des infos documentaires sur les traditions et les tenues de la Su\u00e8de :\r\n- les v\u00eatements ;\r\n- l'artisanat ;\r\n- l'\u00e9cole ;\r\n- les coiffures ;\r\n- l'alimentation ;\r\n- les instruments et les f\u00eates.\r\nEn cadeau : un joli bracelet \u00e0 collectionner","authors":["Julie Camel"],"category_codes":["2000000","2060000","2060500"],"visuals":{"large":"https:\/\/images.epagine.fr\/417\/9782809670417_1_75.jpg","medium":"https:\/\/images.epagine.fr\/417\/9782809670417_1_m.jpg","thumbnail":"https:\/\/images.epagine.fr\/417\/9782809670417_1_v.jpg"},"orderable":true,"show_badge":true,"formatted_price":"9,90&nbsp;\u20ac","formatted_published_date":"3 juin 2020","publisher_availability_label":"Sur commande","short_details":"Julie Camel \u2014 \u00c9ditions playBac","translator":null,"weight":188,"page_count":88,"readership":"\u00e0 partir de 4 ANS","editor":"\u00c9ditions playBac","price":990,"published_date":"2020-06-02T22:00:00.000000Z","support":"Grand format","publisher_availability":1,"stock":0,"editions":[],"url":"https:\/\/quaidesbrumes.com\/ouvrage\/9782809670417\/carnet-creatif-astrid-en-suede"},{"id":"9782494136243","title":"La perte, la mort on s'en parle","description":"Dans la vie, tu seras parfois amen\u00e9(e) \u00e0 perdre des choses importantes pour toi : tes rep\u00e8res, tes habitudes par exemple si tu d\u00e9m\u00e9nages, un ou une ami(e), un amoureux ou une amoureuse...\r\nDans de telles situations, il est difficile de faire face \u00e0 tes \u00e9motions : la col\u00e8re, l'incompr\u00e9hension, la tristesse, le chagrin... Ce livre est l\u00e0 pour t'aider et te donner des pistes pour apprivoiser la perte et le deuil :\r\n-Que faire pour aller mieux si tu te sens triste ?\r\n-Pourquoi tout le monde ne r\u00e9agit-il pas de la m\u00eame mani\u00e8re face au deuil ?\r\n-Comment parler de la mort et du suicide ?\r\n-Comment faire si des images t'ont fait peur ?\r\nUn livre pour ne pas rester seul face au chagrin","authors":["H\u00e9l\u00e8ne Romano","Cl\u00e9mentine Latron"],"category_codes":["2000000","2050000","2050400"],"visuals":{"large":"https:\/\/images.epagine.fr\/243\/9782494136243_1_75.jpg","medium":"https:\/\/images.epagine.fr\/243\/9782494136243_1_m.jpg","thumbnail":"https:\/\/images.epagine.fr\/243\/9782494136243_1_v.jpg"},"orderable":true,"show_badge":true,"formatted_price":"17,50&nbsp;\u20ac","formatted_published_date":"6 mars 2025","publisher_availability_label":"Sur commande","short_details":"H\u00e9l\u00e8ne Romano, Cl\u00e9mentine Latron \u2014 Magenta Editions","translator":null,"weight":194,"page_count":128,"readership":"\u00e0 partir de 12 ANS","editor":"Magenta Editions","price":1750,"published_date":"2025-03-05T23:00:00.000000Z","support":"Grand format","publisher_availability":1,"stock":0,"editions":[],"url":"https:\/\/quaidesbrumes.com\/ouvrage\/9782494136243\/la-perte-la-mort-on-sen-parle"},{"id":"9782211340410","title":"C'est le petit qui monte","description":"Tap tap tap, voil\u00e0 le petit lapin qui monte, monte, monte. Bam bam bam, c'est le petit crocodile qui monte. Boum boum boum, c'est le grand \u00e9l\u00e9phant et tip tip tip, la petite souris. Petite Grenouille, elle, veut monter toute seule, hop hop hop. Il manque juste Papa, clop clop clop, pour un dernier petit bisou. Bonne nuit mes doudous !","authors":["Emile Jadoul"],"category_codes":["2000000","2020000","2020400"],"visuals":{"large":"https:\/\/images.epagine.fr\/410\/9782211340410_1_75.jpg","medium":"https:\/\/images.epagine.fr\/410\/9782211340410_1_m.jpg","thumbnail":"https:\/\/images.epagine.fr\/410\/9782211340410_1_v.jpg"},"orderable":true,"show_badge":true,"formatted_price":"12,00&nbsp;\u20ac","formatted_published_date":"8 janvier 2025","publisher_availability_label":"Sur commande","short_details":"Emile Jadoul \u2014 L'\u00c9cole des loisirs","translator":null,"weight":339,"page_count":32,"readership":"0\/3 ans","editor":"L'\u00c9cole des loisirs","price":1200,"published_date":"2025-01-07T23:00:00.000000Z","support":"Grand format","publisher_availability":1,"stock":0,"editions":[],"url":"https:\/\/quaidesbrumes.com\/ouvrage\/9782211340410\/cest-le-petit-qui-monte"},{"id":"9782355047817","title":"La terre est bleue comme une orange : Anthologie de po\u00e8mes de r\u00e9sistance, d'amour et d'esp\u00e9rance","description":"Les humains comptent sur leurs enfants pour faire le monde plus beau. Et les jeunes g\u00e9n\u00e9rations ont besoin des po\u00e8tes et des artistes pour oser esp\u00e9rer la paix, la beaut\u00e9 et la fraternit\u00e9. Paul Eluard est de ces cr\u00e9ateurs inspirants. Po\u00e8te de la R\u00e9sistance, surr\u00e9aliste et militant pour la paix de la premi\u00e8re moiti\u00e9 du XXe si\u00e8cle, il donne, encore aujourd'hui, des ailes \u00e0 nos col\u00e8res et \u00e0 nos r\u00eaves.","authors":["Paul Eluard","Laurent Corvaisier"],"category_codes":["2000000","2040000","2040600"],"visuals":{"large":"https:\/\/images.epagine.fr\/817\/9782355047817_1_75.jpg","medium":"https:\/\/images.epagine.fr\/817\/9782355047817_1_m.jpg","thumbnail":"https:\/\/images.epagine.fr\/817\/9782355047817_1_v.jpg"},"orderable":true,"show_badge":false,"formatted_price":"18,50&nbsp;\u20ac","formatted_published_date":"7 mars 2025","publisher_availability_label":"Sur commande","short_details":"Paul Eluard, Laurent Corvaisier \u2014 Rue du monde","translator":null,"weight":318,"page_count":112,"readership":"\u00e0 partir de 12 ANS","editor":"Rue du monde","price":1850,"published_date":"2025-03-06T23:00:00.000000Z","support":"Grand format","publisher_availability":1,"stock":1,"editions":[],"url":"https:\/\/quaidesbrumes.com\/ouvrage\/9782355047817\/la-terre-est-bleue-comme-une-orange-anthologie-de-poemes-de-resistance-damour-et-desperance"},{"id":"9782080463029","title":"Le seigneur sans visage","description":"Une s\u00e9rie de meurtres agite la vie du ch\u00e2teau de la Roche-Guyon, sur les rives de la Seine. Apprenti chevalier, Michel s'est promis de prot\u00e9ger Morgane, la myst\u00e9rieuse ma\u00eetresse des lieux depuis la disparition du Seigneur, son mari. Recluse dans le donjon, la jeune femme semble dissimuler des secrets. Michel va devoir affronter la v\u00e9rit\u00e9 sans trembler. Alors que l'enqu\u00eate progresse, la l\u00e8pre s'abat sur le comt\u00e9... Une enqu\u00eate haletante, au temps des grands fl\u00e9aux du Moyen \u00c2ge.\r\n\r","authors":["Viviane Moore"],"category_codes":["2000000","2040000","2040500"],"visuals":{"large":"https:\/\/images.epagine.fr\/029\/9782080463029_1_75.jpg","medium":"https:\/\/images.epagine.fr\/029\/9782080463029_1_m.jpg","thumbnail":"https:\/\/images.epagine.fr\/029\/9782080463029_1_v.jpg"},"orderable":true,"show_badge":true,"formatted_price":"5,90&nbsp;\u20ac","formatted_published_date":"22 janvier 2025","publisher_availability_label":"Sur commande","short_details":"Viviane Moore \u2014 Flammarion jeunesse","translator":null,"weight":156,"page_count":192,"readership":"\u00e0 partir de 9 ANS","editor":"Flammarion jeunesse","price":590,"published_date":"2025-01-21T23:00:00.000000Z","support":"Poche","publisher_availability":1,"stock":0,"editions":[],"url":"https:\/\/quaidesbrumes.com\/ouvrage\/9782080463029\/le-seigneur-sans-visage"},{"id":"9791036366000","title":"\u00c9mile et Margot Tome 1 : La grande c\u00e9r\u00e9monie","description":"Le prince \u00c9mile et la princesse Margot vivent dans un ch\u00e2teau, entour\u00e9s de monstres tr\u00e8s rigolos ! Et heureusement, car la vie royale n'est pas toujours dr\u00f4le pour les enfants qui pensent surtout \u00e0 s'amuser et \u00e0 faire des b\u00eatises...","authors":["Anne Didier","Leslie Meyzer","Olivier Muller","Olivier Deloye"],"category_codes":["2000000","2040000","2040300"],"visuals":{"large":"https:\/\/images.epagine.fr\/000\/9791036366000_1_75.jpg","medium":"https:\/\/images.epagine.fr\/000\/9791036366000_1_m.jpg","thumbnail":"https:\/\/images.epagine.fr\/000\/9791036366000_1_v.jpg"},"orderable":true,"show_badge":true,"formatted_price":"5,20&nbsp;\u20ac","formatted_published_date":"5 juin 2024","publisher_availability_label":"Sur commande","short_details":"Anne Didier, Leslie Meyzer, Olivier Muller, Olivier Deloye \u2014 Bayard Jeunesse","translator":null,"weight":75,"page_count":40,"readership":"\u00e0 partir de 6 ANS","editor":"Bayard Jeunesse","price":520,"published_date":"2024-06-04T22:00:00.000000Z","support":"Grand format","publisher_availability":1,"stock":0,"editions":[],"url":"https:\/\/quaidesbrumes.com\/ouvrage\/9791036366000\/emile-et-margot-tome-1-la-grande-ceremonie"},{"id":"9782492898532","title":"Deviens pompier : Pars en mission avec ton camion !","description":"Au feu ! Votre enfant devient pompier pour sauver un immeuble des flammes ! Il fabrique son camion \u00e9tincelant et sa grande \u00e9chelle, roule jusque sur les lieux de l'incendie et porte secours aux habitants de l'immeuble. En soufflant dans sa lance \u00e0 incendie pour la d\u00e9plier, il renverse les flammes. Il d\u00e9couvre tout du m\u00e9tier de pompier gr\u00e2ce \u00e0 son dossier \u00e9ducatif dont il est le h\u00e9ros, en r\u00e9alisant diff\u00e9rentes missions : accident, feu de for\u00eat, bobo \u00e0 l'\u00e9cole...","authors":["Collectif"],"category_codes":["2000000","2060000","2060200"],"visuals":{"large":"https:\/\/images.epagine.fr\/532\/9782492898532_1_75.jpg","medium":"https:\/\/images.epagine.fr\/532\/9782492898532_1_m.jpg","thumbnail":"https:\/\/images.epagine.fr\/532\/9782492898532_1_v.jpg"},"orderable":true,"show_badge":true,"formatted_price":"0,00&nbsp;\u20ac","formatted_published_date":"7 mai 2025","publisher_availability_label":"Sur commande","short_details":"Collectif \u2014 PANDACRAFT","translator":null,"weight":379,"page_count":null,"readership":"\u00e0 partir de 3 ANS","editor":"PANDACRAFT","price":0,"published_date":"2025-05-06T22:00:00.000000Z","support":"Coffret \/ Bo&icirc;te","publisher_availability":1,"stock":0,"editions":[],"url":"https:\/\/quaidesbrumes.com\/ouvrage\/9782492898532\/deviens-pompier-pars-en-mission-avec-ton-camion"},{"id":"9782036071919","title":"Miss Agatha : Frissons en Ecosse","description":"Agatha et ses fr\u00e8res se rendent dans le ch\u00e2teau familial \u00e9cossais, o\u00f9 ils retrouvent leur grande-tante. Mais il y a du myst\u00e8re dans l'air ! Un fant\u00f4me hanterait les lieux afin de r\u00e9cup\u00e9rer ce qui lui appartenait autrefois : un tr\u00e9sor cach\u00e9 dans le ch\u00e2teau de la famille Christie.\u00a0 \r\nPourtant, les fant\u00f4mes, \u00e7a n'existe pas ! Agatha, Archibald et Max vont mener l'enqu\u00eate et s'immiscer dans les plus vieilles l\u00e9gendes du village local, en plein coeur des histoires de clans \u00e9cossais, pour d\u00e9couvrir qui se cache derri\u00e8re cette mauvaise farce.\u00a0","authors":["Christine Palluy","Sophie Leullier"],"category_codes":["2000000","2040000","2040300"],"visuals":{"large":"https:\/\/images.epagine.fr\/919\/9782036071919_1_75.jpg","medium":"https:\/\/images.epagine.fr\/919\/9782036071919_1_m.jpg","thumbnail":"https:\/\/images.epagine.fr\/919\/9782036071919_1_v.jpg"},"orderable":true,"show_badge":true,"formatted_price":"10,99&nbsp;\u20ac","formatted_published_date":"8 octobre 2025","publisher_availability_label":"Sur commande","short_details":"Christine Palluy, Sophie Leullier \u2014 Larousse","translator":null,"weight":243,"page_count":128,"readership":"\u00e0 partir de 8 ANS","editor":"Larousse","price":1099,"published_date":"2025-10-07T22:00:00.000000Z","support":"Grand format","publisher_availability":1,"stock":0,"editions":[],"url":"https:\/\/quaidesbrumes.com\/ouvrage\/9782036071919\/miss-agatha-frissons-en-ecosse"},{"id":"9782330201159","title":"Sarah Bernhardt : non aux conventions","description":"Une femme exceptionnelle, une com\u00e9dienne mythique qui s'est affranchie des conventions avec talent et passion.","authors":["Fran\u00e7ois Roca","Elsa Solal"],"category_codes":["2000000","2050000","2050400"],"visuals":{"large":"https:\/\/images.epagine.fr\/159\/9782330201159_1_75.jpg","medium":"https:\/\/images.epagine.fr\/159\/9782330201159_1_m.jpg","thumbnail":"https:\/\/images.epagine.fr\/159\/9782330201159_1_v.jpg"},"orderable":true,"show_badge":true,"formatted_price":"9,90&nbsp;\u20ac","formatted_published_date":"12 f\u00e9vrier 2025","publisher_availability_label":"Sur commande","short_details":"Fran\u00e7ois Roca, Elsa Solal \u2014 Actes Sud","translator":null,"weight":84,"page_count":96,"readership":"\u00e0 partir de 12 ANS","editor":"Actes Sud","price":990,"published_date":"2025-02-11T23:00:00.000000Z","support":"Grand format","publisher_availability":1,"stock":0,"editions":[],"url":"https:\/\/quaidesbrumes.com\/ouvrage\/9782330201159\/sarah-bernhardt-non-aux-conventions"},{"id":"9782081389519","title":"Ourse & lapin Tome 1 : dr\u00f4le de rencontre","description":"Entre un lapin ronchon et une ourse sortie trop t\u00f4t de son hibernation, quel lien peut-il y avoir ? Aucun, vous direz-vous. Et pourtant...Derri\u00e8re cette histoire de bonhomme de neige, de loup, d'avalanche et de crottes de lapin, se cache peut-\u00eatre le d\u00e9but d'une belle amiti\u00e9...","authors":["Julian Gough","Jim Field"],"category_codes":["2000000","2040000","2040200"],"visuals":{"large":"https:\/\/images.epagine.fr\/519\/9782081389519_1_75.jpg","medium":"https:\/\/images.epagine.fr\/519\/9782081389519_1_m.jpg","thumbnail":"https:\/\/images.epagine.fr\/519\/9782081389519_1_v.jpg"},"orderable":true,"show_badge":true,"formatted_price":"11,90&nbsp;\u20ac","formatted_published_date":"11 janvier 2017","publisher_availability_label":"Sur commande","short_details":"Julian Gough, Jim Field \u2014 P\u00e8re Castor","translator":null,"weight":288,"page_count":112,"readership":"\u00e0 partir de 7 ANS","editor":"P\u00e8re Castor","price":1190,"published_date":"2017-01-10T23:00:00.000000Z","support":"Poche","publisher_availability":1,"stock":0,"editions":[],"url":"https:\/\/quaidesbrumes.com\/ouvrage\/9782081389519\/ourse-lapin-tome-1-drole-de-rencontre"},{"id":"9782889770649","title":"Crac : Le son du monde qui avance","description":"La vie na\u00eet d'un CRAC.","authors":["Matteo Pompili","Lorenzo Monaco","Luogo Comune","Myriam H\u00e9ritier"],"category_codes":["2000000","2070000","2070300"],"visuals":{"large":"https:\/\/images.epagine.fr\/649\/9782889770649_1_75.jpg","medium":"https:\/\/images.epagine.fr\/649\/9782889770649_1_m.jpg","thumbnail":"https:\/\/images.epagine.fr\/649\/9782889770649_1_v.jpg"},"orderable":true,"show_badge":true,"formatted_price":"19,90&nbsp;\u20ac","formatted_published_date":"5 mars 2026","publisher_availability_label":"Sur commande","short_details":"Matteo Pompili, Lorenzo Monaco, Luogo Comune, Myriam H\u00e9ritier \u2014 Helvetiq","translator":"MYRIAM HERITIER","weight":500,"page_count":56,"readership":"\u00e0 partir de 7 ANS","editor":"Helvetiq","price":1990,"published_date":"2026-03-04T23:00:00.000000Z","support":"Grand format","publisher_availability":1,"stock":0,"editions":[],"url":"https:\/\/quaidesbrumes.com\/ouvrage\/9782889770649\/crac-le-son-du-monde-qui-avance"},{"id":"9782330073268","title":"Arbre","description":"Dans ce livre en forme d'arbre, les enfants d\u00e9couvrent les saisons au fil des pages... Apr\u00e8s la lecture, on peut fermer le livre avec un ruban, ou bien le d\u00e9ployer et le poser sur une table. Une initiation au cycle des saisons pour les tout-petits.\r","authors":["Amandine Laprun"],"category_codes":["2000000","2020000","2020500"],"visuals":{"large":"https:\/\/images.epagine.fr\/268\/9782330073268_1_75.jpg","medium":"https:\/\/images.epagine.fr\/268\/9782330073268_1_m.jpg","thumbnail":"https:\/\/images.epagine.fr\/268\/9782330073268_1_v.jpg"},"orderable":true,"show_badge":false,"formatted_price":"15,50&nbsp;\u20ac","formatted_published_date":"1er juillet 2021","publisher_availability_label":"Sur commande","short_details":"Amandine Laprun \u2014 Actes Sud Jeunesse","translator":null,"weight":367,"page_count":48,"readership":"\u00e0 partir de 1 AN","editor":"Actes Sud Jeunesse","price":1550,"published_date":"2021-06-30T22:00:00.000000Z","support":"Grand format","publisher_availability":1,"stock":1,"editions":[],"url":"https:\/\/quaidesbrumes.com\/ouvrage\/9782330073268\/arbre"},{"id":"9782368291580","title":"Le chat qui n aimait pas les poils","description":"Le chat Eus\u00e8be d\u00e9teste les poils car ils s'emm\u00ealent, frisottent, collent \u00e0 la langue, etc. Alors qu'il supporte bon gr\u00e9 mal gr\u00e9 son quotidien, un \u00e9v\u00e8nement vient bouleverser sa vie.","authors":["S\u00e9verine de La Croix","Pauline Roland","Anthony Signol"],"category_codes":["2000000","2030000","2030400"],"visuals":{"large":"https:\/\/images.epagine.fr\/580\/9782368291580_1_75.jpg","medium":"https:\/\/images.epagine.fr\/580\/9782368291580_1_m.jpg","thumbnail":"https:\/\/images.epagine.fr\/580\/9782368291580_1_v.jpg"},"orderable":true,"show_badge":true,"formatted_price":"8,95&nbsp;\u20ac","formatted_published_date":"7 septembre 2016","publisher_availability_label":"Sur commande","short_details":"S\u00e9verine de La Croix, Pauline Roland, Anthony Signol \u2014 \u00c9ditions Splash!","translator":null,"weight":299,"page_count":null,"readership":"3\/6 ans","editor":"\u00c9ditions Splash!","price":895,"published_date":"2016-09-06T22:00:00.000000Z","support":"Grand format","publisher_availability":1,"stock":0,"editions":[],"url":"https:\/\/quaidesbrumes.com\/ouvrage\/9782368291580\/le-chat-qui-n-aimait-pas-les-poils"},{"id":"9782080469731","title":"L'Imagier du P\u00e8re Castor, \u00c0 table ! : 70 photos - 70 mots","description":"L'Imagier du P\u00e8re Castor est une collection de r\u00e9f\u00e9rence pour accompagner les tout-petits dans leurs premiers apprentissages. Elle les invite \u00e0 regarder les images, reconna\u00eetre les mots et enrichir leur vocabulaire. D\u00e8s 12 mois, les enfants prendront plaisir \u00e0 observer 70 photos sur l'univers du repas et ainsi d\u00e9couvrir le monde pour mieux grandir.","authors":["A. Telier"],"category_codes":["2000000","2020000","2020300"],"visuals":{"large":"https:\/\/images.epagine.fr\/731\/9782080469731_1_75.jpg","medium":"https:\/\/images.epagine.fr\/731\/9782080469731_1_m.jpg","thumbnail":"https:\/\/images.epagine.fr\/731\/9782080469731_1_v.jpg"},"orderable":true,"show_badge":true,"formatted_price":"13,50&nbsp;\u20ac","formatted_published_date":"22 janvier 2025","publisher_availability_label":"Sur commande","short_details":"A. Telier \u2014 P\u00e8re Castor","translator":null,"weight":342,"page_count":42,"readership":"0\/3 ans","editor":"P\u00e8re Castor","price":1350,"published_date":"2025-01-21T23:00:00.000000Z","support":"Grand format","publisher_availability":1,"stock":0,"editions":[],"url":"https:\/\/quaidesbrumes.com\/ouvrage\/9782080469731\/limagier-du-pere-castor-a-table-70-photos-70-mots"},{"id":"9782075198080","title":"LX18","description":"Redoutable soldat, LX18 est le fruit d'un traitement g\u00e9n\u00e9tique et hormonal qui l'a priv\u00e9 de toute capacit\u00e9 \u00e9motionnelle. C'est un Alt\u00e9r\u00e9. Lui et ses semblables ne connaissent que la guerre. Jusqu'au jour o\u00f9 les n\u00e9gociations de paix aboutissent. Devenus inutiles, les Alt\u00e9r\u00e9s sont envoy\u00e9s dans diff\u00e9rents lyc\u00e9es pour s'int\u00e9grer \u00e0 la population civile. LX18 se retrouve parachut\u00e9 au lyc\u00e9e Marie Shelley avec Amir, Philom\u00e8ne et les autres...","authors":["Kamel Benaouda"],"category_codes":["2000000","2050000","2050200","2050205"],"visuals":{"large":"https:\/\/images.epagine.fr\/080\/9782075198080_1_75.jpg","medium":"https:\/\/images.epagine.fr\/080\/9782075198080_1_m.jpg","thumbnail":"https:\/\/images.epagine.fr\/080\/9782075198080_1_v.jpg"},"orderable":true,"show_badge":true,"formatted_price":"7,60&nbsp;\u20ac","formatted_published_date":"2 novembre 2023","publisher_availability_label":"Sur commande","short_details":"Kamel Benaouda \u2014 Gallimard Jeunesse","translator":null,"weight":160,"page_count":320,"readership":"\u00e0 partir de 13 ANS","editor":"Gallimard Jeunesse","price":760,"published_date":"2023-11-01T23:00:00.000000Z","support":"Poche","publisher_availability":1,"stock":0,"editions":[],"url":"https:\/\/quaidesbrumes.com\/ouvrage\/9782075198080\/lx18"},{"id":"9782211305372","title":"L'\u00e9cole des souris : Premi\u00e8re neige","description":"Imaginez un grenier, et dans ce grenier, un cano\u00eb. Ajoutez un hibou, une belette et 13 souriceaux. Le directeur, la ma\u00eetresse et les \u00e9l\u00e8ves : l'\u00e9cole des souris est au complet. Presque, il manque Ricky, le surveillant. M\u00eame si, aujourd'hui, il est un peu endormi. Il faut dire que c'est la fin de l'automne et que les h\u00e9rissons, normalement, hibernent. Et voil\u00e0 qu'une poudre blanche se met \u00e0 tomber du ciel. Du fromage r\u00e2p\u00e9 ? Non, de la neige (tu l'avais devin\u00e9). Toute la troupe part dans le bois. La neige, c'est tr\u00e8s amusant, mais aussi tr\u00e8s dangereux...","authors":["Agn\u00e8s Mathieu-Daud\u00e9","Marc Boutavant"],"category_codes":["2000000","2040000","2040200"],"visuals":{"large":"https:\/\/images.epagine.fr\/372\/9782211305372_1_75.jpg","medium":"https:\/\/images.epagine.fr\/372\/9782211305372_1_m.jpg","thumbnail":"https:\/\/images.epagine.fr\/372\/9782211305372_1_v.jpg"},"orderable":true,"show_badge":true,"formatted_price":"8,00&nbsp;\u20ac","formatted_published_date":"5 f\u00e9vrier 2020","publisher_availability_label":"Sur commande","short_details":"Agn\u00e8s Mathieu-Daud\u00e9, Marc Boutavant \u2014 L'\u00c9cole des loisirs","translator":null,"weight":114,"page_count":72,"readership":"\u00e0 partir de 6 ANS","editor":"L'\u00c9cole des loisirs","price":800,"published_date":"2020-02-04T23:00:00.000000Z","support":"Grand format","publisher_availability":1,"stock":0,"editions":[],"url":"https:\/\/quaidesbrumes.com\/ouvrage\/9782211305372\/lecole-des-souris-premiere-neige"},{"id":"9782330194734","title":"Le gang du CDI Tome 3 : La solitude du corbeau","description":"Apr\u00e8s qu'une nu\u00e9e de corbeaux a envahi la cour du coll\u00e8ge et s'est attaqu\u00e9e aux \u00e9l\u00e8ves, l'un d'eux pr\u00e9nomm\u00e9 David dispara\u00eet. Si cette disparition ne semble pas affecter grand monde, les membres du Gang du CDI sont bien d\u00e9cid\u00e9s \u00e0 mener l'enqu\u00eate. Celle-ci r\u00e9veillera chez Nadia des souvenirs refoul\u00e9s : la solitude affective, des scarifications, un oiseau noir qui vient la chercher, une exp\u00e9dition dans la nuit, direction les collines, une caverne et un myst\u00e9rieux homme-corbeau... Nadia comprend que David est l\u00e0-bas et se lance avec ses amis \u00e0 sa recherche, avant qu'il ne commette l'irr\u00e9parable","authors":["Vincent Mondiot"],"category_codes":["2000000","2040000","2040500","2040503"],"visuals":{"large":"https:\/\/images.epagine.fr\/734\/9782330194734_1_75.jpg","medium":"https:\/\/images.epagine.fr\/734\/9782330194734_1_m.jpg","thumbnail":"https:\/\/images.epagine.fr\/734\/9782330194734_1_v.jpg"},"orderable":true,"show_badge":true,"formatted_price":"10,90&nbsp;\u20ac","formatted_published_date":"4 septembre 2024","publisher_availability_label":"Sur commande","short_details":"Vincent Mondiot \u2014 Actes Sud","translator":null,"weight":158,"page_count":144,"readership":"\u00e0 partir de 10 ANS","editor":"Actes Sud","price":1090,"published_date":"2024-09-03T22:00:00.000000Z","support":"Grand format","publisher_availability":1,"stock":0,"editions":[],"url":"https:\/\/quaidesbrumes.com\/ouvrage\/9782330194734\/le-gang-du-cdi-tome-3-la-solitude-du-corbeau"},{"id":"9791036327056","title":"Petit Ours Brun n'a plus de t\u00e9tine","description":"Petit Ours Brun est grand maintenant, \r\nil est pr\u00eat \u00e0 se s\u00e9parer de sa t\u00e9tine.\r\nAvec Papa, il la met dans une boite\r\net il dit : Bye-bye, petite t\u00e9tine !","authors":["Marie Aubinais","Laura Bour"],"category_codes":["2000000","2020000","2020400"],"visuals":{"large":"https:\/\/images.epagine.fr\/056\/9791036327056_1_75.jpg","medium":"https:\/\/images.epagine.fr\/056\/9791036327056_1_m.jpg","thumbnail":"https:\/\/images.epagine.fr\/056\/9791036327056_1_v.jpg"},"orderable":true,"show_badge":true,"formatted_price":"5,80&nbsp;\u20ac","formatted_published_date":"26 mai 2021","publisher_availability_label":"Sur commande","short_details":"Marie Aubinais, Laura Bour \u2014 Bayard Jeunesse","translator":null,"weight":176,"page_count":16,"readership":"0\/3 ans","editor":"Bayard Jeunesse","price":580,"published_date":"2021-05-25T22:00:00.000000Z","support":"Grand format","publisher_availability":1,"stock":0,"editions":[],"url":"https:\/\/quaidesbrumes.com\/ouvrage\/9791036327056\/petit-ours-brun-na-plus-de-tetine"},{"id":"9782874265051","title":"Rose, bleu et toi ! : un livre sur les st\u00e9reotypes de genre","description":"Est-ce que les gar\u00e7ons ont le droit de pleurer ? Est-ce que les filles peuvent \u00eatre des patronnes? Qu'est-ce que \u00e7a veut dire, au fond, \u00eatre un gar\u00e7on ou une fille ? Devrions-nous avoir le droit d'aimer qui nous voulons ?","authors":["Elise Gravel","Anne Cohen beucher"],"category_codes":["2000000","2070000","2070700"],"visuals":{"large":"https:\/\/images.epagine.fr\/051\/9782874265051_1_75.jpg","medium":"https:\/\/images.epagine.fr\/051\/9782874265051_1_m.jpg","thumbnail":"https:\/\/images.epagine.fr\/051\/9782874265051_1_v.jpg"},"orderable":true,"show_badge":true,"formatted_price":"16,00&nbsp;\u20ac","formatted_published_date":"25 ao\u00fbt 2022","publisher_availability_label":"Sur commande","short_details":"Elise Gravel, Anne Cohen beucher \u2014 Alice \u00c9ditions","translator":"ANNE COHEN BEUCHER","weight":374,"page_count":48,"readership":null,"editor":"Alice \u00c9ditions","price":1600,"published_date":"2022-08-24T22:00:00.000000Z","support":"Grand format","publisher_availability":1,"stock":0,"editions":[],"url":"https:\/\/quaidesbrumes.com\/ouvrage\/9782874265051\/rose-bleu-et-toi-un-livre-sur-les-stereotypes-de-genre"},{"id":"9782012248748","title":"Madame Follette","description":"Monsieur Non, Madame Canaille, Monsieur Costaud et tous leurs amis. Des personnages connus de tous les enfants pour d\u00e9couvrir les traits de caract\u00e8res et les premi\u00e8res notions avec humour. Une collection de r\u00e9f\u00e9rence, fortement prescrite dans les \u00e9coles.","authors":["Roger Hargreaves"],"category_codes":["2000000","2030000","2030400"],"visuals":{"large":"https:\/\/images.epagine.fr\/748\/9782012248748_1_75.jpg","medium":"https:\/\/images.epagine.fr\/748\/9782012248748_1_m.jpg","thumbnail":"https:\/\/images.epagine.fr\/748\/9782012248748_1_v.jpg"},"orderable":true,"show_badge":true,"formatted_price":"2,90&nbsp;\u20ac","formatted_published_date":"18 juin 2008","publisher_availability_label":"Sur commande","short_details":"Roger Hargreaves \u2014 Hachette Jeunesse","translator":null,"weight":54,"page_count":40,"readership":"\u00e0 partir de 4 ANS","editor":"Hachette Jeunesse","price":290,"published_date":"2008-06-17T22:00:00.000000Z","support":"Poche","publisher_availability":1,"stock":0,"editions":[],"url":"https:\/\/quaidesbrumes.com\/ouvrage\/9782012248748\/madame-follette"}]}