{"data":[{"id":"9782215166153","title":"M\u00e8ne ton enqu\u00eate : au royaume des licornes","description":"Un roman jeu : id\u00e9al pour appr\u00e9cier la lecture en s'amusant ! Un r\u00e9cit-fiction pour mener l'enqu\u00eate avec de nombreuses animations : des messages cod\u00e9s ou en miroir \u00e0 d\u00e9crypter, des messages cach\u00e9s \u00e0 r\u00e9v\u00e9ler, des \u00e9l\u00e9ments cach\u00e9s dans les illustrations...\r\nAu cours d'une promenade \u00e0 cheval, Marion tombe nez \u00e0 nez avec... des licornes ! D\u00e9sesp\u00e9r\u00e9es, ces derni\u00e8res font appel \u00e0 la jeune fille pour les aider \u00e0 vaincre le chevalier noir et la sorci\u00e8re du Tonnerre qui ont enlev\u00e9 leur reine, Opaline. Mais la luttte semble bien in\u00e9gale...\r\nAid\u00e9e par Finette, un intr\u00e9pide b\u00e9b\u00e9 licorne, Marion n'\u00e9coutera que son courage et sa logique pour sauver Opaline !\r\nAvec des pages secr\u00e8tes, des cartes \u00e0 gratter et un miroir !\r","authors":["Charles Deroo","Charlotte Grosset\u00eate"],"category_codes":["2000000","2040000","2040500","2040502"],"visuals":{"large":"https:\/\/images.epagine.fr\/153\/9782215166153_1_75.jpg","medium":"https:\/\/images.epagine.fr\/153\/9782215166153_1_m.jpg","thumbnail":"https:\/\/images.epagine.fr\/153\/9782215166153_1_v.jpg"},"orderable":true,"show_badge":true,"formatted_price":"14,90&nbsp;\u20ac","formatted_published_date":"10 septembre 2021","publisher_availability_label":"Sur commande","short_details":"Charles Deroo, Charlotte Grosset\u00eate \u2014 Fleurus","translator":null,"weight":380,"page_count":96,"readership":"\u00e0 partir de 6 ANS","editor":"Fleurus","price":1490,"published_date":"2021-09-09T22:00:00.000000Z","support":"Grand format","publisher_availability":1,"stock":0,"editions":[],"url":"https:\/\/quaidesbrumes.com\/ouvrage\/9782215166153\/mene-ton-enquete-au-royaume-des-licornes"},{"id":"9782408057909","title":"Le Ouaf-Club m\u00e8ne l'enqu\u00eate Tome 1 : Pedro a disparu !","description":"Maxine, 7 ans, Tiago, 8 ans, et Hana, 10 ans, sont amis et voisins : ils habitent tous les trois la m\u00eame r\u00e9sidence des ann\u00e9es 1950, une cit\u00e9 id\u00e9ale o\u00f9 ils peuvent circuler en toute tranquillit\u00e9 et s'amuser avec leurs trois chiens, Jasper, Sulky et Reblochon.\r\nUn jour, des affichettes apparaissent sur les murs de la r\u00e9sidence : le chat Pedro a disparu ! Toute la bande s'accorde pour le rechercher...\u00a0Le Ouaf-Club, une bande qui a du flair pour mener l'enqu\u00eate !\r\nUn gentil molosse, une petite fut\u00e9e, un gourmand inv\u00e9t\u00e9r\u00e9... Ces trois h\u00e9ros \u00e0 quatre pattes, attachants et d\u00e9gourdis, entra\u00eenent leurs ma\u00eetres dans la r\u00e9solution de myst\u00e8res du quotidien gr\u00e2ce \u00e0 un savant m\u00e9lange d'amiti\u00e9, de go\u00fbt pour l'entraide et... de hasards heureux que seuls des chiens peuvent provoquer !Un roman pour partager sa lecture et valoriser le plaisir de lire\r\nLes \u00ab Roman Milan 6+ \u00bb, de tout premiers romans pour prendre go\u00fbt \u00e0 la lecture ! Avec, en bonus, deux pages avec des questions pour ouvrir la discussion autour de l'histoire, en famille ou entre copains.\r","authors":["Elizabeth Barf\u00e9ty","H\u00e9l\u00e8ne Canac"],"category_codes":["2000000","2040000","2040300"],"visuals":{"large":"https:\/\/images.epagine.fr\/909\/9782408057909_1_75.jpg","medium":"https:\/\/images.epagine.fr\/909\/9782408057909_1_m.jpg","thumbnail":"https:\/\/images.epagine.fr\/909\/9782408057909_1_v.jpg"},"orderable":true,"show_badge":true,"formatted_price":"6,50&nbsp;\u20ac","formatted_published_date":"10 septembre 2025","publisher_availability_label":"Sur commande","short_details":"Elizabeth Barf\u00e9ty, H\u00e9l\u00e8ne Canac \u2014 Milan","translator":null,"weight":120,"page_count":48,"readership":"\u00e0 partir de 6 ANS","editor":"Milan","price":650,"published_date":"2025-09-09T22:00:00.000000Z","support":"Grand format","publisher_availability":1,"stock":0,"editions":[],"url":"https:\/\/quaidesbrumes.com\/ouvrage\/9782408057909\/le-ouaf-club-mene-lenquete-tome-1-pedro-a-disparu"},{"id":"9782490102624","title":"Constellations : Tome 2","description":"\u00ab C'est dans le ciel \u00e9toil\u00e9 que naissent les songes des r\u00eaveurs \u00e9veill\u00e9s. Quand le soleil se retire et que la nuit \u00e9tend sa couverture d'ombres, dans le ciel perc\u00e9 de brillances, d'\u00e9tranges figures prennent forme. Ce sont les constellations, cr\u00e9atures imaginaires et h\u00e9ros l\u00e9gendaires qui donnent vie aux innombrables \u00e9toiles de la voute c\u00e9leste. Sauras-tu les reconna\u00eetre ? \u00bb\r\n\u00ab Constellations \u00bb est un livre pour tous les explorateurs du ciel qui r\u00eavent de voyager \u00e0 travers les \u00e9toiles. C'est une invitation \u00e0 partir \u00e0 la d\u00e9couverte des constellations, ces images du ciel nocturne qui racontent les r\u00eaves des hommes, leurs contes et leurs l\u00e9gendes.\r\nDans ce nouvel opus, huit nouvelles constellations \u00e0 d\u00e9couvrir !","authors":["Paul Geai","Jeanne Picq"],"category_codes":["2000000","2070000","2070600"],"visuals":{"large":"https:\/\/images.epagine.fr\/624\/9782490102624_1_75.jpg","medium":"https:\/\/images.epagine.fr\/624\/9782490102624_1_m.jpg","thumbnail":"https:\/\/images.epagine.fr\/624\/9782490102624_1_v.jpg"},"orderable":true,"show_badge":false,"formatted_price":"34,00&nbsp;\u20ac","formatted_published_date":"5 d\u00e9cembre 2025","publisher_availability_label":"Sur commande","short_details":"Paul Geai, Jeanne Picq \u2014 Le Cosmographe","translator":null,"weight":340,"page_count":52,"readership":null,"editor":"Le Cosmographe","price":3400,"published_date":"2025-12-04T23:00:00.000000Z","support":"Grand format","publisher_availability":1,"stock":1,"editions":[],"url":"https:\/\/quaidesbrumes.com\/ouvrage\/9782490102624\/constellations-tome-2"},{"id":"9782884451512","title":"Lili a \u00e9t\u00e9 suivie","description":"Lili est suivie dans la rue par quelqu'un qui lui demande de l'accompagner. Comme elle sent le danger, elle dit NON et arrive \u00e0 trouver de l'aide. Une histoire pour apprendre \u00e0 se prot\u00e9ger des gens qui ne respectent pas les enfants pour ne plus avoir peur et pouvoir en parler avec humour et v\u00e9rit\u00e9.","authors":["Serge Bloch","Dominique de Saint-Mars"],"category_codes":["2000000","2040000","2040200"],"visuals":{"large":"https:\/\/images.epagine.fr\/512\/9782884451512_1_75.jpg","medium":"https:\/\/images.epagine.fr\/512\/9782884451512_1_m.jpg","thumbnail":"https:\/\/images.epagine.fr\/512\/9782884451512_1_v.jpg"},"orderable":true,"show_badge":true,"formatted_price":"6,20&nbsp;\u20ac","formatted_published_date":"3 ao\u00fbt 1995","publisher_availability_label":"Sur commande","short_details":"Serge Bloch, Dominique de Saint-Mars \u2014 Calligram","translator":null,"weight":117,"page_count":41,"readership":"6\/9 ans","editor":"Calligram","price":620,"published_date":"1995-08-02T22:00:00.000000Z","support":"Grand format","publisher_availability":1,"stock":0,"editions":[],"url":"https:\/\/quaidesbrumes.com\/ouvrage\/9782884451512\/lili-a-ete-suivie"},{"id":"9782757822388","title":"Trois hommes dans un bateau (sans oublier le chien)","description":"Trois amis, se sentant surmen\u00e9s, d\u00e9cident de remonter la Tamise en bateau. Les vacances id\u00e9ales pour respirer un peu d'air pur, faire de l'exercice et se d\u00e9tendre ! Malgr\u00e9 les protestations de leur chien Montmorency, ils se lancent dans les pr\u00e9paratifs du voyage, et partent \u00e0 l'aventure. Sayn\u00e8tes comiques et digressions hilarantes sur les comportements humains s'encha\u00eenent au fil de l'eau.\r","authors":["Jerome K. Jerome","Catherine Naveau","Jean-Loup Chiflet"],"category_codes":["1000000","1010000"],"visuals":{"large":"https:\/\/images.epagine.fr\/388\/9782757822388_1_75.jpg","medium":"https:\/\/images.epagine.fr\/388\/9782757822388_1_m.jpg","thumbnail":"https:\/\/images.epagine.fr\/388\/9782757822388_1_v.jpg"},"orderable":true,"show_badge":false,"formatted_price":"10,80&nbsp;\u20ac","formatted_published_date":"7 avril 2011","publisher_availability_label":"Sur commande","short_details":"Jerome K. Jerome, Catherine Naveau, Jean-Loup Chiflet \u2014 Points","translator":"CATHERINE NAVEAU","weight":194,"page_count":276,"readership":null,"editor":"Points","price":1080,"published_date":"2011-04-06T22:00:00.000000Z","support":"Poche","publisher_availability":1,"stock":1,"editions":[],"url":"https:\/\/quaidesbrumes.com\/ouvrage\/9782757822388\/trois-hommes-dans-un-bateau-sans-oublier-le-chien"},{"id":"9782408008659","title":"Mes p'tits docs : la ferme","description":"Bienvenue \u00e0 la ferme ! Il est tr\u00e8s t\u00f4t, mais le fermier et la fermi\u00e8re sont d\u00e9j\u00e0 au travail. Il faut traire les vaches, donner du grain aux poules, soigner les cochons et tondre les moutons. Dans le champ, le tracteur roule doucement, pour r\u00e9pandre le fumier sur le sol : une fois les terres labour\u00e9es, on pourra y semer les grains de ma\u00efs. Un \"P'tit doc\" pour d\u00e9couvrir l'univers agricole !\r","authors":["Robert Barborini","St\u00e9phanie Ledu"],"category_codes":["2000000","2070000","2070300"],"visuals":{"large":"https:\/\/images.epagine.fr\/659\/9782408008659_1_75.jpg","medium":"https:\/\/images.epagine.fr\/659\/9782408008659_1_m.jpg","thumbnail":"https:\/\/images.epagine.fr\/659\/9782408008659_1_v.jpg"},"orderable":true,"show_badge":true,"formatted_price":"7,90&nbsp;\u20ac","formatted_published_date":"10 avril 2019","publisher_availability_label":"Sur commande","short_details":"Robert Barborini, St\u00e9phanie Ledu \u2014 Milan","translator":null,"weight":256,"page_count":32,"readership":"\u00e0 partir de 4 ANS","editor":"Milan","price":790,"published_date":"2019-04-09T22:00:00.000000Z","support":"Grand format","publisher_availability":1,"stock":0,"editions":[],"url":"https:\/\/quaidesbrumes.com\/ouvrage\/9782408008659\/mes-ptits-docs-la-ferme"},{"id":"9782266269940","title":"La rivi\u00e8re \u00e0 l'envers : Int\u00e9grale Tomes 1 et 2","description":"Les incroyables \u00e9pop\u00e9es de Tomek et Hannah sur les traces de l'eau de la rivi\u00e8re qui rend immortel enfin r\u00e9unies dans une int\u00e9grale !\r\n \r\nLa For\u00eat de l'Oubli, le village des Parfumeurs, l'\u00cele Inexistante... C'est un voyage fabuleux qui va entra\u00eener Tomek et Hannah, deux jeunes orphelins, jusqu'au bout du monde. Trouveront-ils cette rivi\u00e8re qui coule \u00e0 l'envers et dont l'eau emp\u00eache de mourir ? Ou bien autre chose qu'ils ne cherchaient pas ?","authors":["Jean-Claude Mourlevat"],"category_codes":["2000000","2040000","2040500","2040503"],"visuals":{"large":"https:\/\/images.epagine.fr\/940\/9782266269940_1_75.jpg","medium":"https:\/\/images.epagine.fr\/940\/9782266269940_1_m.jpg","thumbnail":"https:\/\/images.epagine.fr\/940\/9782266269940_1_v.jpg"},"orderable":true,"show_badge":true,"formatted_price":"11,90&nbsp;\u20ac","formatted_published_date":"17 novembre 2016","publisher_availability_label":"Sur commande","short_details":"Jean-Claude Mourlevat \u2014 Pocket Jeunesse","translator":null,"weight":415,"page_count":384,"readership":"9\/12 ans","editor":"Pocket Jeunesse","price":1190,"published_date":"2016-11-16T23:00:00.000000Z","support":"Poche","publisher_availability":1,"stock":0,"editions":["9782367624181"],"url":"https:\/\/quaidesbrumes.com\/ouvrage\/9782266269940\/la-riviere-a-lenvers-integrale-tomes-1-et-2"},{"id":"9791039542784","title":"Spirales magiques : Attrape-r\u00eaves","description":"Un magnifique attrape-r\u00eaves brillant \u00e0 construire et \u00e0 d\u00e9corer avec de jolies spirales magiques cr\u00e9\u00e9es \u00e0 l'aide de ta r\u00e9glette !\r\nUn attrape-r\u00eaves \u00e0 remplir de spirales magiques et \u00e0 monter \u00e0 l'aide d'un joli fil dor\u00e9, d'une dizaine de perles paillet\u00e9es et d'une r\u00e9glette pour cr\u00e9er des spirales \u00e0 l'infini.","authors":["Collectif"],"category_codes":["2000000","2060000","2060300"],"visuals":{"large":"https:\/\/images.epagine.fr\/784\/9791039542784_1_75.jpg","medium":"https:\/\/images.epagine.fr\/784\/9791039542784_1_m.jpg","thumbnail":"https:\/\/images.epagine.fr\/784\/9791039542784_1_v.jpg"},"orderable":true,"show_badge":true,"formatted_price":"0,00&nbsp;\u20ac","formatted_published_date":"23 janvier 2025","publisher_availability_label":"Sur commande","short_details":"Collectif \u2014 Auzou","translator":null,"weight":222,"page_count":null,"readership":"\u00e0 partir de 6 ANS","editor":"Auzou","price":0,"published_date":"2025-01-22T23:00:00.000000Z","support":"Coffret \/ Bo&icirc;te","publisher_availability":1,"stock":0,"editions":[],"url":"https:\/\/quaidesbrumes.com\/ouvrage\/9791039542784\/spirales-magiques-attrape-reves"},{"id":"9782901000105","title":"Le roi de la Lune","description":"La jeune Anathilde voit un soir d\u00e9barquer dans sa chambre le Roi de la Lune, bonhomme tyrannique \u00e0 la t\u00eate gigantesque. Le petit monarque embarque la jeune fille avec lui dans sa plus\u00e9e, direction la Lune ! Sit\u00f4t arriv\u00e9s, Anathilde d\u00e9couvre la cohorte du petit roi : les Lunars, d'\u00e9tranges cr\u00e9atures s'affairant dans la collection de jouets de leur souverain. Celui-ci s'av\u00e8re \u00eatre en fait un butin constitu\u00e9 de jouets vol\u00e9s aux enfants sur Terre. Devenant la complice malgr\u00e9 elle du Roi de la Lune, Anathilde, va se retrouver impliqu\u00e9e dans une machination visant \u00e0 d\u00e9rober le train \u00e9lectrique d'un enfant malade. B\u00e9reng\u00e8re Cournut et Donatien Mary d\u00e9veloppent une histoire \u00e0 rebondissements, s'inscrivant dans la lign\u00e9e de chefs d'oeuvres de la litt\u00e9rature jeunesse tels que Babar de Jean de Brunhoff, ou rappelant l'esth\u00e9tique des r\u00e9cits illustr\u00e9s de Andr\u00e9 Hell\u00e9. Depuis quelques ann\u00e9es, nous construisons notre catalogue 2024 assez librement, entre bande dessin\u00e9e et livres illustr\u00e9s ; des r\u00e9cits en images, d\u00e9tach\u00e9s du r\u00e9el et, jusqu'ici, plut\u00f4t pour un public adulte, m\u00eame si la fronti\u00e8re est souvent floue. Nos envies, et celles des auteurs que nous accompagnons, nous poussent aussi \u00e0 travailler vers de plus jeunes lecteurs, les lecteurs du futur. Aujourd'hui, pour une meilleure lisibilit\u00e9 de notre catalogue, nous cr\u00e9ons \u00e0 ces fins notre label jeunesse : 4048 ! Livres illustr\u00e9s, albums, bandes dessin\u00e9es, nous ne quitterons pas vraiment nos aires de jeu : des histoires, de l'aventure, du caract\u00e8re, du souffle... 2024 est bien vivant, et vive 4048 !","authors":["B\u00e9reng\u00e8re Cournut","Donatien Mary"],"category_codes":["2000000","2030000","2030400"],"visuals":{"large":"https:\/\/images.epagine.fr\/105\/9782901000105_1_75.jpg","medium":"https:\/\/images.epagine.fr\/105\/9782901000105_1_m.jpg","thumbnail":"https:\/\/images.epagine.fr\/105\/9782901000105_1_v.jpg"},"orderable":true,"show_badge":false,"formatted_price":"19,00&nbsp;\u20ac","formatted_published_date":"21 ao\u00fbt 2019","publisher_availability_label":"Sur commande","short_details":"B\u00e9reng\u00e8re Cournut, Donatien Mary \u2014 \u00c9ditions 2024","translator":null,"weight":1000,"page_count":48,"readership":"\u00e0 partir de 3 ANS","editor":"\u00c9ditions 2024","price":1900,"published_date":"2019-08-20T22:00:00.000000Z","support":"Grand format","publisher_availability":1,"stock":1,"editions":[],"url":"https:\/\/quaidesbrumes.com\/ouvrage\/9782901000105\/le-roi-de-la-lune"},{"id":"9782203257276","title":"Gaston, monstre mignon","description":"Un monstre tr\u00e8s mignon pour Halloween ! Quand on veut absolument \u00eatre un monstre monstrueux, on veut crier, rugir, faire peur.... Mais parfois, la nature en d\u00e9cide autrement ! Un livre pour faire rire les tout-petits et apprivoiser leurs peurs.\r","authors":["H\u00e9l\u00e8ne Chetaud"],"category_codes":["2000000","2020000","2020500"],"visuals":{"large":"https:\/\/images.epagine.fr\/276\/9782203257276_1_75.jpg","medium":"https:\/\/images.epagine.fr\/276\/9782203257276_1_m.jpg","thumbnail":"https:\/\/images.epagine.fr\/276\/9782203257276_1_v.jpg"},"orderable":true,"show_badge":true,"formatted_price":"6,95&nbsp;\u20ac","formatted_published_date":"9 octobre 2024","publisher_availability_label":"Sur commande","short_details":"H\u00e9l\u00e8ne Chetaud \u2014 Casterman","translator":null,"weight":180,"page_count":12,"readership":"0\/3 ans","editor":"Casterman","price":695,"published_date":"2024-10-08T22:00:00.000000Z","support":"Grand format","publisher_availability":1,"stock":0,"editions":[],"url":"https:\/\/quaidesbrumes.com\/ouvrage\/9782203257276\/gaston-monstre-mignon"},{"id":"9782092491768","title":"Pers\u00e9e et le regard de pierre","description":"Les Histoires noires de la Mythologie : Pers\u00e9e et le regard de pierre  \" Pers\u00e9e pr\u00e9cisa, la voix mal assur\u00e9e :\r\n- Sur un plateau, je te l'apporterai, la t\u00eate de M\u00e9duse...\r\n- La t\u00eate de M\u00e9duse... repris Polydect\u00e8s. Quelle excellente id\u00e9e, mon gar\u00e7on ! Va, pars au-del\u00e0 des mers, trouve le refuge des Gorgones, tue la plus laide d'entre elles et rapporte-moi ton troph\u00e9e. \" Les r\u00e9cits les plus sombres de la mythologie adapt\u00e9s pour les adolescants.\r\nD\u00e8s 12 ans.\r","authors":["Aline Bureau","H\u00e9l\u00e8ne Montardre"],"category_codes":["2000000","2050000","2050200"],"visuals":{"large":"https:\/\/images.epagine.fr\/768\/9782092491768_1_75.jpg","medium":"https:\/\/images.epagine.fr\/768\/9782092491768_1_m.jpg","thumbnail":"https:\/\/images.epagine.fr\/768\/9782092491768_1_v.jpg"},"orderable":true,"show_badge":true,"formatted_price":"6,95&nbsp;\u20ac","formatted_published_date":"9 septembre 2021","publisher_availability_label":"Sur commande","short_details":"Aline Bureau, H\u00e9l\u00e8ne Montardre \u2014 Nathan","translator":null,"weight":207,"page_count":128,"readership":"\u00e0 partir de 12 ANS","editor":"Nathan","price":695,"published_date":"2021-09-08T22:00:00.000000Z","support":"Grand format","publisher_availability":1,"stock":0,"editions":[],"url":"https:\/\/quaidesbrumes.com\/ouvrage\/9782092491768\/persee-et-le-regard-de-pierre"},{"id":"9782095042929","title":"Chasse-Noisette","description":"Plongez dans la magie de No\u00ebl avec un magnifique album o\u00f9 Max et Ginger vivent une aventure f\u00e9erique nocturne \u00e0 l'Op\u00e9ra de Paris \u00e0 la recherche de personnages disparus !\r\nL'histoire : Ce soir, Max, Ginger et leurs amis dansent un c\u00e9l\u00e8bre ballet sur la sc\u00e8ne de l'Op\u00e9ra de Paris !\r\nMais... \u00e7a alors ! Deux personnages de l'histoire, la f\u00e9e Drag\u00e9e et le Prince Orgeat, ont disparu !\r\nMax et Ginger profitent de l'entracte pour d\u00e9marrer une course poursuite f\u00e9\u00e9rique dans Paris la nuit \u00e0 la recherche de leurs amis ! Une ambiance magique et un clin d'oeil \u00e0 Casse-Noisette !\r\n\r\nUn livre qui transporte les enfants dans l'univers enchanteur du ballet, avec une touche d'aventure et de myst\u00e8re !\r\nL'univers po\u00e9tique et tendre de deux autrices incontournables : Astrid Desbordes et Pauline Martin.\r","authors":["Astrid Desbordes","Pauline Martin"],"category_codes":["2000000","2030000","2030400"],"visuals":{"large":"https:\/\/images.epagine.fr\/929\/9782095042929_1_75.jpg","medium":"https:\/\/images.epagine.fr\/929\/9782095042929_1_m.jpg","thumbnail":"https:\/\/images.epagine.fr\/929\/9782095042929_1_v.jpg"},"orderable":true,"show_badge":true,"formatted_price":"15,95&nbsp;\u20ac","formatted_published_date":"9 octobre 2025","publisher_availability_label":"Sur commande","short_details":"Astrid Desbordes, Pauline Martin \u2014 Nathan","translator":null,"weight":564,"page_count":32,"readership":"\u00e0 partir de 4 ANS","editor":"Nathan","price":1595,"published_date":"2025-10-08T22:00:00.000000Z","support":"Grand format","publisher_availability":1,"stock":0,"editions":[],"url":"https:\/\/quaidesbrumes.com\/ouvrage\/9782095042929\/chasse-noisette"},{"id":"9782017868644","title":"BFF : best friends forever ! Tome 2 : face \u00e0 face","description":"Charlotte et \u00c9milie sont de nouveau s\u00e9par\u00e9es dans deux coll\u00e8ges diff\u00e9rents. Les deux meilleures amies ont pourtant vraiment besoin d'\u00eatre ensemble, elles ont tellement de choses \u00e0 se raconter ! Mais lorsqu'elles sont de nouveau r\u00e9unies, c'est pour s'affronter lors de grandes olympiades intercoll\u00e8ges. Comp\u00e9tition et amiti\u00e9 sont-elles compatibles ? Les deux jeunes filles vont vite devoir trouver la r\u00e9ponse.","authors":["Marilou Addison","Genevi\u00e8ve Guilbault"],"category_codes":["2000000","2040000","2040300"],"visuals":{"large":"https:\/\/images.epagine.fr\/644\/9782017868644_1_75.jpg","medium":"https:\/\/images.epagine.fr\/644\/9782017868644_1_m.jpg","thumbnail":"https:\/\/images.epagine.fr\/644\/9782017868644_1_v.jpg"},"orderable":true,"show_badge":true,"formatted_price":"7,90&nbsp;\u20ac","formatted_published_date":"3 juin 2020","publisher_availability_label":"Sur commande","short_details":"Marilou Addison, Genevi\u00e8ve Guilbault \u2014 Le Livre de Poche Jeunesse","translator":null,"weight":224,"page_count":368,"readership":"\u00e0 partir de 9 ANS","editor":"Le Livre de Poche Jeunesse","price":790,"published_date":"2020-06-02T22:00:00.000000Z","support":"Poche","publisher_availability":1,"stock":0,"editions":["9782215135982"],"url":"https:\/\/quaidesbrumes.com\/ouvrage\/9782017868644\/bff-best-friends-forever-tome-2-face-a-face"},{"id":"9782017213574","title":"Polar vert - saison 1 Tome 1 : les algues assassines","description":"Une plage bretonne recouverte d'algues vertes toxiques. Un cavalier dans le coma. Et sa soeur, Klervi, qui court tout droit vers l'enfer. Mar\u00e9es vertes. Trafics d'esp\u00e8ces prot\u00e9g\u00e9es. Les crimes contre l'environnement sont des crimes aussi graves que les autres. Klervi, du jour au lendemain, se retrouve au centre de l'enqu\u00eate, \u00e0 la fois t\u00e9moin et coupable. Quel r\u00f4le va-t-elle y  jouer ?","authors":["Thierry Colombi\u00e9"],"category_codes":["2000000","2050000","2050200","2050206"],"visuals":{"large":"https:\/\/images.epagine.fr\/574\/9782017213574_1_75.jpg","medium":"https:\/\/images.epagine.fr\/574\/9782017213574_1_m.jpg","thumbnail":"https:\/\/images.epagine.fr\/574\/9782017213574_1_v.jpg"},"orderable":true,"show_badge":true,"formatted_price":"6,90&nbsp;\u20ac","formatted_published_date":"22 mars 2023","publisher_availability_label":"Sur commande","short_details":"Thierry Colombi\u00e9 \u2014 Le Livre de Poche Jeunesse","translator":null,"weight":165,"page_count":256,"readership":"\u00e0 partir de 14 ans","editor":"Le Livre de Poche Jeunesse","price":690,"published_date":"2023-03-21T23:00:00.000000Z","support":"Poche","publisher_availability":1,"stock":0,"editions":[],"url":"https:\/\/quaidesbrumes.com\/ouvrage\/9782017213574\/polar-vert-saison-1-tome-1-les-algues-assassines"},{"id":"9782371023796","title":"La saga Lightlark Tome 2 : Nightbane","description":"Elle est le rem\u00e8de et le poison...\r\nPour les sauver, elle devra faire un choix\r\nVoil\u00e0 pr\u00e8s de cinq si\u00e8cles que personne n'avait r\u00e9ussi \u00e0 remporter le Centennal... Et pourtant, apr\u00e8s d'\u00e2pres \u00e9preuves, Isla Calys en est devenue la grande vainqueur. Mais la comp\u00e9tition meurtri\u00e8re a laiss\u00e9 des traces. La jeune monarque se remet \u00e0 peine d'une terrible trahison qu'elle doit d\u00e9j\u00e0 apprendre \u00e0 ma\u00eetriser ses tout nouveaux pouvoirs. Sans compter qu'il lui faut d\u00e9sormais r\u00e9gner non pas sur un, mais sur deux royaumes.\r\n\r\nOr, la r\u00e9bellion gronde sur l'\u00eele de Lightlark. Alors que de nouveaux dangers se profilent et qu'une mort certaine menace l'archipel tout entier, d'aucuns mettent en doute la l\u00e9gitimit\u00e9 de la Sauvage \u00e0 assurer leur survie. Les secrets du pass\u00e9 commencent \u00e0 refaire surface et le temps presse. Isla va devoir trouver un \u00e9quilibre entre ses responsabilit\u00e9s de souveraine et les caprices du plus dangereux des tra\u00eetres : son coeur.\r\n\r\nDuplicit\u00e9, mensonges, conspirations et coups de th\u00e9\u00e2tre qui rebattent sans cesse les cartes de cette s\u00e9rie de dark fantasy... La Saga Lightlark, ph\u00e9nom\u00e8ne mondial qui s'est hiss\u00e9 jusqu'au sommet des listes de best-sellers du New York Times, est un incontournable pour les fans de Marie Lu, Marissa Meyer ou Leigh Bardugo.","authors":["Alex Aster","Sarah Dali"],"category_codes":["2000000","2050000","2050200","2050204"],"visuals":{"large":"https:\/\/images.epagine.fr\/796\/9782371023796_1_75.jpg","medium":"https:\/\/images.epagine.fr\/796\/9782371023796_1_m.jpg","thumbnail":"https:\/\/images.epagine.fr\/796\/9782371023796_1_v.jpg"},"orderable":true,"show_badge":true,"formatted_price":"17,00&nbsp;\u20ac","formatted_published_date":"18 avril 2024","publisher_availability_label":"Sur commande","short_details":"Alex Aster, Sarah Dali \u2014 \u00c9ditions Lumen","translator":"SARAH DALI","weight":654,"page_count":591,"readership":"\u00e0 partir de 12 ANS","editor":"\u00c9ditions Lumen","price":1700,"published_date":"2024-04-17T22:00:00.000000Z","support":"Grand format","publisher_availability":1,"stock":0,"editions":["9782371024434"],"url":"https:\/\/quaidesbrumes.com\/ouvrage\/9782371023796\/la-saga-lightlark-tome-2-nightbane"},{"id":"9782095025809","title":"Mon imagier anim\u00e9 : Les l\u00e9gumes","description":"Un imagier anim\u00e9 qui invite \u00e0 la d\u00e9couverte des l\u00e9gumes du potager !\r\n4 doubles-pages associent imagier et petites sc\u00e9nettes sur le th\u00e8me des l\u00e9gumes du potager :\r\nQuel l\u00e9gume-fruit devient tout rouge ?\r\nQuel l\u00e9gume jaune se cache derri\u00e8re ces feuilles ?\r\nQuel l\u00e9gume rose pousse dans la terre ?\r\nQu'y a-t-il dans cette cosse verte ?\r\nA la fin du livre, on retrouve tous les mots \u00e0 nommer...\r\nUn livre avec des animations tr\u00e8s solides adapt\u00e9es aux petites mains des b\u00e9b\u00e9s d\u00e8s 1 an.","authors":["Nathalie Choux"],"category_codes":["2000000","2020000","2020500"],"visuals":{"large":"https:\/\/images.epagine.fr\/809\/9782095025809_1_75.jpg","medium":"https:\/\/images.epagine.fr\/809\/9782095025809_1_m.jpg","thumbnail":"https:\/\/images.epagine.fr\/809\/9782095025809_1_v.jpg"},"orderable":true,"show_badge":true,"formatted_price":"8,95&nbsp;\u20ac","formatted_published_date":"7 mai 2025","publisher_availability_label":"Sur commande","short_details":"Nathalie Choux \u2014 Nathan","translator":null,"weight":294,"page_count":10,"readership":"\u00e0 partir de 1 AN","editor":"Nathan","price":895,"published_date":"2025-05-06T22:00:00.000000Z","support":"Grand format","publisher_availability":1,"stock":0,"editions":[],"url":"https:\/\/quaidesbrumes.com\/ouvrage\/9782095025809\/mon-imagier-anime-les-legumes"},{"id":"9782095028527","title":"Les \u00e9motions : mon imagier anim\u00e9","description":"La collection pr\u00e9f\u00e9r\u00e9e des b\u00e9b\u00e9s !\r\nUn imagier avec 5 animations tr\u00e8s solides con\u00e7ues pour les petites mains afin de d\u00e9couvrir les noms des \u00e9motions et d'aider b\u00e9b\u00e9 \u00e0 les identifier gr\u00e2ce \u00e0 des situations de la vie quotidienne.\r\nLa tristesse : on fait couler les larmes de la petite fille.\r\nLa joie : on fait un c\u00e2lin \u00e0 maman.\r\nLa col\u00e8re : on se dispute pour un jouet.\r\nLa peur : on fait appara\u00eetre une ombre dans la chambre.\r\nLa surprise : on d\u00e9couvre ce qui est cach\u00e9 dans le cadeau.\r","authors":["Nathalie Choux"],"category_codes":["2000000","2020000","2020500"],"visuals":{"large":"https:\/\/images.epagine.fr\/527\/9782095028527_1_75.jpg","medium":"https:\/\/images.epagine.fr\/527\/9782095028527_1_m.jpg","thumbnail":"https:\/\/images.epagine.fr\/527\/9782095028527_1_v.jpg"},"orderable":true,"show_badge":true,"formatted_price":"8,95&nbsp;\u20ac","formatted_published_date":"11 avril 2024","publisher_availability_label":"Sur commande","short_details":"Nathalie Choux \u2014 Nathan","translator":null,"weight":313,"page_count":10,"readership":"\u00e0 partir de 1 AN","editor":"Nathan","price":895,"published_date":"2024-04-10T22:00:00.000000Z","support":"Grand format","publisher_availability":1,"stock":0,"editions":[],"url":"https:\/\/quaidesbrumes.com\/ouvrage\/9782095028527\/les-emotions-mon-imagier-anime"},{"id":"9782080490124","title":"Mon coloriage \u00e0 l'eau : Les transports","description":"6 planches \u00e0 colorier et des infos documentaires.\r\nR\u00e9v\u00e8le la magie des images\u00a0!\r\n1- D\u00e9visse le bouchon de ton pinceau et remplis-le avec de l'eau.\r\n2- Colorie la page\u00a0:\u00a0les couleurs apparaissent imm\u00e9diatement\u00a0!\r\n3- Laisse s\u00e9cher ton dessin\u00a0:\u00a0les couleurs s'effacent en quelques minutes.\r\nTu peux recommencer \u00e0 l'infini\u00a0!\r","authors":["Olivier Latyk"],"category_codes":["2000000","2080000","2080300"],"visuals":{"large":"https:\/\/images.epagine.fr\/124\/9782080490124_1_75.jpg","medium":"https:\/\/images.epagine.fr\/124\/9782080490124_1_m.jpg","thumbnail":"https:\/\/images.epagine.fr\/124\/9782080490124_1_v.jpg"},"orderable":true,"show_badge":true,"formatted_price":"9,50&nbsp;\u20ac","formatted_published_date":"15 octobre 2025","publisher_availability_label":"Sur commande","short_details":"Olivier Latyk \u2014 P\u00e8re Castor","translator":null,"weight":274,"page_count":12,"readership":null,"editor":"P\u00e8re Castor","price":950,"published_date":"2025-10-14T22:00:00.000000Z","support":"Papeterie \/ Coloriage","publisher_availability":1,"stock":0,"editions":[],"url":"https:\/\/quaidesbrumes.com\/ouvrage\/9782080490124\/mon-coloriage-a-leau-les-transports"},{"id":"9782017335979","title":"Mon carnet Top Secret","description":"Un carnet 100 % top secret gr\u00e2ce \u00e0 son cadenas \u00e0 code incrust\u00e9 dans la couverture. 128 pages proposant des infos documentaires (codes et cryptages c\u00e9l\u00e8bres, Enigma, relev\u00e9s d'empreintes, encre invisible, etc.) et plein de trucs et astuces amusants pour apprendre \u00e0 communiquer discr\u00e8tement, avec aussi des pages de journal pour y noter tous ses secrets.\r","authors":["Vincent Bergier"],"category_codes":["2000000","2080000","2080500"],"visuals":{"large":"https:\/\/images.epagine.fr\/979\/9782017335979_1_75.jpg","medium":"https:\/\/images.epagine.fr\/979\/9782017335979_1_m.jpg","thumbnail":"https:\/\/images.epagine.fr\/979\/9782017335979_1_v.jpg"},"orderable":true,"show_badge":true,"formatted_price":"0,00&nbsp;\u20ac","formatted_published_date":"18 mars 2026","publisher_availability_label":"Sur commande","short_details":"Vincent Bergier \u2014 \u00c9ditions Deux Coqs d'Or","translator":null,"weight":475,"page_count":144,"readership":"\u00e0 partir de 6 ANS","editor":"\u00c9ditions Deux Coqs d'Or","price":0,"published_date":"2026-03-17T23:00:00.000000Z","support":"Papeterie \/ Coloriage","publisher_availability":1,"stock":0,"editions":[],"url":"https:\/\/quaidesbrumes.com\/ouvrage\/9782017335979\/mon-carnet-top-secret"},{"id":"9782215194330","title":"Les monuments de Paris","description":"Bienvenue \u00e0 Paris, la ville-mus\u00e9e ! Riche d'un patrimoine exceptionnel, la capitale de la France compte de nombreux monuments qui racontent son histoire, son pass\u00e9 mais aussi son avenir ! Grands mus\u00e9es, tour Eiffel, lieux de culte, de savoir, de pouvoir ou de spectacles, ponts, places... Visitez Paris comme vous ne l'avez jamais vu !\r","authors":["Philippe Simon"],"category_codes":["2000000","2070000","2070400"],"visuals":{"large":"https:\/\/images.epagine.fr\/330\/9782215194330_1_75.jpg","medium":"https:\/\/images.epagine.fr\/330\/9782215194330_1_m.jpg","thumbnail":"https:\/\/images.epagine.fr\/330\/9782215194330_1_v.jpg"},"orderable":true,"show_badge":true,"formatted_price":"8,95&nbsp;\u20ac","formatted_published_date":"7 mars 2025","publisher_availability_label":"Sur commande","short_details":"Philippe Simon \u2014 Fleurus","translator":null,"weight":364,"page_count":32,"readership":null,"editor":"Fleurus","price":895,"published_date":"2025-03-06T23:00:00.000000Z","support":"Grand format","publisher_availability":1,"stock":0,"editions":[],"url":"https:\/\/quaidesbrumes.com\/ouvrage\/9782215194330\/les-monuments-de-paris"},{"id":"9782215195108","title":"La ferme","description":"D\u00e9couvre les animaux de la ferme, les fruits du verger et les engins agricoles et amuse-toi \u00e0 reconna\u00eetre le bruit du tracteur, le chant du coq ou le grognement du cochon.\r","authors":["L\u00e9a Fabre"],"category_codes":["2000000","2070000","2070300"],"visuals":{"large":"https:\/\/images.epagine.fr\/108\/9782215195108_1_75.jpg","medium":"https:\/\/images.epagine.fr\/108\/9782215195108_1_m.jpg","thumbnail":"https:\/\/images.epagine.fr\/108\/9782215195108_1_v.jpg"},"orderable":true,"show_badge":true,"formatted_price":"14,95&nbsp;\u20ac","formatted_published_date":"27 mars 2026","publisher_availability_label":"Sur commande","short_details":"L\u00e9a Fabre \u2014 Fleurus","translator":null,"weight":412,"page_count":8,"readership":null,"editor":"Fleurus","price":1495,"published_date":"2026-03-26T23:00:00.000000Z","support":"Grand format","publisher_availability":1,"stock":0,"editions":[],"url":"https:\/\/quaidesbrumes.com\/ouvrage\/9782215195108\/la-ferme"},{"id":"9782203302648","title":"Le myst\u00e8re de la femme du tableau","description":"Enqu\u00eate, humour, peinture : un titre qui ravira les fans de Bruno Heitz.\r\n\r\nC'est un peintre du dimanche. Il ne peint que les dimanches : des paysages, des chapelles, des coins de rue. Sa maison est remplie de toiles, et personne ne les lui ach\u00e8te, alors le jour o\u00f9 il est ruin\u00e9, il d\u00e9cide de rendre chaque toile \u00e0 l'endroit qui la lui a inspir\u00e9e. La peinture du cypr\u00e8s est d\u00e9pos\u00e9e au pied de l'arbre, celle de l'\u00e9glise adoss\u00e9e au portail. Petit \u00e0 petit le peintre gagne en popularit\u00e9. Lorsqu'il s'appr\u00eate \u00e0 d\u00e9poser la peinture d'une maison avec une femme \u00e0 son balcon, il est appr\u00e9hend\u00e9 par la police, car la femme au balcon a disparu ! L'affaire fait grand bruit : le peintre du dimanche est-il responsable de cette disparition ? Myst\u00e8re ...","authors":["Bruno Heitz"],"category_codes":["2000000","2030000","2030400"],"visuals":{"large":"https:\/\/images.epagine.fr\/648\/9782203302648_1_75.jpg","medium":"https:\/\/images.epagine.fr\/648\/9782203302648_1_m.jpg","thumbnail":"https:\/\/images.epagine.fr\/648\/9782203302648_1_v.jpg"},"orderable":true,"show_badge":true,"formatted_price":"12,95&nbsp;\u20ac","formatted_published_date":"21 janvier 2026","publisher_availability_label":"Sur commande","short_details":"Bruno Heitz \u2014 Casterman","translator":null,"weight":272,"page_count":48,"readership":"\u00e0 partir de 6 ANS","editor":"Casterman","price":1295,"published_date":"2026-01-20T23:00:00.000000Z","support":"Grand format","publisher_availability":1,"stock":0,"editions":[],"url":"https:\/\/quaidesbrumes.com\/ouvrage\/9782203302648\/le-mystere-de-la-femme-du-tableau"},{"id":"9782095003753","title":"Les enqu\u00eates d'Enola Holmes Tome 4 : le secret de l'\u00e9ventail","description":"Ceux qui disent que Sherlock Holmes est le meilleur d\u00e9tective du monde ignorent encore l'existence de sa soeur ! \r\n \r\n \r\n \r\nVoil\u00e0 plus de huit mois que j'ai \u00e9chapp\u00e9 \u00e0 la vigilance de mes a\u00een\u00e9s, Mycroft et Sherlock Holmes. Depuis, j'ai ouvert un cabinet de \" Sp\u00e9cialiste en recherches - Toutes disparitions \", \u00e0 Londres, o\u00f9 je r\u00e9sous des enqu\u00eates. Or voici qu'en ce jour de mai 1889 je croise une ancienne connaissance en plein d\u00e9sarroi, Lady Cecily Alistair. Juste avant de dispara\u00eetre, elle me glisse un \u00e9ventail rose, qui rec\u00e8le un myst\u00e9rieux message. Comme je m'efforce d'en percer le secret, je me retrouve bient\u00f4t face \u00e0 un autre d\u00e9tective... mon fr\u00e8re Sherlock Un roman poche \u00e0 lire d\u00e8s 12 ans\r","authors":["Rapha\u00ebl Gauthey","Nancy Springer","Rose-Marie Vassallo-Villaneau"],"category_codes":["2000000","2050000","2050200","2050206"],"visuals":{"large":"https:\/\/images.epagine.fr\/753\/9782095003753_1_75.jpg","medium":"https:\/\/images.epagine.fr\/753\/9782095003753_1_m.jpg","thumbnail":"https:\/\/images.epagine.fr\/753\/9782095003753_1_v.jpg"},"orderable":true,"show_badge":true,"formatted_price":"7,99&nbsp;\u20ac","formatted_published_date":"6 octobre 2022","publisher_availability_label":"Sur commande","short_details":"Rapha\u00ebl Gauthey, Nancy Springer, Rose-Marie Vassallo-Villaneau \u2014 Nathan","translator":"ROSE-MARIE VASSALLO-VILLANEAU","weight":183,"page_count":240,"readership":"\u00e0 partir de 12 ANS","editor":"Nathan","price":799,"published_date":"2022-10-05T22:00:00.000000Z","support":"Poche","publisher_availability":1,"stock":0,"editions":[],"url":"https:\/\/quaidesbrumes.com\/ouvrage\/9782095003753\/les-enquetes-denola-holmes-tome-4-le-secret-de-leventail"},{"id":"9782352896289","title":"Le tambour","description":"Une nuit d'\u00e9t\u00e9, sous les \u00e9toiles, Sim\u00e9on s'enfonce dans le jardin, \u00e0 la recherche de son pr\u00e9cieux tambour. Mais dans le silence de la nuit, Sim\u00e9on va trouver bien plus qu'il ne cherche...\r\n\r\nSim\u00e9on est un enfant comme les autres, ou presque. Sim\u00e9on ne s'exprime qu'\u00e0 l'aide d'un tambour qui l'accompagne partout. Alors quand son pr\u00e9cieux instrument disparait la veille de ses 6 ans, tout devient tr\u00e8s compliqu\u00e9. Apr\u00e8s avoir fouill\u00e9 la maison pendant deux jours, Sim\u00e9on d\u00e9cide de partir \u00e0 la recherche de son compagnon dans le grand jardin, et s'il le faut, au-del\u00e0, dans la for\u00eat et les montagnes. Durant sa qu\u00eate, l'enfant devra affronter la nuit et l'inconnu, pr\u00eater attention aux bruits et aux silences des autres. Il d\u00e9couvrira de nouvelles facettes de sa personnalit\u00e9 et au milieu de tout cela, peut-\u00eatre trouvera-t-il sa propre voix ?\r","authors":["Jeanne Saboureault"],"category_codes":["2000000","2030000","2030400"],"visuals":{"large":"https:\/\/images.epagine.fr\/289\/9782352896289_1_75.jpg","medium":"https:\/\/images.epagine.fr\/289\/9782352896289_1_m.jpg","thumbnail":"https:\/\/images.epagine.fr\/289\/9782352896289_1_v.jpg"},"orderable":true,"show_badge":true,"formatted_price":"18,00&nbsp;\u20ac","formatted_published_date":"22 ao\u00fbt 2025","publisher_availability_label":"Sur commande","short_details":"Jeanne Saboureault \u2014 \u00c9ditions MeMo","translator":null,"weight":334,"page_count":56,"readership":"Tout public","editor":"\u00c9ditions MeMo","price":1800,"published_date":"2025-08-21T22:00:00.000000Z","support":"Grand format","publisher_availability":1,"stock":0,"editions":[],"url":"https:\/\/quaidesbrumes.com\/ouvrage\/9782352896289\/le-tambour"}]}