{"data":[{"id":"9782494202337","title":"Le Protocole","description":"GR\u00c2CE AU PROTOCOLE PLUS BESOIN DE DORMIR\r\n\r\n2121. L'humanit\u00e9 a \u00e9t\u00e9 soumise \u00e0 une th\u00e9rapie g\u00e9nique de masse pour survivre. Nous ne dormons plus. Un des effets secondaires est la production de blu\u00e9line, une hormone qui s'accumule dans notre organisme et nous rend violents. Mais Criosalis a tout pr\u00e9vu. Ils ont cr\u00e9\u00e9 Le Protocole pour nous en d\u00e9barrasser.\r\n\r\nJe suis Lycka Qum. Je suis la fille de Savdogar, patron de Criosalis. Et ce que j'ai d\u00e9couvert pourrait sauver l'humanit\u00e9... ou la d\u00e9truire.\r\n\r\n\u00c9dition reli\u00e9e collector en format poche.","authors":["Mary Adenne"],"category_codes":["2000000","2050000","2050200","2050205"],"visuals":{"large":"https:\/\/images.epagine.fr\/337\/9782494202337_1_75.jpg","medium":"https:\/\/images.epagine.fr\/337\/9782494202337_1_m.jpg","thumbnail":"https:\/\/images.epagine.fr\/337\/9782494202337_1_v.jpg"},"orderable":true,"show_badge":true,"formatted_price":"13,90&nbsp;\u20ac","formatted_published_date":"16 avril 2026","publisher_availability_label":"Sur commande","short_details":"Mary Adenne \u2014 \u00c9ditions du Gros Caillou","translator":null,"weight":400,"page_count":442,"readership":"\u00e0 partir de 12 ANS","editor":"\u00c9ditions du Gros Caillou","price":1390,"published_date":"2026-04-15T22:00:00.000000Z","support":"Poche","publisher_availability":1,"stock":0,"editions":[],"url":"https:\/\/quaidesbrumes.com\/ouvrage\/9782494202337\/le-protocole"},{"id":"9782211337717","title":"Le fant\u00f4me de Suzanne Foug\u00e8res","description":"Cette voix qui chuchote \u00e0 son oreille, In\u00e8s est seule \u00e0 l'entendre. Pourtant, elle en est s\u00fbre, elle n'est pas folle. Alors, plut\u00f4t que d'avoir peur, elle d\u00e9cide de rencontrer la cr\u00e9ature qui lui parle. Elle est loin de s'attendre \u00e0 ce qu'elle va d\u00e9couvrir...","authors":["Marie Desplechin","Fran\u00e7ois Roca"],"category_codes":["2000000","2040000","2040500"],"visuals":{"large":"https:\/\/images.epagine.fr\/717\/9782211337717_1_75.jpg","medium":"https:\/\/images.epagine.fr\/717\/9782211337717_1_m.jpg","thumbnail":"https:\/\/images.epagine.fr\/717\/9782211337717_1_v.jpg"},"orderable":true,"show_badge":true,"formatted_price":"12,00&nbsp;\u20ac","formatted_published_date":"11 septembre 2024","publisher_availability_label":"Sur commande","short_details":"Marie Desplechin, Fran\u00e7ois Roca \u2014 L'\u00c9cole des loisirs","translator":null,"weight":276,"page_count":160,"readership":"\u00e0 partir de 8 ANS","editor":"L'\u00c9cole des loisirs","price":1200,"published_date":"2024-09-10T22:00:00.000000Z","support":"Grand format","publisher_availability":1,"stock":0,"editions":[],"url":"https:\/\/quaidesbrumes.com\/ouvrage\/9782211337717\/le-fantome-de-suzanne-fougeres"},{"id":"9782012248274","title":"Madame Casse-Pieds","description":"Monsieur Non, Madame Canaille, Monsieur Costaud et tous leurs amis. Des personnages connus de tous les enfants pour d\u00e9couvrir les traits de caract\u00e8res et les premi\u00e8res notions avec humour. Une collection de r\u00e9f\u00e9rence, fortement prescrite dans les \u00e9coles.","authors":["Roger Hargreaves"],"category_codes":["2000000","2030000","2030400"],"visuals":{"large":"https:\/\/images.epagine.fr\/274\/9782012248274_1_75.jpg","medium":"https:\/\/images.epagine.fr\/274\/9782012248274_1_m.jpg","thumbnail":"https:\/\/images.epagine.fr\/274\/9782012248274_1_v.jpg"},"orderable":true,"show_badge":true,"formatted_price":"2,90&nbsp;\u20ac","formatted_published_date":"3 octobre 2007","publisher_availability_label":"Sur commande","short_details":"Roger Hargreaves \u2014 Hachette Jeunesse","translator":null,"weight":50,"page_count":40,"readership":"\u00e0 partir de 4 ANS","editor":"Hachette Jeunesse","price":290,"published_date":"2007-10-02T22:00:00.000000Z","support":"Poche","publisher_availability":1,"stock":0,"editions":[],"url":"https:\/\/quaidesbrumes.com\/ouvrage\/9782012248274\/madame-casse-pieds"},{"id":"9782017351542","title":"Invisible","description":"Qui n'a jamais souhait\u00e9 \u00eatre invisible ? Ou au contraire, qui n'a jamais souhait\u00e9 cesser d'\u00eatre invisible ? Le probl\u00e8me, c'est que je n'ai jamais r\u00e9ussi \u00e0 bien contr\u00f4ler ce pouvoir : quand je voulais \u00eatre invisible, les gens ne voyaient plus que moi, et quand je voulais que tout le monde me remarque, mon corps commen\u00e7ait \u00e0 dispara\u00eetre.\r\n\u00c9mouvant, poignant, diff\u00e9rent...\u00a0 Invisible\u00a0 raconte, \u00e0 travers les yeux d'un enfant, une histoire touchante sur ce que signifie grandir, m\u00fbrir et surmonter le traumatisme du harc\u00e8lement \u00e0 l'adolescence.","authors":["Eloy Moreno","Nicolas Ancion","Axelle Demoulin"],"category_codes":["2000000","2040000","2040500"],"visuals":{"large":"https:\/\/images.epagine.fr\/542\/9782017351542_1_75.jpg","medium":"https:\/\/images.epagine.fr\/542\/9782017351542_1_m.jpg","thumbnail":"https:\/\/images.epagine.fr\/542\/9782017351542_1_v.jpg"},"orderable":true,"show_badge":true,"formatted_price":"6,90&nbsp;\u20ac","formatted_published_date":"10 septembre 2025","publisher_availability_label":"Sur commande","short_details":"Eloy Moreno, Nicolas Ancion, Axelle Demoulin \u2014 Le Livre de Poche Jeunesse","translator":"NICOLAS ANCION","weight":190,"page_count":320,"readership":"\u00e0 partir de 12 ANS","editor":"Le Livre de Poche Jeunesse","price":690,"published_date":"2025-09-09T22:00:00.000000Z","support":"Poche","publisher_availability":1,"stock":0,"editions":["9782017181699"],"url":"https:\/\/quaidesbrumes.com\/ouvrage\/9782017351542\/invisible"},{"id":"9782884806145","title":"Max et Lili veulent \u00eatre gentils","description":"G\u00e9nial ce Concours de la Gentillesse organis\u00e9 par l'\u00e9cole ! Les \u00e9l\u00e8ves cherchent des slogans, notent ce qu'ils font de gentil pour gagner des points... Max est sur le point de remporter le 1er prix, mais pour l'en emp\u00eacher, Lili est pr\u00eate \u00e0 tout, m\u00eame aux pires m\u00e9chancet\u00e9s... r\u00e9ussira-t-elle  ?\r","authors":["Dominique de Saint-Mars","Serge Bloch"],"category_codes":["2000000","2040000","2040200"],"visuals":{"large":"https:\/\/images.epagine.fr\/145\/9782884806145_1_75.jpg","medium":"https:\/\/images.epagine.fr\/145\/9782884806145_1_m.jpg","thumbnail":"https:\/\/images.epagine.fr\/145\/9782884806145_1_v.jpg"},"orderable":true,"show_badge":true,"formatted_price":"6,20&nbsp;\u20ac","formatted_published_date":"20 octobre 2011","publisher_availability_label":"Sur commande","short_details":"Dominique de Saint-Mars, Serge Bloch \u2014 Calligram","translator":null,"weight":116,"page_count":40,"readership":"6\/9 ans","editor":"Calligram","price":620,"published_date":"2011-10-19T22:00:00.000000Z","support":"Grand format","publisher_availability":1,"stock":0,"editions":[],"url":"https:\/\/quaidesbrumes.com\/ouvrage\/9782884806145\/max-et-lili-veulent-etre-gentils"},{"id":"9782745968777","title":"Mes p'tits docs : les dents","description":"\u00c0 tout \u00e2ge de la vie, les dents sont un vrai sujet de pr\u00e9occupation : le b\u00e9b\u00e9 les fait, l'enfant les perd... \r\n\u00c0 quoi servent les dents ? Quelles sont les diff\u00e9rences entre molaires, canines et incisives ? Qu'appelle-t-on dent de lait et dent de sagesse ? Pourquoi les dents tombent-elles ? Est-on oblig\u00e9 d'aller chez le dentiste ? Comment prendre soin de ses dents ? Comment se forment les caries ? Qui est la Petite Souris ?\r\nUn P'tit doc s'imposait pour r\u00e9pondre \u00e0 toutes ces questions !","authors":["Claire Frossard","St\u00e9phanie Ledu"],"category_codes":["2000000","2070000","2070200"],"visuals":{"large":"https:\/\/images.epagine.fr\/777\/9782745968777_1_75.jpg","medium":"https:\/\/images.epagine.fr\/777\/9782745968777_1_m.jpg","thumbnail":"https:\/\/images.epagine.fr\/777\/9782745968777_1_v.jpg"},"orderable":true,"show_badge":true,"formatted_price":"7,90&nbsp;\u20ac","formatted_published_date":"15 octobre 2014","publisher_availability_label":"Sur commande","short_details":"Claire Frossard, St\u00e9phanie Ledu \u2014 Milan","translator":null,"weight":250,"page_count":32,"readership":"\u00e0 partir de 3 ANS","editor":"Milan","price":790,"published_date":"2014-10-14T22:00:00.000000Z","support":"Grand format","publisher_availability":1,"stock":0,"editions":[],"url":"https:\/\/quaidesbrumes.com\/ouvrage\/9782745968777\/mes-ptits-docs-les-dents"},{"id":"9791039560016","title":"Mes enqu\u00eates \u00e0 l'\u00e9cole des d\u00e9tectives : Le parc des dieux","description":"Nos H\u00e9ros d\u00e9tectives \u00e0 la rescousse des Dieux !\r\nAujourd'hui, sortie au parc Mythos pour les apprentis d\u00e9tectives ! \r\nMais une fois sur place, c'est la catastrophe : les dieux ont perdu leurs attributs !\r\nVoil\u00e0 une mission pour Jules, Chlo\u00e9 et leurs amis : pas questions de d\u00e9cevoir Pos\u00e9idon ou H\u00e9racl\u00e8s. \r\nMais seront-ils \u00e0 la hauteur pour r\u00e9soudre les \u00e9nigmes du Sphinx, ou pour affronter la col\u00e8re de M\u00e9duse ? \r\nQue la meilleure \u00e9quipe gagne !","authors":["Emmanuel Tr\u00e9dez"],"category_codes":["2000000","2050000","2050200","2050206"],"visuals":{"large":"https:\/\/images.epagine.fr\/016\/9791039560016_1_75.jpg","medium":"https:\/\/images.epagine.fr\/016\/9791039560016_1_m.jpg","thumbnail":"https:\/\/images.epagine.fr\/016\/9791039560016_1_v.jpg"},"orderable":true,"show_badge":true,"formatted_price":"5,95&nbsp;\u20ac","formatted_published_date":"10 avril 2025","publisher_availability_label":"Sur commande","short_details":"Emmanuel Tr\u00e9dez \u2014 Auzou","translator":null,"weight":148,"page_count":64,"readership":"\u00e0 partir de 7 ANS","editor":"Auzou","price":595,"published_date":"2025-04-09T22:00:00.000000Z","support":"Grand format","publisher_availability":1,"stock":0,"editions":[],"url":"https:\/\/quaidesbrumes.com\/ouvrage\/9791039560016\/mes-enquetes-a-lecole-des-detectives-le-parc-des-dieux"},{"id":"9782075207461","title":"Comment Wang-F\u00f4 fut sauv\u00e9 et autres nouvelles","description":"Arr\u00eat\u00e9s par des soldats, le peintre Wang-F\u00f4 et son disciple Ling sont men\u00e9s devant l'Empereur. Le jeune souverain ne supporte pas que le monde r\u00e9el soit si d\u00e9cevant alors que les toiles de l'artiste sont parfaites. Il le condamne \u00e0 perdre la vue. Mais, pour \u00e9chapper \u00e0 ce terrible ch\u00e2timent, Wang-F\u00f4 va d\u00e9ployer toute la puissance de son art...","authors":["Marguerite Yourcenar"],"category_codes":["2000000","2050000","2050200"],"visuals":{"large":"https:\/\/images.epagine.fr\/461\/9782075207461_1_75.jpg","medium":"https:\/\/images.epagine.fr\/461\/9782075207461_1_m.jpg","thumbnail":"https:\/\/images.epagine.fr\/461\/9782075207461_1_v.jpg"},"orderable":true,"show_badge":true,"formatted_price":"5,50&nbsp;\u20ac","formatted_published_date":"13 juin 2024","publisher_availability_label":"Sur commande","short_details":"Marguerite Yourcenar \u2014 Gallimard Jeunesse","translator":null,"weight":75,"page_count":96,"readership":"\u00e0 partir de 12 ANS","editor":"Gallimard Jeunesse","price":550,"published_date":"2024-06-12T22:00:00.000000Z","support":"Poche","publisher_availability":1,"stock":0,"editions":["9782070344574"],"url":"https:\/\/quaidesbrumes.com\/ouvrage\/9782075207461\/comment-wang-fo-fut-sauve-et-autres-nouvelles"},{"id":"9791039511421","title":"Croire en son \u00e9toile Tome 1 : Le concours","description":"Doroth\u00e9e n'a qu'un seul r\u00eave : devenir danseuse \u00e9toile !\r\nElle doit d'abord faire ses preuves lors du concours de la prestigieuse formation de l'Op\u00e9ra. Mais la comp\u00e9tition est f\u00e9roce, au risque de lui faire perdre de vue ce qui compte vraiment : la danse classique...\r\nParviendra-t-elle \u00e0 int\u00e9grer la prestigieuse \u00e9cole ?","authors":["Doroth\u00e9e Gilbert","Natacha Godeau","Virginie Moru"],"category_codes":["2000000","2040000","2040300"],"visuals":{"large":"https:\/\/images.epagine.fr\/421\/9791039511421_1_75.jpg","medium":"https:\/\/images.epagine.fr\/421\/9791039511421_1_m.jpg","thumbnail":"https:\/\/images.epagine.fr\/421\/9791039511421_1_v.jpg"},"orderable":true,"show_badge":true,"formatted_price":"8,95&nbsp;\u20ac","formatted_published_date":"13 janvier 2023","publisher_availability_label":"Sur commande","short_details":"Doroth\u00e9e Gilbert, Natacha Godeau, Virginie Moru \u2014 Auzou","translator":null,"weight":242,"page_count":119,"readership":"\u00e0 partir de 9 ANS","editor":"Auzou","price":895,"published_date":"2023-01-12T23:00:00.000000Z","support":"Grand format","publisher_availability":1,"stock":0,"editions":[],"url":"https:\/\/quaidesbrumes.com\/ouvrage\/9791039511421\/croire-en-son-etoile-tome-1-le-concours"},{"id":"9782383224457","title":"Sur les traces des dragons","description":"Un livre somptueusement illustr\u00e9 par Anna Lang pour d\u00e9couvrir les dragons qui peuplent le monde et toutes leurs caract\u00e9ristiques.\r\n\"Et si un jour tu tombais sur un oeuf de dragon ? Tu aurais bien besoin de ce guide complet pour tout savoir sur les races de dragons existantes mais aussi leurs caract\u00e9ristiques, anatomie, d\u00e9fenses secr\u00e8tes...\r\nTu trouveras aussi les clefs pour les apprivoiser, prendre soin d'eux et les emmener avec toi pour de grandes aventures ! Tous ne sont pas de si terribles cr\u00e9atures... Enfin, cela d\u00e9pend lesquels... \r\nApprenti dragonnier, ce livre est pour toi !\"","authors":["Federica Magrin","Anna Lang"],"category_codes":["2000000","2070000","2070300"],"visuals":{"large":"https:\/\/images.epagine.fr\/457\/9782383224457_1_75.jpg","medium":"https:\/\/images.epagine.fr\/457\/9782383224457_1_m.jpg","thumbnail":"https:\/\/images.epagine.fr\/457\/9782383224457_1_v.jpg"},"orderable":true,"show_badge":true,"formatted_price":"18,95&nbsp;\u20ac","formatted_published_date":"16 octobre 2025","publisher_availability_label":"Sur commande","short_details":"Federica Magrin, Anna Lang \u2014 \u00c9ditions Kimane","translator":null,"weight":788,"page_count":64,"readership":null,"editor":"\u00c9ditions Kimane","price":1895,"published_date":"2025-10-15T22:00:00.000000Z","support":"Grand format","publisher_availability":1,"stock":0,"editions":[],"url":"https:\/\/quaidesbrumes.com\/ouvrage\/9782383224457\/sur-les-traces-des-dragons"},{"id":"9782266219181","title":"Georges et les secrets de l'univers","description":"Un voyage ex-tra-or-di-naire dans l'Univers!\u00a0 Le jour o\u00f9 Georges rencontre ses nouveaux voisins, il est loin d imaginer que sa vision du monde va \u00eatre totalement boulevers\u00e9e. Chez la jeune Annie et \u00c9ric, son scientifique de p\u00e8re, le gar\u00e7on d\u00e9couvre Cosmos, l'ordinateur le plus perfectionn\u00e9 qui soit. Sa super intelligence permet de prot\u00e9ger Georges et ses amis aux quatre coins de l Univers ! H\u00e9las, quelqu un nourrit de sombres projets. et quand on sait qu il n y a rien de plus dangereux dans l espace qu un trou noir, il y a du souci \u00e0 se faire !\u00a0 Un roman essentiel sur l'Univers avec les d\u00e9couvertes de Stephen Hawking.","authors":["Lucy Hawking","Stephen william Hawking","Fr\u00e9d\u00e9rique Fraisse"],"category_codes":["2000000","2040000","2040300"],"visuals":{"large":"https:\/\/images.epagine.fr\/181\/9782266219181_1_75.jpg","medium":"https:\/\/images.epagine.fr\/181\/9782266219181_1_m.jpg","thumbnail":"https:\/\/images.epagine.fr\/181\/9782266219181_1_v.jpg"},"orderable":true,"show_badge":true,"formatted_price":"8,10&nbsp;\u20ac","formatted_published_date":"6 octobre 2011","publisher_availability_label":"Sur commande","short_details":"Lucy Hawking, Stephen william Hawking, Fr\u00e9d\u00e9rique Fraisse \u2014 Pocket Jeunesse","translator":"FREDERIQUE FRAISSE","weight":186,"page_count":320,"readership":"\u00e0 partir de 9 ANS","editor":"Pocket Jeunesse","price":810,"published_date":"2011-10-05T22:00:00.000000Z","support":"Poche","publisher_availability":1,"stock":0,"editions":[],"url":"https:\/\/quaidesbrumes.com\/ouvrage\/9782266219181\/georges-et-les-secrets-de-lunivers"},{"id":"9791039562997","title":"Le bain de petit renard - Un coffret avec un livre de bain et 2 jouets d\u00e9clipsables !","description":"Vivez un super moment complice avec votre enfant pendant le bain !\r\nCe coffret de bain comporte 1 livre de bain accord\u00e9on pour d\u00e9couvrir les animaux de la for\u00eat, et 2 jouets de bain cracheurs offerts !\r\nLes corps des deux jouets sont d\u00e9montables pour les nettoyer plus facilement et jouet \u00e0 un mix-and-match ! Il est possible de jouer au mix-and-match avec les jouets du coffret pr\u00e9c\u00e9dent (Savane - 2024).","authors":["Michelle Carlslund"],"category_codes":["2000000","2020000","2020200"],"visuals":{"large":"https:\/\/images.epagine.fr\/997\/9791039562997_1_75.jpg","medium":"https:\/\/images.epagine.fr\/997\/9791039562997_1_m.jpg","thumbnail":"https:\/\/images.epagine.fr\/997\/9791039562997_1_v.jpg"},"orderable":true,"show_badge":true,"formatted_price":"17,95&nbsp;\u20ac","formatted_published_date":"2 octobre 2025","publisher_availability_label":"Sur commande","short_details":"Michelle Carlslund \u2014 Auzou","translator":null,"weight":448,"page_count":8,"readership":"0\/3 ans","editor":"Auzou","price":1795,"published_date":"2025-10-01T22:00:00.000000Z","support":"Grand format","publisher_availability":1,"stock":0,"editions":[],"url":"https:\/\/quaidesbrumes.com\/ouvrage\/9791039562997\/le-bain-de-petit-renard-un-coffret-avec-un-livre-de-bain-et-2-jouets-declipsables"},{"id":"9782378766337","title":"Darkest minds Tome 1 : Les Enfants de la r\u00e9volte","description":"Si elle vous touche, il sera d\u00e9j\u00e0 trop tard...\r\nFutur proche. \u00c9tats-Unis.\r\n\r\nUne \u00e9pid\u00e9mie inconnue a d\u00e9cim\u00e9 presque tous les enfants du pays, laissant les rares survivants dot\u00e9s d'\u00e9tranges capacit\u00e9s psychiques. Le gouvernement cr\u00e9e alors les Forces Sp\u00e9ciales Psi, charg\u00e9es de les surveiller dans des camps de r\u00e9habilitation.\r\n\r\nC'est dans l'un d'eux que Ruby a pass\u00e9 les six derni\u00e8res ann\u00e9es de sa vie, cachant la vraie nature de ses pouvoirs. Elle est l'une des derni\u00e8res capables de contr\u00f4ler les esprits et ne sait pas vers qui se tourner. La Ligue des enfants, groupe r\u00e9volutionnaire aux m\u00e9thodes douteuses, ou l'Insaisissable, jeune homme myst\u00e9rieux aux capacit\u00e9s similaires aux siennes ? L'adolescente est contrainte de fuir, car ses aptitudes font d'elle une cible. Mais qui est-elle vraiment : un danger \u00e0 \u00e9liminer ou une arme \u00e0 exploiter ?","authors":["Alexandra Bracken","Emilie Chiron"],"category_codes":["2000000","2040000","2040500","2040505"],"visuals":{"large":"https:\/\/images.epagine.fr\/337\/9782378766337_1_75.jpg","medium":"https:\/\/images.epagine.fr\/337\/9782378766337_1_m.jpg","thumbnail":"https:\/\/images.epagine.fr\/337\/9782378766337_1_v.jpg"},"orderable":true,"show_badge":true,"formatted_price":"24,90&nbsp;\u20ac","formatted_published_date":"13 novembre 2025","publisher_availability_label":"Sur commande","short_details":"Alexandra Bracken, Emilie Chiron \u2014 Ds De Saxus","translator":"EMILIE CHIRON","weight":562,"page_count":448,"readership":"\u00e0 partir de 8 ANS","editor":"Ds De Saxus","price":2490,"published_date":"2025-11-12T23:00:00.000000Z","support":"Grand format","publisher_availability":1,"stock":0,"editions":[],"url":"https:\/\/quaidesbrumes.com\/ouvrage\/9782378766337\/darkest-minds-tome-1-les-enfants-de-la-revolte"},{"id":"9782017354574","title":"Stitch Tome 19 : Le tournoi de karat\u00e9","description":"Penny et son fr\u00e8re ont lanc\u00e9 un d\u00e9fi \u00e0 Stitch et Yuna : les affronter lors d'un tournoi de karat\u00e9 pour savoir qui de leurs dojos est le meilleur. Yuna entra\u00eene ses \u00e9l\u00e8ves pour qu'ils donnent le meilleur d'eux-m\u00eames. Quant \u00e0 Stitch, il doit apprendre \u00e0 saluer correctement pour pouvoir participer ! Sera-t-il pr\u00eat \u00e0 temps pour le tournoi ?","authors":["Disney"],"category_codes":["2000000","2040000","2040300"],"visuals":{"large":"https:\/\/images.epagine.fr\/574\/9782017354574_1_75.jpg","medium":"https:\/\/images.epagine.fr\/574\/9782017354574_1_m.jpg","thumbnail":"https:\/\/images.epagine.fr\/574\/9782017354574_1_v.jpg"},"orderable":true,"show_badge":true,"formatted_price":"5,90&nbsp;\u20ac","formatted_published_date":"22 octobre 2025","publisher_availability_label":"Sur commande","short_details":"Disney \u2014 Hachette Jeunesse","translator":null,"weight":136,"page_count":128,"readership":"\u00e0 partir de 8 ANS","editor":"Hachette Jeunesse","price":590,"published_date":"2025-10-21T22:00:00.000000Z","support":"Poche","publisher_availability":1,"stock":0,"editions":[],"url":"https:\/\/quaidesbrumes.com\/ouvrage\/9782017354574\/stitch-tome-19-le-tournoi-de-karate"},{"id":"9782017288442","title":"Le Club des Cinq junior Tome 18 : Panique \u00e0 la ferme !","description":"Pendant les vacances, les Cinq aident Mme Sanders \u00e0 s'occuper de son potager.\r\nMais quand ils apprennent qu'un voleur de l\u00e9gume r\u00f4de dans les environs, ils d\u00e9cident d'agir ! Attraperont-ils le myst\u00e9rieux malfaiteur avant qu'il ne soit trop tard ?","authors":["Enid Blyton"],"category_codes":["2000000","2040000","2040300"],"visuals":{"large":"https:\/\/images.epagine.fr\/442\/9782017288442_1_75.jpg","medium":"https:\/\/images.epagine.fr\/442\/9782017288442_1_m.jpg","thumbnail":"https:\/\/images.epagine.fr\/442\/9782017288442_1_v.jpg"},"orderable":true,"show_badge":true,"formatted_price":"5,90&nbsp;\u20ac","formatted_published_date":"8 octobre 2025","publisher_availability_label":"Sur commande","short_details":"Enid Blyton \u2014 Hachette Jeunesse","translator":null,"weight":130,"page_count":96,"readership":"\u00e0 partir de 6 ANS","editor":"Hachette Jeunesse","price":590,"published_date":"2025-10-07T22:00:00.000000Z","support":"Poche","publisher_availability":1,"stock":0,"editions":[],"url":"https:\/\/quaidesbrumes.com\/ouvrage\/9782017288442\/le-club-des-cinq-junior-tome-18-panique-a-la-ferme"},{"id":"9791036374241","title":"Voisines","description":"Lou et Lila sont meilleures amies depuis toujours. Comme leur m\u00e8re. Ensemble, les voisins sont comme une grande famille de coeur. D\u00eeners d'\u00e9t\u00e9, vacances \u00e0 la mer, sorties au parc : toujours ins\u00e9parables ! Et puis un jour... \r\nplus rien. Silence total. D\u00e9sormais ce sera chacun chez soi. \r\nMais Lou veut comprendre, o\u00f9 est pass\u00e9e la joie ?","authors":["Ali\u00e9nor Debrocq","Anne-Lise Nalin"],"category_codes":["2000000","2040000","2040500"],"visuals":{"large":"https:\/\/images.epagine.fr\/241\/9791036374241_1_75.jpg","medium":"https:\/\/images.epagine.fr\/241\/9791036374241_1_m.jpg","thumbnail":"https:\/\/images.epagine.fr\/241\/9791036374241_1_v.jpg"},"orderable":true,"show_badge":true,"formatted_price":"12,90&nbsp;\u20ac","formatted_published_date":"3 septembre 2025","publisher_availability_label":"Sur commande","short_details":"Ali\u00e9nor Debrocq, Anne-Lise Nalin \u2014 Bayard Jeunesse","translator":null,"weight":234,"page_count":208,"readership":"\u00e0 partir de 9 ANS","editor":"Bayard Jeunesse","price":1290,"published_date":"2025-09-02T22:00:00.000000Z","support":"Grand format","publisher_availability":1,"stock":0,"editions":[],"url":"https:\/\/quaidesbrumes.com\/ouvrage\/9791036374241\/voisines"},{"id":"9782362315749","title":"Wilderwood Tome 1 : For the Wolf","description":"La Premi\u00e8re Fille appartient au tr\u00f4ne.\r\n\r\nLa Seconde appartient au Loup.\r\n\r\nEn tant que Seconde Fille, Red n'a qu'une seule destin\u00e9e : \u00eatre sacrifi\u00e9e au Loup du Bois Sauvage, dans l'espoir qu'il lib\u00e8re les dieux qu'il a fait prisonniers des si\u00e8cles plus t\u00f4t.\r\n\r\nCependant, Red est presque soulag\u00e9e de partir. Dot\u00e9e d'un pouvoir dangereux qu'elle est incapable de contr\u00f4ler, elle sait qu'au moins, dans le Bois Sauvage, elle ne risquera pas de faire du mal \u00e0 ceux qu'elle aime. Une nouvelle fois.\r\n\r\nMais les l\u00e9gendes ont menti. Le Loup est un homme, pas un monstre. La magie de Red est un don, pas une mal\u00e9diction. Et si elle n'apprend pas \u00e0 s'en servir, les monstres que sont devenus les dieux ne feront qu'une bouch\u00e9e du Bois Sauvage - et de son monde.","authors":["Hannah Whitten","No\u00e9mie Chevalier","Anna\u00efg Houesnard"],"category_codes":["2000000","2050000","2050200","2050204"],"visuals":{"large":"https:\/\/images.epagine.fr\/749\/9782362315749_1_75.jpg","medium":"https:\/\/images.epagine.fr\/749\/9782362315749_1_m.jpg","thumbnail":"https:\/\/images.epagine.fr\/749\/9782362315749_1_v.jpg"},"orderable":true,"show_badge":true,"formatted_price":"25,00&nbsp;\u20ac","formatted_published_date":"10 septembre 2025","publisher_availability_label":"Sur commande","short_details":"Hannah Whitten, No\u00e9mie Chevalier, Anna\u00efg Houesnard \u2014 Big Bang","translator":"ANNAIG HOUESNARD","weight":648,"page_count":544,"readership":"\u00e0 partir de 15 ans","editor":"Big Bang","price":2500,"published_date":"2025-09-09T22:00:00.000000Z","support":"Grand format","publisher_availability":1,"stock":0,"editions":[],"url":"https:\/\/quaidesbrumes.com\/ouvrage\/9782362315749\/wilderwood-tome-1-for-the-wolf"},{"id":"9791039556606","title":"Mon coffret papeterie arc-en-ciel","description":"Un incroyable coffret de papeterie avec son superbe carnet en fausse fourrure arc-en-ciel et tous ses accessoires!\r\nUn coffret de papeterie avec un magnifique carnet en fausse fourrure et plein d'accessoires:\r\n- Un patch\r\n- Un bracelet ou collier \u00e0 r\u00e9aliser avec des fils de coton et un charm papillon\r\n- Des autocollants\r\n- Un crayon arc-en-ciel\r\n- Des notes repositionnables\r\nLe coffret parfait pour faire son journal et \u00eatre \u00e0 la pointe de la tendance arc-en-ciel.","authors":["Sandrine Monnier"],"category_codes":["2000000","2080000","2080500"],"visuals":{"large":"https:\/\/images.epagine.fr\/606\/9791039556606_1_75.jpg","medium":"https:\/\/images.epagine.fr\/606\/9791039556606_1_m.jpg","thumbnail":"https:\/\/images.epagine.fr\/606\/9791039556606_1_v.jpg"},"orderable":true,"show_badge":true,"formatted_price":"0,00&nbsp;\u20ac","formatted_published_date":"2 octobre 2025","publisher_availability_label":"Sur commande","short_details":"Sandrine Monnier \u2014 Auzou","translator":null,"weight":720,"page_count":null,"readership":"Tout public","editor":"Auzou","price":0,"published_date":"2025-10-01T22:00:00.000000Z","support":"Papeterie \/ Coloriage","publisher_availability":1,"stock":0,"editions":[],"url":"https:\/\/quaidesbrumes.com\/ouvrage\/9791039556606\/mon-coffret-papeterie-arc-en-ciel"},{"id":"9782075219167","title":"Harry Potter : coffret : Les 7 livres de la saga","description":"Les sept livres de la saga dans un splendide coffret illustr\u00e9 par St\u00e9phane Fert. Magique !\r\n\r\nCe coffret contient les sept livres de l'\u00e9dition courante en Folio Junior de la saga Harry Potter.","authors":["J. K. Rowling","Jean-Fran\u00e7ois M\u00e9nard"],"category_codes":["2000000","2040000","2040500"],"visuals":{"large":"https:\/\/images.epagine.fr\/167\/9782075219167_1_75.jpg","medium":"https:\/\/images.epagine.fr\/167\/9782075219167_1_m.jpg","thumbnail":"https:\/\/images.epagine.fr\/167\/9782075219167_1_v.jpg"},"orderable":true,"show_badge":true,"formatted_price":"94,75&nbsp;\u20ac","formatted_published_date":"16 janvier 2025","publisher_availability_label":"Sur commande","short_details":"J. K. Rowling, Jean-Fran\u00e7ois M\u00e9nard \u2014 Gallimard Jeunesse","translator":"JEAN-FRANCOIS MENARD","weight":2982,"page_count":368,"readership":"\u00e0 partir de 9 ANS","editor":"Gallimard Jeunesse","price":9475,"published_date":"2025-01-15T23:00:00.000000Z","support":"Poche","publisher_availability":1,"stock":0,"editions":[],"url":"https:\/\/quaidesbrumes.com\/ouvrage\/9782075219167\/harry-potter-coffret-les-7-livres-de-la-saga"},{"id":"9782092492895","title":"T'choupi range sa chambre tout seul","description":"Le nouvel album de T'choupi affectif et positif qui sensibilise l'enfant qui sensibilise l'enfant vis-\u00e0-vis de l'autonomie.\r\nDes histoires qui racontent la vie des enfants de 2 \u00e0 4 ans, les grandes joies, les temps forts de la vie de famille et les petits tracas du quotidien. Gr\u00e2ce \u00e0 T'choupi, de nombreux petits probl\u00e8mes trouvent leur solution tout en douceur.\r\n\r\nR\u00e9sum\u00e9 de l'histoire :Pilou est venu jouer, et la chambre de T'choupi est tr\u00e8s en d\u00e9sordre.\r\nMaman va aider T'choupi \u00e0 s'organiser pour ranger sa chambre tout seul comme un grand!\r\n\r\nNouveau : avec votre enfant \u00e9coutez la version audio de l'histoire ! Tous les albums T'choupi sont maintenant accompagn\u00e9s d'une version audio, accessible gratuitement en scannant la couverture avec l'application Nathan Live.\r\nDes livres pour les enfants de 2 \u00e0 4 ans con\u00e7us dans un format id\u00e9al pour les petites mains : coins arrondis, pages plastifi\u00e9es r\u00e9sistantes.","authors":["Thierry Courtin"],"category_codes":["2000000","2030000","2030400"],"visuals":{"large":"https:\/\/images.epagine.fr\/895\/9782092492895_1_75.jpg","medium":"https:\/\/images.epagine.fr\/895\/9782092492895_1_m.jpg","thumbnail":"https:\/\/images.epagine.fr\/895\/9782092492895_1_v.jpg"},"orderable":true,"show_badge":true,"formatted_price":"6,30&nbsp;\u20ac","formatted_published_date":"2 septembre 2021","publisher_availability_label":"Sur commande","short_details":"Thierry Courtin \u2014 Nathan","translator":null,"weight":140,"page_count":22,"readership":"0\/3 ans","editor":"Nathan","price":630,"published_date":"2021-09-01T22:00:00.000000Z","support":"Grand format","publisher_availability":1,"stock":0,"editions":[],"url":"https:\/\/quaidesbrumes.com\/ouvrage\/9782092492895\/tchoupi-range-sa-chambre-tout-seul"},{"id":"9782203102125","title":"Botanicum","description":"Bienvenue dans le BotanicumEntrez dans ce grand jardin de papier rassemblant les plus incroyables v\u00e9g\u00e9taux qui pars\u00e8ment notre plan\u00e8te. Apr\u00e8s cette merveilleuse promenade, vous n'ignorerez plus rien du monde captivant des plantes.Bonne visite!","authors":["Katie Scott","Kathy Willis"],"category_codes":["2000000","2070000","2070300"],"visuals":{"large":"https:\/\/images.epagine.fr\/125\/9782203102125_1_75.jpg","medium":"https:\/\/images.epagine.fr\/125\/9782203102125_1_m.jpg","thumbnail":"https:\/\/images.epagine.fr\/125\/9782203102125_1_v.jpg"},"orderable":true,"show_badge":false,"formatted_price":"25,00&nbsp;\u20ac","formatted_published_date":"2 novembre 2016","publisher_availability_label":"Sur commande","short_details":"Katie Scott, Kathy Willis \u2014 Casterman","translator":null,"weight":1278,"page_count":96,"readership":"\u00e0 partir de 6 ANS","editor":"Casterman","price":2500,"published_date":"2016-11-01T23:00:00.000000Z","support":"Grand format","publisher_availability":1,"stock":1,"editions":[],"url":"https:\/\/quaidesbrumes.com\/ouvrage\/9782203102125\/botanicum"},{"id":"9782244310510","title":"Les animaux de la mer","description":"Un premier livre pop-up, avec 5 animaux qui se d\u00e9ploient et prennent vie (un calmar, un phoque, un requin, un dauphin et un crabe) et des onomatop\u00e9es pour faire rire et amuser les plus petits !","authors":["Cristina Neri"],"category_codes":["2000000","2030000","2030500"],"visuals":{"large":"https:\/\/images.epagine.fr\/510\/9782244310510_1_75.jpg","medium":"https:\/\/images.epagine.fr\/510\/9782244310510_1_m.jpg","thumbnail":"https:\/\/images.epagine.fr\/510\/9782244310510_1_v.jpg"},"orderable":true,"show_badge":true,"formatted_price":"6,90&nbsp;\u20ac","formatted_published_date":"1er mars 2026","publisher_availability_label":"Sur commande","short_details":"Cristina Neri \u2014 \u00c9ditions Lito","translator":null,"weight":201,"page_count":10,"readership":"\u00e0 partir de 1 AN","editor":"\u00c9ditions Lito","price":690,"published_date":"2026-02-28T23:00:00.000000Z","support":"Grand format","publisher_availability":1,"stock":0,"editions":[],"url":"https:\/\/quaidesbrumes.com\/ouvrage\/9782244310510\/les-animaux-de-la-mer"},{"id":"9782371045477","title":"Napol\u00e9on","description":"Le 2 d\u00e9cembre 1804, Napol\u00e9on Bonaparte est au sommet de sa gloire ! Il est sacr\u00e9 empereur des Fran\u00e7ais, sous le nom de Napol\u00e9on Ier, dans la cath\u00e9drale Notre-Dame de Paris. Mais qui est vraiment cet homme connu pour \u00eatre l'un des plus grands conqu\u00e9rants de l'histoire ? Celui que son professeur d\u00e9crivait d\u00e9j\u00e0 comme du \u00ab granit chauff\u00e9 au volcan \u00bb...","authors":["Mathieu Ferret","Albin Queru","Bruno Wennagel"],"category_codes":["2000000","2070000","2070400"],"visuals":{"large":"https:\/\/images.epagine.fr\/477\/9782371045477_1_75.jpg","medium":"https:\/\/images.epagine.fr\/477\/9782371045477_1_m.jpg","thumbnail":"https:\/\/images.epagine.fr\/477\/9782371045477_1_v.jpg"},"orderable":true,"show_badge":true,"formatted_price":"5,00&nbsp;\u20ac","formatted_published_date":"3 avril 2019","publisher_availability_label":"Sur commande","short_details":"Mathieu Ferret, Albin Queru, Bruno Wennagel \u2014 Quelle Histoire","translator":null,"weight":90,"page_count":40,"readership":null,"editor":"Quelle Histoire","price":500,"published_date":"2019-04-02T22:00:00.000000Z","support":"Grand format","publisher_availability":1,"stock":0,"editions":[],"url":"https:\/\/quaidesbrumes.com\/ouvrage\/9782371045477\/napoleon"},{"id":"9782374082141","title":"Une sieste","description":"C'est l'heure de la sieste. Une sieste bien moelleuse... Alors que Madenn s'enfonce dans un doux sommeil, elle est aussit\u00f4t r\u00e9veill\u00e9e par Phil, une dr\u00f4le de cr\u00e9ature, qui l'invite, le temps d'une parenth\u00e8se enchant\u00e9e, pour un go\u00fbter merveilleux.","authors":["Camille Romanetto"],"category_codes":["2000000","2030000","2030400"],"visuals":{"large":"https:\/\/images.epagine.fr\/141\/9782374082141_1_75.jpg","medium":"https:\/\/images.epagine.fr\/141\/9782374082141_1_m.jpg","thumbnail":"https:\/\/images.epagine.fr\/141\/9782374082141_1_v.jpg"},"orderable":true,"show_badge":true,"formatted_price":"14,90&nbsp;\u20ac","formatted_published_date":"6 janvier 2023","publisher_availability_label":"Sur commande","short_details":"Camille Romanetto \u2014 Little Urban","translator":null,"weight":323,"page_count":32,"readership":"3\/6 ans","editor":"Little Urban","price":1490,"published_date":"2023-01-05T23:00:00.000000Z","support":"Grand format","publisher_availability":1,"stock":0,"editions":[],"url":"https:\/\/quaidesbrumes.com\/ouvrage\/9782374082141\/une-sieste"}]}