{"data":[{"id":"9791036385223","title":"Mon premier petit livre sur la mort","description":"Ce petit livre illustr\u00e9 accompagne les enfants de 3 \u00e0 6 ans face \u00e0 la perte d'un proche. Avec des mots simples et des images rassurantes, il aborde la question de la mort et de la vie apr\u00e8s la mort dans une perspective chr\u00e9tienne, offrant r\u00e9confort et esp\u00e9rance.\r\nUne histoire sensible pour r\u00e9pondre aux grandes questions\r\nEmma est triste : son grand-p\u00e8re vient de mourir. Elle se pose mille questions... Entour\u00e9e de sa famille, elle d\u00e9couvre combien les souvenirs, la pri\u00e8re et la c\u00e9l\u00e9bration des fun\u00e9railles peuvent consoler et ouvrir \u00e0 l'esp\u00e9rance. Ce 7e  tome d'une collection \u00e0 succ\u00e8s initie les tout-petits aux rep\u00e8res de la foi chr\u00e9tienne avec d\u00e9licatesse et respect.\r\nUn outil pr\u00e9cieux pour parents et \u00e9ducateurs\r\nCe livre aide les adultes \u00e0 trouver les mots justes pour parler de la vie, de la mort et de la R\u00e9surrection. Attentif aux \u00e9motions des enfants, il devient un support p\u00e9dagogique pour accompagner l'\u00e9preuve du deuil.\u00a0","authors":["Marie-Christine Vidal","Zofia Jelowicka Bianchini"],"category_codes":["2000000","2030000","2030400"],"visuals":{"large":"https:\/\/images.epagine.fr\/223\/9791036385223_1_75.jpg","medium":"https:\/\/images.epagine.fr\/223\/9791036385223_1_m.jpg","thumbnail":"https:\/\/images.epagine.fr\/223\/9791036385223_1_v.jpg"},"orderable":true,"show_badge":true,"formatted_price":"9,90&nbsp;\u20ac","formatted_published_date":"8 avril 2026","publisher_availability_label":"Sur commande","short_details":"Marie-Christine Vidal, Zofia Jelowicka Bianchini \u2014 Bayard Jeunesse","translator":null,"weight":275,"page_count":48,"readership":"\u00e0 partir de 3 ANS","editor":"Bayard Jeunesse","price":990,"published_date":"2026-04-07T22:00:00.000000Z","support":"Grand format","publisher_availability":1,"stock":0,"editions":[],"url":"https:\/\/quaidesbrumes.com\/ouvrage\/9791036385223\/mon-premier-petit-livre-sur-la-mort"},{"id":"9782383828167","title":"Tout dessiner en 10 minutes : Mode","description":"Avec Tout dessiner en 10 minutes - Mode, d\u00e9couvre une m\u00e9thode ultra accessible pour progresser pas \u00e0 pas :\r\n\r\nUne promesse forte : tout dessiner en seulement 10 minutes gr\u00e2ce \u00e0 une m\u00e9thode en pas \u00e0 pas super facile \u00e0 suivre\r\n- 75 pas \u00e0 pas en couleur pour apprendre \u00e0 dessiner des tenues, des attitudes, des coiffures et des accessoires tr\u00e8s tendance !\r\n- Un mini format pratique \u00e0 glisser dans son sac, avec un crayon inclus pour s'entra\u00eener directement dans le livre\r\n\r\nLes dessins sont r\u00e9alis\u00e9s par Lise Herzog, l'experte des m\u00e9thodes de dessin, qui t'accompagne \u00e9tape par \u00e9tape pour r\u00e9ussir tes mod\u00e8les fashionistas, m\u00eame si tu d\u00e9butes.\r\nLe livre id\u00e9al pour tous ceux qui adorent la mode et qui veulent se lancer dans le dessin, progresser rapidement et s'amuser partout, \u00e0 tout moment.","authors":["Audrey Bussi"],"category_codes":["2000000","2060000","2060300","2060302"],"visuals":{"large":"https:\/\/images.epagine.fr\/167\/9782383828167_1_75.jpg","medium":"https:\/\/images.epagine.fr\/167\/9782383828167_1_m.jpg","thumbnail":"https:\/\/images.epagine.fr\/167\/9782383828167_1_v.jpg"},"orderable":true,"show_badge":true,"formatted_price":"9,99&nbsp;\u20ac","formatted_published_date":"13 mars 2026","publisher_availability_label":"Sur commande","short_details":"Audrey Bussi \u2014 \u00c9ditions 365","translator":null,"weight":338,"page_count":308,"readership":null,"editor":"\u00c9ditions 365","price":999,"published_date":"2026-03-12T23:00:00.000000Z","support":"Grand format","publisher_availability":1,"stock":0,"editions":[],"url":"https:\/\/quaidesbrumes.com\/ouvrage\/9782383828167\/tout-dessiner-en-10-minutes-mode"},{"id":"9782728938100","title":"Marco Polo, Neil Armstrong et autres vraies histoires d explorateurs","description":"Dans un album tr\u00e8s document\u00e9 et magnifiquement illustr\u00e9, Blandine Cossa entra\u00eene le lecteur dans des exp\u00e9ditions ayant marqu\u00e9 l'histoire. Un livre pour d\u00e9couvrir des explorateurs hors du commun de Christophe Colomb \u00e0 Neil Armstrong, de Marco Polo \u00e0 Paul-Emile Victor.","authors":["Blandine Cossa","Lidia Fernandez"],"category_codes":["2000000","2070000","2070400"],"visuals":{"large":"https:\/\/images.epagine.fr\/100\/9782728938100_1_75.jpg","medium":"https:\/\/images.epagine.fr\/100\/9782728938100_1_m.jpg","thumbnail":"https:\/\/images.epagine.fr\/100\/9782728938100_1_v.jpg"},"orderable":true,"show_badge":true,"formatted_price":"16,90&nbsp;\u20ac","formatted_published_date":"13 mars 2026","publisher_availability_label":"Sur commande","short_details":"Blandine Cossa, Lidia Fernandez \u2014 Mame","translator":null,"weight":526,"page_count":64,"readership":null,"editor":"Mame","price":1690,"published_date":"2026-03-12T23:00:00.000000Z","support":"Grand format","publisher_availability":1,"stock":0,"editions":[],"url":"https:\/\/quaidesbrumes.com\/ouvrage\/9782728938100\/marco-polo-neil-armstrong-et-autres-vraies-histoires-d-explorateurs"},{"id":"9791023520330","title":"Benshi pr\u00e9sente le meilleur du cin\u00e9ma : Les films incontournables \u00e0 montrer aux plus grands \u00e0 partir","description":"Un guide indispensable pour initier les enfants au meilleur du cin\u00e9ma de fa\u00e7on ludique et \u00e9clair\u00e9e !\r\n\r\nChantons sous la pluie, Le Ch\u00e2teau ambulant, Ma vie de courgette... Une centaine de films a \u00e9t\u00e9 s\u00e9lectionn\u00e9 par Benshi, sp\u00e9cialiste du cin\u00e9ma pour enfants, dans ce guide tr\u00e8s complet.\r\nR\u00e9sum\u00e9, avis d'un sp\u00e9cialiste, questions pos\u00e9es sur le film, passerelles vers d'autres films et des livres, chaque fiche pr\u00e9sente des tr\u00e9sors du cin\u00e9ma \u00e0 savourer en famille ou entre amis.\r\nUn enfant peut-il aimer un film en noir et blanc ?\r\nUn adulte risque-t-il de mourir d'ennui quand il regarde un film d'animation ? Et si ce film faisait trop peur ? Ce guide combat les pr\u00e9jug\u00e9s et rappelle les bienfaits qu'il y a \u00e0 regarder, ensemble, des films beaux, dr\u00f4les et sensibles qui \u00e9largissent l'horizon et offrent une merveilleuse porte d'entr\u00e9e vers l'art.","authors":["Clotilde Szymanski"],"category_codes":["2000000","2070000","2070800"],"visuals":{"large":"https:\/\/images.epagine.fr\/330\/9791023520330_1_75.jpg","medium":"https:\/\/images.epagine.fr\/330\/9791023520330_1_m.jpg","thumbnail":"https:\/\/images.epagine.fr\/330\/9791023520330_1_v.jpg"},"orderable":true,"show_badge":false,"formatted_price":"21,00&nbsp;\u20ac","formatted_published_date":"3 octobre 2025","publisher_availability_label":"Sur commande","short_details":"Clotilde Szymanski \u2014 Le Seuil jeunesse","translator":null,"weight":688,"page_count":248,"readership":null,"editor":"Le Seuil jeunesse","price":2100,"published_date":"2025-10-02T22:00:00.000000Z","support":"Grand format","publisher_availability":1,"stock":1,"editions":[],"url":"https:\/\/quaidesbrumes.com\/ouvrage\/9791023520330\/benshi-presente-le-meilleur-du-cinema-les-films-incontournables-a-montrer-aux-plus-grands-a-partir"},{"id":"9782494060241","title":"Bienvenue loupiote","description":"\"Il \u00e9tait une fois deux loups amoureux, pr\u00eats \u00e0 devenir papas.\" \r\n Un album sensible et po\u00e9tique sur l'amour et les chemins singuliers qui font na\u00eetre une famille.","authors":["Jen Hendrycks","Anna Griot"],"category_codes":["2000000","2020000","2020400"],"visuals":{"large":"https:\/\/images.epagine.fr\/241\/9782494060241_1_75.jpg","medium":"https:\/\/images.epagine.fr\/241\/9782494060241_1_m.jpg","thumbnail":"https:\/\/images.epagine.fr\/241\/9782494060241_1_v.jpg"},"orderable":true,"show_badge":false,"formatted_price":"15,00&nbsp;\u20ac","formatted_published_date":"9 avril 2026","publisher_availability_label":"Sur commande","short_details":"Jen Hendrycks, Anna Griot \u2014 On ne compte pas pour du beurre","translator":null,"weight":289,"page_count":36,"readership":"\u00e0 partir de 3 ANS","editor":"On ne compte pas pour du beurre","price":1500,"published_date":"2026-04-08T22:00:00.000000Z","support":"Grand format","publisher_availability":1,"stock":1,"editions":[],"url":"https:\/\/quaidesbrumes.com\/ouvrage\/9782494060241\/bienvenue-loupiote"},{"id":"9791027613953","title":"Mes r\u00eaves","description":"Debout sur mon oiseau, je r\u00eave que je vole au dessus des bateaux... \r\nUne invitation au r\u00eave et \u00e0 l'imaginaire\u00a0\r\nUn livre tout en po\u00e9sie de Xavier Deneux, o\u00f9 se m\u00ealent les th\u00e8mes de la nuit, du voyage et de la rencontre. Un moment de lecture plein de douceur \u00e0 partager avec son tout-petit avant l'heure du coucher.\u00a0\r\nUn tr\u00e8s beau livre cadeau\r\nUn album \u00e0 la fabrication tr\u00e8s riche: le foil argent\u00e9 permet de donner vie aux images, d\u00e8s la couverture. L'encre phosphorescente fait briller le livre dans le noir et accompagne la magie du texte.\u00a0\r\nXavier Deneux et la collection Blanc Noir\r\nMes r\u00eaves, titre embl\u00e9matique de la collection Blanc Noir, retrouve dans cette nouvelle \u00e9dition, son petit format solide et facile \u00e0 manipuler. L'utilisation du noir et blanc et de quelques touches de rouge et de vert, permet de cr\u00e9er des tableaux tr\u00e8s contrast\u00e9s qui stimulent l'\u00e9veil visuel de b\u00e9b\u00e9.\u00a0\r","authors":["Xavier Deneux"],"category_codes":["2000000","2020000","2020300"],"visuals":{"large":"https:\/\/images.epagine.fr\/953\/9791027613953_1_75.jpg","medium":"https:\/\/images.epagine.fr\/953\/9791027613953_1_m.jpg","thumbnail":"https:\/\/images.epagine.fr\/953\/9791027613953_1_v.jpg"},"orderable":true,"show_badge":true,"formatted_price":"12,90&nbsp;\u20ac","formatted_published_date":"1er octobre 2025","publisher_availability_label":"Sur commande","short_details":"Xavier Deneux \u2014 \u00c9ditions Tourbillon","translator":null,"weight":350,"page_count":18,"readership":"0\/3 ans","editor":"\u00c9ditions Tourbillon","price":1290,"published_date":"2025-09-30T22:00:00.000000Z","support":"Poche","publisher_availability":1,"stock":0,"editions":[],"url":"https:\/\/quaidesbrumes.com\/ouvrage\/9791027613953\/mes-reves"},{"id":"9782362663741","title":"Ma poup\u00e9e","description":"Un enfant joue avec sa poup\u00e9e. Il la prom\u00e8ne dans sa poussette, la serre dans ses bras, s'inqui\u00e8te de ses besoins.\r\nAttendrie, une vieille dame l'interrompt : \u00ab Tu joues \u00e0 la maman ? \u00bb L'enfant lui r\u00e9pond : \u00ab Non, c'est au papa que je joue ! \u00bb Jouer \u00e0 la poup\u00e9e, c'est apprendre \u00e0 \u00eatre p\u00e8re.","authors":["Annelise Heurtier","Mureen Poignonec"],"category_codes":["2000000","2030000","2030400"],"visuals":{"large":"https:\/\/images.epagine.fr\/741\/9782362663741_1_75.jpg","medium":"https:\/\/images.epagine.fr\/741\/9782362663741_1_m.jpg","thumbnail":"https:\/\/images.epagine.fr\/741\/9782362663741_1_v.jpg"},"orderable":true,"show_badge":false,"formatted_price":"11,90&nbsp;\u20ac","formatted_published_date":"21 mai 2021","publisher_availability_label":"Sur commande","short_details":"Annelise Heurtier, Mureen Poignonec \u2014 \u00c9ditions Talents Hauts","translator":null,"weight":204,"page_count":18,"readership":"3\/6 ans","editor":"\u00c9ditions Talents Hauts","price":1190,"published_date":"2021-05-20T22:00:00.000000Z","support":"Grand format","publisher_availability":1,"stock":1,"editions":[],"url":"https:\/\/quaidesbrumes.com\/ouvrage\/9782362663741\/ma-poupee"},{"id":"9782378013516","title":"Pomme d'Or et le monde imnuscule","description":"Apr\u00e8s le succ\u00e8s de Nos Maisons, \u00c9lise Peyrache revient avec un nouvel album anim\u00e9 sur une th\u00e9matique qui devient son credo : la nature. On d\u00e9ambule ici dans le monde minuscule et magique des f\u00e9es, des lutins mais aussi d'insectes bien r\u00e9els comme les abeilles, les vers de terre...\r\n\r\nEn plus de nous raconter une histoire tendre, l'auteure int\u00e8gre des infos documentaires sur les diff\u00e9rents insectes que Pomme d'Or croise sur son chemin. On apprend ainsi que les abeilles habitent en collectivit\u00e9 et sont tr\u00e8s organis\u00e9es, mais aussi que le ver de terre creuse des tunnels permettant \u00e0 la terre de respirer et se fertiliser. Des flaps pr\u00e9sents tout au long du livre permettant de cr\u00e9er la surprise et de mieux s'immerger dans ce monde merveilleux. Avec talent, \u00c9lise Peyrache nous plonge une nouvelle fois dans son univers \u00e0 la Semp\u00e9 o\u00f9 chaque d\u00e9tail prend sens dans cette nature foisonnante.","authors":["Elise Peyrache"],"category_codes":["2000000","2030000","2030500"],"visuals":{"large":"https:\/\/images.epagine.fr\/516\/9782378013516_1_75.jpg","medium":"https:\/\/images.epagine.fr\/516\/9782378013516_1_m.jpg","thumbnail":"https:\/\/images.epagine.fr\/516\/9782378013516_1_v.jpg"},"orderable":true,"show_badge":false,"formatted_price":"15,00&nbsp;\u20ac","formatted_published_date":"30 mai 2025","publisher_availability_label":"Sur commande","short_details":"Elise Peyrache \u2014 Saltimbanque \u00c9ditions","translator":null,"weight":516,"page_count":48,"readership":"3\/6 ans","editor":"Saltimbanque \u00c9ditions","price":1500,"published_date":"2025-05-29T22:00:00.000000Z","support":"Grand format","publisher_availability":1,"stock":1,"editions":[],"url":"https:\/\/quaidesbrumes.com\/ouvrage\/9782378013516\/pomme-dor-et-le-monde-imnuscule"},{"id":"9791023521931","title":"Bonjour printemps","description":"Un matin de printemps, la maison de cette petite famille de blaireaux se met tout doucement \u00e0 grandir, \u00e0 pousser, \u00e0 bourgeonner. Des petits changements d'abord imperceptibles puis un peu perturbants. Dr\u00f4les de moments que ceux o\u00f9 on a l'impression d'\u00eatre la seule \u00e0 ne pas changer. Le ventre de maman s'arrondit, celui de papa aussi.\r\nIl faudra beaucoup de tendresse, des mots qui \u00e9clairent et qui rassurent la nuit, et du temps pour que voil\u00e0, un matin, on se retrouve grande soeur, le coeur gonfl\u00e9 d'amour...\r\nUn album tout en tendresse pour faire face aux grands bouleversements de la vie comme celui de la venue d'un petit fr\u00e8re ou d'une petite soeur","authors":["Didier L\u00e9vy","Fleur Oury"],"category_codes":["2000000","2030000","2030400"],"visuals":{"large":"https:\/\/images.epagine.fr\/931\/9791023521931_1_75.jpg","medium":"https:\/\/images.epagine.fr\/931\/9791023521931_1_m.jpg","thumbnail":"https:\/\/images.epagine.fr\/931\/9791023521931_1_v.jpg"},"orderable":true,"show_badge":true,"formatted_price":"5,00&nbsp;\u20ac","formatted_published_date":"7 mars 2025","publisher_availability_label":"Sur commande","short_details":"Didier L\u00e9vy, Fleur Oury \u2014 Le Seuil jeunesse","translator":null,"weight":100,"page_count":40,"readership":"\u00e0 partir de 3 ANS","editor":"Le Seuil jeunesse","price":500,"published_date":"2025-03-06T23:00:00.000000Z","support":"Grand format","publisher_availability":1,"stock":0,"editions":[],"url":"https:\/\/quaidesbrumes.com\/ouvrage\/9791023521931\/bonjour-printemps"},{"id":"9791040122876","title":"Throne of Glass - Le Tr\u00f4ne de verre Tome 5 : L'empire des temp\u00eates","description":"Retrouvez la suite de la nouvelle \u00e9dition de la saga phare de Sarah J. Maas, avec de nouvelles couvertures flamboyantes et d\u00e9sormais sous son titre original \u00ab Throne of Glass \u00bb.\r\n\r\nSEUL LE PLUS GRAND DES SACRIFICES PEUT FAIRE CHAVIRER LE COURS DE LA GUERRE.\r\nLa route d'Aelin Galathynius pour acc\u00e9der au tr\u00f4ne de Terrasen est encore longue.\r\nPour pr\u00e9parer la guerre qui menace son monde, Aelin doit se battre sur tous les fronts : en retrouvant de vieilles connaissances afin de contracter de nouvelles alliances, en plongeant au coeur de son \u00e2me pour ma\u00eetriser ses pouvoirs au risque de se laisser consumer par sa propre magie... et en misant tous ses espoirs de salut dans une qu\u00eate d\u00e9sesp\u00e9r\u00e9e.\r\nUne qu\u00eate qui pourrait exiger d'Aelin bien plus qu'elle ne souhaite offrir.","authors":["Sarah J. Maas","Anne-Judith Descombey"],"category_codes":["2000000","2050000","2050200","2050204"],"visuals":{"large":"https:\/\/images.epagine.fr\/876\/9791040122876_1_75.jpg","medium":"https:\/\/images.epagine.fr\/876\/9791040122876_1_m.jpg","thumbnail":"https:\/\/images.epagine.fr\/876\/9791040122876_1_v.jpg"},"orderable":true,"show_badge":true,"formatted_price":"23,00&nbsp;\u20ac","formatted_published_date":"12 septembre 2025","publisher_availability_label":"Sur commande","short_details":"Sarah J. Maas, Anne-Judith Descombey \u2014 La Martini\u00e8re jeunesse","translator":"ANNE-JUDITH DESCOMBEY","weight":718,"page_count":784,"readership":"\u00e0 partir de 15 ans","editor":"La Martini\u00e8re jeunesse","price":2300,"published_date":"2025-09-11T22:00:00.000000Z","support":"Grand format","publisher_availability":1,"stock":0,"editions":[],"url":"https:\/\/quaidesbrumes.com\/ouvrage\/9791040122876\/throne-of-glass-le-trone-de-verre-tome-5-lempire-des-tempetes"},{"id":"9782215195795","title":"Paroles de d\u00e9esses","description":"L'amour, la col\u00e8re, le courage... les mythes grecs sont le reflet de nos sentiments et de nos vertus comme de nos faiblesses. Mais ces r\u00e9cits sont souvent domin\u00e9s par des figures masculines : dieux ou grands h\u00e9ros.\r\n\r\nDans ce livre, cinq d\u00e9esses aux caract\u00e8res bien tremp\u00e9s prennent enfin la parole ! \u00c0 l'occasion d'un concours d'\u00e9loquence, au terme duquel vous pourrez choisir la meilleure histoire, Aphrodite, H\u00e9ra, Ath\u00e9na, D\u00e9m\u00e9ter et Art\u00e9mis vous racontent chacune \u00e0 leur mani\u00e8re un r\u00e9cit dans lequel elles ont jou\u00e9 un r\u00f4le pr\u00e9pond\u00e9rant.\r\n\r\nLe r\u00e9sultat est \u00e9poustouflant ! Mais quelle d\u00e9esse va le plus vous surprendre, vous \u00e9mouvoir ou vous faire rire ? \u00c0 vous de juger !","authors":["Emmanuelle Lepetit","Rebecca Romeo"],"category_codes":["2000000","2030000","2030300"],"visuals":{"large":"https:\/\/images.epagine.fr\/795\/9782215195795_1_75.jpg","medium":"https:\/\/images.epagine.fr\/795\/9782215195795_1_m.jpg","thumbnail":"https:\/\/images.epagine.fr\/795\/9782215195795_1_v.jpg"},"orderable":true,"show_badge":true,"formatted_price":"16,95&nbsp;\u20ac","formatted_published_date":"31 octobre 2025","publisher_availability_label":"Sur commande","short_details":"Emmanuelle Lepetit, Rebecca Romeo \u2014 Fleurus","translator":null,"weight":546,"page_count":48,"readership":"3\/6 ans","editor":"Fleurus","price":1695,"published_date":"2025-10-30T23:00:00.000000Z","support":"Grand format","publisher_availability":1,"stock":0,"editions":[],"url":"https:\/\/quaidesbrumes.com\/ouvrage\/9782215195795\/paroles-de-deesses"},{"id":"9782017167310","title":"Mini-Loup v\u00e9t\u00e9rinaire","description":"Aujourd'hui, c'est mercredi et Mini-Loup passe la journ\u00e9e dans la clinique v\u00e9t\u00e9rinaire de Tata-Loup. Equip\u00e9 d'une blouse, d'un pantalon et d'un st\u00e9thoscope, il est fin pr\u00eat pour accueillir les patients. Depuis la salle d'attente, Mini-Loup voit d\u00e9filer toutes sortes d'animaux, des grands, des petits, des maigres, des gros, des poilus, des jeunes, des vieux, et m\u00eame des longs... Mais quand arrive le tour de P\u00e9tale, la petite chatte au caract\u00e8re de cochon, rien ne va se passer comme pr\u00e9vu...","authors":["Philippe Matter"],"category_codes":["2000000","2030000","2030400"],"visuals":{"large":"https:\/\/images.epagine.fr\/310\/9782017167310_1_75.jpg","medium":"https:\/\/images.epagine.fr\/310\/9782017167310_1_m.jpg","thumbnail":"https:\/\/images.epagine.fr\/310\/9782017167310_1_v.jpg"},"orderable":true,"show_badge":true,"formatted_price":"6,95&nbsp;\u20ac","formatted_published_date":"13 septembre 2023","publisher_availability_label":"Sur commande","short_details":"Philippe Matter \u2014 Hachette Enfants","translator":null,"weight":262,"page_count":32,"readership":"\u00e0 partir de 3 ANS","editor":"Hachette Enfants","price":695,"published_date":"2023-09-12T22:00:00.000000Z","support":"Grand format","publisher_availability":1,"stock":0,"editions":[],"url":"https:\/\/quaidesbrumes.com\/ouvrage\/9782017167310\/mini-loup-veterinaire"},{"id":"9782211301787","title":"L'\u00e9cole des souris : Par ici la sortie !","description":"Quand leur maman laisse les treize souriceaux \u00e0 l'\u00e9cole,  tout est calme. Tr\u00e8s calme : il n'y a personne. Ni ma\u00eetresse ni surveillant. Le silence, \u00e0 part le directeur qui ronfle l\u00e0-haut. Il faut dire que c'est dimanche et que, normalement, il n'y a pas \u00e9cole. Mais normal ou pas, Elvis le hibou est maintenant bien r\u00e9veill\u00e9 : les treize souriceaux sont l\u00e0, dans sa chambre. Il va vite falloir trouver quelque chose pour les occuper. Une sortie : voil\u00e0 la solution ! Mais un hibou, une belette, un h\u00e9risson et treize souris en ville, \u00e7a ne passe pas inaper\u00e7u...\r","authors":["Agn\u00e8s Mathieu-Daud\u00e9","Marc Boutavant"],"category_codes":["2000000","2040000","2040200"],"visuals":{"large":"https:\/\/images.epagine.fr\/787\/9782211301787_1_75.jpg","medium":"https:\/\/images.epagine.fr\/787\/9782211301787_1_m.jpg","thumbnail":"https:\/\/images.epagine.fr\/787\/9782211301787_1_v.jpg"},"orderable":true,"show_badge":true,"formatted_price":"8,00&nbsp;\u20ac","formatted_published_date":"10 avril 2019","publisher_availability_label":"Sur commande","short_details":"Agn\u00e8s Mathieu-Daud\u00e9, Marc Boutavant \u2014 L'\u00c9cole des loisirs","translator":null,"weight":132,"page_count":72,"readership":"\u00e0 partir de 6 ANS","editor":"L'\u00c9cole des loisirs","price":800,"published_date":"2019-04-09T22:00:00.000000Z","support":"Grand format","publisher_availability":1,"stock":0,"editions":[],"url":"https:\/\/quaidesbrumes.com\/ouvrage\/9782211301787\/lecole-des-souris-par-ici-la-sortie"},{"id":"9782748505702","title":"Les doigts rouges","description":"Un classique incontournable qui exploite tr\u00e8s habilement le th\u00e8me de la fausse piste...\r\nQue feriez-vous si vous soup\u00e7onniez votre grand fr\u00e8re ch\u00e9ri d'avoir commis un crime horrible ? Ricky est rong\u00e9 par le doute...","authors":["Marc Villard","Antonin Louchard"],"category_codes":["2000000","2040000","2040500"],"visuals":{"large":"https:\/\/images.epagine.fr\/702\/9782748505702_1_75.jpg","medium":"https:\/\/images.epagine.fr\/702\/9782748505702_1_m.jpg","thumbnail":"https:\/\/images.epagine.fr\/702\/9782748505702_1_v.jpg"},"orderable":true,"show_badge":true,"formatted_price":"3,99&nbsp;\u20ac","formatted_published_date":"2 f\u00e9vrier 2007","publisher_availability_label":"Sur commande","short_details":"Marc Villard, Antonin Louchard \u2014 Syros","translator":null,"weight":32,"page_count":32,"readership":"\u00e0 partir de 6 ANS","editor":"Syros","price":399,"published_date":"2007-02-01T23:00:00.000000Z","support":"Poche","publisher_availability":1,"stock":0,"editions":[],"url":"https:\/\/quaidesbrumes.com\/ouvrage\/9782748505702\/les-doigts-rouges"},{"id":"9782211066372","title":"Babar en famille","description":"Une grande nouvelle \u00e0 C\u00e9lesteville : Babar et C\u00e9leste attendent un enfant. Ce n'est pas un mais trois b\u00e9b\u00e9s qui arrivent ! Ils s'appelleront Pom, Flore et Alexandre.","authors":["Jean de Brunhoff"],"category_codes":["2000000","2030000","2030400"],"visuals":{"large":"https:\/\/images.epagine.fr\/372\/9782211066372_1_75.jpg","medium":"https:\/\/images.epagine.fr\/372\/9782211066372_1_m.jpg","thumbnail":"https:\/\/images.epagine.fr\/372\/9782211066372_1_v.jpg"},"orderable":true,"show_badge":true,"formatted_price":"6,00&nbsp;\u20ac","formatted_published_date":"1er janvier 1980","publisher_availability_label":"Sur commande","short_details":"Jean de Brunhoff \u2014 L'\u00c9cole des loisirs","translator":null,"weight":110,"page_count":48,"readership":"3\/6 ans","editor":"L'\u00c9cole des loisirs","price":600,"published_date":"1979-12-31T23:00:00.000000Z","support":"Poche","publisher_availability":1,"stock":0,"editions":[],"url":"https:\/\/quaidesbrumes.com\/ouvrage\/9782211066372\/babar-en-famille"},{"id":"9782070617104","title":"La guerre des boutons","description":"Entre les Longeverne, men\u00e9s par Lebrac, et les Velrans, du village voisin, la guerre est aussi acharn\u00e9e qu'imm\u00e9moriale. Mais, le jour o\u00f9 les Velrans surprennent Grangibus et Tigibus dans le bois et les apostrophent d'une insulte jusque-l\u00e0 inconnue des Longeverne, pourtant experts en jurons fleuris, la guerre prend un tour nouveau.","authors":["Louis Pergaud"],"category_codes":["2000000","2040000","2040500","2040507"],"visuals":{"large":"https:\/\/images.epagine.fr\/104\/9782070617104_1_75.jpg","medium":"https:\/\/images.epagine.fr\/104\/9782070617104_1_m.jpg","thumbnail":"https:\/\/images.epagine.fr\/104\/9782070617104_1_v.jpg"},"orderable":true,"show_badge":true,"formatted_price":"7,90&nbsp;\u20ac","formatted_published_date":"24 janvier 2008","publisher_availability_label":"Sur commande","short_details":"Louis Pergaud \u2014 Gallimard Jeunesse","translator":null,"weight":206,"page_count":368,"readership":"\u00e0 partir de 6 ANS","editor":"Gallimard Jeunesse","price":790,"published_date":"2008-01-23T23:00:00.000000Z","support":"Poche","publisher_availability":1,"stock":0,"editions":["9782070464807","9782013230049","9782253089254","9782035855718","9782016135990","9791041997701"],"url":"https:\/\/quaidesbrumes.com\/ouvrage\/9782070617104\/la-guerre-des-boutons"},{"id":"9782095049041","title":"Dico dingo","description":"Quand Robert Robert fait tomber son dictionnaire, c'est toute la maison qui se retrouve sens dessus dessous ! Une aventure hilarante o\u00f9 les mots prennent vie et cr\u00e9ent un joyeux d\u00e9sordre.\r\nDans la maison des Robert, une catastrophe linguistique vient de se produire. Suite \u00e0 la chute du dictionnaire, tous les mots se sont \u00e9parpill\u00e9s et plus rien n'est \u00e0 sa place.\r\n\r\nCette histoire emm\u00e8ne les jeunes lecteurs dans un tourbillon de jeux de mots et de situations cocasses o\u00f9 le langage devient source d'aventures extraordinaires.\r\n\r\nCe roman sp\u00e9cialement con\u00e7u pour les 7-11 ans allie parfaitement divertissement et apprentissage, avec un texte accessible qui encourage la lecture autonome. Les enseignants diposent de ressources p\u00e9dagogiques pour exploiter l'ouvrage en classe, faisant de ce livre un outil pr\u00e9cieux pour l'apprentissage de la langue fran\u00e7aise de fa\u00e7on ludique.","authors":["Pascal Garnier","Jochen Gerner"],"category_codes":["2000000","2040000","2040200"],"visuals":{"large":"https:\/\/images.epagine.fr\/041\/9782095049041_1_75.jpg","medium":"https:\/\/images.epagine.fr\/041\/9782095049041_1_m.jpg","thumbnail":"https:\/\/images.epagine.fr\/041\/9782095049041_1_v.jpg"},"orderable":true,"show_badge":true,"formatted_price":"6,50&nbsp;\u20ac","formatted_published_date":"3 avril 2025","publisher_availability_label":"Sur commande","short_details":"Pascal Garnier, Jochen Gerner \u2014 Nathan","translator":null,"weight":140,"page_count":48,"readership":"\u00e0 partir de 7 ANS","editor":"Nathan","price":650,"published_date":"2025-04-02T22:00:00.000000Z","support":"Grand format","publisher_availability":1,"stock":0,"editions":[],"url":"https:\/\/quaidesbrumes.com\/ouvrage\/9782095049041\/dico-dingo"},{"id":"9782095062323","title":"Le bureau des mots perdus","description":"Une histoire pleine d'humour, \u00e0 la poursuite du mot perdu ! Un roman illustr\u00e9 pour les enfants de 7 \u00e0 11 ans facile \u00e0 lire tout seul et \u00e0 comprendre.\r\nL'histoire : \" N'oublie pas le.... \" : Le probl\u00e8me de Tim\u00e9o est d'avoir perdu le dernier mot de cette phrase. Sa m\u00e8re l'a prononc\u00e9e ce matin mais un b\u00e2illement a emp\u00each\u00e9 le petit gar\u00e7on d'en entendre la fin.\r\nTim\u00e9o d\u00e9cide donc de se rendre au bureau des mots perdus, dans la maison des choses perdues. L\u00e0-bas, on lui attribue un chasseur de jeux de mots pour l'aider dans sa dr\u00f4le de qu\u00eate.\r\nUn roman humoristique pour les enfants de 7 \u00e0 11 ans.","authors":["Roland Fuent\u00e8s","Benjamin Adam"],"category_codes":["2000000","2040000","2040300"],"visuals":{"large":"https:\/\/images.epagine.fr\/323\/9782095062323_1_75.jpg","medium":"https:\/\/images.epagine.fr\/323\/9782095062323_1_m.jpg","thumbnail":"https:\/\/images.epagine.fr\/323\/9782095062323_1_v.jpg"},"orderable":true,"show_badge":true,"formatted_price":"6,50&nbsp;\u20ac","formatted_published_date":"5 f\u00e9vrier 2026","publisher_availability_label":"Sur commande","short_details":"Roland Fuent\u00e8s, Benjamin Adam \u2014 Nathan","translator":null,"weight":138,"page_count":48,"readership":"\u00e0 partir de 7 ANS","editor":"Nathan","price":650,"published_date":"2026-02-04T23:00:00.000000Z","support":"Grand format","publisher_availability":1,"stock":0,"editions":[],"url":"https:\/\/quaidesbrumes.com\/ouvrage\/9782095062323\/le-bureau-des-mots-perdus"},{"id":"9782075225052","title":"Nos voisins les Deux Gredins","description":"Le retour de Comp\u00e8re et Comm\u00e8re Gredin, que l'on adore d\u00e9tester, dans une nouvelle aventure inspir\u00e9e par l'univers de Roald Dahl.\r\nPour les deux gredins, tout allait pour le mieux dans le plus ignoble des mondes. Ils mangeaient (salement) des spaghettis aux vers de terre tout en se jouant des tours pendables. Jusqu'\u00e0... l'arriv\u00e9e de leurs nouveaux adorables et rayonnants voisins, la famille Charmant. Et ils v\u00e9curent heureux et... euh non\u00a0! Pas dans cette histoire...","authors":["Greg James","Chris Smith","Emily Jones","Isabelle Troin"],"category_codes":["2000000","2040000"],"visuals":{"large":"https:\/\/images.epagine.fr\/052\/9782075225052_1_75.jpg","medium":"https:\/\/images.epagine.fr\/052\/9782075225052_1_m.jpg","thumbnail":"https:\/\/images.epagine.fr\/052\/9782075225052_1_v.jpg"},"orderable":true,"show_badge":true,"formatted_price":"17,50&nbsp;\u20ac","formatted_published_date":"24 avril 2025","publisher_availability_label":"Sur commande","short_details":"Greg James, Chris Smith, Emily Jones, Isabelle Troin \u2014 Gallimard Jeunesse","translator":"ISABELLE TROIN","weight":322,"page_count":272,"readership":"\u00e0 partir de 6 ANS","editor":"Gallimard Jeunesse","price":1750,"published_date":"2025-04-23T22:00:00.000000Z","support":"Grand format","publisher_availability":1,"stock":0,"editions":[],"url":"https:\/\/quaidesbrumes.com\/ouvrage\/9782075225052\/nos-voisins-les-deux-gredins"},{"id":"9782095061845","title":"Samuel : Un monstre dans la peau !","description":"Avec lui, la vie de tous les jours devient une aventure fantastique ! Un roman illustr\u00e9 pour les enfants de 7 \u00e0 11 ans, facile \u00e0 lire tout seul et \u00e0 comprendre. Une histoire rythm\u00e9e et passionnante qui donne vraiment envie de lire.\r\n\r\nL'histoire : Samuel vient de gagner le Grand Cobra magique, le plus beau tatouage de la collection Flapi Flakes ! Mais \u00e0 peine se l'est-il coll\u00e9 sur l'\u00e9paule que sa peau le d\u00e9mange \u00e9trangement...\r\n\r\nUn tatouage magique qui prend vie, un gar\u00e7on ordinaire propuls\u00e9 dans l'extraordinaire : et si le danger se cachait dans votre bo\u00eete de c\u00e9r\u00e9ales pr\u00e9f\u00e9r\u00e9e ?\r\n\r\nUne histoire ensorcelante qui prouve que la magie peut surgir des endroits les plus inattendus !\r\n\r\nUn roman fantastique pour les enfants de 7 \u00e0 11 ans.","authors":["Hubert Ben Kemoun","Fran\u00e7ois Roca"],"category_codes":["2000000","2040000","2040500"],"visuals":{"large":"https:\/\/images.epagine.fr\/845\/9782095061845_1_75.jpg","medium":"https:\/\/images.epagine.fr\/845\/9782095061845_1_m.jpg","thumbnail":"https:\/\/images.epagine.fr\/845\/9782095061845_1_v.jpg"},"orderable":true,"show_badge":true,"formatted_price":"6,50&nbsp;\u20ac","formatted_published_date":"8 janvier 2026","publisher_availability_label":"Sur commande","short_details":"Hubert Ben Kemoun, Fran\u00e7ois Roca \u2014 Nathan","translator":null,"weight":140,"page_count":48,"readership":"\u00e0 partir de 7 ANS","editor":"Nathan","price":650,"published_date":"2026-01-07T23:00:00.000000Z","support":"Grand format","publisher_availability":1,"stock":0,"editions":["9782092593936"],"url":"https:\/\/quaidesbrumes.com\/ouvrage\/9782095061845\/samuel-un-monstre-dans-la-peau"},{"id":"9782408049157","title":"Grisha Tome 1 : Shadow and bone","description":"Le roman ph\u00e9nom\u00e8ne \u00e0 l'origine de la s\u00e9rie \"Shadow and Bone\" sur Netflix ! Saison 2 actuellement disponible. \r\n\r\nOMBRE. GUERRE. CHAOS.\r\nUn royaume envahi par les t\u00e9n\u00e8bres.\r\nUne \u00e9lite magique qui se bat sans rel\u00e2che contre ce mal.\r\nDes citoyens envoy\u00e9s en p\u00e2ture aux cr\u00e9atures qui peuplent le Shadow Fold.\r\nParmi eux : Alina Starkov.\r\nESPOIR. DESTIN\u00c9E. RENOUVEAU.\r\nL'avenir de tous repose sur les \u00e9paules d'une orpheline qui ignore tout de son pouvoir.\r\nL'Invocatrice de lumi\u00e8re.\r\n\r\nShadow and Bone : LA s\u00e9rie \u00e0 ne louper sous aucun pr\u00e9texte D\u00e8s sa premi\u00e8re semaine de sortie, la saison 2 de Shadow and Bone a \u00e9t\u00e9 vu plus de 50,4 millions d'heures. Actuellement, la s\u00e9rie est dans le top 10 Netflix dans 85 pays.\r\n\r\nUn ph\u00e9nom\u00e8ne en librairie Le Grishaverse, qui regroupe la totalit\u00e9 des romans de Leigh Bardugo, s'est vendu \u00e0 plus de 250 000 exemplaires en France.","authors":["Leigh Bardugo","Nenad Savic"],"category_codes":["2000000","2050000","2050200","2050204"],"visuals":{"large":"https:\/\/images.epagine.fr\/157\/9782408049157_1_75.jpg","medium":"https:\/\/images.epagine.fr\/157\/9782408049157_1_m.jpg","thumbnail":"https:\/\/images.epagine.fr\/157\/9782408049157_1_v.jpg"},"orderable":false,"show_badge":true,"formatted_price":"20,90&nbsp;\u20ac","formatted_published_date":null,"publisher_availability_label":"\u00c0 para\u00eetre","short_details":"Leigh Bardugo, Nenad Savic \u2014 Milan","translator":"NENAD SAVIC","weight":501,"page_count":352,"readership":"\u00e0 partir de 15 ans","editor":"Milan","price":2090,"published_date":null,"support":"Grand format","publisher_availability":2,"stock":0,"editions":["9791036390395"],"url":"https:\/\/quaidesbrumes.com\/ouvrage\/9782408049157\/grisha-tome-1-shadow-and-bone"},{"id":"9782378880880","title":"Bonne nuit, Petit Monstre Vert","description":"M\u00eame les Grands Monstres Verts ont commenc\u00e9 petits, en voici la preuve ! Comme tous les enfants sages, d\u00e8s que la premi\u00e8re \u00e9toile brille dans le ciel, Petit Monstre Vert se met au lit et il s'endort au fil des pages...","authors":["Ed Emberley","Elisabeth Duval"],"category_codes":["2000000","2030000","2030400"],"visuals":{"large":"https:\/\/images.epagine.fr\/880\/9782378880880_1_75.jpg","medium":"https:\/\/images.epagine.fr\/880\/9782378880880_1_m.jpg","thumbnail":"https:\/\/images.epagine.fr\/880\/9782378880880_1_v.jpg"},"orderable":true,"show_badge":true,"formatted_price":"12,50&nbsp;\u20ac","formatted_published_date":"6 mai 2022","publisher_availability_label":"Sur commande","short_details":"Ed Emberley, Elisabeth Duval \u2014 Kal\u00e9idoscope","translator":"ELISABETH DUVAL","weight":266,"page_count":32,"readership":"3\/6 ans","editor":"Kal\u00e9idoscope","price":1250,"published_date":"2022-05-05T22:00:00.000000Z","support":"Grand format","publisher_availability":1,"stock":0,"editions":[],"url":"https:\/\/quaidesbrumes.com\/ouvrage\/9782378880880\/bonne-nuit-petit-monstre-vert"},{"id":"9782017247883","title":"Pok\u00e9mon : L'encyclo Galar","description":"Le livre de r\u00e9f\u00e9rence pour tous les fans du dessin anim\u00e9 Pok\u00e9mon avec tout ce qu'il y a \u00e0 savoir sur cet univers foisonnant depuis l'origine : les aventures de Sacha \u00e0 travers 8 r\u00e9gions, ses amis, ses rivaux, les combats c\u00e9l\u00e8bres et tous les pok\u00e9mon class\u00e9s par r\u00e9gion.\r\nNOUVELLE \u00c9DITION : avec en plus, toutes les infos sur la r\u00e9gion de Galar.","authors":["Collectif"],"category_codes":["2000000","2030000","2030400"],"visuals":{"large":"https:\/\/images.epagine.fr\/883\/9782017247883_1_75.jpg","medium":"https:\/\/images.epagine.fr\/883\/9782017247883_1_m.jpg","thumbnail":"https:\/\/images.epagine.fr\/883\/9782017247883_1_v.jpg"},"orderable":true,"show_badge":true,"formatted_price":"14,95&nbsp;\u20ac","formatted_published_date":"2 octobre 2024","publisher_availability_label":"Sur commande","short_details":"Collectif \u2014 Hachette Jeunesse","translator":null,"weight":1108,"page_count":352,"readership":"3\/6 ans","editor":"Hachette Jeunesse","price":1495,"published_date":"2024-10-01T22:00:00.000000Z","support":"Grand format","publisher_availability":1,"stock":0,"editions":[],"url":"https:\/\/quaidesbrumes.com\/ouvrage\/9782017247883\/pokemon-lencyclo-galar"},{"id":"9782211222976","title":"Lettres de l'int\u00e9rieur","description":"Mandy et Tracey ne se sont jamais rencontr\u00e9es, mais elles connaissent tout l'une de l'autre. Les deux ados ont entam\u00e9 une correspondance \u00e0 la faveur d'une petite annonce post\u00e9e dans un magazine. Depuis, elles s'\u00e9changent des lettres souvent joyeuses et se confient leurs espoirs, leurs doutes, comme si elles se connaissaient depuis toujours. La vie de Tracey semble parfaite. Une famille g\u00e9niale, un petit copain sexy, des vacances de r\u00eave et de l'argent \u00e0 profusion...Trop beau pour \u00eatre vrai ? D'ailleurs, Tracey se contredit parfois dans ses propos. Elle trouve toujours une excuse pour ne pas envoyer sa photo et se sert d'une adresse en poste restante...Mandy finit par douter. Sa nouvelle amie pourrait bien avoir tout invent\u00e9.\r\nAlors qui est la v\u00e9ritable Tracey ? Qui se cache derri\u00e8re ses lettres ?","authors":["John Marsden","Th\u00e9o Gosselin","Val\u00e9rie Dayre"],"category_codes":["2000000","2050000","2050200"],"visuals":{"large":"https:\/\/images.epagine.fr\/976\/9782211222976_1_75.jpg","medium":"https:\/\/images.epagine.fr\/976\/9782211222976_1_m.jpg","thumbnail":"https:\/\/images.epagine.fr\/976\/9782211222976_1_v.jpg"},"orderable":true,"show_badge":false,"formatted_price":"7,50&nbsp;\u20ac","formatted_published_date":"15 juin 2016","publisher_availability_label":"Sur commande","short_details":"John Marsden, Th\u00e9o Gosselin, Val\u00e9rie Dayre \u2014 L'\u00c9cole des loisirs","translator":"VALERIE DAYRE","weight":188,"page_count":208,"readership":"\u00e0 partir de 13 ANS","editor":"L'\u00c9cole des loisirs","price":750,"published_date":"2016-06-14T22:00:00.000000Z","support":"Poche","publisher_availability":1,"stock":1,"editions":[],"url":"https:\/\/quaidesbrumes.com\/ouvrage\/9782211222976\/lettres-de-linterieur"}]}