{"data":[{"id":"9782017308782","title":"Prouts de princesses","description":"C'est bien connu, les Princesses sont douces, raffin\u00e9es et \u00e9l\u00e9gantes. Mais comme tout le monde sur cette plan\u00e8te... elles p\u00e8tent ! Quand il faut descendre d'un carrosse en souriant, prout. Quand la robe est trop serr\u00e9e au bal royal, re-prout. Quand elles sautent de leur tr\u00f4ne pour sauver le royaume, m\u00e9ga prout. Dans ce livre sonore, d\u00e9couvre tous les prouts les plus princiers jamais entendus. Des pets de gala, des pets de stress, des pets enchant\u00e9s... 6 boutons, 6 prouts, 6 fous rires.","authors":["Laura Bisson"],"category_codes":["2000000","2020000","2020200"],"visuals":{"large":"https:\/\/images.epagine.fr\/782\/9782017308782_1_75.jpg","medium":"https:\/\/images.epagine.fr\/782\/9782017308782_1_m.jpg","thumbnail":"https:\/\/images.epagine.fr\/782\/9782017308782_1_v.jpg"},"orderable":true,"show_badge":true,"formatted_price":"12,00&nbsp;\u20ac","formatted_published_date":"25 f\u00e9vrier 2026","publisher_availability_label":"Sur commande","short_details":"Laura Bisson \u2014 \u00c9ditions Deux Coqs d'Or","translator":null,"weight":276,"page_count":6,"readership":"\u00e0 partir de 1 AN","editor":"\u00c9ditions Deux Coqs d'Or","price":1200,"published_date":"2026-02-24T23:00:00.000000Z","support":"Grand format","publisher_availability":1,"stock":0,"editions":[],"url":"https:\/\/quaidesbrumes.com\/ouvrage\/9782017308782\/prouts-de-princesses"},{"id":"9782013987455","title":"Madame Fabuleuse","description":"Madame Beaut\u00e9 a du souci \u00e0 se faire\u00a0car madame Fabuleuse est furieusement tendance. Comment va-t-elle s'y prendre pour reprendre la premi\u00e8re place ?","authors":["Roger Hargreaves"],"category_codes":["2000000","2030000","2030400"],"visuals":{"large":"https:\/\/images.epagine.fr\/455\/9782013987455_1_75.jpg","medium":"https:\/\/images.epagine.fr\/455\/9782013987455_1_m.jpg","thumbnail":"https:\/\/images.epagine.fr\/455\/9782013987455_1_v.jpg"},"orderable":true,"show_badge":true,"formatted_price":"2,90&nbsp;\u20ac","formatted_published_date":"30 mars 2016","publisher_availability_label":"Sur commande","short_details":"Roger Hargreaves \u2014 Hachette Jeunesse","translator":null,"weight":52,"page_count":40,"readership":"\u00e0 partir de 4 ANS","editor":"Hachette Jeunesse","price":290,"published_date":"2016-03-29T22:00:00.000000Z","support":"Poche","publisher_availability":1,"stock":0,"editions":[],"url":"https:\/\/quaidesbrumes.com\/ouvrage\/9782013987455\/madame-fabuleuse"},{"id":"9782244114484","title":"Coloriages brillants : Les animaux de la mer","description":"Un bloc avec 24 grands dessins aux contours paillet\u00e9s pour apprendre aux petits \u00e0 colorier sans d\u00e9passer sur le th\u00e8me de la mer. Pour chaque coloriage, un mod\u00e8le en couleurs est propos\u00e9.","authors":["Carole Wey"],"category_codes":["2000000","2080000","2080300"],"visuals":{"large":"https:\/\/images.epagine.fr\/484\/9782244114484_1_75.jpg","medium":"https:\/\/images.epagine.fr\/484\/9782244114484_1_m.jpg","thumbnail":"https:\/\/images.epagine.fr\/484\/9782244114484_1_v.jpg"},"orderable":true,"show_badge":true,"formatted_price":"6,90&nbsp;\u20ac","formatted_published_date":"1er avril 2026","publisher_availability_label":"Sur commande","short_details":"Carole Wey \u2014 \u00c9ditions Lito","translator":null,"weight":220,"page_count":48,"readership":null,"editor":"\u00c9ditions Lito","price":690,"published_date":"2026-03-31T22:00:00.000000Z","support":"Papeterie \/ Coloriage","publisher_availability":1,"stock":0,"editions":[],"url":"https:\/\/quaidesbrumes.com\/ouvrage\/9782244114484\/coloriages-brillants-les-animaux-de-la-mer"},{"id":"9791039526081","title":"Cherche et trouve : L'incroyable cherche et trouve Loup","description":"36 pages, fourmillant de d\u00e9tails, pour des heures de jeux ! Retrouve Loup et ses amis \u00e0 travers diff\u00e9rentes \u00e9poques et dans diff\u00e9rents lieux et amuse-toi \u00e0 retrouver pr\u00e8s de 40 \u00e9l\u00e9ments sur chaque planche.","authors":["Orianne Lallemand","El\u00e9onore Thuillier"],"category_codes":["2000000","2060000","2060500"],"visuals":{"large":"https:\/\/images.epagine.fr\/081\/9791039526081_1_75.jpg","medium":"https:\/\/images.epagine.fr\/081\/9791039526081_1_m.jpg","thumbnail":"https:\/\/images.epagine.fr\/081\/9791039526081_1_v.jpg"},"orderable":true,"show_badge":true,"formatted_price":"10,95&nbsp;\u20ac","formatted_published_date":"12 mai 2023","publisher_availability_label":"Sur commande","short_details":"Orianne Lallemand, El\u00e9onore Thuillier \u2014 Auzou","translator":null,"weight":564,"page_count":34,"readership":"\u00e0 partir de 3 ANS","editor":"Auzou","price":1095,"published_date":"2023-05-11T22:00:00.000000Z","support":"Grand format","publisher_availability":1,"stock":0,"editions":[],"url":"https:\/\/quaidesbrumes.com\/ouvrage\/9791039526081\/cherche-et-trouve-lincroyable-cherche-et-trouve-loup"},{"id":"9782924663363","title":"Zip Zap","description":"Cassandra a peur d'avancer dans le livre car elle est convaincue qu'entre les pages se cachent des monstres. Serena tente de la rassurer en lui proposant d'imaginer quelque chose de doux, mais les mots qu'elles prononcent se mat\u00e9rialisent aussit\u00f4t : monstres poilus, colibri incontr\u00f4lable, crabe pinceurs, abeille, roche, tarte \u00e0 la cr\u00e8me... tout appara\u00eet au fil de leurs r\u00e9pliques. Les deux soeurs se lancent alors dans une escalade de sorts et de transformations - t\u00eate de cochon, grenouille, lionne, Godzilla, King Kong - jusqu'\u00e0 ce que leurs mots d\u00e9clenchent une v\u00e9ritable querelle. Une pluie de confettis met fin au chaos, et les filles r\u00e9alisent que les mots peuvent blesser, transformer, faire rire et r\u00e9parer. En apprenant \u00e0 choisir leurs mots, elles se r\u00e9concilient et transforment la page blanche en un espace de partage et d'imagination. Un album ludique qui explore, avec humour, le pouvoir cr\u00e9ateur du langage.","authors":["Val\u00e9rie Picard","Laurence Goulet-Tremblay"],"category_codes":["2000000","2030000","2030400"],"visuals":{"large":"https:\/\/images.epagine.fr\/363\/9782924663363_1_75.jpg","medium":"https:\/\/images.epagine.fr\/363\/9782924663363_1_m.jpg","thumbnail":"https:\/\/images.epagine.fr\/363\/9782924663363_1_v.jpg"},"orderable":true,"show_badge":true,"formatted_price":"19,00&nbsp;\u20ac","formatted_published_date":"14 avril 2026","publisher_availability_label":"Sur commande","short_details":"Val\u00e9rie Picard, Laurence Goulet-Tremblay \u2014 Monsieur Ed","translator":null,"weight":130,"page_count":48,"readership":"3\/6 ans","editor":"Monsieur Ed","price":1900,"published_date":"2026-04-13T22:00:00.000000Z","support":"Grand format","publisher_availability":1,"stock":0,"editions":[],"url":"https:\/\/quaidesbrumes.com\/ouvrage\/9782924663363\/zip-zap"},{"id":"9782075164863","title":"Rendez-moi mes poux !","description":"Un jour, Mathieu sent que sa t\u00eate le d\u00e9mange. Et, en se grattant tr\u00e8s fort, il d\u00e9couvre qu'il a des poux... Une formule magique trouv\u00e9e par hasard lui permet de les apprivoiser et d'en faire ses amis. Heureux, Mathieu coule des jours paisibles avec ses poux, jusqu'au jour o\u00f9 sa m\u00e8re d\u00e9couvre les intrus...","authors":["Pef"],"category_codes":["2000000","2040000","2040200"],"visuals":{"large":"https:\/\/images.epagine.fr\/863\/9782075164863_1_75.jpg","medium":"https:\/\/images.epagine.fr\/863\/9782075164863_1_m.jpg","thumbnail":"https:\/\/images.epagine.fr\/863\/9782075164863_1_v.jpg"},"orderable":true,"show_badge":true,"formatted_price":"6,90&nbsp;\u20ac","formatted_published_date":"17 f\u00e9vrier 2022","publisher_availability_label":"Sur commande","short_details":"Pef \u2014 Gallimard Jeunesse","translator":null,"weight":96,"page_count":40,"readership":"\u00e0 partir de 7 ANS","editor":"Gallimard Jeunesse","price":690,"published_date":"2022-02-16T23:00:00.000000Z","support":"Grand format","publisher_availability":1,"stock":0,"editions":[],"url":"https:\/\/quaidesbrumes.com\/ouvrage\/9782075164863\/rendez-moi-mes-poux"},{"id":"9791040122678","title":"Throne of Glass - Le Tr\u00f4ne de verre Tome 1","description":"MORTELLE. LOYALE. L\u00c9GENDAIRE.\r\n\r\nDans un royaume o\u00f9 la magie est interdite, une c\u00e9l\u00e8bre assassineuse est convoqu\u00e9e au ch\u00e2teau. Elle n'est pas l\u00e0 pour tuer, mais pour \u00e9chapper au bagne.\r\nDepuis son tr\u00f4ne de verre, le roi tyrannique du royaume d'Adarlan lui propose un march\u00e9 : battre les pires criminels du pays dans un tournoi impitoyable, pour esp\u00e9rer \u00eatre graci\u00e9e et sacr\u00e9e Champion du roi.\r\nSon nom est Celaena Sardothien.\r\nPour elle, perdre n'est pas une option.\r\nMais quand ses concurrents commencent \u00e0 mourir un \u00e0 un, l'assassineuse comprend que quelque chose de bien plus important est en train de se jouer \u00e0 la cour.\r\nEt si le sort du monde d\u00e9pendait de la lutte de Celaena pour sa libert\u00e9 ?\r\n\r\n\r\nD\u00e9couvrez Throne of Glass, la premi\u00e8re s\u00e9rie de Sarah J. Maas, autrice ph\u00e9nom\u00e8ne aux 50 millions de lecteurs dans le monde.\r\n\r\n","authors":["Sarah J. Maas"],"category_codes":["2000000","2050000","2050200","2050204"],"visuals":{"large":"https:\/\/images.epagine.fr\/678\/9791040122678_1_75.jpg","medium":"https:\/\/images.epagine.fr\/678\/9791040122678_1_m.jpg","thumbnail":"https:\/\/images.epagine.fr\/678\/9791040122678_1_v.jpg"},"orderable":true,"show_badge":true,"formatted_price":"18,90&nbsp;\u20ac","formatted_published_date":"7 mars 2025","publisher_availability_label":"Sur commande","short_details":"Sarah J. Maas \u2014 La Martini\u00e8re jeunesse","translator":null,"weight":506,"page_count":496,"readership":"\u00e0 partir de 15 ans","editor":"La Martini\u00e8re jeunesse","price":1890,"published_date":"2025-03-06T23:00:00.000000Z","support":"Grand format","publisher_availability":1,"stock":0,"editions":["9791040120025"],"url":"https:\/\/quaidesbrumes.com\/ouvrage\/9791040122678\/throne-of-glass-le-trone-de-verre-tome-1"},{"id":"9791036317897","title":"La cabane magique Tome 21 : gare aux gorilles !","description":"C'est la panique ! Tom a perdu L\u00e9a au coeur de la for\u00eat africaine ! Au petit matin, il la retrouve dormant tranquillement sur l'herbe... au milieu de gorilles. Comment la rejoindre sans provoquer la col\u00e8re de ces gentils g\u00e9ants ?","authors":["Mary Pope Osborne","Marie-H\u00e9l\u00e8ne Delval"],"category_codes":["2000000","2040000","2040300"],"visuals":{"large":"https:\/\/images.epagine.fr\/897\/9791036317897_1_75.jpg","medium":"https:\/\/images.epagine.fr\/897\/9791036317897_1_m.jpg","thumbnail":"https:\/\/images.epagine.fr\/897\/9791036317897_1_v.jpg"},"orderable":true,"show_badge":true,"formatted_price":"5,80&nbsp;\u20ac","formatted_published_date":"3 juin 2020","publisher_availability_label":"Sur commande","short_details":"Mary Pope Osborne, Marie-H\u00e9l\u00e8ne Delval \u2014 Bayard Jeunesse","translator":"MARIE-HELENE DELVAL","weight":124,"page_count":80,"readership":"\u00e0 partir de 6 ANS","editor":"Bayard Jeunesse","price":580,"published_date":"2020-06-02T22:00:00.000000Z","support":"Poche","publisher_availability":1,"stock":0,"editions":[],"url":"https:\/\/quaidesbrumes.com\/ouvrage\/9791036317897\/la-cabane-magique-tome-21-gare-aux-gorilles"},{"id":"9782211205283","title":"Au lit, les affreux !","description":"Comment dormir tranquille quand on a peur des monstres ? La meilleure d\u00e9fense, c'est l'attaque ! Aid\u00e9e de Sufi, son chat veilleur, et de son lit magique, Z\u00e9lie part pour le bois o\u00f9 se cachent les monstres ! Allez, les affreux, tous en rang, mettez vos pyjamas, et au lit !\r","authors":["Isabelle Bonameau"],"category_codes":["2000000","2000000"],"visuals":{"large":"https:\/\/images.epagine.fr\/283\/9782211205283_1_75.jpg","medium":"https:\/\/images.epagine.fr\/283\/9782211205283_1_m.jpg","thumbnail":"https:\/\/images.epagine.fr\/283\/9782211205283_1_v.jpg"},"orderable":true,"show_badge":true,"formatted_price":"6,00&nbsp;\u20ac","formatted_published_date":"27 mai 2011","publisher_availability_label":"Sur commande","short_details":"Isabelle Bonameau \u2014 L'\u00c9cole des loisirs","translator":null,"weight":110,"page_count":44,"readership":"\u00e0 partir de 3 ANS","editor":"L'\u00c9cole des loisirs","price":600,"published_date":"2011-05-26T22:00:00.000000Z","support":"Poche","publisher_availability":1,"stock":0,"editions":["9782211097284"],"url":"https:\/\/quaidesbrumes.com\/ouvrage\/9782211205283\/au-lit-les-affreux"},{"id":"9782017213581","title":"Cursebreakers Tome 1 : Un sort si noir et \u00e9ternel","description":"Un soir, dans les rues de Washington, Harper, 17 ans, est t\u00e9moin d'une tentative d'enl\u00e8vement. Faisant fi du danger, la jeune femme, partiellement handicap\u00e9e, s'interpose. Mais le kidnappeur l\u00e2che sa premi\u00e8re proie et, apr\u00e8s avoir ma\u00eetris\u00e9 Harper, l'emm\u00e8ne avec lui...  D'un coup de baguette magique, ou presque, Harper bascule dans un autre monde. Elle d\u00e9couvre un lieu qui a tout du ch\u00e2teau de conte de f\u00e9es : orchestre sans musiciens, cuisine enchant\u00e9e et, bien s\u00fbr, prince beau et \u00e9nigmatique. Prince maudit, en v\u00e9rit\u00e9.  Coinc\u00e9 dans un automne \u00e9ternel, le prince Rhen cherche \u00e0 d\u00e9barrasser son peuple d'une cr\u00e9ature sanguinaire. C'est pour briser le sort qu'il ordonne au commandant Grey d'enlever des jeunes femmes, saison apr\u00e8s saison... Mais ce qu'il ne dit pas, c'est qu'il est lui-m\u00eame ce monstre assoiff\u00e9 de sang. Pour rompre la mal\u00e9diction, il doit se faire aimer avant le d\u00e9but de l'hiver, avant qu'il ne se remette \u00e0 tuer... Rien de plus ais\u00e9, en apparence, pour ce jeune homme s\u00e9duisant. Pourtant, aucune des centaines de jeunes femmes avant Harper n'a succomb\u00e9 \u00e0 son charme.","authors":["Brigid Kemmerer","Alice Delarbre"],"category_codes":["2000000","2050000","2050200","2050204"],"visuals":{"large":"https:\/\/images.epagine.fr\/581\/9782017213581_1_75.jpg","medium":"https:\/\/images.epagine.fr\/581\/9782017213581_1_m.jpg","thumbnail":"https:\/\/images.epagine.fr\/581\/9782017213581_1_v.jpg"},"orderable":true,"show_badge":true,"formatted_price":"9,90&nbsp;\u20ac","formatted_published_date":"15 mars 2023","publisher_availability_label":"Sur commande","short_details":"Brigid Kemmerer, Alice Delarbre \u2014 Le Livre de Poche Jeunesse","translator":"ALICE DELARBRE","weight":424,"page_count":704,"readership":"\u00e0 partir de 14 ans","editor":"Le Livre de Poche Jeunesse","price":990,"published_date":"2023-03-14T23:00:00.000000Z","support":"Poche","publisher_availability":1,"stock":0,"editions":["9782700276442"],"url":"https:\/\/quaidesbrumes.com\/ouvrage\/9782017213581\/cursebreakers-tome-1-un-sort-si-noir-et-eternel"},{"id":"9782884804370","title":"Max et Lili sont fans de marques","description":"Max et Lili en ont marre de porter toujours les m\u00eames habits ! Ils se trouvent ringards ! Ils exigent des habits de marque pour \u00eatre \u00e0 la mode. Leur m\u00e8re s'y oppose. Leur p\u00e8re accepte, \u00e0 condition qu'ils payent la diff\u00e9rence ! Est-ce un pi\u00e8ge ? Ce livre de Max et Lili parle des marques et de l'importance que les enfants attachent \u00e0 l'apparence. Pourquoi afficher fi\u00e8rement le nom ou le logo d'une marque ? Pour se trouver plus beau, plus riche ? Pour se donner une nouvelle identit\u00e9, appartenir \u00e0 un groupe ? Ou parce qu'on est victime de la pub ? On oublie que, m\u00eame beau et de grande qualit\u00e9, l'habit ne fait pas le moine ! On peut plaire par les habits, mais on n'est vraiment aim\u00e9 que pour ce qu'on est !\r","authors":["Dominique de Saint-Mars","Serge Bloch"],"category_codes":["2000000","2040000","2040200"],"visuals":{"large":"https:\/\/images.epagine.fr\/370\/9782884804370_1_75.jpg","medium":"https:\/\/images.epagine.fr\/370\/9782884804370_1_m.jpg","thumbnail":"https:\/\/images.epagine.fr\/370\/9782884804370_1_v.jpg"},"orderable":true,"show_badge":true,"formatted_price":"6,20&nbsp;\u20ac","formatted_published_date":"20 avril 2010","publisher_availability_label":"Sur commande","short_details":"Dominique de Saint-Mars, Serge Bloch \u2014 Calligram","translator":null,"weight":117,"page_count":43,"readership":"6\/9 ans","editor":"Calligram","price":620,"published_date":"2010-04-19T22:00:00.000000Z","support":"Grand format","publisher_availability":1,"stock":0,"editions":[],"url":"https:\/\/quaidesbrumes.com\/ouvrage\/9782884804370\/max-et-lili-sont-fans-de-marques"},{"id":"9782095045869","title":"Arbres l\u00e9gendaires","description":"Partez \u00e0 la d\u00e9couverte des arbres les plus fascinants du monde et de leurs l\u00e9gendes dans ce magnifique album qui ravira les enfants d\u00e8s 8 ans !\r\nUn voyage extraordinaire au coeur des mythes et l\u00e9gendes qui invite les jeunes lecteurs \u00e0 d\u00e9couvrir 20 arbres embl\u00e9matiques des cinq continents et les r\u00e9cits fascinants qui leur sont associ\u00e9s depuis la nuit des temps.\r\n\r\nChaque double page pr\u00e9sente un arbre l\u00e9gendaire diff\u00e9rent \u00e0 travers un conte, un mythe, une l\u00e9gende ou une histoire vraie, r\u00e9v\u00e9lant son importance culturelle et symbolique dans les soci\u00e9t\u00e9s du monde entier. Au-del\u00e0 des r\u00e9cits captivants, l'ouvrage offre des informations pr\u00e9cieuses sur les aspects botaniques de chaque esp\u00e8ce, leur symbolique, leur environnement parfois menac\u00e9, la faune qui leur est associ\u00e9e et leurs usages traditionnels.\r\n\r\nUn ouvrage pr\u00e9cieux qui allie contenu documentaire de qualit\u00e9 et magie des l\u00e9gendes, pour \u00e9veiller la curiosit\u00e9 et l'imagination des enfants tout en les sensibilisant \u00e0 la pr\u00e9servation de notre patrimoine naturel.","authors":["Chris Lavaquerie-Klein","Laurence Paix-Rusterholtz","Orane Sigal"],"category_codes":["2000000","2070000","2070300"],"visuals":{"large":"https:\/\/images.epagine.fr\/869\/9782095045869_1_75.jpg","medium":"https:\/\/images.epagine.fr\/869\/9782095045869_1_m.jpg","thumbnail":"https:\/\/images.epagine.fr\/869\/9782095045869_1_v.jpg"},"orderable":true,"show_badge":true,"formatted_price":"15,95&nbsp;\u20ac","formatted_published_date":"23 octobre 2025","publisher_availability_label":"Sur commande","short_details":"Chris Lavaquerie-Klein, Laurence Paix-Rusterholtz, Orane Sigal \u2014 Nathan","translator":null,"weight":708,"page_count":48,"readership":"\u00e0 partir de 8 ANS","editor":"Nathan","price":1595,"published_date":"2025-10-22T22:00:00.000000Z","support":"Grand format","publisher_availability":1,"stock":0,"editions":[],"url":"https:\/\/quaidesbrumes.com\/ouvrage\/9782095045869\/arbres-legendaires"},{"id":"9782226494580","title":"Agatha, Pablo et moi","description":"Une enqu\u00eate captivante avec les jeunes Agatha Christie et Pablo Picasso !\r\nParis, 1905. Flora r\u00e9cup\u00e8re chez un brocanteur de Montmartre un tableau rat\u00e9. Mais \u00e0 sa grande surprise, elle d\u00e9couvre que des mauvais gar\u00e7ons du gang des apaches le recherchent. Pourquoi ? Par chance, son amie Agatha Christie vient \u00e9tudier \u00e0 Paris, elle va l'aider \u00e0 r\u00e9soudre le myst\u00e8re. \u00c0 moins que ce ne soit Pablo Picasso, un jeune peintre fauch\u00e9 devenu un ami. En tout cas, c'est urgent, car en gardant le tableau, Flora se met en grand danger !","authors":["Evelyne Brisou-Pellen"],"category_codes":["2000000","2040000","2040500","2040506"],"visuals":{"large":"https:\/\/images.epagine.fr\/580\/9782226494580_1_75.jpg","medium":"https:\/\/images.epagine.fr\/580\/9782226494580_1_m.jpg","thumbnail":"https:\/\/images.epagine.fr\/580\/9782226494580_1_v.jpg"},"orderable":true,"show_badge":true,"formatted_price":"15,90&nbsp;\u20ac","formatted_published_date":"26 f\u00e9vrier 2025","publisher_availability_label":"Sur commande","short_details":"Evelyne Brisou-Pellen \u2014 Albin Michel","translator":null,"weight":422,"page_count":360,"readership":"\u00e0 partir de 9 ANS","editor":"Albin Michel","price":1590,"published_date":"2025-02-25T23:00:00.000000Z","support":"Grand format","publisher_availability":1,"stock":0,"editions":[],"url":"https:\/\/quaidesbrumes.com\/ouvrage\/9782226494580\/agatha-pablo-et-moi"},{"id":"9782075200981","title":"Joyeuses P\u00e2ques : Des sons \u00e0 \u00e9couter, des images \u00e0 regarder","description":"La chasse aux oeufs en 5 sc\u00e8nes tendres et amusantes :\r\nDing-Dong ! Les cloches sont pass\u00e9es - O\u00f9 sont les oeufs ? - Oh ! En voil\u00e0 un ! - Et l\u00e0, un autre ! - Qui va se r\u00e9galer ?\r\nLes sons, choisis et mix\u00e9s avec soin, enrichissent chaque sc\u00e8ne pour la rendre encore plus vivante.\r\nEt toujours \u00e0 la fin, un jeu de cherche et trouve sonore gr\u00e2ce \u00e0 une puce al\u00e9atoire in\u00e9dite et tr\u00e8s ludique ! ","authors":["Marion Billet"],"category_codes":["2000000","2020000","2020200"],"visuals":{"large":"https:\/\/images.epagine.fr\/981\/9782075200981_1_75.jpg","medium":"https:\/\/images.epagine.fr\/981\/9782075200981_1_m.jpg","thumbnail":"https:\/\/images.epagine.fr\/981\/9782075200981_1_v.jpg"},"orderable":true,"show_badge":true,"formatted_price":"10,00&nbsp;\u20ac","formatted_published_date":"29 f\u00e9vrier 2024","publisher_availability_label":"Sur commande","short_details":"Marion Billet \u2014 Gallimard Jeunesse","translator":null,"weight":228,"page_count":12,"readership":"\u00e0 partir de 1 AN","editor":"Gallimard Jeunesse","price":1000,"published_date":"2024-02-28T23:00:00.000000Z","support":"Grand format","publisher_availability":1,"stock":0,"editions":[],"url":"https:\/\/quaidesbrumes.com\/ouvrage\/9782075200981\/joyeuses-paques-des-sons-a-ecouter-des-images-a-regarder"},{"id":"9782017349310","title":"La Pat'Patrouille : Qui sera le meilleur p\u00e2tissier ?","description":"Pars \u00e0 l'aventure avec Ryder et les chiots de la Pat' Patrouille dans leur nouvelle mission !\r\nUne histoire o\u00f9 retrouver l'esprit d'\u00e9quipe, le courage et l'amiti\u00e9\r\nUn joli livre illustr\u00e9, id\u00e9al pour offrir et partager un moment complice avec son enfant\r\nUn album de 32 pages\r\nAujourd'hui a lieu la grande finale d'un concours de p\u00e2tisserie, au caf\u00e9 de Monsieur Porter. Madame Goodway et Galinetta affrontent Victoire Victorieuse et sa jument Felicia afin de remporter la spatule en or ! Mais lorsqu'un roul\u00e9 \u00e0 la cannelle g\u00e9ant s\u00e8me la pagaille dans la Grande Vall\u00e9e, la Pat' Patrouille doit intervenir !\r\n","authors":["Collectif"],"category_codes":["2000000","2030000","2030400"],"visuals":{"large":"https:\/\/images.epagine.fr\/310\/9782017349310_1_75.jpg","medium":"https:\/\/images.epagine.fr\/310\/9782017349310_1_m.jpg","thumbnail":"https:\/\/images.epagine.fr\/310\/9782017349310_1_v.jpg"},"orderable":true,"show_badge":true,"formatted_price":"5,50&nbsp;\u20ac","formatted_published_date":"22 avril 2026","publisher_availability_label":"Sur commande","short_details":"Collectif \u2014 Hachette Jeunesse","translator":null,"weight":238,"page_count":32,"readership":"\u00e0 partir de 3 ANS","editor":"Hachette Jeunesse","price":550,"published_date":"2026-04-21T22:00:00.000000Z","support":"Grand format","publisher_availability":1,"stock":0,"editions":[],"url":"https:\/\/quaidesbrumes.com\/ouvrage\/9782017349310\/la-patpatrouille-qui-sera-le-meilleur-patissier"},{"id":"9782369020479","title":"Premier matin","description":"Aujourd'hui, c'est le jour de la rentr\u00e9e des classes, et Petit Ours refuse de se lever.\r\nPetit Ours a peur. Et s'il oubliait son cartable ? Et si la maitresse le grondait ? Et si il perdait tout ses copains ? Sur le chemin de l'\u00e9cole, \u00e0 travers la luxuriante for\u00eat peupl\u00e9e d'animaux, Grand Ours rassure son petit. L'\u00e9cole, ce sera aussi l'endroit o\u00f9 apprendre \u00e0 peindre, \u00e0 jouer, \u00e0 lire, et \u00e0 grandir...\r\nPour son premier album destin\u00e9 \u00e0 la jeunesse Fleur Oury d\u00e9crit, avec une grande tendresse, les appr\u00e9hensions de l'enfant lors du \u00ab premier jour \u00bb. Fondus dans un paysage dense, les animaux de la for\u00eat prennent vie sous les feutres color\u00e9s de l'artiste. Un album tout en douceur d'une grande force graphique.\r","authors":["Fleur Oury"],"category_codes":["2000000","2030000","2030400"],"visuals":{"large":"https:\/\/images.epagine.fr\/479\/9782369020479_1_75.jpg","medium":"https:\/\/images.epagine.fr\/479\/9782369020479_1_m.jpg","thumbnail":"https:\/\/images.epagine.fr\/479\/9782369020479_1_v.jpg"},"orderable":true,"show_badge":true,"formatted_price":"15,00&nbsp;\u20ac","formatted_published_date":"20 ao\u00fbt 2015","publisher_availability_label":"Sur commande","short_details":"Fleur Oury \u2014 Les Fourmis Rouges","translator":null,"weight":310,"page_count":40,"readership":"3\/6 ans","editor":"Les Fourmis Rouges","price":1500,"published_date":"2015-08-19T22:00:00.000000Z","support":"Grand format","publisher_availability":1,"stock":0,"editions":[],"url":"https:\/\/quaidesbrumes.com\/ouvrage\/9782369020479\/premier-matin"},{"id":"9782361932244","title":"Imagier pour jouer","description":"Dans mon imagier pour jouer, je peux me regarder dans un miroir, d\u00e9couvrir les contraires, suivre le chemin qui me m\u00e8nera \u00e0 la maison, trouver un loup bien cach\u00e9, faire danser un petit bateau... Un premier imagier id\u00e9al pour les tout-petits, qui se d\u00e9ploie comme un accord\u00e9on.","authors":["Pascale Estellon"],"category_codes":["2000000","2020000","2020300"],"visuals":{"large":"https:\/\/images.epagine.fr\/244\/9782361932244_1_75.jpg","medium":"https:\/\/images.epagine.fr\/244\/9782361932244_1_m.jpg","thumbnail":"https:\/\/images.epagine.fr\/244\/9782361932244_1_v.jpg"},"orderable":true,"show_badge":true,"formatted_price":"16,50&nbsp;\u20ac","formatted_published_date":"5 septembre 2013","publisher_availability_label":"Sur commande","short_details":"Pascale Estellon \u2014 \u00c9ditions des Grandes Personnes","translator":null,"weight":376,"page_count":12,"readership":"0\/3 ans","editor":"\u00c9ditions des Grandes Personnes","price":1650,"published_date":"2013-09-04T22:00:00.000000Z","support":"Grand format","publisher_availability":1,"stock":0,"editions":[],"url":"https:\/\/quaidesbrumes.com\/ouvrage\/9782361932244\/imagier-pour-jouer"},{"id":"9782755679809","title":"Tous champions ! L\u00e9on Marchand : Le dauphin devenu roi","description":"La nouvelle collection de lecture jeunesse pour tous les fans de sport ! \u00c0 partir de 8 ans.\r\nQuintuple m\u00e9daill\u00e9 olympique, L\u00e9on Marchand a \u00e9t\u00e9 la star des Jeux de Paris 2024. Il a atomis\u00e9 tous les records et marqu\u00e9 l'histoire du sport \u00e0 jamais.\r\nN\u00e9 dans une famille de champions de natation, L\u00e9on commence \u00e0 nager tr\u00e8s jeune. Avec ses performances remarqu\u00e9es et ses premi\u00e8res m\u00e9dailles en poche, le nageur devient l'espoir de la natation fran\u00e7aise et d\u00e9cide, \u00e0 18 ans, de partir s'entra\u00eener aux \u00c9tats-Unis avec celui qui a form\u00e9 les plus grands de la discipline. Commence alors la formidable ascension du roi L\u00e9on\u00a0!\r\nEN BONUS, \u00e0 la fin de l'histoire, on retrouve un mini-doc avec :\r\nune fiche documentaire sur ton champion pr\u00e9f\u00e9r\u00e9\r\nune technique expliqu\u00e9e\r\nune tactique pour jouer\r\nun quiz\r\nun lexique","authors":["Sandra Kollender"],"category_codes":["2000000","2050000","2050200"],"visuals":{"large":"https:\/\/images.epagine.fr\/809\/9782755679809_1_75.jpg","medium":"https:\/\/images.epagine.fr\/809\/9782755679809_1_m.jpg","thumbnail":"https:\/\/images.epagine.fr\/809\/9782755679809_1_v.jpg"},"orderable":true,"show_badge":true,"formatted_price":"9,95&nbsp;\u20ac","formatted_published_date":"7 mai 2025","publisher_availability_label":"Sur commande","short_details":"Sandra Kollender \u2014 Hugo Jeunesse","translator":null,"weight":195,"page_count":160,"readership":"\u00e0 partir de 9 ANS","editor":"Hugo Jeunesse","price":995,"published_date":"2025-05-06T22:00:00.000000Z","support":"Grand format","publisher_availability":1,"stock":0,"editions":[],"url":"https:\/\/quaidesbrumes.com\/ouvrage\/9782755679809\/tous-champions-leon-marchand-le-dauphin-devenu-roi"},{"id":"9782384536009","title":"Mon imagier en feutrine : Mes premi\u00e8res saisons","description":"Un premier imagier joyeux et color\u00e9 avec des d\u00e9tails \u00e0 toucher.\r\nCe joli imagier, d\u00e9licatement illustr\u00e9, fait d\u00e9couvrir les saisons aux tout-petits et stimule le toucher avec plus de 100 d\u00e9tails en feutrine \u00e0 explorer du bout des doigts. Chaque double-page met en sc\u00e8ne des mots simples du quotidien \u00e0 travers des illustrations faciles \u00e0 reconna\u00eetre, pour enrichir le vocabulaire des b\u00e9b\u00e9s, d\u00e8s 10 mois. Un cadeau id\u00e9al pour accompagner les premiers apprentissages.","authors":["Collectif","Jane Farnham"],"category_codes":["2000000","2020000","2020500"],"visuals":{"large":"https:\/\/images.epagine.fr\/009\/9782384536009_1_75.jpg","medium":"https:\/\/images.epagine.fr\/009\/9782384536009_1_m.jpg","thumbnail":"https:\/\/images.epagine.fr\/009\/9782384536009_1_v.jpg"},"orderable":true,"show_badge":true,"formatted_price":"12,00&nbsp;\u20ac","formatted_published_date":"16 avril 2026","publisher_availability_label":"Sur commande","short_details":"Collectif, Jane Farnham \u2014 1, 2, 3 Soleil !","translator":null,"weight":454,"page_count":24,"readership":"0\/3 ans","editor":"1, 2, 3 Soleil !","price":1200,"published_date":"2026-04-15T22:00:00.000000Z","support":"Grand format","publisher_availability":1,"stock":0,"editions":[],"url":"https:\/\/quaidesbrumes.com\/ouvrage\/9782384536009\/mon-imagier-en-feutrine-mes-premieres-saisons"},{"id":"9782490102525","title":"Les matous filous \u00e0 la boulangerie","description":"Les Matous filous sont huit chats d'une incroyable ing\u00e9niosit\u00e9, pr\u00eat \u00e0 tout pour prendre du bon temps ou profiter d'un bon repas au d\u00e9pend de Ma\u00eetre chien et ses fid\u00e8les \u00e9quipes. Une ing\u00e9niosit\u00e9 qui a ses limites car nos chats se retrouvent toujours pris \u00e0 leur propre pi\u00e8ge !\r\n\u00ab Les Matous filous, \u00e0 la boulangerie \u00bb est le troisi\u00e8me opus de la s\u00e9rie des Matous filous dont le succ\u00e8s n'est plus \u00e0 faire au Japon (d\u00e9j\u00e0 11 titres l\u00e0-bas !!). Ces huit chats accompagnent les \u00e9coliers japonais depuis plus de 12 ans, de b\u00eatises en b\u00eatises, de surprises en surprises, d'id\u00e9e de g\u00e9nie en id\u00e9e de g\u00e9nie, et une fin toujours surprenante et explosive pour r\u00e9jouir les enfants.\r\n\u00ab Huit matous filous observent avec envie les petits pains de Ma\u00eetre Chien... Miow \u00e7a a l'air bon, miow on veut du pain. \u00bb\r\nQue vont inventer les huit Matous filous pour pouvoir gouter le pain de Ma\u00eetre chien ? Une aventure pendant laquelle l'on apprend m\u00eame \u00e0 faire... du pain !!","authors":["Kudoh Noriko"],"category_codes":["2000000","2070000","2071000"],"visuals":{"large":"https:\/\/images.epagine.fr\/525\/9782490102525_1_75.jpg","medium":"https:\/\/images.epagine.fr\/525\/9782490102525_1_m.jpg","thumbnail":"https:\/\/images.epagine.fr\/525\/9782490102525_1_v.jpg"},"orderable":true,"show_badge":true,"formatted_price":"15,00&nbsp;\u20ac","formatted_published_date":"18 octobre 2024","publisher_availability_label":"Sur commande","short_details":"Kudoh Noriko \u2014 Le Cosmographe","translator":null,"weight":278,"page_count":40,"readership":null,"editor":"Le Cosmographe","price":1500,"published_date":"2024-10-17T22:00:00.000000Z","support":"Grand format","publisher_availability":1,"stock":0,"editions":[],"url":"https:\/\/quaidesbrumes.com\/ouvrage\/9782490102525\/les-matous-filous-a-la-boulangerie"},{"id":"9782377318902","title":"Le corps","description":"Un bateau sur la t\u00eate, des fleurs dans la bouche, des crayons au-dessus des yeux... Voil\u00e0 un imagier qui tourne pas rond ! \u00c9lo s'amuse et se renouvelle, et nous avec elle : cette fois elle reprend le principe de la s\u00e9rie ludique et innovante Bien rang\u00e9s, en le rendant accessible aux plus petits. Le format est plus intime, le nombre de tours de la roue a \u00e9t\u00e9 r\u00e9duit, mais l'invitation \u00e0 jouer et explorer le monde reste tout aussi stimulante. La roue permet de valider ou non quatre possibilit\u00e9s, tandis que le sujet (objet ou personnage) est pr\u00e9sent\u00e9 en gros plan unique. Avec comme toujours chez \u00e9lo, des couleurs vives et singuli\u00e8res et des formes interpr\u00e9t\u00e9es ais\u00e9ment reconnaissables, qu'on s'amusera \u00e0 nommer avec le b\u00e9b\u00e9.","authors":["Elo"],"category_codes":["2000000","2020000","2020300"],"visuals":{"large":"https:\/\/images.epagine.fr\/902\/9782377318902_1_75.jpg","medium":"https:\/\/images.epagine.fr\/902\/9782377318902_1_m.jpg","thumbnail":"https:\/\/images.epagine.fr\/902\/9782377318902_1_v.jpg"},"orderable":true,"show_badge":false,"formatted_price":"12,90&nbsp;\u20ac","formatted_published_date":"24 ao\u00fbt 2022","publisher_availability_label":"Sur commande","short_details":"Elo \u2014 Sarbacane","translator":null,"weight":292,"page_count":10,"readership":"0\/3 ans","editor":"Sarbacane","price":1290,"published_date":"2022-08-23T22:00:00.000000Z","support":"Grand format","publisher_availability":1,"stock":1,"editions":[],"url":"https:\/\/quaidesbrumes.com\/ouvrage\/9782377318902\/le-corps"},{"id":"9791032410684","title":"Zetfar et Ruby Tome 2 : Le D\u00e9sert du sang","description":"Pr\u00e9pare-toi pour la suite des aventures de Zetfar, le c\u00e9l\u00e8bre Youtubeur Fortnite !\r\nAlors que la Temp\u00eate magique ravage peu \u00e0 peu le monde, Marzak cherche \u00e0 s'emparer de la Gemme Rouge, capable de contr\u00f4ler les quatre \u00e9l\u00e9ments.\r\nPour le devancer, ZetFar et Ruby s'aventurent dans le D\u00e9sert du Sang, un endroit l\u00e9gendaire dont personne n'est jamais revenu.\r\nTemp\u00eates de feu, monstres de sable, illusions mortelles... \u00e0 chaque pas, le danger grandit et leurs forces diminuent.\r\nAu coeur des dunes, rien n'arr\u00eatera la traque de Marzak.\r\nCar ZetFar et Ruby sont bien d\u00e9cid\u00e9s \u00e0 ne pas le laisser faire.\r\n\r\nLA COURSE AUX GEMMES CONTINUE.\r\nLE MONDE EST EN JEU.\r\n\r\nD\u00e9couvre le second tome des aventures du Youtubeur Zetfar, le sp\u00e9cialiste de Fortnite aux 2 millions d'abonn\u00e9s ; un r\u00e9cit haletant dans l'univers ton jeu vid\u00e9o pr\u00e9f\u00e9r\u00e9 !","authors":["ZetFar","Olivier Gay"],"category_codes":["2000000","2040000","2040500","2040502"],"visuals":{"large":"https:\/\/images.epagine.fr\/684\/9791032410684_1_75.jpg","medium":"https:\/\/images.epagine.fr\/684\/9791032410684_1_m.jpg","thumbnail":"https:\/\/images.epagine.fr\/684\/9791032410684_1_v.jpg"},"orderable":true,"show_badge":true,"formatted_price":"12,95&nbsp;\u20ac","formatted_published_date":"19 f\u00e9vrier 2026","publisher_availability_label":"Sur commande","short_details":"ZetFar, Olivier Gay \u2014 404 \u00c9ditions","translator":null,"weight":315,"page_count":213,"readership":"\u00e0 partir de 6 ANS","editor":"404 \u00c9ditions","price":1295,"published_date":"2026-02-18T23:00:00.000000Z","support":"Grand format","publisher_availability":1,"stock":0,"editions":[],"url":"https:\/\/quaidesbrumes.com\/ouvrage\/9791032410684\/zetfar-et-ruby-tome-2-le-desert-du-sang"},{"id":"9782382790366","title":"Le monde perdu d'Eryops","description":"Ben, jeune Am\u00e9ricain en vacances avec sa famille \u00e0 Paris, n'a qu'un r\u00eave : aller \u00e0 Disneyland ! Pas de chance, il pleut des cordes, et c'est au Jardin des Plantes que ses parents le tra\u00eenent, pour aller voir les vieux fossiles de la Galerie de pal\u00e9ontologie... Vieux, vous avez dit ? Certes, la plupart ont d\u00e9pass\u00e9 le million d'ann\u00e9es, mais tous n'ont pas perdu l'\u00e9nergie de leur prime jeunesse. D'ailleurs, un certain Eryops ne tarde pas \u00e0 engager la conversation avec Ben, qui n'en croit pas ses oreilles : lui aussi vient du Texas ! Mais d'un Texas depuis longtemps disparu, peupl\u00e9 d'\u00e9tranges cr\u00e9atures...","authors":["Mathieu Palain","Pierre-Emmanuel Lyet","Damien Germain"],"category_codes":["2000000","2030000","2030400"],"visuals":{"large":"https:\/\/images.epagine.fr\/366\/9782382790366_1_75.jpg","medium":"https:\/\/images.epagine.fr\/366\/9782382790366_1_m.jpg","thumbnail":"https:\/\/images.epagine.fr\/366\/9782382790366_1_v.jpg"},"orderable":true,"show_badge":false,"formatted_price":"14,50&nbsp;\u20ac","formatted_published_date":"2 septembre 2025","publisher_availability_label":"Sur commande","short_details":"Mathieu Palain, Pierre-Emmanuel Lyet, Damien Germain \u2014 Mus\u00e9um national d'Histoire naturelle","translator":null,"weight":144,"page_count":56,"readership":"3\/6 ans","editor":"Mus\u00e9um national d'Histoire naturelle","price":1450,"published_date":"2025-09-01T22:00:00.000000Z","support":"Grand format","publisher_availability":1,"stock":1,"editions":[],"url":"https:\/\/quaidesbrumes.com\/ouvrage\/9782382790366\/le-monde-perdu-deryops"},{"id":"9782266314831","title":"Soeurs sorci\u00e8res Tome 2","description":"?Filles, soeurs et sorci\u00e8res.Trois raisons de mourir.\r\nPour prot\u00e9ger ses soeurs, Cate a d\u00fb quitter son fianc\u00e9 et rejoindre l'ordre des Soeurs. Le coeur d\u00e9chir\u00e9, elle commence une nouvelle vie, entour\u00e9e de sorci\u00e8res qui voient en elle l'\u00c9lue de la proph\u00e9tie, la sorci\u00e8re la plus puissante de tous les temps. Certaines lui demandent m\u00eame de prendre la t\u00eate d'une guerre ouverte contre les Fr\u00e8res. Cate r\u00e9siste, refusant de recourir \u00e0 la violence. Mais sa soeur Maura arrive bient\u00f4t au couvent et semble, elle, pr\u00eate \u00e0 tout pour renverser l'ordre des Fr\u00e8res...","authors":["Jessica Spotswood"],"category_codes":["2000000","2050000","2050200","2050203"],"visuals":{"large":"https:\/\/images.epagine.fr\/831\/9782266314831_1_75.jpg","medium":"https:\/\/images.epagine.fr\/831\/9782266314831_1_m.jpg","thumbnail":"https:\/\/images.epagine.fr\/831\/9782266314831_1_v.jpg"},"orderable":true,"show_badge":true,"formatted_price":"8,10&nbsp;\u20ac","formatted_published_date":"10 novembre 2021","publisher_availability_label":"Sur commande","short_details":"Jessica Spotswood \u2014 Pocket Jeunesse","translator":null,"weight":232,"page_count":456,"readership":"\u00e0 partir de 14 ans","editor":"Pocket Jeunesse","price":810,"published_date":"2021-11-09T23:00:00.000000Z","support":"Poche","publisher_availability":1,"stock":0,"editions":["9782092540442"],"url":"https:\/\/quaidesbrumes.com\/ouvrage\/9782266314831\/soeurs-sorcieres-tome-2"}]}