{"data":[{"id":"9782383224761","title":"Encore une folle semaine pour M. Dubois","description":"Un album rocambolesque et plein d'humour, qui se lit comme une comptine !\r\nCe lundi matin, M. Dubois d\u00e9couvre que l'ours a emprunt\u00e9 son v\u00e9lo et les roues sont toutes tordues. Il a bien du mal \u00e0 arriver \u00e0 l'heure \u00e0 son travail... Le mardi, il tente sans succ\u00e8s d'entrer dans le bus bond\u00e9... et tous les moyens de transports emprunt\u00e9s les autres jours de la semaine se r\u00e9v\u00e8lent trop petits ou trop dangereux. Heureusement, le samedi M. Dubois se souvient du vieux camion abandonn\u00e9 dans la grange. Mais il ne parvient pas \u00e0 le remettre en \u00e9tat et l'ours va peut-\u00eatre trouver l\u00e0 un moyen de r\u00e9parer sa b\u00eatise...","authors":["Huw Lewis Jones"],"category_codes":["2000000","2030000","2030400"],"visuals":{"large":"https:\/\/images.epagine.fr\/761\/9782383224761_1_75.jpg","medium":"https:\/\/images.epagine.fr\/761\/9782383224761_1_m.jpg","thumbnail":"https:\/\/images.epagine.fr\/761\/9782383224761_1_v.jpg"},"orderable":true,"show_badge":true,"formatted_price":"14,95&nbsp;\u20ac","formatted_published_date":"5 f\u00e9vrier 2026","publisher_availability_label":"Sur commande","short_details":"Huw Lewis Jones \u2014 \u00c9ditions Kimane","translator":null,"weight":476,"page_count":32,"readership":"3\/6 ans","editor":"\u00c9ditions Kimane","price":1495,"published_date":"2026-02-04T23:00:00.000000Z","support":"Grand format","publisher_availability":1,"stock":0,"editions":[],"url":"https:\/\/quaidesbrumes.com\/ouvrage\/9782383224761\/encore-une-folle-semaine-pour-m-dubois"},{"id":"9782408018696","title":"La col\u00e8re","description":"Cette \u00e9motion difficile \u00e0 ma\u00eetriser survient souvent chez l'enfant comme une explosion ! Dans ce \"P'tit pourquoi\", on suit Baptiste depuis le moment o\u00f9 sa col\u00e8re \u00e9clate jusqu'\u00e0 l'instant o\u00f9 il parvient \u00e0 se calmer. On explique que les col\u00e8res sont souvent \u00e0 l'origine d'une frustration mais qu'elles ne sont pas r\u00e9serv\u00e9es aux enfants ! Et,lorsqu'elle est ma\u00eetris\u00e9e, la col\u00e8re peut aussi \u00eatre saine et donner du courage pour mener de grandes luttes.","authors":["Camille Laurans","Isabelle Maroger"],"category_codes":["2000000","2070000","2070700"],"visuals":{"large":"https:\/\/images.epagine.fr\/696\/9782408018696_1_75.jpg","medium":"https:\/\/images.epagine.fr\/696\/9782408018696_1_m.jpg","thumbnail":"https:\/\/images.epagine.fr\/696\/9782408018696_1_v.jpg"},"orderable":true,"show_badge":true,"formatted_price":"7,90&nbsp;\u20ac","formatted_published_date":"2 septembre 2020","publisher_availability_label":"Sur commande","short_details":"Camille Laurans, Isabelle Maroger \u2014 Milan","translator":null,"weight":252,"page_count":32,"readership":"\u00e0 partir de 4 ANS","editor":"Milan","price":790,"published_date":"2020-09-01T22:00:00.000000Z","support":"Grand format","publisher_availability":1,"stock":0,"editions":[],"url":"https:\/\/quaidesbrumes.com\/ouvrage\/9782408018696\/la-colere"},{"id":"9782075115407","title":"Les col\u00e8res","description":"Quand on a une grosse col\u00e8re, on sent des choses tr\u00e8s fortes dans son coeur et \u00e7a fait mal. Les grandes personnes disent qu'on fait un caprice, mais parfois il y a des choses vraiment pas justes pour nous, les petits ! Une col\u00e8re, ce n'est pas facile \u00e0 vivre.","authors":["Catherine Dolto","Colline Faure-poir\u00e9e"],"category_codes":["2000000","2070000","2070700"],"visuals":{"large":"https:\/\/images.epagine.fr\/407\/9782075115407_1_75.jpg","medium":"https:\/\/images.epagine.fr\/407\/9782075115407_1_m.jpg","thumbnail":"https:\/\/images.epagine.fr\/407\/9782075115407_1_v.jpg"},"orderable":true,"show_badge":true,"formatted_price":"6,90&nbsp;\u20ac","formatted_published_date":"7 f\u00e9vrier 2019","publisher_availability_label":"Sur commande","short_details":"Catherine Dolto, Colline Faure-poir\u00e9e \u2014 Gallimard Jeunesse-Giboul\u00e9es","translator":null,"weight":268,"page_count":28,"readership":"\u00e0 partir de 2 ANS","editor":"Gallimard Jeunesse-Giboul\u00e9es","price":690,"published_date":"2019-02-06T23:00:00.000000Z","support":"Grand format","publisher_availability":1,"stock":0,"editions":[],"url":"https:\/\/quaidesbrumes.com\/ouvrage\/9782075115407\/les-coleres"},{"id":"9782080437921","title":"Je suis en CE1 Tome 7 : Au poney-club","description":"\u00abDans le man\u00e8ge, les poneys trottent autour de la piste. Au changement de cavalier, Bob refuse de monter. Basil, content, reste sur le poney.\u00bb 1 histoire + 1 dico illustr\u00e9 + des activit\u00e9s ludiques.\r","authors":["Magdalena","Emmanuel Ristord"],"category_codes":["2000000","2040000","2040200"],"visuals":{"large":"https:\/\/images.epagine.fr\/921\/9782080437921_1_75.jpg","medium":"https:\/\/images.epagine.fr\/921\/9782080437921_1_m.jpg","thumbnail":"https:\/\/images.epagine.fr\/921\/9782080437921_1_v.jpg"},"orderable":true,"show_badge":true,"formatted_price":"5,80&nbsp;\u20ac","formatted_published_date":"7 f\u00e9vrier 2024","publisher_availability_label":"Sur commande","short_details":"Magdalena, Emmanuel Ristord \u2014 P\u00e8re Castor","translator":null,"weight":112,"page_count":40,"readership":"\u00e0 partir de 6 ANS","editor":"P\u00e8re Castor","price":580,"published_date":"2024-02-06T23:00:00.000000Z","support":"Grand format","publisher_availability":1,"stock":0,"editions":[],"url":"https:\/\/quaidesbrumes.com\/ouvrage\/9782080437921\/je-suis-en-ce1-tome-7-au-poney-club"},{"id":"9782330151195","title":"Jean-Michel : les origines","description":"On ne pr\u00e9sente plus Jean-Michel... Mais ce qu'on ne connaissait pas encore, c'\u00e9tait ses origines ! Dans ce nouveau volume, on plonge avec Jean-Michel dans les souvenirs du pass\u00e9, pour tenter de comprendre quel terrible secret pouvait bien pousser ses parents \u00e0 lui interdire la vocation de Super-H\u00e9ros...\r","authors":["Magali Le Huche"],"category_codes":["2000000","2030000","2030400"],"visuals":{"large":"https:\/\/images.epagine.fr\/195\/9782330151195_1_75.jpg","medium":"https:\/\/images.epagine.fr\/195\/9782330151195_1_m.jpg","thumbnail":"https:\/\/images.epagine.fr\/195\/9782330151195_1_v.jpg"},"orderable":true,"show_badge":true,"formatted_price":"13,50&nbsp;\u20ac","formatted_published_date":"5 mai 2021","publisher_availability_label":"Sur commande","short_details":"Magali Le Huche \u2014 Actes Sud Jeunesse","translator":null,"weight":262,"page_count":40,"readership":"3\/6 ans","editor":"Actes Sud Jeunesse","price":1350,"published_date":"2021-05-04T22:00:00.000000Z","support":"Grand format","publisher_availability":1,"stock":0,"editions":[],"url":"https:\/\/quaidesbrumes.com\/ouvrage\/9782330151195\/jean-michel-les-origines"},{"id":"9782017015406","title":"J'apprends \u00e0 lire avec Sami et Julie : CE1 ; la nouvelle \u00e9l\u00e8ve","description":"Aujourd'hui n'est pas un jour comme les autres  : la classe de Julie accueille une nouvelle \u00e9l\u00e8ve  !\r\n  \r\nLa collection s'agrandit  ! Et voici un niveau sp\u00e9cial CE1 avec plus de texte, mais toujours des lignes et des mots bien espac\u00e9s et beaucoup d'illustrations pour que la lecture soit un plaisir.\r\n  \r\n\u00ab  J'apprends \u00e0 lire avec Sami et Julie  \u00bb est une collection de petites histoires sp\u00e9cialement con\u00e7ue pour les enfants apprenant \u00e0 lire. Le texte est \u00e9crit en gros, les mots sont bien d\u00e9tach\u00e9s les uns des autres et les lignes bien espac\u00e9es. Les histoires sont courtes, dr\u00f4les et tr\u00e8s faciles \u00e0 lire. \u00c9crites avec des mots en ad\u00e9quation avec leur progression, une quantit\u00e9 de texte \u00e0 lire r\u00e9duite et adapt\u00e9e, pour que l'enfant reste motiv\u00e9 et prenne confiance.\r\nEn plus de la petite histoire, le livre contient  : des conseils pour accompagner l'enfant dans ses premi\u00e8res lectures, la pr\u00e9sentation des personnages, des activit\u00e9s pour pr\u00e9parer la lecture, et \u00e0 la fin  : \u00ab  As-tu bien compris l'histoire  ?  \u00bb pour donner du sens \u00e0 ce que l'enfant a lu et aller plus loin que le simple d\u00e9chiffrage ainsi qu'une rubrique \u00ab  Et toi, qu'en penses-tu  ?  \u00bb avec des petites questions pour \u00ab  faire r\u00e9fl\u00e9chir  \u00bb ou simplement discuter autour de l'histoire.","authors":["Th\u00e9r\u00e8se Bont\u00e9"],"category_codes":["2000000","2030000"],"visuals":{"large":"https:\/\/images.epagine.fr\/406\/9782017015406_1_75.jpg","medium":"https:\/\/images.epagine.fr\/406\/9782017015406_1_m.jpg","thumbnail":"https:\/\/images.epagine.fr\/406\/9782017015406_1_v.jpg"},"orderable":true,"show_badge":true,"formatted_price":"3,40&nbsp;\u20ac","formatted_published_date":"3 octobre 2018","publisher_availability_label":"Sur commande","short_details":"Th\u00e9r\u00e8se Bont\u00e9 \u2014 Hachette Education","translator":null,"weight":80,"page_count":32,"readership":"3\/6 ans","editor":"Hachette Education","price":340,"published_date":"2018-10-02T22:00:00.000000Z","support":"Poche","publisher_availability":1,"stock":0,"editions":[],"url":"https:\/\/quaidesbrumes.com\/ouvrage\/9782017015406\/japprends-a-lire-avec-sami-et-julie-ce1-la-nouvelle-eleve"},{"id":"9782075211864","title":"Promenons-nous dans les bois : Chansons des bois ; 40 po\u00e8mes sur la nature","description":"Papa ours invite son ourson \u00e0 se laisser bercer par les secrets de la nature et \u00e0 partager la d\u00e9licatesse de chaque instant, m\u00eame infime. Aube, ros\u00e9e ou champignon, chaque \u00e9l\u00e9ment est c\u00e9l\u00e9br\u00e9. Il y a tant de merveilles \u00e0 d\u00e9couvrir !","authors":["Rachel Piercey","Freya Hartas","Emmanuelle K\u00e9cir-Lepetit"],"category_codes":["2000000","2040000","2040600"],"visuals":{"large":"https:\/\/images.epagine.fr\/864\/9782075211864_1_75.jpg","medium":"https:\/\/images.epagine.fr\/864\/9782075211864_1_m.jpg","thumbnail":"https:\/\/images.epagine.fr\/864\/9782075211864_1_v.jpg"},"orderable":true,"show_badge":false,"formatted_price":"15,00&nbsp;\u20ac","formatted_published_date":"6 mars 2025","publisher_availability_label":"Sur commande","short_details":"Rachel Piercey, Freya Hartas, Emmanuelle K\u00e9cir-Lepetit \u2014 Gallimard Jeunesse","translator":"EMMANUELLE KECIR-LEPETIT","weight":380,"page_count":96,"readership":"Tout public","editor":"Gallimard Jeunesse","price":1500,"published_date":"2025-03-05T23:00:00.000000Z","support":"Grand format","publisher_availability":1,"stock":1,"editions":[],"url":"https:\/\/quaidesbrumes.com\/ouvrage\/9782075211864\/promenons-nous-dans-les-bois-chansons-des-bois-40-poemes-sur-la-nature"},{"id":"9782266345484","title":"L'\u00e9trange ligue des d\u00e9tectives et des voleurs Tome 2 : S.O.S.","description":"Un dirigeable, un voleur insaisissable etune mission de haut vol... John Boarhog n'\u00e9tait pas pr\u00eat pour ce voyage turbulent !\r\n\u00c0 peine remis d'une enqu\u00eate p\u00e9rilleuse pour r\u00e9cup\u00e9rer un rubis d'une valeur d'un milliard de dollars, le jeune John Boarhog et l'inspecteur Toadius McGee se lancent dans une nouvelle aventure. Leur objectif : intercepter la myst\u00e9rieuse Phal\u00e8ne Mauve avant son prochain vol. Pour cela, ils embarquent \u00e0 bord d'un luxueux dirigeable de croisi\u00e8re. H\u00e9las ! le ciel s'annonce bien plus sombre que pr\u00e9vu : la Soci\u00e9t\u00e9 Officielle des Superd\u00e9tectives (S.O.S) est \u00e9galement \u00e0 bord, d\u00e9termin\u00e9e \u00e0 soumettre John \u00e0 son premier test pour les rejoindre en bonne et due forme, malgr\u00e9 les protestations de Toadius.\r\nFurieux contre son mentor, John se lie d'amiti\u00e9 avec \" la Ruche \", un groupe d'adolescents obs\u00e9d\u00e9s par les r\u00e9seaux sociaux. Pourtant, quand la Phal\u00e8ne Mauve refait surface, le duo improbable doit \u00e0 tout prix surmonter ses diff\u00e9rends pour sauver la situation avant qu'il soit trop tard !","authors":["Tom Phillips","Thomas Leclere"],"category_codes":["2000000","2050000","2050200","2050206"],"visuals":{"large":"https:\/\/images.epagine.fr\/484\/9782266345484_1_75.jpg","medium":"https:\/\/images.epagine.fr\/484\/9782266345484_1_m.jpg","thumbnail":"https:\/\/images.epagine.fr\/484\/9782266345484_1_v.jpg"},"orderable":true,"show_badge":true,"formatted_price":"18,50&nbsp;\u20ac","formatted_published_date":"15 janvier 2026","publisher_availability_label":"Sur commande","short_details":"Tom Phillips, Thomas Leclere \u2014 Pocket Jeunesse","translator":"THOMAS LECLERE","weight":374,"page_count":352,"readership":"\u00e0 partir de 12 ANS","editor":"Pocket Jeunesse","price":1850,"published_date":"2026-01-14T23:00:00.000000Z","support":"Grand format","publisher_availability":1,"stock":0,"editions":[],"url":"https:\/\/quaidesbrumes.com\/ouvrage\/9782266345484\/letrange-ligue-des-detectives-et-des-voleurs-tome-2-sos"},{"id":"9782352904885","title":"Je t'aime gros comme une baleine","description":"Nous suivons l'histoire d'un rhinoc\u00e9ros et d'un petit oiseau au bec rouge. Ils vivent ensemble et pourtant le rhinoc\u00e9ros manque beaucoup \u00e0 son ami qui ne cesse de lui r\u00e9clamer de l'attention. Un duo \u00e0 la fois irr\u00e9sistible et improbable. Les deux diff\u00e8rent par leur taille, leur apparence et leur caract\u00e8re : l'un, imposant et gris, l'autre, petit et color\u00e9.\r\n\r\n\r\n\r\nQuand le rhinoc\u00e9ros commence \u00e0 manquer\u00e0 l'oiseau... il a vraiment besoin de le lui dire ! Et pour cela, du moustique \u00e0 la baleine, il compare son \u00e9norme ami \u00e0 un animal, \u00e0 qui il semble ressembler...\r\n\r\nLes illustrations d'Arianna Alessi, color\u00e9es, simples et pleines d'humour, respirent la tendresse et l'amiti\u00e9 que les deux h\u00e9ros ont l'un pour l'autre. Ces images portent en elles la joie et la vie d'un jeu d'enfants.","authors":["Marica Rocca","Arianna Alessi"],"category_codes":["2000000","2030000","2030400"],"visuals":{"large":"https:\/\/images.epagine.fr\/885\/9782352904885_1_75.jpg","medium":"https:\/\/images.epagine.fr\/885\/9782352904885_1_m.jpg","thumbnail":"https:\/\/images.epagine.fr\/885\/9782352904885_1_v.jpg"},"orderable":true,"show_badge":true,"formatted_price":"14,90&nbsp;\u20ac","formatted_published_date":"20 f\u00e9vrier 2026","publisher_availability_label":"Sur commande","short_details":"Marica Rocca, Arianna Alessi \u2014 \u00c9ditions courtes et longues","translator":null,"weight":288,"page_count":32,"readership":"3\/6 ans","editor":"\u00c9ditions courtes et longues","price":1490,"published_date":"2026-02-19T23:00:00.000000Z","support":"Grand format","publisher_availability":1,"stock":0,"editions":[],"url":"https:\/\/quaidesbrumes.com\/ouvrage\/9782352904885\/je-taime-gros-comme-une-baleine"},{"id":"9782092580875","title":"T'choupi a peur du noir","description":"Une nouvelle histoire de T'choupi pour apaiser les petits.\r\nCe soir T'choupi dort chez papi et mamie. Mais il n'y a pas de veilleuse et il fait tout noir !\r\n T'choupi a un peu peur heureusement, papi a une bonne id\u00e9e pour l'apaiser...\r\n Une histoire de T'choupi essentielle, \u00e0 un \u00e2ge o\u00f9 le sommeil peut \u00eatre perturb\u00e9 et l'endormissement difficile.\r\n \r\nNouveau : avec votre enfant \u00e9coutez la version audio de l'histoire ! Tous les albums T'choupi sont maintenant accompagn\u00e9s d'une version audio, accessible gratuitement en scannant la couverture avec l'application Nathan Live.","authors":["Thierry Courtin"],"category_codes":["2000000","2030000","2030400"],"visuals":{"large":"https:\/\/images.epagine.fr\/875\/9782092580875_1_75.jpg","medium":"https:\/\/images.epagine.fr\/875\/9782092580875_1_m.jpg","thumbnail":"https:\/\/images.epagine.fr\/875\/9782092580875_1_v.jpg"},"orderable":true,"show_badge":true,"formatted_price":"6,30&nbsp;\u20ac","formatted_published_date":"4 janvier 2018","publisher_availability_label":"Sur commande","short_details":"Thierry Courtin \u2014 Nathan","translator":null,"weight":136,"page_count":22,"readership":"0\/3 ans","editor":"Nathan","price":630,"published_date":"2018-01-03T23:00:00.000000Z","support":"Grand format","publisher_availability":1,"stock":0,"editions":[],"url":"https:\/\/quaidesbrumes.com\/ouvrage\/9782092580875\/tchoupi-a-peur-du-noir"},{"id":"9782354137861","title":"Est-ce que vous \u00eates pr\u00eats ?","description":"Un livre rigolo o\u00f9 une souris pr\u00e9pare une surprise...\r\nAu d\u00e9but, tout est noir. Avec sa lampe de poche, la souris cherche ses amis... Dans l'ombre, elle trouve le lion. Est-il pr\u00eat ? Et l'\u00e9l\u00e9phant, est-il pr\u00eat lui aussi ? Car une surprise se pr\u00e9pare !\r\n","authors":["Daishu Ma"],"category_codes":["2000000","2020000","2020300"],"visuals":{"large":"https:\/\/images.epagine.fr\/861\/9782354137861_1_75.jpg","medium":"https:\/\/images.epagine.fr\/861\/9782354137861_1_m.jpg","thumbnail":"https:\/\/images.epagine.fr\/861\/9782354137861_1_v.jpg"},"orderable":true,"show_badge":true,"formatted_price":"12,00&nbsp;\u20ac","formatted_published_date":"12 f\u00e9vrier 2026","publisher_availability_label":"Sur commande","short_details":"Daishu Ma \u2014 Minedition","translator":null,"weight":222,"page_count":24,"readership":"0\/3 ans","editor":"Minedition","price":1200,"published_date":"2026-02-11T23:00:00.000000Z","support":"Grand format","publisher_availability":1,"stock":0,"editions":[],"url":"https:\/\/quaidesbrumes.com\/ouvrage\/9782354137861\/est-ce-que-vous-etes-prets"},{"id":"9791036365430","title":"Le pacte des roses Tome 1","description":"Ivy est sur le point de passer son pacte magique avec la reine Moryen, une fae sanguinaire aux pouvoirs inimaginables. Ivy n'a qu'une id\u00e9e en t\u00eate : d\u00e9faire le pacte qu'a pass\u00e9 sa soeur un an plus t\u00f4t, dont elle ne garde aucun souvenir, et qui a pouss\u00e9 sa famille dans le d\u00e9classement social. Mais au moment du pacte des roses, la c\u00e9r\u00e9monie o\u00f9 les jeunes filles de bonne famille passent leur pacte et marquant ainsi leur entr\u00e9e de la soci\u00e9t\u00e9, la reine les surprend toutes. Elle compte marier son fils ain\u00e9, le beau Bram, h\u00e9ritier l\u00e9gitime du tr\u00f4ne et fae comme elle. \r\nIvy y voit sa chance de rendre \u00e0 sa famille la position sociale qu'elle occupait et de rendre \u00e0 sa soeur sa m\u00e9moire. Elle se lance alors, avec cinq autres d\u00e9butantes, dans la course \u00e0 la couronne. La comp\u00e9tition, marqu\u00e9e par des actes de cruaut\u00e9 de la reine et par un complot foment\u00e9 par le deuxi\u00e8me prince, est peut-\u00eatre le point de d\u00e9part de la chute du royaume...","authors":["Sasha Peyton Smith","Anath Riveline"],"category_codes":["2000000","2050000","2050200","2050204"],"visuals":{"large":"https:\/\/images.epagine.fr\/430\/9791036365430_1_75.jpg","medium":"https:\/\/images.epagine.fr\/430\/9791036365430_1_m.jpg","thumbnail":"https:\/\/images.epagine.fr\/430\/9791036365430_1_v.jpg"},"orderable":true,"show_badge":true,"formatted_price":"19,90&nbsp;\u20ac","formatted_published_date":"21 mai 2025","publisher_availability_label":"Sur commande","short_details":"Sasha Peyton Smith, Anath Riveline \u2014 Bayard Jeunesse","translator":"ANATH RIVELINE","weight":548,"page_count":432,"readership":"\u00e0 partir de 12 ANS","editor":"Bayard Jeunesse","price":1990,"published_date":"2025-05-20T22:00:00.000000Z","support":"Grand format","publisher_availability":1,"stock":0,"editions":[],"url":"https:\/\/quaidesbrumes.com\/ouvrage\/9791036365430\/le-pacte-des-roses-tome-1"},{"id":"9791036355592","title":"L'incroyable histoire de Notre-Dame de Paris, \u00e0 travers les si\u00e8cles","description":"Un roman-doc pour les enfants \u00e0 partir de 8 ans sur un monument embl\u00e9matique de Paris, la cath\u00e9drale Notre-Dame, qui s'\u00e9l\u00e8ve en plein coeur de la capitale depuis le XII\u00e8me si\u00e8cle. Chaque ann\u00e9e, elle accueille 13 millions de visiteurs. Ce livre propose aux enfants de d\u00e9couvrir l'histoire de la cath\u00e9drale, de sa construction \u00e0 l'incendie de 2019, \u00e0 travers l'histoire d'une famille d'artisans qui a particip\u00e9 \u00e0 son \u00e9dification, et qui sur les g\u00e9n\u00e9rations suivantes, a toujours tiss\u00e9 un lien particulier avec ce monument.","authors":["St\u00e9phane Descornes","Florent Grattery","Nancy Pena"],"category_codes":["2000000","2070000","2070800"],"visuals":{"large":"https:\/\/images.epagine.fr\/592\/9791036355592_1_75.jpg","medium":"https:\/\/images.epagine.fr\/592\/9791036355592_1_m.jpg","thumbnail":"https:\/\/images.epagine.fr\/592\/9791036355592_1_v.jpg"},"orderable":true,"show_badge":true,"formatted_price":"7,20&nbsp;\u20ac","formatted_published_date":"20 mars 2024","publisher_availability_label":"Sur commande","short_details":"St\u00e9phane Descornes, Florent Grattery, Nancy Pena \u2014 Bayard Jeunesse","translator":null,"weight":122,"page_count":48,"readership":"\u00e0 partir de 8 ANS","editor":"Bayard Jeunesse","price":720,"published_date":"2024-03-19T23:00:00.000000Z","support":"Grand format","publisher_availability":1,"stock":0,"editions":[],"url":"https:\/\/quaidesbrumes.com\/ouvrage\/9791036355592\/lincroyable-histoire-de-notre-dame-de-paris-a-travers-les-siecles"},{"id":"9791039566674","title":"La fille de la faucheuse","description":"Je m\u00e8ne une mort tranquille, et cela durera ainsi pour l'\u00e9ternit\u00e9. Curieux, n'est-ce pas ? Pas pour moi. Je suis la fille de la Faucheuse, charg\u00e9e d'accueillir les \u00e2mes pour les envoyer vers l'au-del\u00e0. Mais cette nuit, rien ne se passe comme pr\u00e9vu :  Un : 52 spectres apparaissent soudain devant mon manoir Deux : Ils ne sont pas tout \u00e0 fait morts Mon pouvoir ne fonctionne plus sur Tom, un spectre aussi optimiste qu'aga\u00e7ant \u00c7a ne pourrait pas \u00eatre pire... Ah, si : la Faucheuse a disparue ! M\u00eame si cela m'horripile, je n'ai pas le choix : je dois suivre les derni\u00e8res traces de la Faucheuse... et partir enqu\u00eater dans le monde des vivants.","authors":["Alice Doublier","Patrick Connan"],"category_codes":["2000000","2040000","2040500"],"visuals":{"large":"https:\/\/images.epagine.fr\/674\/9791039566674_1_75.jpg","medium":"https:\/\/images.epagine.fr\/674\/9791039566674_1_m.jpg","thumbnail":"https:\/\/images.epagine.fr\/674\/9791039566674_1_v.jpg"},"orderable":true,"show_badge":true,"formatted_price":"16,95&nbsp;\u20ac","formatted_published_date":"28 ao\u00fbt 2025","publisher_availability_label":"Sur commande","short_details":"Alice Doublier, Patrick Connan \u2014 Auzou","translator":null,"weight":726,"page_count":304,"readership":"\u00e0 partir de 6 ANS","editor":"Auzou","price":1695,"published_date":"2025-08-27T22:00:00.000000Z","support":"Grand format","publisher_availability":1,"stock":0,"editions":[],"url":"https:\/\/quaidesbrumes.com\/ouvrage\/9791039566674\/la-fille-de-la-faucheuse"},{"id":"9791036342158","title":"La famille Swift Tome 1 : Meurtres au manoir","description":"Le jour de sa naissance, chaque Swift passe devant le Dictionnaire familial. C'est lui qui attribue au nouveau-n\u00e9 un pr\u00e9nom et une d\u00e9finition.\r\nUne d\u00e9finition \u00e0 laquelle il devra correspondre, bien s\u00fbr.\r\nManigance Swift s'appr\u00eate \u00e0 participer \u00e0 la chasse au tr\u00e9sor perdu d'un de ses anc\u00eatres. L'\u00e9v\u00e8nement aura lieu lors de la grande r\u00e9union familiale. Elle est impatiente de rencontrer pour l'occasion tous ces Swift qui affluent au manoir o\u00f9 elle vit.\r\nEnfin... jusqu'\u00e0 ce que l'un d'eux pousse architante Schadenfreude dans l'escalier et la laisse pour morte.\r\nBien d\u00e9cid\u00e9e \u00e0 prouver qu'il n'y a pas qu'en mauvais coup qu'elle est dou\u00e9e, Manigance se lance dans l'enqu\u00eate !","authors":["Beth Lincoln","Claire Powell","No\u00e9mie Chevalier","Eric Moreau"],"category_codes":["2000000","2040000","2040500"],"visuals":{"large":"https:\/\/images.epagine.fr\/158\/9791036342158_1_75.jpg","medium":"https:\/\/images.epagine.fr\/158\/9791036342158_1_m.jpg","thumbnail":"https:\/\/images.epagine.fr\/158\/9791036342158_1_v.jpg"},"orderable":true,"show_badge":true,"formatted_price":"16,90&nbsp;\u20ac","formatted_published_date":"25 septembre 2024","publisher_availability_label":"Sur commande","short_details":"Beth Lincoln, Claire Powell, No\u00e9mie Chevalier, Eric Moreau \u2014 Bayard Jeunesse","translator":"ERIC MOREAU","weight":454,"page_count":416,"readership":"\u00e0 partir de 10 ANS","editor":"Bayard Jeunesse","price":1690,"published_date":"2024-09-24T22:00:00.000000Z","support":"Grand format","publisher_availability":1,"stock":0,"editions":[],"url":"https:\/\/quaidesbrumes.com\/ouvrage\/9791036342158\/la-famille-swift-tome-1-meurtres-au-manoir"},{"id":"9782095030759","title":"Clarisse Caldwell Tome 1 : \u00c0 l'\u00e9cole de danse des Sortil\u00e8ges","description":"Une grande s\u00e9rie 9-12 de magie !\r\nParis, 1920. Clarisse d\u00e9couvre l'\u00e9cole de dans des Sortil\u00e8ges, o\u00f9 l'on apprend \u00e0 faire de la magie gr\u00e2ce \u00e0 la danse. Elle a une semaine pour s'entra\u00eener aux dasenvo\u00fbtements, r\u00e9ussir l'examen d'entr\u00e9e et cacher que sa tante est la dangereuse magicienne la plus recherch\u00e9e du pays !\r\n\r\nUne s\u00e9rie magique \u00e0 d\u00e9couvrir d\u00e8s 9 ans !","authors":["Catherine Kalengula","Ariane Delrieu"],"category_codes":["2000000","2040000","2040500","2040504"],"visuals":{"large":"https:\/\/images.epagine.fr\/759\/9782095030759_1_75.jpg","medium":"https:\/\/images.epagine.fr\/759\/9782095030759_1_m.jpg","thumbnail":"https:\/\/images.epagine.fr\/759\/9782095030759_1_v.jpg"},"orderable":true,"show_badge":true,"formatted_price":"13,95&nbsp;\u20ac","formatted_published_date":"2 mai 2024","publisher_availability_label":"Sur commande","short_details":"Catherine Kalengula, Ariane Delrieu \u2014 Nathan","translator":null,"weight":386,"page_count":336,"readership":"\u00e0 partir de 9 ANS","editor":"Nathan","price":1395,"published_date":"2024-05-01T22:00:00.000000Z","support":"Grand format","publisher_availability":1,"stock":0,"editions":[],"url":"https:\/\/quaidesbrumes.com\/ouvrage\/9782095030759\/clarisse-caldwell-tome-1-a-lecole-de-danse-des-sortileges"},{"id":"9782215167105","title":"Le petit bonhomme en pain d'epice","description":"Il \u00e9tait une fois... L'histoire du petit bonhomme en pain d'\u00e9pice tendrement illustr\u00e9e pour faire d\u00e9couvrir aux tout-petits les contes de notre enfance.","authors":["Audrey Brien"],"category_codes":["2000000","2040000","2040400"],"visuals":{"large":"https:\/\/images.epagine.fr\/105\/9782215167105_1_75.jpg","medium":"https:\/\/images.epagine.fr\/105\/9782215167105_1_m.jpg","thumbnail":"https:\/\/images.epagine.fr\/105\/9782215167105_1_v.jpg"},"orderable":true,"show_badge":true,"formatted_price":"1,99&nbsp;\u20ac","formatted_published_date":"11 janvier 2019","publisher_availability_label":"Sur commande","short_details":"Audrey Brien \u2014 Fleurus","translator":null,"weight":76,"page_count":1,"readership":"\u00e0 partir de 4 ANS","editor":"Fleurus","price":199,"published_date":"2019-01-10T23:00:00.000000Z","support":"Grand format","publisher_availability":1,"stock":0,"editions":["9782215201588"],"url":"https:\/\/quaidesbrumes.com\/ouvrage\/9782215167105\/le-petit-bonhomme-en-pain-depice"},{"id":"9782211300322","title":"Ch\u00e2teaux de sable","description":"Ces deux enfants sont tout contents de faire de purs et simples p\u00e2t\u00e9s de sable sur la plage. Mais voil\u00e0 que les papas s'en m\u00ealent et se lancent, m\u00eame en vacances, dans une comp\u00e9tition de ch\u00e2teaux toujours plus hauts et toujours plus beaux...\r","authors":["St\u00e9phane Henrich"],"category_codes":["2000000","2030000","2030300"],"visuals":{"large":"https:\/\/images.epagine.fr\/322\/9782211300322_1_75.jpg","medium":"https:\/\/images.epagine.fr\/322\/9782211300322_1_m.jpg","thumbnail":"https:\/\/images.epagine.fr\/322\/9782211300322_1_v.jpg"},"orderable":true,"show_badge":true,"formatted_price":"6,00&nbsp;\u20ac","formatted_published_date":"12 juin 2019","publisher_availability_label":"Sur commande","short_details":"St\u00e9phane Henrich \u2014 L'\u00c9cole des loisirs","translator":null,"weight":100,"page_count":40,"readership":"\u00e0 partir de 6 ANS","editor":"L'\u00c9cole des loisirs","price":600,"published_date":"2019-06-11T22:00:00.000000Z","support":"Poche","publisher_availability":1,"stock":0,"editions":["9782877678902"],"url":"https:\/\/quaidesbrumes.com\/ouvrage\/9782211300322\/chateaux-de-sable"},{"id":"9782080462916","title":"L'Oeil d'Horus","description":"Le destin de Men\u00ee est tout trac\u00e9\u00a0:\u00a0il doit succ\u00e9der \u00e0 son p\u00e8re Antaref, le roi d'\u00c9gypte. Mais pour l'heure, il sait \u00e0 peine tirer \u00e0 l'arc et ne s'int\u00e9resse qu'aux animaux. Antaref lui ordonne alors d'accomplir trois exploits pour prouver qu'il est digne de diriger le pays. Une grande aventure commence pour Men\u00ee. Un voyage initiatique fascinant, au coeur de la mythologie \u00e9gyptienne.","authors":["Alain Surget"],"category_codes":["2000000","2040000","2040500"],"visuals":{"large":"https:\/\/images.epagine.fr\/916\/9782080462916_1_75.jpg","medium":"https:\/\/images.epagine.fr\/916\/9782080462916_1_m.jpg","thumbnail":"https:\/\/images.epagine.fr\/916\/9782080462916_1_v.jpg"},"orderable":true,"show_badge":true,"formatted_price":"5,90&nbsp;\u20ac","formatted_published_date":"1er avril 2026","publisher_availability_label":"Sur commande","short_details":"Alain Surget \u2014 Flammarion jeunesse","translator":null,"weight":132,"page_count":160,"readership":"9\/12 ans","editor":"Flammarion jeunesse","price":590,"published_date":"2026-03-31T22:00:00.000000Z","support":"Poche","publisher_availability":1,"stock":0,"editions":["9782081486393"],"url":"https:\/\/quaidesbrumes.com\/ouvrage\/9782080462916\/loeil-dhorus"},{"id":"9782095034245","title":"La tour Eiffel se balade \u00e0 Paris","description":"La tour Eiffel a toujours des ailes... et cette fois, elle aide ses amis L\u00e9a et Nino \u00e0 trouver un tr\u00e9sor en plein Paris ! \r\nMais autant chercher une aiguille dans une botte de foin ! Heureusement, la tour Eiffel a toujours la bougeotte. Alors, rien que pour eux, elle va jouer au taxi dans Paris et les aider \u00e0 trouver le troph\u00e9e ! \r\n\r\nSp\u00e9cial enseignant.e.s : des ressources p\u00e9dagogiques sont \u00e0 votre disposition pour \u00e9tudier cet ouvrage en classe.","authors":["Mymi Doinet","M\u00e9lanie Roubineau"],"category_codes":["2000000","2040000","2040300"],"visuals":{"large":"https:\/\/images.epagine.fr\/245\/9782095034245_1_75.jpg","medium":"https:\/\/images.epagine.fr\/245\/9782095034245_1_m.jpg","thumbnail":"https:\/\/images.epagine.fr\/245\/9782095034245_1_v.jpg"},"orderable":true,"show_badge":true,"formatted_price":"6,20&nbsp;\u20ac","formatted_published_date":"11 avril 2024","publisher_availability_label":"Sur commande","short_details":"Mymi Doinet, M\u00e9lanie Roubineau \u2014 Nathan","translator":null,"weight":108,"page_count":32,"readership":"\u00e0 partir de 6 ANS","editor":"Nathan","price":620,"published_date":"2024-04-10T22:00:00.000000Z","support":"Grand format","publisher_availability":1,"stock":0,"editions":["9782092566381"],"url":"https:\/\/quaidesbrumes.com\/ouvrage\/9782095034245\/la-tour-eiffel-se-balade-a-paris"},{"id":"9782075137836","title":"Les aventures de Pinocchio ; histoire d'un pantin","description":"Pinocchio le pantin de bois a promis \u00e0 son p\u00e8re, le vieux Gepetto, d'\u00eatre sage et d'aller \u00e0 l'\u00e9cole. Mais comme tous les enfants, il pr\u00e9f\u00e8re s'amuser et part \u00e0 l'aventure. Vol\u00e9, battu, emprisonn\u00e9, affam\u00e9, Pinocchio affronte de terribles \u00e9preuves. Aid\u00e9 par la f\u00e9e aux cheveux bleus, saura-t-il devenir un vrai et bon petit gar\u00e7on ?","authors":["Carlo Collodi"],"category_codes":["2000000","2040000","2040200"],"visuals":{"large":"https:\/\/images.epagine.fr\/836\/9782075137836_1_75.jpg","medium":"https:\/\/images.epagine.fr\/836\/9782075137836_1_m.jpg","thumbnail":"https:\/\/images.epagine.fr\/836\/9782075137836_1_v.jpg"},"orderable":true,"show_badge":true,"formatted_price":"5,50&nbsp;\u20ac","formatted_published_date":"25 juin 2020","publisher_availability_label":"Sur commande","short_details":"Carlo Collodi \u2014 Gallimard Jeunesse","translator":null,"weight":158,"page_count":256,"readership":"\u00e0 partir de 6 ANS","editor":"Gallimard Jeunesse","price":550,"published_date":"2020-06-24T22:00:00.000000Z","support":"Poche","publisher_availability":1,"stock":0,"editions":["9782070421251","9782070538072"],"url":"https:\/\/quaidesbrumes.com\/ouvrage\/9782075137836\/les-aventures-de-pinocchio-histoire-dun-pantin"},{"id":"9782013193146","title":"Red Queen Tome 1","description":"Mare Barrow, dix-sept ans, tente de survivre dans une soci\u00e9t\u00e9 qui la traite comme une moins que rien. Quand elle s'av\u00e8re d\u00e9tenir des pouvoirs magiques dont elle ignorait l'existence, sa vie change du tout au tout. Enferm\u00e9e dans le palais de la famille royale, promise \u00e0 un prince, elle va devoir apprendre \u00e0 d\u00e9jouer les intrigues de la cour, \u00e0 ma\u00eetriser un pouvoir qui la d\u00e9passe, et \u00e0 reconna\u00eetre ses ennemis.","authors":["Victoria Aveyard","Alice Delarbre"],"category_codes":["2000000","2050000","2050200","2050203"],"visuals":{"large":"https:\/\/images.epagine.fr\/146\/9782013193146_1_75.jpg","medium":"https:\/\/images.epagine.fr\/146\/9782013193146_1_m.jpg","thumbnail":"https:\/\/images.epagine.fr\/146\/9782013193146_1_v.jpg"},"orderable":true,"show_badge":true,"formatted_price":"8,90&nbsp;\u20ac","formatted_published_date":"10 f\u00e9vrier 2016","publisher_availability_label":"Sur commande","short_details":"Victoria Aveyard, Alice Delarbre \u2014 Le Livre de Poche Jeunesse","translator":"ALICE DELARBRE","weight":292,"page_count":448,"readership":"\u00e0 partir de 14 ans","editor":"Le Livre de Poche Jeunesse","price":890,"published_date":"2016-02-09T23:00:00.000000Z","support":"Poche","publisher_availability":1,"stock":0,"editions":[],"url":"https:\/\/quaidesbrumes.com\/ouvrage\/9782013193146\/red-queen-tome-1"},{"id":"9782383494829","title":"\u00c0 la recherche de l'esprit renard Tome 1 : Albans","description":"- Une trilogie \u00e0 l'univers inspir\u00e9 par le Japon et les oeuvres du Studio Ghibli.\r\n- Un h\u00e9ros fragile mais d\u00e9termin\u00e9, tiraill\u00e9 entre la fid\u00e9lit\u00e9 aux siens et une v\u00e9rit\u00e9 qu'ils lui cachent.\r\n- Un monde fantastique peupl\u00e9 d'esprits bienveillants et d'entit\u00e9s mal\u00e9fiques.\r\nEsprits pacifiques de la nature, les l\u00f9mii ont laiss\u00e9 place \u00e0 des cr\u00e9atures aux masques p\u00e2les qui recherchent des proies \u00e0 poss\u00e9der. Les seuls capables de les affronter sont les guerriers albans, aux yeux gris capables de voir et dot\u00e9 d'un pouvoir extraordinaire : le double.\r\nDepuis quelque temps, l'esprit renard, le dernier des l\u00f9mii, visite les r\u00eaves de Merle. Est-ce parce que le jeune gar\u00e7on est le seul \u00e0 avoir des yeux de couleurs diff\u00e9rentes ? Cette particularit\u00e9 l'emp\u00eache en tout cas de d\u00e9clencher la vue et ainsi d'accomplir son r\u00eave : int\u00e9grer la prestigieuse caste des protecteurs, les albans. C'est alors que son village est attaqu\u00e9 par la myst\u00e9rieuse secte des rogues. L'adolescent y rencontre pour la premi\u00e8re fois son p\u00e8re, qui a rejoint ce groupe il y a longtemps. Or, celui-ci est porteur d'un message inattendu : il pr\u00e9tend que Merle, contrairement \u00e0 ce qu'ont toujours affirm\u00e9 les albans, peut lui aussi d\u00e9clencher la vue malgr\u00e9 ses yeux vairons. D\u00e8s lors, le gar\u00e7on va devoir choisir : accorder sa confiance \u00e0 ce p\u00e8re qui l'a abandonn\u00e9 et a trahi les siens, ou rester fid\u00e8le \u00e0 ceux qui pr\u00e9tendent \u00eatre des protecteurs ? Seul l'esprit renard a la r\u00e9ponse...","authors":["Alix Naudot Guillerm"],"category_codes":["2000000","2050000","2050200","2050204"],"visuals":{"large":"https:\/\/images.epagine.fr\/829\/9782383494829_1_75.jpg","medium":"https:\/\/images.epagine.fr\/829\/9782383494829_1_m.jpg","thumbnail":"https:\/\/images.epagine.fr\/829\/9782383494829_1_v.jpg"},"orderable":false,"show_badge":true,"formatted_price":"18,00&nbsp;\u20ac","formatted_published_date":"3 avril 2025","publisher_availability_label":"Indisponible","short_details":"Alix Naudot Guillerm \u2014 Gulf Stream","translator":null,"weight":486,"page_count":415,"readership":"\u00e0 partir de 12 ANS","editor":"Gulf Stream","price":1800,"published_date":"2025-04-02T22:00:00.000000Z","support":"Grand format","publisher_availability":4,"stock":0,"editions":[],"url":"https:\/\/quaidesbrumes.com\/ouvrage\/9782383494829\/a-la-recherche-de-lesprit-renard-tome-1-albans"},{"id":"9782211229944","title":"Y\u00e9ti","description":"Y\u00e9ti vit seul et heureux dans sa belle montagne, jusqu'au jour o\u00f9 il d\u00e9couvre, en m\u00eame temps qu'une jolie petite botte, que la solitude commence \u00e0 lui peser. Alors il saute sur l'occasion pour chercher...chaussure \u00e0 son pied ! A partir de 3 ans.\r","authors":["Marianne Barcilon","Christine Naumann-Villemin"],"category_codes":["2000000","2020000","2020400"],"visuals":{"large":"https:\/\/images.epagine.fr\/944\/9782211229944_1_75.jpg","medium":"https:\/\/images.epagine.fr\/944\/9782211229944_1_m.jpg","thumbnail":"https:\/\/images.epagine.fr\/944\/9782211229944_1_v.jpg"},"orderable":true,"show_badge":true,"formatted_price":"6,00&nbsp;\u20ac","formatted_published_date":"12 octobre 2016","publisher_availability_label":"Sur commande","short_details":"Marianne Barcilon, Christine Naumann-Villemin \u2014 L'\u00c9cole des loisirs","translator":null,"weight":87,"page_count":32,"readership":"\u00e0 partir de 3 ANS","editor":"L'\u00c9cole des loisirs","price":600,"published_date":"2016-10-11T22:00:00.000000Z","support":"Poche","publisher_availability":1,"stock":0,"editions":["9782877678179"],"url":"https:\/\/quaidesbrumes.com\/ouvrage\/9782211229944\/yeti"}]}