{"data":[{"id":"9782378766337","title":"Darkest minds Tome 1 : Les Enfants de la r\u00e9volte","description":"Si elle vous touche, il sera d\u00e9j\u00e0 trop tard...\r\nFutur proche. \u00c9tats-Unis.\r\n\r\nUne \u00e9pid\u00e9mie inconnue a d\u00e9cim\u00e9 presque tous les enfants du pays, laissant les rares survivants dot\u00e9s d'\u00e9tranges capacit\u00e9s psychiques. Le gouvernement cr\u00e9e alors les Forces Sp\u00e9ciales Psi, charg\u00e9es de les surveiller dans des camps de r\u00e9habilitation.\r\n\r\nC'est dans l'un d'eux que Ruby a pass\u00e9 les six derni\u00e8res ann\u00e9es de sa vie, cachant la vraie nature de ses pouvoirs. Elle est l'une des derni\u00e8res capables de contr\u00f4ler les esprits et ne sait pas vers qui se tourner. La Ligue des enfants, groupe r\u00e9volutionnaire aux m\u00e9thodes douteuses, ou l'Insaisissable, jeune homme myst\u00e9rieux aux capacit\u00e9s similaires aux siennes ? L'adolescente est contrainte de fuir, car ses aptitudes font d'elle une cible. Mais qui est-elle vraiment : un danger \u00e0 \u00e9liminer ou une arme \u00e0 exploiter ?","authors":["Alexandra Bracken","Emilie Chiron"],"category_codes":["2000000","2040000","2040500","2040505"],"visuals":{"large":"https:\/\/images.epagine.fr\/337\/9782378766337_1_75.jpg","medium":"https:\/\/images.epagine.fr\/337\/9782378766337_1_m.jpg","thumbnail":"https:\/\/images.epagine.fr\/337\/9782378766337_1_v.jpg"},"orderable":true,"show_badge":true,"formatted_price":"24,90&nbsp;\u20ac","formatted_published_date":"13 novembre 2025","publisher_availability_label":"Sur commande","short_details":"Alexandra Bracken, Emilie Chiron \u2014 Ds De Saxus","translator":"EMILIE CHIRON","weight":562,"page_count":448,"readership":"\u00e0 partir de 8 ANS","editor":"Ds De Saxus","price":2490,"published_date":"2025-11-12T23:00:00.000000Z","support":"Grand format","publisher_availability":1,"stock":0,"editions":[],"url":"https:\/\/quaidesbrumes.com\/ouvrage\/9782378766337\/darkest-minds-tome-1-les-enfants-de-la-revolte"},{"id":"9782095043902","title":"Les pourquoi de T'choupi : \u00c0 la ferme","description":"Un album documentaire pour tout savoir sur la ferme et ses animaux avec T'choupi !\r\nT'choupi explore la ferme, les maisons des animaux, les champs, les vergers, le potager, \u00e0 travers 12 grandes sc\u00e8nes color\u00e9es.\r\nPourquoi les vaches font du lait ?\r\nPourquoi les moutons sont dans les pr\u00e9s ?\r\nPourquoi il y a des bottes de foin ?\r\nPourquoi les abricots ont un noyau ?\r\nPourquoi les fruits sont m\u00fbrs en \u00e9t\u00e9 ?\r\nPourquoi les cochons ont une queue en tire-bouchon ?\r\nUne nouvelle collection avec des r\u00e9ponses simples pour aider les parents \u00e0 r\u00e9pondre aux petites et grandes questions de leurs enfants, d\u00e8s 2 ans.","authors":["Thierry Courtin"],"category_codes":["2000000","2020000","2020400"],"visuals":{"large":"https:\/\/images.epagine.fr\/902\/9782095043902_1_75.jpg","medium":"https:\/\/images.epagine.fr\/902\/9782095043902_1_m.jpg","thumbnail":"https:\/\/images.epagine.fr\/902\/9782095043902_1_v.jpg"},"orderable":true,"show_badge":true,"formatted_price":"6,95&nbsp;\u20ac","formatted_published_date":"9 janvier 2025","publisher_availability_label":"Sur commande","short_details":"Thierry Courtin \u2014 Nathan","translator":null,"weight":178,"page_count":32,"readership":"\u00e0 partir de 2 ANS","editor":"Nathan","price":695,"published_date":"2025-01-08T23:00:00.000000Z","support":"Grand format","publisher_availability":1,"stock":0,"editions":[],"url":"https:\/\/quaidesbrumes.com\/ouvrage\/9782095043902\/les-pourquoi-de-tchoupi-a-la-ferme"},{"id":"9791037514998","title":"L'ennui des apr\u00e8s-midi sans fin","description":"\" Enfant, j'ai eu la chance de m'ennuyer. Je n'avais pas \u00e9cole l'apr\u00e8s-midi et chez moi, \u00e0 la maison, pas d'\u00e9cran ni de t\u00e9l\u00e9vision. J'ai donc d\u00fb apprendre \u00e0 d\u00e9ployer des tr\u00e9sors d'imagination pour m'inventer des jeux et des passe-temps. Je garde de ces jours immobiles le souvenir d'une p\u00e9riode enchant\u00e9e o\u00f9 j'ai pu remplir \u00e0 ras bord le coffre-fort de mon imaginaire. L'ennui de mes apr\u00e8s-midi d'enfance \u00e9tait un voyage o\u00f9 le temps m'appartenait, un espace o\u00f9 j'ai fabriqu\u00e9 d'immenses r\u00eaves. \"","authors":["Ga\u00ebl Faye","Hippolyte"],"category_codes":["2000000","2030000","2030400"],"visuals":{"large":"https:\/\/images.epagine.fr\/998\/9791037514998_1_75.jpg","medium":"https:\/\/images.epagine.fr\/998\/9791037514998_1_m.jpg","thumbnail":"https:\/\/images.epagine.fr\/998\/9791037514998_1_v.jpg"},"orderable":true,"show_badge":true,"formatted_price":"14,90&nbsp;\u20ac","formatted_published_date":"23 octobre 2025","publisher_availability_label":"Sur commande","short_details":"Ga\u00ebl Faye, Hippolyte \u2014 \u00c9ditions Les Ar\u00e8nes","translator":null,"weight":332,"page_count":36,"readership":"3\/6 ans","editor":"\u00c9ditions Les Ar\u00e8nes","price":1490,"published_date":"2025-10-22T22:00:00.000000Z","support":"Grand format","publisher_availability":1,"stock":0,"editions":[],"url":"https:\/\/quaidesbrumes.com\/ouvrage\/9791037514998\/lennui-des-apres-midi-sans-fin"},{"id":"9782362315749","title":"Wilderwood Tome 1 : For the Wolf","description":"La Premi\u00e8re Fille appartient au tr\u00f4ne.\r\n\r\nLa Seconde appartient au Loup.\r\n\r\nEn tant que Seconde Fille, Red n'a qu'une seule destin\u00e9e : \u00eatre sacrifi\u00e9e au Loup du Bois Sauvage, dans l'espoir qu'il lib\u00e8re les dieux qu'il a fait prisonniers des si\u00e8cles plus t\u00f4t.\r\n\r\nCependant, Red est presque soulag\u00e9e de partir. Dot\u00e9e d'un pouvoir dangereux qu'elle est incapable de contr\u00f4ler, elle sait qu'au moins, dans le Bois Sauvage, elle ne risquera pas de faire du mal \u00e0 ceux qu'elle aime. Une nouvelle fois.\r\n\r\nMais les l\u00e9gendes ont menti. Le Loup est un homme, pas un monstre. La magie de Red est un don, pas une mal\u00e9diction. Et si elle n'apprend pas \u00e0 s'en servir, les monstres que sont devenus les dieux ne feront qu'une bouch\u00e9e du Bois Sauvage - et de son monde.","authors":["Hannah Whitten","No\u00e9mie Chevalier","Anna\u00efg Houesnard"],"category_codes":["2000000","2050000","2050200","2050204"],"visuals":{"large":"https:\/\/images.epagine.fr\/749\/9782362315749_1_75.jpg","medium":"https:\/\/images.epagine.fr\/749\/9782362315749_1_m.jpg","thumbnail":"https:\/\/images.epagine.fr\/749\/9782362315749_1_v.jpg"},"orderable":true,"show_badge":true,"formatted_price":"25,00&nbsp;\u20ac","formatted_published_date":"10 septembre 2025","publisher_availability_label":"Sur commande","short_details":"Hannah Whitten, No\u00e9mie Chevalier, Anna\u00efg Houesnard \u2014 Big Bang","translator":"ANNAIG HOUESNARD","weight":648,"page_count":544,"readership":"\u00e0 partir de 15 ans","editor":"Big Bang","price":2500,"published_date":"2025-09-09T22:00:00.000000Z","support":"Grand format","publisher_availability":1,"stock":0,"editions":[],"url":"https:\/\/quaidesbrumes.com\/ouvrage\/9782362315749\/wilderwood-tome-1-for-the-wolf"},{"id":"9782889770595","title":"Direction l'Antarctique : Le continent de glace qui bouillonne de vie","description":"Alors les enfants... Vous venez\u00a0? Destination\u00a0: l'Antarctique\u00a0!","authors":["Guillaume Remacle","Adrienne Barman"],"category_codes":["2000000","2070000","2070300"],"visuals":{"large":"https:\/\/images.epagine.fr\/595\/9782889770595_1_75.jpg","medium":"https:\/\/images.epagine.fr\/595\/9782889770595_1_m.jpg","thumbnail":"https:\/\/images.epagine.fr\/595\/9782889770595_1_v.jpg"},"orderable":true,"show_badge":true,"formatted_price":"19,90&nbsp;\u20ac","formatted_published_date":"29 janvier 2026","publisher_availability_label":"Sur commande","short_details":"Guillaume Remacle, Adrienne Barman \u2014 Helvetiq","translator":null,"weight":528,"page_count":64,"readership":"\u00e0 partir de 6 ANS","editor":"Helvetiq","price":1990,"published_date":"2026-01-28T23:00:00.000000Z","support":"Grand format","publisher_availability":1,"stock":0,"editions":[],"url":"https:\/\/quaidesbrumes.com\/ouvrage\/9782889770595\/direction-lantarctique-le-continent-de-glace-qui-bouillonne-de-vie"},{"id":"9782203296404","title":"Le premier livre tissu de B\u00e9b\u00e9 : Petit lion","description":"Le cadeau id\u00e9al pour les b\u00e9b\u00e9s.\r\n\r\nAvec ses volets en feutrine, ses pages froufrous et son attache-poussette, ce livre tissu est le cadeau de naissance id\u00e9al.\r\nA la fin du livre : un petit miroir !\r\n\r\nUn livre-tissu adapt\u00e9 aux nouveau-n\u00e9s pour une premi\u00e8re interaction parents-enfant.","authors":["Ingela P. Arrhenius"],"category_codes":["2000000","2020000"],"visuals":{"large":"https:\/\/images.epagine.fr\/404\/9782203296404_1_75.jpg","medium":"https:\/\/images.epagine.fr\/404\/9782203296404_1_m.jpg","thumbnail":"https:\/\/images.epagine.fr\/404\/9782203296404_1_v.jpg"},"orderable":true,"show_badge":false,"formatted_price":"14,90&nbsp;\u20ac","formatted_published_date":"28 mai 2025","publisher_availability_label":"Sur commande","short_details":"Ingela P. Arrhenius \u2014 Casterman","translator":null,"weight":100,"page_count":6,"readership":"0\/3 ans","editor":"Casterman","price":1490,"published_date":"2025-05-27T22:00:00.000000Z","support":"Grand format","publisher_availability":1,"stock":1,"editions":[],"url":"https:\/\/quaidesbrumes.com\/ouvrage\/9782203296404\/le-premier-livre-tissu-de-bebe-petit-lion"},{"id":"9782017308782","title":"Prouts de princesses","description":"C'est bien connu, les Princesses sont douces, raffin\u00e9es et \u00e9l\u00e9gantes. Mais comme tout le monde sur cette plan\u00e8te... elles p\u00e8tent ! Quand il faut descendre d'un carrosse en souriant, prout. Quand la robe est trop serr\u00e9e au bal royal, re-prout. Quand elles sautent de leur tr\u00f4ne pour sauver le royaume, m\u00e9ga prout. Dans ce livre sonore, d\u00e9couvre tous les prouts les plus princiers jamais entendus. Des pets de gala, des pets de stress, des pets enchant\u00e9s... 6 boutons, 6 prouts, 6 fous rires.","authors":["Laura Bisson"],"category_codes":["2000000","2020000","2020200"],"visuals":{"large":"https:\/\/images.epagine.fr\/782\/9782017308782_1_75.jpg","medium":"https:\/\/images.epagine.fr\/782\/9782017308782_1_m.jpg","thumbnail":"https:\/\/images.epagine.fr\/782\/9782017308782_1_v.jpg"},"orderable":true,"show_badge":true,"formatted_price":"12,00&nbsp;\u20ac","formatted_published_date":"25 f\u00e9vrier 2026","publisher_availability_label":"Sur commande","short_details":"Laura Bisson \u2014 \u00c9ditions Deux Coqs d'Or","translator":null,"weight":276,"page_count":6,"readership":"\u00e0 partir de 1 AN","editor":"\u00c9ditions Deux Coqs d'Or","price":1200,"published_date":"2026-02-24T23:00:00.000000Z","support":"Grand format","publisher_availability":1,"stock":0,"editions":[],"url":"https:\/\/quaidesbrumes.com\/ouvrage\/9782017308782\/prouts-de-princesses"},{"id":"9782075219167","title":"Harry Potter : coffret : Les 7 livres de la saga","description":"Les sept livres de la saga dans un splendide coffret illustr\u00e9 par St\u00e9phane Fert. Magique !\r\n\r\nCe coffret contient les sept livres de l'\u00e9dition courante en Folio Junior de la saga Harry Potter.","authors":["J. K. Rowling","Jean-Fran\u00e7ois M\u00e9nard"],"category_codes":["2000000","2040000","2040500"],"visuals":{"large":"https:\/\/images.epagine.fr\/167\/9782075219167_1_75.jpg","medium":"https:\/\/images.epagine.fr\/167\/9782075219167_1_m.jpg","thumbnail":"https:\/\/images.epagine.fr\/167\/9782075219167_1_v.jpg"},"orderable":true,"show_badge":true,"formatted_price":"94,75&nbsp;\u20ac","formatted_published_date":"16 janvier 2025","publisher_availability_label":"Sur commande","short_details":"J. K. Rowling, Jean-Fran\u00e7ois M\u00e9nard \u2014 Gallimard Jeunesse","translator":"JEAN-FRANCOIS MENARD","weight":2982,"page_count":368,"readership":"\u00e0 partir de 9 ANS","editor":"Gallimard Jeunesse","price":9475,"published_date":"2025-01-15T23:00:00.000000Z","support":"Poche","publisher_availability":1,"stock":0,"editions":[],"url":"https:\/\/quaidesbrumes.com\/ouvrage\/9782075219167\/harry-potter-coffret-les-7-livres-de-la-saga"},{"id":"9782013987455","title":"Madame Fabuleuse","description":"Madame Beaut\u00e9 a du souci \u00e0 se faire\u00a0car madame Fabuleuse est furieusement tendance. Comment va-t-elle s'y prendre pour reprendre la premi\u00e8re place ?","authors":["Roger Hargreaves"],"category_codes":["2000000","2030000","2030400"],"visuals":{"large":"https:\/\/images.epagine.fr\/455\/9782013987455_1_75.jpg","medium":"https:\/\/images.epagine.fr\/455\/9782013987455_1_m.jpg","thumbnail":"https:\/\/images.epagine.fr\/455\/9782013987455_1_v.jpg"},"orderable":true,"show_badge":true,"formatted_price":"2,90&nbsp;\u20ac","formatted_published_date":"30 mars 2016","publisher_availability_label":"Sur commande","short_details":"Roger Hargreaves \u2014 Hachette Jeunesse","translator":null,"weight":52,"page_count":40,"readership":"\u00e0 partir de 4 ANS","editor":"Hachette Jeunesse","price":290,"published_date":"2016-03-29T22:00:00.000000Z","support":"Poche","publisher_availability":1,"stock":0,"editions":[],"url":"https:\/\/quaidesbrumes.com\/ouvrage\/9782013987455\/madame-fabuleuse"},{"id":"9782884455855","title":"Max et Lili sont malades","description":"Lili est malade. Elle a la grippe. Elle d\u00e9couvre la fi\u00e8vre, le virus, la visite du m\u00e9decin, les piq\u00fbres, les inqui\u00e9tudes... Max fait semblant d'\u00eatre malade jusqu'au moment o\u00f9 il attrape lui-m\u00eame le virus.\r","authors":["Dominique de Saint-Mars","Serge Bloch"],"category_codes":["2000000","2040000","2040200"],"visuals":{"large":"https:\/\/images.epagine.fr\/855\/9782884455855_1_75.jpg","medium":"https:\/\/images.epagine.fr\/855\/9782884455855_1_m.jpg","thumbnail":"https:\/\/images.epagine.fr\/855\/9782884455855_1_v.jpg"},"orderable":true,"show_badge":true,"formatted_price":"6,20&nbsp;\u20ac","formatted_published_date":"24 janvier 2005","publisher_availability_label":"Sur commande","short_details":"Dominique de Saint-Mars, Serge Bloch \u2014 Calligram","translator":null,"weight":118,"page_count":43,"readership":"6\/9 ans","editor":"Calligram","price":620,"published_date":"2005-01-23T23:00:00.000000Z","support":"Grand format","publisher_availability":1,"stock":0,"editions":[],"url":"https:\/\/quaidesbrumes.com\/ouvrage\/9782884455855\/max-et-lili-sont-malades"},{"id":"9782017107125","title":"Gaston la licorne : les \u00e9motions de Gaston : Je suis diff\u00e9rent comme tout le monde","description":"Gaston est une petite licorne comme toutes les autres, ou presque...\r\nSa crini\u00e8re arc-en-ciel change de couleur en fonction de ses \u00e9motions !\r\n\r\nAujourd'hui, Gaston s'est fait emb\u00eater parce qu'il ne faisait pas comme tout le monde. Il se rend compte que souvent, on se moque b\u00eatement des diff\u00e9rences entre les licornes. Et il comprend qu'au fond, on est tous diff\u00e9rents, et que c'est m\u00eame une tr\u00e8s belle chose.   \r\n\r\nUne collection d'histoires pour apprendre \u00e0 nommer et apprivoiser ses \u00e9motions. Par Aur\u00e9lie Chien Chow Chine, illustratrice et sophrologue exer\u00e7ant en \u00e9cole maternelle.","authors":["Aur\u00e9lie Chien Chow Chine"],"category_codes":["2000000","2070000","2070700"],"visuals":{"large":"https:\/\/images.epagine.fr\/125\/9782017107125_1_75.jpg","medium":"https:\/\/images.epagine.fr\/125\/9782017107125_1_m.jpg","thumbnail":"https:\/\/images.epagine.fr\/125\/9782017107125_1_v.jpg"},"orderable":true,"show_badge":true,"formatted_price":"6,95&nbsp;\u20ac","formatted_published_date":"10 juillet 2024","publisher_availability_label":"Sur commande","short_details":"Aur\u00e9lie Chien Chow Chine \u2014 Hachette Enfants","translator":null,"weight":152,"page_count":32,"readership":"0\/3 ans","editor":"Hachette Enfants","price":695,"published_date":"2024-07-09T22:00:00.000000Z","support":"Grand format","publisher_availability":1,"stock":0,"editions":[],"url":"https:\/\/quaidesbrumes.com\/ouvrage\/9782017107125\/gaston-la-licorne-les-emotions-de-gaston-je-suis-different-comme-tout-le-monde"},{"id":"9782215167105","title":"Le petit bonhomme en pain d'epice","description":"Il \u00e9tait une fois... L'histoire du petit bonhomme en pain d'\u00e9pice tendrement illustr\u00e9e pour faire d\u00e9couvrir aux tout-petits les contes de notre enfance.","authors":["Audrey Brien"],"category_codes":["2000000","2040000","2040400"],"visuals":{"large":"https:\/\/images.epagine.fr\/105\/9782215167105_1_75.jpg","medium":"https:\/\/images.epagine.fr\/105\/9782215167105_1_m.jpg","thumbnail":"https:\/\/images.epagine.fr\/105\/9782215167105_1_v.jpg"},"orderable":true,"show_badge":true,"formatted_price":"1,99&nbsp;\u20ac","formatted_published_date":"11 janvier 2019","publisher_availability_label":"Sur commande","short_details":"Audrey Brien \u2014 Fleurus","translator":null,"weight":76,"page_count":1,"readership":"\u00e0 partir de 4 ANS","editor":"Fleurus","price":199,"published_date":"2019-01-10T23:00:00.000000Z","support":"Grand format","publisher_availability":1,"stock":0,"editions":["9782215201588"],"url":"https:\/\/quaidesbrumes.com\/ouvrage\/9782215167105\/le-petit-bonhomme-en-pain-depice"},{"id":"9782383494829","title":"\u00c0 la recherche de l'esprit renard Tome 1 : Albans","description":"- Une trilogie \u00e0 l'univers inspir\u00e9 par le Japon et les oeuvres du Studio Ghibli.\r\n- Un h\u00e9ros fragile mais d\u00e9termin\u00e9, tiraill\u00e9 entre la fid\u00e9lit\u00e9 aux siens et une v\u00e9rit\u00e9 qu'ils lui cachent.\r\n- Un monde fantastique peupl\u00e9 d'esprits bienveillants et d'entit\u00e9s mal\u00e9fiques.\r\nEsprits pacifiques de la nature, les l\u00f9mii ont laiss\u00e9 place \u00e0 des cr\u00e9atures aux masques p\u00e2les qui recherchent des proies \u00e0 poss\u00e9der. Les seuls capables de les affronter sont les guerriers albans, aux yeux gris capables de voir et dot\u00e9 d'un pouvoir extraordinaire : le double.\r\nDepuis quelque temps, l'esprit renard, le dernier des l\u00f9mii, visite les r\u00eaves de Merle. Est-ce parce que le jeune gar\u00e7on est le seul \u00e0 avoir des yeux de couleurs diff\u00e9rentes ? Cette particularit\u00e9 l'emp\u00eache en tout cas de d\u00e9clencher la vue et ainsi d'accomplir son r\u00eave : int\u00e9grer la prestigieuse caste des protecteurs, les albans. C'est alors que son village est attaqu\u00e9 par la myst\u00e9rieuse secte des rogues. L'adolescent y rencontre pour la premi\u00e8re fois son p\u00e8re, qui a rejoint ce groupe il y a longtemps. Or, celui-ci est porteur d'un message inattendu : il pr\u00e9tend que Merle, contrairement \u00e0 ce qu'ont toujours affirm\u00e9 les albans, peut lui aussi d\u00e9clencher la vue malgr\u00e9 ses yeux vairons. D\u00e8s lors, le gar\u00e7on va devoir choisir : accorder sa confiance \u00e0 ce p\u00e8re qui l'a abandonn\u00e9 et a trahi les siens, ou rester fid\u00e8le \u00e0 ceux qui pr\u00e9tendent \u00eatre des protecteurs ? Seul l'esprit renard a la r\u00e9ponse...","authors":["Alix Naudot Guillerm"],"category_codes":["2000000","2050000","2050200","2050204"],"visuals":{"large":"https:\/\/images.epagine.fr\/829\/9782383494829_1_75.jpg","medium":"https:\/\/images.epagine.fr\/829\/9782383494829_1_m.jpg","thumbnail":"https:\/\/images.epagine.fr\/829\/9782383494829_1_v.jpg"},"orderable":false,"show_badge":true,"formatted_price":"18,00&nbsp;\u20ac","formatted_published_date":"3 avril 2025","publisher_availability_label":"Indisponible","short_details":"Alix Naudot Guillerm \u2014 Gulf Stream","translator":null,"weight":486,"page_count":415,"readership":"\u00e0 partir de 12 ANS","editor":"Gulf Stream","price":1800,"published_date":"2025-04-02T22:00:00.000000Z","support":"Grand format","publisher_availability":4,"stock":0,"editions":[],"url":"https:\/\/quaidesbrumes.com\/ouvrage\/9782383494829\/a-la-recherche-de-lesprit-renard-tome-1-albans"},{"id":"9791036317897","title":"La cabane magique Tome 21 : gare aux gorilles !","description":"C'est la panique ! Tom a perdu L\u00e9a au coeur de la for\u00eat africaine ! Au petit matin, il la retrouve dormant tranquillement sur l'herbe... au milieu de gorilles. Comment la rejoindre sans provoquer la col\u00e8re de ces gentils g\u00e9ants ?","authors":["Mary Pope Osborne","Marie-H\u00e9l\u00e8ne Delval"],"category_codes":["2000000","2040000","2040300"],"visuals":{"large":"https:\/\/images.epagine.fr\/897\/9791036317897_1_75.jpg","medium":"https:\/\/images.epagine.fr\/897\/9791036317897_1_m.jpg","thumbnail":"https:\/\/images.epagine.fr\/897\/9791036317897_1_v.jpg"},"orderable":true,"show_badge":true,"formatted_price":"5,80&nbsp;\u20ac","formatted_published_date":"3 juin 2020","publisher_availability_label":"Sur commande","short_details":"Mary Pope Osborne, Marie-H\u00e9l\u00e8ne Delval \u2014 Bayard Jeunesse","translator":"MARIE-HELENE DELVAL","weight":124,"page_count":80,"readership":"\u00e0 partir de 6 ANS","editor":"Bayard Jeunesse","price":580,"published_date":"2020-06-02T22:00:00.000000Z","support":"Poche","publisher_availability":1,"stock":0,"editions":[],"url":"https:\/\/quaidesbrumes.com\/ouvrage\/9791036317897\/la-cabane-magique-tome-21-gare-aux-gorilles"},{"id":"9782211205283","title":"Au lit, les affreux !","description":"Comment dormir tranquille quand on a peur des monstres ? La meilleure d\u00e9fense, c'est l'attaque ! Aid\u00e9e de Sufi, son chat veilleur, et de son lit magique, Z\u00e9lie part pour le bois o\u00f9 se cachent les monstres ! Allez, les affreux, tous en rang, mettez vos pyjamas, et au lit !\r","authors":["Isabelle Bonameau"],"category_codes":["2000000","2000000"],"visuals":{"large":"https:\/\/images.epagine.fr\/283\/9782211205283_1_75.jpg","medium":"https:\/\/images.epagine.fr\/283\/9782211205283_1_m.jpg","thumbnail":"https:\/\/images.epagine.fr\/283\/9782211205283_1_v.jpg"},"orderable":true,"show_badge":true,"formatted_price":"6,00&nbsp;\u20ac","formatted_published_date":"27 mai 2011","publisher_availability_label":"Sur commande","short_details":"Isabelle Bonameau \u2014 L'\u00c9cole des loisirs","translator":null,"weight":110,"page_count":44,"readership":"\u00e0 partir de 3 ANS","editor":"L'\u00c9cole des loisirs","price":600,"published_date":"2011-05-26T22:00:00.000000Z","support":"Poche","publisher_availability":1,"stock":0,"editions":["9782211097284"],"url":"https:\/\/quaidesbrumes.com\/ouvrage\/9782211205283\/au-lit-les-affreux"},{"id":"9782211222532","title":"Mon v\u00e9lo","description":"Le v\u00e9lo de Tom est vert, flambant neuf, magnifique. Pour l'enfourcher, Tom met son casque et son sac \u00e0 dos, et le voil\u00e0 parti. \u00c0 l'\u00e9cole ? \u00c0 l'\u00e9cole buissonni\u00e8re ? En vacances ? Pas du tout. Tom  prend son v\u00e9lo vert pour se rendre \u00e0 son travail. Et comme quelquefois la vie est tr\u00e8s bien faite, apr\u00e8s avoir doubl\u00e9 beaucoup de monde, des voitures, des pi\u00e9tons, mais aussi des singes, des lions et des acrobates, Tom se gare, se met en tenue de travail et. change de v\u00e9lo ! Pourquoi ?\r","authors":["Byron Barton"],"category_codes":["2000000","2020000","2020400"],"visuals":{"large":"https:\/\/images.epagine.fr\/532\/9782211222532_1_75.jpg","medium":"https:\/\/images.epagine.fr\/532\/9782211222532_1_m.jpg","thumbnail":"https:\/\/images.epagine.fr\/532\/9782211222532_1_v.jpg"},"orderable":true,"show_badge":true,"formatted_price":"12,00&nbsp;\u20ac","formatted_published_date":"9 septembre 2015","publisher_availability_label":"Sur commande","short_details":"Byron Barton \u2014 L'\u00c9cole des loisirs","translator":null,"weight":368,"page_count":44,"readership":"0\/3 ans","editor":"L'\u00c9cole des loisirs","price":1200,"published_date":"2015-09-08T22:00:00.000000Z","support":"Grand format","publisher_availability":1,"stock":0,"editions":["9782211235440"],"url":"https:\/\/quaidesbrumes.com\/ouvrage\/9782211222532\/mon-velo"},{"id":"9782017213581","title":"Cursebreakers Tome 1 : Un sort si noir et \u00e9ternel","description":"Un soir, dans les rues de Washington, Harper, 17 ans, est t\u00e9moin d'une tentative d'enl\u00e8vement. Faisant fi du danger, la jeune femme, partiellement handicap\u00e9e, s'interpose. Mais le kidnappeur l\u00e2che sa premi\u00e8re proie et, apr\u00e8s avoir ma\u00eetris\u00e9 Harper, l'emm\u00e8ne avec lui...  D'un coup de baguette magique, ou presque, Harper bascule dans un autre monde. Elle d\u00e9couvre un lieu qui a tout du ch\u00e2teau de conte de f\u00e9es : orchestre sans musiciens, cuisine enchant\u00e9e et, bien s\u00fbr, prince beau et \u00e9nigmatique. Prince maudit, en v\u00e9rit\u00e9.  Coinc\u00e9 dans un automne \u00e9ternel, le prince Rhen cherche \u00e0 d\u00e9barrasser son peuple d'une cr\u00e9ature sanguinaire. C'est pour briser le sort qu'il ordonne au commandant Grey d'enlever des jeunes femmes, saison apr\u00e8s saison... Mais ce qu'il ne dit pas, c'est qu'il est lui-m\u00eame ce monstre assoiff\u00e9 de sang. Pour rompre la mal\u00e9diction, il doit se faire aimer avant le d\u00e9but de l'hiver, avant qu'il ne se remette \u00e0 tuer... Rien de plus ais\u00e9, en apparence, pour ce jeune homme s\u00e9duisant. Pourtant, aucune des centaines de jeunes femmes avant Harper n'a succomb\u00e9 \u00e0 son charme.","authors":["Brigid Kemmerer","Alice Delarbre"],"category_codes":["2000000","2050000","2050200","2050204"],"visuals":{"large":"https:\/\/images.epagine.fr\/581\/9782017213581_1_75.jpg","medium":"https:\/\/images.epagine.fr\/581\/9782017213581_1_m.jpg","thumbnail":"https:\/\/images.epagine.fr\/581\/9782017213581_1_v.jpg"},"orderable":true,"show_badge":true,"formatted_price":"9,90&nbsp;\u20ac","formatted_published_date":"15 mars 2023","publisher_availability_label":"Sur commande","short_details":"Brigid Kemmerer, Alice Delarbre \u2014 Le Livre de Poche Jeunesse","translator":"ALICE DELARBRE","weight":424,"page_count":704,"readership":"\u00e0 partir de 14 ans","editor":"Le Livre de Poche Jeunesse","price":990,"published_date":"2023-03-14T23:00:00.000000Z","support":"Poche","publisher_availability":1,"stock":0,"editions":["9782700276442"],"url":"https:\/\/quaidesbrumes.com\/ouvrage\/9782017213581\/cursebreakers-tome-1-un-sort-si-noir-et-eternel"},{"id":"9782884804370","title":"Max et Lili sont fans de marques","description":"Max et Lili en ont marre de porter toujours les m\u00eames habits ! Ils se trouvent ringards ! Ils exigent des habits de marque pour \u00eatre \u00e0 la mode. Leur m\u00e8re s'y oppose. Leur p\u00e8re accepte, \u00e0 condition qu'ils payent la diff\u00e9rence ! Est-ce un pi\u00e8ge ? Ce livre de Max et Lili parle des marques et de l'importance que les enfants attachent \u00e0 l'apparence. Pourquoi afficher fi\u00e8rement le nom ou le logo d'une marque ? Pour se trouver plus beau, plus riche ? Pour se donner une nouvelle identit\u00e9, appartenir \u00e0 un groupe ? Ou parce qu'on est victime de la pub ? On oublie que, m\u00eame beau et de grande qualit\u00e9, l'habit ne fait pas le moine ! On peut plaire par les habits, mais on n'est vraiment aim\u00e9 que pour ce qu'on est !\r","authors":["Dominique de Saint-Mars","Serge Bloch"],"category_codes":["2000000","2040000","2040200"],"visuals":{"large":"https:\/\/images.epagine.fr\/370\/9782884804370_1_75.jpg","medium":"https:\/\/images.epagine.fr\/370\/9782884804370_1_m.jpg","thumbnail":"https:\/\/images.epagine.fr\/370\/9782884804370_1_v.jpg"},"orderable":true,"show_badge":true,"formatted_price":"6,20&nbsp;\u20ac","formatted_published_date":"20 avril 2010","publisher_availability_label":"Sur commande","short_details":"Dominique de Saint-Mars, Serge Bloch \u2014 Calligram","translator":null,"weight":117,"page_count":43,"readership":"6\/9 ans","editor":"Calligram","price":620,"published_date":"2010-04-19T22:00:00.000000Z","support":"Grand format","publisher_availability":1,"stock":0,"editions":[],"url":"https:\/\/quaidesbrumes.com\/ouvrage\/9782884804370\/max-et-lili-sont-fans-de-marques"},{"id":"9782747067553","title":"Ma\u00eetres des dragons Tome 1 : Le pouvoir du dragon de Terre","description":"Draco est choisi par une pierre magique pour devenir ma\u00eetre-dragon. Comme Ana, Bo et Fira, les trois autres enfants \u00e9lus, il est charg\u00e9 d'entra\u00eener un dragon pour l'arm\u00e9e secr\u00e8te de leur roi. Mais Vermisso, son dragon, ressemble \u00e0 un ver de terre g\u00e9ant et ne crache ni feu, ni eau, ni lumi\u00e8re. La pierre-dragon s'est-elle tromp\u00e9e ?","authors":["Tracey West","Graham Howells","Vanessa Rubio"],"category_codes":["2000000","2040000","2040500","2040504"],"visuals":{"large":"https:\/\/images.epagine.fr\/553\/9782747067553_1_75.jpg","medium":"https:\/\/images.epagine.fr\/553\/9782747067553_1_m.jpg","thumbnail":"https:\/\/images.epagine.fr\/553\/9782747067553_1_v.jpg"},"orderable":true,"show_badge":true,"formatted_price":"6,50&nbsp;\u20ac","formatted_published_date":"10 janvier 2018","publisher_availability_label":"Sur commande","short_details":"Tracey West, Graham Howells, Vanessa Rubio \u2014 Bayard Jeunesse","translator":"VANESSA RUBIO","weight":98,"page_count":96,"readership":"\u00e0 partir de 8 ANS","editor":"Bayard Jeunesse","price":650,"published_date":"2018-01-09T23:00:00.000000Z","support":"Grand format","publisher_availability":1,"stock":0,"editions":[],"url":"https:\/\/quaidesbrumes.com\/ouvrage\/9782747067553\/maitres-des-dragons-tome-1-le-pouvoir-du-dragon-de-terre"},{"id":"9782017349310","title":"La Pat'Patrouille : Qui sera le meilleur p\u00e2tissier ?","description":"Pars \u00e0 l'aventure avec Ryder et les chiots de la Pat' Patrouille dans leur nouvelle mission !\r\nUne histoire o\u00f9 retrouver l'esprit d'\u00e9quipe, le courage et l'amiti\u00e9\r\nUn joli livre illustr\u00e9, id\u00e9al pour offrir et partager un moment complice avec son enfant\r\nUn album de 32 pages\r\nAujourd'hui a lieu la grande finale d'un concours de p\u00e2tisserie, au caf\u00e9 de Monsieur Porter. Madame Goodway et Galinetta affrontent Victoire Victorieuse et sa jument Felicia afin de remporter la spatule en or ! Mais lorsqu'un roul\u00e9 \u00e0 la cannelle g\u00e9ant s\u00e8me la pagaille dans la Grande Vall\u00e9e, la Pat' Patrouille doit intervenir !\r\n","authors":["Collectif"],"category_codes":["2000000","2030000","2030400"],"visuals":{"large":"https:\/\/images.epagine.fr\/310\/9782017349310_1_75.jpg","medium":"https:\/\/images.epagine.fr\/310\/9782017349310_1_m.jpg","thumbnail":"https:\/\/images.epagine.fr\/310\/9782017349310_1_v.jpg"},"orderable":true,"show_badge":true,"formatted_price":"5,50&nbsp;\u20ac","formatted_published_date":"22 avril 2026","publisher_availability_label":"Sur commande","short_details":"Collectif \u2014 Hachette Jeunesse","translator":null,"weight":238,"page_count":32,"readership":"\u00e0 partir de 3 ANS","editor":"Hachette Jeunesse","price":550,"published_date":"2026-04-21T22:00:00.000000Z","support":"Grand format","publisher_availability":1,"stock":0,"editions":[],"url":"https:\/\/quaidesbrumes.com\/ouvrage\/9782017349310\/la-patpatrouille-qui-sera-le-meilleur-patissier"},{"id":"9782369020479","title":"Premier matin","description":"Aujourd'hui, c'est le jour de la rentr\u00e9e des classes, et Petit Ours refuse de se lever.\r\nPetit Ours a peur. Et s'il oubliait son cartable ? Et si la maitresse le grondait ? Et si il perdait tout ses copains ? Sur le chemin de l'\u00e9cole, \u00e0 travers la luxuriante for\u00eat peupl\u00e9e d'animaux, Grand Ours rassure son petit. L'\u00e9cole, ce sera aussi l'endroit o\u00f9 apprendre \u00e0 peindre, \u00e0 jouer, \u00e0 lire, et \u00e0 grandir...\r\nPour son premier album destin\u00e9 \u00e0 la jeunesse Fleur Oury d\u00e9crit, avec une grande tendresse, les appr\u00e9hensions de l'enfant lors du \u00ab premier jour \u00bb. Fondus dans un paysage dense, les animaux de la for\u00eat prennent vie sous les feutres color\u00e9s de l'artiste. Un album tout en douceur d'une grande force graphique.\r","authors":["Fleur Oury"],"category_codes":["2000000","2030000","2030400"],"visuals":{"large":"https:\/\/images.epagine.fr\/479\/9782369020479_1_75.jpg","medium":"https:\/\/images.epagine.fr\/479\/9782369020479_1_m.jpg","thumbnail":"https:\/\/images.epagine.fr\/479\/9782369020479_1_v.jpg"},"orderable":true,"show_badge":true,"formatted_price":"15,00&nbsp;\u20ac","formatted_published_date":"20 ao\u00fbt 2015","publisher_availability_label":"Sur commande","short_details":"Fleur Oury \u2014 Les Fourmis Rouges","translator":null,"weight":310,"page_count":40,"readership":"3\/6 ans","editor":"Les Fourmis Rouges","price":1500,"published_date":"2015-08-19T22:00:00.000000Z","support":"Grand format","publisher_availability":1,"stock":0,"editions":[],"url":"https:\/\/quaidesbrumes.com\/ouvrage\/9782369020479\/premier-matin"},{"id":"9782371024892","title":"La saga Lightlark Tome 3 : Skyshade","description":"Le portail vers l'autre monde a \u00e9t\u00e9 ouvert...\r\nPour le refermer, elle devra tout sacrifier.\r\nDe retour sur les terres nocturnes avec Grim, Isla se remet difficilement de la bataille f\u00e9roce qui a oppos\u00e9 les deux hommes qu'elle aime. Et que dire des v\u00e9rit\u00e9s bouleversantes qui viennent de lui \u00eatre r\u00e9v\u00e9l\u00e9es ? Elle a beau \u00eatre d\u00e9chir\u00e9e par ses sentiments, elle est s\u00fbre d'une chose : ses pouvoirs sont un danger pour Lightlark et elle compte bien tout mettre en oeuvre pour sauver l'archipel et son roi, Oro.\r\n\r\nLa fronti\u00e8re entre amis et ennemis est plus floue que jamais. La jeune femme va devoir \u00e9claircir le myst\u00e8re qui entoure l'ultime proph\u00e9tie de l'oracle si elle veut r\u00e9ussir \u00e0 changer son destin et celui de tous les peuples. Mais elle n'a pas de temps \u00e0 perdre, car une temp\u00eate approche... et avec elle, le pire fl\u00e9au que les royaumes aient connu.\r\n\r\nDuplicit\u00e9, mensonges, conspirations centenaires et coups de th\u00e9\u00e2tre qui rebattent sans cesse les cartes de cette s\u00e9rie de dark fantasy... La Saga Lightlark, ph\u00e9nom\u00e8ne mondial qui s'est hiss\u00e9 jusqu'au sommet des listes de best-sellers du New York Times, est un incontournable pour les fans de Marie Lu, Marissa Meyer ou Leigh Bardugo.","authors":["Alex Aster"],"category_codes":["2000000","2050000","2050200","2050204"],"visuals":{"large":"https:\/\/images.epagine.fr\/892\/9782371024892_1_75.jpg","medium":"https:\/\/images.epagine.fr\/892\/9782371024892_1_m.jpg","thumbnail":"https:\/\/images.epagine.fr\/892\/9782371024892_1_v.jpg"},"orderable":true,"show_badge":true,"formatted_price":"17,00&nbsp;\u20ac","formatted_published_date":"10 avril 2025","publisher_availability_label":"Sur commande","short_details":"Alex Aster \u2014 \u00c9ditions Lumen","translator":null,"weight":616,"page_count":559,"readership":"\u00e0 partir de 12 ANS","editor":"\u00c9ditions Lumen","price":1700,"published_date":"2025-04-09T22:00:00.000000Z","support":"Grand format","publisher_availability":1,"stock":0,"editions":["9782371024557"],"url":"https:\/\/quaidesbrumes.com\/ouvrage\/9782371024892\/la-saga-lightlark-tome-3-skyshade"},{"id":"9782378584238","title":"Mes premiers flaps : Mes premiers mots : un livre \u00e0 contrastes pour \u00e9veiller b\u00e9b\u00e9","description":"Une nouvelle collection \u00e0 constrates pour \u00e9veiller b\u00e9b\u00e9, qui favorise la manipulation gr\u00e2ce \u00e0 ses flaps en feutrine.\r\nUn tout premier imagier pour \u00e9veiller son b\u00e9b\u00e9 !Des illustrations en noir et blanc pour attirer l'attention de b\u00e9b\u00e9 \u00e0 partir de 2 mois.Des flaps en feutrine color\u00e9s pour aider b\u00e9b\u00e9 \u00e0 d\u00e9velopper sa motricit\u00e9 et son toucher. Une collection indispensable \u00e0 l'\u00e9veil du tout-petit.","authors":["Collectif"],"category_codes":["2000000","2020000","2020500"],"visuals":{"large":"https:\/\/images.epagine.fr\/238\/9782378584238_1_75.jpg","medium":"https:\/\/images.epagine.fr\/238\/9782378584238_1_m.jpg","thumbnail":"https:\/\/images.epagine.fr\/238\/9782378584238_1_v.jpg"},"orderable":true,"show_badge":true,"formatted_price":"12,95&nbsp;\u20ac","formatted_published_date":"20 f\u00e9vrier 2025","publisher_availability_label":"Sur commande","short_details":"Collectif \u2014 Auzou","translator":null,"weight":340,"page_count":10,"readership":"0\/3 ans","editor":"Auzou","price":1295,"published_date":"2025-02-19T23:00:00.000000Z","support":"Grand format","publisher_availability":1,"stock":0,"editions":[],"url":"https:\/\/quaidesbrumes.com\/ouvrage\/9782378584238\/mes-premiers-flaps-mes-premiers-mots-un-livre-a-contrastes-pour-eveiller-bebe"},{"id":"9791032410684","title":"Zetfar et Ruby Tome 2 : Le D\u00e9sert du sang","description":"Pr\u00e9pare-toi pour la suite des aventures de Zetfar, le c\u00e9l\u00e8bre Youtubeur Fortnite !\r\nAlors que la Temp\u00eate magique ravage peu \u00e0 peu le monde, Marzak cherche \u00e0 s'emparer de la Gemme Rouge, capable de contr\u00f4ler les quatre \u00e9l\u00e9ments.\r\nPour le devancer, ZetFar et Ruby s'aventurent dans le D\u00e9sert du Sang, un endroit l\u00e9gendaire dont personne n'est jamais revenu.\r\nTemp\u00eates de feu, monstres de sable, illusions mortelles... \u00e0 chaque pas, le danger grandit et leurs forces diminuent.\r\nAu coeur des dunes, rien n'arr\u00eatera la traque de Marzak.\r\nCar ZetFar et Ruby sont bien d\u00e9cid\u00e9s \u00e0 ne pas le laisser faire.\r\n\r\nLA COURSE AUX GEMMES CONTINUE.\r\nLE MONDE EST EN JEU.\r\n\r\nD\u00e9couvre le second tome des aventures du Youtubeur Zetfar, le sp\u00e9cialiste de Fortnite aux 2 millions d'abonn\u00e9s ; un r\u00e9cit haletant dans l'univers ton jeu vid\u00e9o pr\u00e9f\u00e9r\u00e9 !","authors":["ZetFar","Olivier Gay"],"category_codes":["2000000","2040000","2040500","2040502"],"visuals":{"large":"https:\/\/images.epagine.fr\/684\/9791032410684_1_75.jpg","medium":"https:\/\/images.epagine.fr\/684\/9791032410684_1_m.jpg","thumbnail":"https:\/\/images.epagine.fr\/684\/9791032410684_1_v.jpg"},"orderable":true,"show_badge":true,"formatted_price":"12,95&nbsp;\u20ac","formatted_published_date":"19 f\u00e9vrier 2026","publisher_availability_label":"Sur commande","short_details":"ZetFar, Olivier Gay \u2014 404 \u00c9ditions","translator":null,"weight":315,"page_count":213,"readership":"\u00e0 partir de 6 ANS","editor":"404 \u00c9ditions","price":1295,"published_date":"2026-02-18T23:00:00.000000Z","support":"Grand format","publisher_availability":1,"stock":0,"editions":[],"url":"https:\/\/quaidesbrumes.com\/ouvrage\/9791032410684\/zetfar-et-ruby-tome-2-le-desert-du-sang"}]}