{"data":[{"id":"9782017132820","title":"Le Clan des Sept Tome 1 : le Clan des Sept","description":"C'est les vacances, et pas le moindre myst\u00e8re \u00e0 \u00e9claircir ! Pour s'occuper, les membres du Clan des Sept d\u00e9cident de construire des bonshommes de neige. Et si ce jeu innocent marquait le d\u00e9but d'une formidable aventure ?","authors":["Enid Blyton","Cyrielle"],"category_codes":["2000000","2040000","2040300"],"visuals":{"large":"https:\/\/images.epagine.fr\/820\/9782017132820_1_75.jpg","medium":"https:\/\/images.epagine.fr\/820\/9782017132820_1_m.jpg","thumbnail":"https:\/\/images.epagine.fr\/820\/9782017132820_1_v.jpg"},"orderable":true,"show_badge":true,"formatted_price":"5,90&nbsp;\u20ac","formatted_published_date":"9 mars 2022","publisher_availability_label":"Sur commande","short_details":"Enid Blyton, Cyrielle \u2014 Hachette Jeunesse","translator":null,"weight":148,"page_count":128,"readership":"\u00e0 partir de 8 ANS","editor":"Hachette Jeunesse","price":590,"published_date":"2022-03-08T23:00:00.000000Z","support":"Poche","publisher_availability":1,"stock":0,"editions":[],"url":"https:\/\/quaidesbrumes.com\/ouvrage\/9782017132820\/le-clan-des-sept-tome-1-le-clan-des-sept"},{"id":"9791039539302","title":"Mon aventure aimant\u00e9e : le Loup : Mes premiers mots aimant\u00e9s","description":"D\u00e9couvrez deux panneaux aimant\u00e9s pour s'amuser avec les lettres et les mots et apprendre \u00e0 lire et \u00e0 \u00e9crire. L'apprentissage se fait pas \u00e0 pas. On d\u00e9bute avec l'alphabet, puis plus de 20 mots \u00e0 recomposer avec les aimants. Les enfants sont aid\u00e9s gr\u00e2ce aux mod\u00e8les et aux lettres muettes gris\u00e9es. Puis, au verso, un d\u00e9cor sur lequel les enfants peuvent placer les personnages et cr\u00e9er sa propre histoire !","authors":["Orianne Lallemand","El\u00e9onore Thuillier"],"category_codes":["2000000","2060000","2060100"],"visuals":{"large":"https:\/\/images.epagine.fr\/302\/9791039539302_1_75.jpg","medium":"https:\/\/images.epagine.fr\/302\/9791039539302_1_m.jpg","thumbnail":"https:\/\/images.epagine.fr\/302\/9791039539302_1_v.jpg"},"orderable":true,"show_badge":true,"formatted_price":"13,95&nbsp;\u20ac","formatted_published_date":"5 janvier 2024","publisher_availability_label":"Sur commande","short_details":"Orianne Lallemand, El\u00e9onore Thuillier \u2014 Auzou","translator":null,"weight":714,"page_count":null,"readership":"\u00e0 partir de 6 ANS","editor":"Auzou","price":1395,"published_date":"2024-01-04T23:00:00.000000Z","support":"Grand format","publisher_availability":1,"stock":0,"editions":[],"url":"https:\/\/quaidesbrumes.com\/ouvrage\/9791039539302\/mon-aventure-aimantee-le-loup-mes-premiers-mots-aimantes"},{"id":"9782352904885","title":"Je t'aime gros comme une baleine","description":"Nous suivons l'histoire d'un rhinoc\u00e9ros et d'un petit oiseau au bec rouge. Ils vivent ensemble et pourtant le rhinoc\u00e9ros manque beaucoup \u00e0 son ami qui ne cesse de lui r\u00e9clamer de l'attention. Un duo \u00e0 la fois irr\u00e9sistible et improbable. Les deux diff\u00e8rent par leur taille, leur apparence et leur caract\u00e8re : l'un, imposant et gris, l'autre, petit et color\u00e9.\r\n\r\n\r\n\r\nQuand le rhinoc\u00e9ros commence \u00e0 manquer\u00e0 l'oiseau... il a vraiment besoin de le lui dire ! Et pour cela, du moustique \u00e0 la baleine, il compare son \u00e9norme ami \u00e0 un animal, \u00e0 qui il semble ressembler...\r\n\r\nLes illustrations d'Arianna Alessi, color\u00e9es, simples et pleines d'humour, respirent la tendresse et l'amiti\u00e9 que les deux h\u00e9ros ont l'un pour l'autre. Ces images portent en elles la joie et la vie d'un jeu d'enfants.","authors":["Marica Rocca","Arianna Alessi"],"category_codes":["2000000","2030000","2030400"],"visuals":{"large":"https:\/\/images.epagine.fr\/885\/9782352904885_1_75.jpg","medium":"https:\/\/images.epagine.fr\/885\/9782352904885_1_m.jpg","thumbnail":"https:\/\/images.epagine.fr\/885\/9782352904885_1_v.jpg"},"orderable":true,"show_badge":true,"formatted_price":"14,90&nbsp;\u20ac","formatted_published_date":"20 f\u00e9vrier 2026","publisher_availability_label":"Sur commande","short_details":"Marica Rocca, Arianna Alessi \u2014 \u00c9ditions courtes et longues","translator":null,"weight":288,"page_count":32,"readership":"3\/6 ans","editor":"\u00c9ditions courtes et longues","price":1490,"published_date":"2026-02-19T23:00:00.000000Z","support":"Grand format","publisher_availability":1,"stock":0,"editions":[],"url":"https:\/\/quaidesbrumes.com\/ouvrage\/9782352904885\/je-taime-gros-comme-une-baleine"},{"id":"9782092580875","title":"T'choupi a peur du noir","description":"Une nouvelle histoire de T'choupi pour apaiser les petits.\r\nCe soir T'choupi dort chez papi et mamie. Mais il n'y a pas de veilleuse et il fait tout noir !\r\n T'choupi a un peu peur heureusement, papi a une bonne id\u00e9e pour l'apaiser...\r\n Une histoire de T'choupi essentielle, \u00e0 un \u00e2ge o\u00f9 le sommeil peut \u00eatre perturb\u00e9 et l'endormissement difficile.\r\n \r\nNouveau : avec votre enfant \u00e9coutez la version audio de l'histoire ! Tous les albums T'choupi sont maintenant accompagn\u00e9s d'une version audio, accessible gratuitement en scannant la couverture avec l'application Nathan Live.","authors":["Thierry Courtin"],"category_codes":["2000000","2030000","2030400"],"visuals":{"large":"https:\/\/images.epagine.fr\/875\/9782092580875_1_75.jpg","medium":"https:\/\/images.epagine.fr\/875\/9782092580875_1_m.jpg","thumbnail":"https:\/\/images.epagine.fr\/875\/9782092580875_1_v.jpg"},"orderable":true,"show_badge":true,"formatted_price":"6,30&nbsp;\u20ac","formatted_published_date":"4 janvier 2018","publisher_availability_label":"Sur commande","short_details":"Thierry Courtin \u2014 Nathan","translator":null,"weight":136,"page_count":22,"readership":"0\/3 ans","editor":"Nathan","price":630,"published_date":"2018-01-03T23:00:00.000000Z","support":"Grand format","publisher_availability":1,"stock":0,"editions":[],"url":"https:\/\/quaidesbrumes.com\/ouvrage\/9782092580875\/tchoupi-a-peur-du-noir"},{"id":"9782095049041","title":"Dico dingo","description":"Quand Robert Robert fait tomber son dictionnaire, c'est toute la maison qui se retrouve sens dessus dessous ! Une aventure hilarante o\u00f9 les mots prennent vie et cr\u00e9ent un joyeux d\u00e9sordre.\r\nDans la maison des Robert, une catastrophe linguistique vient de se produire. Suite \u00e0 la chute du dictionnaire, tous les mots se sont \u00e9parpill\u00e9s et plus rien n'est \u00e0 sa place.\r\n\r\nCette histoire emm\u00e8ne les jeunes lecteurs dans un tourbillon de jeux de mots et de situations cocasses o\u00f9 le langage devient source d'aventures extraordinaires.\r\n\r\nCe roman sp\u00e9cialement con\u00e7u pour les 7-11 ans allie parfaitement divertissement et apprentissage, avec un texte accessible qui encourage la lecture autonome. Les enseignants diposent de ressources p\u00e9dagogiques pour exploiter l'ouvrage en classe, faisant de ce livre un outil pr\u00e9cieux pour l'apprentissage de la langue fran\u00e7aise de fa\u00e7on ludique.","authors":["Pascal Garnier","Jochen Gerner"],"category_codes":["2000000","2040000","2040200"],"visuals":{"large":"https:\/\/images.epagine.fr\/041\/9782095049041_1_75.jpg","medium":"https:\/\/images.epagine.fr\/041\/9782095049041_1_m.jpg","thumbnail":"https:\/\/images.epagine.fr\/041\/9782095049041_1_v.jpg"},"orderable":true,"show_badge":true,"formatted_price":"6,50&nbsp;\u20ac","formatted_published_date":"3 avril 2025","publisher_availability_label":"Sur commande","short_details":"Pascal Garnier, Jochen Gerner \u2014 Nathan","translator":null,"weight":140,"page_count":48,"readership":"\u00e0 partir de 7 ANS","editor":"Nathan","price":650,"published_date":"2025-04-02T22:00:00.000000Z","support":"Grand format","publisher_availability":1,"stock":0,"editions":[],"url":"https:\/\/quaidesbrumes.com\/ouvrage\/9782095049041\/dico-dingo"},{"id":"9791036380143","title":"Le petit livre pour se sentir bien \u00e0 l'\u00e9cole : Du CP au CM2","description":"Un livre pour les enfants \u00e0 partir de 7 ans avec de vraies questions d'enfants sur l'\u00e9cole pour d\u00e9couvrir ce qui se passe en coulisses au primaire et savoir comment s'y sentir bien !\r\nUn livre qui porte un regard rassurant sur le quotidien des \u00e9coliers\r\nQue se passe-t-il si on ne va pas \u00e0 l'\u00e9cole ? Qui choisit les ma\u00eetres et les ma\u00eetresses ? Pourquoi y a-t-il autant d'exceptions en fran\u00e7ais ? Pourquoi la ma\u00eetresse a-t-elle des chouchous ? Pourquoi les notes, c'est si important pour les parents ?\r\nAutant de questions dont s'empare l'auteur, pour aider les enfants \u00e0 comprendre que l'\u00e9cole les aide \u00e0 construire leur avenir, c'est-\u00e0-dire \u00e0 devenir eux-m\u00eames pour vivre heureux dans le monde de demain. Ce livre  trouve toute sa place dans une collection de livres \u00ab services \u00bb \u00e0 succ\u00e8s, qui traite de sujets aussi divers et importants que le deuil, la violence, le harc\u00e8lement, les violences sexuelles, l'hypersensibilit\u00e9, les maladies, le vivre-ensemble, etc.\r\n\r\nMieux apprivoiser l'\u00e9cole\r\nL'\u00e9cole est un environnement familier et quotidien pour les enfants. Ils sont plus de 6 millions \u00e0 y \u00eatre scolaris\u00e9s, dans environ 55 000 \u00e9coles en France. C'est un lieu riche et vivant, avec de nombreux intervenants, o\u00f9 chacun doit apprendre et comprendre son fonctionnement : le programme, le r\u00e8glement int\u00e9rieur, la vie avec les autres \u00e9l\u00e8ves, les enseignants et le personnel de l'\u00e9cole, etc. Ce livre permettra aux enfants de comprendre qu'en plus d'apprendre \u00e0 lire, \u00e9crire, compter, l'\u00e9cole leur apprendra \u00e9galement \u00e0 r\u00e9fl\u00e9chir, voir le monde autrement, vivre ensemble, etc.","authors":["Sophie Bordet-P\u00e9tillon","Sylvain Connac","Juliette Baily"],"category_codes":["2000000","2070000","2070700"],"visuals":{"large":"https:\/\/images.epagine.fr\/143\/9791036380143_1_75.jpg","medium":"https:\/\/images.epagine.fr\/143\/9791036380143_1_m.jpg","thumbnail":"https:\/\/images.epagine.fr\/143\/9791036380143_1_v.jpg"},"orderable":true,"show_badge":true,"formatted_price":"10,90&nbsp;\u20ac","formatted_published_date":"18 juin 2025","publisher_availability_label":"Sur commande","short_details":"Sophie Bordet-P\u00e9tillon, Sylvain Connac, Juliette Baily \u2014 Bayard Jeunesse","translator":null,"weight":222,"page_count":56,"readership":"\u00e0 partir de 7 ANS","editor":"Bayard Jeunesse","price":1090,"published_date":"2025-06-17T22:00:00.000000Z","support":"Grand format","publisher_availability":1,"stock":0,"editions":[],"url":"https:\/\/quaidesbrumes.com\/ouvrage\/9791036380143\/le-petit-livre-pour-se-sentir-bien-a-lecole-du-cp-au-cm2"},{"id":"9782408049157","title":"Grisha Tome 1 : Shadow and bone","description":"Le roman ph\u00e9nom\u00e8ne \u00e0 l'origine de la s\u00e9rie \"Shadow and Bone\" sur Netflix ! Saison 2 actuellement disponible. \r\n\r\nOMBRE. GUERRE. CHAOS.\r\nUn royaume envahi par les t\u00e9n\u00e8bres.\r\nUne \u00e9lite magique qui se bat sans rel\u00e2che contre ce mal.\r\nDes citoyens envoy\u00e9s en p\u00e2ture aux cr\u00e9atures qui peuplent le Shadow Fold.\r\nParmi eux : Alina Starkov.\r\nESPOIR. DESTIN\u00c9E. RENOUVEAU.\r\nL'avenir de tous repose sur les \u00e9paules d'une orpheline qui ignore tout de son pouvoir.\r\nL'Invocatrice de lumi\u00e8re.\r\n\r\nShadow and Bone : LA s\u00e9rie \u00e0 ne louper sous aucun pr\u00e9texte D\u00e8s sa premi\u00e8re semaine de sortie, la saison 2 de Shadow and Bone a \u00e9t\u00e9 vu plus de 50,4 millions d'heures. Actuellement, la s\u00e9rie est dans le top 10 Netflix dans 85 pays.\r\n\r\nUn ph\u00e9nom\u00e8ne en librairie Le Grishaverse, qui regroupe la totalit\u00e9 des romans de Leigh Bardugo, s'est vendu \u00e0 plus de 250 000 exemplaires en France.","authors":["Leigh Bardugo","Nenad Savic"],"category_codes":["2000000","2050000","2050200","2050204"],"visuals":{"large":"https:\/\/images.epagine.fr\/157\/9782408049157_1_75.jpg","medium":"https:\/\/images.epagine.fr\/157\/9782408049157_1_m.jpg","thumbnail":"https:\/\/images.epagine.fr\/157\/9782408049157_1_v.jpg"},"orderable":false,"show_badge":true,"formatted_price":"20,90&nbsp;\u20ac","formatted_published_date":null,"publisher_availability_label":"\u00c0 para\u00eetre","short_details":"Leigh Bardugo, Nenad Savic \u2014 Milan","translator":"NENAD SAVIC","weight":501,"page_count":352,"readership":"\u00e0 partir de 15 ans","editor":"Milan","price":2090,"published_date":null,"support":"Grand format","publisher_availability":2,"stock":0,"editions":["9791036390395"],"url":"https:\/\/quaidesbrumes.com\/ouvrage\/9782408049157\/grisha-tome-1-shadow-and-bone"},{"id":"9782211300322","title":"Ch\u00e2teaux de sable","description":"Ces deux enfants sont tout contents de faire de purs et simples p\u00e2t\u00e9s de sable sur la plage. Mais voil\u00e0 que les papas s'en m\u00ealent et se lancent, m\u00eame en vacances, dans une comp\u00e9tition de ch\u00e2teaux toujours plus hauts et toujours plus beaux...\r","authors":["St\u00e9phane Henrich"],"category_codes":["2000000","2030000","2030300"],"visuals":{"large":"https:\/\/images.epagine.fr\/322\/9782211300322_1_75.jpg","medium":"https:\/\/images.epagine.fr\/322\/9782211300322_1_m.jpg","thumbnail":"https:\/\/images.epagine.fr\/322\/9782211300322_1_v.jpg"},"orderable":true,"show_badge":true,"formatted_price":"6,00&nbsp;\u20ac","formatted_published_date":"12 juin 2019","publisher_availability_label":"Sur commande","short_details":"St\u00e9phane Henrich \u2014 L'\u00c9cole des loisirs","translator":null,"weight":100,"page_count":40,"readership":"\u00e0 partir de 6 ANS","editor":"L'\u00c9cole des loisirs","price":600,"published_date":"2019-06-11T22:00:00.000000Z","support":"Poche","publisher_availability":1,"stock":0,"editions":["9782877678902"],"url":"https:\/\/quaidesbrumes.com\/ouvrage\/9782211300322\/chateaux-de-sable"},{"id":"9782874266799","title":"La for\u00eat de Dolen","description":"Un jour, Dolen, dragon bienfaiteur, demande \u00e0 son peuple de d\u00e9truire la for\u00eat.\r\n Et si le protecteur d'hier devenait la menace d'aujourd'hui ?\r\nDans cette for\u00eat mill\u00e9naire o\u00f9 la vie s'\u00e9coulait entre r\u00e9coltes, rires et chansons, Dolen veillait autrefois comme un ami fid\u00e8le. Mais quand il revient transform\u00e9 d'une mission, c'est tout un peuple qui doit s'unir pour d\u00e9jouer le mensonge et redonner sa voix \u00e0 la nature.\r\n \r\n Une fable o\u00f9 le d\u00e9sir d'avoir plus c\u00e8de la place \u00e0 la joie retrouv\u00e9e d'un lien avec l'essentiel.","authors":["Valeria Docampo","Agn\u00e8s de Lestrade"],"category_codes":["2000000","2030000","2030400"],"visuals":{"large":"https:\/\/images.epagine.fr\/799\/9782874266799_1_75.jpg","medium":"https:\/\/images.epagine.fr\/799\/9782874266799_1_m.jpg","thumbnail":"https:\/\/images.epagine.fr\/799\/9782874266799_1_v.jpg"},"orderable":true,"show_badge":true,"formatted_price":"16,00&nbsp;\u20ac","formatted_published_date":"13 novembre 2025","publisher_availability_label":"Sur commande","short_details":"Valeria Docampo, Agn\u00e8s de Lestrade \u2014 Alice \u00c9ditions","translator":null,"weight":588,"page_count":56,"readership":"3\/6 ans","editor":"Alice \u00c9ditions","price":1600,"published_date":"2025-11-12T23:00:00.000000Z","support":"Grand format","publisher_availability":1,"stock":0,"editions":[],"url":"https:\/\/quaidesbrumes.com\/ouvrage\/9782874266799\/la-foret-de-dolen"},{"id":"9782244060538","title":"Les dinosaures ; 80 gommettes autocollantes","description":"Diplodocus, tyrannosaure, tric\u00e9ratops, ankylosaure..., plus de 80 gommettes pour s'amuser \u00e0 cr\u00e9er son univers de dinosaures !\r\nPlace \u00e0 l'imagination !\r","authors":["Daniela Dogliani"],"category_codes":["2000000","2080000","2080200"],"visuals":{"large":"https:\/\/images.epagine.fr\/538\/9782244060538_1_75.jpg","medium":"https:\/\/images.epagine.fr\/538\/9782244060538_1_m.jpg","thumbnail":"https:\/\/images.epagine.fr\/538\/9782244060538_1_v.jpg"},"orderable":true,"show_badge":true,"formatted_price":"0,00&nbsp;\u20ac","formatted_published_date":"1er juin 2019","publisher_availability_label":"Sur commande","short_details":"Daniela Dogliani \u2014 \u00c9ditions Lito","translator":null,"weight":50,"page_count":null,"readership":"\u00e0 partir de 3 ANS","editor":"\u00c9ditions Lito","price":0,"published_date":"2019-05-31T22:00:00.000000Z","support":"Papeterie \/ Coloriage","publisher_availability":1,"stock":0,"editions":[],"url":"https:\/\/quaidesbrumes.com\/ouvrage\/9782244060538\/les-dinosaures-80-gommettes-autocollantes"},{"id":"9782408016630","title":"Copain de la cuisine : le guide des apprentis cuisiniers","description":"Plus de 150 recettes faciles \u00e0 faire avec des astuces expliqu\u00e9es de fa\u00e7on simple et pratique et toutes sortes d'informations sur les aliments pr\u00e9f\u00e9r\u00e9s des enfants.\r\nGourmand ou gourmet, curieux ou classique, tout le monde a une bonne raison d'enfiler un tablier et de se mettre aux fourneaux. La cuisine est \u00e0 la fois un loisir, une passion, un plaisir \u00e0 partager... Et la meilleure fa\u00e7on d'apprendre, c'est de mettre la main \u00e0 la p\u00e2te ! Ce Copain contient tout ce qu'il faut pour devenir un v\u00e9ritable chef en toute saison et en toute occasion.\r","authors":["Didier Grosjean","Claudine Roland"],"category_codes":["2000000","2060000","2060200","2060203"],"visuals":{"large":"https:\/\/images.epagine.fr\/630\/9782408016630_1_75.jpg","medium":"https:\/\/images.epagine.fr\/630\/9782408016630_1_m.jpg","thumbnail":"https:\/\/images.epagine.fr\/630\/9782408016630_1_v.jpg"},"orderable":true,"show_badge":true,"formatted_price":"15,50&nbsp;\u20ac","formatted_published_date":"22 septembre 2021","publisher_availability_label":"Sur commande","short_details":"Didier Grosjean, Claudine Roland \u2014 Milan","translator":null,"weight":822,"page_count":256,"readership":"\u00e0 partir de 7 ANS","editor":"Milan","price":1550,"published_date":"2021-09-21T22:00:00.000000Z","support":"Grand format","publisher_availability":1,"stock":0,"editions":[],"url":"https:\/\/quaidesbrumes.com\/ouvrage\/9782408016630\/copain-de-la-cuisine-le-guide-des-apprentis-cuisiniers"},{"id":"9782211081832","title":"Chacun dans son lit !","description":"Quand on ne peut plus dormir entre papa et maman, il faut trouver le meilleur moyen pour devenir un grand ! Louis n'aime pas dormir dans son lit. Entre papa et maman, c'est beaucoup mieux. C'est plus chaud, plus grand, plus amusant, et c'est vraiment l\u00e0 que Louis fait les plus beaux r\u00eaves. Mais aujourd'hui, ses parents lui disent qu'ils sont fatigu\u00e9s et que \u00e7a suffit ! \u00c0 partir de ce soir, Louis doit dormir dans son lit parce qu'il est grand, maintenant, et non, il n'y aura pas de derni\u00e8re nuit. Louis est-il grand ? Pas encore vraiment. Mais suffisamment pour trouver une id\u00e9e, une vraie bonne id\u00e9e pour obtenir ce soir-l\u00e0 un dernier c\u00e2lin de maman... le c\u00e2lin qui donne le courage de devenir grand !","authors":["Pascale Bougeault"],"category_codes":["2000000","2030000","2030300"],"visuals":{"large":"https:\/\/images.epagine.fr\/832\/9782211081832_1_75.jpg","medium":"https:\/\/images.epagine.fr\/832\/9782211081832_1_m.jpg","thumbnail":"https:\/\/images.epagine.fr\/832\/9782211081832_1_v.jpg"},"orderable":true,"show_badge":true,"formatted_price":"6,00&nbsp;\u20ac","formatted_published_date":"31 janvier 2006","publisher_availability_label":"Sur commande","short_details":"Pascale Bougeault \u2014 L'\u00c9cole des loisirs","translator":null,"weight":82,"page_count":32,"readership":"3\/6 ans","editor":"L'\u00c9cole des loisirs","price":600,"published_date":"2006-01-30T23:00:00.000000Z","support":"Poche","publisher_availability":1,"stock":0,"editions":[],"url":"https:\/\/quaidesbrumes.com\/ouvrage\/9782211081832\/chacun-dans-son-lit"},{"id":"9782012248274","title":"Madame Casse-Pieds","description":"Monsieur Non, Madame Canaille, Monsieur Costaud et tous leurs amis. Des personnages connus de tous les enfants pour d\u00e9couvrir les traits de caract\u00e8res et les premi\u00e8res notions avec humour. Une collection de r\u00e9f\u00e9rence, fortement prescrite dans les \u00e9coles.","authors":["Roger Hargreaves"],"category_codes":["2000000","2030000","2030400"],"visuals":{"large":"https:\/\/images.epagine.fr\/274\/9782012248274_1_75.jpg","medium":"https:\/\/images.epagine.fr\/274\/9782012248274_1_m.jpg","thumbnail":"https:\/\/images.epagine.fr\/274\/9782012248274_1_v.jpg"},"orderable":true,"show_badge":true,"formatted_price":"2,90&nbsp;\u20ac","formatted_published_date":"3 octobre 2007","publisher_availability_label":"Sur commande","short_details":"Roger Hargreaves \u2014 Hachette Jeunesse","translator":null,"weight":50,"page_count":40,"readership":"\u00e0 partir de 4 ANS","editor":"Hachette Jeunesse","price":290,"published_date":"2007-10-02T22:00:00.000000Z","support":"Poche","publisher_availability":1,"stock":0,"editions":[],"url":"https:\/\/quaidesbrumes.com\/ouvrage\/9782012248274\/madame-casse-pieds"},{"id":"9782080462916","title":"L'Oeil d'Horus","description":"Le destin de Men\u00ee est tout trac\u00e9\u00a0:\u00a0il doit succ\u00e9der \u00e0 son p\u00e8re Antaref, le roi d'\u00c9gypte. Mais pour l'heure, il sait \u00e0 peine tirer \u00e0 l'arc et ne s'int\u00e9resse qu'aux animaux. Antaref lui ordonne alors d'accomplir trois exploits pour prouver qu'il est digne de diriger le pays. Une grande aventure commence pour Men\u00ee. Un voyage initiatique fascinant, au coeur de la mythologie \u00e9gyptienne.","authors":["Alain Surget"],"category_codes":["2000000","2040000","2040500"],"visuals":{"large":"https:\/\/images.epagine.fr\/916\/9782080462916_1_75.jpg","medium":"https:\/\/images.epagine.fr\/916\/9782080462916_1_m.jpg","thumbnail":"https:\/\/images.epagine.fr\/916\/9782080462916_1_v.jpg"},"orderable":true,"show_badge":true,"formatted_price":"5,90&nbsp;\u20ac","formatted_published_date":"1er avril 2026","publisher_availability_label":"Sur commande","short_details":"Alain Surget \u2014 Flammarion jeunesse","translator":null,"weight":132,"page_count":160,"readership":"9\/12 ans","editor":"Flammarion jeunesse","price":590,"published_date":"2026-03-31T22:00:00.000000Z","support":"Poche","publisher_availability":1,"stock":0,"editions":["9782081486393"],"url":"https:\/\/quaidesbrumes.com\/ouvrage\/9782080462916\/loeil-dhorus"},{"id":"9782017288718","title":"Balade en France : Les Monsieur Madame visitent le Val de Loire","description":"Monsieur Non, Madame Canaille, Monsieur Costaud et tous leurs amis. Des personnages connus de tous les enfants pour d\u00e9couvrir les traits de caract\u00e8res et les premi\u00e8res notions avec humour. Une collection de r\u00e9f\u00e9rence, fortement prescrite dans les \u00e9coles.","authors":["Sanrio"],"category_codes":["2000000","2030000","2030400"],"visuals":{"large":"https:\/\/images.epagine.fr\/718\/9782017288718_1_75.jpg","medium":"https:\/\/images.epagine.fr\/718\/9782017288718_1_m.jpg","thumbnail":"https:\/\/images.epagine.fr\/718\/9782017288718_1_v.jpg"},"orderable":true,"show_badge":true,"formatted_price":"2,90&nbsp;\u20ac","formatted_published_date":"23 avril 2025","publisher_availability_label":"Sur commande","short_details":"Sanrio \u2014 Hachette Jeunesse","translator":null,"weight":53,"page_count":40,"readership":"\u00e0 partir de 4 ANS","editor":"Hachette Jeunesse","price":290,"published_date":"2025-04-22T22:00:00.000000Z","support":"Grand format","publisher_availability":1,"stock":0,"editions":[],"url":"https:\/\/quaidesbrumes.com\/ouvrage\/9782017288718\/balade-en-france-les-monsieur-madame-visitent-le-val-de-loire"},{"id":"9791039544481","title":"Croire en son \u00e9toile Tome 4 : L'enfance de Doroth\u00e9e Gilbert : Croire en son \u00e9toile, suivre son destin","description":"Doroth\u00e9e passe son premier examen de fin dann\u00e9e \u00e0 l\u00c9cole de Danse ! Doroth\u00e9e pense que ses parents veulent rentrer \u00e0 Toulouse Pr\u00e9occup\u00e9e, la danseuse narrive plus \u00e0 contenir son stress : \u00e9chouer si pr\u00e8s du but, ce serait terrible ! Et quand elle se blesse, rien ne va plus Doroth\u00e9e sera-t-elle pr\u00eate \u00e0 temps pour lexamen ?","authors":["Natacha Godeau","Virginie Moru","Doroth\u00e9e Gilbert"],"category_codes":["2000000","2050000","2050200"],"visuals":{"large":"https:\/\/images.epagine.fr\/481\/9791039544481_1_75.jpg","medium":"https:\/\/images.epagine.fr\/481\/9791039544481_1_m.jpg","thumbnail":"https:\/\/images.epagine.fr\/481\/9791039544481_1_v.jpg"},"orderable":true,"show_badge":true,"formatted_price":"8,95&nbsp;\u20ac","formatted_published_date":"20 f\u00e9vrier 2025","publisher_availability_label":"Sur commande","short_details":"Natacha Godeau, Virginie Moru, Doroth\u00e9e Gilbert \u2014 Auzou","translator":null,"weight":244,"page_count":118,"readership":"\u00e0 partir de 9 ANS","editor":"Auzou","price":895,"published_date":"2025-02-19T23:00:00.000000Z","support":"Grand format","publisher_availability":1,"stock":0,"editions":[],"url":"https:\/\/quaidesbrumes.com\/ouvrage\/9791039544481\/croire-en-son-etoile-tome-4-lenfance-de-dorothee-gilbert-croire-en-son-etoile-suivre-son-destin"},{"id":"9782075187145","title":"Queen kong","description":"\u00abAlors \u00e7a y est, j'en suis une. Une belle. Une grosse. Un sacr\u00e9e. C'est pilonn\u00e9 dans les commentaires que je lis debout dans ma chambre. Je l'\u00e9tais parce que j'avais choisi de m'\u00e9couter. Du premier doigt que j'ai gliss\u00e9 entre mes cuisses \u00e0 huit ans, pour y d\u00e9couvrir un tr\u00e9sor, jusqu'\u00e0 aujourd'hui. J'ai choisi d'\u00e9couter ce qui bat en moi. Choisir la libert\u00e9, c'est choisir la solitude.\u00bbLe mot de l'autrice : \u00abJ'\u00e9voque l'itin\u00e9raire sexuel d'une jeune lyc\u00e9enne qui d\u00e9cide de s\u00e9parer l'amour du sexe. Avec quatre gar\u00e7ons, diff\u00e9rents, elle m\u00e8ne sa qu\u00eate tr\u00e8s librement. Sa grande libert\u00e9 la confronte aux r\u00e9actions de son groupe. Car un tel comportement est en g\u00e9n\u00e9ral plus accept\u00e9 chez les gar\u00e7ons qe chez les filles\u00bbP\u00c9PITE D'OR 2021 DU SALON DU LIVRE ET DE LA PRESSE JEUNESSE","authors":["H\u00e9l\u00e8ne Vidal"],"category_codes":["2000000","2050000","2050200"],"visuals":{"large":"https:\/\/images.epagine.fr\/145\/9782075187145_1_75.jpg","medium":"https:\/\/images.epagine.fr\/145\/9782075187145_1_m.jpg","thumbnail":"https:\/\/images.epagine.fr\/145\/9782075187145_1_v.jpg"},"orderable":true,"show_badge":true,"formatted_price":"5,20&nbsp;\u20ac","formatted_published_date":"1er juin 2023","publisher_availability_label":"Sur commande","short_details":"H\u00e9l\u00e8ne Vidal \u2014 Gallimard Jeunesse","translator":null,"weight":64,"page_count":96,"readership":"\u00e0 partir de 15 ans","editor":"Gallimard Jeunesse","price":520,"published_date":"2023-05-31T22:00:00.000000Z","support":"Poche","publisher_availability":1,"stock":0,"editions":[],"url":"https:\/\/quaidesbrumes.com\/ouvrage\/9782075187145\/queen-kong"},{"id":"9782075160810","title":"Le consentement, on en parle ? un livre sur la libert\u00e9, le droit de choisir et de dire non","description":"Le consentement, c'est bien plus que dire \u00aboui\u00bb ou \u00abnon\u00bb. Il s'agit de d\u00e9couvrir ce qui est bon pour soi, de d\u00e9cider ce qu'on veut vraiment et d'utiliser ce pouvoir incroyable de choisir ! C'est aussi respecter le choix des autres. C'est une affaire de libert\u00e9 ! Alors, on en parle ? Choisir une pizza au restau ou un film au cin\u00e9ma, exprimer librement ce qui nous pla\u00eet (ou pas), d\u00e9cider quelles pratiques sexuelles adopter, c'est compliqu\u00e9. Dans ce livre, vous trouverez plein de conseils pour apprendre \u00e0 r\u00e9fl\u00e9chir sur soi, sur les autres et \u00e0 int\u00e9grer le consentement au coeur de votre vie.","authors":["Justin Hancock","Fuchsia Macaree","Nora Bouazzouni"],"category_codes":["2000000","2070000","2070700"],"visuals":{"large":"https:\/\/images.epagine.fr\/810\/9782075160810_1_75.jpg","medium":"https:\/\/images.epagine.fr\/810\/9782075160810_1_m.jpg","thumbnail":"https:\/\/images.epagine.fr\/810\/9782075160810_1_v.jpg"},"orderable":true,"show_badge":true,"formatted_price":"15,90&nbsp;\u20ac","formatted_published_date":"10 f\u00e9vrier 2022","publisher_availability_label":"Sur commande","short_details":"Justin Hancock, Fuchsia Macaree, Nora Bouazzouni \u2014 Gallimard Jeunesse","translator":"NORA BOUAZZOUNI","weight":314,"page_count":160,"readership":"\u00e0 partir de 14 ans","editor":"Gallimard Jeunesse","price":1590,"published_date":"2022-02-09T23:00:00.000000Z","support":"Grand format","publisher_availability":1,"stock":0,"editions":[],"url":"https:\/\/quaidesbrumes.com\/ouvrage\/9782075160810\/le-consentement-on-en-parle-un-livre-sur-la-liberte-le-droit-de-choisir-et-de-dire-non"},{"id":"9782383224457","title":"Sur les traces des dragons","description":"Un livre somptueusement illustr\u00e9 par Anna Lang pour d\u00e9couvrir les dragons qui peuplent le monde et toutes leurs caract\u00e9ristiques.\r\n\"Et si un jour tu tombais sur un oeuf de dragon ? Tu aurais bien besoin de ce guide complet pour tout savoir sur les races de dragons existantes mais aussi leurs caract\u00e9ristiques, anatomie, d\u00e9fenses secr\u00e8tes...\r\nTu trouveras aussi les clefs pour les apprivoiser, prendre soin d'eux et les emmener avec toi pour de grandes aventures ! Tous ne sont pas de si terribles cr\u00e9atures... Enfin, cela d\u00e9pend lesquels... \r\nApprenti dragonnier, ce livre est pour toi !\"","authors":["Federica Magrin","Anna Lang"],"category_codes":["2000000","2070000","2070300"],"visuals":{"large":"https:\/\/images.epagine.fr\/457\/9782383224457_1_75.jpg","medium":"https:\/\/images.epagine.fr\/457\/9782383224457_1_m.jpg","thumbnail":"https:\/\/images.epagine.fr\/457\/9782383224457_1_v.jpg"},"orderable":true,"show_badge":true,"formatted_price":"18,95&nbsp;\u20ac","formatted_published_date":"16 octobre 2025","publisher_availability_label":"Sur commande","short_details":"Federica Magrin, Anna Lang \u2014 \u00c9ditions Kimane","translator":null,"weight":788,"page_count":64,"readership":null,"editor":"\u00c9ditions Kimane","price":1895,"published_date":"2025-10-15T22:00:00.000000Z","support":"Grand format","publisher_availability":1,"stock":0,"editions":[],"url":"https:\/\/quaidesbrumes.com\/ouvrage\/9782383224457\/sur-les-traces-des-dragons"},{"id":"9782371024854","title":"Le Monde suspendu Tome 1 : Le Mercenaire et la Saltimbanque","description":"Pour ceux qui sont n\u00e9s sous des \u00e9toiles contraires, le destin est en marche.\r\nVoil\u00e0 dix ans que Ren a d\u00fb fuir les siens et qu'elle a \u00e9t\u00e9 recueillie par une troupe d'artistes itin\u00e9rants. Dix ans pendant lesquels elle a d\u00fb dissimuler ses aptitudes magiques pour ne pas attirer l'attention. Dix ans pendant lesquels elle s'est forg\u00e9 une nouvelle vie qui se voit r\u00e9duite \u00e0 n\u00e9ant le jour o\u00f9, attaqu\u00e9e par un d\u00e9mon en plein spectacle, la jeune saltimbanque lib\u00e8re son pouvoir sous la forme d'une lumi\u00e8re qui passe tout sauf inaper\u00e7ue.\r\n\r\nBient\u00f4t, tous les mercenaires de l'empire sont engag\u00e9s pour la retrouver. Sunho, un ancien soldat devenu chasseur de primes apr\u00e8s s'\u00eatre r\u00e9veill\u00e9 sans aucun souvenir de son pass\u00e9, il y a deux ans de \u00e7a, participe \u00e0 la traque. Mais l'enjeu est tout autre pour le jeune homme qui cache un terrible secret. Car cette qu\u00eate pourrait enfin lui apporter les r\u00e9ponses qu'il cherche sur sa propre identit\u00e9.\r\n\r\nAlors, quand les chemins de Ren et de Sunho finissent par se croiser, c'est sans savoir que leurs destins sont bien plus li\u00e9s qu'ils n'auraient pu l'imaginer... Apr\u00e8s La Fianc\u00e9e du dieu de la mer, Axie Oh imagine une duologie qui fait \u00e0 nouveau la part belle au folklore cor\u00e9en. Un univers fascinant, o\u00f9 m\u00eame dans le noir le plus total brille toujours une lumi\u00e8re.","authors":["Axie Oh"],"category_codes":["2000000","2050000","2050200","2050204"],"visuals":{"large":"https:\/\/images.epagine.fr\/854\/9782371024854_1_75.jpg","medium":"https:\/\/images.epagine.fr\/854\/9782371024854_1_m.jpg","thumbnail":"https:\/\/images.epagine.fr\/854\/9782371024854_1_v.jpg"},"orderable":true,"show_badge":true,"formatted_price":"17,00&nbsp;\u20ac","formatted_published_date":"15 mai 2025","publisher_availability_label":"Sur commande","short_details":"Axie Oh \u2014 \u00c9ditions Lumen","translator":null,"weight":620,"page_count":471,"readership":"\u00e0 partir de 12 ANS","editor":"\u00c9ditions Lumen","price":1700,"published_date":"2025-05-14T22:00:00.000000Z","support":"Grand format","publisher_availability":1,"stock":0,"editions":[],"url":"https:\/\/quaidesbrumes.com\/ouvrage\/9782371024854\/le-monde-suspendu-tome-1-le-mercenaire-et-la-saltimbanque"},{"id":"9782266340328","title":"Myst\u00e8res sur les rails Tome 1 : Le vol du Highland Falcon","description":"Un train lanc\u00e9 \u00e0 pleine vitesse, des bijoux vol\u00e9s, une passag\u00e8re clandestine et de riches invit\u00e9s qui ont tous des secrets ...\r\nLorsque le diamant le plus pr\u00e9cieux du Royaume-Uni est d\u00e9rob\u00e9 \u00e0 bord du \r\nHighland Falcon, c'est \u00e0 Harrison Beck, onze ans, de mener l'enqu\u00eate. Courageux et dot\u00e9 d'un fin sens de l'observation, parviendra-t-il \u00e0 d\u00e9m\u00ealer l'affaire avant d'arriver au terminus ?","authors":["M. G. Leonard","Sam Sedgman","Lilas Nord"],"category_codes":["2000000","2040000","2040500","2040506"],"visuals":{"large":"https:\/\/images.epagine.fr\/328\/9782266340328_1_75.jpg","medium":"https:\/\/images.epagine.fr\/328\/9782266340328_1_m.jpg","thumbnail":"https:\/\/images.epagine.fr\/328\/9782266340328_1_v.jpg"},"orderable":true,"show_badge":true,"formatted_price":"8,10&nbsp;\u20ac","formatted_published_date":"14 mars 2024","publisher_availability_label":"Sur commande","short_details":"M. G. Leonard, Sam Sedgman, Lilas Nord \u2014 Pocket Jeunesse","translator":"LILAS NORD","weight":160,"page_count":320,"readership":"9\/12 ans","editor":"Pocket Jeunesse","price":810,"published_date":"2024-03-13T23:00:00.000000Z","support":"Poche","publisher_availability":1,"stock":0,"editions":[],"url":"https:\/\/quaidesbrumes.com\/ouvrage\/9782266340328\/mysteres-sur-les-rails-tome-1-le-vol-du-highland-falcon"},{"id":"9791039562997","title":"Le bain de petit renard - Un coffret avec un livre de bain et 2 jouets d\u00e9clipsables !","description":"Vivez un super moment complice avec votre enfant pendant le bain !\r\nCe coffret de bain comporte 1 livre de bain accord\u00e9on pour d\u00e9couvrir les animaux de la for\u00eat, et 2 jouets de bain cracheurs offerts !\r\nLes corps des deux jouets sont d\u00e9montables pour les nettoyer plus facilement et jouet \u00e0 un mix-and-match ! Il est possible de jouer au mix-and-match avec les jouets du coffret pr\u00e9c\u00e9dent (Savane - 2024).","authors":["Michelle Carlslund"],"category_codes":["2000000","2020000","2020200"],"visuals":{"large":"https:\/\/images.epagine.fr\/997\/9791039562997_1_75.jpg","medium":"https:\/\/images.epagine.fr\/997\/9791039562997_1_m.jpg","thumbnail":"https:\/\/images.epagine.fr\/997\/9791039562997_1_v.jpg"},"orderable":true,"show_badge":true,"formatted_price":"17,95&nbsp;\u20ac","formatted_published_date":"2 octobre 2025","publisher_availability_label":"Sur commande","short_details":"Michelle Carlslund \u2014 Auzou","translator":null,"weight":448,"page_count":8,"readership":"0\/3 ans","editor":"Auzou","price":1795,"published_date":"2025-10-01T22:00:00.000000Z","support":"Grand format","publisher_availability":1,"stock":0,"editions":[],"url":"https:\/\/quaidesbrumes.com\/ouvrage\/9791039562997\/le-bain-de-petit-renard-un-coffret-avec-un-livre-de-bain-et-2-jouets-declipsables"},{"id":"9782812626616","title":"Julien de la R\u00e9volte","description":"\u00c2g\u00e9e de 18 ans \u00e0 peine, Elen est en errance. Ses id\u00e9es sombres la m\u00e8nent vers la falaise et \u00e0 travers les bois, jusqu'\u00e0 la ferme du Paon. L\u00e0, elle rencontre Julien Vauquier, qui la recueille et l'initie aux travaux de la ferme. Julien n'est pas un paysan comme les autres : ses vaches s'appellent George Sand ou Rosa Bonheur, son cheval Nietzsche, son chien Mychkine, en r\u00e9f\u00e9rence \u00e0 Dosto\u00efevski. En reprenant la ferme de son grand-p\u00e8re, il maintient la tradition d'une agriculture respectueuse de l'animal et du rythme de la nature, tout en menant une vie rythm\u00e9e par l'art, l'entraide et la lutte contre l'agro-industrie. Elen s'\u00e9veille \u00e0 une autre mani\u00e8re de vivre, au milieu des vaches et des livres. \r\n Jusqu'au jour o\u00f9 la r\u00e9alit\u00e9 rattrape leur petit coin de paradis...","authors":["Elise Fontenaille","Julien Rico"],"category_codes":["2000000","2050000","2050200"],"visuals":{"large":"https:\/\/images.epagine.fr\/616\/9782812626616_1_75.jpg","medium":"https:\/\/images.epagine.fr\/616\/9782812626616_1_m.jpg","thumbnail":"https:\/\/images.epagine.fr\/616\/9782812626616_1_v.jpg"},"orderable":true,"show_badge":true,"formatted_price":"11,50&nbsp;\u20ac","formatted_published_date":"29 janvier 2025","publisher_availability_label":"Sur commande","short_details":"Elise Fontenaille, Julien Rico \u2014 Rouergue","translator":null,"weight":127,"page_count":96,"readership":"\u00e0 partir de 12 ANS","editor":"Rouergue","price":1150,"published_date":"2025-01-28T23:00:00.000000Z","support":"Grand format","publisher_availability":1,"stock":0,"editions":[],"url":"https:\/\/quaidesbrumes.com\/ouvrage\/9782812626616\/julien-de-la-revolte"},{"id":"9782075163040","title":"Emile et le cadeau d'anniversaire","description":"Aujourd'hui, \u00c9mile est invit\u00e9 \u00e0 un anniversaire. Un vrai ! Pas \u00e0 un anniversaire de petit. Il est invit\u00e9 \u00e0 celui de sa copine, la vieille dame, avec d'autres dames et un monsieur. En guise de cadeau, il apporte les bougies. C'est lui qui les soufflera parce que 89 bougies,\u00e7a fait beaucoup ! On se doute qui sera, de la vieille dame ou d' \u00c9mile, le plus g\u00e2t\u00e9 !","authors":["Vincent Cuvellier","Ronan Badel"],"category_codes":["2000000","2030000","2030400"],"visuals":{"large":"https:\/\/images.epagine.fr\/040\/9782075163040_1_75.jpg","medium":"https:\/\/images.epagine.fr\/040\/9782075163040_1_m.jpg","thumbnail":"https:\/\/images.epagine.fr\/040\/9782075163040_1_v.jpg"},"orderable":true,"show_badge":true,"formatted_price":"6,90&nbsp;\u20ac","formatted_published_date":"15 septembre 2022","publisher_availability_label":"Sur commande","short_details":"Vincent Cuvellier, Ronan Badel \u2014 Gallimard Jeunesse-Giboul\u00e9es","translator":null,"weight":188,"page_count":32,"readership":"\u00e0 partir de 3 ANS","editor":"Gallimard Jeunesse-Giboul\u00e9es","price":690,"published_date":"2022-09-14T22:00:00.000000Z","support":"Grand format","publisher_availability":1,"stock":0,"editions":[],"url":"https:\/\/quaidesbrumes.com\/ouvrage\/9782075163040\/emile-et-le-cadeau-danniversaire"}]}