{"data":[{"id":"9782369022022","title":"Coup de foudre","description":"Dans une contr\u00e9e lointaine, le royaume de l'Est et le royaume de l'Ouest vivent en paix\r\ndepuis toujours. Mais le jour o\u00f9 les rois et reines des deux royaumes meurent, les choses se\r\ng\u00e2tent. Car le fils et la fille qui succ\u00e8dent \u00e0 leurs parents sont m\u00e9chants, teigneux et ne\r\nsupportent pas le royaume d'en face, sans m\u00eame y avoir jamais mis les pieds. Et c'est la\r\nguerre qui se pr\u00e9pare.\r\nMais heureusement, comme les habitants des royaumes s'en fichent un peu d'occuper le\r\nterritoire d'en face, c'est l'amour qui va triompher.\r\nUne fin renversante (si, si) et un livre \u00e9minemment politique. Si vous \u00eates contre la guerre et\r\npour l'amour, que vous soyez cochon, chien ou m\u00eame cheval (nul n'est parfait), ce livre est\r\npour vous.","authors":["Jean-Baptiste Drouot"],"category_codes":["2000000","2030000","2030400"],"visuals":{"large":"https:\/\/images.epagine.fr\/022\/9782369022022_1_75.jpg","medium":"https:\/\/images.epagine.fr\/022\/9782369022022_1_m.jpg","thumbnail":"https:\/\/images.epagine.fr\/022\/9782369022022_1_v.jpg"},"orderable":true,"show_badge":true,"formatted_price":"14,90&nbsp;\u20ac","formatted_published_date":"25 avril 2025","publisher_availability_label":"Sur commande","short_details":"Jean-Baptiste Drouot \u2014 Les Fourmis Rouges","translator":null,"weight":284,"page_count":48,"readership":"3\/6 ans","editor":"Les Fourmis Rouges","price":1490,"published_date":"2025-04-24T22:00:00.000000Z","support":"Grand format","publisher_availability":1,"stock":0,"editions":[],"url":"https:\/\/quaidesbrumes.com\/ouvrage\/9782369022022\/coup-de-foudre"},{"id":"9782384863327","title":"Daisy Doolittle : Le chiot perdu","description":"Daisy se trouve \u00e0 Paris avec Milo, son cochon d'Inde, et Bartleby, son professeur particulier, car sa m\u00e8re y tourne un film.\r\nQuand l'adorable chiot Coco est enlev\u00e9 dans leur h\u00f4tel, Daisy et ses amis les animaux m\u00e8nent l'enqu\u00eate pour retrouver le voleur.\r\nParviendront-ils \u00e0 r\u00e9soudre l'\u00e9nigme \u00e0 temps ?\r\n\r\n","authors":["Melody Lockhart","Anuki Lopez"],"category_codes":["2000000","2040000","2040200"],"visuals":{"large":"https:\/\/images.epagine.fr\/327\/9782384863327_1_75.jpg","medium":"https:\/\/images.epagine.fr\/327\/9782384863327_1_m.jpg","thumbnail":"https:\/\/images.epagine.fr\/327\/9782384863327_1_v.jpg"},"orderable":true,"show_badge":true,"formatted_price":"9,95&nbsp;\u20ac","formatted_published_date":"8 avril 2026","publisher_availability_label":"Sur commande","short_details":"Melody Lockhart, Anuki Lopez \u2014 Grenouille \u00c9ditions","translator":null,"weight":129,"page_count":128,"readership":"\u00e0 partir de 6 ANS","editor":"Grenouille \u00c9ditions","price":995,"published_date":"2026-04-07T22:00:00.000000Z","support":"Grand format","publisher_availability":1,"stock":0,"editions":[],"url":"https:\/\/quaidesbrumes.com\/ouvrage\/9782384863327\/daisy-doolittle-le-chiot-perdu"},{"id":"9782211317375","title":"Le roi et Rien","description":"C'est l'histoire d'un roi qui avait tout, vraiment tout : des \u00e9l\u00e9phants sans trompe aux patins \u00e0 glace go\u00fbt caramel. C'\u00e9tait un grand collectionneur. Il ne lui manquait presque rien. Ou plut\u00f4t il lui manquait RIEN. Quand un roi qui a tout cherche \u00e0 trouver RIEN...","authors":["Olivier Tallec"],"category_codes":["2000000","2030000","2030400"],"visuals":{"large":"https:\/\/images.epagine.fr\/375\/9782211317375_1_75.jpg","medium":"https:\/\/images.epagine.fr\/375\/9782211317375_1_m.jpg","thumbnail":"https:\/\/images.epagine.fr\/375\/9782211317375_1_v.jpg"},"orderable":true,"show_badge":true,"formatted_price":"15,00&nbsp;\u20ac","formatted_published_date":"28 septembre 2022","publisher_availability_label":"Sur commande","short_details":"Olivier Tallec \u2014 L'\u00c9cole des loisirs","translator":null,"weight":645,"page_count":40,"readership":"3\/6 ans","editor":"L'\u00c9cole des loisirs","price":1500,"published_date":"2022-09-27T22:00:00.000000Z","support":"Grand format","publisher_availability":1,"stock":0,"editions":[],"url":"https:\/\/quaidesbrumes.com\/ouvrage\/9782211317375\/le-roi-et-rien"},{"id":"9782371023703","title":"La saga Lightlark Tome 1 : Lightlark","description":"Le Centennal commence...\r\n\r\nPour rompre la mal\u00e9diction, l'un d'entre eux doit mourir.\r\nTous les cent ans, l'\u00eele maudite de Lightlark r\u00e9appara\u00eet pour accueillir le Centennal, une comp\u00e9tition meurtri\u00e8re \u00e0 laquelle les souverains des six royaumes voisins sont invit\u00e9s \u00e0 participer. Invit\u00e9s, ou plut\u00f4t contraints, car c'est l\u00e0 leur seule et unique chance de briser la mal\u00e9diction qui s'est abattue sur leurs peuples respectifs depuis pr\u00e8s de cinq si\u00e8cles, corrompant irr\u00e9m\u00e9diablement leurs pouvoirs. Chacun des six adversaires a quelque chose \u00e0 cacher - d'autant que pour dissiper le sortil\u00e8ge, tous le savent, l'un d'entre eux doit forc\u00e9ment mourir.\r\n\r\n\r\n\r\nIsla Calys r\u00e8gne sur les Sauvages, un peuple de tentateurs condamn\u00e9s \u00e0 tuer celui ou celle dont ils tombent amoureux. Craints et m\u00e9pris\u00e9s, tous comptent sur leur souveraine pour mettre fin \u00e0 leur calvaire en remportant le Centennal. Mais la jeune reine dissimule un terrible secret. Pour survivre, il va lui falloir tricher, tromper et trahir... y compris quand l'amour finit par entrer dans la danse.\r\n\r\n\r\n\r\nDuplicit\u00e9, mensonges, conspirations centenaires et coups de th\u00e9\u00e2tre qui rebattent sans cesse les cartes de cette saga de dark fantasy... \r\nLightlark, ph\u00e9nom\u00e8ne mondial qui s'est hiss\u00e9 jusqu'au sommet de la liste de best-sellers du  New York Times, est un incontournable pour les fans de Marie Lu, Marissa Meyer ou Leigh Bardugo.","authors":["Alex Aster","C\u00e9line Morzelle"],"category_codes":["2000000","2050000","2050200","2050204"],"visuals":{"large":"https:\/\/images.epagine.fr\/703\/9782371023703_1_75.jpg","medium":"https:\/\/images.epagine.fr\/703\/9782371023703_1_m.jpg","thumbnail":"https:\/\/images.epagine.fr\/703\/9782371023703_1_v.jpg"},"orderable":true,"show_badge":true,"formatted_price":"17,00&nbsp;\u20ac","formatted_published_date":"23 mars 2023","publisher_availability_label":"Sur commande","short_details":"Alex Aster, C\u00e9line Morzelle \u2014 \u00c9ditions Lumen","translator":"CELINE MORZELLE","weight":642,"page_count":599,"readership":"\u00e0 partir de 12 ANS","editor":"\u00c9ditions Lumen","price":1700,"published_date":"2023-03-22T23:00:00.000000Z","support":"Grand format","publisher_availability":1,"stock":0,"editions":[],"url":"https:\/\/quaidesbrumes.com\/ouvrage\/9782371023703\/la-saga-lightlark-tome-1-lightlark"},{"id":"9782017351689","title":"Le conte de Psych\u00e9","description":"Psych\u00e9 est d'une beaut\u00e9 telle qu'elle fait l'admiration de tous. Les hommes la v\u00e9n\u00e8rent. Certains m\u00eame\u00a0 la comparent \u00e0 V\u00e9nus. Folle de jalousie, cette derni\u00e8re confie \u00e0 son fils Amour, la mission de la venger. Mais le jeune Dieu tombera \u00e0 son tour sous le charme irr\u00e9sistible de la princesse.","authors":["Apul\u00e9e","Herv\u00e9-Fran\u00e7ois Fournier"],"category_codes":["2000000","2050000","2050200"],"visuals":{"large":"https:\/\/images.epagine.fr\/689\/9782017351689_1_75.jpg","medium":"https:\/\/images.epagine.fr\/689\/9782017351689_1_m.jpg","thumbnail":"https:\/\/images.epagine.fr\/689\/9782017351689_1_v.jpg"},"orderable":true,"show_badge":true,"formatted_price":"5,90&nbsp;\u20ac","formatted_published_date":"15 avril 2026","publisher_availability_label":"Sur commande","short_details":"Apul\u00e9e, Herv\u00e9-Fran\u00e7ois Fournier \u2014 Le Livre de Poche Jeunesse","translator":"HERVE-FRANCOIS FOURNIER","weight":69,"page_count":92,"readership":"\u00e0 partir de 12 ANS","editor":"Le Livre de Poche Jeunesse","price":590,"published_date":"2026-04-14T22:00:00.000000Z","support":"Poche","publisher_availability":1,"stock":0,"editions":[],"url":"https:\/\/quaidesbrumes.com\/ouvrage\/9782017351689\/le-conte-de-psyche"},{"id":"9791040122678","title":"Throne of Glass - Le Tr\u00f4ne de verre Tome 1","description":"MORTELLE. LOYALE. L\u00c9GENDAIRE.\r\n\r\nDans un royaume o\u00f9 la magie est interdite, une c\u00e9l\u00e8bre assassineuse est convoqu\u00e9e au ch\u00e2teau. Elle n'est pas l\u00e0 pour tuer, mais pour \u00e9chapper au bagne.\r\nDepuis son tr\u00f4ne de verre, le roi tyrannique du royaume d'Adarlan lui propose un march\u00e9 : battre les pires criminels du pays dans un tournoi impitoyable, pour esp\u00e9rer \u00eatre graci\u00e9e et sacr\u00e9e Champion du roi.\r\nSon nom est Celaena Sardothien.\r\nPour elle, perdre n'est pas une option.\r\nMais quand ses concurrents commencent \u00e0 mourir un \u00e0 un, l'assassineuse comprend que quelque chose de bien plus important est en train de se jouer \u00e0 la cour.\r\nEt si le sort du monde d\u00e9pendait de la lutte de Celaena pour sa libert\u00e9 ?\r\n\r\n\r\nD\u00e9couvrez Throne of Glass, la premi\u00e8re s\u00e9rie de Sarah J. Maas, autrice ph\u00e9nom\u00e8ne aux 50 millions de lecteurs dans le monde.\r\n\r\n","authors":["Sarah J. Maas"],"category_codes":["2000000","2050000","2050200","2050204"],"visuals":{"large":"https:\/\/images.epagine.fr\/678\/9791040122678_1_75.jpg","medium":"https:\/\/images.epagine.fr\/678\/9791040122678_1_m.jpg","thumbnail":"https:\/\/images.epagine.fr\/678\/9791040122678_1_v.jpg"},"orderable":true,"show_badge":true,"formatted_price":"18,90&nbsp;\u20ac","formatted_published_date":"7 mars 2025","publisher_availability_label":"Sur commande","short_details":"Sarah J. Maas \u2014 La Martini\u00e8re jeunesse","translator":null,"weight":506,"page_count":496,"readership":"\u00e0 partir de 15 ans","editor":"La Martini\u00e8re jeunesse","price":1890,"published_date":"2025-03-06T23:00:00.000000Z","support":"Grand format","publisher_availability":1,"stock":0,"editions":["9791040120025"],"url":"https:\/\/quaidesbrumes.com\/ouvrage\/9791040122678\/throne-of-glass-le-trone-de-verre-tome-1"},{"id":"9782386140327","title":"Les pharaons : Les grands souverains d'Egypte","description":"Plonge au coeur de l'\u00c9gypte ancienne, puis d\u00e9couvre les reines et les pharaons qui ont marqu\u00e9 leur temps. M\u00e9n\u00e8s, Kh\u00e9ops, Hatchepsout, Akh\u00e9naton, Toutankhamon, Rams\u00e8s II ou Cl\u00e9op\u00e2tre : leur r\u00e8gne et leurs plus belles r\u00e9alisations n'auront plus de secret pour toi...","authors":["Cl\u00e9mentine V. Baron","Mathieu Ferret","Bruno Wennagel"],"category_codes":["2000000","2070000","2070400"],"visuals":{"large":"https:\/\/images.epagine.fr\/327\/9782386140327_1_75.jpg","medium":"https:\/\/images.epagine.fr\/327\/9782386140327_1_m.jpg","thumbnail":"https:\/\/images.epagine.fr\/327\/9782386140327_1_v.jpg"},"orderable":true,"show_badge":true,"formatted_price":"5,00&nbsp;\u20ac","formatted_published_date":"6 novembre 2024","publisher_availability_label":"Sur commande","short_details":"Cl\u00e9mentine V. Baron, Mathieu Ferret, Bruno Wennagel \u2014 QUELLE HISTOIRE","translator":null,"weight":90,"page_count":40,"readership":"\u00e0 partir de 6 ANS","editor":"QUELLE HISTOIRE","price":500,"published_date":"2024-11-05T23:00:00.000000Z","support":"Grand format","publisher_availability":1,"stock":0,"editions":[],"url":"https:\/\/quaidesbrumes.com\/ouvrage\/9782386140327\/les-pharaons-les-grands-souverains-degypte"},{"id":"9782352633839","title":"Les animaux disparus (et retrouv\u00e9s !)","description":"Les dinosaures et autres animaux disparus, comme vous ne les avez jamais rencontr\u00e9s !\r\n\"D\u00e8s les origines, la vie sur Terre a \u00e9merg\u00e9... sous l'eau ! Peu \u00e0 peu, elle s'est d\u00e9velopp\u00e9e aussi sur la terre. Parmi les fascinantes cr\u00e9atures qui ont foul\u00e9 notre plan\u00e8te, on pense bien \u00e9videmment aux dinosaures, ma\u00eetres du monde pendant des millions d'ann\u00e9es. Mais d'autres esp\u00e8ces ont vu le jour avant eux... et longtemps apr\u00e8s eux ! Aujourd'hui, gr\u00e2ce au travail minutieux des pal\u00e9ontologues, nous comprenons mieux leurs modes de vie, leurs interactions et leur \u00e9volution.\r\nPage apr\u00e8s page, ce curieux cabinet de curiosit\u00e9 remonte le temps \u00e0 la d\u00e9couverte de ces animaux extraordinaires disparus... et retrouv\u00e9s !\"","authors":["Eric Mathivet","Capucine Mazille"],"category_codes":["2000000","2020000"],"visuals":{"large":"https:\/\/images.epagine.fr\/839\/9782352633839_1_75.jpg","medium":"https:\/\/images.epagine.fr\/839\/9782352633839_1_m.jpg","thumbnail":"https:\/\/images.epagine.fr\/839\/9782352633839_1_v.jpg"},"orderable":true,"show_badge":true,"formatted_price":"17,00&nbsp;\u20ac","formatted_published_date":"2 octobre 2025","publisher_availability_label":"Sur commande","short_details":"Eric Mathivet, Capucine Mazille \u2014 \u00c9ditions du Ricochet","translator":null,"weight":484,"page_count":38,"readership":"3\/6 ans","editor":"\u00c9ditions du Ricochet","price":1700,"published_date":"2025-10-01T22:00:00.000000Z","support":"Grand format","publisher_availability":1,"stock":0,"editions":[],"url":"https:\/\/quaidesbrumes.com\/ouvrage\/9782352633839\/les-animaux-disparus-et-retrouves"},{"id":"9782211336000","title":"Ourson et Pinson Tome 2 : Les \u00e9toiles et autres histoires","description":"Ourson et Pinson sont les meilleurs amis du monde ! M\u00eame s'ils ne se comprennent pas toujours, ils sont tous les deux d'accord : tout ce qu'ils veulent, c'est rendre l'autre heureux. Ainsi, lorsque Ourson engloutit le g\u00e2teau surprise que Pinson a pr\u00e9par\u00e9 pour lui, Pinson rit \u00e0 gorge d\u00e9ploy\u00e9e. Et quand Pinson se perd compl\u00e8tement apr\u00e8s s'\u00eatre assis sur un caillou qui avance tout seul, Ourson vient \u00e0 sa rescousse, sur un caillou qui marche lui aussi...","authors":["Jarvis","Agn\u00e8s Mathieu-Daud\u00e9"],"category_codes":["2000000","2040000","2040500","2040509"],"visuals":{"large":"https:\/\/images.epagine.fr\/000\/9782211336000_1_75.jpg","medium":"https:\/\/images.epagine.fr\/000\/9782211336000_1_m.jpg","thumbnail":"https:\/\/images.epagine.fr\/000\/9782211336000_1_v.jpg"},"orderable":true,"show_badge":false,"formatted_price":"12,00&nbsp;\u20ac","formatted_published_date":"17 janvier 2024","publisher_availability_label":"Sur commande","short_details":"Jarvis, Agn\u00e8s Mathieu-Daud\u00e9 \u2014 L'\u00c9cole des loisirs","translator":"AGNES MATHIEU-DAUDE","weight":264,"page_count":72,"readership":"\u00e0 partir de 6 ANS","editor":"L'\u00c9cole des loisirs","price":1200,"published_date":"2024-01-16T23:00:00.000000Z","support":"Grand format","publisher_availability":1,"stock":1,"editions":[],"url":"https:\/\/quaidesbrumes.com\/ouvrage\/9782211336000\/ourson-et-pinson-tome-2-les-etoiles-et-autres-histoires"},{"id":"9782095045869","title":"Arbres l\u00e9gendaires","description":"Partez \u00e0 la d\u00e9couverte des arbres les plus fascinants du monde et de leurs l\u00e9gendes dans ce magnifique album qui ravira les enfants d\u00e8s 8 ans !\r\nUn voyage extraordinaire au coeur des mythes et l\u00e9gendes qui invite les jeunes lecteurs \u00e0 d\u00e9couvrir 20 arbres embl\u00e9matiques des cinq continents et les r\u00e9cits fascinants qui leur sont associ\u00e9s depuis la nuit des temps.\r\n\r\nChaque double page pr\u00e9sente un arbre l\u00e9gendaire diff\u00e9rent \u00e0 travers un conte, un mythe, une l\u00e9gende ou une histoire vraie, r\u00e9v\u00e9lant son importance culturelle et symbolique dans les soci\u00e9t\u00e9s du monde entier. Au-del\u00e0 des r\u00e9cits captivants, l'ouvrage offre des informations pr\u00e9cieuses sur les aspects botaniques de chaque esp\u00e8ce, leur symbolique, leur environnement parfois menac\u00e9, la faune qui leur est associ\u00e9e et leurs usages traditionnels.\r\n\r\nUn ouvrage pr\u00e9cieux qui allie contenu documentaire de qualit\u00e9 et magie des l\u00e9gendes, pour \u00e9veiller la curiosit\u00e9 et l'imagination des enfants tout en les sensibilisant \u00e0 la pr\u00e9servation de notre patrimoine naturel.","authors":["Chris Lavaquerie-Klein","Laurence Paix-Rusterholtz","Orane Sigal"],"category_codes":["2000000","2070000","2070300"],"visuals":{"large":"https:\/\/images.epagine.fr\/869\/9782095045869_1_75.jpg","medium":"https:\/\/images.epagine.fr\/869\/9782095045869_1_m.jpg","thumbnail":"https:\/\/images.epagine.fr\/869\/9782095045869_1_v.jpg"},"orderable":true,"show_badge":true,"formatted_price":"15,95&nbsp;\u20ac","formatted_published_date":"23 octobre 2025","publisher_availability_label":"Sur commande","short_details":"Chris Lavaquerie-Klein, Laurence Paix-Rusterholtz, Orane Sigal \u2014 Nathan","translator":null,"weight":708,"page_count":48,"readership":"\u00e0 partir de 8 ANS","editor":"Nathan","price":1595,"published_date":"2025-10-22T22:00:00.000000Z","support":"Grand format","publisher_availability":1,"stock":0,"editions":[],"url":"https:\/\/quaidesbrumes.com\/ouvrage\/9782095045869\/arbres-legendaires"},{"id":"9782092491768","title":"Pers\u00e9e et le regard de pierre","description":"Les Histoires noires de la Mythologie : Pers\u00e9e et le regard de pierre  \" Pers\u00e9e pr\u00e9cisa, la voix mal assur\u00e9e :\r\n- Sur un plateau, je te l'apporterai, la t\u00eate de M\u00e9duse...\r\n- La t\u00eate de M\u00e9duse... repris Polydect\u00e8s. Quelle excellente id\u00e9e, mon gar\u00e7on ! Va, pars au-del\u00e0 des mers, trouve le refuge des Gorgones, tue la plus laide d'entre elles et rapporte-moi ton troph\u00e9e. \" Les r\u00e9cits les plus sombres de la mythologie adapt\u00e9s pour les adolescants.\r\nD\u00e8s 12 ans.","authors":["Aline Bureau","H\u00e9l\u00e8ne Montardre"],"category_codes":["2000000","2050000","2050200"],"visuals":{"large":"https:\/\/images.epagine.fr\/768\/9782092491768_1_75.jpg","medium":"https:\/\/images.epagine.fr\/768\/9782092491768_1_m.jpg","thumbnail":"https:\/\/images.epagine.fr\/768\/9782092491768_1_v.jpg"},"orderable":true,"show_badge":true,"formatted_price":"6,95&nbsp;\u20ac","formatted_published_date":"9 septembre 2021","publisher_availability_label":"Sur commande","short_details":"Aline Bureau, H\u00e9l\u00e8ne Montardre \u2014 Nathan","translator":null,"weight":207,"page_count":128,"readership":"\u00e0 partir de 12 ANS","editor":"Nathan","price":695,"published_date":"2021-09-08T22:00:00.000000Z","support":"Grand format","publisher_availability":1,"stock":0,"editions":[],"url":"https:\/\/quaidesbrumes.com\/ouvrage\/9782092491768\/persee-et-le-regard-de-pierre"},{"id":"9782095042929","title":"Chasse-Noisette","description":"Plongez dans la magie de No\u00ebl avec un magnifique album o\u00f9 Max et Ginger vivent une aventure f\u00e9erique nocturne \u00e0 l'Op\u00e9ra de Paris \u00e0 la recherche de personnages disparus !\r\nL'histoire : Ce soir, Max, Ginger et leurs amis dansent un c\u00e9l\u00e8bre ballet sur la sc\u00e8ne de l'Op\u00e9ra de Paris !\r\nMais... \u00e7a alors ! Deux personnages de l'histoire, la f\u00e9e Drag\u00e9e et le Prince Orgeat, ont disparu !\r\nMax et Ginger profitent de l'entracte pour d\u00e9marrer une course poursuite f\u00e9\u00e9rique dans Paris la nuit \u00e0 la recherche de leurs amis ! Une ambiance magique et un clin d'oeil \u00e0 Casse-Noisette !\r\n\r\nUn livre qui transporte les enfants dans l'univers enchanteur du ballet, avec une touche d'aventure et de myst\u00e8re !\r\nL'univers po\u00e9tique et tendre de deux autrices incontournables : Astrid Desbordes et Pauline Martin.","authors":["Astrid Desbordes","Pauline Martin"],"category_codes":["2000000","2030000","2030400"],"visuals":{"large":"https:\/\/images.epagine.fr\/929\/9782095042929_1_75.jpg","medium":"https:\/\/images.epagine.fr\/929\/9782095042929_1_m.jpg","thumbnail":"https:\/\/images.epagine.fr\/929\/9782095042929_1_v.jpg"},"orderable":true,"show_badge":true,"formatted_price":"15,95&nbsp;\u20ac","formatted_published_date":"9 octobre 2025","publisher_availability_label":"Sur commande","short_details":"Astrid Desbordes, Pauline Martin \u2014 Nathan","translator":null,"weight":564,"page_count":32,"readership":"\u00e0 partir de 4 ANS","editor":"Nathan","price":1595,"published_date":"2025-10-08T22:00:00.000000Z","support":"Grand format","publisher_availability":1,"stock":0,"editions":[],"url":"https:\/\/quaidesbrumes.com\/ouvrage\/9782095042929\/chasse-noisette"},{"id":"9782215201380","title":"Les animaux","description":"De belles photos, des illustrations et des informations pour d\u00e9couvrir le monde en s'amusant !\r\nEt de petites questions pour amuser les petits curieux.\r\nLes animaux de compagnie, de la mer, de la jungle, de la savane, de la banquise, de la for\u00eat, de la ferme, de la campagne.","authors":["Camille Ferrari"],"category_codes":["2000000","2020000","2020300"],"visuals":{"large":"https:\/\/images.epagine.fr\/380\/9782215201380_1_75.jpg","medium":"https:\/\/images.epagine.fr\/380\/9782215201380_1_m.jpg","thumbnail":"https:\/\/images.epagine.fr\/380\/9782215201380_1_v.jpg"},"orderable":true,"show_badge":true,"formatted_price":"9,95&nbsp;\u20ac","formatted_published_date":"13 mars 2026","publisher_availability_label":"Sur commande","short_details":"Camille Ferrari \u2014 Fleurus","translator":null,"weight":276,"page_count":24,"readership":"0\/3 ans","editor":"Fleurus","price":995,"published_date":"2026-03-12T23:00:00.000000Z","support":"Grand format","publisher_availability":1,"stock":0,"editions":[],"url":"https:\/\/quaidesbrumes.com\/ouvrage\/9782215201380\/les-animaux"},{"id":"9782215201403","title":"Les v\u00e9hicules","description":"De belles photos, des illustrations et des informations pour d\u00e9couvrir le monde en s'amusant !\r\n\r\nEt de petites questions pour amuser les petits curieux.\r\n\r\nLes v\u00e9hicules de secours, de la ville, dans les airs, sur l'eau, sur les rails, de la ferme, d'entretien, de chantier.","authors":["Camille Ferrari"],"category_codes":["2000000","2020000","2020300"],"visuals":{"large":"https:\/\/images.epagine.fr\/403\/9782215201403_1_75.jpg","medium":"https:\/\/images.epagine.fr\/403\/9782215201403_1_m.jpg","thumbnail":"https:\/\/images.epagine.fr\/403\/9782215201403_1_v.jpg"},"orderable":true,"show_badge":true,"formatted_price":"9,95&nbsp;\u20ac","formatted_published_date":"13 mars 2026","publisher_availability_label":"Sur commande","short_details":"Camille Ferrari \u2014 Fleurus","translator":null,"weight":274,"page_count":24,"readership":"0\/3 ans","editor":"Fleurus","price":995,"published_date":"2026-03-12T23:00:00.000000Z","support":"Grand format","publisher_availability":1,"stock":0,"editions":[],"url":"https:\/\/quaidesbrumes.com\/ouvrage\/9782215201403\/les-vehicules"},{"id":"9782211070355","title":"Aboie, Georges !","description":"La maman de Georges dit: \"Allez, aboie, Georges!\" Georges fait \"Miaou\". \"Non, Georges\", dit la maman de Georges. \"Les chats font miaou mais les chiens font wouf. Allez, aboie, Georges!\" Et Georges fait \"Coin Coin\".\r","authors":["Jules Feiffer"],"category_codes":["2000000","2030000","2030300"],"visuals":{"large":"https:\/\/images.epagine.fr\/355\/9782211070355_1_75.jpg","medium":"https:\/\/images.epagine.fr\/355\/9782211070355_1_m.jpg","thumbnail":"https:\/\/images.epagine.fr\/355\/9782211070355_1_v.jpg"},"orderable":true,"show_badge":true,"formatted_price":"6,00&nbsp;\u20ac","formatted_published_date":"1er f\u00e9vrier 2003","publisher_availability_label":"Sur commande","short_details":"Jules Feiffer \u2014 L'\u00c9cole des loisirs","translator":null,"weight":92,"page_count":36,"readership":"3\/6 ans","editor":"L'\u00c9cole des loisirs","price":600,"published_date":"2003-01-31T23:00:00.000000Z","support":"Poche","publisher_availability":1,"stock":0,"editions":["9782211308113","9782211057189"],"url":"https:\/\/quaidesbrumes.com\/ouvrage\/9782211070355\/aboie-georges"},{"id":"9782384536009","title":"Mon imagier en feutrine : Mes premi\u00e8res saisons","description":"Un premier imagier joyeux et color\u00e9 avec des d\u00e9tails \u00e0 toucher.\r\nCe joli imagier, d\u00e9licatement illustr\u00e9, fait d\u00e9couvrir les saisons aux tout-petits et stimule le toucher avec plus de 100 d\u00e9tails en feutrine \u00e0 explorer du bout des doigts. Chaque double-page met en sc\u00e8ne des mots simples du quotidien \u00e0 travers des illustrations faciles \u00e0 reconna\u00eetre, pour enrichir le vocabulaire des b\u00e9b\u00e9s, d\u00e8s 10 mois. Un cadeau id\u00e9al pour accompagner les premiers apprentissages.","authors":["Collectif","Jane Farnham"],"category_codes":["2000000","2020000","2020500"],"visuals":{"large":"https:\/\/images.epagine.fr\/009\/9782384536009_1_75.jpg","medium":"https:\/\/images.epagine.fr\/009\/9782384536009_1_m.jpg","thumbnail":"https:\/\/images.epagine.fr\/009\/9782384536009_1_v.jpg"},"orderable":true,"show_badge":true,"formatted_price":"12,00&nbsp;\u20ac","formatted_published_date":"16 avril 2026","publisher_availability_label":"Sur commande","short_details":"Collectif, Jane Farnham \u2014 1, 2, 3 Soleil !","translator":null,"weight":454,"page_count":24,"readership":"0\/3 ans","editor":"1, 2, 3 Soleil !","price":1200,"published_date":"2026-04-15T22:00:00.000000Z","support":"Grand format","publisher_availability":1,"stock":0,"editions":[],"url":"https:\/\/quaidesbrumes.com\/ouvrage\/9782384536009\/mon-imagier-en-feutrine-mes-premieres-saisons"},{"id":"9791036324529","title":"La cabane magique Tome 32 : le dragon du mont Fuji","description":"Le premier secret du bonheur se trouve au Japon...Au royaume de Camelot, rien ne va plus : Merlin est d\u00e9prim\u00e9.Pour lui redonner le go\u00fbt de vivre, Tom et L\u00e9a partent \u00e0 la recherche des quatre secrets du bonheur. Dans la cabane magique, ils d\u00e9couvrent un livre sur le Japon d'autrefois. Les voici transport\u00e9s par magie dans le magnifique jardin imp\u00e9rial d'Edo, le Tokyo du XVI\u00e8me si\u00e8cle. Les samoura\u00efs veillent sur la ville : si Tom et L\u00e9a ne se font pas d\u00e9livrer un passeport au plus vite, ils pourraient \u00eatre s\u00e9v\u00e8rement punis ! Alors qu'ils se croient perdus, ils font la connaissance de Basho, un vieux po\u00e8te tr\u00e8s respect\u00e9 qui les prot\u00e8ge et leur fait d\u00e9couvrir Edo Mais le lendemain, la ville est ravag\u00e9e par un terrible incendie ! Tom et L\u00e9a vont tout faire pour aider les habitants et trouver parmi les flammes le premier secret du bonheur...","authors":["Mary Pope Osborne","Marie-H\u00e9l\u00e8ne Delval"],"category_codes":["2000000","2040000","2040300"],"visuals":{"large":"https:\/\/images.epagine.fr\/529\/9791036324529_1_75.jpg","medium":"https:\/\/images.epagine.fr\/529\/9791036324529_1_m.jpg","thumbnail":"https:\/\/images.epagine.fr\/529\/9791036324529_1_v.jpg"},"orderable":true,"show_badge":true,"formatted_price":"6,90&nbsp;\u20ac","formatted_published_date":"27 janvier 2021","publisher_availability_label":"Sur commande","short_details":"Mary Pope Osborne, Marie-H\u00e9l\u00e8ne Delval \u2014 Bayard Jeunesse","translator":"MARIE-HELENE DELVAL","weight":228,"page_count":160,"readership":"\u00e0 partir de 6 ANS","editor":"Bayard Jeunesse","price":690,"published_date":"2021-01-26T23:00:00.000000Z","support":"Poche","publisher_availability":1,"stock":0,"editions":[],"url":"https:\/\/quaidesbrumes.com\/ouvrage\/9791036324529\/la-cabane-magique-tome-32-le-dragon-du-mont-fuji"},{"id":"9782211061025","title":"Tous les bisous","description":"Du gros bisou d'\u00e9l\u00e9phant au tout petit bisou de fourmi, du bisou toutou au bisou chatouille, il y a dans ce livre TOUS les bisous !","authors":["Pierrick Bisinski","Alex Sanders"],"category_codes":["2000000","2020000","2020300"],"visuals":{"large":"https:\/\/images.epagine.fr\/025\/9782211061025_1_75.jpg","medium":"https:\/\/images.epagine.fr\/025\/9782211061025_1_m.jpg","thumbnail":"https:\/\/images.epagine.fr\/025\/9782211061025_1_v.jpg"},"orderable":true,"show_badge":true,"formatted_price":"11,00&nbsp;\u20ac","formatted_published_date":"3 mai 2001","publisher_availability_label":"Sur commande","short_details":"Pierrick Bisinski, Alex Sanders \u2014 L'\u00c9cole des loisirs","translator":null,"weight":360,"page_count":30,"readership":"0\/3 ans","editor":"L'\u00c9cole des loisirs","price":1100,"published_date":"2001-05-02T22:00:00.000000Z","support":"Grand format","publisher_availability":1,"stock":0,"editions":[],"url":"https:\/\/quaidesbrumes.com\/ouvrage\/9782211061025\/tous-les-bisous"},{"id":"9782075171021","title":"Le grand livre pour observer les \u00e9toiles","description":"Qu'est-ce qu'une constellation ? Pourquoi les \u00e9toiles se d\u00e9placent-elles dans le ciel ? Quels sont les astres les plus brillants en \u00e9t\u00e9 ou en hiver ?Ce grand livre est le guide indispensable parmi les myriades d'astres qui brillent au firmament. Il propose 4 routes \u00e0 suivre pas \u00e0 pas, selon la saison, pour identifier les 20 principales constellations de nos latitudes et situer les \u00e9toiles les plus remarquables. Gr\u00e2ce \u00e0 la carte du ciel nocturne qui brille dans le noir -fournie avec ce livre- il est encore plus facile d'identifier, sur le terrain, les \u00e9toiles et les constellations tout au long de l'ann\u00e9e. La vo\u00fbte c\u00e9leste devient ainsi compl\u00e8tement lisible !","authors":["Collectif","Bruno Porlier"],"category_codes":["2000000","2070000","2070300"],"visuals":{"large":"https:\/\/images.epagine.fr\/021\/9782075171021_1_75.jpg","medium":"https:\/\/images.epagine.fr\/021\/9782075171021_1_m.jpg","thumbnail":"https:\/\/images.epagine.fr\/021\/9782075171021_1_v.jpg"},"orderable":true,"show_badge":true,"formatted_price":"18,50&nbsp;\u20ac","formatted_published_date":"16 juin 2022","publisher_availability_label":"Sur commande","short_details":"Collectif, Bruno Porlier \u2014 Gallimard Jeunesse","translator":"BRUNO PORLIER","weight":586,"page_count":128,"readership":"\u00e0 partir de 8 ANS","editor":"Gallimard Jeunesse","price":1850,"published_date":"2022-06-15T22:00:00.000000Z","support":"Grand format","publisher_availability":1,"stock":0,"editions":[],"url":"https:\/\/quaidesbrumes.com\/ouvrage\/9782075171021\/le-grand-livre-pour-observer-les-etoiles"},{"id":"9782266339391","title":"Le bureau des coeurs trouv\u00e9s Tome 3 : Sasha melody","description":"Une s\u00e9rie qui fait la part belle aux coeurs perdus, \u00e0 ceux qui sont mis \u00e0 l'\u00e9cart.\r\nJe m'appelle Sasha et je suis en 4e. Les gens me prennent pour Miss Parfaite, mais ce n'est qu'une fa\u00e7ade. \u00catre la chanteuse des Lost & Found est ma plus grande fiert\u00e9, pourtant je suis de moins en moins s\u00fbre d'\u00eatre \u00e0 la hauteur.\r\nMon talent : \u00eatre la voix du groupe ;\r\nMon histoire : je dissimule mes peurs derri\u00e8re mon sourire ;\r\nMon r\u00eave : m'\u00e9panouir enfin dans ce que j'aime ;\r\nMon probl\u00e8me : j'ai des trous noirs qui me compliquent s\u00e9rieusement la vie.","authors":["Cathy Cassidy","Anne Guitton"],"category_codes":["2000000","2040000","2040500","2040508"],"visuals":{"large":"https:\/\/images.epagine.fr\/391\/9782266339391_1_75.jpg","medium":"https:\/\/images.epagine.fr\/391\/9782266339391_1_m.jpg","thumbnail":"https:\/\/images.epagine.fr\/391\/9782266339391_1_v.jpg"},"orderable":true,"show_badge":true,"formatted_price":"8,10&nbsp;\u20ac","formatted_published_date":"18 avril 2024","publisher_availability_label":"Sur commande","short_details":"Cathy Cassidy, Anne Guitton \u2014 Pocket Jeunesse","translator":"ANNE GUITTON","weight":162,"page_count":320,"readership":"\u00e0 partir de 10 ANS","editor":"Pocket Jeunesse","price":810,"published_date":"2024-04-17T22:00:00.000000Z","support":"Poche","publisher_availability":1,"stock":0,"editions":[],"url":"https:\/\/quaidesbrumes.com\/ouvrage\/9782266339391\/le-bureau-des-coeurs-trouves-tome-3-sasha-melody"},{"id":"9782017350576","title":"Simplissime : 40 pas-\u00e0-pas : Dessins mangas chibi","description":"40 dessins chibi faciles \u00e0 repr\u00e9senter \u00e0 partir de formes simples et en quelques coups de crayon !\r\nLe style manga chibi est un dessin japonais o\u00f9 les personnages sont repr\u00e9sent\u00e9s en version mini, avec une grosse t\u00eate, un petit corps et de grands yeux. Il rend les h\u00e9ros dr\u00f4les, simples et tr\u00e8s mignons.\r\nDes \u00e9tapes claires, toutes en images et faciles \u00e0 suivre, pour terminer avec le mod\u00e8le final en couleurs. Parfait pour devenir un champion du dessin et \u00e9pater ses amis ! Tous les pas-\u00e0-pas de la c\u00e9l\u00e8bre collection Simplissime rassembl\u00e9s dans des livres souples, moins chers, et toujours aussi simples !","authors":["Jindorow"],"category_codes":["2000000","2060000","2060300","2060302"],"visuals":{"large":"https:\/\/images.epagine.fr\/576\/9782017350576_1_75.jpg","medium":"https:\/\/images.epagine.fr\/576\/9782017350576_1_m.jpg","thumbnail":"https:\/\/images.epagine.fr\/576\/9782017350576_1_v.jpg"},"orderable":true,"show_badge":true,"formatted_price":"6,95&nbsp;\u20ac","formatted_published_date":"11 mars 2026","publisher_availability_label":"Sur commande","short_details":"Jindorow \u2014 Hachette Enfants","translator":null,"weight":230,"page_count":96,"readership":null,"editor":"Hachette Enfants","price":695,"published_date":"2026-03-10T23:00:00.000000Z","support":"Grand format","publisher_availability":1,"stock":0,"editions":[],"url":"https:\/\/quaidesbrumes.com\/ouvrage\/9782017350576\/simplissime-40-pas-a-pas-dessins-mangas-chibi"},{"id":"9782378013516","title":"Pomme d'Or et le monde imnuscule","description":"Apr\u00e8s le succ\u00e8s de Nos Maisons, \u00c9lise Peyrache revient avec un nouvel album anim\u00e9 sur une th\u00e9matique qui devient son credo : la nature. On d\u00e9ambule ici dans le monde minuscule et magique des f\u00e9es, des lutins mais aussi d'insectes bien r\u00e9els comme les abeilles, les vers de terre...\r\n\r\nEn plus de nous raconter une histoire tendre, l'auteure int\u00e8gre des infos documentaires sur les diff\u00e9rents insectes que Pomme d'Or croise sur son chemin. On apprend ainsi que les abeilles habitent en collectivit\u00e9 et sont tr\u00e8s organis\u00e9es, mais aussi que le ver de terre creuse des tunnels permettant \u00e0 la terre de respirer et se fertiliser. Des flaps pr\u00e9sents tout au long du livre permettant de cr\u00e9er la surprise et de mieux s'immerger dans ce monde merveilleux. Avec talent, \u00c9lise Peyrache nous plonge une nouvelle fois dans son univers \u00e0 la Semp\u00e9 o\u00f9 chaque d\u00e9tail prend sens dans cette nature foisonnante.","authors":["Elise Peyrache"],"category_codes":["2000000","2030000","2030500"],"visuals":{"large":"https:\/\/images.epagine.fr\/516\/9782378013516_1_75.jpg","medium":"https:\/\/images.epagine.fr\/516\/9782378013516_1_m.jpg","thumbnail":"https:\/\/images.epagine.fr\/516\/9782378013516_1_v.jpg"},"orderable":true,"show_badge":false,"formatted_price":"15,00&nbsp;\u20ac","formatted_published_date":"30 mai 2025","publisher_availability_label":"Sur commande","short_details":"Elise Peyrache \u2014 Saltimbanque \u00c9ditions","translator":null,"weight":516,"page_count":48,"readership":"3\/6 ans","editor":"Saltimbanque \u00c9ditions","price":1500,"published_date":"2025-05-29T22:00:00.000000Z","support":"Grand format","publisher_availability":1,"stock":1,"editions":[],"url":"https:\/\/quaidesbrumes.com\/ouvrage\/9782378013516\/pomme-dor-et-le-monde-imnuscule"},{"id":"9782215182900","title":"Le rugby","description":"Un documentaire riche en images, pour tout apprendre sur le rugby, de l'histoire de sa cr\u00e9ation \u00e0 aujourd'hui, en passant par les r\u00e8gles, les grandes \u00e9quipes, les joueurs iconiques... \u00c0 la fin du livre, un super poster !","authors":["Aymeric Jeanson"],"category_codes":["2000000","2070000","2070900"],"visuals":{"large":"https:\/\/images.epagine.fr\/900\/9782215182900_1_75.jpg","medium":"https:\/\/images.epagine.fr\/900\/9782215182900_1_m.jpg","thumbnail":"https:\/\/images.epagine.fr\/900\/9782215182900_1_v.jpg"},"orderable":true,"show_badge":true,"formatted_price":"8,95&nbsp;\u20ac","formatted_published_date":"5 mai 2023","publisher_availability_label":"Sur commande","short_details":"Aymeric Jeanson \u2014 Fleurus","translator":null,"weight":398,"page_count":32,"readership":null,"editor":"Fleurus","price":895,"published_date":"2023-05-04T22:00:00.000000Z","support":"Grand format","publisher_availability":1,"stock":0,"editions":[],"url":"https:\/\/quaidesbrumes.com\/ouvrage\/9782215182900\/le-rugby"},{"id":"9782215198376","title":"Ranch vanille : Une rentr\u00e9e au galop","description":"Moustik est une collection de romans-BD : 96 pages de roman entrecoup\u00e9es de 16 planches de BD !\r\n\r\nCette ann\u00e9e, Ambre , 11 ans, r\u00e9alise son r\u00eave : int\u00e9grer le prestigieux Ranch Vanille, un pensionnat \u00e9questre d'exception !\r\n\r\nAu programme : cours, balades \u00e0 cheval et entra\u00eenements pour la c\u00e9l\u00e8bre course d'orientation du Ranch. L'occasion id\u00e9ale de se faire de nouveaux amis et de tisser un lien unique avec les chevaux.\r\n\r\nMais alors que tout semble parfait, Nougat, un jeune poulain, dispara\u00eet myst\u00e9rieusement. Aid\u00e9e de Vanille, une jument malicieuse, et de sa joyeuse bande d'amis, Ambre se lance \u00e0 sa recherche, au risque de mettre son r\u00eave en p\u00e9ril...","authors":["Mathilde Ray","Giulia Adragna"],"category_codes":["2000000","2040000","2040500"],"visuals":{"large":"https:\/\/images.epagine.fr\/376\/9782215198376_1_75.jpg","medium":"https:\/\/images.epagine.fr\/376\/9782215198376_1_m.jpg","thumbnail":"https:\/\/images.epagine.fr\/376\/9782215198376_1_v.jpg"},"orderable":true,"show_badge":true,"formatted_price":"12,90&nbsp;\u20ac","formatted_published_date":"5 septembre 2025","publisher_availability_label":"Sur commande","short_details":"Mathilde Ray, Giulia Adragna \u2014 Fleurus","translator":null,"weight":330,"page_count":40,"readership":"\u00e0 partir de 6 ANS","editor":"Fleurus","price":1290,"published_date":"2025-09-04T22:00:00.000000Z","support":"Grand format","publisher_availability":1,"stock":0,"editions":[],"url":"https:\/\/quaidesbrumes.com\/ouvrage\/9782215198376\/ranch-vanille-une-rentree-au-galop"}]}