{"data":[{"id":"9782012248137","title":"Monsieur Malpoli","description":"D\u00e9couvrez l'histoire de Monsieur Malpoli.","authors":["Roger Hargreaves"],"category_codes":["2000000","2020000","2020400"],"visuals":{"large":"https:\/\/images.epagine.fr\/137\/9782012248137_1_75.jpg","medium":"https:\/\/images.epagine.fr\/137\/9782012248137_1_m.jpg","thumbnail":"https:\/\/images.epagine.fr\/137\/9782012248137_1_v.jpg"},"orderable":true,"show_badge":true,"formatted_price":"2,90&nbsp;\u20ac","formatted_published_date":"2 avril 2008","publisher_availability_label":"Sur commande","short_details":"Roger Hargreaves \u2014 Hachette Jeunesse","translator":null,"weight":54,"page_count":40,"readership":"\u00e0 partir de 4 ANS","editor":"Hachette Jeunesse","price":290,"published_date":"2008-04-01T22:00:00.000000Z","support":"Grand format","publisher_availability":1,"stock":0,"editions":[],"url":"https:\/\/quaidesbrumes.com\/ouvrage\/9782012248137\/monsieur-malpoli"},{"id":"9782330117573","title":"Crocolou aime se d\u00e9guiser","description":"Ce matin, Crocolou a sorti tous ses jouets car il a invit\u00e9 No\u00e9 et Pilou. Les trois amis sont heureux de se retrouver pour inventer plein de jeux. Mais tr\u00e8s vite c'est la pagaille et des cris dans la chambre. A\u00efe ! plus de peur que de mal, il est temps de jouer sagement au docteur.","authors":["Oph\u00e9lie Texier"],"category_codes":["2000000","2020000","2020400"],"visuals":{"large":"https:\/\/images.epagine.fr\/573\/9782330117573_1_75.jpg","medium":"https:\/\/images.epagine.fr\/573\/9782330117573_1_m.jpg","thumbnail":"https:\/\/images.epagine.fr\/573\/9782330117573_1_v.jpg"},"orderable":true,"show_badge":false,"formatted_price":"5,40&nbsp;\u20ac","formatted_published_date":"13 f\u00e9vrier 2019","publisher_availability_label":"Sur commande","short_details":"Oph\u00e9lie Texier \u2014 Actes Sud Jeunesse","translator":null,"weight":86,"page_count":32,"readership":"3\/6 ans","editor":"Actes Sud Jeunesse","price":540,"published_date":"2019-02-12T23:00:00.000000Z","support":"Grand format","publisher_availability":1,"stock":1,"editions":[],"url":"https:\/\/quaidesbrumes.com\/ouvrage\/9782330117573\/crocolou-aime-se-deguiser"},{"id":"9782330117504","title":"Crocolou aime la galette","description":"Aujourd'hui, c'est l'\u00c9piphanie ! L'occasion pour Crocolou de partager une galette en famille. C'est Marilou qui a la f\u00eave. Crocolou est un peu d\u00e9\u00e7u mais, heureusement, qui choisit-elle comme roi ? Son grand-fr\u00e8re, bien s\u00fbr.","authors":["Oph\u00e9lie Texier"],"category_codes":["2000000","2020000","2020400"],"visuals":{"large":"https:\/\/images.epagine.fr\/504\/9782330117504_1_75.jpg","medium":"https:\/\/images.epagine.fr\/504\/9782330117504_1_m.jpg","thumbnail":"https:\/\/images.epagine.fr\/504\/9782330117504_1_v.jpg"},"orderable":true,"show_badge":true,"formatted_price":"5,40&nbsp;\u20ac","formatted_published_date":"19 d\u00e9cembre 2018","publisher_availability_label":"Sur commande","short_details":"Oph\u00e9lie Texier \u2014 Actes Sud Jeunesse","translator":null,"weight":86,"page_count":32,"readership":"3\/6 ans","editor":"Actes Sud Jeunesse","price":540,"published_date":"2018-12-18T23:00:00.000000Z","support":"Grand format","publisher_availability":1,"stock":0,"editions":[],"url":"https:\/\/quaidesbrumes.com\/ouvrage\/9782330117504\/crocolou-aime-la-galette"},{"id":"9782017240310","title":"Sherlock, Lupin & moi Tome 13 : le souterrain mortel","description":"R\u00e9fugi\u00e9e \u00e0 New York, Irene se rem\u00e9more une enqu\u00eate men\u00e9e \u00e0 Londres avec ses deux grands amis, Sherlock et Lupin : une rencontre avec un homme boulevers\u00e9, une sc\u00e8ne de crime sans cadavre, la d\u00e9couverte d'un r\u00e9seau de galeries souterraines, et une course-poursuite effr\u00e9n\u00e9e \u00e0 travers les entrailles de la ville...\r\nDans ce labyrinthe inqui\u00e9tant, la perspicacit\u00e9 l\u00e9gendaire des trois amis les avait guid\u00e9s vers l'une de leurs derni\u00e8res - et plus belles - aventures.","authors":["Irene Adler","B\u00e9atrice Didiot"],"category_codes":["2000000","2040000","2040500","2040506"],"visuals":{"large":"https:\/\/images.epagine.fr\/310\/9782017240310_1_75.jpg","medium":"https:\/\/images.epagine.fr\/310\/9782017240310_1_m.jpg","thumbnail":"https:\/\/images.epagine.fr\/310\/9782017240310_1_v.jpg"},"orderable":true,"show_badge":true,"formatted_price":"6,90&nbsp;\u20ac","formatted_published_date":"17 janvier 2024","publisher_availability_label":"Sur commande","short_details":"Irene Adler, B\u00e9atrice Didiot \u2014 Le Livre de Poche Jeunesse","translator":"BEATRICE DIDIOT","weight":158,"page_count":256,"readership":"\u00e0 partir de 10 ANS","editor":"Le Livre de Poche Jeunesse","price":690,"published_date":"2024-01-16T23:00:00.000000Z","support":"Poche","publisher_availability":1,"stock":0,"editions":["9782226465351"],"url":"https:\/\/quaidesbrumes.com\/ouvrage\/9782017240310\/sherlock-lupin-moi-tome-13-le-souterrain-mortel"},{"id":"9782211313131","title":"Les trois pires histoires de pirates","description":"Ils sont rares, les albums qui nous font \u00e9clater de rire d\u00e8s la premi\u00e8re page. Celui-ci est de cette trempe : un village entier de pirates se moque de Richard, et pourquoi ? \" Il a pas d'perroquet ! Il a pas d'perroquet ! \" C'est le seul dans ce cas, et il a une bonne raison...\r","authors":["Perceval Barrier","Thomas Bretonneau"],"category_codes":["2000000","2030000","2030400"],"visuals":{"large":"https:\/\/images.epagine.fr\/131\/9782211313131_1_75.jpg","medium":"https:\/\/images.epagine.fr\/131\/9782211313131_1_m.jpg","thumbnail":"https:\/\/images.epagine.fr\/131\/9782211313131_1_v.jpg"},"orderable":true,"show_badge":true,"formatted_price":"6,00&nbsp;\u20ac","formatted_published_date":"7 avril 2021","publisher_availability_label":"Sur commande","short_details":"Perceval Barrier, Thomas Bretonneau \u2014 L'\u00c9cole des loisirs","translator":null,"weight":172,"page_count":69,"readership":"3\/6 ans","editor":"L'\u00c9cole des loisirs","price":600,"published_date":"2021-04-06T22:00:00.000000Z","support":"Poche","publisher_availability":1,"stock":0,"editions":["9782211215701"],"url":"https:\/\/quaidesbrumes.com\/ouvrage\/9782211313131\/les-trois-pires-histoires-de-pirates"},{"id":"9782884807838","title":"Veulent rester en vacances","description":"Max compte avec angoisse les jours de vacances qui restent et il fait tout pour en profiter au maximum... Lili, elle, essaie de ralentir le temps qui passe... Vont-ils arriver \u00e0 se rassasier  des vacances pour envisager la rentr\u00e9e des classes avec plaisir ?\r","authors":["Serge Bloch","Dominique de Saint-Mars"],"category_codes":["2000000","2040000","2040200"],"visuals":{"large":"https:\/\/images.epagine.fr\/838\/9782884807838_1_75.jpg","medium":"https:\/\/images.epagine.fr\/838\/9782884807838_1_m.jpg","thumbnail":"https:\/\/images.epagine.fr\/838\/9782884807838_1_v.jpg"},"orderable":true,"show_badge":true,"formatted_price":"6,20&nbsp;\u20ac","formatted_published_date":"23 ao\u00fbt 2018","publisher_availability_label":"Sur commande","short_details":"Serge Bloch, Dominique de Saint-Mars \u2014 Calligram","translator":null,"weight":114,"page_count":43,"readership":"6\/9 ans","editor":"Calligram","price":620,"published_date":"2018-08-22T22:00:00.000000Z","support":"Grand format","publisher_availability":1,"stock":0,"editions":[],"url":"https:\/\/quaidesbrumes.com\/ouvrage\/9782884807838\/veulent-rester-en-vacances"},{"id":"9782884455299","title":"Lucien n'a pas de copains","description":"Cette histoire de Lucien montre que chacun est diff\u00e9rent et a plus ou moins de difficult\u00e9s.\r","authors":["Serge Bloch","Dominique de Saint-Mars"],"category_codes":["2000000","2040000","2040200"],"visuals":{"large":"https:\/\/images.epagine.fr\/299\/9782884455299_1_75.jpg","medium":"https:\/\/images.epagine.fr\/299\/9782884455299_1_m.jpg","thumbnail":"https:\/\/images.epagine.fr\/299\/9782884455299_1_v.jpg"},"orderable":true,"show_badge":true,"formatted_price":"6,20&nbsp;\u20ac","formatted_published_date":"22 f\u00e9vrier 2005","publisher_availability_label":"Sur commande","short_details":"Serge Bloch, Dominique de Saint-Mars \u2014 Calligram","translator":null,"weight":118,"page_count":43,"readership":"6\/9 ans","editor":"Calligram","price":620,"published_date":"2005-02-21T23:00:00.000000Z","support":"Grand format","publisher_availability":1,"stock":0,"editions":[],"url":"https:\/\/quaidesbrumes.com\/ouvrage\/9782884455299\/lucien-na-pas-de-copains"},{"id":"9791039548076","title":"Les jumeaux Capoupacap Tome 1 : Plus de ma\u00eetresse !","description":"C'est bient\u00f4t la rentr\u00e9e... trop nul ! Heureusement, on a un super plan pour ne pas retourner \u00e0 l'\u00e9cole : 1. Avoir une id\u00e9e de g\u00e9nie (chuuuutttt) 2. En parler \u00e0 son jumeau (re-chuuuuutttt) 3. Bon, on y va, maintenant ?!","authors":["Maya Saenz-Arnaud","St\u00e9phanie Alastra"],"category_codes":["2000000","2040000","2040200"],"visuals":{"large":"https:\/\/images.epagine.fr\/076\/9791039548076_1_75.jpg","medium":"https:\/\/images.epagine.fr\/076\/9791039548076_1_m.jpg","thumbnail":"https:\/\/images.epagine.fr\/076\/9791039548076_1_v.jpg"},"orderable":true,"show_badge":true,"formatted_price":"5,95&nbsp;\u20ac","formatted_published_date":"6 septembre 2024","publisher_availability_label":"Sur commande","short_details":"Maya Saenz-Arnaud, St\u00e9phanie Alastra \u2014 Auzou","translator":null,"weight":142,"page_count":40,"readership":"\u00e0 partir de 6 ANS","editor":"Auzou","price":595,"published_date":"2024-09-05T22:00:00.000000Z","support":"Grand format","publisher_availability":1,"stock":0,"editions":[],"url":"https:\/\/quaidesbrumes.com\/ouvrage\/9791039548076\/les-jumeaux-capoupacap-tome-1-plus-de-maitresse"},{"id":"9782017237198","title":"Destins de champions Tome 10 : Une biographie de Zin\u00e9dine Zidane","description":"Depuis plus de trente ans, Zin\u00e9dine Zidane fait r\u00eaver les amateurs de foot du monde entier. En tant que joueur puis en tant qu'entra\u00eeneur, il a tout rafl\u00e9, jusqu'\u00e0 devenir une v\u00e9ritable l\u00e9gende vivante, symbole de tout un sport et de tout un pays. De son enfance marseillaise \u00e0 ses succ\u00e8s au Real Madrid, en passant par le sacre de champion du monde 1998, revivez les moments forts de sa carri\u00e8re dans cette biographie in\u00e9dite !\r\n\r\nUne biographie \u00e9crite par Luca Caioli et Cyril Collot, journalistes sportifs auteurs de nombreux ouvrages sur le football.","authors":["Luca Caioli","Cyril Collot"],"category_codes":["2000000","2040000","2040500"],"visuals":{"large":"https:\/\/images.epagine.fr\/198\/9782017237198_1_75.jpg","medium":"https:\/\/images.epagine.fr\/198\/9782017237198_1_m.jpg","thumbnail":"https:\/\/images.epagine.fr\/198\/9782017237198_1_v.jpg"},"orderable":true,"show_badge":true,"formatted_price":"5,90&nbsp;\u20ac","formatted_published_date":"3 avril 2024","publisher_availability_label":"Sur commande","short_details":"Luca Caioli, Cyril Collot \u2014 Hachette Jeunesse","translator":null,"weight":136,"page_count":128,"readership":"\u00e0 partir de 8 ANS","editor":"Hachette Jeunesse","price":590,"published_date":"2024-04-02T22:00:00.000000Z","support":"Poche","publisher_availability":1,"stock":0,"editions":[],"url":"https:\/\/quaidesbrumes.com\/ouvrage\/9782017237198\/destins-de-champions-tome-10-une-biographie-de-zinedine-zidane"},{"id":"9782330202378","title":"Le gang du CDI Tome 6 : Le troisi\u00e8me cavalier","description":"\u00c0 quelques jours de la fin de l'ann\u00e9e scolaire, tout s'emballe, pour le Gang du CDI. Flore et les autres savent d\u00e9sormais que, sous leur coll\u00e8ge, dort une cr\u00e9ature d\u00e9moniaque \u00e0 laquelle le principal de l'\u00e9tablissement sacrifie des \u00e9l\u00e8ves depuis maintenant douze ans. Et les prochains sur la liste, ce sont eux! \r\n Afin d'\u00e9viter ce funeste destin, les quatre adolescents vont devoir trouver un moyen de d\u00e9truire la menace... Et affronter le Troisi\u00e8me Cavalier de l'Apocalypse !","authors":["Vincent Mondiot"],"category_codes":["2000000","2040000","2040500","2040503"],"visuals":{"large":"https:\/\/images.epagine.fr\/378\/9782330202378_1_75.jpg","medium":"https:\/\/images.epagine.fr\/378\/9782330202378_1_m.jpg","thumbnail":"https:\/\/images.epagine.fr\/378\/9782330202378_1_v.jpg"},"orderable":true,"show_badge":true,"formatted_price":"10,90&nbsp;\u20ac","formatted_published_date":"12 mars 2025","publisher_availability_label":"Sur commande","short_details":"Vincent Mondiot \u2014 Actes Sud","translator":null,"weight":158,"page_count":144,"readership":"\u00e0 partir de 10 ANS","editor":"Actes Sud","price":1090,"published_date":"2025-03-11T23:00:00.000000Z","support":"Grand format","publisher_availability":1,"stock":0,"editions":[],"url":"https:\/\/quaidesbrumes.com\/ouvrage\/9782330202378\/le-gang-du-cdi-tome-6-le-troisieme-cavalier"},{"id":"9782354137564","title":"Vers la mer","description":"Lulu, le petit poisson rouge, s'ennuie dans son bocal. Il est tout seul. Et s'il allait voir dans la mer ? Il pourrait peut-\u00eatre y rencontrer de nouveaux amis ? C'est parti pour un grand voyage dans les profondeurs de l'oc\u00e9an ! Le voyage mouvement\u00e9 d'un petit poisson curieux et courageux","authors":["Amy Chai"],"category_codes":["2000000","2020000","2020300"],"visuals":{"large":"https:\/\/images.epagine.fr\/564\/9782354137564_1_75.jpg","medium":"https:\/\/images.epagine.fr\/564\/9782354137564_1_m.jpg","thumbnail":"https:\/\/images.epagine.fr\/564\/9782354137564_1_v.jpg"},"orderable":true,"show_badge":false,"formatted_price":"15,00&nbsp;\u20ac","formatted_published_date":"25 septembre 2025","publisher_availability_label":"Sur commande","short_details":"Amy Chai \u2014 Minedition","translator":null,"weight":474,"page_count":26,"readership":"\u00e0 partir de 2 ANS","editor":"Minedition","price":1500,"published_date":"2025-09-24T22:00:00.000000Z","support":"Grand format","publisher_availability":1,"stock":1,"editions":[],"url":"https:\/\/quaidesbrumes.com\/ouvrage\/9782354137564\/vers-la-mer"},{"id":"9782408056735","title":"Le jour et la nuit : Mon livre tissu chevalet","description":"Le jour, le soleil brille, les papillons volent de fleur en fleur et les chenilles grignotent les feuilles. La nuit, les poissons se reposent au fond de l'oc\u00e9an, le chat observe la lune et la chouette berce son petit. Ce livre tissu anim\u00e9 se plie et se transforme en chevalet. Les b\u00e9b\u00e9s, avides de d\u00e9couvertes, vont prendre plaisir \u00e0 observer et \u00e0 manipuler les nombreuses activit\u00e9s.Un livre-chevalet\r\nLe jour et la nuit est un livre tissu au format in\u00e9dit, puisqu'il se plie et se transforme en chevalet. De chaque c\u00f4t\u00e9, les faces \u00e0 d\u00e9couvrir progressivement proposent de nombreuses activit\u00e9s : toucher, caresser des mati\u00e8res douces, soulever des volets tout doux ou qui font du bruit, se regarder dans un miroir ou mordiller l'\u00e9toile de dentition. \u00a0Un livre cadeau de naissance parfait\r\n\u00c0 regarder sur le c\u00f4t\u00e9 ou \u00e0 plat ventre, la forme du chevalet fait de ce livre tissu le cadeau parfait pour les b\u00e9b\u00e9s d\u00e8s la naissance. Les illustrations contrast\u00e9es et douces de Marion Cocklico sont adapt\u00e9es aux tout-petits.","authors":["Marion Cocklico"],"category_codes":["2000000","2020000","2020200"],"visuals":{"large":"https:\/\/images.epagine.fr\/735\/9782408056735_1_75.jpg","medium":"https:\/\/images.epagine.fr\/735\/9782408056735_1_m.jpg","thumbnail":"https:\/\/images.epagine.fr\/735\/9782408056735_1_v.jpg"},"orderable":true,"show_badge":true,"formatted_price":"0,00&nbsp;\u20ac","formatted_published_date":"15 octobre 2025","publisher_availability_label":"Sur commande","short_details":"Marion Cocklico \u2014 Milan","translator":null,"weight":126,"page_count":6,"readership":"0\/3 ans","editor":"Milan","price":0,"published_date":"2025-10-14T22:00:00.000000Z","support":"Objet","publisher_availability":1,"stock":0,"editions":[],"url":"https:\/\/quaidesbrumes.com\/ouvrage\/9782408056735\/le-jour-et-la-nuit-mon-livre-tissu-chevalet"},{"id":"9782700277401","title":"Qui tire le premier ?","description":"Quand leur professeure principale les inscrit au tournoi de foot de la ville, Omar et ses camarades de classe paniquent. D'abord, tous les autres \u00e9l\u00e8ves du coll\u00e8ge les d\u00e9testent. Ou pire, les m\u00e9prisent. Personne au coll\u00e8ge n'acceptera de s'\u00eatre laiss\u00e9 voler la vedette. Ensuite, si Omar, lui, se d\u00e9brouille plut\u00f4t bien en foot, ce n'est pa sle cas de ses camarades... Eux, ils sont vraiment vraiment nuls ! La seule \u00e0 pouvoir les sauver de l'humiliation, c'est Jeanne... celle-l\u00e0 m\u00eame qui, chaque jour, fait de la vie d'Omar un enfer.\u00a0","authors":["Insa San\u00e9"],"category_codes":["2000000","2040000","2040500"],"visuals":{"large":"https:\/\/images.epagine.fr\/401\/9782700277401_1_75.jpg","medium":"https:\/\/images.epagine.fr\/401\/9782700277401_1_m.jpg","thumbnail":"https:\/\/images.epagine.fr\/401\/9782700277401_1_v.jpg"},"orderable":true,"show_badge":true,"formatted_price":"7,90&nbsp;\u20ac","formatted_published_date":"15 octobre 2025","publisher_availability_label":"Sur commande","short_details":"Insa San\u00e9 \u2014 Rageot \u00c9diteur","translator":null,"weight":134,"page_count":96,"readership":"\u00e0 partir de 8 ANS","editor":"Rageot \u00c9diteur","price":790,"published_date":"2025-10-14T22:00:00.000000Z","support":"Poche","publisher_availability":1,"stock":0,"editions":[],"url":"https:\/\/quaidesbrumes.com\/ouvrage\/9782700277401\/qui-tire-le-premier"},{"id":"9782075214186","title":"La Terre racont\u00e9e aux enfants","description":"D\u00e9couvrez la fascinante histoire de notre plan\u00e8te\r\n\u00c0 la mani\u00e8re d'un conte, vous d\u00e9couvrirez les grandes \u00e9tapes de formation de la Terre depuis le Big Bang et la cr\u00e9ation de l'univers il y a 13,8 milliards d'ann\u00e9es.\r\nTout d'abord, la naissance des \u00e9toiles et des plan\u00e8tes, le d\u00e9but des \u00e9ruptions volcaniques sur la Terre, la cr\u00e9ation des oc\u00e9ans, des \u00eeles et des continents. Ensuite, l'apparition de la vie, les \u00e9pisodes glaciaires et les phases de r\u00e9chauffement qui se sont encha\u00een\u00e9s, le d\u00e9veloppement des organismes, des plantes et des animaux. En?n, l'apparition des dinosaures et leur extinction avant l'arriv\u00e9e des premiers hommes. Un r\u00e9cit clair et essentiel qui permet de comprendre la complexit\u00e9 de l'histoire de notre plan\u00e8te et des \u00e9preuves qu'elle a d\u00fb traverser pour devenir ce qu'elle est aujourd'hui.","authors":["Pierrick Graviou","Erik Orsenna","St\u00e9phane Kiehl"],"category_codes":["2000000","2070000","2070600"],"visuals":{"large":"https:\/\/images.epagine.fr\/186\/9782075214186_1_75.jpg","medium":"https:\/\/images.epagine.fr\/186\/9782075214186_1_m.jpg","thumbnail":"https:\/\/images.epagine.fr\/186\/9782075214186_1_v.jpg"},"orderable":true,"show_badge":true,"formatted_price":"16,00&nbsp;\u20ac","formatted_published_date":"7 novembre 2024","publisher_availability_label":"Sur commande","short_details":"Pierrick Graviou, Erik Orsenna, St\u00e9phane Kiehl \u2014 Gallimard Jeunesse","translator":null,"weight":536,"page_count":48,"readership":null,"editor":"Gallimard Jeunesse","price":1600,"published_date":"2024-11-06T23:00:00.000000Z","support":"Grand format","publisher_availability":1,"stock":0,"editions":[],"url":"https:\/\/quaidesbrumes.com\/ouvrage\/9782075214186\/la-terre-racontee-aux-enfants"},{"id":"9791039506298","title":"Mon bracelet tropicool","description":"R\u00e9alise un magnifique bracelet Tropicool !\r\nUne nouveaut\u00e9 dans la collection Mon superbe bijou ! De quoi confectionner un super bracelet qui en accumule 3 !\r\nMat\u00e9riel : une cha\u00eene avec des perles vertes, un cordon tress\u00e9, un cordon en Liberty, une perle en bois, un pompon orange, un charm monstera, un fermoir.","authors":["Flavie Bouyer"],"category_codes":["2000000","2060000","2060200","2060204"],"visuals":{"large":"https:\/\/images.epagine.fr\/298\/9791039506298_1_75.jpg","medium":"https:\/\/images.epagine.fr\/298\/9791039506298_1_m.jpg","thumbnail":"https:\/\/images.epagine.fr\/298\/9791039506298_1_v.jpg"},"orderable":true,"show_badge":true,"formatted_price":"0,00&nbsp;\u20ac","formatted_published_date":"28 janvier 2022","publisher_availability_label":"Sur commande","short_details":"Flavie Bouyer \u2014 Auzou","translator":null,"weight":105,"page_count":28,"readership":"\u00e0 partir de 4 ANS","editor":"Auzou","price":0,"published_date":"2022-01-27T23:00:00.000000Z","support":"Grand format","publisher_availability":1,"stock":0,"editions":[],"url":"https:\/\/quaidesbrumes.com\/ouvrage\/9791039506298\/mon-bracelet-tropicool"},{"id":"9791039542661","title":"Je lis avec toi : P'tit Loup se balade en for\u00eat","description":"P'tit Loup profite d'une belle journ\u00e9e pour se promener en for\u00eat avec Maman. Il met ses bottes, prends son petit panier et part observer la nature et les animaux. Comme c'est beau, autour de lui !","authors":["Orianne Lallemand","El\u00e9onore Thuillier"],"category_codes":["2000000","2020000","2020400"],"visuals":{"large":"https:\/\/images.epagine.fr\/661\/9791039542661_1_75.jpg","medium":"https:\/\/images.epagine.fr\/661\/9791039542661_1_m.jpg","thumbnail":"https:\/\/images.epagine.fr\/661\/9791039542661_1_v.jpg"},"orderable":true,"show_badge":true,"formatted_price":"5,99&nbsp;\u20ac","formatted_published_date":"23 ao\u00fbt 2024","publisher_availability_label":"Sur commande","short_details":"Orianne Lallemand, El\u00e9onore Thuillier \u2014 Auzou","translator":null,"weight":136,"page_count":24,"readership":"\u00e0 partir de 2 ANS","editor":"Auzou","price":599,"published_date":"2024-08-22T22:00:00.000000Z","support":"Grand format","publisher_availability":1,"stock":0,"editions":[],"url":"https:\/\/quaidesbrumes.com\/ouvrage\/9791039542661\/je-lis-avec-toi-ptit-loup-se-balade-en-foret"},{"id":"9782075173827","title":"Les Jumeaux Fowl","description":"L'un est un brillant esprit scientifique et ne porte que des costumes qu'il imprime en 3D... L'autre r\u00eave de vivre \u00e0 l'\u00e9tat sauvage et de parler aux animaux. Et pourtant, Myles et Beckett, onze ans, sont jumeaux. Tandis que leur grand fr\u00e8re Artemis est en mission sur mars, les deux gar\u00e7ons passent une nuit seuls dans la villa des Fowl. Assez de temps pour se lier d'amiti\u00e9 avec un troll dont le venin est recherch\u00e9 par toutes les organisations secr\u00e8tes de la plan\u00e8te, humaines ou non...","authors":["Eoin Colfer","Jean-Fran\u00e7ois M\u00e9nard"],"category_codes":["2000000","2040000","2040500"],"visuals":{"large":"https:\/\/images.epagine.fr\/827\/9782075173827_1_75.jpg","medium":"https:\/\/images.epagine.fr\/827\/9782075173827_1_m.jpg","thumbnail":"https:\/\/images.epagine.fr\/827\/9782075173827_1_v.jpg"},"orderable":true,"show_badge":true,"formatted_price":"9,90&nbsp;\u20ac","formatted_published_date":"20 octobre 2022","publisher_availability_label":"Sur commande","short_details":"Eoin Colfer, Jean-Fran\u00e7ois M\u00e9nard \u2014 Gallimard Jeunesse","translator":"JEAN-FRANCOIS MENARD","weight":246,"page_count":416,"readership":"\u00e0 partir de 10 ANS","editor":"Gallimard Jeunesse","price":990,"published_date":"2022-10-19T22:00:00.000000Z","support":"Poche","publisher_availability":1,"stock":0,"editions":["9782075215091"],"url":"https:\/\/quaidesbrumes.com\/ouvrage\/9782075173827\/les-jumeaux-fowl"},{"id":"9791039539258","title":"Je lis avec toi : P'tit Loup aime les b\u00e9b\u00e9s animaux","description":"P'tit Loup est \u00e0 la campagne avec sa famille ! Pour la promenade, ils d\u00e9cident d'aller chez Jack, le voisin, pour voir ses animaux et leurs petits... Chatons, chiot, poussin, caneton : P'tit Loup est \u00e9merveill\u00e9 par tous ces b\u00e9b\u00e9s animaux si mignons.\r\nUne nouvelle aventure de P'tit Loup avec un syst\u00e8me d'histoire \u00e0 2 voix : le parent lit l'histoire et l'enfant peut dire les mots qu'il reconnait gr\u00e2ce aux images qui accompagnent le texte.\r\n\u00c0 la fin de l'histoire, une double-page avec des questions de compr\u00e9hension de l'histoire pour commencer \u00e0 appr\u00e9hender la lecture.","authors":["Orianne Lallemand","El\u00e9onore Thuillier"],"category_codes":["2000000","2020000","2020400"],"visuals":{"large":"https:\/\/images.epagine.fr\/258\/9791039539258_1_75.jpg","medium":"https:\/\/images.epagine.fr\/258\/9791039539258_1_m.jpg","thumbnail":"https:\/\/images.epagine.fr\/258\/9791039539258_1_v.jpg"},"orderable":true,"show_badge":true,"formatted_price":"5,99&nbsp;\u20ac","formatted_published_date":"15 mars 2024","publisher_availability_label":"Sur commande","short_details":"Orianne Lallemand, El\u00e9onore Thuillier \u2014 Auzou","translator":null,"weight":136,"page_count":24,"readership":"Tout public","editor":"Auzou","price":599,"published_date":"2024-03-14T23:00:00.000000Z","support":"Grand format","publisher_availability":1,"stock":0,"editions":[],"url":"https:\/\/quaidesbrumes.com\/ouvrage\/9791039539258\/je-lis-avec-toi-ptit-loup-aime-les-bebes-animaux"},{"id":"9782700282429","title":"J'ai rien dit","description":"Ne te trompe pas : on \u00e9tait juste t\u00e9moins. Les coupables, c'est pas nous.\r\n  \r\nUn gar\u00e7on et une fille, debout devant une tombe, celle de leur m\u00e8re. Quatre ans apr\u00e8s le drame, ils sont pr\u00eats \u00e0 parler. \u00c0 raconter ce qu'il se passait chez eux, derri\u00e8re les portes closes.","authors":["Marcus Malte"],"category_codes":["2000000","2050000","2050200"],"visuals":{"large":"https:\/\/images.epagine.fr\/429\/9782700282429_1_75.jpg","medium":"https:\/\/images.epagine.fr\/429\/9782700282429_1_m.jpg","thumbnail":"https:\/\/images.epagine.fr\/429\/9782700282429_1_v.jpg"},"orderable":true,"show_badge":true,"formatted_price":"5,10&nbsp;\u20ac","formatted_published_date":"5 mars 2025","publisher_availability_label":"Sur commande","short_details":"Marcus Malte \u2014 Rageot \u00c9diteur","translator":null,"weight":80,"page_count":64,"readership":"\u00e0 partir de 14 ans","editor":"Rageot \u00c9diteur","price":510,"published_date":"2025-03-04T23:00:00.000000Z","support":"Poche","publisher_availability":1,"stock":0,"editions":[],"url":"https:\/\/quaidesbrumes.com\/ouvrage\/9782700282429\/jai-rien-dit"},{"id":"9782408056872","title":"C'est quoi : Le handicap ?","description":"Le handicap, un des principaux motifs de discrimination en France\u00a0\r\n\u00ab \u00c7a veut dire quoi, \u00eatre une personne handicap\u00e9e ? C'est quoi, l'autisme ? Est-ce qu'on peut travailler quand on est atteint d'un handicap ? \u00bb Dans cet ouvrage documentaire de soixante-quatre pages, on en apprend plus sur les diff\u00e9rents types de handicaps, qu'ils soient visibles ou invisibles (handicap moteur, malvoyance, dyslexie, troubles mentaux...), sur la r\u00e9alit\u00e9 du quotidien des personnes atteintes de handicap, et sur les perceptions et les barri\u00e8res dress\u00e9es par la soci\u00e9t\u00e9.\u00a0Le mariage de l'infographie et de la bande dessin\u00e9e\r\nCet ouvrage regroupe les bandes dessin\u00e9es de Jacques Azam, m\u00eal\u00e9es aux illustrations infographiques de Camille Pichon, dans une maquette lisible et dynamique !Un documentaire \u00e9crit main dans la main avec des relecteurs sp\u00e9cialis\u00e9s\u00a0\r\nLe livre, \u00e9crit par Isabelle Pouyllau, a \u00e9t\u00e9 relu par l'association Les D\u00e9valideuses ainsi qu'Handicap International. Un contenu v\u00e9rifi\u00e9 et tr\u00e8s document\u00e9 sur un sujet de soci\u00e9t\u00e9 qui nous concerne tous !\u00a0","authors":["Isabelle Pouyllau","Jacques Azam","Camille Pichon"],"category_codes":["2000000","2070000","2070700"],"visuals":{"large":"https:\/\/images.epagine.fr\/872\/9782408056872_1_75.jpg","medium":"https:\/\/images.epagine.fr\/872\/9782408056872_1_m.jpg","thumbnail":"https:\/\/images.epagine.fr\/872\/9782408056872_1_v.jpg"},"orderable":true,"show_badge":true,"formatted_price":"6,90&nbsp;\u20ac","formatted_published_date":"27 ao\u00fbt 2025","publisher_availability_label":"Sur commande","short_details":"Isabelle Pouyllau, Jacques Azam, Camille Pichon \u2014 Milan","translator":null,"weight":162,"page_count":64,"readership":"\u00e0 partir de 8 ANS","editor":"Milan","price":690,"published_date":"2025-08-26T22:00:00.000000Z","support":"Grand format","publisher_availability":1,"stock":0,"editions":[],"url":"https:\/\/quaidesbrumes.com\/ouvrage\/9782408056872\/cest-quoi-le-handicap"},{"id":"9782416024160","title":"73 exp\u00e9riences de sciences trop cool pour \u00e9pater tes amis !","description":"Tu crois que les sciences, c'est ennuyeux ? Attends de voir ce que l'on peut faire avec une paille, une bougie, du vinaigre ou... du papier toilette !\r\n\r\n\u00c0 travers 73 exp\u00e9riences ultra faciles, tu vas bluffer tes amis et d\u00e9couvrir les lois de la nature, les myst\u00e8res de la mati\u00e8re ou encore les bizarreries du corps humain. Tu vas faire l\u00e9viter des objets, des illusions d'optique ou des explosions (inoffensives, promis !), et m\u00eame faire dispara\u00eetre de l'eau.\r\n\r\nBiologie, chimie, physique... gr\u00e2ce \u00e0 ce livre, tu deviendras le roi ou la reine des sciences, celles que l'on n'apprend pas \u00e0 l'\u00e9cole !","authors":["Anna Claybourne","Val\u00e9rie Carreno"],"category_codes":["2000000","2070000","2070500"],"visuals":{"large":"https:\/\/images.epagine.fr\/160\/9782416024160_1_75.jpg","medium":"https:\/\/images.epagine.fr\/160\/9782416024160_1_m.jpg","thumbnail":"https:\/\/images.epagine.fr\/160\/9782416024160_1_v.jpg"},"orderable":true,"show_badge":true,"formatted_price":"12,00&nbsp;\u20ac","formatted_published_date":"26 f\u00e9vrier 2026","publisher_availability_label":"Sur commande","short_details":"Anna Claybourne, Val\u00e9rie Carreno \u2014 \u00c9ditions Eyrolles","translator":"VALERIE CARRENO","weight":255,"page_count":128,"readership":null,"editor":"\u00c9ditions Eyrolles","price":1200,"published_date":"2026-02-25T23:00:00.000000Z","support":"Grand format","publisher_availability":1,"stock":0,"editions":[],"url":"https:\/\/quaidesbrumes.com\/ouvrage\/9782416024160\/73-experiences-de-sciences-trop-cool-pour-epater-tes-amis"},{"id":"9782080469717","title":"Les petites enqu\u00eates grecques Tome 3 : Forts comme Hercule","description":"\u00ab- La nuit va bient\u00f4t tomber, il ne faut pas rester dehors, c'est trop risqu\u00e9 ! pr\u00e9vient un p\u00eacheur. Th\u00e9a et Th\u00e9o se regardent, intrigu\u00e9s. Quelque chose de dangereux semble r\u00f4der aux abords du lac Stymphale...\u00bb Quelle cr\u00e9ature effraie les villageois ? Tel Hercule ex\u00e9cutant ses travaux, Th\u00e9a et Th\u00e9o m\u00e8nent l'enqu\u00eate !","authors":["Pierre Gemme","Mathilde Ruau"],"category_codes":["2000000","2040000","2040200"],"visuals":{"large":"https:\/\/images.epagine.fr\/717\/9782080469717_1_75.jpg","medium":"https:\/\/images.epagine.fr\/717\/9782080469717_1_m.jpg","thumbnail":"https:\/\/images.epagine.fr\/717\/9782080469717_1_v.jpg"},"orderable":true,"show_badge":true,"formatted_price":"6,20&nbsp;\u20ac","formatted_published_date":"19 f\u00e9vrier 2025","publisher_availability_label":"Sur commande","short_details":"Pierre Gemme, Mathilde Ruau \u2014 P\u00e8re Castor","translator":null,"weight":106,"page_count":40,"readership":"\u00e0 partir de 6 ANS","editor":"P\u00e8re Castor","price":620,"published_date":"2025-02-18T23:00:00.000000Z","support":"Grand format","publisher_availability":1,"stock":0,"editions":[],"url":"https:\/\/quaidesbrumes.com\/ouvrage\/9782080469717\/les-petites-enquetes-grecques-tome-3-forts-comme-hercule"},{"id":"9782386142703","title":"Je suis n\u00e9 en 2020. Et quelle ann\u00e9e !","description":"L'ann\u00e9e 2020 est tr\u00e8s importante... C'est celle de ta naissance ! Au fil des pages, d\u00e9couvre les \u00e9v\u00e9nements, les personnages, les comm\u00e9morations et les faits insolites qui ont marqu\u00e9 ces douze mois. Qu'il s'agisse de pop culture, de sciences, de sport, d'environnement ou de nouvelles technologies... tu sauras tout sur l'ann\u00e9e de ta venue au monde !","authors":["Nicolas Ferreira","Bruno Wennagel","Mathieu Ferret","Sarah Sanamane"],"category_codes":["2000000","2070000","2070400"],"visuals":{"large":"https:\/\/images.epagine.fr\/703\/9782386142703_1_75.jpg","medium":"https:\/\/images.epagine.fr\/703\/9782386142703_1_m.jpg","thumbnail":"https:\/\/images.epagine.fr\/703\/9782386142703_1_v.jpg"},"orderable":true,"show_badge":true,"formatted_price":"5,00&nbsp;\u20ac","formatted_published_date":"1er avril 2026","publisher_availability_label":"Sur commande","short_details":"Nicolas Ferreira, Bruno Wennagel, Mathieu Ferret, Sarah Sanamane \u2014 Quelle Histoire","translator":null,"weight":90,"page_count":40,"readership":null,"editor":"Quelle Histoire","price":500,"published_date":"2026-03-31T22:00:00.000000Z","support":"Grand format","publisher_availability":1,"stock":0,"editions":[],"url":"https:\/\/quaidesbrumes.com\/ouvrage\/9782386142703\/je-suis-ne-en-2020-et-quelle-annee"},{"id":"9791039526081","title":"Cherche et trouve : L'incroyable cherche et trouve Loup","description":"36 pages, fourmillant de d\u00e9tails, pour des heures de jeux ! Retrouve Loup et ses amis \u00e0 travers diff\u00e9rentes \u00e9poques et dans diff\u00e9rents lieux et amuse-toi \u00e0 retrouver pr\u00e8s de 40 \u00e9l\u00e9ments sur chaque planche.","authors":["Orianne Lallemand","El\u00e9onore Thuillier"],"category_codes":["2000000","2060000","2060500"],"visuals":{"large":"https:\/\/images.epagine.fr\/081\/9791039526081_1_75.jpg","medium":"https:\/\/images.epagine.fr\/081\/9791039526081_1_m.jpg","thumbnail":"https:\/\/images.epagine.fr\/081\/9791039526081_1_v.jpg"},"orderable":true,"show_badge":true,"formatted_price":"10,95&nbsp;\u20ac","formatted_published_date":"12 mai 2023","publisher_availability_label":"Sur commande","short_details":"Orianne Lallemand, El\u00e9onore Thuillier \u2014 Auzou","translator":null,"weight":564,"page_count":34,"readership":"\u00e0 partir de 3 ANS","editor":"Auzou","price":1095,"published_date":"2023-05-11T22:00:00.000000Z","support":"Grand format","publisher_availability":1,"stock":0,"editions":[],"url":"https:\/\/quaidesbrumes.com\/ouvrage\/9791039526081\/cherche-et-trouve-lincroyable-cherche-et-trouve-loup"}]}