{"data":[{"id":"9782717729801","title":"Conte du Tsar Saltan : De son fils le glorieux et vaillant chevalier Prince Gu\u00efdon Saltanovitch, et de la belle Princesse-Cygne","description":"L'histoire d'un tsar tromp\u00e9 par ses boyards, de son valeureux fils et d'une princesse-cygne que le jeune prince sauve d'une mort certaineL'histoire d'un tsar tromp\u00e9 par ses boyards, de son valeureux fils et d'une princesse-cygne que le jeune prince sauve d'une mort certaine","authors":["Ivan Bilibine","Alexandre Pouckine"],"category_codes":["2000000","2030000","2030300"],"visuals":{"large":"https:\/\/images.epagine.fr\/801\/9782717729801_1_75.jpg","medium":"https:\/\/images.epagine.fr\/801\/9782717729801_1_m.jpg","thumbnail":"https:\/\/images.epagine.fr\/801\/9782717729801_1_v.jpg"},"orderable":true,"show_badge":true,"formatted_price":"23,90&nbsp;\u20ac","formatted_published_date":"6 novembre 2025","publisher_availability_label":"Sur commande","short_details":"Ivan Bilibine, Alexandre Pouckine \u2014 BNF \u00c9ditions","translator":null,"weight":510,"page_count":32,"readership":"3\/6 ans","editor":"BNF \u00c9ditions","price":2390,"published_date":"2025-11-05T23:00:00.000000Z","support":"Grand format","publisher_availability":1,"stock":0,"editions":[],"url":"https:\/\/quaidesbrumes.com\/ouvrage\/9782717729801\/conte-du-tsar-saltan-de-son-fils-le-glorieux-et-vaillant-chevalier-prince-guidon-saltanovitch-et-de-la-belle-princesse-cygne"},{"id":"9782080144249","title":"Je suis en CP : Mon bloc d'activit\u00e9s","description":"Ce bloc propose 30 jeux vari\u00e9s sp\u00e9cialement adapt\u00e9s aux enfants qui sont en CP. Au programme\u00a0:\u00a0points \u00e0 relier, mots crois\u00e9s,\r\ndiff\u00e9rences, sudokus, coloriages magiques... Des activit\u00e9s ludiques et p\u00e9dagogiques pour d\u00e9couvrir la lecture, s'initier au calcul, perfectionner son \u00e9criture et se familiariser avec l'anglais.","authors":["Emmanuel Ristord","Christine Ponchon","Magdalena","B\u00e9n\u00e9dicte Carboneill"],"category_codes":["2000000","2080000"],"visuals":{"large":"https:\/\/images.epagine.fr\/249\/9782080144249_1_75.jpg","medium":"https:\/\/images.epagine.fr\/249\/9782080144249_1_m.jpg","thumbnail":"https:\/\/images.epagine.fr\/249\/9782080144249_1_v.jpg"},"orderable":true,"show_badge":true,"formatted_price":"4,95&nbsp;\u20ac","formatted_published_date":"4 f\u00e9vrier 2026","publisher_availability_label":"Sur commande","short_details":"Emmanuel Ristord, Christine Ponchon, Magdalena, B\u00e9n\u00e9dicte Carboneill \u2014 P\u00e8re Castor","translator":null,"weight":194,"page_count":64,"readership":"\u00e0 partir de 6 ANS","editor":"P\u00e8re Castor","price":495,"published_date":"2026-02-03T23:00:00.000000Z","support":"Grand format","publisher_availability":1,"stock":0,"editions":[],"url":"https:\/\/quaidesbrumes.com\/ouvrage\/9782080144249\/je-suis-en-cp-mon-bloc-dactivites"},{"id":"9782324035548","title":"Mes premi\u00e8res chansons avec les dinosaures","description":"\u00c0 la d\u00e9couverte des dr\u00f4les de dinos !\r\nAvec ses puces sonores musicales, ce recueil est unique. Sur chaque page, l'enfant recherche dans l'illustration le petit bouton qui d\u00e9clenchera la musique.\r\n\r\nC'est avec des comptines originales de Corinne Albaut qu'on d\u00e9couvre de dr\u00f4les de dinosaures. Les enfants ont chass\u00e9 leur animal domestique pr\u00e9f\u00e9r\u00e9 pour le troquer contre un dino mais parfois un dino c'est trop !\r\n\r\nLes illustrations tendres et dr\u00f4les de Thierry Man\u00e8s accompagnent ces jolis petits textes pleins d'humour et de malice !","authors":["Corinne Albaut","Thierry Manes"],"category_codes":["2000000","2020000","2020600"],"visuals":{"large":"https:\/\/images.epagine.fr\/548\/9782324035548_1_75.jpg","medium":"https:\/\/images.epagine.fr\/548\/9782324035548_1_m.jpg","thumbnail":"https:\/\/images.epagine.fr\/548\/9782324035548_1_v.jpg"},"orderable":true,"show_badge":true,"formatted_price":"12,00&nbsp;\u20ac","formatted_published_date":"17 octobre 2024","publisher_availability_label":"Sur commande","short_details":"Corinne Albaut, Thierry Manes \u2014 Gr\u00fcnd","translator":null,"weight":246,"page_count":5,"readership":"0\/3 ans","editor":"Gr\u00fcnd","price":1200,"published_date":"2024-10-16T22:00:00.000000Z","support":"Grand format","publisher_availability":1,"stock":0,"editions":[],"url":"https:\/\/quaidesbrumes.com\/ouvrage\/9782324035548\/mes-premieres-chansons-avec-les-dinosaures"},{"id":"3127020508495","title":"Mon coffret famille Souris","description":"(Re)d\u00e9couvrez dans ce joli coffret, le meilleur des aventures de la famille Souris \u00e0 travers :\u00a0 l'album, au format lutin Le pique-nique de la famille souris, le jeu La famille souris cherche et trouve et un magnifique poster in\u00e9dit recto\/verso !","authors":["Kazuo Iwamura"],"category_codes":["2000000","2060000","2060500"],"visuals":{"large":"https:\/\/images.epagine.fr\/495\/3127020508495_1_75.jpg","medium":"https:\/\/images.epagine.fr\/495\/3127020508495_1_m.jpg","thumbnail":"https:\/\/images.epagine.fr\/495\/3127020508495_1_v.jpg"},"orderable":true,"show_badge":false,"formatted_price":"19,90&nbsp;\u20ac","formatted_published_date":"7 mai 2025","publisher_availability_label":"Sur commande","short_details":"Kazuo Iwamura \u2014 L'\u00c9cole des loisirs","translator":null,"weight":666,"page_count":1,"readership":"\u00e0 partir de 3 ANS","editor":"L'\u00c9cole des loisirs","price":1990,"published_date":"2025-05-06T22:00:00.000000Z","support":"Objet","publisher_availability":1,"stock":1,"editions":[],"url":"https:\/\/quaidesbrumes.com\/ouvrage\/3127020508495\/mon-coffret-famille-souris"},{"id":"9782408046781","title":"L'amour","description":"Colin aime de nombreuses personnes : ses parents, Fatou son amoureuse, et son ami Tom. L'amour peut prendre tellement de formes diff\u00e9rentes ! \r\n\r\nUn \"P'tits pourquoi\" pour aider les enfants \u00e0 mieux comprendre ce sentiment universel : l'amour\r\nColin aimerait bien avoir une petite soeur ou un petit fr\u00e8re. Mais si ses parents l'aimaient moins ? \u00c0 l'\u00e9cole, Colin retrouve son amoureuse, Fatou. Quand il la voit, il se sent maladroit, timide et tout bizarre ! Puis un jour, Fatou ne s'int\u00e9resse plus \u00e0 Colin. Heureusement, il y a Tom ! Colin se sent bien avec lui, c'est son ami : ils partagent ensemble des jeux, des fous rires, des secrets... \r\nPour d\u00e9couvrir qu'on peut aimer qui on veut, de la fa\u00e7on dont on le souhaite, mais aussi que l'amour ne se commande pas et qu'il dispara\u00eet parfois.\r\n\r\nCe livre documentaire, gr\u00e2ce au fil narratif, propose une identification au h\u00e9ros, qui permet aux lecteurs de suivre Colin dans sa journ\u00e9e \u00e0 l'\u00e9cole et \u00e0 la maison. Le livre permet de d\u00e9couvrir comment se manifeste l'amour dans le quotidien de Colin, et les diff\u00e9rentes formes qu'il prend.","authors":["St\u00e9phanie Redoul\u00e8s","M\u00e9lanie Roubineau"],"category_codes":["2000000","2070000","2070700"],"visuals":{"large":"https:\/\/images.epagine.fr\/781\/9782408046781_1_75.jpg","medium":"https:\/\/images.epagine.fr\/781\/9782408046781_1_m.jpg","thumbnail":"https:\/\/images.epagine.fr\/781\/9782408046781_1_v.jpg"},"orderable":true,"show_badge":true,"formatted_price":"7,90&nbsp;\u20ac","formatted_published_date":"15 mai 2024","publisher_availability_label":"Sur commande","short_details":"St\u00e9phanie Redoul\u00e8s, M\u00e9lanie Roubineau \u2014 Milan","translator":null,"weight":250,"page_count":32,"readership":"\u00e0 partir de 4 ANS","editor":"Milan","price":790,"published_date":"2024-05-14T22:00:00.000000Z","support":"Grand format","publisher_availability":1,"stock":0,"editions":[],"url":"https:\/\/quaidesbrumes.com\/ouvrage\/9782408046781\/lamour"},{"id":"9782080440273","title":"Les petites enqu\u00eates grecques Tome 1 : sur les traces du minotaure","description":"\u00abLes athl\u00e8tes d\u00e9filent dans l'ar\u00e8ne, quand Th\u00e9o s'exclame : - Quelqu'un a d\u00e9rob\u00e9 le masque de Minotaure destin\u00e9 au vainqueur ! - Le voleur s'enfuit en direction du labyrinthe de ruines. Rattrapons-le ! s'\u00e9crie sa soeur jumelle.\u00bb Qui a vol\u00e9 le pr\u00e9cieux masque d'or ? Tel le h\u00e9ros Th\u00e9s\u00e9e \u00e0 la poursuite du Minotaure, Th\u00e9a et Th\u00e9o m\u00e8nent l'enqu\u00eate !","authors":["Mathilde Ruau","Pierre Gemme"],"category_codes":["2000000","2040000","2040200"],"visuals":{"large":"https:\/\/images.epagine.fr\/273\/9782080440273_1_75.jpg","medium":"https:\/\/images.epagine.fr\/273\/9782080440273_1_m.jpg","thumbnail":"https:\/\/images.epagine.fr\/273\/9782080440273_1_v.jpg"},"orderable":true,"show_badge":true,"formatted_price":"6,20&nbsp;\u20ac","formatted_published_date":"4 septembre 2024","publisher_availability_label":"Sur commande","short_details":"Mathilde Ruau, Pierre Gemme \u2014 P\u00e8re Castor","translator":null,"weight":112,"page_count":40,"readership":"\u00e0 partir de 6 ANS","editor":"P\u00e8re Castor","price":620,"published_date":"2024-09-03T22:00:00.000000Z","support":"Grand format","publisher_availability":1,"stock":0,"editions":[],"url":"https:\/\/quaidesbrumes.com\/ouvrage\/9782080440273\/les-petites-enquetes-grecques-tome-1-sur-les-traces-du-minotaure"},{"id":"9782012248151","title":"Madame Farceuse","description":"D\u00e9couvrez Madame Farceuse !","authors":["Roger Hargreaves"],"category_codes":["2000000","2030000","2030400"],"visuals":{"large":"https:\/\/images.epagine.fr\/151\/9782012248151_1_75.jpg","medium":"https:\/\/images.epagine.fr\/151\/9782012248151_1_m.jpg","thumbnail":"https:\/\/images.epagine.fr\/151\/9782012248151_1_v.jpg"},"orderable":true,"show_badge":true,"formatted_price":"2,90&nbsp;\u20ac","formatted_published_date":"9 janvier 2008","publisher_availability_label":"Sur commande","short_details":"Roger Hargreaves \u2014 Hachette Jeunesse","translator":null,"weight":55,"page_count":40,"readership":"\u00e0 partir de 4 ANS","editor":"Hachette Jeunesse","price":290,"published_date":"2008-01-08T23:00:00.000000Z","support":"Poche","publisher_availability":1,"stock":0,"editions":[],"url":"https:\/\/quaidesbrumes.com\/ouvrage\/9782012248151\/madame-farceuse"},{"id":"9781836069959","title":"Mon livre des questions-r\u00e9ponses : Les familles","description":"Un livre pour c\u00e9l\u00e9brer tous les types de familles diff\u00e9rents et r\u00e9pondre \u00e0 toutes les questions des enfants.\r\n\r\nEst-ce que toutes les familles se disputent ? Peut-on avoir deux arbres g\u00e9n\u00e9alogiques ? Et c'est quoi cousin germain au deuxi\u00e8me degr\u00e9 ?\r\n\r\nEn soulevant les rabats, les enfants pourront trouver les r\u00e9ponses \u00e0 ces questions et \u00e0 bien d'autres encore, avec des illustrations anim\u00e9es donnant vie \u00e0 une grande vari\u00e9t\u00e9 d'exemples avec humour et tendresse. Un livre de questions-r\u00e9ponses pour explorer ce qui fait de nous qui on est, suivre l'histoire d'une famille \u00e0 travers le temps et d\u00e9couvrir ce que signifie \u00eatre une famille pour diff\u00e9rentes personnes.","authors":["Katie Daynes","Lara Bryan","Isobel Lundie","Claire Lefebvre"],"category_codes":["2000000","2070000","2070700"],"visuals":{"large":"https:\/\/images.epagine.fr\/959\/9781836069959_1_75.jpg","medium":"https:\/\/images.epagine.fr\/959\/9781836069959_1_m.jpg","thumbnail":"https:\/\/images.epagine.fr\/959\/9781836069959_1_v.jpg"},"orderable":true,"show_badge":true,"formatted_price":"12,95&nbsp;\u20ac","formatted_published_date":"12 mars 2026","publisher_availability_label":"Sur commande","short_details":"Katie Daynes, Lara Bryan, Isobel Lundie, Claire Lefebvre \u2014 Usborne","translator":"CLAIRE LEFEBVRE","weight":520,"page_count":14,"readership":"\u00e0 partir de 5 ANS","editor":"Usborne","price":1295,"published_date":"2026-03-11T23:00:00.000000Z","support":"Grand format","publisher_availability":1,"stock":0,"editions":[],"url":"https:\/\/quaidesbrumes.com\/ouvrage\/9781836069959\/mon-livre-des-questions-reponses-les-familles"},{"id":"9782603031971","title":"Guide Delachaux : Abeilles, bourdons, gu\u00eapes et fourmis d'Europe :  Identification, comportement, habitat des principaux hym\u00e9nopt\u00e8res","description":"Les abeilles, bourdons, gu\u00eapes et fourmis sont des proches parents composant l'ordre des hym\u00e9nopt\u00e8res, riche en Europe de plus de 11 000 esp\u00e8ces.\r\n\r\nCe guide pr\u00e9sente des repr\u00e9sentants caract\u00e9ristiques de chacune des familles et sous-familles importantes, de fa\u00e7on \u00e0 donner un aper\u00e7u de la diversit\u00e9 de leurs formes et modes de vie. L'attention du lecteur est \u00e9galement attir\u00e9e sur les caract\u00e9ristiques propres \u00e0 chaque esp\u00e8ce pr\u00e9sent\u00e9e et sur celles avec lesquelles elles peuvent \u00eatre confondues. Ceci de fa\u00e7on \u00e0 lui permettre de reconna\u00eetre un grand nombre d'esp\u00e8ces d'Hym\u00e9nopt\u00e8res sur le terrain, parmi celles pr\u00e9sent\u00e9es.\r\n\r\nCe guide d\u00e9crit des repr\u00e9sentants de chacune des familles et sous-familles importantes, de fa\u00e7on \u00e0 donner un aper\u00e7u de la diversit\u00e9 de leurs formes et modes de vie.\r\n\r\nCe guide pratique facilite, gr\u00e2ces \u00e0 de superbes macrophotographies, l'identification et l'observation des comportements de ces insectes familiers. Revue et mise \u00e0 jour cette nouvelle \u00e9dition prend en compte les derni\u00e8res avanc\u00e9es scientifiques et taxonomiques de la recherche entomologique.","authors":["Matthias Helb","Heiko Bellmann","Christian Dronneau"],"category_codes":["2000000","2070000","2070300"],"visuals":{"large":"https:\/\/images.epagine.fr\/971\/9782603031971_1_75.jpg","medium":"https:\/\/images.epagine.fr\/971\/9782603031971_1_m.jpg","thumbnail":"https:\/\/images.epagine.fr\/971\/9782603031971_1_v.jpg"},"orderable":true,"show_badge":true,"formatted_price":"35,00&nbsp;\u20ac","formatted_published_date":"27 mars 2026","publisher_availability_label":"Sur commande","short_details":"Matthias Helb, Heiko Bellmann, Christian Dronneau \u2014 Delachaux & Niestl\u00e9","translator":"CHRISTIAN DRONNEAU","weight":648,"page_count":352,"readership":null,"editor":"Delachaux & Niestl\u00e9","price":3500,"published_date":"2026-03-26T23:00:00.000000Z","support":"Grand format","publisher_availability":1,"stock":0,"editions":[],"url":"https:\/\/quaidesbrumes.com\/ouvrage\/9782603031971\/guide-delachaux-abeilles-bourdons-guepes-et-fourmis-deurope-identification-comportement-habitat-des-principaux-hymenopteres"},{"id":"9782748539066","title":"Power Club Tome 1 : L'apprentissage","description":"Le Power Club\u00a9 peut faire de vous un super-h\u00e9ros, mais \u00e0 quel prix ? \r\n\u00c0 dix-sept ans, Anna s'appr\u00eate \u00e0 devenir une super-h\u00e9ro\u00efne. Jeune et riche, elle r\u00e9pond aux crit\u00e8res du Power Club\u00a9 ! Les termes du contrat sont les suivants : contre une somme d'argent consid\u00e9rable, on lui inocule des boosters, la technologie de pointe qui produit les superpouvoirs. Elle rejoint alors les huit super-h\u00e9ros qui fascinent d\u00e9j\u00e0 la plan\u00e8te : ils signent des contrats avec les plus grandes marques et incarnent le glamour absolu. Mais Anna, elle, r\u00eave surtout de mettre ses pouvoirs au service d'un monde plus juste.","authors":["Alain Gagnol"],"category_codes":["2000000","2050000","2050200","2050205"],"visuals":{"large":"https:\/\/images.epagine.fr\/066\/9782748539066_1_75.jpg","medium":"https:\/\/images.epagine.fr\/066\/9782748539066_1_m.jpg","thumbnail":"https:\/\/images.epagine.fr\/066\/9782748539066_1_v.jpg"},"orderable":true,"show_badge":true,"formatted_price":"9,95&nbsp;\u20ac","formatted_published_date":"18 septembre 2025","publisher_availability_label":"Sur commande","short_details":"Alain Gagnol \u2014 Syros","translator":null,"weight":340,"page_count":432,"readership":"\u00e0 partir de 13 ANS","editor":"Syros","price":995,"published_date":"2025-09-17T22:00:00.000000Z","support":"Grand format","publisher_availability":1,"stock":0,"editions":[],"url":"https:\/\/quaidesbrumes.com\/ouvrage\/9782748539066\/power-club-tome-1-lapprentissage"},{"id":"9782344070864","title":"10 id\u00e9es re\u00e7ues sur le climat et comment les mettre K.O. pour agir maintenant !","description":"Le changement climatique, \u00e7a n'existe pas ! 2 degr\u00e9s en plus, \u00e7a change rien ! La technologie nous sauvera !...\r\nCette nouvelle \u00e9dition des 10 id\u00e9es re\u00e7ues sur le climat permet aux deux autrices, expertes \u00e0 l'Agence fran\u00e7aise de d\u00e9veloppement, de mettre \u00e0 jour les donn\u00e9es et d'ajouter des \u00e9l\u00e9ments depuis la premi\u00e8re \u00e9dition en 2021. Dans un moment o\u00f9 la parole scientifique est malmen\u00e9e, cet ouvrage tr\u00e8s illustr\u00e9 et document\u00e9 s'attaque \u00e0 chacune des 10 id\u00e9es re\u00e7ues pr\u00e9sent\u00e9es avec humour et impertinence et aborde le sujet complexe du d\u00e9r\u00e8glement climatique, au coeur des pr\u00e9occupations des jeunes g\u00e9n\u00e9rations.","authors":["Charlotte-Fleur Cristofari","Myriam Dahman","Maur\u00e8en Poignonec"],"category_codes":["2000000","2070000","2070300"],"visuals":{"large":"https:\/\/images.epagine.fr\/864\/9782344070864_1_75.jpg","medium":"https:\/\/images.epagine.fr\/864\/9782344070864_1_m.jpg","thumbnail":"https:\/\/images.epagine.fr\/864\/9782344070864_1_v.jpg"},"orderable":true,"show_badge":false,"formatted_price":"16,90&nbsp;\u20ac","formatted_published_date":"13 novembre 2025","publisher_availability_label":"Sur commande","short_details":"Charlotte-Fleur Cristofari, Myriam Dahman, Maur\u00e8en Poignonec \u2014 Gl\u00e9nat Jeunesse","translator":null,"weight":740,"page_count":152,"readership":"\u00e0 partir de 13 ANS","editor":"Gl\u00e9nat Jeunesse","price":1690,"published_date":"2025-11-12T23:00:00.000000Z","support":"Grand format","publisher_availability":1,"stock":1,"editions":[],"url":"https:\/\/quaidesbrumes.com\/ouvrage\/9782344070864\/10-idees-recues-sur-le-climat-et-comment-les-mettre-ko-pour-agir-maintenant"},{"id":"9791027611706","title":"Mes animaux tout doux du jardin","description":"Dans le jardin, une limace rencontre un escargot, un papillon se pose sur le museau d'un h\u00e9risson, des fourmis font des r\u00e9serves de nourriture... \r\n\r\nUn imagier des animaux \u00e0 toucher. \r\n\r\nDes mati\u00e8res et un jeu de noir et blanc, quelques touches de couleurs tr\u00e8s contrast\u00e9es, pour \u00e9veiller la curiosit\u00e9 et les sens. \r\n\r\nUn livre tout en douceur de Xavier Deneux. \r\n\r\nNotions d'apprentissage : \r\n- \u00c9veil visuel, avec de forts contrastes, adapt\u00e9s aux plus petits - \u00c9veil tactile, d\u00e9veloppement du toucher - Enrichissement du vocabulaire","authors":["Xavier Deneux"],"category_codes":["2000000","2020000","2020400"],"visuals":{"large":"https:\/\/images.epagine.fr\/706\/9791027611706_1_75.jpg","medium":"https:\/\/images.epagine.fr\/706\/9791027611706_1_m.jpg","thumbnail":"https:\/\/images.epagine.fr\/706\/9791027611706_1_v.jpg"},"orderable":true,"show_badge":true,"formatted_price":"13,90&nbsp;\u20ac","formatted_published_date":"15 mai 2024","publisher_availability_label":"Sur commande","short_details":"Xavier Deneux \u2014 \u00c9ditions Tourbillon","translator":null,"weight":290,"page_count":10,"readership":"0\/3 ans","editor":"\u00c9ditions Tourbillon","price":1390,"published_date":"2024-05-14T22:00:00.000000Z","support":"Grand format","publisher_availability":1,"stock":0,"editions":[],"url":"https:\/\/quaidesbrumes.com\/ouvrage\/9791027611706\/mes-animaux-tout-doux-du-jardin"},{"id":"9782226499820","title":"La Saison de la vertu","description":"Une dystopie f\u00e9ministe et haletante entre La Servante \u00e9carlate et La Chronique des Bridgerton.\r\nCatastrophes climatiques. Guerres. Famines.\r\nLe monde est proche de la destruction. Les gouvernements n'ont plus le choix, ils doivent tout r\u00e9guler, tout contr\u00f4ler : les mariages, les naissances, la population. La Saison de la vertu est l\u00e0 pour \u00e7a. \u00c0 l'occasion de bals, de jeunes femmes et hommes se rencontrent pour la premi\u00e8re fois, tandis que les autorit\u00e9s \u00e9tudient leur compatibilit\u00e9. L'amour n'a plus sa place, seule la g\u00e9n\u00e9tique compte. Mais Manon ne peut s'y r\u00e9signer. Elle veut prendre son destin en main. Elle veut trouver son \u00e2me soeur.","authors":["L. M. Nathan"],"category_codes":["2000000","2050000","2050200","2050208"],"visuals":{"large":"https:\/\/images.epagine.fr\/820\/9782226499820_1_75.jpg","medium":"https:\/\/images.epagine.fr\/820\/9782226499820_1_m.jpg","thumbnail":"https:\/\/images.epagine.fr\/820\/9782226499820_1_v.jpg"},"orderable":true,"show_badge":true,"formatted_price":"18,90&nbsp;\u20ac","formatted_published_date":"20 ao\u00fbt 2025","publisher_availability_label":"Sur commande","short_details":"L. M. Nathan \u2014 Albin Michel","translator":null,"weight":457,"page_count":352,"readership":"\u00e0 partir de 16 ans","editor":"Albin Michel","price":1890,"published_date":"2025-08-19T22:00:00.000000Z","support":"Grand format","publisher_availability":1,"stock":0,"editions":[],"url":"https:\/\/quaidesbrumes.com\/ouvrage\/9782226499820\/la-saison-de-la-vertu"},{"id":"9791039563154","title":"Ma jolie biblioth\u00e8que des fables de la fontaine","description":"10 fables de La Fontaine dans un magnifique coffret illustr\u00e9\r\nLe Corbeau et le Renard\r\nLa Laiti\u00e8re et le Pot au lait\r\nLe Ch\u00eane et le Roseau\r\nLe Loup et l'Agneau \r\nLe Renard et la Cigogne\r\nLa Cigale et la Fourmi\r\nLe Rat des ville et le Rat des champs\r\nLa Grenouille qui voulait se faire aussi gross que le boeuf\r\nLe Li\u00e8vre et la Tortue\r\nLe Lion et le Rat","authors":["Axelle Vanhoof","Sonia Giampaolo","Lili La Baleine Verte","Beatriz Castro Arbaizar","Adriana Camargo","Nadia Junoes","Yulia Gorkina","L\u00e9a Fabre","Katherine Qu\u00e9not"],"category_codes":["2000000","2030000","2030400"],"visuals":{"large":"https:\/\/images.epagine.fr\/154\/9791039563154_1_75.jpg","medium":"https:\/\/images.epagine.fr\/154\/9791039563154_1_m.jpg","thumbnail":"https:\/\/images.epagine.fr\/154\/9791039563154_1_v.jpg"},"orderable":true,"show_badge":true,"formatted_price":"19,95&nbsp;\u20ac","formatted_published_date":"18 septembre 2025","publisher_availability_label":"Sur commande","short_details":"Axelle Vanhoof, Sonia Giampaolo, Lili La Baleine Verte, Beatriz Castro Arbaizar, Adriana Camargo, Nadia Junoes, Yulia Gorkina, L\u00e9a Fabre, Katherine Qu\u00e9not \u2014 Auzou","translator":null,"weight":990,"page_count":96,"readership":"3\/6 ans","editor":"Auzou","price":1995,"published_date":"2025-09-17T22:00:00.000000Z","support":"Grand format","publisher_availability":1,"stock":0,"editions":[],"url":"https:\/\/quaidesbrumes.com\/ouvrage\/9791039563154\/ma-jolie-bibliotheque-des-fables-de-la-fontaine"},{"id":"9782095041458","title":"Questions r\u00e9ponses 7+ : La grande encyclop\u00e9die illustr\u00e9e","description":"Une encyclop\u00e9die de r\u00e9f\u00e9rence qui r\u00e9pond aux 250 questions les plus passionnantes pour tout savoir sur le monde qui nous entoure.\r\nPourrait-on vivre sur la Lune ? Qu'y a-t-il \u00e0 l'int\u00e9rieur de la Terre ? \u00c0 quoi servent les fleurs ? Que mangeaient les dinosaures ? Comment marche une voiture ? Combien d'os y a-t-il dans mon corps ?\r\n\r\nToutes les questions des enfants, des plus essentielles aux plus d\u00e9concertantes, trouveront leurs r\u00e9ponses, claires et synth\u00e9tiques, \u00e0 travers 5 grandes parties : l'espace, la Terre, le monde vivant, l'Histoire, les sciences, et le corps humain.\r\n\r\nUne encyclop\u00e9die compl\u00e8te et accessible, enrichie de plus de 400 photos, illustrations et sch\u00e9mas pour satisfaire la curiosit\u00e9 d\u00e9bordante des enfants d\u00e8s 7 ans ! Le cadeau id\u00e9al des grandes occasions pour \u00e9veiller les jeunes esprits tout en les instruisant avec plaisir.\r\n\r\nEdition mise \u00e0 jour et enrichie avec des sujets en prise avec le monde actuel : les pand\u00e9mies, le Covid-19, et l'intelligence artificielle.","authors":["Collectif"],"category_codes":["2000000","2070000","2070200"],"visuals":{"large":"https:\/\/images.epagine.fr\/458\/9782095041458_1_75.jpg","medium":"https:\/\/images.epagine.fr\/458\/9782095041458_1_m.jpg","thumbnail":"https:\/\/images.epagine.fr\/458\/9782095041458_1_v.jpg"},"orderable":true,"show_badge":true,"formatted_price":"13,90&nbsp;\u20ac","formatted_published_date":"17 octobre 2024","publisher_availability_label":"Sur commande","short_details":"Collectif \u2014 Nathan","translator":null,"weight":914,"page_count":160,"readership":"\u00e0 partir de 7 ANS","editor":"Nathan","price":1390,"published_date":"2024-10-16T22:00:00.000000Z","support":"Grand format","publisher_availability":1,"stock":0,"editions":[],"url":"https:\/\/quaidesbrumes.com\/ouvrage\/9782095041458\/questions-reponses-7-la-grande-encyclopedie-illustree"},{"id":"9791022406598","title":"Le livre des r\u00eaves interdits","description":"Rachel et Robert Klein grandissent en Krasnie, o\u00f9 les livres sont interdits et o\u00f9 les enfants n'ont pas le droit de sortir. Quand leur p\u00e8re leur confie un ouvrage vieux de plusieurs si\u00e8cles avant de subitement dispara\u00eetre, les deux enfants n'ont d'autre choix que de fuir. Pourchass\u00e9s par la police, le fr\u00e8re et la soeur doivent d\u00e9couvrir la v\u00e9rit\u00e9 sur la magie du Livre des r\u00eaves interdits et sa myst\u00e9rieuse derni\u00e8re page. Son pouvoir leur suffira-t-il \u00e0 \u00e9chapper \u00e0 la dictature et \u00e0 retrouver leur p\u00e8re ?","authors":["David Farr","Alice Marchand"],"category_codes":["2000000","2050000","2050200","2050204"],"visuals":{"large":"https:\/\/images.epagine.fr\/598\/9791022406598_1_75.jpg","medium":"https:\/\/images.epagine.fr\/598\/9791022406598_1_m.jpg","thumbnail":"https:\/\/images.epagine.fr\/598\/9791022406598_1_v.jpg"},"orderable":true,"show_badge":true,"formatted_price":"8,20&nbsp;\u20ac","formatted_published_date":"14 novembre 2024","publisher_availability_label":"Sur commande","short_details":"David Farr, Alice Marchand \u2014 Michel Lafon Poche","translator":"ALICE MARCHAND","weight":228,"page_count":376,"readership":"\u00e0 partir de 12 ANS","editor":"Michel Lafon Poche","price":820,"published_date":"2024-11-13T23:00:00.000000Z","support":"Poche","publisher_availability":1,"stock":0,"editions":[],"url":"https:\/\/quaidesbrumes.com\/ouvrage\/9791022406598\/le-livre-des-reves-interdits"},{"id":"9782095049331","title":"En avant foot Tome 1 : Allez les Lynx !","description":"D\u00e9couvrez l'histoire passionnante de Luigi et son \u00e9quipe de mini-foot ! Un roman captivant qui allie sport, amiti\u00e9 et d\u00e9passement de soi pour les jeunes passionn\u00e9s de football \u00e0 partir de 7 ans !\r\nBienvenue \u00e0 Tipari, 2182, o\u00f9 le premier tournoi de mini-foot va bient\u00f4t commencer ! Luigi, passionn\u00e9 de football, rassemble une \u00e9quipe unique et d\u00e9termin\u00e9e. Ensemble, les Lynx devront apprendre \u00e0 transformer leurs diff\u00e9rences en forces pour esp\u00e9rer remporter la victoire.\r\n\r\nCe roman offre une histoire rythm\u00e9e et facile \u00e0 lire, des personnages attachants, des valeurs de sport d'amiti\u00e9 et de pers\u00e9verance pour une aventure qui captivera les jeunes lecteurs !","authors":["Emmanuel Tr\u00e9dez","Cl\u00e9ment Devaux"],"category_codes":["2000000","2040000","2040300"],"visuals":{"large":"https:\/\/images.epagine.fr\/331\/9782095049331_1_75.jpg","medium":"https:\/\/images.epagine.fr\/331\/9782095049331_1_m.jpg","thumbnail":"https:\/\/images.epagine.fr\/331\/9782095049331_1_v.jpg"},"orderable":true,"show_badge":true,"formatted_price":"6,50&nbsp;\u20ac","formatted_published_date":"3 avril 2025","publisher_availability_label":"Sur commande","short_details":"Emmanuel Tr\u00e9dez, Cl\u00e9ment Devaux \u2014 Nathan","translator":null,"weight":138,"page_count":48,"readership":"\u00e0 partir de 7 ANS","editor":"Nathan","price":650,"published_date":"2025-04-02T22:00:00.000000Z","support":"Grand format","publisher_availability":1,"stock":0,"editions":[],"url":"https:\/\/quaidesbrumes.com\/ouvrage\/9782095049331\/en-avant-foot-tome-1-allez-les-lynx"},{"id":"3575678940233","title":"Petit chien pourri ; peluche","description":"Chien pourri prend vie pour jouer et s'amuser avec les enfants ! Avec sa fourrure \u00e9bouriff\u00e9e toute douce, sa langue interminable et ses yeux \u00e9carquill\u00e9s, il invite \u00e0 imaginer toutes sortes de folles aventures !","authors":["Colas Gutman"],"category_codes":["2000000","2080000","2080100"],"visuals":{"large":"https:\/\/images.epagine.fr\/233\/3575678940233_1_75.jpg","medium":"https:\/\/images.epagine.fr\/233\/3575678940233_1_m.jpg","thumbnail":"https:\/\/images.epagine.fr\/233\/3575678940233_1_v.jpg"},"orderable":true,"show_badge":true,"formatted_price":"0,00&nbsp;\u20ac","formatted_published_date":"15 octobre 2020","publisher_availability_label":"Sur commande","short_details":"Colas Gutman \u2014 L'\u00c9cole des loisirs","translator":null,"weight":125,"page_count":1,"readership":"\u00e0 partir de 6 ANS","editor":"L'\u00c9cole des loisirs","price":0,"published_date":"2020-10-14T22:00:00.000000Z","support":"Objet","publisher_availability":1,"stock":0,"editions":[],"url":"https:\/\/quaidesbrumes.com\/ouvrage\/3575678940233\/petit-chien-pourri-peluche"},{"id":"9791023521320","title":"Combien de temps ?","description":"Combien de temps vit un arbre, une girafe, une luciole ? Combien de temps dort un volcan ? Combien de temps dans le ventre de maman ? Un beau livre entre documentaire et imagier pour parler du temps avec les enfants, celui qui passe, trop vite ou trop lentement, celui qui rythme nos vies. Un livre qui c\u00e9l\u00e8bre la vie, cette valse folle qui nous entra\u00eene d\u00e8s la naissance.","authors":["Carine Prache"],"category_codes":["2000000","2030000","2030400"],"visuals":{"large":"https:\/\/images.epagine.fr\/320\/9791023521320_1_75.jpg","medium":"https:\/\/images.epagine.fr\/320\/9791023521320_1_m.jpg","thumbnail":"https:\/\/images.epagine.fr\/320\/9791023521320_1_v.jpg"},"orderable":true,"show_badge":false,"formatted_price":"17,90&nbsp;\u20ac","formatted_published_date":"26 septembre 2025","publisher_availability_label":"Sur commande","short_details":"Carine Prache \u2014 Le Seuil jeunesse","translator":null,"weight":358,"page_count":64,"readership":"\u00e0 partir de 6 ANS","editor":"Le Seuil jeunesse","price":1790,"published_date":"2025-09-25T22:00:00.000000Z","support":"Grand format","publisher_availability":1,"stock":1,"editions":[],"url":"https:\/\/quaidesbrumes.com\/ouvrage\/9791023521320\/combien-de-temps"},{"id":"9791039523943","title":"Ludoc, d\u00e9couvrir et jouer : Les dinosaures","description":"D\u00e9couvrir et jouer, voil\u00e0 l'ambition forte de cette nouvelle collection. Ce titre propose aux lecteurs d'explorer l'univers des dinosaures.\r\n\"Ludoc - d\u00e9couvrir et jouer\", ce sont des documentaires qui allient le savoir et l'amusement. Dans ce titre, les enfants se passionneront pour la vie des dinosaures, et s'amuseront avec les jeux et les autocollants propos\u00e9s.","authors":["Laureen Bouyssou","Giulia de Amicis"],"category_codes":["2000000","2070000","2070300"],"visuals":{"large":"https:\/\/images.epagine.fr\/943\/9791039523943_1_75.jpg","medium":"https:\/\/images.epagine.fr\/943\/9791039523943_1_m.jpg","thumbnail":"https:\/\/images.epagine.fr\/943\/9791039523943_1_v.jpg"},"orderable":true,"show_badge":true,"formatted_price":"12,95&nbsp;\u20ac","formatted_published_date":"17 avril 2025","publisher_availability_label":"Sur commande","short_details":"Laureen Bouyssou, Giulia de Amicis \u2014 Auzou","translator":null,"weight":328,"page_count":52,"readership":"\u00e0 partir de 6 ANS","editor":"Auzou","price":1295,"published_date":"2025-04-16T22:00:00.000000Z","support":"Grand format","publisher_availability":1,"stock":0,"editions":[],"url":"https:\/\/quaidesbrumes.com\/ouvrage\/9791039523943\/ludoc-decouvrir-et-jouer-les-dinosaures"},{"id":"9782386140624","title":"100 grands personnages de l'histoire","description":"Connais-tu Lucy, la femme pr\u00e9historique, Mohamed Ali, le boxeur ? Et Cl\u00e9op\u00e2tre, Gutenberg, Napol\u00e9on, Einstein, Marie Curie, Walt Disney... Sais-tu \u00e0 quel si\u00e8cle ils vivaient, dans quel pays et pourquoi ils sont devenus c\u00e9l\u00e8bres ? Non ? Alors, pars vite \u00e0 la d\u00e9couverte de ces 100 personnages hors du commun qui ont marqu\u00e9 l'histoire de notre monde. Tu ne seras pas d\u00e9\u00e7u...","authors":["Laurica Andriantsarafara","Paul Cotoni","Patricia Cr\u00e9t\u00e9","Ibticem Larbi","Iris Mangin","Claire Martin"],"category_codes":["2000000","2070000","2070400"],"visuals":{"large":"https:\/\/images.epagine.fr\/624\/9782386140624_1_75.jpg","medium":"https:\/\/images.epagine.fr\/624\/9782386140624_1_m.jpg","thumbnail":"https:\/\/images.epagine.fr\/624\/9782386140624_1_v.jpg"},"orderable":true,"show_badge":true,"formatted_price":"21,90&nbsp;\u20ac","formatted_published_date":"2 octobre 2024","publisher_availability_label":"Sur commande","short_details":"Laurica Andriantsarafara, Paul Cotoni, Patricia Cr\u00e9t\u00e9, Ibticem Larbi, Iris Mangin, Claire Martin \u2014 QUELLE HISTOIRE","translator":null,"weight":1108,"page_count":208,"readership":null,"editor":"QUELLE HISTOIRE","price":2190,"published_date":"2024-10-01T22:00:00.000000Z","support":"Grand format","publisher_availability":1,"stock":0,"editions":[],"url":"https:\/\/quaidesbrumes.com\/ouvrage\/9782386140624\/100-grands-personnages-de-lhistoire"},{"id":"9782226494580","title":"Agatha, Pablo et moi","description":"Une enqu\u00eate captivante avec les jeunes Agatha Christie et Pablo Picasso !\r\nParis, 1905. Flora r\u00e9cup\u00e8re chez un brocanteur de Montmartre un tableau rat\u00e9. Mais \u00e0 sa grande surprise, elle d\u00e9couvre que des mauvais gar\u00e7ons du gang des apaches le recherchent. Pourquoi ? Par chance, son amie Agatha Christie vient \u00e9tudier \u00e0 Paris, elle va l'aider \u00e0 r\u00e9soudre le myst\u00e8re. \u00c0 moins que ce ne soit Pablo Picasso, un jeune peintre fauch\u00e9 devenu un ami. En tout cas, c'est urgent, car en gardant le tableau, Flora se met en grand danger !","authors":["Evelyne Brisou-Pellen"],"category_codes":["2000000","2040000","2040500","2040506"],"visuals":{"large":"https:\/\/images.epagine.fr\/580\/9782226494580_1_75.jpg","medium":"https:\/\/images.epagine.fr\/580\/9782226494580_1_m.jpg","thumbnail":"https:\/\/images.epagine.fr\/580\/9782226494580_1_v.jpg"},"orderable":true,"show_badge":true,"formatted_price":"15,90&nbsp;\u20ac","formatted_published_date":"26 f\u00e9vrier 2025","publisher_availability_label":"Sur commande","short_details":"Evelyne Brisou-Pellen \u2014 Albin Michel","translator":null,"weight":422,"page_count":360,"readership":"\u00e0 partir de 9 ANS","editor":"Albin Michel","price":1590,"published_date":"2025-02-25T23:00:00.000000Z","support":"Grand format","publisher_availability":1,"stock":0,"editions":[],"url":"https:\/\/quaidesbrumes.com\/ouvrage\/9782226494580\/agatha-pablo-et-moi"},{"id":"9791036373787","title":"Les orangers de Versailles","description":"Fille de l'un des jardiniers du ch\u00e2teau, Marion rentre au service de madame de Montespan, favorite du Roi-Soleil. Marion a un don : elle reconna\u00eet les odeurs et sait marier les essences. La marquise comprend le parti qu'elle peut en tirer. Un jour, la jeune servante d\u00e9couvrira qu'un terrible complot se trame contre la reine et qu'\u00e0 son insu elle en est complice...","authors":["Annie Pi\u00e9tri"],"category_codes":["2000000","2040000","2040500"],"visuals":{"large":"https:\/\/images.epagine.fr\/787\/9791036373787_1_75.jpg","medium":"https:\/\/images.epagine.fr\/787\/9791036373787_1_m.jpg","thumbnail":"https:\/\/images.epagine.fr\/787\/9791036373787_1_v.jpg"},"orderable":true,"show_badge":true,"formatted_price":"7,90&nbsp;\u20ac","formatted_published_date":"3 juillet 2024","publisher_availability_label":"Sur commande","short_details":"Annie Pi\u00e9tri \u2014 Bayard Jeunesse","translator":null,"weight":196,"page_count":208,"readership":"\u00e0 partir de 10 ANS","editor":"Bayard Jeunesse","price":790,"published_date":"2024-07-02T22:00:00.000000Z","support":"Poche","publisher_availability":1,"stock":0,"editions":[],"url":"https:\/\/quaidesbrumes.com\/ouvrage\/9791036373787\/les-orangers-de-versailles"},{"id":"9782381674698","title":"Trouver sa voix","description":"Tout pour la musique !\r\nTiago, 12 ans, entre en 6eme et il a le trac. Car Tiago est diff\u00e9rent. Il aime le rose, les paillettes et les licornes. Et certains gar\u00e7ons se sont beaucoup moqu\u00e9s de lui \u00e0 l'\u00e9cole. Il esp\u00e8re qu'on le laissera tranquille au coll\u00e8ge. Heureusement, il peut compter sur sa meilleure amie, Billie qui l'a toujours d\u00e9fendu. Tiago suit aussi des cours de chant, de guitare et de piano au conservatoire. Car Tiago est passionn\u00e9 de musique. Une \u00e9mission de chant \u00e0 la t\u00e9l\u00e9 recherche de nouveaux candidats. Tiago osera-t-il aller au bout de son r\u00eave ?","authors":["Fabienne Blanchut"],"category_codes":["2000000","2050000","2050200"],"visuals":{"large":"https:\/\/images.epagine.fr\/698\/9782381674698_1_75.jpg","medium":"https:\/\/images.epagine.fr\/698\/9782381674698_1_m.jpg","thumbnail":"https:\/\/images.epagine.fr\/698\/9782381674698_1_v.jpg"},"orderable":true,"show_badge":true,"formatted_price":"11,90&nbsp;\u20ac","formatted_published_date":"19 f\u00e9vrier 2026","publisher_availability_label":"Sur commande","short_details":"Fabienne Blanchut \u2014 Scrineo","translator":null,"weight":194,"page_count":154,"readership":"\u00e0 partir de 8 ANS","editor":"Scrineo","price":1190,"published_date":"2026-02-18T23:00:00.000000Z","support":"Grand format","publisher_availability":1,"stock":0,"editions":[],"url":"https:\/\/quaidesbrumes.com\/ouvrage\/9782381674698\/trouver-sa-voix"}]}