{"data":[{"id":"9782809664256","title":"Emma \u00e0 l'op\u00e9ra ; carnet cr\u00e9atif","description":"D\u00e9couvre l'univers de l'Op\u00e9ra avec Emma ! \r\n\r\nDans ce carnet cr\u00e9atif, cr\u00e9e tes jolies poup\u00e9es gr\u00e2ce \u00e0 de nombreuses silhouettes \u00e0 colorier, des mod\u00e8les et 4 planches de stickers.\r\n\r\nEt en plus, des infos documentaires sur les traditions et les tenues de l'Op\u00e9ra :\r\n- les v\u00eatements de ballet ;\r\n- les chaussons de danse ;\r\n- les cours de danse ;\r\n- les v\u00eatements de cours de danse ;\r\n- les ballets c\u00e9l\u00e8bres ;\r\n- le palais Garnier.\r\n\r\nEn cadeau : un joli bracelet \u00e0 collectionner !","authors":["Julie Camel"],"category_codes":["2000000","2060000","2060200","2060204"],"visuals":{"large":"https:\/\/images.epagine.fr\/256\/9782809664256_1_75.jpg","medium":"https:\/\/images.epagine.fr\/256\/9782809664256_1_m.jpg","thumbnail":"https:\/\/images.epagine.fr\/256\/9782809664256_1_v.jpg"},"orderable":true,"show_badge":true,"formatted_price":"9,90&nbsp;\u20ac","formatted_published_date":"3 octobre 2018","publisher_availability_label":"Sur commande","short_details":"Julie Camel \u2014 \u00c9ditions playBac","translator":null,"weight":190,"page_count":88,"readership":null,"editor":"\u00c9ditions playBac","price":990,"published_date":"2018-10-02T22:00:00.000000Z","support":"Papeterie \/ Coloriage","publisher_availability":1,"stock":0,"editions":[],"url":"https:\/\/quaidesbrumes.com\/ouvrage\/9782809664256\/emma-a-lopera-carnet-creatif"},{"id":"9782012238121","title":"Mini-Loup champion de foot","description":"Mini-Loup forme son \u00e9quipe pour affronter l'\u00e9quipe de La Hure lors du tournoi de football inter-\u00e9coles. Mais les adversaires sont coriaces et c'est finalement gr\u00e2ce \u00e0 une fille que l'\u00e9quipe de Mini-Loup r\u00e9ussira \u00e0 gagner.","authors":["Philippe Matter"],"category_codes":["2000000","2030000","2030400"],"visuals":{"large":"https:\/\/images.epagine.fr\/121\/9782012238121_1_75.jpg","medium":"https:\/\/images.epagine.fr\/121\/9782012238121_1_m.jpg","thumbnail":"https:\/\/images.epagine.fr\/121\/9782012238121_1_v.jpg"},"orderable":true,"show_badge":true,"formatted_price":"6,95&nbsp;\u20ac","formatted_published_date":"13 mai 1998","publisher_availability_label":"Sur commande","short_details":"Philippe Matter \u2014 Hachette Enfants","translator":null,"weight":270,"page_count":32,"readership":"\u00e0 partir de 3 ANS","editor":"Hachette Enfants","price":695,"published_date":"1998-05-12T22:00:00.000000Z","support":"Grand format","publisher_availability":1,"stock":0,"editions":["9782017347682"],"url":"https:\/\/quaidesbrumes.com\/ouvrage\/9782012238121\/mini-loup-champion-de-foot"},{"id":"9782017287827","title":"Pok\u00e9mon - Les Horizons Tome 2 : Il faut sauver Poussacha !","description":"En s'inscrivant \u00e0 l'Acad\u00e9mie Indigo de Jadielle, dans la r\u00e9gion de Kanto, Liko n'imaginait pas un instant qu'elle finirait par voyager \u00e0 bord du Brave d'Oliville, le dirigeable des \u00c9lectacleurs Volants. En compagnie de l'\u00e9quipage et bien d\u00e9cid\u00e9e \u00e0 retrouver Poussacha, la Dresseuse se lance \u00e0 la poursuite des Explorateurs, les bandits qui ont kidnapp\u00e9 son premier partenaire Pok\u00e9mon...","authors":["Collectif"],"category_codes":["2000000","2040000","2040300"],"visuals":{"large":"https:\/\/images.epagine.fr\/827\/9782017287827_1_75.jpg","medium":"https:\/\/images.epagine.fr\/827\/9782017287827_1_m.jpg","thumbnail":"https:\/\/images.epagine.fr\/827\/9782017287827_1_v.jpg"},"orderable":true,"show_badge":true,"formatted_price":"5,90&nbsp;\u20ac","formatted_published_date":"3 juillet 2024","publisher_availability_label":"Sur commande","short_details":"Collectif \u2014 Hachette Jeunesse","translator":null,"weight":100,"page_count":64,"readership":"\u00e0 partir de 6 ANS","editor":"Hachette Jeunesse","price":590,"published_date":"2024-07-02T22:00:00.000000Z","support":"Poche","publisher_availability":1,"stock":0,"editions":[],"url":"https:\/\/quaidesbrumes.com\/ouvrage\/9782017287827\/pokemon-les-horizons-tome-2-il-faut-sauver-poussacha"},{"id":"9782017023449","title":"Gaston la licorne : les \u00e9motions de Gaston : J'ai peur","description":"Gaston est une petite licorne diff\u00e9rente des autres.\r\nIl a une particularit\u00e9 : sa crini\u00e8re porte les couleurs de l'arc-en-ciel lorsqu'il va bien, mais d\u00e8s qu'une \u00e9motion forte le submerge, sa crini\u00e8re et sa queue changent de couleur selon son humeur : la tristesse, la col\u00e8re ou encore la joie par exemple.  \r\n\r\nUne s\u00e9rie d'albums \u00e9crite et illustr\u00e9e par Aur\u00e9lie Chien Chow Chine, sophrologue pour les adultes et les enfants. Elle exerce notamment dans les \u00e9coles maternelles.\r\nUne \u00e9motion par album. Dans celui-ci : la peur.\r\n\u00c0 la fin de chaque histoire : des petits gestes magiques (petits exercices tr\u00e8s simples) pour aider l'enfant \u00e0 g\u00e9rer ses \u00e9motions.","authors":["Aur\u00e9lie Chien Chow Chine"],"category_codes":["2000000","2070000","2070700"],"visuals":{"large":"https:\/\/images.epagine.fr\/449\/9782017023449_1_75.jpg","medium":"https:\/\/images.epagine.fr\/449\/9782017023449_1_m.jpg","thumbnail":"https:\/\/images.epagine.fr\/449\/9782017023449_1_v.jpg"},"orderable":true,"show_badge":true,"formatted_price":"6,95&nbsp;\u20ac","formatted_published_date":"7 f\u00e9vrier 2018","publisher_availability_label":"Sur commande","short_details":"Aur\u00e9lie Chien Chow Chine \u2014 Hachette Enfants","translator":null,"weight":146,"page_count":32,"readership":"0\/3 ans","editor":"Hachette Enfants","price":695,"published_date":"2018-02-06T23:00:00.000000Z","support":"Grand format","publisher_availability":1,"stock":0,"editions":["9782017093039","9782017107309"],"url":"https:\/\/quaidesbrumes.com\/ouvrage\/9782017023449\/gaston-la-licorne-les-emotions-de-gaston-jai-peur"},{"id":"9782408016913","title":"L'\u00e9cologie","description":"Pourquoi on parle tout le temps d'\u00e9cologie ? C'est quoi, le 8e continent ? Est-ce grave que des animaux disparaissent ? Pourquoi la glace fond-elle aux p\u00f4les ? Est-ce qu'on peut \u00eatre \u00e9colos, nous, les petits ?... En 16 questions d'enfants, ce titre rappelle que l'\u00e9cologie est l'affaire de tous, tous les jours. Nos comportements, nos modes de consommation, notre mode de vie ont une influence sur notre plan\u00e8te et tous ceux qui y vivent. Pour devenir des \u00e9cocitoyens de premier plan !","authors":["St\u00e9phanie Ledu"],"category_codes":["2000000","2070000","2070300"],"visuals":{"large":"https:\/\/images.epagine.fr\/913\/9782408016913_1_75.jpg","medium":"https:\/\/images.epagine.fr\/913\/9782408016913_1_m.jpg","thumbnail":"https:\/\/images.epagine.fr\/913\/9782408016913_1_v.jpg"},"orderable":true,"show_badge":true,"formatted_price":"9,50&nbsp;\u20ac","formatted_published_date":"27 mai 2020","publisher_availability_label":"Sur commande","short_details":"St\u00e9phanie Ledu \u2014 Milan","translator":null,"weight":346,"page_count":40,"readership":"\u00e0 partir de 6 ANS","editor":"Milan","price":950,"published_date":"2020-05-26T22:00:00.000000Z","support":"Grand format","publisher_availability":1,"stock":0,"editions":[],"url":"https:\/\/quaidesbrumes.com\/ouvrage\/9782408016913\/lecologie"},{"id":"9782203208483","title":"Casterminouche : La princesse qui pue qui p\u00e8te","description":"Castille n'est pas une princesse ordinaire. Le rose l'emb\u00eate, les licornes et les chatons ne lui font aucun effet, elle d\u00e9teste les barrettes \u00e0 fleurs ou broder des petits coeurs. Elle, ce qu'elle aime, c'est s'occuper des cochons du fermier Mathurin, salir sa robe et ses jolies bottines dans le crottin. Et alors, est-ce que \u00e7a fait d'elle une princesse moins bien ? Une histoire avec de la dentelle, quelques petits prouts... et une bonne dose de libert\u00e9 !","authors":["Marie Tibi","Thierry Manes"],"category_codes":["2000000","2030000","2030400"],"visuals":{"large":"https:\/\/images.epagine.fr\/483\/9782203208483_1_75.jpg","medium":"https:\/\/images.epagine.fr\/483\/9782203208483_1_m.jpg","thumbnail":"https:\/\/images.epagine.fr\/483\/9782203208483_1_v.jpg"},"orderable":true,"show_badge":true,"formatted_price":"5,95&nbsp;\u20ac","formatted_published_date":"23 septembre 2020","publisher_availability_label":"Sur commande","short_details":"Marie Tibi, Thierry Manes \u2014 Casterman","translator":null,"weight":102,"page_count":32,"readership":"\u00e0 partir de 3 ANS","editor":"Casterman","price":595,"published_date":"2020-09-22T22:00:00.000000Z","support":"Grand format","publisher_availability":1,"stock":0,"editions":["9782203281325"],"url":"https:\/\/quaidesbrumes.com\/ouvrage\/9782203208483\/casterminouche-la-princesse-qui-pue-qui-pete"},{"id":"9781805313762","title":"Ma petite collection J'habille mes amies : les f\u00e9es du jardin","description":"De jolies f\u00e9es papillonnent dans les jardins de ce livre plein de charme \u00e0 remplir d'autocollants.\r\nLes pages de ce livre sont remplies de f\u00e9es \u00e0 habiller d'autocollants. Au fil des pages, elles plantent des graines, cueillent des fruits et volent aux c\u00f4t\u00e9s de papillons butinant des fleurs des champs. Avec plus de 200 autocollants de jolies tenues pour les habiller mais aussi d'animaux et de fleurs pour compl\u00e9ter les sc\u00e8nes imag\u00e9es.","authors":["Fiona Watt","Lizzie Mackay","Veronique Duran"],"category_codes":["2000000","2080000","2080200"],"visuals":{"large":"https:\/\/images.epagine.fr\/762\/9781805313762_1_75.jpg","medium":"https:\/\/images.epagine.fr\/762\/9781805313762_1_m.jpg","thumbnail":"https:\/\/images.epagine.fr\/762\/9781805313762_1_v.jpg"},"orderable":true,"show_badge":true,"formatted_price":"6,95&nbsp;\u20ac","formatted_published_date":"25 mai 2023","publisher_availability_label":"Sur commande","short_details":"Fiona Watt, Lizzie Mackay, Veronique Duran \u2014 Usborne","translator":"VERONIQUE DURAN","weight":170,"page_count":44,"readership":"\u00e0 partir de 4 ANS","editor":"Usborne","price":695,"published_date":"2023-05-24T22:00:00.000000Z","support":"Papeterie \/ Coloriage","publisher_availability":1,"stock":0,"editions":[],"url":"https:\/\/quaidesbrumes.com\/ouvrage\/9781805313762\/ma-petite-collection-jhabille-mes-amies-les-fees-du-jardin"},{"id":"9782095037086","title":"La Cit\u00e9 d'Archefl\u00e8che Tome 3 : La revanche des rebelles","description":"Quand les rebelles brisent leurs cha\u00eenes, rien ne peut plus arr\u00eater leur soif de justice !\r\nBannie, trahie, mais jamais vaincue.\r\n\r\nJuniper Bell refuse d'abandonner sa cit\u00e9 aux mains des terribles Arcanistes qui ont d\u00e9truit tout ce qu'elle aimait et manipulent sa propre soeur jumelle . Dans ce final explosif, elle d\u00e9fie l'interdit et s'infiltre dans Archefl\u00e8che pour mener l'ultime bataille . Aux c\u00f4t\u00e9s de ses fid\u00e8les Rebelles, elle va d\u00e9couvrir que parfois, enfreindre les r\u00e8gles est le seul moyen de sauver ceux qu'on aime. Entre magie spectaculaire, combats \u00e9piques et rebondissements \u00e0 couper le souffle, Juniper devra puiser dans toute sa force pour lib\u00e9rer sa ville et r\u00e9cup\u00e9rer sa soeur avant que les Arcanistes ne d\u00e9truisent d\u00e9finitivement tout espoi r. Mais le temps presse, et cette fois, l'\u00e9chec n'est pas une option.\r\n\r\nPour les fans de Percy Jackson et des Gardiens de Ga'Hoole, ce tome 3 cl\u00f4t magistralement une s\u00e9rie qui aura marqu\u00e9 toute une g\u00e9n\u00e9ration de jeunes lecteurs avides d'aventures magiques.","authors":["Jamie Littler","Mathilde Tamae-Bouhon"],"category_codes":["2000000","2040000","2040500","2040504"],"visuals":{"large":"https:\/\/images.epagine.fr\/086\/9782095037086_1_75.jpg","medium":"https:\/\/images.epagine.fr\/086\/9782095037086_1_m.jpg","thumbnail":"https:\/\/images.epagine.fr\/086\/9782095037086_1_v.jpg"},"orderable":true,"show_badge":true,"formatted_price":"15,95&nbsp;\u20ac","formatted_published_date":"19 mars 2026","publisher_availability_label":"Sur commande","short_details":"Jamie Littler, Mathilde Tamae-Bouhon \u2014 Nathan","translator":"MATHILDE TAMAE-BOUHON","weight":406,"page_count":416,"readership":"\u00e0 partir de 9 ANS","editor":"Nathan","price":1595,"published_date":"2026-03-18T23:00:00.000000Z","support":"Grand format","publisher_availability":1,"stock":0,"editions":[],"url":"https:\/\/quaidesbrumes.com\/ouvrage\/9782095037086\/la-cite-darchefleche-tome-3-la-revanche-des-rebelles"},{"id":"9782700279429","title":"Ultimage, le ma\u00eetre des magies Tome 3 : la magie noire","description":"Maintenant qu'il ma\u00eetrise les magies des \u00e9l\u00e9ments et des illusions, Ma\u00ebl doit apprendre \u00e0 communiquer avec les morts. Il devient un mage noir. Mais Ignace, son ma\u00eetre, a d'autres pr\u00e9occupations : pourchass\u00e9e par le Ver, une cr\u00e9ature m\u00e9canique terrifiante, l'essence de magie noire menace le monde d'Oara. Pour sauver le monde des morts et celui des vivants, Ma\u00ebl d\u00e9cide d'aider Ignace \u00e0 lib\u00e9rer la magie noire de son ennemi.","authors":["Adrien Tomas","Elisabeth Jammes"],"category_codes":["2000000","2040000","2040500","2040503"],"visuals":{"large":"https:\/\/images.epagine.fr\/429\/9782700279429_1_75.jpg","medium":"https:\/\/images.epagine.fr\/429\/9782700279429_1_m.jpg","thumbnail":"https:\/\/images.epagine.fr\/429\/9782700279429_1_v.jpg"},"orderable":true,"show_badge":true,"formatted_price":"7,90&nbsp;\u20ac","formatted_published_date":"25 janvier 2023","publisher_availability_label":"Sur commande","short_details":"Adrien Tomas, Elisabeth Jammes \u2014 Rageot \u00c9diteur","translator":null,"weight":310,"page_count":192,"readership":"\u00e0 partir de 8 ANS","editor":"Rageot \u00c9diteur","price":790,"published_date":"2023-01-24T23:00:00.000000Z","support":"Poche","publisher_availability":1,"stock":0,"editions":[],"url":"https:\/\/quaidesbrumes.com\/ouvrage\/9782700279429\/ultimage-le-maitre-des-magies-tome-3-la-magie-noire"},{"id":"9791040122418","title":"Rendez-vous au parc, les amis !","description":"Un nouveau cherche-et-trouve extraordinaire sign\u00e9 Magnus Weightman\r\nApr\u00e8s Bienvenue, Castor! et Bon voyage, les lapins!, l'architecte et illustrateur Magnus Weightman embarque \u00e0 nouveau le lecteur dans un immense cherche-et-trouve rythm\u00e9 par le passage des saisons dans un parc. Ce parc est une respiration de verdure pour tous les habitants de la ville, mais aussi un lieu plein de vie, o\u00f9 se croisent des personnages hauts en couleur et o\u00f9 se d\u00e9roule une foule d'aventures et d'histoires.\r\n\r\nLe jeune lecteur se voit proposer d'aider Miss Souris \u00e0 retrouver son chien espi\u00e8gle qui s'enfuit \u00e0 toutes pattes d\u00e8s qu'ils sont dans le parc. Ils nous font ainsi d\u00e9couvrir tous les recoins de cette oasis urbaine et ses couleurs changeantes au cours de l'ann\u00e9e. Mais ce n'est pas tout: les grandes illustrations fourmillantes de d\u00e9tails invitent le lecteur \u00e0 suivre le quotidien des autres visiteurs du parc, leurs grands bonheurs comme leurs petites m\u00e9saventures. Chacun a sa propre histoire! Joe Jardinier, les copains du foot, Freddy Fitness ou la famille Tatou: ce sont 8 autres intrigues parall\u00e8les, et bien plus encore, qui donnent envie de rouvrir le livre pour fouiller le parc. Magnus Weightman fait de chaque double-page un tableau joyeux, vivant, o\u00f9 l'humour et la po\u00e9sie animent des situations dans lesquelles on peut tous se reconna\u00eetre et rire.\r\nUne enqu\u00eate ramifi\u00e9e pour savourer le merveilleux du quotidien au fil des pages et des saisons.","authors":["Magnus Weightman"],"category_codes":["2000000","2030000","2030400"],"visuals":{"large":"https:\/\/images.epagine.fr\/418\/9791040122418_1_75.jpg","medium":"https:\/\/images.epagine.fr\/418\/9791040122418_1_m.jpg","thumbnail":"https:\/\/images.epagine.fr\/418\/9791040122418_1_v.jpg"},"orderable":true,"show_badge":true,"formatted_price":"14,90&nbsp;\u20ac","formatted_published_date":"11 avril 2025","publisher_availability_label":"Sur commande","short_details":"Magnus Weightman \u2014 La Martini\u00e8re jeunesse","translator":null,"weight":562,"page_count":40,"readership":"3\/6 ans","editor":"La Martini\u00e8re jeunesse","price":1490,"published_date":"2025-04-10T22:00:00.000000Z","support":"Grand format","publisher_availability":1,"stock":0,"editions":[],"url":"https:\/\/quaidesbrumes.com\/ouvrage\/9791040122418\/rendez-vous-au-parc-les-amis"},{"id":"9782211052092","title":"Maman !","description":"Maman ! Maman ! Maman ! Que se passe-t-il ? As-tu peur de l'hippopotame ? Des singes ? Des lions ou des crocodiles ? Non ! Non ! Non ! Mais alors, pourquoi cours-tu comme \u00e7a ?","authors":["Mario Ramos"],"category_codes":["2000000","2030000","2030400"],"visuals":{"large":"https:\/\/images.epagine.fr\/092\/9782211052092_1_75.jpg","medium":"https:\/\/images.epagine.fr\/092\/9782211052092_1_m.jpg","thumbnail":"https:\/\/images.epagine.fr\/092\/9782211052092_1_v.jpg"},"orderable":true,"show_badge":true,"formatted_price":"13,00&nbsp;\u20ac","formatted_published_date":"6 mai 1999","publisher_availability_label":"Sur commande","short_details":"Mario Ramos \u2014 L'\u00c9cole des loisirs","translator":null,"weight":250,"page_count":32,"readership":"\u00e0 partir de 3 ANS","editor":"L'\u00c9cole des loisirs","price":1300,"published_date":"1999-05-05T22:00:00.000000Z","support":"Grand format","publisher_availability":1,"stock":0,"editions":["9782211060615"],"url":"https:\/\/quaidesbrumes.com\/ouvrage\/9782211052092\/maman"},{"id":"9782211233682","title":"Le c\u00e9l\u00e8bre catalogue Walker & Dawn ; comment nous sommes devenus riches avec trois dollars","description":"P'Tit Trois, Eddie, Min et Julie ne pourraient pas \u00eatre plus diff\u00e9rents, et en m\u00eame temps plus amis. Ils partagent un catalogue de vente par correspondance, trois dollars \u00e0 d\u00e9penser et un grand d\u00e9sir de d\u00e9couvrir le monde. Et quand, au lieu du revolver qu'ils ont command\u00e9 arrive une vieille montre qui ne fonctionne m\u00eame pas, les quatre n'h\u00e9sitent pas une seconde et partent vers Chicago pour r\u00e9cup\u00e9rer leur revolver. Au cours de leur voyage, ils rencontreront des tricheurs professionnels, des flics v\u00e9reux, des m\u00e9chants qui semblent gentils et des gentils qui ne le sont pas du tout... un crime non r\u00e9solu et beaucoup, beaucoup d'argent...\r","authors":["Davide Morosinotto","Marc Lesage"],"category_codes":["2000000","2050000","2050200"],"visuals":{"large":"https:\/\/images.epagine.fr\/682\/9782211233682_1_75.jpg","medium":"https:\/\/images.epagine.fr\/682\/9782211233682_1_m.jpg","thumbnail":"https:\/\/images.epagine.fr\/682\/9782211233682_1_v.jpg"},"orderable":true,"show_badge":true,"formatted_price":"18,00&nbsp;\u20ac","formatted_published_date":"21 f\u00e9vrier 2018","publisher_availability_label":"Sur commande","short_details":"Davide Morosinotto, Marc Lesage \u2014 L'\u00c9cole des loisirs","translator":"MARC LESAGE","weight":740,"page_count":432,"readership":"12\/16 ans","editor":"L'\u00c9cole des loisirs","price":1800,"published_date":"2018-02-20T23:00:00.000000Z","support":"Grand format","publisher_availability":1,"stock":0,"editions":[],"url":"https:\/\/quaidesbrumes.com\/ouvrage\/9782211233682\/le-celebre-catalogue-walker-dawn-comment-nous-sommes-devenus-riches-avec-trois-dollars"},{"id":"9791036385018","title":"Twin crowns Tome 4 : Captain of Fates","description":"Install\u00e9 au palais d'Anadawn, le capitaine Marino Pegasi se languit de l'oc\u00e9an et de la libert\u00e9 qu'il procure. Mais s'il r\u00eavait de mettre les voiles, jamais il n'aurait souhait\u00e9 que ce soit dans de telles conditions. Lorsque sa soeur C\u00e9leste est frapp\u00e9e par un mal myst\u00e9rieux, Marino doit embarquer pour le voyage le plus p\u00e9rilleux de sa vie afin de trouver un rem\u00e8de. Un voyage qui le m\u00e8nera au coeur d'une temp\u00eate politique... et de sentiments tumultueux. Car l'\u00eele sur laquelle il \u00e9choue est en proie \u00e0 une ancienne mal\u00e9diction li\u00e9e \u00e0 un peuple de sir\u00e8nes aussi dangereuses qu'envo\u00fbtantes.\r\n\r\nUn spin-off envo\u00fbtant dans l'univers de Twin Crowns\r\nPremier volet d\u00e9riv\u00e9 de la saga Twin Crowns, ce roman se lit ind\u00e9pendamment tout en enrichissant l'univers d'origine. Katherine Webber m\u00eale romance fantastique, aventures marines et humour piquant, dans une intrigue \u00e0 trois voix aussi tendre que captivante. Entre magie, sortil\u00e8ges et secrets d'\u00eeles oubli\u00e9es, le souffle de l'aventure c\u00f4toie l'\u00e9motion pure.\r\n\r\nPour chavirer de plaisir\r\nCe r\u00e9cit \u00e0 plusieurs points de vue invite \u00e0 explorer les m\u00e9andres du coeur, sans renoncer au souffle d'aventure de l'appel du large. Triangle amoureux revisit\u00e9, figures f\u00e9minines fortes et charme de la romantasy font de ce roman un coup de coeur annonc\u00e9 pour ados r\u00eaveurs et lectrices passionn\u00e9es - \u00e0 lire d\u00e8s 13 ans.","authors":["Katherine Webber","Maud Ortalda"],"category_codes":["2000000","2050000","2050200","2050204"],"visuals":{"large":"https:\/\/images.epagine.fr\/018\/9791036385018_1_75.jpg","medium":"https:\/\/images.epagine.fr\/018\/9791036385018_1_m.jpg","thumbnail":"https:\/\/images.epagine.fr\/018\/9791036385018_1_v.jpg"},"orderable":true,"show_badge":true,"formatted_price":"18,90&nbsp;\u20ac","formatted_published_date":"13 novembre 2025","publisher_availability_label":"Sur commande","short_details":"Katherine Webber, Maud Ortalda \u2014 Bayard Jeunesse","translator":"MAUD ORTALDA","weight":542,"page_count":368,"readership":"\u00e0 partir de 12 ANS","editor":"Bayard Jeunesse","price":1890,"published_date":"2025-11-12T23:00:00.000000Z","support":"Grand format","publisher_availability":1,"stock":0,"editions":[],"url":"https:\/\/quaidesbrumes.com\/ouvrage\/9791036385018\/twin-crowns-tome-4-captain-of-fates"},{"id":"9782386670121","title":"Charlotte in love","description":"Elle a le sujet d'expos\u00e9 parfait... et le pire bin\u00f4me possible.\r\n\r\nAvant de quitter pour de bon Sainte-Ursule, le prestigieux mais strict lyc\u00e9e o\u00f9 elle a men\u00e9 toute sa scolarit\u00e9, Jeanne doit supporter une derni\u00e8re ann\u00e9e sa classe et son nouveau professeur de fran\u00e7ais. Pour ouvrir les hostilit\u00e9s de septembre, celui-ci n'a rien trouv\u00e9 de mieux que de leur demander un imposant travail sur un chef-d'oeuvre de la litt\u00e9rature de leur choix. Sans h\u00e9sitation, Jeanne opte pour Jane Eyre, de Charlotte Bront\u00eb, son roman pr\u00e9f\u00e9r\u00e9 depuis toujours. Mais si on la laisse s\u00e9lectionner son oeuvre, son bin\u00f4me lui est impos\u00e9 : il s'agit d'Alec, un gar\u00e7on avec qui elle n'\u00e9prouve aucune, mais alors aucune affinit\u00e9... C'est le d\u00e9but d'une recherche de longue haleine, d'une rencontre - celle de Jane Eyre, mais surtout celle de son autrice, \u00e9crivaine fascinante dont les deux adolescents vont d\u00e9couvrir le destin par fragments -, et d'un vertige. Jeanne n'avait pas pr\u00e9vu que les \u00e9changes avec Alec lui plaisent tant, ni qu'un livre en d\u00e9voile autant sur elle... et change \u00e0 ce point sa vie.\r\n\r\nL'histoire d'un roman centenaire, d'un gar\u00e7on qui n'a aucune envie de le lire, et de la fille qui va le faire tomber amoureux de ses mots... voire d'un peu plus que \u00e7a.","authors":["El\u00e9onore Descl\u00e9e"],"category_codes":["2000000","2050000","2050200","2050208"],"visuals":{"large":"https:\/\/images.epagine.fr\/121\/9782386670121_1_75.jpg","medium":"https:\/\/images.epagine.fr\/121\/9782386670121_1_m.jpg","thumbnail":"https:\/\/images.epagine.fr\/121\/9782386670121_1_v.jpg"},"orderable":true,"show_badge":true,"formatted_price":"9,90&nbsp;\u20ac","formatted_published_date":"19 f\u00e9vrier 2026","publisher_availability_label":"Sur commande","short_details":"El\u00e9onore Descl\u00e9e \u2014 Solleyre \u00c9ditions","translator":null,"weight":160,"page_count":264,"readership":"\u00e0 partir de 12 ANS","editor":"Solleyre \u00c9ditions","price":990,"published_date":"2026-02-18T23:00:00.000000Z","support":"Poche","publisher_availability":1,"stock":0,"editions":["9782874265808"],"url":"https:\/\/quaidesbrumes.com\/ouvrage\/9782386670121\/charlotte-in-love"},{"id":"9782203300156","title":"Soeurs de choeur Tome 3 : Lyra","description":"On dit que la musique adoucit les moeurs... dans cette famille, elle rapproche les soeurs\u00a0!\r\n\r\nDepuis des semaines, Lyra se pr\u00e9pare pour l'audition de fl\u00fbte qui lui permettra d'impressionner L\u00e9onard Belcanto, son p\u00e8re chef d'orchestre... mais dans sa t\u00eate se joue une vraie temp\u00eate. Elle s'interroge sur l'absence d'attention de ce p\u00e8re qui refait sa vie de son c\u00f4t\u00e9 et semble la remplacer, elle s'alarme de ne pas \u00eatre pr\u00eate le jour J et, pour couronner le tout, elle doit g\u00e9rer les amours de sa soeur Antara avec le doux Virgile... Courageuse, assidue et attentive aux autres sans m\u00eame s'en rendre compte, Lyra va tout faire pour que sa famille enti\u00e8re soit r\u00e9unie lors de l'audition et s'assurer que ce petit monde reste accord\u00e9\u00a0!","authors":["Anne Loyer"],"category_codes":["2000000","2040000","2040500","2040508"],"visuals":{"large":"https:\/\/images.epagine.fr\/156\/9782203300156_1_75.jpg","medium":"https:\/\/images.epagine.fr\/156\/9782203300156_1_m.jpg","thumbnail":"https:\/\/images.epagine.fr\/156\/9782203300156_1_v.jpg"},"orderable":true,"show_badge":true,"formatted_price":"9,90&nbsp;\u20ac","formatted_published_date":"4 f\u00e9vrier 2026","publisher_availability_label":"Sur commande","short_details":"Anne Loyer \u2014 Casterman","translator":null,"weight":168,"page_count":160,"readership":"\u00e0 partir de 9 ANS","editor":"Casterman","price":990,"published_date":"2026-02-03T23:00:00.000000Z","support":"Grand format","publisher_availability":1,"stock":0,"editions":[],"url":"https:\/\/quaidesbrumes.com\/ouvrage\/9782203300156\/soeurs-de-choeur-tome-3-lyra"},{"id":"9791039574228","title":"Cartes \u00e0 gratter - for\u00eat","description":"Des cartes \u00e0 gratter sur la th\u00e9matique de la for\u00eat !\r\n8 magnifiques cartes \u00e0 gratter, le stylet est inclus !","authors":["M\u00e9lissa Armstrong"],"category_codes":["2000000","2080000"],"visuals":{"large":"https:\/\/images.epagine.fr\/228\/9791039574228_1_75.jpg","medium":"https:\/\/images.epagine.fr\/228\/9791039574228_1_m.jpg","thumbnail":"https:\/\/images.epagine.fr\/228\/9791039574228_1_v.jpg"},"orderable":true,"show_badge":true,"formatted_price":"0,00&nbsp;\u20ac","formatted_published_date":"12 f\u00e9vrier 2026","publisher_availability_label":"Sur commande","short_details":"M\u00e9lissa Armstrong \u2014 Auzou","translator":null,"weight":184,"page_count":null,"readership":null,"editor":"Auzou","price":0,"published_date":"2026-02-11T23:00:00.000000Z","support":"Objet","publisher_availability":1,"stock":0,"editions":[],"url":"https:\/\/quaidesbrumes.com\/ouvrage\/9791039574228\/cartes-a-gratter-foret"},{"id":"9782017097754","title":"Le Club des Cinq Tome 12 : le Club des Cinq et le ch\u00e2teau de Mauclerc","description":"Les Cinq pensaient passer des vacances tranquilles. Mais, \u00e0 peine sont-ils install\u00e9s qu'un curieux ph\u00e9nom\u00e8ne attire leur attention : un visage surgit \u00e0 la plus  haute fen\u00eatre du vieux ch\u00e2teau de Mauclerc... Qui peut bien se cacher dans  le donjon d'une ancienne forteresse ?  Une seule solution pour le savoir :  p\u00e9n\u00e9trer incognito dans la ruine...  et mener l'enqu\u00eate !","authors":["Enid Blyton"],"category_codes":["2000000","2040000","2040300"],"visuals":{"large":"https:\/\/images.epagine.fr\/754\/9782017097754_1_75.jpg","medium":"https:\/\/images.epagine.fr\/754\/9782017097754_1_m.jpg","thumbnail":"https:\/\/images.epagine.fr\/754\/9782017097754_1_v.jpg"},"orderable":true,"show_badge":true,"formatted_price":"6,50&nbsp;\u20ac","formatted_published_date":"2 octobre 2019","publisher_availability_label":"Sur commande","short_details":"Enid Blyton \u2014 Hachette Jeunesse","translator":null,"weight":256,"page_count":224,"readership":"\u00e0 partir de 8 ANS","editor":"Hachette Jeunesse","price":650,"published_date":"2019-10-01T22:00:00.000000Z","support":"Poche","publisher_availability":1,"stock":0,"editions":[],"url":"https:\/\/quaidesbrumes.com\/ouvrage\/9782017097754\/le-club-des-cinq-tome-12-le-club-des-cinq-et-le-chateau-de-mauclerc"},{"id":"9782017273615","title":"Le Club des Cinq Tome 35 : Les Cinq et le rubis d'Akbar","description":"Namaste  !  Les Cinq passent les vacances en Inde, chez des amis d'Oncle Henri  : la famille Singh. Mais, depuis leur arriv\u00e9e, ils se savent \u00e9pi\u00e9s... Quelqu'un cherche \u00e0 s'emparer du fabuleux rubis d'Akbar, d\u00e9tenu par M. Singh. Et pour parvenir \u00e0 ses fins, le myst\u00e9rieux inconnu semble pr\u00eat \u00e0 tout  !","authors":["Enid Blyton"],"category_codes":["2000000","2040000","2040300"],"visuals":{"large":"https:\/\/images.epagine.fr\/615\/9782017273615_1_75.jpg","medium":"https:\/\/images.epagine.fr\/615\/9782017273615_1_m.jpg","thumbnail":"https:\/\/images.epagine.fr\/615\/9782017273615_1_v.jpg"},"orderable":true,"show_badge":true,"formatted_price":"6,50&nbsp;\u20ac","formatted_published_date":"17 avril 2024","publisher_availability_label":"Sur commande","short_details":"Enid Blyton \u2014 Hachette Jeunesse","translator":null,"weight":162,"page_count":160,"readership":"\u00e0 partir de 8 ANS","editor":"Hachette Jeunesse","price":650,"published_date":"2024-04-16T22:00:00.000000Z","support":"Poche","publisher_availability":1,"stock":0,"editions":[],"url":"https:\/\/quaidesbrumes.com\/ouvrage\/9782017273615\/le-club-des-cinq-tome-35-les-cinq-et-le-rubis-dakbar"},{"id":"9791039502573","title":"P'tit Loup ne veut pas ranger","description":"Dans sa chambre, dans la cuisine ou m\u00eame dans le salon, P'tit Loup ne fait aucun effort pour ranger et pr\u00e9tend \u00eatre trop fatigu\u00e9.","authors":["Orianne Lallemand","El\u00e9onore Thuillier"],"category_codes":["2000000","2020000","2020400"],"visuals":{"large":"https:\/\/images.epagine.fr\/573\/9791039502573_1_75.jpg","medium":"https:\/\/images.epagine.fr\/573\/9791039502573_1_m.jpg","thumbnail":"https:\/\/images.epagine.fr\/573\/9791039502573_1_v.jpg"},"orderable":true,"show_badge":true,"formatted_price":"5,99&nbsp;\u20ac","formatted_published_date":"23 septembre 2021","publisher_availability_label":"Sur commande","short_details":"Orianne Lallemand, El\u00e9onore Thuillier \u2014 Auzou","translator":null,"weight":140,"page_count":20,"readership":"\u00e0 partir de 2 ANS","editor":"Auzou","price":599,"published_date":"2021-09-22T22:00:00.000000Z","support":"Grand format","publisher_availability":1,"stock":0,"editions":[],"url":"https:\/\/quaidesbrumes.com\/ouvrage\/9791039502573\/ptit-loup-ne-veut-pas-ranger"},{"id":"9782408018696","title":"La col\u00e8re","description":"Cette \u00e9motion difficile \u00e0 ma\u00eetriser survient souvent chez l'enfant comme une explosion ! Dans ce \"P'tit pourquoi\", on suit Baptiste depuis le moment o\u00f9 sa col\u00e8re \u00e9clate jusqu'\u00e0 l'instant o\u00f9 il parvient \u00e0 se calmer. On explique que les col\u00e8res sont souvent \u00e0 l'origine d'une frustration mais qu'elles ne sont pas r\u00e9serv\u00e9es aux enfants ! Et,lorsqu'elle est ma\u00eetris\u00e9e, la col\u00e8re peut aussi \u00eatre saine et donner du courage pour mener de grandes luttes.","authors":["Camille Laurans","Isabelle Maroger"],"category_codes":["2000000","2070000","2070700"],"visuals":{"large":"https:\/\/images.epagine.fr\/696\/9782408018696_1_75.jpg","medium":"https:\/\/images.epagine.fr\/696\/9782408018696_1_m.jpg","thumbnail":"https:\/\/images.epagine.fr\/696\/9782408018696_1_v.jpg"},"orderable":true,"show_badge":true,"formatted_price":"7,90&nbsp;\u20ac","formatted_published_date":"2 septembre 2020","publisher_availability_label":"Sur commande","short_details":"Camille Laurans, Isabelle Maroger \u2014 Milan","translator":null,"weight":252,"page_count":32,"readership":"\u00e0 partir de 4 ANS","editor":"Milan","price":790,"published_date":"2020-09-01T22:00:00.000000Z","support":"Grand format","publisher_availability":1,"stock":0,"editions":[],"url":"https:\/\/quaidesbrumes.com\/ouvrage\/9782408018696\/la-colere"},{"id":"9782884808408","title":"Max et Lili se mettent au hip-pop","description":"Une histoire pour comprendre que la danse d\u00e9veloppe la coordination, le sens de l'\u00e9quilibre et les r\u00e9flexes.\r\nEt aussi le sens de l'effort pour s'am\u00e9liorer, la solidarit\u00e9 pour travailler ensemble et le bonheur de vivre.\r\nOn accepte mieux son corps et \u00e7a chasse les soucis.\r\nOn se sent mieux et c'est bon de danser seul, avec des amis ou en famille !\r\n\r\nLili a arr\u00eat\u00e9 la danse classique et a rejoint Marl\u00e8ne au cours de hip-hop. Max et ses copains lutt ent toujours contre Nicolas et sa bande. Pour \u00e9viter la violence qui monte \u00e0 la r\u00e9cr\u00e9, Lili les entra\u00eene tous au hangar. Et leur propose de faire une chor\u00e9graphie au nouvel EHPAD qui a ouvert \u00e0 c\u00f4t\u00e9 et o\u00f9 leur arri\u00e8re-grand-m\u00e8re vient d'arriver....\r\nVont-ils y arriver ?","authors":["Dominique de Saint-Mars","Serge Bloch"],"category_codes":["2000000","2040000","2040200"],"visuals":{"large":"https:\/\/images.epagine.fr\/408\/9782884808408_1_75.jpg","medium":"https:\/\/images.epagine.fr\/408\/9782884808408_1_m.jpg","thumbnail":"https:\/\/images.epagine.fr\/408\/9782884808408_1_v.jpg"},"orderable":true,"show_badge":true,"formatted_price":"6,20&nbsp;\u20ac","formatted_published_date":"10 mai 2022","publisher_availability_label":"Sur commande","short_details":"Dominique de Saint-Mars, Serge Bloch \u2014 Calligram","translator":null,"weight":117,"page_count":48,"readership":"6\/9 ans","editor":"Calligram","price":620,"published_date":"2022-05-09T22:00:00.000000Z","support":"Grand format","publisher_availability":1,"stock":0,"editions":[],"url":"https:\/\/quaidesbrumes.com\/ouvrage\/9782884808408\/max-et-lili-se-mettent-au-hip-pop"},{"id":"9782215197881","title":"Les volcans","description":"Soul\u00e8ve les flaps, tourne les roues, actionne les tirettes... et d\u00e9couvre l'univers fascinant des volcans ! Plonge au coeur de notre plan\u00e8te pour apprendre comment ils se sont form\u00e9s, ce qu'est la lave ou une \u00e9ruption !","authors":["Marchand","Prevot"],"category_codes":["2000000","2070000","2070300"],"visuals":{"large":"https:\/\/images.epagine.fr\/881\/9782215197881_1_75.jpg","medium":"https:\/\/images.epagine.fr\/881\/9782215197881_1_m.jpg","thumbnail":"https:\/\/images.epagine.fr\/881\/9782215197881_1_v.jpg"},"orderable":true,"show_badge":true,"formatted_price":"15,95&nbsp;\u20ac","formatted_published_date":"7 novembre 2025","publisher_availability_label":"Sur commande","short_details":"Marchand, Prevot \u2014 Fleurus","translator":null,"weight":804,"page_count":16,"readership":null,"editor":"Fleurus","price":1595,"published_date":"2025-11-06T23:00:00.000000Z","support":"Grand format","publisher_availability":1,"stock":0,"editions":[],"url":"https:\/\/quaidesbrumes.com\/ouvrage\/9782215197881\/les-volcans"},{"id":"9782358510776","title":"Une chanson d'ours","description":"\u00ab On est au d\u00e9but de l'automne. Les journ\u00e9es sont fra\u00eeches maintenant et la tani\u00e8re bien tranquille : l'hibernation peut commencer. Papa ours ronfle d\u00e9j\u00e0 quand soudain, une abeille en retard passe \u00e0 toute vitesse devant la porte dans un bzzzz \u00e9nerv\u00e9. Qui dit abeille, dit miel, Petit ours le sait bien et hop hop hop il d\u00e9cide de la suivre . \u00bb Petit ours et son papa vont faire chavirer les coeurs et mourir de rire les lecteurs avec cette histoire o\u00f9 tout semble se liguer contre papa ours, bien d\u00e9cid\u00e9, envers et contre tout, \u00e0 retrouver son fils, m\u00eame si cela veut dire se retrouver sur l'impressionnante sc\u00e8ne de l'Op\u00e9ra, alors qu'il aurait \u00e9t\u00e9 si bien dans son terrier, \u00e0 hiberner !\r\nBenjamin Chaud, dont les parents fabriquent du miel, et qui vit une grande partie de l'ann\u00e9e \u00e0 la montagne, s'en donne ici \u00e0 coeur joie avec cette coursepoursuite entre un tout petit ourson fac\u00e9tieux, qu'il faudra retrouver dans chaque page, et son papa.\r\nL'auteur illustrateur a cr\u00e9\u00e9 de somptueux d\u00e9cors pleine page de la for\u00eat, de la ville et de l'Op\u00e9ra de Paris (des abeilles nichent r\u00e9ellement sur le toit de l'Op\u00e9ra Garnier !).\r","authors":["Benjamin Chaud"],"category_codes":["2000000","2030000","2030400"],"visuals":{"large":"https:\/\/images.epagine.fr\/776\/9782358510776_1_75.jpg","medium":"https:\/\/images.epagine.fr\/776\/9782358510776_1_m.jpg","thumbnail":"https:\/\/images.epagine.fr\/776\/9782358510776_1_v.jpg"},"orderable":true,"show_badge":true,"formatted_price":"16,90&nbsp;\u20ac","formatted_published_date":"19 octobre 2011","publisher_availability_label":"Sur commande","short_details":"Benjamin Chaud \u2014 H\u00e9lium \u00c9ditions","translator":null,"weight":547,"page_count":32,"readership":"\u00e0 partir de 4 ANS","editor":"H\u00e9lium \u00c9ditions","price":1690,"published_date":"2011-10-18T22:00:00.000000Z","support":"Grand format","publisher_availability":1,"stock":0,"editions":[],"url":"https:\/\/quaidesbrumes.com\/ouvrage\/9782358510776\/une-chanson-dours"},{"id":"9782226443526","title":"C\u00e9lestine, petit rat de l'Op\u00e9ra Tome 9 : la gloire de l'Op\u00e9ra","description":"Mademoiselle Mauri a accept\u00e9 la proposition de la reine d'Angleterre. Elle va quitter Paris pour enseigner la danse dans une \u00e9cole londonienne. Les petits rats sont d\u00e9vast\u00e9s... C\u00e9lestine, Iris et Lison font tout leur possible pour convaincre leur professeure de rester. Elles s'allient m\u00eame avec Solange et Annabelle, leurs ennemies de toujours. \u00c0 elles cinq, les id\u00e9es fusent. La course contre la montre a commenc\u00e9 ! \r\n \r\n\u00c0 partir de 8 ans","authors":["Myrtille Tournefeuille","Gwena\u00eble Barussaud"],"category_codes":["2000000","2040000","2040300"],"visuals":{"large":"https:\/\/images.epagine.fr\/526\/9782226443526_1_75.jpg","medium":"https:\/\/images.epagine.fr\/526\/9782226443526_1_m.jpg","thumbnail":"https:\/\/images.epagine.fr\/526\/9782226443526_1_v.jpg"},"orderable":true,"show_badge":true,"formatted_price":"7,90&nbsp;\u20ac","formatted_published_date":"10 juin 2020","publisher_availability_label":"Sur commande","short_details":"Myrtille Tournefeuille, Gwena\u00eble Barussaud \u2014 Albin Michel","translator":null,"weight":252,"page_count":144,"readership":"\u00e0 partir de 8 ANS","editor":"Albin Michel","price":790,"published_date":"2020-06-09T22:00:00.000000Z","support":"Poche","publisher_availability":1,"stock":0,"editions":[],"url":"https:\/\/quaidesbrumes.com\/ouvrage\/9782226443526\/celestine-petit-rat-de-lopera-tome-9-la-gloire-de-lopera"}]}