{"data":[{"id":"9782278131105","title":"Tu as le droit !","description":"Apr\u00e8s la famille, l'amour et les grands-parents, Georgette traite ici d'un autre th\u00e8me fort et essentiel : les droits des enfants.\r\nSans vouloir \u00eatre exhaustif, l'album aborde les principaux droits des enfants : droit \u00e0 l'identit\u00e9, droit \u00e0 l'\u00e9galit\u00e9, droit de vivre en famille, droit d'\u00eatre prot\u00e9g\u00e9 de toute forme de violences, droit de s'exprimer et d'\u00eatre \u00e9cout\u00e9, droit \u00e0 la sant\u00e9, droit \u00e0 l'\u00e9ducation et aux loisirs... Pour ouvrir le dialogue entre adultes et enfants !","authors":["Georgette"],"category_codes":["2000000","2030000","2030400"],"visuals":{"large":"https:\/\/images.epagine.fr\/105\/9782278131105_1_75.jpg","medium":"https:\/\/images.epagine.fr\/105\/9782278131105_1_m.jpg","thumbnail":"https:\/\/images.epagine.fr\/105\/9782278131105_1_v.jpg"},"orderable":true,"show_badge":true,"formatted_price":"11,90&nbsp;\u20ac","formatted_published_date":"2 avril 2025","publisher_availability_label":"Sur commande","short_details":"Georgette \u2014 Didier jeunesse","translator":null,"weight":196,"page_count":24,"readership":"\u00e0 partir de 3 ANS","editor":"Didier jeunesse","price":1190,"published_date":"2025-04-01T22:00:00.000000Z","support":"Grand format","publisher_availability":1,"stock":0,"editions":[],"url":"https:\/\/quaidesbrumes.com\/ouvrage\/9782278131105\/tu-as-le-droit"},{"id":"9782382790366","title":"Le monde perdu d'Eryops","description":"Ben, jeune Am\u00e9ricain en vacances avec sa famille \u00e0 Paris, n'a qu'un r\u00eave : aller \u00e0 Disneyland ! Pas de chance, il pleut des cordes, et c'est au Jardin des Plantes que ses parents le tra\u00eenent, pour aller voir les vieux fossiles de la Galerie de pal\u00e9ontologie... Vieux, vous avez dit ? Certes, la plupart ont d\u00e9pass\u00e9 le million d'ann\u00e9es, mais tous n'ont pas perdu l'\u00e9nergie de leur prime jeunesse. D'ailleurs, un certain Eryops ne tarde pas \u00e0 engager la conversation avec Ben, qui n'en croit pas ses oreilles : lui aussi vient du Texas ! Mais d'un Texas depuis longtemps disparu, peupl\u00e9 d'\u00e9tranges cr\u00e9atures...","authors":["Mathieu Palain","Pierre-Emmanuel Lyet","Damien Germain"],"category_codes":["2000000","2030000","2030400"],"visuals":{"large":"https:\/\/images.epagine.fr\/366\/9782382790366_1_75.jpg","medium":"https:\/\/images.epagine.fr\/366\/9782382790366_1_m.jpg","thumbnail":"https:\/\/images.epagine.fr\/366\/9782382790366_1_v.jpg"},"orderable":true,"show_badge":false,"formatted_price":"14,50&nbsp;\u20ac","formatted_published_date":"2 septembre 2025","publisher_availability_label":"Sur commande","short_details":"Mathieu Palain, Pierre-Emmanuel Lyet, Damien Germain \u2014 Mus\u00e9um national d'Histoire naturelle","translator":null,"weight":144,"page_count":56,"readership":"3\/6 ans","editor":"Mus\u00e9um national d'Histoire naturelle","price":1450,"published_date":"2025-09-01T22:00:00.000000Z","support":"Grand format","publisher_availability":1,"stock":1,"editions":[],"url":"https:\/\/quaidesbrumes.com\/ouvrage\/9782382790366\/le-monde-perdu-deryops"},{"id":"9782700284065","title":"Ultimage, le ma\u00eetre des magies Tome 6 : Retour sur Oara","description":"La paix sur Oara n'a que peu dur\u00e9. Lorsque, apr\u00e8s 8 mois d'absence forc\u00e9e, Ma\u00ebl revient sur la plan\u00e8te des mages, il apprend que les gnomes de Zithane, g\u00e9nies en magie m\u00e9canique, se pr\u00e9parent \u00e0 la guerre contre les autres peuples. Guerre qu'ils pourraient bien gagner. Le gar\u00e7on rejoint son amie Qana en mission d'infiltration dans les sous-sols de la capitale gnome. Leur objectif : d\u00e9truire les golems - des robots dot\u00e9s de magie - et arr\u00eater la guerre. En toute simplicit\u00e9.","authors":["Adrien Tomas","Elisabeth Jammes"],"category_codes":["2000000","2040000","2040500","2040503"],"visuals":{"large":"https:\/\/images.epagine.fr\/065\/9782700284065_1_75.jpg","medium":"https:\/\/images.epagine.fr\/065\/9782700284065_1_m.jpg","thumbnail":"https:\/\/images.epagine.fr\/065\/9782700284065_1_v.jpg"},"orderable":true,"show_badge":true,"formatted_price":"7,90&nbsp;\u20ac","formatted_published_date":"7 mai 2025","publisher_availability_label":"Sur commande","short_details":"Adrien Tomas, Elisabeth Jammes \u2014 Rageot \u00c9diteur","translator":null,"weight":305,"page_count":192,"readership":"\u00e0 partir de 8 ANS","editor":"Rageot \u00c9diteur","price":790,"published_date":"2025-05-06T22:00:00.000000Z","support":"Poche","publisher_availability":1,"stock":0,"editions":[],"url":"https:\/\/quaidesbrumes.com\/ouvrage\/9782700284065\/ultimage-le-maitre-des-magies-tome-6-retour-sur-oara"},{"id":"9791039557818","title":"Petite taupe et l'exposition de la for\u00eat","description":"Petite Taupe organise une grande exposition dans la for\u00eat ! Tous les animaux s'y mettent et d\u00e9couvrent, la peinture, la sculpture, mais aussi le land art et l'art contemporain. Une fois l'exposition install\u00e9e, les promeneurs se dispersent dans la for\u00eat, fascin\u00e9s. L'art c'est vraiment beau, surprenant, bizarre et rigolo ! ","authors":["Orianne Lallemand","Claire Frossard"],"category_codes":["2000000","2030000","2030400"],"visuals":{"large":"https:\/\/images.epagine.fr\/818\/9791039557818_1_75.jpg","medium":"https:\/\/images.epagine.fr\/818\/9791039557818_1_m.jpg","thumbnail":"https:\/\/images.epagine.fr\/818\/9791039557818_1_v.jpg"},"orderable":true,"show_badge":true,"formatted_price":"5,95&nbsp;\u20ac","formatted_published_date":"6 mars 2025","publisher_availability_label":"Sur commande","short_details":"Orianne Lallemand, Claire Frossard \u2014 Auzou","translator":null,"weight":176,"page_count":31,"readership":"\u00e0 partir de 3 ANS","editor":"Auzou","price":595,"published_date":"2025-03-05T23:00:00.000000Z","support":"Grand format","publisher_availability":1,"stock":0,"editions":[],"url":"https:\/\/quaidesbrumes.com\/ouvrage\/9791039557818\/petite-taupe-et-lexposition-de-la-foret"},{"id":"9782371651449","title":"Une journ\u00e9e farfelue","description":"Un adorable chaton pointe le bout de son museau chez mamie. Hors de question pour la vieille femme de remplacer dans son coeur son vieux chat mort. Mais avant de le rel\u00e2cher, mamie lui fait un brin de toilette, lui donne un bon repas et l'emm\u00e8ne chez le v\u00e9t\u00e9rinaire. Mais voil\u00e0 que l'animal a le culot de s'installer sur ses genoux pour faire la sieste.","authors":["Eva Serena Pavan","Giorgia Zanin","Alice Kremer"],"category_codes":["2000000","2030000","2030400"],"visuals":{"large":"https:\/\/images.epagine.fr\/449\/9782371651449_1_75.jpg","medium":"https:\/\/images.epagine.fr\/449\/9782371651449_1_m.jpg","thumbnail":"https:\/\/images.epagine.fr\/449\/9782371651449_1_v.jpg"},"orderable":true,"show_badge":true,"formatted_price":"14,00&nbsp;\u20ac","formatted_published_date":"2 septembre 2025","publisher_availability_label":"Sur commande","short_details":"Eva Serena Pavan, Giorgia Zanin, Alice Kremer \u2014 \u00c9ditions P\u00e8re Fouettard","translator":"ALICE KREMER","weight":350,"page_count":32,"readership":"3\/6 ans","editor":"\u00c9ditions P\u00e8re Fouettard","price":1400,"published_date":"2025-09-01T22:00:00.000000Z","support":"Grand format","publisher_availability":1,"stock":0,"editions":[],"url":"https:\/\/quaidesbrumes.com\/ouvrage\/9782371651449\/une-journee-farfelue"},{"id":"9782017013488","title":"J'apprends \u00e0 lire avec Sami et Julie : CP niveau 1 ; bonne f\u00eate papa","description":"Papa a d\u00e9cid\u00e9 de faire une bonne sieste cet apr\u00e8s-midi. Mais Sami et Julie lui pr\u00e9parent une surprise... renversante ! Ce niveau 1 est con\u00e7u sp\u00e9cialement pour les enfants au d\u00e9but du CP. Les mots utilis\u00e9s dans l'histoire sont exclusivement construits avec des syllabes simples : ba, be, bi, bo, bu, f\u00ea, te, pa... et tr\u00e8s facilement d\u00e9chiffrables pour un enfant qui d\u00e9bute en lecture. \"J'apprends \u00e0 lire avec Sami et Julie\" est une collection de petites histoires sp\u00e9cialement con\u00e7ue pour les enfants apprenant \u00e0 lire. \r\nLe texte est \u00e9crit en gros, les mots sont bien d\u00e9tach\u00e9s les uns des autres et les lignes bien espac\u00e9es. Les histoires sont courtes, dr\u00f4les et tr\u00e8s faciles \u00e0 lire. Ecrites avec des mots en ad\u00e9quation avec leur progression, une quantit\u00e9 de texte \u00e0 lire r\u00e9duite et adapt\u00e9e, pour que l'enfant reste motiv\u00e9 et prenne confiance. En plus de la petite histoire, le livre contient : des conseils pour accompagner l'enfant dans ses premi\u00e8res lectures, la pr\u00e9sentation des personnages, des activit\u00e9s pour pr\u00e9parer la lecture, et \u00e0 la fin : \"As-tu bien compris l'histoire ?\" pour donner du sens \u00e0 ce que l'enfant a lu et aller plus loin que le simple d\u00e9chiffrage ainsi qu'une rubrique \"Et toi, qu'en penses-tu ?\" avec des petites questions pour \"faire r\u00e9fl\u00e9chir\" ou simplement discuter autour de l'histoire.","authors":["Th\u00e9r\u00e8se Bont\u00e9"],"category_codes":["2000000","2040000","2040200"],"visuals":{"large":"https:\/\/images.epagine.fr\/488\/9782017013488_1_75.jpg","medium":"https:\/\/images.epagine.fr\/488\/9782017013488_1_m.jpg","thumbnail":"https:\/\/images.epagine.fr\/488\/9782017013488_1_v.jpg"},"orderable":true,"show_badge":true,"formatted_price":"3,40&nbsp;\u20ac","formatted_published_date":"4 octobre 2017","publisher_availability_label":"Sur commande","short_details":"Th\u00e9r\u00e8se Bont\u00e9 \u2014 Hachette Education","translator":null,"weight":80,"page_count":32,"readership":"\u00e0 partir de 6 ANS","editor":"Hachette Education","price":340,"published_date":"2017-10-03T22:00:00.000000Z","support":"Poche","publisher_availability":1,"stock":0,"editions":[],"url":"https:\/\/quaidesbrumes.com\/ouvrage\/9782017013488\/japprends-a-lire-avec-sami-et-julie-cp-niveau-1-bonne-fete-papa"},{"id":"9782266351973","title":"Vampyria Tome 3 : la cour des ouragans","description":"\u00c0 la Cour des Ouragans, les navires se fracassent et les coeurs se brisent.\r\n\r\nUn oc\u00e9an \u00e0 feu et \u00e0 sang.\r\nLe commerce avec les Am\u00e9riques, qui depuis des si\u00e8cles assure la richesse de la vieille Europe vampyrique, est menac\u00e9 par des hordes de pirates. Le plus sinistre d'entre eux, le capitaine P\u00e2le Phoebus, s\u00e8me un vent de terreur sur toute la c\u00f4te atlantique. Louis XIV l'Immuable ordonne \u00e0 sa prot\u00e9g\u00e9e Diane d'\u00e9pouser ce flibustier sanguinaire afin d'en faire un corsaire \u00e0 la solde de la France.\r\n\r\nUn coeur \u00e0 la d\u00e9rive.\r\nDiane se nomme en r\u00e9alit\u00e9 Jeanne : c'est une roturi\u00e8re qui sert secr\u00e8tement la Fronde. L'organisation rebelle lui demande elle aussi de s\u00e9duire P\u00e2le Phoebus, mais pour l'enr\u00f4ler dans la lutte contre le joug des vampyres. Quelle que soit l'issue, le destin de la jeune fille ne lui appartient plus. Est-elle Diane ? Est-elle Jeanne ? \u00c0 moins que les ouragans n'emportent tous ses masques, pour r\u00e9v\u00e9ler un terrifiant visage qu'elle n'a jamais os\u00e9 regarder en face...","authors":["Victor Dixen"],"category_codes":["2000000","2050000","2050200","2050204"],"visuals":{"large":"https:\/\/images.epagine.fr\/973\/9782266351973_1_75.jpg","medium":"https:\/\/images.epagine.fr\/973\/9782266351973_1_m.jpg","thumbnail":"https:\/\/images.epagine.fr\/973\/9782266351973_1_v.jpg"},"orderable":true,"show_badge":true,"formatted_price":"9,50&nbsp;\u20ac","formatted_published_date":"22 mai 2025","publisher_availability_label":"Sur commande","short_details":"Victor Dixen \u2014 Pocket Jeunesse","translator":null,"weight":382,"page_count":765,"readership":"\u00e0 partir de 13 ANS","editor":"Pocket Jeunesse","price":950,"published_date":"2025-05-21T22:00:00.000000Z","support":"Poche","publisher_availability":1,"stock":0,"editions":["9782266344722","9782221271933","9782221250693"],"url":"https:\/\/quaidesbrumes.com\/ouvrage\/9782266351973\/vampyria-tome-3-la-cour-des-ouragans"},{"id":"9791036378690","title":"Les tr\u00e9sors de Petit Ours Brun : 50 ans d'histoires ; Les plus belles histoires de Petit Ours Brun, de 1975 \u00e0 aujourd'hui","description":"C\u00e9l\u00e9brez les 50 ans de Petit Ours Brun avec un recueil unique de 50 histoires iconiques, de ses premi\u00e8res aventures en 1975 jusqu'aux r\u00e9cits r\u00e9cents.\u00a0\r\nUn livre d'exception pour les 50 ans de POB\r\nUn objet pr\u00e9cieux, au grand format, dos toil\u00e9, avec des d\u00e9tails en pantone fluo et un signet pratique. Ce livre inclut \u00e9galement un dossier sp\u00e9cial qui plonge dans l'univers cr\u00e9atif de Petit Ours Brun, avec des entretiens exclusifs de l'autrice et de l'illustratrice, ainsi que des cartes blanches d'illustrateurs renomm\u00e9s.\u00a0\r\nLe Cadeau Collector \u00e0 Ne Pas Manquer\r\nUn cadeau parfait pour revivre les moments magiques de cet adorable h\u00e9ros   disponible en tirage limit\u00e9 !","authors":["Marie Aubinais","Dani\u00e8le Bour","Laura Bour","C\u00e9line Bour-chollet"],"category_codes":["2000000","2020000","2020400"],"visuals":{"large":"https:\/\/images.epagine.fr\/690\/9791036378690_1_75.jpg","medium":"https:\/\/images.epagine.fr\/690\/9791036378690_1_m.jpg","thumbnail":"https:\/\/images.epagine.fr\/690\/9791036378690_1_v.jpg"},"orderable":true,"show_badge":true,"formatted_price":"19,90&nbsp;\u20ac","formatted_published_date":"8 octobre 2025","publisher_availability_label":"Sur commande","short_details":"Marie Aubinais, Dani\u00e8le Bour, Laura Bour, C\u00e9line Bour-chollet \u2014 Bayard Jeunesse","translator":null,"weight":1130,"page_count":128,"readership":"0\/3 ans","editor":"Bayard Jeunesse","price":1990,"published_date":"2025-10-07T22:00:00.000000Z","support":"Grand format","publisher_availability":1,"stock":0,"editions":[],"url":"https:\/\/quaidesbrumes.com\/ouvrage\/9791036378690\/les-tresors-de-petit-ours-brun-50-ans-dhistoires-les-plus-belles-histoires-de-petit-ours-brun-de-1975-a-aujourdhui"},{"id":"9782075164146","title":"Mes musiques de cirque : des sons \u00e0 \u00e9couter, des images \u00e0 regarder","description":"Tous en piste ! Le livre id\u00e9al pour d\u00e9couvrir le monde du cirque et ses artistes ! Les tendres illustrations de Marion Billet accompagn\u00e9es de musiques, choisies et mix\u00e9es avec soin, restituent l'ambiance sonore du cirque.Et pour la premi\u00e8re fois, un jeu de cherche et trouve sonore avec une puce sonore al\u00e9atoire ! L'enfant appuie sur la puce et montre ce qu'il entend. Il appuie \u00e0 nouveau et cherche \u00e0 quoi cela correspond, et ce, autant de fois qu'il le souhaite !","authors":["Marion Billet"],"category_codes":["2000000","2020000","2020600"],"visuals":{"large":"https:\/\/images.epagine.fr\/146\/9782075164146_1_75.jpg","medium":"https:\/\/images.epagine.fr\/146\/9782075164146_1_m.jpg","thumbnail":"https:\/\/images.epagine.fr\/146\/9782075164146_1_v.jpg"},"orderable":true,"show_badge":true,"formatted_price":"10,00&nbsp;\u20ac","formatted_published_date":"18 ao\u00fbt 2022","publisher_availability_label":"Sur commande","short_details":"Marion Billet \u2014 Gallimard Jeunesse","translator":null,"weight":256,"page_count":12,"readership":"0\/3 ans","editor":"Gallimard Jeunesse","price":1000,"published_date":"2022-08-17T22:00:00.000000Z","support":"Grand format","publisher_availability":1,"stock":0,"editions":[],"url":"https:\/\/quaidesbrumes.com\/ouvrage\/9782075164146\/mes-musiques-de-cirque-des-sons-a-ecouter-des-images-a-regarder"},{"id":"9782211323741","title":"Manu et Nono cherchent les mots","description":"Manu et Nono ont re\u00e7u une lettre. Ce n'est pas tous les jours. Mais les deux copains ne savent pas lire. Comment faire\u00a0? Heureusement, la chouette Ursule peut les aider.","authors":["Catharina Valckx"],"category_codes":["2000000","2040000","2040200"],"visuals":{"large":"https:\/\/images.epagine.fr\/741\/9782211323741_1_75.jpg","medium":"https:\/\/images.epagine.fr\/741\/9782211323741_1_m.jpg","thumbnail":"https:\/\/images.epagine.fr\/741\/9782211323741_1_v.jpg"},"orderable":true,"show_badge":true,"formatted_price":"6,50&nbsp;\u20ac","formatted_published_date":"24 ao\u00fbt 2022","publisher_availability_label":"Sur commande","short_details":"Catharina Valckx \u2014 L'\u00c9cole des loisirs","translator":null,"weight":90,"page_count":48,"readership":"\u00e0 partir de 5 ANS","editor":"L'\u00c9cole des loisirs","price":650,"published_date":"2022-08-23T22:00:00.000000Z","support":"Grand format","publisher_availability":1,"stock":0,"editions":[],"url":"https:\/\/quaidesbrumes.com\/ouvrage\/9782211323741\/manu-et-nono-cherchent-les-mots"},{"id":"9791039554459","title":"Je lis avec toi : P'tit Loup et les \u00e9motions","description":"Appr\u00e9hender ses \u00e9motions et savoir les g\u00e9rer, c'est compliqu\u00e9 quand on est petit ! P'tit Loup aussi n'y arrive pas toujours !\r\nP'tit Loup prend le train pour partir en vacances. Le voyage est long et P'tit Loup passe par toutes les \u00e9motions : l'excitation, l'ennui, la col\u00e8re... Un voyage riche en \u00e9motions ! Un nouveau titre de notre super collection \"Je lis avec toi\" avec P'tit Loup !","authors":["Orianne Lallemand","El\u00e9onore Thuillier"],"category_codes":["2000000","2020000","2020400"],"visuals":{"large":"https:\/\/images.epagine.fr\/459\/9791039554459_1_75.jpg","medium":"https:\/\/images.epagine.fr\/459\/9791039554459_1_m.jpg","thumbnail":"https:\/\/images.epagine.fr\/459\/9791039554459_1_v.jpg"},"orderable":true,"show_badge":true,"formatted_price":"5,99&nbsp;\u20ac","formatted_published_date":"9 janvier 2025","publisher_availability_label":"Sur commande","short_details":"Orianne Lallemand, El\u00e9onore Thuillier \u2014 Auzou","translator":null,"weight":140,"page_count":24,"readership":"\u00e0 partir de 2 ANS","editor":"Auzou","price":599,"published_date":"2025-01-08T23:00:00.000000Z","support":"Grand format","publisher_availability":1,"stock":0,"editions":[],"url":"https:\/\/quaidesbrumes.com\/ouvrage\/9791039554459\/je-lis-avec-toi-ptit-loup-et-les-emotions"},{"id":"9782095041472","title":"Les pompiers","description":"Partez \u00e0 la d\u00e9couverte du monde fascinant des pompiers avec ce livre interactif con\u00e7u pour les tout-petits d\u00e8s 2 ans. Un m\u00e9lange parfait d'apprentissage et de jeu !\r\n\r\n7 questions illustr\u00e9es par 7 grandes illustrations, accompagn\u00e9es d'un petit jeu de cherche et trouve, pour apprendre \u00e0 votre enfant le r\u00f4le crucial des pompiers dans notre soci\u00e9t\u00e9 :\r\nCe que font les pompiers au quotidien\r\nQuand il faut les appeler\r\nL'uniforme et l'\u00e9quipement des pompiers\r\nQui conduit le camion\r\nLa taille de la grande \u00e9chelle\r\nLes aspects du m\u00e9tier de pompier\r\n\r\nAvec un jeu de cherche et trouve g\u00e9ant pour explorer les images en d\u00e9tail et apprendre de nouveaux mots comme dans un imagier.\r\nId\u00e9al pour les enfants \u00e0 partir de 2 ans, pour les accompagner dans leur d\u00e9couverte du monde qui les entoure.","authors":["Camille Moreau","Benjamin B\u00e9cue"],"category_codes":["2000000","2020000","2020300"],"visuals":{"large":"https:\/\/images.epagine.fr\/472\/9782095041472_1_75.jpg","medium":"https:\/\/images.epagine.fr\/472\/9782095041472_1_m.jpg","thumbnail":"https:\/\/images.epagine.fr\/472\/9782095041472_1_v.jpg"},"orderable":true,"show_badge":true,"formatted_price":"5,95&nbsp;\u20ac","formatted_published_date":"6 f\u00e9vrier 2025","publisher_availability_label":"Sur commande","short_details":"Camille Moreau, Benjamin B\u00e9cue \u2014 Nathan","translator":null,"weight":212,"page_count":18,"readership":"\u00e0 partir de 2 ANS","editor":"Nathan","price":595,"published_date":"2025-02-05T23:00:00.000000Z","support":"Grand format","publisher_availability":1,"stock":0,"editions":[],"url":"https:\/\/quaidesbrumes.com\/ouvrage\/9782095041472\/les-pompiers"},{"id":"9782266349383","title":"Le grand saut","description":"Iris, Paul, R\u00e9becca, Marion, Alex et Sam sont amis depuis la sixi\u00e8me.\r\nAujourd'hui, ils entrent en Terminale !\r\nIris, Paul, R\u00e9becca, Marion, Alex et Sam sont amis depuis la sixi\u00e8me. Aujourd'hui, ils entrent en terminale, cette derni\u00e8re ann\u00e9e tant attendue, tant redout\u00e9e. Enfin la lib\u00e9ration ? Une chose est s\u00fbre, bien que le soleil baigne leur petite ville de La Ciotat, chacun sent que l' orage gronde... Les sentiments depuis trop longtemps inavou\u00e9s des uns, les relations familiales bancales des autres, la pression de l' avenir... tout devient insupportable. Et si c'\u00e9tait l' ann\u00e9e o\u00f9 tout bascule ?","authors":["Florence Hinckel"],"category_codes":["2000000","2050000","2050200","2050210"],"visuals":{"large":"https:\/\/images.epagine.fr\/383\/9782266349383_1_75.jpg","medium":"https:\/\/images.epagine.fr\/383\/9782266349383_1_m.jpg","thumbnail":"https:\/\/images.epagine.fr\/383\/9782266349383_1_v.jpg"},"orderable":true,"show_badge":true,"formatted_price":"10,50&nbsp;\u20ac","formatted_published_date":"26 juin 2025","publisher_availability_label":"Sur commande","short_details":"Florence Hinckel \u2014 Pocket Jeunesse","translator":null,"weight":436,"page_count":912,"readership":"\u00e0 partir de 12 ANS","editor":"Pocket Jeunesse","price":1050,"published_date":"2025-06-25T22:00:00.000000Z","support":"Poche","publisher_availability":1,"stock":0,"editions":[],"url":"https:\/\/quaidesbrumes.com\/ouvrage\/9782266349383\/le-grand-saut"},{"id":"9782278120024","title":"Petit ver au fil des saisons","description":"Petit Ver traverse les 4 saisons avec gaiet\u00e9, rencontre les animaux du jardin et regarde la nature se transformer. Une d\u00e9couverte amusante de la vie sous terre et sur terre en toutes saisons !\u00a0 \r\nSur le m\u00eame principe que\u00a0 Petit Ver au potager, le doigt du lecteur se glisse dans le trou du livre pour devenir Petit Ver, personnage principal d'une aventure au coeur d'un joyeux jardin.\u00a0 \r\nL'auteur et l'illustratrice, tous les deux engag\u00e9s en faveur de l'environnement et du climat, offrent une nouvelle fois aux tout-petits l'occasion de d\u00e9couvrir la nature et ses habitants de fa\u00e7on vivante et interactive.\r\nLa s\u00e9rie est soutenue par l'association France Nature Environnement, partenaire de la publication.","authors":["Fran\u00e7ois Arlandis","Maur\u00e8en Poignonec"],"category_codes":["2000000","2020000","2020300"],"visuals":{"large":"https:\/\/images.epagine.fr\/024\/9782278120024_1_75.jpg","medium":"https:\/\/images.epagine.fr\/024\/9782278120024_1_m.jpg","thumbnail":"https:\/\/images.epagine.fr\/024\/9782278120024_1_v.jpg"},"orderable":true,"show_badge":true,"formatted_price":"10,90&nbsp;\u20ac","formatted_published_date":"3 septembre 2025","publisher_availability_label":"Sur commande","short_details":"Fran\u00e7ois Arlandis, Maur\u00e8en Poignonec \u2014 Didier jeunesse","translator":null,"weight":200,"page_count":16,"readership":"\u00e0 partir de 2 ANS","editor":"Didier jeunesse","price":1090,"published_date":"2025-09-02T22:00:00.000000Z","support":"Grand format","publisher_availability":1,"stock":0,"editions":[],"url":"https:\/\/quaidesbrumes.com\/ouvrage\/9782278120024\/petit-ver-au-fil-des-saisons"},{"id":"9782383224174","title":"Mon livre d'activit\u00e9s : Petite & grande ; Avec plus de 100 autocollants","description":"Un livre d'activit\u00e9s avec plus de 100 autocollants pour accompagner la s\u00e9rie \u00e0 succ\u00e8s !\r\nPr\u00e9pare-toi \u00e0 dessiner, coller et cr\u00e9er avec les personnages de la collection Petite et GRANDE !\r\nColorie une tenue fabuleuse pour David Bowie, dessine un b\u00e2timent futuriste avec l'architecte Zaha Hadid ou illumine le ciel nocturne avec Stephen Hawking.\r\nPuis d\u00e9core chaque sc\u00e8ne avec tes autocollants... ou garde-les pour tes futures cr\u00e9ations !\"","authors":["Isabel Sanchez Vegara","Collectif"],"category_codes":["2000000","2080000","2080200"],"visuals":{"large":"https:\/\/images.epagine.fr\/174\/9782383224174_1_75.jpg","medium":"https:\/\/images.epagine.fr\/174\/9782383224174_1_m.jpg","thumbnail":"https:\/\/images.epagine.fr\/174\/9782383224174_1_v.jpg"},"orderable":true,"show_badge":true,"formatted_price":"0,00&nbsp;\u20ac","formatted_published_date":"10 juillet 2025","publisher_availability_label":"Sur commande","short_details":"Isabel Sanchez Vegara, Collectif \u2014 \u00c9ditions Kimane","translator":null,"weight":182,"page_count":36,"readership":"Tout public","editor":"\u00c9ditions Kimane","price":0,"published_date":"2025-07-09T22:00:00.000000Z","support":"Grand format","publisher_availability":1,"stock":0,"editions":[],"url":"https:\/\/quaidesbrumes.com\/ouvrage\/9782383224174\/mon-livre-dactivites-petite-grande-avec-plus-de-100-autocollants"},{"id":"9782809664430","title":"Livre musical ; mon premier Johnny","description":"Appuie, c'est toi qui lances la musique ! Mon premier Johnny : La musique que j'aime ; Je te promets ; L'idole des jeunes ; L'envie ; Que je t'aime.","authors":["M\u00e9lanie Grandgirard"],"category_codes":["2000000","2020000","2020200"],"visuals":{"large":"https:\/\/images.epagine.fr\/430\/9782809664430_1_75.jpg","medium":"https:\/\/images.epagine.fr\/430\/9782809664430_1_m.jpg","thumbnail":"https:\/\/images.epagine.fr\/430\/9782809664430_1_v.jpg"},"orderable":true,"show_badge":true,"formatted_price":"11,90&nbsp;\u20ac","formatted_published_date":"27 f\u00e9vrier 2019","publisher_availability_label":"Sur commande","short_details":"M\u00e9lanie Grandgirard \u2014 \u00c9ditions playBac","translator":null,"weight":234,"page_count":12,"readership":"0\/3 ans","editor":"\u00c9ditions playBac","price":1190,"published_date":"2019-02-26T23:00:00.000000Z","support":"Grand format","publisher_availability":1,"stock":0,"editions":[],"url":"https:\/\/quaidesbrumes.com\/ouvrage\/9782809664430\/livre-musical-mon-premier-johnny"},{"id":"9782080144225","title":"Je suis en CE1 : Mon bloc d'activit\u00e9s : Mots crois\u00e9s - Casse-t\u00eates - R\u00e9bus","description":"Ce bloc propose 30 jeux vari\u00e9s sp\u00e9cialement adapt\u00e9s aux enfants qui sont en CE1. Au programme\u00a0:\u00a0mots crois\u00e9s, r\u00e9bus, casse-t\u00eates, coloriages magiques, points \u00e0 relier... Des activit\u00e9s ludiques et p\u00e9dagogiques pour progresser en lecture, m\u00e9moriser l'orthographe, s'entra\u00eener en calcul et d\u00e9couvrir l'anglais.","authors":["Magdalena","B\u00e9n\u00e9dicte Carboneill","Emmanuel Ristord","Cl\u00e9mence Lallemand"],"category_codes":["2000000","2080000"],"visuals":{"large":"https:\/\/images.epagine.fr\/225\/9782080144225_1_75.jpg","medium":"https:\/\/images.epagine.fr\/225\/9782080144225_1_m.jpg","thumbnail":"https:\/\/images.epagine.fr\/225\/9782080144225_1_v.jpg"},"orderable":true,"show_badge":true,"formatted_price":"4,95&nbsp;\u20ac","formatted_published_date":"4 f\u00e9vrier 2026","publisher_availability_label":"Sur commande","short_details":"Magdalena, B\u00e9n\u00e9dicte Carboneill, Emmanuel Ristord, Cl\u00e9mence Lallemand \u2014 P\u00e8re Castor","translator":null,"weight":192,"page_count":64,"readership":"\u00e0 partir de 6 ANS","editor":"P\u00e8re Castor","price":495,"published_date":"2026-02-03T23:00:00.000000Z","support":"Grand format","publisher_availability":1,"stock":0,"editions":[],"url":"https:\/\/quaidesbrumes.com\/ouvrage\/9782080144225\/je-suis-en-ce1-mon-bloc-dactivites-mots-croises-casse-tetes-rebus"},{"id":"9782080471307","title":"Le petit bonhomme de pain d'\u00e9pice","description":"Un petit bonhomme de pain d'\u00e9pice s'enfuit en sortant du four. \u00abCourez tant que vous voudrez, jamais vous ne m'attraperez !\u00bb","authors":["Anne Kalicky","Olivier Latyk"],"category_codes":["2000000","2020000","2020400"],"visuals":{"large":"https:\/\/images.epagine.fr\/307\/9782080471307_1_75.jpg","medium":"https:\/\/images.epagine.fr\/307\/9782080471307_1_m.jpg","thumbnail":"https:\/\/images.epagine.fr\/307\/9782080471307_1_v.jpg"},"orderable":true,"show_badge":true,"formatted_price":"5,95&nbsp;\u20ac","formatted_published_date":"12 mars 2025","publisher_availability_label":"Sur commande","short_details":"Anne Kalicky, Olivier Latyk \u2014 P\u00e8re Castor","translator":null,"weight":110,"page_count":24,"readership":"0\/3 ans","editor":"P\u00e8re Castor","price":595,"published_date":"2025-03-11T23:00:00.000000Z","support":"Grand format","publisher_availability":1,"stock":0,"editions":[],"url":"https:\/\/quaidesbrumes.com\/ouvrage\/9782080471307\/le-petit-bonhomme-de-pain-depice"},{"id":"9791039575003","title":"Ma peluche de loup magicien","description":"Abracadabra, Loup est un magicien ! Il est pr\u00eat pour \u00e9pater ses amis avec tous ses tours de magie !\r\nLoup a rev\u00eatu sa plus belle cape et son plus beau chapeau pointu : le voici magicien ! \r\nl est pr\u00eat \u00e0 faire des tours de magie ! Et hop, un lapin qui appara\u00eet, et hop des \u00e9toiles plein les yeux...","authors":["Orianne Lallemand","El\u00e9onore Thuillier"],"category_codes":["2000000","2040000","2040300"],"visuals":{"large":"https:\/\/images.epagine.fr\/003\/9791039575003_1_75.jpg","medium":"https:\/\/images.epagine.fr\/003\/9791039575003_1_m.jpg","thumbnail":"https:\/\/images.epagine.fr\/003\/9791039575003_1_v.jpg"},"orderable":true,"show_badge":true,"formatted_price":"0,00&nbsp;\u20ac","formatted_published_date":"26 f\u00e9vrier 2026","publisher_availability_label":"Sur commande","short_details":"Orianne Lallemand, El\u00e9onore Thuillier \u2014 Auzou","translator":null,"weight":162,"page_count":null,"readership":"\u00e0 partir de 6 ANS","editor":"Auzou","price":0,"published_date":"2026-02-25T23:00:00.000000Z","support":"Objet","publisher_availability":1,"stock":0,"editions":[],"url":"https:\/\/quaidesbrumes.com\/ouvrage\/9791039575003\/ma-peluche-de-loup-magicien"},{"id":"9782324037061","title":"Mes premi\u00e8res chansons \u00e0 la cr\u00e8che","description":"\u00c0 la d\u00e9couverte de la cr\u00e8che en chansons !\r\nAvec ses puces sonores musicales, ce recueil est unique. Sur chaque page, l'enfant recherche dans l'illustration le petit bouton qui d\u00e9clenchera la musique.\r\n\r\nC'est avec des comptines originales et traditionnelles qu'on chante \u00e0 la cr\u00e8che : \" A la cr\u00e8che, pomme et p\u00eache \" de Philippe Roussel, l'incontournable \" J'ai un nom, un pr\u00e9nom \" ainsi que les grands classiques des tout petits : \" Les petites marionnettes \" ; \" Petit cheval va au march\u00e9 \" et \" Head, shoulders, knees and toes \" pour chanter en anglais !\r\n\r\nLes illustrations tendres et dr\u00f4les de Thierry Man\u00e8s accompagnent ces jolis petits textes pleins d'humour et de malice !","authors":["Thierry Manes"],"category_codes":["2000000","2020000","2020600"],"visuals":{"large":"https:\/\/images.epagine.fr\/061\/9782324037061_1_75.jpg","medium":"https:\/\/images.epagine.fr\/061\/9782324037061_1_m.jpg","thumbnail":"https:\/\/images.epagine.fr\/061\/9782324037061_1_v.jpg"},"orderable":true,"show_badge":true,"formatted_price":"12,00&nbsp;\u20ac","formatted_published_date":"5 juin 2025","publisher_availability_label":"Sur commande","short_details":"Thierry Manes \u2014 Gr\u00fcnd","translator":null,"weight":204,"page_count":6,"readership":"0\/3 ans","editor":"Gr\u00fcnd","price":1200,"published_date":"2025-06-04T22:00:00.000000Z","support":"Grand format","publisher_availability":1,"stock":0,"editions":[],"url":"https:\/\/quaidesbrumes.com\/ouvrage\/9782324037061\/mes-premieres-chansons-a-la-creche"},{"id":"9782017343066","title":"Jumpers : L'histoire du film","description":"Toute l'histoire du film\u00a0 Jumpers\u00a0 dans\u00a0 un album grand format, pour un moment de lecture \u00e0 partager entre parents et enfants.\u00a0 \u00a0 \r\n\u00a0 \r\n- L'histoire compl\u00e8te du film avec des textes courts et faciles \u00e0 lire, rythm\u00e9s par des dialogues et des images en pleine page.\u00a0 \r\nD\u00e8s 3 ans.\u00a0 \u00a0 \r\n\u00a0 \r\nR\u00e9sum\u00e9 :\u00a0 Mabel est une jeune fille passionn\u00e9e par la nature. Lorsqu'elle apprend que le maire pr\u00e9voit de raser une clairi\u00e8re pour y faire passer une route, elle cherche imm\u00e9diatement \u00e0 l'en emp\u00eacher. Par chance, elle d\u00e9couvre une machine permettant de transf\u00e9rer la conscience humaine dans un castor-robot et de communiquer avec les autres animaux ! Mabel va alors mettre \u00e0 profit sa nouvelle apparence pour convaincre les mammif\u00e8res d'unir leurs forces contre le projet du maire.\r","authors":["Disney Pixar"],"category_codes":["2000000","2030000","2030400"],"visuals":{"large":"https:\/\/images.epagine.fr\/066\/9782017343066_1_75.jpg","medium":"https:\/\/images.epagine.fr\/066\/9782017343066_1_m.jpg","thumbnail":"https:\/\/images.epagine.fr\/066\/9782017343066_1_v.jpg"},"orderable":true,"show_badge":true,"formatted_price":"14,95&nbsp;\u20ac","formatted_published_date":"11 f\u00e9vrier 2026","publisher_availability_label":"Sur commande","short_details":"Disney Pixar \u2014 Disney Hachette","translator":null,"weight":705,"page_count":96,"readership":"\u00e0 partir de 3 ANS","editor":"Disney Hachette","price":1495,"published_date":"2026-02-10T23:00:00.000000Z","support":"Grand format","publisher_availability":1,"stock":0,"editions":["9782017343073","9782017343059","9782017343097"],"url":"https:\/\/quaidesbrumes.com\/ouvrage\/9782017343066\/jumpers-lhistoire-du-film"},{"id":"9782211238977","title":"Minusculette la f\u00e9e du jardin","description":"D\u00e8s le matin, la petite f\u00e9e minusculette a beaucoup de travail. Elle est charg\u00e9e de r\u00e9veiller les fleurs pour que les abeilles puissent butiner mais, soudain, une petite chenille sanglote.\r\nQue lui est-il arriv\u00e9 ?\r","authors":["Christine Davenier","Kimiko"],"category_codes":["2000000","2020000","2020300"],"visuals":{"large":"https:\/\/images.epagine.fr\/977\/9782211238977_1_75.jpg","medium":"https:\/\/images.epagine.fr\/977\/9782211238977_1_m.jpg","thumbnail":"https:\/\/images.epagine.fr\/977\/9782211238977_1_v.jpg"},"orderable":true,"show_badge":true,"formatted_price":"12,00&nbsp;\u20ac","formatted_published_date":"16 octobre 2018","publisher_availability_label":"Sur commande","short_details":"Christine Davenier, Kimiko \u2014 L'\u00c9cole des loisirs","translator":null,"weight":264,"page_count":36,"readership":"\u00e0 partir de 3 ANS","editor":"L'\u00c9cole des loisirs","price":1200,"published_date":"2018-10-15T22:00:00.000000Z","support":"Grand format","publisher_availability":1,"stock":0,"editions":[],"url":"https:\/\/quaidesbrumes.com\/ouvrage\/9782211238977\/minusculette-la-fee-du-jardin"},{"id":"9782080491954","title":"Northanger abbey","description":"D\u00e9bordant d'imagination et passionn\u00e9e de litt\u00e9rature, la jeune Catherine Morland br\u00fble de d\u00e9couvrir le monde. Au cours d'un bal, elle rencontre le charmant Henry Tilney qui l'invite dans sa myst\u00e9rieuse demeure de Northanger. Catherine tente aussit\u00f4t de percer les secrets qui habitent ces murs...\r\nUn irr\u00e9sistible roman d'apprentissage, port\u00e9 par la plume vive et mordante de la grande Jane Austen.\r","authors":["Jane Austen","Lucia de Marco"],"category_codes":["2000000","2040000","2040500"],"visuals":{"large":"https:\/\/images.epagine.fr\/954\/9782080491954_1_75.jpg","medium":"https:\/\/images.epagine.fr\/954\/9782080491954_1_m.jpg","thumbnail":"https:\/\/images.epagine.fr\/954\/9782080491954_1_v.jpg"},"orderable":true,"show_badge":true,"formatted_price":"15,90&nbsp;\u20ac","formatted_published_date":"20 ao\u00fbt 2025","publisher_availability_label":"Sur commande","short_details":"Jane Austen, Lucia de Marco \u2014 Flammarion jeunesse","translator":null,"weight":348,"page_count":256,"readership":"\u00e0 partir de 10 ANS","editor":"Flammarion jeunesse","price":1590,"published_date":"2025-08-19T22:00:00.000000Z","support":"Grand format","publisher_availability":1,"stock":0,"editions":[],"url":"https:\/\/quaidesbrumes.com\/ouvrage\/9782080491954\/northanger-abbey"},{"id":"9791040123804","title":"Mon ami","description":"Un album touchant et magnifique sur la douleur de perdre un animal, la beaut\u00e9 des souvenirs et la possibilit\u00e9 d'ouvrir son coeur \u00e0 nouveau.\r\n\r\nCl\u00e9o na\u00eet sous le regard tendre de son chien Odin. Ensemble, ils partent \u00e0 l'aventure, explorent la nature et partagent des moments de complicit\u00e9 qui marquent son enfance. Mais le temps passe et Odin vieillit. Un matin, il n'ouvre pas les yeux. D\u00e9vast\u00e9e, Cl\u00e9o traverse le deuil avec difficult\u00e9, habit\u00e9e par les souvenirs de son compagnon.\r\nCet album tendre, po\u00e9tique, est un hommage aux animaux qui partagent nos existences. Il raconte la vie, le deuil et la r\u00e9paration avec une douceur infinie. Par son pouvoir consolatoire, il permet aux enfants de traverser cette exp\u00e9rience en leur offrant un espace d'apaisement.\r","authors":["Marion Sonet"],"category_codes":["2000000","2030000","2030400"],"visuals":{"large":"https:\/\/images.epagine.fr\/804\/9791040123804_1_75.jpg","medium":"https:\/\/images.epagine.fr\/804\/9791040123804_1_m.jpg","thumbnail":"https:\/\/images.epagine.fr\/804\/9791040123804_1_v.jpg"},"orderable":true,"show_badge":true,"formatted_price":"14,50&nbsp;\u20ac","formatted_published_date":"19 septembre 2025","publisher_availability_label":"Sur commande","short_details":"Marion Sonet \u2014 La Martini\u00e8re jeunesse","translator":null,"weight":404,"page_count":40,"readership":"\u00e0 partir de 5 ANS","editor":"La Martini\u00e8re jeunesse","price":1450,"published_date":"2025-09-18T22:00:00.000000Z","support":"Grand format","publisher_availability":1,"stock":0,"editions":[],"url":"https:\/\/quaidesbrumes.com\/ouvrage\/9791040123804\/mon-ami"}]}