{"data":[{"id":"9782075188043","title":"Lily Pissenlit","description":"Libre et insouciante, Lily Pissenlit s\u00e8me \u00e0 tout vent. Comme sa fleur, elle n'est jamais l\u00e0 o\u00f9 on l'attend. Une vie de r\u00eave pour la petite abeille, un vrai cauchemar pour Benjamin le lutin...","authors":["Antoon Krings"],"category_codes":["2000000","2030000","2030300"],"visuals":{"large":"https:\/\/images.epagine.fr\/043\/9782075188043_1_75.jpg","medium":"https:\/\/images.epagine.fr\/043\/9782075188043_1_m.jpg","thumbnail":"https:\/\/images.epagine.fr\/043\/9782075188043_1_v.jpg"},"orderable":true,"show_badge":true,"formatted_price":"6,50&nbsp;\u20ac","formatted_published_date":"23 mai 2024","publisher_availability_label":"Sur commande","short_details":"Antoon Krings \u2014 Gallimard Jeunesse-Giboul\u00e9es","translator":null,"weight":234,"page_count":32,"readership":"\u00e0 partir de 3 ANS","editor":"Gallimard Jeunesse-Giboul\u00e9es","price":650,"published_date":"2024-05-22T22:00:00.000000Z","support":"Grand format","publisher_availability":1,"stock":0,"editions":[],"url":"https:\/\/quaidesbrumes.com\/ouvrage\/9782075188043\/lily-pissenlit"},{"id":"9780714879178","title":"Observe les \u00e9toiles : le guide complet des 88 constellations","description":"Ce livre ing\u00e9nieux et accessible sur les constellations donne aux enfants toutes les informations n\u00e9cessaires pour rep\u00e9rer, nommer et comprendre les noms des 88 constellations reconnues dans le monde entier. Pour chaque ensemble d'\u00e9toiles, des astuces pour les identifier, la p\u00e9riode de l'ann\u00e9e durant laquelle elles sont visibles, leurs \u00e9toiles cl\u00e9 et ast\u00e9rismes, sans oublier le r\u00e9cit - mythologique ou historique - qui se cache derri\u00e8re chaque constellation. Gr\u00e2ce aux cartes du ciel, au glossaire et \u00e0 de magnifiques illustrations, cet ouvrage complet est une r\u00e9f\u00e9rence id\u00e9ale pour les observateurs du ciel en herbe","authors":["Sara Gillingham"],"category_codes":["2000000","2070000","2070500"],"visuals":{"large":"https:\/\/images.epagine.fr\/178\/9780714879178_1_75.jpg","medium":"https:\/\/images.epagine.fr\/178\/9780714879178_1_m.jpg","thumbnail":"https:\/\/images.epagine.fr\/178\/9780714879178_1_v.jpg"},"orderable":true,"show_badge":true,"formatted_price":"24,95&nbsp;\u20ac","formatted_published_date":"12 septembre 2019","publisher_availability_label":"Sur commande","short_details":"Sara Gillingham \u2014 Phaidon","translator":null,"weight":974,"page_count":214,"readership":"\u00e0 partir de 7 ANS","editor":"Phaidon","price":2495,"published_date":"2019-09-11T22:00:00.000000Z","support":"Grand format","publisher_availability":1,"stock":0,"editions":[],"url":"https:\/\/quaidesbrumes.com\/ouvrage\/9780714879178\/observe-les-etoiles-le-guide-complet-des-88-constellations"},{"id":"9782244061412","title":"80 gommettes autocollantes : les camions de pompiers","description":null,"authors":["Collectif"],"category_codes":["2000000","2080000","2080200"],"visuals":{"large":"https:\/\/images.epagine.fr\/412\/9782244061412_1_75.jpg","medium":"https:\/\/images.epagine.fr\/412\/9782244061412_1_m.jpg","thumbnail":"https:\/\/images.epagine.fr\/412\/9782244061412_1_v.jpg"},"orderable":true,"show_badge":true,"formatted_price":"0,00&nbsp;\u20ac","formatted_published_date":"1er mars 2026","publisher_availability_label":"Sur commande","short_details":"Collectif \u2014 \u00c9ditions Lito","translator":null,"weight":50,"page_count":null,"readership":null,"editor":"\u00c9ditions Lito","price":0,"published_date":"2026-02-28T23:00:00.000000Z","support":"Papeterie \/ Coloriage","publisher_availability":1,"stock":0,"editions":[],"url":"https:\/\/quaidesbrumes.com\/ouvrage\/9782244061412\/80-gommettes-autocollantes-les-camions-de-pompiers"},{"id":"9791032410721","title":"Mission Blocs : Le portail bris\u00e9","description":"Pr\u00eat \u00e0 partir \u00e0 l'aventure avec l'\u00e9quipe de Mission Blocs ? Plonge dans ton jeu vid\u00e9o pr\u00e9f\u00e9r\u00e9 pour accomplir des missions incroyables !\r\nDans le village d'Origine, trois jeunes amis ins\u00e9parables - Jade la meneuse, Lucas le bricoleur et Ma\u00eblle la bagarreuse - r\u00eavent de rejoindre les rangs des prestigieux Jouteurs qui vivent dans la Citadelle. Leur chance arrive lorsque le Portail d'Abondance, la source de richesses des Jouteurs, explose myst\u00e9rieusement. Trois fragments se sont \u00e9parpill\u00e9s dans le monde.\r\nLes trois compagnons, d\u00e9sormais surnomm\u00e9s \"Les Trois Fois Rien\", se lancent dans une aventure palpitante pour r\u00e9cup\u00e9rer les fragments perdus. Rejoints par Nathan, un jeune Jouteur arrogant, ils affrontent des pi\u00e8ges mortels, des momies et m\u00eame des pillards men\u00e9s par le cruel Titus.\r\nUne aventure haletante dans l'univers de ton jeu vid\u00e9o pr\u00e9f\u00e9r\u00e9, m\u00ealant actionn, humour et aventure.\r\nUn livre qui ravira les fans d'aventure et de jeux vid\u00e9o !","authors":["Gauthier Wendling","B\u00e9atrice Novo"],"category_codes":["2000000","2040000","2040500","2040502"],"visuals":{"large":"https:\/\/images.epagine.fr\/721\/9791032410721_1_75.jpg","medium":"https:\/\/images.epagine.fr\/721\/9791032410721_1_m.jpg","thumbnail":"https:\/\/images.epagine.fr\/721\/9791032410721_1_v.jpg"},"orderable":true,"show_badge":true,"formatted_price":"9,95&nbsp;\u20ac","formatted_published_date":"5 mars 2026","publisher_availability_label":"Sur commande","short_details":"Gauthier Wendling, B\u00e9atrice Novo \u2014 404 \u00c9ditions","translator":null,"weight":214,"page_count":112,"readership":"\u00e0 partir de 8 ANS","editor":"404 \u00c9ditions","price":995,"published_date":"2026-03-04T23:00:00.000000Z","support":"Grand format","publisher_availability":1,"stock":0,"editions":[],"url":"https:\/\/quaidesbrumes.com\/ouvrage\/9791032410721\/mission-blocs-le-portail-brise"},{"id":"9782889157518","title":"Sauras-tu reconna\u00eetre les animaux du jardin ?","description":"Campagnol ou taupe ?\r\nCigale ou grillon ?\r\nVip\u00e8re ou couleuvre ?\r\nObserve, compare et apprends \u00e0 reconna\u00eetre les animaux du jardin. Un livre pour mener l'enqu\u00eate au coeur de la nature qui nous entoure, les yeux grands ouverts et l'esprit en \u00e9veil, d\u00e8s 5 ans.\r","authors":["Marion Monnier"],"category_codes":["2000000","2070000","2070300"],"visuals":{"large":"https:\/\/images.epagine.fr\/518\/9782889157518_1_75.jpg","medium":"https:\/\/images.epagine.fr\/518\/9782889157518_1_m.jpg","thumbnail":"https:\/\/images.epagine.fr\/518\/9782889157518_1_v.jpg"},"orderable":true,"show_badge":true,"formatted_price":"10,00&nbsp;\u20ac","formatted_published_date":"12 mars 2026","publisher_availability_label":"Sur commande","short_details":"Marion Monnier \u2014 \u00c9ditions Quanto","translator":null,"weight":370,"page_count":62,"readership":"\u00e0 partir de 5 ANS","editor":"\u00c9ditions Quanto","price":1000,"published_date":"2026-03-11T23:00:00.000000Z","support":"Grand format","publisher_availability":1,"stock":0,"editions":[],"url":"https:\/\/quaidesbrumes.com\/ouvrage\/9782889157518\/sauras-tu-reconnaitre-les-animaux-du-jardin"},{"id":"9791070160114","title":"Le nouvel an de Shan","description":"D\u00e9couvre le monde avec Minimiki et ses histoires magiques !\r\n\u00a0 \r\nDirection la Chine !\r\nAvant le Nouvel An, on a coutume de faire le tri dans ses affaires abim\u00e9es. Mais Shan n'arrive pas \u00e0 se s\u00e9parer de son vieux dragon en peluche. \"Un doudou \u00e0 ton \u00e2ge ?\" se moquent ses copains. S'ils savaient la magie qu'il cache...\r\n\u00a0 \r\nD\u00e8s 6 ans. \u00c0 lire seul(e) ou accompagn\u00e9(e).\r\nChaque tome peut \u00eatre lu ind\u00e9pendamment des autres.\r","authors":["Nadja","Julie Camel"],"category_codes":["2000000","2040000","2040200"],"visuals":{"large":"https:\/\/images.epagine.fr\/114\/9791070160114_1_75.jpg","medium":"https:\/\/images.epagine.fr\/114\/9791070160114_1_m.jpg","thumbnail":"https:\/\/images.epagine.fr\/114\/9791070160114_1_v.jpg"},"orderable":true,"show_badge":true,"formatted_price":"5,99&nbsp;\u20ac","formatted_published_date":"4 f\u00e9vrier 2026","publisher_availability_label":"Sur commande","short_details":"Nadja, Julie Camel \u2014 \u00c9ditions playBac","translator":null,"weight":102,"page_count":32,"readership":"\u00e0 partir de 6 ANS","editor":"\u00c9ditions playBac","price":599,"published_date":"2026-02-03T23:00:00.000000Z","support":"Grand format","publisher_availability":1,"stock":0,"editions":[],"url":"https:\/\/quaidesbrumes.com\/ouvrage\/9791070160114\/le-nouvel-an-de-shan"},{"id":"9782362667329","title":"Une trace dans la nuit","description":"Octobre 1943, camp de Ravensbr\u00fcck.\r\nR\u00e9sistante, Violette Lecoq est arr\u00eat\u00e9e et envoy\u00e9e au camp pour femmes de Ravensbr\u00fcck. Sur place, elle s'emploie \u00e0 dessiner la r\u00e9alit\u00e9 de la vie au camp, dans l'espoir que son sort et celui des autres femmes puissent \u00eatre connus un jour. Transf\u00e9r\u00e9e \u00e0 l'infirmerie du bl\u00f6ck 10, Violette rencontre la docteure Louise Le Porz. Celle-ci organise un trafic de m\u00e9dicaments et tient un registre des victimes afin qu'elles ne disparaissent pas sans laisser de trace. En avril 1945, Louise quitte le camp dans un convoi de la Croix Rouge. Quelques semaines plus tard, c'est au tour de Violette avec, cach\u00e9s sur elle, ses 36 dessins. Gr\u00e2ce \u00e0 ceux-ci, \u00e0 son t\u00e9moignage et celui de Louise, les responsables de Ravensbr\u00fcck sont condamn\u00e9s lors du proc\u00e8s d'Hambourg en 1947.\r\ncouverture illustr\u00e9e par Julia Wauters\r","authors":["Catherine Cuenca"],"category_codes":["2000000","2050000"],"visuals":{"large":"https:\/\/images.epagine.fr\/329\/9782362667329_1_75.jpg","medium":"https:\/\/images.epagine.fr\/329\/9782362667329_1_m.jpg","thumbnail":"https:\/\/images.epagine.fr\/329\/9782362667329_1_v.jpg"},"orderable":true,"show_badge":true,"formatted_price":"16,50&nbsp;\u20ac","formatted_published_date":"11 avril 2025","publisher_availability_label":"Sur commande","short_details":"Catherine Cuenca \u2014 \u00c9ditions Talents Hauts","translator":null,"weight":316,"page_count":240,"readership":"\u00e0 partir de 12 ANS","editor":"\u00c9ditions Talents Hauts","price":1650,"published_date":"2025-04-10T22:00:00.000000Z","support":"Grand format","publisher_availability":1,"stock":0,"editions":[],"url":"https:\/\/quaidesbrumes.com\/ouvrage\/9782362667329\/une-trace-dans-la-nuit"},{"id":"9782374080772","title":"Si ca te chante","description":"Pia adore chanter. C'est sa passion. Mais quand l'\u00e9cole lui propose de participer au spectacle de fin d'ann\u00e9e, elle h\u00e9site. Elle a le trac et ne sait plus ce qu'elle veut. Saura-t-elle g\u00e9rer ses \u00e9motions ? Qu'elle monte ou non sur sc\u00e8ne, c'est \u00e0 Pia de faire son choix.\r","authors":["Leng Qin"],"category_codes":["2000000","2030000","2030400"],"visuals":{"large":"https:\/\/images.epagine.fr\/772\/9782374080772_1_75.jpg","medium":"https:\/\/images.epagine.fr\/772\/9782374080772_1_m.jpg","thumbnail":"https:\/\/images.epagine.fr\/772\/9782374080772_1_v.jpg"},"orderable":true,"show_badge":true,"formatted_price":"14,50&nbsp;\u20ac","formatted_published_date":"16 mai 2025","publisher_availability_label":"Sur commande","short_details":"Leng Qin \u2014 Little Urban","translator":null,"weight":506,"page_count":40,"readership":"3\/6 ans","editor":"Little Urban","price":1450,"published_date":"2025-05-15T22:00:00.000000Z","support":"Grand format","publisher_availability":1,"stock":0,"editions":[],"url":"https:\/\/quaidesbrumes.com\/ouvrage\/9782374080772\/si-ca-te-chante"},{"id":"9782362667091","title":"Ni prince ni charmant","description":"[Tristan n'arrive pas \u00e0 y croire. Louis, son meilleur ami depuis l'enfance, est accus\u00e9 de viols et d'agressions sexuelles sur les r\u00e9seaux sociaux. Elles sont six \u00e0 avoir parl\u00e9. Vengeance ? Diffamation ? Et si elles disaient la v\u00e9rit\u00e9 ? Zo\u00e9, sa demi-soeur, lui ouvre les yeux : il doit couper les ponts avec Louis. Et s'interroger sur lui-m\u00eame. Il repense \u00e0 Amina. A-t-il toujours respect\u00e9 son consentement ?\r","authors":["Florence M\u00e9dina"],"category_codes":["2000000","2050000","2050200"],"visuals":{"large":"https:\/\/images.epagine.fr\/091\/9782362667091_1_75.jpg","medium":"https:\/\/images.epagine.fr\/091\/9782362667091_1_m.jpg","thumbnail":"https:\/\/images.epagine.fr\/091\/9782362667091_1_v.jpg"},"orderable":true,"show_badge":true,"formatted_price":"8,90&nbsp;\u20ac","formatted_published_date":"24 janvier 2025","publisher_availability_label":"Sur commande","short_details":"Florence M\u00e9dina \u2014 \u00c9ditions Talents Hauts","translator":null,"weight":88,"page_count":80,"readership":"\u00e0 partir de 12 ANS","editor":"\u00c9ditions Talents Hauts","price":890,"published_date":"2025-01-23T23:00:00.000000Z","support":"Grand format","publisher_availability":1,"stock":0,"editions":[],"url":"https:\/\/quaidesbrumes.com\/ouvrage\/9782362667091\/ni-prince-ni-charmant"},{"id":"9782211318297","title":"Comment ranger sa chambre en 7 jours seulement","description":"Colette et Mo sont comme beaucoup d'enfants : ils adorent jouer et d\u00e9testent ranger. Seulement, quand passe le petit bonhomme, pas question de lui d\u00e9sob\u00e9ir. Alors, Colette et Mo s'organisent : lundi, tri ; mardi, bagarre ; mercredi, formule magique pour r\u00e9tr\u00e9cir puis regrandir ; jeudi, tout flanquer par la fen\u00eatre ; et ainsi de suite jusqu'\u00e0 dimanche... jour de repos pour le petit bonhomme du rangement !","authors":["Audrey Poussier"],"category_codes":["2000000","2030000","2030300"],"visuals":{"large":"https:\/\/images.epagine.fr\/297\/9782211318297_1_75.jpg","medium":"https:\/\/images.epagine.fr\/297\/9782211318297_1_m.jpg","thumbnail":"https:\/\/images.epagine.fr\/297\/9782211318297_1_v.jpg"},"orderable":true,"show_badge":true,"formatted_price":"6,00&nbsp;\u20ac","formatted_published_date":"23 f\u00e9vrier 2022","publisher_availability_label":"Sur commande","short_details":"Audrey Poussier \u2014 L'\u00c9cole des loisirs","translator":null,"weight":137,"page_count":56,"readership":"3\/6 ans","editor":"L'\u00c9cole des loisirs","price":600,"published_date":"2022-02-22T23:00:00.000000Z","support":"Poche","publisher_availability":1,"stock":0,"editions":["9782211300872"],"url":"https:\/\/quaidesbrumes.com\/ouvrage\/9782211318297\/comment-ranger-sa-chambre-en-7-jours-seulement"},{"id":"9782226443960","title":"Arno, le valet de Nostradamus Tome 1 : la proph\u00e9tie","description":"Quand Arno approche Nostradamus pour la premi\u00e8re fois, c'est dans l'id\u00e9e de lui voler sa bourse. Mais le vieux m\u00e9decin n'est pas dupe et lui propose plut\u00f4t un march\u00e9. Le gar\u00e7on accepterait-il de devenir son valet ? Trop heureux d'\u00e9chapper \u00e0 la mis\u00e8re, celui-ci n'h\u00e9site pas longtemps. Cependant, il ignore encore tout de son nouveau ma\u00eetre et de ses activit\u00e9s... D\u00e8s le lendemain, Arno accompagne Nostradamus \u00e0 la Cour de la reine, Catherine de M\u00e9dicis, et d\u00e9couvre l'existence de myst\u00e9rieuses proph\u00e9ties. Mais il apprend aussi que, m\u00eame dans les palais, mieux vaut se faire discret et surveiller ses arri\u00e8res... Car d\u00e9j\u00e0 autour d'eux des complots sourdent... \u00c0 partir de 8 ans","authors":["Annie Jay"],"category_codes":["2000000","2040000","2040500"],"visuals":{"large":"https:\/\/images.epagine.fr\/960\/9782226443960_1_75.jpg","medium":"https:\/\/images.epagine.fr\/960\/9782226443960_1_m.jpg","thumbnail":"https:\/\/images.epagine.fr\/960\/9782226443960_1_v.jpg"},"orderable":true,"show_badge":true,"formatted_price":"7,90&nbsp;\u20ac","formatted_published_date":"26 f\u00e9vrier 2020","publisher_availability_label":"Sur commande","short_details":"Annie Jay \u2014 Albin Michel","translator":null,"weight":234,"page_count":144,"readership":"\u00e0 partir de 8 ANS","editor":"Albin Michel","price":790,"published_date":"2020-02-25T23:00:00.000000Z","support":"Grand format","publisher_availability":1,"stock":0,"editions":[],"url":"https:\/\/quaidesbrumes.com\/ouvrage\/9782226443960\/arno-le-valet-de-nostradamus-tome-1-la-prophetie"},{"id":"9782226496263","title":"Joyeux anniversaire, Petite Souris !","description":"Petite Souris revient dans une nouvelle aventure ! \r\nAujourd'hui est un jour particulier... C'est son anniversaire ! Tous ses amis sont r\u00e9unis pour l'occasion. \r\nQuels cadeaux ont-ils apport\u00e9 ? \r\n\u00c0 partir de 2 ans","authors":["Guido Van Genechten"],"category_codes":["2000000","2020000","2020400"],"visuals":{"large":"https:\/\/images.epagine.fr\/263\/9782226496263_1_75.jpg","medium":"https:\/\/images.epagine.fr\/263\/9782226496263_1_m.jpg","thumbnail":"https:\/\/images.epagine.fr\/263\/9782226496263_1_v.jpg"},"orderable":true,"show_badge":true,"formatted_price":"13,90&nbsp;\u20ac","formatted_published_date":"26 f\u00e9vrier 2025","publisher_availability_label":"Sur commande","short_details":"Guido Van Genechten \u2014 Albin Michel","translator":null,"weight":505,"page_count":28,"readership":"\u00e0 partir de 2 ANS","editor":"Albin Michel","price":1390,"published_date":"2025-02-25T23:00:00.000000Z","support":"Grand format","publisher_availability":1,"stock":0,"editions":[],"url":"https:\/\/quaidesbrumes.com\/ouvrage\/9782226496263\/joyeux-anniversaire-petite-souris"},{"id":"9791036317880","title":"La cabane magique Tome 20 : sous le feu des projecteurs","description":"Les enfants arpentent les rues de Londres, au XVIIe si\u00e8cle. Devant le Th\u00e9\u00e2tre du Globe, Tom se fait remarquer par un certain William Shakespeare. Ce dernier lui demande de jouer dans sa nouvelle pi\u00e8ce. Mais Tom a le trac...","authors":["Mary Pope Osborne","Marie-H\u00e9l\u00e8ne Delval"],"category_codes":["2000000","2040000","2040300"],"visuals":{"large":"https:\/\/images.epagine.fr\/880\/9791036317880_1_75.jpg","medium":"https:\/\/images.epagine.fr\/880\/9791036317880_1_m.jpg","thumbnail":"https:\/\/images.epagine.fr\/880\/9791036317880_1_v.jpg"},"orderable":true,"show_badge":true,"formatted_price":"5,80&nbsp;\u20ac","formatted_published_date":"3 juin 2020","publisher_availability_label":"Sur commande","short_details":"Mary Pope Osborne, Marie-H\u00e9l\u00e8ne Delval \u2014 Bayard Jeunesse","translator":"MARIE-HELENE DELVAL","weight":124,"page_count":80,"readership":"\u00e0 partir de 6 ANS","editor":"Bayard Jeunesse","price":580,"published_date":"2020-06-02T22:00:00.000000Z","support":"Poche","publisher_availability":1,"stock":0,"editions":[],"url":"https:\/\/quaidesbrumes.com\/ouvrage\/9791036317880\/la-cabane-magique-tome-20-sous-le-feu-des-projecteurs"},{"id":"9782095034023","title":"L'\u00eele du cr\u00e2ne","description":"Le best-seller des \u00e9coles dans le label Dyscool\r\nDavid Eliot vient d'\u00eatre renvoy\u00e9 du coll\u00e8ge et cette fois ses parents ont d\u00e9cid\u00e9 de s\u00e9vir ! Il se retrouve dans une \u00e9cole bien \u00e9trange, sur la sinistre \u00eele du cr\u00e2ne, au large de l'Angleterre. Tr\u00e8s vite, il soup\u00e7onne le pire. Mais il est encore loin de la v\u00e9rit\u00e9...\r\n\r\nUne version adapt\u00e9e en lecture facilit\u00e9e d'un best-seller de la litt\u00e9rature jeunesse. Avec Dyscool, lire devient facile et agr\u00e9able !","authors":["Anthony Horowitz","Marc Daniau","Corbeau","Annick Le goyat"],"category_codes":["2000000","2040000","2040500"],"visuals":{"large":"https:\/\/images.epagine.fr\/023\/9782095034023_1_75.jpg","medium":"https:\/\/images.epagine.fr\/023\/9782095034023_1_m.jpg","thumbnail":"https:\/\/images.epagine.fr\/023\/9782095034023_1_v.jpg"},"orderable":true,"show_badge":true,"formatted_price":"14,50&nbsp;\u20ac","formatted_published_date":"25 avril 2024","publisher_availability_label":"Sur commande","short_details":"Anthony Horowitz, Marc Daniau, Corbeau, Annick Le goyat \u2014 Nathan","translator":"ANNICK LE GOYAT","weight":552,"page_count":384,"readership":"\u00e0 partir de 6 ANS","editor":"Nathan","price":1450,"published_date":"2024-04-24T22:00:00.000000Z","support":"Grand format","publisher_availability":1,"stock":0,"editions":[],"url":"https:\/\/quaidesbrumes.com\/ouvrage\/9782095034023\/lile-du-crane"},{"id":"9782017015406","title":"J'apprends \u00e0 lire avec Sami et Julie : CE1 ; la nouvelle \u00e9l\u00e8ve","description":"Aujourd'hui n'est pas un jour comme les autres  : la classe de Julie accueille une nouvelle \u00e9l\u00e8ve  !\r\n  \r\nLa collection s'agrandit  ! Et voici un niveau sp\u00e9cial CE1 avec plus de texte, mais toujours des lignes et des mots bien espac\u00e9s et beaucoup d'illustrations pour que la lecture soit un plaisir.\r\n  \r\n\u00ab  J'apprends \u00e0 lire avec Sami et Julie  \u00bb est une collection de petites histoires sp\u00e9cialement con\u00e7ue pour les enfants apprenant \u00e0 lire. Le texte est \u00e9crit en gros, les mots sont bien d\u00e9tach\u00e9s les uns des autres et les lignes bien espac\u00e9es. Les histoires sont courtes, dr\u00f4les et tr\u00e8s faciles \u00e0 lire. \u00c9crites avec des mots en ad\u00e9quation avec leur progression, une quantit\u00e9 de texte \u00e0 lire r\u00e9duite et adapt\u00e9e, pour que l'enfant reste motiv\u00e9 et prenne confiance.\r\nEn plus de la petite histoire, le livre contient  : des conseils pour accompagner l'enfant dans ses premi\u00e8res lectures, la pr\u00e9sentation des personnages, des activit\u00e9s pour pr\u00e9parer la lecture, et \u00e0 la fin  : \u00ab  As-tu bien compris l'histoire  ?  \u00bb pour donner du sens \u00e0 ce que l'enfant a lu et aller plus loin que le simple d\u00e9chiffrage ainsi qu'une rubrique \u00ab  Et toi, qu'en penses-tu  ?  \u00bb avec des petites questions pour \u00ab  faire r\u00e9fl\u00e9chir  \u00bb ou simplement discuter autour de l'histoire.","authors":["Th\u00e9r\u00e8se Bont\u00e9"],"category_codes":["2000000","2030000"],"visuals":{"large":"https:\/\/images.epagine.fr\/406\/9782017015406_1_75.jpg","medium":"https:\/\/images.epagine.fr\/406\/9782017015406_1_m.jpg","thumbnail":"https:\/\/images.epagine.fr\/406\/9782017015406_1_v.jpg"},"orderable":true,"show_badge":true,"formatted_price":"3,40&nbsp;\u20ac","formatted_published_date":"3 octobre 2018","publisher_availability_label":"Sur commande","short_details":"Th\u00e9r\u00e8se Bont\u00e9 \u2014 Hachette Education","translator":null,"weight":80,"page_count":32,"readership":"3\/6 ans","editor":"Hachette Education","price":340,"published_date":"2018-10-02T22:00:00.000000Z","support":"Poche","publisher_availability":1,"stock":0,"editions":[],"url":"https:\/\/quaidesbrumes.com\/ouvrage\/9782017015406\/japprends-a-lire-avec-sami-et-julie-ce1-la-nouvelle-eleve"},{"id":"9782070652600","title":"Histoires des Jean-Quelque-Chose : la cerise sur le g\u00e2teau","description":"D\u00e9cid\u00e9ment, impossible d'avoir la paix quand on est six gar\u00e7ons qui s'appellent tous Jean- Quelque-Chose. Depuis que Jean-A. veut devenir idole des jeunes, la famille tout enti\u00e8re est menac\u00e9e d'invasion par une esp\u00e8ce inconnue : les filles. Jean-B, lui, s'est promis de ne jamais tomber amoureux. Plut\u00f4t finir scout marin ! Mais peut-on \u00e9chapper \u00e0 l'\u00e2ge b\u00eate?\r\nM\u00eame si papa est tr\u00e8s fort comme m\u00e9decin et maman tr\u00e8s organis\u00e9e, cette ann\u00e9e chez les Jean risque bien de faire boum!","authors":["Jean-Philippe Arrou-Vignod","Dominique Corbasson"],"category_codes":["2000000","2040000","2040500","2040508"],"visuals":{"large":"https:\/\/images.epagine.fr\/600\/9782070652600_1_75.jpg","medium":"https:\/\/images.epagine.fr\/600\/9782070652600_1_m.jpg","thumbnail":"https:\/\/images.epagine.fr\/600\/9782070652600_1_v.jpg"},"orderable":true,"show_badge":true,"formatted_price":"7,00&nbsp;\u20ac","formatted_published_date":"27 mai 2014","publisher_availability_label":"Sur commande","short_details":"Jean-Philippe Arrou-Vignod, Dominique Corbasson \u2014 Gallimard Jeunesse","translator":null,"weight":130,"page_count":176,"readership":"\u00e0 partir de 10 ANS","editor":"Gallimard Jeunesse","price":700,"published_date":"2014-05-26T22:00:00.000000Z","support":"Poche","publisher_availability":1,"stock":0,"editions":[],"url":"https:\/\/quaidesbrumes.com\/ouvrage\/9782070652600\/histoires-des-jean-quelque-chose-la-cerise-sur-le-gateau"},{"id":"9782408059958","title":"Les volcans : en questions","description":"Un livre pour tout apprendre sur les volcans, un sujet passionnant et primordial dans l'apprentissage des primaires. L'auteur, Arnaud Gu\u00e9rin, est un expert dans son domaine, volcanologue de m\u00e9tier, dont la p\u00e9dagogie a d\u00e9j\u00e0 \u00e9t\u00e9 appr\u00e9ci\u00e9e dans son documentaire Arte Des volcans et des hommes. Un ouvrage dans la collection \u00ab Topic \u00bb, riche en photos et en illustrations r\u00e9alistes pour donner \u00e0 voir le r\u00e9el.\u00a016 questions cl\u00e9s pour apprendre et ma\u00eetriser cette grande th\u00e9matique scolaire en toute simplicit\u00e9 !\u00a0\r\nQu'est-ce qu'un volcan ? Est-ce qu'un volcan, c'est comme une montagne ? O\u00f9 y a-t-il des volcans sur Terre ? Est-ce qu'il y a des volcans sous les oc\u00e9ans ? Est-ce qu'un volcan crache du feu ? Comment la lave liquide devient-elle une pierre ? Quels sont les diff\u00e9rents types d'\u00e9ruptions ? Pourquoi un volcan fume-t-il et gronde-t-il ? Volcans endormis et volcans actifs, quelle diff\u00e9rence ? Les volcans sont-ils dangereux ? Les volcans peuvent-ils changer le climat ? Pourquoi vivre au pied des volcans ? Existe-t-il des mythes autour des volcans ? Comment les volcanologues surveillent-ils les volcans ? Qu'est-ce qu'un geyser ? Comment aller voir un volcan ?\u00a0\u00ab Topic \u00bb, une collection documentaire ludique\u00a0\r\nChaque paragraphe est associ\u00e9 \u00e0 un pictogramme, \u00e0 retrouver dans un sommaire alternatif en d\u00e9but d'ouvrage. Ces pictogrammes proposent une exp\u00e9rience de lecture diff\u00e9rente, en piochant les informations d'une m\u00eame cat\u00e9gorie. Envie de savoir de quoi parle le pictogramme diamant ? Rendez-vous aux pages indiqu\u00e9es par cette image myst\u00e8re !\r","authors":["Arnaud Gu\u00e9rin","Morgane Bonvin","Aronne Nembrini"],"category_codes":["2000000","2070000","2070300"],"visuals":{"large":"https:\/\/images.epagine.fr\/958\/9782408059958_1_75.jpg","medium":"https:\/\/images.epagine.fr\/958\/9782408059958_1_m.jpg","thumbnail":"https:\/\/images.epagine.fr\/958\/9782408059958_1_v.jpg"},"orderable":true,"show_badge":true,"formatted_price":"9,20&nbsp;\u20ac","formatted_published_date":"29 octobre 2025","publisher_availability_label":"Sur commande","short_details":"Arnaud Gu\u00e9rin, Morgane Bonvin, Aronne Nembrini \u2014 Milan","translator":null,"weight":442,"page_count":40,"readership":"Tout public","editor":"Milan","price":920,"published_date":"2025-10-28T23:00:00.000000Z","support":"Grand format","publisher_availability":1,"stock":0,"editions":[],"url":"https:\/\/quaidesbrumes.com\/ouvrage\/9782408059958\/les-volcans-en-questions"},{"id":"9782215202479","title":"Animaux du monde en gommettes mousse","description":"5 d\u00e9cors \u00e0 compl\u00e9ter avec des animaux en mousse\r","authors":["L\u00e9a Fabre"],"category_codes":["2000000","2080000","2080200"],"visuals":{"large":"https:\/\/images.epagine.fr\/479\/9782215202479_1_75.jpg","medium":"https:\/\/images.epagine.fr\/479\/9782215202479_1_m.jpg","thumbnail":"https:\/\/images.epagine.fr\/479\/9782215202479_1_v.jpg"},"orderable":true,"show_badge":true,"formatted_price":"0,00&nbsp;\u20ac","formatted_published_date":"17 avril 2026","publisher_availability_label":"Sur commande","short_details":"L\u00e9a Fabre \u2014 Fleurus","translator":null,"weight":216,"page_count":6,"readership":null,"editor":"Fleurus","price":0,"published_date":"2026-04-16T22:00:00.000000Z","support":"Papeterie \/ Coloriage","publisher_availability":1,"stock":0,"editions":[],"url":"https:\/\/quaidesbrumes.com\/ouvrage\/9782215202479\/animaux-du-monde-en-gommettes-mousse"},{"id":"9791036324734","title":"La cabane magique Tome 53 : espions dans la l\u00e9gion romaine","description":"La f\u00e9e Morgane a confi\u00e9 une nouvelle mission \u00e0 Tom et L\u00e9a : direction l'Antiquit\u00e9 o\u00f9 ils doivent infiltrer un camp de l\u00e9gionnaires romains !\r\nSur place, les enfants se font passer pour des \u00e9tudiants venus faire un reportage sur le travail de l'arm\u00e9e.\r\nMais tr\u00e8s vite, leur couverture est compromise et on les accuse d'\u00eatre des espions...","authors":["Mary Pope Osborne","Sidonie Van Den Dries"],"category_codes":["2000000","2040000","2040300"],"visuals":{"large":"https:\/\/images.epagine.fr\/734\/9791036324734_1_75.jpg","medium":"https:\/\/images.epagine.fr\/734\/9791036324734_1_m.jpg","thumbnail":"https:\/\/images.epagine.fr\/734\/9791036324734_1_v.jpg"},"orderable":true,"show_badge":true,"formatted_price":"6,90&nbsp;\u20ac","formatted_published_date":"27 janvier 2021","publisher_availability_label":"Sur commande","short_details":"Mary Pope Osborne, Sidonie Van Den Dries \u2014 Bayard Jeunesse","translator":"SIDONIE VAN DEN DRIES","weight":166,"page_count":112,"readership":"\u00e0 partir de 6 ANS","editor":"Bayard Jeunesse","price":690,"published_date":"2021-01-26T23:00:00.000000Z","support":"Poche","publisher_availability":1,"stock":0,"editions":[],"url":"https:\/\/quaidesbrumes.com\/ouvrage\/9791036324734\/la-cabane-magique-tome-53-espions-dans-la-legion-romaine"},{"id":"9782075090872","title":"Le livre des \u00e9toiles Tome 3 : le visage de l'ombre","description":"La nouvelle a retenti comme un coup de tonnerre au Pays d'Ys : Guillemot a \u00e9t\u00e9 enlev\u00e9 par l'Ombre, l'adversaire le plus redoutable qu'il ait jamais eu \u00e0 affronter ! En le retenant prisonnier, l'Ombre veut acc\u00e9der aux ultimes sortil\u00e8ges du \u00abLivre des \u00c9toiles\u00bb. Malgr\u00e9 ses pouvoirs exceptionnels, Guillemot r\u00e9sistera-t-il \u00e0 cette puissance mal\u00e9fique qui s'appr\u00eate \u00e0 dominer les Trois Mondes ? Une lutte sans merci s'engage...","authors":["Erik L'Homme"],"category_codes":["2000000","2040000","2040500","2040503"],"visuals":{"large":"https:\/\/images.epagine.fr\/872\/9782075090872_1_75.jpg","medium":"https:\/\/images.epagine.fr\/872\/9782075090872_1_m.jpg","thumbnail":"https:\/\/images.epagine.fr\/872\/9782075090872_1_v.jpg"},"orderable":true,"show_badge":true,"formatted_price":"9,90&nbsp;\u20ac","formatted_published_date":"29 juin 2017","publisher_availability_label":"Sur commande","short_details":"Erik L'Homme \u2014 Gallimard Jeunesse","translator":null,"weight":196,"page_count":320,"readership":"\u00e0 partir de 9 ANS","editor":"Gallimard Jeunesse","price":990,"published_date":"2017-06-28T22:00:00.000000Z","support":"Poche","publisher_availability":1,"stock":0,"editions":["9782070552719","9792075009040"],"url":"https:\/\/quaidesbrumes.com\/ouvrage\/9782075090872\/le-livre-des-etoiles-tome-3-le-visage-de-lombre"},{"id":"9782070635429","title":"Le chagrin du roi mort","description":"Aleks et Brisco, deux fr\u00e8res, sont \u00e2g\u00e9s de dix ans quand le vieux roi de l'\u00eele de \u00abPetite Terre\u00bb, royaume glac\u00e9 et paisible, meurt.\r\nSon neveu belliqueux Gerolf prend alors le pouvoir et la paix de l'\u00eele est menac\u00e9e. Mais, un jour, Brisco est enlev\u00e9. Et la v\u00e9rit\u00e9 \u00e9clate : Aleks apprend qu'il n'est pas son fr\u00e8re, mais le petit-fils du roi, que ses parents ont recueilli apr\u00e8s le meurtre de son p\u00e8re par Gerolf. Le nouveau roi souhaite faire taire le jeune gar\u00e7on, mais d\u00e9cide finalement de l'\u00e9lever dans la haine des siens. Les ann\u00e9es passent, c'est la guerre entre Petite Terre et Guerolf.\r\nSimple soldat, Aleks d\u00e9serte pour vivre avec son amie Lia, tandis que Brisco, \u00e9lev\u00e9 par Guerolf comme son fils, devient un chef impitoyable.","authors":["Jean-Claude Mourlevat"],"category_codes":["2000000","2050000","2050200"],"visuals":{"large":"https:\/\/images.epagine.fr\/429\/9782070635429_1_75.jpg","medium":"https:\/\/images.epagine.fr\/429\/9782070635429_1_m.jpg","thumbnail":"https:\/\/images.epagine.fr\/429\/9782070635429_1_v.jpg"},"orderable":true,"show_badge":true,"formatted_price":"8,20&nbsp;\u20ac","formatted_published_date":"6 octobre 2011","publisher_availability_label":"Sur commande","short_details":"Jean-Claude Mourlevat \u2014 Gallimard Jeunesse","translator":null,"weight":232,"page_count":464,"readership":"\u00e0 partir de 12 ANS","editor":"Gallimard Jeunesse","price":820,"published_date":"2011-10-05T22:00:00.000000Z","support":"Poche","publisher_availability":1,"stock":0,"editions":["9791035845995"],"url":"https:\/\/quaidesbrumes.com\/ouvrage\/9782070635429\/le-chagrin-du-roi-mort"},{"id":"9782080236227","title":"Dragons, p\u00e8re et fils","description":"Pour prouver \u00e0 son p\u00e8re qu'il est un vrai dragon, Strokkur doit br\u00fbler quelques maisons. Telle est la tradition chez les dragons ! Mais Strokkur a rarement crach\u00e9 du feu, ou seulement pour se griller une petite chenille. Saura-t-il faire honneur \u00e0 sa famille ?","authors":["Ronan Badel","Alexandre Lacroix"],"category_codes":["2000000","2030000","2030400"],"visuals":{"large":"https:\/\/images.epagine.fr\/227\/9782080236227_1_75.jpg","medium":"https:\/\/images.epagine.fr\/227\/9782080236227_1_m.jpg","thumbnail":"https:\/\/images.epagine.fr\/227\/9782080236227_1_v.jpg"},"orderable":true,"show_badge":true,"formatted_price":"5,95&nbsp;\u20ac","formatted_published_date":"9 mars 2022","publisher_availability_label":"Sur commande","short_details":"Ronan Badel, Alexandre Lacroix \u2014 P\u00e8re Castor","translator":null,"weight":112,"page_count":32,"readership":"3\/6 ans","editor":"P\u00e8re Castor","price":595,"published_date":"2022-03-08T23:00:00.000000Z","support":"Grand format","publisher_availability":1,"stock":0,"editions":["9782081305359"],"url":"https:\/\/quaidesbrumes.com\/ouvrage\/9782080236227\/dragons-pere-et-fils"},{"id":"9782244061290","title":"Les animaux","description":"Chiens, chats, pandas, poissons, kangourous, ours, girafes...Plus de 80 gommettes autocollantes pour r\u00e9aliser des sc\u00e8nes avec les animaux pr\u00e9f\u00e9r\u00e9s des enfants ! Place \u00e0 l'imagination !","authors":["Genie Espinosa"],"category_codes":["2000000","2080000","2080200"],"visuals":{"large":"https:\/\/images.epagine.fr\/290\/9782244061290_1_75.jpg","medium":"https:\/\/images.epagine.fr\/290\/9782244061290_1_m.jpg","thumbnail":"https:\/\/images.epagine.fr\/290\/9782244061290_1_v.jpg"},"orderable":true,"show_badge":true,"formatted_price":"0,00&nbsp;\u20ac","formatted_published_date":"1er septembre 2025","publisher_availability_label":"Sur commande","short_details":"Genie Espinosa \u2014 \u00c9ditions Lito","translator":null,"weight":53,"page_count":null,"readership":"\u00e0 partir de 3 ANS","editor":"\u00c9ditions Lito","price":0,"published_date":"2025-08-31T22:00:00.000000Z","support":"Papeterie \/ Coloriage","publisher_availability":1,"stock":0,"editions":["4260541242789","9789465247045","9789465247694"],"url":"https:\/\/quaidesbrumes.com\/ouvrage\/9782244061290\/les-animaux"},{"id":"9782700259315","title":"Quatre soeurs et un hiver de r\u00eave","description":"Invit\u00e9e cet hiver \u00e0 Stockholm par son amie Vic, Laure tombe vite sous le charme de la Su\u00e8de, de ses lumi\u00e8res et ses lacs. Puis sa famille la rejoint pour d\u00e9couvrir la Laponie finlandaise. Au plus pr\u00e8s de la nature et des animaux, Lou, Laure, Lisa et Luna inventent des gestes pour pr\u00e9server cette f\u00e9erie fragile... et les rapporteront en France  !","authors":["Sophie Rigal-Goulard"],"category_codes":["2000000","2040000","2040500","2040508"],"visuals":{"large":"https:\/\/images.epagine.fr\/315\/9782700259315_1_75.jpg","medium":"https:\/\/images.epagine.fr\/315\/9782700259315_1_m.jpg","thumbnail":"https:\/\/images.epagine.fr\/315\/9782700259315_1_v.jpg"},"orderable":true,"show_badge":true,"formatted_price":"13,90&nbsp;\u20ac","formatted_published_date":"24 octobre 2018","publisher_availability_label":"Sur commande","short_details":"Sophie Rigal-Goulard \u2014 Rageot \u00c9diteur","translator":null,"weight":408,"page_count":200,"readership":"\u00e0 partir de 8 ANS","editor":"Rageot \u00c9diteur","price":1390,"published_date":"2018-10-23T22:00:00.000000Z","support":"Grand format","publisher_availability":1,"stock":0,"editions":[],"url":"https:\/\/quaidesbrumes.com\/ouvrage\/9782700259315\/quatre-soeurs-et-un-hiver-de-reve"}]}