{"data":[{"id":"9782266335911","title":"La guerre des clans Hors-S\u00e9rie Tome 4 : la promesse de l'\u00e9lu","description":"D\u00e9couvrez le pass\u00e9 et les secrets d'\u00c9toile Balafr\u00e9e, le grand chef du clan de la Rivi\u00e8re !\r\nL'avenir sourit \u00e0 Petite Temp\u00eate, le dernier n\u00e9 du Clan de la Rivi\u00e8re, jusqu'au terrible accident qui le laisse d\u00e9figur\u00e9. Devenu Nuage Balafr\u00e9, l'apprenti cherche par tous les moyens \u00e0 prouver sa valeur. C'est alors qu'une myst\u00e9rieuse chatte lui appara\u00eet en r\u00eave. Elle lui pr\u00e9dit un destin glorieux s'il jure de toujours faire passer son clan avant ses propres int\u00e9r\u00eats. Le jeune \u00c9lu accepte avec enthousiasme. Il ignore encore le prix \u00e0 payer pour un pacte trop vite scell\u00e9...","authors":["Erin Hunter","Aude Carlier"],"category_codes":["2000000","2040000","2040500","2040503"],"visuals":{"large":"https:\/\/images.epagine.fr\/911\/9782266335911_1_75.jpg","medium":"https:\/\/images.epagine.fr\/911\/9782266335911_1_m.jpg","thumbnail":"https:\/\/images.epagine.fr\/911\/9782266335911_1_v.jpg"},"orderable":true,"show_badge":true,"formatted_price":"8,70&nbsp;\u20ac","formatted_published_date":"15 juin 2023","publisher_availability_label":"Sur commande","short_details":"Erin Hunter, Aude Carlier \u2014 Pocket Jeunesse","translator":"AUDE CARLIER","weight":268,"page_count":552,"readership":"9\/12 ans","editor":"Pocket Jeunesse","price":870,"published_date":"2023-06-14T22:00:00.000000Z","support":"Poche","publisher_availability":1,"stock":0,"editions":["9782266239417"],"url":"https:\/\/quaidesbrumes.com\/ouvrage\/9782266335911\/la-guerre-des-clans-hors-serie-tome-4-la-promesse-de-lelu"},{"id":"9782075219051","title":"Petit Lion est en col\u00e8re","description":"Petit Lion voudrait bien jouer avec ses copains mais personne ne r\u00e9pond \u00e0 ses propositions. \u00c7a l'\u00e9nerve \u00e0 la fin\u00a0!","authors":["Marion Billet"],"category_codes":["2000000","2020000","2020400"],"visuals":{"large":"https:\/\/images.epagine.fr\/051\/9782075219051_1_75.jpg","medium":"https:\/\/images.epagine.fr\/051\/9782075219051_1_m.jpg","thumbnail":"https:\/\/images.epagine.fr\/051\/9782075219051_1_v.jpg"},"orderable":true,"show_badge":false,"formatted_price":"6,90&nbsp;\u20ac","formatted_published_date":"21 ao\u00fbt 2025","publisher_availability_label":"Sur commande","short_details":"Marion Billet \u2014 Gallimard Jeunesse","translator":null,"weight":190,"page_count":12,"readership":"0\/3 ans","editor":"Gallimard Jeunesse","price":690,"published_date":"2025-08-20T22:00:00.000000Z","support":"Grand format","publisher_availability":1,"stock":1,"editions":[],"url":"https:\/\/quaidesbrumes.com\/ouvrage\/9782075219051\/petit-lion-est-en-colere"},{"id":"9782278130979","title":"Marcotte, le voleur d'anniversaire","description":"La famille raton laveur f\u00eate l'anniversaire de la petite soeur de Marcotte. \u00ab Faites un voeu ! Fermez les yeux ! \u00bb Mais une fois les yeux r\u00e9ouverts... plus de bougies ! Et sans bougie, pas d'anniversaire. C'est le cinqui\u00e8me anniversaire vol\u00e9 cette ann\u00e9e. Au loin, Marcotte se d\u00e9p\u00eache de rejoindre l'atelier de Papi Escarbille. Il en sort une grande bo\u00eete qui referme tous les anniversaires d\u00e9rob\u00e9s : \u00ab \u00c0 chaque bougie non souffl\u00e9e, je les garde un peu plus pr\u00e8s de moi \u00bb.","authors":["Nejma Bourouaha"],"category_codes":["2000000","2030000","2030400"],"visuals":{"large":"https:\/\/images.epagine.fr\/979\/9782278130979_1_75.jpg","medium":"https:\/\/images.epagine.fr\/979\/9782278130979_1_m.jpg","thumbnail":"https:\/\/images.epagine.fr\/979\/9782278130979_1_v.jpg"},"orderable":true,"show_badge":true,"formatted_price":"12,90&nbsp;\u20ac","formatted_published_date":"17 septembre 2025","publisher_availability_label":"Sur commande","short_details":"Nejma Bourouaha \u2014 Didier jeunesse","translator":null,"weight":302,"page_count":40,"readership":"\u00e0 partir de 3 ANS","editor":"Didier jeunesse","price":1290,"published_date":"2025-09-16T22:00:00.000000Z","support":"Grand format","publisher_availability":1,"stock":0,"editions":[],"url":"https:\/\/quaidesbrumes.com\/ouvrage\/9782278130979\/marcotte-le-voleur-danniversaire"},{"id":"9791040804420","title":"Violette Hurlevent : Violette Hurlevent et les fant\u00f4mes du Jardin","description":"Le temps est venu pour Violette Hurlevent de retourner dans le Jardin Sauvage. Mais notre h\u00e9ro\u00efne n'est plus la m\u00eame : de tr\u00e8s nombreuses ann\u00e9es se sont \u00e9coul\u00e9es depuis sa derni\u00e8re visite et elle est aujourd'hui une femme \u00e2g\u00e9e. Cependant, il suffit qu'elle pose un pied dans ce Jardin fantastique pour qu'elle redevienne l'enfant intr\u00e9pide et volontaire qu'elle \u00e9tait autrefois. Tant mieux, car Violette va avoir besoin de toute son \u00e9nergie pour faire face \u00e0 de nouvelles menaces : la F\u00e9e Roce dont les ronces paralysent le Jardin, l'inqui\u00e9tant Baron qui veut asservir ses habitants, et, surtout, les disparitions brutales de pans entiers de cet univers comme engloutis par le n\u00e9ant... Violette Hurlevent est de retour en poche ! Les romans Sarbacane... \u00e0 petit prix !","authors":["Paul Martin","Jean-baptiste Bourgois"],"category_codes":["2000000","2040000","2040500"],"visuals":{"large":"https:\/\/images.epagine.fr\/420\/9791040804420_1_75.jpg","medium":"https:\/\/images.epagine.fr\/420\/9791040804420_1_m.jpg","thumbnail":"https:\/\/images.epagine.fr\/420\/9791040804420_1_v.jpg"},"orderable":true,"show_badge":true,"formatted_price":"9,90&nbsp;\u20ac","formatted_published_date":"6 septembre 2023","publisher_availability_label":"Sur commande","short_details":"Paul Martin, Jean-baptiste Bourgois \u2014 Sarbacane","translator":null,"weight":302,"page_count":464,"readership":"\u00e0 partir de 6 ANS","editor":"Sarbacane","price":990,"published_date":"2023-09-05T22:00:00.000000Z","support":"Poche","publisher_availability":1,"stock":0,"editions":[],"url":"https:\/\/quaidesbrumes.com\/ouvrage\/9791040804420\/violette-hurlevent-violette-hurlevent-et-les-fantomes-du-jardin"},{"id":"9782378882303","title":"Le gar\u00e7on et la baleine","description":"Sam aime \u00eatre seul.\r\nMais un jour, alors qu'il part en mer,\r\nune temp\u00eate fait chavirer sa barque.\r\nTout semble perdu,\r\nquand une magnifique baleine\r\nle sauve des flots\r\net lui fait d\u00e9couvrir l'amiti\u00e9.","authors":["Linde Faas","Emmanu\u00e8le Sandron"],"category_codes":["2000000","2030000","2030400"],"visuals":{"large":"https:\/\/images.epagine.fr\/303\/9782378882303_1_75.jpg","medium":"https:\/\/images.epagine.fr\/303\/9782378882303_1_m.jpg","thumbnail":"https:\/\/images.epagine.fr\/303\/9782378882303_1_v.jpg"},"orderable":true,"show_badge":true,"formatted_price":"14,50&nbsp;\u20ac","formatted_published_date":"21 ao\u00fbt 2024","publisher_availability_label":"Sur commande","short_details":"Linde Faas, Emmanu\u00e8le Sandron \u2014 Kal\u00e9idoscope","translator":"EMMANUELE SANDRON","weight":540,"page_count":44,"readership":"3\/6 ans","editor":"Kal\u00e9idoscope","price":1450,"published_date":"2024-08-20T22:00:00.000000Z","support":"Grand format","publisher_availability":1,"stock":0,"editions":[],"url":"https:\/\/quaidesbrumes.com\/ouvrage\/9782378882303\/le-garcon-et-la-baleine"},{"id":"9782226453259","title":"C\u00e9lestine, petit rat de l'Op\u00e9ra Tome 11 : la le\u00e7on de danse","description":"L'examen de fin de premi\u00e8re ann\u00e9e approche ! C\u00e9lestine et ses camarades doivent s'entra\u00eener sans rel\u00e2che, car \u00e0 l'issue, seuls deux tiers des petits rats pourront rester \u00e0 l'\u00e9cole de ballet... Mais Lison souffre du mal du pays. L'Auvergne lui manque tant qu'elle peine \u00e0 se concentrer sur la chor\u00e9graphie impos\u00e9e. Il est pourtant indispensable qu'elle retrouve vite sa joie de vivre, et de danser ! C\u00e9lestine s'interroge : n'y aurait-il pas \u00e0 Paris des paysages champ\u00eatres capables de redonner \u00e0 son amie le sourire ? Ses id\u00e9es les emm\u00e8neront, avec leurs amis Ad\u00e8le et Thomas, en haut de la butte Montmartre, puis au coeur des somptueux d\u00e9cors de l'Op\u00e9ra... \r\n \u00c0 partir de 8 ans","authors":["Gwena\u00eble Barussaud","Myrtille Tournefeuille"],"category_codes":["2000000","2040000","2040300"],"visuals":{"large":"https:\/\/images.epagine.fr\/259\/9782226453259_1_75.jpg","medium":"https:\/\/images.epagine.fr\/259\/9782226453259_1_m.jpg","thumbnail":"https:\/\/images.epagine.fr\/259\/9782226453259_1_v.jpg"},"orderable":true,"show_badge":true,"formatted_price":"7,90&nbsp;\u20ac","formatted_published_date":"3 f\u00e9vrier 2021","publisher_availability_label":"Sur commande","short_details":"Gwena\u00eble Barussaud, Myrtille Tournefeuille \u2014 Albin Michel","translator":null,"weight":252,"page_count":144,"readership":"\u00e0 partir de 8 ANS","editor":"Albin Michel","price":790,"published_date":"2021-02-02T23:00:00.000000Z","support":"Grand format","publisher_availability":1,"stock":0,"editions":[],"url":"https:\/\/quaidesbrumes.com\/ouvrage\/9782226453259\/celestine-petit-rat-de-lopera-tome-11-la-lecon-de-danse"},{"id":"9782244317137","title":"Mon premier cherche et trouve : Dans le jardin","description":"Dans ce cherche et trouve joliment illustr\u00e9, l'enfant d\u00e9couvre les animaux du jardin, et tout plein d'autres petits \u00e9l\u00e9ments, dans leur environnement : parmi les fleurs, dans le potager, dans l'arbre, sous terre ou bien dans la mare. Ainsi, tout en s'amusant \u00e0 chercher les images dans des sc\u00e8nes riches en d\u00e9tails, l'enfant d\u00e9veloppe son vocabulaire et son sens de l'observation.","authors":["Collectif","Marzia Giordano"],"category_codes":["2000000","2060000","2060500"],"visuals":{"large":"https:\/\/images.epagine.fr\/137\/9782244317137_1_75.jpg","medium":"https:\/\/images.epagine.fr\/137\/9782244317137_1_m.jpg","thumbnail":"https:\/\/images.epagine.fr\/137\/9782244317137_1_v.jpg"},"orderable":true,"show_badge":true,"formatted_price":"6,90&nbsp;\u20ac","formatted_published_date":"1er avril 2026","publisher_availability_label":"Sur commande","short_details":"Collectif, Marzia Giordano \u2014 \u00c9ditions Lito","translator":null,"weight":360,"page_count":12,"readership":"\u00e0 partir de 2 ANS","editor":"\u00c9ditions Lito","price":690,"published_date":"2026-03-31T22:00:00.000000Z","support":"Grand format","publisher_availability":1,"stock":0,"editions":[],"url":"https:\/\/quaidesbrumes.com\/ouvrage\/9782244317137\/mon-premier-cherche-et-trouve-dans-le-jardin"},{"id":"9782352634812","title":"La naissance : \u00e7a intrigue un peu, beaucoup, \u00e9norm\u00e9ment...","description":"Que se passe-t-il dans le ventre de maman ? Qu'est-ce que \u00e7a veut dire, devenir grand fr\u00e8re ou grande soeur ?\r\nLorsque l'on s'appr\u00eate \u00e0 devenir grand fr\u00e8re ou grande soeur, mille questions fusent !Comment B\u00e9b\u00e9 est-il arriv\u00e9 l\u00e0 ? Que se passe-t-il dans le ventre de maman ? Comment va-t-il sortir ? Et apr\u00e8s, qu'est-ce qui change ? Mes parent m'aimeront-ils toujours autant ? Pourquoi B\u00e9b\u00e9 ne fait que pleurer ? Et moi, quel est mon r\u00f4le maintenant ? Un ouvrage pour parler aux petits de la conception d'un b\u00e9b\u00e9, de la naissance, mais aussi du retour \u00e0 la maison !","authors":["S\u00e9bastien Chebret","Rh\u00e9a Dufresne"],"category_codes":["2000000","2030000","2030400"],"visuals":{"large":"https:\/\/images.epagine.fr\/812\/9782352634812_1_75.jpg","medium":"https:\/\/images.epagine.fr\/812\/9782352634812_1_m.jpg","thumbnail":"https:\/\/images.epagine.fr\/812\/9782352634812_1_v.jpg"},"orderable":true,"show_badge":true,"formatted_price":"13,50&nbsp;\u20ac","formatted_published_date":"30 janvier 2025","publisher_availability_label":"Sur commande","short_details":"S\u00e9bastien Chebret, Rh\u00e9a Dufresne \u2014 \u00c9ditions du Ricochet","translator":null,"weight":354,"page_count":36,"readership":"3\/6 ans","editor":"\u00c9ditions du Ricochet","price":1350,"published_date":"2025-01-29T23:00:00.000000Z","support":"Grand format","publisher_availability":1,"stock":0,"editions":[],"url":"https:\/\/quaidesbrumes.com\/ouvrage\/9782352634812\/la-naissance-ca-intrigue-un-peu-beaucoup-enormement"},{"id":"3260100032746","title":"Ho ho ho !","description":"OMY : des activit\u00e9s pop et arty pour les enfants de 3 \u00e0 10 ans, \u00e0 faire seul ou en famille !","authors":["Collectif"],"category_codes":["2000000","2060000","2060100"],"visuals":{"large":"https:\/\/images.epagine.fr\/746\/3260100032746_1_75.jpg","medium":"https:\/\/images.epagine.fr\/746\/3260100032746_1_m.jpg","thumbnail":"https:\/\/images.epagine.fr\/746\/3260100032746_1_v.jpg"},"orderable":true,"show_badge":true,"formatted_price":"0,00&nbsp;\u20ac","formatted_published_date":"10 octobre 2024","publisher_availability_label":"Sur commande","short_details":"Collectif \u2014 Omy X Gallimard Jeunesse","translator":null,"weight":380,"page_count":null,"readership":null,"editor":"Omy X Gallimard Jeunesse","price":0,"published_date":"2024-10-09T22:00:00.000000Z","support":"Objet","publisher_availability":1,"stock":0,"editions":[],"url":"https:\/\/quaidesbrumes.com\/ouvrage\/3260100032746\/ho-ho-ho"},{"id":"9782075122979","title":"L'h\u00f4pital","description":"L'hospitalisation est une aventure difficile \u00e0 vivre pour un petit enfant. Pour d\u00e9dramatiser et rassurer les petits lecteurs, tous les stades des interventions sont expliqu\u00e9s par les auteurs.","authors":["Catherine Dolto","Colline Faure-poir\u00e9e"],"category_codes":["2000000","2070000","2070500"],"visuals":{"large":"https:\/\/images.epagine.fr\/979\/9782075122979_1_75.jpg","medium":"https:\/\/images.epagine.fr\/979\/9782075122979_1_m.jpg","thumbnail":"https:\/\/images.epagine.fr\/979\/9782075122979_1_v.jpg"},"orderable":true,"show_badge":true,"formatted_price":"6,90&nbsp;\u20ac","formatted_published_date":"18 f\u00e9vrier 2021","publisher_availability_label":"Sur commande","short_details":"Catherine Dolto, Colline Faure-poir\u00e9e \u2014 Gallimard Jeunesse-Giboul\u00e9es","translator":null,"weight":190,"page_count":32,"readership":null,"editor":"Gallimard Jeunesse-Giboul\u00e9es","price":690,"published_date":"2021-02-17T23:00:00.000000Z","support":"Grand format","publisher_availability":1,"stock":0,"editions":[],"url":"https:\/\/quaidesbrumes.com\/ouvrage\/9782075122979\/lhopital"},{"id":"9782809681581","title":"Carnet cr\u00e9atif : Oksana en Ukraine","description":"D\u00e9couvre l'Ukraine avec Oksana ! Dans ce carnet cr\u00e9atif, cr\u00e9e tes jolies poup\u00e9es gr\u00e2ce \u00e0 de nombreuses silhouettes \u00e0 colorier, des mod\u00e8les et 4 planches de stickers. Et en plus, des infos documentaires sur les traditions et les tenues de l'Ukraine :\r\n- les v\u00eatements ;\r\n- l'\u00e9cole ;\r\n- l'alimentation ;\r\n- les danses ;\r\n- les f\u00eates ;\r\n- les instruments de musique.\r\n\r\nEn cadeau : un joli bracelet \u00e0 collectionner !\r\n\r\n\r\nTous les b\u00e9n\u00e9fices sont revers\u00e9s \u00e0 la Fondation de France en solidarit\u00e9 \u00e0 l'Ukraine.","authors":["Julie Camel"],"category_codes":["2000000","2060000","2060500"],"visuals":{"large":"https:\/\/images.epagine.fr\/581\/9782809681581_1_75.jpg","medium":"https:\/\/images.epagine.fr\/581\/9782809681581_1_m.jpg","thumbnail":"https:\/\/images.epagine.fr\/581\/9782809681581_1_v.jpg"},"orderable":true,"show_badge":true,"formatted_price":"9,90&nbsp;\u20ac","formatted_published_date":"4 janvier 2023","publisher_availability_label":"Sur commande","short_details":"Julie Camel \u2014 \u00c9ditions playBac","translator":null,"weight":192,"page_count":88,"readership":null,"editor":"\u00c9ditions playBac","price":990,"published_date":"2023-01-03T23:00:00.000000Z","support":"Papeterie \/ Coloriage","publisher_availability":1,"stock":0,"editions":[],"url":"https:\/\/quaidesbrumes.com\/ouvrage\/9782809681581\/carnet-creatif-oksana-en-ukraine"},{"id":"9782017347354","title":"Mes porte-cl\u00e9s \u00e0 offrir en plastique fou","description":"Une mini-bo\u00eete contenant tout le n\u00e9cessaire pour r\u00e9aliser 3 porte-cl\u00e9s \u00e0 offrir avec des messages \u00e0 r\u00e9aliser gr\u00e2ce \u00e0 du plastique fou.\r\n>> Des suggestions d'illustrations \u00e0 reproduire sur le plastique fou\r\n>> 3 messages \u00e0 reproduire sont propos\u00e9s mais possibilit\u00e9 de les mixer et personnaliser\r\nContenu :\u00a0 4 planches pr\u00e9d\u00e9coup\u00e9es de plastique fou \u00e0 colorier ; 3 cha\u00eenettes ; 1 pas \u00e0 pas avec les mod\u00e8les : 1 porte-cl\u00e9s chat \u00e0 offrir \u00e0 papa avec son message bisous ; 1 porte-cl\u00e9s oiseaux \u00e0 offrir \u00e0 sa ma\u00eetresse avec son message merci ; 1 porte-cl\u00e9s \u00e0 offrir \u00e0 sa maman avec son message Je t'aime.","authors":["Leslie Wedeux"],"category_codes":["2000000","2060000","2060200","2060204"],"visuals":{"large":"https:\/\/images.epagine.fr\/354\/9782017347354_1_75.jpg","medium":"https:\/\/images.epagine.fr\/354\/9782017347354_1_m.jpg","thumbnail":"https:\/\/images.epagine.fr\/354\/9782017347354_1_v.jpg"},"orderable":true,"show_badge":true,"formatted_price":"0,00&nbsp;\u20ac","formatted_published_date":"22 avril 2026","publisher_availability_label":"Sur commande","short_details":"Leslie Wedeux \u2014 \u00c9ditions Deux Coqs d'Or","translator":null,"weight":76,"page_count":2,"readership":"\u00e0 partir de 7 ANS","editor":"\u00c9ditions Deux Coqs d'Or","price":0,"published_date":"2026-04-21T22:00:00.000000Z","support":"Coffret \/ Bo&icirc;te","publisher_availability":1,"stock":0,"editions":[],"url":"https:\/\/quaidesbrumes.com\/ouvrage\/9782017347354\/mes-porte-cles-a-offrir-en-plastique-fou"},{"id":"9782408056568","title":"Mes p'tits docs : Le feu","description":"Le feu : un ouvrage qui raconte son histoire en expliquant qu il a toujours \u00e9t\u00e9 source de progr\u00e8s mais aussi de destruction\r\nEn quoi le feu est-il b\u00e9n\u00e9fique ? En quoi est-il redoutable ? Un trente-deux pages pour r\u00e9pondre \u00e0 la curiosit\u00e9 des enfants et les aider, d\u00e8s leur plus jeune \u00e2ge, \u00e0 comprendre ce ph\u00e9nom\u00e8ne fascinant. \u00ab Mes p tits docs \u00bb, la collection de documentaires qui se racontent comme des histoires et accompagnent les enfants dans leur d\u00e9couverte du monde. Pour d\u00e9couvrir les bienfaits du feu au fil du temps\r\nLe feu a permis aux hommes de survivre et d \u00e9voluer. Il a \u00e9t\u00e9 une source de protection et d avanc\u00e9es technologiques depuis la nuit des temps. Pour apprendre comment na\u00eet un feu, quelles m\u00e9thodes \u00e9taient employ\u00e9es par les hommes pr\u00e9historiques pour le cr\u00e9er, quels objets il a permis de fabriquer durant l Antiquit\u00e9, comment les hommes du Moyen \u00c2ge se prot\u00e9geaient gr\u00e2ce \u00e0 lui, comment il a accompagn\u00e9 la science au 19e si\u00e8cle, pourquoi il fascine autant... Pour expliquer aussi les dangers du feu, toujours r\u00e9els \r\nFeu de for\u00eat, feu dans la maison, feu dans un b\u00e2timent... les risques d incendie sont nombreux, et mieux vaut les conna\u00eetre. En int\u00e9rieur comme dans la nature, il faut \u00eatre prudent ! Sans \u00eatre anxiog\u00e8ne, un livre qui \u00e9voque les gestes qui sauvent. Pour d\u00e9couvrir aussi le travail des pompiers qui luttent contre les incendies et font de la pr\u00e9vention dans les \u00e9coles.","authors":["St\u00e9phanie Ledu","Fabien Laurent"],"category_codes":["2000000","2070000","2070500"],"visuals":{"large":"https:\/\/images.epagine.fr\/568\/9782408056568_1_75.jpg","medium":"https:\/\/images.epagine.fr\/568\/9782408056568_1_m.jpg","thumbnail":"https:\/\/images.epagine.fr\/568\/9782408056568_1_v.jpg"},"orderable":true,"show_badge":true,"formatted_price":"7,90&nbsp;\u20ac","formatted_published_date":"18 juin 2025","publisher_availability_label":"Sur commande","short_details":"St\u00e9phanie Ledu, Fabien Laurent \u2014 Milan","translator":null,"weight":254,"page_count":32,"readership":"\u00e0 partir de 4 ANS","editor":"Milan","price":790,"published_date":"2025-06-17T22:00:00.000000Z","support":"Grand format","publisher_availability":1,"stock":0,"editions":[],"url":"https:\/\/quaidesbrumes.com\/ouvrage\/9782408056568\/mes-ptits-docs-le-feu"},{"id":"9782700027631","title":"O\u00f9 est Charlie ? : le carnet secret","description":"Charlie fait son grand retour ! \r\nLe 23 septembre est paru le 7e grand album de Charlie : \" Le Carnet secret\". Ce nouveau tome de Martin Handford r\u00e9serve de belles surprises : en plus d'incroyables planches Charlie fourmillantes et extravagantes (o\u00f9 l'on croise des dinosaures, des chevaliers enrag\u00e9s, des d\u00e9fil\u00e9s militaires, ou encore un labyrinthe infernal), on y trouve un giga jeu de la jungle \u00e0 d\u00e9couper, un cirque \u00e0 d\u00e9tacher et \u00e0 animer, et une enveloppe \u00e9toil\u00e9e o\u00f9 tout ranger lorsque le jeu est termin\u00e9. Et n'oubliez pas de traquer, sur chaque page, la minuscule feuille de papier qu'il a laiss\u00e9 tomber de son pr\u00e9cieux carnet...","authors":["Martin Handford"],"category_codes":["2000000","2060000","2060500"],"visuals":{"large":"https:\/\/images.epagine.fr\/631\/9782700027631_1_75.jpg","medium":"https:\/\/images.epagine.fr\/631\/9782700027631_1_m.jpg","thumbnail":"https:\/\/images.epagine.fr\/631\/9782700027631_1_v.jpg"},"orderable":true,"show_badge":true,"formatted_price":"10,95&nbsp;\u20ac","formatted_published_date":"24 septembre 2009","publisher_availability_label":"Sur commande","short_details":"Martin Handford \u2014 Gr\u00fcnd","translator":null,"weight":553,"page_count":32,"readership":"\u00e0 partir de 7 ANS","editor":"Gr\u00fcnd","price":1095,"published_date":"2009-09-23T22:00:00.000000Z","support":"Grand format","publisher_availability":1,"stock":0,"editions":[],"url":"https:\/\/quaidesbrumes.com\/ouvrage\/9782700027631\/ou-est-charlie-le-carnet-secret"},{"id":"9782012246560","title":"Mini-Loup et les pirates","description":"Gr\u00e2ce \u00e0 une vieille carte qu'il a gagn\u00e9e \u00e0 une partie de d\u00e9s, Mini-Loup se lance dans une folle chasse au tr\u00e9sor. Avec ses amis, il embarque sur un navire \u00e0 la recherche de l'\u00eele du Cr\u00e2ne lib\u00e9rer Calabra, la pieuvre g\u00e9ante, prisonni\u00e8re du redoutable et cruel pirate Barbe-Rousse, et d\u00e9rober son fabuleux tr\u00e9sor. Mais voil\u00e0? Barbe-Rousse entre dans une terrible col\u00e8re, pr\u00eat \u00e0 tout pour se venger et r\u00e9cup\u00e9rer son bien : m\u00eame \u00e0 enlever Louna?","authors":["Philippe Matter"],"category_codes":["2000000","2030000","2030400"],"visuals":{"large":"https:\/\/images.epagine.fr\/560\/9782012246560_1_75.jpg","medium":"https:\/\/images.epagine.fr\/560\/9782012246560_1_m.jpg","thumbnail":"https:\/\/images.epagine.fr\/560\/9782012246560_1_v.jpg"},"orderable":true,"show_badge":true,"formatted_price":"6,95&nbsp;\u20ac","formatted_published_date":"16 mai 2007","publisher_availability_label":"Sur commande","short_details":"Philippe Matter \u2014 Hachette Enfants","translator":null,"weight":255,"page_count":32,"readership":"\u00e0 partir de 3 ANS","editor":"Hachette Enfants","price":695,"published_date":"2007-05-15T22:00:00.000000Z","support":"Grand format","publisher_availability":1,"stock":0,"editions":["9782017347590"],"url":"https:\/\/quaidesbrumes.com\/ouvrage\/9782012246560\/mini-loup-et-les-pirates"},{"id":"9791039563765","title":"La chasse aux lettres","description":"Le premier jeu p\u00e9dagogique dans l'univers des H\u00e9ros du CP !\r\nUne chasse aux lettres sem\u00e9es d'emb\u00fbches sur un plateau tournant !\r\nSois le premier \u00e0 retrouver toutes les lettres pour former tes mots mais attention aux pi\u00e8ges...\r\nUn jeu pour apprendre \u00e0 reconna\u00eetre les lettres et \u00e0 former des mots.","authors":["Jo\u00eblle Dreidemy"],"category_codes":["2000000","2080000"],"visuals":{"large":"https:\/\/images.epagine.fr\/765\/9791039563765_1_75.jpg","medium":"https:\/\/images.epagine.fr\/765\/9791039563765_1_m.jpg","thumbnail":"https:\/\/images.epagine.fr\/765\/9791039563765_1_v.jpg"},"orderable":true,"show_badge":true,"formatted_price":"0,00&nbsp;\u20ac","formatted_published_date":"25 septembre 2025","publisher_availability_label":"Sur commande","short_details":"Jo\u00eblle Dreidemy \u2014 Auzou","translator":null,"weight":734,"page_count":4,"readership":"Tout public","editor":"Auzou","price":0,"published_date":"2025-09-24T22:00:00.000000Z","support":"Objet","publisher_availability":1,"stock":0,"editions":[],"url":"https:\/\/quaidesbrumes.com\/ouvrage\/9791039563765\/la-chasse-aux-lettres"},{"id":"9782211336130","title":"Z, le jeu de ma vie","description":"\u00ab Les jeux vid\u00e9o, \u00e7a suffit ! Tu ferais mieux de lire...\u00bb Vous avez d\u00e9j\u00e0 entendu \u00e7a, non ? C'est parce que personne encore ne conna\u00eet Z. Oui, c'est un jeu, mais c'est aussi la plus dr\u00f4le biblioth\u00e8que du monde. Z s'am\u00e9liore au fur et \u00e0 mesure qu'on lit des livres !\r\nEt moi, depuis l'arriv\u00e9e de ma petite soeur, c'est-\u00e0-dire un b\u00e9b\u00e9 qui vomit partout, j'ai besoin de distractions.\r\nSi seulement mon p\u00e8re l'avait compris, au lieu de me priver de Z... Heureusement, j'ai trouv\u00e9 une solution : jouer \u00e0 Z chez mes amis, et m\u00eame, leur donner envie de lire. Enfin, \u00e7a, c'\u00e9tait avant que Soufiane ne disparaisse dans la vraie vie. Est-ce que ce jeu g\u00e9nial nous aiderait \u00e0 le retrouver ?","authors":["Agn\u00e8s Mathieu-Daud\u00e9","Lucie Durbiano"],"category_codes":["2000000","2040000","2040500"],"visuals":{"large":"https:\/\/images.epagine.fr\/130\/9782211336130_1_75.jpg","medium":"https:\/\/images.epagine.fr\/130\/9782211336130_1_m.jpg","thumbnail":"https:\/\/images.epagine.fr\/130\/9782211336130_1_v.jpg"},"orderable":true,"show_badge":true,"formatted_price":"12,50&nbsp;\u20ac","formatted_published_date":"9 avril 2025","publisher_availability_label":"Sur commande","short_details":"Agn\u00e8s Mathieu-Daud\u00e9, Lucie Durbiano \u2014 L'\u00c9cole des loisirs","translator":null,"weight":290,"page_count":176,"readership":"\u00e0 partir de 9 ANS","editor":"L'\u00c9cole des loisirs","price":1250,"published_date":"2025-04-08T22:00:00.000000Z","support":"Grand format","publisher_availability":1,"stock":0,"editions":[],"url":"https:\/\/quaidesbrumes.com\/ouvrage\/9782211336130\/z-le-jeu-de-ma-vie"},{"id":"9782266353670","title":"Les Chroniques lunaires Tome 1 : Cinder","description":"Red\u00e9couvrez la plus grande histoire d'amour dystopique, entre une adolescente cyborg, Cinder, et un prince humain...\r\nHumains et andro\u00efdes cohabitent tant bien que mal dans la ville de N\u00e9o-Beijing. Une pand\u00e9mie ravage la population. Depuis l'Espace, un peuple sans piti\u00e9 attend son heure... Personne n'imagine que le salut de la plan\u00e8te Terre repose sur Cinder, brim\u00e9e par son horrible bellem\u00e8re. Car la jeune fille, simple m\u00e9canicienne \u00e0 demi humaine, d\u00e9tient sans le savoir un secret inestimable, un secret pour lequel certains seraient pr\u00eats \u00e0 tuer...","authors":["Marissa Meyer","Guillaume Fournier"],"category_codes":["2000000","2050000","2050200","2050205"],"visuals":{"large":"https:\/\/images.epagine.fr\/670\/9782266353670_1_75.jpg","medium":"https:\/\/images.epagine.fr\/670\/9782266353670_1_m.jpg","thumbnail":"https:\/\/images.epagine.fr\/670\/9782266353670_1_v.jpg"},"orderable":true,"show_badge":true,"formatted_price":"19,90&nbsp;\u20ac","formatted_published_date":"6 novembre 2025","publisher_availability_label":"Sur commande","short_details":"Marissa Meyer, Guillaume Fournier \u2014 Pocket Jeunesse","translator":"GUILLAUME FOURNIER","weight":492,"page_count":443,"readership":"\u00e0 partir de 13 ANS","editor":"Pocket Jeunesse","price":1990,"published_date":"2025-11-05T23:00:00.000000Z","support":"Grand format","publisher_availability":1,"stock":0,"editions":[],"url":"https:\/\/quaidesbrumes.com\/ouvrage\/9782266353670\/les-chroniques-lunaires-tome-1-cinder"},{"id":"9791040806523","title":"\u00c0 la conqu\u00eate du Mont d'Or","description":"Sur une petite plan\u00e8te appel\u00e9e Skyr, perdue au milieu de la voie lact\u00e9e...  Catastrophe au royaume de Skyr ! Toutes les rivi\u00e8res de lait sont \u00e0 sec. Et s'il n'y a plus de lait, il n'y a plus de fromage. Fini le Mont-d'Or coulant, le vacherin truff\u00e9, la tomme des montages. Mais qui peut \u00eatre derri\u00e8re tout \u00e7a ? Moi Prince Formidable, avec Liselotte, Goudada ma ponette et Chat-Ours mon chat magique, nous partons trouver la source de lait, le secret le mieux gard\u00e9 du royaume. M\u00eame si, pour cela, il nous faut \u00e9chapper \u00e0 la foudre du comt\u00e9 des orages, ramasser la bave de limaces g\u00e9antes, et... s'aventurer dans la voie lact\u00e9e. Parce que la cr\u00e8me de la cr\u00e8me, c'est nous !","authors":["Florian Ferrier","Katherine Ferrier"],"category_codes":["2000000","2040000","2040200"],"visuals":{"large":"https:\/\/images.epagine.fr\/523\/9791040806523_1_75.jpg","medium":"https:\/\/images.epagine.fr\/523\/9791040806523_1_m.jpg","thumbnail":"https:\/\/images.epagine.fr\/523\/9791040806523_1_v.jpg"},"orderable":true,"show_badge":true,"formatted_price":"8,90&nbsp;\u20ac","formatted_published_date":"2 janvier 2025","publisher_availability_label":"Sur commande","short_details":"Florian Ferrier, Katherine Ferrier \u2014 Sarbacane","translator":null,"weight":186,"page_count":96,"readership":"6\/9 ans","editor":"Sarbacane","price":890,"published_date":"2025-01-01T23:00:00.000000Z","support":"Grand format","publisher_availability":1,"stock":0,"editions":[],"url":"https:\/\/quaidesbrumes.com\/ouvrage\/9791040806523\/a-la-conquete-du-mont-dor"},{"id":"9791039537308","title":"Mes bracelets d'amiti\u00e9 : Arc-en-ciel","description":"La bo\u00eete comprend un livret de pas \u00e0 pas et tout le mat\u00e9riel n\u00e9cessaire.","authors":["Shiilia"],"category_codes":["2000000","2060000","2060200","2060204"],"visuals":{"large":"https:\/\/images.epagine.fr\/308\/9791039537308_1_75.jpg","medium":"https:\/\/images.epagine.fr\/308\/9791039537308_1_m.jpg","thumbnail":"https:\/\/images.epagine.fr\/308\/9791039537308_1_v.jpg"},"orderable":true,"show_badge":true,"formatted_price":"0,00&nbsp;\u20ac","formatted_published_date":"3 mai 2024","publisher_availability_label":"Sur commande","short_details":"Shiilia \u2014 Auzou","translator":null,"weight":118,"page_count":18,"readership":null,"editor":"Auzou","price":0,"published_date":"2024-05-02T22:00:00.000000Z","support":"Coffret \/ Bo&icirc;te","publisher_availability":1,"stock":0,"editions":[],"url":"https:\/\/quaidesbrumes.com\/ouvrage\/9791039537308\/mes-bracelets-damitie-arc-en-ciel"},{"id":"9791022406932","title":"Nos horizons infinis","description":"Une lueur d'espoir dans un oc\u00e9an de haine\r\n2002. Un an apr\u00e8s les attentats du 11 septembre qui ont \u00e9branl\u00e9 le monde entier, la vie de Shirin est un enfer. Point\u00e9e du doigt, insult\u00e9e, menac\u00e9e, cette lyc\u00e9enne d'origine iranienne n'a pour seules \u00e9chappatoires que la musique et la breakdance. Jusqu'au jour o\u00f9 elle rencontre Oc\u00e9an James. L'int\u00e9r\u00eat que lui porte le jeune homme la d\u00e9stabilise... D'autant que les deux adolescents viennent de deux mondes que tout oppose.","authors":["Tahereh Mafi","LK. Imany","Philippe Mothe"],"category_codes":["2000000","2050000","2050200"],"visuals":{"large":"https:\/\/images.epagine.fr\/932\/9791022406932_1_75.jpg","medium":"https:\/\/images.epagine.fr\/932\/9791022406932_1_m.jpg","thumbnail":"https:\/\/images.epagine.fr\/932\/9791022406932_1_v.jpg"},"orderable":true,"show_badge":true,"formatted_price":"8,90&nbsp;\u20ac","formatted_published_date":"12 f\u00e9vrier 2026","publisher_availability_label":"Sur commande","short_details":"Tahereh Mafi, LK. Imany, Philippe Mothe \u2014 Michel Lafon Poche","translator":"PHILIPPE MOTHE","weight":230,"page_count":366,"readership":"\u00e0 partir de 12 ANS","editor":"Michel Lafon Poche","price":890,"published_date":"2026-02-11T23:00:00.000000Z","support":"Poche","publisher_availability":1,"stock":0,"editions":[],"url":"https:\/\/quaidesbrumes.com\/ouvrage\/9791022406932\/nos-horizons-infinis"},{"id":"9782211065115","title":"Je suis revenu !","description":"Quelques s\u00e9ances de remise en forme, et voil\u00e0 le terrible loup fin pr\u00eat pour son grand retour dans la for\u00eat. Ses victimes sont toutes d\u00e9sign\u00e9es : les petits cochons, les sept chevreaux et autre chaperon rouge... Mais aucun d'entre eux ne montre le bout de son nez ! Tel sera pris qui croyait prendre...Une version fac\u00e9tieuse du c\u00e9l\u00e8bre Loup est revenu, cette fois-ci racont\u00e9e par le loup lui-m\u00eame.","authors":["Geoffroy de Pennart"],"category_codes":["2000000","2030000","2030300"],"visuals":{"large":"https:\/\/images.epagine.fr\/115\/9782211065115_1_75.jpg","medium":"https:\/\/images.epagine.fr\/115\/9782211065115_1_m.jpg","thumbnail":"https:\/\/images.epagine.fr\/115\/9782211065115_1_v.jpg"},"orderable":true,"show_badge":true,"formatted_price":"6,00&nbsp;\u20ac","formatted_published_date":"17 novembre 2001","publisher_availability_label":"Sur commande","short_details":"Geoffroy de Pennart \u2014 L'\u00c9cole des loisirs","translator":null,"weight":100,"page_count":40,"readership":"\u00e0 partir de 6 ANS","editor":"L'\u00c9cole des loisirs","price":600,"published_date":"2001-11-16T23:00:00.000000Z","support":"Poche","publisher_availability":1,"stock":0,"editions":[],"url":"https:\/\/quaidesbrumes.com\/ouvrage\/9782211065115\/je-suis-revenu"},{"id":"9782211002806","title":"Ali\u00e9nor, fille de Merlin Tome 3","description":"Guid\u00e9e par une myst\u00e9rieuse proph\u00e9tie, Ali\u00e9nor a convaincu son ami Lancelot de partir avec elle sur les Monts d'Ar\u00e9e. Les Monts d'Arr\u00e9e ? Mais n'est-ce pas le territoire de l'Ankou ? Ali\u00e9nor est persuad\u00e9e que l\u00e0-bas elle trouvera enfin le moyen de rencontrer le seigneur de la mort et de le faire renoncer l\u00e0 l'\u00e2me de Merlin, terrass\u00e9 une deuxi\u00e8me fois par le cri de la mandragore. Avant d'atteindre les Monts d'Arr\u00e9e, les deux amis doivent suivre la rivi\u00e8re des damn\u00e9s et traverser le pays des \u00e2mes errantes. Premi\u00e8re \u00e9tape : la cantine de Mamie Ygraine dont les clients sont des fant\u00f4mes condamn\u00e9s \u00e0 une faim \u00e9ternelle...","authors":["S\u00e9verine Gauthier","Thomas Labourot"],"category_codes":["2000000","2040000","2040500","2040503"],"visuals":{"large":"https:\/\/images.epagine.fr\/806\/9782211002806_1_75.jpg","medium":"https:\/\/images.epagine.fr\/806\/9782211002806_1_m.jpg","thumbnail":"https:\/\/images.epagine.fr\/806\/9782211002806_1_v.jpg"},"orderable":true,"show_badge":true,"formatted_price":"12,00&nbsp;\u20ac","formatted_published_date":"11 mai 2022","publisher_availability_label":"Sur commande","short_details":"S\u00e9verine Gauthier, Thomas Labourot \u2014 L'\u00c9cole des loisirs","translator":null,"weight":398,"page_count":232,"readership":"\u00e0 partir de 9 ANS","editor":"L'\u00c9cole des loisirs","price":1200,"published_date":"2022-05-10T22:00:00.000000Z","support":"Grand format","publisher_availability":1,"stock":0,"editions":[],"url":"https:\/\/quaidesbrumes.com\/ouvrage\/9782211002806\/alienor-fille-de-merlin-tome-3"},{"id":"9791036329272","title":"Mortelle Ad\u00e8le : invitations","description":"\u00a9 Mr Tan \/ Diane le Feyer \/ Miss Prickly","authors":["Diane Le Feyer","Mr Tan"],"category_codes":["2000000","2080000","2080500"],"visuals":{"large":"https:\/\/images.epagine.fr\/272\/9791036329272_1_75.jpg","medium":"https:\/\/images.epagine.fr\/272\/9791036329272_1_m.jpg","thumbnail":"https:\/\/images.epagine.fr\/272\/9791036329272_1_v.jpg"},"orderable":true,"show_badge":true,"formatted_price":"0,00&nbsp;\u20ac","formatted_published_date":"5 mai 2021","publisher_availability_label":"Sur commande","short_details":"Diane Le Feyer, Mr Tan \u2014 Bayard Jeunesse","translator":null,"weight":120,"page_count":null,"readership":"\u00e0 partir de 5 ANS","editor":"Bayard Jeunesse","price":0,"published_date":"2021-05-04T22:00:00.000000Z","support":"Papeterie \/ Coloriage","publisher_availability":1,"stock":0,"editions":[],"url":"https:\/\/quaidesbrumes.com\/ouvrage\/9791036329272\/mortelle-adele-invitations"}]}