{"data":[{"id":"9782330176013","title":"Crocolou et les petites abeilles","description":"Aujourd'hui papa loup a install\u00e9 une ruchette dans le jardin pour accueillir des abeilles. L'occasion pour Crocolou d'en apprendre plus sur le r\u00f4le important de cet insecte, tout en se r\u00e9galant avec tout le bon miel r\u00e9colt\u00e9 !","authors":["Oph\u00e9lie Texier"],"category_codes":["2000000","2030000","2030400"],"visuals":{"large":"https:\/\/images.epagine.fr\/013\/9782330176013_1_75.jpg","medium":"https:\/\/images.epagine.fr\/013\/9782330176013_1_m.jpg","thumbnail":"https:\/\/images.epagine.fr\/013\/9782330176013_1_v.jpg"},"orderable":true,"show_badge":false,"formatted_price":"5,40&nbsp;\u20ac","formatted_published_date":"19 avril 2023","publisher_availability_label":"Sur commande","short_details":"Oph\u00e9lie Texier \u2014 Actes Sud","translator":null,"weight":86,"page_count":32,"readership":"3\/6 ans","editor":"Actes Sud","price":540,"published_date":"2023-04-18T22:00:00.000000Z","support":"Grand format","publisher_availability":1,"stock":1,"editions":[],"url":"https:\/\/quaidesbrumes.com\/ouvrage\/9782330176013\/crocolou-et-les-petites-abeilles"},{"id":"9782080477606","title":"Je rentre en CP : Mes premi\u00e8res histoires \u00e0 lire","description":"Six histoires avec des phrases courtes et simples jouant sur la r\u00e9p\u00e9tition de sons sp\u00e9cifiques pour d\u00e9buter l'apprentissage de la lecture, avec des pages de pr\u00e9paration et de compr\u00e9hension.","authors":["Charlotte Roederer","Magdalena"],"category_codes":["2000000","2040000","2040200"],"visuals":{"large":"https:\/\/images.epagine.fr\/606\/9782080477606_1_75.jpg","medium":"https:\/\/images.epagine.fr\/606\/9782080477606_1_m.jpg","thumbnail":"https:\/\/images.epagine.fr\/606\/9782080477606_1_v.jpg"},"orderable":true,"show_badge":true,"formatted_price":"12,90&nbsp;\u20ac","formatted_published_date":"4 juin 2025","publisher_availability_label":"Sur commande","short_details":"Charlotte Roederer, Magdalena \u2014 P\u00e8re Castor","translator":null,"weight":372,"page_count":128,"readership":"\u00e0 partir de 6 ANS","editor":"P\u00e8re Castor","price":1290,"published_date":"2025-06-03T22:00:00.000000Z","support":"Grand format","publisher_availability":1,"stock":0,"editions":[],"url":"https:\/\/quaidesbrumes.com\/ouvrage\/9782080477606\/je-rentre-en-cp-mes-premieres-histoires-a-lire"},{"id":"9791036372544","title":"Chair de poule Tome 24 : Nuits de cauchemar","description":"Matt en a assez de sa chambre de b\u00e9b\u00e9, alors malgr\u00e9 l'interdiction de sa m\u00e8re, il va dormir dans la chambre d'amis. Mais s'il avait su les cons\u00e9quences terribles de son acte, il se serait abstenu. \u00c0 chaque r\u00e9veil, il est dans une nouvelle r\u00e9alit\u00e9, avec une nouvelle famille, une nouvelle apparence et une nouvelle vie. Son quotidien se transforme rapidement en un cauchemar sans fin. Et bient\u00f4t, il est poursuivi par deux hommes \u00e9tranges... \r\nUne nouvelle intrigue terrifiante\r\nAvec ce nouveau tome de Chair de Poule, d\u00e9couvrez le multivers et les implications cauchemardesques de se r\u00e9veiller tous les jours dans une nouvelle r\u00e9alit\u00e9... \r\nRelook de la s\u00e9rie frisson mythique  \r\nSes nouvelles illustrations de couvertures plus modernes, faites par des sp\u00e9cialistes du jeu vid\u00e9o, vous donneront encore plus la chair de poule !\r\nUne adaptation tout aussi effrayante !\r\nSuivez les aventures horrifiques des monstres, cr\u00e9atures et fant\u00f4mes de Chair de Poule dans la nouvelle s\u00e9rie sur Disney +.","authors":["R. L. Stine","Yannick Surcouf"],"category_codes":["2000000","2040000","2040500","2040503"],"visuals":{"large":"https:\/\/images.epagine.fr\/544\/9791036372544_1_75.jpg","medium":"https:\/\/images.epagine.fr\/544\/9791036372544_1_m.jpg","thumbnail":"https:\/\/images.epagine.fr\/544\/9791036372544_1_v.jpg"},"orderable":true,"show_badge":true,"formatted_price":"6,50&nbsp;\u20ac","formatted_published_date":"4 juin 2025","publisher_availability_label":"Sur commande","short_details":"R. L. Stine, Yannick Surcouf \u2014 Bayard Jeunesse","translator":"YANNICK SURCOUF","weight":139,"page_count":144,"readership":"\u00e0 partir de 9 ANS","editor":"Bayard Jeunesse","price":650,"published_date":"2025-06-03T22:00:00.000000Z","support":"Poche","publisher_availability":1,"stock":0,"editions":[],"url":"https:\/\/quaidesbrumes.com\/ouvrage\/9791036372544\/chair-de-poule-tome-24-nuits-de-cauchemar"},{"id":"9782889860647","title":"Presque jour","description":"Certaines rencontres ont parfois l'air de rien mais peuvent tout bouleverser. C'est\r\nce qu'exp\u00e9rimentent les personnages de Presque jour, le recueil de Sylvie Neeman. Dans\r\nla premi\u00e8re nouvelle, Anna, une m\u00e8re dont la fille a disparu, et Manon, l'ancienne meilleure\r\namie de celle-ci, se retrouvent. Une conversation se tisse, lentement, douloureusement\r\nparfois, mais toujours dans le respect de l'autre. Le second r\u00e9cit relate la rencontre de\r\nSophie et d'Elena. L'une est une \u00e9tudiante et l'autre, une \u00e9crivaine qui vit dans une maison\r\npour personnes \u00e2g\u00e9es. D\u00e9bute alors un dialogue entre deux g\u00e9n\u00e9rations qui se nourrissent\r\nbien plus qu'elles n'auraient pu l'imaginer. De son \u00e9criture fine et sensible, Sylvie Neeman\r\ndonne v\u00e9ritablement vie au tourbillon d'\u00e9motions qui animent ses personnages.","authors":["Sylvie Neeman"],"category_codes":["2000000","2050000","2050200"],"visuals":{"large":"https:\/\/images.epagine.fr\/647\/9782889860647_1_75.jpg","medium":"https:\/\/images.epagine.fr\/647\/9782889860647_1_m.jpg","thumbnail":"https:\/\/images.epagine.fr\/647\/9782889860647_1_v.jpg"},"orderable":true,"show_badge":true,"formatted_price":"13,90&nbsp;\u20ac","formatted_published_date":"6 mars 2026","publisher_availability_label":"Sur commande","short_details":"Sylvie Neeman \u2014 La Joie de lire","translator":null,"weight":116,"page_count":84,"readership":"\u00e0 partir de 12 ANS","editor":"La Joie de lire","price":1390,"published_date":"2026-03-05T23:00:00.000000Z","support":"Grand format","publisher_availability":1,"stock":0,"editions":[],"url":"https:\/\/quaidesbrumes.com\/ouvrage\/9782889860647\/presque-jour"},{"id":"9782732472300","title":"Un palais d'\u00e9pines et de roses (ACOTAR) Tome 1","description":"En chassant dans les bois enneig\u00e9s, Feyre voulait seulement nourrir sa famille. Mais elle a commis l'irr\u00e9parable en tuant un Fae, et la voici emmen\u00e9e de force \u00e0 Prythian, royaume des immortels. L\u00e0-bas, pourtant, sa prison est un palais magnifique et son ge\u00f4lier n'a rien d'un monstre. Tamlin, un Grand Seigneur Fae, la traite comme une princesse. Et quel est ce mal qui ronge le royaume et risque de s'\u00e9tendre \u00e0 celui des mortels ? A l'\u00e9vidence, Feyre n'est pas une simple prisonni\u00e8re. Mais comment une jeune humaine d'origine aussi modeste pourrait-elle venir en aide \u00e0 de si puissants seigneurs ? Sa libert\u00e9, en tout cas, semble \u00eatre \u00e0 ce prix.","authors":["Sarah J. Maas","Anne-Judith Descombey"],"category_codes":["2000000","2050000","2050200","2050204"],"visuals":{"large":"https:\/\/images.epagine.fr\/300\/9782732472300_1_75.jpg","medium":"https:\/\/images.epagine.fr\/300\/9782732472300_1_m.jpg","thumbnail":"https:\/\/images.epagine.fr\/300\/9782732472300_1_v.jpg"},"orderable":true,"show_badge":true,"formatted_price":"20,00&nbsp;\u20ac","formatted_published_date":"9 f\u00e9vrier 2017","publisher_availability_label":"Sur commande","short_details":"Sarah J. Maas, Anne-Judith Descombey \u2014 La Martini\u00e8re jeunesse","translator":"ANNE-JUDITH DESCOMBEY","weight":598,"page_count":528,"readership":"\u00e0 partir de 16 ans","editor":"La Martini\u00e8re jeunesse","price":2000,"published_date":"2017-02-08T23:00:00.000000Z","support":"Grand format","publisher_availability":1,"stock":0,"editions":["9782732487595"],"url":"https:\/\/quaidesbrumes.com\/ouvrage\/9782732472300\/un-palais-depines-et-de-roses-acotar-tome-1"},{"id":"9782815324915","title":"A l'\u00e9coute de mon cheval : Guide et pratiques pour les jeunes cavaliers","description":"Pratiquer l'\u00e9quitation ne s'arr\u00eate pas au simple fait de manier les outils ou d'avancer sur le dos d'un cheval. Monter \u00e0 cheval, c'est avant tout apprendre \u00e0 l'\u00e9couter, chercher \u00e0 le comprendre, faire preuve de curiosit\u00e9 et de patience pour \u00e9tablir un lien de confiance avec son animal.\r\nCe livre te propose d'aller au-del\u00e0 des pratiques traditionnelles d'\u00e9quitation et de d\u00e9mystifier certaines croyances, afin de placer le cheval au coeur de ta pratique, en adoptant une \u00e9quitation respectueuse.\r\nGr\u00e2ce \u00e0 des exercices et des informations pr\u00e9cises, Maud Chatel t'aide \u00e0 d\u00e9tecter leurs \u00e9motions, leurs besoins, \u00e0 cr\u00e9er une relation bas\u00e9e sur le respect, pour un cheval \u00e9panoui et heureux.","authors":["Maud Chatel"],"category_codes":["2000000","2070000","2070300"],"visuals":{"large":"https:\/\/images.epagine.fr\/915\/9782815324915_1_75.jpg","medium":"https:\/\/images.epagine.fr\/915\/9782815324915_1_m.jpg","thumbnail":"https:\/\/images.epagine.fr\/915\/9782815324915_1_v.jpg"},"orderable":true,"show_badge":false,"formatted_price":"12,95&nbsp;\u20ac","formatted_published_date":"17 avril 2026","publisher_availability_label":"Sur commande","short_details":"Maud Chatel \u2014 Rusti'kid","translator":null,"weight":245,"page_count":96,"readership":null,"editor":"Rusti'kid","price":1295,"published_date":"2026-04-16T22:00:00.000000Z","support":"Grand format","publisher_availability":1,"stock":1,"editions":[],"url":"https:\/\/quaidesbrumes.com\/ouvrage\/9782815324915\/a-lecoute-de-mon-cheval-guide-et-pratiques-pour-les-jeunes-cavaliers"},{"id":"9782330207830","title":"Toujours ensemble","description":"Jamais l'une sans l'autre, l'autre sans le troisi\u00e8me, et le troisi\u00e8me sans la bande ! Voici des joyeux amis ins\u00e9parables qui ne demandent qu'\u00e0 \u00eatre ensemble. Une f\u00eate d'anniversaire, un bain de mer, un passage \u00e0 la librairie ou juste un apr\u00e8s-midi sur le rond-   point devenu pi\u00e9ton, tout est bon... Un pour tous, toutes pour un, c'est reparti pour un tour ! \r\n Et qu'il est amusant pour les lecteurs et les lectrices de les retrouver sur chaque double-page, tous, toutes... \r\n Tous ensemble (tous, tous) a remport\u00e9 une mention sp\u00e9ciale lors de la 5e \u00e9dition du SERPA, prix international de l'album illustr\u00e9.","authors":["Maria Nogueira Nossing","Lean Briet"],"category_codes":["2000000","2030000","2030400"],"visuals":{"large":"https:\/\/images.epagine.fr\/830\/9782330207830_1_75.jpg","medium":"https:\/\/images.epagine.fr\/830\/9782330207830_1_m.jpg","thumbnail":"https:\/\/images.epagine.fr\/830\/9782330207830_1_v.jpg"},"orderable":true,"show_badge":true,"formatted_price":"13,90&nbsp;\u20ac","formatted_published_date":"3 septembre 2025","publisher_availability_label":"Sur commande","short_details":"Maria Nogueira Nossing, Lean Briet \u2014 H\u00e9lium \u00c9ditions","translator":"LEAN BRIET","weight":262,"page_count":32,"readership":"\u00e0 partir de 4 ANS","editor":"H\u00e9lium \u00c9ditions","price":1390,"published_date":"2025-09-02T22:00:00.000000Z","support":"Grand format","publisher_availability":1,"stock":0,"editions":[],"url":"https:\/\/quaidesbrumes.com\/ouvrage\/9782330207830\/toujours-ensemble"},{"id":"9782017280156","title":"Une petite clef d'or","description":"Embarquez pour une promenade enchant\u00e9e dans l'univers de la Comtesse de S\u00e9gur.\u00a0 \r\n\u00ab Voronovo menac\u00e9. Venez vite. \u00bb\u00a0 \r\n\u00c0 la lecture de ce myst\u00e9rieux t\u00e9l\u00e9gramme, la Comtesse quitte Paris.\u00a0 \r\nLe train la conduit dans un voyage \u00e0 travers ses souvenirs et \u00e0 la rencontre des h\u00e9ros des histoires n\u00e9s sous sa plume. Jouer avec les Petites Filles mod\u00e8les, d\u00eener avec le G\u00e9n\u00e9ral Dourakine, passer un apr\u00e8s-midi avec Sophie, autant de moments de complicit\u00e9 avec ses personnages pr\u00e9f\u00e9r\u00e9s.\u00a0 \r\n\r\nUne histoire in\u00e9dite qui rend hommage \u00e0 ces lectures qui ont berc\u00e9 l'enfance de milliers de lecteurs.\u00a0 \r\n\u00a0","authors":["Fabrice Colin","Eric Puybaret"],"category_codes":["2000000","2030000","2030400"],"visuals":{"large":"https:\/\/images.epagine.fr\/156\/9782017280156_1_75.jpg","medium":"https:\/\/images.epagine.fr\/156\/9782017280156_1_m.jpg","thumbnail":"https:\/\/images.epagine.fr\/156\/9782017280156_1_v.jpg"},"orderable":true,"show_badge":true,"formatted_price":"15,95&nbsp;\u20ac","formatted_published_date":"29 octobre 2025","publisher_availability_label":"Sur commande","short_details":"Fabrice Colin, Eric Puybaret \u2014 Gautier Languereau","translator":null,"weight":572,"page_count":40,"readership":"\u00e0 partir de 4 ANS","editor":"Gautier Languereau","price":1595,"published_date":"2025-10-28T23:00:00.000000Z","support":"Grand format","publisher_availability":1,"stock":0,"editions":[],"url":"https:\/\/quaidesbrumes.com\/ouvrage\/9782017280156\/une-petite-clef-dor"},{"id":"9782075212694","title":"Au parc, mon b\u00e9b\u00e9","description":"Pour chaque activit\u00e9 du parc, le b\u00e9b\u00e9 actionne une tirette avec son doigt et cr\u00e9e une surprise visuelle !\r\n\r\n\u00abTu fonces vers le toboggan. Zouiiiip, et tu descends !\u00bb\r\nEn sortie au parc, b\u00e9b\u00e9 fait coucou depuis sa poussette, retrouve son copain, glisse sur le toboggan, fait de la balan\u00e7oire, construit des ch\u00e2teaux de sable, joue \u00e0 chat et \u00e0 cache-cache. Quand il se met \u00e0 pleuvoir, il se r\u00e9fugie au sec dans la petite maison avec papa.\r\n\r\nDes livres anim\u00e9s plein de tendresse pour rejouer la vie des tout-petits... du bout des doigts !","authors":["Marie Bretin"],"category_codes":["2000000","2020000","2020400"],"visuals":{"large":"https:\/\/images.epagine.fr\/694\/9782075212694_1_75.jpg","medium":"https:\/\/images.epagine.fr\/694\/9782075212694_1_m.jpg","thumbnail":"https:\/\/images.epagine.fr\/694\/9782075212694_1_v.jpg"},"orderable":true,"show_badge":false,"formatted_price":"8,90&nbsp;\u20ac","formatted_published_date":"29 mai 2025","publisher_availability_label":"Sur commande","short_details":"Marie Bretin \u2014 Gallimard Jeunesse","translator":null,"weight":348,"page_count":8,"readership":"0\/3 ans","editor":"Gallimard Jeunesse","price":890,"published_date":"2025-05-28T22:00:00.000000Z","support":"Grand format","publisher_availability":1,"stock":1,"editions":[],"url":"https:\/\/quaidesbrumes.com\/ouvrage\/9782075212694\/au-parc-mon-bebe"},{"id":"9782386670138","title":"Sipping love","description":"\u00ab N'importe quand, n'importe o\u00f9, nous sommes faites pour \u00eatre ensemble.\u00bb\r\n\u00c9milie est une ballerine qui r\u00eave de devenir \u00e9toile pour satisfaire les exigences de ses parents, mais qui s'oublie en chemin. Ma\u00ebve est une jeune femme sans filtre qui se d\u00e9m\u00e8ne pour aider son p\u00e8re \u00e0 payer les soins de sa m\u00e8re. Les deux jeunes femmes que tout semble opposer ont pourtant un point commun : sans le savoir, elles partagent le m\u00eame petit ami. Lorsqu'elles d\u00e9couvrent le pot aux roses, elles choisissent la meilleure des vengeances : devenir amies. Un coup de foudre amical et un billet d'avion plus tard, les voil\u00e0 parties pour des vacances saveur sarcasme et cr\u00e8me solaire, afin d'\u00e9chapper \u00e0 leurs vies grises et monotones. \u00c0 l'\u00eele Maurice, elles vont apprendre \u00e0 l\u00e2cher prise et revoir leurs convictions afin de s'ouvrir \u00e0 une nouvelle vision du bonheur... et de l'amour.","authors":["Elise Giraudau","Manon L\u00e9cuyer"],"category_codes":["2000000","2050000","2050200","2050208"],"visuals":{"large":"https:\/\/images.epagine.fr\/138\/9782386670138_1_75.jpg","medium":"https:\/\/images.epagine.fr\/138\/9782386670138_1_m.jpg","thumbnail":"https:\/\/images.epagine.fr\/138\/9782386670138_1_v.jpg"},"orderable":true,"show_badge":true,"formatted_price":"9,90&nbsp;\u20ac","formatted_published_date":"16 avril 2026","publisher_availability_label":"Sur commande","short_details":"Elise Giraudau, Manon L\u00e9cuyer \u2014 Solleyre \u00c9ditions","translator":null,"weight":177,"page_count":288,"readership":"\u00e0 partir de 12 ANS","editor":"Solleyre \u00c9ditions","price":990,"published_date":"2026-04-15T22:00:00.000000Z","support":"Poche","publisher_availability":1,"stock":0,"editions":["9782487178823"],"url":"https:\/\/quaidesbrumes.com\/ouvrage\/9782386670138\/sipping-love"},{"id":"9782408005955","title":"Mes p'tits docs : la for\u00eat","description":"Qui rencontre-t-on en for\u00eat ? \u00c0 quoi ressemblent les for\u00eats ailleurs dans le monde ? Sais-tu reconna\u00eetre les arbres ? Une balade-d\u00e9couverte \u00e0 travers bois pour en percer les secrets.\r\n\r\nDes textes courts, de belles illustrations et un papier ind\u00e9chirable font de cette collection un outil id\u00e9al pour accompagner et guider nos enfants dans la d\u00e9couverte du monde.","authors":["St\u00e9phanie Ledu","Camille Roy"],"category_codes":["2000000","2070000","2070300"],"visuals":{"large":"https:\/\/images.epagine.fr\/955\/9782408005955_1_75.jpg","medium":"https:\/\/images.epagine.fr\/955\/9782408005955_1_m.jpg","thumbnail":"https:\/\/images.epagine.fr\/955\/9782408005955_1_v.jpg"},"orderable":true,"show_badge":true,"formatted_price":"7,90&nbsp;\u20ac","formatted_published_date":"20 f\u00e9vrier 2019","publisher_availability_label":"Sur commande","short_details":"St\u00e9phanie Ledu, Camille Roy \u2014 Milan","translator":null,"weight":250,"page_count":32,"readership":"\u00e0 partir de 3 ANS","editor":"Milan","price":790,"published_date":"2019-02-19T23:00:00.000000Z","support":"Grand format","publisher_availability":1,"stock":0,"editions":["9782408049133"],"url":"https:\/\/quaidesbrumes.com\/ouvrage\/9782408005955\/mes-ptits-docs-la-foret"},{"id":"9782017354598","title":"Stitch Tome 21 : Le grand combat","description":"Hamsterviel a r\u00e9ussi \u00e0 s'emparer des pouvoirs de la pierre spirituelle et retient Stitch prisonnier \u00e0 bord de son vaisseau ! Yuna, Angel, Kijimu et Pikly partent \u00e0 sa recherche et parviennent \u00e0 le d\u00e9livrer. Mais Stitch va devoir affronter Hamsterviel pour lib\u00e9rer l'\u00eele de son emprise. Qui remportera le combat ?","authors":["Disney"],"category_codes":["2000000","2040000","2040500","2040502"],"visuals":{"large":"https:\/\/images.epagine.fr\/598\/9782017354598_1_75.jpg","medium":"https:\/\/images.epagine.fr\/598\/9782017354598_1_m.jpg","thumbnail":"https:\/\/images.epagine.fr\/598\/9782017354598_1_v.jpg"},"orderable":true,"show_badge":true,"formatted_price":"5,90&nbsp;\u20ac","formatted_published_date":"10 d\u00e9cembre 2025","publisher_availability_label":"Sur commande","short_details":"Disney \u2014 Hachette Jeunesse","translator":null,"weight":136,"page_count":128,"readership":"\u00e0 partir de 8 ANS","editor":"Hachette Jeunesse","price":590,"published_date":"2025-12-09T23:00:00.000000Z","support":"Poche","publisher_availability":1,"stock":0,"editions":[],"url":"https:\/\/quaidesbrumes.com\/ouvrage\/9782017354598\/stitch-tome-21-le-grand-combat"},{"id":"9782401038844","title":"Le monde dont tu es le h\u00e9ros Tome 2 : Les \u00e9crans","description":"Aujourd'hui, ton ma\u00eetre propose de cr\u00e9er une cha\u00eene de la classe. C'est un projet int\u00e9ressant, mais en voyant tes camarades qui se filment en faisant des b\u00eatises et les adultes scotch\u00e9s \u00e0 leurs t\u00e9l\u00e9phones, tu t'interroges : n'y a-t-il pas une meilleure fa\u00e7on d'utiliser les \u00e9crans ?\r\n\u00a0 Que va-t-il se passer ? C'est \u00e0 toi de le d\u00e9cider car, dans ce livre, c'est toi le h\u00e9ros\/l'h\u00e9ro\u00efne !\u00a0","authors":["Lilas Nord","St\u00e9phanie Alastra"],"category_codes":["2000000","2040000","2040200"],"visuals":{"large":"https:\/\/images.epagine.fr\/844\/9782401038844_1_75.jpg","medium":"https:\/\/images.epagine.fr\/844\/9782401038844_1_m.jpg","thumbnail":"https:\/\/images.epagine.fr\/844\/9782401038844_1_v.jpg"},"orderable":true,"show_badge":true,"formatted_price":"6,20&nbsp;\u20ac","formatted_published_date":"27 ao\u00fbt 2025","publisher_availability_label":"Sur commande","short_details":"Lilas Nord, St\u00e9phanie Alastra \u2014 Hatier","translator":null,"weight":115,"page_count":48,"readership":"\u00e0 partir de 7 ANS","editor":"Hatier","price":620,"published_date":"2025-08-26T22:00:00.000000Z","support":"Grand format","publisher_availability":1,"stock":0,"editions":[],"url":"https:\/\/quaidesbrumes.com\/ouvrage\/9782401038844\/le-monde-dont-tu-es-le-heros-tome-2-les-ecrans"},{"id":"9791032409398","title":"Journal d'un Noob Tome 8 : H\u00e9ros","description":"Confront\u00e9 \u00e0 des monstres presque invincibles, Minus parviendra-t-il \u00e0 triompher ? Le nouveau tome \u00e0 ne pas manquer de ta s\u00e9rie jeunesse pr\u00e9f\u00e9r\u00e9e inspir\u00e9e de l'univers Minecraft !\r\nMinus vient de rejoindre la Guilde des Aventuriers et son premier d\u00e9fi est immense : affronter les terribles cr\u00e9atures d'Herobrine, un puissant sorcier mal\u00e9fique. Dot\u00e9es d'une armure quasi-indestructible, ces abominations peuplent les profondeurs d'un labyrinthe sous la capitale, et d\u00e9zinguent tous les h\u00e9ros qui s'y aventurent !\r\n\r\nHeureusement, Minus et Emeraude ont une id\u00e9e folle : enchanter une \u00e9p\u00e9e l\u00e9gendaire pour pulv\u00e9riser l'armure des monstres. Mais c'est tr\u00e8s risqu\u00e9 et co\u00fbteux... Vont-ils y arriver ? Leurs amis les soutiendront-ils dans cette qu\u00eate p\u00e9rilleuse ? L'\u00e9p\u00e9e deviendra-t-elle assez puissante pour permettre \u00e0 la Guilde de progresser enfin dans le labyrinthe ?\r\n\r\nLa suite dans ce 8e tome d\u00e9sopilant du Journal d'un Noob, inspir\u00e9e du jeu vid\u00e9o Minecraft !\r\nUne s\u00e9rie jeunesse Minecraft non-officielle","authors":["Cube Kid","Agathe Franck"],"category_codes":["2000000","2050000","2050200","2050202"],"visuals":{"large":"https:\/\/images.epagine.fr\/398\/9791032409398_1_75.jpg","medium":"https:\/\/images.epagine.fr\/398\/9791032409398_1_m.jpg","thumbnail":"https:\/\/images.epagine.fr\/398\/9791032409398_1_v.jpg"},"orderable":true,"show_badge":true,"formatted_price":"12,95&nbsp;\u20ac","formatted_published_date":"20 mars 2025","publisher_availability_label":"Sur commande","short_details":"Cube Kid, Agathe Franck \u2014 404 \u00c9ditions","translator":"AGATHE FRANCK","weight":406,"page_count":224,"readership":"\u00e0 partir de 12 ANS","editor":"404 \u00c9ditions","price":1295,"published_date":"2025-03-19T23:00:00.000000Z","support":"Grand format","publisher_availability":1,"stock":0,"editions":[],"url":"https:\/\/quaidesbrumes.com\/ouvrage\/9791032409398\/journal-dun-noob-tome-8-heros"},{"id":"9782378768850","title":"L'\u00c9clat de la vengeance","description":"Deux filles ont assist\u00e9 \u00e0 un bal magique. L'une d'elles n'a jamais \u00e9t\u00e9 revue\r\n1882, New York. Trahie par sa meilleure amie et injustement accus\u00e9e de fraude magique par la Soci\u00e9t\u00e9 des Charm\u00e9s, Emmy Vallillo a pass\u00e9 les deux derni\u00e8res ann\u00e9es derri\u00e8re les barreaux. Lorsque Jack Fontaine, l'ancien enfant prodige de la Soci\u00e9t\u00e9, lui offre une chance de s'\u00e9vader en \u00e9change de son aide pour d\u00e9truire ceux qui leur ont fait du tort, elle accepte.\r\n\r\nGr\u00e2ce \u00e0 la magie d'Emmy qui leur permet de changer d'apparence, ils s'\u00e9chappent et, m\u00e9connaissables, deviennent rapidement les nouveaux favoris de la Soci\u00e9t\u00e9 qui les avait autrefois rejet\u00e9s.\r\n\r\nMais la vengeance n'est jamais simple. Alors qu'ils se rapprochent de leur objectif commun, Emmy devra d\u00e9cider si la justice vaut la peine de sacrifier sa nouvelle libert\u00e9 ou si le lien qui se tisse entre elle et Jack est plus important que la vengeance.","authors":["Lyssa Mia Smith","Gaspard Houi"],"category_codes":["2000000","2050000","2050200","2050204"],"visuals":{"large":"https:\/\/images.epagine.fr\/850\/9782378768850_1_75.jpg","medium":"https:\/\/images.epagine.fr\/850\/9782378768850_1_m.jpg","thumbnail":"https:\/\/images.epagine.fr\/850\/9782378768850_1_v.jpg"},"orderable":true,"show_badge":true,"formatted_price":"19,90&nbsp;\u20ac","formatted_published_date":"26 f\u00e9vrier 2026","publisher_availability_label":"Sur commande","short_details":"Lyssa Mia Smith, Gaspard Houi \u2014 Ds De Saxus","translator":"GASPARD HOUI","weight":446,"page_count":444,"readership":"\u00e0 partir de 12 ANS","editor":"Ds De Saxus","price":1990,"published_date":"2026-02-25T23:00:00.000000Z","support":"Grand format","publisher_availability":1,"stock":0,"editions":[],"url":"https:\/\/quaidesbrumes.com\/ouvrage\/9782378768850\/leclat-de-la-vengeance"},{"id":"9782330188795","title":"Dja\u00efli Amadou Amal : \"non aux mariages forces\"","description":"Mari\u00e9e de force, une jeune Camerounaise parvient \u00e0 s'\u00e9chapper et d\u00e9cide de t\u00e9moigner par l'\u00e9criture. Devenue romanci\u00e8re c\u00e9l\u00e8bre dans le monde entier, Amal Dja\u00efli Amadou lutte pour obtenir l'abolition de ces pratiques barbares et l'\u00e9mancipation des filles.","authors":["Maria Poblete","Fran\u00e7ois Roca"],"category_codes":["2000000","2050000","2050200"],"visuals":{"large":"https:\/\/images.epagine.fr\/795\/9782330188795_1_75.jpg","medium":"https:\/\/images.epagine.fr\/795\/9782330188795_1_m.jpg","thumbnail":"https:\/\/images.epagine.fr\/795\/9782330188795_1_v.jpg"},"orderable":true,"show_badge":true,"formatted_price":"9,90&nbsp;\u20ac","formatted_published_date":"6 mars 2024","publisher_availability_label":"Sur commande","short_details":"Maria Poblete, Fran\u00e7ois Roca \u2014 Actes Sud","translator":null,"weight":86,"page_count":96,"readership":"\u00e0 partir de 12 ANS","editor":"Actes Sud","price":990,"published_date":"2024-03-05T23:00:00.000000Z","support":"Poche","publisher_availability":1,"stock":0,"editions":[],"url":"https:\/\/quaidesbrumes.com\/ouvrage\/9782330188795\/djaili-amadou-amal-non-aux-mariages-forces"},{"id":"9782889860579","title":"Un cadeau parfait","description":"Aujourd'hui n'est pas un jour comme les autres pour L\u00e9o le lionceau... c'est l'anniversaire de son meilleur ami Kimbo le papillon. Il se r\u00e9jouit de passer la journ\u00e9e avec lui. Petit hic, il lui faut encore trouver le cadeau parfait. Par chance, L\u00e9o a une id\u00e9e. Direction la p\u00e2tisserie o\u00f9 il ach\u00e8tera les chouquettes dont Kimbo raffole. En ville, l'agitation r\u00e8gne, le traffic occupe les routes et la 25e marche des insectes occupe les trottoirs. Mais rien ne peut d\u00e9tourner L\u00e9o de son but... sauf peut-\u00eatre la file interminable \u00e0 la p\u00e2tisserie. A\u00efe, a\u00efe, L\u00e9o r\u00e9ussira-t-il \u00e0 trouver un cadeau \u00e0 la hauteur de son amiti\u00e9 pour Kimbo ? Et plus encore, les deux amis parviendront-ils \u00e0 passer la journ\u00e9e ensemble ? Quand L\u00e9o arrive chez Kimbo, celui-ci ne s'y trouve pas...","authors":["Lydia Waleryszak","Gosia Herba","Mikolaj Pa"],"category_codes":["2000000","2030000","2030400"],"visuals":{"large":"https:\/\/images.epagine.fr\/579\/9782889860579_1_75.jpg","medium":"https:\/\/images.epagine.fr\/579\/9782889860579_1_m.jpg","thumbnail":"https:\/\/images.epagine.fr\/579\/9782889860579_1_v.jpg"},"orderable":true,"show_badge":true,"formatted_price":"16,90&nbsp;\u20ac","formatted_published_date":"9 janvier 2026","publisher_availability_label":"Sur commande","short_details":"Lydia Waleryszak, Gosia Herba, Mikolaj Pa \u2014 La Joie de lire","translator":null,"weight":452,"page_count":48,"readership":"3\/6 ans","editor":"La Joie de lire","price":1690,"published_date":"2026-01-08T23:00:00.000000Z","support":"Grand format","publisher_availability":1,"stock":0,"editions":[],"url":"https:\/\/quaidesbrumes.com\/ouvrage\/9782889860579\/un-cadeau-parfait"},{"id":"9791095184898","title":"Le parfum des grandes vacances","description":"Je me souviens de sa cabane qui flottait dans les champs comme un phare sur l'oc\u00e9an ; des feuilles du vieux fr\u00eane scintillant au soleil, de l'odeur du linge qui s\u00e9chait au fond du jardin, du bourdonnement des abeilles et du chant des m\u00e9sanges. P\u00e9p\u00e9 L\u00e9on faisait partie de ces gens qui aimeraient que rien ne change, jamais. Qui ne veulent pas refaire le monde, juste vivre au milieu et l'\u00e9couter respirer.\r\nJe m'appelle Louise et ceci est mon histoire.","authors":["Thibault Prugne"],"category_codes":["2000000","2030000","2030400"],"visuals":{"large":"https:\/\/images.epagine.fr\/898\/9791095184898_1_75.jpg","medium":"https:\/\/images.epagine.fr\/898\/9791095184898_1_m.jpg","thumbnail":"https:\/\/images.epagine.fr\/898\/9791095184898_1_v.jpg"},"orderable":true,"show_badge":true,"formatted_price":"15,90&nbsp;\u20ac","formatted_published_date":"4 juin 2025","publisher_availability_label":"Sur commande","short_details":"Thibault Prugne \u2014 \u00c9ditions Margot","translator":null,"weight":546,"page_count":40,"readership":"\u00e0 partir de 5 ANS","editor":"\u00c9ditions Margot","price":1590,"published_date":"2025-06-03T22:00:00.000000Z","support":"Grand format","publisher_availability":1,"stock":0,"editions":[],"url":"https:\/\/quaidesbrumes.com\/ouvrage\/9791095184898\/le-parfum-des-grandes-vacances"},{"id":"9791036385308","title":"\u00c9nigme \u00e0 tous les \u00e9tages, le jeu : La Tour sans retour","description":"\u00c9nigme \u00e0 tous les \u00e9tages est un jeu coop\u00e9ratif d'enqu\u00eates en 3 dimensions qui invite les joueurs \u00e0 r\u00e9soudre des \u00e9nigmes en \u00e9quipe.Ce jeu est inspir\u00e9 de la c\u00e9l\u00e8bre s\u00e9rie de livres-jeux Enigmes \u00e0 tous les \u00e9tages cr\u00e9\u00e9e par Paul Martin.Une tour poss\u00e9dant 4 pi\u00e8ces \u00e0 chaque \u00e9tage est construite et les joueurs s'installent en 2 \u00e9quipes de part et d'autre de la tour.Ensemble, ils devront \u00e9changer, explorer, chercher des indices, r\u00e9soudre des casse-t\u00eates, d\u00e9duire, se d\u00e9placer par des passages d\u00e9rob\u00e9s et\u00a0 unir leurs forces pour r\u00e9ussir ! \u00a0 Comme chaque \u00e9quipe ne voit qu'une partie de la tour, les deux \u00e9quipes sont donc oblig\u00e9es de partager les \u00e9l\u00e9ments observ\u00e9s \u00e0 haute voix, afin de progresser dans la r\u00e9solution de l'\u00e9nigme.\r\nAidez Iris et Geoffroy \u00e0 r\u00e9soudre les 3 \u00e9nigmes qui les attendent.\r\nP\u00e9n\u00e9trez dans la tour, cherchez les indices et les passages secrets, d\u00e9placez-vous de pi\u00e8ces en pi\u00e8ces jusqu'\u00e0 atteindre votre but.\r\nLe jeu propose 3 niveaux de difficult\u00e9 pour plus d'1H30 d'aventure :\r\nNiveau 1 :\u00a0 initiation\r\nNiveau 2 :\u00a0 interm\u00e9diaire\r\nNiveau 3 : expert\r\n\r\n\u00a0 \r\n\u00a0","authors":["L'\u00e9quipe ludique"],"category_codes":["2000000","2060000","2060500"],"visuals":{"large":"https:\/\/images.epagine.fr\/308\/9791036385308_1_75.jpg","medium":"https:\/\/images.epagine.fr\/308\/9791036385308_1_m.jpg","thumbnail":"https:\/\/images.epagine.fr\/308\/9791036385308_1_v.jpg"},"orderable":true,"show_badge":true,"formatted_price":"0,00&nbsp;\u20ac","formatted_published_date":"22 octobre 2025","publisher_availability_label":"Sur commande","short_details":"L'\u00e9quipe ludique \u2014 Bayard Jeunesse","translator":null,"weight":1020,"page_count":null,"readership":"\u00e0 partir de 8 ANS","editor":"Bayard Jeunesse","price":0,"published_date":"2025-10-21T22:00:00.000000Z","support":"Coffret \/ Bo&icirc;te","publisher_availability":1,"stock":0,"editions":[],"url":"https:\/\/quaidesbrumes.com\/ouvrage\/9791036385308\/enigme-a-tous-les-etages-le-jeu-la-tour-sans-retour"},{"id":"9782278062058","title":"La grenouille \u00e0 grande bouche","description":"La fameuse histoire d'une grenouille trop curieuse, mais tr\u00e8s maligne. Un texte dr\u00f4le et chantant !","authors":["Francine Vidal","Elodie Nouhen"],"category_codes":["2000000","2020000","2020400"],"visuals":{"large":"https:\/\/images.epagine.fr\/058\/9782278062058_1_75.jpg","medium":"https:\/\/images.epagine.fr\/058\/9782278062058_1_m.jpg","thumbnail":"https:\/\/images.epagine.fr\/058\/9782278062058_1_v.jpg"},"orderable":true,"show_badge":true,"formatted_price":"5,90&nbsp;\u20ac","formatted_published_date":"26 ao\u00fbt 2009","publisher_availability_label":"Sur commande","short_details":"Francine Vidal, Elodie Nouhen \u2014 Didier jeunesse","translator":null,"weight":104,"page_count":32,"readership":"0\/3 ans","editor":"Didier jeunesse","price":590,"published_date":"2009-08-25T22:00:00.000000Z","support":"Grand format","publisher_availability":1,"stock":0,"editions":["9782278059690"],"url":"https:\/\/quaidesbrumes.com\/ouvrage\/9782278062058\/la-grenouille-a-grande-bouche"},{"id":"9782330133023","title":"Crocolou aime la nature","description":"Dans les champs, dans les pr\u00e9s, c'est la libert\u00e9 ! Crocolou aime grimper aux arbres, se baigner dans la rivi\u00e8re, \u00e9couter le chant des oiseaux. Il cueille de jolies fleurs pour sa maman ch\u00e9rie.","authors":["Oph\u00e9lie Texier"],"category_codes":["2000000","2030000","2030400"],"visuals":{"large":"https:\/\/images.epagine.fr\/023\/9782330133023_1_75.jpg","medium":"https:\/\/images.epagine.fr\/023\/9782330133023_1_m.jpg","thumbnail":"https:\/\/images.epagine.fr\/023\/9782330133023_1_v.jpg"},"orderable":true,"show_badge":true,"formatted_price":"5,40&nbsp;\u20ac","formatted_published_date":"24 juin 2020","publisher_availability_label":"Sur commande","short_details":"Oph\u00e9lie Texier \u2014 Actes Sud Jeunesse","translator":null,"weight":88,"page_count":32,"readership":"3\/6 ans","editor":"Actes Sud Jeunesse","price":540,"published_date":"2020-06-23T22:00:00.000000Z","support":"Grand format","publisher_availability":1,"stock":0,"editions":[],"url":"https:\/\/quaidesbrumes.com\/ouvrage\/9782330133023\/crocolou-aime-la-nature"},{"id":"9782075179416","title":"L'arbre en po\u00e9sie","description":"\u00abC'\u00e9tait lors de mon premier arbre, J'avais beau le sentir en moi Il me surprit par tant de branches, Il \u00e9tait arbre mille fois.\u00bb (Jules Supervielle) Ronsard,Desnos, Pr\u00e9vert, Hugo, Andr\u00e9e Chedid, Apollinaire... 60 po\u00e8tes d'hier et d'aujourd'hui c\u00e9l\u00e8brent l'arbre et la nature. Ils invitent le lecteur \u00e0 toucher les \u00e9corces, \u00e0 sentir la verticalit\u00e9 droite ou tordue des troncs, \u00e0 se ramifier dans les branches, \u00e0 se multiplier comme les feuilles.","authors":["Collectif","Mathilde Aubier","Timoth\u00e9e de Fombelle"],"category_codes":["2000000","2040000","2040600"],"visuals":{"large":"https:\/\/images.epagine.fr\/416\/9782075179416_1_75.jpg","medium":"https:\/\/images.epagine.fr\/416\/9782075179416_1_m.jpg","thumbnail":"https:\/\/images.epagine.fr\/416\/9782075179416_1_v.jpg"},"orderable":true,"show_badge":false,"formatted_price":"8,90&nbsp;\u20ac","formatted_published_date":"2 mars 2023","publisher_availability_label":"Sur commande","short_details":"Collectif, Mathilde Aubier, Timoth\u00e9e de Fombelle \u2014 Gallimard Jeunesse","translator":null,"weight":122,"page_count":128,"readership":"\u00e0 partir de 10 ANS","editor":"Gallimard Jeunesse","price":890,"published_date":"2023-03-01T23:00:00.000000Z","support":"Poche","publisher_availability":1,"stock":1,"editions":[],"url":"https:\/\/quaidesbrumes.com\/ouvrage\/9782075179416\/larbre-en-poesie"},{"id":"9782036078567","title":"La Belle au Bois Dormant","description":"Alors que tout le ch\u00e2teau est en liesse pour la naissance de la petite princesse, le roi et la reine ont invit\u00e9 toutes les f\u00e9es du royaume. Mais ils en ont ignor\u00e9 une. Furieuse, celle-ci jeta un mauvais sort \u00e0 la princesse : lorsqu'elle atteindra ses 16 ans, elle se piquera le doigt avec un fuseau et en mourra... \r\n\r\nSix merveilleux pop-up pour red\u00e9couvrir le c\u00e9l\u00e8bre conte de Charles Perrault. ","authors":["Laura Sampson","Anja Susanj","Charles Perrault"],"category_codes":["2000000","2030000","2030500"],"visuals":{"large":"https:\/\/images.epagine.fr\/567\/9782036078567_1_75.jpg","medium":"https:\/\/images.epagine.fr\/567\/9782036078567_1_m.jpg","thumbnail":"https:\/\/images.epagine.fr\/567\/9782036078567_1_v.jpg"},"orderable":true,"show_badge":true,"formatted_price":"19,99&nbsp;\u20ac","formatted_published_date":"1er octobre 2025","publisher_availability_label":"Sur commande","short_details":"Laura Sampson, Anja Susanj, Charles Perrault \u2014 Larousse","translator":null,"weight":430,"page_count":12,"readership":"\u00e0 partir de 4 ANS","editor":"Larousse","price":1999,"published_date":"2025-09-30T22:00:00.000000Z","support":"Grand format","publisher_availability":1,"stock":0,"editions":[],"url":"https:\/\/quaidesbrumes.com\/ouvrage\/9782036078567\/la-belle-au-bois-dormant"},{"id":"9782075197984","title":"Les enfants des Otori Tome 1 : les guerriers orphelins","description":"Parce qu'il est le fils d'un tra\u00eetre, Sunaomi est condamn\u00e9 \u00e0 devenir moine. R\u00e9sign\u00e9 \u00e0 vivre au temple de Terayama jusqu'\u00e0 la fin de ses jours, le gar\u00e7on voit pourtant na\u00eetre en lui des pouvoirs insoup\u00e7onn\u00e9s. Et les clans qui s'affrontent pour r\u00e9gner sur les Huit \u00ee^es ne tardent pas \u00e0 s'int\u00e9resser de pr\u00e8s \u00e0 ce puissant descendant de la Tribu...","authors":["Lian Hearn","Philippe Giraudon"],"category_codes":["2000000","2050000","2050200"],"visuals":{"large":"https:\/\/images.epagine.fr\/984\/9782075197984_1_75.jpg","medium":"https:\/\/images.epagine.fr\/984\/9782075197984_1_m.jpg","thumbnail":"https:\/\/images.epagine.fr\/984\/9782075197984_1_v.jpg"},"orderable":true,"show_badge":true,"formatted_price":"9,30&nbsp;\u20ac","formatted_published_date":"26 octobre 2023","publisher_availability_label":"Sur commande","short_details":"Lian Hearn, Philippe Giraudon \u2014 Gallimard Jeunesse","translator":"PHILIPPE GIRAUDON","weight":212,"page_count":432,"readership":"\u00e0 partir de 13 ANS","editor":"Gallimard Jeunesse","price":930,"published_date":"2023-10-25T22:00:00.000000Z","support":"Poche","publisher_availability":1,"stock":0,"editions":["9782073004062","9782075138789"],"url":"https:\/\/quaidesbrumes.com\/ouvrage\/9782075197984\/les-enfants-des-otori-tome-1-les-guerriers-orphelins"}]}