{"data":[{"id":"9791023521962","title":"O\u00f9 \u00eates-vous ?","description":"Le roi s'ennuie. Rien ne le distrait. Mais voil\u00e0 qu'un matin, dans son bain, il a une id\u00e9e de g\u00e9nie. Il va organiser un cache-cache g\u00e9ant. Il compte, les animaux se cachent.\r\nEt nul n'est plus fort que notre roi au jeu de cache-cache.\r\nDes plus petites bestioles du fond des mers aux grands aigles royaux sur les cimes, il trouve tout le monde en un temps record. Tout le monde ? Pas vraiment... Mais puisque le roi s'est tant amus\u00e9, pour ne pas le contrarier, on d\u00e9cide de ne pas parler du dodo de Madagascar ou du tigre de Tasmanie, toujours introuvables \u00e0 ce jour...\r\n\r\nUne histoire tendre pour aborder avec humour le sujet grave des animaux disparus et sensibiliser les plus petits \u00e0 la protection animale.","authors":["Barroux"],"category_codes":["2000000","2030000","2030400"],"visuals":{"large":"https:\/\/images.epagine.fr\/962\/9791023521962_1_75.jpg","medium":"https:\/\/images.epagine.fr\/962\/9791023521962_1_m.jpg","thumbnail":"https:\/\/images.epagine.fr\/962\/9791023521962_1_v.jpg"},"orderable":true,"show_badge":true,"formatted_price":"5,00&nbsp;\u20ac","formatted_published_date":"22 ao\u00fbt 2025","publisher_availability_label":"Sur commande","short_details":"Barroux \u2014 Le Seuil jeunesse","translator":null,"weight":102,"page_count":40,"readership":"\u00e0 partir de 4 ANS","editor":"Le Seuil jeunesse","price":500,"published_date":"2025-08-21T22:00:00.000000Z","support":"Grand format","publisher_availability":1,"stock":0,"editions":["9791023509656","9782494363410"],"url":"https:\/\/quaidesbrumes.com\/ouvrage\/9791023521962\/ou-etes-vous"},{"id":"9791039560986","title":"Mon coffret grisette","description":"Le premier coffret sp\u00e9cial Petite Souris, avec notre h\u00e9ro\u00efne Grisette !\r\nLe coffret contient : \r\nUn recueil de 2 histoires de Grisette\r\nUne bo\u00eete \u00e0 dents \r\nUn petit poster de suivi de la perte des dents \r\nDu papier \u00e0 lettres et des enveloppes pour \u00e9crire \u00e0 la Petite Souris\r\nC'est le cadeau parfait \u00e0 offrir \u00e0 un enfant qui s'appr\u00eate \u00e0 perdre ses premi\u00e8res dents ! \r\nHistoires du recueil : \r\nGrisette la Petite Souris\r\nGrisette la Petite Souris part en mission","authors":["Natacha Godeau","Axelle Vanhoof"],"category_codes":["2000000","2030000","2030400"],"visuals":{"large":"https:\/\/images.epagine.fr\/986\/9791039560986_1_75.jpg","medium":"https:\/\/images.epagine.fr\/986\/9791039560986_1_m.jpg","thumbnail":"https:\/\/images.epagine.fr\/986\/9791039560986_1_v.jpg"},"orderable":true,"show_badge":true,"formatted_price":"15,95&nbsp;\u20ac","formatted_published_date":"11 septembre 2025","publisher_availability_label":"Sur commande","short_details":"Natacha Godeau, Axelle Vanhoof \u2014 Auzou","translator":null,"weight":758,"page_count":null,"readership":"3\/6 ans","editor":"Auzou","price":1595,"published_date":"2025-09-10T22:00:00.000000Z","support":"Grand format","publisher_availability":1,"stock":0,"editions":[],"url":"https:\/\/quaidesbrumes.com\/ouvrage\/9791039560986\/mon-coffret-grisette"},{"id":"9791036381942","title":"Cherche et trouve \u00e0 travers l'histoire : Un livre-jeu pour d\u00e9couvrir l'histoire en s'amusant","description":"Et si on cherchait dans l'image... deux hommes qui portent une momie, un crocodile affam\u00e9 dans le fleuve, un grand \u00e9ventail... Oui nous sommes bien dans l'\u00c9gypte antique, et notre jeune lecteur va avoir plaisir \u00e0 s'immerger dans l'image pour y trouver personnages, objets et d\u00e9tails...\r\nEn tournant la page il d\u00e9couvrira comment on momifiait certaines dignit\u00e9s, comment on \u00e9crivait sur les papyrus, et le r\u00f4le essentiel du Nil pour les cultures.\r\nPour chacune des p\u00e9riodes de l'histoire trait\u00e9e - il y en a 14 - l'enfant plongera dans une grande image et cherchera des \u00e9l\u00e9ments avant de lire les informations, \u00e9galement illustr\u00e9es, dans les pages qui suivent.\r\nAu sommaire : \r\nL'\u00c9gypte antique, la R\u00e9volution fran\u00e7aise,","authors":["Clara Booth","Basile B\u00e9guerie"],"category_codes":["2000000","2060000","2060500"],"visuals":{"large":"https:\/\/images.epagine.fr\/942\/9791036381942_1_75.jpg","medium":"https:\/\/images.epagine.fr\/942\/9791036381942_1_m.jpg","thumbnail":"https:\/\/images.epagine.fr\/942\/9791036381942_1_v.jpg"},"orderable":true,"show_badge":true,"formatted_price":"14,50&nbsp;\u20ac","formatted_published_date":"10 septembre 2025","publisher_availability_label":"Sur commande","short_details":"Clara Booth, Basile B\u00e9guerie \u2014 Bayard Jeunesse","translator":"BASILE BEGUERIE","weight":514,"page_count":48,"readership":"\u00e0 partir de 7 ANS","editor":"Bayard Jeunesse","price":1450,"published_date":"2025-09-09T22:00:00.000000Z","support":"Grand format","publisher_availability":1,"stock":0,"editions":[],"url":"https:\/\/quaidesbrumes.com\/ouvrage\/9791036381942\/cherche-et-trouve-a-travers-lhistoire-un-livre-jeu-pour-decouvrir-lhistoire-en-samusant"},{"id":"9782324037849","title":"Cultive ton journal intime : La vie vaut la peine d'\u00eatre \u00e9crite","description":"Susie Morgerstern nous invite \u00e0 cr\u00e9er notre propre journal !\r\n\u00c0 sept ans, Susie Morgenstern a toujours r\u00eav\u00e9 d'\u00e9crire mais elle ne savait pas quoi, alors elle a d\u00e9cid\u00e9 de commencer \u00e0 tenir un journal quotidien o\u00f9 elle racontait tout ce qu'elle avait fait la veille. Et aujourd'hui encore, elle continue...\r\n\r\nEt, pour la premi\u00e8re fois, Susie Morgenstern sort les archives de son propre journal intime pour inciter les plus jeunes \u00e0 \u00e9crire !\r\n\r\nAvec des consignes simples et claires, sur divers sujets, elle nous invite \u00e0 l'introspection et \u00e0 faire de l'\u00e9criture un espace intime. Elle incite le lecteur \u00e0 \u00e9crire des moments importants de sa journ\u00e9e ou suivre chronologiquement les \u00e9v\u00e8nements du matin au soir. Ou simplement glaner des citations, noter ses r\u00eaves ou ses projets les plus fous.\r\n\r\nSur chaque double page :\r\n- \u00c0 gauche, se trouvent une consigne d'\u00e9criture imagin\u00e9e par Susie, un extrait de son v\u00e9ritable journal intime de ses 7 \u00e0 78 ans et une citation d'un grand auteur pour nourrir la r\u00e9flexion et l'imagination.\r\n- \u00c0 droite, le lecteur a carte blanche pour \u00e9crire ce qu'il souhaite en suivant ou non les consignes de Susie.\r\n\r\nLe tout est illustr\u00e9 par Cati Baur qui am\u00e8ne modernit\u00e9 et dynamisme \u00e0 la mise en page et permet de titiller la cr\u00e9ativit\u00e9 du jeune lecteur.","authors":["Susie Morgenstern","Cati Baur"],"category_codes":["2000000","2080000","2080500"],"visuals":{"large":"https:\/\/images.epagine.fr\/849\/9782324037849_1_75.jpg","medium":"https:\/\/images.epagine.fr\/849\/9782324037849_1_m.jpg","thumbnail":"https:\/\/images.epagine.fr\/849\/9782324037849_1_v.jpg"},"orderable":true,"show_badge":true,"formatted_price":"0,00&nbsp;\u20ac","formatted_published_date":"16 octobre 2025","publisher_availability_label":"Sur commande","short_details":"Susie Morgenstern, Cati Baur \u2014 Gr\u00fcnd","translator":null,"weight":616,"page_count":176,"readership":null,"editor":"Gr\u00fcnd","price":0,"published_date":"2025-10-15T22:00:00.000000Z","support":"Papeterie \/ Coloriage","publisher_availability":1,"stock":0,"editions":[],"url":"https:\/\/quaidesbrumes.com\/ouvrage\/9782324037849\/cultive-ton-journal-intime-la-vie-vaut-la-peine-detre-ecrite"},{"id":"9782324037337","title":"Ma maison de poup\u00e9e","description":"Cet impressionnant coffret \u00e0 d\u00e9plier se transforme en une maison de poup\u00e9e avec des figurines et du mobilier en 3D !\r\nCe coffret spectaculaire \u00e0 d\u00e9plier sur plus d'un m\u00e8tre de long se transforme en une belle maison de poup\u00e9e 3D avec des figurines, du mobilier \u00e0 construire et des stickers pour d\u00e9corer chaque pi\u00e8ce.\r\nRange tous les objets dans le tiroir et emporte-la partout avec toi !\r\n \r\nEn plus du livret explicatif, scanne le QR code sur la couverture pour obtenir le guide vid\u00e9o !\r\n \r\nUne belle maison compl\u00e8te et pratique, illustr\u00e9e par Ingela P. Arrhenius.","authors":["Ingela Peterson Arrhenius"],"category_codes":["2000000","2020000","2020500"],"visuals":{"large":"https:\/\/images.epagine.fr\/337\/9782324037337_1_75.jpg","medium":"https:\/\/images.epagine.fr\/337\/9782324037337_1_m.jpg","thumbnail":"https:\/\/images.epagine.fr\/337\/9782324037337_1_v.jpg"},"orderable":true,"show_badge":true,"formatted_price":"0,00&nbsp;\u20ac","formatted_published_date":"9 octobre 2025","publisher_availability_label":"Sur commande","short_details":"Ingela Peterson Arrhenius \u2014 Gr\u00fcnd","translator":null,"weight":1633,"page_count":null,"readership":"0\/3 ans","editor":"Gr\u00fcnd","price":0,"published_date":"2025-10-08T22:00:00.000000Z","support":"Grand format","publisher_availability":1,"stock":0,"editions":[],"url":"https:\/\/quaidesbrumes.com\/ouvrage\/9782324037337\/ma-maison-de-poupee"},{"id":"9782211344401","title":"Ours et plumes Tome 1 : Papa poule","description":"Paulette la poule cherche un endroit paisible et silencieux pour pondre et couver son oeuf. La caverne de l'ours peut-\u00eatre ? Celui-ci n'est pas trop d'accord, mais plus le temps passe, plus il s'adoucit...","authors":["Jean Leroy","Giulia Bruel"],"category_codes":["2000000","2020000","2020400"],"visuals":{"large":"https:\/\/images.epagine.fr\/401\/9782211344401_1_75.jpg","medium":"https:\/\/images.epagine.fr\/401\/9782211344401_1_m.jpg","thumbnail":"https:\/\/images.epagine.fr\/401\/9782211344401_1_v.jpg"},"orderable":true,"show_badge":true,"formatted_price":"6,00&nbsp;\u20ac","formatted_published_date":"28 mai 2025","publisher_availability_label":"Sur commande","short_details":"Jean Leroy, Giulia Bruel \u2014 L'\u00c9cole des loisirs","translator":null,"weight":143,"page_count":40,"readership":"\u00e0 partir de 2 ANS","editor":"L'\u00c9cole des loisirs","price":600,"published_date":"2025-05-27T22:00:00.000000Z","support":"Poche","publisher_availability":1,"stock":0,"editions":[],"url":"https:\/\/quaidesbrumes.com\/ouvrage\/9782211344401\/ours-et-plumes-tome-1-papa-poule"},{"id":"9782095043919","title":"Les pourquoi de T'choupi : Les \u00e9motions","description":"Un album documentaire pour mieux comprendre ses \u00e9motions avec T'choupi !\r\n\u00c0 travers des sc\u00e8nes de la vie quotidienne, T'choupi met des mots simples sur les \u00e9motions, joie, tristesse, d\u00e9go\u00fbt, honte... travers\u00e9es par les petits.\r\nPourquoi je pleure ?\r\nEt pourquoi les b\u00e9b\u00e9s pleurent souvent ?\r\nPourquoi j'ai peur, parfois ?\r\nPourquoi je me mets en col\u00e8re ?\r\nEt pourquoi c'est difficile de faire partir la col\u00e8re ?\r\nUne nouvelle collection avec des r\u00e9ponses simples pour aider les parents \u00e0 r\u00e9pondre aux petites et grandes questions de leurs enfants, d\u00e8s 2 ans.","authors":["Thierry Courtin"],"category_codes":["2000000","2020000","2020400"],"visuals":{"large":"https:\/\/images.epagine.fr\/919\/9782095043919_1_75.jpg","medium":"https:\/\/images.epagine.fr\/919\/9782095043919_1_m.jpg","thumbnail":"https:\/\/images.epagine.fr\/919\/9782095043919_1_v.jpg"},"orderable":true,"show_badge":true,"formatted_price":"6,95&nbsp;\u20ac","formatted_published_date":"9 janvier 2025","publisher_availability_label":"Sur commande","short_details":"Thierry Courtin \u2014 Nathan","translator":null,"weight":178,"page_count":32,"readership":"\u00e0 partir de 2 ANS","editor":"Nathan","price":695,"published_date":"2025-01-08T23:00:00.000000Z","support":"Grand format","publisher_availability":1,"stock":0,"editions":[],"url":"https:\/\/quaidesbrumes.com\/ouvrage\/9782095043919\/les-pourquoi-de-tchoupi-les-emotions"},{"id":"9782700280029","title":"B\u00e9r\u00e9nice enqu\u00eatrice Tome 1 : Sur les traces du fant\u00f4me","description":"B\u00e9r\u00e9nice en est s\u00fbre, Mipa cache quelque chose  ! Ancien d\u00e9tective c\u00e9l\u00e8bre, son grand-p\u00e8re semble sur la piste d'un nouveau myst\u00e8re. Sinon, pourquoi aurait-il pris une chambre avec vue sur le jardin  ? Est-ce que cela a quelque chose \u00e0 voir avec le fant\u00f4me v\u00eatu de noir qui appara\u00eet le soir dans le jardin  ? B\u00e9r\u00e9nice est bien d\u00e9cid\u00e9e \u00e0 mener l'enqu\u00eate elle-m\u00eame  ! D'indice en indice, avec l'aide de son petit fr\u00e8re Edmond, saura-t-elle remonter la piste du fant\u00f4me et r\u00e9soudre tous les myst\u00e8res  ?","authors":["Victor Guilbert","Oriol Vidal"],"category_codes":["2000000","2040000","2040500","2040506"],"visuals":{"large":"https:\/\/images.epagine.fr\/029\/9782700280029_1_75.jpg","medium":"https:\/\/images.epagine.fr\/029\/9782700280029_1_m.jpg","thumbnail":"https:\/\/images.epagine.fr\/029\/9782700280029_1_v.jpg"},"orderable":true,"show_badge":true,"formatted_price":"7,50&nbsp;\u20ac","formatted_published_date":"16 avril 2025","publisher_availability_label":"Sur commande","short_details":"Victor Guilbert, Oriol Vidal \u2014 Rageot \u00c9diteur","translator":null,"weight":105,"page_count":128,"readership":"\u00e0 partir de 8 ANS","editor":"Rageot \u00c9diteur","price":750,"published_date":"2025-04-15T22:00:00.000000Z","support":"Poche","publisher_availability":1,"stock":0,"editions":[],"url":"https:\/\/quaidesbrumes.com\/ouvrage\/9782700280029\/berenice-enquetrice-tome-1-sur-les-traces-du-fantome"},{"id":"9782700283815","title":"Celle qui n'avait pas de reflet","description":"Lorsque la princesse Ying Yue est choisie pour devenir l'\u00e9pouse du prince h\u00e9ritier Zhang Lin, ses r\u00eaves s'effondrent. Indiff\u00e9rent, son futur mari la confine dans sa chambre et ne s'adresse jamais \u00e0 elle. Pire, des rumeurs pr\u00e9tendent que par le pass\u00e9, sept imp\u00e9ratrices auraient myst\u00e9rieusement disparu du palais.\r\nIsol\u00e9e, avec son reflet pour seule compagnie, Ying d\u00e9c\u00e8le d'\u00e9tranges manifestations dans son miroir... qui finit par l'absorber. De l'autre c\u00f4t\u00e9, elle d\u00e9couvre un univers o\u00f9 l'attend un prince, charmant cette fois. Mais un univers peupl\u00e9 de monstres qu'elle a lib\u00e9r\u00e9s\u00a0 !","authors":["Keshe Chow","Thibaud Eliroff"],"category_codes":["2000000","2050000","2050200","2050204"],"visuals":{"large":"https:\/\/images.epagine.fr\/815\/9782700283815_1_75.jpg","medium":"https:\/\/images.epagine.fr\/815\/9782700283815_1_m.jpg","thumbnail":"https:\/\/images.epagine.fr\/815\/9782700283815_1_v.jpg"},"orderable":true,"show_badge":true,"formatted_price":"25,90&nbsp;\u20ac","formatted_published_date":"15 octobre 2025","publisher_availability_label":"Sur commande","short_details":"Keshe Chow, Thibaud Eliroff \u2014 Rageot \u00c9diteur","translator":"THIBAUD ELIROFF","weight":707,"page_count":592,"readership":"\u00e0 partir de 14 ans","editor":"Rageot \u00c9diteur","price":2590,"published_date":"2025-10-14T22:00:00.000000Z","support":"Grand format","publisher_availability":1,"stock":0,"editions":[],"url":"https:\/\/quaidesbrumes.com\/ouvrage\/9782700283815\/celle-qui-navait-pas-de-reflet"},{"id":"9782344062067","title":"Marl\u00e8ne Jobert raconte : Pinocchio M. Jobert","description":"Un grand classique revisit\u00e9 et interpr\u00e9t\u00e9 par Marl\u00e8ne Jobert, et illustr\u00e9 par Herv\u00e9 Le Goff\r\nAvec la fantaisie et la sensibilit\u00e9 qu'on lui conna\u00eet, Marl\u00e8ne Jobert revisite le\u00a0c\u00e9l\u00e8bre conte de Pinocchio\u00a0o\u00f9 se m\u00ealent le merveilleux et l'aventure !\u00a0Ce conte tr\u00e8s connu et ador\u00e9 par les enfants\u00a0d\u00e8s 5 ans,\u00a0est pr\u00e9sent\u00e9 ici en grand format, magnifiquement illustr\u00e9 par\u00a0Herv\u00e9 Le Goff\u00a0et interpr\u00e9t\u00e9 avec humour et sensibilit\u00e9 par\u00a0Marl\u00e8ne Jobert.\u00a0Transmettre aux enfants de belles valeurs morales \u00e0 travers un conte, c'est aussi la vocation de cette collection. Dans celui-ci, ils apprendront, tout en s'amusant, que c'est en se donnant un peu de mal qu'on est r\u00e9compens\u00e9.\r\nUn\u00a0livre audio avec CD et flashcode, pour \u00e9couter et vivre pleinement les aventures du plus c\u00e9l\u00e8bre pantin de bois\u00a0!","authors":["Marl\u00e8ne Jobert","Herv\u00e9 Legoff"],"category_codes":["2000000","2030000","2030400"],"visuals":{"large":"https:\/\/images.epagine.fr\/067\/9782344062067_1_75.jpg","medium":"https:\/\/images.epagine.fr\/067\/9782344062067_1_m.jpg","thumbnail":"https:\/\/images.epagine.fr\/067\/9782344062067_1_v.jpg"},"orderable":true,"show_badge":false,"formatted_price":"18,90&nbsp;\u20ac","formatted_published_date":"13 novembre 2025","publisher_availability_label":"Sur commande","short_details":"Marl\u00e8ne Jobert, Herv\u00e9 Legoff \u2014 Gl\u00e9nat Jeunesse","translator":null,"weight":690,"page_count":32,"readership":"\u00e0 partir de 3 ANS","editor":"Gl\u00e9nat Jeunesse","price":1890,"published_date":"2025-11-12T23:00:00.000000Z","support":"Grand format","publisher_availability":1,"stock":1,"editions":[],"url":"https:\/\/quaidesbrumes.com\/ouvrage\/9782344062067\/marlene-jobert-raconte-pinocchio-m-jobert"},{"id":"9782362665523","title":"Oxcean","description":"6 novembre 2052, le premier nourrisson venu au monde avec une \u00e9caille sur la nuque fut r\u00e9pertori\u00e9 en Alabama. Il s'agissait d'une petite fille nomm\u00e9e Nell Chelsea Donovan. Ce b\u00e9b\u00e9 a, affect\u00e9 de ce qui ressemblait \u00e0 une mutation g\u00e9n\u00e9tique, ouvrait la voie \u00e0 une forme d'adaptation des humains au monde aquatique.\r\n\r\nPr\u00e8s de cinquante ans plus tard, en janvier 2100, Flo\u00e9e 84Aa s'appr\u00eate \u00e0 affronter trente-neuf autres porteurs d'\u00e9caille dans une comp\u00e9tition o\u00f9 tous les coups sont permis. Si elle est s\u00e9lectionn\u00e9e, elle deviendra \u00e9quipi\u00e8re \u00e0 vie au service de la cit\u00e9 sous-marine Oxcean, fond\u00e9e par un messie autoproclam\u00e9 d'une \u00e9cologie radicale, promoteur d'une humanit\u00e9 nouvelle.","authors":["Nicolas Michel"],"category_codes":["2000000","2050000","2050200","2050205"],"visuals":{"large":"https:\/\/images.epagine.fr\/523\/9782362665523_1_75.jpg","medium":"https:\/\/images.epagine.fr\/523\/9782362665523_1_m.jpg","thumbnail":"https:\/\/images.epagine.fr\/523\/9782362665523_1_v.jpg"},"orderable":true,"show_badge":true,"formatted_price":"23,50&nbsp;\u20ac","formatted_published_date":"15 septembre 2023","publisher_availability_label":"Sur commande","short_details":"Nicolas Michel \u2014 \u00c9ditions Talents Hauts","translator":null,"weight":636,"page_count":672,"readership":"\u00e0 partir de 15 ans","editor":"\u00c9ditions Talents Hauts","price":2350,"published_date":"2023-09-14T22:00:00.000000Z","support":"Grand format","publisher_availability":1,"stock":0,"editions":["9782959950483","9782075228015"],"url":"https:\/\/quaidesbrumes.com\/ouvrage\/9782362665523\/oxcean"},{"id":"9782075226318","title":"Sciences de la lumi\u00e8re : D\u00e9couvre tous les secrets de la luminescence","description":"Ce coffret propose de d\u00e9couvrir la luminescence \u00e0 travers des ph\u00e9nom\u00e8nes naturels : des \u00e9clairs d'orage \u00e0 la photoluminescence, en passant par les plantes qui brillent. Le chercheur en herbe d\u00e9couvre ainsi une lumi\u00e8re dite \u00ab froide \u00bb, car elle n'\u00e9met pas de chaleur. Animaux, plantes, cristaux et min\u00e9raux vont lui r\u00e9v\u00e8ler leurs propri\u00e9t\u00e9s lumineuses \u00e9tonnantes ! Gr\u00e2ce \u00e0 un livre de 48 pages illustr\u00e9, pr\u00e9sentant douze exp\u00e9riences passionnantes, notre exp\u00e9rimentateur va s'\u00e9merveiller. Le coffret contient une boite noire pour observer sous lumi\u00e8re UV, une lampe \u00e0 lave fluo et une lampe-stylo UV !","authors":["Collectif","Bruno Porlier"],"category_codes":["2000000","2070000","2070500"],"visuals":{"large":"https:\/\/images.epagine.fr\/318\/9782075226318_1_75.jpg","medium":"https:\/\/images.epagine.fr\/318\/9782075226318_1_m.jpg","thumbnail":"https:\/\/images.epagine.fr\/318\/9782075226318_1_v.jpg"},"orderable":true,"show_badge":true,"formatted_price":"0,00&nbsp;\u20ac","formatted_published_date":"2 octobre 2025","publisher_availability_label":"Sur commande","short_details":"Collectif, Bruno Porlier \u2014 Gallimard Jeunesse","translator":"BRUNO PORLIER","weight":1113,"page_count":48,"readership":null,"editor":"Gallimard Jeunesse","price":0,"published_date":"2025-10-01T22:00:00.000000Z","support":"Coffret \/ Bo&icirc;te","publisher_availability":1,"stock":0,"editions":[],"url":"https:\/\/quaidesbrumes.com\/ouvrage\/9782075226318\/sciences-de-la-lumiere-decouvre-tous-les-secrets-de-la-luminescence"},{"id":"9782075129442","title":"Un petit bisou ?","description":"H\u00e9risson se sent tout triste. Une seule chose pourrait le consoler. Mais qui voudra lui donner un petit bisou ? Surtout pas \u00c9cureuil, qui doit finir de compter ses noisettes. Ni Pie, qui est en train de r\u00e9p\u00e9ter sa chanson. Mais alors qui ? Aujourd'hui, Tortue se sent elle aussi toute triste. Elle sait tr\u00e8s bien ce qui pourrait lui faire plaisir. Qui voudra lui faire un petit bisou ? \u00c0 moins que Tortue ne rencontre H\u00e9risson ou qu'H\u00e9risson ne rencontre Tortue...","authors":["Polly Dunbar","Eoin Mclaughlin"],"category_codes":["2000000","2030000","2030400"],"visuals":{"large":"https:\/\/images.epagine.fr\/442\/9782075129442_1_75.jpg","medium":"https:\/\/images.epagine.fr\/442\/9782075129442_1_m.jpg","thumbnail":"https:\/\/images.epagine.fr\/442\/9782075129442_1_v.jpg"},"orderable":true,"show_badge":false,"formatted_price":"10,90&nbsp;\u20ac","formatted_published_date":"23 janvier 2020","publisher_availability_label":"Sur commande","short_details":"Polly Dunbar, Eoin Mclaughlin \u2014 Gallimard Jeunesse","translator":null,"weight":110,"page_count":56,"readership":"\u00e0 partir de 3 ANS","editor":"Gallimard Jeunesse","price":1090,"published_date":"2020-01-22T23:00:00.000000Z","support":"Grand format","publisher_availability":1,"stock":1,"editions":[],"url":"https:\/\/quaidesbrumes.com\/ouvrage\/9782075129442\/un-petit-bisou"},{"id":"9782898431593","title":"3, 2, 1... Z\u00e9ro d\u00e9chet !","description":"Nos d\u00e9chets sont notre miroir : ils disent ce que nous consommons, et ce que nous ne cherchons pas \u00e0 r\u00e9parer ou \u00e0 r\u00e9utiliser... Ils sont si nombreux qu'il n'est pas toujours ais\u00e9 de savoir ce que nous devons en faire. Qu'est-ce qui peut \u00eatre recycl\u00e9 ou compost\u00e9 ? Qu'est-ce que nous n'avons pas le choix de jeter \u00e0 la poubelle ? 3, 2, 1... Z\u00e9ro d\u00e9chet! r\u00e9pond \u00e0 toutes ces questions et guide les jeunes vers une consommation responsable.","authors":["Joan S\u00e9n\u00e9chal","Yves Dumont"],"category_codes":["2000000","2070000","2070300"],"visuals":{"large":"https:\/\/images.epagine.fr\/593\/9782898431593_1_75.jpg","medium":"https:\/\/images.epagine.fr\/593\/9782898431593_1_m.jpg","thumbnail":"https:\/\/images.epagine.fr\/593\/9782898431593_1_v.jpg"},"orderable":true,"show_badge":true,"formatted_price":"18,00&nbsp;\u20ac","formatted_published_date":"23 janvier 2026","publisher_availability_label":"Sur commande","short_details":"Joan S\u00e9n\u00e9chal, Yves Dumont \u2014 Isatis","translator":null,"weight":594,"page_count":64,"readership":null,"editor":"Isatis","price":1800,"published_date":"2026-01-22T23:00:00.000000Z","support":"Grand format","publisher_availability":1,"stock":0,"editions":[],"url":"https:\/\/quaidesbrumes.com\/ouvrage\/9782898431593\/3-2-1-zero-dechet"},{"id":"9782266314961","title":"L'\u00e9cole du bien et du mal Tome 4 : r\u00eaves de gloire","description":"Prenez des gentils, des m\u00e9chants, un ou deux princes charmants, m\u00e9langez, inversez tous les r\u00f4les et vous obtiendrez un conte de f\u00e9es revisit\u00e9, dr\u00f4le, rythm\u00e9, qui vous rendra heureux pour toujours !\r\nNomm\u00e9e doyenne, Sophie est bien d\u00e9cid\u00e9e \u00e0 donner au Mal un souffle nouveau. Mais pour Agatha et Tedros, partis r\u00e9gner sur Camelot, tout semble diff\u00e9rent : autrefois paisible, le royaume du roi Arthur est \u00e0 pr\u00e9sent au bord de la r\u00e9volte. Isol\u00e9s les uns des autres, Sophie, Agatha et Tedros parviendront-ils \u00e0 \u00e9viter les dangers qui les guettent ?","authors":["Soman Chainani","Leslie Boitelle-Tessier"],"category_codes":["2000000","2040000","2040500","2040504"],"visuals":{"large":"https:\/\/images.epagine.fr\/961\/9782266314961_1_75.jpg","medium":"https:\/\/images.epagine.fr\/961\/9782266314961_1_m.jpg","thumbnail":"https:\/\/images.epagine.fr\/961\/9782266314961_1_v.jpg"},"orderable":true,"show_badge":true,"formatted_price":"9,20&nbsp;\u20ac","formatted_published_date":"10 novembre 2021","publisher_availability_label":"Sur commande","short_details":"Soman Chainani, Leslie Boitelle-Tessier \u2014 Pocket Jeunesse","translator":"LESLIE BOITELLE-TESSIER","weight":316,"page_count":624,"readership":"9\/12 ans","editor":"Pocket Jeunesse","price":920,"published_date":"2021-11-09T23:00:00.000000Z","support":"Poche","publisher_availability":1,"stock":0,"editions":[],"url":"https:\/\/quaidesbrumes.com\/ouvrage\/9782266314961\/lecole-du-bien-et-du-mal-tome-4-reves-de-gloire"},{"id":"9782408045852","title":"Nous les pr\u00e9ados","description":"Un livre compagnon qui s'appuie sur les t\u00e9moignages de pr\u00e9ados sur les th\u00e9matiques qui les passionnent, pour leur donner des informations et r\u00e9pondre \u00e0 leurs questions : moi, mes go\u00fbts, mon corps, ma famille, mes amis, mon \u00e9cole et le monde. Enti\u00e8rement revu par une p\u00e9diatre. \r\n\r\nC'est qui, les pr\u00e9ados ?\r\nIls ne se consid\u00e8rent plus comme des enfants (ou alors des grands), mais pas encore comme des ados. Les 9-12 ans sont \u00e0 la fin de l'\u00e9cole primaire CM1, CM2 ou au d\u00e9but du coll\u00e8ge, sixi\u00e8me, cinqui\u00e8me. On leur parle tout le temps des plus grands, de la pubert\u00e9 et de l'adolescence... mais jamais de ce qui leur arrive. Pourtant ils ont beaucoup de choses \u00e0 dire !\r\n\r\nSp\u00e9cial pr\u00e9ados\r\nUn livre pour tous les 9-12 ans : que l'on soit fille ou gar\u00e7on, en fin d'\u00e9cole primaire ou que l'on entre au coll\u00e8ge, on partage plein de sujets d'int\u00e9r\u00eat. On grandit, on gagne en autonomie, on s'ouvre au monde et on a envie de d\u00e9couvrir plein de nouvelles choses !\r\n\r\nUn guide fa\u00e7on pratique\r\n\u00c0 l'int\u00e9rieur de chaque chapitre, t\u00e9moignages de pr\u00e9ados, pages infos, sch\u00e9mas et strips BD se succ\u00e8dent organis\u00e9s en doubles th\u00e9matiques pour accompagner les lecteurs dans leur d\u00e9couverte, leur fournir informations et ressources, et r\u00e9pondre \u00e0 leurs questions.","authors":["Audrey Guiller","Anne Pomel"],"category_codes":["2000000","2070000","2070700"],"visuals":{"large":"https:\/\/images.epagine.fr\/852\/9782408045852_1_75.jpg","medium":"https:\/\/images.epagine.fr\/852\/9782408045852_1_m.jpg","thumbnail":"https:\/\/images.epagine.fr\/852\/9782408045852_1_v.jpg"},"orderable":true,"show_badge":true,"formatted_price":"18,00&nbsp;\u20ac","formatted_published_date":"21 ao\u00fbt 2024","publisher_availability_label":"Sur commande","short_details":"Audrey Guiller, Anne Pomel \u2014 Milan","translator":null,"weight":598,"page_count":256,"readership":"\u00e0 partir de 9 ANS","editor":"Milan","price":1800,"published_date":"2024-08-20T22:00:00.000000Z","support":"Grand format","publisher_availability":1,"stock":0,"editions":[],"url":"https:\/\/quaidesbrumes.com\/ouvrage\/9782408045852\/nous-les-preados"},{"id":"9782809694727","title":"Carnet cr\u00e9atif : P\u00e2ques du monde","description":"D\u00e9couvre P\u00e2ques et habille tes poup\u00e9es avec Minimiki !\r\n\u00a0 \r\nDans ce carnet cr\u00e9atif, cr\u00e9e tes jolies poup\u00e9es gr\u00e2ce \u00e0 de nombreuses silhouettes \u00e0 colorier, des mod\u00e8les et 4 planches de stickers.\r\nEt en plus, des infos documentaires sur P\u00e2ques.\r\n\u00a0 \r\nEn cadeau : un joli bracelet \u00e0 collectionner !\r\n\u00a0","authors":["Julie Camel"],"category_codes":["2000000","2060000","2060500"],"visuals":{"large":"https:\/\/images.epagine.fr\/727\/9782809694727_1_75.jpg","medium":"https:\/\/images.epagine.fr\/727\/9782809694727_1_m.jpg","thumbnail":"https:\/\/images.epagine.fr\/727\/9782809694727_1_v.jpg"},"orderable":true,"show_badge":true,"formatted_price":"9,90&nbsp;\u20ac","formatted_published_date":"4 f\u00e9vrier 2026","publisher_availability_label":"Sur commande","short_details":"Julie Camel \u2014 \u00c9ditions playBac","translator":null,"weight":194,"page_count":88,"readership":"\u00e0 partir de 4 ANS","editor":"\u00c9ditions playBac","price":990,"published_date":"2026-02-03T23:00:00.000000Z","support":"Grand format","publisher_availability":1,"stock":0,"editions":[],"url":"https:\/\/quaidesbrumes.com\/ouvrage\/9782809694727\/carnet-creatif-paques-du-monde"},{"id":"9782355582271","title":"Mais ou vont les camions ?","description":"Dans ce tout-carton pour les tout-petits, on voyage au fil des pages avec des camions, leurs conducteurs ou conductrices et leurs marchandises. Bling blong, sloup sloup, chuuuu ! Ils filent \u00e0 travers des paysages vari\u00e9s, transportant pour l'un des oeufs, l'autre du chocolat, un autre encore de la farine, du lait ou des bonbons. Mais o\u00f9 vont les camions ? Chez la p\u00e2tissi\u00e8re ! Pour quoi faire ? Pr\u00e9parer un g\u00e2teau pour... l'anniversaire du camion de pompiers. Tut tut !","authors":["Sophie Puls"],"category_codes":["2000000","2020000","2020300"],"visuals":{"large":"https:\/\/images.epagine.fr\/271\/9782355582271_1_75.jpg","medium":"https:\/\/images.epagine.fr\/271\/9782355582271_1_m.jpg","thumbnail":"https:\/\/images.epagine.fr\/271\/9782355582271_1_v.jpg"},"orderable":true,"show_badge":true,"formatted_price":"12,90&nbsp;\u20ac","formatted_published_date":"21 mars 2025","publisher_availability_label":"Sur commande","short_details":"Sophie Puls \u2014 Hongfei Cultures","translator":null,"weight":146,"page_count":22,"readership":"0\/3 ans","editor":"Hongfei Cultures","price":1290,"published_date":"2025-03-20T23:00:00.000000Z","support":"Grand format","publisher_availability":1,"stock":0,"editions":[],"url":"https:\/\/quaidesbrumes.com\/ouvrage\/9782355582271\/mais-ou-vont-les-camions"},{"id":"9782494362796","title":"La Prestigieuse ligue des Passibon","description":"La biblioth\u00e8que Edith Nesbit s'enrichit d'un nouveau titre phare, in\u00e9dit en France.\r\nLes enfants Bastable viennent de commettre leur plus grosse b\u00eatise : ils ont transform\u00e9 leur jardin en une v\u00e9ritable jungle afin de rejouer des sc\u00e8nes du Livre de la jungle, causant ainsi de nombreux d\u00e9g\u00e2ts. Pour les punir, leur p\u00e8re les envoie passer l'\u00e9t\u00e9 \u00e0 la campagne. Sur place, ils d\u00e9cident de cr\u00e9er une ligue d\u00e9di\u00e9e aux bonnes actions, mais leurs efforts tournent souvent au d\u00e9sastre...\r\nThe Wouldbegoods est l'un des romans les plus marquants d'Edith Nesbit, et son narrateur peu fiable, Oswald Bastable, est son personnage le plus m\u00e9morable. Narrateur peu fiable, il embellit les faits, minimise ses propres erreurs et laisse transpara\u00eetre sa fiert\u00e9 enfantine. Ce style unique en fait l'un des premiers exemples de narration subjective en litt\u00e9rature jeunesse.\r\nEdith Nesbit, souvent surnomm\u00e9e \u00ab la reine de la litt\u00e9rature jeunesse \u00bb, est une v\u00e9ritable pionni\u00e8re du roman pour enfants. Elle a \u00e9t\u00e9 l'une des premi\u00e8res \u00e0 \u00e9crire des histoires du point de vue des enfants, avec un r\u00e9alisme et un humour qui restent captivants aujourd'hui.","authors":["Edith Nesbit","Myrtille Vardelle","Am\u00e9lie Sarn"],"category_codes":["2000000","2040000","2040500"],"visuals":{"large":"https:\/\/images.epagine.fr\/796\/9782494362796_1_75.jpg","medium":"https:\/\/images.epagine.fr\/796\/9782494362796_1_m.jpg","thumbnail":"https:\/\/images.epagine.fr\/796\/9782494362796_1_v.jpg"},"orderable":true,"show_badge":true,"formatted_price":"16,90&nbsp;\u20ac","formatted_published_date":"18 septembre 2025","publisher_availability_label":"Sur commande","short_details":"Edith Nesbit, Myrtille Vardelle, Am\u00e9lie Sarn \u2014 Les \u00c9ditions Novel","translator":"AMELIE SARN","weight":348,"page_count":304,"readership":"\u00e0 partir de 9 ANS","editor":"Les \u00c9ditions Novel","price":1690,"published_date":"2025-09-17T22:00:00.000000Z","support":"Grand format","publisher_availability":1,"stock":0,"editions":[],"url":"https:\/\/quaidesbrumes.com\/ouvrage\/9782494362796\/la-prestigieuse-ligue-des-passibon"},{"id":"9782244228136","title":"Autocollants : Petit renard","description":"Ce cahier d'autocollants est sp\u00e9cialement con\u00e7u pour les enfants d\u00e8s 18 mois. Le tout-petit, aid\u00e9 de l'adulte, apprend \u00e0 d\u00e9tacher les autocollants puis \u00e0 les coller, pour s'amuser \u00e0 cr\u00e9er de jolies histoires avec Petit Renard. Gr\u00e2ce aux autocollants transparents et repositionnables, l'enfant peut essayer, se tromper, recommencer, sans risque d'\u00e9chec !","authors":["Elen Lescoat"],"category_codes":["2000000","2080000","2080200"],"visuals":{"large":"https:\/\/images.epagine.fr\/136\/9782244228136_1_75.jpg","medium":"https:\/\/images.epagine.fr\/136\/9782244228136_1_m.jpg","thumbnail":"https:\/\/images.epagine.fr\/136\/9782244228136_1_v.jpg"},"orderable":true,"show_badge":true,"formatted_price":"0,00&nbsp;\u20ac","formatted_published_date":"1er mars 2026","publisher_availability_label":"Sur commande","short_details":"Elen Lescoat \u2014 \u00c9ditions Lito","translator":null,"weight":90,"page_count":10,"readership":"\u00e0 partir de 18 mois","editor":"\u00c9ditions Lito","price":0,"published_date":"2026-02-28T23:00:00.000000Z","support":"Papeterie \/ Coloriage","publisher_availability":1,"stock":0,"editions":[],"url":"https:\/\/quaidesbrumes.com\/ouvrage\/9782244228136\/autocollants-petit-renard"},{"id":"9782211340427","title":"Les ours blancs ne perdent pas le nord","description":"Alerte ! La banquise est d\u00e9r\u00e9gl\u00e9e ! Les glaces fondent \u00e0 toute vitesse ! Le p\u00f4le Nord, \u00e7a devient chaud pour Ob, timide ours \u00e0 lunettes, comme pour tous les animaux qui l'entourent. Pour survivre, deux possibilit\u00e9s : s'enfuir \u00e0 dos d'iceberg ou r\u00e9sister \u00e0 la folie de l'ignoble Yamal, bien d\u00e9cid\u00e9 \u00e0 faire de l'Arctique une nouvelle autoroute. Dans ce combat in\u00e9gal, Ob va trouver des alli\u00e9s : un g\u00e9nial inventeur sicilien, une sorci\u00e8re tr\u00e8s-tr\u00e8s-tr\u00e8s susceptible, un surfeur morse et surtout Kara, une jeune Inuite qui n'a plus qu'une oreille et un courage in\u00e9galable. Rejoignez la lutte des glaces !","authors":["Richard Gaitet","Anne-H\u00e9l\u00e8ne Dubray"],"category_codes":["2000000","2040000","2040500"],"visuals":{"large":"https:\/\/images.epagine.fr\/427\/9782211340427_1_75.jpg","medium":"https:\/\/images.epagine.fr\/427\/9782211340427_1_m.jpg","thumbnail":"https:\/\/images.epagine.fr\/427\/9782211340427_1_v.jpg"},"orderable":true,"show_badge":true,"formatted_price":"13,00&nbsp;\u20ac","formatted_published_date":"27 ao\u00fbt 2025","publisher_availability_label":"Sur commande","short_details":"Richard Gaitet, Anne-H\u00e9l\u00e8ne Dubray \u2014 L'\u00c9cole des loisirs","translator":null,"weight":397,"page_count":240,"readership":"\u00e0 partir de 8 ANS","editor":"L'\u00c9cole des loisirs","price":1300,"published_date":"2025-08-26T22:00:00.000000Z","support":"Grand format","publisher_availability":1,"stock":0,"editions":[],"url":"https:\/\/quaidesbrumes.com\/ouvrage\/9782211340427\/les-ours-blancs-ne-perdent-pas-le-nord"},{"id":"9782092574362","title":"T'choupi mange \u00e0 la cantine","description":"T'choupi, l'ami des petits, accompagne l'enfant qui grandit !\r\nDes histoires qui racontent la vie des enfants de 2 \u00e0 4 ans, les grandes joies, les temps forts de la vie de famille et les petits tracas du quotidien. Gr\u00e2ce \u00e0 T'choupi, de nombreux petits probl\u00e8mes trouvent leur solution tout en douceur.\r\n R\u00e9sum\u00e9 de cette histoire : Dring ! C'est l'heure de la cantine. Ca tombe bien, T'choupi a tr\u00e8s faim !\r\n Nouveau : avec votre enfant \u00e9coutez la version audio de l'histoire ! Tous les albums T'choupi sont maintenant accompagn\u00e9s d'une version audio, accessible gratuitement en scannant la couverture avec l'application Nathan Live.\r\n Des livres pour les enfants de 2 \u00e0 4 ans con\u00e7us dans un format id\u00e9al pour les petites mains : coins arrondis, pages plastifi\u00e9es r\u00e9sistantes.","authors":["Thierry Courtin"],"category_codes":["2000000","2020000","2020400"],"visuals":{"large":"https:\/\/images.epagine.fr\/362\/9782092574362_1_75.jpg","medium":"https:\/\/images.epagine.fr\/362\/9782092574362_1_m.jpg","thumbnail":"https:\/\/images.epagine.fr\/362\/9782092574362_1_v.jpg"},"orderable":true,"show_badge":true,"formatted_price":"6,30&nbsp;\u20ac","formatted_published_date":"11 mai 2017","publisher_availability_label":"Sur commande","short_details":"Thierry Courtin \u2014 Nathan","translator":null,"weight":140,"page_count":24,"readership":"0\/3 ans","editor":"Nathan","price":630,"published_date":"2017-05-10T22:00:00.000000Z","support":"Grand format","publisher_availability":1,"stock":0,"editions":[],"url":"https:\/\/quaidesbrumes.com\/ouvrage\/9782092574362\/tchoupi-mange-a-la-cantine"},{"id":"9791040805618","title":"Reine de l'Ouest","description":"Boston, 1892. Vous incarnez Miss Jones, une jeune fille de bonne famille, curieuse et large d'esprit. Le mariage ? Non merci ! D'ailleurs, le Grand Ouest - et l'ind\u00e9pendance - et l'aventure - vous attendent... Entre les faussaires charmeurs, les hors-la-loi rugueux, les madames de lupanar, les majors poivre-et-sel, les h\u00e9riti\u00e8res en fleur et autres rencontres fascinantes, vous aurez joyeusement l'occasion de vous fourrer dans le p\u00e9trin. Finirez-vous institutrice ? Chercheuse d'or ? Infirmi\u00e8re ? Trappeuse ? \u00c9pouse respectable ? Ou m\u00eame... Reine de l'Ouest ? Dans tous les cas, vous resterez vous-m\u00eame : brillante, dr\u00f4le et libre, l'inimitable Miss Jones !","authors":["H Lenoir"],"category_codes":["2000000","2050000","2050200","2050202"],"visuals":{"large":"https:\/\/images.epagine.fr\/618\/9791040805618_1_75.jpg","medium":"https:\/\/images.epagine.fr\/618\/9791040805618_1_m.jpg","thumbnail":"https:\/\/images.epagine.fr\/618\/9791040805618_1_v.jpg"},"orderable":true,"show_badge":false,"formatted_price":"19,90&nbsp;\u20ac","formatted_published_date":"21 ao\u00fbt 2024","publisher_availability_label":"Sur commande","short_details":"H Lenoir \u2014 Sarbacane","translator":null,"weight":712,"page_count":672,"readership":"\u00e0 partir de 13 ANS","editor":"Sarbacane","price":1990,"published_date":"2024-08-20T22:00:00.000000Z","support":"Grand format","publisher_availability":1,"stock":1,"editions":[],"url":"https:\/\/quaidesbrumes.com\/ouvrage\/9791040805618\/reine-de-louest"},{"id":"9782266330084","title":"L'\u00e9cole du bien et du mal Tome 6 : Le seul v\u00e9ritable roi","description":"Prenez des gentils, des m\u00e9chants, un ou deux princes charmants, m\u00e9langez, inversez tous les r\u00f4les et vous obtiendrez un conte de f\u00e9es revisit\u00e9, dr\u00f4le, rythm\u00e9, qui vous rendra heureux pour toujours !\r\nPar-del\u00e0 le Bien et le Mal, par-del\u00e0 les fins heureuses... le conte de Sophie et d'Agatha arrive \u00e0 son terme. Le tournoi imagin\u00e9 par le roi Arthur d\u00e9partagera les deux pr\u00e9tendants au tr\u00f4ne, au cours de trois \u00e9preuves. Qui sera couronn\u00e9 ma\u00eetre de Camelot et gouvernera les Bois de l'Infini, plus divis\u00e9s que jamais ? Qui, Serpent ou Lion, sera le Seul V\u00e9ritable Roi, et qui en perdra la t\u00eate ?","authors":["Soman Chainani","Leslie Boitelle-Tessier"],"category_codes":["2000000","2040000","2040500","2040504"],"visuals":{"large":"https:\/\/images.epagine.fr\/084\/9782266330084_1_75.jpg","medium":"https:\/\/images.epagine.fr\/084\/9782266330084_1_m.jpg","thumbnail":"https:\/\/images.epagine.fr\/084\/9782266330084_1_v.jpg"},"orderable":true,"show_badge":true,"formatted_price":"9,20&nbsp;\u20ac","formatted_published_date":"23 novembre 2023","publisher_availability_label":"Sur commande","short_details":"Soman Chainani, Leslie Boitelle-Tessier \u2014 Pocket Jeunesse","translator":"LESLIE BOITELLE-TESSIER","weight":320,"page_count":672,"readership":"9\/12 ans","editor":"Pocket Jeunesse","price":920,"published_date":"2023-11-22T23:00:00.000000Z","support":"Poche","publisher_availability":1,"stock":0,"editions":[],"url":"https:\/\/quaidesbrumes.com\/ouvrage\/9782266330084\/lecole-du-bien-et-du-mal-tome-6-le-seul-veritable-roi"}]}