{"data":[{"id":"9782211020190","title":"Patate pourrie","description":"Lou, sa jolie Lou, sa ch\u00e9rie Lou ne le regarde plus, ne lui sourit plus, ne lui fait plus de bisous tout doux...Simon est profond\u00e9ment triste et horriblement jaloux. Alors, d\u00e8s que quelqu'un lui dit quelque chose, comme \u00ab va au lit \u00bb, il r\u00e9pond : Patate pourrie ! Aller au lit, quelle torture, quand on n'arrive pas \u00e0 dormir. Que faire ? Aller parler \u00e0 Lou ?","authors":["St\u00e9phanie Blake"],"category_codes":["2000000","2020000","2020400"],"visuals":{"large":"https:\/\/images.epagine.fr\/190\/9782211020190_1_75.jpg","medium":"https:\/\/images.epagine.fr\/190\/9782211020190_1_m.jpg","thumbnail":"https:\/\/images.epagine.fr\/190\/9782211020190_1_v.jpg"},"orderable":true,"show_badge":true,"formatted_price":"6,00&nbsp;\u20ac","formatted_published_date":"26 mai 2021","publisher_availability_label":"Sur commande","short_details":"St\u00e9phanie Blake \u2014 L'\u00c9cole des loisirs","translator":null,"weight":86,"page_count":32,"readership":"0\/3 ans","editor":"L'\u00c9cole des loisirs","price":600,"published_date":"2021-05-25T22:00:00.000000Z","support":"Poche","publisher_availability":1,"stock":0,"editions":["9782211233996"],"url":"https:\/\/quaidesbrumes.com\/ouvrage\/9782211020190\/patate-pourrie"},{"id":"9782075097123","title":"Louis Braille, l'enfant de la nuit","description":"Louis Braille est devenu aveugle \u00e0 l'\u00e2ge de trois ans \u00e0 la suite d'un accident. Cela ne l'emp\u00eache pas de vivre presque comme les autres enfants. Mais \u00e0 l'\u00e9cole, les difficult\u00e9es commencent, car il veut apprendre \u00e0 lire. Le jeune gar\u00e7on se fait alors une promesse incroyable : il trouvera le moyen de d\u00e9chiffrer ce que ses yeux ne peuvent voir.\r","authors":["Margaret Davidson","Andr\u00e9 Dahan","Camille Fabien"],"category_codes":["2000000","2040000","2040500"],"visuals":{"large":"https:\/\/images.epagine.fr\/123\/9782075097123_1_75.jpg","medium":"https:\/\/images.epagine.fr\/123\/9782075097123_1_m.jpg","thumbnail":"https:\/\/images.epagine.fr\/123\/9782075097123_1_v.jpg"},"orderable":true,"show_badge":true,"formatted_price":"9,90&nbsp;\u20ac","formatted_published_date":"8 mars 2018","publisher_availability_label":"Sur commande","short_details":"Margaret Davidson, Andr\u00e9 Dahan, Camille Fabien \u2014 Gallimard Jeunesse","translator":"CAMILLE FABIEN","weight":175,"page_count":112,"readership":"\u00e0 partir de 8 ANS","editor":"Gallimard Jeunesse","price":990,"published_date":"2018-03-07T23:00:00.000000Z","support":"Grand format","publisher_availability":1,"stock":0,"editions":[],"url":"https:\/\/quaidesbrumes.com\/ouvrage\/9782075097123\/louis-braille-lenfant-de-la-nuit"},{"id":"9782700278330","title":"Quatre soeurs \u00e0 New York","description":"Avec ses trois soeurs Lou, Lisa et Luna, Laure, 12 ans, passe les vacances de la Toussaint \u00e0 New York o\u00f9 leur p\u00e8re dispute son premier marathon. New York, here I am ! Elles visitent l'Empire State building, se pr\u00e9sentent \u00e0 la Statue de la Libert\u00e9 et jouent avec les \u00e9cureuils de Central Park. Mais elles d\u00e9couvrent aussi la pauvret\u00e9 du dispensaire pour enfants o\u00f9 leur p\u00e8re est b\u00e9n\u00e9vole. Laure mobilise ses nouveaux amis am\u00e9ricains et le chanteur Andie Lover pour r\u00e9colter des fonds et faire de ce voyage une formidable aventure humaine \u00e0 l'\u00e9chelle de the Big Apple...","authors":["Sophie Rigal-Goulard","Diglee"],"category_codes":["2000000","2040000","2040500","2040508"],"visuals":{"large":"https:\/\/images.epagine.fr\/330\/9782700278330_1_75.jpg","medium":"https:\/\/images.epagine.fr\/330\/9782700278330_1_m.jpg","thumbnail":"https:\/\/images.epagine.fr\/330\/9782700278330_1_v.jpg"},"orderable":true,"show_badge":true,"formatted_price":"7,10&nbsp;\u20ac","formatted_published_date":"18 mai 2022","publisher_availability_label":"Sur commande","short_details":"Sophie Rigal-Goulard, Diglee \u2014 Rageot \u00c9diteur","translator":null,"weight":130,"page_count":160,"readership":"\u00e0 partir de 8 ANS","editor":"Rageot \u00c9diteur","price":710,"published_date":"2022-05-17T22:00:00.000000Z","support":"Poche","publisher_availability":1,"stock":0,"editions":[],"url":"https:\/\/quaidesbrumes.com\/ouvrage\/9782700278330\/quatre-soeurs-a-new-york"},{"id":"9782226478085","title":"C\u00e9lestine, sur les pas d'Anna Pavlova Tome 5 : comme deux soeurs","description":"\u00c0 peine arriv\u00e9e \u00e0 Royan, C\u00e9lestine apprend que le palace o\u00f9 elle doit s\u00e9journer avec Anna n'a plus de chambre pour elle ! Elle logera donc dans une charmante auberge. Entre ses nouveaux amis, les cours de danse et les jeux \u00e0 la plage, C\u00e9lestine est bien occup\u00e9e. Mais une dr\u00f4le de rumeur commence \u00e0 circuler en ville, qui pourrait bien mettre en p\u00e9ril la tourn\u00e9e de l'\u00e9toile russe...","authors":["Gwena\u00eble Barussaud","Myrtille Tournefeuille"],"category_codes":["2000000","2040000","2040300"],"visuals":{"large":"https:\/\/images.epagine.fr\/085\/9782226478085_1_75.jpg","medium":"https:\/\/images.epagine.fr\/085\/9782226478085_1_m.jpg","thumbnail":"https:\/\/images.epagine.fr\/085\/9782226478085_1_v.jpg"},"orderable":true,"show_badge":true,"formatted_price":"7,90&nbsp;\u20ac","formatted_published_date":"1er f\u00e9vrier 2023","publisher_availability_label":"Sur commande","short_details":"Gwena\u00eble Barussaud, Myrtille Tournefeuille \u2014 Albin Michel","translator":null,"weight":254,"page_count":144,"readership":"\u00e0 partir de 8 ANS","editor":"Albin Michel","price":790,"published_date":"2023-01-31T23:00:00.000000Z","support":"Grand format","publisher_availability":1,"stock":0,"editions":[],"url":"https:\/\/quaidesbrumes.com\/ouvrage\/9782226478085\/celestine-sur-les-pas-danna-pavlova-tome-5-comme-deux-soeurs"},{"id":"9782386141881","title":"Auguste","description":"Savais-tu que le premier empereur romain, Auguste, se pr\u00e9nommait en fait Octave ? Pars \u00e0 la rencontre de cet homme d\u00e9termin\u00e9, qui apr\u00e8s l'assassinat de son grand-oncle ador\u00e9, Jules C\u00e9sar, prend le pouvoir et \u00e9limine peu \u00e0 peu tous ceux qui se placent en travers de son chemin... Il est aussi celui qui embellit la ville de Rome et instaure la paix dans l'Empire pour deux si\u00e8cles. D\u00e9couvre son incroyable destin !\r","authors":["Bruno Wennagel"],"category_codes":["2000000","2070000","2070400"],"visuals":{"large":"https:\/\/images.epagine.fr\/881\/9782386141881_1_75.jpg","medium":"https:\/\/images.epagine.fr\/881\/9782386141881_1_m.jpg","thumbnail":"https:\/\/images.epagine.fr\/881\/9782386141881_1_v.jpg"},"orderable":true,"show_badge":true,"formatted_price":"5,00&nbsp;\u20ac","formatted_published_date":"5 novembre 2025","publisher_availability_label":"Sur commande","short_details":"Bruno Wennagel \u2014 Quelle Histoire","translator":null,"weight":92,"page_count":40,"readership":"Tout public","editor":"Quelle Histoire","price":500,"published_date":"2025-11-04T23:00:00.000000Z","support":"Grand format","publisher_availability":1,"stock":0,"editions":[],"url":"https:\/\/quaidesbrumes.com\/ouvrage\/9782386141881\/auguste"},{"id":"9782324034565","title":"Mes premiers airs de swing","description":"C'est l'heure de faire la f\u00eate !\r\nAvec ses puces sonores musicales, ce recueil est unique. Sur chaque page, l'enfant recherche dans l'illustration le petit bouton qui d\u00e9clenchera la musique.\r\n\r\nC'est parti pour une folle soir\u00e9e ! On danse le Charleston, le Black bottom mais aussi le Lindy hop et le Shag ! Voici ensuite le c\u00e9l\u00e8bre Boogie Wogie et le balboa ! Au son de ces c\u00e9l\u00e8bres airs des ann\u00e9es 30, tout le monde bouge, sautille et fait la f\u00eate !\r\n\r\nLes illustrations pleines de vie d'Aur\u00e9lie Guillerey nous invitent \u00e0 swinguer !","authors":["Emilie Collet","Aur\u00e9lie Guillerey"],"category_codes":["2000000","2020000","2020600"],"visuals":{"large":"https:\/\/images.epagine.fr\/565\/9782324034565_1_75.jpg","medium":"https:\/\/images.epagine.fr\/565\/9782324034565_1_m.jpg","thumbnail":"https:\/\/images.epagine.fr\/565\/9782324034565_1_v.jpg"},"orderable":true,"show_badge":true,"formatted_price":"10,00&nbsp;\u20ac","formatted_published_date":"18 avril 2024","publisher_availability_label":"Sur commande","short_details":"Emilie Collet, Aur\u00e9lie Guillerey \u2014 Gr\u00fcnd","translator":null,"weight":212,"page_count":6,"readership":"0\/3 ans","editor":"Gr\u00fcnd","price":1000,"published_date":"2024-04-17T22:00:00.000000Z","support":"Grand format","publisher_availability":1,"stock":0,"editions":[],"url":"https:\/\/quaidesbrumes.com\/ouvrage\/9782324034565\/mes-premiers-airs-de-swing"},{"id":"9791036372490","title":"Chair de poule Tome 23 : Le fant\u00f4me de l'auditorium","description":"Mary et Patrick ont d\u00e9croch\u00e9 les r\u00f4les principaux dans la pi\u00e8ce de fin d'ann\u00e9e du coll\u00e8ge \"Le fant\u00f4me de l'auditorium\". Mais la premi\u00e8re repr\u00e9sentation de cette pi\u00e8ce, en 1920, a \u00e9t\u00e9 \u00e9court\u00e9e suite \u00e0 la disparition de l'acteur principal, qui jouait le fant\u00f4me. Bient\u00f4t, lors des r\u00e9p\u00e9titions, des plaisanteries tournent \u00e0 la trag\u00e9die. S'agit-il de mauvaises blagues ? Ou la pi\u00e8ce est-elle vraiment maudite ?\r\nUne nouvelle intrigue terrifiante\r\nAvec ce nouveau tome de Chair de Poule, d\u00e9couvrez une r\u00e9\u00e9criture horrifique du Fant\u00f4me de l'op\u00e9ra, o\u00f9 l'acteur du fant\u00f4me revient d'entre les morts... \r\nRelook de la s\u00e9rie frisson mythique  \r\nSes nouvelles illustrations de couvertures plus modernes, faites par des sp\u00e9cialistes du jeu vid\u00e9o, vous donneront encore plus la chair de poule !\r\nUne adaptation tout aussi effrayante\r\nSuivez les aventures horrifiques des monstres, cr\u00e9atures et fant\u00f4mes de Chair de Poule dans la nouvelle s\u00e9rie sur Disney +.","authors":["R. L. Stine","Jean-Baptiste M\u00e9dina"],"category_codes":["2000000","2040000","2040500","2040503"],"visuals":{"large":"https:\/\/images.epagine.fr\/490\/9791036372490_1_75.jpg","medium":"https:\/\/images.epagine.fr\/490\/9791036372490_1_m.jpg","thumbnail":"https:\/\/images.epagine.fr\/490\/9791036372490_1_v.jpg"},"orderable":true,"show_badge":true,"formatted_price":"6,50&nbsp;\u20ac","formatted_published_date":"4 juin 2025","publisher_availability_label":"Sur commande","short_details":"R. L. Stine, Jean-Baptiste M\u00e9dina \u2014 Bayard Jeunesse","translator":"JEAN-BAPTISTE MEDINA","weight":139,"page_count":144,"readership":"\u00e0 partir de 9 ANS","editor":"Bayard Jeunesse","price":650,"published_date":"2025-06-03T22:00:00.000000Z","support":"Poche","publisher_availability":1,"stock":0,"editions":[],"url":"https:\/\/quaidesbrumes.com\/ouvrage\/9791036372490\/chair-de-poule-tome-23-le-fantome-de-lauditorium"},{"id":"9782494362468","title":"Les enfants Boxcar : Le ranch aux secrets","description":"La s\u00e9rie aux 80 millions de fans.\r\nHenry, Jessie, Violette et Benny passent leurs vacances dans un ranch ! Le ranch appartient \u00e0 leur grand-tante Jane. Autrefois, c'\u00e9tait un magnifique endroit, mais tante Jane n'a plus la force de l'entretenir. C'est d\u00e9cid\u00e9 : les enfants Boxcar plient bagage et vont la rejoindre. C'est parti pour un \u00e9t\u00e9 plein d'aventures en plein air !","authors":["Gertrude Warner Chandler","Marl\u00e8ne Merveilleux","Mireille Pierre"],"category_codes":["2000000","2040000","2040500","2040502"],"visuals":{"large":"https:\/\/images.epagine.fr\/468\/9782494362468_1_75.jpg","medium":"https:\/\/images.epagine.fr\/468\/9782494362468_1_m.jpg","thumbnail":"https:\/\/images.epagine.fr\/468\/9782494362468_1_v.jpg"},"orderable":true,"show_badge":true,"formatted_price":"12,50&nbsp;\u20ac","formatted_published_date":"2 mai 2024","publisher_availability_label":"Sur commande","short_details":"Gertrude Warner Chandler, Marl\u00e8ne Merveilleux, Mireille Pierre \u2014 Les \u00c9ditions Novel","translator":"MIREILLE PIERRE","weight":214,"page_count":176,"readership":"\u00e0 partir de 9 ANS","editor":"Les \u00c9ditions Novel","price":1250,"published_date":"2024-05-01T22:00:00.000000Z","support":"Grand format","publisher_availability":1,"stock":0,"editions":[],"url":"https:\/\/quaidesbrumes.com\/ouvrage\/9782494362468\/les-enfants-boxcar-le-ranch-aux-secrets"},{"id":"9782095038540","title":"Les filles au chocolat Tome 9,5 : Coeur flocon","description":"Une romance in\u00e9dite pour No\u00ebl, au format novella !\r\nCoco, la plus militante et \u00e9colo des soeurs Tanberry, a recueilli un nouvel animal : un cacato\u00e8s. \u00c0 cette occasion, elle rencontre Jon, le neveu de la v\u00e9t\u00e9rinaire locale, venu faire un stage. Les papillons qui naissent dans son ventre lui font r\u00e9aliser que Stevie, son compagnon de toujours, est devenu plus un meilleur ami pour elle que son petit ami.\r\nArrivera-t-elle \u00e0 mettre de l'ordre dans son coeur \u00e0 temps pour la grande f\u00eate de No\u00ebl du village ?\r\n\r\nUn objet-cadeau parfait pour les f\u00eates : mini-format cartonn\u00e9 avec une fabrication soign\u00e9e.\r\nTriangle amoureux, coups de foudre et grandes d\u00e9clarations : tous les ingr\u00e9dients pour les amateurs de romance.\r\n\r\nUn roman de No\u00ebl incontournable \u00e0 partir de 11 ans.","authors":["Cathy Cassidy","Anne Guitton"],"category_codes":["2000000","2040000","2040300"],"visuals":{"large":"https:\/\/images.epagine.fr\/540\/9782095038540_1_75.jpg","medium":"https:\/\/images.epagine.fr\/540\/9782095038540_1_m.jpg","thumbnail":"https:\/\/images.epagine.fr\/540\/9782095038540_1_v.jpg"},"orderable":true,"show_badge":true,"formatted_price":"8,80&nbsp;\u20ac","formatted_published_date":"24 octobre 2024","publisher_availability_label":"Sur commande","short_details":"Cathy Cassidy, Anne Guitton \u2014 Nathan","translator":"ANNE GUITTON","weight":190,"page_count":176,"readership":"\u00e0 partir de 10 ANS","editor":"Nathan","price":880,"published_date":"2024-10-23T22:00:00.000000Z","support":"Grand format","publisher_availability":1,"stock":0,"editions":[],"url":"https:\/\/quaidesbrumes.com\/ouvrage\/9782095038540\/les-filles-au-chocolat-tome-95-coeur-flocon"},{"id":"9782012245563","title":"Monsieur Incroyable","description":"Monsieur Non, Madame Canaille, Monsieur Costaud et tous leurs amis. Des personnages connus de tous les enfants pour d\u00e9couvrir les traits de caract\u00e8res et les premi\u00e8res notions avec humour. Une collection de r\u00e9f\u00e9rence, fortement prescrite dans les \u00e9coles.","authors":["Roger Hargreaves"],"category_codes":["2000000","2030000","2030400"],"visuals":{"large":"https:\/\/images.epagine.fr\/563\/9782012245563_1_75.jpg","medium":"https:\/\/images.epagine.fr\/563\/9782012245563_1_m.jpg","thumbnail":"https:\/\/images.epagine.fr\/563\/9782012245563_1_v.jpg"},"orderable":true,"show_badge":true,"formatted_price":"2,90&nbsp;\u20ac","formatted_published_date":"15 octobre 2008","publisher_availability_label":"Sur commande","short_details":"Roger Hargreaves \u2014 Hachette Jeunesse","translator":null,"weight":54,"page_count":40,"readership":"\u00e0 partir de 4 ANS","editor":"Hachette Jeunesse","price":290,"published_date":"2008-10-14T22:00:00.000000Z","support":"Poche","publisher_availability":1,"stock":0,"editions":[],"url":"https:\/\/quaidesbrumes.com\/ouvrage\/9782012245563\/monsieur-incroyable"},{"id":"9782075123020","title":"Vivre seul avec papa ou maman","description":"Nouvelle \u00e9dition en 2019","authors":["Catherine Dolto","Colline Faure-poir\u00e9e"],"category_codes":["2000000","2070000","2070700"],"visuals":{"large":"https:\/\/images.epagine.fr\/020\/9782075123020_1_75.jpg","medium":"https:\/\/images.epagine.fr\/020\/9782075123020_1_m.jpg","thumbnail":"https:\/\/images.epagine.fr\/020\/9782075123020_1_v.jpg"},"orderable":true,"show_badge":true,"formatted_price":"6,90&nbsp;\u20ac","formatted_published_date":"25 avril 2019","publisher_availability_label":"Sur commande","short_details":"Catherine Dolto, Colline Faure-poir\u00e9e \u2014 Gallimard Jeunesse","translator":null,"weight":190,"page_count":32,"readership":null,"editor":"Gallimard Jeunesse","price":690,"published_date":"2019-04-24T22:00:00.000000Z","support":"Grand format","publisher_availability":1,"stock":0,"editions":[],"url":"https:\/\/quaidesbrumes.com\/ouvrage\/9782075123020\/vivre-seul-avec-papa-ou-maman"},{"id":"9782070660452","title":"A comme aujourd'hui","description":"Chaque matin, A se r\u00e9veille dans un corps diff\u00e9rent, dans une nouvelle vie, et ne dispose d'aucun moyen de savoir qui sera son h\u00f4te. Une seule chose est s\u00fbre : il n'empruntera cette identit\u00e9 que le temps d'une journ\u00e9e. Aussi incroyable que cela puisse para\u00eetre, A a accept\u00e9 cet \u00e9tat de fait, et a m\u00eame \u00e9tabli plusieurs r\u00e8gles qui r\u00e9gissent son existence : ne pas s'attacher, ne pas se faire remarquer, ne jamais s'immiscer dans la vie de l'autre. Jusqu'\u00e0 ce qu'il se r\u00e9veille dans le corps de Justin, 16 ans, et qu'il fasse la connaissance de Rhiannon, sa petite amie. D\u00e8s lors, il n'est plus question de subir : il tente par tous les moyens de la revoir, quitte \u00e0 bouleverser la vie de ses h\u00f4tes. Car A a enfin crois\u00e9 quelqu'un avec qui il veut \u00eatre jour apr\u00e8s jour...","authors":["David Levithan","Simon Baril"],"category_codes":["2000000","2050000"],"visuals":{"large":"https:\/\/images.epagine.fr\/452\/9782070660452_1_75.jpg","medium":"https:\/\/images.epagine.fr\/452\/9782070660452_1_m.jpg","thumbnail":"https:\/\/images.epagine.fr\/452\/9782070660452_1_v.jpg"},"orderable":true,"show_badge":true,"formatted_price":"8,20&nbsp;\u20ac","formatted_published_date":"19 mars 2015","publisher_availability_label":"Sur commande","short_details":"David Levithan, Simon Baril \u2014 Gallimard Jeunesse","translator":"SIMON BARIL","weight":227,"page_count":448,"readership":"\u00e0 partir de 12 ANS","editor":"Gallimard Jeunesse","price":820,"published_date":"2015-03-18T23:00:00.000000Z","support":"Poche","publisher_availability":1,"stock":0,"editions":[],"url":"https:\/\/quaidesbrumes.com\/ouvrage\/9782070660452\/a-comme-aujourdhui"},{"id":"9782017297857","title":"Louise Michel : je suis tout en orage","description":"La petite Louise a des r\u00eaves de g\u00e9ante. Enfant d\u00e9j\u00e0, elle r\u00e9dige des pamphlets et s'insurge contre les injustices. Adolescente, elle prend conscience de l'oppression du peuple, en particulier des femmes, vole pour nourrir les plus pauvres et \u00e9crit des lettres passionn\u00e9es \u00e0 Victor Hugo. Adulte, sa col\u00e8re gronde et ses mots font fr\u00e9mir, galvanisant les courages, enflammant les coeurs, dans les campagnes comme sur les barricades.","authors":["Carole Tr\u00e9bor"],"category_codes":["2000000","2040000","2040500"],"visuals":{"large":"https:\/\/images.epagine.fr\/857\/9782017297857_1_75.jpg","medium":"https:\/\/images.epagine.fr\/857\/9782017297857_1_m.jpg","thumbnail":"https:\/\/images.epagine.fr\/857\/9782017297857_1_v.jpg"},"orderable":true,"show_badge":true,"formatted_price":"7,90&nbsp;\u20ac","formatted_published_date":"13 ao\u00fbt 2025","publisher_availability_label":"Sur commande","short_details":"Carole Tr\u00e9bor \u2014 Le Livre de Poche Jeunesse","translator":null,"weight":207,"page_count":336,"readership":"\u00e0 partir de 13 ANS","editor":"Le Livre de Poche Jeunesse","price":790,"published_date":"2025-08-12T22:00:00.000000Z","support":"Poche","publisher_availability":1,"stock":0,"editions":["9782226453754"],"url":"https:\/\/quaidesbrumes.com\/ouvrage\/9782017297857\/louise-michel-je-suis-tout-en-orage"},{"id":"9782884807531","title":"Max en a marre de sa soeur","description":"Au ski, Max ne supporte plus Lili qui prend toute la place... Ce livre parle de la relation avec un fr\u00e8re ou une soeur, de la jalousie, mais aussi de la complicit\u00e9. Il montre que chacun a besoin d'attention et qu'on a toujours int\u00e9r\u00eat \u00e0 bien s'entendre !","authors":["Dominique de Saint-Mars","Serge Bloch"],"category_codes":["2000000","2040000","2040200"],"visuals":{"large":"https:\/\/images.epagine.fr\/531\/9782884807531_1_75.jpg","medium":"https:\/\/images.epagine.fr\/531\/9782884807531_1_m.jpg","thumbnail":"https:\/\/images.epagine.fr\/531\/9782884807531_1_v.jpg"},"orderable":true,"show_badge":true,"formatted_price":"6,20&nbsp;\u20ac","formatted_published_date":"9 f\u00e9vrier 2017","publisher_availability_label":"Sur commande","short_details":"Dominique de Saint-Mars, Serge Bloch \u2014 Calligram","translator":null,"weight":115,"page_count":43,"readership":"6\/9 ans","editor":"Calligram","price":620,"published_date":"2017-02-08T23:00:00.000000Z","support":"Grand format","publisher_availability":1,"stock":0,"editions":[],"url":"https:\/\/quaidesbrumes.com\/ouvrage\/9782884807531\/max-en-a-marre-de-sa-soeur"},{"id":"9782017015369","title":"J'apprends \u00e0 lire avec Sami et Julie : Sami est malade","description":"Qu'est-ce qu'on s'ennuie quand on est malade  ! N'est-ce pas, Sami  ?\r\n  \r\n\u00ab  J'apprends \u00e0 lire avec Sami et Julie  \u00bb est une collection de petites histoires sp\u00e9cialement con\u00e7ue pour les enfants apprenant \u00e0 lire. Le texte est \u00e9crit en gros, les mots sont bien d\u00e9tach\u00e9s les uns des autres et les lignes bien espac\u00e9es. Les histoires sont courtes, dr\u00f4les et tr\u00e8s faciles \u00e0 lire. \u00c9crites avec des mots en ad\u00e9quation avec leur progression, une quantit\u00e9 de texte \u00e0 lire r\u00e9duite et adapt\u00e9e, pour que l'enfant reste motiv\u00e9 et prenne confiance.\r\nEn plus de la petite histoire, le livre contient  : des conseils pour accompagner l'enfant dans ses premi\u00e8res lectures, la pr\u00e9sentation des personnages, des activit\u00e9s pour pr\u00e9parer la lecture, et \u00e0 la fin  : \u00ab  As-tu bien compris l'histoire  ?  \u00bb pour donner du sens \u00e0 ce que l'enfant a lu et aller plus loin que le simple d\u00e9chiffrage ainsi qu'une rubrique \u00ab  Et toi, qu'en penses-tu  ?  \u00bb avec des petites questions pour \u00ab  faire r\u00e9fl\u00e9chir  \u00bb ou simplement discuter autour de l'histoire.","authors":["Th\u00e9r\u00e8se Bont\u00e9"],"category_codes":["2000000","2030000","2030300"],"visuals":{"large":"https:\/\/images.epagine.fr\/369\/9782017015369_1_75.jpg","medium":"https:\/\/images.epagine.fr\/369\/9782017015369_1_m.jpg","thumbnail":"https:\/\/images.epagine.fr\/369\/9782017015369_1_v.jpg"},"orderable":true,"show_badge":true,"formatted_price":"3,40&nbsp;\u20ac","formatted_published_date":"3 octobre 2018","publisher_availability_label":"Sur commande","short_details":"Th\u00e9r\u00e8se Bont\u00e9 \u2014 Hachette Education","translator":null,"weight":80,"page_count":32,"readership":"3\/6 ans","editor":"Hachette Education","price":340,"published_date":"2018-10-02T22:00:00.000000Z","support":"Poche","publisher_availability":1,"stock":0,"editions":[],"url":"https:\/\/quaidesbrumes.com\/ouvrage\/9782017015369\/japprends-a-lire-avec-sami-et-julie-sami-est-malade"},{"id":"9782080484505","title":"Je suis en CP : Un chien \u00e0 l'\u00e9cole","description":"\u00ab- Oh ! Il y a un chien ! dit Basil. - Il est beau ! dit Alice. - Il est \u00e0 moi, dit L\u00e9o. C'est mon nouveau b\u00e9b\u00e9 chien.\u00bb 1 histoire + 1 dico mot-image + des activit\u00e9s ludiques.","authors":["Magdalena","Emmanuel Ristord"],"category_codes":["2000000","2040000","2040200"],"visuals":{"large":"https:\/\/images.epagine.fr\/505\/9782080484505_1_75.jpg","medium":"https:\/\/images.epagine.fr\/505\/9782080484505_1_m.jpg","thumbnail":"https:\/\/images.epagine.fr\/505\/9782080484505_1_v.jpg"},"orderable":true,"show_badge":true,"formatted_price":"5,80&nbsp;\u20ac","formatted_published_date":"4 juin 2025","publisher_availability_label":"Sur commande","short_details":"Magdalena, Emmanuel Ristord \u2014 P\u00e8re Castor","translator":null,"weight":108,"page_count":40,"readership":"\u00e0 partir de 6 ANS","editor":"P\u00e8re Castor","price":580,"published_date":"2025-06-03T22:00:00.000000Z","support":"Grand format","publisher_availability":1,"stock":0,"editions":[],"url":"https:\/\/quaidesbrumes.com\/ouvrage\/9782080484505\/je-suis-en-cp-un-chien-a-lecole"},{"id":"9791039556293","title":"Mon tout premier livre tissu : En noir et blanc !","description":"Un premier imagier en tissu noir et blanc pour \u00e9veiller b\u00e9b\u00e9 !\r\nUn livre en tissu \u00e0 contrastes pour un \u00e9veil visuel d\u00e8s le plus jeune \u00e2ge.\r\nEn format accord\u00e9on, ce livre en tissu propose diff\u00e9rents \u00e9l\u00e9ments de manipulation pour un \u00e9veil tactile et moteur : un anneau de dentition, un grelot, des flaps en feutrine, des rubans \u00e0 attraper et un incontournable : le miroir. \r\nUn cadeau de naissance id\u00e9al !","authors":["Wendy Kendall"],"category_codes":["2000000","2020000","2020200"],"visuals":{"large":"https:\/\/images.epagine.fr\/293\/9791039556293_1_75.jpg","medium":"https:\/\/images.epagine.fr\/293\/9791039556293_1_m.jpg","thumbnail":"https:\/\/images.epagine.fr\/293\/9791039556293_1_v.jpg"},"orderable":true,"show_badge":true,"formatted_price":"0,00&nbsp;\u20ac","formatted_published_date":"3 juillet 2025","publisher_availability_label":"Sur commande","short_details":"Wendy Kendall \u2014 Auzou","translator":null,"weight":400,"page_count":8,"readership":"0\/3 ans","editor":"Auzou","price":0,"published_date":"2025-07-02T22:00:00.000000Z","support":"Grand format","publisher_availability":1,"stock":0,"editions":[],"url":"https:\/\/quaidesbrumes.com\/ouvrage\/9791039556293\/mon-tout-premier-livre-tissu-en-noir-et-blanc"},{"id":"9791027613335","title":"Les ch\u00e2teaux forts","description":"Quel est le b\u00e2timent le mieux prot\u00e9g\u00e9 du ch\u00e2teau fort ? O\u00f9 se d\u00e9roulent les tournois ? Quel est le poids d'une armure de chevaliers ? Un documentaire complet sur une th\u00e9matique passion des enfants : les ch\u00e2teaux forts.\r\nUn livre documentaire ludique\u00a0\r\nUn livre documentaire anim\u00e9 avec plus de 40 flaps pour d\u00e9couvrir l'int\u00e9rieur d'une tour, lancer des cailloux sur les ennemis, construire des cr\u00e9neaux...Sur chaque page, le lecteur retrouve, en plus des informations documentaires, des cherche-et-trouve amusants pour d\u00e9couvrir les ch\u00e2teaux forts dans leurs moindres d\u00e9tails. Le quiz \u00e0 la fin permet de se tester et de valider ses connaissances !\u00a0\r\nTourbidoc Junior pour apprendre en s'amusant entre 4 et 7 ans\r\nNouveaut\u00e9 dans la collection Tourbidoc sur une th\u00e9matique passionnante : les ch\u00e2teaux-forts. Les illustrations de Didier Balicevic permettent de se plonger au temps des chevaliers, chaque page fourmillant de petits d\u00e9tails \u00e0 observer.\u00a0","authors":["Sophie Dussaussois","Didier Balicevic"],"category_codes":["2000000","2070000","2070400"],"visuals":{"large":"https:\/\/images.epagine.fr\/335\/9791027613335_1_75.jpg","medium":"https:\/\/images.epagine.fr\/335\/9791027613335_1_m.jpg","thumbnail":"https:\/\/images.epagine.fr\/335\/9791027613335_1_v.jpg"},"orderable":true,"show_badge":true,"formatted_price":"11,90&nbsp;\u20ac","formatted_published_date":"15 octobre 2025","publisher_availability_label":"Sur commande","short_details":"Sophie Dussaussois, Didier Balicevic \u2014 \u00c9ditions Tourbillon","translator":null,"weight":372,"page_count":14,"readership":"\u00e0 partir de 4 ANS","editor":"\u00c9ditions Tourbillon","price":1190,"published_date":"2025-10-14T22:00:00.000000Z","support":"Grand format","publisher_availability":1,"stock":0,"editions":[],"url":"https:\/\/quaidesbrumes.com\/ouvrage\/9791027613335\/les-chateaux-forts"},{"id":"9782075175319","title":"Poucette : \u00c9coute ta toute premi\u00e8re histoire !","description":"L'aventure de la c\u00e9l\u00e8bre Poucette lue aux tout-petits avec fra\u00eecheur et douceur, accompagn\u00e9e de musiques et de bruitages. Et toujours \u00e0 la fin, un jeu de cherche et trouve sonore gr\u00e2ce \u00e0 une puce al\u00e9atoire in\u00e9dite et tr\u00e8s ludique !","authors":["Marion Billet"],"category_codes":["2000000","2020000","2020200"],"visuals":{"large":"https:\/\/images.epagine.fr\/319\/9782075175319_1_75.jpg","medium":"https:\/\/images.epagine.fr\/319\/9782075175319_1_m.jpg","thumbnail":"https:\/\/images.epagine.fr\/319\/9782075175319_1_v.jpg"},"orderable":true,"show_badge":true,"formatted_price":"10,00&nbsp;\u20ac","formatted_published_date":"9 novembre 2023","publisher_availability_label":"Sur commande","short_details":"Marion Billet \u2014 Gallimard Jeunesse","translator":null,"weight":252,"page_count":12,"readership":"\u00e0 partir de 2 ANS","editor":"Gallimard Jeunesse","price":1000,"published_date":"2023-11-08T23:00:00.000000Z","support":"Grand format","publisher_availability":1,"stock":0,"editions":[],"url":"https:\/\/quaidesbrumes.com\/ouvrage\/9782075175319\/poucette-ecoute-ta-toute-premiere-histoire"},{"id":"9782266344586","title":"Coyote perdue et retrouv\u00e9e","description":"Il est l'heure de reprendre la route...\r\nDepuis presque un an, Coyote et son p\u00e8re, Rodeo, se sont install\u00e9s dans l'Oregon. Mais au moment o\u00f9 leur vie redevient (presque) ordinaire, la jeune fille trouve une bo\u00eete, contenant... les cendres de sa m\u00e8re. Il est temps de reprendre la route, afin d'aller les disperser.\r\nIl reste pourtant un probl\u00e8me de taille : Coyote n'a aucune id\u00e9e de l'endroit que sa m\u00e8re a choisi ! Le secret est cach\u00e9 dans un livre, vendu par erreur, des mois plus t\u00f4t. Comment le retrouver, sans que son p\u00e8re d\u00e9couvre la v\u00e9rit\u00e9 ?\r\nHeureusement, Coyote peut toujours compter sur ses vieux amis. Et qui sait quelles surprises les nouvelles rencontres lui r\u00e9servent ?","authors":["Dan Gemeinhart"],"category_codes":["2000000","2040000","2040500"],"visuals":{"large":"https:\/\/images.epagine.fr\/586\/9782266344586_1_75.jpg","medium":"https:\/\/images.epagine.fr\/586\/9782266344586_1_m.jpg","thumbnail":"https:\/\/images.epagine.fr\/586\/9782266344586_1_v.jpg"},"orderable":true,"show_badge":true,"formatted_price":"18,90&nbsp;\u20ac","formatted_published_date":"17 octobre 2024","publisher_availability_label":"Sur commande","short_details":"Dan Gemeinhart \u2014 Pocket Jeunesse","translator":"ISABELLE TROIN","weight":366,"page_count":336,"readership":"\u00e0 partir de 6 ANS","editor":"Pocket Jeunesse","price":1890,"published_date":"2024-10-16T22:00:00.000000Z","support":"Grand format","publisher_availability":1,"stock":0,"editions":[],"url":"https:\/\/quaidesbrumes.com\/ouvrage\/9782266344586\/coyote-perdue-et-retrouvee"},{"id":"9791039555296","title":"Z\u00e9lie et les \u00e9motions en famille","description":"La jalousie entre fr\u00e8re et soeur ? \u00c7a arrive dans toutes les famille !\r\nZ\u00e9lie en a marre de son petit fr\u00e8re ! Il a toujours un brin d'herbe en plus dans son assiette, il veut tout faire comme elle et la suit partout. Mais en y regardant de plus pr\u00e8s c'est tr\u00e8s satisfaisant de pouvoir l'aider \u00e0 grandir !","authors":["Estelle Mialon","Shiilia"],"category_codes":["2000000","2030000","2030400"],"visuals":{"large":"https:\/\/images.epagine.fr\/296\/9791039555296_1_75.jpg","medium":"https:\/\/images.epagine.fr\/296\/9791039555296_1_m.jpg","thumbnail":"https:\/\/images.epagine.fr\/296\/9791039555296_1_v.jpg"},"orderable":true,"show_badge":true,"formatted_price":"11,95&nbsp;\u20ac","formatted_published_date":"11 septembre 2025","publisher_availability_label":"Sur commande","short_details":"Estelle Mialon, Shiilia \u2014 Auzou","translator":null,"weight":488,"page_count":32,"readership":"3\/6 ans","editor":"Auzou","price":1195,"published_date":"2025-09-10T22:00:00.000000Z","support":"Grand format","publisher_availability":1,"stock":0,"editions":[],"url":"https:\/\/quaidesbrumes.com\/ouvrage\/9791039555296\/zelie-et-les-emotions-en-famille"},{"id":"9782385651138","title":"L'\u00c9cole secr\u00e8te des dragons Tome 2 : Le dragon aux cornes d'argent","description":"\" Devant lui, un dragon vert jade \u00e9tait encha\u00een\u00e9 dans un cachot. Il appartenait \u00e0 une esp\u00e8ce qu'Henry n'avait encore jamais vue. \"\r\nL'ann\u00e9e scolaire bat son plein aux Sept-Feux. Entre ses entra\u00eenements \u00e0 la balle au dragon, ses le\u00e7ons de Sciences de l'or ou ses travaux \u00e0 la forge, Henry n'a pas le temps de s'ennuyer. Pourtant, un dragon d'une esp\u00e8ce inconnue vient hanter ses r\u00eaves et lui g\u00e2cher ses nuits.\r\nEst-ce son imagination qui lui joue des tours, ou parvient-il r\u00e9ellement \u00e0 communiquer avec plusieurs dragons, ce qui est th\u00e9oriquement impossible ? C'est ce qu'Henry et ses compagnons vont tenter de d\u00e9couvrir en enqu\u00eatant sur ce myst\u00e9rieux dragon aux cornes d'argent.","authors":["Emily Skye","Pascal Noldner","Lyse Leroy"],"category_codes":["2000000","2040000","2040500","2040504"],"visuals":{"large":"https:\/\/images.epagine.fr\/138\/9782385651138_1_75.jpg","medium":"https:\/\/images.epagine.fr\/138\/9782385651138_1_m.jpg","thumbnail":"https:\/\/images.epagine.fr\/138\/9782385651138_1_v.jpg"},"orderable":true,"show_badge":true,"formatted_price":"8,00&nbsp;\u20ac","formatted_published_date":"11 septembre 2025","publisher_availability_label":"Sur commande","short_details":"Emily Skye, Pascal Noldner, Lyse Leroy \u2014 P\u00e0L","translator":"LYSE LEROY","weight":154,"page_count":272,"readership":"\u00e0 partir de 8 ANS","editor":"P\u00e0L","price":800,"published_date":"2025-09-10T22:00:00.000000Z","support":"Poche","publisher_availability":1,"stock":0,"editions":["9782385700270"],"url":"https:\/\/quaidesbrumes.com\/ouvrage\/9782385651138\/lecole-secrete-des-dragons-tome-2-le-dragon-aux-cornes-dargent"},{"id":"9791039560719","title":"Je vais sur le pot","description":"Un calendrier et plein d'autocollants aider l'enfant \u00e0 aller sur le pot !\r\nUn calendrier \u00e0 remplir avec des autocollants pipi et caca pour aider et faciliter l'utilisation du pot. Des conseils d'une p\u00e9dopsychiatre \u00e0 l'usage des parents et un super dipl\u00f4me compl\u00e8tent ce manuel pr\u00eat \u00e0 l'emploi !","authors":["Lili La Baleine Verte"],"category_codes":["2000000","2020000"],"visuals":{"large":"https:\/\/images.epagine.fr\/719\/9791039560719_1_75.jpg","medium":"https:\/\/images.epagine.fr\/719\/9791039560719_1_m.jpg","thumbnail":"https:\/\/images.epagine.fr\/719\/9791039560719_1_v.jpg"},"orderable":true,"show_badge":true,"formatted_price":"7,95&nbsp;\u20ac","formatted_published_date":"24 avril 2025","publisher_availability_label":"Sur commande","short_details":"Lili La Baleine Verte \u2014 Auzou","translator":null,"weight":236,"page_count":null,"readership":"0\/3 ans","editor":"Auzou","price":795,"published_date":"2025-04-23T22:00:00.000000Z","support":"Grand format","publisher_availability":1,"stock":0,"editions":[],"url":"https:\/\/quaidesbrumes.com\/ouvrage\/9791039560719\/je-vais-sur-le-pot"},{"id":"9782386142505","title":"C'est quoi d\u00e9j\u00e0 ? : La Renaissance","description":"On veut du neuf ! Allez hop le Moyen-\u00c2ge c'est fini, on commence la Renaissance maintenant. On r\u00e9vise ses hauts lieux et les grands \u00e9v\u00e8nements de la p\u00e9riode. On identifie les chiffres cl\u00e9s, les dates \u00e0 conna\u00eetre, les personnages importants, les pays concern\u00e9s, on fait quelques blagues et c'est bon : on est pr\u00eats pour le contr\u00f4le d'histoire.\u00a0","authors":["Fran\u00e7oise Ancey","Bruno Wennagel"],"category_codes":["2000000","2070000","2070400"],"visuals":{"large":"https:\/\/images.epagine.fr\/505\/9782386142505_1_75.jpg","medium":"https:\/\/images.epagine.fr\/505\/9782386142505_1_m.jpg","thumbnail":"https:\/\/images.epagine.fr\/505\/9782386142505_1_v.jpg"},"orderable":true,"show_badge":true,"formatted_price":"8,95&nbsp;\u20ac","formatted_published_date":"25 f\u00e9vrier 2026","publisher_availability_label":"Sur commande","short_details":"Fran\u00e7oise Ancey, Bruno Wennagel \u2014 Quelle Histoire","translator":null,"weight":136,"page_count":40,"readership":null,"editor":"Quelle Histoire","price":895,"published_date":"2026-02-24T23:00:00.000000Z","support":"Grand format","publisher_availability":1,"stock":0,"editions":[],"url":"https:\/\/quaidesbrumes.com\/ouvrage\/9782386142505\/cest-quoi-deja-la-renaissance"}]}