{"data":[{"id":"9782080472670","title":"Histoire d'une toute petite taupe et d'un li\u00e8vre tr\u00e8s press\u00e9","description":"- C'est comment, une grenouille\u00a0? Et un arbre\u00a0? demande Toute-Petite-Taupe. Feu Follet le li\u00e8vre n'en sait rien, il ne s'arr\u00eate jamais pour observer, il est toujours si press\u00e9...","authors":["Sylvie Fournout","Rosalinde Bonnet"],"category_codes":["2000000","2030000","2030400"],"visuals":{"large":"https:\/\/images.epagine.fr\/670\/9782080472670_1_75.jpg","medium":"https:\/\/images.epagine.fr\/670\/9782080472670_1_m.jpg","thumbnail":"https:\/\/images.epagine.fr\/670\/9782080472670_1_v.jpg"},"orderable":true,"show_badge":true,"formatted_price":"5,95&nbsp;\u20ac","formatted_published_date":"11 juin 2025","publisher_availability_label":"Sur commande","short_details":"Sylvie Fournout, Rosalinde Bonnet \u2014 P\u00e8re Castor","translator":null,"weight":110,"page_count":32,"readership":"3\/6 ans","editor":"P\u00e8re Castor","price":595,"published_date":"2025-06-10T22:00:00.000000Z","support":"Grand format","publisher_availability":1,"stock":0,"editions":["9782080297938"],"url":"https:\/\/quaidesbrumes.com\/ouvrage\/9782080472670\/histoire-dune-toute-petite-taupe-et-dun-lievre-tres-presse"},{"id":"9782075224345","title":"Minecraft - chroniques de l'\u00e9p\u00e9e de fer Tome 2","description":"Quand cinq coll\u00e9giens se retrouvent propuls\u00e9s dans l'univers \u00e9trange et fascinant de Minecraft!\r\nAsh et G\u00e9g\u00e9 sont en danger\u00a0! Poursuivis par une horde de cr\u00e9atures hostiles, ils n'ont plus qu'un espoir\u00a0:\u00a0que leurs amis se connectent \u00e0 temps pour les sauver. Mais Po, Harper et les autres sont coinc\u00e9s en retenue \u00e0 l'acad\u00e9mie de l'\u00c9p\u00e9e de Fer\u00a0! Parviendront-ils \u00e0 rejoindre le jeu avant qu'il ne soit trop tard\u00a0?","authors":["Caleb Zane Huett"],"category_codes":["2000000","2040000","2040200"],"visuals":{"large":"https:\/\/images.epagine.fr\/345\/9782075224345_1_75.jpg","medium":"https:\/\/images.epagine.fr\/345\/9782075224345_1_m.jpg","thumbnail":"https:\/\/images.epagine.fr\/345\/9782075224345_1_v.jpg"},"orderable":true,"show_badge":true,"formatted_price":"9,90&nbsp;\u20ac","formatted_published_date":"9 octobre 2025","publisher_availability_label":"Sur commande","short_details":"Caleb Zane Huett \u2014 Gallimard Jeunesse","translator":null,"weight":198,"page_count":160,"readership":"\u00e0 partir de 6 ANS","editor":"Gallimard Jeunesse","price":990,"published_date":"2025-10-08T22:00:00.000000Z","support":"Grand format","publisher_availability":1,"stock":0,"editions":[],"url":"https:\/\/quaidesbrumes.com\/ouvrage\/9782075224345\/minecraft-chroniques-de-lepee-de-fer-tome-2"},{"id":"9782244061320","title":"Baleines, ours, pingouins...","description":"Renards polaires, morses, orques, phoques, macareux... Plus de 80 gommettes autocollantes pour r\u00e9aliser des sc\u00e8nes sur la banquise ou dans ses eaux glac\u00e9es avec les animaux pr\u00e9f\u00e9r\u00e9s des enfants ! Place \u00e0 l'imagination !","authors":["Chiara Nocentini"],"category_codes":["2000000","2080000","2080200"],"visuals":{"large":"https:\/\/images.epagine.fr\/320\/9782244061320_1_75.jpg","medium":"https:\/\/images.epagine.fr\/320\/9782244061320_1_m.jpg","thumbnail":"https:\/\/images.epagine.fr\/320\/9782244061320_1_v.jpg"},"orderable":true,"show_badge":true,"formatted_price":"0,00&nbsp;\u20ac","formatted_published_date":"1er septembre 2025","publisher_availability_label":"Sur commande","short_details":"Chiara Nocentini \u2014 \u00c9ditions Lito","translator":null,"weight":505,"page_count":null,"readership":"\u00e0 partir de 3 ANS","editor":"\u00c9ditions Lito","price":0,"published_date":"2025-08-31T22:00:00.000000Z","support":"Papeterie \/ Coloriage","publisher_availability":1,"stock":0,"editions":[],"url":"https:\/\/quaidesbrumes.com\/ouvrage\/9782244061320\/baleines-ours-pingouins"},{"id":"9791039562737","title":"Cherche et trouve des tout-petits sonore : La ferme","description":"Pr\u00e8s de 100 sons \u00e0 d\u00e9couvrir.\r","authors":["Mei Stoyva"],"category_codes":["2000000","2020000","2020200"],"visuals":{"large":"https:\/\/images.epagine.fr\/737\/9791039562737_1_75.jpg","medium":"https:\/\/images.epagine.fr\/737\/9791039562737_1_m.jpg","thumbnail":"https:\/\/images.epagine.fr\/737\/9791039562737_1_v.jpg"},"orderable":true,"show_badge":true,"formatted_price":"20,95&nbsp;\u20ac","formatted_published_date":"2 octobre 2025","publisher_availability_label":"Sur commande","short_details":"Mei Stoyva \u2014 Auzou","translator":null,"weight":666,"page_count":26,"readership":"0\/3 ans","editor":"Auzou","price":2095,"published_date":"2025-10-01T22:00:00.000000Z","support":"Grand format","publisher_availability":1,"stock":0,"editions":[],"url":"https:\/\/quaidesbrumes.com\/ouvrage\/9791039562737\/cherche-et-trouve-des-tout-petits-sonore-la-ferme"},{"id":"9782017359074","title":"Cherche et trouve : O\u00f9 sont cach\u00e9s les poussins ?","description":"Tes amis les poussins partent \u00e0 l'aventure !\r\nLes sept fr\u00e8res et soeurs de la ferme du Bois-Joli ont d\u00e9cid\u00e9 de g\u00e2ter Olga, leur maman poule, pour son anniversaire !\r\nPour cela, ils s'en vont parcourir le monde \u00e0 la recherche des plus beaux cadeaux \u00e0 lui offrir.\r\nSauras-tu retrouver les 7 poussins cach\u00e9s dans les 16 sc\u00e8nes de ton livre ?\r\nN'oublie pas de chercher aussi les \u00e9l\u00e9ments bonus !\r","authors":["Emmanuelle Causs\u00e9","Andy Rowland"],"category_codes":["2000000","2030000","2030200"],"visuals":{"large":"https:\/\/images.epagine.fr\/074\/9782017359074_1_75.jpg","medium":"https:\/\/images.epagine.fr\/074\/9782017359074_1_m.jpg","thumbnail":"https:\/\/images.epagine.fr\/074\/9782017359074_1_v.jpg"},"orderable":true,"show_badge":true,"formatted_price":"9,95&nbsp;\u20ac","formatted_published_date":"1er avril 2026","publisher_availability_label":"Sur commande","short_details":"Emmanuelle Causs\u00e9, Andy Rowland \u2014 \u00c9ditions Deux Coqs d'Or","translator":null,"weight":494,"page_count":48,"readership":"6\/9 ans","editor":"\u00c9ditions Deux Coqs d'Or","price":995,"published_date":"2026-03-31T22:00:00.000000Z","support":"Grand format","publisher_availability":1,"stock":0,"editions":[],"url":"https:\/\/quaidesbrumes.com\/ouvrage\/9782017359074\/cherche-et-trouve-ou-sont-caches-les-poussins"},{"id":"9791023504934","title":"Je suis un lion","description":"Un canard marche d'un pas d\u00e9cid\u00e9 au coeur de la savane lorsqu'il tombe sur un crocodile en pleine sieste.\r\nLoin d'\u00eatre effray\u00e9, notre petit canard est bien d\u00e9cid\u00e9 \u00e0 r\u00e9veiller le reptile et \u00e0 continuer sa route.\r\nAntonin Louchard offre ici un album qui fera rire aux larmes les petits comme les grands !\r","authors":["Antonin Louchard"],"category_codes":["2000000","2020000","2020400"],"visuals":{"large":"https:\/\/images.epagine.fr\/934\/9791023504934_1_75.jpg","medium":"https:\/\/images.epagine.fr\/934\/9791023504934_1_m.jpg","thumbnail":"https:\/\/images.epagine.fr\/934\/9791023504934_1_v.jpg"},"orderable":true,"show_badge":true,"formatted_price":"9,90&nbsp;\u20ac","formatted_published_date":"9 avril 2015","publisher_availability_label":"Sur commande","short_details":"Antonin Louchard \u2014 Le Seuil jeunesse","translator":null,"weight":192,"page_count":40,"readership":"0\/3 ans","editor":"Le Seuil jeunesse","price":990,"published_date":"2015-04-08T22:00:00.000000Z","support":"Grand format","publisher_availability":1,"stock":0,"editions":[],"url":"https:\/\/quaidesbrumes.com\/ouvrage\/9791023504934\/je-suis-un-lion"},{"id":"9782095049867","title":"La famille trop d'filles : S.O.S. babysitteur !","description":"Comment dire au revoir \u00e0 quelqu'un qu'on aime ? Une histoire touchante sur l'acceptation du changement o\u00f9 des enfants transforment leur tristesse en action pour tourner une page importante de leur vie.\r\nL'heure est arriv\u00e9e pour Billy de retourner d\u00e9finitivement en Irlande ouvrir son restaurant. Les enfants sont tristes mais ils ont une derni\u00e8re mission \u00e0 remplir avec Billy : trouver celui ou celle qui le remplacera. Et ce n'est pas une mince affaire !\r\nLa famille Arthur trouvera-t-elle un nouveau babysitteur ?\r\n\r\nUn petit roman qui aborde avec sensibilit\u00e9 les th\u00e8mes des s\u00e9parations et des transitions de la vie quotidienne, si importantes dans le d\u00e9veloppement des \u00e9motions des enfants, et accessible d\u00e8s 6 ans.\r","authors":["Susie Morgenstern","Clotka"],"category_codes":["2000000","2040000","2040500","2040508"],"visuals":{"large":"https:\/\/images.epagine.fr\/867\/9782095049867_1_75.jpg","medium":"https:\/\/images.epagine.fr\/867\/9782095049867_1_m.jpg","thumbnail":"https:\/\/images.epagine.fr\/867\/9782095049867_1_v.jpg"},"orderable":true,"show_badge":true,"formatted_price":"6,50&nbsp;\u20ac","formatted_published_date":"5 juin 2025","publisher_availability_label":"Sur commande","short_details":"Susie Morgenstern, Clotka \u2014 Nathan","translator":null,"weight":142,"page_count":48,"readership":"6\/9 ans","editor":"Nathan","price":650,"published_date":"2025-06-04T22:00:00.000000Z","support":"Grand format","publisher_availability":1,"stock":0,"editions":[],"url":"https:\/\/quaidesbrumes.com\/ouvrage\/9782095049867\/la-famille-trop-dfilles-sos-babysitteur"},{"id":"9782036071711","title":"\u00c0 cheval, Jos\u00e9phine Tome 2 : Un Pur-sang indomptable","description":"Jos\u00e9phine commence sa nouvelle vie aux Grandes \u00c9curies du ch\u00e2teau de Chantilly. Elle a \u00e9t\u00e9 engag\u00e9e comme gar\u00e7on d'\u00e9curie, et se fait appel\u00e9e Joseph.\r\nLes \u00e9curies accueillent d\u00e9sormais un nouveau pensionnaire  : un fougueux Pur-sang arabe, offert par le Roi d'Espagne \u00e0 Monsieur le Duc. Son fils, le jeune prince Louis s'en voit confier le dressage. Mais un Pur-sang qui n'a connu que la libert\u00e9 peut-il \u00eatre dress\u00e9  ?\r\nLe cheval \u00e9tant beaucoup trop sauvage, Louis demande secr\u00e8tement de l'aide \u00e0 ce jeune \u00ab Joseph \u00bb qui semble savoir y faire avec les chevaux...  \r\n***\r\nJos\u00e9phine est pr\u00eate \u00e0 tout pour apprivoiser l'\u00e9talon.\r\nMettra-t-elle en p\u00e9ril son identit\u00e9 secr\u00e8te ?\r","authors":["Tess Corsac","Maya"],"category_codes":["2000000","2040000","2040300"],"visuals":{"large":"https:\/\/images.epagine.fr\/711\/9782036071711_1_75.jpg","medium":"https:\/\/images.epagine.fr\/711\/9782036071711_1_m.jpg","thumbnail":"https:\/\/images.epagine.fr\/711\/9782036071711_1_v.jpg"},"orderable":true,"show_badge":true,"formatted_price":"10,95&nbsp;\u20ac","formatted_published_date":"25 septembre 2024","publisher_availability_label":"Sur commande","short_details":"Tess Corsac, Maya \u2014 Larousse","translator":null,"weight":242,"page_count":128,"readership":"\u00e0 partir de 8 ANS","editor":"Larousse","price":1095,"published_date":"2024-09-24T22:00:00.000000Z","support":"Grand format","publisher_availability":1,"stock":0,"editions":[],"url":"https:\/\/quaidesbrumes.com\/ouvrage\/9782036071711\/a-cheval-josephine-tome-2-un-pur-sang-indomptable"},{"id":"9782092570890","title":"T'choupi ne veut pas se coucher","description":"T'choupi, l'ami des petits, accompagne l'enfant qui grandit !\r\nDes histoires qui racontent la vie des enfants de 2 \u00e0 4 ans, les grandes joies, les temps forts de la vie de famille et les petits tracas du quotidien. Gr\u00e2ce \u00e0 T'choupi, de nombreux petits probl\u00e8mes trouvent leur solution tout en douceur.\r\n \r\n R\u00e9sum\u00e9 de cette histoire : il est l'heure de dormir. Mais ce soir, T'choupi n'a vraiment pas sommeil...\r\n Nouveau : \u00e9coutez la version audio de l'histoire en scannant la couverture. Tous les albums T'choupi sont maintenant accompagn\u00e9s d'une version audio, accessible gratuitement avec l'application Nathan Live.\r\n Des livres pour les enfants de 2 \u00e0 4 ans con\u00e7us dans un format id\u00e9al pour les petites mains : coins arrondis, pages plastifi\u00e9es r\u00e9sistantes.\r","authors":["Thierry Courtin"],"category_codes":["2000000","2020000","2020400"],"visuals":{"large":"https:\/\/images.epagine.fr\/890\/9782092570890_1_75.jpg","medium":"https:\/\/images.epagine.fr\/890\/9782092570890_1_m.jpg","thumbnail":"https:\/\/images.epagine.fr\/890\/9782092570890_1_v.jpg"},"orderable":true,"show_badge":true,"formatted_price":"6,30&nbsp;\u20ac","formatted_published_date":"11 mai 2017","publisher_availability_label":"Sur commande","short_details":"Thierry Courtin \u2014 Nathan","translator":null,"weight":134,"page_count":24,"readership":"0\/3 ans","editor":"Nathan","price":630,"published_date":"2017-05-10T22:00:00.000000Z","support":"Grand format","publisher_availability":1,"stock":0,"editions":[],"url":"https:\/\/quaidesbrumes.com\/ouvrage\/9782092570890\/tchoupi-ne-veut-pas-se-coucher"},{"id":"9782080143990","title":"Je suis en maternelle : Mon bloc d'activit\u00e9s","description":"Ce bloc propose 30 jeux vari\u00e9s sp\u00e9cialement adapt\u00e9s aux enfants de moyenne section de maternelle. Au programme\u00a0:\u00a0jeux de logique, sudokus, points \u00e0 relier... Des activit\u00e9s ludiques et p\u00e9dagogiques pour d\u00e9couvrir les nombres, comparer des quantit\u00e9s, explorer les formes et les grandeurs\u00a0!","authors":["Astrid","Gael Chef D'H","Laure Du Fa\u00ff","Anne Kalicky"],"category_codes":["2000000","2080000"],"visuals":{"large":"https:\/\/images.epagine.fr\/990\/9782080143990_1_75.jpg","medium":"https:\/\/images.epagine.fr\/990\/9782080143990_1_m.jpg","thumbnail":"https:\/\/images.epagine.fr\/990\/9782080143990_1_v.jpg"},"orderable":true,"show_badge":true,"formatted_price":"4,95&nbsp;\u20ac","formatted_published_date":"4 f\u00e9vrier 2026","publisher_availability_label":"Sur commande","short_details":"Astrid, Gael Chef D'H, Laure Du Fa\u00ff, Anne Kalicky \u2014 P\u00e8re Castor","translator":null,"weight":190,"page_count":64,"readership":"3\/6 ans","editor":"P\u00e8re Castor","price":495,"published_date":"2026-02-03T23:00:00.000000Z","support":"Grand format","publisher_availability":1,"stock":0,"editions":["9782080143983","9782080144003"],"url":"https:\/\/quaidesbrumes.com\/ouvrage\/9782080143990\/je-suis-en-maternelle-mon-bloc-dactivites"},{"id":"9782925347552","title":"Hasel et Rose","description":"Il y avait Rose, nouveau visage dans une nouvelle rue. Dans une nouvelle ville, loin de tous ses rep\u00e8res. Esp\u00e9rant une chose qui ne vient pas, la fillette tente de dessiner ce qui lui manque tant. Mais peut-\u00eatre que cette chose n'existe tout simplement pas ? Jusqu'au jour o\u00f9 la mer lui rapporte une bo\u00eete aussi d\u00e9fra\u00eechie que pleine d'esp\u00e9rance.","authors":["Caroline Magerl","Christiane Duchesne"],"category_codes":["2000000","2030000","2030400"],"visuals":{"large":"https:\/\/images.epagine.fr\/552\/9782925347552_1_75.jpg","medium":"https:\/\/images.epagine.fr\/552\/9782925347552_1_m.jpg","thumbnail":"https:\/\/images.epagine.fr\/552\/9782925347552_1_v.jpg"},"orderable":true,"show_badge":true,"formatted_price":"17,00&nbsp;\u20ac","formatted_published_date":"6 f\u00e9vrier 2026","publisher_availability_label":"Sur commande","short_details":"Caroline Magerl, Christiane Duchesne \u2014 D'eux","translator":"CHRISTIANE DUCHESNE","weight":408,"page_count":32,"readership":"3\/6 ans","editor":"D'eux","price":1700,"published_date":"2026-02-05T23:00:00.000000Z","support":"Grand format","publisher_availability":1,"stock":0,"editions":[],"url":"https:\/\/quaidesbrumes.com\/ouvrage\/9782925347552\/hasel-et-rose"},{"id":"9782324036699","title":"Le livre de mes \u00e9motions : Entre fr\u00e8re et soeur","description":"Une histoire sur les relations entre fr\u00e8res et soeurs pour les plus petits !\r\nAujourd'hui, en rentrant de l'\u00e9cole, Andrew se rend compte que sa figurine a disparu... C'est sa petite soeur Emma qui a vol\u00e9 son jouet ! Et en plus, elle l'a parsem\u00e9 de gommettes \u00e0 paillettes ! Une terrible dispute \u00e9clate. Comment se r\u00e9concilier ?\r\nEntre col\u00e8re, joie, amour et jalousie, les relations entre fr\u00e8re et soeur ne sont pas de tout repos !\r\n\r\nUne histoire sur les relations au sein de la fratrie, cr\u00e9\u00e9e par St\u00e9phanie Couturier, sophrologue et psychomotricienne, pour accompagner les enfants dans la d\u00e9couverte de leurs \u00e9motions.","authors":["St\u00e9phanie Couturier","Maur\u00e8en Poignonec"],"category_codes":["2000000","2030000","2030400"],"visuals":{"large":"https:\/\/images.epagine.fr\/699\/9782324036699_1_75.jpg","medium":"https:\/\/images.epagine.fr\/699\/9782324036699_1_m.jpg","thumbnail":"https:\/\/images.epagine.fr\/699\/9782324036699_1_v.jpg"},"orderable":true,"show_badge":true,"formatted_price":"14,95&nbsp;\u20ac","formatted_published_date":"15 mai 2025","publisher_availability_label":"Sur commande","short_details":"St\u00e9phanie Couturier, Maur\u00e8en Poignonec \u2014 Gr\u00fcnd","translator":null,"weight":486,"page_count":32,"readership":"3\/6 ans","editor":"Gr\u00fcnd","price":1495,"published_date":"2025-05-14T22:00:00.000000Z","support":"Grand format","publisher_availability":1,"stock":0,"editions":[],"url":"https:\/\/quaidesbrumes.com\/ouvrage\/9782324036699\/le-livre-de-mes-emotions-entre-frere-et-soeur"},{"id":"9782494136274","title":"Stop aux fake news !","description":"Si tu te demandes souvent si une info est vraie ou fausse, alors ce livre est fait pour toi !\r\nTu y apprendras \u00e0 rep\u00e9rer les fausses infos, ces \u00ab fake news \u00bb qui se multiplient sur les r\u00e9seaux et tu d\u00e9couvriras comment fonctionnent les m\u00e9dias (radio, t\u00e9l\u00e9, podcasts...).\r\nQue tu t'informes sur TikTok, YouTube, Chat GPT ou un autre r\u00e9seau, ce livre r\u00e9pondra \u00e0 toutes tes questions :\r\n- Est-ce qu'on a le droit de tout dire sur les r\u00e9seaux sociaux ?\r\n- \u00c0 quoi faut-il faire attention avant de partager une info ?\r\n- C'est quoi un deepfake ?\r\nApprends \u00e0 d\u00e9crypter l'info pas \u00e0 pas gr\u00e2ce aux conseils de journalistes et \u00e0 exercer ton esprit critique !\r","authors":["Lise Pressac","Lina Fourneau","Cl\u00e9mentine Latron"],"category_codes":["2000000","2050000","2050400"],"visuals":{"large":"https:\/\/images.epagine.fr\/274\/9782494136274_1_75.jpg","medium":"https:\/\/images.epagine.fr\/274\/9782494136274_1_m.jpg","thumbnail":"https:\/\/images.epagine.fr\/274\/9782494136274_1_v.jpg"},"orderable":true,"show_badge":true,"formatted_price":"19,00&nbsp;\u20ac","formatted_published_date":"12 f\u00e9vrier 2026","publisher_availability_label":"Sur commande","short_details":"Lise Pressac, Lina Fourneau, Cl\u00e9mentine Latron \u2014 Magenta Editions","translator":null,"weight":197,"page_count":136,"readership":"\u00e0 partir de 12 ANS","editor":"Magenta Editions","price":1900,"published_date":"2026-02-11T23:00:00.000000Z","support":"Grand format","publisher_availability":1,"stock":0,"editions":[],"url":"https:\/\/quaidesbrumes.com\/ouvrage\/9782494136274\/stop-aux-fake-news"},{"id":"9782368563830","title":"Les animaux \u00e0 plumes \/ Les animaux \u00e0 poils","description":"Un leporello ludique, graphique et color\u00e9 pour d\u00e9couvrir 30 animaux.\r\nD'un c\u00f4t\u00e9 de cet \u00ab imagier duo \u00bb, l'enfant observe 15 animaux \u00e0 plumes: le kiwi, le paon, le flamant rose, l'oiseau de paradis...\r\nDe l'autre, 15 animaux \u00e0 poils : le chat, le lapin angora, le castor, le l\u00e9murien...\r","authors":["Lucie Brunelli\u00e8re"],"category_codes":["2000000","2020000","2020200"],"visuals":{"large":"https:\/\/images.epagine.fr\/830\/9782368563830_1_75.jpg","medium":"https:\/\/images.epagine.fr\/830\/9782368563830_1_m.jpg","thumbnail":"https:\/\/images.epagine.fr\/830\/9782368563830_1_v.jpg"},"orderable":true,"show_badge":false,"formatted_price":"14,90&nbsp;\u20ac","formatted_published_date":"7 novembre 2025","publisher_availability_label":"Sur commande","short_details":"Lucie Brunelli\u00e8re \u2014 Amaterra","translator":null,"weight":372,"page_count":30,"readership":"0\/3 ans","editor":"Amaterra","price":1490,"published_date":"2025-11-06T23:00:00.000000Z","support":"Grand format","publisher_availability":1,"stock":1,"editions":[],"url":"https:\/\/quaidesbrumes.com\/ouvrage\/9782368563830\/les-animaux-a-plumes-les-animaux-a-poils"},{"id":"9782019110277","title":"Le myst\u00e9rieux cercle Benedict Tome 1","description":"\"\u00cates-vous un enfant surdou\u00e9 ? D\u00e9sireux de profiter d'une incroyable opportunit\u00e9 ?\" Quand cette annonce para\u00eet dans les journaux, des dizaines d'enfants se pr\u00e9sentent pour participer \u00e0 une s\u00e9rie de tests saugrenus. Seuls quatre candidats sont s\u00e9lectionn\u00e9s : Reynie, Kate, Sticky et Constance. Ils font alors la connaissance de l'\u00e9trange recruteur, Mr Benedict, qui leur confie ses plans. Il s'agit d'infiltrer une pension dirig\u00e9e par un savant m\u00e9galomane, soup\u00e7onn\u00e9 de mettre au point un syst\u00e8me de contr\u00f4le des esprits. Les enfants n'ont qu'une seule instruction : se serrer les coudes. Le Myst\u00e9rieux Cercle Benedict est n\u00e9 !","authors":["Trenton lee Stewart","Jean-Baptiste Dupin"],"category_codes":["2000000","2040000","2040500","2040506"],"visuals":{"large":"https:\/\/images.epagine.fr\/277\/9782019110277_1_75.jpg","medium":"https:\/\/images.epagine.fr\/277\/9782019110277_1_m.jpg","thumbnail":"https:\/\/images.epagine.fr\/277\/9782019110277_1_v.jpg"},"orderable":true,"show_badge":true,"formatted_price":"8,90&nbsp;\u20ac","formatted_published_date":"15 f\u00e9vrier 2017","publisher_availability_label":"Sur commande","short_details":"Trenton lee Stewart, Jean-Baptiste Dupin \u2014 Le Livre de Poche Jeunesse","translator":"JEAN-BAPTISTE DUPIN","weight":395,"page_count":544,"readership":"\u00e0 partir de 11 ANS","editor":"Le Livre de Poche Jeunesse","price":890,"published_date":"2017-02-14T23:00:00.000000Z","support":"Poche","publisher_availability":1,"stock":0,"editions":[],"url":"https:\/\/quaidesbrumes.com\/ouvrage\/9782019110277\/le-mysterieux-cercle-benedict-tome-1"},{"id":"9791039556828","title":"Mes premiers bijoux Sir\u00e8nes : Facile \u00e0 faire !","description":"Un coffret de 230 perles fantaisie pour r\u00e9aliser tr\u00e8s facilement des bijoux sur le th\u00e8me des sir\u00e8nes.\r\nD\u00e8s 3 ans, l'enfant trouvera dans ce coffret un assortiment de perles de couleurs et de formes diff\u00e9rentes, ainsi que des breloques fantaisie whaouh ! \r\nUn joli coffret id\u00e9al pour les cadeaux d'anniversaire entre copains et copines !","authors":["Nina Ghataora"],"category_codes":["2000000","2060000","2060200"],"visuals":{"large":"https:\/\/images.epagine.fr\/828\/9791039556828_1_75.jpg","medium":"https:\/\/images.epagine.fr\/828\/9791039556828_1_m.jpg","thumbnail":"https:\/\/images.epagine.fr\/828\/9791039556828_1_v.jpg"},"orderable":true,"show_badge":true,"formatted_price":"0,00&nbsp;\u20ac","formatted_published_date":"11 septembre 2025","publisher_availability_label":"Sur commande","short_details":"Nina Ghataora \u2014 Auzou","translator":null,"weight":286,"page_count":null,"readership":"Tout public","editor":"Auzou","price":0,"published_date":"2025-09-10T22:00:00.000000Z","support":"Grand format","publisher_availability":1,"stock":0,"editions":[],"url":"https:\/\/quaidesbrumes.com\/ouvrage\/9791039556828\/mes-premiers-bijoux-sirenes-facile-a-faire"},{"id":"9782211320702","title":"L\u00e0 o\u00f9 r\u00e8gnent les baleines","description":"Roanne adore les romans d'horreur et la natation synchronis\u00e9e, d'accord, mais elle avait vraiment d'autres projets que de partir passer l'\u00e9t\u00e9 chez son oncle Kierzic, qu'elle ne conna\u00eet m\u00eame pas ! Ce type aussi grincheux que myst\u00e9rieux vit en solitaire dans un phare plant\u00e9 au large de la c\u00f4te Atlantique, avec pour toute compagnie une mouette rieuse et les rumeurs de l'oc\u00e9an. D\u00e8s son arriv\u00e9e, Roanne est d\u00e9termin\u00e9e \u00e0 s'en aller au plus vite de ce tas de caillou d\u00e9sert. D\u00e9sert, vraiment ? Dans la bourgade du coin, on raconte que des naufrages auraient lieu les soirs de pleine lune. Au m\u00eame moment, un bateau de p\u00eache est port\u00e9 disparu. Et d'o\u00f9 vient cette voix d'enfant qui l'appelle chaque nuit ? Plus le temps passe, plus Roanne se demande si Kierzic ne serait pas un...","authors":["Jolan C. Bertrand","H\u00e9l\u00e8ne Let"],"category_codes":["2000000","2050000","2050200"],"visuals":{"large":"https:\/\/images.epagine.fr\/702\/9782211320702_1_75.jpg","medium":"https:\/\/images.epagine.fr\/702\/9782211320702_1_m.jpg","thumbnail":"https:\/\/images.epagine.fr\/702\/9782211320702_1_v.jpg"},"orderable":true,"show_badge":true,"formatted_price":"16,00&nbsp;\u20ac","formatted_published_date":"8 f\u00e9vrier 2023","publisher_availability_label":"Sur commande","short_details":"Jolan C. Bertrand, H\u00e9l\u00e8ne Let \u2014 L'\u00c9cole des loisirs","translator":null,"weight":580,"page_count":304,"readership":"\u00e0 partir de 11 ANS","editor":"L'\u00c9cole des loisirs","price":1600,"published_date":"2023-02-07T23:00:00.000000Z","support":"Grand format","publisher_availability":1,"stock":0,"editions":["9782211354370"],"url":"https:\/\/quaidesbrumes.com\/ouvrage\/9782211320702\/la-ou-regnent-les-baleines"},{"id":"9782385070847","title":"Les b\u00e9b\u00e9s animaux","description":"Ax\u00e9 sur des parcours tactiles et le d\u00e9veloppement de la motricit\u00e9 fine, voici un titre pour d\u00e9couvrir d'incroyables b\u00e9b\u00e9s animaux. Une nouvelle collection d'imagiers avec des mati\u00e8res \u00e0 suivre du doigt \u00e0 chaque page.\r\nSuivre les traces d'un b\u00e9b\u00e9 tortue qui rejoint l'oc\u00e9an, grimper le long d'une branche avec le petit koala et sa maman, effleurer les t\u00e2ches du faon, parcourir le sillage du baleineau... \u00c0 chaque page, une surface \u00e0 toucher diff\u00e9rente invite l'enfant \u00e0 un parcours sensoriel. Id\u00e9al pour d\u00e9velopper le sens tactile des plus petits, la pr\u00e9cision du geste et l'acquisition du vocabulaire par le \" faire \".","authors":["Aur\u00e9lie Sarrazin","Roxane Campoy"],"category_codes":["2000000","2020000","2020200"],"visuals":{"large":"https:\/\/images.epagine.fr\/847\/9782385070847_1_75.jpg","medium":"https:\/\/images.epagine.fr\/847\/9782385070847_1_m.jpg","thumbnail":"https:\/\/images.epagine.fr\/847\/9782385070847_1_v.jpg"},"orderable":true,"show_badge":true,"formatted_price":"14,90&nbsp;\u20ac","formatted_published_date":"1er octobre 2025","publisher_availability_label":"Sur commande","short_details":"Aur\u00e9lie Sarrazin, Roxane Campoy \u2014 Sens dessus dessous","translator":null,"weight":362,"page_count":20,"readership":"\u00e0 partir de 18 mois","editor":"Sens dessus dessous","price":1490,"published_date":"2025-09-30T22:00:00.000000Z","support":"Grand format","publisher_availability":1,"stock":0,"editions":[],"url":"https:\/\/quaidesbrumes.com\/ouvrage\/9782385070847\/les-bebes-animaux"},{"id":"9782092574256","title":"T'choupi part en pique-nique","description":"T'choupi part en pique-nique avec son papi et sa mamie, il aime bien \u00eatre toujours le premier sur la route. Au moment de rentrer, T'choupi est tr\u00e8s fatigu\u00e9...\r","authors":["Thierry Courtin"],"category_codes":["2000000","2020000","2020400"],"visuals":{"large":"https:\/\/images.epagine.fr\/256\/9782092574256_1_75.jpg","medium":"https:\/\/images.epagine.fr\/256\/9782092574256_1_m.jpg","thumbnail":"https:\/\/images.epagine.fr\/256\/9782092574256_1_v.jpg"},"orderable":true,"show_badge":true,"formatted_price":"6,30&nbsp;\u20ac","formatted_published_date":"11 mai 2017","publisher_availability_label":"Sur commande","short_details":"Thierry Courtin \u2014 Nathan","translator":null,"weight":138,"page_count":24,"readership":"0\/3 ans","editor":"Nathan","price":630,"published_date":"2017-05-10T22:00:00.000000Z","support":"Grand format","publisher_availability":1,"stock":0,"editions":[],"url":"https:\/\/quaidesbrumes.com\/ouvrage\/9782092574256\/tchoupi-part-en-pique-nique"},{"id":"9782244061375","title":"80 gommettes autocollantes : Les oiseaux","description":null,"authors":["Collectif"],"category_codes":["2000000","2080000","2080200"],"visuals":{"large":"https:\/\/images.epagine.fr\/375\/9782244061375_1_75.jpg","medium":"https:\/\/images.epagine.fr\/375\/9782244061375_1_m.jpg","thumbnail":"https:\/\/images.epagine.fr\/375\/9782244061375_1_v.jpg"},"orderable":true,"show_badge":true,"formatted_price":"0,00&nbsp;\u20ac","formatted_published_date":"1er f\u00e9vrier 2026","publisher_availability_label":"Sur commande","short_details":"Collectif \u2014 \u00c9ditions Lito","translator":null,"weight":505,"page_count":null,"readership":"\u00e0 partir de 3 ANS","editor":"\u00c9ditions Lito","price":0,"published_date":"2026-01-31T23:00:00.000000Z","support":"Papeterie \/ Coloriage","publisher_availability":1,"stock":0,"editions":[],"url":"https:\/\/quaidesbrumes.com\/ouvrage\/9782244061375\/80-gommettes-autocollantes-les-oiseaux"},{"id":"9782266334198","title":"Journal d'une peste Tome 8 : c'est grave docteur ?","description":"Pr\u00eats \u00e0 rejoindre la confr\u00e9rie des pestes ? Passage en poche avec le label Best-Seller du tome 8 de la s\u00e9rie de la Martini\u00e8re jeunesse.\r\nChanter La P\u00eache aux moules au concours r\u00e9gional de chorales ? LA HONTE ! \r\nEn simulant un malaise sur sc\u00e8ne, Fannette voulait \u00e9viter \u00e0 sa classe de se ridiculiser.\r\nCe qu'elle n'avait pas pr\u00e9vu, c'est que \u00e7a lui vaudrait un bouche-\u00e0-bouche d\u00e9go\u00fbtant (beurk !) et un r\u00e9gime sp\u00e9cial grande malade ! Au programme : du repos et des brocolis (re-beurk !).\r\nPas facile tous les jours d'\u00eatre une peste... Parole de Fannette !\r","authors":["Virginy L. Sam","Marie-Anne Abesdris"],"category_codes":["2000000","2040000","2040300"],"visuals":{"large":"https:\/\/images.epagine.fr\/198\/9782266334198_1_75.jpg","medium":"https:\/\/images.epagine.fr\/198\/9782266334198_1_m.jpg","thumbnail":"https:\/\/images.epagine.fr\/198\/9782266334198_1_v.jpg"},"orderable":true,"show_badge":true,"formatted_price":"6,80&nbsp;\u20ac","formatted_published_date":"27 avril 2023","publisher_availability_label":"Sur commande","short_details":"Virginy L. Sam, Marie-Anne Abesdris \u2014 Pocket Jeunesse","translator":null,"weight":124,"page_count":240,"readership":"9\/12 ans","editor":"Pocket Jeunesse","price":680,"published_date":"2023-04-26T22:00:00.000000Z","support":"Poche","publisher_availability":1,"stock":0,"editions":["9782732490182"],"url":"https:\/\/quaidesbrumes.com\/ouvrage\/9782266334198\/journal-dune-peste-tome-8-cest-grave-docteur"},{"id":"9782324038075","title":"Gabin le lapin : M\u00e9decin","description":"Viens d\u00e9couvrir le m\u00e9tier de docteur avec Gabin !\r\nGabin est un lapin qui aime d\u00e9couvrir les m\u00e9tiers. Lequel d\u00e9couvrira-t-il aujourd'hui ?\r\nTa-dam ! Aujourd'hui, il est docteur ! Tourne les roues pour l'aider \u00e0 faire des radios, des bandages et bien plus encore !\r\nUn album tout-carton anim\u00e9 au charme fou pour \u00e9veiller les petits.\r","authors":["Carys Bexington","Jenny Wren"],"category_codes":["2000000","2020000","2020500"],"visuals":{"large":"https:\/\/images.epagine.fr\/075\/9782324038075_1_75.jpg","medium":"https:\/\/images.epagine.fr\/075\/9782324038075_1_m.jpg","thumbnail":"https:\/\/images.epagine.fr\/075\/9782324038075_1_v.jpg"},"orderable":true,"show_badge":true,"formatted_price":"9,95&nbsp;\u20ac","formatted_published_date":"5 f\u00e9vrier 2026","publisher_availability_label":"Sur commande","short_details":"Carys Bexington, Jenny Wren \u2014 Gr\u00fcnd","translator":null,"weight":380,"page_count":12,"readership":"\u00e0 partir de 1 AN","editor":"Gr\u00fcnd","price":995,"published_date":"2026-02-04T23:00:00.000000Z","support":"Grand format","publisher_availability":1,"stock":0,"editions":[],"url":"https:\/\/quaidesbrumes.com\/ouvrage\/9782324038075\/gabin-le-lapin-medecin"},{"id":"9782728938094","title":"Calamity Jane, Peggy Whitson et autres vraies histoires d aventuri\u00e8res","description":"Un album tr\u00e8s document\u00e9 et magnifiquement illustr\u00e9 pour d\u00e9couvrir la vie des plus grandes aventuri\u00e8res. \u00c0 travers la vie d'Alexandra David-N\u00e9el, Am\u00e9lia Earhart ou Gertrude Ederle, le lecteur passera de la conqu\u00eate de l'Ouest aux d\u00e9buts de l'aviation, des grands espaces aux navettes spatiales.\r","authors":["Blanche Hinterlang","Paula Zamudio"],"category_codes":["2000000","2070000","2070400"],"visuals":{"large":"https:\/\/images.epagine.fr\/094\/9782728938094_1_75.jpg","medium":"https:\/\/images.epagine.fr\/094\/9782728938094_1_m.jpg","thumbnail":"https:\/\/images.epagine.fr\/094\/9782728938094_1_v.jpg"},"orderable":true,"show_badge":true,"formatted_price":"16,90&nbsp;\u20ac","formatted_published_date":"13 mars 2026","publisher_availability_label":"Sur commande","short_details":"Blanche Hinterlang, Paula Zamudio \u2014 Mame","translator":null,"weight":526,"page_count":64,"readership":null,"editor":"Mame","price":1690,"published_date":"2026-03-12T23:00:00.000000Z","support":"Grand format","publisher_availability":1,"stock":0,"editions":[],"url":"https:\/\/quaidesbrumes.com\/ouvrage\/9782728938094\/calamity-jane-peggy-whitson-et-autres-vraies-histoires-d-aventurieres"},{"id":"9782215199748","title":"Blanche-neige","description":"Il \u00e9tait une fois... L'histoire de Blanche-Neige tendrement illustr\u00e9e pour faire d\u00e9couvrir aux tout-petits les contes de notre enfance.\r","authors":["Paku"],"category_codes":["2000000","2030000","2030400"],"visuals":{"large":"https:\/\/images.epagine.fr\/748\/9782215199748_1_75.jpg","medium":"https:\/\/images.epagine.fr\/748\/9782215199748_1_m.jpg","thumbnail":"https:\/\/images.epagine.fr\/748\/9782215199748_1_v.jpg"},"orderable":true,"show_badge":true,"formatted_price":"1,99&nbsp;\u20ac","formatted_published_date":"2 janvier 2026","publisher_availability_label":"Sur commande","short_details":"Paku \u2014 Fleurus","translator":null,"weight":80,"page_count":16,"readership":"\u00e0 partir de 4 ANS","editor":"Fleurus","price":199,"published_date":"2026-01-01T23:00:00.000000Z","support":"Grand format","publisher_availability":1,"stock":0,"editions":[],"url":"https:\/\/quaidesbrumes.com\/ouvrage\/9782215199748\/blanche-neige"}]}