{"data":[{"id":"9782036080140","title":"Le bonheur, tout pr\u00e8s de toi","description":"Catastrophe  ! Ours a perdu ses lunettes. Sans elles, il ne pourra pas inviter Mademoiselle Ourse \u00e0 contempler les \u00e9toiles avec lui.\r\nNi une, ni deux, il part \u00e0 leurs recherches.\r\nSur le chemin, il croise Blaireau, qui, lui, cherche le sommeil, et Loup, qui a perdu les cl\u00e9s de sa tani\u00e8re. Enfin, c'est ce qu'il dit...\r\nPuis, il y a Ecureuil, qui elle, est partie \u00e0 la qu\u00eate d'une chose bien diff\u00e9rente...le bonheur.\r\n\u00ab Ah, et \u00e0 quoi ressemble le bonheur ? \u00bb demande Ours.\r\n\u00ab Je ne l'ai pas encore d\u00e9couvert, lui r\u00e9pond-t-elle, mais tout le monde en parle...\u00bb","authors":["Eulalia Canal","Toni Galm\u00e8s"],"category_codes":["2000000","2030000","2030400"],"visuals":{"large":"https:\/\/images.epagine.fr\/140\/9782036080140_1_75.jpg","medium":"https:\/\/images.epagine.fr\/140\/9782036080140_1_m.jpg","thumbnail":"https:\/\/images.epagine.fr\/140\/9782036080140_1_v.jpg"},"orderable":true,"show_badge":true,"formatted_price":"13,99&nbsp;\u20ac","formatted_published_date":"15 octobre 2025","publisher_availability_label":"Sur commande","short_details":"Eulalia Canal, Toni Galm\u00e8s \u2014 Larousse","translator":null,"weight":290,"page_count":56,"readership":"\u00e0 partir de 5 ANS","editor":"Larousse","price":1399,"published_date":"2025-10-14T22:00:00.000000Z","support":"Grand format","publisher_availability":1,"stock":0,"editions":[],"url":"https:\/\/quaidesbrumes.com\/ouvrage\/9782036080140\/le-bonheur-tout-pres-de-toi"},{"id":"9782095029340","title":"T'choupi : Champion de sport","description":"Quel sport va choisir notre petit champion ?\r\nT'Choupi cherche un nouveau sport pour cette ann\u00e9e. Seul ou en \u00e9quipe, il va s'initer au football, au tennis, \u00e0 l'\u00e9quitation, au basket, au judo, \u00e0 la course, l'escalade, la natation, la gymnastique... C'est parfois difficile, mais T'choupi s'en sort comme un champion !\r\n\r\nQuel sport va-t-il pr\u00e9f\u00e9rer ?\r\n\r\nUn album sur le sport et ses valeurs pour les tout-petits, d\u00e8s 2 ans.","authors":["Thierry Courtin"],"category_codes":["2000000","2020000","2020400"],"visuals":{"large":"https:\/\/images.epagine.fr\/340\/9782095029340_1_75.jpg","medium":"https:\/\/images.epagine.fr\/340\/9782095029340_1_m.jpg","thumbnail":"https:\/\/images.epagine.fr\/340\/9782095029340_1_v.jpg"},"orderable":true,"show_badge":true,"formatted_price":"6,30&nbsp;\u20ac","formatted_published_date":"7 mai 2024","publisher_availability_label":"Sur commande","short_details":"Thierry Courtin \u2014 Nathan","translator":null,"weight":144,"page_count":32,"readership":"\u00e0 partir de 2 ANS","editor":"Nathan","price":630,"published_date":"2024-05-06T22:00:00.000000Z","support":"Grand format","publisher_availability":1,"stock":0,"editions":[],"url":"https:\/\/quaidesbrumes.com\/ouvrage\/9782095029340\/tchoupi-champion-de-sport"},{"id":"9791036383526","title":"Oups, le loup !","description":"Une histoire dr\u00f4le et pleine de surprises !\r\nCe matin-l\u00e0, tous les animaux sont de bonne humeur... sauf Firmin le lapin, grognon comme jamais ! Il boude, r\u00e2le et refuse de jouer avec les autres. Mais soudain, c'est l'alerte g\u00e9n\u00e9rale : le loup arrive ! Tandis que tous filent se cacher, Firmin continue de ronchonner, peu importe le danger, il ne faudra pas l'emb\u00eater. Et si, contre toute attente, c'\u00e9tait lui qui sauvait la situation ? Une histoire malicieuse et surprenante, qui fait rire les enfants !\r\nUn livre qui amuse, rassure et fait grandir\r\nLes petits lecteurs vont adorer cette aventure pleine de suspense... et de rires ! Le contraste entre le loup redout\u00e9 et les r\u00e9actions inattendues des animaux, notamment de Firmin, d\u00e9dramatise les peurs, tout en stimulant l'imagination. Pour les parents, c'est l'occasion de parler des \u00e9motions (comme la mauvaise humeur) et du courage, avec humour et tendresse. Une lecture parfaite pour l'heure du coucher ou les moments de c\u00e2lins partag\u00e9s.\r\nUn duo d'artistes talentueuses\r\n\u00c9crite par G\u00e9raldine Menuet, habitu\u00e9e des magazines jeunesse comme Pomme d'Api ou Mes Belles Histoires, et illustr\u00e9e \u00e0 la gouache par Paula Metcalf, dipl\u00f4m\u00e9e de la Cambridge School of Art, pour des images douces et pleines de vitalit\u00e9. Un petit format broch\u00e9, enrichi de rabats et fabriqu\u00e9 en France, \u00e9thique et accessible.","authors":["G\u00e9raldine Menuet","Paula Metcalf"],"category_codes":["2000000","2020000","2020400"],"visuals":{"large":"https:\/\/images.epagine.fr\/526\/9791036383526_1_75.jpg","medium":"https:\/\/images.epagine.fr\/526\/9791036383526_1_m.jpg","thumbnail":"https:\/\/images.epagine.fr\/526\/9791036383526_1_v.jpg"},"orderable":true,"show_badge":true,"formatted_price":"5,90&nbsp;\u20ac","formatted_published_date":"4 f\u00e9vrier 2026","publisher_availability_label":"Sur commande","short_details":"G\u00e9raldine Menuet, Paula Metcalf \u2014 Bayard Jeunesse","translator":null,"weight":129,"page_count":28,"readership":"\u00e0 partir de 2 ANS","editor":"Bayard Jeunesse","price":590,"published_date":"2026-02-03T23:00:00.000000Z","support":"Grand format","publisher_availability":1,"stock":0,"editions":[],"url":"https:\/\/quaidesbrumes.com\/ouvrage\/9791036383526\/oups-le-loup"},{"id":"9782408063832","title":"Mes docs nature : Le l\u00e9zard","description":"Gr\u00e2ce \u00e0 des illustrations et \u00e0 des photos, ce livre propose aux enfants de d\u00e9couvrir le l\u00e9zard des murailles dans son milieu, et encourage \u00e0 observer les esp\u00e8ces en plein air. Avec une activit\u00e9 et un poster !\r\nLe l\u00e9zard, un reptile fascinant\u00a0\r\nSais-tu que le l\u00e9zard est un animal \u00e0 sang froid, c'est-\u00e0-dire que son corps n'est pas toujours \u00e0 la m\u00eame temp\u00e9rature ? Il est aussi capable de d\u00e9tacher sa queue pour \u00e9chapper \u00e0 ses pr\u00e9dateurs, ou encore de capter bruits, mouvements et odeurs gr\u00e2ce \u00e0 sa langue !\r\n\u00ab Mes docs nature \u00bb, la collection qui reconnecte \u00e0 la nature\u00a0\r\nCette collection de monographies d'animaux et de v\u00e9g\u00e9taux pr\u00e9sente des esp\u00e8ces que l'enfant peut facilement observer, en ville ou \u00e0 la campagne. Elle encourage les enfants \u00e0 aller en plein air et les accompagne dans leur (re)d\u00e9couverte du vivant. Une mascotte guide les lecteurs et lectrices, et s'\u00e9merveille avec eux. Les plus : une activit\u00e9 dans le respect de l'animal ou du v\u00e9g\u00e9tal, une carte d'identit\u00e9 fa\u00e7on carte \u00e0 collectionner, et un poster.","authors":["St\u00e9phanie Ledu","Mathieu Demore"],"category_codes":["2000000","2070000","2070300"],"visuals":{"large":"https:\/\/images.epagine.fr\/832\/9782408063832_1_75.jpg","medium":"https:\/\/images.epagine.fr\/832\/9782408063832_1_m.jpg","thumbnail":"https:\/\/images.epagine.fr\/832\/9782408063832_1_v.jpg"},"orderable":true,"show_badge":true,"formatted_price":"8,90&nbsp;\u20ac","formatted_published_date":"15 avril 2026","publisher_availability_label":"Sur commande","short_details":"St\u00e9phanie Ledu, Mathieu Demore \u2014 Milan","translator":null,"weight":347,"page_count":40,"readership":"\u00e0 partir de 5 ANS","editor":"Milan","price":890,"published_date":"2026-04-14T22:00:00.000000Z","support":"Grand format","publisher_availability":1,"stock":0,"editions":[],"url":"https:\/\/quaidesbrumes.com\/ouvrage\/9782408063832\/mes-docs-nature-le-lezard"},{"id":"9782408064655","title":"Mes histoires de chats","description":"Une visite \u00e0 papi et mamie, se pr\u00e9parer le matin, se chamailler avec les copains...\u00a0\r\nVoici un recueil d'histoires du quotidien qui accompagnera les tout-petits, d\u00e8s 1 an. Un livre en tout-carton, solide, pens\u00e9 pour leurs premi\u00e8res lectures.\r\nUn recueil tendre pour accompagner les tout-petits d\u00e8s 1 an\r\nCe joli livre tout-carton a \u00e9t\u00e9 pens\u00e9 pour les premi\u00e8res lectures des tout-petits. Il rassemble quatre histoires courtes qui mettent en sc\u00e8ne le chat dans des situations du quotidien : la pr\u00e9paration du matin, les chamailleries avec les copains, une journ\u00e9e avec papi et mamie... Des moments familiers qui aident les enfants \u00e0 reconna\u00eetre et apprivoiser leurs \u00e9motions, \u00e0 travers des personnages rassurants et attachants.\r\nUn format adapt\u00e9 aux petites mains\r\nRobuste et facile \u00e0 manipuler, avec une taille id\u00e9ale pour une lecture partag\u00e9e avec un adulte ou pour que l'enfant le feuillette seul, en toute autonomie. Un compagnon parfait pour les premiers moments de lecture.\r\nUne richesse graphique \u00e0 petit prix\r\nChaque histoire est illustr\u00e9e par une illustratrice diff\u00e9rente, offrant une belle diversit\u00e9 visuelle tout en conservant une coh\u00e9rence douce et joyeuse. On retrouve dans ce recueil les univers de Coline Citron, Coline Desclides, H\u00e9l\u00e8ne Convert, et Marion Billet qui signe la couverture. Une belle mani\u00e8re d'\u00e9veiller la sensibilit\u00e9 artistique des tout-petits.","authors":["B\u00e9n\u00e9dicte Solle","Emmanuelle Cabrol","Marion Billet","Coline Desclides","H\u00e9l\u00e8ne Convert","Coline Citron"],"category_codes":["2000000","2020000","2020400"],"visuals":{"large":"https:\/\/images.epagine.fr\/655\/9782408064655_1_75.jpg","medium":"https:\/\/images.epagine.fr\/655\/9782408064655_1_m.jpg","thumbnail":"https:\/\/images.epagine.fr\/655\/9782408064655_1_v.jpg"},"orderable":true,"show_badge":true,"formatted_price":"7,90&nbsp;\u20ac","formatted_published_date":"15 avril 2026","publisher_availability_label":"Sur commande","short_details":"B\u00e9n\u00e9dicte Solle, Emmanuelle Cabrol, Marion Billet, Coline Desclides, H\u00e9l\u00e8ne Convert, Coline Citron \u2014 Milan","translator":null,"weight":250,"page_count":18,"readership":"\u00e0 partir de 1 AN","editor":"Milan","price":790,"published_date":"2026-04-14T22:00:00.000000Z","support":"Grand format","publisher_availability":1,"stock":0,"editions":[],"url":"https:\/\/quaidesbrumes.com\/ouvrage\/9782408064655\/mes-histoires-de-chats"},{"id":"9791027611690","title":"Mes animaux tout doux","description":"Sans bruit, le chat suit la souris, au milieu des feuilles, le panda joue avec les papillons, sur la banquise, l'ourson blanc attend sa maman...\r\n\r\nUn imagier des animaux \u00e0 toucher.\r\n\r\nDe belles mati\u00e8res pour \u00e9veiller la curiosit\u00e9 et les sens.\r\nUn jeu de noir et blanc tr\u00e8s contrast\u00e9 pour une meilleure lisibilit\u00e9 des images des plus petits.\r\n\r\nUn livre tout en po\u00e9sie et en d\u00e9licatesse de Xavier Deneux.","authors":["Xavier Deneux"],"category_codes":["2000000","2020000","2020400"],"visuals":{"large":"https:\/\/images.epagine.fr\/690\/9791027611690_1_75.jpg","medium":"https:\/\/images.epagine.fr\/690\/9791027611690_1_m.jpg","thumbnail":"https:\/\/images.epagine.fr\/690\/9791027611690_1_v.jpg"},"orderable":true,"show_badge":true,"formatted_price":"13,90&nbsp;\u20ac","formatted_published_date":"21 f\u00e9vrier 2024","publisher_availability_label":"Sur commande","short_details":"Xavier Deneux \u2014 \u00c9ditions Tourbillon","translator":null,"weight":312,"page_count":12,"readership":"0\/3 ans","editor":"\u00c9ditions Tourbillon","price":1390,"published_date":"2024-02-20T23:00:00.000000Z","support":"Grand format","publisher_availability":1,"stock":0,"editions":[],"url":"https:\/\/quaidesbrumes.com\/ouvrage\/9791027611690\/mes-animaux-tout-doux"},{"id":"9782266316866","title":"Divergente : Divergente racont\u00e9 par Quatre","description":"L'histoire de Quatre avant sa rencontre avec Tris !\r\nLors de sa c\u00e9r\u00e9monie du choix, un jeune altruiste se dresse contre sa famille et sa faction en rejoignant les Audacieux.\r\n Il s'est choisi un nouveau destin, et devient Quatre.\r\n Mais ce qu'il d\u00e9couvre alors met en p\u00e9ril son avenir, et celui de la soci\u00e9t\u00e9 tout enti\u00e8re.\r\n Va-t-il devoir s'opposer \u00e0 sa nouvelle faction ?","authors":["Veronica Roth","Anne Delcourt"],"category_codes":["2000000","2050000","2050200","2050205"],"visuals":{"large":"https:\/\/images.epagine.fr\/866\/9782266316866_1_75.jpg","medium":"https:\/\/images.epagine.fr\/866\/9782266316866_1_m.jpg","thumbnail":"https:\/\/images.epagine.fr\/866\/9782266316866_1_v.jpg"},"orderable":true,"show_badge":true,"formatted_price":"7,80&nbsp;\u20ac","formatted_published_date":"7 janvier 2021","publisher_availability_label":"Sur commande","short_details":"Veronica Roth, Anne Delcourt \u2014 Pocket Jeunesse","translator":"ANNE DELCOURT","weight":160,"page_count":288,"readership":"\u00e0 partir de 12 ANS","editor":"Pocket Jeunesse","price":780,"published_date":"2021-01-06T23:00:00.000000Z","support":"Poche","publisher_availability":1,"stock":0,"editions":[],"url":"https:\/\/quaidesbrumes.com\/ouvrage\/9782266316866\/divergente-divergente-raconte-par-quatre"},{"id":"9782931296325","title":"Au pied des montagnes","description":"Kuzma vit avec sa maman dans la plus grande ville de son pays. Le nouveau pr\u00e9sident, qu'on appelle Le Boucher, a d\u00e9cid\u00e9 de diviser la population en deux groupes : les Parall\u00e9logrammes et les Triangles. Ces derniers sont pourchass\u00e9s et disparaissent peu \u00e0 peu. Kuzma doit fuir seule la vie qu'elle a toujours connue. En cavale, elle se cr\u00e9e une soeur imaginaire, puissante et aventureuse : Adna. \r\nEntre roman et album, ce livre raconte avec humour, d\u00e9mesure et d\u00e9calage la guerre et le fascisme, dans un monde o\u00f9 r\u00e9el et imaginaire se confondent. Un r\u00e9cit juste et lumineux, \u00e0 hauteur d'enfant, dont ressort la vitalit\u00e9 et l'espoir.","authors":["Gwendoline Gauthier","Sarah Hebborn","Fanny Dreyer"],"category_codes":["2000000","2040000","2040200"],"visuals":{"large":"https:\/\/images.epagine.fr\/325\/9782931296325_1_75.jpg","medium":"https:\/\/images.epagine.fr\/325\/9782931296325_1_m.jpg","thumbnail":"https:\/\/images.epagine.fr\/325\/9782931296325_1_v.jpg"},"orderable":true,"show_badge":false,"formatted_price":"20,00&nbsp;\u20ac","formatted_published_date":"7 novembre 2025","publisher_availability_label":"Sur commande","short_details":"Gwendoline Gauthier, Sarah Hebborn, Fanny Dreyer \u2014 Versant Sud Jeunesse","translator":null,"weight":492,"page_count":128,"readership":"\u00e0 partir de 6 ANS","editor":"Versant Sud Jeunesse","price":2000,"published_date":"2025-11-06T23:00:00.000000Z","support":"Grand format","publisher_availability":1,"stock":1,"editions":[],"url":"https:\/\/quaidesbrumes.com\/ouvrage\/9782931296325\/au-pied-des-montagnes"},{"id":"9782095048983","title":"Le buveur d'encre : Le buveur de fautes d'orthographe","description":"Plongez dans une aventure fantastique o\u00f9 les fautes d'orthographe deviennent des d\u00e9lices dangereux ! Un roman original qui m\u00eale humour et suspense \u00e0 partir de 7 ans !\r\n\r\nSuivez les aventures d'Odilon, un buveur d'encre qui d\u00e9couvre que son ami Draculivre d\u00e9veloppe une \u00e9trange addiction aux fautes d'orthographe. Dans ce roman fantastique, les jeunes lecteurs d\u00e9couvriront une histoire captivante o\u00f9 l'orthographe devient un enjeu savoureux mais p\u00e9rilleux. Une lecture facile et rythm\u00e9e qui sensibilise avec humour \u00e0 l'importance de la bonne orthographe.","authors":["Eric Sanvoisin","Olivier Latyk"],"category_codes":["2000000","2040000","2040200"],"visuals":{"large":"https:\/\/images.epagine.fr\/983\/9782095048983_1_75.jpg","medium":"https:\/\/images.epagine.fr\/983\/9782095048983_1_m.jpg","thumbnail":"https:\/\/images.epagine.fr\/983\/9782095048983_1_v.jpg"},"orderable":true,"show_badge":true,"formatted_price":"6,50&nbsp;\u20ac","formatted_published_date":"3 avril 2025","publisher_availability_label":"Sur commande","short_details":"Eric Sanvoisin, Olivier Latyk \u2014 Nathan","translator":null,"weight":138,"page_count":48,"readership":"\u00e0 partir de 7 ANS","editor":"Nathan","price":650,"published_date":"2025-04-02T22:00:00.000000Z","support":"Grand format","publisher_availability":1,"stock":0,"editions":[],"url":"https:\/\/quaidesbrumes.com\/ouvrage\/9782095048983\/le-buveur-dencre-le-buveur-de-fautes-dorthographe"},{"id":"9782095043773","title":"Mon escargot","description":"Un album plein de fantaisie o\u00f9 le tout-petit joue \u00e0 \u00eatre grand : une premi\u00e8re histoire tendre pour \u00e9veiller la curiosit\u00e9 des tout-petits.\r\nJ'\u00e9tais dans le jardin avec mes bottes de pluie, et soudain, il \u00e9tait l\u00e0, tout petit... mon escargot !\r\nUn premier album tendre et po\u00e9tique qui invite \u00e0 grandir en jouant, \u00e0 travers le regard \u00e9merveill\u00e9 de l'enfance, d\u00e8s 2 ans.","authors":["Ilya Green"],"category_codes":["2000000","2020000","2020300"],"visuals":{"large":"https:\/\/images.epagine.fr\/773\/9782095043773_1_75.jpg","medium":"https:\/\/images.epagine.fr\/773\/9782095043773_1_m.jpg","thumbnail":"https:\/\/images.epagine.fr\/773\/9782095043773_1_v.jpg"},"orderable":true,"show_badge":true,"formatted_price":"8,50&nbsp;\u20ac","formatted_published_date":"15 janvier 2026","publisher_availability_label":"Sur commande","short_details":"Ilya Green \u2014 Nathan","translator":null,"weight":152,"page_count":14,"readership":"\u00e0 partir de 2 ANS","editor":"Nathan","price":850,"published_date":"2026-01-14T23:00:00.000000Z","support":"Grand format","publisher_availability":1,"stock":0,"editions":[],"url":"https:\/\/quaidesbrumes.com\/ouvrage\/9782095043773\/mon-escargot"},{"id":"9782351814604","title":"H\u00e9ros des \u00e9motions : L'arriv\u00e9e de b\u00e9b\u00e9 : Un livre \"dont tu es le h\u00e9ros\" con\u00e7u par une psychologue","description":"Un livre dont tu es le h\u00e9ros sur les \u00e9motions pour te pr\u00e9parer sereinement \u00e0 l'arriv\u00e9e d'un b\u00e9b\u00e9 dans ta famille !\r\nL'arriv\u00e9e d'un petit fr\u00e8re ou d'une petite soeur change la vie d'un enfant. Entre l'excitation d'accueillir le b\u00e9b\u00e9, la curiosit\u00e9 de faire sa rencontre, et parfois la crainte de perdre l'attention des parents, les \u00e9motions se m\u00e9langent ! Gr\u00e2ce \u00e0 ce livre interactif \u00e9crit par une psychologue et th\u00e9rapeute, les jeunes lecteurs se pr\u00e9pareront \u00e0 cette \u00e9tape de vie si importante.","authors":["Eve Piorowicz","Elena Lambin"],"category_codes":["2000000","2060000","2060500"],"visuals":{"large":"https:\/\/images.epagine.fr\/604\/9782351814604_1_75.jpg","medium":"https:\/\/images.epagine.fr\/604\/9782351814604_1_m.jpg","thumbnail":"https:\/\/images.epagine.fr\/604\/9782351814604_1_v.jpg"},"orderable":true,"show_badge":true,"formatted_price":"9,95&nbsp;\u20ac","formatted_published_date":"5 f\u00e9vrier 2026","publisher_availability_label":"Sur commande","short_details":"Eve Piorowicz, Elena Lambin \u2014 Ctp Rue Des Enfants","translator":null,"weight":224,"page_count":48,"readership":"\u00e0 partir de 4 ANS","editor":"Ctp Rue Des Enfants","price":995,"published_date":"2026-02-04T23:00:00.000000Z","support":"Grand format","publisher_availability":1,"stock":0,"editions":[],"url":"https:\/\/quaidesbrumes.com\/ouvrage\/9782351814604\/heros-des-emotions-larrivee-de-bebe-un-livre-dont-tu-es-le-heros-concu-par-une-psychologue"},{"id":"9782080142412","title":"Ba","description":"Alaska, 1910. Pi\u00e9g\u00e9e par une avalanche qui la s\u00e9pare de ses parents, Selma est sauv\u00e9e par Ba, une femme qui vit seule dans la montagne. Effray\u00e9e par cette \u00e9trange inconnue, la jeune fille reste sur ses gardes. Lorsque le pass\u00e9 de Ba ressurgit, se faire confiance devient leur seule chance de survie. Un roman d'apprentissage rythm\u00e9 par une aventure captivante et immersive dans la nature rude et saisissante de l'Alaska, au temps de la ru\u00e9e vers l'or.","authors":["Jean-Fran\u00e7ois Chabas"],"category_codes":["2000000","2040000","2040500"],"visuals":{"large":"https:\/\/images.epagine.fr\/412\/9782080142412_1_75.jpg","medium":"https:\/\/images.epagine.fr\/412\/9782080142412_1_m.jpg","thumbnail":"https:\/\/images.epagine.fr\/412\/9782080142412_1_v.jpg"},"orderable":true,"show_badge":true,"formatted_price":"4,90&nbsp;\u20ac","formatted_published_date":"4 f\u00e9vrier 2026","publisher_availability_label":"Sur commande","short_details":"Jean-Fran\u00e7ois Chabas \u2014 Flammarion jeunesse","translator":null,"weight":110,"page_count":128,"readership":"9\/12 ans","editor":"Flammarion jeunesse","price":490,"published_date":"2026-02-03T23:00:00.000000Z","support":"Poche","publisher_availability":1,"stock":0,"editions":["9782080492708"],"url":"https:\/\/quaidesbrumes.com\/ouvrage\/9782080142412\/ba"},{"id":"9782278128846","title":"Atalante Tome 1 : La naissance d'une guerri\u00e8re","description":"Dans une Gr\u00e8ce antique o\u00f9 l'h\u00e9ro\u00efsme se conjugue au masculin, Atalante est une exception b\u00e9nie des dieux. Nul ne peut rivaliser avec sa d\u00e9termination, sa rapidit\u00e9 et sa gr\u00e2ce. Elle compte int\u00e9grer le clan des Amazones, ces guerri\u00e8res intr\u00e9pides qui ne plient devant personne. Qu'importe de devoir r\u00e9ussir l\u00e0 o\u00f9 tous ont \u00e9chou\u00e9.\r\nL'arch\u00e8re aux mille talents a pourtant une faiblesse : Ascl\u00e9pios. L'aga\u00e7ant fils d'Apollon est la seule personne sur qui elle peut compter. Mais les oracles l'ont mise en garde : elle ne doit jamais tomber amoureuse, ou ses sentiments signeront sa perte.\r\nSi pour atteindre son objectif, elle doit se battre jusqu'\u00e0 la mort, c'est la mort qui c\u00e8dera.","authors":["Cassandre Lambert"],"category_codes":["2000000","2050000","2050200","2050204"],"visuals":{"large":"https:\/\/images.epagine.fr\/846\/9782278128846_1_75.jpg","medium":"https:\/\/images.epagine.fr\/846\/9782278128846_1_m.jpg","thumbnail":"https:\/\/images.epagine.fr\/846\/9782278128846_1_v.jpg"},"orderable":true,"show_badge":true,"formatted_price":"18,90&nbsp;\u20ac","formatted_published_date":"6 novembre 2024","publisher_availability_label":"Sur commande","short_details":"Cassandre Lambert \u2014 Didier jeunesse","translator":null,"weight":382,"page_count":352,"readership":"\u00e0 partir de 14 ans","editor":"Didier jeunesse","price":1890,"published_date":"2024-11-05T23:00:00.000000Z","support":"Grand format","publisher_availability":1,"stock":0,"editions":["9782278128860","9782017351504"],"url":"https:\/\/quaidesbrumes.com\/ouvrage\/9782278128846\/atalante-tome-1-la-naissance-dune-guerriere"},{"id":"9782080461537","title":"La toute petite fleur du printemps","description":"\u00abC'est une maison au coeur de la for\u00eat. L\u00e0 vit heureuse une famille d'ours : Papours, Mamourse et leurs quatre petits. Les oiseaux chantent et les fleurs font leur apparition. - Oh ! Regardez celle-ci ! s'exclame Groseille. Qu'est-ce que c'est ?\u00bb Aventure et couleurs pour d\u00e9couvrir la nature au printemps.","authors":["Emilie Michaud","Zemanel"],"category_codes":["2000000","2030000","2030400"],"visuals":{"large":"https:\/\/images.epagine.fr\/537\/9782080461537_1_75.jpg","medium":"https:\/\/images.epagine.fr\/537\/9782080461537_1_m.jpg","thumbnail":"https:\/\/images.epagine.fr\/537\/9782080461537_1_v.jpg"},"orderable":true,"show_badge":true,"formatted_price":"14,50&nbsp;\u20ac","formatted_published_date":"5 mars 2025","publisher_availability_label":"Sur commande","short_details":"Emilie Michaud, Zemanel \u2014 P\u00e8re Castor","translator":null,"weight":480,"page_count":32,"readership":"3\/6 ans","editor":"P\u00e8re Castor","price":1450,"published_date":"2025-03-04T23:00:00.000000Z","support":"Grand format","publisher_availability":1,"stock":0,"editions":[],"url":"https:\/\/quaidesbrumes.com\/ouvrage\/9782080461537\/la-toute-petite-fleur-du-printemps"},{"id":"9782266314466","title":"Journal d'une peste Tome 6 : enfin les vacances !","description":"Passage en poche avec le label Best-Seller du tome 6 de la s\u00e9rie de la Martini\u00e8re jeunesse.\r\nUn tome 6 loin de l'\u00e9cole et de ses soucis. M\u00eame \u00e0 la montagne, une peste reste une peste !\r\nCet \u00e9t\u00e9, pour Fannette, c'est camping \u00e0 la ferme. Au programme : toilettes s\u00e8ches, randonn\u00e9es interminables, tentes inond\u00e9es, piq\u00fbres d'ao\u00fbtats et Kevin qui ne la l\u00e2che pas d'une semelle ! Pas vraiment les vacances de ses r\u00eaves...\r\nHeureusement, le beau Th\u00e9o est l\u00e0. Et quand Fannette est amoureuse, il faut s'attendre \u00e0 tout. Serait-ce enfin l'occasion du premier baiser ?","authors":["Virginy L. Sam","Marie-Anne Abesdris"],"category_codes":["2000000","2040000","2040300"],"visuals":{"large":"https:\/\/images.epagine.fr\/466\/9782266314466_1_75.jpg","medium":"https:\/\/images.epagine.fr\/466\/9782266314466_1_m.jpg","thumbnail":"https:\/\/images.epagine.fr\/466\/9782266314466_1_v.jpg"},"orderable":true,"show_badge":true,"formatted_price":"6,20&nbsp;\u20ac","formatted_published_date":"8 avril 2021","publisher_availability_label":"Sur commande","short_details":"Virginy L. Sam, Marie-Anne Abesdris \u2014 Pocket Jeunesse","translator":null,"weight":160,"page_count":288,"readership":"9\/12 ans","editor":"Pocket Jeunesse","price":620,"published_date":"2021-04-07T22:00:00.000000Z","support":"Poche","publisher_availability":1,"stock":0,"editions":["9782732488769"],"url":"https:\/\/quaidesbrumes.com\/ouvrage\/9782266314466\/journal-dune-peste-tome-6-enfin-les-vacances"},{"id":"9782382672556","title":"L'\u00c9t\u00e9 o\u00f9 je suis morte","description":"Ao\u00fbt 1995. Hannah dispara\u00eet lors de son s\u00e9jour au camp Hollow Pines, au coeur de l'Oregon.\r\nAo\u00fbt 1996. Amy revient \u00e0 Hollow Pines pour la septi\u00e8me ann\u00e9e cons\u00e9cutive.\r\nMais cet \u00e9t\u00e9 ne ressemble \u00e0 aucun autre : elle rencontre Sadie, une adolescente taciturne, et doit faire face \u00e0 l'absence de son amie, Hannah, qui n'a jamais \u00e9t\u00e9 retrouv\u00e9e.\r\nRong\u00e9e par un terrible secret, Amy d\u00e9cide de s'allier \u00e0 Sadie pour se lancer \u00e0 la recherche de la v\u00e9rit\u00e9. Que s'est-il pass\u00e9 la nuit de la disparition d'Hannah ? Elle qui croyait si fort aux f\u00e9es, en serait-elle devenue une ? Est-ce seulement un tragique accident... ou quelqu'un lui aurait-il fait du mal ? Des histoires macabres courent sur le camp...\r\nDans cette for\u00eat pleine de l\u00e9gendes, les contes pourraient bien se transformer en cauchemars.\r\nQuand C\u00e9cile Guillot n'est pas en train de chiner des robes vintages, de sauver des chats ou de boire un bon th\u00e9, elle \u00e9crit des romans. Elle aime se promener dans les genres et les atmosph\u00e8res au gr\u00e9 de ses envies... horreur, fantastique, romance, jeunesse, peu importe !\r\nN\u00e9e \u00e0 Oxford, Nora Lake a grandi au milieu des livres et de l'architecture gothique. Ancienne croquemort, aujourd'hui professeure de fran\u00e7ais, elle s'adonne enti\u00e8rement \u00e0 la litt\u00e9rature, \u00e9crivant des histoires o\u00f9 se c\u00f4toient fant\u00f4mes et for\u00eats profondes.","authors":["C\u00e9cile Guillot","Nora Lake"],"category_codes":["2000000","2050000","2050200"],"visuals":{"large":"https:\/\/images.epagine.fr\/556\/9782382672556_1_75.jpg","medium":"https:\/\/images.epagine.fr\/556\/9782382672556_1_m.jpg","thumbnail":"https:\/\/images.epagine.fr\/556\/9782382672556_1_v.jpg"},"orderable":true,"show_badge":false,"formatted_price":"23,00&nbsp;\u20ac","formatted_published_date":"22 avril 2026","publisher_availability_label":"Sur commande","short_details":"C\u00e9cile Guillot, Nora Lake \u2014 \u00c9ditions Mn\u00e9mos","translator":null,"weight":373,"page_count":272,"readership":"\u00e0 partir de 12 ANS","editor":"\u00c9ditions Mn\u00e9mos","price":2300,"published_date":"2026-04-21T22:00:00.000000Z","support":"Grand format","publisher_availability":1,"stock":1,"editions":[],"url":"https:\/\/quaidesbrumes.com\/ouvrage\/9782382672556\/lete-ou-je-suis-morte"},{"id":"9782732472300","title":"Un palais d'\u00e9pines et de roses (ACOTAR) Tome 1","description":"En chassant dans les bois enneig\u00e9s, Feyre voulait seulement nourrir sa famille. Mais elle a commis l'irr\u00e9parable en tuant un Fae, et la voici emmen\u00e9e de force \u00e0 Prythian, royaume des immortels. L\u00e0-bas, pourtant, sa prison est un palais magnifique et son ge\u00f4lier n'a rien d'un monstre. Tamlin, un Grand Seigneur Fae, la traite comme une princesse. Et quel est ce mal qui ronge le royaume et risque de s'\u00e9tendre \u00e0 celui des mortels ? A l'\u00e9vidence, Feyre n'est pas une simple prisonni\u00e8re. Mais comment une jeune humaine d'origine aussi modeste pourrait-elle venir en aide \u00e0 de si puissants seigneurs ? Sa libert\u00e9, en tout cas, semble \u00eatre \u00e0 ce prix.","authors":["Sarah J. Maas","Anne-Judith Descombey"],"category_codes":["2000000","2050000","2050200","2050204"],"visuals":{"large":"https:\/\/images.epagine.fr\/300\/9782732472300_1_75.jpg","medium":"https:\/\/images.epagine.fr\/300\/9782732472300_1_m.jpg","thumbnail":"https:\/\/images.epagine.fr\/300\/9782732472300_1_v.jpg"},"orderable":true,"show_badge":true,"formatted_price":"20,00&nbsp;\u20ac","formatted_published_date":"9 f\u00e9vrier 2017","publisher_availability_label":"Sur commande","short_details":"Sarah J. Maas, Anne-Judith Descombey \u2014 La Martini\u00e8re jeunesse","translator":"ANNE-JUDITH DESCOMBEY","weight":598,"page_count":528,"readership":"\u00e0 partir de 16 ans","editor":"La Martini\u00e8re jeunesse","price":2000,"published_date":"2017-02-08T23:00:00.000000Z","support":"Grand format","publisher_availability":1,"stock":0,"editions":["9782732487595"],"url":"https:\/\/quaidesbrumes.com\/ouvrage\/9782732472300\/un-palais-depines-et-de-roses-acotar-tome-1"},{"id":"9791095135722","title":"Je veux un lion !","description":"L\u00e9o est un petit gar\u00e7on qui adore les animaux. Il les aime tellement qu'un jour, au r\u00e9veil, il n'y tient plus et demande \u00e0 sa m\u00e8re, un lion ! Mais voil\u00e0, sa m\u00e8re n'est pas d'accord pour accepter un tel animal dans sa maison. Pourtant L\u00e9o ne se d\u00e9courage pas. Toute la journ\u00e9e, il supplie sa m\u00e8re pour avoir un hippopotame, un singe, une ch\u00e8vre ou encore un perroquet. Rien ni fait, sa m\u00e8re ne veut pas. Finalement, il se pourrait bien qu'apr\u00e8s cette journ\u00e9e de tentatives infructueuses, L\u00e9o arrive finalement \u00e0 adopter l'animal de ses r\u00eaves.","authors":["Annemarie Van der Eem","Mark Janssen"],"category_codes":["2000000","2030000","2030400"],"visuals":{"large":"https:\/\/images.epagine.fr\/722\/9791095135722_1_75.jpg","medium":"https:\/\/images.epagine.fr\/722\/9791095135722_1_m.jpg","thumbnail":"https:\/\/images.epagine.fr\/722\/9791095135722_1_v.jpg"},"orderable":true,"show_badge":true,"formatted_price":"19,00&nbsp;\u20ac","formatted_published_date":"16 avril 2026","publisher_availability_label":"Sur commande","short_details":"Annemarie Van der Eem, Mark Janssen \u2014 Obriart","translator":null,"weight":540,"page_count":36,"readership":"\u00e0 partir de 4 ANS","editor":"Obriart","price":1900,"published_date":"2026-04-15T22:00:00.000000Z","support":"Grand format","publisher_availability":1,"stock":0,"editions":[],"url":"https:\/\/quaidesbrumes.com\/ouvrage\/9791095135722\/je-veux-un-lion"},{"id":"9782075185271","title":"Le ch\u00e2teau des Papayes","description":"Aux yeux des autres, il ne s'agit que d'un terrain vague et d'une \u00e9glise \u00e0 moiti\u00e9 d\u00e9molie. Pour Ware, onze ans, incorrigible r\u00eaveur, c'est un v\u00e9ritable ch\u00e2teau, avec sa tour de guet et son domaine. Pour Jol\u00e8ne, d\u00e9brouillarde, dr\u00f4le et courageuse, l'endroit id\u00e9al o\u00f9 faire pousser ses papayes. Ils ne le savent pas encore mais leur rencontre dans ce refuge improbable va marquer le d\u00e9but de vacances inoubliables.","authors":["Sara Pennypacker","Faustina Fiore"],"category_codes":["2000000","2040000","2040500"],"visuals":{"large":"https:\/\/images.epagine.fr\/271\/9782075185271_1_75.jpg","medium":"https:\/\/images.epagine.fr\/271\/9782075185271_1_m.jpg","thumbnail":"https:\/\/images.epagine.fr\/271\/9782075185271_1_v.jpg"},"orderable":true,"show_badge":true,"formatted_price":"7,90&nbsp;\u20ac","formatted_published_date":"12 janvier 2023","publisher_availability_label":"Sur commande","short_details":"Sara Pennypacker, Faustina Fiore \u2014 Gallimard Jeunesse","translator":"FAUSTINA FIORE","weight":198,"page_count":336,"readership":"\u00e0 partir de 10 ANS","editor":"Gallimard Jeunesse","price":790,"published_date":"2023-01-11T23:00:00.000000Z","support":"Poche","publisher_availability":1,"stock":0,"editions":["9782075150859"],"url":"https:\/\/quaidesbrumes.com\/ouvrage\/9782075185271\/le-chateau-des-papayes"},{"id":"9782017167327","title":"Mini-Loup \u00e0 l'\u00e9cole","description":"Nouvelle \u00e9dition de l'album Mini-Loup \u00e0 l'\u00e9cole, r\u00e9\u00e9crit et compl\u00e8tement redessin\u00e9 par l'auteur.\r\n\r\nC'est le premier jour d'\u00e9cole pour Mini-Loup  : quelle angoisse  !\r\nMini-Loup se pose plein de questions  : est-ce qu'il va se faire des copains  ? Est-ce vrai que la ma\u00eetresse est une ogresse qui mange les enfants turbulents  ?\r\n\u00c0 vos cartables, pr\u00eats, partez.","authors":["Philippe Matter"],"category_codes":["2000000","2030000","2030400"],"visuals":{"large":"https:\/\/images.epagine.fr\/327\/9782017167327_1_75.jpg","medium":"https:\/\/images.epagine.fr\/327\/9782017167327_1_m.jpg","thumbnail":"https:\/\/images.epagine.fr\/327\/9782017167327_1_v.jpg"},"orderable":true,"show_badge":true,"formatted_price":"6,95&nbsp;\u20ac","formatted_published_date":"28 juin 2023","publisher_availability_label":"Sur commande","short_details":"Philippe Matter \u2014 Hachette Enfants","translator":null,"weight":256,"page_count":24,"readership":"\u00e0 partir de 3 ANS","editor":"Hachette Enfants","price":695,"published_date":"2023-06-27T22:00:00.000000Z","support":"Grand format","publisher_availability":1,"stock":0,"editions":["9782017347675"],"url":"https:\/\/quaidesbrumes.com\/ouvrage\/9782017167327\/mini-loup-a-lecole"},{"id":"9782215195924","title":"Le Petit Prince : Mon premier livre sonore","description":"D\u00e9couvrez en famille l'histoire intemporelle du Petit Prince pour les plus petits.\r\nUn livre avec des tirettes sonores pour \u00e9couter de jolies citations et faire avancer l'histoire du Petit Prince !","authors":["Collectif","Antoine de Saint-Exup\u00e9ry"],"category_codes":["2000000","2020000","2020200"],"visuals":{"large":"https:\/\/images.epagine.fr\/924\/9782215195924_1_75.jpg","medium":"https:\/\/images.epagine.fr\/924\/9782215195924_1_m.jpg","thumbnail":"https:\/\/images.epagine.fr\/924\/9782215195924_1_v.jpg"},"orderable":true,"show_badge":true,"formatted_price":"14,95&nbsp;\u20ac","formatted_published_date":"4 juillet 2025","publisher_availability_label":"Sur commande","short_details":"Collectif, Antoine de Saint-Exup\u00e9ry \u2014 Fleurus","translator":null,"weight":426,"page_count":8,"readership":"0\/3 ans","editor":"Fleurus","price":1495,"published_date":"2025-07-03T22:00:00.000000Z","support":"Grand format","publisher_availability":1,"stock":0,"editions":[],"url":"https:\/\/quaidesbrumes.com\/ouvrage\/9782215195924\/le-petit-prince-mon-premier-livre-sonore"},{"id":"9791040122067","title":"Le livre \u00e0 ne pas ouvrir avant tes 10 ans","description":"Sais-tu que certains enfants vont \u00e0 l'\u00e9cole en tyrolienne ? qu'aux p\u00f4les, il n'y a qu'un seul coucher de soleil par an ? que Saturne est tellement l\u00e9g\u00e8re qu'elle pourrait flotter sur l'eau ?\r\nAvec cette petite encyclop\u00e9die bourr\u00e9e d'informations aussi surprenantes que v\u00e9ridiques, les lecteurs feront le plein de connaissances l'ann\u00e9e de leur 10 ans !","authors":["Steve Martin","Andrew Pinder"],"category_codes":["2000000","2070000","2070200"],"visuals":{"large":"https:\/\/images.epagine.fr\/067\/9791040122067_1_75.jpg","medium":"https:\/\/images.epagine.fr\/067\/9791040122067_1_m.jpg","thumbnail":"https:\/\/images.epagine.fr\/067\/9791040122067_1_v.jpg"},"orderable":true,"show_badge":true,"formatted_price":"8,90&nbsp;\u20ac","formatted_published_date":"2 janvier 2026","publisher_availability_label":"Sur commande","short_details":"Steve Martin, Andrew Pinder \u2014 La Martini\u00e8re jeunesse","translator":null,"weight":142,"page_count":128,"readership":"\u00e0 partir de 10 ANS","editor":"La Martini\u00e8re jeunesse","price":890,"published_date":"2026-01-01T23:00:00.000000Z","support":"Grand format","publisher_availability":1,"stock":0,"editions":[],"url":"https:\/\/quaidesbrumes.com\/ouvrage\/9791040122067\/le-livre-a-ne-pas-ouvrir-avant-tes-10-ans"},{"id":"9782211317061","title":"Croque-bisous","description":"Apr\u00e8s avoir eu des bisous de papa et de maman, Petite Souris se sent bien seule dans son lit. Soudain, un dr\u00f4le de personnage frappe \u00e0 sa fen\u00eatre : c'est Croque-Bisous !\r\nIl vient pour croquer un bisou, deux bisous... trois bisous ! Petite souris peut s'endormir tranquillement : Croque-Bisous veille sur elle !\r\n","authors":["Kimiko"],"category_codes":["2000000","2020000","2020400"],"visuals":{"large":"https:\/\/images.epagine.fr\/061\/9782211317061_1_75.jpg","medium":"https:\/\/images.epagine.fr\/061\/9782211317061_1_m.jpg","thumbnail":"https:\/\/images.epagine.fr\/061\/9782211317061_1_v.jpg"},"orderable":true,"show_badge":true,"formatted_price":"6,00&nbsp;\u20ac","formatted_published_date":"28 octobre 2021","publisher_availability_label":"Sur commande","short_details":"Kimiko \u2014 L'\u00c9cole des loisirs","translator":null,"weight":94,"page_count":20,"readership":"0\/3 ans","editor":"L'\u00c9cole des loisirs","price":600,"published_date":"2021-10-27T22:00:00.000000Z","support":"Poche","publisher_availability":1,"stock":0,"editions":["9782211202978"],"url":"https:\/\/quaidesbrumes.com\/ouvrage\/9782211317061\/croque-bisous"},{"id":"9782383496441","title":"Dans le baba","description":"Et PAN ! Dans le baba...\r\nQuand petit ourson sort sa couronne de son sac, \r\n rien ne va plus !\r\n Cette couronne lui donnerait-elle tous les pouvoirs ?\r\n Car le voil\u00e0 qui distribue des r\u00f4les de fa\u00e7on autoritaire \u00e0 chacun de ses camarades : \r\n \" Toi, tu es plus petit que moi, tu seras mon premier valet. \r\n Toi, tu es plus grand, mais si je mets ma couronne, \r\n je suis plus grand, donc, tu seras mon second valet...\"\r\n \r\n Les copains ne trouvent pas le jeu tr\u00e8s dr\u00f4le, \r\n voire humiliant... Alors, au d\u00e9tour de leur cheminement, \r\n un branche trop basse va modifier le cours de l'histoire...\r\n Fini, le pouvoir !\r\n Notre petit ours est accroch\u00e9 \u00e0 sa branche et se retrouve tout seul.\r\n La nuit tombe, il va dormir dans l'arbre...\r\n Le lendemain matin, un petit hibou qui vit dans l'arbre, \r\n offre gentiment son aide \u00e0 l'ourson pour le redescendre. \r\n \r\n OUF ! \r\n Petit ours se h\u00e2te d'aller r\u00e9veiller ses camardes pour reprendre le jeu.\r\n \" Le roi est de retour, crie-t-il ! \"\r\n Mais la r\u00e9ponse est inattendue : \r\n \" Tu n'es plus roi, tu n'as plus de couronne...\"\r\n OUPS ! J'ai oubli\u00e9 ma couronne dans l'arbre pense-til.\r\n Vite, il retourne voir le hibou pour lui demander la couronne...\r\n \r\n \" Non ! r\u00e9pond le hibou coiff\u00e9 de la couronne.\r\n Car le roi, maintenant, c'est MOI ! Et pan, dans le baba ! \"","authors":["Edouard Manceau"],"category_codes":["2000000","2030000","2030400"],"visuals":{"large":"https:\/\/images.epagine.fr\/441\/9782383496441_1_75.jpg","medium":"https:\/\/images.epagine.fr\/441\/9782383496441_1_m.jpg","thumbnail":"https:\/\/images.epagine.fr\/441\/9782383496441_1_v.jpg"},"orderable":true,"show_badge":true,"formatted_price":"14,50&nbsp;\u20ac","formatted_published_date":"16 avril 2026","publisher_availability_label":"Sur commande","short_details":"Edouard Manceau \u2014 Frimousse","translator":null,"weight":420,"page_count":42,"readership":"3\/6 ans","editor":"Frimousse","price":1450,"published_date":"2026-04-15T22:00:00.000000Z","support":"Grand format","publisher_availability":1,"stock":0,"editions":[],"url":"https:\/\/quaidesbrumes.com\/ouvrage\/9782383496441\/dans-le-baba"}]}