{"data":[{"id":"9782095061869","title":"Mademoiselle Zazie et la robe de Max","description":"Zazie et sa dr\u00f4le de conception des relations amoureuses sont de retour ! Un roman illustr\u00e9 pour les enfants de 7 \u00e0 11 ans, facile \u00e0 lire tout seul et \u00e0 comprendre. Une histoire rythm\u00e9e et passionnante qui donne vraiment envie de lire.\r\n\r\nL'histoire : Aujourd'hui, Max veut faire essayer une jolie robe de princesse \u00e0 Zazie. Mais cette derni\u00e8re ne l'entend pas de cette oreille... Si elle doit enfiler cette robe, alors Max la mettra aussi, foi de Zazie !\r\n\r\nUn roman dr\u00f4le et accessible qui bouscule les id\u00e9es re\u00e7ues avec l\u00e9g\u00e8ret\u00e9.\r\n\r\nEntre rires, quiproquos et r\u00e9flexions sur le vivre-ensemble, une lecture facile \u00e0 comprendre, parfaite pour donner le go\u00fbt de lire aux enfants de 7 \u00e0 11 ans.","authors":["Thierry Lenain","Delphine Durand"],"category_codes":["2000000","2040000","2040300"],"visuals":{"large":"https:\/\/images.epagine.fr\/869\/9782095061869_1_75.jpg","medium":"https:\/\/images.epagine.fr\/869\/9782095061869_1_m.jpg","thumbnail":"https:\/\/images.epagine.fr\/869\/9782095061869_1_v.jpg"},"orderable":true,"show_badge":true,"formatted_price":"6,20&nbsp;\u20ac","formatted_published_date":"8 janvier 2026","publisher_availability_label":"Sur commande","short_details":"Thierry Lenain, Delphine Durand \u2014 Nathan","translator":null,"weight":108,"page_count":32,"readership":"\u00e0 partir de 7 ANS","editor":"Nathan","price":620,"published_date":"2026-01-07T23:00:00.000000Z","support":"Grand format","publisher_availability":1,"stock":0,"editions":["9782092534939"],"url":"https:\/\/quaidesbrumes.com\/ouvrage\/9782095061869\/mademoiselle-zazie-et-la-robe-de-max"},{"id":"9782809688511","title":"Le tr\u00e9sor des Kinra Tome 1 : Bienvenue au ch\u00e2teau","description":"Le tr\u00e9sor des Kinra, une saison en 13 tomes. D\u00e8s 9 ans.\r\n  \r\nC'est le jour de la rentr\u00e9e \u00e0 l'Acad\u00e9mie internationale Bergstrom ! Cinq jeunes filles talentueuses venues des quatre coins du monde ont quitt\u00e9 leur pays pour y faire leurs premiers pas.\r\n  \r\nLoin de chez elles, elles vont d\u00e9couvrir leurs diff\u00e9rentes cultures, et devenir amies pour la vie...\r\n  \r\nUne histoire\r\nUn marque-page\r\nUn docu  \r\nContient un code secret \u00e0 partager avec des amis !","authors":["Moka","Anne Cresci"],"category_codes":["2000000","2040000","2040300"],"visuals":{"large":"https:\/\/images.epagine.fr\/511\/9782809688511_1_75.jpg","medium":"https:\/\/images.epagine.fr\/511\/9782809688511_1_m.jpg","thumbnail":"https:\/\/images.epagine.fr\/511\/9782809688511_1_v.jpg"},"orderable":true,"show_badge":true,"formatted_price":"6,99&nbsp;\u20ac","formatted_published_date":"2 janvier 2025","publisher_availability_label":"Sur commande","short_details":"Moka, Anne Cresci \u2014 \u00c9ditions playBac","translator":null,"weight":210,"page_count":144,"readership":"\u00e0 partir de 9 ANS","editor":"\u00c9ditions playBac","price":699,"published_date":"2025-01-01T23:00:00.000000Z","support":"Poche","publisher_availability":1,"stock":0,"editions":[],"url":"https:\/\/quaidesbrumes.com\/ouvrage\/9782809688511\/le-tresor-des-kinra-tome-1-bienvenue-au-chateau"},{"id":"9782095061876","title":"Mademoiselle Zazie a trop d'amoureux","description":"Zazie et sa dr\u00f4le de conception des relations amoureuses reviennent ! Un roman illustr\u00e9 pour les enfants de 7 \u00e0 11 ans, facile \u00e0 lire tout seul et \u00e0 comprendre. Une histoire rythm\u00e9e et passionnante qui donne vraiment envie de lire.\r\n\r\nL'histoire : Max remarque en classe un regard un peu trop appuy\u00e9 de Zazie en direction d'un autre gar\u00e7on ! C'est l'\u00e9bullition dans la t\u00eate de Max : il faut r\u00e9agir et vite ! Il d\u00e9cide d' \" acheter \" le rival potentiel afin que celui-ci promette, en signant un contrat (!), de ne jamais \u00eatre l'amoureux de Zazie.\r\nMais bient\u00f4t, Zazie pose son regard sur un autre gar\u00e7on de la classe... Max n'est pas au bout de ses peines !\r\n\r\nPour les fans de \"Le Petit Nicolas\" ou \"Journal d'un d\u00e9gonfl\u00e9\"\r\n\r\nUn roman vivre ensemble pour les enfants de 7 \u00e0 11 ans.","authors":["Thierry Lenain","Delphine Durand"],"category_codes":["2000000","2040000","2040300"],"visuals":{"large":"https:\/\/images.epagine.fr\/876\/9782095061876_1_75.jpg","medium":"https:\/\/images.epagine.fr\/876\/9782095061876_1_m.jpg","thumbnail":"https:\/\/images.epagine.fr\/876\/9782095061876_1_v.jpg"},"orderable":true,"show_badge":true,"formatted_price":"6,20&nbsp;\u20ac","formatted_published_date":"8 janvier 2026","publisher_availability_label":"Sur commande","short_details":"Thierry Lenain, Delphine Durand \u2014 Nathan","translator":null,"weight":110,"page_count":32,"readership":"\u00e0 partir de 7 ANS","editor":"Nathan","price":620,"published_date":"2026-01-07T23:00:00.000000Z","support":"Grand format","publisher_availability":1,"stock":0,"editions":[],"url":"https:\/\/quaidesbrumes.com\/ouvrage\/9782095061876\/mademoiselle-zazie-a-trop-damoureux"},{"id":"9782095043698","title":"Soigneurs juniors Tome 16 : Serval en danger","description":"Plongez dans une nouvelle aventure palpitante avec la s\u00e9rie ph\u00e9nom\u00e8ne Soigneurs Juniors, en partenariat avec le ZooParc de Beauval !\r\nC'est l'effervescence \u00e0 Beauval ! Le secteur des fauves accueille quatre servals qui \u00e9taient d\u00e9tenus ill\u00e9galement par des particuliers. Leur arriv\u00e9e permet de sensibiliser le public \u00e0 la lutte contre ce trafic. Quand, un matin, les Soigneurs Juniors re\u00e7oivent un myst\u00e9rieux appel anonyme. Un animal en danger erre dans la Petite For\u00eat, aux abords du ZooParc...\r\n\r\nUne aventure captivante qui m\u00eale action, amiti\u00e9 et d\u00e9couverte du monde animal, inspir\u00e9e du quotidien des vrais soigneurs. \u00c0 lire et relire sans mod\u00e9ration d\u00e8s 8 ans.","authors":["Christelle Chatel","Anne-Lise Nalin"],"category_codes":["2000000","2040000","2040300"],"visuals":{"large":"https:\/\/images.epagine.fr\/698\/9782095043698_1_75.jpg","medium":"https:\/\/images.epagine.fr\/698\/9782095043698_1_m.jpg","thumbnail":"https:\/\/images.epagine.fr\/698\/9782095043698_1_v.jpg"},"orderable":true,"show_badge":true,"formatted_price":"7,50&nbsp;\u20ac","formatted_published_date":"15 janvier 2026","publisher_availability_label":"Sur commande","short_details":"Christelle Chatel, Anne-Lise Nalin \u2014 Nathan","translator":null,"weight":182,"page_count":98,"readership":"\u00e0 partir de 8 ANS","editor":"Nathan","price":750,"published_date":"2026-01-14T23:00:00.000000Z","support":"Grand format","publisher_availability":1,"stock":0,"editions":[],"url":"https:\/\/quaidesbrumes.com\/ouvrage\/9782095043698\/soigneurs-juniors-tome-16-serval-en-danger"},{"id":"9782095050405","title":"Toutes les raisons de t'aimer","description":"Un album tendre et po\u00e9tique qui r\u00e9pond \u00e0 la plus belle question d'un enfant : pourquoi m'aimes-tu ? Une histoire touchante pour renforcer le lien parent-enfant et rassurer les tout-petits.\r\nUn album qui aborde avec douceur la puissance de l'amour entre parents et enfants.\r\n\r\nR\u00e9sum\u00e9 : \" C'est le soir. Les parents de Violette ont termin\u00e9 de lire son histoire pr\u00e9f\u00e9r\u00e9e : celle de Grande Ourse qui aime tendrement sa Petite Ourse.\r\nPour la vie et pour toujours.\r\n- C'est vraiment beaucoup, dit Violette. Vous aussi vous m'aimez autant ?\r\n- Oh OUI, r\u00e9pondent en choeur ses parents.\r\n- Mais pourquoi ? demande Violette. \"\r\n\r\nUn album qui deviendra rapidement une histoire pr\u00e9f\u00e9r\u00e9e, \u00e0 lire et relire pour rassurer votre enfant et renforcer votre complicit\u00e9 au quotidien.","authors":["Claire Pisarra","Amandine Meyer"],"category_codes":["2000000","2030000","2030400"],"visuals":{"large":"https:\/\/images.epagine.fr\/405\/9782095050405_1_75.jpg","medium":"https:\/\/images.epagine.fr\/405\/9782095050405_1_m.jpg","thumbnail":"https:\/\/images.epagine.fr\/405\/9782095050405_1_v.jpg"},"orderable":true,"show_badge":true,"formatted_price":"12,95&nbsp;\u20ac","formatted_published_date":"9 octobre 2025","publisher_availability_label":"Sur commande","short_details":"Claire Pisarra, Amandine Meyer \u2014 Nathan","translator":null,"weight":394,"page_count":32,"readership":"\u00e0 partir de 4 ANS","editor":"Nathan","price":1295,"published_date":"2025-10-08T22:00:00.000000Z","support":"Grand format","publisher_availability":1,"stock":0,"editions":[],"url":"https:\/\/quaidesbrumes.com\/ouvrage\/9782095050405\/toutes-les-raisons-de-taimer"},{"id":"9782884454001","title":"Max n'aime pas perdre","description":"Max adore jouer, mais sa vie est un enfer : il d\u00e9teste perdre ! Au foot, il ne supporte pas de rater un but, et au tennis, il se sent nul d\u00e8s qu'il tombe sur plus fort que lui... Ce petit livre de Max et Lili fait comprendre que le jeu est un grand plaisir de la vie et qu'il est normal de vouloir gagner. Mais on peut accepter d'\u00eatre parfois moins bon sans perdre toute sa confiance. Il faut apprendre \u00e0 perdre pour pouvoir gagner !\r","authors":["Serge Bloch","Dominique de Saint-Mars"],"category_codes":["2000000","2040000","2040200"],"visuals":{"large":"https:\/\/images.epagine.fr\/001\/9782884454001_1_75.jpg","medium":"https:\/\/images.epagine.fr\/001\/9782884454001_1_m.jpg","thumbnail":"https:\/\/images.epagine.fr\/001\/9782884454001_1_v.jpg"},"orderable":true,"show_badge":true,"formatted_price":"6,20&nbsp;\u20ac","formatted_published_date":"27 janvier 2005","publisher_availability_label":"Sur commande","short_details":"Serge Bloch, Dominique de Saint-Mars \u2014 Calligram","translator":null,"weight":118,"page_count":43,"readership":"6\/9 ans","editor":"Calligram","price":620,"published_date":"2005-01-26T23:00:00.000000Z","support":"Grand format","publisher_availability":1,"stock":0,"editions":[],"url":"https:\/\/quaidesbrumes.com\/ouvrage\/9782884454001\/max-naime-pas-perdre"},{"id":"9782017307907","title":"Vasco, cheval de coeur Tome 1 : L'accident","description":"\u00c0 14 ans, Billie ne vit que pour l'\u00e9quitation\u00a0 ! Mais le jour o\u00f9 un accident brise ses r\u00eaves de troph\u00e9es, son monde s'effondre. Pourra-t-elle un jour remonter en selle et reprendre les concours\u00a0 ? Une chose est s\u00fbre\u00a0 : Vasco, son hanovrien ador\u00e9, ne la laissera pas tomber\u00a0 !","authors":["Collectif"],"category_codes":["2000000","2040000","2040300"],"visuals":{"large":"https:\/\/images.epagine.fr\/907\/9782017307907_1_75.jpg","medium":"https:\/\/images.epagine.fr\/907\/9782017307907_1_m.jpg","thumbnail":"https:\/\/images.epagine.fr\/907\/9782017307907_1_v.jpg"},"orderable":true,"show_badge":true,"formatted_price":"5,90&nbsp;\u20ac","formatted_published_date":"7 mai 2025","publisher_availability_label":"Sur commande","short_details":"Collectif \u2014 Hachette Jeunesse","translator":null,"weight":136,"page_count":128,"readership":"\u00e0 partir de 8 ANS","editor":"Hachette Jeunesse","price":590,"published_date":"2025-05-06T22:00:00.000000Z","support":"Poche","publisher_availability":1,"stock":0,"editions":[],"url":"https:\/\/quaidesbrumes.com\/ouvrage\/9782017307907\/vasco-cheval-de-coeur-tome-1-laccident"},{"id":"9782266337212","title":"Black Cloud Tome 1 : Le royaume","description":"La toute nouvelle s\u00e9rie de Vincent Villeminot pour les 12 ans et + !\r\nD'abord, ce fut la nuit. La nuit compl\u00e8te.\r\nSur Zecrow, qui parle aux oiseaux,\r\net sur moi, qui parle aux fant\u00f4mes.\r\nEt puis ensuite, tout a d\u00e9rap\u00e9.\r\n\r\nTrois fr\u00e8res, des pillages, deux intruses,\r\nune menace \u00e9trange...\r\nUne s\u00e9rie de romans d'aventure\r\nau suspense \u00e9touffant.","authors":["Vincent Villeminot","Julien Martini\u00e8re"],"category_codes":["2000000","2050000","2050200","2050205"],"visuals":{"large":"https:\/\/images.epagine.fr\/212\/9782266337212_1_75.jpg","medium":"https:\/\/images.epagine.fr\/212\/9782266337212_1_m.jpg","thumbnail":"https:\/\/images.epagine.fr\/212\/9782266337212_1_v.jpg"},"orderable":true,"show_badge":false,"formatted_price":"13,90&nbsp;\u20ac","formatted_published_date":"17 ao\u00fbt 2023","publisher_availability_label":"Sur commande","short_details":"Vincent Villeminot, Julien Martini\u00e8re \u2014 Pocket Jeunesse","translator":null,"weight":352,"page_count":320,"readership":"\u00e0 partir de 12 ANS","editor":"Pocket Jeunesse","price":1390,"published_date":"2023-08-16T22:00:00.000000Z","support":"Grand format","publisher_availability":1,"stock":1,"editions":[],"url":"https:\/\/quaidesbrumes.com\/ouvrage\/9782266337212\/black-cloud-tome-1-le-royaume"},{"id":"9782070619870","title":"Le petit Nicolas : les histoires in\u00e9dites Tome 1 ; les b\u00eatises du Petit Nicolas","description":"Ensemble, le Petit Nicolas et ses copains s'amusent beaucoup. Il faut dire qu'\u00e0 la maison, au cirque, \u00e0 la f\u00eate foraine ou en retenue, ils ont toujours des id\u00e9es chouettes comme tout, m\u00eame si le surveillant, le directeur, la ma\u00eetresse, les parents, les voisins et le patron de papa n'ont pas l'air d'\u00eatre de cet avis... Pourtant, Nicolas et ses amis ne font jamais de b\u00eatises, c'est vrai quoi \u00e0 la fin !","authors":["Ren\u00e9 Goscinny","Jean-Jacques Semp\u00e9"],"category_codes":["2000000","2040000","2040500","2040509"],"visuals":{"large":"https:\/\/images.epagine.fr\/870\/9782070619870_1_75.jpg","medium":"https:\/\/images.epagine.fr\/870\/9782070619870_1_m.jpg","thumbnail":"https:\/\/images.epagine.fr\/870\/9782070619870_1_v.jpg"},"orderable":true,"show_badge":true,"formatted_price":"7,90&nbsp;\u20ac","formatted_published_date":"22 mai 2008","publisher_availability_label":"Sur commande","short_details":"Ren\u00e9 Goscinny, Jean-Jacques Semp\u00e9 \u2014 Gallimard Jeunesse","translator":null,"weight":214,"page_count":160,"readership":"\u00e0 partir de 9 ANS","editor":"Gallimard Jeunesse","price":790,"published_date":"2008-05-21T22:00:00.000000Z","support":"Poche","publisher_availability":1,"stock":0,"editions":[],"url":"https:\/\/quaidesbrumes.com\/ouvrage\/9782070619870\/le-petit-nicolas-les-histoires-inedites-tome-1-les-betises-du-petit-nicolas"},{"id":"9782211316040","title":"Francisco","description":"Francisco est un chat sauvage, et il aime sa solitude. C'est d'ailleurs pour \u00e7a qu'il a install\u00e9 sa station-service en plein d\u00e9sert : les voitures s'arr\u00eatent, font un plein, repartent aussit\u00f4t, et c'est parfait comme \u00e7a. Sauf quand les voitures calent et ne veulent plus red\u00e9marrer. C'est justement ce qui arrive aujourd'hui \u00e0 Madame Lapin et ses trois lapereaux... Zut ! Francisco, tu as des invit\u00e9s !","authors":["Perceval Barrier"],"category_codes":["2000000","2030000","2030300"],"visuals":{"large":"https:\/\/images.epagine.fr\/040\/9782211316040_1_75.jpg","medium":"https:\/\/images.epagine.fr\/040\/9782211316040_1_m.jpg","thumbnail":"https:\/\/images.epagine.fr\/040\/9782211316040_1_v.jpg"},"orderable":true,"show_badge":true,"formatted_price":"6,00&nbsp;\u20ac","formatted_published_date":"1er septembre 2021","publisher_availability_label":"Sur commande","short_details":"Perceval Barrier \u2014 L'\u00c9cole des loisirs","translator":null,"weight":96,"page_count":33,"readership":"\u00e0 partir de 5 ANS","editor":"L'\u00c9cole des loisirs","price":600,"published_date":"2021-08-31T22:00:00.000000Z","support":"Poche","publisher_availability":1,"stock":0,"editions":["9782211300834"],"url":"https:\/\/quaidesbrumes.com\/ouvrage\/9782211316040\/francisco"},{"id":"9782386141171","title":"Les super r\u00e9sistants de la Seconde Guerre mondiale : Les m\u00e9chants n'ont qu'\u00e0 bien se tenir !","description":"Lorsque la Seconde Guerre mondiale \u00e9clate et que l'Allemagne nazie \u00e9tend ses pers\u00e9cutions, des citoyens entrent en r\u00e9sistance partout en Europe.\r\n\u00c9l\u00e8ves, enseignants, militaires ou hommes d'affaires : d\u00e9couvre dix histoires d'hommes et de femmes qui ont affront\u00e9, dans l'ombre, d'innombrables dangers pour sauver des innocents et combattre l'ennemi !\r\nSuis leurs aventures tr\u00e9pidantes, racont\u00e9es avec un ton l\u00e9g\u00e8rement d\u00e9cal\u00e9...","authors":["Bruno Wennagel","Mathieu Ferret","Roberta Pierpaoli","Thomas Le Petit-Corps"],"category_codes":["2000000","2070000","2070400"],"visuals":{"large":"https:\/\/images.epagine.fr\/171\/9782386141171_1_75.jpg","medium":"https:\/\/images.epagine.fr\/171\/9782386141171_1_m.jpg","thumbnail":"https:\/\/images.epagine.fr\/171\/9782386141171_1_v.jpg"},"orderable":true,"show_badge":true,"formatted_price":"12,90&nbsp;\u20ac","formatted_published_date":"23 avril 2025","publisher_availability_label":"Sur commande","short_details":"Bruno Wennagel, Mathieu Ferret, Roberta Pierpaoli, Thomas Le Petit-Corps \u2014 Quelle Histoire","translator":null,"weight":410,"page_count":48,"readership":"Tout public","editor":"Quelle Histoire","price":1290,"published_date":"2025-04-22T22:00:00.000000Z","support":"Grand format","publisher_availability":1,"stock":0,"editions":[],"url":"https:\/\/quaidesbrumes.com\/ouvrage\/9782386141171\/les-super-resistants-de-la-seconde-guerre-mondiale-les-mechants-nont-qua-bien-se-tenir"},{"id":"9782408063955","title":"Nino Dino : Le gros chagrin","description":"Aujourd'hui, il n'y a pas \u00e9cole. Youpi ! Nino Dino va en profiter pour jouer avec ses amis. Mais Cl\u00e9a joue avec Lilly, Max est avec ses cousins et Alfred pr\u00e9f\u00e8re son ami imaginaire. Nino Dino se sent exclu. Inconsolable, il rentre chez lui. Papa, Maman et B\u00e9b\u00e9 Dino se donnent du mal pour lui remonter le moral. Comment apprivoiser ce gros chagrin ? L'\u00e9coute et le temps peuvent \u00eatre de v\u00e9ritables pansements.\u00a0Une th\u00e9matique du quotidien\r\nLe gros chagrin fait partie du quotidien des petits. Il surgit souvent sans pr\u00e9venir et prend soudain beaucoup de place.\u00a0Les personnages des parents de Nino Dino et de ses amis permettent d'expliquer qu'avec de l'\u00e9coute et de la compassion, l'enfant parvient \u00e0 l'apprivoiser puis \u00e0 le d\u00e9passer, car il se sent compris et consol\u00e9.\u00a0Une histoire r\u00e9aliste\r\nNino Dino est triste et \u00e7a ne passe pas en un clin d'oeil. En racontant ce chagrin sur une temporalit\u00e9 plus longue qu'une simple journ\u00e9e, Mim montre la r\u00e9alit\u00e9. Parfois, les gros chagrins durent, et c'est important de les accepter. En prenant le temps d'accueillir ses \u00e9motions, on peut ensuite trouver l'\u00e9nergie pour rebondir et aller vers la ga\u00eet\u00e9.Un h\u00e9ros miroir des \u00e9motions des tout-petits\u00a0\r\nNino Dino est un h\u00e9ros attachant et plein d'\u00e9motions, qui ressemble aux enfants. En suivant ses aventures, les jeunes lecteurs s'identifient et parviennent, \u00e0 leur tour, \u00e0 nommer ce qu'ils ressentent.\r\n\u00a0","authors":["Mim","Thierry Bedouet"],"category_codes":["2000000","2030000","2030400"],"visuals":{"large":"https:\/\/images.epagine.fr\/955\/9782408063955_1_75.jpg","medium":"https:\/\/images.epagine.fr\/955\/9782408063955_1_m.jpg","thumbnail":"https:\/\/images.epagine.fr\/955\/9782408063955_1_v.jpg"},"orderable":true,"show_badge":true,"formatted_price":"10,50&nbsp;\u20ac","formatted_published_date":"4 mars 2026","publisher_availability_label":"Sur commande","short_details":"Mim, Thierry Bedouet \u2014 Milan","translator":null,"weight":440,"page_count":40,"readership":"\u00e0 partir de 3 ANS","editor":"Milan","price":1050,"published_date":"2026-03-03T23:00:00.000000Z","support":"Grand format","publisher_availability":1,"stock":0,"editions":[],"url":"https:\/\/quaidesbrumes.com\/ouvrage\/9782408063955\/nino-dino-le-gros-chagrin"},{"id":"9782215202561","title":"Un coeur pour toi","description":"Un coeur pour toi, un joli livre plein de tendresse pour c\u00e9l\u00e9brer l'amour d'une maman pour son enfant.","authors":["Leire Salaberria"],"category_codes":["2000000","2020000","2020500"],"visuals":{"large":"https:\/\/images.epagine.fr\/561\/9782215202561_1_75.jpg","medium":"https:\/\/images.epagine.fr\/561\/9782215202561_1_m.jpg","thumbnail":"https:\/\/images.epagine.fr\/561\/9782215202561_1_v.jpg"},"orderable":true,"show_badge":true,"formatted_price":"14,95&nbsp;\u20ac","formatted_published_date":"10 avril 2026","publisher_availability_label":"Sur commande","short_details":"Leire Salaberria \u2014 Fleurus","translator":null,"weight":536,"page_count":16,"readership":"0\/3 ans","editor":"Fleurus","price":1495,"published_date":"2026-04-09T22:00:00.000000Z","support":"Grand format","publisher_availability":1,"stock":0,"editions":[],"url":"https:\/\/quaidesbrumes.com\/ouvrage\/9782215202561\/un-coeur-pour-toi"},{"id":"9782383828372","title":"Mes 300 mod\u00e8les \u00e0 dessiner en pas \u00e0 pas : Adorables & cosy","description":"Tu aimes ce qui est mignon et dessiner ? Ce livre est fait pour toi !\r\nApprends \u00e0 dessiner des objets mignons et adorables gr\u00e2ce \u00e0 ces 300 mod\u00e8les en pas en pas : nourriture, accessoires, objets, plantes, papeterie\r\nBonus : avec des dessins en couleurs pour s'inspirer.\r\nAvec un crayon inclus pour t'entra\u00eener directement sur les pages \u00ab \u00e0 toi de jouer \u00bb.","authors":["Lise Herzog"],"category_codes":["2000000","2060000","2060300"],"visuals":{"large":"https:\/\/images.epagine.fr\/372\/9782383828372_1_75.jpg","medium":"https:\/\/images.epagine.fr\/372\/9782383828372_1_m.jpg","thumbnail":"https:\/\/images.epagine.fr\/372\/9782383828372_1_v.jpg"},"orderable":true,"show_badge":true,"formatted_price":"15,95&nbsp;\u20ac","formatted_published_date":"30 janvier 2026","publisher_availability_label":"Sur commande","short_details":"Lise Herzog \u2014 \u00c9ditions 365","translator":null,"weight":508,"page_count":384,"readership":null,"editor":"\u00c9ditions 365","price":1595,"published_date":"2026-01-29T23:00:00.000000Z","support":"Grand format","publisher_availability":1,"stock":0,"editions":[],"url":"https:\/\/quaidesbrumes.com\/ouvrage\/9782383828372\/mes-300-modeles-a-dessiner-en-pas-a-pas-adorables-cosy"},{"id":"9782728938377","title":"Les belles histoires de la Bible pour les petits","description":"12 histoires de la Bible pleines de p\u00e9rip\u00e9ties pour s'\u00e9merveiller et \u00e0 appr\u00e9cier la bont\u00e9 et le pouvoir de Dieu !\r\n\r\nDe joyeux r\u00e9cits qui nous parlent de courage, de confiance, de pardon, d'esp\u00e9rance et de victoire pour faire d\u00e9couvrir aux plus petits combien Dieu ne manque pas d'imagination pour agir dans nos vies !","authors":["Karine-Marie Amiot","Hengjing Zang"],"category_codes":["2000000","2070000","2071000"],"visuals":{"large":"https:\/\/images.epagine.fr\/377\/9782728938377_1_75.jpg","medium":"https:\/\/images.epagine.fr\/377\/9782728938377_1_m.jpg","thumbnail":"https:\/\/images.epagine.fr\/377\/9782728938377_1_v.jpg"},"orderable":true,"show_badge":true,"formatted_price":"13,95&nbsp;\u20ac","formatted_published_date":"10 avril 2026","publisher_availability_label":"Sur commande","short_details":"Karine-Marie Amiot, Hengjing Zang \u2014 Mame","translator":null,"weight":524,"page_count":56,"readership":null,"editor":"Mame","price":1395,"published_date":"2026-04-09T22:00:00.000000Z","support":"Grand format","publisher_availability":1,"stock":0,"editions":[],"url":"https:\/\/quaidesbrumes.com\/ouvrage\/9782728938377\/les-belles-histoires-de-la-bible-pour-les-petits"},{"id":"9782012248229","title":"Madame Prudente","description":"Monsieur Non, Madame Canaille, Monsieur Costaud et tous leurs amis. Des personnages connus de tous les enfants pour d\u00e9couvrir les traits de caract\u00e8res et les premi\u00e8res notions avec humour. Une collection de r\u00e9f\u00e9rence, fortement prescrite dans les \u00e9coles.","authors":["Roger Hargreaves"],"category_codes":["2000000","2030000","2030400"],"visuals":{"large":"https:\/\/images.epagine.fr\/229\/9782012248229_1_75.jpg","medium":"https:\/\/images.epagine.fr\/229\/9782012248229_1_m.jpg","thumbnail":"https:\/\/images.epagine.fr\/229\/9782012248229_1_v.jpg"},"orderable":true,"show_badge":true,"formatted_price":"2,90&nbsp;\u20ac","formatted_published_date":"11 mars 2009","publisher_availability_label":"Sur commande","short_details":"Roger Hargreaves \u2014 Hachette Jeunesse","translator":null,"weight":55,"page_count":40,"readership":"\u00e0 partir de 4 ANS","editor":"Hachette Jeunesse","price":290,"published_date":"2009-03-10T23:00:00.000000Z","support":"Poche","publisher_availability":1,"stock":0,"editions":[],"url":"https:\/\/quaidesbrumes.com\/ouvrage\/9782012248229\/madame-prudente"},{"id":"9782211338448","title":"Les Turlutins : int\u00e9grale","description":"Ils sont minuscules mais ils ont les id\u00e9es larges et le coeur grand. Ils saisissent la moindre occasion d'\u00eatre heureux. La rivi\u00e8re d\u00e9borde ? Ils d\u00e9m\u00e9nagent pour les grottes des Monts du Sel. Les \u00e9cureuils sont de retour ? Ils construisent des maisons dans les arbres pour voir le soleil plus longtemps. Une mouette leur parle de la mer ? Ils partent \u00e0 sa d\u00e9couverte !","authors":["Anne-Marie Chapouton","Gerda Muller"],"category_codes":["2000000","2030000","2030400"],"visuals":{"large":"https:\/\/images.epagine.fr\/448\/9782211338448_1_75.jpg","medium":"https:\/\/images.epagine.fr\/448\/9782211338448_1_m.jpg","thumbnail":"https:\/\/images.epagine.fr\/448\/9782211338448_1_v.jpg"},"orderable":true,"show_badge":false,"formatted_price":"17,50&nbsp;\u20ac","formatted_published_date":"12 f\u00e9vrier 2025","publisher_availability_label":"Sur commande","short_details":"Anne-Marie Chapouton, Gerda Muller \u2014 L'\u00c9cole des loisirs","translator":null,"weight":500,"page_count":88,"readership":"3\/6 ans","editor":"L'\u00c9cole des loisirs","price":1750,"published_date":"2025-02-11T23:00:00.000000Z","support":"Grand format","publisher_availability":1,"stock":1,"editions":[],"url":"https:\/\/quaidesbrumes.com\/ouvrage\/9782211338448\/les-turlutins-integrale"},{"id":"9791040117568","title":"La trilogie des torches Tome 1 : Songlight","description":"Pour eux, nous sommes des inhumains, des d\u00e9viants. Ils nous pourchassent, nous reformatent, nous font taire \u00e0 tout jamais. Notre \u00e2me brille trop fort, notre don les menace. Nous sommes des Torches.\r\n\r\nBienvenue dans notre futur o\u00f9 une forme immersive de t\u00e9l\u00e9pathie a vu le jour : le Chant de lumi\u00e8re. Loin d'\u00eatre accept\u00e9, ce sixi\u00e8me sens est une sentence de mort pour les habitants de Brightland.\r\nPourtant, la rumeur court qu'au-del\u00e0 des fronti\u00e8res, les porteurs du Chant de lumi\u00e8re, les Torches, sont c\u00e9l\u00e9br\u00e9s.\r\nMais \u00e0 Brightland, les rumeurs sont ignor\u00e9es.\r\n\u00c0 Brightland on suit les r\u00e8gles.\r\nQuand Elsa comprend qu'elle est une Inhumaine, tout un monde s'ouvre \u00e0 elle. Une voix est entr\u00e9e en harmonie avec la sienne. Alors elle d\u00e9cide de fuir. Vers la libert\u00e9. Pour devenir une Torche et \u00e9clairer l'avenir de son chant.\r\n\r\nDes amants maudits.\r\nUne amiti\u00e9 \u00e0 toute \u00e9preuve.\r\nUn univers postapocalyptique impitoyable.","authors":["Moira Buffini","Thomas Leclere"],"category_codes":["2000000","2050000","2050200","2050204"],"visuals":{"large":"https:\/\/images.epagine.fr\/568\/9791040117568_1_75.jpg","medium":"https:\/\/images.epagine.fr\/568\/9791040117568_1_m.jpg","thumbnail":"https:\/\/images.epagine.fr\/568\/9791040117568_1_v.jpg"},"orderable":true,"show_badge":false,"formatted_price":"21,00&nbsp;\u20ac","formatted_published_date":"20 septembre 2024","publisher_availability_label":"Sur commande","short_details":"Moira Buffini, Thomas Leclere \u2014 La Martini\u00e8re jeunesse","translator":"THOMAS LECLERE","weight":548,"page_count":480,"readership":"\u00e0 partir de 15 ans","editor":"La Martini\u00e8re jeunesse","price":2100,"published_date":"2024-09-19T22:00:00.000000Z","support":"Grand format","publisher_availability":1,"stock":1,"editions":["9791040121015"],"url":"https:\/\/quaidesbrumes.com\/ouvrage\/9791040117568\/la-trilogie-des-torches-tome-1-songlight"},{"id":"9782330120023","title":"Crocolou aime sa maman","description":"Maman est aux petits soins car Crocolou est malade. Elle le c\u00e2line, le soigne, lui lit des histoires. Elle a m\u00eame pr\u00e9par\u00e9 une surprise : d\u00e8s qu'il ira mieux, ils feront une sortie rien que tous les deux.","authors":["Oph\u00e9lie Texier"],"category_codes":["2000000","2030000","2030400"],"visuals":{"large":"https:\/\/images.epagine.fr\/023\/9782330120023_1_75.jpg","medium":"https:\/\/images.epagine.fr\/023\/9782330120023_1_m.jpg","thumbnail":"https:\/\/images.epagine.fr\/023\/9782330120023_1_v.jpg"},"orderable":true,"show_badge":true,"formatted_price":"5,40&nbsp;\u20ac","formatted_published_date":"1er mai 2019","publisher_availability_label":"Sur commande","short_details":"Oph\u00e9lie Texier \u2014 Actes Sud Jeunesse","translator":null,"weight":88,"page_count":32,"readership":"3\/6 ans","editor":"Actes Sud Jeunesse","price":540,"published_date":"2019-04-30T22:00:00.000000Z","support":"Grand format","publisher_availability":1,"stock":0,"editions":[],"url":"https:\/\/quaidesbrumes.com\/ouvrage\/9782330120023\/crocolou-aime-sa-maman"},{"id":"9791026404859","title":"Sur la grosse pomme","description":"Petite chenille deviendra Grand papillon\u00a0!\r\nUne petite chenille se promenait sur une grosse pomme, quand elle en fut chass\u00e9e par un escargot.\r\nPasse par le trou, petite chenille et d\u00e9couvre ce qui t'attend plus loin !","authors":["Giorgio Vanetti"],"category_codes":["2000000","2020000","2020500"],"visuals":{"large":"https:\/\/images.epagine.fr\/859\/9791026404859_1_75.jpg","medium":"https:\/\/images.epagine.fr\/859\/9791026404859_1_m.jpg","thumbnail":"https:\/\/images.epagine.fr\/859\/9791026404859_1_v.jpg"},"orderable":true,"show_badge":true,"formatted_price":"4,90&nbsp;\u20ac","formatted_published_date":"28 janvier 2026","publisher_availability_label":"Sur commande","short_details":"Giorgio Vanetti \u2014 Gl\u00e9nat Jeunesse","translator":null,"weight":83,"page_count":24,"readership":"\u00e0 partir de 1 AN","editor":"Gl\u00e9nat Jeunesse","price":490,"published_date":"2026-01-27T23:00:00.000000Z","support":"Grand format","publisher_availability":1,"stock":0,"editions":["9791026402985"],"url":"https:\/\/quaidesbrumes.com\/ouvrage\/9791026404859\/sur-la-grosse-pomme"},{"id":"9782070635672","title":"Ce qu'ils n'ont pas pu nous prendre","description":"Lina est une jeune Lituanienne comme tant d'autres. Tr\u00e8s dou\u00e9e pour le dessin, elle va int\u00e9grer une \u00e9cole d'art. Mais un nuit de juin 1941, des gardes sovi\u00e9tiques l'arrachent \u00e0 son foyer. Elle est d\u00e9port\u00e9e en Sib\u00e9rie avec sa m\u00e8re et son petit fr\u00e8re, Jonas, au terme d'un terrible voyage. Dans ce d\u00e9sert gel\u00e9, il faut lutter pour survivre dans les conditions les plus cruelles qui soient. Mais Lina tient bon, port\u00e9e par l'amour des siens et son audace d'adolescente. Dans le camp, Andrius, 17 ans, affiche la m\u00eame combativit\u00e9 qu'elle.","authors":["Ruta Sepetys","Bee Formentelli"],"category_codes":["2000000","2050000","2050200"],"visuals":{"large":"https:\/\/images.epagine.fr\/672\/9782070635672_1_75.jpg","medium":"https:\/\/images.epagine.fr\/672\/9782070635672_1_m.jpg","thumbnail":"https:\/\/images.epagine.fr\/672\/9782070635672_1_v.jpg"},"orderable":true,"show_badge":true,"formatted_price":"16,50&nbsp;\u20ac","formatted_published_date":"13 octobre 2011","publisher_availability_label":"Sur commande","short_details":"Ruta Sepetys, Bee Formentelli \u2014 Gallimard Jeunesse","translator":"BEE FORMENTELLI","weight":457,"page_count":432,"readership":"\u00e0 partir de 13 ANS","editor":"Gallimard Jeunesse","price":1650,"published_date":"2011-10-12T22:00:00.000000Z","support":"Grand format","publisher_availability":1,"stock":0,"editions":[],"url":"https:\/\/quaidesbrumes.com\/ouvrage\/9782070635672\/ce-quils-nont-pas-pu-nous-prendre"},{"id":"9782075117128","title":"Les grandes vies : Anne Frank","description":"Anne a quatre ans lorsqu'elle fuit l'Allemagne nazie. Mais peu \u00e0 peu, la haine des juifs gagne les Pays-Bas et la famille d'Anne doit se cacher afin d'\u00e9chapper aux camps. Contrainte \u00e0 vivre recluse et dans l'angoisse d'\u00eatre trouv\u00e9e, Anne cherche le r\u00e9confort dans l'\u00e9criture de son journal.\r\n\r\nD\u00e9couvrez le terrible destin d'Anne Frank dont l'histoire est devenue le symbole des enfants victimes du nazisme.\r","authors":["Isabel Thomas"],"category_codes":["2000000","2070000","2070400"],"visuals":{"large":"https:\/\/images.epagine.fr\/128\/9782075117128_1_75.jpg","medium":"https:\/\/images.epagine.fr\/128\/9782075117128_1_m.jpg","thumbnail":"https:\/\/images.epagine.fr\/128\/9782075117128_1_v.jpg"},"orderable":true,"show_badge":false,"formatted_price":"11,90&nbsp;\u20ac","formatted_published_date":"14 f\u00e9vrier 2019","publisher_availability_label":"Sur commande","short_details":"Isabel Thomas \u2014 Gallimard Jeunesse","translator":null,"weight":224,"page_count":64,"readership":"\u00e0 partir de 8 ANS","editor":"Gallimard Jeunesse","price":1190,"published_date":"2019-02-13T23:00:00.000000Z","support":"Grand format","publisher_availability":1,"stock":1,"editions":[],"url":"https:\/\/quaidesbrumes.com\/ouvrage\/9782075117128\/les-grandes-vies-anne-frank"},{"id":"9782226496294","title":"Et toi, tu veux faire quoi plus tard ? Le guide des m\u00e9tiers qui lutte contre les st\u00e9r\u00e9otypes de genre","description":"\u00ab Ce n'est pas pour les filles ! \u00bb Combien de fois cette phrase a-t-elle \u00e9t\u00e9 lanc\u00e9e dans une cour d'\u00e9cole ou au d\u00e9tour d'une conversation sur l'avenir ? Malgr\u00e9 les progr\u00e8s, les st\u00e9r\u00e9otypes de genre persistent et freinent encore trop souvent les r\u00eaves des jeunes, en particulier ceux des filles.\r\nEt pourtant... Ce livre donne la parole \u00e0 60 femmes qui ont os\u00e9 emprunter des chemins dits \u00ab masculins \u00bb : astrophysicienne, joailli\u00e8re, n\u00e9gociatrice du RAID, footballeuse, artisane, militaire, entrepreneure... 60 femmes mais pas que ! Retrouvez \u00e9galement 10 portraits d'hommes, qui, eux, exercent des m\u00e9tiers traditionnellement f\u00e9minins !\r\n  Des parcours puissants, inspirants, illustr\u00e9s avec humour et sensibilit\u00e9, pour montrer que l'ambition et la passion n'ont pas de genre. Regroup\u00e9s par th\u00e9matiques   art, d\u00e9fense, sciences, sport, entrepreneuriat...   ces portraits offrent aux jeunes lectrices et lecteurs des mod\u00e8les accessibles, des r\u00e9cits vibrants et une belle dose de motivation.\r\n  En bonus : des fiches m\u00e9tiers et des conseils pratiques pour aller plus loin et se projeter, quelles que soient ses envies.\r\nUn ouvrage engag\u00e9 et passionnant pour casser les clich\u00e9s et ouvrir le champ des possibles !","authors":["Audrey Derquenne","Marie-Lou Lesage"],"category_codes":["2000000","2070000","2070700"],"visuals":{"large":"https:\/\/images.epagine.fr\/294\/9782226496294_1_75.jpg","medium":"https:\/\/images.epagine.fr\/294\/9782226496294_1_m.jpg","thumbnail":"https:\/\/images.epagine.fr\/294\/9782226496294_1_v.jpg"},"orderable":true,"show_badge":true,"formatted_price":"24,90&nbsp;\u20ac","formatted_published_date":"27 ao\u00fbt 2025","publisher_availability_label":"Sur commande","short_details":"Audrey Derquenne, Marie-Lou Lesage \u2014 Albin Michel","translator":null,"weight":684,"page_count":272,"readership":"Tout public","editor":"Albin Michel","price":2490,"published_date":"2025-08-26T22:00:00.000000Z","support":"Grand format","publisher_availability":1,"stock":0,"editions":[],"url":"https:\/\/quaidesbrumes.com\/ouvrage\/9782226496294\/et-toi-tu-veux-faire-quoi-plus-tard-le-guide-des-metiers-qui-lutte-contre-les-stereotypes-de-genre"},{"id":"9782330208264","title":"La L\u00e9gende du colibri","description":"NOUVELLE \u00c9DITION GRAND FORMAT de cet album devenu un classique - pr\u00e8s de 130 000 exemplaires vendus ce jour ! Cette l\u00e9gende am\u00e9rindienne, qui enseigne l'importance de l'engagement, et la solidarit\u00e9, est aujourd'hui racont\u00e9 dans les \u00e9coles maternelles pour initier les enfants \u00e0 l'\u00e9cologie.","authors":["Colibris","Denis Kormann","Pierre Rabhi"],"category_codes":["2000000","2030000","2030400"],"visuals":{"large":"https:\/\/images.epagine.fr\/264\/9782330208264_1_75.jpg","medium":"https:\/\/images.epagine.fr\/264\/9782330208264_1_m.jpg","thumbnail":"https:\/\/images.epagine.fr\/264\/9782330208264_1_v.jpg"},"orderable":true,"show_badge":true,"formatted_price":"14,50&nbsp;\u20ac","formatted_published_date":"3 septembre 2025","publisher_availability_label":"Sur commande","short_details":"Colibris, Denis Kormann, Pierre Rabhi \u2014 Actes Sud","translator":null,"weight":478,"page_count":40,"readership":"\u00e0 partir de 3 ANS","editor":"Actes Sud","price":1450,"published_date":"2025-09-02T22:00:00.000000Z","support":"Grand format","publisher_availability":1,"stock":0,"editions":[],"url":"https:\/\/quaidesbrumes.com\/ouvrage\/9782330208264\/la-legende-du-colibri"}]}