{"data":[{"id":"9782386142475","title":"Les Reines de France : Le r\u00e8gne des grandes souveraines","description":"Ali\u00e9nor d'Aquitaine, l'insoumise, Anne de Bretagne, attach\u00e9e \u00e0 ses terres natales, Catherine de M\u00e9dicis, l'Italienne orpheline, sa fille Margot, contrainte \u00e0 l'exil et Marie-Antoinette, la mal-aim\u00e9e, voici cinq femmes d'exception qui ont toutes \u00e9t\u00e9 reines de France. Elles ont marqu\u00e9 leur \u00e9poque, chacune \u00e0 leur mani\u00e8re... D\u00e9couvre vite leur destin fascinant !\u00a0","authors":["Cl\u00e9mentine V. Baron","Patricia Cr\u00e9t\u00e9","Mathieu Ferret","Bruno Wennagel"],"category_codes":["2000000","2070000","2070400"],"visuals":{"large":"https:\/\/images.epagine.fr\/475\/9782386142475_1_75.jpg","medium":"https:\/\/images.epagine.fr\/475\/9782386142475_1_m.jpg","thumbnail":"https:\/\/images.epagine.fr\/475\/9782386142475_1_v.jpg"},"orderable":true,"show_badge":true,"formatted_price":"13,95&nbsp;\u20ac","formatted_published_date":"4 f\u00e9vrier 2026","publisher_availability_label":"Sur commande","short_details":"Cl\u00e9mentine V. Baron, Patricia Cr\u00e9t\u00e9, Mathieu Ferret, Bruno Wennagel \u2014 Quelle Histoire","translator":null,"weight":468,"page_count":96,"readership":null,"editor":"Quelle Histoire","price":1395,"published_date":"2026-02-03T23:00:00.000000Z","support":"Grand format","publisher_availability":1,"stock":0,"editions":[],"url":"https:\/\/quaidesbrumes.com\/ouvrage\/9782386142475\/les-reines-de-france-le-regne-des-grandes-souveraines"},{"id":"9791036318832","title":"La cabane magique Tome 54 : narval en d\u00e9tresse","description":"Morgane a d\u00e9cid\u00e9 d'envoyer Tom et L\u00e9a au Groenland, au temps des Vikings. L\u00e0-bas, ils partent au secours d'un narval attaqu\u00e9 par une orque, et sont aid\u00e9s par un jeune gar\u00e7on, Leif Erikson. Ce dernier d\u00e9cide de leur faire visiter son campement et leur pr\u00e9sente son p\u00e8re, Erik Le Rouge, le premier europ\u00e9en \u00e0 avoir d\u00e9couvert le Groenland.\r\nTom et L\u00e9a vont apprendre l'importance d'\u00eatre reconnaissant pour ce qu'ils obtiennent. \r\n\r\n\r\nHistoire ind\u00e9pendante.","authors":["Mary Pope Osborne","Sidonie Van Den Dries"],"category_codes":["2000000","2040000","2040300"],"visuals":{"large":"https:\/\/images.epagine.fr\/832\/9791036318832_1_75.jpg","medium":"https:\/\/images.epagine.fr\/832\/9791036318832_1_m.jpg","thumbnail":"https:\/\/images.epagine.fr\/832\/9791036318832_1_v.jpg"},"orderable":true,"show_badge":true,"formatted_price":"6,90&nbsp;\u20ac","formatted_published_date":"2 juin 2021","publisher_availability_label":"Sur commande","short_details":"Mary Pope Osborne, Sidonie Van Den Dries \u2014 Bayard Jeunesse","translator":"SIDONIE VAN DEN DRIES","weight":166,"page_count":112,"readership":"\u00e0 partir de 6 ANS","editor":"Bayard Jeunesse","price":690,"published_date":"2021-06-01T22:00:00.000000Z","support":"Poche","publisher_availability":1,"stock":0,"editions":[],"url":"https:\/\/quaidesbrumes.com\/ouvrage\/9791036318832\/la-cabane-magique-tome-54-narval-en-detresse"},{"id":"9782377424283","title":"Coup de coeur \u00e0 la bo\u00eete \u00e0 livres","description":"Qui aurait pens\u00e9 que les livres pouvaient vous faire trouver l'amour ?\r\nLa vie bien r\u00e9gl\u00e9e de Na\u00efs est rythm\u00e9e par les cours, le basket, et les livres. Quand elle trouve dans la bo\u00eete \u00e0 livres pr\u00e8s du coll\u00e8ge une nouvelle de Zola qui porte son nom, sa curiosit\u00e9 est piqu\u00e9e. Elle se rend compte alors que, tous les jours, un ouvrage lui correspondant appara\u00eet dans la bo\u00eete. Comme si quelqu'un les pla\u00e7ait l\u00e0 expr\u00e8s pour elle. Son amie Salom\u00e9 aurait-elle raison ? Pourrait-il s'agir d'un amoureux secret ? Il ne leur reste qu'une chose \u00e0 faire : enqu\u00eater pour le d\u00e9couvrir !","authors":["Floriane Turmeau"],"category_codes":["2000000","2040000","2040500"],"visuals":{"large":"https:\/\/images.epagine.fr\/283\/9782377424283_1_75.jpg","medium":"https:\/\/images.epagine.fr\/283\/9782377424283_1_m.jpg","thumbnail":"https:\/\/images.epagine.fr\/283\/9782377424283_1_v.jpg"},"orderable":true,"show_badge":true,"formatted_price":"12,95&nbsp;\u20ac","formatted_published_date":"21 ao\u00fbt 2025","publisher_availability_label":"Sur commande","short_details":"Floriane Turmeau \u2014 Poulpe Fictions","translator":null,"weight":270,"page_count":208,"readership":"\u00e0 partir de 6 ANS","editor":"Poulpe Fictions","price":1295,"published_date":"2025-08-20T22:00:00.000000Z","support":"Grand format","publisher_availability":1,"stock":0,"editions":[],"url":"https:\/\/quaidesbrumes.com\/ouvrage\/9782377424283\/coup-de-coeur-a-la-boite-a-livres"},{"id":"9782012248786","title":"Madame Vedette","description":"Monsieur Non, Madame Canaille, Monsieur Costaud et tous leurs amis. Des personnages connus de tous les enfants pour d\u00e9couvrir les traits de caract\u00e8res et les premi\u00e8res notions avec humour. Une collection de r\u00e9f\u00e9rence, fortement prescrite dans les \u00e9coles.","authors":["Roger Hargreaves"],"category_codes":["2000000","2030000","2030400"],"visuals":{"large":"https:\/\/images.epagine.fr\/786\/9782012248786_1_75.jpg","medium":"https:\/\/images.epagine.fr\/786\/9782012248786_1_m.jpg","thumbnail":"https:\/\/images.epagine.fr\/786\/9782012248786_1_v.jpg"},"orderable":true,"show_badge":true,"formatted_price":"2,90&nbsp;\u20ac","formatted_published_date":"15 octobre 2008","publisher_availability_label":"Sur commande","short_details":"Roger Hargreaves \u2014 Hachette Jeunesse","translator":null,"weight":54,"page_count":40,"readership":"\u00e0 partir de 4 ANS","editor":"Hachette Jeunesse","price":290,"published_date":"2008-10-14T22:00:00.000000Z","support":"Poche","publisher_availability":1,"stock":0,"editions":[],"url":"https:\/\/quaidesbrumes.com\/ouvrage\/9782012248786\/madame-vedette"},{"id":"9782266339568","title":"Mille battements de coeur","description":"L'amour a un son particulier. Celui de mille battements de coeur qui pulsent \u00e0 l'unisson.\r\nLa princesse Annika a v\u00e9cu sa vie enti\u00e8re dans le confort et le luxe, mais elle n'est pas ma\u00eetresse de sa destin\u00e9e. Le roi, son p\u00e8re, a pr\u00e9vu de la marier \u00e0 un homme qu'elle n'aime pas.\r\nA des milliers de kilom\u00e8tres de l\u00e0, Lennox m\u00e8ne une existence rude. Il a vou\u00e9 sa vie \u00e0 l'arm\u00e9e dahrainienne, anim\u00e9 par l'espoir de parvenir un jour \u00e0 r\u00e9cup\u00e9rer le tr\u00f4ne qui a \u00e9t\u00e9 vol\u00e9 aux siens.\r\nMais quand, contre toute attente, l'amour vient frapper \u00e0 leur porte, Annika et Lennox ne peuvent que l'accueillir \u00e0 bras ouverts...","authors":["Kiera Cass","Madeleine Nasalik"],"category_codes":["2000000","2050000","2050200","2050205"],"visuals":{"large":"https:\/\/images.epagine.fr\/568\/9782266339568_1_75.jpg","medium":"https:\/\/images.epagine.fr\/568\/9782266339568_1_m.jpg","thumbnail":"https:\/\/images.epagine.fr\/568\/9782266339568_1_v.jpg"},"orderable":true,"show_badge":true,"formatted_price":"9,20&nbsp;\u20ac","formatted_published_date":"12 septembre 2024","publisher_availability_label":"Sur commande","short_details":"Kiera Cass, Madeleine Nasalik \u2014 Pocket Jeunesse","translator":"MADELEINE NASALIK","weight":316,"page_count":640,"readership":"\u00e0 partir de 12 ANS","editor":"Pocket Jeunesse","price":920,"published_date":"2024-09-11T22:00:00.000000Z","support":"Poche","publisher_availability":1,"stock":0,"editions":["9782221262993"],"url":"https:\/\/quaidesbrumes.com\/ouvrage\/9782266339568\/mille-battements-de-coeur"},{"id":"9782070582532","title":"Mimsy Pocket et les enfants sans nom","description":"Au grand-duch\u00e9 de Sillyrie, les enfants des rues disparaissent, enlev\u00e9s par des hommes-loups. Malgr\u00e9 son agilit\u00e9 de chat et ses talents de voleuse, la jeune Mimsy tombe dans un pi\u00e8ge. La voil\u00e0 emmen\u00e9e avec ses camarades \u00e0 travers les for\u00eats enneig\u00e9es vers une destination inconnue. De son c\u00f4t\u00e9, Magnus Million rejoint un monast\u00e8re haut perch\u00e9 o\u00f9 l'attend une dangereuse mission. Mais bient\u00f4t, les fant\u00f4mes du pass\u00e9 ressurgissent...\r","authors":["Jean-Philippe Arrou-Vignod"],"category_codes":["2000000","2040000","2040500"],"visuals":{"large":"https:\/\/images.epagine.fr\/532\/9782070582532_1_75.jpg","medium":"https:\/\/images.epagine.fr\/532\/9782070582532_1_m.jpg","thumbnail":"https:\/\/images.epagine.fr\/532\/9782070582532_1_v.jpg"},"orderable":true,"show_badge":true,"formatted_price":"8,90&nbsp;\u20ac","formatted_published_date":"17 mars 2016","publisher_availability_label":"Sur commande","short_details":"Jean-Philippe Arrou-Vignod \u2014 Gallimard Jeunesse","translator":null,"weight":223,"page_count":368,"readership":"\u00e0 partir de 11 ANS","editor":"Gallimard Jeunesse","price":890,"published_date":"2016-03-16T23:00:00.000000Z","support":"Poche","publisher_availability":1,"stock":0,"editions":["9782070665594"],"url":"https:\/\/quaidesbrumes.com\/ouvrage\/9782070582532\/mimsy-pocket-et-les-enfants-sans-nom"},{"id":"9782408059019","title":"Les drapeaux","description":"\u00ab Les drapeaux \u00bb : une mine d'informations pour apprendre le vocabulaire du th\u00e8me et d\u00e9couvrir l'univers des drapeaux, leur symbolique et leur signification. Un documentaire interactif et ludique qui valorise la participation et l'autonomie de l'enfant, tout en lui permettant d'en savoir plus sur la th\u00e9matique en collant et en s'amusant. L'enfant apprend en positionnant des autocollants aux bons endroits. Pour tous les fans de drapeaux, qu'ils soient g\u00e9ographiques ou autres. Un documentaire illustr\u00e9 pour apprendre beaucoup de choses sur les drapeaux Seize pages pour apprendre l'histoire des drapeaux, leur r\u00f4le au fil du temps ou lors d'\u00e9v\u00e8nements, \u00e0 quelles occasions ils sont utilis\u00e9s, quelles diff\u00e9rentes formes ils peuvent avoir, ce qui se cache derri\u00e8re le choix de leurs couleurs, de leurs symboles, ce qui les lie quand ils se ressemblent et comment les gens se retrouvent autour d'eux. Et d\u00e9couvrir que, outre les drapeaux des pays et des r\u00e9gions, il en existe aussi pour les marins, des organisations internationales, des comp\u00e9titions sportives, des communaut\u00e9s... Un livre pour faire un tour du monde des drapeaux qui existent et devenir un parfait petit vexillologue ! Un format pratique, l\u00e9ger et facilement transportable, avec des autocollants Une quarantaine d'autocollants \u00e0 coller dans un livre qui s'emporte partout et \u00e0 tout petit prix. Parfait pour occuper les enfants dans les transports, en vacances ou le week-end.","authors":["St\u00e9phane Frattini","Lottie"],"category_codes":["2000000","2080000","2080200"],"visuals":{"large":"https:\/\/images.epagine.fr\/019\/9782408059019_1_75.jpg","medium":"https:\/\/images.epagine.fr\/019\/9782408059019_1_m.jpg","thumbnail":"https:\/\/images.epagine.fr\/019\/9782408059019_1_v.jpg"},"orderable":true,"show_badge":false,"formatted_price":"5,50&nbsp;\u20ac","formatted_published_date":"10 septembre 2025","publisher_availability_label":"Sur commande","short_details":"St\u00e9phane Frattini, Lottie \u2014 Milan","translator":null,"weight":124,"page_count":16,"readership":"\u00e0 partir de 4 ANS","editor":"Milan","price":550,"published_date":"2025-09-09T22:00:00.000000Z","support":"Grand format","publisher_availability":1,"stock":1,"editions":[],"url":"https:\/\/quaidesbrumes.com\/ouvrage\/9782408059019\/les-drapeaux"},{"id":"9782080488121","title":"Dragon de glace","description":"Cr\u00e9ature l\u00e9gendaire, le dragon de glace ne laisse dans son sillage que peur et d\u00e9solation. Il est si terrifiant qu'aucun homme n'ose l'approcher. Pourtant Adara n'a pas peur. Le dragon a toujours fait partie de la vie de la jeune fille. Un jour terrible, des dragons de feu venus du Nord ravagent son village... Adara et son dragon de glace sont les seuls \u00e0 pouvoir ramener la paix et sauver le royaume de la destruction. D\u00e9couvrez le roman jeunesse de George R. R. Martin, le ma\u00eetre de la fantasy, sublim\u00e9 par les illustrations de Luis Royo.","authors":["George R. R. Martin","Luis Royo","Pierre-Paul Durastanti"],"category_codes":["2000000","2040000","2040500"],"visuals":{"large":"https:\/\/images.epagine.fr\/121\/9782080488121_1_75.jpg","medium":"https:\/\/images.epagine.fr\/121\/9782080488121_1_m.jpg","thumbnail":"https:\/\/images.epagine.fr\/121\/9782080488121_1_v.jpg"},"orderable":true,"show_badge":true,"formatted_price":"6,90&nbsp;\u20ac","formatted_published_date":"11 juin 2025","publisher_availability_label":"Sur commande","short_details":"George R. R. Martin, Luis Royo, Pierre-Paul Durastanti \u2014 Flammarion jeunesse","translator":"PIERRE-PAUL DURASTANTI","weight":108,"page_count":128,"readership":"\u00e0 partir de 6 ANS","editor":"Flammarion jeunesse","price":690,"published_date":"2025-06-10T22:00:00.000000Z","support":"Poche","publisher_availability":1,"stock":0,"editions":["9782081365186"],"url":"https:\/\/quaidesbrumes.com\/ouvrage\/9782080488121\/dragon-de-glace"},{"id":"9782211344173","title":"Des ombres et du cr\u00e9puscule","description":"Le tr\u00e9sor de la Valle de la Luna... Une montagne d'or dissimul\u00e9e \u00e0 l'abri des hommes quelque part dans l'Ouest am\u00e9ricain. Depuis que Paco, un gamin des rues, a mis la main sur une carte, la chasse au tr\u00e9sor est ouverte et tous les r\u00eaves d'avenir sont permis.\r\nL'or aiderait Chad et Eon, les deux hors-la-loi qui ont recueilli l'enfant, \u00e0 changer d'identit\u00e9 et \u00e0 refaire leur vie. Le tr\u00e9sor permettrait \u00e9galement \u00e0 Naya la petite Indienne et au Sasquatch qui la prot\u00e8ge de se mettre \u00e0 l'abri. Mais ce qu'ils cherchent pourrait aussi les conduire \u00e0 leur perte. La carte du tr\u00e9sor de la Valle de la Luna est convoit\u00e9e. Deux tueurs sadiques sont \u00e0 leurs trousses, des crotales de la pire esp\u00e8ce pr\u00eats \u00e0 tout pour s'en emparer. Est-ce bien raisonnable d'entra\u00eener des enfants dans une aventure sur mesure pour qui ne craint pas la mort ?\r\n","authors":["Ta\u00ef-Marc Le Thanh"],"category_codes":["2000000","2050000","2050200","2050207"],"visuals":{"large":"https:\/\/images.epagine.fr\/173\/9782211344173_1_75.jpg","medium":"https:\/\/images.epagine.fr\/173\/9782211344173_1_m.jpg","thumbnail":"https:\/\/images.epagine.fr\/173\/9782211344173_1_v.jpg"},"orderable":true,"show_badge":true,"formatted_price":"18,00&nbsp;\u20ac","formatted_published_date":"26 mars 2025","publisher_availability_label":"Sur commande","short_details":"Ta\u00ef-Marc Le Thanh \u2014 L'\u00c9cole des loisirs","translator":null,"weight":401,"page_count":480,"readership":"\u00e0 partir de 13 ANS","editor":"L'\u00c9cole des loisirs","price":1800,"published_date":"2025-03-25T23:00:00.000000Z","support":"Grand format","publisher_availability":1,"stock":0,"editions":[],"url":"https:\/\/quaidesbrumes.com\/ouvrage\/9782211344173\/des-ombres-et-du-crepuscule"},{"id":"9782075228008","title":"Les comptines pr\u00e9f\u00e9r\u00e9es de Trotro et Zaza","description":"Chantez avec Trotro et Zaza!\r\nLa chanson Trotro rigolo et cinq comptines revisit\u00e9es par B\u00e9n\u00e9dicte Guettier et compos\u00e9es par le groupe Zut \u00e0 chanter \u00e0 tue-t\u00eate\u00a0:\u00a0- Je te tiens par la barbichette - Dans sa p'tite maison - Do, r\u00e9, mi, fa, sol, la, si, do - Promenons-nous dans les bois - Fais dodo, Zaza ma p'tite soeur","authors":["B\u00e9n\u00e9dicte Guettier"],"category_codes":["2000000","2030000","2030400"],"visuals":{"large":"https:\/\/images.epagine.fr\/008\/9782075228008_1_75.jpg","medium":"https:\/\/images.epagine.fr\/008\/9782075228008_1_m.jpg","thumbnail":"https:\/\/images.epagine.fr\/008\/9782075228008_1_v.jpg"},"orderable":true,"show_badge":true,"formatted_price":"14,90&nbsp;\u20ac","formatted_published_date":"2 octobre 2025","publisher_availability_label":"Sur commande","short_details":"B\u00e9n\u00e9dicte Guettier \u2014 Gallimard Jeunesse-Giboul\u00e9es","translator":null,"weight":309,"page_count":14,"readership":"3\/6 ans","editor":"Gallimard Jeunesse-Giboul\u00e9es","price":1490,"published_date":"2025-10-01T22:00:00.000000Z","support":"Grand format","publisher_availability":1,"stock":0,"editions":[],"url":"https:\/\/quaidesbrumes.com\/ouvrage\/9782075228008\/les-comptines-preferees-de-trotro-et-zaza"},{"id":"9782226504647","title":"Ciels","description":"Un \u00e9clair, l'aube, le soleil, une com\u00e8te...\r\n\r\nDu matin jusqu'au soir, qu'il fasse jour ou noir,\r\n\r\nOuvrons les yeux aux ciels\r\n\r\nComme le fait l'alouette !\r\n\r\nUne ode \u00e0 la nature et aux ph\u00e9nom\u00e8nes qui l'agitent et la subliment\r\n\r\nCet album a b\u00e9n\u00e9fici\u00e9 de l'aide \u00e0 la cr\u00e9ation litt\u00e9raire jeunesse du D\u00e9partement du Val-de-Marne.","authors":["Charline Collette"],"category_codes":["2000000","2070000","2070300"],"visuals":{"large":"https:\/\/images.epagine.fr\/647\/9782226504647_1_75.jpg","medium":"https:\/\/images.epagine.fr\/647\/9782226504647_1_m.jpg","thumbnail":"https:\/\/images.epagine.fr\/647\/9782226504647_1_v.jpg"},"orderable":true,"show_badge":false,"formatted_price":"14,90&nbsp;\u20ac","formatted_published_date":"1er octobre 2025","publisher_availability_label":"Sur commande","short_details":"Charline Collette \u2014 Albin Michel","translator":null,"weight":390,"page_count":40,"readership":"Tout public","editor":"Albin Michel","price":1490,"published_date":"2025-09-30T22:00:00.000000Z","support":"Grand format","publisher_availability":1,"stock":1,"editions":[],"url":"https:\/\/quaidesbrumes.com\/ouvrage\/9782226504647\/ciels"},{"id":"9782889860463","title":"Architecture sauvage","description":"As-tu d\u00e9j\u00e0 remarqu\u00e9 que nos maisons ne sont\r\nparfois pas si diff\u00e9rentes de celles des animaux ? Il arrive\r\nque la structure d'un immeuble \u00e9voque un essaim\r\nd'abeilles. Ou encore qu'un ch\u00e2teau fort rappelle le\r\nterrier et le barrage d'un castor. Dans son nouvel album,\r\nArchitecture sauvage, La\u00ebtitia Devernay explore ces\r\nressemblances et propose de voir nos habitations et la\r\nnature sous un oeil nouveau. Chaque double-page\r\nrepr\u00e9sente l'illustration de l'habitat animal avec le nom\r\nde l'architecture humaine et une d\u00e9finition qui pr\u00e9sente\r\nles similitudes de leurs principes architecturaux. Avec la\r\ngr\u00e2ce po\u00e9tique de ses illustrations et sa palette de\r\ncouleurs chamarr\u00e9es, La\u00ebtitia Devernay sensibilise les\r\nplus jeunes \u00e0 l'architecture quand celle-ci s'inscrit dans\r\nune vis\u00e9e \u00e9cologique : le biomim\u00e9tisme.","authors":["La\u00ebtitia Devernay"],"category_codes":["2000000","2030000","2030400"],"visuals":{"large":"https:\/\/images.epagine.fr\/463\/9782889860463_1_75.jpg","medium":"https:\/\/images.epagine.fr\/463\/9782889860463_1_m.jpg","thumbnail":"https:\/\/images.epagine.fr\/463\/9782889860463_1_v.jpg"},"orderable":true,"show_badge":true,"formatted_price":"22,90&nbsp;\u20ac","formatted_published_date":"24 octobre 2025","publisher_availability_label":"Sur commande","short_details":"La\u00ebtitia Devernay \u2014 La Joie de lire","translator":null,"weight":576,"page_count":56,"readership":"3\/6 ans","editor":"La Joie de lire","price":2290,"published_date":"2025-10-23T22:00:00.000000Z","support":"Grand format","publisher_availability":1,"stock":0,"editions":[],"url":"https:\/\/quaidesbrumes.com\/ouvrage\/9782889860463\/architecture-sauvage"},{"id":"9782700284195","title":"Potions magiques et sortil\u00e8ges Tome 3 : Le chat mal\u00e9fique","description":"Aub\u00e9pine a d\u00e9couvert un myst\u00e9rieux chat roux en travaillant aux archives. Il est interdit de s'en approcher, comme le lui rappelle sa soeur Primrose, mais Aub\u00e9pine ne r\u00e9siste pas \u00e0 la tentation de le caresser. En touchant son pelage, elle ressent une vive br\u00fblure et elle laisse \u00e9chapper l'animal.\r\nLe lendemain, Aub\u00e9pine ne se sent pas bien et elle comprend vite qu'elle a perdu tous ses pouvoirs. Y a-t-il un rapport avec le chat roux\u00a0 ? Et de quelle sombre magie s'agit-il\u00a0 ?","authors":["Aurore Gomez","Marine Gosselin"],"category_codes":["2000000","2040000","2040500","2040504"],"visuals":{"large":"https:\/\/images.epagine.fr\/195\/9782700284195_1_75.jpg","medium":"https:\/\/images.epagine.fr\/195\/9782700284195_1_m.jpg","thumbnail":"https:\/\/images.epagine.fr\/195\/9782700284195_1_v.jpg"},"orderable":true,"show_badge":true,"formatted_price":"7,90&nbsp;\u20ac","formatted_published_date":"8 octobre 2025","publisher_availability_label":"Sur commande","short_details":"Aurore Gomez, Marine Gosselin \u2014 Rageot \u00c9diteur","translator":null,"weight":355,"page_count":224,"readership":"\u00e0 partir de 8 ANS","editor":"Rageot \u00c9diteur","price":790,"published_date":"2025-10-07T22:00:00.000000Z","support":"Grand format","publisher_availability":1,"stock":0,"editions":[],"url":"https:\/\/quaidesbrumes.com\/ouvrage\/9782700284195\/potions-magiques-et-sortileges-tome-3-le-chat-malefique"},{"id":"9791036384981","title":"La cabane magique : coffret vol.2 : Tomes 5 \u00e0 7","description":"Tom, 9 ans et L\u00e9a, 7 ans, sont propuls\u00e9s dans le pass\u00e9 gr\u00e2ce \u00e0 une cabane magique d\u00e9couverte dans le bois de Belleville. Cette cabane, perch\u00e9e en haut d'un arbre, regorge de livres. \u00c0 chaque d\u00e9but d'aventure, les enfants en ouvrent un, prononcent un voeu et se retrouvent projet\u00e9s dans l'univers du livre. Et les voil\u00e0 partis pour des voyages palpitants dans la for\u00eat Amazonienne, \u00e0 l'\u00e9poque glaciaire et m\u00eame sur la Lune !\r\nCette trilogie forme une grande aventure avec \u00e0 la cl\u00e9 un nouveau myst\u00e8re : la f\u00e9e Morgane, propri\u00e9taire de la Cabane magique, a disparu ! Elle serait victime d'un sortil\u00e8ge qui l'a transform\u00e9e en souris...  Au fil des tomes, les deux enfants r\u00e9unissent des indices pour la d\u00e9livrer.","authors":["Natalie Pope boyce","Philippe Masson","Marie-H\u00e9l\u00e8ne Delval"],"category_codes":["2000000","2040000","2040300"],"visuals":{"large":"https:\/\/images.epagine.fr\/981\/9791036384981_1_75.jpg","medium":"https:\/\/images.epagine.fr\/981\/9791036384981_1_m.jpg","thumbnail":"https:\/\/images.epagine.fr\/981\/9791036384981_1_v.jpg"},"orderable":true,"show_badge":true,"formatted_price":"17,90&nbsp;\u20ac","formatted_published_date":"15 octobre 2025","publisher_availability_label":"Sur commande","short_details":"Natalie Pope boyce, Philippe Masson, Marie-H\u00e9l\u00e8ne Delval \u2014 Bayard Jeunesse","translator":"MARIE-HELENE DELVAL","weight":416,"page_count":272,"readership":"\u00e0 partir de 6 ANS","editor":"Bayard Jeunesse","price":1790,"published_date":"2025-10-14T22:00:00.000000Z","support":"Grand format","publisher_availability":1,"stock":0,"editions":[],"url":"https:\/\/quaidesbrumes.com\/ouvrage\/9791036384981\/la-cabane-magique-coffret-vol2-tomes-5-a-7"},{"id":"9782266293228","title":"Les 100 Tome 1","description":"2:48... 2:47... 2:46...\r\nIls sont 100, tous mineurs, tous accus\u00e9s de crimes passibles de la peine de mort.\r\n1:32... 1:31... 1:30...\r\nApr\u00e8s des centaines d'ann\u00e9es en exil dans l'espace, le Conseil leur accorde une seconde chance qu'ils n'ont pas le droit de refuser : retourner sur Terre.\r\n0:45... 0:44... 0:43...\r\nSeulement, l\u00e0-bas, l'atmosph\u00e8re est toujours potentiellement radioactive et les 100 risquent de mourir \u00e0 peine d\u00e9barqu\u00e9s.\r\n0:03... 0:02... 0:01...\r\nAmours, haines, secrets enfouis et trahisons. Comment se racheter une conduite quand on n'a plus que quelques heures \u00e0 vivre ?","authors":["Kass Morgan","Fabien Le Roy"],"category_codes":["2000000","2050000","2050200","2050205"],"visuals":{"large":"https:\/\/images.epagine.fr\/228\/9782266293228_1_75.jpg","medium":"https:\/\/images.epagine.fr\/228\/9782266293228_1_m.jpg","thumbnail":"https:\/\/images.epagine.fr\/228\/9782266293228_1_v.jpg"},"orderable":true,"show_badge":true,"formatted_price":"8,10&nbsp;\u20ac","formatted_published_date":"3 septembre 2020","publisher_availability_label":"Sur commande","short_details":"Kass Morgan, Fabien Le Roy \u2014 Pocket Jeunesse","translator":"FABIEN LE ROY","weight":188,"page_count":360,"readership":"\u00e0 partir de 13 ANS","editor":"Pocket Jeunesse","price":810,"published_date":"2020-09-02T22:00:00.000000Z","support":"Poche","publisher_availability":1,"stock":0,"editions":[],"url":"https:\/\/quaidesbrumes.com\/ouvrage\/9782266293228\/les-100-tome-1"},{"id":"9782355047930","title":"Les contes de l'olivier ; contes juifs et arabes r\u00e9unis","description":"Des collines d'Alger au mont Carmel, des rires de Jeha aux jugements du roi Salomon, de la femme-guenon du d\u00e9sert mauritanien aux m\u00e9tamorphoses d'\u00c9lie, voici des histoires qui d\u00e9bordent d'intelligence, de vitalit\u00e9 et de d\u00e9sir de paix.\r\n","authors":["Catherine Gendrin","Judith Gueyfier"],"category_codes":["2000000","2030000","2030400"],"visuals":{"large":"https:\/\/images.epagine.fr\/930\/9782355047930_1_75.jpg","medium":"https:\/\/images.epagine.fr\/930\/9782355047930_1_m.jpg","thumbnail":"https:\/\/images.epagine.fr\/930\/9782355047930_1_v.jpg"},"orderable":true,"show_badge":true,"formatted_price":"19,50&nbsp;\u20ac","formatted_published_date":"13 juin 2025","publisher_availability_label":"Sur commande","short_details":"Catherine Gendrin, Judith Gueyfier \u2014 Rue du monde","translator":null,"weight":586,"page_count":144,"readership":"\u00e0 partir de 6 ANS","editor":"Rue du monde","price":1950,"published_date":"2025-06-12T22:00:00.000000Z","support":"Grand format","publisher_availability":1,"stock":0,"editions":[],"url":"https:\/\/quaidesbrumes.com\/ouvrage\/9782355047930\/les-contes-de-lolivier-contes-juifs-et-arabes-reunis"},{"id":"9782095052522","title":"Cherche et trouve : Les chiens \u00e0 Londres","description":"Partez \u00e0 l'aventure dans un Londres extraordinaire peupl\u00e9e de chiens espi\u00e8gles ! Un cherche et trouve grand format qui stimule l'observation et fait d\u00e9couvrir la capitale britannique aux enfants d\u00e8s 7 ans.\r\nR\u00e9sum\u00e9 : Pr\u00eats \u00e0 assister \u00e0 la rel\u00e8ve de la garde au palais de Buckingham ? Envie de vous promener dans les luxuriants jardins de St James's Park ou de monter dans l'embl\u00e9matique bus rouge \u00e0 deux \u00e9tages ? Perdez-vous parmi les illustrations de ce livre et pr\u00e9parez-vous \u00e0 un voyage sp\u00e9cial au coeur d'une Londres peupl\u00e9e de nombreux amis \u00e0 quatre pattes... Amusez-vous \u00e0 suivre les indices contenus dans le texte et aiguisez votre regard pour trouver les d\u00e9tails les plus insolites !\r\n\r\nDans ce magnifique album, les jeunes lecteurs d\u00e9couvriront Londres comme ils ne l'ont jamais vue : peupl\u00e9e d'une multitude de chiens tous plus craquants les uns que les autres !","authors":["Ilaria Mancini"],"category_codes":["2000000","2060000"],"visuals":{"large":"https:\/\/images.epagine.fr\/522\/9782095052522_1_75.jpg","medium":"https:\/\/images.epagine.fr\/522\/9782095052522_1_m.jpg","thumbnail":"https:\/\/images.epagine.fr\/522\/9782095052522_1_v.jpg"},"orderable":true,"show_badge":true,"formatted_price":"15,95&nbsp;\u20ac","formatted_published_date":"9 octobre 2025","publisher_availability_label":"Sur commande","short_details":"Ilaria Mancini \u2014 Nathan","translator":null,"weight":414,"page_count":48,"readership":"\u00e0 partir de 7 ANS","editor":"Nathan","price":1595,"published_date":"2025-10-08T22:00:00.000000Z","support":"Grand format","publisher_availability":1,"stock":0,"editions":[],"url":"https:\/\/quaidesbrumes.com\/ouvrage\/9782095052522\/cherche-et-trouve-les-chiens-a-londres"},{"id":"9782733893180","title":"P'tit Loup est poli","description":"P'tit Loup rend visite \u00e0 sa cousine Louna. Si les deux louveteaux s'amusent beaucoup, ils en oublient tout, m\u00eame la politesse... Mais Maman est l\u00e0 pour leur rappeler dans la bonne humeur les mots magiques !","authors":["Orianne Lallemand","El\u00e9onore Thuillier"],"category_codes":["2000000","2020000","2020400"],"visuals":{"large":"https:\/\/images.epagine.fr\/180\/9782733893180_1_75.jpg","medium":"https:\/\/images.epagine.fr\/180\/9782733893180_1_m.jpg","thumbnail":"https:\/\/images.epagine.fr\/180\/9782733893180_1_v.jpg"},"orderable":true,"show_badge":true,"formatted_price":"5,99&nbsp;\u20ac","formatted_published_date":"25 janvier 2021","publisher_availability_label":"Sur commande","short_details":"Orianne Lallemand, El\u00e9onore Thuillier \u2014 Auzou","translator":null,"weight":140,"page_count":24,"readership":"\u00e0 partir de 2 ANS","editor":"Auzou","price":599,"published_date":"2021-01-24T23:00:00.000000Z","support":"Grand format","publisher_availability":1,"stock":0,"editions":[],"url":"https:\/\/quaidesbrumes.com\/ouvrage\/9782733893180\/ptit-loup-est-poli"},{"id":"9782080481870","title":"L'\u00e9cole des pointes Tome 4 : Ballet \u00e0 Rome","description":"Une passion\u00a0:\u00a0la danse Un r\u00eave\u00a0:\u00a0devenir des \u00c9toiles. Entre amiti\u00e9s et rivalit\u00e9s, bienvenue \u00e0 l'\u00c9cole des Pointes\u00a0! Les \u00e9l\u00e8ves de l'\u00c9cole des Pointes partent \u00e0 Rome pour danser Casse-Noisette\u00a0! Margaux veut \u00e0 tout prix obtenir le r\u00f4le principal du ballet, quitte \u00e0 mettre de c\u00f4t\u00e9 une nouvelle amiti\u00e9...","authors":["D\u00e9borah Mirabel","Anne Pomel"],"category_codes":["2000000","2040000","2040500"],"visuals":{"large":"https:\/\/images.epagine.fr\/870\/9782080481870_1_75.jpg","medium":"https:\/\/images.epagine.fr\/870\/9782080481870_1_m.jpg","thumbnail":"https:\/\/images.epagine.fr\/870\/9782080481870_1_v.jpg"},"orderable":true,"show_badge":true,"formatted_price":"11,50&nbsp;\u20ac","formatted_published_date":"10 septembre 2025","publisher_availability_label":"Sur commande","short_details":"D\u00e9borah Mirabel, Anne Pomel \u2014 Flammarion jeunesse","translator":null,"weight":156,"page_count":144,"readership":"\u00e0 partir de 6 ANS","editor":"Flammarion jeunesse","price":1150,"published_date":"2025-09-09T22:00:00.000000Z","support":"Grand format","publisher_availability":1,"stock":0,"editions":[],"url":"https:\/\/quaidesbrumes.com\/ouvrage\/9782080481870\/lecole-des-pointes-tome-4-ballet-a-rome"},{"id":"9782017354796","title":"Stitch Tome 24 : Le d\u00e9fil\u00e9 de mode","description":"R\u00e9sum\u00e9\r\nUne nouvelle \u00e9l\u00e8ve vient d'arriver \u00e0 l'\u00e9cole. Stitch et Yuna sont ravis de faire sa connaissance, mais Penny est jalouse. Elle lance alors un concours de mode pour prouver qu'elle est la plus \u00e9l\u00e9gante. Yuna accepte de participer. Avec l'aide de Stitch et de Sasha, sa nouvelle amie, elle va tout faire pour d\u00e9nicher la plus belle tenue !\r\nLa s\u00e9rie\u00a0 Stitch !\u00a0 adapt\u00e9e en romans\u00a0 !\r\nPour tous les fans du petit extraterrestre bleu !\r\nUne maquette richement illustr\u00e9e par des images de la s\u00e9rie anim\u00e9e\r\nUn texte plac\u00e9 sous le signe de l'amiti\u00e9 et de l'humour\u00a0 \r\nD\u00e8s 8 ans.","authors":["Disney"],"category_codes":["2000000","2040000","2040500","2040502"],"visuals":{"large":"https:\/\/images.epagine.fr\/796\/9782017354796_1_75.jpg","medium":"https:\/\/images.epagine.fr\/796\/9782017354796_1_m.jpg","thumbnail":"https:\/\/images.epagine.fr\/796\/9782017354796_1_v.jpg"},"orderable":true,"show_badge":true,"formatted_price":"5,90&nbsp;\u20ac","formatted_published_date":"11 mars 2026","publisher_availability_label":"Sur commande","short_details":"Disney \u2014 Hachette Jeunesse","translator":null,"weight":140,"page_count":128,"readership":"\u00e0 partir de 8 ANS","editor":"Hachette Jeunesse","price":590,"published_date":"2026-03-10T23:00:00.000000Z","support":"Poche","publisher_availability":1,"stock":0,"editions":[],"url":"https:\/\/quaidesbrumes.com\/ouvrage\/9782017354796\/stitch-tome-24-le-defile-de-mode"},{"id":"9782095045821","title":"L'univers","description":"Embarque pour un voyage cosmique extraordinaire ! D\u00e9couvre les secrets les plus \u00e9tonnants de notre univers, des \u00e9toiles doubles aux trous noirs, en passant par les plan\u00e8tes habitables.\r\nPlonge dans les myst\u00e8res de l'espace avec plus de 200 informations captivantes ! Des faits \u00e9tonnants comme les 50 plan\u00e8tes potentiellement habitables de notre galaxie ou l'\u00e2ge vertigineux de l'univers...\r\n\r\nExplore les merveilles cosmiques : \u00e9toiles g\u00e9antes, poussi\u00e8res d'\u00e9toiles, trous noirs... Un voyage spatial fascinant racont\u00e9 avec humour et simplicit\u00e9, avec des illustrations qui rendent l'astronomie accessible \u00e0 tous, \u00e0 d\u00e9couvrir d\u00e8s 7 ans !","authors":["David Marchand","Guillaume Pr\u00e9v\u00f4t","Antoine Corbineau"],"category_codes":["2000000","2070000","2070500"],"visuals":{"large":"https:\/\/images.epagine.fr\/821\/9782095045821_1_75.jpg","medium":"https:\/\/images.epagine.fr\/821\/9782095045821_1_m.jpg","thumbnail":"https:\/\/images.epagine.fr\/821\/9782095045821_1_v.jpg"},"orderable":true,"show_badge":true,"formatted_price":"11,90&nbsp;\u20ac","formatted_published_date":"7 mai 2025","publisher_availability_label":"Sur commande","short_details":"David Marchand, Guillaume Pr\u00e9v\u00f4t, Antoine Corbineau \u2014 Nathan","translator":null,"weight":372,"page_count":48,"readership":"\u00e0 partir de 7 ANS","editor":"Nathan","price":1190,"published_date":"2025-05-06T22:00:00.000000Z","support":"Grand format","publisher_availability":1,"stock":0,"editions":[],"url":"https:\/\/quaidesbrumes.com\/ouvrage\/9782095045821\/lunivers"},{"id":"9782925347491","title":"Le loup de maman","description":"Depuis quelque temps, lapin trouve qu'il se passe des choses \u00e9tranges \u00e0 la\r\nmaison. Il entend des voix, des portes qui s'ouvrent et se ferment \u00e0 cl\u00e9. Le pire dans tout\r\n\u00e7a, c'est que sa maman n'a m\u00eame pas l'air apeur\u00e9e. Mais que se passe-t-il ? Un bas oubli\u00e9\r\nsur le canap\u00e9, la d\u00e9couverte de poils noirs dans la salle de bain et la vue d'une ombre sur\r\nle carrelage de l'entr\u00e9e ach\u00e8vent de le convaincre. Un loup r\u00f4de dans la maison.","authors":["Soufie R\u00e9gani"],"category_codes":["2000000","2030000","2030400"],"visuals":{"large":"https:\/\/images.epagine.fr\/491\/9782925347491_1_75.jpg","medium":"https:\/\/images.epagine.fr\/491\/9782925347491_1_m.jpg","thumbnail":"https:\/\/images.epagine.fr\/491\/9782925347491_1_v.jpg"},"orderable":true,"show_badge":true,"formatted_price":"16,00&nbsp;\u20ac","formatted_published_date":"20 mars 2026","publisher_availability_label":"Sur commande","short_details":"Soufie R\u00e9gani \u2014 D'eux","translator":null,"weight":390,"page_count":32,"readership":"3\/6 ans","editor":"D'eux","price":1600,"published_date":"2026-03-19T23:00:00.000000Z","support":"Grand format","publisher_availability":1,"stock":0,"editions":[],"url":"https:\/\/quaidesbrumes.com\/ouvrage\/9782925347491\/le-loup-de-maman"},{"id":"9782226483225","title":"C\u00e9lestine, sur les pas d'Anna Pavlova Tome 7 : les meilleures amies","description":"\u00c0 Deauville, C\u00e9lestine retrouve avec joie Iris, son amie de l'Op\u00e9ra. Elles ont tant de choses \u00e0 se raconter ! Entre deux cours de danse, elles esp\u00e8rent s'amuser \u00e0 l'hippodrome, o\u00f9 se tiendra bient\u00f4t le grand prix de Deauville. Mais la pr\u00e9sence d'un jeune marquis arrogant risque de perturber leurs retrouvailles...","authors":["Gwena\u00eble Barussaud","Myrtille Tournefeuille"],"category_codes":["2000000","2040000","2040300"],"visuals":{"large":"https:\/\/images.epagine.fr\/225\/9782226483225_1_75.jpg","medium":"https:\/\/images.epagine.fr\/225\/9782226483225_1_m.jpg","thumbnail":"https:\/\/images.epagine.fr\/225\/9782226483225_1_v.jpg"},"orderable":true,"show_badge":true,"formatted_price":"7,90&nbsp;\u20ac","formatted_published_date":"30 ao\u00fbt 2023","publisher_availability_label":"Sur commande","short_details":"Gwena\u00eble Barussaud, Myrtille Tournefeuille \u2014 Albin Michel","translator":null,"weight":252,"page_count":144,"readership":"\u00e0 partir de 8 ANS","editor":"Albin Michel","price":790,"published_date":"2023-08-29T22:00:00.000000Z","support":"Grand format","publisher_availability":1,"stock":0,"editions":[],"url":"https:\/\/quaidesbrumes.com\/ouvrage\/9782226483225\/celestine-sur-les-pas-danna-pavlova-tome-7-les-meilleures-amies"},{"id":"9782244231112","title":"Cherche et trouve : Autocollants, les licornes","description":"Les jeunes enfants vont d\u00e9couvrir l'univers magique des LICORNES avec 11 sc\u00e8nes comme \u00ab Au jardin \u00bb, \u00ab Dans l'oc\u00e9an \u00bb, \u00ab Les chatons \u00bb,\u00ab L'anniversaire \u00bb ou \u00ab Les princesses \u00bb . Sur chaque double-page, ils d\u00e9couvriront 9 \u00e9l\u00e9ments. Il faudra trouver l'autocollant correspondant et le coller dans le d\u00e9cor. Ils auront 99 autocollants repositionnables \u00e0 coller au bon endroit.","authors":["Collectif"],"category_codes":["2000000","2080000","2080200"],"visuals":{"large":"https:\/\/images.epagine.fr\/112\/9782244231112_1_75.jpg","medium":"https:\/\/images.epagine.fr\/112\/9782244231112_1_m.jpg","thumbnail":"https:\/\/images.epagine.fr\/112\/9782244231112_1_v.jpg"},"orderable":true,"show_badge":true,"formatted_price":"5,99&nbsp;\u20ac","formatted_published_date":"1er avril 2026","publisher_availability_label":"Sur commande","short_details":"Collectif \u2014 \u00c9ditions Lito","translator":null,"weight":200,"page_count":30,"readership":"\u00e0 partir de 3 ANS","editor":"\u00c9ditions Lito","price":599,"published_date":"2026-03-31T22:00:00.000000Z","support":"Papeterie \/ Coloriage","publisher_availability":1,"stock":0,"editions":[],"url":"https:\/\/quaidesbrumes.com\/ouvrage\/9782244231112\/cherche-et-trouve-autocollants-les-licornes"}]}