{"data":[{"id":"9782075115391","title":"Un b\u00e9b\u00e9 \u00e0 la maison","description":"Accueillir un b\u00e9b\u00e9 \u00e0 la maison, c'est un grand bouleversement pour tout le monde, m\u00eame pour le b\u00e9b\u00e9. \u00c7a oblige chacun \u00e0 changer un peu sa mani\u00e8re de vivre et d'\u00eatre ensemble. Parfois, \u00e7a ne se passe pas bien, mais finalement c'est formidable de devenir un grand fr\u00e8re ou une grande soeur, m\u00eame si on est \u00e0 la fois tr\u00e8s jaloux, tr\u00e8s malheureux, tr\u00e8s f\u00e2ch\u00e9 et tr\u00e8s, tr\u00e8s content...","authors":["Catherine Dolto","Colline Faure-poir\u00e9e","Robin"],"category_codes":["2000000","2070000","2070700"],"visuals":{"large":"https:\/\/images.epagine.fr\/391\/9782075115391_1_75.jpg","medium":"https:\/\/images.epagine.fr\/391\/9782075115391_1_m.jpg","thumbnail":"https:\/\/images.epagine.fr\/391\/9782075115391_1_v.jpg"},"orderable":true,"show_badge":true,"formatted_price":"6,90&nbsp;\u20ac","formatted_published_date":"7 f\u00e9vrier 2019","publisher_availability_label":"Sur commande","short_details":"Catherine Dolto, Colline Faure-poir\u00e9e, Robin \u2014 Gallimard Jeunesse-Giboul\u00e9es","translator":null,"weight":190,"page_count":32,"readership":"\u00e0 partir de 2 ANS","editor":"Gallimard Jeunesse-Giboul\u00e9es","price":690,"published_date":"2019-02-06T23:00:00.000000Z","support":"Grand format","publisher_availability":1,"stock":0,"editions":[],"url":"https:\/\/quaidesbrumes.com\/ouvrage\/9782075115391\/un-bebe-a-la-maison"},{"id":"9782371042575","title":"Premi\u00e8re Guerre mondiale","description":"En ao\u00fbt 1914, l'Europe s'embrase. Deux camps s'affrontent, d'un c\u00f4t\u00e9 la Triple-Alliance, de l'autre la Triple-Entente. \u00ab Ne t'en fais pas, la guerre sera courte \u00bb, dit \u00e0 sa femme un des hommes qui part au combat. Les poilus sont alors loin de s'imaginer ce qui les attend sur le front...","authors":["Bruno Wennagel","Patricia Cr\u00e9t\u00e9","Mathieu Ferret"],"category_codes":["2000000","2070000","2070400"],"visuals":{"large":"https:\/\/images.epagine.fr\/575\/9782371042575_1_75.jpg","medium":"https:\/\/images.epagine.fr\/575\/9782371042575_1_m.jpg","thumbnail":"https:\/\/images.epagine.fr\/575\/9782371042575_1_v.jpg"},"orderable":true,"show_badge":true,"formatted_price":"5,00&nbsp;\u20ac","formatted_published_date":"1er novembre 2016","publisher_availability_label":"Sur commande","short_details":"Bruno Wennagel, Patricia Cr\u00e9t\u00e9, Mathieu Ferret \u2014 QUELLE HISTOIRE","translator":null,"weight":90,"page_count":40,"readership":null,"editor":"QUELLE HISTOIRE","price":500,"published_date":"2016-10-31T23:00:00.000000Z","support":"Grand format","publisher_availability":1,"stock":0,"editions":[],"url":"https:\/\/quaidesbrumes.com\/ouvrage\/9782371042575\/premiere-guerre-mondiale"},{"id":"9782211335966","title":"Une poule...","description":"\u00ab Une poule sur un mur, qui picote du pain dur... \u00bb La c\u00e9l\u00e8bre comptine se termine par \u00ab l\u00e8ve la queue et puis s'en va \u00bb. Mais que se passe-t-il si ce n'est pas tout \u00e0 fait sur un mur qu'est la poule ?","authors":["Jean Maubille"],"category_codes":["2000000","2020000","2020300"],"visuals":{"large":"https:\/\/images.epagine.fr\/966\/9782211335966_1_75.jpg","medium":"https:\/\/images.epagine.fr\/966\/9782211335966_1_m.jpg","thumbnail":"https:\/\/images.epagine.fr\/966\/9782211335966_1_v.jpg"},"orderable":true,"show_badge":true,"formatted_price":"6,00&nbsp;\u20ac","formatted_published_date":"21 ao\u00fbt 2024","publisher_availability_label":"Sur commande","short_details":"Jean Maubille \u2014 L'\u00c9cole des loisirs","translator":null,"weight":84,"page_count":20,"readership":"0\/3 ans","editor":"L'\u00c9cole des loisirs","price":600,"published_date":"2024-08-20T22:00:00.000000Z","support":"Poche","publisher_availability":1,"stock":0,"editions":["9782211077972"],"url":"https:\/\/quaidesbrumes.com\/ouvrage\/9782211335966\/une-poule"},{"id":"9782211093200","title":"Mon pull","description":"Que faire de ce pull ? Il est trop petit, trop moche et, en plus, il gratte. Une robe pour la souris ? Un chapeau pour le cheval ? Un short pour le loup ? Un masque pour l'\u00e9l\u00e9phant ? H\u00e9! Arr\u00eatez ! C'est mon pull ! ","authors":["Audrey Poussier"],"category_codes":["2000000","2020000","2020400"],"visuals":{"large":"https:\/\/images.epagine.fr\/200\/9782211093200_1_75.jpg","medium":"https:\/\/images.epagine.fr\/200\/9782211093200_1_m.jpg","thumbnail":"https:\/\/images.epagine.fr\/200\/9782211093200_1_v.jpg"},"orderable":true,"show_badge":false,"formatted_price":"6,00&nbsp;\u20ac","formatted_published_date":"21 novembre 2008","publisher_availability_label":"Sur commande","short_details":"Audrey Poussier \u2014 L'\u00c9cole des loisirs","translator":null,"weight":74,"page_count":28,"readership":"0\/3 ans","editor":"L'\u00c9cole des loisirs","price":600,"published_date":"2008-11-20T23:00:00.000000Z","support":"Poche","publisher_availability":1,"stock":1,"editions":["9782211307383"],"url":"https:\/\/quaidesbrumes.com\/ouvrage\/9782211093200\/mon-pull"},{"id":"9782070629015","title":"En pleine lucarne","description":"St\u00e9phane et Romain sont deux amis ins\u00e9parables, au coll\u00e8ge comme au foot, leur passion commune. Lorsque Romain accepte de rejoindre le centre de formation d'un grand club, St\u00e9phane se retrouve bien seul. Arrive alors un jeune Turc, Artun, incroyablement dou\u00e9 la balle au pied. Mais la pr\u00e9sence de cet \u00e9tranger ne fait pas plaisir \u00e0 tout le monde. Certains vont m\u00eame jusqu'\u00e0 le menacer...","authors":["Philippe Delerm"],"category_codes":["2000000","2040000","2040500"],"visuals":{"large":"https:\/\/images.epagine.fr\/015\/9782070629015_1_75.jpg","medium":"https:\/\/images.epagine.fr\/015\/9782070629015_1_m.jpg","thumbnail":"https:\/\/images.epagine.fr\/015\/9782070629015_1_v.jpg"},"orderable":true,"show_badge":true,"formatted_price":"7,90&nbsp;\u20ac","formatted_published_date":"2 juillet 2009","publisher_availability_label":"Sur commande","short_details":"Philippe Delerm \u2014 Gallimard Jeunesse","translator":null,"weight":109,"page_count":144,"readership":"\u00e0 partir de 10 ANS","editor":"Gallimard Jeunesse","price":790,"published_date":"2009-07-01T22:00:00.000000Z","support":"Poche","publisher_availability":1,"stock":0,"editions":[],"url":"https:\/\/quaidesbrumes.com\/ouvrage\/9782070629015\/en-pleine-lucarne"},{"id":"9782386140105","title":"Histoire de la Shoah","description":"R\u00e9alis\u00e9 en collaboration avec le M\u00e9morial de la Shoah.\r\nLa Shoah, qui signifie \u00ab catastrophe \u00bb en h\u00e9breu, est l'une des p\u00e9riodes les plus sombres de l'histoire : durant la Seconde Guerre mondiale, pr\u00e8s de 6 millions de personnes juives sont tu\u00e9es en Europe, sous l'impulsion de l'Allemagne nazie et de ses complices. Au fil des pages, tu vas voir que les juifs vont subir une escalade de pers\u00e9cutions de plus en plus graves, jusqu'\u00e0 \u00eatre assassin\u00e9s en masse.","authors":["Mathieu Ferret","Julie Gouaz\u00e9","Bruno Wennagel"],"category_codes":["2000000","2070000","2070400"],"visuals":{"large":"https:\/\/images.epagine.fr\/105\/9782386140105_1_75.jpg","medium":"https:\/\/images.epagine.fr\/105\/9782386140105_1_m.jpg","thumbnail":"https:\/\/images.epagine.fr\/105\/9782386140105_1_v.jpg"},"orderable":true,"show_badge":true,"formatted_price":"5,00&nbsp;\u20ac","formatted_published_date":"2 mai 2024","publisher_availability_label":"Sur commande","short_details":"Mathieu Ferret, Julie Gouaz\u00e9, Bruno Wennagel \u2014 QUELLE HISTOIRE","translator":null,"weight":88,"page_count":40,"readership":null,"editor":"QUELLE HISTOIRE","price":500,"published_date":"2024-05-01T22:00:00.000000Z","support":"Grand format","publisher_availability":1,"stock":0,"editions":[],"url":"https:\/\/quaidesbrumes.com\/ouvrage\/9782386140105\/histoire-de-la-shoah"},{"id":"9782092570920","title":"T'choupi s'habille tout seul","description":"T'choupi, l'ami des petits, accompagne l'enfant qui grandit !\r\nDes histoires qui racontent la vie des enfants de 2 \u00e0 4 ans, les grandes joies, les temps forts de la vie de famille et les petits tracas du quotidien. Gr\u00e2ce \u00e0 T'choupi, de nombreux petits probl\u00e8mes trouvent leur solution tout en douceur.\r\n \r\n R\u00e9sum\u00e9 de cette histoire : Ce matin, T'choupi veut mettre son tee-shirt pr\u00e9f\u00e9r\u00e9 et le pantalon offert par mamie, mais ce n'est pas facile de s'habiller tout seul... surtout quand T'choupi d\u00e9cide de faire le fou en enfilant son slip sur la t\u00eate et en mettant les chaussures de papa !\r\n \r\n Nouveau : avec votre enfant \u00e9coutez la version audio de l'histoire ! Tous les albums T'choupi sont maintenant accompagn\u00e9s d'une version audio, accessible gratuitement en scannant la couverture avec l'application Nathan Live.\r\n Des livres pour les enfants de 2 \u00e0 4 ans con\u00e7us dans un format id\u00e9al pour les petites mains : coins arrondis, pages plastifi\u00e9es r\u00e9sistantes.","authors":["Thierry Courtin"],"category_codes":["2000000","2020000","2020400"],"visuals":{"large":"https:\/\/images.epagine.fr\/920\/9782092570920_1_75.jpg","medium":"https:\/\/images.epagine.fr\/920\/9782092570920_1_m.jpg","thumbnail":"https:\/\/images.epagine.fr\/920\/9782092570920_1_v.jpg"},"orderable":true,"show_badge":true,"formatted_price":"6,30&nbsp;\u20ac","formatted_published_date":"12 janvier 2017","publisher_availability_label":"Sur commande","short_details":"Thierry Courtin \u2014 Nathan","translator":null,"weight":140,"page_count":24,"readership":"0\/3 ans","editor":"Nathan","price":630,"published_date":"2017-01-11T23:00:00.000000Z","support":"Grand format","publisher_availability":1,"stock":0,"editions":[],"url":"https:\/\/quaidesbrumes.com\/ouvrage\/9782092570920\/tchoupi-shabille-tout-seul"},{"id":"9782017266518","title":"Les enqu\u00eates de Jane Austen Tome 1 : Le fant\u00f4me de l'abbaye","description":"Angleterre, 1789. Jane Austen est furieuse : son p\u00e8re a d\u00e9cid\u00e9 de l'envoyer \u00e0 l'abbaye de Southmoor pour tenir compagnie \u00e0 Lady Cromwell pendant les festivit\u00e9s d'anniversaire de son fils Whickam. \u00c0 treize ans, Jane se languit de d\u00e9couvrir le monde, et non de se plier aux exigences d'une vieille aristocrate ! Mais quand son fr\u00e8re a\u00een\u00e9, Henry, proche du fils Cromwell, lui raconte la l\u00e9gende selon laquelle le fant\u00f4me d'un moine hante les ruines de l'abbaye et s\u00e8me la terreur parmi ses occupants, la curiosit\u00e9 de Jane est piqu\u00e9e. En \u00e9lucidant ce myst\u00e8re, elle pourra \u00e9chapper \u00e0 ses ennuyeuses responsabilit\u00e9s, et surtout, elle trouvera enfin de quoi alimenter sa passion pour l'\u00e9criture...","authors":["Julia Golding","Emma Troude-Beheregaray"],"category_codes":["2000000","2040000","2040500","2040506"],"visuals":{"large":"https:\/\/images.epagine.fr\/518\/9782017266518_1_75.jpg","medium":"https:\/\/images.epagine.fr\/518\/9782017266518_1_m.jpg","thumbnail":"https:\/\/images.epagine.fr\/518\/9782017266518_1_v.jpg"},"orderable":true,"show_badge":true,"formatted_price":"7,90&nbsp;\u20ac","formatted_published_date":"22 mai 2024","publisher_availability_label":"Sur commande","short_details":"Julia Golding, Emma Troude-Beheregaray \u2014 Le Livre de Poche Jeunesse","translator":"EMMA TROUDE-BEHEREGARAY","weight":240,"page_count":384,"readership":"\u00e0 partir de 10 ANS","editor":"Le Livre de Poche Jeunesse","price":790,"published_date":"2024-05-21T22:00:00.000000Z","support":"Poche","publisher_availability":1,"stock":0,"editions":["9782226471314"],"url":"https:\/\/quaidesbrumes.com\/ouvrage\/9782017266518\/les-enquetes-de-jane-austen-tome-1-le-fantome-de-labbaye"},{"id":"9782075161701","title":"Kate m\u00e8ne l'enqu\u00eate Tome 2 : sur les traces du Cacadoa argent\u00e9","description":"Kate et Roberto le souriceau naviguent sur le l\u00e9gendaire B\u00e9chamel, magnifique bateau \u00e0 vapeur. Une brigade d'ornithologues en herbe est aussi du voyage et tout se complique quand : Berty, un jeune brigadier, veut se lancer sur la trace du Cacadoa argent\u00e9, oiseau mythique. Alors que le redoutable g\u00e9n\u00e9ral Pigeonneau ne supporte pas que ce nom soit prononc\u00e9 ! Etrange ! Il flotte \u00e0 bord comme un parfum de myst\u00e8re...","authors":["Hannah Peck","Vanessa Rubio-Barreau"],"category_codes":["2000000","2040000","2040500"],"visuals":{"large":"https:\/\/images.epagine.fr\/701\/9782075161701_1_75.jpg","medium":"https:\/\/images.epagine.fr\/701\/9782075161701_1_m.jpg","thumbnail":"https:\/\/images.epagine.fr\/701\/9782075161701_1_v.jpg"},"orderable":true,"show_badge":false,"formatted_price":"9,50&nbsp;\u20ac","formatted_published_date":"6 octobre 2022","publisher_availability_label":"Sur commande","short_details":"Hannah Peck, Vanessa Rubio-Barreau \u2014 Gallimard Jeunesse","translator":"VANESSA RUBIO-BARREAU","weight":338,"page_count":176,"readership":"\u00e0 partir de 8 ANS","editor":"Gallimard Jeunesse","price":950,"published_date":"2022-10-05T22:00:00.000000Z","support":"Grand format","publisher_availability":1,"stock":1,"editions":[],"url":"https:\/\/quaidesbrumes.com\/ouvrage\/9782075161701\/kate-mene-lenquete-tome-2-sur-les-traces-du-cacadoa-argente"},{"id":"9782080476562","title":"Voyage au temps des dinosaures ! : Un roman-jeu","description":"Catastrophe\u00a0! Ton chat a disparu... et il s'est perdu dans le pass\u00e9\u00a0! Pour le retrouver, saute dans la machine \u00e0 remonter le temps et plonge dans le monde fascinant des dinosaures. Explore les diff\u00e9rentes p\u00e9riodes de l'\u00e8re des dinosaures, r\u00e9sous les \u00e9nigmes et navigue de page en page pour avancer dans ta qu\u00eate\u00a0! Feras-tu les bons choix\u00a0? Avec des infos documentaires et des rep\u00e8res historiques au fil de l'histoire.","authors":["Cl\u00e9mence Dupont","Lisa Dupuis"],"category_codes":["2000000","2060000"],"visuals":{"large":"https:\/\/images.epagine.fr\/562\/9782080476562_1_75.jpg","medium":"https:\/\/images.epagine.fr\/562\/9782080476562_1_m.jpg","thumbnail":"https:\/\/images.epagine.fr\/562\/9782080476562_1_v.jpg"},"orderable":true,"show_badge":true,"formatted_price":"10,95&nbsp;\u20ac","formatted_published_date":"11 juin 2025","publisher_availability_label":"Sur commande","short_details":"Cl\u00e9mence Dupont, Lisa Dupuis \u2014 Flammarion jeunesse","translator":null,"weight":256,"page_count":112,"readership":"Tout public","editor":"Flammarion jeunesse","price":1095,"published_date":"2025-06-10T22:00:00.000000Z","support":"Grand format","publisher_availability":1,"stock":0,"editions":[],"url":"https:\/\/quaidesbrumes.com\/ouvrage\/9782080476562\/voyage-au-temps-des-dinosaures-un-roman-jeu"},{"id":"9782733813690","title":"Le loup qui s'aimait beaucoup trop","description":"Cette ann\u00e9e, Loup est bien d\u00e9cid\u00e9 \u00e0 gagner le concours du \u00ab Plus grand m\u00e9chant loup \u00bb. Normal, il se croit le plus fort, le plus malin, le plus beau et le plus m\u00e9chant, \u00e9videmment ! Mais il va vite comprendre que d'avoir des amis, c'est bien utile !","authors":["Orianne Lallemand","El\u00e9onore Thuillier"],"category_codes":["2000000","2030000","2030400"],"visuals":{"large":"https:\/\/images.epagine.fr\/690\/9782733813690_1_75.jpg","medium":"https:\/\/images.epagine.fr\/690\/9782733813690_1_m.jpg","thumbnail":"https:\/\/images.epagine.fr\/690\/9782733813690_1_v.jpg"},"orderable":true,"show_badge":true,"formatted_price":"6,95&nbsp;\u20ac","formatted_published_date":"9 novembre 2010","publisher_availability_label":"Sur commande","short_details":"Orianne Lallemand, El\u00e9onore Thuillier \u2014 Auzou","translator":null,"weight":170,"page_count":30,"readership":"\u00e0 partir de 3 ANS","editor":"Auzou","price":695,"published_date":"2010-11-08T23:00:00.000000Z","support":"Grand format","publisher_availability":1,"stock":0,"editions":["9782733819876"],"url":"https:\/\/quaidesbrumes.com\/ouvrage\/9782733813690\/le-loup-qui-saimait-beaucoup-trop"},{"id":"9791039565295","title":"Les magimatous : Le magiversaire","description":"Les sorci\u00e8res ont des chats, et les jeunes sorci\u00e8res ont des... chatons magiques !\r\nYoupi ! Les magimatous sont invit\u00e9s \u00e0 l'anniversaire d'une petite sorci\u00e8re. \r\nVite, il faut qu'ils trouvent un cadeau... magique !","authors":["Julien Hervieux","Benedetta Capriotti"],"category_codes":["2000000","2040000","2040300"],"visuals":{"large":"https:\/\/images.epagine.fr\/295\/9791039565295_1_75.jpg","medium":"https:\/\/images.epagine.fr\/295\/9791039565295_1_m.jpg","thumbnail":"https:\/\/images.epagine.fr\/295\/9791039565295_1_v.jpg"},"orderable":true,"show_badge":true,"formatted_price":"5,95&nbsp;\u20ac","formatted_published_date":"28 ao\u00fbt 2025","publisher_availability_label":"Sur commande","short_details":"Julien Hervieux, Benedetta Capriotti \u2014 Auzou","translator":null,"weight":150,"page_count":48,"readership":"\u00e0 partir de 6 ANS","editor":"Auzou","price":595,"published_date":"2025-08-27T22:00:00.000000Z","support":"Grand format","publisher_availability":1,"stock":0,"editions":[],"url":"https:\/\/quaidesbrumes.com\/ouvrage\/9791039565295\/les-magimatous-le-magiversaire"},{"id":"9782211328241","title":"La grande journ\u00e9e au mus\u00e9e","description":"C'est le jour de la sortie de classe au mus\u00e9e avec les grands-parents. Rendez-vous au mus\u00e9e de la laine ! Pas de mamys et papys ! De leur c\u00f4t\u00e9, ils attendent au mus\u00e9e du jouet. Les voil\u00e0 tous partis pour un chass\u00e9-crois\u00e9 du mus\u00e9e de l'auto au mus\u00e9e de la p\u00e9niche, en passant par le mus\u00e9e de la montgolfi\u00e8re. Vont-ils se retrouver ?","authors":["Jean-Luc Englebert"],"category_codes":["2000000","2030000","2030400"],"visuals":{"large":"https:\/\/images.epagine.fr\/241\/9782211328241_1_75.jpg","medium":"https:\/\/images.epagine.fr\/241\/9782211328241_1_m.jpg","thumbnail":"https:\/\/images.epagine.fr\/241\/9782211328241_1_v.jpg"},"orderable":true,"show_badge":true,"formatted_price":"15,00&nbsp;\u20ac","formatted_published_date":"3 septembre 2025","publisher_availability_label":"Sur commande","short_details":"Jean-Luc Englebert \u2014 L'\u00c9cole des loisirs","translator":null,"weight":430,"page_count":40,"readership":"\u00e0 partir de 4 ANS","editor":"L'\u00c9cole des loisirs","price":1500,"published_date":"2025-09-02T22:00:00.000000Z","support":"Grand format","publisher_availability":1,"stock":0,"editions":[],"url":"https:\/\/quaidesbrumes.com\/ouvrage\/9782211328241\/la-grande-journee-au-musee"},{"id":"9782386141720","title":"Les id\u00e9es re\u00e7ues sur l'Histoire","description":"Christophe Colomb a d\u00e9couvert l'Am\u00e9rique, Cl\u00e9op\u00e2tre avait un grand nez et Napol\u00e9on \u00e9tait tout petit. Toi aussi, tu as entendu ces affirmations ? Pourtant, elles sont fausses... L'Am\u00e9rique \u00e9tait habit\u00e9e depuis des mill\u00e9naires, les Romaines ont lanc\u00e9 cette rumeur sur Cl\u00e9op\u00e2tre et Napol\u00e9on faisait une taille normale pour son \u00e9poque. Avec ce livre, d\u00e9couvre une vision plus large de l'histoire et comprend d'o\u00f9 viennent de nombreuses id\u00e9es re\u00e7ues !\u00a0","authors":["Marine Breuil-Salles","Bruno Wennagel","Mathieu Ferret"],"category_codes":["2000000","2070000","2070400"],"visuals":{"large":"https:\/\/images.epagine.fr\/720\/9782386141720_1_75.jpg","medium":"https:\/\/images.epagine.fr\/720\/9782386141720_1_m.jpg","thumbnail":"https:\/\/images.epagine.fr\/720\/9782386141720_1_v.jpg"},"orderable":true,"show_badge":true,"formatted_price":"14,90&nbsp;\u20ac","formatted_published_date":"8 octobre 2025","publisher_availability_label":"Sur commande","short_details":"Marine Breuil-Salles, Bruno Wennagel, Mathieu Ferret \u2014 QUELLE HISTOIRE","translator":null,"weight":512,"page_count":76,"readership":"Tout public","editor":"QUELLE HISTOIRE","price":1490,"published_date":"2025-10-07T22:00:00.000000Z","support":"Grand format","publisher_availability":1,"stock":0,"editions":[],"url":"https:\/\/quaidesbrumes.com\/ouvrage\/9782386141720\/les-idees-recues-sur-lhistoire"},{"id":"9782075156479","title":"Le chantier","description":"Du casque au gilet, de la grue \u00e0 la pelleteuse, du ma\u00e7on \u00e0 l'architecte, de la cl\u00e9 \u00e0 molette \u00e0 la perceuse, tous les m\u00e9tiers, les engins et les outils au fil des travaux... Un imagier pour d\u00e9couvrir tous les mots du chantier, avec des volets \u00e0 soulever pour en savoir plus et des roues \u00e0 tourner pour s'\u00e9tonner.","authors":["Collectif","Carolina B\u00fazio"],"category_codes":["2000000","2020000","2020300"],"visuals":{"large":"https:\/\/images.epagine.fr\/479\/9782075156479_1_75.jpg","medium":"https:\/\/images.epagine.fr\/479\/9782075156479_1_m.jpg","thumbnail":"https:\/\/images.epagine.fr\/479\/9782075156479_1_v.jpg"},"orderable":true,"show_badge":true,"formatted_price":"9,90&nbsp;\u20ac","formatted_published_date":"13 janvier 2022","publisher_availability_label":"Sur commande","short_details":"Collectif, Carolina B\u00fazio \u2014 Gallimard Jeunesse","translator":null,"weight":390,"page_count":10,"readership":"0\/3 ans","editor":"Gallimard Jeunesse","price":990,"published_date":"2022-01-12T23:00:00.000000Z","support":"Grand format","publisher_availability":1,"stock":0,"editions":[],"url":"https:\/\/quaidesbrumes.com\/ouvrage\/9782075156479\/le-chantier"},{"id":"9782017288800","title":"Balade en France : Les Monsieur Madame visitent la r\u00e9gion parisienne","description":"Monsieur Non, Madame Canaille, Monsieur Costaud et tous leurs amis. Des personnages connus de tous les enfants pour d\u00e9couvrir les traits de caract\u00e8res et les premi\u00e8res notions avec humour. Une collection de r\u00e9f\u00e9rence, fortement prescrite dans les \u00e9coles.","authors":["Roger Hargreaves"],"category_codes":["2000000","2030000","2030400"],"visuals":{"large":"https:\/\/images.epagine.fr\/800\/9782017288800_1_75.jpg","medium":"https:\/\/images.epagine.fr\/800\/9782017288800_1_m.jpg","thumbnail":"https:\/\/images.epagine.fr\/800\/9782017288800_1_v.jpg"},"orderable":true,"show_badge":true,"formatted_price":"2,90&nbsp;\u20ac","formatted_published_date":"5 novembre 2025","publisher_availability_label":"Sur commande","short_details":"Roger Hargreaves \u2014 Hachette Jeunesse","translator":null,"weight":54,"page_count":40,"readership":"\u00e0 partir de 4 ANS","editor":"Hachette Jeunesse","price":290,"published_date":"2025-11-04T23:00:00.000000Z","support":"Grand format","publisher_availability":1,"stock":0,"editions":[],"url":"https:\/\/quaidesbrumes.com\/ouvrage\/9782017288800\/balade-en-france-les-monsieur-madame-visitent-la-region-parisienne"},{"id":"9782095037710","title":"Snowglobe Tome 1","description":"D\u00e9couvrez le monde glac\u00e9 du Snowglobe, o\u00f9 la t\u00e9l\u00e9r\u00e9alit\u00e9 cache les pires secrets. Une dystopie captivante qui vous plongera dans un univers entre Snowpiercer, le Truman show et Hunger Games !\r\n\"Snowglobe\" de Soyoung Park, le nouveau roman ado cor\u00e9en (15 ans et plus), vous transporte dans un monde recouvert de glace suite \u00e0 une crise climatique. Sous le d\u00f4me parfait du Snowglobe, seule distraction de l'humanit\u00e9, se d\u00e9roulent en continu des programmes de t\u00e9l\u00e9r\u00e9alit\u00e9. \u00c0 16 ans, Chobahm ferait tout pour rejoindre le Snowglobe, jusqu'\u00e0 ce qu'elle soit choisie pour remplacer une actrice-star qui vient de se suicider.\r\n\r\nCe roman dystopique page-turner vous offre une plong\u00e9e fascinante dans un univers glac\u00e9 aux apparences trompeuses. Avec son style efficace et implacable, Soyoung Park cr\u00e9e des personnages gla\u00e7ants et une atmosph\u00e8re cin\u00e9matographique saisissante.\r\n\r\nLaur\u00e9at du prestigieux Changbi YA Award et bestseller du New York Times dans sa traduction am\u00e9ricaine, \"Snowglobe\" renouvelle le genre de la dystopie avec brio. Entre rebondissements et questionnements sur notre soci\u00e9t\u00e9 du spectacle, ce premier tome d'une s\u00e9rie en deux volumes vous tiendra en haleine jusqu'\u00e0 la derni\u00e8re page.","authors":["Soyoung Park","Lucie Calmanovic-Plescoff"],"category_codes":["2000000","2050000","2050200","2050205"],"visuals":{"large":"https:\/\/images.epagine.fr\/710\/9782095037710_1_75.jpg","medium":"https:\/\/images.epagine.fr\/710\/9782095037710_1_m.jpg","thumbnail":"https:\/\/images.epagine.fr\/710\/9782095037710_1_v.jpg"},"orderable":true,"show_badge":true,"formatted_price":"18,95&nbsp;\u20ac","formatted_published_date":"2 janvier 2025","publisher_availability_label":"Sur commande","short_details":"Soyoung Park, Lucie Calmanovic-Plescoff \u2014 Nathan","translator":"LUCIE CALMANOVIC-PLESCOFF","weight":438,"page_count":368,"readership":"\u00e0 partir de 12 ANS","editor":"Nathan","price":1895,"published_date":"2025-01-01T23:00:00.000000Z","support":"Grand format","publisher_availability":1,"stock":0,"editions":[],"url":"https:\/\/quaidesbrumes.com\/ouvrage\/9782095037710\/snowglobe-tome-1"},{"id":"9782386140617","title":"100 grandes femmes de l'histoire","description":"Connais-tu Enheduanna, la premi\u00e8re po\u00e9tesse de l'histoire ? Cl\u00e9op\u00e2tre, la c\u00e9l\u00e8bre reine d'\u00c9gypte ? La savante Hypatie d'Alexandrie ? Tomoe Gozen, Jane Austen, Jos\u00e9phine Baker, Anastasia... Sais-tu \u00e0 quel si\u00e8cle et dans quel pays elles vivaient, et pourquoi elles sont devenues c\u00e9l\u00e8bres ? Non ? Alors, pars \u00e0 la d\u00e9couverte de ces cent femmes hors du commun qui ont marqu\u00e9 l'histoire de notre monde. Tu ne seras pas d\u00e9\u00e7u...","authors":["Cl\u00e9mentine V. Baron","Paul Cotoni","Patricia Cr\u00e9t\u00e9","Mathieu Ferret","Claire Martin","Bruno Wennagel"],"category_codes":["2000000","2070000","2070400"],"visuals":{"large":"https:\/\/images.epagine.fr\/617\/9782386140617_1_75.jpg","medium":"https:\/\/images.epagine.fr\/617\/9782386140617_1_m.jpg","thumbnail":"https:\/\/images.epagine.fr\/617\/9782386140617_1_v.jpg"},"orderable":true,"show_badge":true,"formatted_price":"21,90&nbsp;\u20ac","formatted_published_date":"2 octobre 2024","publisher_availability_label":"Sur commande","short_details":"Cl\u00e9mentine V. Baron, Paul Cotoni, Patricia Cr\u00e9t\u00e9, Mathieu Ferret, Claire Martin, Bruno Wennagel \u2014 QUELLE HISTOIRE","translator":null,"weight":1106,"page_count":208,"readership":null,"editor":"QUELLE HISTOIRE","price":2190,"published_date":"2024-10-01T22:00:00.000000Z","support":"Grand format","publisher_availability":1,"stock":0,"editions":[],"url":"https:\/\/quaidesbrumes.com\/ouvrage\/9782386140617\/100-grandes-femmes-de-lhistoire"},{"id":"9782733893227","title":"P'tit Loup ne veut pas partager","description":null,"authors":["Orianne Lallemand","El\u00e9onore Thuillier"],"category_codes":["2000000","2020000","2020400"],"visuals":{"large":"https:\/\/images.epagine.fr\/227\/9782733893227_1_75.jpg","medium":"https:\/\/images.epagine.fr\/227\/9782733893227_1_m.jpg","thumbnail":"https:\/\/images.epagine.fr\/227\/9782733893227_1_v.jpg"},"orderable":true,"show_badge":true,"formatted_price":"5,99&nbsp;\u20ac","formatted_published_date":"16 mars 2021","publisher_availability_label":"Sur commande","short_details":"Orianne Lallemand, El\u00e9onore Thuillier \u2014 Auzou","translator":null,"weight":142,"page_count":null,"readership":"\u00e0 partir de 2 ANS","editor":"Auzou","price":599,"published_date":"2021-03-15T23:00:00.000000Z","support":"Grand format","publisher_availability":1,"stock":0,"editions":[],"url":"https:\/\/quaidesbrumes.com\/ouvrage\/9782733893227\/ptit-loup-ne-veut-pas-partager"},{"id":"9782075202749","title":"J'ai pas fait expr\u00e8s","description":"\u00abC'est pas de ma faute, j'ai pas fait expr\u00e8s !\u00bb, on entend souvent \u00e7a dans les familles, \u00e0 l'\u00e9cole et dans tous les endroits o\u00f9 l'on vit ensemble. Souvent, \u00e7a \u00e9nerve les grandes personnes, qui ont du mal \u00e0 croire que c'est vrai. Mais parfois, c'est plus compliqu\u00e9 parce qu'il y a une petite partie de nous qui sait qu'on fait quelque chose qui est mal ou d\u00e9fendu, mais on ne l'\u00e9coute pas. On peut aussi penser qu'on a fait quelque chose de mal et on se sent coupable, comme quand les parents divorcent. Mine de rien, ce n'est pas toujours simple de savoir si on l'a fait expr\u00e8s ou pas.","authors":["Catherine Dolto","Colline Faure-poir\u00e9e"],"category_codes":["2000000","2070000","2070700"],"visuals":{"large":"https:\/\/images.epagine.fr\/749\/9782075202749_1_75.jpg","medium":"https:\/\/images.epagine.fr\/749\/9782075202749_1_m.jpg","thumbnail":"https:\/\/images.epagine.fr\/749\/9782075202749_1_v.jpg"},"orderable":true,"show_badge":true,"formatted_price":"6,90&nbsp;\u20ac","formatted_published_date":"29 ao\u00fbt 2024","publisher_availability_label":"Sur commande","short_details":"Catherine Dolto, Colline Faure-poir\u00e9e \u2014 Gallimard Jeunesse-Giboul\u00e9es","translator":null,"weight":195,"page_count":32,"readership":"\u00e0 partir de 3 ANS","editor":"Gallimard Jeunesse-Giboul\u00e9es","price":690,"published_date":"2024-08-28T22:00:00.000000Z","support":"Grand format","publisher_availability":1,"stock":0,"editions":[],"url":"https:\/\/quaidesbrumes.com\/ouvrage\/9782075202749\/jai-pas-fait-expres"},{"id":"9782369020844","title":"La tribu qui pue","description":"Tu connais la tribu qui pue ? Un petit groupe d'enfants sales qui vivent dans des cabanes de branches ave leurs amis les animaux. Il y a Laurent, le grand gar\u00e7on aux cheveux rouges et ses deux renards, Lucie avec des tresses et une couleuvre... Et il y a surtout cette toute petite fille, Fanette Ducoup, la chef... reconnue pour avoir sauv\u00e9 la tribu des griffes d'Yvonne Carr\u00e9. Car s'il y a bien quelqu'un qui ne supporte pas les enfants de la for\u00eat, c'est Yvonne Carr\u00e9 !\r\nUn album o\u00f9 l'on retrouve rigolade, \u00e9cologie et libert\u00e9 \u00e0 tous les \u00e9tages !","authors":["Elise Gravel","Magali Le Huche"],"category_codes":["2000000","2030000","2030400"],"visuals":{"large":"https:\/\/images.epagine.fr\/844\/9782369020844_1_75.jpg","medium":"https:\/\/images.epagine.fr\/844\/9782369020844_1_m.jpg","thumbnail":"https:\/\/images.epagine.fr\/844\/9782369020844_1_v.jpg"},"orderable":true,"show_badge":true,"formatted_price":"17,00&nbsp;\u20ac","formatted_published_date":"19 octobre 2017","publisher_availability_label":"Sur commande","short_details":"Elise Gravel, Magali Le Huche \u2014 Les Fourmis Rouges","translator":null,"weight":480,"page_count":32,"readership":"3\/6 ans","editor":"Les Fourmis Rouges","price":1700,"published_date":"2017-10-18T22:00:00.000000Z","support":"Grand format","publisher_availability":1,"stock":0,"editions":[],"url":"https:\/\/quaidesbrumes.com\/ouvrage\/9782369020844\/la-tribu-qui-pue"},{"id":"9791035209070","title":"Encore heureux qu'il ait fait beau","description":"Personne ne comprend pourquoi ni comment la biblioth\u00e8que Jacques-Pr\u00e9vert se retrouve \u00e0 voguer sur l'oc\u00e9an. \u00c0 bord, le directeur, la biblioth\u00e9caire, un prof de technologie, la 6e F au complet, et Sa\u00efd l'infernal, qui se trouvait l\u00e0 par hasard. \r\n Une fois l'incroyable admis, il faut manger, boire, dormir, s'organiser. Chacun fait preuve de courage et d'imagination pour transformer cette travers\u00e9e en une aventure joyeuse et inoubliable.","authors":["Florence Thinard","St\u00e9phane Nicolet"],"category_codes":["2000000","2040000"],"visuals":{"large":"https:\/\/images.epagine.fr\/070\/9791035209070_1_75.jpg","medium":"https:\/\/images.epagine.fr\/070\/9791035209070_1_m.jpg","thumbnail":"https:\/\/images.epagine.fr\/070\/9791035209070_1_v.jpg"},"orderable":true,"show_badge":true,"formatted_price":"13,90&nbsp;\u20ac","formatted_published_date":"8 octobre 2025","publisher_availability_label":"Sur commande","short_details":"Florence Thinard, St\u00e9phane Nicolet \u2014 \u00c9ditions Thierry Magnier","translator":null,"weight":310,"page_count":240,"readership":"\u00e0 partir de 9 ANS","editor":"\u00c9ditions Thierry Magnier","price":1390,"published_date":"2025-10-07T22:00:00.000000Z","support":"Grand format","publisher_availability":1,"stock":0,"editions":[],"url":"https:\/\/quaidesbrumes.com\/ouvrage\/9791035209070\/encore-heureux-quil-ait-fait-beau"},{"id":"9781836069898","title":"Mon premier livre sonore : Les v\u00e9hicules","description":"Un livre sonore sur les v\u00e9hicules pour les tout-petits.\r\nLes tout petits adoreront appuyer sur les cinq boutons sonores de ce livre pour entendre les bruits d'un bus, d'un avion, d'un bateau, d'un train et d'un camion de pompier. Un livre cartonn\u00e9 solide, adapt\u00e9 aux enfants d\u00e8s 6 mois, avec des illustrations simples et color\u00e9es et des languettes qui permettent aux petites mains de tourner les pages et de retrouver facilement leur v\u00e9hicule pr\u00e9f\u00e9r\u00e9.","authors":["Fiona Watt","Stella Baggott","El\u00e9onore Souchon"],"category_codes":["2000000","2020000","2020200"],"visuals":{"large":"https:\/\/images.epagine.fr\/898\/9781836069898_1_75.jpg","medium":"https:\/\/images.epagine.fr\/898\/9781836069898_1_m.jpg","thumbnail":"https:\/\/images.epagine.fr\/898\/9781836069898_1_v.jpg"},"orderable":true,"show_badge":true,"formatted_price":"11,95&nbsp;\u20ac","formatted_published_date":"9 avril 2026","publisher_availability_label":"Sur commande","short_details":"Fiona Watt, Stella Baggott, El\u00e9onore Souchon \u2014 Usborne","translator":"ELEONORE SOUCHON","weight":406,"page_count":10,"readership":"0\/3 ans","editor":"Usborne","price":1195,"published_date":"2026-04-08T22:00:00.000000Z","support":"Grand format","publisher_availability":1,"stock":0,"editions":[],"url":"https:\/\/quaidesbrumes.com\/ouvrage\/9781836069898\/mon-premier-livre-sonore-les-vehicules"},{"id":"9782408008178","title":"Fr\u00e8res et soeurs","description":"Certains jours, Romain et Salom\u00e9 passent leur temps \u00e0 se disputer ! Mais, m\u00eame s'ils ont parfois du mal \u00e0 s'entendre, ils sont contents de se retrouver pour jouer, se consoler... Ressemblance physique, amour \u00e0 partager, familles recompos\u00e9es : un documentaire qui aborde les grandes questions de la fratrie.","authors":["Camille Laurans","Isabelle Maroger"],"category_codes":["2000000","2070000","2070700"],"visuals":{"large":"https:\/\/images.epagine.fr\/178\/9782408008178_1_75.jpg","medium":"https:\/\/images.epagine.fr\/178\/9782408008178_1_m.jpg","thumbnail":"https:\/\/images.epagine.fr\/178\/9782408008178_1_v.jpg"},"orderable":true,"show_badge":true,"formatted_price":"7,90&nbsp;\u20ac","formatted_published_date":"13 mars 2019","publisher_availability_label":"Sur commande","short_details":"Camille Laurans, Isabelle Maroger \u2014 Milan","translator":null,"weight":255,"page_count":32,"readership":"\u00e0 partir de 4 ANS","editor":"Milan","price":790,"published_date":"2019-03-12T23:00:00.000000Z","support":"Grand format","publisher_availability":1,"stock":0,"editions":[],"url":"https:\/\/quaidesbrumes.com\/ouvrage\/9782408008178\/freres-et-soeurs"}]}