{"data":[{"id":"9782330205454","title":"Crocolou aime Paris","description":"En route pour Paris ! Crocolou est impatient de visiter la capitale et ses plus beaux monuments avec sa famille. Au programme : \u00e9merveillement, fous rires et de beaux souvenirs !","authors":["Oph\u00e9lie Texier"],"category_codes":["2000000","2020000","2020400"],"visuals":{"large":"https:\/\/images.epagine.fr\/454\/9782330205454_1_75.jpg","medium":"https:\/\/images.epagine.fr\/454\/9782330205454_1_m.jpg","thumbnail":"https:\/\/images.epagine.fr\/454\/9782330205454_1_v.jpg"},"orderable":true,"show_badge":true,"formatted_price":"5,40&nbsp;\u20ac","formatted_published_date":"4 juin 2025","publisher_availability_label":"Sur commande","short_details":"Oph\u00e9lie Texier \u2014 Actes Sud","translator":null,"weight":88,"page_count":32,"readership":"\u00e0 partir de 2 ANS","editor":"Actes Sud","price":540,"published_date":"2025-06-03T22:00:00.000000Z","support":"Grand format","publisher_availability":1,"stock":0,"editions":[],"url":"https:\/\/quaidesbrumes.com\/ouvrage\/9782330205454\/crocolou-aime-paris"},{"id":"9782355048029","title":"La m\u00e9canique illustr\u00e9e : Manuel pratique de m\u00e9canique pour tout comprendre","description":"Quand la laisse de votre chien s'enroule autour d'un arbre, vous d\u00e9couvrez le principe de la poulie. Le doigt dans le nez, c'est le principe de la vis. Et les spaghettis autour de la fourchette, c'est aussi de la m\u00e9canique. \u00c0 partir de dizaines d'exemples du quotidien, ce manuel pratique nous explique la m\u00e9canique avec pr\u00e9cision et sourire. Il nous raconte aussi comment des hommes et des femmes illustres, d'Archim\u00e8de \u00e0 \u00c9milie Du Ch\u00e2telet, ont fait avancer la science, la t\u00eate dans la galaxie des chiffres, tout en gardant les pieds sur terre... Ah, mais \u00e7a, c'est \u00e0 cause de la force de gravit\u00e9?!\r\n\r\nPour tous les enfants curieux, d\u00e8s 8 ans, et leurs parents ou grands-parents techniciens, ing\u00e9nieurs ou simples bricoleurs du dimanche.","authors":["Marina Montero","Laurana Serres-Giardi"],"category_codes":["2000000","2070000","2070500"],"visuals":{"large":"https:\/\/images.epagine.fr\/029\/9782355048029_1_75.jpg","medium":"https:\/\/images.epagine.fr\/029\/9782355048029_1_m.jpg","thumbnail":"https:\/\/images.epagine.fr\/029\/9782355048029_1_v.jpg"},"orderable":true,"show_badge":true,"formatted_price":"19,00&nbsp;\u20ac","formatted_published_date":"17 octobre 2025","publisher_availability_label":"Sur commande","short_details":"Marina Montero, Laurana Serres-Giardi \u2014 Rue du monde","translator":"LAURANA SERRES-GIARDI","weight":692,"page_count":128,"readership":"\u00e0 partir de 8 ANS","editor":"Rue du monde","price":1900,"published_date":"2025-10-16T22:00:00.000000Z","support":"Grand format","publisher_availability":1,"stock":0,"editions":[],"url":"https:\/\/quaidesbrumes.com\/ouvrage\/9782355048029\/la-mecanique-illustree-manuel-pratique-de-mecanique-pour-tout-comprendre"},{"id":"9782095044442","title":"T'choupi : Bonne ann\u00e9e !","description":"Accompagnez votre enfant dans la d\u00e9couverte du Nouvel An avec T'choupi ! Une histoire tendre et rassurante pour comprendre et c\u00e9l\u00e9brer ce moment festif avec le personnage pr\u00e9f\u00e9r\u00e9 des petits.\r\nDans cette histoire tendre et douce, T'choupi d\u00e9couvre les traditions du Nouvel An !\r\nUn livre essentiel pour pr\u00e9parer votre enfant \u00e0 la f\u00eate du Nouvel An, l'aider \u00e0 comprendre le concept du temps qui passe et c\u00e9l\u00e9brer ensemble ce moment festif en famille.\r\n\r\n","authors":["Thierry Courtin"],"category_codes":["2000000","2020000","2020400"],"visuals":{"large":"https:\/\/images.epagine.fr\/442\/9782095044442_1_75.jpg","medium":"https:\/\/images.epagine.fr\/442\/9782095044442_1_m.jpg","thumbnail":"https:\/\/images.epagine.fr\/442\/9782095044442_1_v.jpg"},"orderable":true,"show_badge":true,"formatted_price":"6,30&nbsp;\u20ac","formatted_published_date":"16 octobre 2025","publisher_availability_label":"Sur commande","short_details":"Thierry Courtin \u2014 Nathan","translator":null,"weight":148,"page_count":32,"readership":"\u00e0 partir de 2 ANS","editor":"Nathan","price":630,"published_date":"2025-10-15T22:00:00.000000Z","support":"Grand format","publisher_availability":1,"stock":0,"editions":[],"url":"https:\/\/quaidesbrumes.com\/ouvrage\/9782095044442\/tchoupi-bonne-annee"},{"id":"9782386142383","title":"Histoire du Monde : Les bouleversements de l'humanit\u00e9","description":"Savais-tu que Charlemagne veut dire Charles le Grand ? Que Cl\u00e9op\u00e2tre et Jules C\u00e9sar avaient eu un fils, C\u00e9sarion ? Que la France a vendu la Louisiane aux \u00c9tats-Unis sous Napol\u00e9on ?\r\nPr\u00e9pare- toi pour un grand voyage dans le temps et dans l'espace, \u00e0 la rencontre des personnages les plus c\u00e9l\u00e8bres et des \u00e9v\u00e9nements les plus \u00e9tonnants.","authors":["Claire L'Ho\u00ebr","Guillaume Biasse","Bruno Wennagel","Mathieu Ferret"],"category_codes":["2000000","2070000","2070400"],"visuals":{"large":"https:\/\/images.epagine.fr\/383\/9782386142383_1_75.jpg","medium":"https:\/\/images.epagine.fr\/383\/9782386142383_1_m.jpg","thumbnail":"https:\/\/images.epagine.fr\/383\/9782386142383_1_v.jpg"},"orderable":true,"show_badge":true,"formatted_price":"13,95&nbsp;\u20ac","formatted_published_date":"7 janvier 2026","publisher_availability_label":"Sur commande","short_details":"Claire L'Ho\u00ebr, Guillaume Biasse, Bruno Wennagel, Mathieu Ferret \u2014 QUELLE HISTOIRE","translator":null,"weight":466,"page_count":92,"readership":null,"editor":"QUELLE HISTOIRE","price":1395,"published_date":"2026-01-06T23:00:00.000000Z","support":"Grand format","publisher_availability":1,"stock":0,"editions":[],"url":"https:\/\/quaidesbrumes.com\/ouvrage\/9782386142383\/histoire-du-monde-les-bouleversements-de-lhumanite"},{"id":"9782226504968","title":"Mon livre-farandole : Dans la savane","description":"De la girafe au singe, tout le monde a un petit creux dans la savane ! Et pendant que certains se mettent quelque chose sous la dent, d'autres s'amusent dans l'eau. \r\nD\u00e8s 6 mois\r\nLa collection Mon livre-farandole :\r\nDes livres \u00e0 d\u00e9plier et des histoires d'animaux illustr\u00e9es sur chaque c\u00f4t\u00e9 ! \r\nChaque titre pr\u00e9sente dix animaux dans leur milieu naturel, plac\u00e9s habilement par ordre de grandeur renfor\u00e7ant l'aspect ludique de l'objet.\r\nLe livre-frise contient deux histoires, l'une au recto, l'autre au verso. Chaque histoire correspond \u00e0 un temps fort dans la journ\u00e9e du tout-petit (l'heure du bain, le moment du repas, le lever et le coucher), avec une mise en couleur vive et color\u00e9e afin d'amuser les b\u00e9b\u00e9s et stimuler leur vision.","authors":["L\u00e9o Righini-Fleur"],"category_codes":["2000000","2020000","2020400"],"visuals":{"large":"https:\/\/images.epagine.fr\/968\/9782226504968_1_75.jpg","medium":"https:\/\/images.epagine.fr\/968\/9782226504968_1_m.jpg","thumbnail":"https:\/\/images.epagine.fr\/968\/9782226504968_1_v.jpg"},"orderable":true,"show_badge":true,"formatted_price":"9,90&nbsp;\u20ac","formatted_published_date":"2 janvier 2026","publisher_availability_label":"Sur commande","short_details":"L\u00e9o Righini-Fleur \u2014 Albin Michel","translator":null,"weight":214,"page_count":10,"readership":"0\/3 ans","editor":"Albin Michel","price":990,"published_date":"2026-01-01T23:00:00.000000Z","support":"Grand format","publisher_availability":1,"stock":0,"editions":[],"url":"https:\/\/quaidesbrumes.com\/ouvrage\/9782226504968\/mon-livre-farandole-dans-la-savane"},{"id":"9782383559726","title":"Mille et un docs : Les min\u00e9raux : Inclus : un poster recto verso !","description":"Plonge dans le monde fascinant des min\u00e9raux !\r\nGr\u00e2ce aux superbes photographies de ce documentaire, tu voyageras \u00e0 travers la Terre pour d\u00e9couvrir la beaut\u00e9 et la diversit\u00e9 des min\u00e9raux. Cristaux \u00e9tincelants, g\u00e9odes secr\u00e8tes, gemmes color\u00e9es et m\u00e9taux pr\u00e9cieux... Tous les secrets de la min\u00e9ralogie et du passionnant m\u00e9tier de g\u00e9ologue te seront r\u00e9v\u00e9l\u00e9s\u00a0!\r\nCet ouvrage \u00e9crit par un g\u00e9ologue offre un panorama complet de l'univers fascinant des min\u00e9raux. Les enfants d\u00e8s 7 ans y explorent la diversit\u00e9 des pierres, leurs secrets de formation, leurs propri\u00e9t\u00e9s \u00e9tonnantes, et d\u00e9couvrent aussi le m\u00e9tier passionnant de g\u00e9ologue.","authors":["Gr\u00e9goire Egoroff"],"category_codes":["2000000","2070000","2070300"],"visuals":{"large":"https:\/\/images.epagine.fr\/726\/9782383559726_1_75.jpg","medium":"https:\/\/images.epagine.fr\/726\/9782383559726_1_m.jpg","thumbnail":"https:\/\/images.epagine.fr\/726\/9782383559726_1_v.jpg"},"orderable":true,"show_badge":true,"formatted_price":"7,95&nbsp;\u20ac","formatted_published_date":"12 f\u00e9vrier 2026","publisher_availability_label":"Sur commande","short_details":"Gr\u00e9goire Egoroff \u2014 \u00c9ditions mercileslivres","translator":null,"weight":414,"page_count":32,"readership":"\u00e0 partir de 7 ANS","editor":"\u00c9ditions mercileslivres","price":795,"published_date":"2026-02-11T23:00:00.000000Z","support":"Grand format","publisher_availability":1,"stock":0,"editions":[],"url":"https:\/\/quaidesbrumes.com\/ouvrage\/9782383559726\/mille-et-un-docs-les-mineraux-inclus-un-poster-recto-verso"},{"id":"9782244228129","title":"Autocollants : Petit chat","description":null,"authors":["Elen Lescoat"],"category_codes":["2000000","2080000","2080200"],"visuals":{"large":"https:\/\/images.epagine.fr\/129\/9782244228129_1_75.jpg","medium":"https:\/\/images.epagine.fr\/129\/9782244228129_1_m.jpg","thumbnail":"https:\/\/images.epagine.fr\/129\/9782244228129_1_v.jpg"},"orderable":true,"show_badge":true,"formatted_price":"0,00&nbsp;\u20ac","formatted_published_date":"1er mars 2026","publisher_availability_label":"Sur commande","short_details":"Elen Lescoat \u2014 \u00c9ditions Lito","translator":null,"weight":90,"page_count":10,"readership":"\u00e0 partir de 18 mois","editor":"\u00c9ditions Lito","price":0,"published_date":"2026-02-28T23:00:00.000000Z","support":"Papeterie \/ Coloriage","publisher_availability":1,"stock":0,"editions":[],"url":"https:\/\/quaidesbrumes.com\/ouvrage\/9782244228129\/autocollants-petit-chat"},{"id":"9782017107170","title":"Gaston la licorne : les \u00e9motions de Gaston : Je pense par moi-m\u00eame","description":"Gaston est une petite licorne comme toutes les autres, ou presque... Sa crini\u00e8re arc-en-ciel change de couleur en fonction de ses \u00e9motions !\r\n\r\nCe matin \u00e0 l'\u00e9cole, Gaston observe des chuchotements autour de lui : ses camarades se moquent de Myrtille parce qu'elle a une dr\u00f4le de maison. Il rigole aussi, mais au fond, il sait que ce n'est pas si dr\u00f4le. Il se rend compte que, souvent, on se moque b\u00eatement de ce que l'on ne conna\u00eet pas. Et il comprend qu'avant de suivre le groupe, il est important de se faire son propre avis !\r\n\r\nUne collection d'histoires pour apprendre \u00e0 nommer et apprivoiser ses \u00e9motions. Par Aur\u00e9lie Chien Chow Chine, illustratrice et sophrologue exer\u00e7ant en \u00e9cole maternelle.","authors":["Aur\u00e9lie Chien Chow Chine"],"category_codes":["2000000","2070000","2070700"],"visuals":{"large":"https:\/\/images.epagine.fr\/170\/9782017107170_1_75.jpg","medium":"https:\/\/images.epagine.fr\/170\/9782017107170_1_m.jpg","thumbnail":"https:\/\/images.epagine.fr\/170\/9782017107170_1_v.jpg"},"orderable":true,"show_badge":true,"formatted_price":"6,95&nbsp;\u20ac","formatted_published_date":"2 janvier 2025","publisher_availability_label":"Sur commande","short_details":"Aur\u00e9lie Chien Chow Chine \u2014 Hachette Enfants","translator":null,"weight":152,"page_count":32,"readership":"0\/3 ans","editor":"Hachette Enfants","price":695,"published_date":"2025-01-01T23:00:00.000000Z","support":"Grand format","publisher_availability":1,"stock":0,"editions":[],"url":"https:\/\/quaidesbrumes.com\/ouvrage\/9782017107170\/gaston-la-licorne-les-emotions-de-gaston-je-pense-par-moi-meme"},{"id":"9782244235226","title":"Autocollants Les petits amis : Les engins","description":"D\u00e9couvre les 7 petits amis : Hana le panda, Lulu le crocodile, Mimi le lapin, Tama le chat, Sakura le cochon, Kiko le renard et Mochi l'ours, et suis-les dans leurs aventures ! Ici, ils sont \u00e0 bord de leurs engins : en voiture, en fus\u00e9e ou naviguant dans leur bateau... Des jolies sc\u00e8nes \u00e0 compl\u00e9ter avec plein d'autocollants.\r","authors":["Marion Billet"],"category_codes":["2000000","2080000","2080200"],"visuals":{"large":"https:\/\/images.epagine.fr\/226\/9782244235226_1_75.jpg","medium":"https:\/\/images.epagine.fr\/226\/9782244235226_1_m.jpg","thumbnail":"https:\/\/images.epagine.fr\/226\/9782244235226_1_v.jpg"},"orderable":true,"show_badge":true,"formatted_price":"5,90&nbsp;\u20ac","formatted_published_date":"1er avril 2026","publisher_availability_label":"Sur commande","short_details":"Marion Billet \u2014 \u00c9ditions Lito","translator":null,"weight":105,"page_count":14,"readership":"\u00e0 partir de 3 ANS","editor":"\u00c9ditions Lito","price":590,"published_date":"2026-03-31T22:00:00.000000Z","support":"Papeterie \/ Coloriage","publisher_availability":1,"stock":0,"editions":[],"url":"https:\/\/quaidesbrumes.com\/ouvrage\/9782244235226\/autocollants-les-petits-amis-les-engins"},{"id":"9782508063442","title":"Mes coloriages gonflables : Adorables licornes","description":"Un concept in\u00e9dit : les coloriages gonflables ! C'est amusant de jouer avec les adorables licornes \u00e0 gonfler avec une paille apr\u00e8s les avoir colori\u00e9es.\r\nC'est amusant de colorier, et de souffler avec la paille incluse dans la pochette, pour donner vie aux adorables licornes en les gonflant. Une super id\u00e9e d'activit\u00e9 pour jouer et inventer des histoires.\r\nUn nouveau concept super original et rigolo !\r","authors":["Carotte et Compagnie"],"category_codes":["2000000","2080000","2080300"],"visuals":{"large":"https:\/\/images.epagine.fr\/442\/9782508063442_1_75.jpg","medium":"https:\/\/images.epagine.fr\/442\/9782508063442_1_m.jpg","thumbnail":"https:\/\/images.epagine.fr\/442\/9782508063442_1_v.jpg"},"orderable":true,"show_badge":true,"formatted_price":"0,00&nbsp;\u20ac","formatted_published_date":"9 avril 2026","publisher_availability_label":"Sur commande","short_details":"Carotte et Compagnie \u2014 Hemma","translator":null,"weight":40,"page_count":null,"readership":"\u00e0 partir de 4 ANS","editor":"Hemma","price":0,"published_date":"2026-04-08T22:00:00.000000Z","support":"Papeterie \/ Coloriage","publisher_availability":1,"stock":0,"editions":[],"url":"https:\/\/quaidesbrumes.com\/ouvrage\/9782508063442\/mes-coloriages-gonflables-adorables-licornes"},{"id":"9782884807104","title":"La copine de Lili n'a pas de papa","description":"C'est le dernier jour du ma\u00eetre qui a remplac\u00e9 la ma\u00eetresse de Lili.\r\nMarl\u00e8ne fond en larmes. Les enfants \u00e9mus d\u00e9couvrent qu'elle n'a pas de papa. Lili prend la direction des op\u00e9rations pour essayer de lui en trouver un. Va-t-elle r\u00e9ussir ?","authors":["Serge Bloch","Dominique de Saint-Mars"],"category_codes":["2000000","2040000","2040200"],"visuals":{"large":"https:\/\/images.epagine.fr\/104\/9782884807104_1_75.jpg","medium":"https:\/\/images.epagine.fr\/104\/9782884807104_1_m.jpg","thumbnail":"https:\/\/images.epagine.fr\/104\/9782884807104_1_v.jpg"},"orderable":true,"show_badge":true,"formatted_price":"6,20&nbsp;\u20ac","formatted_published_date":"18 f\u00e9vrier 2016","publisher_availability_label":"Sur commande","short_details":"Serge Bloch, Dominique de Saint-Mars \u2014 Calligram","translator":null,"weight":116,"page_count":43,"readership":"6\/9 ans","editor":"Calligram","price":620,"published_date":"2016-02-17T23:00:00.000000Z","support":"Grand format","publisher_availability":1,"stock":0,"editions":[],"url":"https:\/\/quaidesbrumes.com\/ouvrage\/9782884807104\/la-copine-de-lili-na-pas-de-papa"},{"id":"9782226499356","title":"J'arrive pas \u00e0 dormir !","description":"Un soir, une petite fille n'arrive pas \u00e0 s'endormir. A-t-elle oubli\u00e9 de se brosser les dents, ou bien de dire bonne nuit \u00e0 son p\u00e8re\u00a0? Rien de tout cela. Comme personne d'autre n'est debout, la petite fille s'aventure dehors... et tombe sur un ours bien fatigu\u00e9, qui a \u00e9galement le m\u00eame probl\u00e8me qu'elle. Pas d'inqui\u00e9tude, elle sait ce qu'il lui faut\u00a0: une bonne histoire du soir\u00a0! Oh, mais tiens, ne serait-ce pas justement ce dont elle aurait besoin, elle aussi\u00a0?","authors":["Bruno Zocca","Sophie Lecoq"],"category_codes":["2000000","2030000","2030400"],"visuals":{"large":"https:\/\/images.epagine.fr\/356\/9782226499356_1_75.jpg","medium":"https:\/\/images.epagine.fr\/356\/9782226499356_1_m.jpg","thumbnail":"https:\/\/images.epagine.fr\/356\/9782226499356_1_v.jpg"},"orderable":true,"show_badge":true,"formatted_price":"13,90&nbsp;\u20ac","formatted_published_date":"27 ao\u00fbt 2025","publisher_availability_label":"Sur commande","short_details":"Bruno Zocca, Sophie Lecoq \u2014 Albin Michel","translator":"SOPHIE LECOQ","weight":392,"page_count":38,"readership":"\u00e0 partir de 3 ANS","editor":"Albin Michel","price":1390,"published_date":"2025-08-26T22:00:00.000000Z","support":"Grand format","publisher_availability":1,"stock":0,"editions":[],"url":"https:\/\/quaidesbrumes.com\/ouvrage\/9782226499356\/jarrive-pas-a-dormir"},{"id":"9782809688528","title":"Le tr\u00e9sor des Kinra Tome 2 : La mal\u00e9diction du chat fant\u00f4me","description":"Le tr\u00e9sor des Kinra, une saison en 13 tomes. D\u00e8s 9 ans.\r\n  \r\nUne semaine s'est d\u00e9j\u00e0 \u00e9coul\u00e9e depuis que les Kinra Girls ont int\u00e9gr\u00e9 l'Acad\u00e9mie Bergstrom et sont devenues les meilleures amies du monde.\r\n  \r\nMais une \u00e9trange histoire de tr\u00e9sor et de chat fant\u00f4me dans l'\u00e9cole les intrigue. C'est \u00e0 elles de mener l'enqu\u00eate...\r\n  \r\nUne histoire\r\nUn marque-page\r\nUn docu  \r\nContient un code secret \u00e0 partager avec des amis !","authors":["Moka","Anne Cresci"],"category_codes":["2000000","2040000","2040300"],"visuals":{"large":"https:\/\/images.epagine.fr\/528\/9782809688528_1_75.jpg","medium":"https:\/\/images.epagine.fr\/528\/9782809688528_1_m.jpg","thumbnail":"https:\/\/images.epagine.fr\/528\/9782809688528_1_v.jpg"},"orderable":true,"show_badge":true,"formatted_price":"6,99&nbsp;\u20ac","formatted_published_date":"2 janvier 2025","publisher_availability_label":"Sur commande","short_details":"Moka, Anne Cresci \u2014 \u00c9ditions playBac","translator":null,"weight":210,"page_count":144,"readership":"\u00e0 partir de 9 ANS","editor":"\u00c9ditions playBac","price":699,"published_date":"2025-01-01T23:00:00.000000Z","support":"Poche","publisher_availability":1,"stock":0,"editions":[],"url":"https:\/\/quaidesbrumes.com\/ouvrage\/9782809688528\/le-tresor-des-kinra-tome-2-la-malediction-du-chat-fantome"},{"id":"9782036086197","title":"B\u00e9b\u00e9 \u00e0 bord : La fus\u00e9e","description":"Embarque \u00e0 bord de la fus\u00e9e et pars explorer l'espace !\r\nAccroche-toi bien, c'est parti pour l'aventure !\r\n\u00a0 \r\nUn livre interactif avec des animations de qualit\u00e9 (des languettes \u00e0 faire glisser et des roues \u00e0 faire tourner) pour d\u00e9couvrir la vie \u00e0 bord d'une fus\u00e9e.\u00a0 \r\nLes petits adoreront faire voyager la fus\u00e9e jusqu'\u00e0 la Lune, du d\u00e9collage \u00e0 l'alunissage.\u00a0","authors":["S\u00e9bastien Braun"],"category_codes":["2000000","2020000","2020500"],"visuals":{"large":"https:\/\/images.epagine.fr\/197\/9782036086197_1_75.jpg","medium":"https:\/\/images.epagine.fr\/197\/9782036086197_1_m.jpg","thumbnail":"https:\/\/images.epagine.fr\/197\/9782036086197_1_v.jpg"},"orderable":true,"show_badge":true,"formatted_price":"10,99&nbsp;\u20ac","formatted_published_date":"7 janvier 2026","publisher_availability_label":"Sur commande","short_details":"S\u00e9bastien Braun \u2014 Larousse","translator":null,"weight":206,"page_count":8,"readership":"\u00e0 partir de 2 ANS","editor":"Larousse","price":1099,"published_date":"2026-01-06T23:00:00.000000Z","support":"Grand format","publisher_availability":1,"stock":0,"editions":[],"url":"https:\/\/quaidesbrumes.com\/ouvrage\/9782036086197\/bebe-a-bord-la-fusee"},{"id":"9782215185932","title":"Tracteurs et engins agricoles","description":"Gr\u00e2ce \u00e0 ce documentaire tr\u00e8s illustr\u00e9, apprends tout sur les tracteurs et engins agricoles : moissonneuses-batteuses, outils de r\u00e9colte ou de semis, tracteurs autonomes... D\u00e9couvre leur histoire, de leur premi\u00e8re invention aux technologies les plus r\u00e9centes !\r\n\r\n\u00c0 la fin du livre, d\u00e9couvre des images \u00e0 d\u00e9couper pour apprendre en t'amusant !\r","authors":["Sabine Boccador","Cathy Franco"],"category_codes":["2000000","2070000","2070700"],"visuals":{"large":"https:\/\/images.epagine.fr\/932\/9782215185932_1_75.jpg","medium":"https:\/\/images.epagine.fr\/932\/9782215185932_1_m.jpg","thumbnail":"https:\/\/images.epagine.fr\/932\/9782215185932_1_v.jpg"},"orderable":true,"show_badge":true,"formatted_price":"8,95&nbsp;\u20ac","formatted_published_date":"18 ao\u00fbt 2023","publisher_availability_label":"Sur commande","short_details":"Sabine Boccador, Cathy Franco \u2014 Fleurus","translator":null,"weight":406,"page_count":32,"readership":null,"editor":"Fleurus","price":895,"published_date":"2023-08-17T22:00:00.000000Z","support":"Grand format","publisher_availability":1,"stock":0,"editions":[],"url":"https:\/\/quaidesbrumes.com\/ouvrage\/9782215185932\/tracteurs-et-engins-agricoles"},{"id":"9782081440227","title":"Le petit chaperon rouge","description":"En chemin pour aller rendre visite \u00e0 sa grand-m\u00e8re, le Petit Chaperon Rouge ne peut s'emp\u00eacher de d\u00e9sob\u00e9ir \u00e0 la mise en garde de sa m\u00e8re. Elle se met en danger en parlant avec le loup et tra\u00eene en for\u00eat pour cueillir des fleurs.","authors":["Ilya Green","Jacob Grimm","Wilhelm Grimm"],"category_codes":["2000000","2030000","2030400"],"visuals":{"large":"https:\/\/images.epagine.fr\/227\/9782081440227_1_75.jpg","medium":"https:\/\/images.epagine.fr\/227\/9782081440227_1_m.jpg","thumbnail":"https:\/\/images.epagine.fr\/227\/9782081440227_1_v.jpg"},"orderable":true,"show_badge":true,"formatted_price":"5,95&nbsp;\u20ac","formatted_published_date":"22 ao\u00fbt 2018","publisher_availability_label":"Sur commande","short_details":"Ilya Green, Jacob Grimm, Wilhelm Grimm \u2014 P\u00e8re Castor","translator":null,"weight":112,"page_count":32,"readership":"3\/6 ans","editor":"P\u00e8re Castor","price":595,"published_date":"2018-08-21T22:00:00.000000Z","support":"Grand format","publisher_availability":1,"stock":0,"editions":[],"url":"https:\/\/quaidesbrumes.com\/ouvrage\/9782081440227\/le-petit-chaperon-rouge"},{"id":"9782330150785","title":"Gis\u00e8le Halimi : \"Non au viol\"","description":"Sarah, une adolescente, r\u00eave de rencontrer Gis\u00e8le Halimi, l'avocate et f\u00e9ministe, c\u00e9l\u00e8bre pour ses luttes pour les droits des femmes. \u00c0 travers l'histoire de Sarah, qui a v\u00e9cu elle-m\u00eame le traumatisme d'un viol, Jessie Magana \u00e9voque le parcours et les luttes de Gis\u00e8le Halimi qui restent plus que jamais d'actualit\u00e9 : aujourd'hui encore, 75 000 femmes sont viol\u00e9es chaque ann\u00e9e en France, ce combat est loin d'\u00eatre termin\u00e9.","authors":["Jessie Magana"],"category_codes":["2000000","2040000","2040500"],"visuals":{"large":"https:\/\/images.epagine.fr\/785\/9782330150785_1_75.jpg","medium":"https:\/\/images.epagine.fr\/785\/9782330150785_1_m.jpg","thumbnail":"https:\/\/images.epagine.fr\/785\/9782330150785_1_v.jpg"},"orderable":true,"show_badge":true,"formatted_price":"9,90&nbsp;\u20ac","formatted_published_date":"12 mai 2021","publisher_availability_label":"Sur commande","short_details":"Jessie Magana \u2014 Actes Sud Jeunesse","translator":null,"weight":80,"page_count":96,"readership":"\u00e0 partir de 11 ANS","editor":"Actes Sud Jeunesse","price":990,"published_date":"2021-05-11T22:00:00.000000Z","support":"Poche","publisher_availability":1,"stock":0,"editions":[],"url":"https:\/\/quaidesbrumes.com\/ouvrage\/9782330150785\/gisele-halimi-non-au-viol"},{"id":"9791036349829","title":"Animaux l\u00e9gendaires Tome 2 : Bianca et le dragon","description":"Les cinq L\u00e9gendes - Marina, Bianca, Electra, Ambre et Flora - entreprennent leur voyage pour retrouver leurs L\u00e9gendaires et sauver Terrafamilar. Bianca a toujours su qu'elle \u00e9tait destin\u00e9e \u00e0 vivre de grandes aventures, et apr\u00e8s avoir vu Marina et Ambre s'unir \u00e0 leurs familiers, elle est plus que pr\u00eate \u00e0 se lancer dans sa qu\u00eate. Mais l'odieuse Combi Dor\u00e9e est toujours \u00e0 la recherche des L\u00e9gendaires, et elle a des alli\u00e9s. Bianca et ses amies doivent apprendre \u00e0 se faire confiance, car le destin de leur monde est entre leurs mains.\r","authors":["Lauren Magaziner","Mirelle Ortega","Vanessa Rubio-Barreau"],"category_codes":["2000000","2040000","2040300"],"visuals":{"large":"https:\/\/images.epagine.fr\/829\/9791036349829_1_75.jpg","medium":"https:\/\/images.epagine.fr\/829\/9791036349829_1_m.jpg","thumbnail":"https:\/\/images.epagine.fr\/829\/9791036349829_1_v.jpg"},"orderable":true,"show_badge":true,"formatted_price":"7,50&nbsp;\u20ac","formatted_published_date":"16 avril 2025","publisher_availability_label":"Sur commande","short_details":"Lauren Magaziner, Mirelle Ortega, Vanessa Rubio-Barreau \u2014 Bayard Jeunesse","translator":"VANESSA RUBIO-BARREAU","weight":152,"page_count":176,"readership":"\u00e0 partir de 8 ANS","editor":"Bayard Jeunesse","price":750,"published_date":"2025-04-15T22:00:00.000000Z","support":"Grand format","publisher_availability":1,"stock":0,"editions":[],"url":"https:\/\/quaidesbrumes.com\/ouvrage\/9791036349829\/animaux-legendaires-tome-2-bianca-et-le-dragon"},{"id":"9782355042959","title":"On travaille pour le hamster","description":"Le myst\u00e8re de ce que les P'tits Bonzoms fabriquent ici se d\u00e9voile peu \u00e0 peu : une roue multicolore pour le hamster !","authors":["Chihiro Nakagawa","Junji Koyose"],"category_codes":["2000000","2030000","2030400"],"visuals":{"large":"https:\/\/images.epagine.fr\/959\/9782355042959_1_75.jpg","medium":"https:\/\/images.epagine.fr\/959\/9782355042959_1_m.jpg","thumbnail":"https:\/\/images.epagine.fr\/959\/9782355042959_1_v.jpg"},"orderable":true,"show_badge":true,"formatted_price":"17,00&nbsp;\u20ac","formatted_published_date":"6 f\u00e9vrier 2014","publisher_availability_label":"Sur commande","short_details":"Chihiro Nakagawa, Junji Koyose \u2014 Rue du monde","translator":null,"weight":444,"page_count":40,"readership":"3\/6 ans","editor":"Rue du monde","price":1700,"published_date":"2014-02-05T23:00:00.000000Z","support":"Grand format","publisher_availability":1,"stock":0,"editions":[],"url":"https:\/\/quaidesbrumes.com\/ouvrage\/9782355042959\/on-travaille-pour-le-hamster"},{"id":"9782733862506","title":"Mon premier jeu de 5 familles ; \u00e9couter et m\u00e9moriser !","description":"Retrouve le papa, la maman, la soeur et le fr\u00e8re de chaque famille et sois celui qui en reconstitue le plus ! Un jeu d'\u00e9coute et de m\u00e9moire !","authors":["Tiago Americo"],"category_codes":["2000000","2080000","2080100"],"visuals":{"large":"https:\/\/images.epagine.fr\/506\/9782733862506_1_75.jpg","medium":"https:\/\/images.epagine.fr\/506\/9782733862506_1_m.jpg","thumbnail":"https:\/\/images.epagine.fr\/506\/9782733862506_1_v.jpg"},"orderable":true,"show_badge":true,"formatted_price":"0,00&nbsp;\u20ac","formatted_published_date":"23 ao\u00fbt 2018","publisher_availability_label":"Sur commande","short_details":"Tiago Americo \u2014 Auzou","translator":null,"weight":136,"page_count":20,"readership":"\u00e0 partir de 3 ANS","editor":"Auzou","price":0,"published_date":"2018-08-22T22:00:00.000000Z","support":"Coffret \/ Bo&icirc;te","publisher_availability":1,"stock":0,"editions":[],"url":"https:\/\/quaidesbrumes.com\/ouvrage\/9782733862506\/mon-premier-jeu-de-5-familles-ecouter-et-memoriser"},{"id":"9782095058180","title":"Comptines des petits lapins","description":"6 comptines toutes douces pour d\u00e9couvrir la nature en musique !\r\nLes tout-petits vont adorer accompagner cette famillle de lapins dans leurs aventures printani\u00e8res ! Avec ces 6 comptines originales qui c\u00e9l\u00e8brent l'\u00e9veil \u00e0 la nature et les premiers moments de d\u00e9couvertes, chaque page devient une nouvelle aventure :\r\nla chasse aux oeufs de P\u00e2ques\r\nun pique-nique en for\u00eat\r\nles premi\u00e8res sorties au jardin...\r\nUn ouvrage sp\u00e9cialement con\u00e7u pour les tout-petits :\r\n6 boutons faciles \u00e0 actionner\r\nPages cartonn\u00e9es aux coins arrondis pour une manipulation facile et s\u00e9curis\u00e9e\r\nDes comptines in\u00e9dites, qui peuvent m\u00eame accompagner le coucher !\r\nUn premier livre musical qui favorise la d\u00e9couverte du monde en musique, accessible d\u00e8s 6 mois.","authors":["Amandine Meyer"],"category_codes":["2000000","2020000","2020600"],"visuals":{"large":"https:\/\/images.epagine.fr\/180\/9782095058180_1_75.jpg","medium":"https:\/\/images.epagine.fr\/180\/9782095058180_1_m.jpg","thumbnail":"https:\/\/images.epagine.fr\/180\/9782095058180_1_v.jpg"},"orderable":true,"show_badge":true,"formatted_price":"15,95&nbsp;\u20ac","formatted_published_date":"5 mars 2026","publisher_availability_label":"Sur commande","short_details":"Amandine Meyer \u2014 Nathan","translator":null,"weight":410,"page_count":10,"readership":"0\/3 ans","editor":"Nathan","price":1595,"published_date":"2026-03-04T23:00:00.000000Z","support":"Grand format","publisher_availability":1,"stock":0,"editions":[],"url":"https:\/\/quaidesbrumes.com\/ouvrage\/9782095058180\/comptines-des-petits-lapins"},{"id":"9791027613540","title":"Le chat","description":"Un premier documentaire anim\u00e9 pour d\u00e9couvrir le quotidien d'un chat, \u00e0 travers l'histoire de Merlin, un petit chaton qui devient grand !\r\nUn premier documentaire pour les 1-3 ans \r\nNouveaut\u00e9 dans la collection Petit Tourbidoc pour raconter l'histoire de Merlin, un adorable petit chaton, illustr\u00e9 avec tendresse par Am\u00e9lie Fali\u00e8re. En parall\u00e8le du fil narratif, des petites infos documentaires adapt\u00e9es \u00e0 la tranche d'\u00e2ge sont diss\u00e9min\u00e9es pour d\u00e9couvrir le quotidien de ces animaux fascinants.\r\nDes animations pour dynamiser la lecture \r\nLe petit lecteur manipule 6 animations pour faire bondir le chat, remuer sa queue, ouvrir grand ses yeux dans le noir, se l\u00e9cher les babines... Une fabrication solide et adapt\u00e9e aux mains des enfants ! \r","authors":["Rapha\u00eble Glaux","Am\u00e9lie Fali\u00e8re"],"category_codes":["2000000","2020000","2020200"],"visuals":{"large":"https:\/\/images.epagine.fr\/540\/9791027613540_1_75.jpg","medium":"https:\/\/images.epagine.fr\/540\/9791027613540_1_m.jpg","thumbnail":"https:\/\/images.epagine.fr\/540\/9791027613540_1_v.jpg"},"orderable":true,"show_badge":true,"formatted_price":"10,90&nbsp;\u20ac","formatted_published_date":"18 mars 2026","publisher_availability_label":"Sur commande","short_details":"Rapha\u00eble Glaux, Am\u00e9lie Fali\u00e8re \u2014 \u00c9ditions Tourbillon","translator":null,"weight":338,"page_count":10,"readership":"\u00e0 partir de 2 ANS","editor":"\u00c9ditions Tourbillon","price":1090,"published_date":"2026-03-17T23:00:00.000000Z","support":"Grand format","publisher_availability":1,"stock":0,"editions":[],"url":"https:\/\/quaidesbrumes.com\/ouvrage\/9791027613540\/le-chat"},{"id":"9782371651548","title":"Ciao en amazonie","description":null,"authors":["Kremer Alice"],"category_codes":["2000000","2020000","2020400"],"visuals":{"large":"https:\/\/images.epagine.fr\/548\/9782371651548_1_75.jpg","medium":"https:\/\/images.epagine.fr\/548\/9782371651548_1_m.jpg","thumbnail":"https:\/\/images.epagine.fr\/548\/9782371651548_1_v.jpg"},"orderable":true,"show_badge":true,"formatted_price":"14,00&nbsp;\u20ac","formatted_published_date":"3 avril 2026","publisher_availability_label":"Sur commande","short_details":"Kremer Alice \u2014 \u00c9ditions P\u00e8re Fouettard","translator":null,"weight":216,"page_count":null,"readership":"0\/3 ans","editor":"\u00c9ditions P\u00e8re Fouettard","price":1400,"published_date":"2026-04-02T22:00:00.000000Z","support":"Grand format","publisher_availability":1,"stock":0,"editions":[],"url":"https:\/\/quaidesbrumes.com\/ouvrage\/9782371651548\/ciao-en-amazonie"},{"id":"9782889860692","title":"Dans les reves des grands","description":"Comment se repr\u00e9senter l'avenir quand notre famille le fait d\u00e9j\u00e0 pour nous ? Celle de la petite h\u00e9ro\u00efne de Dans les r\u00eaves des grands n'imagine que le meilleur pour elle : sa maman la voit d\u00e9j\u00e0 pilote, et son papa premi\u00e8re femme pr\u00e9sidente. Mais elle, dans tout \u00e7a, que r\u00eave-t-elle d'\u00eatre ? \r\nElle n'en a aucune id\u00e9e. Car elle est encore trop petite! Pour faire un peu de place \u00e0 ses propres aspirations, elle se dit qu'elle a la vie enti\u00e8re pour r\u00eaver. Un album d'une tendre simplicit\u00e9 qui apprend aux petits (et rappelle aux plus grands) qu'il faut avoir confiance dans les jolies surprises de la vie.\r\n\r","authors":["Ingrid Chabbert","S\u00e9bastien Chebret"],"category_codes":["2000000","2030000","2030400"],"visuals":{"large":"https:\/\/images.epagine.fr\/692\/9782889860692_1_75.jpg","medium":"https:\/\/images.epagine.fr\/692\/9782889860692_1_m.jpg","thumbnail":"https:\/\/images.epagine.fr\/692\/9782889860692_1_v.jpg"},"orderable":true,"show_badge":true,"formatted_price":"15,90&nbsp;\u20ac","formatted_published_date":"3 avril 2026","publisher_availability_label":"Sur commande","short_details":"Ingrid Chabbert, S\u00e9bastien Chebret \u2014 La Joie de lire","translator":null,"weight":344,"page_count":40,"readership":"3\/6 ans","editor":"La Joie de lire","price":1590,"published_date":"2026-04-02T22:00:00.000000Z","support":"Grand format","publisher_availability":1,"stock":0,"editions":[],"url":"https:\/\/quaidesbrumes.com\/ouvrage\/9782889860692\/dans-les-reves-des-grands"}]}