{"data":[{"id":"9791023521399","title":"La vache","description":"Retrouvons l'illustre professeur japonais pour deux nouvelles le\u00e7ons de sciences naturelles.\r\nSaviez-vous que le crocodile a des dents qui repoussent tous les deux ans ? Qu'il a le sang froid et avale sans m\u00e2cher ?\r\nQue la vache mange de l'herbe qu'elle m\u00e2che plusieurs fois et qu'elle se sert de sa queue comme tapette \u00e0 mouche ? \r\nCes v\u00e9ritables documentaires animaliers \u00e0 destination des enfants de maternelle, o\u00f9 tout est dit avec simplicit\u00e9 et humour sont illustr\u00e9 d'images impertinentes et d\u00e9cal\u00e9es.","authors":["Tatsu Nagata"],"category_codes":["2000000","2030000","2030400"],"visuals":{"large":"https:\/\/images.epagine.fr\/399\/9791023521399_1_75.jpg","medium":"https:\/\/images.epagine.fr\/399\/9791023521399_1_m.jpg","thumbnail":"https:\/\/images.epagine.fr\/399\/9791023521399_1_v.jpg"},"orderable":true,"show_badge":true,"formatted_price":"5,50&nbsp;\u20ac","formatted_published_date":"2 janvier 2026","publisher_availability_label":"Sur commande","short_details":"Tatsu Nagata \u2014 Le Seuil jeunesse","translator":null,"weight":82,"page_count":32,"readership":"3\/6 ans","editor":"Le Seuil jeunesse","price":550,"published_date":"2026-01-01T23:00:00.000000Z","support":"Grand format","publisher_availability":1,"stock":0,"editions":[],"url":"https:\/\/quaidesbrumes.com\/ouvrage\/9791023521399\/la-vache"},{"id":"9782012248762","title":"Madame Proprette","description":"Monsieur Non, Madame Canaille, Monsieur Costaud et tous leurs amis. Des personnages connus de tous les enfants pour d\u00e9couvrir les traits de caract\u00e8res et les premi\u00e8res notions avec humour. Une collection de r\u00e9f\u00e9rence, fortement prescrite dans les \u00e9coles.","authors":["Roger Hargreaves"],"category_codes":["2000000","2030000","2030400"],"visuals":{"large":"https:\/\/images.epagine.fr\/762\/9782012248762_1_75.jpg","medium":"https:\/\/images.epagine.fr\/762\/9782012248762_1_m.jpg","thumbnail":"https:\/\/images.epagine.fr\/762\/9782012248762_1_v.jpg"},"orderable":true,"show_badge":true,"formatted_price":"2,90&nbsp;\u20ac","formatted_published_date":"10 septembre 2008","publisher_availability_label":"Sur commande","short_details":"Roger Hargreaves \u2014 Hachette Jeunesse","translator":null,"weight":55,"page_count":40,"readership":"\u00e0 partir de 4 ANS","editor":"Hachette Jeunesse","price":290,"published_date":"2008-09-09T22:00:00.000000Z","support":"Poche","publisher_availability":1,"stock":0,"editions":[],"url":"https:\/\/quaidesbrumes.com\/ouvrage\/9782012248762\/madame-proprette"},{"id":"9782211238489","title":"Yvain, le chevalier au lion","description":"Yvain, le plus entreprenant des chevaliers de la Table ronde, affronte g\u00e9ants et dragons dans un monde merveilleux o\u00f9 s\u00e9vissent d'\u00e9tranges et cruelles coutumes. C'est gr\u00e2ce \u00e0 un lion, symbole de courage et de noblesse, qu'il en viendra \u00e0 bout.\r","authors":["Chr\u00e9tien de Troyes"],"category_codes":["2000000","2050000","2050200"],"visuals":{"large":"https:\/\/images.epagine.fr\/489\/9782211238489_1_75.jpg","medium":"https:\/\/images.epagine.fr\/489\/9782211238489_1_m.jpg","thumbnail":"https:\/\/images.epagine.fr\/489\/9782211238489_1_v.jpg"},"orderable":true,"show_badge":true,"formatted_price":"5,50&nbsp;\u20ac","formatted_published_date":"9 janvier 2019","publisher_availability_label":"Sur commande","short_details":"Chr\u00e9tien de Troyes \u2014 L'\u00c9cole des loisirs","translator":null,"weight":194,"page_count":216,"readership":"\u00e0 partir de 12 ANS","editor":"L'\u00c9cole des loisirs","price":550,"published_date":"2019-01-08T23:00:00.000000Z","support":"Poche","publisher_availability":1,"stock":0,"editions":["9782091876153","9782253066521","9782218747151","9782745302106","9782845051270","9782745301963"],"url":"https:\/\/quaidesbrumes.com\/ouvrage\/9782211238489\/yvain-le-chevalier-au-lion"},{"id":"9782226443779","title":"Elisabeth, princesse \u00e0 Versailles Tome 14 : l'enfant trouv\u00e9","description":"Mme de Gu\u00e9men\u00e9 est tout \u00e9moustill\u00e9e. Une de ses amies, Mme de Bonvoisin, vient de retrouver son petit gar\u00e7on. \u00c9douard avait disparu depuis cinq ans ! \u00c9lisabeth et Ang\u00e9lique sont surprises. Elles ignoraient qu'\u00e0 l'int\u00e9rieur m\u00eame de Versailles un enfant avait \u00e9t\u00e9 enlev\u00e9. Touch\u00e9es par cette histoire et son heureux d\u00e9nouement, elles d\u00e9cident d'aller rencontrer la petite famille reconstitu\u00e9e. Mais \u00e9tonnamment, chez les Bonvoisin l'ambiance n'est pas au beau fixe. Que cachent la mine effray\u00e9e d'\u00c9douard et les messes basses des domestiques ? Aid\u00e9e de ses amis, la princesse d\u00e9cide de mener l'enqu\u00eate. \u00c0 partir de 8 ans","authors":["Annie Jay","Ariane Delrieu"],"category_codes":["2000000","2040000","2040500","2040507"],"visuals":{"large":"https:\/\/images.epagine.fr\/779\/9782226443779_1_75.jpg","medium":"https:\/\/images.epagine.fr\/779\/9782226443779_1_m.jpg","thumbnail":"https:\/\/images.epagine.fr\/779\/9782226443779_1_v.jpg"},"orderable":true,"show_badge":true,"formatted_price":"7,90&nbsp;\u20ac","formatted_published_date":"4 septembre 2019","publisher_availability_label":"Sur commande","short_details":"Annie Jay, Ariane Delrieu \u2014 Albin Michel","translator":null,"weight":248,"page_count":144,"readership":"\u00e0 partir de 8 ANS","editor":"Albin Michel","price":790,"published_date":"2019-09-03T22:00:00.000000Z","support":"Grand format","publisher_availability":1,"stock":0,"editions":[],"url":"https:\/\/quaidesbrumes.com\/ouvrage\/9782226443779\/elisabeth-princesse-a-versailles-tome-14-lenfant-trouve"},{"id":"9782211332200","title":"En route, Marin !","description":"C'est l'heure du d\u00e9part. En voiture ! \u00ab Quand les gratte-ciel seront aussi petits que des fourmis, on sera presque arriv\u00e9s. \u00bb C'est long, Marin s'ennuie. S'il voit une marmotte, c'est 10 points, un pissenlit 3 points. On n'est plus tr\u00e8s loin. Marin ne dit plus rien. Il s'endort, berc\u00e9 par le ronronnement du moteur. On dirait qu'il s'envole...\r\n","authors":["Marine Schneider"],"category_codes":["2000000","2030000","2030400"],"visuals":{"large":"https:\/\/images.epagine.fr\/200\/9782211332200_1_75.jpg","medium":"https:\/\/images.epagine.fr\/200\/9782211332200_1_m.jpg","thumbnail":"https:\/\/images.epagine.fr\/200\/9782211332200_1_v.jpg"},"orderable":true,"show_badge":true,"formatted_price":"14,00&nbsp;\u20ac","formatted_published_date":"5 juin 2024","publisher_availability_label":"Sur commande","short_details":"Marine Schneider \u2014 L'\u00c9cole des loisirs","translator":null,"weight":384,"page_count":36,"readership":"3\/6 ans","editor":"L'\u00c9cole des loisirs","price":1400,"published_date":"2024-06-04T22:00:00.000000Z","support":"Grand format","publisher_availability":1,"stock":0,"editions":[],"url":"https:\/\/quaidesbrumes.com\/ouvrage\/9782211332200\/en-route-marin"},{"id":"9782075159814","title":"Les sept \u00e9toiles du nord","description":"La mal\u00e9fique reine des Glaces r\u00e8gne sur les terres gel\u00e9es d'Erkenwald. Pour changer le destin du royaume, Eska, une jeune dresseuse d'aigles, et Flint, un inventeur \u00e0 l'imagination infinie, se lancent dans un voyage qui les m\u00e8nera des monts \u00c9ternels jusqu'aux confins de notre monde.","authors":["Abi Elphinstone","Faustina Fiore"],"category_codes":["2000000","2040000","2040200"],"visuals":{"large":"https:\/\/images.epagine.fr\/814\/9782075159814_1_75.jpg","medium":"https:\/\/images.epagine.fr\/814\/9782075159814_1_m.jpg","thumbnail":"https:\/\/images.epagine.fr\/814\/9782075159814_1_v.jpg"},"orderable":true,"show_badge":true,"formatted_price":"7,90&nbsp;\u20ac","formatted_published_date":"9 septembre 2021","publisher_availability_label":"Sur commande","short_details":"Abi Elphinstone, Faustina Fiore \u2014 Gallimard Jeunesse","translator":"FAUSTINA FIORE","weight":202,"page_count":336,"readership":"\u00e0 partir de 6 ANS","editor":"Gallimard Jeunesse","price":790,"published_date":"2021-09-08T22:00:00.000000Z","support":"Poche","publisher_availability":1,"stock":0,"editions":[],"url":"https:\/\/quaidesbrumes.com\/ouvrage\/9782075159814\/les-sept-etoiles-du-nord"},{"id":"9782278121700","title":"Je d\u00e9couvre Jean-S\u00e9bastien Bach","description":"5 puces (90 secondes) pour d\u00e9couvrir les chefs-d'oeuvres du compositeur allemand Jean-S\u00e9bastien Bach : Suite pour orchestre n\u00b02 en si mineur (Badinerie), Suite anglaise n\u00b0 3 en sol mineur (Gavotte), Suite pour violoncelles n\u00b01 en sol majeur (Courante), Concerto pour deux violons en r\u00e9 mineur (Vivace) et Toccata et Fugue en r\u00e9 mineur. Illustr\u00e9e avec onirisme et d\u00e9licatesse par Delphine Renon.","authors":["Delphine Renon"],"category_codes":["2000000","2020000","2020600"],"visuals":{"large":"https:\/\/images.epagine.fr\/700\/9782278121700_1_75.jpg","medium":"https:\/\/images.epagine.fr\/700\/9782278121700_1_m.jpg","thumbnail":"https:\/\/images.epagine.fr\/700\/9782278121700_1_v.jpg"},"orderable":true,"show_badge":true,"formatted_price":"12,30&nbsp;\u20ac","formatted_published_date":"11 janvier 2023","publisher_availability_label":"Sur commande","short_details":"Delphine Renon \u2014 Didier jeunesse","translator":null,"weight":345,"page_count":14,"readership":"0\/3 ans","editor":"Didier jeunesse","price":1230,"published_date":"2023-01-10T23:00:00.000000Z","support":"Grand format","publisher_availability":1,"stock":0,"editions":[],"url":"https:\/\/quaidesbrumes.com\/ouvrage\/9782278121700\/je-decouvre-jean-sebastien-bach"},{"id":"9782386141102","title":"L'astronomie","description":"Tu aimes s\u00fbrement regarder les \u00e9toiles... Et tu n'es pas le seul ! D\u00e9j\u00e0, \u00e0 la pr\u00e9histoire, les humains observaient les astres. Puis, au fil des si\u00e8cles, ils n'ont cess\u00e9 de se passionner pour l'astronomie et de perfectionner les moyens d'\u00e9tudier la vo\u00fbte c\u00e9leste. Aujourd'hui encore, ils essaient de voir toujours plus loins dans l'univers... Mais comment font-ils ? Viens le d\u00e9couvrir !","authors":["Marine Breuil-Salles","Bruno Wennagel","Mathieu Ferret"],"category_codes":["2000000","2070000","2070500"],"visuals":{"large":"https:\/\/images.epagine.fr\/102\/9782386141102_1_75.jpg","medium":"https:\/\/images.epagine.fr\/102\/9782386141102_1_m.jpg","thumbnail":"https:\/\/images.epagine.fr\/102\/9782386141102_1_v.jpg"},"orderable":true,"show_badge":true,"formatted_price":"5,00&nbsp;\u20ac","formatted_published_date":"12 mars 2025","publisher_availability_label":"Sur commande","short_details":"Marine Breuil-Salles, Bruno Wennagel, Mathieu Ferret \u2014 QUELLE HISTOIRE","translator":null,"weight":90,"page_count":40,"readership":"\u00e0 partir de 6 ANS","editor":"QUELLE HISTOIRE","price":500,"published_date":"2025-03-11T23:00:00.000000Z","support":"Grand format","publisher_availability":1,"stock":0,"editions":[],"url":"https:\/\/quaidesbrumes.com\/ouvrage\/9782386141102\/lastronomie"},{"id":"3575678940158","title":"Peluche Billy et Jean-Claude","description":"Billy est bien trop gentil pour \u00eatre un vrai bandit !  D\u00e9couvrez-le adapt\u00e9 en peluche, accompagn\u00e9 de son fidele ami Jean-Claude le ver de terre, pour leur faire vivre \u00e0 votre tour de dr\u00f4les de p\u00e9rip\u00e9ties. Un duo insolite et attachant !","authors":["Catharina Valckx"],"category_codes":["2000000","2020000","2020100"],"visuals":{"large":"https:\/\/images.epagine.fr\/158\/3575678940158_1_75.jpg","medium":"https:\/\/images.epagine.fr\/158\/3575678940158_1_m.jpg","thumbnail":"https:\/\/images.epagine.fr\/158\/3575678940158_1_v.jpg"},"orderable":true,"show_badge":true,"formatted_price":"0,00&nbsp;\u20ac","formatted_published_date":"12 octobre 2022","publisher_availability_label":"Sur commande","short_details":"Catharina Valckx \u2014 L'\u00c9cole des loisirs","translator":null,"weight":160,"page_count":null,"readership":"\u00e0 partir de 3 ANS","editor":"L'\u00c9cole des loisirs","price":0,"published_date":"2022-10-11T22:00:00.000000Z","support":"Objet","publisher_availability":1,"stock":0,"editions":[],"url":"https:\/\/quaidesbrumes.com\/ouvrage\/3575678940158\/peluche-billy-et-jean-claude"},{"id":"9791036362842","title":"Murtagh et le monde d'Eragon","description":"Un tra\u00eetre...\r\nUn dragon...\r\nUne nouvelle \u00e9pop\u00e9e... \r\n\r\nEn Alaga\u00ebsia, des mois se sont \u00e9coul\u00e9s depuis la chute du tyran Galbatorix. Murtagh le Dragonnier et son dragon Thorn sont toujours consid\u00e9r\u00e9s comme des tra\u00eetres et des meurtriers, car le royaume ignore l'aide qu'ils ont apport\u00e9e \u00e0 Eragon et Nasuada. Ils vivent en parias, \u00e0 l'abri des regards. Mais la rumeur d'\u00e9tranges \u00e9v\u00e8nements, aux confins de l'Alaga\u00ebsia, ravivent de douloureux souvenirs pour Murtagh et Thorn. Et nul ne peut se soustraire \u00e0 son destin. Commence alors pour nos h\u00e9ros un voyage \u00e9pique \u00e0 travers des terres \u00e0 la fois famili\u00e8res et inexplor\u00e9es. Confront\u00e9s \u00e0 des ennemis aussi terrifiants qu'impr\u00e9visibles, ils auront besoin de courage et d'esp\u00e9rance. Car une myst\u00e9rieuse puissance oeuvre dans l'ombre...\r\n\r\n20 ans apr\u00e8s la parution d'Eragon, Christopher Paolini rouvre les portes de l'Alaga\u00ebsia dans un r\u00e9cit magistral sur Murtagh, l'intriguant demi-fr\u00e8re d'Eragon.\r\n\r\nCe roman peut se lire ind\u00e9pendamment de la saga L'h\u00e9ritage (mais rien ne vous emp\u00eache de lire les quatre tomes !)","authors":["Christopher Paolini","John Jude Palencar","Marie-H\u00e9l\u00e8ne Delval"],"category_codes":["2000000","2050000","2050200","2050204"],"visuals":{"large":"https:\/\/images.epagine.fr\/842\/9791036362842_1_75.jpg","medium":"https:\/\/images.epagine.fr\/842\/9791036362842_1_m.jpg","thumbnail":"https:\/\/images.epagine.fr\/842\/9791036362842_1_v.jpg"},"orderable":true,"show_badge":true,"formatted_price":"21,90&nbsp;\u20ac","formatted_published_date":"8 novembre 2023","publisher_availability_label":"Sur commande","short_details":"Christopher Paolini, John Jude Palencar, Marie-H\u00e9l\u00e8ne Delval \u2014 Bayard Jeunesse","translator":"MARIE-HELENE DELVAL","weight":800,"page_count":732,"readership":"\u00e0 partir de 12 ANS","editor":"Bayard Jeunesse","price":2190,"published_date":"2023-11-07T23:00:00.000000Z","support":"Grand format","publisher_availability":1,"stock":0,"editions":[],"url":"https:\/\/quaidesbrumes.com\/ouvrage\/9791036362842\/murtagh-et-le-monde-deragon"},{"id":"9782075192309","title":"Uki deux fourrures Tome 2 : L'esprit mal\u00e9fique des marais","description":"Uki porte d\u00e9sormais en lui la puissance des esprits anciens Iffrit, Gaunch et Valkus : s'il le voulait, il pourrait d\u00e9raciner un arbre \u00e0 pattes nues ! Mais la force ne servira \u00e0 rien face \u00e0 la mal\u00e9fique Charice, un esprit dont le poison verd\u00e2tre se r\u00e9pand dans les Mar\u00e9cages et contamine tous les animaux qui les peuplent. Uki et ses amies Jori et Kree doivent imp\u00e9rativement trouver comment l'arr\u00eater, avec ou sans magie.","authors":["Kieran Larwood","Catherine Gilbert"],"category_codes":["2000000","2040000","2040500","2040503"],"visuals":{"large":"https:\/\/images.epagine.fr\/309\/9782075192309_1_75.jpg","medium":"https:\/\/images.epagine.fr\/309\/9782075192309_1_m.jpg","thumbnail":"https:\/\/images.epagine.fr\/309\/9782075192309_1_v.jpg"},"orderable":true,"show_badge":true,"formatted_price":"17,50&nbsp;\u20ac","formatted_published_date":"9 janvier 2025","publisher_availability_label":"Sur commande","short_details":"Kieran Larwood, Catherine Gilbert \u2014 Gallimard Jeunesse","translator":"CATHERINE GILBERT","weight":392,"page_count":336,"readership":"\u00e0 partir de 9 ANS","editor":"Gallimard Jeunesse","price":1750,"published_date":"2025-01-08T23:00:00.000000Z","support":"Grand format","publisher_availability":1,"stock":0,"editions":[],"url":"https:\/\/quaidesbrumes.com\/ouvrage\/9782075192309\/uki-deux-fourrures-tome-2-lesprit-malefique-des-marais"},{"id":"9782017118992","title":"Les travaux d'Apollon Tome 4 : le tombeau du tyran","description":"Zeus est vraiment excessif dans ses ch\u00e2timents, non ? Faire de moi, Apollon, un simple mortel, passe encore. M'imposer deux trois petites \u00e9preuves avant de regagner l'Olympe, pourquoi pas ? M'envoyer prot\u00e9ger le Camp Jupiter d'une arm\u00e9e de morts-vivants et affronter une deuxi\u00e8me fois le redoutable Python, je dis stop, je ne joue plus.\r","authors":["Rick Riordan","Mona de Pracontal"],"category_codes":["2000000","2040000","2040500","2040504"],"visuals":{"large":"https:\/\/images.epagine.fr\/992\/9782017118992_1_75.jpg","medium":"https:\/\/images.epagine.fr\/992\/9782017118992_1_m.jpg","thumbnail":"https:\/\/images.epagine.fr\/992\/9782017118992_1_v.jpg"},"orderable":true,"show_badge":true,"formatted_price":"8,90&nbsp;\u20ac","formatted_published_date":"18 mars 2020","publisher_availability_label":"Sur commande","short_details":"Rick Riordan, Mona de Pracontal \u2014 Le Livre de Poche Jeunesse","translator":"MONA DE PRACONTAL","weight":318,"page_count":512,"readership":"\u00e0 partir de 10 ANS","editor":"Le Livre de Poche Jeunesse","price":890,"published_date":"2020-03-17T23:00:00.000000Z","support":"Poche","publisher_availability":1,"stock":0,"editions":["9782226446404"],"url":"https:\/\/quaidesbrumes.com\/ouvrage\/9782017118992\/les-travaux-dapollon-tome-4-le-tombeau-du-tyran"},{"id":"9782377424115","title":"Le secret des enchanteurs Tome 2 : L'\u00e9meraude d'invisibilit\u00e9","description":"Une course contre la montre haletante et magique !\r\nMa\u00e9 a d\u00e9couvert qu'elle faisait partie d'une grande lign\u00e9e d'Enchanteurs ! Elle seule d\u00e9tient la montre de gousset capable de retrouver la source perdue de la magie. Or ce pouvoir lui vaut bien des ennemis : la moiti\u00e9 de la communaut\u00e9 magique la recherche, et sa famille est retenue prisonni\u00e8re en Gr\u00e8ce. Avec l'aide de ses amis Emma, Rapha\u00ebl et L\u00e9andre, Ma\u00e9 parviendra-t-elle \u00e0 d\u00e9livrer ceux qu'elle aime et percer \u00e0 temps le secret des Enchanteurs ?\r\nDes ruelles lyonnaises en passant par l'Italie et les M\u00e9t\u00e9ores, une cavale haletante et pleine de magie au coeur d'un secret mill\u00e9naire.","authors":["Nadine Debertolis","Marine Gosselin"],"category_codes":["2000000","2050000","2050200","2050203"],"visuals":{"large":"https:\/\/images.epagine.fr\/115\/9782377424115_1_75.jpg","medium":"https:\/\/images.epagine.fr\/115\/9782377424115_1_m.jpg","thumbnail":"https:\/\/images.epagine.fr\/115\/9782377424115_1_v.jpg"},"orderable":true,"show_badge":true,"formatted_price":"15,95&nbsp;\u20ac","formatted_published_date":"2 octobre 2025","publisher_availability_label":"Sur commande","short_details":"Nadine Debertolis, Marine Gosselin \u2014 Poulpe Fictions","translator":null,"weight":500,"page_count":496,"readership":"\u00e0 partir de 12 ANS","editor":"Poulpe Fictions","price":1595,"published_date":"2025-10-01T22:00:00.000000Z","support":"Grand format","publisher_availability":1,"stock":0,"editions":[],"url":"https:\/\/quaidesbrumes.com\/ouvrage\/9782377424115\/le-secret-des-enchanteurs-tome-2-lemeraude-dinvisibilite"},{"id":"9782211056014","title":"Le d\u00e9jeuner des loups","description":"Quand Lucas (voir \u00ab Le loup sentimental \u00bb) attrape un cochon dans la for\u00eat, il t\u00e9l\u00e9phone vite \u00e0 sa maman pour inviter la famille \u00e0 d\u00e9jeuner dimanche. Mais il d\u00e9couvre vite que le cochon - Maurice - n'est pas un cochon ordinaire. Il cuisine divinement bien, il joue admirablement du piano, et il raconte des histoires merveilleusement bien. Lucas tombe dans le pi\u00e8ge de l'amiti\u00e9, ce qui n'est pas fait pour plaire \u00e0 son p\u00e8re qui comptait sur un bon d\u00e9jeuner de cochon r\u00f4ti...","authors":["Geoffroy de Pennart"],"category_codes":["2000000","2030000","2030300"],"visuals":{"large":"https:\/\/images.epagine.fr\/014\/9782211056014_1_75.jpg","medium":"https:\/\/images.epagine.fr\/014\/9782211056014_1_m.jpg","thumbnail":"https:\/\/images.epagine.fr\/014\/9782211056014_1_v.jpg"},"orderable":true,"show_badge":true,"formatted_price":"6,00&nbsp;\u20ac","formatted_published_date":"16 octobre 1999","publisher_availability_label":"Sur commande","short_details":"Geoffroy de Pennart \u2014 L'\u00c9cole des loisirs","translator":null,"weight":98,"page_count":40,"readership":"0\/3 ans","editor":"L'\u00c9cole des loisirs","price":600,"published_date":"1999-10-15T22:00:00.000000Z","support":"Poche","publisher_availability":1,"stock":0,"editions":[],"url":"https:\/\/quaidesbrumes.com\/ouvrage\/9782211056014\/le-dejeuner-des-loups"},{"id":"3127020500345","title":"La bataille du mange-doudous","description":"Le Mange-doudous arrive et il a tr\u00e8s tr\u00e8s faim ! Qui sauvera ses doudous de son app\u00e9tit f\u00e9roce ? Heureusement, vous pourrez toujours compter sur Berk pour vous aider. Un jeu de bataille pas comme les autres, alliant humour, chance et rapidit\u00e9 !","authors":["Julien B\u00e9ziat"],"category_codes":["2000000","2060000","2060500"],"visuals":{"large":"https:\/\/images.epagine.fr\/345\/3127020500345_1_75.jpg","medium":"https:\/\/images.epagine.fr\/345\/3127020500345_1_m.jpg","thumbnail":"https:\/\/images.epagine.fr\/345\/3127020500345_1_v.jpg"},"orderable":true,"show_badge":true,"formatted_price":"0,00&nbsp;\u20ac","formatted_published_date":"4 avril 2018","publisher_availability_label":"Sur commande","short_details":"Julien B\u00e9ziat \u2014 L'\u00c9cole des loisirs","translator":null,"weight":390,"page_count":1,"readership":"3\/6 ans","editor":"L'\u00c9cole des loisirs","price":0,"published_date":"2018-04-03T22:00:00.000000Z","support":"Objet","publisher_availability":1,"stock":0,"editions":[],"url":"https:\/\/quaidesbrumes.com\/ouvrage\/3127020500345\/la-bataille-du-mange-doudous"},{"id":"9782490975952","title":"La maison magique de Milo et Mizzi","description":"Bienvenue dans la maison magique de Milo et Mizzi ! Une gigantesque maison qui se transforme au gr\u00e9 des humeurs de ses habitants.\r\nMilo et Mizzi sont deux petits magiciens qui vivent dans une maison magique avec leurs nombreux animaux. Quand ils jouent la maison se m\u00e9tamorphose pour une partie de cache-cache, quand ils se disputent la temp\u00eate se d\u00e9cha\u00eene \u00e0 travers les pi\u00e8ces, quand ils ont faim la maison devient comestible, et quand ils veulent faire un tour de man\u00e8ge, la maison devient une gigantesque f\u00eate foraine. Sur chaque double-page, la maison en coupe montre de multiples sayn\u00e8tes \u00e0 observer \u00e0 chaque \u00e9tage. On page en page, l'enfant peut s'amuser \u00e0 chercher tous les personnages qui habitent la maison, comme un grand Cherche-et-Trouve.","authors":["Caroline Dall'ava"],"category_codes":["2000000","2030000","2030400"],"visuals":{"large":"https:\/\/images.epagine.fr\/952\/9782490975952_1_75.jpg","medium":"https:\/\/images.epagine.fr\/952\/9782490975952_1_m.jpg","thumbnail":"https:\/\/images.epagine.fr\/952\/9782490975952_1_v.jpg"},"orderable":true,"show_badge":true,"formatted_price":"16,50&nbsp;\u20ac","formatted_published_date":"16 octobre 2025","publisher_availability_label":"Sur commande","short_details":"Caroline Dall'ava \u2014 L'Agrume","translator":null,"weight":554,"page_count":32,"readership":"3\/6 ans","editor":"L'Agrume","price":1650,"published_date":"2025-10-15T22:00:00.000000Z","support":"Grand format","publisher_availability":1,"stock":0,"editions":[],"url":"https:\/\/quaidesbrumes.com\/ouvrage\/9782490975952\/la-maison-magique-de-milo-et-mizzi"},{"id":"9782362315633","title":"Dans l'ombre des racines Tome 1 : La marque des maudites","description":"Elle est issue d'une lign\u00e9e condamn\u00e9e.\r\nIl vit dans la crainte de sa propre magie.\r\nIls auront chacun tout \u00e0 prouver dans la terrible guerre qui menace l'Arbre-miracle.\r\nAisa est une Maudite. Chaque nuit, l'esprit animal avec qui elle partage son corps prend le relais - un jour, il ne restera plus que le faucon, et la conscience d'Aisa dispara\u00eetra. C'est d\u00e9j\u00e0 arriv\u00e9 \u00e0 sa m\u00e8re, et cela arrivera \u00e0 sa petite soeur... et bien plus t\u00f4t que pr\u00e9vu. Alors le jour o\u00f9 Aisa se voit proposer un march\u00e9, et l'espoir de briser leur Mal\u00e9diction, elle n'h\u00e9site pas longtemps.\r\nCette mission p\u00e9rilleuse la conduit au coeur du territoire ennemi : le Continent Flottant, terre des Aspales, ces sorciers descendant directement de ceux qui ont maudit sa lign\u00e9e. C'est l\u00e0 qu'elle rencontre Gabriel, rong\u00e9 par un terrible secret, et incapable de garder ses pouvoirs sous contr\u00f4le.\u00a0\r\nTous deux se retrouvent ainsi enr\u00f4l\u00e9s pour combattre dans la funeste guerre qui se profile. Arrach\u00e9s \u00e0 tout ce qu'ils ont jamais connu et forc\u00e9s de cohabiter avec d'autres \u00c9lus redoutables, Gabriel et Aisa vont devoir apprendre \u00e0 se faire confiance s'ils veulent triompher et briser la Mal\u00e9diction.","authors":["Pome L. Desombre","No\u00e9mie Chevalier"],"category_codes":["2000000","2050000","2050200","2050204"],"visuals":{"large":"https:\/\/images.epagine.fr\/633\/9782362315633_1_75.jpg","medium":"https:\/\/images.epagine.fr\/633\/9782362315633_1_m.jpg","thumbnail":"https:\/\/images.epagine.fr\/633\/9782362315633_1_v.jpg"},"orderable":true,"show_badge":true,"formatted_price":"19,95&nbsp;\u20ac","formatted_published_date":"8 octobre 2025","publisher_availability_label":"Sur commande","short_details":"Pome L. Desombre, No\u00e9mie Chevalier \u2014 Big Bang","translator":null,"weight":620,"page_count":496,"readership":"\u00e0 partir de 12 ANS","editor":"Big Bang","price":1995,"published_date":"2025-10-07T22:00:00.000000Z","support":"Grand format","publisher_availability":1,"stock":0,"editions":[],"url":"https:\/\/quaidesbrumes.com\/ouvrage\/9782362315633\/dans-lombre-des-racines-tome-1-la-marque-des-maudites"},{"id":"9782266347334","title":"Ottoline et le v\u00e9t\u00e9rinaire des monstres","description":"P\u00e9pite fiction juniors du Salon du livre de Montreuil 2023.\r\nDepuis la mort de ses parents, Ottoline vit avec sa tante Eudora, son cousin Angus et leur domestique Evie dans un immense ch\u00e2teau inqui\u00e9tant. Les vacances d'\u00e9t\u00e9 arrivent et s'annoncent monotones pour Ottoline jusqu'\u00e0 ce qu'elle d\u00e9couvre une \u00e9trange cr\u00e9ature chez elle. Car la cr\u00e9ature a besoin de soin, mais qui peut-elle appeler ? Elle trouve alors dans l'annuaire les coordonn\u00e9es d'un v\u00e9t\u00e9rinaire dont le nom, Arwanach Morrow, sonne assez familier... Quand elle se rend chez lui, en pleine nuit, elle comprend que c'est son oncle, et qu'il est v\u00e9t\u00e9rinaire pour monstres !\r\nOttoline rentre alors \u00e0 son service en tant qu'assistante, tous les soirs de 20h \u00e0 23h. Pourquoi cet horaire myst\u00e9rieux ? Parce qu'il correspond \u00e0 l'heure o\u00f9 les cr\u00e9atures fantastiques quittent leur monde pour celui des humains ! Un soir, Ottoline d\u00e9couvre un tunnel secret qui m\u00e8ne vers leur monde. Elle va alors d\u00e9couvrir un univers fabuleux et sa nouvelle mission : trouver la clef perdue qui ferme la porte entre les deux mondes !\r\nAu cours de cette aventure fantastique extraordinaire, Ottoline va surmonter le deuil de ses parents et aider son vieil oncle \u00e0 apaiser la douleur caus\u00e9e par la mort de sa femme... ce qui leur donnera \u00e0 tous deux la force de tisser un nouveau pacte entre les monstres et les humains.","authors":["Yann Apperry"],"category_codes":["2000000","2050000","2050200","2050203"],"visuals":{"large":"https:\/\/images.epagine.fr\/334\/9782266347334_1_75.jpg","medium":"https:\/\/images.epagine.fr\/334\/9782266347334_1_m.jpg","thumbnail":"https:\/\/images.epagine.fr\/334\/9782266347334_1_v.jpg"},"orderable":true,"show_badge":true,"formatted_price":"8,90&nbsp;\u20ac","formatted_published_date":"7 novembre 2024","publisher_availability_label":"Sur commande","short_details":"Yann Apperry \u2014 Pocket Jeunesse","translator":null,"weight":240,"page_count":504,"readership":"\u00e0 partir de 12 ANS","editor":"Pocket Jeunesse","price":890,"published_date":"2024-11-06T23:00:00.000000Z","support":"Poche","publisher_availability":1,"stock":0,"editions":[],"url":"https:\/\/quaidesbrumes.com\/ouvrage\/9782266347334\/ottoline-et-le-veterinaire-des-monstres"},{"id":"9782095048723","title":"Les enqu\u00eates d'Enola Holmes : Enola Holmes et l'\u00e9l\u00e9gante \u00e9vasion","description":"Plongez dans une nouvelle enqu\u00eate palpitante d'Enola Holmes, la brillante d\u00e9tective qui d\u00e9fie les conventions de l'\u00e9poque victorienne pour sauver son amie Lady Cecily d'un p\u00e8re tyrannique.\r\nDans ce nouveau tome de la s\u00e9rie best-seller qui a conquis plus de 300 000 lecteurs, Enola Holmes fait face \u00e0 son enqu\u00eate la plus d\u00e9licate.\r\nQuand Lady Cecily, prisonni\u00e8re d'un p\u00e8re abusif, requiert son aide, notre jeune d\u00e9tective devra faire preuve d'ing\u00e9niosit\u00e9 et de courage pour orchestrer une \u00e9vasion p\u00e9rilleuse.\r\nEntre myst\u00e8res \u00e0 r\u00e9soudre et messages f\u00e9ministes percutants, ce roman associe habilement aventure et engagement social.\r\nRetrouvez l'h\u00e9ro\u00efne qui inspire la s\u00e9rie Netflix dans une intrigue o\u00f9 humour et suspense s'entrem\u00ealent parfaitement, \u00e0 d\u00e9couvrir d\u00e8s 12 ans !","authors":["Nancy Springer","Rose-Marie Vassallo-Villaneau"],"category_codes":["2000000","2050000","2050200","2050206"],"visuals":{"large":"https:\/\/images.epagine.fr\/723\/9782095048723_1_75.jpg","medium":"https:\/\/images.epagine.fr\/723\/9782095048723_1_m.jpg","thumbnail":"https:\/\/images.epagine.fr\/723\/9782095048723_1_v.jpg"},"orderable":true,"show_badge":true,"formatted_price":"7,99&nbsp;\u20ac","formatted_published_date":"10 avril 2025","publisher_availability_label":"Sur commande","short_details":"Nancy Springer, Rose-Marie Vassallo-Villaneau \u2014 Nathan","translator":"ROSE-MARIE VASSALLO-VILLANEAU","weight":206,"page_count":272,"readership":"\u00e0 partir de 12 ANS","editor":"Nathan","price":799,"published_date":"2025-04-09T22:00:00.000000Z","support":"Grand format","publisher_availability":1,"stock":0,"editions":[],"url":"https:\/\/quaidesbrumes.com\/ouvrage\/9782095048723\/les-enquetes-denola-holmes-enola-holmes-et-lelegante-evasion"},{"id":"9782375024638","title":"Celle qui n'avait pas peur des vagues","description":"Dans cet album merveilleusement illustr\u00e9, Alexis Jenni raconte Ida Lewis qui, d\u00e8s l'\u00e2ge de 12 ans, a appris \u00e0 nager, \u00e0 naviguer sur une barque, \u00e0 garder le phare et \u00e0 sauver des vies. Les tableaux peints par Zafouko Yamamoto donnent toute leur force \u00e0 cette aventure.\r\nD\u00e9barqu\u00e9e sur la petite \u00eele de Lime Rock, au nord de New York, pour que son p\u00e8re prenne ses fonctions de gardien de phare, \u00e0 12 ans, Ida est la meilleure nageuse du coin, elle a \u00e9galement appris \u00e0 naviguer sur une barque, tout comme elle a appris \u00e0 s'occuper du phare. Lorsque son p\u00e8re tombe malade, elle devient la seule \u00e0 pouvoir le remplacer dans ses fonctions. Ida accomplit tout le travail de maintenance et de surveillance, elle a la charge de la lanterne qui aide les bateaux \u00e0 se diriger pour rejoindre le port de Newport. Et quand Ida aper\u00e7oit quatre gar\u00e7ons en danger dans l'eau, elle sait qu'elle doit agir, car leur vie en d\u00e9pend. Elle n'h\u00e9site pas une seconde. Apr\u00e8s ce premier sauvetage, il y en a eu beaucoup d'autres, mais personne ne le savait et cela n'avait pas d'importance pour elle. Elle n'avait pas peur et elle faisait ce qu'elle faisait de mieux dans la vie : sauver des vies.","authors":["Alexis Jenni","Zafouko Yamamoto"],"category_codes":["2000000","2030000","2030400"],"visuals":{"large":"https:\/\/images.epagine.fr\/638\/9782375024638_1_75.jpg","medium":"https:\/\/images.epagine.fr\/638\/9782375024638_1_m.jpg","thumbnail":"https:\/\/images.epagine.fr\/638\/9782375024638_1_v.jpg"},"orderable":true,"show_badge":true,"formatted_price":"18,00&nbsp;\u20ac","formatted_published_date":"23 octobre 2025","publisher_availability_label":"Sur commande","short_details":"Alexis Jenni, Zafouko Yamamoto \u2014 \u00c9ditions Paulsen","translator":null,"weight":664,"page_count":null,"readership":"3\/6 ans","editor":"\u00c9ditions Paulsen","price":1800,"published_date":"2025-10-22T22:00:00.000000Z","support":"Grand format","publisher_availability":1,"stock":0,"editions":[],"url":"https:\/\/quaidesbrumes.com\/ouvrage\/9782375024638\/celle-qui-navait-pas-peur-des-vagues"},{"id":"9782226496225","title":"Milieux extr\u00eames : Les Exploits de la nature","description":"Sur Terre, il existe 3 grands types de milieux naturels\u00a0: les milieux temp\u00e9r\u00e9s, chauds et froids. Chacun d'eux est caract\u00e9ris\u00e9 par un ensemble de param\u00e8tres (la temp\u00e9rature, le vent, les pr\u00e9cipitations, la s\u00e9cheresse,...) les rendant propices \u00e0 la vie ou, au contraire, d\u00e9favorables voire hostiles. Mais o\u00f9 se trouvent ces milieux extr\u00eames et en quoi sont-ils diff\u00e9rents les uns des autres\u00a0? Surtout, comment certains \u00eatres vivants parviennent malgr\u00e9 tout \u00e0 s'adapter \u00e0 ces conditions de vie si particuli\u00e8res\u00a0?\r\nUn tour du monde de l'extr\u00eame pour d\u00e9couvrir toutes les plus incroyables capacit\u00e9s d'adaptation du monde vivant\u00a0!","authors":["L\u00e9o Righini-Fleur"],"category_codes":["2000000","2030000","2030400"],"visuals":{"large":"https:\/\/images.epagine.fr\/225\/9782226496225_1_75.jpg","medium":"https:\/\/images.epagine.fr\/225\/9782226496225_1_m.jpg","thumbnail":"https:\/\/images.epagine.fr\/225\/9782226496225_1_v.jpg"},"orderable":true,"show_badge":false,"formatted_price":"14,90&nbsp;\u20ac","formatted_published_date":"1er octobre 2025","publisher_availability_label":"Sur commande","short_details":"L\u00e9o Righini-Fleur \u2014 Albin Michel","translator":null,"weight":552,"page_count":48,"readership":"\u00e0 partir de 6 ANS","editor":"Albin Michel","price":1490,"published_date":"2025-09-30T22:00:00.000000Z","support":"Grand format","publisher_availability":1,"stock":1,"editions":[],"url":"https:\/\/quaidesbrumes.com\/ouvrage\/9782226496225\/milieux-extremes-les-exploits-de-la-nature"},{"id":"9791039562232","title":"Mes mini perforatrices : 40 bandelettes \u00e0 perforer","description":"Un coffret cr\u00e9atif pour perforer, coller et d\u00e9corer \u00e0 l'aide de 4 mini perforatrices fantaisies !\r\nLe coffret contient 4 mini perforatrices permettant \u00e0 l'enfant de d\u00e9corer ses 4 cartes, avec 40 bandelettes paillet\u00e9s et color\u00e9es. \r\nIl peut perforer, coller, d\u00e9corer et laisser s'exprimer sa cr\u00e9ativit\u00e9 !","authors":["Collectif"],"category_codes":["2000000","2060000"],"visuals":{"large":"https:\/\/images.epagine.fr\/232\/9791039562232_1_75.jpg","medium":"https:\/\/images.epagine.fr\/232\/9791039562232_1_m.jpg","thumbnail":"https:\/\/images.epagine.fr\/232\/9791039562232_1_v.jpg"},"orderable":true,"show_badge":true,"formatted_price":"0,00&nbsp;\u20ac","formatted_published_date":"9 octobre 2025","publisher_availability_label":"Sur commande","short_details":"Collectif \u2014 Auzou","translator":null,"weight":352,"page_count":null,"readership":"Tout public","editor":"Auzou","price":0,"published_date":"2025-10-08T22:00:00.000000Z","support":"Coffret \/ Bo&icirc;te","publisher_availability":1,"stock":0,"editions":[],"url":"https:\/\/quaidesbrumes.com\/ouvrage\/9791039562232\/mes-mini-perforatrices-40-bandelettes-a-perforer"},{"id":"9782211349246","title":"Qui a peur de la nuit ?","description":"Quand tombe la nuit, Loupi Loupiote arrive. Avec son ami Nuage, elle vient en aide \u00e0 tous ceux qui ont peur du noir, qui ont peur des monstres et des fant\u00f4mes. Mais, contre toute attente, tous les fant\u00f4mes ne font pas peur...","authors":["Isabelle Bonameau"],"category_codes":["2000000","2020000","2020400"],"visuals":{"large":"https:\/\/images.epagine.fr\/246\/9782211349246_1_75.jpg","medium":"https:\/\/images.epagine.fr\/246\/9782211349246_1_m.jpg","thumbnail":"https:\/\/images.epagine.fr\/246\/9782211349246_1_v.jpg"},"orderable":true,"show_badge":true,"formatted_price":"12,50&nbsp;\u20ac","formatted_published_date":"5 novembre 2025","publisher_availability_label":"Sur commande","short_details":"Isabelle Bonameau \u2014 L'\u00c9cole des loisirs","translator":null,"weight":309,"page_count":32,"readership":"\u00e0 partir de 2 ANS","editor":"L'\u00c9cole des loisirs","price":1250,"published_date":"2025-11-04T23:00:00.000000Z","support":"Grand format","publisher_availability":1,"stock":0,"editions":[],"url":"https:\/\/quaidesbrumes.com\/ouvrage\/9782211349246\/qui-a-peur-de-la-nuit"},{"id":"9782401112780","title":"La classe dont tu es le h\u00e9ros Tome 10 : Mission maisons du monde !","description":"La visite de l'\u00e9comus\u00e9e avec ta classe a mal tourn\u00e9 : ton ma\u00eetre a disparu dans une armoire enchant\u00e9e ! Et qui doit le sauver ? C'est toi, bien s\u00fbr ! Gr\u00e2ce \u00e0 ta combinaison sp\u00e9ciale, te voil\u00e0 propuls\u00e9\u00b7e dans de dr\u00f4les de maisons.\u00a0 \r\nPr\u00eat.e pour un tour du monde pas comme les autres ?\r\n\u00c0 toi de jouer car, dans ce livre, c'est toi le h\u00e9ros\/l'h\u00e9ro\u00efne !\u00a0","authors":["Lilas Nord","Mehdi Doigts"],"category_codes":["2000000","2040000","2040200"],"visuals":{"large":"https:\/\/images.epagine.fr\/780\/9782401112780_1_75.jpg","medium":"https:\/\/images.epagine.fr\/780\/9782401112780_1_m.jpg","thumbnail":"https:\/\/images.epagine.fr\/780\/9782401112780_1_v.jpg"},"orderable":true,"show_badge":true,"formatted_price":"6,20&nbsp;\u20ac","formatted_published_date":"27 ao\u00fbt 2025","publisher_availability_label":"Sur commande","short_details":"Lilas Nord, Mehdi Doigts \u2014 Hatier","translator":null,"weight":118,"page_count":48,"readership":"\u00e0 partir de 6 ANS","editor":"Hatier","price":620,"published_date":"2025-08-26T22:00:00.000000Z","support":"Grand format","publisher_availability":1,"stock":0,"editions":[],"url":"https:\/\/quaidesbrumes.com\/ouvrage\/9782401112780\/la-classe-dont-tu-es-le-heros-tome-10-mission-maisons-du-monde"}]}