{"data":[{"id":"9782378883102","title":"Mignon","description":"Dans la ville de Chocottes, habiter une maison hant\u00e9e est une v\u00e9ritable fiert\u00e9 ! Malheureusement, Germain n'a pas cette chance. Chez lui, pas l'ombre d'un monstre ou d'un d\u00e9mon du sol au plafond...\r\nMais cette ann\u00e9e, pour la f\u00eate d'Halloween, Germain a un plan. Au grenier, il a d\u00e9couvert un vieux grimoire contenant une incantation myst\u00e9rieuse cens\u00e9e invoquer la cr\u00e9ature la plus terrifiante qui soit ! Du moins, c'est ce qu'il croit...","authors":["J\u00e9r\u00e9my Pailler"],"category_codes":["2000000","2030000","2030400"],"visuals":{"large":"https:\/\/images.epagine.fr\/102\/9782378883102_1_75.jpg","medium":"https:\/\/images.epagine.fr\/102\/9782378883102_1_m.jpg","thumbnail":"https:\/\/images.epagine.fr\/102\/9782378883102_1_v.jpg"},"orderable":true,"show_badge":true,"formatted_price":"15,00&nbsp;\u20ac","formatted_published_date":"1er octobre 2025","publisher_availability_label":"Sur commande","short_details":"J\u00e9r\u00e9my Pailler \u2014 Kal\u00e9idoscope","translator":null,"weight":343,"page_count":76,"readership":"\u00e0 partir de 3 ANS","editor":"Kal\u00e9idoscope","price":1500,"published_date":"2025-09-30T22:00:00.000000Z","support":"Grand format","publisher_availability":1,"stock":0,"editions":[],"url":"https:\/\/quaidesbrumes.com\/ouvrage\/9782378883102\/mignon"},{"id":"9782355582325","title":"Nuit blanche","description":"dans le magasin pour attendrir maman. Ce caprice, ce costume, tout \u00e7a me para\u00eet bien superficiel, maintenant...\r\nSoudain, deux chauves-souris passent juste devant la lune. Au d\u00e9part, c'est en Batman que je voulais me d\u00e9guiser. Mais le costume \u00e9tait un peu cher et j'ai pleur\u00e9 dans le magasin pour attendrir maman. Ce caprice, ce costume, tout \u00e7a me para\u00eet bien superficiel, maintenant...","authors":["Florian Pig\u00e9"],"category_codes":["2000000","2030000","2030400"],"visuals":{"large":"https:\/\/images.epagine.fr\/325\/9782355582325_1_75.jpg","medium":"https:\/\/images.epagine.fr\/325\/9782355582325_1_m.jpg","thumbnail":"https:\/\/images.epagine.fr\/325\/9782355582325_1_v.jpg"},"orderable":true,"show_badge":true,"formatted_price":"21,00&nbsp;\u20ac","formatted_published_date":"3 octobre 2025","publisher_availability_label":"Sur commande","short_details":"Florian Pig\u00e9 \u2014 Hongfei Cultures","translator":null,"weight":500,"page_count":48,"readership":"3\/6 ans","editor":"Hongfei Cultures","price":2100,"published_date":"2025-10-02T22:00:00.000000Z","support":"Grand format","publisher_availability":1,"stock":0,"editions":[],"url":"https:\/\/quaidesbrumes.com\/ouvrage\/9782355582325\/nuit-blanche"},{"id":"9782095048945","title":"Le buveur d'encre : Le buveur d'\u00e9crans","description":"Draculivre face \u00e0 son plus grand d\u00e9fi : les livres num\u00e9riques ! Une aventure moderne qui confronte notre vampire aux nouvelles technologies.\r\nDans cette nouvelle aventure, Draculivre d\u00e9couvre une myst\u00e9rieuse liseuse dans la grande biblioth\u00e8que. Mais lorsqu'il tente d'y go\u00fbter, son visage se couvre de boutons en forme de touches de clavier ! Notre vampire pr\u00e9f\u00e9r\u00e9 serait-il allergique au num\u00e9rique ?\r\nNono Carbonne, expert en informatique et amateur d'encre, pourra-t-il l'aider \u00e0 r\u00e9soudre ce myst\u00e8re moderne ?\r\nUne histoire qui aborde avec humour le d\u00e9bat entre livre papier et num\u00e9rique.\r","authors":["Eric Sanvoisin","Olivier Latyk"],"category_codes":["2000000","2040000","2040200"],"visuals":{"large":"https:\/\/images.epagine.fr\/945\/9782095048945_1_75.jpg","medium":"https:\/\/images.epagine.fr\/945\/9782095048945_1_m.jpg","thumbnail":"https:\/\/images.epagine.fr\/945\/9782095048945_1_v.jpg"},"orderable":true,"show_badge":true,"formatted_price":"6,50&nbsp;\u20ac","formatted_published_date":"3 avril 2025","publisher_availability_label":"Sur commande","short_details":"Eric Sanvoisin, Olivier Latyk \u2014 Nathan","translator":null,"weight":138,"page_count":48,"readership":"\u00e0 partir de 7 ANS","editor":"Nathan","price":650,"published_date":"2025-04-02T22:00:00.000000Z","support":"Grand format","publisher_availability":1,"stock":0,"editions":[],"url":"https:\/\/quaidesbrumes.com\/ouvrage\/9782095048945\/le-buveur-dencre-le-buveur-decrans"},{"id":"9791039536844","title":"Ma mini accumulation de bracelets \u00e0 message","description":"R\u00e9alise une magnifique petite accumulation de bracelets \u00e0 messages, \u00e0 porter ensemble ou s\u00e9par\u00e9ment !\r\nMat\u00e9riel :\r\n17 perles lettres.\r\nDu fil \u00e9lastique.\r\n4 couleurs de perle de rocaille.\r\nDes perles fleurs","authors":["Shiilia"],"category_codes":["2000000","2060000","2060200","2060204"],"visuals":{"large":"https:\/\/images.epagine.fr\/844\/9791039536844_1_75.jpg","medium":"https:\/\/images.epagine.fr\/844\/9791039536844_1_m.jpg","thumbnail":"https:\/\/images.epagine.fr\/844\/9791039536844_1_v.jpg"},"orderable":true,"show_badge":true,"formatted_price":"0,00&nbsp;\u20ac","formatted_published_date":"1er septembre 2023","publisher_availability_label":"Sur commande","short_details":"Shiilia \u2014 Auzou","translator":null,"weight":104,"page_count":24,"readership":"\u00e0 partir de 6 ANS","editor":"Auzou","price":0,"published_date":"2023-08-31T22:00:00.000000Z","support":"Objet","publisher_availability":1,"stock":0,"editions":[],"url":"https:\/\/quaidesbrumes.com\/ouvrage\/9791039536844\/ma-mini-accumulation-de-bracelets-a-message"},{"id":"9782807702493","title":"Un livre qui fait du bien !","description":"Il y a des jours o\u00f9 tout va bien, mais parfois, la vie nous r\u00e9serve des petits p\u00e9pins qui s'accumulent et peuvent semer la mauvaise humeur. Notre h\u00e9ro\u00efne, une petite fille pleine de vie et d\u00e9termin\u00e9e, fait face \u00e0 ces impr\u00e9vus qui, petit \u00e0 petit, l'emp\u00eachent de voir la vie du bon c\u00f4t\u00e9. Alors que les soucis de la journ\u00e9e l'alourdissent et que la nuit approche, elle se demande comment retrouver la l\u00e9g\u00e8ret\u00e9 et la joie de vivre. Heureusement, sa maman d\u00e9tient un secret pr\u00e9cieux : les livres ont des super pouvoirs. Et si la cl\u00e9 pour retrouver s\u00e9r\u00e9nit\u00e9 et plaisir se trouvait dans un livre qui fait du bien ?","authors":["Am\u00e9lie Javaux","Stefano Martinuz"],"category_codes":["2000000","2030000","2030300"],"visuals":{"large":"https:\/\/images.epagine.fr\/493\/9782807702493_1_75.jpg","medium":"https:\/\/images.epagine.fr\/493\/9782807702493_1_m.jpg","thumbnail":"https:\/\/images.epagine.fr\/493\/9782807702493_1_v.jpg"},"orderable":true,"show_badge":true,"formatted_price":"13,00&nbsp;\u20ac","formatted_published_date":"16 octobre 2025","publisher_availability_label":"Sur commande","short_details":"Am\u00e9lie Javaux, Stefano Martinuz \u2014 \u00c9ditions Mijade","translator":null,"weight":420,"page_count":32,"readership":"\u00e0 partir de 4 ANS","editor":"\u00c9ditions Mijade","price":1300,"published_date":"2025-10-15T22:00:00.000000Z","support":"Grand format","publisher_availability":1,"stock":0,"editions":[],"url":"https:\/\/quaidesbrumes.com\/ouvrage\/9782807702493\/un-livre-qui-fait-du-bien"},{"id":"9791027613434","title":"Mes mini-livres des chiens et des chats","description":"Deux mini livres-tissu rigolos sur les chiens et les chats, \u00e0 attacher \u00e0 la poussette et \u00e0 emporter partout\u00a0!\u00a0\r\nChiens et chats dans tous leurs \u00e9tats\u00a0!\u00a0\r\nCl\u00e9menceG illustre avec humour nos petits compagnons du quotidien\u00a0: les chiens et les chats\u00a0!\u00a0\r\nUne fabrication pens\u00e9e pour b\u00e9b\u00e9\r\nDeux mini-livres r\u00e9sistant, qui s'accrochent et se d\u00e9crochent facilement pour suivre b\u00e9b\u00e9 tout au long de sa journ\u00e9e. Le papier crissant et les couleurs pop permettent de stimuler l'\u00e9veil sensoriel des tout-petits.\u00a0","authors":["Cl\u00e9menceG."],"category_codes":["2000000","2020000","2020200"],"visuals":{"large":"https:\/\/images.epagine.fr\/434\/9791027613434_1_75.jpg","medium":"https:\/\/images.epagine.fr\/434\/9791027613434_1_m.jpg","thumbnail":"https:\/\/images.epagine.fr\/434\/9791027613434_1_v.jpg"},"orderable":true,"show_badge":true,"formatted_price":"10,90&nbsp;\u20ac","formatted_published_date":"21 janvier 2026","publisher_availability_label":"Sur commande","short_details":"Cl\u00e9menceG. \u2014 \u00c9ditions Tourbillon","translator":null,"weight":52,"page_count":12,"readership":"0\/3 ans","editor":"\u00c9ditions Tourbillon","price":1090,"published_date":"2026-01-20T23:00:00.000000Z","support":"Grand format","publisher_availability":1,"stock":0,"editions":[],"url":"https:\/\/quaidesbrumes.com\/ouvrage\/9791027613434\/mes-mini-livres-des-chiens-et-des-chats"},{"id":"9782711882304","title":"Atelier Matisse","description":"C'est avec des ciseaux de toutes tailles que Matisse coupait dans le vif de la couleur pour r\u00e9aliser ses gouaches d\u00e9coup\u00e9es. Des formes v\u00e9g\u00e9tales\r\net aquatiques, des silhouettes d'oiseaux, produites par la r\u00e9surgence de ses impressions du voyage \u00e0 Tahiti en 1930, viennent animer les murs\r\nde ses ateliers, d'abord \u00e0 Paris, boulevard du Montparnasse, puis \u00e0 Nice au R\u00e9gina. Accroch\u00e9es aux murs par des simples \u00e9pingles, ces formes gouach\u00e9es\r\net d\u00e9coup\u00e9es vibrent selon les jeux de la lumi\u00e8re et les courants d'air. Matisse s'amusait \u00e0 leur changer de place, dans un processus de cr\u00e9ation artistique\r\njubilatoire o\u00f9 l'oeuvre n'\u00e9tait jamais finie. Une relation intrigante se cr\u00e9ait en outre entre la forme, d\u00e9coup\u00e9e et lib\u00e9r\u00e9e de son support originel, et la contre-forme,\r\nle support \u00e9vid\u00e9, invitant \u00e0 aiguiser le regard et discerner le double plan de l'oeuvre.\r\nCe livre de stickers propose d'exp\u00e9rimenter ce jeu cr\u00e9atif chez soi, d'une fa\u00e7on simple et accessible \u00e0 tous les \u00e2ges. Des grands stickers, reprenant des formes\r\nmatissiennes, peuvent ainsi venir d\u00e9corer les murs de son propre lieu de l'\u00e9lection.\r\nLes contre-formes rest\u00e9es dans le livre dialoguent avec des citations de Matisse, prolongeant ainsi le plaisir de ce jeu artistique.\r","authors":["Collectif"],"category_codes":["2000000","2080000","2080200"],"visuals":{"large":"https:\/\/images.epagine.fr\/304\/9782711882304_1_75.jpg","medium":"https:\/\/images.epagine.fr\/304\/9782711882304_1_m.jpg","thumbnail":"https:\/\/images.epagine.fr\/304\/9782711882304_1_v.jpg"},"orderable":true,"show_badge":true,"formatted_price":"14,90&nbsp;\u20ac","formatted_published_date":"25 mars 2026","publisher_availability_label":"Sur commande","short_details":"Collectif \u2014 GrandPalaisRmn","translator":null,"weight":266,"page_count":14,"readership":null,"editor":"GrandPalaisRmn","price":1490,"published_date":"2026-03-24T23:00:00.000000Z","support":"Grand format","publisher_availability":1,"stock":0,"editions":[],"url":"https:\/\/quaidesbrumes.com\/ouvrage\/9782711882304\/atelier-matisse"},{"id":"9782361937461","title":"Louvre Pop up","description":"Le Louvre entre vos mains ! Visitez l'un des plus grands mus\u00e9es du monde \u00e0 travers quelques-unes de ses oeuvres essentielles merveilleusement mises en volume : un taureau ail\u00e9 du palais de Khorsabad, le cercueil de la dame Madja et un mod\u00e8le de barque fun\u00e9raire, la Victoire de Samothrace, le Sarcophage des \u00e9poux, Psych\u00e9 ranim\u00e9e par le baiser de l'Amour, La Joconde et Le Radeau de la M\u00e9duse.\r","authors":["Dominique Ehrhard","Anne-Florence Lemasson"],"category_codes":["2000000","2030000","2030500"],"visuals":{"large":"https:\/\/images.epagine.fr\/461\/9782361937461_1_75.jpg","medium":"https:\/\/images.epagine.fr\/461\/9782361937461_1_m.jpg","thumbnail":"https:\/\/images.epagine.fr\/461\/9782361937461_1_v.jpg"},"orderable":true,"show_badge":true,"formatted_price":"24,90&nbsp;\u20ac","formatted_published_date":"22 ao\u00fbt 2024","publisher_availability_label":"Sur commande","short_details":"Dominique Ehrhard, Anne-Florence Lemasson \u2014 \u00c9ditions des Grandes Personnes","translator":null,"weight":302,"page_count":34,"readership":"3\/6 ans","editor":"\u00c9ditions des Grandes Personnes","price":2490,"published_date":"2024-08-21T22:00:00.000000Z","support":"Grand format","publisher_availability":1,"stock":0,"editions":["9782361937492"],"url":"https:\/\/quaidesbrumes.com\/ouvrage\/9782361937461\/louvre-pop-up"},{"id":"9782215201922","title":"J'apprends \u00e0 dessiner : Les chevaliers et les ch\u00e2teaux-forts","description":"La m\u00e9thode Philippe Legendre est une m\u00e9thode reconnue et facile, en quatre \u00e9tapes, pour apprendre \u00e0 dessiner comme les grands !\r\nLe vocabulaire de formes permet \u00e0 l'enfant de r\u00e9ussir tous ses dessins.\r\nCe livre pr\u00e9sente 9 mod\u00e8les embl\u00e9matiques du Moyen \u00c2ge : ch\u00e2teau fort, chevalier, dame, fou, garde, maison m\u00e9di\u00e9vale, roi, seigneur et sonneur.\r","authors":["Philippe Legendre","Cl\u00e9mentine Guivarc'h"],"category_codes":["2000000","2060000","2060300","2060303"],"visuals":{"large":"https:\/\/images.epagine.fr\/922\/9782215201922_1_75.jpg","medium":"https:\/\/images.epagine.fr\/922\/9782215201922_1_m.jpg","thumbnail":"https:\/\/images.epagine.fr\/922\/9782215201922_1_v.jpg"},"orderable":true,"show_badge":true,"formatted_price":"6,99&nbsp;\u20ac","formatted_published_date":"9 janvier 2026","publisher_availability_label":"Sur commande","short_details":"Philippe Legendre, Cl\u00e9mentine Guivarc'h \u2014 Fleurus","translator":null,"weight":262,"page_count":32,"readership":null,"editor":"Fleurus","price":699,"published_date":"2026-01-08T23:00:00.000000Z","support":"Grand format","publisher_availability":1,"stock":0,"editions":[],"url":"https:\/\/quaidesbrumes.com\/ouvrage\/9782215201922\/japprends-a-dessiner-les-chevaliers-et-les-chateaux-forts"},{"id":"9782728938292","title":"La grosse dispute","description":"Souris et Ours se disputent pour manger la m\u00eame jolie framboise. Ils cherchent \u00e0 trouver une solution, mais chacun se r\u00e9clame \u00eatre le plus m\u00e9ritant, comment faire ?\r","authors":["Karine-Marie Amiot","Julie Mellan"],"category_codes":["2000000","2030000","2030400"],"visuals":{"large":"https:\/\/images.epagine.fr\/292\/9782728938292_1_75.jpg","medium":"https:\/\/images.epagine.fr\/292\/9782728938292_1_m.jpg","thumbnail":"https:\/\/images.epagine.fr\/292\/9782728938292_1_v.jpg"},"orderable":true,"show_badge":true,"formatted_price":"5,95&nbsp;\u20ac","formatted_published_date":"10 avril 2026","publisher_availability_label":"Sur commande","short_details":"Karine-Marie Amiot, Julie Mellan \u2014 Mame","translator":null,"weight":84,"page_count":24,"readership":"3\/6 ans","editor":"Mame","price":595,"published_date":"2026-04-09T22:00:00.000000Z","support":"Grand format","publisher_availability":1,"stock":0,"editions":[],"url":"https:\/\/quaidesbrumes.com\/ouvrage\/9782728938292\/la-grosse-dispute"},{"id":"9782226438317","title":"C\u00e9lestine, petit rat de l'Op\u00e9ra Tome 7 : la sir\u00e8ne de l'Op\u00e9ra","description":"Apr\u00e8s s'y \u00eatre entra\u00een\u00e9e presque chaque jour pendant des mois, C\u00e9lestine commence \u00e0 bien conna\u00eetre les coins et recoins de l'Op\u00e9ra. L'escalier majestueux, les salles de cours sous les toits, le grand foyer... elle se sent chez elle dans ces lieux, qu'elle a d\u00e9j\u00e0 parcourus cent fois. Aussi, lorsque Perrine, la bonne des Montfort, se volatilise devant l'imposante fa\u00e7ade, C\u00e9lestine a du mal \u00e0 en croire ses yeux. Quels secrets lui r\u00e9serve encore le somptueux b\u00e2timent ? Existe-t-il un endroit cach\u00e9 dont elle ignore l'existence ? Et y a-t-il un lien entre ce myst\u00e8re et la curieuse fatigue dont a l'air de souffrir Perrine ? C\u00e9lestine d\u00e9cide de mener l'enqu\u00eate, ce qui la conduit jusqu'aux rives de la Seine...\u00c0 partir de 8 ans","authors":["Gwena\u00eble Barussaud","Myrtille Tournefeuille"],"category_codes":["2000000","2040000","2040300"],"visuals":{"large":"https:\/\/images.epagine.fr\/317\/9782226438317_1_75.jpg","medium":"https:\/\/images.epagine.fr\/317\/9782226438317_1_m.jpg","thumbnail":"https:\/\/images.epagine.fr\/317\/9782226438317_1_v.jpg"},"orderable":true,"show_badge":true,"formatted_price":"7,90&nbsp;\u20ac","formatted_published_date":"4 septembre 2019","publisher_availability_label":"Sur commande","short_details":"Gwena\u00eble Barussaud, Myrtille Tournefeuille \u2014 Albin Michel","translator":null,"weight":244,"page_count":144,"readership":"\u00e0 partir de 8 ANS","editor":"Albin Michel","price":790,"published_date":"2019-09-03T22:00:00.000000Z","support":"Grand format","publisher_availability":1,"stock":0,"editions":[],"url":"https:\/\/quaidesbrumes.com\/ouvrage\/9782226438317\/celestine-petit-rat-de-lopera-tome-7-la-sirene-de-lopera"},{"id":"9782075162180","title":"\u00c0 la campagne : des sons \u00e0 \u00e9couter, des images \u00e0 regarder","description":"Pour les petits doigts, une puce \u00e9lectronique restitue les vrais sons des cris des animaux de la campagne. Pour les yeux, les illustrations tendres et champ\u00eatres de Marion Billet. - La poule - L'\u00e2ne - Le dindon - La ch\u00e8vre - L'oie Et pour la premi\u00e8re fois, un jeu de cherche et trouve sonore avec une puce sonore al\u00e9atoire ! L'enfant appuie sur la puce et montre ce qu'il entend. Il appuie \u00e0 nouveau et cherche \u00e0 quoi cela correspond, et ce, autant de fois qu'il le souhaite !","authors":["Marion Billet"],"category_codes":["2000000","2020000","2020600"],"visuals":{"large":"https:\/\/images.epagine.fr\/180\/9782075162180_1_75.jpg","medium":"https:\/\/images.epagine.fr\/180\/9782075162180_1_m.jpg","thumbnail":"https:\/\/images.epagine.fr\/180\/9782075162180_1_v.jpg"},"orderable":true,"show_badge":true,"formatted_price":"10,00&nbsp;\u20ac","formatted_published_date":"12 mai 2022","publisher_availability_label":"Sur commande","short_details":"Marion Billet \u2014 Gallimard Jeunesse","translator":null,"weight":232,"page_count":12,"readership":"\u00e0 partir de 1 AN","editor":"Gallimard Jeunesse","price":1000,"published_date":"2022-05-11T22:00:00.000000Z","support":"Grand format","publisher_availability":1,"stock":0,"editions":[],"url":"https:\/\/quaidesbrumes.com\/ouvrage\/9782075162180\/a-la-campagne-des-sons-a-ecouter-des-images-a-regarder"},{"id":"9782354137755","title":"Bonne nuit ! Fais de beaux r\u00eaves !","description":"Un livre interactif pour se pr\u00e9parer \u00e0 aller au lit !\r\n\r\nOn se brosse les dents, on fait pipi, et on va au lit... et les peluches, o\u00f9 sont-elles ? \r\n\r\nDeux fr\u00e8res se pr\u00e9parent \u00e0 se coucher. L'enfant suit toutes les \u00e9tapes une \u00e0 une et gr\u00e2ce aux tirettes et aux rabats sur chaque double page, il est aussi acteur de la lecture. \r\n\r\n","authors":["Jo\u00eblle Tourlonias"],"category_codes":["2000000","2020000","2020300"],"visuals":{"large":"https:\/\/images.epagine.fr\/755\/9782354137755_1_75.jpg","medium":"https:\/\/images.epagine.fr\/755\/9782354137755_1_m.jpg","thumbnail":"https:\/\/images.epagine.fr\/755\/9782354137755_1_v.jpg"},"orderable":true,"show_badge":true,"formatted_price":"14,00&nbsp;\u20ac","formatted_published_date":"15 janvier 2026","publisher_availability_label":"Sur commande","short_details":"Jo\u00eblle Tourlonias \u2014 Minedition","translator":null,"weight":338,"page_count":14,"readership":"0\/3 ans","editor":"Minedition","price":1400,"published_date":"2026-01-14T23:00:00.000000Z","support":"Grand format","publisher_availability":1,"stock":0,"editions":[],"url":"https:\/\/quaidesbrumes.com\/ouvrage\/9782354137755\/bonne-nuit-fais-de-beaux-reves"},{"id":"9782075173926","title":"H\u00f4tel Castellana","description":"Madrid, \u00e9t\u00e9 1957. Daniel Matheson, 18 ans, d\u00e9couvre l'Espagne \u00e0 travers l'objectif de son appareil-photos. Il loge au quartier g\u00e9n\u00e9ral de la haute soci\u00e9t\u00e9 am\u00e9ricaine : l'h\u00f4tel Castellana, o\u00f9 travaille la myst\u00e9rieuse Ana Torres Moreno. \u00c0 mesure qu'ils se rapprochent, Ana lui r\u00e9v\u00e8le un pays o\u00f9 la dictature fait r\u00e9gner l'oppression et la peur, hant\u00e9 par de terribles secrets... \u00abAfin de m\u00ealer diff\u00e9rentes interpr\u00e9tations de la p\u00e9riode franquiste, j'ai choisi de raconter cette histoire \u00e0 travers plusieurs personnages pour aborder les questions de libert\u00e9, d'identitit\u00e9 comme les r\u00eavent secrets qui nous habitent. Et en m\u00eame temps, \u00e0 leur insu, le destin tire les fils qui vont tous les r\u00e9unir.\u00bb Ruta Spetys","authors":["Ruta Sepetys","Faustina Fiore"],"category_codes":["2000000","2050000","2050200"],"visuals":{"large":"https:\/\/images.epagine.fr\/926\/9782075173926_1_75.jpg","medium":"https:\/\/images.epagine.fr\/926\/9782075173926_1_m.jpg","thumbnail":"https:\/\/images.epagine.fr\/926\/9782075173926_1_v.jpg"},"orderable":true,"show_badge":true,"formatted_price":"9,40&nbsp;\u20ac","formatted_published_date":"11 ao\u00fbt 2022","publisher_availability_label":"Sur commande","short_details":"Ruta Sepetys, Faustina Fiore \u2014 Gallimard Jeunesse","translator":"FAUSTINA FIORE","weight":306,"page_count":640,"readership":"\u00e0 partir de 13 ANS","editor":"Gallimard Jeunesse","price":940,"published_date":"2022-08-10T22:00:00.000000Z","support":"Poche","publisher_availability":1,"stock":0,"editions":["9782072977275","9782075134736"],"url":"https:\/\/quaidesbrumes.com\/ouvrage\/9782075173926\/hotel-castellana"},{"id":"9782081513907","title":"Le coll\u00e8ge mal\u00e9fique Tome 1 : le marche-r\u00eaves","description":"Pendant treize ans, Emma Dreamaker avait r\u00e9ussi \u00e0 cacher ses pouvoirs, \u00e9chappant ainsi \u00e0 la vigilance du Minist\u00e8re. Jusqu'au jour o\u00f9 elle re\u00e7oit sa lettre d'admission pour l'\u00c9cole des Enfants Sp\u00e9ciaux. La jeune fille n'a pas le choix, elle doit entrer dans ce coll\u00e8ge \u00e9trange qui dissimule de terrifiants secrets. Peu \u00e0 peu, Emma plonge dans un monde sombre et inconnu, peupl\u00e9 de monstres et de d\u00e9mons. Un monde qu'elle va devoir affronter si elle veut survivre.","authors":["Cassandra O'Donnell"],"category_codes":["2000000","2040000","2040500","2040503"],"visuals":{"large":"https:\/\/images.epagine.fr\/907\/9782081513907_1_75.jpg","medium":"https:\/\/images.epagine.fr\/907\/9782081513907_1_m.jpg","thumbnail":"https:\/\/images.epagine.fr\/907\/9782081513907_1_v.jpg"},"orderable":true,"show_badge":true,"formatted_price":"12,90&nbsp;\u20ac","formatted_published_date":"24 juin 2020","publisher_availability_label":"Sur commande","short_details":"Cassandra O'Donnell \u2014 Flammarion jeunesse","translator":null,"weight":316,"page_count":320,"readership":"\u00e0 partir de 10 ANS","editor":"Flammarion jeunesse","price":1290,"published_date":"2020-06-23T22:00:00.000000Z","support":"Grand format","publisher_availability":1,"stock":0,"editions":[],"url":"https:\/\/quaidesbrumes.com\/ouvrage\/9782081513907\/le-college-malefique-tome-1-le-marche-reves"},{"id":"9782809715767","title":"L'\u00e9cole des chats Tome 1 : le secret de la grotte de Cristal, le cadeau magique, la proph\u00e9tie se r\u00e9alise","description":"Dr\u00f4le d'\u00e9cole que cette Ecole des Chats, o\u00f9 il est tr\u00e8s recommand\u00e9 de jouer pendant les cours, et o\u00f9 l'on \u00e9tudie l'histoire des chats et la magie !\r\nNouvel \u00e9l\u00e8ve de la classe de Cristal, Brin-d'Osier ne tarde pas \u00e0 devenir tr\u00e8s ami avec Mandragore, un grand matou fier de ses muscles, et Mot-d'Amour, une ravissante et espi\u00e8gle chatte. Ensemble, ils vont apprendre \u00e0 lutter contre les forces des t\u00e9n\u00e8bres pour faire rena\u00eetre l'Age d'or o\u00f9 les hommes et les animaux vivaient en harmonie.","authors":["Jae-hong Kim","Jin-kyeong Kim","Lim Yeong-hee"],"category_codes":["2000000","2040000","2040500"],"visuals":{"large":"https:\/\/images.epagine.fr\/767\/9782809715767_1_75.jpg","medium":"https:\/\/images.epagine.fr\/767\/9782809715767_1_m.jpg","thumbnail":"https:\/\/images.epagine.fr\/767\/9782809715767_1_v.jpg"},"orderable":true,"show_badge":true,"formatted_price":"16,90&nbsp;\u20ac","formatted_published_date":"20 janvier 2022","publisher_availability_label":"Sur commande","short_details":"Jae-hong Kim, Jin-kyeong Kim, Lim Yeong-hee \u2014 \u00c9ditions Picquier","translator":"YEONG-HEE LIM","weight":606,"page_count":496,"readership":"3\/6 ans","editor":"\u00c9ditions Picquier","price":1690,"published_date":"2022-01-19T23:00:00.000000Z","support":"Grand format","publisher_availability":1,"stock":0,"editions":[],"url":"https:\/\/quaidesbrumes.com\/ouvrage\/9782809715767\/lecole-des-chats-tome-1-le-secret-de-la-grotte-de-cristal-le-cadeau-magique-la-prophetie-se-realise"},{"id":"9782226453235","title":"Elisabeth, princesse \u00e0 Versailles Tome 19 : la chouette d'Ath\u00e9na","description":"C'est le d\u00e9luge ! Quel d\u00e9pit ! Profitant d'une \u00e9claircie, \u00c9lisabeth et ses amis se prom\u00e8nent... et font une rencontre inattendue. Un pauvre homme s'est fait agresser, et la d\u00e9coration qui ornait son chapeau a disparu ! Selon la victime, l'objet n'avait pourtant gu\u00e8re plus qu'une valeur sentimentale... Qu'est-ce qui a donc bien pu motiver pareil crime ? La princesse n'a pas peur de se mouiller et d'affronter le pr\u00e9v\u00f4t pour r\u00e9tablir justice ! \u00c0 partir de 8 ans","authors":["Annie Jay","Ariane Delrieu"],"category_codes":["2000000","2040000","2040500","2040507"],"visuals":{"large":"https:\/\/images.epagine.fr\/235\/9782226453235_1_75.jpg","medium":"https:\/\/images.epagine.fr\/235\/9782226453235_1_m.jpg","thumbnail":"https:\/\/images.epagine.fr\/235\/9782226453235_1_v.jpg"},"orderable":true,"show_badge":true,"formatted_price":"7,90&nbsp;\u20ac","formatted_published_date":"31 mars 2021","publisher_availability_label":"Sur commande","short_details":"Annie Jay, Ariane Delrieu \u2014 Albin Michel","translator":null,"weight":250,"page_count":144,"readership":"\u00e0 partir de 8 ANS","editor":"Albin Michel","price":790,"published_date":"2021-03-30T22:00:00.000000Z","support":"Grand format","publisher_availability":1,"stock":0,"editions":[],"url":"https:\/\/quaidesbrumes.com\/ouvrage\/9782226453235\/elisabeth-princesse-a-versailles-tome-19-la-chouette-dathena"},{"id":"9782080469724","title":"L'Imagier du P\u00e8re Castor : Les saisons","description":"L'Imagier du P\u00e8re Castor est une collection de r\u00e9f\u00e9rence pour accompagner les tout-petits dans leurs premiers apprentissages. Elle les invite \u00e0 regarder les images, reconna\u00eetre les mots et enrichir leur vocabulaire. D\u00e8s 12 mois, les enfants prendront plaisir \u00e0 observer 70 photos sur les saisons et ainsi d\u00e9couvrir le monde pour mieux grandir.","authors":["A. Telier"],"category_codes":["2000000","2020000","2020300"],"visuals":{"large":"https:\/\/images.epagine.fr\/724\/9782080469724_1_75.jpg","medium":"https:\/\/images.epagine.fr\/724\/9782080469724_1_m.jpg","thumbnail":"https:\/\/images.epagine.fr\/724\/9782080469724_1_v.jpg"},"orderable":true,"show_badge":true,"formatted_price":"13,50&nbsp;\u20ac","formatted_published_date":"22 janvier 2025","publisher_availability_label":"Sur commande","short_details":"A. Telier \u2014 P\u00e8re Castor","translator":null,"weight":342,"page_count":42,"readership":"0\/3 ans","editor":"P\u00e8re Castor","price":1350,"published_date":"2025-01-21T23:00:00.000000Z","support":"Grand format","publisher_availability":1,"stock":0,"editions":[],"url":"https:\/\/quaidesbrumes.com\/ouvrage\/9782080469724\/limagier-du-pere-castor-les-saisons"},{"id":"9782324037559","title":"Ma premi\u00e8re playlist des petits pirates","description":"\u00c9coute les chansons pr\u00e9f\u00e9r\u00e9es des petits pirates !\r\nAvec ses puces sonores musicales, ce recueil est unique. Sur chaque page, l'enfant recherche dans l'illustration le petit bouton qui d\u00e9clenchera la musique.\r\n\r\nQuelles chansons sont sur la playlist des petits pirates ? Dans le monde des pirates en herbe, on \u00e9coute : \" Le pirate bang bang \" ; \" Il \u00e9tait un petit navire \" ; \" A ram sam sam \" ; \" Le petit matelot \" ; \" \u00c0 l'abordage \" ; \" Maman les p'tits bateaux \" et ils s'endorment en \u00e9coutant la \" Berceuse des Grandes Antilles \".\r\n\r\nAu fil des 7 puces sonores et des douces illustrations de Kabuki, on accompagne la joyeuse balade musicale de ces apprentis pirates !\r\n\r\nNouveau : 7 puces sonores et 2 piles AAA + volume r\u00e9glable","authors":["Kabuki"],"category_codes":["2000000","2020000","2020600"],"visuals":{"large":"https:\/\/images.epagine.fr\/559\/9782324037559_1_75.jpg","medium":"https:\/\/images.epagine.fr\/559\/9782324037559_1_m.jpg","thumbnail":"https:\/\/images.epagine.fr\/559\/9782324037559_1_v.jpg"},"orderable":true,"show_badge":true,"formatted_price":"12,00&nbsp;\u20ac","formatted_published_date":"28 ao\u00fbt 2025","publisher_availability_label":"Sur commande","short_details":"Kabuki \u2014 Gr\u00fcnd","translator":null,"weight":253,"page_count":7,"readership":"0\/3 ans","editor":"Gr\u00fcnd","price":1200,"published_date":"2025-08-27T22:00:00.000000Z","support":"Grand format","publisher_availability":1,"stock":0,"editions":[],"url":"https:\/\/quaidesbrumes.com\/ouvrage\/9782324037559\/ma-premiere-playlist-des-petits-pirates"},{"id":"9782889085071","title":"Quatre saisons et une nuit d'\u00e9t\u00e9","description":"Le Livre de l'hiver, le Livre du printemps, Le Livre de l'\u00e9t\u00e9, Le Livre de l'automne... ET le livre de la nuit de RS Berner, best-sellers de la litt\u00e9rature jeunesse, enfin r\u00e9unis en un seul volume !\r\n\r\nFoisonnants de d\u00e9tails \u00e0 d\u00e9couvrir et d'histoires \u00e0 inventer, ces livres invitent les enfants \u00e0 observer les trans\u00adformations dues aux changements de saison et au passage du temps. Les personnages \u00e9voluent au fil des ouvrages, les b\u00e2timents se construisent, les d\u00e9cors changent et les couleurs aussi. De l'hiver \u00e0 l'automne, de jour et de nuit, une promenade \u00e0 votre rythme dans l'univers de RS Berner !","authors":["Rotraut Susanne Berner"],"category_codes":["2000000","2030000","2030400"],"visuals":{"large":"https:\/\/images.epagine.fr\/071\/9782889085071_1_75.jpg","medium":"https:\/\/images.epagine.fr\/071\/9782889085071_1_m.jpg","thumbnail":"https:\/\/images.epagine.fr\/071\/9782889085071_1_v.jpg"},"orderable":true,"show_badge":true,"formatted_price":"32,90&nbsp;\u20ac","formatted_published_date":"19 mars 2020","publisher_availability_label":"Sur commande","short_details":"Rotraut Susanne Berner \u2014 La Joie de lire","translator":null,"weight":1414,"page_count":82,"readership":"0\/3 ans","editor":"La Joie de lire","price":3290,"published_date":"2020-03-18T23:00:00.000000Z","support":"Grand format","publisher_availability":1,"stock":0,"editions":[],"url":"https:\/\/quaidesbrumes.com\/ouvrage\/9782889085071\/quatre-saisons-et-une-nuit-dete"},{"id":"9782211344203","title":"Le Renard et le lutin","description":"Comme cette nuit est claire ! La neige est si blanche et les\u00a0\u00e9toiles si chatoyantes. Goupil, un renard affam\u00e9 r\u00f4de autour\u00a0de la ferme. Les enfants jouent dans le salon. Ils ignorent tout\u00a0du renard et du lutin qui veille dehors. Tout ce qu'ils savent,\u00a0c'est que No\u00ebl c'est chouette, et qu'il faut en profiter le plus\u00a0possible avant d'aller au lit.\u00a0","authors":["Eva Eriksson","Alain Gnaedig","Astrid Lindgren"],"category_codes":["2000000","2030000","2030300"],"visuals":{"large":"https:\/\/images.epagine.fr\/203\/9782211344203_1_75.jpg","medium":"https:\/\/images.epagine.fr\/203\/9782211344203_1_m.jpg","thumbnail":"https:\/\/images.epagine.fr\/203\/9782211344203_1_v.jpg"},"orderable":true,"show_badge":true,"formatted_price":"7,50&nbsp;\u20ac","formatted_published_date":"15 octobre 2025","publisher_availability_label":"Sur commande","short_details":"Eva Eriksson, Alain Gnaedig, Astrid Lindgren \u2014 L'\u00c9cole des loisirs","translator":"ALAIN GNAEDIG","weight":122,"page_count":36,"readership":"\u00e0 partir de 3 ANS","editor":"L'\u00c9cole des loisirs","price":750,"published_date":"2025-10-14T22:00:00.000000Z","support":"Grand format","publisher_availability":1,"stock":0,"editions":[],"url":"https:\/\/quaidesbrumes.com\/ouvrage\/9782211344203\/le-renard-et-le-lutin"},{"id":"9782095042899","title":"Ferme","description":"D\u00e9couvrez un imagier innovant o\u00f9 les animaux de la ferme passent du noir et blanc aux couleurs comme par magie, pour \u00e9merveiller les tout-petits d\u00e8s 6 mois.\r\nCe livre propose une exp\u00e9rience visuelle fascinante pour les b\u00e9b\u00e9s gr\u00e2ce \u00e0 son concept original de transformation du noir et blanc \u00e0 la couleur. Au fil des pages, votre tout-petit d\u00e9couvrira les habitants de la ferme : le coq qui r\u00e8gne sur la basse-cour, la brebis entour\u00e9e de son troupeau, le cochon qui s'amuse avec ses petits et le majestueux cheval dans son pr\u00e9. Les illustrations en noir et blanc, particuli\u00e8rement adapt\u00e9es \u00e0 la vision des b\u00e9b\u00e9s, s'animent et se colorent gr\u00e2ce aux animations int\u00e9gr\u00e9es.\r\n\r\nCe th\u00e8me intemporel de la ferme, trait\u00e9 de mani\u00e8re originale, fait de ce livre un indispensable pour l'\u00e9veil des tout-petits.","authors":["Amandine Laprun"],"category_codes":["2000000","2020000","2020300"],"visuals":{"large":"https:\/\/images.epagine.fr\/899\/9782095042899_1_75.jpg","medium":"https:\/\/images.epagine.fr\/899\/9782095042899_1_m.jpg","thumbnail":"https:\/\/images.epagine.fr\/899\/9782095042899_1_v.jpg"},"orderable":true,"show_badge":true,"formatted_price":"8,90&nbsp;\u20ac","formatted_published_date":"10 avril 2025","publisher_availability_label":"Sur commande","short_details":"Amandine Laprun \u2014 Nathan","translator":null,"weight":318,"page_count":10,"readership":"0\/3 ans","editor":"Nathan","price":890,"published_date":"2025-04-09T22:00:00.000000Z","support":"Grand format","publisher_availability":1,"stock":0,"editions":[],"url":"https:\/\/quaidesbrumes.com\/ouvrage\/9782095042899\/ferme"},{"id":"9782278131051","title":"Une histoire de princesse","description":"Il \u00e9tait une fois (comme \u00e0 chaque fois) une pauvre petite orpheline. Bien s\u00fbr, elle \u00e9tait tr\u00e8s belle et bien s\u00fbr, elle avait \u00e9t\u00e9 adopt\u00e9e par une famille tr\u00e8s m\u00e9chante et... \u00ab NON NON NON ! C'est mon histoire et moi je veux une histoire de princesse. Avec un grand ch\u00e2teau, une belle robe... Pas question de rester ici, viens ici mon cochon, partons ! \u00bb\r\nBon d'accord, reprenons. Il \u00e9tait une fois une pauvre petite orpheline qui partait \u00e0 l'aventure avec son cochon. Toute la journ\u00e9e, elle chemina \u00e0 travers bois quand le loup surgit. La pauvre petite \u00e9tait terroris\u00e9e...\r\nEt si enfin, les h\u00e9ros avaient le droit de commenter leur histoire ?","authors":["St\u00e9phane Servant","Pauline Duhamel"],"category_codes":["2000000","2030000","2030400"],"visuals":{"large":"https:\/\/images.epagine.fr\/051\/9782278131051_1_75.jpg","medium":"https:\/\/images.epagine.fr\/051\/9782278131051_1_m.jpg","thumbnail":"https:\/\/images.epagine.fr\/051\/9782278131051_1_v.jpg"},"orderable":true,"show_badge":true,"formatted_price":"13,90&nbsp;\u20ac","formatted_published_date":"15 octobre 2025","publisher_availability_label":"Sur commande","short_details":"St\u00e9phane Servant, Pauline Duhamel \u2014 Didier jeunesse","translator":null,"weight":395,"page_count":36,"readership":"\u00e0 partir de 5 ANS","editor":"Didier jeunesse","price":1390,"published_date":"2025-10-14T22:00:00.000000Z","support":"Grand format","publisher_availability":1,"stock":0,"editions":[],"url":"https:\/\/quaidesbrumes.com\/ouvrage\/9782278131051\/une-histoire-de-princesse"},{"id":"9782075209489","title":"Une encyclop\u00e9die \u00e9tonnante : Notre monde en chiffres ; Pour s'informer, r\u00e9fl\u00e9chir et s'amuser","description":"Pour d\u00e9couvrir et conna\u00eetre le monde d'une mani\u00e8re ludique et amusante, Notre monde en chiffres propose plus de 80 th\u00e8mes trait\u00e9s tout en images - photos \u00e9tonnantes et graphiques amusants - et en chiffres et class\u00e9s en 6 chapitres : espace, Terre, nature, peuples et cultures, histoire, science et technologie. Ce livre rempli de donn\u00e9es rend accessible tous les domaines classiques de la connaissance, de l'espace au sport et des animaux \u00e0 l'art. Combien de temps faut-il pour enfiler une combinaison spatiale ? Combien d'esp\u00e8ces animaes un ch\u00eane peut-il abriter ? Combien de blocs de pierre composent la Grande Pyramide ? ","authors":["Clive Gifford"],"category_codes":["2000000","2070000","2070200"],"visuals":{"large":"https:\/\/images.epagine.fr\/489\/9782075209489_1_75.jpg","medium":"https:\/\/images.epagine.fr\/489\/9782075209489_1_m.jpg","thumbnail":"https:\/\/images.epagine.fr\/489\/9782075209489_1_v.jpg"},"orderable":true,"show_badge":true,"formatted_price":"19,95&nbsp;\u20ac","formatted_published_date":"3 octobre 2024","publisher_availability_label":"Sur commande","short_details":"Clive Gifford \u2014 Gallimard Jeunesse","translator":null,"weight":1028,"page_count":192,"readership":"\u00e0 partir de 8 ANS","editor":"Gallimard Jeunesse","price":1995,"published_date":"2024-10-02T22:00:00.000000Z","support":"Grand format","publisher_availability":1,"stock":0,"editions":[],"url":"https:\/\/quaidesbrumes.com\/ouvrage\/9782075209489\/une-encyclopedie-etonnante-notre-monde-en-chiffres-pour-sinformer-reflechir-et-samuser"}]}