{"data":[{"id":"9782408058548","title":"Mes p'tits docs : La pluie","description":"C'est quoi, un nuage ? Pourquoi pleut-il ? Quelles sont les diff\u00e9rentes sortes de pluie ? C'est quoi, un climat tropical humide ?... Un \u00ab Mes p'tits docs \u00bb pour r\u00e9pondre \u00e0 la curiosit\u00e9 des enfants et les aider, d\u00e8s le plus jeune \u00e2ge, \u00e0 comprendre ce ph\u00e9nom\u00e8ne naturel qu'est la pluie. \u00ab Mes p'tits docs \u00bb, la collection de documentaires qui se racontent comme des histoires et accompagnent les enfants dans leur d\u00e9couverte du monde. Pour tout savoir sur la pluie Autrefois, on ne comprenait pas pourquoi la pluie tombait. Aujourd'hui, plus de myst\u00e8re : on sait que la pluie fait partie du cycle de l'eau. Un ouvrage pour apprendre comment na\u00eet la pluie. Pourquoi certains nuages donneront de la pluie et d'autres pas. Quels sont les diff\u00e9rents noms de ces nuages ? C'est quoi, la bruine, le p\u00e9trichor, un pluviom\u00e8tre, un arc-en-ciel... ? Quels animaux appr\u00e9cient la pluie, lesquels la d\u00e9testent ? En quoi la pluie est-elle indispensable \u00e0 la vie ? En quoi peut-elle \u00eatre dangereuse aussi, surtout aujourd'hui o\u00f9 l'\u00e9quilibre de notre plan\u00e8te se d\u00e9r\u00e8gle ? Pour d\u00e9couvrir aussi ceux qui font les pr\u00e9visions m\u00e9t\u00e9o Un livre qui parle \u00e9galement des m\u00e9t\u00e9orologues et des pr\u00e9sentateurs m\u00e9t\u00e9o, ces sp\u00e9cialistes du temps qu'il va faire. Pour comprendre de quoi ils parlent et comment ils travaillent. Et d\u00e9couvrir, par exemple, quels outils les aident \u00e0 analyser les mesures faites au sol ou dans l'atmosph\u00e8re : satellites m\u00e9t\u00e9o qui observent la Terre \u00e0 36 000 kilom\u00e8tres d'altitude, ballons-sondes lanc\u00e9s chaque jour pour \u00e9tudier la formation des nuages, capteurs embarqu\u00e9s sur les avions qui recueillent des mesures pendant les vols...","authors":["St\u00e9phanie Ledu","Benjamin Strickler"],"category_codes":["2000000","2070000","2070300"],"visuals":{"large":"https:\/\/images.epagine.fr\/548\/9782408058548_1_75.jpg","medium":"https:\/\/images.epagine.fr\/548\/9782408058548_1_m.jpg","thumbnail":"https:\/\/images.epagine.fr\/548\/9782408058548_1_v.jpg"},"orderable":true,"show_badge":true,"formatted_price":"7,90&nbsp;\u20ac","formatted_published_date":"3 septembre 2025","publisher_availability_label":"Sur commande","short_details":"St\u00e9phanie Ledu, Benjamin Strickler \u2014 Milan","translator":null,"weight":254,"page_count":32,"readership":"\u00e0 partir de 4 ANS","editor":"Milan","price":790,"published_date":"2025-09-02T22:00:00.000000Z","support":"Grand format","publisher_availability":1,"stock":0,"editions":[],"url":"https:\/\/quaidesbrumes.com\/ouvrage\/9782408058548\/mes-ptits-docs-la-pluie"},{"id":"9791036358760","title":"Petit Ours Brun va chez la docteure","description":"D\u00e9dramatiser les rendez-vous m\u00e9dicaux avec Petit Ours Brun\r\nPetit Ours Brun a un peu mal \u00e0 la gorge, Papa Ours l'accompagne chez la docteure. On suit toutes les \u00e9tapes d'une consultation m\u00e9dicale : on se d\u00e9shabille, on monte sur la table d'auscultation, la docteure mesure la taille...\u00a0\r\nUne histoire didactique et rassurante pour d\u00e9dramatiser la visite chez le m\u00e9decin, \u00e0 hauteur de tout-petit.\r\nUn livre anim\u00e9 pour comprendre et jouer\r\n\u00c0 chaque page, les enfants actionnent une animation solide et facile \u00e0 manipuler : Petit Ours Brun qui ouvre la bouche, la docteure qui le mesure, la pipette de sirop \u00e0 actionner... Les gestes du quotidien deviennent un jeu, tout en stimulant la motricit\u00e9 fine et la curiosit\u00e9. Une mani\u00e8re ludique de pr\u00e9parer les premiers rendez-vous m\u00e9dicaux.\r\nUne collection bien install\u00e9e et accessible\r\nAvec 11 titres parus, la collection \u00ab\u00a0Mon premier livre anim\u00e9 Petit Ours Brun\u00a0\u00bb accompagne les enfants dans leur quotidien.\u00a0\r\nCon\u00e7us pour les tout-petits, les m\u00e9canismes sont ind\u00e9chirables et adapt\u00e9s aux petites mains, pour une lecture en autonomie.\r\nUn beau livre solide \u00e0 petit prix","authors":["Dani\u00e8le Bour"],"category_codes":["2000000","2020000","2020500"],"visuals":{"large":"https:\/\/images.epagine.fr\/760\/9791036358760_1_75.jpg","medium":"https:\/\/images.epagine.fr\/760\/9791036358760_1_m.jpg","thumbnail":"https:\/\/images.epagine.fr\/760\/9791036358760_1_v.jpg"},"orderable":true,"show_badge":true,"formatted_price":"8,50&nbsp;\u20ac","formatted_published_date":"21 janvier 2026","publisher_availability_label":"Sur commande","short_details":"Dani\u00e8le Bour \u2014 Bayard Jeunesse","translator":null,"weight":327,"page_count":10,"readership":"\u00e0 partir de 1 AN","editor":"Bayard Jeunesse","price":850,"published_date":"2026-01-20T23:00:00.000000Z","support":"Grand format","publisher_availability":1,"stock":0,"editions":[],"url":"https:\/\/quaidesbrumes.com\/ouvrage\/9791036358760\/petit-ours-brun-va-chez-la-docteure"},{"id":"9782017167303","title":"Mini-Loup pompier","description":"Aujourd'hui, c'est mercredi et il fait beau ! Mini-Loup emm\u00e8ne Louna au terrain de foot. Seulement voil\u00e0 : en chemin, ils rencontrent M. Jean, le pompier, arr\u00eat\u00e9 sur le bord de la route avec son camion. Un de ses pneus est compl\u00e8tement \u00e0 plat ! Mini-Loup et sa copine aident M. Jean \u00e0 changer la roue lorsque, tout \u00e0 coup, une colonne de fum\u00e9e monte \u00e0 l'horizon.\r\nVite ! Il faut aller \u00e9teindre l'incendie ! PIN PON PIN PON PIN PON !","authors":["Philippe Matter"],"category_codes":["2000000","2030000","2030400"],"visuals":{"large":"https:\/\/images.epagine.fr\/303\/9782017167303_1_75.jpg","medium":"https:\/\/images.epagine.fr\/303\/9782017167303_1_m.jpg","thumbnail":"https:\/\/images.epagine.fr\/303\/9782017167303_1_v.jpg"},"orderable":true,"show_badge":true,"formatted_price":"6,95&nbsp;\u20ac","formatted_published_date":"28 juin 2023","publisher_availability_label":"Sur commande","short_details":"Philippe Matter \u2014 Hachette Enfants","translator":null,"weight":256,"page_count":24,"readership":"\u00e0 partir de 3 ANS","editor":"Hachette Enfants","price":695,"published_date":"2023-06-27T22:00:00.000000Z","support":"Grand format","publisher_availability":1,"stock":0,"editions":["9782017167396"],"url":"https:\/\/quaidesbrumes.com\/ouvrage\/9782017167303\/mini-loup-pompier"},{"id":"9782017195900","title":"La passeuse de mots Tome 4 : Les larmes du Saule","description":"Tandis que la r\u00e9sistance s'arme sous la banni\u00e8re de la Passeuse de Mots, une pression grandissante p\u00e8se sur les \u00e9paules d'Arya.\r\nEn route vers la ville pervertie de Palladium, elle et ses compagnons s'approchent au plus pr\u00e8s des machinations d'A\u00cfdan... jusqu'\u00e0 d\u00e9couvrir que le chaos, \u00e0 l'instar des cristaux, poss\u00e8de bien des facettes.\r\nLe destin de la Passeuse de Mots continue de s'\u00e9crire pour les coeurs qui r\u00e9sonnent au nom de la libert\u00e9.","authors":["Alric Twice","Jennifer Twice"],"category_codes":["2000000","2050000","2050200","2050204"],"visuals":{"large":"https:\/\/images.epagine.fr\/900\/9782017195900_1_75.jpg","medium":"https:\/\/images.epagine.fr\/900\/9782017195900_1_m.jpg","thumbnail":"https:\/\/images.epagine.fr\/900\/9782017195900_1_v.jpg"},"orderable":true,"show_badge":true,"formatted_price":"21,90&nbsp;\u20ac","formatted_published_date":"12 juin 2024","publisher_availability_label":"Sur commande","short_details":"Alric Twice, Jennifer Twice \u2014 Hachette Romans","translator":null,"weight":790,"page_count":816,"readership":"\u00e0 partir de 12 ANS","editor":"Hachette Romans","price":2190,"published_date":"2024-06-11T22:00:00.000000Z","support":"Grand format","publisher_availability":1,"stock":0,"editions":[],"url":"https:\/\/quaidesbrumes.com\/ouvrage\/9782017195900\/la-passeuse-de-mots-tome-4-les-larmes-du-saule"},{"id":"9782211055956","title":"Zou","description":"Quand on a envie de jouer avec ses parents le matin, il faut v\u00e9rifier qu'ils sont r\u00e9veill\u00e9s. S'ils ne sont pas bien r\u00e9veill\u00e9s, on peut leur apporter un grand bol de caf\u00e9. Si on a renvers\u00e9 presque tout le caf\u00e9, il faut trouver une autre solution...\r","authors":["Michel Gay"],"category_codes":["2000000","2030000","2030300"],"visuals":{"large":"https:\/\/images.epagine.fr\/956\/9782211055956_1_75.jpg","medium":"https:\/\/images.epagine.fr\/956\/9782211055956_1_m.jpg","thumbnail":"https:\/\/images.epagine.fr\/956\/9782211055956_1_v.jpg"},"orderable":true,"show_badge":true,"formatted_price":"6,00&nbsp;\u20ac","formatted_published_date":"17 f\u00e9vrier 2000","publisher_availability_label":"Sur commande","short_details":"Michel Gay \u2014 L'\u00c9cole des loisirs","translator":null,"weight":86,"page_count":32,"readership":"3\/6 ans","editor":"L'\u00c9cole des loisirs","price":600,"published_date":"2000-02-16T23:00:00.000000Z","support":"Poche","publisher_availability":1,"stock":0,"editions":["9782211313407","9782211089463","9782211048682"],"url":"https:\/\/quaidesbrumes.com\/ouvrage\/9782211055956\/zou"},{"id":"9782884805612","title":"Lili a la passion du cheval","description":"Lili est pleine d'admiration pour Valentine et ses exploits de cavali\u00e8re.\r\nEt le jour o\u00f9 elle l'invite \u00e0 son poney-club, Lili se laisse emporter par sa nouvelle passion, avec une seule id\u00e9e en t\u00eate : adopter un poney ! Mais comment convaincre ses parents ?\r\nCe livre de Max et Lili parle de la passion du cheval, qui fait d\u00e9couvrir l'amour de la nature, la complicit\u00e9 avec un animal, le plaisir de partager avec lui des sensations, des peurs ; une aventure qui peut donner confiance en soi et envie de se surpasser.\r","authors":["Dominique de Saint-Mars","Serge Bloch"],"category_codes":["2000000","2040000","2040200"],"visuals":{"large":"https:\/\/images.epagine.fr\/612\/9782884805612_1_75.jpg","medium":"https:\/\/images.epagine.fr\/612\/9782884805612_1_m.jpg","thumbnail":"https:\/\/images.epagine.fr\/612\/9782884805612_1_v.jpg"},"orderable":true,"show_badge":true,"formatted_price":"6,20&nbsp;\u20ac","formatted_published_date":"20 mai 2010","publisher_availability_label":"Sur commande","short_details":"Dominique de Saint-Mars, Serge Bloch \u2014 Calligram","translator":null,"weight":118,"page_count":43,"readership":"6\/9 ans","editor":"Calligram","price":620,"published_date":"2010-05-19T22:00:00.000000Z","support":"Grand format","publisher_availability":1,"stock":0,"editions":[],"url":"https:\/\/quaidesbrumes.com\/ouvrage\/9782884805612\/lili-a-la-passion-du-cheval"},{"id":"9782408059309","title":"Youpi, c'est mon anniversaire !","description":"\u00c0 6 ans, on n'a eu que six anniversaires. C'est dire si cet \u00e9v\u00e9nement est important ! D'abord, il y a les anniversaires des autres, o\u00f9 l'on esp\u00e8re \u00eatre invit\u00e9. Les amis \u00e0 qui l'on veut faire le plus beau cadeau. Et puis quand vient son tour, on s'inqui\u00e8te un peu. Est-ce que tout le monde s'amusera \u00e0 la f\u00eate ? Sur quel g\u00e2teau va-t-on planter les bougies ? Et comme cadeaux, qu'est-ce qu'on aura comme cadeaux ? Dans tous les cas, l'attente est looooongue... Alors pour patienter, rien ne vaut la lecture d'histoires d'anniversaires !\r\nUne f\u00eate rien qu'\u00e0 soi, pour tout le monde\r\nL'anniversaire est une f\u00eate dont l'enfant est le h\u00e9ros. C'est un jour de partage, un jour avec la famille, avec les amis... Un jour de gourmandise, aussi ! C'est, en tout cas, un moment essentiel pour les enfants au d\u00e9but de l'\u00e9cole primaire, quand ils commencent \u00e0 attendre les invitations des copines et des copains, et \u00e0 vouloir organiser et pr\u00e9parer le leur.\r\nDe vraies histoires pens\u00e9es pour \u00eatre lues d\u00e8s le CP\r\nDes phrases courtes, des structures simples, mais des histoires avec du suspens, de l'humour et une chute qui donne envie d'y revenir : tel est le principe des sept histoires propos\u00e9es dans ce recueil.\r\nUne collection pour donner l'envie de lire chaque jour\r\n\u00c7a y est ! Votre enfant sait lire, et il a envie de lire des histoires courtes, amusantes, excitantes, mais accessibles ? Ce recueil est fait pour lui ! Il y trouvera sept histoires pour nourrir son envie de lire chaque jour, avec des jeux pour s'amuser apr\u00e8s chaque r\u00e9cit pour prolonger le plaisir s'il en a envie, et une comptine d\u00e9tourn\u00e9e pour bien finir l'ouvrage.","authors":["Collectif"],"category_codes":["2000000","2040000","2040200"],"visuals":{"large":"https:\/\/images.epagine.fr\/309\/9782408059309_1_75.jpg","medium":"https:\/\/images.epagine.fr\/309\/9782408059309_1_m.jpg","thumbnail":"https:\/\/images.epagine.fr\/309\/9782408059309_1_v.jpg"},"orderable":true,"show_badge":true,"formatted_price":"12,90&nbsp;\u20ac","formatted_published_date":"7 janvier 2026","publisher_availability_label":"Sur commande","short_details":"Collectif \u2014 Milan","translator":null,"weight":302,"page_count":128,"readership":"\u00e0 partir de 6 ANS","editor":"Milan","price":1290,"published_date":"2026-01-06T23:00:00.000000Z","support":"Grand format","publisher_availability":1,"stock":0,"editions":[],"url":"https:\/\/quaidesbrumes.com\/ouvrage\/9782408059309\/youpi-cest-mon-anniversaire"},{"id":"9791039502559","title":"P'tit Loup va \u00e0 la plage","description":"Aujourd'hui P'tit Loup va \u00e0 la plage avec Mamie-Loup et sa cousine Louna. Pour arriver \u00e0 la mer, il faut marcher. Pfff c'est loin ! Mais une fois arriv\u00e9, on s'amuse comme des petits fous ! On y retourne demain, hein ?\r\nSous la plume d'Orianne Lallemand et les illustrations craquantes d'El\u00e9onore Thuillier, P'tit Loup prend vie pour aider les tout-petits \u00e0 d\u00e9couvrir l'apprentissage du quotidien !","authors":["Orianne Lallemand","El\u00e9onore Thuillier"],"category_codes":["2000000","2020000","2020400"],"visuals":{"large":"https:\/\/images.epagine.fr\/559\/9791039502559_1_75.jpg","medium":"https:\/\/images.epagine.fr\/559\/9791039502559_1_m.jpg","thumbnail":"https:\/\/images.epagine.fr\/559\/9791039502559_1_v.jpg"},"orderable":true,"show_badge":true,"formatted_price":"5,99&nbsp;\u20ac","formatted_published_date":"7 juillet 2021","publisher_availability_label":"Sur commande","short_details":"Orianne Lallemand, El\u00e9onore Thuillier \u2014 Auzou","translator":null,"weight":140,"page_count":24,"readership":"\u00e0 partir de 2 ANS","editor":"Auzou","price":599,"published_date":"2021-07-06T22:00:00.000000Z","support":"Grand format","publisher_availability":1,"stock":0,"editions":[],"url":"https:\/\/quaidesbrumes.com\/ouvrage\/9791039502559\/ptit-loup-va-a-la-plage"},{"id":"9791094908563","title":"Jean-Jacques aux grandes oreilles","description":"Entre comm\u00e9rage et admiration, deux lapins se plaisent \u00e0 imaginer la vie extraordinaire et loufoque de Jean-Jacques, le lapin aux plus grandes oreilles du monde (para\u00eet-il). Il aurait surf\u00e9 sur les plus grosses vagues d'Hawa\u00ef, cuisin\u00e9 des nouilles g\u00e9antes ou encore se serait balad\u00e9 de lianes en lianes dans la jungle, tout \u00e7a gr\u00e2ce \u00e0 ses oreilles ! Mais ils sont d'accord, c'est n'importe quoi, on ne peut pas faire tout \u00e7a avec des oreilles de lapin ! Vraiment ? Vous \u00eates s\u00fbrs et certains ?","authors":["Romane Lefebvre"],"category_codes":["2000000","2030000","2030400"],"visuals":{"large":"https:\/\/images.epagine.fr\/563\/9791094908563_1_75.jpg","medium":"https:\/\/images.epagine.fr\/563\/9791094908563_1_m.jpg","thumbnail":"https:\/\/images.epagine.fr\/563\/9791094908563_1_v.jpg"},"orderable":true,"show_badge":true,"formatted_price":"13,00&nbsp;\u20ac","formatted_published_date":"12 f\u00e9vrier 2026","publisher_availability_label":"Sur commande","short_details":"Romane Lefebvre \u2014 Le Diplodocus","translator":null,"weight":330,"page_count":32,"readership":"3\/6 ans","editor":"Le Diplodocus","price":1300,"published_date":"2026-02-11T23:00:00.000000Z","support":"Grand format","publisher_availability":1,"stock":0,"editions":[],"url":"https:\/\/quaidesbrumes.com\/ouvrage\/9791094908563\/jean-jacques-aux-grandes-oreilles"},{"id":"9782080509222","title":"Mentine : Pas de cadeau !","description":"Cette fois je suis all\u00e9e trop loin. J'\u00e9tais pr\u00eate \u00e0 tout pour r\u00e9aliser le nouveau r\u00eave de Johanna\u00a0:\u00a0faire de la musique. Alors, j'ai pris la carte de cr\u00e9dit de mes parents pour acheter une guitare sur Internet. Autant vous dire que \u00e7a ne leur a pas plu... Mon p\u00e8re a tout de suite d\u00e9cr\u00e9t\u00e9\u00a0:\u00a0pas de No\u00ebl et pas de cadeaux\u00a0! Fin du verdict. Accus\u00e9e, levez-vous et filez dans votre chambre\u00a0! La troisi\u00e8me aventure de Mentine, jeune adolescente p\u00e9tillante et HPI\u00a0!","authors":["Jo Witek","Margaux Motin"],"category_codes":["2000000","2040000","2040500"],"visuals":{"large":"https:\/\/images.epagine.fr\/222\/9782080509222_1_75.jpg","medium":"https:\/\/images.epagine.fr\/222\/9782080509222_1_m.jpg","thumbnail":"https:\/\/images.epagine.fr\/222\/9782080509222_1_v.jpg"},"orderable":true,"show_badge":false,"formatted_price":"6,90&nbsp;\u20ac","formatted_published_date":"8 octobre 2025","publisher_availability_label":"Sur commande","short_details":"Jo Witek, Margaux Motin \u2014 Flammarion jeunesse","translator":null,"weight":234,"page_count":288,"readership":"9\/12 ans","editor":"Flammarion jeunesse","price":690,"published_date":"2025-10-07T22:00:00.000000Z","support":"Poche","publisher_availability":1,"stock":1,"editions":[],"url":"https:\/\/quaidesbrumes.com\/ouvrage\/9782080509222\/mentine-pas-de-cadeau"},{"id":"9782215200956","title":"Mes premiers coloriages sans d\u00e9passer : A la ferme","description":"Des coloriages avec des contours tr\u00e8s larges et en relief pour ne pas d\u00e9border, sur le th\u00e8me de la ferme","authors":["Isabelle Jacqu\u00e9"],"category_codes":["2000000","2080000","2080300"],"visuals":{"large":"https:\/\/images.epagine.fr\/956\/9782215200956_1_75.jpg","medium":"https:\/\/images.epagine.fr\/956\/9782215200956_1_m.jpg","thumbnail":"https:\/\/images.epagine.fr\/956\/9782215200956_1_v.jpg"},"orderable":true,"show_badge":true,"formatted_price":"5,99&nbsp;\u20ac","formatted_published_date":"6 mars 2026","publisher_availability_label":"Sur commande","short_details":"Isabelle Jacqu\u00e9 \u2014 Fleurus","translator":null,"weight":174,"page_count":32,"readership":null,"editor":"Fleurus","price":599,"published_date":"2026-03-05T23:00:00.000000Z","support":"Grand format","publisher_availability":1,"stock":0,"editions":[],"url":"https:\/\/quaidesbrumes.com\/ouvrage\/9782215200956\/mes-premiers-coloriages-sans-depasser-a-la-ferme"},{"id":"9782211091039","title":"Boucles d'or et les trois ours","description":"Une petite fille aux boucles blondes s'\u00e9gare dans la for\u00eat en cueillant des fleurs. Elle est fatigu\u00e9e, elle a faim et elle pleure. Dans une clairi\u00e8re, elle d\u00e9couvre une \u00e9trange maison dont la chemin\u00e9e fume. Elle s'approche d'une fen\u00eatre et d\u00e9couvre alors une grande table avec, tout autour, trois chaises: une grande chaise, une moyenne chaise et une toute petite chaise. Et devant chaque chaise, un bol de soupe. Un grand bol devant la grande chaise, un moyen bol devant la moyenne chaise et un tout petit bol devant la toute petite chaise... Gerda Muller r\u00eavait de reprendre ce grand classique qu'elle avait d\u00e9j\u00e0 illustr\u00e9 il y a longtemps. Elle s'est offert ce cadeau... pour ses quatre-vingts ans. Et c'est avec le soin infini qu'on lui conna\u00eet et un immense plaisir qu'elle a cach\u00e9 partout dans les images, les grands, les moyens et les petits objets... pour que les tout jeunes lecteurs aient encore plus de plaisir \u00e0 les trouver et les reconna\u00eetre.\r","authors":["Gerda Muller"],"category_codes":["2000000","2030000","2030300"],"visuals":{"large":"https:\/\/images.epagine.fr\/039\/9782211091039_1_75.jpg","medium":"https:\/\/images.epagine.fr\/039\/9782211091039_1_m.jpg","thumbnail":"https:\/\/images.epagine.fr\/039\/9782211091039_1_v.jpg"},"orderable":true,"show_badge":true,"formatted_price":"6,00&nbsp;\u20ac","formatted_published_date":"29 mai 2008","publisher_availability_label":"Sur commande","short_details":"Gerda Muller \u2014 L'\u00c9cole des loisirs","translator":null,"weight":102,"page_count":40,"readership":"3\/6 ans","editor":"L'\u00c9cole des loisirs","price":600,"published_date":"2008-05-28T22:00:00.000000Z","support":"Poche","publisher_availability":1,"stock":0,"editions":["9782211085014"],"url":"https:\/\/quaidesbrumes.com\/ouvrage\/9782211091039\/boucles-dor-et-les-trois-ours"},{"id":"9782080475572","title":"Mon premier Imagier du P\u00e8re Castor : Les couleurs","description":"Un imagier tout doux pour accompagner les b\u00e9b\u00e9s dans la d\u00e9couverte des premiers mots.","authors":["Emilie Jacob"],"category_codes":["2000000","2020000","2020300"],"visuals":{"large":"https:\/\/images.epagine.fr\/572\/9782080475572_1_75.jpg","medium":"https:\/\/images.epagine.fr\/572\/9782080475572_1_m.jpg","thumbnail":"https:\/\/images.epagine.fr\/572\/9782080475572_1_v.jpg"},"orderable":true,"show_badge":false,"formatted_price":"6,95&nbsp;\u20ac","formatted_published_date":"27 ao\u00fbt 2025","publisher_availability_label":"Sur commande","short_details":"Emilie Jacob \u2014 P\u00e8re Castor","translator":null,"weight":130,"page_count":12,"readership":"0\/3 ans","editor":"P\u00e8re Castor","price":695,"published_date":"2025-08-26T22:00:00.000000Z","support":"Grand format","publisher_availability":1,"stock":1,"editions":[],"url":"https:\/\/quaidesbrumes.com\/ouvrage\/9782080475572\/mon-premier-imagier-du-pere-castor-les-couleurs"},{"id":"9782266326643","title":"La fille renard et la merveilleuse boutique-sur-pattes","description":"L'aventure et la magie se cache dans chaque tasse de th\u00e9 !\r\nFelicity Fox n'est pas une fille ordinaire.\r\nN\u00e9e avec des oreilles de renard, elle a \u00e9t\u00e9 abandonn\u00e9e dans un cirque. Alors, quand un corbeau dou\u00e9 de parole la lib\u00e8re et lui propose de le suivre, elle n'h\u00e9site pas une seconde. H\u00e9las ! elle se pr\u00e9cipite droit dans le pi\u00e8ge de l'ensorcelant Ma\u00eetre Chantepleure et commet l'erreur de signer un pacte avec lui. Heureusement, elle est recueillie dans le salon de th\u00e9 ambulant d'une adorable sorci\u00e8re.\r\nEntre th\u00e9i\u00e8res volantes, d\u00e9coctions de plantes extraordinaires, g\u00e2teaux enchanteurs et clients plus \u00e9tranges les uns que les autres, il existe peut-\u00eatre un moyen de rompre le pacte mal\u00e9fique...","authors":["Andy Sagar","Emmanuel Gros"],"category_codes":["2000000","2040000","2040500","2040504"],"visuals":{"large":"https:\/\/images.epagine.fr\/643\/9782266326643_1_75.jpg","medium":"https:\/\/images.epagine.fr\/643\/9782266326643_1_m.jpg","thumbnail":"https:\/\/images.epagine.fr\/643\/9782266326643_1_v.jpg"},"orderable":true,"show_badge":true,"formatted_price":"16,20&nbsp;\u20ac","formatted_published_date":"14 septembre 2023","publisher_availability_label":"Sur commande","short_details":"Andy Sagar, Emmanuel Gros \u2014 Pocket Jeunesse","translator":"EMMANUEL GROS","weight":408,"page_count":336,"readership":"9\/12 ans","editor":"Pocket Jeunesse","price":1620,"published_date":"2023-09-13T22:00:00.000000Z","support":"Grand format","publisher_availability":1,"stock":0,"editions":[],"url":"https:\/\/quaidesbrumes.com\/ouvrage\/9782266326643\/la-fille-renard-et-la-merveilleuse-boutique-sur-pattes"},{"id":"9782075193481","title":"Le grand livre de la magie","description":"Comment retrouver une carte tir\u00e9e et replac\u00e9e au hasard dans un jeu de 52 cartes ? Par quel tour de passe-passe fait-on dispara\u00eetre une pi\u00e8ce de monnaie ? Comment faire croire que de l'eau g\u00e8le spontan\u00e9ment dans un gobelet ? Gr\u00e2ce \u00e0 ce livre de magie, on peut devenir un parfait illusionniste. Il donne toutes les astuces pour bien ma\u00eetriser les techniques utilis\u00e9es dans chaque tour. Une fois bien entra\u00een\u00e9, il y a plus de 50 tours de magie \u00e0 montrer \u00e0 sa famille et ses amis. Comme ils sont de difficult\u00e9 variable, chacun pourra commencer avec des illusions simples et progresser vers des num\u00e9ros de plus en plus \u00e9tonnants ! Les tours de magie pr\u00e9sent\u00e9s n\u00e9cessitent un mat\u00e9riel facile \u00e0 se procurer : cartes \u00e0 jouer, pi\u00e8ces de monnaie... Ensuite tout est une question de doigt\u00e9, d'adresse et surtout d'entra\u00eenement ! En bonus : des encadr\u00e9s sur l'histoire de la magie et ses grandes figures !","authors":["Joe Fullman"],"category_codes":["2000000","2060000","2060200","2060201"],"visuals":{"large":"https:\/\/images.epagine.fr\/481\/9782075193481_1_75.jpg","medium":"https:\/\/images.epagine.fr\/481\/9782075193481_1_m.jpg","thumbnail":"https:\/\/images.epagine.fr\/481\/9782075193481_1_v.jpg"},"orderable":true,"show_badge":false,"formatted_price":"17,95&nbsp;\u20ac","formatted_published_date":"5 octobre 2023","publisher_availability_label":"Sur commande","short_details":"Joe Fullman \u2014 Gallimard Jeunesse","translator":null,"weight":500,"page_count":120,"readership":null,"editor":"Gallimard Jeunesse","price":1795,"published_date":"2023-10-04T22:00:00.000000Z","support":"Grand format","publisher_availability":1,"stock":1,"editions":[],"url":"https:\/\/quaidesbrumes.com\/ouvrage\/9782075193481\/le-grand-livre-de-la-magie"},{"id":"9782095037062","title":"La Cit\u00e9 d'Archefl\u00e8che Tome 1 : Le d\u00e9mon dans le miroir","description":"Plongez dans un monde de magie et d'aventure avec Juniper, une jeune h\u00e9ro\u00efne intr\u00e9pide qui devra faire preuve d'ing\u00e9niosit\u00e9 pour d\u00e9jouer un d\u00e9mon vengeur et sauver la cit\u00e9 d'Archefleche !\r\nD\u00e9couvrez le premier tome palpitant de la s\u00e9rie 'La Cit\u00e9 d'Archefleche' ! R\u00e9sum\u00e9 : dans un univers o\u00f9 la magie est r\u00e9serv\u00e9e aux cinq Arcanistes protecteurs de la ville, Juniper et son amie Th\u00e9a se lancent dans un trafic de reliques magiques. Mais lorsqu'un \u00e9trange d\u00e9mon surgit d'un fragment de miroir interdit, tout bascule. Juniper se retrouve au coeur d'une aventure p\u00e9rilleuse, oblig\u00e9e de pr\u00e9tendre \u00eatre \u00e0 l'origine de cette magie pour \u00e9chapper aux soup\u00e7ons des Arcanistes.\r\n\r\nCe roman captivant offre un m\u00e9lange parfait d'aventures tr\u00e9pidantes, de magie et d'humour. Une h\u00e9ro\u00efne attachante et courageuse \u00e0 laquelle les jeunes lecteurs s'identifieront avec un style moderne et dynamique qui ravira les enfants de 9 ans et plus.","authors":["Jamie Littler","Mathilde Tamae-Bouhon"],"category_codes":["2000000","2040000","2040500","2040504"],"visuals":{"large":"https:\/\/images.epagine.fr\/062\/9782095037062_1_75.jpg","medium":"https:\/\/images.epagine.fr\/062\/9782095037062_1_m.jpg","thumbnail":"https:\/\/images.epagine.fr\/062\/9782095037062_1_v.jpg"},"orderable":true,"show_badge":true,"formatted_price":"15,95&nbsp;\u20ac","formatted_published_date":"6 f\u00e9vrier 2025","publisher_availability_label":"Sur commande","short_details":"Jamie Littler, Mathilde Tamae-Bouhon \u2014 Nathan","translator":"MATHILDE TAMAE-BOUHON","weight":380,"page_count":384,"readership":"\u00e0 partir de 9 ANS","editor":"Nathan","price":1595,"published_date":"2025-02-05T23:00:00.000000Z","support":"Grand format","publisher_availability":1,"stock":0,"editions":[],"url":"https:\/\/quaidesbrumes.com\/ouvrage\/9782095037062\/la-cite-darchefleche-tome-1-le-demon-dans-le-miroir"},{"id":"9782378625658","title":"Noah et le secret de la chenille","description":"Une belle histoire d'amiti\u00e9 entre un renard et une chenille, aux couleurs du printemps !\r\nAlors que le printemps s'annonce, Noah d\u00e9couvre une petite chenille install\u00e9e sur une grande feuille verte. Avec l'aide de ses amis, il essaie de lui faire d\u00e9couvrir toutes sortes de jeux. Mais la chenille n'a qu'une id\u00e9e en t\u00eate : grignoter ! Lorsqu'elle cesse soudain de manger, Noah s'inqui\u00e8te... mais une surprise l'attend !","authors":["Julia Rawlinson","Tiphanie Beeke","Amandine Pierru-Chantenay"],"category_codes":["2000000","2030000","2030400"],"visuals":{"large":"https:\/\/images.epagine.fr\/658\/9782378625658_1_75.jpg","medium":"https:\/\/images.epagine.fr\/658\/9782378625658_1_m.jpg","thumbnail":"https:\/\/images.epagine.fr\/658\/9782378625658_1_v.jpg"},"orderable":true,"show_badge":true,"formatted_price":"12,95&nbsp;\u20ac","formatted_published_date":"19 f\u00e9vrier 2026","publisher_availability_label":"Sur commande","short_details":"Julia Rawlinson, Tiphanie Beeke, Amandine Pierru-Chantenay \u2014 \u00c9ditions Circonflexe","translator":"AMANDINE PIERRU-CHANTENAY","weight":288,"page_count":32,"readership":"\u00e0 partir de 5 ANS","editor":"\u00c9ditions Circonflexe","price":1295,"published_date":"2026-02-18T23:00:00.000000Z","support":"Grand format","publisher_availability":1,"stock":0,"editions":[],"url":"https:\/\/quaidesbrumes.com\/ouvrage\/9782378625658\/noah-et-le-secret-de-la-chenille"},{"id":"9782408031664","title":"Mes p'tits docs : la mer","description":"Quand on se trouve pour la premi\u00e8re fois face \u00e0 la mer, on est fascin\u00e9 par son immensit\u00e9. Plongeons dans ce titre pour d\u00e9couvrir les richesses de ce monde encore myst\u00e9rieux, peupl\u00e9 d'animaux parfois \u00e9tranges... et qu'il nous faut prot\u00e9ger ! Mes p'tits docs, la collection de documentaires qui se lisent comme des histoires et accompagnent les enfants dans leur d\u00e9couverte du monde.","authors":["St\u00e9phanie Ledu","V\u00e9rane Cottin"],"category_codes":["2000000","2070000","2070300"],"visuals":{"large":"https:\/\/images.epagine.fr\/664\/9782408031664_1_75.jpg","medium":"https:\/\/images.epagine.fr\/664\/9782408031664_1_m.jpg","thumbnail":"https:\/\/images.epagine.fr\/664\/9782408031664_1_v.jpg"},"orderable":true,"show_badge":true,"formatted_price":"7,90&nbsp;\u20ac","formatted_published_date":"15 juin 2022","publisher_availability_label":"Sur commande","short_details":"St\u00e9phanie Ledu, V\u00e9rane Cottin \u2014 Milan","translator":null,"weight":252,"page_count":32,"readership":"\u00e0 partir de 4 ANS","editor":"Milan","price":790,"published_date":"2022-06-14T22:00:00.000000Z","support":"Grand format","publisher_availability":1,"stock":0,"editions":[],"url":"https:\/\/quaidesbrumes.com\/ouvrage\/9782408031664\/mes-ptits-docs-la-mer"},{"id":"9782012706194","title":"J'apprends \u00e0 lire avec Sami et Julie : Sami a des poux","description":"Sami a attrap\u00e9 un pou. \u00ab  Au secours  !  \u00bb dit maman les bras charg\u00e9s de lotions et de shampoings... Mais Sami veut garder son pou  ! Et si le pou voulait lui aussi garder son petit gar\u00e7on  ?\r\n\r\n Ce niveau 2 est con\u00e7u pour les enfants au milieu du CP et travaille le son (ou).    \u00ab  J'apprends avec Sami et Julie  \u00bb est une collection sp\u00e9cialement con\u00e7ue pour les enfants apprenant \u00e0 lire. Des histoires courtes, dr\u00f4les et faciles \u00e0 lire. \u00c9crites avec des mots en ad\u00e9quation avec leur progression, une quantit\u00e9 de texte \u00e0 lire r\u00e9duite et adapt\u00e9e, un texte \u00e9crit en gros, des mots bien d\u00e9tach\u00e9s les uns des autres et des lignes bien espac\u00e9es.En plus de l'histoire  : des conseils pour accompagner l'enfant dans ses premi\u00e8res lectures, la pr\u00e9sentation des personnages, des activit\u00e9s pour pr\u00e9parer la lecture, \u00e0 la fin  : \u00ab  As-tu bien compris l'histoire  ?  \u00bb pour donner du sens \u00e0 ce que l'enfant a lu et aller plus loin que le simple d\u00e9chiffrage et \u00ab  Et toi, qu'en penses-tu  ?  \u00bb des petites questions pour \u00ab  faire r\u00e9fl\u00e9chir  \u00bb ou simplement discuter autour de l'histoire.","authors":["Collectif"],"category_codes":["2000000","2030000","2030300"],"visuals":{"large":"https:\/\/images.epagine.fr\/194\/9782012706194_1_75.jpg","medium":"https:\/\/images.epagine.fr\/194\/9782012706194_1_m.jpg","thumbnail":"https:\/\/images.epagine.fr\/194\/9782012706194_1_v.jpg"},"orderable":true,"show_badge":true,"formatted_price":"3,40&nbsp;\u20ac","formatted_published_date":"7 janvier 2015","publisher_availability_label":"Sur commande","short_details":"Collectif \u2014 Hachette Education","translator":null,"weight":80,"page_count":32,"readership":"3\/6 ans","editor":"Hachette Education","price":340,"published_date":"2015-01-06T23:00:00.000000Z","support":"Grand format","publisher_availability":1,"stock":0,"editions":[],"url":"https:\/\/quaidesbrumes.com\/ouvrage\/9782012706194\/japprends-a-lire-avec-sami-et-julie-sami-a-des-poux"},{"id":"9782012248526","title":"Monsieur Maigre","description":"Monsieur Non, Madame Canaille, Monsieur Costaud et tous leurs amis. Des personnages connus de tous les enfants pour d\u00e9couvrir les traits de caract\u00e8res et les premi\u00e8res notions avec humour. Une collection de r\u00e9f\u00e9rence, fortement prescrite dans les \u00e9coles.","authors":["Roger Hargreaves"],"category_codes":["2000000","2030000","2030400"],"visuals":{"large":"https:\/\/images.epagine.fr\/526\/9782012248526_1_75.jpg","medium":"https:\/\/images.epagine.fr\/526\/9782012248526_1_m.jpg","thumbnail":"https:\/\/images.epagine.fr\/526\/9782012248526_1_v.jpg"},"orderable":true,"show_badge":true,"formatted_price":"2,90&nbsp;\u20ac","formatted_published_date":"11 mars 2009","publisher_availability_label":"Sur commande","short_details":"Roger Hargreaves \u2014 Hachette Jeunesse","translator":null,"weight":100,"page_count":40,"readership":"\u00e0 partir de 4 ANS","editor":"Hachette Jeunesse","price":290,"published_date":"2009-03-10T23:00:00.000000Z","support":"Poche","publisher_availability":1,"stock":0,"editions":[],"url":"https:\/\/quaidesbrumes.com\/ouvrage\/9782012248526\/monsieur-maigre"},{"id":"9782012248502","title":"Monsieur Tatillon","description":"Ils sont petits, ils sont nombreux  : les Monsieur Madame affichent des caract\u00e8res bien tremp\u00e9s  ! \u00c0 chacun son histoire, pleine d'humour et d'espi\u00e8glerie.  \r\n\r\nMonsieur Tatillon aime que tout soit propre et bien rang\u00e9. Difficile, dans ces conditions, d'\u00eatre le cousin de monsieur Maladroit...\r\n\r\nD\u00e8s 4 ans.","authors":["Roger Hargreaves"],"category_codes":["2000000","2030000","2030400"],"visuals":{"large":"https:\/\/images.epagine.fr\/502\/9782012248502_1_75.jpg","medium":"https:\/\/images.epagine.fr\/502\/9782012248502_1_m.jpg","thumbnail":"https:\/\/images.epagine.fr\/502\/9782012248502_1_v.jpg"},"orderable":true,"show_badge":true,"formatted_price":"2,90&nbsp;\u20ac","formatted_published_date":"20 ao\u00fbt 2008","publisher_availability_label":"Sur commande","short_details":"Roger Hargreaves \u2014 Hachette Jeunesse","translator":null,"weight":60,"page_count":40,"readership":"\u00e0 partir de 4 ANS","editor":"Hachette Jeunesse","price":290,"published_date":"2008-08-19T22:00:00.000000Z","support":"Poche","publisher_availability":1,"stock":0,"editions":[],"url":"https:\/\/quaidesbrumes.com\/ouvrage\/9782012248502\/monsieur-tatillon"},{"id":"9782408008017","title":"Le racisme","description":"C'est quoi exactement, le racisme ? A-t-il toujours exist\u00e9 ? Comment peut-on s'y opposer ? \u00c0 l'heure o\u00f9 le vivre-ensemble est au coeur de toutes les p\u00e9dagogies \u00e0 l'\u00e9cole, 16 questions-r\u00e9ponses sur un th\u00e8me qui, d'hier \u00e0 aujourd'hui, a \u00e9t\u00e9 et est encore \u00e0 l'origine d'injustices, de mauvais traitements et de guerres.","authors":["Astrid Dumontet","Julie Faulques"],"category_codes":["2000000","2070000","2070100"],"visuals":{"large":"https:\/\/images.epagine.fr\/017\/9782408008017_1_75.jpg","medium":"https:\/\/images.epagine.fr\/017\/9782408008017_1_m.jpg","thumbnail":"https:\/\/images.epagine.fr\/017\/9782408008017_1_v.jpg"},"orderable":true,"show_badge":false,"formatted_price":"9,50&nbsp;\u20ac","formatted_published_date":"20 mars 2019","publisher_availability_label":"Sur commande","short_details":"Astrid Dumontet, Julie Faulques \u2014 Milan","translator":null,"weight":346,"page_count":40,"readership":"\u00e0 partir de 6 ANS","editor":"Milan","price":950,"published_date":"2019-03-19T23:00:00.000000Z","support":"Grand format","publisher_availability":1,"stock":1,"editions":[],"url":"https:\/\/quaidesbrumes.com\/ouvrage\/9782408008017\/le-racisme"},{"id":"9782075179249","title":"Emile dort chez des gens","description":"Aujourd'hui \u00c9mile dort chez des gens, c'est sa maman qui lui a propos\u00e9. M. et Mme Bertin, ils sont tr\u00e8s gentils et ils sont tr\u00e8s contents de garder \u00c9mile. Mais sa maman l'a pr\u00e9venu, pas de remarques sur le gros nez qu'ils ont tous dans la famille. \u00c9mile promet, il sera tr\u00e8s gentil, tr\u00e8s poli...","authors":["Vincent Cuvellier","Ronan Badel"],"category_codes":["2000000","2030000","2030400"],"visuals":{"large":"https:\/\/images.epagine.fr\/249\/9782075179249_1_75.jpg","medium":"https:\/\/images.epagine.fr\/249\/9782075179249_1_m.jpg","thumbnail":"https:\/\/images.epagine.fr\/249\/9782075179249_1_v.jpg"},"orderable":true,"show_badge":true,"formatted_price":"6,90&nbsp;\u20ac","formatted_published_date":"16 mars 2023","publisher_availability_label":"Sur commande","short_details":"Vincent Cuvellier, Ronan Badel \u2014 Gallimard Jeunesse-Giboul\u00e9es","translator":null,"weight":190,"page_count":32,"readership":"\u00e0 partir de 3 ANS","editor":"Gallimard Jeunesse-Giboul\u00e9es","price":690,"published_date":"2023-03-15T23:00:00.000000Z","support":"Grand format","publisher_availability":1,"stock":0,"editions":[],"url":"https:\/\/quaidesbrumes.com\/ouvrage\/9782075179249\/emile-dort-chez-des-gens"},{"id":"9782211343077","title":"La fille du phare","description":"Imaginez une nuit de temp\u00eate durant laquelle tout va de travers. Le fanal du phare qui devait guider le navire ne s'est pas allum\u00e9. Que s'est-il pass\u00e9 ? Imaginez aussi une imposante et inqui\u00e9tante demeure, la Maison Noire. Elle appartient \u00e0 l'amiral et on pr\u00e9tend qu'elle abrite un monstre. Qui peut croire \u00e7a ? La fille du gardien du phare apportera des r\u00e9ponses \u00e0 ces deux questions et \u00e0 beaucoup d'autres. Elle croisera en chemin des humains amicaux ou mena\u00e7ants, des cr\u00e9atures myst\u00e9rieuses et des pirates en col\u00e8re...Elle d\u00e9couvrira aussi la saveur de l'amiti\u00e9.","authors":["Annet Schaap","Maurice Lomr\u00e9"],"category_codes":["2000000","2040000","2040500"],"visuals":{"large":"https:\/\/images.epagine.fr\/077\/9782211343077_1_75.jpg","medium":"https:\/\/images.epagine.fr\/077\/9782211343077_1_m.jpg","thumbnail":"https:\/\/images.epagine.fr\/077\/9782211343077_1_v.jpg"},"orderable":true,"show_badge":true,"formatted_price":"10,00&nbsp;\u20ac","formatted_published_date":"29 janvier 2025","publisher_availability_label":"Sur commande","short_details":"Annet Schaap, Maurice Lomr\u00e9 \u2014 L'\u00c9cole des loisirs","translator":"MAURICE LOMRE","weight":395,"page_count":450,"readership":"\u00e0 partir de 11 ANS","editor":"L'\u00c9cole des loisirs","price":1000,"published_date":"2025-01-28T23:00:00.000000Z","support":"Poche","publisher_availability":1,"stock":0,"editions":["9782211239547"],"url":"https:\/\/quaidesbrumes.com\/ouvrage\/9782211343077\/la-fille-du-phare"}]}