{"data":[{"id":"9782080444516","title":"L'\u00e9cole des pointes Tome 2 : Le concours r\u00e9gional","description":"Une passion : la danse. Un r\u00eave : devenir des \u00c9toiles. Entre amiti\u00e9s et rivalit\u00e9s, bienvenue \u00e0 l'\u00c9cole des Pointes ! Les jeunes danseurs pr\u00e9parent leur premier concours r\u00e9gional. Alicia est pr\u00eate \u00e0 redoubler d'efforts pour pouvoir briller sur sc\u00e8ne !","authors":["Anne Pomel","D\u00e9borah Mirabel"],"category_codes":["2000000","2040000","2040500"],"visuals":{"large":"https:\/\/images.epagine.fr\/516\/9782080444516_1_75.jpg","medium":"https:\/\/images.epagine.fr\/516\/9782080444516_1_m.jpg","thumbnail":"https:\/\/images.epagine.fr\/516\/9782080444516_1_v.jpg"},"orderable":true,"show_badge":true,"formatted_price":"11,50&nbsp;\u20ac","formatted_published_date":"18 septembre 2024","publisher_availability_label":"Sur commande","short_details":"Anne Pomel, D\u00e9borah Mirabel \u2014 Flammarion jeunesse","translator":null,"weight":156,"page_count":144,"readership":"\u00e0 partir de 6 ANS","editor":"Flammarion jeunesse","price":1150,"published_date":"2024-09-17T22:00:00.000000Z","support":"Grand format","publisher_availability":1,"stock":0,"editions":[],"url":"https:\/\/quaidesbrumes.com\/ouvrage\/9782080444516\/lecole-des-pointes-tome-2-le-concours-regional"},{"id":"9782017076117","title":"J'apprends \u00e0 lire avec Sami et Julie : CP ; niveau 2 ; le carnaval de Sami et Julie","description":"\u00c0 l'\u00e9cole, c'est jour de f\u00eate  ! Pour le carnaval, tout le monde s'est d\u00e9guis\u00e9... m\u00eame les parents  !\r\n  \r\n\u00ab  J'apprends \u00e0 lire avec Sami et Julie  \u00bb est une collection de petites histoires sp\u00e9cialement con\u00e7ue pour les enfants apprenant \u00e0 lire. Le texte est \u00e9crit en gros, les mots sont bien d\u00e9tach\u00e9s les uns des autres et les lignes bien espac\u00e9es. Les histoires sont courtes, dr\u00f4les et tr\u00e8s faciles \u00e0 lire. \u00c9crites avec des mots en ad\u00e9quation avec leur progression, une quantit\u00e9 de texte \u00e0 lire r\u00e9duite et adapt\u00e9e, pour que l'enfant reste motiv\u00e9 et prenne confiance.\r\nEn plus de la petite histoire, le livre contient  : des conseils pour accompagner l'enfant dans ses premi\u00e8res lectures, la pr\u00e9sentation des personnages, des activit\u00e9s pour pr\u00e9parer la lecture, et \u00e0 la fin  : \u00ab  As-tu bien compris l'histoire  ?  \u00bb pour donner du sens \u00e0 ce que l'enfant a lu et aller plus loin que le simple d\u00e9chiffrage ainsi qu'une rubrique \u00ab  Et toi, qu'en penses-tu  ?  \u00bb avec des petites questions pour \u00ab  faire r\u00e9fl\u00e9chir  \u00bb ou simplement discuter autour de l'histoire.","authors":["Th\u00e9r\u00e8se Bont\u00e9"],"category_codes":["2000000","2040000","2040200"],"visuals":{"large":"https:\/\/images.epagine.fr\/117\/9782017076117_1_75.jpg","medium":"https:\/\/images.epagine.fr\/117\/9782017076117_1_m.jpg","thumbnail":"https:\/\/images.epagine.fr\/117\/9782017076117_1_v.jpg"},"orderable":true,"show_badge":true,"formatted_price":"3,40&nbsp;\u20ac","formatted_published_date":"9 janvier 2019","publisher_availability_label":"Sur commande","short_details":"Th\u00e9r\u00e8se Bont\u00e9 \u2014 Hachette Education","translator":null,"weight":80,"page_count":32,"readership":"\u00e0 partir de 6 ANS","editor":"Hachette Education","price":340,"published_date":"2019-01-08T23:00:00.000000Z","support":"Poche","publisher_availability":1,"stock":0,"editions":[],"url":"https:\/\/quaidesbrumes.com\/ouvrage\/9782017076117\/japprends-a-lire-avec-sami-et-julie-cp-niveau-2-le-carnaval-de-sami-et-julie"},{"id":"9791039554954","title":"Frissons : Ceux qui n'ont plus peur","description":"Gare \u00e0 ceux qui n'ont plus peur...\r\nEnfin l'\u00e9t\u00e9 ! \r\nM\u00e9lanie part chez ses cousins \u00e0 la campagne et compte bien profiter de l'absence de ses parents pour se la couler douce. \r\nMais tr\u00e8s vite, le r\u00eave tourne au cauchemar : le village est envahi par des insectes particuli\u00e8rement agressifs qui semblent en vouloir aux habitants... Et qui est cet homme qui dispara\u00eet apr\u00e8s avoir enqu\u00eat\u00e9 sur un myst\u00e9rieux \"Rei dos Insetos\" ? \r\nM\u00e9lanie, Rod et Lydia veulent des r\u00e9ponses. Mais parviendront-ils \u00e0 \u00e9chapper aux milliers de pattes et de pinces qui les poursuivent, et \u00e0 d\u00e9livrer la population de cette mal\u00e9diction ?\r","authors":["Anne-Sophie Doucet","Charles Mazarguil"],"category_codes":["2000000","2050000","2050200","2050206"],"visuals":{"large":"https:\/\/images.epagine.fr\/954\/9791039554954_1_75.jpg","medium":"https:\/\/images.epagine.fr\/954\/9791039554954_1_m.jpg","thumbnail":"https:\/\/images.epagine.fr\/954\/9791039554954_1_v.jpg"},"orderable":true,"show_badge":true,"formatted_price":"8,95&nbsp;\u20ac","formatted_published_date":"24 avril 2025","publisher_availability_label":"Sur commande","short_details":"Anne-Sophie Doucet, Charles Mazarguil \u2014 Auzou","translator":null,"weight":240,"page_count":124,"readership":"\u00e0 partir de 10 ANS","editor":"Auzou","price":895,"published_date":"2025-04-23T22:00:00.000000Z","support":"Grand format","publisher_availability":1,"stock":0,"editions":[],"url":"https:\/\/quaidesbrumes.com\/ouvrage\/9791039554954\/frissons-ceux-qui-nont-plus-peur"},{"id":"9782366248890","title":"Camille fait du v\u00e9lo","description":"Aujourd'hui, Camille et papa partent se promener \u00e0 v\u00e9lo. Ils croisent la route de nombreux animaux. Mais leur petit tour r\u00e9serve encore bien des surprises \u00e0 Camille...\r","authors":["Anna Ribbing","Cecilia Heikkil\u00e4","Catherine Renaud"],"category_codes":["2000000","2020000","2020400"],"visuals":{"large":"https:\/\/images.epagine.fr\/890\/9782366248890_1_75.jpg","medium":"https:\/\/images.epagine.fr\/890\/9782366248890_1_m.jpg","thumbnail":"https:\/\/images.epagine.fr\/890\/9782366248890_1_v.jpg"},"orderable":true,"show_badge":true,"formatted_price":"10,00&nbsp;\u20ac","formatted_published_date":"22 mai 2024","publisher_availability_label":"Sur commande","short_details":"Anna Ribbing, Cecilia Heikkil\u00e4, Catherine Renaud \u2014 \u00c9ditions Cambourakis","translator":"CATHERINE RENAUD","weight":192,"page_count":20,"readership":"0\/3 ans","editor":"\u00c9ditions Cambourakis","price":1000,"published_date":"2024-05-21T22:00:00.000000Z","support":"Grand format","publisher_availability":1,"stock":0,"editions":[],"url":"https:\/\/quaidesbrumes.com\/ouvrage\/9782366248890\/camille-fait-du-velo"},{"id":"9782095061883","title":"Mademoiselle Zazie d\u00e9teste la ma\u00eetresse","description":"La chipie qui n'a pas froid aux yeux ! Un roman illustr\u00e9 pour les enfants de 7 \u00e0 11 ans, facile \u00e0 lire tout seul et \u00e0 comprendre. Une histoire rythm\u00e9e et passionnante qui donne vraiment envie de lire.\r\n\r\nUne ma\u00eetresse rempla\u00e7ante arrive en classe. Max n'a d'yeux que pour elle ! Zazie, jalouse, d\u00e9cide de ne pas se laisser faire pour ne pas perdre son amoureux.\r\n\r\nEntre fous rires et rebondissements, suivez les aventures de Zazie, l'h\u00e9ro\u00efne qui prouve qu'on peut \u00eatre petite et avoir un grand caract\u00e8re, id\u00e9ale pour les lecteurs de 7 \u00e0 11 ans !\r\n\r\nDans la lign\u00e9e des s\u00e9ries \"Journal d'une Grosse Nouille\" et \"Les Sisters\", cette com\u00e9die romantique junior aborde avec humour et tendresse les premiers \u00e9mois amoureux.","authors":["Thierry Lenain","Delphine Durand"],"category_codes":["2000000","2040000","2040300"],"visuals":{"large":"https:\/\/images.epagine.fr\/883\/9782095061883_1_75.jpg","medium":"https:\/\/images.epagine.fr\/883\/9782095061883_1_m.jpg","thumbnail":"https:\/\/images.epagine.fr\/883\/9782095061883_1_v.jpg"},"orderable":true,"show_badge":true,"formatted_price":"6,20&nbsp;\u20ac","formatted_published_date":"8 janvier 2026","publisher_availability_label":"Sur commande","short_details":"Thierry Lenain, Delphine Durand \u2014 Nathan","translator":null,"weight":108,"page_count":32,"readership":"\u00e0 partir de 7 ANS","editor":"Nathan","price":620,"published_date":"2026-01-07T23:00:00.000000Z","support":"Grand format","publisher_availability":1,"stock":0,"editions":[],"url":"https:\/\/quaidesbrumes.com\/ouvrage\/9782095061883\/mademoiselle-zazie-deteste-la-maitresse"},{"id":"9782215199366","title":"Music Academy : L'\u00e9l\u00e8ve myst\u00e9rieuse","description":"Moustik est une collection de romans-BD : 96 pages de roman entrecoup\u00e9es de 16 planches de BD !\r\n\r\n\u00c0 la Music Academy, Sienna, Pablo et Lilly forment une \u00e9quipe soud\u00e9e, d\u00e9termin\u00e9e \u00e0 remporter le concours vid\u00e9o lanc\u00e9 par leur directrice, l'ancienne star V\u00e9nus. Mais l'arriv\u00e9e de Pia, une nouvelle \u00e9l\u00e8ve en plein milieu d'ann\u00e9e, bouleverse leurs plans. Dou\u00e9e d'une voix exceptionnelle qui impressionne m\u00eame leur professeur de chant, Pia se r\u00e9v\u00e8le pourtant catastrophique en danse. Pourquoi V\u00e9nus l'a-t-elle int\u00e9gr\u00e9e \u00e0 leur groupe ? Pourquoi la directrice la raccompagne-t-elle chaque jour en voiture ? Et surtout, pourquoi un policier les suit-il partout ? Sienna est bien d\u00e9cid\u00e9e \u00e0 percer le myst\u00e8re, m\u00eame si cela met en p\u00e9ril leur projet de vid\u00e9o.\r","authors":["Sophie de Mullenheim","Amandine Lebois"],"category_codes":["2000000","2040000","2040500"],"visuals":{"large":"https:\/\/images.epagine.fr\/366\/9782215199366_1_75.jpg","medium":"https:\/\/images.epagine.fr\/366\/9782215199366_1_m.jpg","thumbnail":"https:\/\/images.epagine.fr\/366\/9782215199366_1_v.jpg"},"orderable":true,"show_badge":true,"formatted_price":"12,90&nbsp;\u20ac","formatted_published_date":"13 mars 2026","publisher_availability_label":"Sur commande","short_details":"Sophie de Mullenheim, Amandine Lebois \u2014 Fleurus","translator":null,"weight":330,"page_count":96,"readership":"\u00e0 partir de 6 ANS","editor":"Fleurus","price":1290,"published_date":"2026-03-12T23:00:00.000000Z","support":"Grand format","publisher_availability":1,"stock":0,"editions":[],"url":"https:\/\/quaidesbrumes.com\/ouvrage\/9782215199366\/music-academy-leleve-mysterieuse"},{"id":"9791040117605","title":"La trilogie des torches Tome 2 : Torchfire","description":"Dans Torchfire, le combat continue et les braises de la r\u00e9bellion pourraient bien attiser les flammes de la r\u00e9volution...\r\nVoici le second tome tant attendu de \u00ab La Trilogie des Torches \u00bb !\r\n\r\nDans le monde d'Elsa, le Chant est soit votre plus grand pouvoir, soit votre pire mal\u00e9diction.\r\nElsa, Rossignol, Piper et Rye tentent de survivre et affirment leurs convictions depuis la r\u00e9volte de Northaven. Tous les quatre r\u00eavent de libert\u00e9. Tous les quatre veulent la paix.\r\nMais celle-ci devient plus fragile que jamais entre les Aylish et Brightland, depuis que le pouvoir a chang\u00e9 de mains. Et avec l'apparition d'un myst\u00e9rieux dirigeable, c'est une nouvelle \r\nmenace qui s'\u00e9l\u00e8ve - plus sanglante que toutes les pr\u00e9c\u00e9dentes.\r\nCar les terreurs du pass\u00e9 refont surface. Et cette fois, les \u00eatres sans don pourraient bien n'\u00eatre plus que des dommages collat\u00e9raux.\r\nL'avenir de la civilisation est suspendu \u00e0 un fil. Et le Chant, au bord de l'extinction.\r\nMais il suffit d'une \u00e9tincelle pour tout embraser.\r","authors":["Moira Buffini"],"category_codes":["2000000","2050000","2050200","2050204"],"visuals":{"large":"https:\/\/images.epagine.fr\/605\/9791040117605_1_75.jpg","medium":"https:\/\/images.epagine.fr\/605\/9791040117605_1_m.jpg","thumbnail":"https:\/\/images.epagine.fr\/605\/9791040117605_1_v.jpg"},"orderable":true,"show_badge":false,"formatted_price":"22,90&nbsp;\u20ac","formatted_published_date":"31 octobre 2025","publisher_availability_label":"Sur commande","short_details":"Moira Buffini \u2014 La Martini\u00e8re jeunesse","translator":null,"weight":604,"page_count":576,"readership":"\u00e0 partir de 15 ans","editor":"La Martini\u00e8re jeunesse","price":2290,"published_date":"2025-10-30T23:00:00.000000Z","support":"Grand format","publisher_availability":1,"stock":1,"editions":["9791040121664"],"url":"https:\/\/quaidesbrumes.com\/ouvrage\/9791040117605\/la-trilogie-des-torches-tome-2-torchfire"},{"id":"9782494362765","title":"Les enfants Boxcar Tome 6 : Le Secret du lagon bleu","description":"Les Enfants Boxcar passent leurs vacances sur une \u00eele d\u00e9serte !\r\nLes Enfants Boxcar sont de retour pour une nouvelle aventure !\r\nLa fratrie soud\u00e9e a pr\u00e9vu de passer ses vacances sur une belle \u00eele du Pacifique ! L'\u00eele est cens\u00e9e \u00eatre d\u00e9serte, mais au fur et \u00e0 mesure que les enfants explorent, ils commencent \u00e0 trouver des indices sugg\u00e9rant qu'ils ne sont pas seuls. Y aurait-il un naufrag\u00e9 vivant quelque part sur l'\u00eele ?\r\nUne s\u00e9rie aux 80 millions de fans, dont le tome 1 a remport\u00e9 le Prix des Embouquineurs.","authors":["Gertrude Chandler Warner","Mireille Pierre"],"category_codes":["2000000","2040000","2040500","2040502"],"visuals":{"large":"https:\/\/images.epagine.fr\/765\/9782494362765_1_75.jpg","medium":"https:\/\/images.epagine.fr\/765\/9782494362765_1_m.jpg","thumbnail":"https:\/\/images.epagine.fr\/765\/9782494362765_1_v.jpg"},"orderable":true,"show_badge":true,"formatted_price":"12,50&nbsp;\u20ac","formatted_published_date":"16 mai 2025","publisher_availability_label":"Sur commande","short_details":"Gertrude Chandler Warner, Mireille Pierre \u2014 Les \u00c9ditions Novel","translator":"MIREILLE PIERRE","weight":196,"page_count":160,"readership":"\u00e0 partir de 9 ANS","editor":"Les \u00c9ditions Novel","price":1250,"published_date":"2025-05-15T22:00:00.000000Z","support":"Grand format","publisher_availability":1,"stock":0,"editions":[],"url":"https:\/\/quaidesbrumes.com\/ouvrage\/9782494362765\/les-enfants-boxcar-tome-6-le-secret-du-lagon-bleu"},{"id":"9782733839935","title":"Mon livre des odeurs et des couleurs ; le monde","description":"Chaque page de gauche pr\u00e9sente une couleur gr\u00e2ce \u00e0 de jolies illustrations simples et enfantines mais que se cache-t-il derri\u00e8re le rabat ? En frottant son doigt l'enfant y d\u00e9couvrira une odeur du monde de la couelur de la page.","authors":["Collectif"],"category_codes":["2000000","2020000","2020500"],"visuals":{"large":"https:\/\/images.epagine.fr\/935\/9782733839935_1_75.jpg","medium":"https:\/\/images.epagine.fr\/935\/9782733839935_1_m.jpg","thumbnail":"https:\/\/images.epagine.fr\/935\/9782733839935_1_v.jpg"},"orderable":true,"show_badge":true,"formatted_price":"11,95&nbsp;\u20ac","formatted_published_date":"8 avril 2016","publisher_availability_label":"Sur commande","short_details":"Collectif \u2014 Auzou","translator":null,"weight":450,"page_count":16,"readership":"\u00e0 partir de 2 ANS","editor":"Auzou","price":1195,"published_date":"2016-04-07T22:00:00.000000Z","support":"Grand format","publisher_availability":1,"stock":0,"editions":[],"url":"https:\/\/quaidesbrumes.com\/ouvrage\/9782733839935\/mon-livre-des-odeurs-et-des-couleurs-le-monde"},{"id":"9782324036859","title":"Mes premi\u00e8res chansons d'animaux","description":"Les incontournables chansons d'animaux dans la vari\u00e9t\u00e9 fran\u00e7aise !\r\nAvec des extraits de chansons originales, ce recueil avec 6 puces sonores est unique. Sur chaque page, l'enfant recherche dans l'illustration le petit bouton qui d\u00e9clenchera la musique.\r\nOn d\u00e9couvrira avec plaisir ces chansons tendres, \u00e9tonnantes autour des animaux : Mirza de Nino Ferrer ; La Baleine bleue de Steve Waring ; Un petit poisson, un petit oiseau interpr\u00e9t\u00e9e par Juliette Gr\u00e9co ; Le chat de la voisine par Yves Montand ; Mon crocodile par Ottawan ainsi que Le Lion est mort ce soir de Pow Wow.\r\nLes illustrations de Daniel Roode accompagnent cette d\u00e9couverte de la vari\u00e9t\u00e9 fran\u00e7aise.","authors":["Daniel Roode"],"category_codes":["2000000","2020000","2020600"],"visuals":{"large":"https:\/\/images.epagine.fr\/859\/9782324036859_1_75.jpg","medium":"https:\/\/images.epagine.fr\/859\/9782324036859_1_m.jpg","thumbnail":"https:\/\/images.epagine.fr\/859\/9782324036859_1_v.jpg"},"orderable":true,"show_badge":true,"formatted_price":"12,00&nbsp;\u20ac","formatted_published_date":"15 mai 2025","publisher_availability_label":"Sur commande","short_details":"Daniel Roode \u2014 Gr\u00fcnd","translator":null,"weight":182,"page_count":6,"readership":"0\/3 ans","editor":"Gr\u00fcnd","price":1200,"published_date":"2025-05-14T22:00:00.000000Z","support":"Grand format","publisher_availability":1,"stock":0,"editions":[],"url":"https:\/\/quaidesbrumes.com\/ouvrage\/9782324036859\/mes-premieres-chansons-danimaux"},{"id":"9782324037962","title":"Dr\u00f4le de popotin : Dinosaure","description":"Viens t'amuser et bouger en rythme avec les dinosaures !\r\nAu fil des pages, pousse, tire, tourne et fais glisser les volets pour animer tes dinosaures pr\u00e9f\u00e9r\u00e9s !\r\nComme eux, danse en rythme, vole dans le ciel et... remue ton dr\u00f4le de popotin !\r","authors":["Kit Frost","Sam Rennocks"],"category_codes":["2000000","2020000","2020500"],"visuals":{"large":"https:\/\/images.epagine.fr\/962\/9782324037962_1_75.jpg","medium":"https:\/\/images.epagine.fr\/962\/9782324037962_1_m.jpg","thumbnail":"https:\/\/images.epagine.fr\/962\/9782324037962_1_v.jpg"},"orderable":true,"show_badge":true,"formatted_price":"9,95&nbsp;\u20ac","formatted_published_date":"2 avril 2026","publisher_availability_label":"Sur commande","short_details":"Kit Frost, Sam Rennocks \u2014 Gr\u00fcnd","translator":null,"weight":256,"page_count":12,"readership":"\u00e0 partir de 1 AN","editor":"Gr\u00fcnd","price":995,"published_date":"2026-04-01T22:00:00.000000Z","support":"Grand format","publisher_availability":1,"stock":0,"editions":[],"url":"https:\/\/quaidesbrumes.com\/ouvrage\/9782324037962\/drole-de-popotin-dinosaure"},{"id":"9782815323437","title":"A l'\u00e9coute des animaux de la nuit : 21 sons \u00e0 \u00e9couter","description":"Ils s'\u00e9veillent au moment o\u00f9 tu pars te coucher... Peut-\u00eatre as-tu eu la chance de croiser un renard dans la nuit ou entendu une chouette hululer.\r\nD\u00e9couvre l'univers fascinant des animaux de la nuit : leurs petites habitudes, leur alimentation, leurs chants et cris... et apprends \u00e0 les reconna\u00eetre.\r\nSanglier, h\u00e9risson, chevreuil, fouine... n'auront plus de secret pour toi !\r","authors":["Xavier Japiot","Michel Luchesi","Maud Bihan"],"category_codes":["2000000","2070000","2070300"],"visuals":{"large":"https:\/\/images.epagine.fr\/437\/9782815323437_1_75.jpg","medium":"https:\/\/images.epagine.fr\/437\/9782815323437_1_m.jpg","thumbnail":"https:\/\/images.epagine.fr\/437\/9782815323437_1_v.jpg"},"orderable":true,"show_badge":false,"formatted_price":"22,50&nbsp;\u20ac","formatted_published_date":"19 septembre 2025","publisher_availability_label":"Sur commande","short_details":"Xavier Japiot, Michel Luchesi, Maud Bihan \u2014 Rusti'kid","translator":null,"weight":644,"page_count":24,"readership":"Tout public","editor":"Rusti'kid","price":2250,"published_date":"2025-09-18T22:00:00.000000Z","support":"Grand format","publisher_availability":1,"stock":1,"editions":[],"url":"https:\/\/quaidesbrumes.com\/ouvrage\/9782815323437\/a-lecoute-des-animaux-de-la-nuit-21-sons-a-ecouter"},{"id":"9782266288941","title":"Le th\u00e9or\u00e8me des Katherine","description":"Dix-neuf fois Colin est tomb\u00e9 amoureux. Dix-neuf fois la fille s'appelait Katherine. Pas Katie, ni Kat, ni Kittie, ni Cathy, et surtout pas Catherine, mais KATHERINE. Et, dix-neuf fois, il s'est fait larguer.","authors":["John Green","Catherine Gibert"],"category_codes":["2000000","2050000","2050200","2050208"],"visuals":{"large":"https:\/\/images.epagine.fr\/941\/9782266288941_1_75.jpg","medium":"https:\/\/images.epagine.fr\/941\/9782266288941_1_m.jpg","thumbnail":"https:\/\/images.epagine.fr\/941\/9782266288941_1_v.jpg"},"orderable":true,"show_badge":true,"formatted_price":"8,10&nbsp;\u20ac","formatted_published_date":"6 septembre 2018","publisher_availability_label":"Sur commande","short_details":"John Green, Catherine Gibert \u2014 Pocket Jeunesse","translator":"CATHERINE GIBERT","weight":190,"page_count":360,"readership":"\u00e0 partir de 12 ANS","editor":"Pocket Jeunesse","price":810,"published_date":"2018-09-05T22:00:00.000000Z","support":"Poche","publisher_availability":1,"stock":0,"editions":["9782092555712"],"url":"https:\/\/quaidesbrumes.com\/ouvrage\/9782266288941\/le-theoreme-des-katherine"},{"id":"9782017266549","title":"Loveless","description":"Georgia n'a jamais \u00e9t\u00e9 amoureuse, n'a jamais embrass\u00e9 qui que ce soit. Elle n'a m\u00eame jamais eu de  crush. Mais en tant que romantique endurcie passionn\u00e9e de fan-fictions, elle est persuad\u00e9e qu'elle finira par trouver SA personne.\r\nOr, lorsqu'elle entre \u00e0 l'universit\u00e9, ses d\u00e9sirs de romance s\u00e8ment la pagaille au sein de son groupe d'amis, La voil\u00e0 embourb\u00e9e dans sa propre tragi-com\u00e9die, \u00e0 se demander pourquoi l'amour para\u00eet si simple pour les autres et pas pour elle. Asexuelle, aromantique : \u00e9tiquet\u00e9e d'un vocabulaire nouveau, Georgia est plus incertaine que jamais face \u00e0 ses sentiments. Est-elle vraiment destin\u00e9e \u00e0 rester sans amour ?","authors":["Alice Oseman","Val\u00e9rie Drouet"],"category_codes":["2000000","2050000","2050200"],"visuals":{"large":"https:\/\/images.epagine.fr\/549\/9782017266549_1_75.jpg","medium":"https:\/\/images.epagine.fr\/549\/9782017266549_1_m.jpg","thumbnail":"https:\/\/images.epagine.fr\/549\/9782017266549_1_v.jpg"},"orderable":true,"show_badge":true,"formatted_price":"7,90&nbsp;\u20ac","formatted_published_date":"5 juin 2024","publisher_availability_label":"Sur commande","short_details":"Alice Oseman, Val\u00e9rie Drouet \u2014 Le Livre de Poche Jeunesse","translator":"VALERIE DROUET","weight":312,"page_count":464,"readership":"\u00e0 partir de 15 ans","editor":"Le Livre de Poche Jeunesse","price":790,"published_date":"2024-06-04T22:00:00.000000Z","support":"Poche","publisher_availability":1,"stock":0,"editions":[],"url":"https:\/\/quaidesbrumes.com\/ouvrage\/9782017266549\/loveless"},{"id":"9782330170103","title":"Jean-Michel a du mal \u00e0 dire non","description":"Jean-Michel, le super caribou des bois, adore rendre service aux habitants de Valbonvent. Un probl\u00e8me ? Pas de panique, Jean-Michel est l\u00e0 ! Mais \u00e0 force de dire oui, pour tout, et \u00e0 tout le monde, notre super h\u00e9ros ne sait plus o\u00f9 donner de la t\u00eate et le voil\u00e0 au bord de la crise de nerf. Heureusement Gis\u00e8le est l\u00e0 pour l'aider \u00e0 s'affirmer, retrouver confiance en lui et lui apprendre \u00e0 s'organiser. Parce qu'on ne rend jamais mieux service que quand on sait aussi dire non.","authors":["Magali Le Huche"],"category_codes":["2000000","2030000","2030400"],"visuals":{"large":"https:\/\/images.epagine.fr\/103\/9782330170103_1_75.jpg","medium":"https:\/\/images.epagine.fr\/103\/9782330170103_1_m.jpg","thumbnail":"https:\/\/images.epagine.fr\/103\/9782330170103_1_v.jpg"},"orderable":true,"show_badge":true,"formatted_price":"13,50&nbsp;\u20ac","formatted_published_date":"9 novembre 2022","publisher_availability_label":"Sur commande","short_details":"Magali Le Huche \u2014 Actes Sud","translator":null,"weight":264,"page_count":40,"readership":"3\/6 ans","editor":"Actes Sud","price":1350,"published_date":"2022-11-08T23:00:00.000000Z","support":"Grand format","publisher_availability":1,"stock":0,"editions":[],"url":"https:\/\/quaidesbrumes.com\/ouvrage\/9782330170103\/jean-michel-a-du-mal-a-dire-non"},{"id":"9782080490513","title":"Je suis en CP : Rose et le roi M\u00e9dor","description":"\u00abRose dit \u00e0 son chien\u00a0:\u00a0- Je veux \u00eatre une reine\u00a0! M\u00e9dor, tu seras mon roi.\u00bb 1 histoire autour d'un son + la version sonore + des activit\u00e9s ludiques. Le son \u00abR\u00bb.","authors":["Magdalena","Emmanuel Ristord"],"category_codes":["2000000","2040000","2040200"],"visuals":{"large":"https:\/\/images.epagine.fr\/513\/9782080490513_1_75.jpg","medium":"https:\/\/images.epagine.fr\/513\/9782080490513_1_m.jpg","thumbnail":"https:\/\/images.epagine.fr\/513\/9782080490513_1_v.jpg"},"orderable":true,"show_badge":true,"formatted_price":"5,80&nbsp;\u20ac","formatted_published_date":"20 ao\u00fbt 2025","publisher_availability_label":"Sur commande","short_details":"Magdalena, Emmanuel Ristord \u2014 P\u00e8re Castor","translator":null,"weight":90,"page_count":32,"readership":"\u00e0 partir de 6 ANS","editor":"P\u00e8re Castor","price":580,"published_date":"2025-08-19T22:00:00.000000Z","support":"Grand format","publisher_availability":1,"stock":0,"editions":[],"url":"https:\/\/quaidesbrumes.com\/ouvrage\/9782080490513\/je-suis-en-cp-rose-et-le-roi-medor"},{"id":"9782211051323","title":"Ma vall\u00e9e (Grand format)","description":"C'est une vall\u00e9e immense, dont les habitants s'appellent les Touim's. Suivez bien la carte. Vous pourrez regarder pousser les Arbres-\u00e0-bateaux. Si vous aimez les labyrinthes, rendez-vous dans la For\u00eat de l'Enfant Perdu. Rencontrez aussi Soyotte et Smargoule...","authors":["Claude Ponti"],"category_codes":["2000000","2030000","2030400"],"visuals":{"large":"https:\/\/images.epagine.fr\/323\/9782211051323_1_75.jpg","medium":"https:\/\/images.epagine.fr\/323\/9782211051323_1_m.jpg","thumbnail":"https:\/\/images.epagine.fr\/323\/9782211051323_1_v.jpg"},"orderable":true,"show_badge":true,"formatted_price":"23,00&nbsp;\u20ac","formatted_published_date":"18 novembre 1998","publisher_availability_label":"Sur commande","short_details":"Claude Ponti \u2014 L'\u00c9cole des loisirs","translator":null,"weight":740,"page_count":48,"readership":"\u00e0 partir de 8 ANS","editor":"L'\u00c9cole des loisirs","price":2300,"published_date":"1998-11-17T23:00:00.000000Z","support":"Grand format","publisher_availability":1,"stock":0,"editions":[],"url":"https:\/\/quaidesbrumes.com\/ouvrage\/9782211051323\/ma-vallee-grand-format"},{"id":"9782203156869","title":"Victor le castor","description":"Victor le castor a un gros d\u00e9faut : il passe son temps \u00e0 tout mordiller. Un coup de dents par-ci, un coup de dents par l\u00e0... Heureusement, son papa a une id\u00e9e pour l'occuper... Un petit r\u00e9cit \u00e0 raconter et \u00e0 jouer par les parents, une histoire qui prend vie gr\u00e2ce \u00e0 une chouette marionnette pour une lecture p\u00e9tillante et rigolote. Le tout-petit devient l'acteur enthousiaste d'une premi\u00e8re lecture tr\u00e8s interactive dans un livre qu'il peut s'approprier.","authors":["H\u00e9l\u00e8ne Chetaud"],"category_codes":["2000000","2020000","2020500"],"visuals":{"large":"https:\/\/images.epagine.fr\/869\/9782203156869_1_75.jpg","medium":"https:\/\/images.epagine.fr\/869\/9782203156869_1_m.jpg","thumbnail":"https:\/\/images.epagine.fr\/869\/9782203156869_1_v.jpg"},"orderable":true,"show_badge":true,"formatted_price":"6,95&nbsp;\u20ac","formatted_published_date":"17 octobre 2018","publisher_availability_label":"Sur commande","short_details":"H\u00e9l\u00e8ne Chetaud \u2014 Casterman","translator":null,"weight":182,"page_count":12,"readership":"0\/3 ans","editor":"Casterman","price":695,"published_date":"2018-10-16T22:00:00.000000Z","support":"Grand format","publisher_availability":1,"stock":0,"editions":[],"url":"https:\/\/quaidesbrumes.com\/ouvrage\/9782203156869\/victor-le-castor"},{"id":"9782211345088","title":"\u00d4 Pinocchio","description":"Le vieux Geppetto fabriquait de beaux jouets en bois. Ce jour-l\u00e0, le bois se mit \u00e0 hurler sous les coups de maillets. Y avait-il quelqu'un de cach\u00e9 ? Geppetto continua de travailler et, soudain, une marionnette sortit du bois, qui bougeait et qui parlait toute seule ! Une marionnette un peu espi\u00e8gle. Son nom? Pinocchio!","authors":["Imme Dros","Carll Cneut","Maurice Lomr\u00e9","Carlo Collodi"],"category_codes":["2000000","2030000","2030400"],"visuals":{"large":"https:\/\/images.epagine.fr\/088\/9782211345088_1_75.jpg","medium":"https:\/\/images.epagine.fr\/088\/9782211345088_1_m.jpg","thumbnail":"https:\/\/images.epagine.fr\/088\/9782211345088_1_v.jpg"},"orderable":true,"show_badge":true,"formatted_price":"18,00&nbsp;\u20ac","formatted_published_date":"5 novembre 2025","publisher_availability_label":"Sur commande","short_details":"Imme Dros, Carll Cneut, Maurice Lomr\u00e9, Carlo Collodi \u2014 L'\u00c9cole des loisirs","translator":"MAURICE LOMRE","weight":593,"page_count":64,"readership":"\u00e0 partir de 6 ANS","editor":"L'\u00c9cole des loisirs","price":1800,"published_date":"2025-11-04T23:00:00.000000Z","support":"Grand format","publisher_availability":1,"stock":0,"editions":[],"url":"https:\/\/quaidesbrumes.com\/ouvrage\/9782211345088\/o-pinocchio"},{"id":"9782226503237","title":"Les motifs des saisons","description":"Un tour du monde des saisons, en po\u00e8mes et en images. En fin d'ouvrage, une planche d'autocollants repositionnables pour compl\u00e9ter les d\u00e9cors et cr\u00e9er ses propres histoires !","authors":["S\u00e9bastien Perez","Justine Brax"],"category_codes":["2000000","2030000","2030400"],"visuals":{"large":"https:\/\/images.epagine.fr\/237\/9782226503237_1_75.jpg","medium":"https:\/\/images.epagine.fr\/237\/9782226503237_1_m.jpg","thumbnail":"https:\/\/images.epagine.fr\/237\/9782226503237_1_v.jpg"},"orderable":true,"show_badge":true,"formatted_price":"19,00&nbsp;\u20ac","formatted_published_date":"29 octobre 2025","publisher_availability_label":"Sur commande","short_details":"S\u00e9bastien Perez, Justine Brax \u2014 Albin Michel","translator":null,"weight":430,"page_count":24,"readership":"\u00e0 partir de 6 ANS","editor":"Albin Michel","price":1900,"published_date":"2025-10-28T23:00:00.000000Z","support":"Grand format","publisher_availability":1,"stock":0,"editions":[],"url":"https:\/\/quaidesbrumes.com\/ouvrage\/9782226503237\/les-motifs-des-saisons"},{"id":"9782408060626","title":"R\u00e9mus et Romulus","description":"Abandonn\u00e9s et recueillis par une louve au bord d'un fleuve, les jumeaux R\u00e9mus et Romulus grandissent sans conna\u00eetre leurs origines royales. Devenus adultes, ils apprennent l'histoire de leur famille et partent construire leur propre cit\u00e9 sur le mont Palatin. Mais qui des deux la gouvernera ?\u00a0Des r\u00e9f\u00e9rences mythologiques incontournables\u00a0\r\nCet ouvrage fait d\u00e9couvrir aux jeunes enfants le c\u00e9l\u00e8bre mythe de la fondation de Rome. La l\u00e9gende raconte comment une louve a recueilli les jumeaux R\u00e9mus et Romulus, et comment la ville de Rome a \u00e9t\u00e9 fond\u00e9e.\u00a0Un documentaire narratif\u00a0\r\nGr\u00e2ce \u00e0 la narration, l'enfant apprend du vocabulaire \u00ab mine de rien \u00bb. Qu'est-ce que le mont Palatin ? Les augures ? L'information passe aussi par de la culture g\u00e9n\u00e9rale en lien avec le mythe, en expliquant la l\u00e9gende de la fondation de la ville de Rome... en plus de l'histoire des jumeaux Romulus et R\u00e9mus, l'un des mythes romains les plus c\u00e9l\u00e8bres. Chaque terme compliqu\u00e9 est expliqu\u00e9 par son contexte ou dans le corps du texte. Avec un arbre g\u00e9n\u00e9alogique des h\u00e9ros pour mieux comprendre les liens entre les personnages, une page d'ouverture pour mettre en contexte le mythe, et une page de conclusion qui raccroche le texte au quotidien des enfants !","authors":["Camille Masson","Amelie Pecot"],"category_codes":["2000000","2070000","2070400"],"visuals":{"large":"https:\/\/images.epagine.fr\/626\/9782408060626_1_75.jpg","medium":"https:\/\/images.epagine.fr\/626\/9782408060626_1_m.jpg","thumbnail":"https:\/\/images.epagine.fr\/626\/9782408060626_1_v.jpg"},"orderable":true,"show_badge":true,"formatted_price":"7,90&nbsp;\u20ac","formatted_published_date":"7 janvier 2026","publisher_availability_label":"Sur commande","short_details":"Camille Masson, Amelie Pecot \u2014 Milan","translator":null,"weight":252,"page_count":32,"readership":"\u00e0 partir de 5 ANS","editor":"Milan","price":790,"published_date":"2026-01-06T23:00:00.000000Z","support":"Grand format","publisher_availability":1,"stock":0,"editions":[],"url":"https:\/\/quaidesbrumes.com\/ouvrage\/9782408060626\/remus-et-romulus"},{"id":"9782211322515","title":"Comment apprivoiser une grenouille","description":"Alors comme \u00e7a tu veux une grenouille, mon petit Cl\u00e9ment ? Tu as raison, c'est un animal charmant. Pour l'approcher, chante-lui une chanson. Tu chantes comme une casserole ? Prends des cours chez un lutin des montagnes. Ils sont m\u00e9fiants ? Captures-en un ! Mais attention aux ours \u00e0 moustaches... Bon, d'accord, apprivoiser une grenouille, c'est pas du g\u00e2teau, mais au bout de tes \u00e9preuves, il y aura peut-\u00eatre une r\u00e9compense. Ou un bisou.","authors":["Rudy Spiessert"],"category_codes":["2000000","2030000","2030400"],"visuals":{"large":"https:\/\/images.epagine.fr\/515\/9782211322515_1_75.jpg","medium":"https:\/\/images.epagine.fr\/515\/9782211322515_1_m.jpg","thumbnail":"https:\/\/images.epagine.fr\/515\/9782211322515_1_v.jpg"},"orderable":true,"show_badge":true,"formatted_price":"14,00&nbsp;\u20ac","formatted_published_date":"12 octobre 2022","publisher_availability_label":"Sur commande","short_details":"Rudy Spiessert \u2014 L'\u00c9cole des loisirs","translator":null,"weight":356,"page_count":44,"readership":"3\/6 ans","editor":"L'\u00c9cole des loisirs","price":1400,"published_date":"2022-10-11T22:00:00.000000Z","support":"Grand format","publisher_availability":1,"stock":0,"editions":[],"url":"https:\/\/quaidesbrumes.com\/ouvrage\/9782211322515\/comment-apprivoiser-une-grenouille"},{"id":"9782226494559","title":"Autre-Monde Tome 7 : Gen\u00e8se","description":"Traqu\u00e9s par l'empereur et par Entropia, Matt, Tobias, Ambre et les leurs doivent fuir au Proche-Orient pour s'emparer du dernier coeur de la Terre avant qu'il ne soit d\u00e9truit. Pour cela, ils devront passer par un monde souterrain rempli de dangers et traverser la mer en \u00e9vitant les troupes de l'Empire. Mais leurs ennemis sont rapides. La guerre est proche. Les sacrifices n\u00e9cessaires. L'ultime course-poursuite est d\u00e9clar\u00e9e. Autre-Monde s'ach\u00e8ve et livre enfin tous ses secrets.","authors":["Maxime Chattam"],"category_codes":["2000000","2050000","2050200","2050205"],"visuals":{"large":"https:\/\/images.epagine.fr\/559\/9782226494559_1_75.jpg","medium":"https:\/\/images.epagine.fr\/559\/9782226494559_1_m.jpg","thumbnail":"https:\/\/images.epagine.fr\/559\/9782226494559_1_v.jpg"},"orderable":true,"show_badge":true,"formatted_price":"19,90&nbsp;\u20ac","formatted_published_date":"25 f\u00e9vrier 2026","publisher_availability_label":"Sur commande","short_details":"Maxime Chattam \u2014 Albin Michel","translator":null,"weight":810,"page_count":640,"readership":"\u00e0 partir de 13 ANS","editor":"Albin Michel","price":1990,"published_date":"2026-02-24T23:00:00.000000Z","support":"Grand format","publisher_availability":1,"stock":0,"editions":["9782226393074"],"url":"https:\/\/quaidesbrumes.com\/ouvrage\/9782226494559\/autre-monde-tome-7-genese"},{"id":"9782081431256","title":"Jacques et le haricot magique","description":"Jacques rentre chez lui avec des haricots pr\u00e9tendus magiques. Pendant la nuit, un haricot pousse tr\u00e8s haut dans le ciel... jusqu'au pays des nuages et du ch\u00e2teau de l'ogre ! Une incroyable aventure qui pourrait les sauver de la mis\u00e8re sa m\u00e8re et lui...","authors":["Robert Giraud"],"category_codes":["2000000","2030000","2030400"],"visuals":{"large":"https:\/\/images.epagine.fr\/256\/9782081431256_1_75.jpg","medium":"https:\/\/images.epagine.fr\/256\/9782081431256_1_m.jpg","thumbnail":"https:\/\/images.epagine.fr\/256\/9782081431256_1_v.jpg"},"orderable":true,"show_badge":true,"formatted_price":"5,95&nbsp;\u20ac","formatted_published_date":"30 mai 2018","publisher_availability_label":"Sur commande","short_details":"Robert Giraud \u2014 P\u00e8re Castor","translator":null,"weight":110,"page_count":32,"readership":"3\/6 ans","editor":"P\u00e8re Castor","price":595,"published_date":"2018-05-29T22:00:00.000000Z","support":"Grand format","publisher_availability":1,"stock":0,"editions":[],"url":"https:\/\/quaidesbrumes.com\/ouvrage\/9782081431256\/jacques-et-le-haricot-magique"}]}