{"data":[{"id":"9791036324703","title":"La cabane magique Tome 50 : le dragon de feu","description":"Tom, L\u00e9a et leur petit chien Oki sont invit\u00e9s \u00e0 se rendre de toute urgence \u00e0 Camelot ! La reine Gueni\u00e8vre les informe que des ennemis ont pill\u00e9 le ch\u00e2teau. Ils ont emport\u00e9 le dragon d'or, qui ouvrait le portail magique de l'\u00eele d'Avalon. Lors de l'attaque, le roi Arthur a \u00e9t\u00e9 gravement bless\u00e9. Les enfants doivent vite retrouver la statue du dragon d'or pour rouvrir le portail d'Avalon ! Ainsi, ils pourront aller chercher les plantes qui gu\u00e9riront le roi Arthur !","authors":["Mary Pope Osborne","Sidonie Van Den Dries"],"category_codes":["2000000","2040000","2040300"],"visuals":{"large":"https:\/\/images.epagine.fr\/703\/9791036324703_1_75.jpg","medium":"https:\/\/images.epagine.fr\/703\/9791036324703_1_m.jpg","thumbnail":"https:\/\/images.epagine.fr\/703\/9791036324703_1_v.jpg"},"orderable":true,"show_badge":true,"formatted_price":"6,90&nbsp;\u20ac","formatted_published_date":"27 janvier 2021","publisher_availability_label":"Sur commande","short_details":"Mary Pope Osborne, Sidonie Van Den Dries \u2014 Bayard Jeunesse","translator":"SIDONIE VAN DEN DRIES","weight":230,"page_count":160,"readership":"\u00e0 partir de 6 ANS","editor":"Bayard Jeunesse","price":690,"published_date":"2021-01-26T23:00:00.000000Z","support":"Poche","publisher_availability":1,"stock":0,"editions":[],"url":"https:\/\/quaidesbrumes.com\/ouvrage\/9791036324703\/la-cabane-magique-tome-50-le-dragon-de-feu"},{"id":"9782382891735","title":"Mister Goupil & Monsieur Le Chick Tome 2 : Tel est pris qui croyait surprendre","description":"Cette fois-ci, le gouverneur Red Rousteur a trouv\u00e9 le pi\u00e8ge parfait pour se d\u00e9barrasser de Mister Goupil\u00a0: il va faire emprisonner les plus honn\u00eates villageois de Mont-le-Roy. \u00c0 coup s\u00fbr, le justicier masqu\u00e9 va vouloir les lib\u00e9rer, et l\u00e0, ses troupes seront en place pour le capturer\u00a0! Mais parmi ces villageois, il y a un certain Monsieur le Chick... et comme celui-ci et Mister Goupil ne font qu'un, les prisonniers risquent d'attendre tr\u00e8s, tr\u00e8s longtemps derri\u00e8re les barreaux\u00a0! Heureusement, le renard a plus d'un tour dans son sac. Avec le fid\u00e8le Sir Persh et l'intr\u00e9pide Sylvia \u00e0 ses c\u00f4t\u00e9s, la contre-attaque promet d'\u00eatre aussi dr\u00f4le que mouvement\u00e9e\u00a0!\r\n\u00ab\u00a0Les Aventures indispensables de Mister Goupil et Monsieur Le Chick\u00a0\u00bb c'est une s\u00e9rie truculente et pleine d'humour o\u00f9 les h\u00e9ros empruntent tant \u00e0 Zorro et Batman qu'\u00e0 Cyrano de Bergerac et aux protagonistes des films noirs des ann\u00e9es cinquante. Des aventures qui s\u00e9duiront les enfants... et les plus grands\u00a0!","authors":["Vinasely"],"category_codes":["2000000","2030000","2030400"],"visuals":{"large":"https:\/\/images.epagine.fr\/735\/9782382891735_1_75.jpg","medium":"https:\/\/images.epagine.fr\/735\/9782382891735_1_m.jpg","thumbnail":"https:\/\/images.epagine.fr\/735\/9782382891735_1_v.jpg"},"orderable":true,"show_badge":true,"formatted_price":"15,00&nbsp;\u20ac","formatted_published_date":"15 avril 2026","publisher_availability_label":"Sur commande","short_details":"Vinasely \u2014 Caurette","translator":null,"weight":467,"page_count":48,"readership":"\u00e0 partir de 5 ANS","editor":"Caurette","price":1500,"published_date":"2026-04-14T22:00:00.000000Z","support":"Grand format","publisher_availability":1,"stock":0,"editions":[],"url":"https:\/\/quaidesbrumes.com\/ouvrage\/9782382891735\/mister-goupil-monsieur-le-chick-tome-2-tel-est-pris-qui-croyait-surprendre"},{"id":"9791040807261","title":"Le loir \u00e0 la th\u00e9i\u00e8re","description":"Lewis, le petit loir, vit heureux avec sa famille au coeur de la for\u00eat. Sa passion, ce sont les marrons : il en a toute une collection. Mais un terrible soir d'automne, un incendie le s\u00e9pare des siens. D'abord affole' et perdu, le petit loir reprend courage et d\u00e9cide de retrouver ses parents. Pour la premi\u00e8re fois de sa courte vie, il va devoir se d\u00e9brouiller seul... L'occasion de faire confiance \u00e0 son ing\u00e9niosit\u00e9', qu'il a grande !","authors":["Anahita Ettehadi","Juliette Lagrange"],"category_codes":["2000000","2030000","2030400"],"visuals":{"large":"https:\/\/images.epagine.fr\/261\/9791040807261_1_75.jpg","medium":"https:\/\/images.epagine.fr\/261\/9791040807261_1_m.jpg","thumbnail":"https:\/\/images.epagine.fr\/261\/9791040807261_1_v.jpg"},"orderable":true,"show_badge":true,"formatted_price":"6,50&nbsp;\u20ac","formatted_published_date":"2 janvier 2025","publisher_availability_label":"Sur commande","short_details":"Anahita Ettehadi, Juliette Lagrange \u2014 Sarbacane","translator":null,"weight":95,"page_count":40,"readership":"3\/6 ans","editor":"Sarbacane","price":650,"published_date":"2025-01-01T23:00:00.000000Z","support":"Grand format","publisher_availability":1,"stock":0,"editions":["9782377317578"],"url":"https:\/\/quaidesbrumes.com\/ouvrage\/9791040807261\/le-loir-a-la-theiere"},{"id":"9782080415660","title":"Les ann\u00e9es cr\u00e8che : Comment parler de la mort aux tout-petits ?","description":"Minou est parti pour toujours et toute la famille est tr\u00e8s triste. Comment trouver les mots justes pour en parler ? Madeleine et Flore Brunelet sont m\u00e8re et fille. L'une est illustratrice, l'autre psychologue. Elles ont con\u00e7u Les Ann\u00e9es cr\u00e8che \u00e0 quatre mains : une histoire et des conseils pour mieux comprendre ce qu'il se passe dans la t\u00eate d'un tout-petit... et de ses parents !","authors":["Flore Brunelet","Madeleine Brunelet"],"category_codes":["2000000","2020000","2020400"],"visuals":{"large":"https:\/\/images.epagine.fr\/660\/9782080415660_1_75.jpg","medium":"https:\/\/images.epagine.fr\/660\/9782080415660_1_m.jpg","thumbnail":"https:\/\/images.epagine.fr\/660\/9782080415660_1_v.jpg"},"orderable":true,"show_badge":true,"formatted_price":"6,90&nbsp;\u20ac","formatted_published_date":"10 janvier 2024","publisher_availability_label":"Sur commande","short_details":"Flore Brunelet, Madeleine Brunelet \u2014 P\u00e8re Castor","translator":null,"weight":178,"page_count":24,"readership":"0\/3 ans","editor":"P\u00e8re Castor","price":690,"published_date":"2024-01-09T23:00:00.000000Z","support":"Grand format","publisher_availability":1,"stock":0,"editions":[],"url":"https:\/\/quaidesbrumes.com\/ouvrage\/9782080415660\/les-annees-creche-comment-parler-de-la-mort-aux-tout-petits"},{"id":"9782226403636","title":"Elisabeth, princesse \u00e0 Versailles Tome 11 : le secret de Bertille","description":"Le mariage Clotilde, la soeur d'\u00c9lisabeth, avec un prince italien approche et les deux jeunes filles sont bien tristes de devoir bient\u00f4t se quitter. D\u00e9sirant profiter d'elle au maximum, \u00c9lisabeth accompagne Clotilde \u00e0 Saint-Cyr o\u00f9 elle doit se rendre pour pr\u00e9parer son mariage. C'est \u00e0 Saint-Cyr qu'\u00c9lisabeth rencontre Bertille, une jeune fille oblig\u00e9e de se d\u00e9guiser en paysan pour subvenir aux besoins de sa famille. Alors, lorsqu'Elisabeth apprend qu'il existerait un tr\u00e9sor cach\u00e9 par les Templiers dans la propri\u00e9t\u00e9 de la famille de Bertille, elle se lance aussit\u00f4t \u00e0 sa recherche, bien d\u00e9cid\u00e9e \u00e0 r\u00e9soudre cette nouvelle \u00e9nigme ! \u00c0 partir de 8 ans.","authors":["Annie Jay","Ariane Delrieu"],"category_codes":["2000000","2040000","2040500","2040507"],"visuals":{"large":"https:\/\/images.epagine.fr\/636\/9782226403636_1_75.jpg","medium":"https:\/\/images.epagine.fr\/636\/9782226403636_1_m.jpg","thumbnail":"https:\/\/images.epagine.fr\/636\/9782226403636_1_v.jpg"},"orderable":true,"show_badge":true,"formatted_price":"7,90&nbsp;\u20ac","formatted_published_date":"29 ao\u00fbt 2018","publisher_availability_label":"Sur commande","short_details":"Annie Jay, Ariane Delrieu \u2014 Albin Michel","translator":null,"weight":242,"page_count":144,"readership":"\u00e0 partir de 8 ANS","editor":"Albin Michel","price":790,"published_date":"2018-08-28T22:00:00.000000Z","support":"Grand format","publisher_availability":1,"stock":0,"editions":[],"url":"https:\/\/quaidesbrumes.com\/ouvrage\/9782226403636\/elisabeth-princesse-a-versailles-tome-11-le-secret-de-bertille"},{"id":"9782075188296","title":"La famille Colibri emm\u00e9nage","description":"Gustave est tr\u00e8s triste de devoir d\u00e9m\u00e9nager. Avoir une chambre plus grande ne suffit m\u00eame pas \u00e0 le consoler. Il pr\u00e9tend alors avoir oubli\u00e9 son doudou dans l'ancien appartement... Mila, qui comprend le chagrin de son petit fr\u00e8re, d\u00e9cide de l'aider ! Dans l'immeuble du 17 rue Mine de Rien, on se c\u00f4toie volontiers, la vie bat son plein. Entre voisins des liens se tissent, les enfants vivent de petites et grandes aventures.\r\nEt ce qui est dr\u00f4le, c'est de croiser le Dr Cat qui a son cabinet dans l'immeuble ! Des petites fictions de la vie quotidienne en prolongement de la collection Mine de rien.","authors":["Catherine Dolto","Colline Faure-poir\u00e9e","Robin"],"category_codes":["2000000","2030000","2030400"],"visuals":{"large":"https:\/\/images.epagine.fr\/296\/9782075188296_1_75.jpg","medium":"https:\/\/images.epagine.fr\/296\/9782075188296_1_m.jpg","thumbnail":"https:\/\/images.epagine.fr\/296\/9782075188296_1_v.jpg"},"orderable":true,"show_badge":true,"formatted_price":"8,90&nbsp;\u20ac","formatted_published_date":"7 novembre 2024","publisher_availability_label":"Sur commande","short_details":"Catherine Dolto, Colline Faure-poir\u00e9e, Robin \u2014 Gallimard Jeunesse-Giboul\u00e9es","translator":null,"weight":158,"page_count":48,"readership":"3\/6 ans","editor":"Gallimard Jeunesse-Giboul\u00e9es","price":890,"published_date":"2024-11-06T23:00:00.000000Z","support":"Grand format","publisher_availability":1,"stock":0,"editions":[],"url":"https:\/\/quaidesbrumes.com\/ouvrage\/9782075188296\/la-famille-colibri-emmenage"},{"id":"9782383870869","title":"Crocus et le bruit !","description":"Crocus, mets tes habits ! La vie d'un petit enfant n'est pas de tout repos... ni celle de sa maman d'ailleurs et, parfois, elle ne sait plus trop o\u00f9 donner de la t\u00eate ! Sophie Guerrive continue de d\u00e9ployer l'univers de l'ours Tulipe : que ce soit pour les grands, dans la s\u00e9rie principale \"Tulipe\", ou pour les jeunes lecteurs avec \"le Club des Amis\", Sophie Guerrive touche toujours juste ! Elle sait mieux que personne guider notre regard vers ces choses qui sont juste devant nous, mais qui nous avaient \u00e9chapp\u00e9es. Cette fois, c'est le serpent Crocus qui prend les commandes pour aider les tout-petits \u00e0 mieux appr\u00e9hender les grandes questions et petits probl\u00e8mes du quotidien. Et si ces courtes histoires pleines de tendresse raviront les tout-petits, leur malice saura aussi toucher le coeur de leurs parents !","authors":["Sophie Guerrive"],"category_codes":["2000000","2020000","2020300"],"visuals":{"large":"https:\/\/images.epagine.fr\/869\/9782383870869_1_75.jpg","medium":"https:\/\/images.epagine.fr\/869\/9782383870869_1_m.jpg","thumbnail":"https:\/\/images.epagine.fr\/869\/9782383870869_1_v.jpg"},"orderable":true,"show_badge":false,"formatted_price":"8,90&nbsp;\u20ac","formatted_published_date":"15 mars 2024","publisher_availability_label":"Sur commande","short_details":"Sophie Guerrive \u2014 \u00c9ditions 2024","translator":null,"weight":130,"page_count":24,"readership":"0\/3 ans","editor":"\u00c9ditions 2024","price":890,"published_date":"2024-03-14T23:00:00.000000Z","support":"Grand format","publisher_availability":1,"stock":1,"editions":[],"url":"https:\/\/quaidesbrumes.com\/ouvrage\/9782383870869\/crocus-et-le-bruit"},{"id":"9782211332378","title":"Une ann\u00e9e ensemble","description":"Chez eux, les saisons se succ\u00e8dent paisiblement. L'ann\u00e9e est ponctu\u00e9e de f\u00eates et de sorties culturelles, mais aussi rythm\u00e9e par le travail, les courses et l'\u00e9cole. Ils partagent tout, l'espace et les sentiments forts. Personne n'est exclu, ni les vieillards, ni les sans-abri. Le potager est partag\u00e9, l'\u00e9picerie est solidaire. Comme il est \u00e9loquent, cet imagier sans paroles ! Est-ce la vie r\u00eav\u00e9e des chats qu'il nous d\u00e9peint, ou un aper\u00e7u de la n\u00f4tre, possible ?","authors":["Claire Lebourg"],"category_codes":["2000000","2020000","2020400"],"visuals":{"large":"https:\/\/images.epagine.fr\/378\/9782211332378_1_75.jpg","medium":"https:\/\/images.epagine.fr\/378\/9782211332378_1_m.jpg","thumbnail":"https:\/\/images.epagine.fr\/378\/9782211332378_1_v.jpg"},"orderable":true,"show_badge":true,"formatted_price":"17,50&nbsp;\u20ac","formatted_published_date":"6 mars 2024","publisher_availability_label":"Sur commande","short_details":"Claire Lebourg \u2014 L'\u00c9cole des loisirs","translator":null,"weight":566,"page_count":56,"readership":"\u00e0 partir de 2 ANS","editor":"L'\u00c9cole des loisirs","price":1750,"published_date":"2024-03-05T23:00:00.000000Z","support":"Grand format","publisher_availability":1,"stock":0,"editions":[],"url":"https:\/\/quaidesbrumes.com\/ouvrage\/9782211332378\/une-annee-ensemble"},{"id":"9782075107907","title":"Enfant de la jungle","description":"Will passe de belles vacances avec sa m\u00e8re en Indon\u00e9sie. Un jour, il r\u00e9alise son r\u00eave : une promenade \u00e0 dos d'\u00e9l\u00e9phant, le long de la plage. Mais c'est \u00e0 ce moment que frappe le tsunami d\u00e9vastateur. Oona l'\u00e9l\u00e9phante s'enfuit \u00e0 temps vers la for\u00eat, sauvant la vie du gar\u00e7on. Perdu au coeur de l'\u00e9paisse v\u00e9g\u00e9tation, Will n'est pas seul au monde : l'\u00e9l\u00e9phante fait de lui un enfant de la jungle...","authors":["Michael Morpurgo","Diane M\u00e9nard"],"category_codes":["2000000","2040000","2040500"],"visuals":{"large":"https:\/\/images.epagine.fr\/907\/9782075107907_1_75.jpg","medium":"https:\/\/images.epagine.fr\/907\/9782075107907_1_m.jpg","thumbnail":"https:\/\/images.epagine.fr\/907\/9782075107907_1_v.jpg"},"orderable":true,"show_badge":true,"formatted_price":"8,90&nbsp;\u20ac","formatted_published_date":"11 octobre 2018","publisher_availability_label":"Sur commande","short_details":"Michael Morpurgo, Diane M\u00e9nard \u2014 Gallimard Jeunesse","translator":"DIANE MENARD","weight":190,"page_count":304,"readership":"\u00e0 partir de 10 ANS","editor":"Gallimard Jeunesse","price":890,"published_date":"2018-10-10T22:00:00.000000Z","support":"Poche","publisher_availability":1,"stock":0,"editions":[],"url":"https:\/\/quaidesbrumes.com\/ouvrage\/9782075107907\/enfant-de-la-jungle"},{"id":"9791036372506","title":"Chair de poule Tome 19 : L'\u00eele des r\u00e9ducteurs de t\u00eate","description":"Arriv\u00e9 sur l'\u00eele de Baladora pour assister sa tante exploratrice, Marc d\u00e9couvre qu'elle a disparu pour prot\u00e9ger la magie de la jungle. Alors qu'il s'enfonce dans la jungle \u00e0 sa recherche, sa t\u00eate r\u00e9duite, cadeau de sa tante, se met \u00e0 luire d\u00e8s qu'il est face \u00e0 une menace... \r\nUne nouvelle intrigue terrifiante\r\nAvec ce nouveau tome de Chair de Poule, enfoncez-vous dans la jungle et ses innombrables dangers, mais gare aux r\u00e9ducteurs de t\u00eates... \r\nRelook de la s\u00e9rie frisson mythique  \r\nSes nouvelles illustrations de couvertures plus modernes, faites par des sp\u00e9cialistes du jeu vid\u00e9o, vous donneront encore plus la chair de poule !\r\nUne adaptation tout aussi effrayante !\r\nSuivez les aventures horrifiques des monstres, cr\u00e9atures et fant\u00f4mes de Chair de Poule dans la nouvelle s\u00e9rie sur Disney +.","authors":["R. L. Stine","Isma Khelifati"],"category_codes":["2000000","2040000","2040500","2040503"],"visuals":{"large":"https:\/\/images.epagine.fr\/506\/9791036372506_1_75.jpg","medium":"https:\/\/images.epagine.fr\/506\/9791036372506_1_m.jpg","thumbnail":"https:\/\/images.epagine.fr\/506\/9791036372506_1_v.jpg"},"orderable":true,"show_badge":true,"formatted_price":"6,50&nbsp;\u20ac","formatted_published_date":"2 avril 2025","publisher_availability_label":"Sur commande","short_details":"R. L. Stine, Isma Khelifati \u2014 Bayard Jeunesse","translator":"ISMA KHELIFATI","weight":140,"page_count":144,"readership":"\u00e0 partir de 9 ANS","editor":"Bayard Jeunesse","price":650,"published_date":"2025-04-01T22:00:00.000000Z","support":"Poche","publisher_availability":1,"stock":0,"editions":[],"url":"https:\/\/quaidesbrumes.com\/ouvrage\/9791036372506\/chair-de-poule-tome-19-lile-des-reducteurs-de-tete"},{"id":"9782017351528","title":"La b\u00eate et Bethany Tome 2 : La revanche de la b\u00eate","description":"Depuis qu'elle a vaincu la b\u00eate, Bethany a d\u00e9cid\u00e9 de devenir une bonne personne et d'obliger Ebenezer \u00e0 en faire autant.Pour commencer, elle veut se r\u00e9concilier avec les victimes de ses mauvaises blagues. Mais elles ne sont pas toutes pr\u00eates \u00e0 lui pardonner.\u00a0 Ebenezer, de son c\u00f4t\u00e9, regrette en secret la vie facile que lui offrait la b\u00eate. C'est tellement fatiguant, de bien se comporter !\u00a0 Quant \u00e0 Claudette, leur nouvelle amie \u00e0 plumes, elle est patraque, ces derniers temps. Qu'a-t-elle aval\u00e9 de travers ?Ils feraient bien de s'en inqui\u00e9ter...","authors":["Jack Meggitt-Phillips","Isabelle Follath","Dominique Kugler"],"category_codes":["2000000","2040000","2040500","2040503"],"visuals":{"large":"https:\/\/images.epagine.fr\/528\/9782017351528_1_75.jpg","medium":"https:\/\/images.epagine.fr\/528\/9782017351528_1_m.jpg","thumbnail":"https:\/\/images.epagine.fr\/528\/9782017351528_1_v.jpg"},"orderable":true,"show_badge":true,"formatted_price":"6,90&nbsp;\u20ac","formatted_published_date":"15 octobre 2025","publisher_availability_label":"Sur commande","short_details":"Jack Meggitt-Phillips, Isabelle Follath, Dominique Kugler \u2014 Le Livre de Poche Jeunesse","translator":"DOMINIQUE KUGLER","weight":180,"page_count":288,"readership":"\u00e0 partir de 10 ANS","editor":"Le Livre de Poche Jeunesse","price":690,"published_date":"2025-10-14T22:00:00.000000Z","support":"Poche","publisher_availability":1,"stock":0,"editions":[],"url":"https:\/\/quaidesbrumes.com\/ouvrage\/9782017351528\/la-bete-et-bethany-tome-2-la-revanche-de-la-bete"},{"id":"9782361937836","title":"Vert-nature","description":"Vert nature ! emm\u00e8ne les tout-petits \u00e0 la d\u00e9couverte des couleurs. Cach\u00e9es dans la nature, elles sont r\u00e9v\u00e9l\u00e9es par des flaps. La simplicit\u00e9 du graphisme, la gaiet\u00e9 des couleurs et le naturel des textes de Annette Tamarkin\r\nfont de ses livres des succ\u00e8s aupr\u00e8s des enfants.","authors":["Annette Tamarkin"],"category_codes":["2000000","2020000","2020500"],"visuals":{"large":"https:\/\/images.epagine.fr\/836\/9782361937836_1_75.jpg","medium":"https:\/\/images.epagine.fr\/836\/9782361937836_1_m.jpg","thumbnail":"https:\/\/images.epagine.fr\/836\/9782361937836_1_v.jpg"},"orderable":true,"show_badge":false,"formatted_price":"13,50&nbsp;\u20ac","formatted_published_date":"6 novembre 2025","publisher_availability_label":"Sur commande","short_details":"Annette Tamarkin \u2014 \u00c9ditions des Grandes Personnes","translator":null,"weight":234,"page_count":10,"readership":"0\/3 ans","editor":"\u00c9ditions des Grandes Personnes","price":1350,"published_date":"2025-11-05T23:00:00.000000Z","support":"Grand format","publisher_availability":1,"stock":1,"editions":[],"url":"https:\/\/quaidesbrumes.com\/ouvrage\/9782361937836\/vert-nature"},{"id":"9782075204606","title":"Meuh : Les sons de la ferme ; Huit sons + une comptine","description":"Vache ou poule ? Mouton ou canard ?... \u00c0 chaque page, l'enfant appuie plusieurs fois sur la puce et devine ce qu'il entend ! Avec la comptine Il \u00e9tait une fermi\u00e8re. Un format irr\u00e9sistible pour les tout-petits : pour la premi\u00e8re fois, des livres sonores en forme d'animaux !","authors":["Caroline Dall'ava"],"category_codes":["2000000","2020000","2020200"],"visuals":{"large":"https:\/\/images.epagine.fr\/606\/9782075204606_1_75.jpg","medium":"https:\/\/images.epagine.fr\/606\/9782075204606_1_m.jpg","thumbnail":"https:\/\/images.epagine.fr\/606\/9782075204606_1_v.jpg"},"orderable":true,"show_badge":true,"formatted_price":"12,50&nbsp;\u20ac","formatted_published_date":"16 mai 2024","publisher_availability_label":"Sur commande","short_details":"Caroline Dall'ava \u2014 Gallimard Jeunesse","translator":null,"weight":272,"page_count":10,"readership":"\u00e0 partir de 1 AN","editor":"Gallimard Jeunesse","price":1250,"published_date":"2024-05-15T22:00:00.000000Z","support":"Grand format","publisher_availability":1,"stock":0,"editions":[],"url":"https:\/\/quaidesbrumes.com\/ouvrage\/9782075204606\/meuh-les-sons-de-la-ferme-huit-sons-une-comptine"},{"id":"9782075219631","title":"Les royaumes de feu Tome 1 : La proph\u00e9tie","description":"\u00abLa Nuit-la-plus-Claire arrive, les trois lunes seront pleines en m\u00eame temps pour la premi\u00e8re fois depuis un si\u00e8cle. Les Dragonnets du Destin doivent \u00e9clore demain !\u00bb Au coeur d'un monde divis\u00e9, de jeunes dragons de cinq clans diff\u00e9rents, aussi valeureux qu'attachants, vont d\u00e9couvrir leur destin : le premier tome d'une saga flamboyante. EN BONUS : Une version alternative du premier chapitre et une interview de Tui T. Sutherland.","authors":["Tui T. Sutherland","Joy Ang","Vanessa Rubio-Barreau"],"category_codes":["2000000","2040000","2040500","2040504"],"visuals":{"large":"https:\/\/images.epagine.fr\/631\/9782075219631_1_75.jpg","medium":"https:\/\/images.epagine.fr\/631\/9782075219631_1_m.jpg","thumbnail":"https:\/\/images.epagine.fr\/631\/9782075219631_1_v.jpg"},"orderable":true,"show_badge":true,"formatted_price":"25,00&nbsp;\u20ac","formatted_published_date":"27 f\u00e9vrier 2025","publisher_availability_label":"Sur commande","short_details":"Tui T. Sutherland, Joy Ang, Vanessa Rubio-Barreau \u2014 Gallimard Jeunesse","translator":"VANESSA RUBIO-BARREAU","weight":603,"page_count":416,"readership":"\u00e0 partir de 6 ANS","editor":"Gallimard Jeunesse","price":2500,"published_date":"2025-02-26T23:00:00.000000Z","support":"Grand format","publisher_availability":1,"stock":0,"editions":[],"url":"https:\/\/quaidesbrumes.com\/ouvrage\/9782075219631\/les-royaumes-de-feu-tome-1-la-prophetie"},{"id":"9782408060923","title":"La R\u00e9volution fran\u00e7aise","description":"Pourquoi ? Qui\u00a0? Comment ? Ce livre propose une histoire des origines de la R\u00e9volution fran\u00e7aise, \u00e0 ses cons\u00e9quences. Entre 1789 et 1799, la France a connu des bouleversements qui ont fait basculer l'Histoire. Les voici racont\u00e9s et \u00e9clair\u00e9s pour mieux les \u00e9valuer.Une histoire en h\u00e9ritage\r\n\u00a0\r\nQu'y a-t-il derri\u00e8re la date du 14\u00a0juillet que nous c\u00e9l\u00e9brons depuis si longtemps ? Une d\u00e9cennie qui a fait basculer un monde ancien et r\u00e9volu dans un creuset d'exp\u00e9riences in\u00e9dites et progressistes. Ce sont ces dix\u00a0ann\u00e9es qui sont racont\u00e9es ici... des faits les plus marquants aux grandes figures si d\u00e9terminantes. Le livre se d\u00e9roule sur\u00a0six p\u00e9riodes qui d\u00e9taillent le sujet en suivant un axe pr\u00e9cis : l'ann\u00e9e 1789 et les origines de la R\u00e9volution\u00a0;\u00a0de 1789 \u00e0 1790, la chute de l'Ancien R\u00e9gime\u00a0; de 1790 \u00e0 1792, le mariage impossible entre la monarchie et la R\u00e9volution\u00a0; de 1792 \u00e0 1794, la naissance de la R\u00e9publique fran\u00e7aise ; l'ann\u00e9e 1794 et la mise en place de la r\u00e9publique jacobine\u00a0; de 1795 \u00e0 1799, la fin de la R\u00e9volution. Au-del\u00e0 des symboles, il s'agit bien d'une mise au point sur des \u00e9v\u00e8nements toujours aussi br\u00fblants m\u00ealant la politique, l'\u00e9conomie et le vivre-ensemble.Une rupture avec le pass\u00e9\r\n\u00a0\r\nLa R\u00e9volution fran\u00e7aise, c'est d'abord une rupture brutale avec le pass\u00e9. Elle met fin en 1789 \u00e0 la soci\u00e9t\u00e9 d'ordres in\u00e9galitaire de la monarchie absolue de droit divin, dite Ancien R\u00e9gime. Mettre fin \u00e0 cette soci\u00e9t\u00e9 o\u00f9 quelques-uns comptent pour beaucoup et o\u00f9 la plupart comptent pour si peu, c'est instaurer une nouvelle mani\u00e8re de vivre ensemble. Nous sommes les h\u00e9ritiers de ce changement, qui invente une nouvelle forme de lien social.Une p\u00e9riode d'innovation, de luttes et de violence\r\n\u00a0\r\nLes r\u00e9volutionnaires sont aussi des inventeurs : ils cr\u00e9ent l'Assembl\u00e9e nationale, d\u00e9coupent la France en d\u00e9partements, unifient le syst\u00e8me des poids et mesures, fa\u00e7onnant les fondations de la soci\u00e9t\u00e9 dans laquelle nous vivons aujourd'hui. La R\u00e9volution est d'abord une p\u00e9riode d'innovations, mais c'est aussi, et avant tout, une p\u00e9riode de luttes et de violence. Unis dans une volont\u00e9 commune d'abattre l'Ancien R\u00e9gime, les r\u00e9volutionnaires, d\u00e9chir\u00e9s par leurs projets contradictoires, se sont affront\u00e9s dans un contexte de crise permanente, de guerre civile et ext\u00e9rieure. Au travers de tous ces aspects, ce livre est port\u00e9 par une question essentielle : quel sens donner aujourd'hui \u00e0 cet id\u00e9al devenu la devise de la R\u00e9publique fran\u00e7aise, \u00ab libert\u00e9, \u00e9galit\u00e9, fraternit\u00e9 \u00bb ?","authors":["Xavier Lozoroz","Sylvain Dorange"],"category_codes":["2000000","2070000","2070400"],"visuals":{"large":"https:\/\/images.epagine.fr\/923\/9782408060923_1_75.jpg","medium":"https:\/\/images.epagine.fr\/923\/9782408060923_1_m.jpg","thumbnail":"https:\/\/images.epagine.fr\/923\/9782408060923_1_v.jpg"},"orderable":true,"show_badge":true,"formatted_price":"13,95&nbsp;\u20ac","formatted_published_date":"17 septembre 2025","publisher_availability_label":"Sur commande","short_details":"Xavier Lozoroz, Sylvain Dorange \u2014 Milan","translator":null,"weight":418,"page_count":128,"readership":"\u00e0 partir de 10 ANS","editor":"Milan","price":1395,"published_date":"2025-09-16T22:00:00.000000Z","support":"Grand format","publisher_availability":1,"stock":0,"editions":[],"url":"https:\/\/quaidesbrumes.com\/ouvrage\/9782408060923\/la-revolution-francaise"},{"id":"9782012706217","title":"J'apprends \u00e0 lire avec Sami et Julie : les groseilles","description":"Julie cueille des groseilles. Elle voudrait bien que son fr\u00e8re l'aide ! Mais Sami a peur des abeilles, des orties, et... et... et surtout il n'en a pas envie !\r\n\r\nCe niveau 3 est con\u00e7u pour les enfants en fin de CP et travaille le son (eill).\r\n\r\n\u00ab J'apprends avec Sami et Julie \u00bb est une collection sp\u00e9cialement con\u00e7ue pour les enfants apprenant \u00e0 lire. Des histoires courtes, dr\u00f4les et faciles \u00e0 lire. \u00c9crites avec des mots en ad\u00e9quation avec leur progression, une quantit\u00e9 de texte \u00e0 lire r\u00e9duite et adapt\u00e9e, un texte \u00e9crit en gros, des mots bien d\u00e9tach\u00e9s les uns des autres et des lignes bien espac\u00e9es.\r\n\r\nEn plus de l'histoire : des conseils pour accompagner l'enfant dans ses premi\u00e8res lectures, la pr\u00e9sentation des personnages, des activit\u00e9s pour pr\u00e9parer la lecture, \u00e0 la fin : \u00ab As-tu bien compris l'histoire ? \u00bb pour donner du sens \u00e0 ce que l'enfant a lu et aller plus loin que le simple d\u00e9chiffrage et \u00ab Et toi, qu'en penses-tu ? \u00bb des petites questions pour \u00ab faire r\u00e9fl\u00e9chir \u00bb ou simplement discuter autour de l'histoire.","authors":["Th\u00e9r\u00e8se Bont\u00e9","Emmanuelle Massonaud"],"category_codes":["2000000","2030000"],"visuals":{"large":"https:\/\/images.epagine.fr\/217\/9782012706217_1_75.jpg","medium":"https:\/\/images.epagine.fr\/217\/9782012706217_1_m.jpg","thumbnail":"https:\/\/images.epagine.fr\/217\/9782012706217_1_v.jpg"},"orderable":true,"show_badge":true,"formatted_price":"3,40&nbsp;\u20ac","formatted_published_date":"7 janvier 2015","publisher_availability_label":"Sur commande","short_details":"Th\u00e9r\u00e8se Bont\u00e9, Emmanuelle Massonaud \u2014 Hachette Education","translator":null,"weight":80,"page_count":32,"readership":"3\/6 ans","editor":"Hachette Education","price":340,"published_date":"2015-01-06T23:00:00.000000Z","support":"Grand format","publisher_availability":1,"stock":0,"editions":[],"url":"https:\/\/quaidesbrumes.com\/ouvrage\/9782012706217\/japprends-a-lire-avec-sami-et-julie-les-groseilles"},{"id":"9791039573566","title":"Perles \u00e0 repasser","description":"R\u00e9alise de magnifiques cr\u00e9ations en perles \u00e0 repasser qui brillent dans le noir !\r\nR\u00e9alise de magnifiques cr\u00e9ations en perles \u00e0 repasser gr\u00e2ce \u00e0 tous tes accessoires ! 2000 perles dont 500 qui brillent dans le noir, deux plaques pour faire tes mod\u00e8les, 16 mod\u00e8les et des porte-cl\u00e9s pour y accrocher tes cr\u00e9ations !","authors":["Ellie Hyde"],"category_codes":["2000000","2060000","2060200"],"visuals":{"large":"https:\/\/images.epagine.fr\/566\/9791039573566_1_75.jpg","medium":"https:\/\/images.epagine.fr\/566\/9791039573566_1_m.jpg","thumbnail":"https:\/\/images.epagine.fr\/566\/9791039573566_1_v.jpg"},"orderable":true,"show_badge":true,"formatted_price":"0,00&nbsp;\u20ac","formatted_published_date":"2 octobre 2025","publisher_availability_label":"Sur commande","short_details":"Ellie Hyde \u2014 Auzou","translator":null,"weight":374,"page_count":null,"readership":"Tout public","editor":"Auzou","price":0,"published_date":"2025-10-01T22:00:00.000000Z","support":"Coffret \/ Bo&icirc;te","publisher_availability":1,"stock":0,"editions":[],"url":"https:\/\/quaidesbrumes.com\/ouvrage\/9791039573566\/perles-a-repasser"},{"id":"9782011183170","title":"Le Club des Cinq Tome 9 : le Club des Cinq aux sports d'hiver","description":"Rien de tel qu'un s\u00e9jour dans les Alpes pour se remettre d'une grosse grippe  ! Fran\u00e7ois, Claude, Mick et Annie sont impatients de d\u00e9valer les pistes \u00e0 ski en compagnie du fid\u00e8le Dagobert. Mais, \u00e0 peine install\u00e9s dans leur chalet, ils remarquent une \u00e9trange lueur qui brille dans la montagne et d'effrayants grondements qui r\u00e9sonnent en pleine nuit...","authors":["Enid Blyton","Rosalind Elland-Goldsmith"],"category_codes":["2000000","2040000","2040300"],"visuals":{"large":"https:\/\/images.epagine.fr\/170\/9782011183170_1_75.jpg","medium":"https:\/\/images.epagine.fr\/170\/9782011183170_1_m.jpg","thumbnail":"https:\/\/images.epagine.fr\/170\/9782011183170_1_v.jpg"},"orderable":true,"show_badge":true,"formatted_price":"6,50&nbsp;\u20ac","formatted_published_date":"27 f\u00e9vrier 2019","publisher_availability_label":"Sur commande","short_details":"Enid Blyton, Rosalind Elland-Goldsmith \u2014 Hachette Jeunesse","translator":"ROSALIND ELLAND-GOLDSMITH","weight":245,"page_count":208,"readership":"\u00e0 partir de 8 ANS","editor":"Hachette Jeunesse","price":650,"published_date":"2019-02-26T23:00:00.000000Z","support":"Poche","publisher_availability":1,"stock":0,"editions":[],"url":"https:\/\/quaidesbrumes.com\/ouvrage\/9782011183170\/le-club-des-cinq-tome-9-le-club-des-cinq-aux-sports-dhiver"},{"id":"9782383224655","title":"Mes premi\u00e8res d\u00e9couvertes : Sur la terre","description":"Une introduction douce et ludique aux diff\u00e9rents paysages de notre plan\u00e8te et \u00e0 ses habitants.\r\nCes livres tout-cartons pr\u00e9sentent aux tout-petits ce qui nous entoure sur terre et dans les mers et aident \u00e0 poser les bases du d\u00e9veloppement du langage. Des champs de fleurs color\u00e9es aux ciels \u00e9toil\u00e9s, des p\u00f4les glac\u00e9s aux villes anim\u00e9es, les tout-petits adoreront rep\u00e9rer les d\u00e9tails dans chaque page et d\u00e9couvrir les saisons, les fleurs, les animaux, les paysages vari\u00e9s de notre plan\u00e8te et ses habitants.","authors":["Isobel Lundie"],"category_codes":["2000000","2020000"],"visuals":{"large":"https:\/\/images.epagine.fr\/655\/9782383224655_1_75.jpg","medium":"https:\/\/images.epagine.fr\/655\/9782383224655_1_m.jpg","thumbnail":"https:\/\/images.epagine.fr\/655\/9782383224655_1_v.jpg"},"orderable":true,"show_badge":true,"formatted_price":"7,95&nbsp;\u20ac","formatted_published_date":"15 janvier 2026","publisher_availability_label":"Sur commande","short_details":"Isobel Lundie \u2014 \u00c9ditions Kimane","translator":null,"weight":170,"page_count":10,"readership":"0\/3 ans","editor":"\u00c9ditions Kimane","price":795,"published_date":"2026-01-14T23:00:00.000000Z","support":"Grand format","publisher_availability":1,"stock":0,"editions":[],"url":"https:\/\/quaidesbrumes.com\/ouvrage\/9782383224655\/mes-premieres-decouvertes-sur-la-terre"},{"id":"9781836067665","title":"Ma petite collection J'habille mes amies : Les contes de f\u00e9es","description":"D\u00e9couvre l'univers magique de Ma petite collection J'habille mes amies.\r\n\r\nUn livre d'autocollants rempli de personnages c\u00e9l\u00e8bres de contes de f\u00e9es ! Habille le Petit Chaperon Rouge, la Belle au bois dormant et son prince, Blanche-Neige, Cendrillon, et de nombreux autres personnages de contes et d\u00e9core les diff\u00e9rentes sc\u00e8nes gr\u00e2ce \u00e0 plus de 150 autocollants de v\u00eatements, d'accessoires, d'animaux et de fleurs.\r\n\r\n- Une collection d'autocollants bestseller, ador\u00e9e des enfants\r\n- 10 pages d'autocollants dans chaque livre\r\n- 12 sc\u00e8ne s \u00e0 compl\u00e9ter et personnaliser\r\n- Des pages d'autocollants d\u00e9tachables pour une utilisation pratique\r\n- Un format r\u00e9duit \u00e0 emmener partout avec soi\r\n- D\u00e9veloppe la cr\u00e9ativit\u00e9 , la concentration et la motricit\u00e9 fine\r\n- Des heures de divertissement sans \u00e9cran\r\n- Id\u00e9al pour les enfants d\u00e8s 3 ans","authors":["Fiona Watt","Lizzie Mackay","Veronique Duran"],"category_codes":["2000000","2080000","2080200"],"visuals":{"large":"https:\/\/images.epagine.fr\/665\/9781836067665_1_75.jpg","medium":"https:\/\/images.epagine.fr\/665\/9781836067665_1_m.jpg","thumbnail":"https:\/\/images.epagine.fr\/665\/9781836067665_1_v.jpg"},"orderable":true,"show_badge":true,"formatted_price":"0,00&nbsp;\u20ac","formatted_published_date":"5 f\u00e9vrier 2026","publisher_availability_label":"Sur commande","short_details":"Fiona Watt, Lizzie Mackay, Veronique Duran \u2014 Usborne","translator":"VERONIQUE DURAN","weight":160,"page_count":24,"readership":"\u00e0 partir de 3 ANS","editor":"Usborne","price":0,"published_date":"2026-02-04T23:00:00.000000Z","support":"Papeterie \/ Coloriage","publisher_availability":1,"stock":0,"editions":[],"url":"https:\/\/quaidesbrumes.com\/ouvrage\/9781836067665\/ma-petite-collection-jhabille-mes-amies-les-contes-de-fees"},{"id":"9782383070597","title":"C'est toi","description":"Mon coeur, petit chat, ma pomme, ma poup\u00e9e, mon b\u00e9b\u00e9... Les surnoms les plus doux du tout-petit, comme une ritournelle \u00e0 lui murmurer au creux de l'oreille... Jusqu'\u00e0 la derni\u00e8re page o\u00f9... surprise!... b\u00e9b\u00e9 se d\u00e9couvre dans le miroir !","authors":["Atelier Saje"],"category_codes":["2000000","2020000","2020200"],"visuals":{"large":"https:\/\/images.epagine.fr\/597\/9782383070597_1_75.jpg","medium":"https:\/\/images.epagine.fr\/597\/9782383070597_1_m.jpg","thumbnail":"https:\/\/images.epagine.fr\/597\/9782383070597_1_v.jpg"},"orderable":true,"show_badge":true,"formatted_price":"19,90&nbsp;\u20ac","formatted_published_date":"25 ao\u00fbt 2023","publisher_availability_label":"Sur commande","short_details":"Atelier Saje \u2014 Marcel et Joachim","translator":null,"weight":570,"page_count":26,"readership":"0\/3 ans","editor":"Marcel et Joachim","price":1990,"published_date":"2023-08-24T22:00:00.000000Z","support":"Grand format","publisher_availability":1,"stock":0,"editions":[],"url":"https:\/\/quaidesbrumes.com\/ouvrage\/9782383070597\/cest-toi"},{"id":"9782017266617","title":"L'empire des femmes Tome 1 : Sapientia","description":"A Sapientia, les r\u00e8gles sont claires : les femmes dirigent et les hommes servent. Le grand tournoi des gladiateurs approchent. Toutes les filles attendent l'\u00e9v\u00e9nement avec impatience. Toutes, sauf Adona, que l'enjeu terrifie : il faut y choisir son favori... Dans les ge\u00f4les de l'ar\u00e8ne, les hommes n'ont qu'une id\u00e9e en t\u00eate : survivre \u00e0 l'\u00e9preuve. Mais pour Elios, survivre n'est que le d\u00e9but d'une mission bien plus ambitieuse... Pour chacun, un long chemin commence.","authors":["Cassandre Lambert"],"category_codes":["2000000","2050000","2050200","2050204"],"visuals":{"large":"https:\/\/images.epagine.fr\/617\/9782017266617_1_75.jpg","medium":"https:\/\/images.epagine.fr\/617\/9782017266617_1_m.jpg","thumbnail":"https:\/\/images.epagine.fr\/617\/9782017266617_1_v.jpg"},"orderable":true,"show_badge":true,"formatted_price":"6,90&nbsp;\u20ac","formatted_published_date":"4 septembre 2024","publisher_availability_label":"Sur commande","short_details":"Cassandre Lambert \u2014 Le Livre de Poche Jeunesse","translator":null,"weight":240,"page_count":352,"readership":"\u00e0 partir de 15 ans","editor":"Le Livre de Poche Jeunesse","price":690,"published_date":"2024-09-03T22:00:00.000000Z","support":"Poche","publisher_availability":1,"stock":0,"editions":[],"url":"https:\/\/quaidesbrumes.com\/ouvrage\/9782017266617\/lempire-des-femmes-tome-1-sapientia"},{"id":"9782378883126","title":"Chevalier Chouette pr\u00e9pare No\u00ebl","description":"Chevalier Chouette et Petite Oiselle attendent No\u00ebl avec impatience. \r\nAide-les \u00e0 pr\u00e9parer les festivit\u00e9s comme il se doit avant le grand jour !\r\n\r\n- Chevalier Chouette s'empare de la magie de No\u00ebl pour offrir un tout-carton irr\u00e9sistible aux petits\r\n\r\n- Une version sp\u00e9ciale, petit format pour pr\u00e9parer ensemble ce grand \u00e9v\u00e9nement","authors":["Christopher Denise","Judith Capitaine"],"category_codes":["2000000","2030000","2030400"],"visuals":{"large":"https:\/\/images.epagine.fr\/126\/9782378883126_1_75.jpg","medium":"https:\/\/images.epagine.fr\/126\/9782378883126_1_m.jpg","thumbnail":"https:\/\/images.epagine.fr\/126\/9782378883126_1_v.jpg"},"orderable":true,"show_badge":true,"formatted_price":"11,00&nbsp;\u20ac","formatted_published_date":"22 octobre 2025","publisher_availability_label":"Sur commande","short_details":"Christopher Denise, Judith Capitaine \u2014 Kal\u00e9idoscope","translator":"JUDITH CAPITAINE","weight":313,"page_count":24,"readership":"\u00e0 partir de 3 ANS","editor":"Kal\u00e9idoscope","price":1100,"published_date":"2025-10-21T22:00:00.000000Z","support":"Grand format","publisher_availability":1,"stock":0,"editions":[],"url":"https:\/\/quaidesbrumes.com\/ouvrage\/9782378883126\/chevalier-chouette-prepare-noel"},{"id":"9782080489555","title":"Roule Galette : Mon livre \u00e0 \u00e9couter","description":"Le grand classique de la litt\u00e9rature jeunesse lu et mis en musique. Appuie sur les boutons correspondant \u00e0 chaque page pour \u00e9couter l'histoire.","authors":["Pierre","Natha Belves","Caputo"],"category_codes":["2000000","2030000","2030600"],"visuals":{"large":"https:\/\/images.epagine.fr\/555\/9782080489555_1_75.jpg","medium":"https:\/\/images.epagine.fr\/555\/9782080489555_1_m.jpg","thumbnail":"https:\/\/images.epagine.fr\/555\/9782080489555_1_v.jpg"},"orderable":true,"show_badge":true,"formatted_price":"19,50&nbsp;\u20ac","formatted_published_date":"15 octobre 2025","publisher_availability_label":"Sur commande","short_details":"Pierre, Natha Belves, Caputo \u2014 P\u00e8re Castor","translator":null,"weight":778,"page_count":24,"readership":"3\/6 ans","editor":"P\u00e8re Castor","price":1950,"published_date":"2025-10-14T22:00:00.000000Z","support":"Grand format","publisher_availability":1,"stock":0,"editions":[],"url":"https:\/\/quaidesbrumes.com\/ouvrage\/9782080489555\/roule-galette-mon-livre-a-ecouter"}]}