{"data":[{"id":"9782324037726","title":"Mes chansons \u00e0 l'infini","description":"Le livre sonore unique avec sa recharge USB-C pour une \u00e9coute \u00e0 l'infini !\r\n\r\nAvec ses douze puces sonores de 3o secondes, ce livre est unique.\r\nEn effet, c'est gr\u00e2ce \u00e0 un cable USB-C qu'il se recharge, sans piles pour \u00e9couter \" \u00e0 l'infini \" douze chansons de notre r\u00e9pertoire : \" C'est Gugusse \" ; \" Le rock & roll des gallinac\u00e9s \" ; \" Si tu as de la joie au coeur \" ; \" Un \u00e9l\u00e9phant qui se balan\u00e7ait \" ; \" Bonjour ma cousine \" Les crocodiles \" ; \" La famille tortue \" ; \" La ronde des l\u00e9gumes \" ; \" Mon \u00e2ne \" ; Une araign\u00e9e sur le plancher \" ; \" Dans la ferme de Mathurin \" ; \" The wheels on the bus\r\n\r\nDes illustrations pleines de charme de Nathalie Choux accompagnent ce grand livre musical sans piles !","authors":["Nathalie Choux"],"category_codes":["2000000","2020000","2020600"],"visuals":{"large":"https:\/\/images.epagine.fr\/726\/9782324037726_1_75.jpg","medium":"https:\/\/images.epagine.fr\/726\/9782324037726_1_m.jpg","thumbnail":"https:\/\/images.epagine.fr\/726\/9782324037726_1_v.jpg"},"orderable":true,"show_badge":true,"formatted_price":"19,95&nbsp;\u20ac","formatted_published_date":"16 octobre 2025","publisher_availability_label":"Sur commande","short_details":"Nathalie Choux \u2014 Gr\u00fcnd","translator":null,"weight":740,"page_count":6,"readership":"0\/3 ans","editor":"Gr\u00fcnd","price":1995,"published_date":"2025-10-15T22:00:00.000000Z","support":"Grand format","publisher_availability":1,"stock":0,"editions":[],"url":"https:\/\/quaidesbrumes.com\/ouvrage\/9782324037726\/mes-chansons-a-linfini"},{"id":"9791037501127","title":"Histoires du soir pour filles rebelles Tome 3 : 100 femmes fran\u00e7aises extraordinaires","description":"Quand sort en 2016-2017 le premier tome des Histoires du soir pour filles rebelles, c'est un succ\u00e8s mondial, un raz-de-mar\u00e9e dans tous les pays ! Un deuxi\u00e8me tome suivra, tout aussi magnifique. Pour aller plus loin et d\u00e9couvrir encore plus de femmes extraordinaires, Elena Favilli et Francesca Cavallo, les autrices\/\u00e9ditrices originales de cette s\u00e9rie, donnent carte blanche \u00e0 chaque \u00e9diteur de chaque pays pour sa propre s\u00e9lection \" nationale \". Voici donc aujourd'hui, sous la plume de la journaliste Alice Babin et les crayons d'une trentaine de dessinatrices (fran\u00e7aises elles aussi), cent femmes fran\u00e7aises c\u00e9l\u00e8bres ou anonymes, vivantes ou mortes : arbitre de foot, photojournaliste, reine, boxeuse, r\u00e9sistante, lanceuse d'alerte, premi\u00e8re ministre, chanteuse, \u00e9crivaine, m\u00e9decin. Toutes m\u00e9ritent bien leur double page dans nos \u00e9tag\u00e8res, tant elles ont os\u00e9 prendre en main leur destin, faisant fi des convenances et des carcans de leur \u00e9poque, de leur milieu, de leur genre.\r\n\r\nListe non-exhaustive des portraits : Ad\u00e8le Haenel, Colette, Gis\u00e8le Halimi, \u00c9milie du Ch\u00e2telet, Agn\u00e8s Varda, Simone de Beauvoir, Fran\u00e7oise Dolto, Camille Lepage, Florence Arthaud, Christiane Taubira, Arlette Laguiller, Aya Cissoko, \u00c9lise Lucet, Ir\u00e8ne Frachon, Jos\u00e9phine Baker, Marie-Jos\u00e9 P\u00e9rec, Claudie Haigner\u00e9, Camille Claudel, Ariane Mnouchkine","authors":["Alice Babin"],"category_codes":["2000000","2040000","2040200"],"visuals":{"large":"https:\/\/images.epagine.fr\/127\/9791037501127_1_75.jpg","medium":"https:\/\/images.epagine.fr\/127\/9791037501127_1_m.jpg","thumbnail":"https:\/\/images.epagine.fr\/127\/9791037501127_1_v.jpg"},"orderable":true,"show_badge":true,"formatted_price":"19,90&nbsp;\u20ac","formatted_published_date":"10 juin 2020","publisher_availability_label":"Sur commande","short_details":"Alice Babin \u2014 \u00c9ditions Les Ar\u00e8nes","translator":null,"weight":768,"page_count":216,"readership":"\u00e0 partir de 6 ANS","editor":"\u00c9ditions Les Ar\u00e8nes","price":1990,"published_date":"2020-06-09T22:00:00.000000Z","support":"Grand format","publisher_availability":1,"stock":0,"editions":[],"url":"https:\/\/quaidesbrumes.com\/ouvrage\/9791037501127\/histoires-du-soir-pour-filles-rebelles-tome-3-100-femmes-francaises-extraordinaires"},{"id":"9782092590287","title":"T'choupi fait de la trottinette","description":"Aller \u00e0 l'\u00e9cole en trottinette, c'est plus rigolo!\r\nAujourd'hui, T'choupi part \u00e0 l'\u00e9cole en trottinette, accompagn\u00e9 par sa maman.\r\n\r\n Sur le chemin, il rencontre Lalou avec son papa. Elle aussi a pris sa trottinette : c'est l'occasion de faire une course! Mais maman leur rappelle qu'il faut faire attention aux pi\u00e9tons et aux voitures.\r\n\r\n \r\n\r\n Une histoire pour les enfants d\u00e8s 2 ans","authors":["Thierry Courtin"],"category_codes":["2000000","2020000","2020400"],"visuals":{"large":"https:\/\/images.epagine.fr\/287\/9782092590287_1_75.jpg","medium":"https:\/\/images.epagine.fr\/287\/9782092590287_1_m.jpg","thumbnail":"https:\/\/images.epagine.fr\/287\/9782092590287_1_v.jpg"},"orderable":true,"show_badge":true,"formatted_price":"6,30&nbsp;\u20ac","formatted_published_date":"22 ao\u00fbt 2019","publisher_availability_label":"Sur commande","short_details":"Thierry Courtin \u2014 Nathan","translator":null,"weight":140,"page_count":22,"readership":"0\/3 ans","editor":"Nathan","price":630,"published_date":"2019-08-21T22:00:00.000000Z","support":"Grand format","publisher_availability":1,"stock":0,"editions":[],"url":"https:\/\/quaidesbrumes.com\/ouvrage\/9782092590287\/tchoupi-fait-de-la-trottinette"},{"id":"3127020508747","title":"Sac en tissu m\u00e9moires de la for\u00eat 2025","description":"\r\nSac en tissu M\u00e9moires de la for\u00eat 2025 \r\nMicka\u00ebl Brun-Arnaud (Auteur),  Sanoe (Illustrateur)\r\nUn univers \u00e0 succ\u00e8s.\r\n\r\nUn visuel intemporel pour vous accompagner tout au long de l'ann\u00e9e.\r\n\r\nUne anse color\u00e9e pour une touche printani\u00e8re et foresti\u00e8re. ","authors":["Mika\u00ebl Brun-Arnaud","Sanoe"],"category_codes":["2000000","2080000"],"visuals":{"large":"https:\/\/images.epagine.fr\/747\/3127020508747_1_75.jpg","medium":"https:\/\/images.epagine.fr\/747\/3127020508747_1_m.jpg","thumbnail":"https:\/\/images.epagine.fr\/747\/3127020508747_1_v.jpg"},"orderable":true,"show_badge":true,"formatted_price":"0,00&nbsp;\u20ac","formatted_published_date":"11 juin 2025","publisher_availability_label":"Sur commande","short_details":"Mika\u00ebl Brun-Arnaud, Sanoe \u2014 L'\u00c9cole des loisirs","translator":null,"weight":168,"page_count":1,"readership":"Tout public","editor":"L'\u00c9cole des loisirs","price":0,"published_date":"2025-06-10T22:00:00.000000Z","support":"Objet","publisher_availability":1,"stock":0,"editions":[],"url":"https:\/\/quaidesbrumes.com\/ouvrage\/3127020508747\/sac-en-tissu-memoires-de-la-foret-2025"},{"id":"9782203123878","title":"Dame Poulette et son oeuf","description":"Un livre-marionnette sp\u00e9cialement con\u00e7u pour les b\u00e9b\u00e9s, pour une lecture du bout des doigts, tout en tendresse !","authors":["H\u00e9l\u00e8ne Chetaud"],"category_codes":["2000000","2020000","2020500"],"visuals":{"large":"https:\/\/images.epagine.fr\/878\/9782203123878_1_75.jpg","medium":"https:\/\/images.epagine.fr\/878\/9782203123878_1_m.jpg","thumbnail":"https:\/\/images.epagine.fr\/878\/9782203123878_1_v.jpg"},"orderable":true,"show_badge":true,"formatted_price":"6,95&nbsp;\u20ac","formatted_published_date":"21 mars 2017","publisher_availability_label":"Sur commande","short_details":"H\u00e9l\u00e8ne Chetaud \u2014 Casterman","translator":null,"weight":182,"page_count":12,"readership":"0\/3 ans","editor":"Casterman","price":695,"published_date":"2017-03-20T23:00:00.000000Z","support":"Grand format","publisher_availability":1,"stock":0,"editions":[],"url":"https:\/\/quaidesbrumes.com\/ouvrage\/9782203123878\/dame-poulette-et-son-oeuf"},{"id":"9782354137816","title":"L'ours et la t\u00e9l\u00e9vision","description":"Une histoire qui permet d'aborder avec finesse le probl\u00e8me de l'addiction aux \u00e9crans\r\n\r\nAu sommet de la Montagne Noire, bien cach\u00e9 entre les arbres de la for\u00eat, vit un ours au pelage tout blanc. Avec son ami le lapin, ils passent leurs journ\u00e9es \u00e0 p\u00eacher, \u00e0 cueillir de d\u00e9licieux fruits. Jusqu'\u00e0 ce qu'une nuit, l'ours d\u00e9couvre, en se promenant dans le village d'\u00e0 c\u00f4t\u00e9, une myst\u00e9rieuse lueur...\r\n\r\n","authors":["Cl\u00e9mentine Michel","Elza Artemova"],"category_codes":["2000000","2030000","2030400"],"visuals":{"large":"https:\/\/images.epagine.fr\/816\/9782354137816_1_75.jpg","medium":"https:\/\/images.epagine.fr\/816\/9782354137816_1_m.jpg","thumbnail":"https:\/\/images.epagine.fr\/816\/9782354137816_1_v.jpg"},"orderable":true,"show_badge":true,"formatted_price":"15,00&nbsp;\u20ac","formatted_published_date":"26 mars 2026","publisher_availability_label":"Sur commande","short_details":"Cl\u00e9mentine Michel, Elza Artemova \u2014 Minedition","translator":null,"weight":422,"page_count":40,"readership":"3\/6 ans","editor":"Minedition","price":1500,"published_date":"2026-03-25T23:00:00.000000Z","support":"Grand format","publisher_availability":1,"stock":0,"editions":[],"url":"https:\/\/quaidesbrumes.com\/ouvrage\/9782354137816\/lours-et-la-television"},{"id":"9791095135715","title":"Le grand h\u00f4tel des \u00e9motions","description":"Chaque \u00e9motion a des besoins particuliers. Col\u00e8re, par exemple, fait beaucoup de bruit et il lui faut de la place pour s'exprimer. Tristesse parle d'une toute petite voix et fait parfois d\u00e9border la baignoire. Gratitude aime se promener dans la nature ; elle vient souvent s'asseoir \u00e0 c\u00f4t\u00e9 de nous quand on ne s'y attend pas. Certaines \u00e9motions sont tr\u00e8s grandes, d'autres minuscules ; certaines sont amusantes et d'autres, compliqu\u00e9es. Mais au Grand H\u00f4tel des Emotions, on ne refuse jamais personne : il y a de la place pour tout le monde !","authors":["Collectif","Catherine Tron-Mulder"],"category_codes":["2000000","2030000","2030400"],"visuals":{"large":"https:\/\/images.epagine.fr\/715\/9791095135715_1_75.jpg","medium":"https:\/\/images.epagine.fr\/715\/9791095135715_1_m.jpg","thumbnail":"https:\/\/images.epagine.fr\/715\/9791095135715_1_v.jpg"},"orderable":true,"show_badge":true,"formatted_price":"18,00&nbsp;\u20ac","formatted_published_date":"26 mars 2026","publisher_availability_label":"Sur commande","short_details":"Collectif, Catherine Tron-Mulder \u2014 Obriart","translator":"CATHERINE TRON-MULDER","weight":440,"page_count":32,"readership":"3\/6 ans","editor":"Obriart","price":1800,"published_date":"2026-03-25T23:00:00.000000Z","support":"Grand format","publisher_availability":1,"stock":0,"editions":[],"url":"https:\/\/quaidesbrumes.com\/ouvrage\/9791095135715\/le-grand-hotel-des-emotions"},{"id":"9782324037948","title":"Coloriages effa\u00e7ables : Animaux mignons","description":"32 coloriages d'animaux mignons, r\u00e9utilisables \u00e0 l'infini !\r\nCe superbe livre de 32 coloriages effa\u00e7ables t'invite \u00e0 explorer un univers peupl\u00e9 d'animaux mignons humanis\u00e9s dans adorables sc\u00e8nes de vie du quotidien.\r\nLe concept est simple : il suffit de colorier les pages avec des feutres \u00e0 eau puis d'effacer les couleurs avec un chiffon humide pour recommencer \u00e0 l'infini !\r\nUn livre de 32 magnifiques coloriages effa\u00e7ables \u00e0 l'infini, pour passer un moment apaisant et r\u00e9confortant.","authors":["Ahorine"],"category_codes":["2000000","2080000","2080300"],"visuals":{"large":"https:\/\/images.epagine.fr\/948\/9782324037948_1_75.jpg","medium":"https:\/\/images.epagine.fr\/948\/9782324037948_1_m.jpg","thumbnail":"https:\/\/images.epagine.fr\/948\/9782324037948_1_v.jpg"},"orderable":true,"show_badge":true,"formatted_price":"6,95&nbsp;\u20ac","formatted_published_date":"15 janvier 2026","publisher_availability_label":"Sur commande","short_details":"Ahorine \u2014 Gr\u00fcnd","translator":null,"weight":247,"page_count":32,"readership":"\u00e0 partir de 4 ANS","editor":"Gr\u00fcnd","price":695,"published_date":"2026-01-14T23:00:00.000000Z","support":"Papeterie \/ Coloriage","publisher_availability":1,"stock":0,"editions":[],"url":"https:\/\/quaidesbrumes.com\/ouvrage\/9782324037948\/coloriages-effacables-animaux-mignons"},{"id":"9782092570487","title":"T'choupi fait un bonhomme de neige","description":"T'choupi, l'ami des petits, accompagne l'enfant qui grandit !\r\n \r\n \r\n \r\nDes histoires qui racontent la vie des enfants de 2 \u00e0 4 ans, les grandes joies, les temps forts de la vie de famille et les petits tracas du quotidien. Gr\u00e2ce \u00e0 T'choupi, de nombreux petits probl\u00e8mes trouvent leur solution tout en douceur.\r\n \r\n Dans cette histoire, Lalou et t'choupi font un bonhomme de neige. Le papa de T'choupi le trouve si beau, qu'il le prend en photo. Mais le lendemain, le soleil brille et le bonhomme de neige est tout fondu... Heureusement, la photo, elle, est toujours l\u00e0 !\r\n Nouveau : \u00e9coutez la version audio de l'histoire en scannant la couverture. Tous les albums T'choupi sont maintenant accompagn\u00e9s d'une version audio, accessible gratuitement avec l'application Nathan Live.\r\n Des livres pour les enfants de 2 \u00e0 4 ans con\u00e7us dans un format id\u00e9al pour les petites mains : coins arrondis, pages plastifi\u00e9es r\u00e9sistantes.","authors":["Thierry Courtin"],"category_codes":["2000000","2020000","2020400"],"visuals":{"large":"https:\/\/images.epagine.fr\/487\/9782092570487_1_75.jpg","medium":"https:\/\/images.epagine.fr\/487\/9782092570487_1_m.jpg","thumbnail":"https:\/\/images.epagine.fr\/487\/9782092570487_1_v.jpg"},"orderable":true,"show_badge":true,"formatted_price":"6,30&nbsp;\u20ac","formatted_published_date":"29 septembre 2016","publisher_availability_label":"Sur commande","short_details":"Thierry Courtin \u2014 Nathan","translator":null,"weight":136,"page_count":24,"readership":"0\/3 ans","editor":"Nathan","price":630,"published_date":"2016-09-28T22:00:00.000000Z","support":"Grand format","publisher_availability":1,"stock":0,"editions":[],"url":"https:\/\/quaidesbrumes.com\/ouvrage\/9782092570487\/tchoupi-fait-un-bonhomme-de-neige"},{"id":"9782075170444","title":"Loki, 11 ans, dieu (presque) parfait  Tome 2 : Anniversaire fatal","description":"Quelle scandaleuse injustice ! Quelqu'un a d\u00e9rob\u00e9 un des pr\u00e9cieux marteaux de Thor \u00e0 sa f\u00eate d'anniversaire, et qui accuse-t-on ? Moi, Loki ! Alors que je suis 100% innocent. Pour laver mon honneur, je dois : 1- Retrouver le marteau 2- D\u00e9masquer le voleur 3- Prouver aux gens qu'ils ont tort (le dernier point sur cette liste est le plus important, \u00e9videmment.)","authors":["Louie Stowell"],"category_codes":["2000000","2040000","2040500","2040502"],"visuals":{"large":"https:\/\/images.epagine.fr\/444\/9782075170444_1_75.jpg","medium":"https:\/\/images.epagine.fr\/444\/9782075170444_1_m.jpg","thumbnail":"https:\/\/images.epagine.fr\/444\/9782075170444_1_v.jpg"},"orderable":true,"show_badge":false,"formatted_price":"16,90&nbsp;\u20ac","formatted_published_date":"16 mai 2024","publisher_availability_label":"Sur commande","short_details":"Louie Stowell \u2014 Gallimard Jeunesse","translator":null,"weight":356,"page_count":288,"readership":"\u00e0 partir de 9 ANS","editor":"Gallimard Jeunesse","price":1690,"published_date":"2024-05-15T22:00:00.000000Z","support":"Grand format","publisher_availability":1,"stock":1,"editions":["9782075241397"],"url":"https:\/\/quaidesbrumes.com\/ouvrage\/9782075170444\/loki-11-ans-dieu-presque-parfait-tome-2-anniversaire-fatal"},{"id":"9782095043964","title":"La brigade des p\u00e2tissiers avec Silax Tome 1 : Le d\u00e9fi d'Emmy","description":"D\u00e9couvrez les aventures passionnantes de quatre jeunes apprentis p\u00e2tissiers guid\u00e9s par Silax, le chef p\u00e2tissier star, dans une prestigieuse \u00e9cole de p\u00e2tisserie...\r\nR\u00e9sum\u00e9 : Emmy, Rayane, Gabrielle et L\u00e9o apprennent qu'ils vont devoir ouvrir leur propre restaurant ! Ils ont une semaine pour imaginer le th\u00e8me, le menu et la d\u00e9coration.\r\nS\u00e9par\u00e9e de ses amis, Emmy fait \u00e9quipe avec Lucas et Lina. Un cauchemar ! Entre le cancre et la fan d'Instagram qui n'a jamais daign\u00e9 lui adresser la parole, la jeune p\u00e2tissi\u00e8re ne voit pas comment imaginer le dessert hors du commun qui leur plaira. Sans compter que les proches des \u00e9l\u00e8ves viendront au d\u00eener. Emmy a tellement envie que sa m\u00e8re et son petit fr\u00e8re soient fiers d'elle... pour une fois.\r\n\r\nPlongez dans l'univers gourmand de la Brigade des P\u00e2tissiers ! Chaque tome vous offre une histoire captivante, un lexique p\u00e2tissier complet et une recette exclusive sign\u00e9e Silax. Une s\u00e9rie qui ravira tous les jeunes amateurs de p\u00e2tisserie !","authors":["Elizabeth Barf\u00e9ty","Silamaka Soukouna","Hugo Baurens"],"category_codes":["2000000","2040000","2040300"],"visuals":{"large":"https:\/\/images.epagine.fr\/964\/9782095043964_1_75.jpg","medium":"https:\/\/images.epagine.fr\/964\/9782095043964_1_m.jpg","thumbnail":"https:\/\/images.epagine.fr\/964\/9782095043964_1_v.jpg"},"orderable":true,"show_badge":true,"formatted_price":"9,95&nbsp;\u20ac","formatted_published_date":"6 mars 2025","publisher_availability_label":"Sur commande","short_details":"Elizabeth Barf\u00e9ty, Silamaka Soukouna, Hugo Baurens \u2014 Nathan","translator":null,"weight":220,"page_count":176,"readership":"\u00e0 partir de 6 ANS","editor":"Nathan","price":995,"published_date":"2025-03-05T23:00:00.000000Z","support":"Grand format","publisher_availability":1,"stock":0,"editions":[],"url":"https:\/\/quaidesbrumes.com\/ouvrage\/9782095043964\/la-brigade-des-patissiers-avec-silax-tome-1-le-defi-demmy"},{"id":"9782075191036","title":"Le monde de Pierre Lapin : Le Livre marionnette de Pierre Lapin et ses amis","description":"1 cane joyeuse partie se promener, 2 souris curieuses dans le potager, 3 petits chatons fort bien habill\u00e9s, 4 lapins tout doux pr\u00eats \u00e0 se r\u00e9galer, 5 \u00e9cureuils dans le noisetier... mais o\u00f9 est Pierre ?","authors":["Beatrix Potter","Eleanor Taylor"],"category_codes":["2000000","2020000","2020400"],"visuals":{"large":"https:\/\/images.epagine.fr\/036\/9782075191036_1_75.jpg","medium":"https:\/\/images.epagine.fr\/036\/9782075191036_1_m.jpg","thumbnail":"https:\/\/images.epagine.fr\/036\/9782075191036_1_v.jpg"},"orderable":true,"show_badge":true,"formatted_price":"14,90&nbsp;\u20ac","formatted_published_date":"19 octobre 2023","publisher_availability_label":"Sur commande","short_details":"Beatrix Potter, Eleanor Taylor \u2014 Gallimard Jeunesse","translator":null,"weight":388,"page_count":14,"readership":"\u00e0 partir de 2 ANS","editor":"Gallimard Jeunesse","price":1490,"published_date":"2023-10-18T22:00:00.000000Z","support":"Grand format","publisher_availability":1,"stock":0,"editions":[],"url":"https:\/\/quaidesbrumes.com\/ouvrage\/9782075191036\/le-monde-de-pierre-lapin-le-livre-marionnette-de-pierre-lapin-et-ses-amis"},{"id":"9791022401395","title":"Le pays des contes Tome 1 : le sortil\u00e8ge perdu","description":"FAITES VOS VOeUX !\r\nIl \u00e9tait une fois, dans une ville parfaitement ordinaire, des jumeaux pr\u00e9nomm\u00e9s Alex et Conner... Le jour o\u00f9 leur grand-m\u00e8re leur offre un livre ancien, Le Pays des contes, leur vie plut\u00f4t morose change du tout au tout. Et pour cause ! Ce grimoire se r\u00e9v\u00e8le magique et les transporte dans un univers o\u00f9 les contes sont devenus r\u00e9alit\u00e9. Sauf que ce monde est beaucoup moins merveilleux que celui des belles histoires qu'ils ont lues. Boucle d'Or est une criminelle recherch\u00e9e, Blanche Neige dissimule un lourd secret, et le Petit Chaperon Rouge n'a m\u00eame plus peur du loup. Pour rentrer chez eux, Alex et Conner n'ont qu'un seul moyen : rassembler huit objets magiques comme la pantoufle de Cendrillon ou encore des cheveux de Raiponce, tout en tentant d'\u00e9viter les foudres de la M\u00e9chante Reine. Car cette derni\u00e8re semble avoir un plan machiav\u00e9lique qui pourrait bien pi\u00e9ger les jumeaux dans cette \u00e9trange contr\u00e9e. \u00c0 tout jamais.","authors":["Chris Colfer","Yan Brailowsky"],"category_codes":["2000000","2040000","2040500","2040504"],"visuals":{"large":"https:\/\/images.epagine.fr\/395\/9791022401395_1_75.jpg","medium":"https:\/\/images.epagine.fr\/395\/9791022401395_1_m.jpg","thumbnail":"https:\/\/images.epagine.fr\/395\/9791022401395_1_v.jpg"},"orderable":true,"show_badge":true,"formatted_price":"7,95&nbsp;\u20ac","formatted_published_date":"15 mai 2015","publisher_availability_label":"Sur commande","short_details":"Chris Colfer, Yan Brailowsky \u2014 Michel Lafon Poche","translator":"YAN BRAILOWSKY","weight":300,"page_count":478,"readership":"9\/12 ans","editor":"Michel Lafon Poche","price":795,"published_date":"2015-05-14T22:00:00.000000Z","support":"Poche","publisher_availability":1,"stock":0,"editions":["9782749919768"],"url":"https:\/\/quaidesbrumes.com\/ouvrage\/9791022401395\/le-pays-des-contes-tome-1-le-sortilege-perdu"},{"id":"9782095037727","title":"Snowglobe Tome 2 : Haute tension","description":"Un final explosif, m\u00ealant dystopie et thriller, port\u00e9 par l'efficacit\u00e9 de la fiction cor\u00e9enne et son ambiance cin\u00e9matographique unique.\r\nLoin d'avoir r\u00e9v\u00e9l\u00e9 tous ses secrets, le d\u00f4me du Snowglobe est-il enfin pr\u00eat \u00e0 la v\u00e9rit\u00e9 ?\r\n\r\nApr\u00e8s les r\u00e9v\u00e9lations de Chobahm sur les agissements de Mme Cha, les Haeri \u00e9voluent d\u00e9sormais au sein de leur propre \u00e9mission, et tentent de survivre \u00e0 la chaleur \u00e9crasante qui ne cesse d'augmenter sous le d\u00f4me.\r\nMais quand la grand-m\u00e8re d'Haeri est retrouv\u00e9e morte, Chobahm est d\u00e9sign\u00e9e comme la suspecte num\u00e9ro un. Pr\u00eate \u00e0 tout pour prouver son innocence, elle r\u00e9alise vite qu'elle s'est fait beaucoup d'ennemis en arrivant \u00e0 Snowglobe. Et, tandis que la temp\u00e9rature grimpe et que les r\u00e9v\u00e9lations \u00e9closent, il ne lui reste que peu de temps pour d\u00e9couvrir l'ultime v\u00e9rit\u00e9.\r\n\r\nUn 2e tome et final toujours plus haletant, avec une dimension thriller marqu\u00e9e\r\n\r\nPour des lecteur.ices avides de suspense, de rebondissements et de v\u00e9rit\u00e9s qui d\u00e9rangent.","authors":["Soyoung Park","Lucie Calmanovic-Plescoff"],"category_codes":["2000000","2050000","2050200","2050205"],"visuals":{"large":"https:\/\/images.epagine.fr\/727\/9782095037727_1_75.jpg","medium":"https:\/\/images.epagine.fr\/727\/9782095037727_1_m.jpg","thumbnail":"https:\/\/images.epagine.fr\/727\/9782095037727_1_v.jpg"},"orderable":true,"show_badge":true,"formatted_price":"18,95&nbsp;\u20ac","formatted_published_date":"12 f\u00e9vrier 2026","publisher_availability_label":"Sur commande","short_details":"Soyoung Park, Lucie Calmanovic-Plescoff \u2014 Nathan","translator":"LUCIE CALMANOVIC-PLESCOFF","weight":516,"page_count":432,"readership":"\u00e0 partir de 12 ANS","editor":"Nathan","price":1895,"published_date":"2026-02-11T23:00:00.000000Z","support":"Grand format","publisher_availability":1,"stock":0,"editions":[],"url":"https:\/\/quaidesbrumes.com\/ouvrage\/9782095037727\/snowglobe-tome-2-haute-tension"},{"id":"9782408058715","title":"Petites comptines pour gigoter","description":"D\u00e9couvrez une s\u00e9lection de comptines pour gigoter dans un livre sonore adapt\u00e9 aux tout-petits, d\u00e8s 1 an !\r\nDes comptines pour bouger et se d\u00e9fouler\r\nAvec ce recueil, les enfants gigotent en rythme ! Chaque comptine favorise le mouvement et la coordination tout en s'amusant.\u00a0\r\nTiens, voil\u00e0 main droite ; Trois P'tits Chats ; Qui se cache\u00a0? ; T\u00eate, \u00e9paules, genoux et pieds ; Enroulez le fil ; Le Rock'n'roll des gallinac\u00e9s ; Je cache mes yeux : autant de chansons qui permettent au tout-petit de canaliser son \u00e9nergie d\u00e9bordante, de mani\u00e8re joyeuse et cr\u00e9ative.\r\nUn support ludique pour le d\u00e9veloppement moteur\r\n\u00c0 travers ces sept comptines, l'enfant d\u00e9couvre les parties de son corps et apprend \u00e0 effectuer diff\u00e9rents mouvements. Parfait pour une petite s\u00e9ance d'\u00e9veil corporel \u00e0 la maison, \u00e0 l'\u00e9cole ou \u00e0 la cr\u00e8che !\r\nUn apprentissage de l'autonomie\r\nLa collection \u00ab Contes et comptines \u00e0 \u00e9couter \u00bb propose des recueils pour encourager les enfants \u00e0 prendre leur autonomie. Avec ses gros boutons enclenchables facilement et sa fabrication solide, le tout-petit peut profiter de ce livre musical par ses propres moyens.","authors":["M\u00e9lisande Luthringer"],"category_codes":["2000000","2020000","2020600"],"visuals":{"large":"https:\/\/images.epagine.fr\/715\/9782408058715_1_75.jpg","medium":"https:\/\/images.epagine.fr\/715\/9782408058715_1_m.jpg","thumbnail":"https:\/\/images.epagine.fr\/715\/9782408058715_1_v.jpg"},"orderable":true,"show_badge":true,"formatted_price":"14,90&nbsp;\u20ac","formatted_published_date":"8 avril 2026","publisher_availability_label":"Sur commande","short_details":"M\u00e9lisande Luthringer \u2014 Milan","translator":null,"weight":334,"page_count":14,"readership":"\u00e0 partir de 1 AN","editor":"Milan","price":1490,"published_date":"2026-04-07T22:00:00.000000Z","support":"Grand format","publisher_availability":1,"stock":0,"editions":["9782408040147"],"url":"https:\/\/quaidesbrumes.com\/ouvrage\/9782408058715\/petites-comptines-pour-gigoter"},{"id":"9782408038779","title":"Dieu","description":"Arthur voit son papi prier et ne pas manger de saucisson au d\u00e9jeuner, mais il ne comprend pas bien \u00e0 quoi \u00e7a sert... L'occasion pour lui de se poser plein de questions autour de Dieu et des religions !\r\n\r\nUn \"P'tit pourquoi\" qui d\u00e9veloppe sans tabou des notions sur les religions\r\nCe livre de la collection \"Mes p'tits pourquoi\", qui met la vie \u00e9motionnelle des petits au coeur de ses textes, aborde sans tabou la notion de Dieu, qui interroge et fascine souvent les enfants entre 4 et 7 ans. Qui est Dieu, et o\u00f9 vit-il ? \u00c0 quoi \u00e7a sert de le prier ? Est-ce que les religions provoquent des guerres ? Le petit h\u00e9ros, Arthur, dont les parents sont ath\u00e9es et dont le grand-p\u00e8re est musulman, d\u00e9couvre que l'on peut croire ou non, que tout le monde n'a pas le m\u00eame avis sur une vie possible apr\u00e8s la mort, et que chaque religion a ses pratiques et ses rituels. On y parle aussi de la la\u00efcit\u00e9 \u00e0 l'\u00e9cole, qui lui permet de rester un lieu neutre. Une vraie ode \u00e0 la d\u00e9couverte de l'autre, sans jugement et avec ouverture d'esprit.\r\n\r\nUn documentaire la\u00efque sur la religion\r\nUn livre qui convoque toutes les croyances sans prendre parti (croyants et ath\u00e9es, monoth\u00e9istes et polyth\u00e9istes, religions diverses et vari\u00e9es), pour aider l'enfant \u00e0 les comprendre, gr\u00e2ce \u00e0 une approche la\u00efque et multiculturaliste, et \u00e0 se faire sa propre opinion.","authors":["Sophie Blitman","Annick Masson"],"category_codes":["2000000","2070000","2071000"],"visuals":{"large":"https:\/\/images.epagine.fr\/779\/9782408038779_1_75.jpg","medium":"https:\/\/images.epagine.fr\/779\/9782408038779_1_m.jpg","thumbnail":"https:\/\/images.epagine.fr\/779\/9782408038779_1_v.jpg"},"orderable":true,"show_badge":true,"formatted_price":"7,90&nbsp;\u20ac","formatted_published_date":"12 octobre 2022","publisher_availability_label":"Sur commande","short_details":"Sophie Blitman, Annick Masson \u2014 Milan","translator":null,"weight":246,"page_count":32,"readership":"\u00e0 partir de 4 ANS","editor":"Milan","price":790,"published_date":"2022-10-11T22:00:00.000000Z","support":"Grand format","publisher_availability":1,"stock":0,"editions":[],"url":"https:\/\/quaidesbrumes.com\/ouvrage\/9782408038779\/dieu"},{"id":"9782075164986","title":"Plouf (au bord de la mer)","description":"Le livre id\u00e9al pour faire d\u00e9couvrir \u00e0 l'enfant l'environnement de la mer. Les sons et les mati\u00e8res, choisis avec soin, enrichissent chaque sc\u00e8ne pour la rendre encore plus vivante et plonger l'enfant dans le milieu marin, comme s'il y \u00e9tait.Un livre complet, sonore et tactile, avec des puces et des mati\u00e8res vari\u00e9es \u00e0 toucher.","authors":["Marion Billet"],"category_codes":["2000000","2020000","2020600"],"visuals":{"large":"https:\/\/images.epagine.fr\/986\/9782075164986_1_75.jpg","medium":"https:\/\/images.epagine.fr\/986\/9782075164986_1_m.jpg","thumbnail":"https:\/\/images.epagine.fr\/986\/9782075164986_1_v.jpg"},"orderable":true,"show_badge":true,"formatted_price":"13,50&nbsp;\u20ac","formatted_published_date":"16 juin 2022","publisher_availability_label":"Sur commande","short_details":"Marion Billet \u2014 Gallimard Jeunesse","translator":null,"weight":218,"page_count":12,"readership":"0\/3 ans","editor":"Gallimard Jeunesse","price":1350,"published_date":"2022-06-15T22:00:00.000000Z","support":"Grand format","publisher_availability":1,"stock":0,"editions":[],"url":"https:\/\/quaidesbrumes.com\/ouvrage\/9782075164986\/plouf-au-bord-de-la-mer"},{"id":"9791036317910","title":"La cabane magique Tome 23 : grosses vagues \u00e0 Hawa\u00ef","description":"Cap sur Hawa\u00ef, l'\u00eele de r\u00eave ! Tom et L\u00e9a apprennent \u00e0 danser le hula et rencontrent deux jeunes Hawa\u00efens, qui les invitent \u00e0 surfer sur les vagues. Furieux de ne pas y arriver, Tom revient sur la plage lorsque, soudain, la terre se met \u00e0 trembler...","authors":["Mary Pope Osborne","Marie-H\u00e9l\u00e8ne Delval"],"category_codes":["2000000","2040000","2040300"],"visuals":{"large":"https:\/\/images.epagine.fr\/910\/9791036317910_1_75.jpg","medium":"https:\/\/images.epagine.fr\/910\/9791036317910_1_m.jpg","thumbnail":"https:\/\/images.epagine.fr\/910\/9791036317910_1_v.jpg"},"orderable":true,"show_badge":true,"formatted_price":"5,80&nbsp;\u20ac","formatted_published_date":"3 juin 2020","publisher_availability_label":"Sur commande","short_details":"Mary Pope Osborne, Marie-H\u00e9l\u00e8ne Delval \u2014 Bayard Jeunesse","translator":"MARIE-HELENE DELVAL","weight":124,"page_count":80,"readership":"\u00e0 partir de 6 ANS","editor":"Bayard Jeunesse","price":580,"published_date":"2020-06-02T22:00:00.000000Z","support":"Poche","publisher_availability":1,"stock":0,"editions":[],"url":"https:\/\/quaidesbrumes.com\/ouvrage\/9791036317910\/la-cabane-magique-tome-23-grosses-vagues-a-hawai"},{"id":"9782226401052","title":"Elisabeth, princesse \u00e0 Versailles Tome 10 : le courrier du roi","description":"\u00c0 Versailles, c'est l'effervescence : la belle-soeur du roi s'appr\u00eate \u00e0 accoucher ! Les couloirs sont remplis de courtisans f\u00e9briles qui attendent avec impatience la naissance du nouvel enfant de France. Au milieu de la foule, Colin, le valet d'\u00c9lisabeth, a quant \u00e0 lui du mal \u00e0 se r\u00e9jouir : le Ministre lui a confi\u00e9 une lettre de la plus haute importance \u00e0 remettre \u00e0 l'ambassadeur du Portugal. Mais l'affreux Maurice a profit\u00e9 d'une s\u00e9ance de baignade pour la d\u00e9rober ! Les pages de la reine sont furieux, ce vol repr\u00e9sente pour eux un \u00e9ni\u00e8me affront de Maurice et ses acolytes. C'est d\u00e9cid\u00e9, la guerre est d\u00e9clar\u00e9e ! \u00c9lisabeth se retrouve au sein d'un conflit entre les pages avec une seule id\u00e9e en t\u00eate : retrouver la lettre destin\u00e9e \u00e0 l'ambassadeur qui, d'apr\u00e8s Colin, concerne son futur mariage...\u00c0 partir de 8 ans.","authors":["Annie Jay","Ariane Delrieu"],"category_codes":["2000000","2040000","2040500","2040507"],"visuals":{"large":"https:\/\/images.epagine.fr\/052\/9782226401052_1_75.jpg","medium":"https:\/\/images.epagine.fr\/052\/9782226401052_1_m.jpg","thumbnail":"https:\/\/images.epagine.fr\/052\/9782226401052_1_v.jpg"},"orderable":true,"show_badge":true,"formatted_price":"7,90&nbsp;\u20ac","formatted_published_date":"28 mars 2018","publisher_availability_label":"Sur commande","short_details":"Annie Jay, Ariane Delrieu \u2014 Albin Michel","translator":null,"weight":240,"page_count":144,"readership":"\u00e0 partir de 8 ANS","editor":"Albin Michel","price":790,"published_date":"2018-03-27T22:00:00.000000Z","support":"Grand format","publisher_availability":1,"stock":0,"editions":[],"url":"https:\/\/quaidesbrumes.com\/ouvrage\/9782226401052\/elisabeth-princesse-a-versailles-tome-10-le-courrier-du-roi"},{"id":"9782211235358","title":"Dodo","description":"C'est la nuit, tout le monde dort sauf Nono \u00e0 cause de Popov qui ronfle. Il demande \u00e0 Micha de lui lire une histoire. Pedro se r\u00e9veille, Zaza s'agite.Tandis que Kaki ouvre un oeil, Omar ne veut plus rester dans son lit. Quelle agitation dans la chambre pendant que Popov continue \u00e0 ronfler !\r","authors":["Doroth\u00e9e de Monfreid"],"category_codes":["2000000","2030000","2030300"],"visuals":{"large":"https:\/\/images.epagine.fr\/358\/9782211235358_1_75.jpg","medium":"https:\/\/images.epagine.fr\/358\/9782211235358_1_m.jpg","thumbnail":"https:\/\/images.epagine.fr\/358\/9782211235358_1_v.jpg"},"orderable":true,"show_badge":true,"formatted_price":"6,00&nbsp;\u20ac","formatted_published_date":"2 mai 2018","publisher_availability_label":"Sur commande","short_details":"Doroth\u00e9e de Monfreid \u2014 L'\u00c9cole des loisirs","translator":null,"weight":82,"page_count":32,"readership":"0\/3 ans","editor":"L'\u00c9cole des loisirs","price":600,"published_date":"2018-05-01T22:00:00.000000Z","support":"Poche","publisher_availability":1,"stock":0,"editions":["9782211313773"],"url":"https:\/\/quaidesbrumes.com\/ouvrage\/9782211235358\/dodo"},{"id":"9782884803625","title":"Max se trouve nul","description":"La rentr\u00e9e d\u00e9marre mal pour Max : il renverse son bol de lait, se ridiculise en classe, rate un penalty, entend ses copains dire du mal de lui... Soudain, il se sent nul et pense qu'il n'arrivera jamais \u00e0 rien ! S'en sortira-t-il ? Ce livre de Max et Lili parle de la confiance en soi, qu'il est facile de perdre et difficile de retrouver. Tr\u00e8s t\u00f4t, l'enfant se fait une id\u00e9e de lui-m\u00eame \u00e0 travers ses exp\u00e9riences et le regard des autres... Pour que cette image soit positive, il a besoin d'adultes qui lui font confiance, tout en le guidant, qui font plus attention \u00e0 ses qualit\u00e9s qu'\u00e0 ses d\u00e9fauts, qui comprennent ses difficult\u00e9s... L'enfant a besoin de se savoir important et de se sentir aim\u00e9.\r","authors":["Serge Bloch","Dominique de Saint-Mars"],"category_codes":["2000000","2040000","2040200"],"visuals":{"large":"https:\/\/images.epagine.fr\/625\/9782884803625_1_75.jpg","medium":"https:\/\/images.epagine.fr\/625\/9782884803625_1_m.jpg","thumbnail":"https:\/\/images.epagine.fr\/625\/9782884803625_1_v.jpg"},"orderable":true,"show_badge":true,"formatted_price":"6,20&nbsp;\u20ac","formatted_published_date":"20 septembre 2007","publisher_availability_label":"Sur commande","short_details":"Serge Bloch, Dominique de Saint-Mars \u2014 Calligram","translator":null,"weight":117,"page_count":43,"readership":"6\/9 ans","editor":"Calligram","price":620,"published_date":"2007-09-19T22:00:00.000000Z","support":"Grand format","publisher_availability":1,"stock":0,"editions":[],"url":"https:\/\/quaidesbrumes.com\/ouvrage\/9782884803625\/max-se-trouve-nul"},{"id":"9782733874820","title":"Le Loup qui escaladait les montagnes","description":"Loup part \u00e0 la recherche du papa de Demoiselle Y\u00e9ti : l'abominable homme des neiges !\r\nUne course-poursuite effr\u00e9n\u00e9e \u00e0 travers les montagnes du monde entier et de nombreux milieux naturels.\r\nAlpinisme sur le Mont Fuji, raquettes sur le Denali, Toboggan aquatique devant l'Uluru : Loup mettra-t-il la main sur ce mythique Y\u00e9ti, peut-\u00eatre plus gentil qu'il n'y para\u00eet ?","authors":["Orianne Lallemand","El\u00e9onore Thuillier"],"category_codes":["2000000","2030000","2030400"],"visuals":{"large":"https:\/\/images.epagine.fr\/820\/9782733874820_1_75.jpg","medium":"https:\/\/images.epagine.fr\/820\/9782733874820_1_m.jpg","thumbnail":"https:\/\/images.epagine.fr\/820\/9782733874820_1_v.jpg"},"orderable":true,"show_badge":true,"formatted_price":"6,95&nbsp;\u20ac","formatted_published_date":"3 octobre 2019","publisher_availability_label":"Sur commande","short_details":"Orianne Lallemand, El\u00e9onore Thuillier \u2014 Auzou","translator":null,"weight":170,"page_count":31,"readership":"\u00e0 partir de 3 ANS","editor":"Auzou","price":695,"published_date":"2019-10-02T22:00:00.000000Z","support":"Grand format","publisher_availability":1,"stock":0,"editions":[],"url":"https:\/\/quaidesbrumes.com\/ouvrage\/9782733874820\/le-loup-qui-escaladait-les-montagnes"},{"id":"9782831101293","title":"Einstein ; le fantastique voyage d'une souris dans l'espace-temps","description":"Souriceau n'en revient pas, il a rat\u00e9 la F\u00eate du fromage de Berne, \u00e0 un jour pr\u00e8s. Ne peutil revenir en arri\u00e8re ? Il s'interroge sur la notion de temps. Comment remonter le temps ?\r\nVoil\u00e0 le d\u00e9fi qu'il tente de relever, avec l'aide d'un ami horloger, et les pr\u00e9cieuses notes d'un certain Albert Einstein. Apr\u00e8s bien des tentatives pour se construire une machine \u00e0 remonter le temps, Souriceau arrive dans le pass\u00e9. Mais il s'est tromp\u00e9 dans ses calculs, et le voil\u00e0 contemporain d'Albert Einstein. Celui-ci va l'aider \u00e0 voyager \u00e0 travers la notion de temps.\r\n\r\nDans cette 4\u00e8me aventure, Torben Kuhlmann initie Souriceau et les lecteurs \u00e0 la notion de la relativit\u00e9 du temps, il entrem\u00eale pr\u00e9sent et pass\u00e9 dans de magnifiques illustrations et une histoire riche en enseignements, qui met les plus importantes th\u00e9ories scientifiques \u00e0 port\u00e9e de tous.","authors":["Torben Kuhlmann"],"category_codes":["2000000","2030000","2030400"],"visuals":{"large":"https:\/\/images.epagine.fr\/293\/9782831101293_1_75.jpg","medium":"https:\/\/images.epagine.fr\/293\/9782831101293_1_m.jpg","thumbnail":"https:\/\/images.epagine.fr\/293\/9782831101293_1_v.jpg"},"orderable":true,"show_badge":true,"formatted_price":"22,00&nbsp;\u20ac","formatted_published_date":"22 octobre 2020","publisher_availability_label":"Sur commande","short_details":"Torben Kuhlmann \u2014 NordSud","translator":null,"weight":784,"page_count":128,"readership":"\u00e0 partir de 8 ANS","editor":"NordSud","price":2200,"published_date":"2020-10-21T22:00:00.000000Z","support":"Grand format","publisher_availability":1,"stock":0,"editions":[],"url":"https:\/\/quaidesbrumes.com\/ouvrage\/9782831101293\/einstein-le-fantastique-voyage-dune-souris-dans-lespace-temps"},{"id":"9782821219274","title":"Coeur Coll\u00e8ge Tome 2 : Chagrins d'amour","description":"Entre l'amiti\u00e9 et l'amour avec un grand \" A \", comment trouver l'\u00e9quilibre ? L'adaptation en roman de la s\u00e9rie \u00e0 succ\u00e8s Coeur Coll\u00e8ge !\r\nLinon et Garance, les deux meilleures amies, ne sont plus sur la m\u00eame longueur d'onde... Pendant que Linon file le parfait amour avec Noa, son crush, elle d\u00e9laisse Garance. De son c\u00f4t\u00e9, celle-ci a le moral en berne et est inqui\u00e8te, car ses parents n'arr\u00eatent pas de se disputer. Au m\u00eame moment, Noa est courtis\u00e9 par la bande de \" populaires \" du coll\u00e8ge. Mais pour les rejoindre, il devrait rompre avec Linon, qui n'est pas jug\u00e9e assez \" cool \"...\r\nConfront\u00e9es \u00e0 de nouveaux d\u00e9fis, les deux amies r\u00e9ussiront-elles \u00e0 sauver leur amiti\u00e9 et \u00e0 retrouver leur joie de vivre ?\r\n\r\nL'adaptation en roman du deuxi\u00e8me tome de la bande dessin\u00e9e \u00e0 succ\u00e8s Coeur Coll\u00e8ge , accompagn\u00e9 d'un dossier pour aborder plus en profondeur les th\u00e9matiques propres \u00e0 l'adolescence.","authors":["Maya","BeKa"],"category_codes":["2000000","2040000","2040300"],"visuals":{"large":"https:\/\/images.epagine.fr\/274\/9782821219274_1_75.jpg","medium":"https:\/\/images.epagine.fr\/274\/9782821219274_1_m.jpg","thumbnail":"https:\/\/images.epagine.fr\/274\/9782821219274_1_v.jpg"},"orderable":true,"show_badge":true,"formatted_price":"9,95&nbsp;\u20ac","formatted_published_date":"22 janvier 2026","publisher_availability_label":"Sur commande","short_details":"Maya, BeKa \u2014 Les Livres du Dragon d'Or","translator":null,"weight":126,"page_count":102,"readership":"\u00e0 partir de 6 ANS","editor":"Les Livres du Dragon d'Or","price":995,"published_date":"2026-01-21T23:00:00.000000Z","support":"Grand format","publisher_availability":1,"stock":0,"editions":[],"url":"https:\/\/quaidesbrumes.com\/ouvrage\/9782821219274\/coeur-college-tome-2-chagrins-damour"}]}