{"data":[{"id":"9782408063665","title":"Les ch\u00e2teaux forts en questions","description":"Un livre documentaire m\u00ealant photos et illustrations r\u00e9alistes pour tout conna\u00eetre des ch\u00e2teaux forts : comment les construit-on ? Existent-ils dans le monde entier ? Qui les habite ? Comment attaque-t-on un ch\u00e2teau fort ?...\r\n\r\nSeize questions pour tout savoir sur les ch\u00e2teaux forts\r\nDepuis quand les ch\u00e2teaux forts existent-ils ? O\u00f9 sont construits les ch\u00e2teaux forts ? Comment construit-on un ch\u00e2teau fort ? Est-ce que les ch\u00e2teaux forts sont tous pareils ? Y a-t-il des ch\u00e2teaux forts dans le monde entier ? Que se passe-t-il derri\u00e8re les remparts ? Qui habite le donjon ? Le donjon est-il confortable ? Que mange-t-on \u00e0 la table des seigneurs ? Que font les femmes et les enfants ? Qu'est-ce qu'un chevalier ? Comment s'occupe le chevalier en temps de paix ? Comment attaque-t-on un ch\u00e2teau fort ? Comment les habitants se d\u00e9fendent-ils ? Que fait-on des prisonniers ? Pourquoi ne construit-on plus de ch\u00e2teaux forts ?\r\n\r\nDeux fa\u00e7ons d'explorer une th\u00e9matique\r\nLa collection \u00ab Topic \u00bb propose deux mani\u00e8res de plonger dans l'information : en suivant l'ordre des pages ou en piochant parmi les pictogrammes pr\u00e9sent\u00e9s au d\u00e9but du livre. Envie de savoir de quoi parle le picto \u00ab combattants \u00bb ? Rendez-vous aux pages indiqu\u00e9es !","authors":["Natacha Scheidhauer-Fradin","Aronne Nembrini","Alban Marilleau"],"category_codes":["2000000","2070000","2070400"],"visuals":{"large":"https:\/\/images.epagine.fr\/665\/9782408063665_1_75.jpg","medium":"https:\/\/images.epagine.fr\/665\/9782408063665_1_m.jpg","thumbnail":"https:\/\/images.epagine.fr\/665\/9782408063665_1_v.jpg"},"orderable":true,"show_badge":true,"formatted_price":"9,20&nbsp;\u20ac","formatted_published_date":"11 f\u00e9vrier 2026","publisher_availability_label":"Sur commande","short_details":"Natacha Scheidhauer-Fradin, Aronne Nembrini, Alban Marilleau \u2014 Milan","translator":null,"weight":440,"page_count":40,"readership":"\u00e0 partir de 7 ANS","editor":"Milan","price":920,"published_date":"2026-02-10T23:00:00.000000Z","support":"Grand format","publisher_availability":1,"stock":0,"editions":[],"url":"https:\/\/quaidesbrumes.com\/ouvrage\/9782408063665\/les-chateaux-forts-en-questions"},{"id":"9782324038969","title":"Mes joyeuses chansons pour faire la f\u00eate","description":"Appuie sur les pastilles et \u00e9coute les joyeuses chansons pour faire la f\u00eate !\r\nAvec son boitier adapt\u00e9 aux petites mains, ce grand livre musical propose aux petits 18 chansons incontournables du r\u00e9pertoire enfantin.\r\n\r\nChaque chanson, d'une dur\u00e9e tr\u00e8s longue, est illustr\u00e9e. Autonome avec son livre, l'enfant pourra \u00e0 sa guise choisir ce qu'il souhaite \u00e9couter parmi les 18 chansons. On retrouve, entre autres, au fil des pages : \" Joyeux anniversaire \" ; \" J'aime la galette \" ; \" Ainsi font, font, font \" ; \" Head, shoulders, knees and toes \" ; \" La Bamba \" ; etc.\r\n\r\nDes illustrations pleines de charme accompagnent ce grand livre musical qui propose plus de 8 minutes d'\u00e9coute.","authors":["Gilles Lombard","Luce Dauthier","Marianne Ausseil"],"category_codes":["2000000","2020000","2020600"],"visuals":{"large":"https:\/\/images.epagine.fr\/969\/9782324038969_1_75.jpg","medium":"https:\/\/images.epagine.fr\/969\/9782324038969_1_m.jpg","thumbnail":"https:\/\/images.epagine.fr\/969\/9782324038969_1_v.jpg"},"orderable":true,"show_badge":true,"formatted_price":"18,00&nbsp;\u20ac","formatted_published_date":"26 mars 2026","publisher_availability_label":"Sur commande","short_details":"Gilles Lombard, Luce Dauthier, Marianne Ausseil \u2014 Gr\u00fcnd","translator":null,"weight":874,"page_count":18,"readership":"\u00e0 partir de 1 AN","editor":"Gr\u00fcnd","price":1800,"published_date":"2026-03-25T23:00:00.000000Z","support":"Grand format","publisher_availability":1,"stock":0,"editions":[],"url":"https:\/\/quaidesbrumes.com\/ouvrage\/9782324038969\/mes-joyeuses-chansons-pour-faire-la-fete"},{"id":"9782401119949","title":"Violaine la vip\u00e8re raconte des mensonges","description":"Violaine la vip\u00e8re n'aime pas le gratin de brocolis, ni ramper sous la pluie. Elle aime glisser dans les herbes folles et lire tranquillement, au bord de l'\u00e9tang, des r\u00e9cits d'aventures.\u00a0 Mais ce que Violaine adore plus que tout au monde, c'est \u00eatre au centre de l'attention... Alors, elle s'invente des histoires, juste pour qu'on l'\u00e9coute. Un peu, beaucoup, passionn\u00e9ment... \u00e0 la folie ! R\u00e9ussira-t-elle \u00e0 ne plus raconter de mensonges ?\r\nDans la For\u00eat des Amis, chacun a ses go\u00fbts, son temp\u00e9rament et ses petites manies. Tout le monde est diff\u00e9rent... et c'est parfait comme \u00e7a\u00a0 !\r\nDes histoires tendres et inclusives avec une version audio lue par l'autrice.\u00a0 \r\nDes conseils et outils p\u00e9dagogiques prodigu\u00e9s par V\u00e9ronique Maciejak, ancienne journaliste, coach parental, sophrologue et autrice \u00e0 succ\u00e8s, \u00e0 retrouver \u00e0 la fin de chaque album.","authors":["V\u00e9ronique Maciejak","Crescence Bouvarel"],"category_codes":["2000000","2030000","2030400"],"visuals":{"large":"https:\/\/images.epagine.fr\/949\/9782401119949_1_75.jpg","medium":"https:\/\/images.epagine.fr\/949\/9782401119949_1_m.jpg","thumbnail":"https:\/\/images.epagine.fr\/949\/9782401119949_1_v.jpg"},"orderable":true,"show_badge":true,"formatted_price":"13,95&nbsp;\u20ac","formatted_published_date":"1er avril 2026","publisher_availability_label":"Sur commande","short_details":"V\u00e9ronique Maciejak, Crescence Bouvarel \u2014 Hatier","translator":null,"weight":252,"page_count":32,"readership":"\u00e0 partir de 3 ANS","editor":"Hatier","price":1395,"published_date":"2026-03-31T22:00:00.000000Z","support":"Grand format","publisher_availability":1,"stock":0,"editions":[],"url":"https:\/\/quaidesbrumes.com\/ouvrage\/9782401119949\/violaine-la-vipere-raconte-des-mensonges"},{"id":"9782368363126","title":"Loup et renard n'ont peur de rien","description":null,"authors":["Cali","Appel"],"category_codes":["2000000","2030000","2030400"],"visuals":{"large":"https:\/\/images.epagine.fr\/126\/9782368363126_1_75.jpg","medium":"https:\/\/images.epagine.fr\/126\/9782368363126_1_m.jpg","thumbnail":"https:\/\/images.epagine.fr\/126\/9782368363126_1_v.jpg"},"orderable":true,"show_badge":false,"formatted_price":"15,50&nbsp;\u20ac","formatted_published_date":"3 avril 2026","publisher_availability_label":"Sur commande","short_details":"Cali, Appel \u2014 ABC Melody","translator":null,"weight":482,"page_count":null,"readership":"3\/6 ans","editor":"ABC Melody","price":1550,"published_date":"2026-04-02T22:00:00.000000Z","support":"Grand format","publisher_availability":1,"stock":1,"editions":[],"url":"https:\/\/quaidesbrumes.com\/ouvrage\/9782368363126\/loup-et-renard-nont-peur-de-rien"},{"id":"9782095058760","title":"T'choupi : Les formes","description":"Rond, carr\u00e9, triangle... Un petit imagier con\u00e7u pour d\u00e9couvrir les formes !\r\nRond comme...\r\nCarr\u00e9 comme...\r\nTriangle comme...\r\nSur chaque double-page, une sc\u00e8ne de T'choupi et un mini imagier des formes !\r\n\r\nPour apprendre \u00e0 reconna\u00eetre les formes g\u00e9om\u00e9triques avec T'choupi, d\u00e8s 10 mois.","authors":["Thierry Courtin"],"category_codes":["2000000","2020000","2020300"],"visuals":{"large":"https:\/\/images.epagine.fr\/760\/9782095058760_1_75.jpg","medium":"https:\/\/images.epagine.fr\/760\/9782095058760_1_m.jpg","thumbnail":"https:\/\/images.epagine.fr\/760\/9782095058760_1_v.jpg"},"orderable":true,"show_badge":true,"formatted_price":"5,00&nbsp;\u20ac","formatted_published_date":"9 avril 2026","publisher_availability_label":"Sur commande","short_details":"Thierry Courtin \u2014 Nathan","translator":null,"weight":104,"page_count":12,"readership":"0\/3 ans","editor":"Nathan","price":500,"published_date":"2026-04-08T22:00:00.000000Z","support":"Grand format","publisher_availability":1,"stock":0,"editions":[],"url":"https:\/\/quaidesbrumes.com\/ouvrage\/9782095058760\/tchoupi-les-formes"},{"id":"9782095033798","title":"17 ans \u00e0 jamais","description":"Condamn\u00e9e \u00e0 la jeunesse \u00e9ternelle, elle cherche son amour perdu.\r\n1916, Marthe Amelin, 17 ans, tombe \u00e9perdument amoureuse d'Andr\u00e9. Quand ce dernier part pour le front, Marthe dit \u00e0 Andr\u00e9 : \" Emporte mon reflet. Tant que tu le garderas, ni la guerre ni la mort ne pourront nous s\u00e9parer ! \". Quelques temps apr\u00e8s, Marthe r\u00e9alise que les miroirs ne lui renvoient plus son image. Andr\u00e9 a emport\u00e9 son reflet et elle a cess\u00e9 de vieillir : elle aura 17 ans \u00e0 jamais, tant qu'elle ne l'aura pas retrouv\u00e9.\r\n\r\nCommence pour elle une vie romanesque \u00e0 la recherche de son amour perdu.\r\n\r\nUn r\u00e9cit d'amour \u00e9ternel \u00e0 la crois\u00e9e des genres.","authors":["Ga\u00ebl Aymon","Juliette Pantal\u00e9o"],"category_codes":["2000000","2050000","2050200","2050206"],"visuals":{"large":"https:\/\/images.epagine.fr\/798\/9782095033798_1_75.jpg","medium":"https:\/\/images.epagine.fr\/798\/9782095033798_1_m.jpg","thumbnail":"https:\/\/images.epagine.fr\/798\/9782095033798_1_v.jpg"},"orderable":true,"show_badge":true,"formatted_price":"17,95&nbsp;\u20ac","formatted_published_date":"12 septembre 2024","publisher_availability_label":"Sur commande","short_details":"Ga\u00ebl Aymon, Juliette Pantal\u00e9o \u2014 Nathan","translator":null,"weight":578,"page_count":496,"readership":"\u00e0 partir de 12 ANS","editor":"Nathan","price":1795,"published_date":"2024-09-11T22:00:00.000000Z","support":"Grand format","publisher_availability":1,"stock":0,"editions":[],"url":"https:\/\/quaidesbrumes.com\/ouvrage\/9782095033798\/17-ans-a-jamais"},{"id":"9782408060930","title":"Mon premier tour du monde ; l'atlas des curieux !","description":"Regarder le monde, continent apr\u00e8s continent, carte apr\u00e8s carte, avec un point de vue original : pour une premi\u00e8re approche g\u00e9ographique de l'Afrique, de l'Europe, de l'Asie, de l'Am\u00e9rique du Nord, de l'Am\u00e9rique du Sud, de l'Oc\u00e9anie, de l'Antarctique.\u00c0 la d\u00e9couverte du monde !\r\nDes cartes politiques et physiques simplifi\u00e9es pour une meilleure lisibilit\u00e9, mais fid\u00e8les \u00e0 la r\u00e9alit\u00e9. De grandes illustrations qui proposent des voyages \u00e0 travers les diff\u00e9rents continents, pour que les enfants en aient une vision plus riche et plus globale. Un livre de r\u00e9f\u00e9rence pour le th\u00e8me et la tranche d'\u00e2ge.Quand la g\u00e9ographie se pare de ses plus belles couleurs\r\nDes illustrations d\u00e9taill\u00e9es et color\u00e9es de Laurence Jammes, Olivia Cosneau, Sandrine Thommen et Alexandre Verhille, qui se d\u00e9clinent sous forme de vignettes ou de grandes cartes. Chacun des quatre illustrateurs pr\u00eate sa sensibilit\u00e9 et son univers graphique \u00e0 un ou deux continents en particulier. Toutes les cartes sont d'Alexandre Verhille.","authors":["Didier Mouni\u00e9"],"category_codes":["2000000","2070000","2070600"],"visuals":{"large":"https:\/\/images.epagine.fr\/930\/9782408060930_1_75.jpg","medium":"https:\/\/images.epagine.fr\/930\/9782408060930_1_m.jpg","thumbnail":"https:\/\/images.epagine.fr\/930\/9782408060930_1_v.jpg"},"orderable":true,"show_badge":false,"formatted_price":"18,00&nbsp;\u20ac","formatted_published_date":"27 ao\u00fbt 2025","publisher_availability_label":"Sur commande","short_details":"Didier Mouni\u00e9 \u2014 Milan","translator":null,"weight":662,"page_count":60,"readership":"\u00e0 partir de 5 ANS","editor":"Milan","price":1800,"published_date":"2025-08-26T22:00:00.000000Z","support":"Grand format","publisher_availability":1,"stock":1,"editions":[],"url":"https:\/\/quaidesbrumes.com\/ouvrage\/9782408060930\/mon-premier-tour-du-monde-latlas-des-curieux"},{"id":"9782017072201","title":"Le Club des Cinq Tome 8 : le Club des Cinq pris au pi\u00e8ge","description":"La Villa des mouettes  a \u00e9t\u00e9 cambriol\u00e9e  ! Et les voleurs ont emport\u00e9 des documents scientifiques top-secret appartenant \u00e0 l'oncle Henri. Pire  : la nuit suivante, Claude et Dagobert sont enlev\u00e9s  ! Les Cinq devront se soumettre \u00e0 un terrible chantage s'ils veulent revoir leurs compagnons sains et saufs...","authors":["Enid Blyton","Rosalind Elland-Goldsmith"],"category_codes":["2000000","2040000","2040300"],"visuals":{"large":"https:\/\/images.epagine.fr\/201\/9782017072201_1_75.jpg","medium":"https:\/\/images.epagine.fr\/201\/9782017072201_1_m.jpg","thumbnail":"https:\/\/images.epagine.fr\/201\/9782017072201_1_v.jpg"},"orderable":true,"show_badge":true,"formatted_price":"6,50&nbsp;\u20ac","formatted_published_date":"27 f\u00e9vrier 2019","publisher_availability_label":"Sur commande","short_details":"Enid Blyton, Rosalind Elland-Goldsmith \u2014 Hachette Jeunesse","translator":"ROSALIND ELLAND-GOLDSMITH","weight":214,"page_count":192,"readership":"\u00e0 partir de 8 ANS","editor":"Hachette Jeunesse","price":650,"published_date":"2019-02-26T23:00:00.000000Z","support":"Poche","publisher_availability":1,"stock":0,"editions":[],"url":"https:\/\/quaidesbrumes.com\/ouvrage\/9782017072201\/le-club-des-cinq-tome-8-le-club-des-cinq-pris-au-piege"},{"id":"9782012248588","title":"Monsieur Mal \u00e9lev\u00e9","description":"Monsieur Mal \u00e9lev\u00e9","authors":["Roger Hargreaves"],"category_codes":["2000000","2030000","2030400"],"visuals":{"large":"https:\/\/images.epagine.fr\/588\/9782012248588_1_75.jpg","medium":"https:\/\/images.epagine.fr\/588\/9782012248588_1_m.jpg","thumbnail":"https:\/\/images.epagine.fr\/588\/9782012248588_1_v.jpg"},"orderable":true,"show_badge":true,"formatted_price":"2,90&nbsp;\u20ac","formatted_published_date":"13 f\u00e9vrier 2008","publisher_availability_label":"Sur commande","short_details":"Roger Hargreaves \u2014 Hachette Jeunesse","translator":null,"weight":55,"page_count":40,"readership":"\u00e0 partir de 4 ANS","editor":"Hachette Jeunesse","price":290,"published_date":"2008-02-12T23:00:00.000000Z","support":"Poche","publisher_availability":1,"stock":0,"editions":[],"url":"https:\/\/quaidesbrumes.com\/ouvrage\/9782012248588\/monsieur-mal-eleve"},{"id":"9791036338120","title":"La cabane \u00e0 13 \u00e9tages Tome 11 : la cabane \u00e0 143 \u00e9tages","description":"Bienvenue dans la cabane la plus cool du monde ! Andy et Terry y ont ajout\u00e9 un nouvel \u00e9tage camping. Et \u00e7a tombe bien, car ils ont vraiment besoin de vacances ! Mais M. Gros Nez, leur \u00e9diteur, leur rappelle qu'ils doivent travailler sur leur prochain livre. Heureusement pour l'inspiration d'Andy et Terry, TOUT est possible dans une cabane \u00e0 143 \u00e9tages... Tu veux savoir si des vacances peuvent se transformer en cauchemar ? Ouvre vite ce livre !","authors":["Andy Griffiths","Terry Denton","Samir Senoussi"],"category_codes":["2000000","2040000","2040500","2040504"],"visuals":{"large":"https:\/\/images.epagine.fr\/120\/9791036338120_1_75.jpg","medium":"https:\/\/images.epagine.fr\/120\/9791036338120_1_m.jpg","thumbnail":"https:\/\/images.epagine.fr\/120\/9791036338120_1_v.jpg"},"orderable":true,"show_badge":true,"formatted_price":"14,90&nbsp;\u20ac","formatted_published_date":"5 juillet 2023","publisher_availability_label":"Sur commande","short_details":"Andy Griffiths, Terry Denton, Samir Senoussi \u2014 Bayard Jeunesse","translator":"SAMIR SENOUSSI","weight":424,"page_count":304,"readership":"\u00e0 partir de 10 ANS","editor":"Bayard Jeunesse","price":1490,"published_date":"2023-07-04T22:00:00.000000Z","support":"Grand format","publisher_availability":1,"stock":0,"editions":[],"url":"https:\/\/quaidesbrumes.com\/ouvrage\/9791036338120\/la-cabane-a-13-etages-tome-11-la-cabane-a-143-etages"},{"id":"9782203281066","title":"Robin Hood Tome 6 : Bandits, d\u00e9chets et moto-cross","description":"Le meilleur ami de Robin, Alan, nage en plein doute. Son p\u00e8re est impliqu\u00e9 dans des affaires louches avec l'horrible Gisborne, qui de plus est candidat au poste de sh\u00e9rif. Les deux hommes semblent responsables de la gestion catastrophique des d\u00e9chets toxiques de la ville, qui rend les employ\u00e9s malades. D\u00e9cid\u00e9 \u00e0 y voir plus clair, Alan rejoint les rebelles de Robin au ch\u00e2teau de Sherwood. Les deux amis d\u00e9cident de tendre un pi\u00e8ge \u00e0 Gisborne quand un coup de tonnerre fait trembler Robin lui-m\u00eame : son propre p\u00e8re sort de prison et se pr\u00e9sente contre Gisborne aux \u00e9lections !","authors":["Robert Muchamore"],"category_codes":["2000000","2050000","2050200","2050202"],"visuals":{"large":"https:\/\/images.epagine.fr\/066\/9782203281066_1_75.jpg","medium":"https:\/\/images.epagine.fr\/066\/9782203281066_1_m.jpg","thumbnail":"https:\/\/images.epagine.fr\/066\/9782203281066_1_v.jpg"},"orderable":true,"show_badge":true,"formatted_price":"12,90&nbsp;\u20ac","formatted_published_date":"20 mars 2024","publisher_availability_label":"Sur commande","short_details":"Robert Muchamore \u2014 Casterman","translator":null,"weight":336,"page_count":312,"readership":"\u00e0 partir de 12 ANS","editor":"Casterman","price":1290,"published_date":"2024-03-19T23:00:00.000000Z","support":"Grand format","publisher_availability":1,"stock":0,"editions":[],"url":"https:\/\/quaidesbrumes.com\/ouvrage\/9782203281066\/robin-hood-tome-6-bandits-dechets-et-moto-cross"},{"id":"9782330193829","title":"Histoires merveilleuses \u00e0 inventer","description":"Et si c'\u00e9tait TOI qui imaginais l'histoire ? Ce livre n'est pas comme les autres, car c'est TON livre, et il va te permettre d'imaginer non pas une histoire mais DES HISTOIRES \u00c0 L'INFINI ! Regarde les images foisonnantes comme un avant-apr\u00e8s : en ouvrant le rabat, tu d\u00e9couvres une transformation du d\u00e9cor et des personnages. Que s'est-il pass\u00e9 ? Qu'a-t-il bien pu arriver ? \u00c0 toi de jouer ! br \/ Un album \u00e0 lire et \u00e0 relire infiniment, avec un super cherche et trouve \u00e0 explorer...","authors":["Peggy Nille"],"category_codes":["2000000","2030000"],"visuals":{"large":"https:\/\/images.epagine.fr\/829\/9782330193829_1_75.jpg","medium":"https:\/\/images.epagine.fr\/829\/9782330193829_1_m.jpg","thumbnail":"https:\/\/images.epagine.fr\/829\/9782330193829_1_v.jpg"},"orderable":true,"show_badge":true,"formatted_price":"19,00&nbsp;\u20ac","formatted_published_date":"2 octobre 2024","publisher_availability_label":"Sur commande","short_details":"Peggy Nille \u2014 Actes Sud","translator":null,"weight":732,"page_count":52,"readership":"3\/6 ans","editor":"Actes Sud","price":1900,"published_date":"2024-10-01T22:00:00.000000Z","support":"Grand format","publisher_availability":1,"stock":0,"editions":[],"url":"https:\/\/quaidesbrumes.com\/ouvrage\/9782330193829\/histoires-merveilleuses-a-inventer"},{"id":"9782386141539","title":"Marco Polo","description":"De son enfance \u00e0 Venise \u00e0 ses exp\u00e9ditions \u00e0 travers l'Asie centrale et orientale en passant par son emprisonnement par les G\u00e9nois, suivez les traces de cet illustre explorateur qui inspirera Christophe Colomb et d'autres grands voyageurs.\r\nQuelle Histoire propose une initiation accessible \u00e0 l'histoire de ce grand aventurier, en dix sc\u00e8nes de sa vie, illustr\u00e9es de mani\u00e8re color\u00e9e et ludique.","authors":["Patricia Cr\u00e9t\u00e9","Anatole Develay","Bruno Wennagel","Manon Jouet","Mathieu Ferret"],"category_codes":["2000000","2070000","2070400"],"visuals":{"large":"https:\/\/images.epagine.fr\/539\/9782386141539_1_75.jpg","medium":"https:\/\/images.epagine.fr\/539\/9782386141539_1_m.jpg","thumbnail":"https:\/\/images.epagine.fr\/539\/9782386141539_1_v.jpg"},"orderable":true,"show_badge":true,"formatted_price":"5,00&nbsp;\u20ac","formatted_published_date":"9 juillet 2025","publisher_availability_label":"Sur commande","short_details":"Patricia Cr\u00e9t\u00e9, Anatole Develay, Bruno Wennagel, Manon Jouet, Mathieu Ferret \u2014 QUELLE HISTOIRE","translator":null,"weight":90,"page_count":40,"readership":"Tout public","editor":"QUELLE HISTOIRE","price":500,"published_date":"2025-07-08T22:00:00.000000Z","support":"Grand format","publisher_availability":1,"stock":0,"editions":[],"url":"https:\/\/quaidesbrumes.com\/ouvrage\/9782386141539\/marco-polo"},{"id":"9782408057763","title":"Et si la Nuit avait peur de toi ?","description":"Tu as peut-\u00eatre peur de la Nuit, mais sais-tu que la Nuit aussi a peur... de TOI ?\r\nSi tu ne la vois pas le jour, c'est qu'elle se cache, craignant la lumi\u00e8re et tout ce qui s'y rapporte. La pauvre ne peut pas souffler les bougies de son g\u00e2teau d'anniversaire, ne\u00a0parvient pas \u00e0 se couper les cheveux (impossible dans le noir !) ou m\u00eame faire du bateau (trop dangereux de naviguer sans \u00e9clairage sur la mer)...\r\n\u00a0Un album id\u00e9al pour d\u00e9dramatiser la peur du noir\r\nUne histoire qui inverse les r\u00f4les ! Retourner la situation pour d\u00e9dramatiser ce moment angoissant du coucher, un passage difficile pour de nombreux enfants : l'album id\u00e9al \u00e0 lire avant d'\u00e9teindre la lumi\u00e8re !Une histoire pour rire de ses peurs\r\nQue ce soit dans le ton, les dialogues ou les illustrations, tout est fait pour que la nuit ne soit plus effrayante. Une histoire pour rire et chasser les petites angoisses du moment du coucher... Une version tout-carton pour les petites mains qui souhaitent se rassurer juste avant de se coucher...\r\n\u00a0\r\n\u00a0","authors":["Peter Vegas","Benjamin Chaud"],"category_codes":["2000000","2030000","2030300"],"visuals":{"large":"https:\/\/images.epagine.fr\/763\/9782408057763_1_75.jpg","medium":"https:\/\/images.epagine.fr\/763\/9782408057763_1_m.jpg","thumbnail":"https:\/\/images.epagine.fr\/763\/9782408057763_1_v.jpg"},"orderable":true,"show_badge":true,"formatted_price":"11,50&nbsp;\u20ac","formatted_published_date":"20 ao\u00fbt 2025","publisher_availability_label":"Sur commande","short_details":"Peter Vegas, Benjamin Chaud \u2014 Milan","translator":null,"weight":445,"page_count":28,"readership":"\u00e0 partir de 3 ANS","editor":"Milan","price":1150,"published_date":"2025-08-19T22:00:00.000000Z","support":"Grand format","publisher_availability":1,"stock":0,"editions":[],"url":"https:\/\/quaidesbrumes.com\/ouvrage\/9782408057763\/et-si-la-nuit-avait-peur-de-toi"},{"id":"9782884806800","title":"Max et Lili veulent \u00eatre populaires","description":"\u00catre populaire \u00e0 l'\u00e9cole, c'est-\u00e0-dire connu et admir\u00e9 de tous, c'est un redoutable d\u00e9fi ! Il faut savoir faire rire la classe, r\u00e9ussir \u00e0 \u00eatre insolent sans se faire punir, faire semblant d'\u00eatre fier d'avoir des mauvaises notes ! Initi\u00e9s par leur cousin Victor, Max et Lili d\u00e9cident de relever le d\u00e9fi. R\u00e9ussiront-ils ?\r","authors":["Dominique de Saint-Mars","Serge Bloch"],"category_codes":["2000000","2040000","2040200"],"visuals":{"large":"https:\/\/images.epagine.fr\/800\/9782884806800_1_75.jpg","medium":"https:\/\/images.epagine.fr\/800\/9782884806800_1_m.jpg","thumbnail":"https:\/\/images.epagine.fr\/800\/9782884806800_1_v.jpg"},"orderable":true,"show_badge":true,"formatted_price":"6,20&nbsp;\u20ac","formatted_published_date":"28 ao\u00fbt 2014","publisher_availability_label":"Sur commande","short_details":"Dominique de Saint-Mars, Serge Bloch \u2014 Calligram","translator":null,"weight":116,"page_count":43,"readership":"6\/9 ans","editor":"Calligram","price":620,"published_date":"2014-08-27T22:00:00.000000Z","support":"Grand format","publisher_availability":1,"stock":0,"editions":[],"url":"https:\/\/quaidesbrumes.com\/ouvrage\/9782884806800\/max-et-lili-veulent-etre-populaires"},{"id":"9782884800105","title":"Max fait pipi au lit","description":"Max part en classe de neige, d\u00e9sesp\u00e9r\u00e9, car la nuit, il mouille son lit. Il a honte de ne pas se contr\u00f4ler, il se sent coupable d'emb\u00eater tout le monde, il a peur qu'on se moque de lui... Qui va l'aider \u00e0 surmonter cette myst\u00e9rieuse \u00e9preuve ? Ce livre de Max et Lili montre que le pipi au lit est le signe d'une ins\u00e9curit\u00e9, d'une peur, d'une tension, d'un sentiment de ne pas faire plaisir. Souvent, l'enfant sent les soucis de ses parents et les prend en charge sans le savoir. Mais c'est trop lourd pour ses \u00e9paules et il l\u00e2che tout ! Si les parents se font aider par d'autres, il retrouvera l'envie de vivre pour lui-m\u00eame et la joie de dormir au sec !\r","authors":["Serge Bloch","Dominique de Saint-Mars"],"category_codes":["2000000","2040000","2040200"],"visuals":{"large":"https:\/\/images.epagine.fr\/105\/9782884800105_1_75.jpg","medium":"https:\/\/images.epagine.fr\/105\/9782884800105_1_m.jpg","thumbnail":"https:\/\/images.epagine.fr\/105\/9782884800105_1_v.jpg"},"orderable":true,"show_badge":true,"formatted_price":"6,20&nbsp;\u20ac","formatted_published_date":"11 f\u00e9vrier 2005","publisher_availability_label":"Sur commande","short_details":"Serge Bloch, Dominique de Saint-Mars \u2014 Calligram","translator":null,"weight":114,"page_count":43,"readership":"6\/9 ans","editor":"Calligram","price":620,"published_date":"2005-02-10T23:00:00.000000Z","support":"Grand format","publisher_availability":1,"stock":0,"editions":[],"url":"https:\/\/quaidesbrumes.com\/ouvrage\/9782884800105\/max-fait-pipi-au-lit"},{"id":"9791039559676","title":"Mon premier livre poussette en noir et blanc : B\u00e9b\u00e9s animaux","description":"Un livre poussette \u00e0 emporter partout avec b\u00e9b\u00e9 !\r\nCe petit livre en mousse tout l\u00e9ger est facile \u00e0 manipuler pour les petites mains et se transporte partout avec sa lani\u00e8re en tissu \u00e0 scratcher !\r\nLes illustrations contrast\u00e9es permettent un \u00e9veil visuel d\u00e8s la naissance, et les pages en mousse color\u00e9es (accessibles \u00e0 travers de petites d\u00e9coupes pr\u00e9sentent sur chaque page) participent \u00e0 l'\u00e9veil tactile de b\u00e9b\u00e9.\r\nUn imagier pour apprendre ses premiers mots sur la th\u00e9matique des b\u00e9b\u00e9s animaux !","authors":["Wendy Kendall"],"category_codes":["2000000","2020000"],"visuals":{"large":"https:\/\/images.epagine.fr\/676\/9791039559676_1_75.jpg","medium":"https:\/\/images.epagine.fr\/676\/9791039559676_1_m.jpg","thumbnail":"https:\/\/images.epagine.fr\/676\/9791039559676_1_v.jpg"},"orderable":true,"show_badge":true,"formatted_price":"7,95&nbsp;\u20ac","formatted_published_date":"28 ao\u00fbt 2025","publisher_availability_label":"Sur commande","short_details":"Wendy Kendall \u2014 Auzou","translator":null,"weight":64,"page_count":8,"readership":"0\/3 ans","editor":"Auzou","price":795,"published_date":"2025-08-27T22:00:00.000000Z","support":"Grand format","publisher_availability":1,"stock":0,"editions":[],"url":"https:\/\/quaidesbrumes.com\/ouvrage\/9791039559676\/mon-premier-livre-poussette-en-noir-et-blanc-bebes-animaux"},{"id":"9791036380730","title":"Le courageux combat de Germaine Tillion, r\u00e9sister et t\u00e9moigner","description":"Un nouveau roman doc dans la collection des Engag\u00e9s, pour les enfants \u00e0 partir de 10 ans, sur une figure embl\u00e9matique de la R\u00e9sistance, Germaine Tillion.\r\nUn roman pour d\u00e9couvrir une femme d'engagements\u00a0\r\nD\u00e8s l'annonce de l'Armistice par le mar\u00e9chal P\u00e9tain, Germaine s'engage dans la R\u00e9sistance. \u00c0 la t\u00eate du R\u00e9seau du Mus\u00e9e de l'Homme, elle est arr\u00eat\u00e9e suite \u00e0 une d\u00e9nonciation. D\u00e9port\u00e9e au camp de Ravensbr\u00fcck, elle aide ses compagnes d'infortune \u00e0 survivre gr\u00e2ce au rire et \u00e0 la solidarit\u00e9 entre elles. Gr\u00e2ce \u00e0 son pr\u00e9cieux regard d'ethnologue sur le fonctionnement du camp et \u00e0 ses notes pr\u00e9cises, elle participera aux enqu\u00eates sur les criminels de guerre nazis, et t\u00e9moignera inlassablement de l'horreur concentrationnaire. Elle passera le reste de sa vie \u00e0 r\u00e9sister: pendant la guerre d'Alg\u00e9rie elle se bat pour que cessent les massacres ; elle milite pour l'abolition de la peine de mort ; s'engage dans des mouvements de d\u00e9fense des femmes, des minorit\u00e9s et des exclus.\r\nDes pages doc pour tout comprendre\r\n6 pages doc permettent de mieux comprendre le contexte et les enjeux de l'\u00e9poque: l'occupation allemande, la R\u00e9sistance et les r\u00e9sistant.e.s, le regard d'ethnologue de Tillion et ses combats tout au long de sa vie.","authors":["Estelle Vidard","Mayalen Goust"],"category_codes":["2000000","2070000","2070700"],"visuals":{"large":"https:\/\/images.epagine.fr\/730\/9791036380730_1_75.jpg","medium":"https:\/\/images.epagine.fr\/730\/9791036380730_1_m.jpg","thumbnail":"https:\/\/images.epagine.fr\/730\/9791036380730_1_v.jpg"},"orderable":true,"show_badge":true,"formatted_price":"7,20&nbsp;\u20ac","formatted_published_date":"17 septembre 2025","publisher_availability_label":"Sur commande","short_details":"Estelle Vidard, Mayalen Goust \u2014 Bayard Jeunesse","translator":null,"weight":120,"page_count":48,"readership":"\u00e0 partir de 10 ANS","editor":"Bayard Jeunesse","price":720,"published_date":"2025-09-16T22:00:00.000000Z","support":"Grand format","publisher_availability":1,"stock":0,"editions":[],"url":"https:\/\/quaidesbrumes.com\/ouvrage\/9791036380730\/le-courageux-combat-de-germaine-tillion-resister-et-temoigner"},{"id":"9791036324505","title":"La cabane magique Tome 30 : rencontres en haut de la tour Eiffel","description":"Merlin a laiss\u00e9 \u00e0 Tom et L\u00e9a une lettre inqui\u00e9tante : un sorcier cherche \u00e0 d\u00e9rober les secrets de quatre magiciens. Les deux enfants partent sur-le-champ \u00e0 Paris en 1889, o\u00f9 a lieu l'Exposition Universelle. Une fois sur place, ils d\u00e9ambulent dans les diff\u00e9rents b\u00e2timents construits pour l'occasion et peupl\u00e9s de machines \u00e9tonnantes, \u00e0 la recherche des quatre hommes. Seulement, comment les pr\u00e9venir sans conna\u00eetre leur identit\u00e9 ? La tache s'av\u00e8re ardue... Ils finissent par comprendre que ces magiciens ne sont autres que les inventeurs g\u00e9niaux du XIXe si\u00e8cle : Thomas Edison, le magicien de la Lumi\u00e8re, Louis Pasteur, le magicien de l'Invisible, Alexandre Bell, le magicien du Son, et Gustave Eiffel, le magicien du Fer. Apprenant \u00e9galement qu'un myst\u00e9rieux inconnu a donn\u00e9 rendez-vous aux scientifiques le soir m\u00eame en haut de la Tour Eiffel, Tom et L\u00e9a d\u00e9cident d'agir vite ! Parviendront-ils \u00e0 temps au sommet de la tour pour sauver les quatre hommes ?","authors":["Mary Pope Osborne","Marie-H\u00e9l\u00e8ne Delval"],"category_codes":["2000000","2040000","2040300"],"visuals":{"large":"https:\/\/images.epagine.fr\/505\/9791036324505_1_75.jpg","medium":"https:\/\/images.epagine.fr\/505\/9791036324505_1_m.jpg","thumbnail":"https:\/\/images.epagine.fr\/505\/9791036324505_1_v.jpg"},"orderable":true,"show_badge":true,"formatted_price":"6,90&nbsp;\u20ac","formatted_published_date":"27 janvier 2021","publisher_availability_label":"Sur commande","short_details":"Mary Pope Osborne, Marie-H\u00e9l\u00e8ne Delval \u2014 Bayard Jeunesse","translator":"MARIE-HELENE DELVAL","weight":232,"page_count":160,"readership":"\u00e0 partir de 6 ANS","editor":"Bayard Jeunesse","price":690,"published_date":"2021-01-26T23:00:00.000000Z","support":"Poche","publisher_availability":1,"stock":0,"editions":[],"url":"https:\/\/quaidesbrumes.com\/ouvrage\/9791036324505\/la-cabane-magique-tome-30-rencontres-en-haut-de-la-tour-eiffel"},{"id":"9782075227858","title":"O\u00f9 est pass\u00e9 Petit plot ?","description":"Une histoire d'aventure et d'amiti\u00e9, pour tous les petits passionn\u00e9s du chantier.\r\nCe matin, sur le chantier, tout le monde est inquiet\u00a0:\u00a0Michel, le petit plot, manque \u00e0 l'appel. Heureusement, Petite Pelleteuse est bien d\u00e9cid\u00e9e \u00e0 voler \u00e0 son secours\u00a0! Une nouvelle aventure pour la pelleteuse de Morag Hood, dans la m\u00eame veine pleine d'humour et de libert\u00e9 que Petite Pelleteuse.","authors":["Morag Hood"],"category_codes":["2000000","2020000","2020400"],"visuals":{"large":"https:\/\/images.epagine.fr\/858\/9782075227858_1_75.jpg","medium":"https:\/\/images.epagine.fr\/858\/9782075227858_1_m.jpg","thumbnail":"https:\/\/images.epagine.fr\/858\/9782075227858_1_v.jpg"},"orderable":true,"show_badge":true,"formatted_price":"12,50&nbsp;\u20ac","formatted_published_date":"18 septembre 2025","publisher_availability_label":"Sur commande","short_details":"Morag Hood \u2014 Gallimard Jeunesse","translator":null,"weight":380,"page_count":26,"readership":"0\/3 ans","editor":"Gallimard Jeunesse","price":1250,"published_date":"2025-09-17T22:00:00.000000Z","support":"Grand format","publisher_availability":1,"stock":0,"editions":[],"url":"https:\/\/quaidesbrumes.com\/ouvrage\/9782075227858\/ou-est-passe-petit-plot"},{"id":"9782361936150","title":"Le corps humain","description":"Un magnifique ouvrage documentaire tr\u00e8s complet de Jo\u00eblle Jolivet sur le corps humain. Son travail de linogravure offre une vision nouvelle du corps, tout \u00e0 la fois stylis\u00e9e et tr\u00e8s d\u00e9taill\u00e9e. Un syst\u00e8me ing\u00e9nieux de rabats permet de d\u00e9couvrir les diff\u00e9rentes parties du corps humain.On retrouve notamment 4 grandes silhouettes recto-verso qui se d\u00e9ploient pour pr\u00e9senter les muscles, les nerfs, le r\u00e9seau sanguin et le squelette. Puis, sont abord\u00e9s plus sp\u00e9cifiquement les organes, le coeur et les poumons, le syst\u00e8me digestif, la t\u00eate et le cerveau, l'oeil, l'oreille, la main, le pied, l'os, le poil, ainsi que le syst\u00e8me reproducteur et la grossesse jusqu'\u00e0 la naissance.","authors":["Jo\u00eblle Jolivet"],"category_codes":["2000000","2070000","2070500"],"visuals":{"large":"https:\/\/images.epagine.fr\/150\/9782361936150_1_75.jpg","medium":"https:\/\/images.epagine.fr\/150\/9782361936150_1_m.jpg","thumbnail":"https:\/\/images.epagine.fr\/150\/9782361936150_1_v.jpg"},"orderable":true,"show_badge":true,"formatted_price":"29,50&nbsp;\u20ac","formatted_published_date":"18 novembre 2021","publisher_availability_label":"Sur commande","short_details":"Jo\u00eblle Jolivet \u2014 \u00c9ditions des Grandes Personnes","translator":null,"weight":854,"page_count":16,"readership":null,"editor":"\u00c9ditions des Grandes Personnes","price":2950,"published_date":"2021-11-17T23:00:00.000000Z","support":"Grand format","publisher_availability":1,"stock":0,"editions":[],"url":"https:\/\/quaidesbrumes.com\/ouvrage\/9782361936150\/le-corps-humain"},{"id":"9782700284010","title":"Les plieurs de temps Tome 2 : Anthony \u00e0 cinq minutes pr\u00e8s","description":"Anthony est la terreur de l'\u00e9cole. Du moins, il pr\u00e9f\u00e8re harceler Robin ou Camille qu'\u00eatre lui-m\u00eame la cible des moqueries. En fait, les injustices le r\u00e9voltent et il s'\u00e9nerve vite.\r\nQuand il d\u00e9couvre une horloge magique qui lui permet de revenir 5 minutes en arri\u00e8re, il esp\u00e8re r\u00e9gler tous ses probl\u00e8mes. Mais rien n'est facile, ni \u00e0 l'\u00e9cole ni \u00e0 la maison...\r\n\u00c0 quoi sert un super-pouvoir s'il ne rend pas heureux\u00a0 ?\r\n\u00a0","authors":["Manon Fargetton"],"category_codes":["2000000","2040000","2040500","2040503"],"visuals":{"large":"https:\/\/images.epagine.fr\/010\/9782700284010_1_75.jpg","medium":"https:\/\/images.epagine.fr\/010\/9782700284010_1_m.jpg","thumbnail":"https:\/\/images.epagine.fr\/010\/9782700284010_1_v.jpg"},"orderable":true,"show_badge":true,"formatted_price":"8,90&nbsp;\u20ac","formatted_published_date":"8 octobre 2025","publisher_availability_label":"Sur commande","short_details":"Manon Fargetton \u2014 Rageot \u00c9diteur","translator":null,"weight":178,"page_count":224,"readership":"\u00e0 partir de 10 ANS","editor":"Rageot \u00c9diteur","price":890,"published_date":"2025-10-07T22:00:00.000000Z","support":"Poche","publisher_availability":1,"stock":0,"editions":[],"url":"https:\/\/quaidesbrumes.com\/ouvrage\/9782700284010\/les-plieurs-de-temps-tome-2-anthony-a-cinq-minutes-pres"},{"id":"9782266342247","title":"M\u00e9to : zone noire","description":"Le retour du ph\u00e9nom\u00e8ne M\u00e9to.\r\nM\u00e9to est celui qui a lib\u00e9r\u00e9 les \" Maisons \". Ces lieux terrifiants o\u00f9 l'on enfermait les enfants que leurs parents avaient \u00e9t\u00e9 forc\u00e9s d'abandonner. Aujourd'hui M\u00e9to a dix-sept ans. Consid\u00e9r\u00e9 comme un h\u00e9ros par les siens, il est recherch\u00e9 sur tout le continent. Lorsque sa petite soeur est kidnapp\u00e9e, il accepte le march\u00e9 des ravisseurs : \u00eatre enferm\u00e9 vivant dans un cercueil avec la ran\u00e7on, et livr\u00e9 en Zone contamin\u00e9e...","authors":["Yves Grevet"],"category_codes":["2000000","2050000","2050200","2050205"],"visuals":{"large":"https:\/\/images.epagine.fr\/247\/9782266342247_1_75.jpg","medium":"https:\/\/images.epagine.fr\/247\/9782266342247_1_m.jpg","thumbnail":"https:\/\/images.epagine.fr\/247\/9782266342247_1_v.jpg"},"orderable":true,"show_badge":true,"formatted_price":"8,10&nbsp;\u20ac","formatted_published_date":"19 septembre 2024","publisher_availability_label":"Sur commande","short_details":"Yves Grevet \u2014 Pocket Jeunesse","translator":null,"weight":154,"page_count":294,"readership":"\u00e0 partir de 12 ANS","editor":"Pocket Jeunesse","price":810,"published_date":"2024-09-18T22:00:00.000000Z","support":"Poche","publisher_availability":1,"stock":0,"editions":["9782748530445"],"url":"https:\/\/quaidesbrumes.com\/ouvrage\/9782266342247\/meto-zone-noire"},{"id":"9782017076186","title":"J'apprends \u00e0 lire avec Sami et Julie : Sami r\u00eave","description":"Sami dort, il r\u00eave. Il s'envole vers la Lune o\u00f9 l'attend un dr\u00f4le de bonhomme vert.\r\n\u00a0 \u00ab\u00a0 J'apprends \u00e0 lire avec Sami et Julie\u00a0 \u00bb est une collection de petites histoires sp\u00e9cialement con\u00e7ue pour les enfants apprenant \u00e0 lire. Le texte est \u00e9crit en gros, les mots sont bien d\u00e9tach\u00e9s les uns des autres et les lignes bien espac\u00e9es. Les histoires sont courtes, dr\u00f4les et tr\u00e8s faciles \u00e0 lire. \u00c9crites avec des mots en ad\u00e9quation avec leur progression, une quantit\u00e9 de texte \u00e0 lire r\u00e9duite et adapt\u00e9e, pour que l'enfant reste motiv\u00e9 et prenne confiance.\r\n\u00a0 En plus de la petite histoire, le livre contient\u00a0 : des conseils pour accompagner l'enfant dans ses premi\u00e8res lectures, la pr\u00e9sentation des personnages, des activit\u00e9s pour pr\u00e9parer la lecture, et \u00e0 la fin\u00a0 : \u00ab\u00a0 As-tu bien compris l'histoire\u00a0 ?\u00a0 \u00bb pour donner du sens \u00e0 ce que l'enfant a lu et aller plus loin que le simple d\u00e9chiffrage ainsi qu'une rubrique \u00ab\u00a0 Et toi, qu'en penses-tu\u00a0 ?\u00a0 \u00bb avec des petites questions pour \u00ab\u00a0 faire r\u00e9fl\u00e9chir\u00a0 \u00bb ou simplement discuter autour de l'histoire.","authors":["Isabelle Albertin","Th\u00e9r\u00e8se Bont\u00e9"],"category_codes":["2000000","2030000","2030400"],"visuals":{"large":"https:\/\/images.epagine.fr\/186\/9782017076186_1_75.jpg","medium":"https:\/\/images.epagine.fr\/186\/9782017076186_1_m.jpg","thumbnail":"https:\/\/images.epagine.fr\/186\/9782017076186_1_v.jpg"},"orderable":true,"show_badge":true,"formatted_price":"3,40&nbsp;\u20ac","formatted_published_date":"3 juillet 2019","publisher_availability_label":"Sur commande","short_details":"Isabelle Albertin, Th\u00e9r\u00e8se Bont\u00e9 \u2014 Hachette Education","translator":null,"weight":80,"page_count":32,"readership":"3\/6 ans","editor":"Hachette Education","price":340,"published_date":"2019-07-02T22:00:00.000000Z","support":"Poche","publisher_availability":1,"stock":0,"editions":[],"url":"https:\/\/quaidesbrumes.com\/ouvrage\/9782017076186\/japprends-a-lire-avec-sami-et-julie-sami-reve"}]}