{"data":[{"id":"9782075135115","title":"Le gar\u00e7on au fond de la classe","description":"Avant, il y avait une chaise vide au fond de la classe. Maintenant, c'est la place d'un nouveau : Ahmet. Il est bizarre : il ne parle pas, ne sourit pas et n'aime pas les bonbons ! Mais j'ai enfin compris pourquoi : Ahmet est un r\u00e9fugi\u00e9. Il a fui une guerre dans son pays, avec des bombes et des brutes qui font du mal \u00e0 tout le monde. Plus j'apprends \u00e0 le conna\u00eetre, plus j'ai envie de l'aider. Alors, avec mes copains Michael, Tom et Josie, on a \u00e9labor\u00e9 un plan...","authors":["Onjali q. Ra\u00faf","Pippa Curnnick","Marie Leymarie"],"category_codes":["2000000","2040000","2040500"],"visuals":{"large":"https:\/\/images.epagine.fr\/115\/9782075135115_1_75.jpg","medium":"https:\/\/images.epagine.fr\/115\/9782075135115_1_m.jpg","thumbnail":"https:\/\/images.epagine.fr\/115\/9782075135115_1_v.jpg"},"orderable":true,"show_badge":true,"formatted_price":"7,90&nbsp;\u20ac","formatted_published_date":"11 ao\u00fbt 2022","publisher_availability_label":"Sur commande","short_details":"Onjali q. Ra\u00faf, Pippa Curnnick, Marie Leymarie \u2014 Gallimard Jeunesse","translator":"MARIE LEYMARIE","weight":172,"page_count":288,"readership":"\u00e0 partir de 9 ANS","editor":"Gallimard Jeunesse","price":790,"published_date":"2022-08-10T22:00:00.000000Z","support":"Poche","publisher_availability":1,"stock":0,"editions":[],"url":"https:\/\/quaidesbrumes.com\/ouvrage\/9782075135115\/le-garcon-au-fond-de-la-classe"},{"id":"9791039566322","title":"L'\u00eele sans nom","description":"Personne n'est jamais revenu de l'\u00eele sans nom...\r\nIl existe une \u00eele au large dont tout le monde parle, mais personne ne sait ce qu'il s'y passe. \r\nIl para\u00eet qu'elle est peupl\u00e9e de monstres. \r\nDe chats sanguinaires. \r\nQue quiconque y pose les pieds ne revient jamais - ou du moins, pas indemne...\r\nUn soir, Nora et Swan se lancent le d\u00e9fi d'y aller en nageant. \r\nCe qui \u00e9tait d'abord un challenge sportif pour eux va se transformer en cauchemar : la mer en pleine nuit est mena\u00e7ante, mais ce n'est rien compar\u00e9 \u00e0 ce qui les attend sur l'\u00eele...","authors":["Herv\u00e9 Comm\u00e8re","Raquel Trave"],"category_codes":["2000000","2040000","2040500"],"visuals":{"large":"https:\/\/images.epagine.fr\/322\/9791039566322_1_75.jpg","medium":"https:\/\/images.epagine.fr\/322\/9791039566322_1_m.jpg","thumbnail":"https:\/\/images.epagine.fr\/322\/9791039566322_1_v.jpg"},"orderable":true,"show_badge":true,"formatted_price":"8,95&nbsp;\u20ac","formatted_published_date":"18 septembre 2025","publisher_availability_label":"Sur commande","short_details":"Herv\u00e9 Comm\u00e8re, Raquel Trave \u2014 Auzou","translator":null,"weight":242,"page_count":128,"readership":"\u00e0 partir de 6 ANS","editor":"Auzou","price":895,"published_date":"2025-09-17T22:00:00.000000Z","support":"Grand format","publisher_availability":1,"stock":0,"editions":[],"url":"https:\/\/quaidesbrumes.com\/ouvrage\/9791039566322\/lile-sans-nom"},{"id":"9782408057480","title":"Asia : Une histoire du continent asiatique","description":"Bienvenue en Asie ! D\u00e9serts arides et for\u00eats tropicales, villes \u00e0 la pointe de la technologie et villages traditionnels : l'Asie est un continent tout en contrastes. Embarquez pour un voyage extraordinaire \u00e0 travers ses 48 pays !L'Asie au coeur des tendances\r\nQue ce soit gr\u00e2ce \u00e0 la K-pop, la K-beauty, les anim\u00e9s, les mangas, la nourriture, les arts martiaux, les jeux vid\u00e9o, ou encore les grandes avanc\u00e9es technologiques et dans l'IA, ce continent fascine les enfants ! Venez d\u00e9couvrir et retrouver les personnalit\u00e9s embl\u00e9matiques de l'Asie, qui font l'identit\u00e9 du continent d'hier et d'aujourd'hui : de Gengis Khan \u00e0 Bruce Lee, en passant par BTS ou Miyazaki et la militante pour les droits humains, Yeonmi Park.Un ouvrage riche et attractif\r\nAsia est un ouvrage dense comme une encylop\u00e9die. Des cartes pour repr\u00e9senter les diff\u00e9rentes r\u00e9gions d'Asie, les drapeaux des pays, la cuisine, la faune, la flore : tout est rassembl\u00e9 pour donner une vision \u00e0 360 degr\u00e8s du plus grand continent du monde.\r\nUn duo autrice-illustrateur de choc ! Rashmi Sirdeshpande est une autrice jeunesse britannique prim\u00e9e, d'origine indienne. L'illustrateur, Jason Lyon, est britannico-chinois : ses illustrations, tr\u00e8s contemporaines, s'inspirent d'influences asiatiques et occidentales.Un voyage fascinant\r\nAu fil des pages, nous remonterons le temps afin de comprendre l'histoire de chaque r\u00e9gion ; nous arpenterons la fameuse route de la soie, \u00e9maill\u00e9e de cit\u00e9s florissantes sous le joug de grands empires, nous rencontrerons m\u00eame des samoura\u00efs en chemin ; nous apprendrons \u00e0 conna\u00eetre les diff\u00e9rents peuples et cultures ; \u00a0nous traverserons des paysages somptueux et serons \u00e9blouis par la vie sauvage qui s'y d\u00e9ploie, comme le tigre du Bengale, les banians, les collines de chocolat et le M\u00e9kong ; nous d\u00e9couvrirons les sites les plus spectaculaires, du temple d'Angkor jusqu'au mont Fuji ou encore la Grande Muraille de Chine ; nous rencontrerons des personnalit\u00e9s importantes ; nous retracerons l'influence de l'Asie dans le monde et observerons les \u00ab\u00a0bulles\u00a0\u00bb de culture qui se sont form\u00e9es sur toute la plan\u00e8te pour atterrir dans notre quotidien \u00e0 tous.\r\nAlors, pr\u00eat(e) \u00e0 prendre votre billet pour cette travers\u00e9e inoubliable ?\r\n\u00a0","authors":["Rashmi Sirdeshpande","Jason Lyon","Sylvie Lucas"],"category_codes":["2000000","2070000","2070200"],"visuals":{"large":"https:\/\/images.epagine.fr\/480\/9782408057480_1_75.jpg","medium":"https:\/\/images.epagine.fr\/480\/9782408057480_1_m.jpg","thumbnail":"https:\/\/images.epagine.fr\/480\/9782408057480_1_v.jpg"},"orderable":true,"show_badge":true,"formatted_price":"23,00&nbsp;\u20ac","formatted_published_date":"8 octobre 2025","publisher_availability_label":"Sur commande","short_details":"Rashmi Sirdeshpande, Jason Lyon, Sylvie Lucas \u2014 Milan","translator":"SYLVIE LUCAS","weight":1007,"page_count":112,"readership":"\u00e0 partir de 8 ANS","editor":"Milan","price":2300,"published_date":"2025-10-07T22:00:00.000000Z","support":"Grand format","publisher_availability":1,"stock":0,"editions":[],"url":"https:\/\/quaidesbrumes.com\/ouvrage\/9782408057480\/asia-une-histoire-du-continent-asiatique"},{"id":"9782211341899","title":"Ta for\u00eat","description":"Voici ton soleil. Il se l\u00e8ve pour toi. Voici aussi tes arbres, ton chalet, et quelques rochers. Voici le fant\u00f4me de la for\u00eat. Il est gentil. Il ne sort que la nuit. Et voici ton ruisseau pour que tu puisses toujours avoir de l'eau. Voil\u00e0, ta for\u00eat est termin\u00e9e ! Tu pourras y aller quand tu voudras. Le soleil se couche et tout le monde ferme les yeux.","authors":["Jon Klassen","Alain Gnaedig"],"category_codes":["2000000","2020000","2020300"],"visuals":{"large":"https:\/\/images.epagine.fr\/899\/9782211341899_1_75.jpg","medium":"https:\/\/images.epagine.fr\/899\/9782211341899_1_m.jpg","thumbnail":"https:\/\/images.epagine.fr\/899\/9782211341899_1_v.jpg"},"orderable":true,"show_badge":true,"formatted_price":"11,00&nbsp;\u20ac","formatted_published_date":"7 mai 2025","publisher_availability_label":"Sur commande","short_details":"Jon Klassen, Alain Gnaedig \u2014 L'\u00c9cole des loisirs","translator":"ALAIN GNAEDIG","weight":218,"page_count":26,"readership":"0\/3 ans","editor":"L'\u00c9cole des loisirs","price":1100,"published_date":"2025-05-06T22:00:00.000000Z","support":"Grand format","publisher_availability":1,"stock":0,"editions":[],"url":"https:\/\/quaidesbrumes.com\/ouvrage\/9782211341899\/ta-foret"},{"id":"9791035208455","title":"Mes histoires pr\u00e9f\u00e9r\u00e9es","description":"Trois livres devenus des classiques, r\u00e9unis ici dans un superbe coffret. \r\n Trois histoires dr\u00f4les, tendres et malicieuses pour plonger dans l'univers de Chris Haughton.","authors":["Chris Haughton"],"category_codes":["2000000","2020000","2020400"],"visuals":{"large":"https:\/\/images.epagine.fr\/455\/9791035208455_1_75.jpg","medium":"https:\/\/images.epagine.fr\/455\/9791035208455_1_m.jpg","thumbnail":"https:\/\/images.epagine.fr\/455\/9791035208455_1_v.jpg"},"orderable":true,"show_badge":true,"formatted_price":"25,90&nbsp;\u20ac","formatted_published_date":"21 mai 2025","publisher_availability_label":"Sur commande","short_details":"Chris Haughton \u2014 \u00c9ditions Thierry Magnier","translator":null,"weight":944,"page_count":68,"readership":"0\/3 ans","editor":"\u00c9ditions Thierry Magnier","price":2590,"published_date":"2025-05-20T22:00:00.000000Z","support":"Grand format","publisher_availability":1,"stock":0,"editions":[],"url":"https:\/\/quaidesbrumes.com\/ouvrage\/9791035208455\/mes-histoires-preferees"},{"id":"9782211344852","title":"Oh ! Jonathan","description":"Jonathan est un vrai petit diable. Il joue avec le feu, il aime tout ce qui est dangereux. Il rampe, il fait des bonds, et il dessine jusqu'au plafond... En d\u00e9sespoir de cause, ses parents, \u00e9puis\u00e9s, l'emm\u00e8nent en consultation chez le docteur Panseflan. Le diagnostic inattendu ravira les enfants qui liront cet album in\u00e9dit, autant qu'il soulagera leurs parents !","authors":["William Cole","Tomi Ungerer","Agn\u00e8s Mathieu-Daud\u00e9"],"category_codes":["2000000","2030000","2030400"],"visuals":{"large":"https:\/\/images.epagine.fr\/852\/9782211344852_1_75.jpg","medium":"https:\/\/images.epagine.fr\/852\/9782211344852_1_m.jpg","thumbnail":"https:\/\/images.epagine.fr\/852\/9782211344852_1_v.jpg"},"orderable":true,"show_badge":false,"formatted_price":"14,50&nbsp;\u20ac","formatted_published_date":"10 septembre 2025","publisher_availability_label":"Sur commande","short_details":"William Cole, Tomi Ungerer, Agn\u00e8s Mathieu-Daud\u00e9 \u2014 L'\u00c9cole des loisirs","translator":"AGNES MATHIEU-DAUDE","weight":236,"page_count":40,"readership":"\u00e0 partir de 3 ANS","editor":"L'\u00c9cole des loisirs","price":1450,"published_date":"2025-09-09T22:00:00.000000Z","support":"Grand format","publisher_availability":1,"stock":1,"editions":[],"url":"https:\/\/quaidesbrumes.com\/ouvrage\/9782211344852\/oh-jonathan"},{"id":"9782075115414","title":"Harcel\u00e9s harceleurs","description":"Les histoires de harc\u00e8lement nous apprennent beaucoup sur l'envie de faire du mal et l'agressivit\u00e9 qui sont cach\u00e9es dans le coeur de tous les humains, m\u00eame ceux qui sont gentils.Il y a des moments o\u00f9 c'est le pire qui s'exprime. Avoir \u00e9t\u00e9 harceleur ou avoir \u00e9t\u00e9 harcel\u00e9, c'est toujours une chose grave. Savoir le reconna\u00eetre en nous, \u00e7a fait grandir.","authors":["Catherine Dolto","Colline Faure-poir\u00e9e","Robin"],"category_codes":["2000000","2070000","2070700"],"visuals":{"large":"https:\/\/images.epagine.fr\/414\/9782075115414_1_75.jpg","medium":"https:\/\/images.epagine.fr\/414\/9782075115414_1_m.jpg","thumbnail":"https:\/\/images.epagine.fr\/414\/9782075115414_1_v.jpg"},"orderable":true,"show_badge":true,"formatted_price":"6,90&nbsp;\u20ac","formatted_published_date":"7 f\u00e9vrier 2019","publisher_availability_label":"Sur commande","short_details":"Catherine Dolto, Colline Faure-poir\u00e9e, Robin \u2014 Gallimard Jeunesse","translator":null,"weight":264,"page_count":32,"readership":null,"editor":"Gallimard Jeunesse","price":690,"published_date":"2019-02-06T23:00:00.000000Z","support":"Grand format","publisher_availability":1,"stock":0,"editions":[],"url":"https:\/\/quaidesbrumes.com\/ouvrage\/9782075115414\/harceles-harceleurs"},{"id":"9791039562935","title":"P'tit Loup : P'tit loup : \u00c0 la d\u00e9couverte des pompiers","description":"Un superbe coffret P'tit Loup pour la fin de l'ann\u00e9e : P'tit Loup et son camion de pompiers !\r\nUn nouveau coffret P'tit Loup : \r\nUn super camion en bois aux couleurs de P'tit Loup ! \r\nL'album P'tit Loup veut devenir pompier\r\nUn documentaire photo sur les pompiers\r\nLe tout dans un beau coffret : le cadeau id\u00e9al pour les fans de P'tit Loup !","authors":["Orianne Lallemand","El\u00e9onore Thuillier"],"category_codes":["2000000","2020000"],"visuals":{"large":"https:\/\/images.epagine.fr\/935\/9791039562935_1_75.jpg","medium":"https:\/\/images.epagine.fr\/935\/9791039562935_1_m.jpg","thumbnail":"https:\/\/images.epagine.fr\/935\/9791039562935_1_v.jpg"},"orderable":true,"show_badge":true,"formatted_price":"21,95&nbsp;\u20ac","formatted_published_date":"9 octobre 2025","publisher_availability_label":"Sur commande","short_details":"Orianne Lallemand, El\u00e9onore Thuillier \u2014 Auzou","translator":null,"weight":564,"page_count":24,"readership":"0\/3 ans","editor":"Auzou","price":2195,"published_date":"2025-10-08T22:00:00.000000Z","support":"Coffret \/ Bo&icirc;te","publisher_availability":1,"stock":0,"editions":[],"url":"https:\/\/quaidesbrumes.com\/ouvrage\/9791039562935\/ptit-loup-ptit-loup-a-la-decouverte-des-pompiers"},{"id":"9782081432765","title":"Le petit herisson partageur","description":"H\u00e9risson aper\u00e7oit une pomme bien ronde : il se cache pour la manger tranquillement. Mais arrivent Lapin, \u00c9cureuil puis Souris, alors H\u00e9risson accepte de partager. Les gourmands vont compl\u00e9ter ce merveilleux festin !","authors":["Vanessa Gautier","Zemanel"],"category_codes":["2000000","2030000","2030400"],"visuals":{"large":"https:\/\/images.epagine.fr\/765\/9782081432765_1_75.jpg","medium":"https:\/\/images.epagine.fr\/765\/9782081432765_1_m.jpg","thumbnail":"https:\/\/images.epagine.fr\/765\/9782081432765_1_v.jpg"},"orderable":true,"show_badge":true,"formatted_price":"5,95&nbsp;\u20ac","formatted_published_date":"30 mai 2018","publisher_availability_label":"Sur commande","short_details":"Vanessa Gautier, Zemanel \u2014 P\u00e8re Castor","translator":null,"weight":110,"page_count":32,"readership":"3\/6 ans","editor":"P\u00e8re Castor","price":595,"published_date":"2018-05-29T22:00:00.000000Z","support":"Grand format","publisher_availability":1,"stock":0,"editions":[],"url":"https:\/\/quaidesbrumes.com\/ouvrage\/9782081432765\/le-petit-herisson-partageur"},{"id":"9782361936167","title":"Bienvenue","description":"\u00abBienvenue\u00bb est un petit livre-objet po\u00e9tique, qui c\u00e9l\u00e8bre l'arriv\u00e9e de b\u00e9b\u00e9. On dit bienvenue aux nouveaux-n\u00e9s, la petite tortue, le lapin... Chaque double-page est une sculpture de papier aux couleurs d\u00e9licates, o\u00f9 l'on d\u00e9plie des rabats en forme d'oreilles, d'ailes, pour d\u00e9couvrir le nouveau-n\u00e9. Un tr\u00e8s joli cadeau de naissance, un livre id\u00e9al pour les tout tout-petits.","authors":["Marta Comin"],"category_codes":["2000000","2020000","2020400"],"visuals":{"large":"https:\/\/images.epagine.fr\/167\/9782361936167_1_75.jpg","medium":"https:\/\/images.epagine.fr\/167\/9782361936167_1_m.jpg","thumbnail":"https:\/\/images.epagine.fr\/167\/9782361936167_1_v.jpg"},"orderable":true,"show_badge":true,"formatted_price":"15,00&nbsp;\u20ac","formatted_published_date":"4 mars 2021","publisher_availability_label":"Sur commande","short_details":"Marta Comin \u2014 \u00c9ditions des Grandes Personnes","translator":null,"weight":90,"page_count":18,"readership":"0\/3 ans","editor":"\u00c9ditions des Grandes Personnes","price":1500,"published_date":"2021-03-03T23:00:00.000000Z","support":"Grand format","publisher_availability":1,"stock":0,"editions":[],"url":"https:\/\/quaidesbrumes.com\/ouvrage\/9782361936167\/bienvenue"},{"id":"9782075212670","title":"Au bain, mon b\u00e9b\u00e9","description":"\u00c0 chaque \u00e9tape du bain, le b\u00e9b\u00e9 actionne une tirette avec son doigt et cr\u00e9e une surprise visuelle !\r\n\r\n\u00abViens mon petit pingouin, tu as besoin d'un bain !\u00bb\r\nB\u00e9b\u00e9 se d\u00e9shabille, attend que l'eau soit juste ti\u00e8de, se savonne, se lave les cheveux, s'amuse avec la mousse et fait avancer sa baleine flottante. Apr\u00e8s avoir bien \u00e9clabouss\u00e9 son papa, il se s\u00e8che dans un peignoir tout chaud et rigolo.\r\n\r\nDes livres anim\u00e9s plein de tendresse pour rejouer la vie des tout-petits... du bout des doigts !\r","authors":["Marie Bretin"],"category_codes":["2000000","2020000","2020400"],"visuals":{"large":"https:\/\/images.epagine.fr\/670\/9782075212670_1_75.jpg","medium":"https:\/\/images.epagine.fr\/670\/9782075212670_1_m.jpg","thumbnail":"https:\/\/images.epagine.fr\/670\/9782075212670_1_v.jpg"},"orderable":true,"show_badge":true,"formatted_price":"8,90&nbsp;\u20ac","formatted_published_date":"29 mai 2025","publisher_availability_label":"Sur commande","short_details":"Marie Bretin \u2014 Gallimard Jeunesse","translator":null,"weight":362,"page_count":8,"readership":"0\/3 ans","editor":"Gallimard Jeunesse","price":890,"published_date":"2025-05-28T22:00:00.000000Z","support":"Grand format","publisher_availability":1,"stock":0,"editions":[],"url":"https:\/\/quaidesbrumes.com\/ouvrage\/9782075212670\/au-bain-mon-bebe"},{"id":"9782381674742","title":"En m\u00eame pas un an","description":"La classe de 4eme, une ann\u00e9e-charni\u00e8re o\u00f9 tout peut basculer...\r\nUne ann\u00e9e scolaire, m\u00eame pas un an... La classe de 4\u00e8me, une p\u00e9riode o\u00f9 tout peut basculer. Les corps grandissent, les go\u00fbts et les espoirs aussi. Les amiti\u00e9s pass\u00e9es se d\u00e9litent, de nouvelles se cr\u00e9ent. Dona, Rafa\u00eblle, L\u00e9onard et Angelo se connaissaient depuis l'\u00e9cole primaire. Jusque-l\u00e0, ils formaient un groupe ins\u00e9parable mais le secret qui p\u00e8se sur leurs \u00e9paules d'adolescents n'est-il pas trop lourd \u00e0 porter ?\r","authors":["Pascal Brissy","Ya\u00ebl Hassan"],"category_codes":["2000000","2050000","2050400"],"visuals":{"large":"https:\/\/images.epagine.fr\/742\/9782381674742_1_75.jpg","medium":"https:\/\/images.epagine.fr\/742\/9782381674742_1_m.jpg","thumbnail":"https:\/\/images.epagine.fr\/742\/9782381674742_1_v.jpg"},"orderable":true,"show_badge":true,"formatted_price":"12,90&nbsp;\u20ac","formatted_published_date":"19 mars 2026","publisher_availability_label":"Sur commande","short_details":"Pascal Brissy, Ya\u00ebl Hassan \u2014 Scrineo","translator":null,"weight":242,"page_count":195,"readership":"\u00e0 partir de 12 ANS","editor":"Scrineo","price":1290,"published_date":"2026-03-18T23:00:00.000000Z","support":"Grand format","publisher_availability":1,"stock":0,"editions":[],"url":"https:\/\/quaidesbrumes.com\/ouvrage\/9782381674742\/en-meme-pas-un-an"},{"id":"9791039503570","title":"P'tit Loup visite une ferme","description":"Aujourd'hui, P'tit Loup part en sortie scolaire : il va visiter une ferme p\u00e9dagogique avec sa classe.\r\nGuid\u00e9s par Anna, la responsable de la ferme et son adorable mini-poney, P'tit Loup et ses amis d\u00e9couvrent le quotidien des animaux et leur mode de vie.\r","authors":["Orianne Lallemand","El\u00e9onore Thuillier"],"category_codes":["2000000","2020000","2020400"],"visuals":{"large":"https:\/\/images.epagine.fr\/570\/9791039503570_1_75.jpg","medium":"https:\/\/images.epagine.fr\/570\/9791039503570_1_m.jpg","thumbnail":"https:\/\/images.epagine.fr\/570\/9791039503570_1_v.jpg"},"orderable":true,"show_badge":true,"formatted_price":"5,99&nbsp;\u20ac","formatted_published_date":"28 janvier 2022","publisher_availability_label":"Sur commande","short_details":"Orianne Lallemand, El\u00e9onore Thuillier \u2014 Auzou","translator":null,"weight":140,"page_count":20,"readership":"\u00e0 partir de 2 ANS","editor":"Auzou","price":599,"published_date":"2022-01-27T23:00:00.000000Z","support":"Grand format","publisher_availability":1,"stock":0,"editions":[],"url":"https:\/\/quaidesbrumes.com\/ouvrage\/9791039503570\/ptit-loup-visite-une-ferme"},{"id":"9782324038464","title":"Quand une licorne rencontre un dinosaure","description":"Quand une licorne rencontre un dinosaure, cela donne une histoire dr\u00f4le, loufoque et irr\u00e9sistible !\r\nDis Dadoudi, raconte-moi une histoire.\r\nD'accord, mais juste une !\r\nC'est l'histoire d'une licorne qui n'a pas de corne...\r\n\r\nQuand un p\u00e8re raconte \u00e0 sa fille avec beaucoup d'entrain l'histoire d'une licorne qui n'a pas de corne et d'un dinosaure qui n'en a pas plus !\r\nSa fille en redemande encore et encore jusqu'au moment o\u00f9 il est l'heure de se rendre chez le dentiste.\r\nUne traditionnelle histoire pour passer le temps ?\r\nBien plus que cela !\r\nCar le papa, pour le grand plaisir de sa fille, va mettre en sc\u00e8ne les histoires qu'il raconte.\r\nIl essaie ainsi d'imiter la nouvelle corne \" banane \" de la licorne, mais glisse dessus et tombe \u00e0 la renverse.\r\nA chaque gamelle, le voil\u00e0 avec une nouvelle bosse sur le visage...\r\nOu peut-\u00eatre est-ce une corne qui lui pousse sur le nez !\r\nAvis aux futurs parents, lecteurs, de cette histoire loufoque et pleine d'humour : v\u00e9rifiez qu'il n'y ait rien sur votre chemin lors de votre lecture !\r\nLe format tout en hauteur permet d'appr\u00e9cier pleinement la plume de Christine Schneider et les illustrations du talentueux Herv\u00e9 Pinel.\r","authors":["Christine Schneider","Herv\u00e9 Pinel"],"category_codes":["2000000","2030000","2030400"],"visuals":{"large":"https:\/\/images.epagine.fr\/464\/9782324038464_1_75.jpg","medium":"https:\/\/images.epagine.fr\/464\/9782324038464_1_m.jpg","thumbnail":"https:\/\/images.epagine.fr\/464\/9782324038464_1_v.jpg"},"orderable":true,"show_badge":true,"formatted_price":"13,95&nbsp;\u20ac","formatted_published_date":"9 avril 2026","publisher_availability_label":"Sur commande","short_details":"Christine Schneider, Herv\u00e9 Pinel \u2014 Gr\u00fcnd","translator":null,"weight":508,"page_count":40,"readership":"3\/6 ans","editor":"Gr\u00fcnd","price":1395,"published_date":"2026-04-08T22:00:00.000000Z","support":"Grand format","publisher_availability":1,"stock":0,"editions":[],"url":"https:\/\/quaidesbrumes.com\/ouvrage\/9782324038464\/quand-une-licorne-rencontre-un-dinosaure"},{"id":"9782215178385","title":"M\u00e8ne ton enqu\u00eate : complot au club de foot","description":"Un roman jeu : id\u00e9al pour appr\u00e9cier la lecture en s'amusant ! Un r\u00e9cit-fiction pour mener l'enqu\u00eate avec de nombreux jeux inclus dans l'histoire pour r\u00e9colter des indices : des messages cod\u00e9s ou en miroir \u00e0 d\u00e9crypter, des jeux d'observation, de d\u00e9duction et de logique, des labyrinthes, des \u00e9l\u00e9ments cach\u00e9s dans les illustrations (cherche et trouve)...\r\nUne enqu\u00eate palpitante au club de foot !\r\nUn message cod\u00e9 dans un langage qui ressemble \u00e0 du braille sans en \u00eatre, un rendez-vous secret, des vols, du sabotage...\r\nC'est s\u00fbr, quelque chose de louche se trame au club de foot d'Emma et Rom\u00e9o !\r\nEntre deux entra\u00eenements, les footballeurs vont mener l'enqu\u00eate.\r\nAid\u00e9s de Ploum, un intr\u00e9pide li\u00e8vre, Emma et Rom\u00e9o devront faire appel \u00e0 toute leur ing\u00e9niosit\u00e9 pour d\u00e9voiler les myst\u00e9rieux malfaiteurs...\r\nToi aussi, m\u00e8ne l'enqu\u00eate avec Emma, Rom\u00e9o et Ploum !\r\nCherche les indices dans les illustrations, r\u00e9sous les \u00e9nigmes et d\u00e9chiffre les messages cod\u00e9s ou en miroir pour r\u00e9v\u00e9ler au grand jour les activit\u00e9s des malfaiteurs.\r","authors":["Charlotte Grosset\u00eate","Charles Deroo"],"category_codes":["2000000","2040000","2040500","2040502"],"visuals":{"large":"https:\/\/images.epagine.fr\/385\/9782215178385_1_75.jpg","medium":"https:\/\/images.epagine.fr\/385\/9782215178385_1_m.jpg","thumbnail":"https:\/\/images.epagine.fr\/385\/9782215178385_1_v.jpg"},"orderable":true,"show_badge":true,"formatted_price":"12,90&nbsp;\u20ac","formatted_published_date":"26 mai 2022","publisher_availability_label":"Sur commande","short_details":"Charlotte Grosset\u00eate, Charles Deroo \u2014 Fleurus","translator":null,"weight":334,"page_count":96,"readership":"\u00e0 partir de 6 ANS","editor":"Fleurus","price":1290,"published_date":"2022-05-25T22:00:00.000000Z","support":"Grand format","publisher_availability":1,"stock":0,"editions":[],"url":"https:\/\/quaidesbrumes.com\/ouvrage\/9782215178385\/mene-ton-enquete-complot-au-club-de-foot"},{"id":"9782374085500","title":"Grand palace h\u00f4tel : Le club des agiles \u00e9trilles","description":"Romy et Jaouen sont passionn\u00e9s d'exploration : chaque \u00e9t\u00e9, ils sillonnent l'\u00eele aux Crabes, o\u00f9 ils vivent, pour en visiter les recoins cach\u00e9s. Mais cette ann\u00e9e, ils sont r\u00e9quisitionn\u00e9s pour donner un coup de main dans l'h\u00f4tel de luxe o\u00f9 travaillent les parents de Romy... Entre ennemis jur\u00e9s super casse-pieds, c\u00e9l\u00e9brit\u00e9s \u00e0 g\u00e9rer et myst\u00e8res \u00e0 \u00e9lucider, les vacances ne s'annoncent pas de tout repos !\r","authors":["Sandrine Bonini","Am\u00e9lie Graux"],"category_codes":["2000000","2040000","2040500"],"visuals":{"large":"https:\/\/images.epagine.fr\/500\/9782374085500_1_75.jpg","medium":"https:\/\/images.epagine.fr\/500\/9782374085500_1_m.jpg","thumbnail":"https:\/\/images.epagine.fr\/500\/9782374085500_1_v.jpg"},"orderable":true,"show_badge":true,"formatted_price":"13,50&nbsp;\u20ac","formatted_published_date":"16 mai 2025","publisher_availability_label":"Sur commande","short_details":"Sandrine Bonini, Am\u00e9lie Graux \u2014 Little Urban","translator":null,"weight":354,"page_count":256,"readership":"\u00e0 partir de 6 ANS","editor":"Little Urban","price":1350,"published_date":"2025-05-15T22:00:00.000000Z","support":"Grand format","publisher_availability":1,"stock":0,"editions":[],"url":"https:\/\/quaidesbrumes.com\/ouvrage\/9782374085500\/grand-palace-hotel-le-club-des-agiles-etrilles"},{"id":"9782884807975","title":"Lili veut jouer au foot","description":"Lili en a marre des jeux de filles, elle veut jouer au foot ! Arrivera-t-elle \u00e0 r\u00e9aliser son r\u00eave ? Ce livre montre que les filles sont libres de faire comme les gar\u00e7ons et les gar\u00e7ons comme les filles. Chacun a le droit d'\u00eatre unique et respect\u00e9 !","authors":["Dominique de Saint-Mars","Serge Bloch"],"category_codes":["2000000","2040000","2040200"],"visuals":{"large":"https:\/\/images.epagine.fr\/975\/9782884807975_1_75.jpg","medium":"https:\/\/images.epagine.fr\/975\/9782884807975_1_m.jpg","thumbnail":"https:\/\/images.epagine.fr\/975\/9782884807975_1_v.jpg"},"orderable":true,"show_badge":true,"formatted_price":"6,20&nbsp;\u20ac","formatted_published_date":"6 juin 2019","publisher_availability_label":"Sur commande","short_details":"Dominique de Saint-Mars, Serge Bloch \u2014 Calligram","translator":null,"weight":125,"page_count":43,"readership":"6\/9 ans","editor":"Calligram","price":620,"published_date":"2019-06-05T22:00:00.000000Z","support":"Grand format","publisher_availability":1,"stock":0,"editions":[],"url":"https:\/\/quaidesbrumes.com\/ouvrage\/9782884807975\/lili-veut-jouer-au-foot"},{"id":"9782203290129","title":"Season of fear","description":"Quand la peur est sacr\u00e9e, quoi de plus dangereux que le courage d'une femme\u00a0? Depuis 18 ans, Ilse r\u00eave de ressentir la peur. Dans son village, les femmes de son \u00e2ge doivent offrir leur terreur \u00e0 l'impitoyable Saint de la Peur lors d'un Rite qui les change \u00e0 jamais. En retour, il prot\u00e8ge les villageois des monstres de l'Hexenwald, la sombre for\u00eat qui se trouve \u00e0 leur porte. Mais n\u00e9e sans crainte, Ilse ne peut accomplir son Rite. Fou de rage, le Saint lui impose alors un dilemme\u00a0:\u00a0elle a trente jours pour trouver sa peur, sans quoi il d\u00e9vorera sa soeur. Incapable de perdre sa ch\u00e8re Thea, Ilse p\u00e9n\u00e8tre dans l'Hexenwald esp\u00e9rant que les monstres qu'elle abrite l'effrayeront enfin. Mais la version d'elle-m\u00eame qu'elle va y d\u00e9couvrir pourrait bien remettre en question toutes ses certitudes... \u00ab Un premier tour de force sombre et effrayant\u00a0! Season of fear est d'une beaut\u00e9 et d'une horreur exquises. \u00bb Erin A. Craig, autrice best-seller de La Mal\u00e9diction de Highmoor.","authors":["Emily Cooper","Rosalind Elland-Goldsmith"],"category_codes":["2000000","2050000"],"visuals":{"large":"https:\/\/images.epagine.fr\/129\/9782203290129_1_75.jpg","medium":"https:\/\/images.epagine.fr\/129\/9782203290129_1_m.jpg","thumbnail":"https:\/\/images.epagine.fr\/129\/9782203290129_1_v.jpg"},"orderable":true,"show_badge":false,"formatted_price":"18,00&nbsp;\u20ac","formatted_published_date":"17 septembre 2025","publisher_availability_label":"Sur commande","short_details":"Emily Cooper, Rosalind Elland-Goldsmith \u2014 Casterman","translator":"ROSALIND ELLAND-GOLDSMITH","weight":452,"page_count":384,"readership":"\u00e0 partir de 12 ANS","editor":"Casterman","price":1800,"published_date":"2025-09-16T22:00:00.000000Z","support":"Grand format","publisher_availability":1,"stock":1,"editions":[],"url":"https:\/\/quaidesbrumes.com\/ouvrage\/9782203290129\/season-of-fear"},{"id":"9782728936298","title":"Ma premi\u00e8re bible anim\u00e9e : La cr\u00e9ation du monde","description":"Ce livre tout carton propose aux plus jeunes de s'immerger dans huit \u00e9pisodes c\u00e9l\u00e8bres de la Bible : la Cr\u00e9ation, l'arche de No\u00e9, Mo\u00efse, Jonas et la baleine, la naissance de J\u00e9sus... \u00c0 travers une quinzaine de flaps, des roues et un pop-up, le lecteur pourra s'\u00e9merveiller et faire une premi\u00e8re rencontre avec ce texte.\r","authors":["Alexandra Garibal","Bergamote Trottemenu"],"category_codes":["2000000","2070000","2071000"],"visuals":{"large":"https:\/\/images.epagine.fr\/298\/9782728936298_1_75.jpg","medium":"https:\/\/images.epagine.fr\/298\/9782728936298_1_m.jpg","thumbnail":"https:\/\/images.epagine.fr\/298\/9782728936298_1_v.jpg"},"orderable":true,"show_badge":true,"formatted_price":"15,95&nbsp;\u20ac","formatted_published_date":"14 mars 2025","publisher_availability_label":"Sur commande","short_details":"Alexandra Garibal, Bergamote Trottemenu \u2014 Mame","translator":null,"weight":866,"page_count":16,"readership":"Tout public","editor":"Mame","price":1595,"published_date":"2025-03-13T23:00:00.000000Z","support":"Grand format","publisher_availability":1,"stock":0,"editions":[],"url":"https:\/\/quaidesbrumes.com\/ouvrage\/9782728936298\/ma-premiere-bible-animee-la-creation-du-monde"},{"id":"9782408048501","title":"La terre, la vie, l'univers","description":"Un livre qui r\u00e9pond \u00e0 toutes les grandes questions sur la vie, la Terre et l'Univers, qui n'en finissent pas d'intriguer les enfants ! Dans la collection \"Mes p'tites questions\", pour se familiariser avec ces notions et l'\u00e9chelle du temps.\r\n\r\n16 questions d'enfants pour r\u00e9pondre \u00e0 leurs questions sur l'origine de l'Univers et de la vie \r\nD'o\u00f9 vient l'Univers ? Une \u00e9toile, c'est quoi ? Comment la Terre s'est form\u00e9e ? Comment on sait ce qui se passait avant nous ? Est-ce que la Terre a toujours \u00e9t\u00e9 comme aujourd'hui ? Quand la vie est n\u00e9e sur la Terre ? Quels \u00e9taient les premiers animaux ? D'o\u00f9 viennent les plantes ? Comment les animaux pr\u00e9historiques ont \u00e9volu\u00e9 ? L'homme descend du singe ? On est des animaux ? Pourquoi on meurt ? Certains disent que Dieu a fait la Terre, c'est vrai ? Le Soleil va s'\u00e9teindre un jour ? Pourquoi on n'habite pas sur la Lune ? Il y a de la vie sur d'autres plan\u00e8tes ?\r\n\r\nLa d\u00e9couverte des origines enfin accessible aux petits !\r\nOn parcourt des milliards d'ann\u00e9es gr\u00e2ce \u00e0 des doubles pages th\u00e9matiques, du Big Bang et de la cr\u00e9ation des \u00e9toiles, jusqu'\u00e0 l'extinction du Soleil en passant par les d\u00e9buts de l'humanit\u00e9 et son \u00e9volution tout en restant \u00e0 hauteur d'enfant.\r\n\r\nPour tout comprendre des premiers moments du monde  \r\nDes r\u00e9ponses p\u00e9dagogiques et documentaires, via des explications courtes et ludiques, des images vives qui immergent l'enfant au coeur des d\u00e9buts de l'Univers et de l'humanit\u00e9 ainsi qu'une frise chronologique pour comprendre comment s'encha\u00eenent les \u00e9v\u00e9nements-cl\u00e9s.\r","authors":["Jean-Baptiste de Panafieu","Mayana Ito\u00efz"],"category_codes":["2000000","2070000","2070500"],"visuals":{"large":"https:\/\/images.epagine.fr\/501\/9782408048501_1_75.jpg","medium":"https:\/\/images.epagine.fr\/501\/9782408048501_1_m.jpg","thumbnail":"https:\/\/images.epagine.fr\/501\/9782408048501_1_v.jpg"},"orderable":true,"show_badge":true,"formatted_price":"9,50&nbsp;\u20ac","formatted_published_date":"6 septembre 2023","publisher_availability_label":"Sur commande","short_details":"Jean-Baptiste de Panafieu, Mayana Ito\u00efz \u2014 Milan","translator":null,"weight":362,"page_count":40,"readership":"\u00e0 partir de 7 ANS","editor":"Milan","price":950,"published_date":"2023-09-05T22:00:00.000000Z","support":"Grand format","publisher_availability":1,"stock":0,"editions":[],"url":"https:\/\/quaidesbrumes.com\/ouvrage\/9782408048501\/la-terre-la-vie-lunivers"},{"id":"9791036317873","title":"La cabane magique Tome 19 : au secours des kangourous","description":"Transport\u00e9s en Australie, Tom et L\u00e9a observent les \u00e9meus, les koalas, les kangourous... lorsqu'ils aper\u00e7oivent soudain une \u00e9paisse fum\u00e9e. La for\u00eat a pris feu et tous ses habitants sont en danger ! Les deux enfants parviendront-ils \u00e0 les sauver ?","authors":["Mary Pope Osborne","Marie-H\u00e9l\u00e8ne Delval"],"category_codes":["2000000","2040000","2040300"],"visuals":{"large":"https:\/\/images.epagine.fr\/873\/9791036317873_1_75.jpg","medium":"https:\/\/images.epagine.fr\/873\/9791036317873_1_m.jpg","thumbnail":"https:\/\/images.epagine.fr\/873\/9791036317873_1_v.jpg"},"orderable":true,"show_badge":true,"formatted_price":"5,80&nbsp;\u20ac","formatted_published_date":"3 juin 2020","publisher_availability_label":"Sur commande","short_details":"Mary Pope Osborne, Marie-H\u00e9l\u00e8ne Delval \u2014 Bayard Jeunesse","translator":"MARIE-HELENE DELVAL","weight":124,"page_count":80,"readership":"\u00e0 partir de 6 ANS","editor":"Bayard Jeunesse","price":580,"published_date":"2020-06-02T22:00:00.000000Z","support":"Poche","publisher_availability":1,"stock":0,"editions":[],"url":"https:\/\/quaidesbrumes.com\/ouvrage\/9791036317873\/la-cabane-magique-tome-19-au-secours-des-kangourous"},{"id":"9782330201470","title":"Carnaval Animal","description":"Un \u00e9l\u00e9gant m\u00e9li-m\u00e9lo d'animaux en pop-up, pour inventer de nouvelles cr\u00e9atures et jouer avec les mots et les couleurs : un renard au pelage soyeux, un singe \u00e0 la longue queue en spirale, une \u00e9crevisse bien \u00e0 l'abri dans sa carapace, un coq aux plumes \u00e9bouriff\u00e9es, un ours \u00e0 la fourrure \u00e9paisse et, enfin, un cam\u00e9l\u00e9on multicolore dont la queue s'enroule et se d\u00e9roule ! Avec 1 masque - paon ou coq - offert dans le livre!","authors":["Iris de V\u00e9ricourt"],"category_codes":["2000000","2030000","2030400"],"visuals":{"large":"https:\/\/images.epagine.fr\/470\/9782330201470_1_75.jpg","medium":"https:\/\/images.epagine.fr\/470\/9782330201470_1_m.jpg","thumbnail":"https:\/\/images.epagine.fr\/470\/9782330201470_1_v.jpg"},"orderable":true,"show_badge":false,"formatted_price":"21,90&nbsp;\u20ac","formatted_published_date":"5 mars 2025","publisher_availability_label":"Sur commande","short_details":"Iris de V\u00e9ricourt \u2014 H\u00e9lium \u00c9ditions","translator":null,"weight":330,"page_count":10,"readership":"3\/6 ans","editor":"H\u00e9lium \u00c9ditions","price":2190,"published_date":"2025-03-04T23:00:00.000000Z","support":"Grand format","publisher_availability":1,"stock":1,"editions":[],"url":"https:\/\/quaidesbrumes.com\/ouvrage\/9782330201470\/carnaval-animal"},{"id":"9791039523288","title":"Ma petite accumulation de bracelets fluos","description":"R\u00e9alise 6 bracelets fluos gr\u00e2ce aux jolies perles fruits ! Tu peux les porter en accumulation ou s\u00e9par\u00e9ment.","authors":["Shiilia"],"category_codes":["2000000","2060000","2060200","2060204"],"visuals":{"large":"https:\/\/images.epagine.fr\/288\/9791039523288_1_75.jpg","medium":"https:\/\/images.epagine.fr\/288\/9791039523288_1_m.jpg","thumbnail":"https:\/\/images.epagine.fr\/288\/9791039523288_1_v.jpg"},"orderable":true,"show_badge":true,"formatted_price":"0,00&nbsp;\u20ac","formatted_published_date":"12 mai 2023","publisher_availability_label":"Sur commande","short_details":"Shiilia \u2014 Auzou","translator":null,"weight":100,"page_count":24,"readership":"\u00e0 partir de 6 ANS","editor":"Auzou","price":0,"published_date":"2023-05-11T22:00:00.000000Z","support":"Coffret \/ Bo&icirc;te","publisher_availability":1,"stock":0,"editions":[],"url":"https:\/\/quaidesbrumes.com\/ouvrage\/9791039523288\/ma-petite-accumulation-de-bracelets-fluos"},{"id":"9782330202309","title":"Le grand concours des vilains pourris","description":"Enola a peur des cr\u00e9atures qui se cachent dans les placards, sous le lit, dans la baignoire, m\u00eame si sa m\u00e8re lui r\u00e9p\u00e8te qu'elles n'existent pas. Le jour o\u00f9 la petite fille trouve dans sa chambre un passage secret qui l'emm\u00e8ne directement au pays des affreux vilains pourris, elle ne s'attend pas \u00e0 participer au plus terrifiant concours de tous les temps... Va-t-elle s'en sortir indemne","authors":["Swann Meralli","Bruno Salamone"],"category_codes":["2000000","2030000","2030400"],"visuals":{"large":"https:\/\/images.epagine.fr\/309\/9782330202309_1_75.jpg","medium":"https:\/\/images.epagine.fr\/309\/9782330202309_1_m.jpg","thumbnail":"https:\/\/images.epagine.fr\/309\/9782330202309_1_v.jpg"},"orderable":true,"show_badge":true,"formatted_price":"14,90&nbsp;\u20ac","formatted_published_date":"15 octobre 2025","publisher_availability_label":"Sur commande","short_details":"Swann Meralli, Bruno Salamone \u2014 Actes Sud","translator":null,"weight":366,"page_count":32,"readership":"\u00e0 partir de 4 ANS","editor":"Actes Sud","price":1490,"published_date":"2025-10-14T22:00:00.000000Z","support":"Grand format","publisher_availability":1,"stock":0,"editions":[],"url":"https:\/\/quaidesbrumes.com\/ouvrage\/9782330202309\/le-grand-concours-des-vilains-pourris"}]}