{"data":[{"id":"9782312025841","title":"Je suis triste","description":"Un ouvrage unique qui nous fait r\u00e9fl\u00e9chir sur soi, une \u00e9criture qui trace son propre chemin pour donner un autre sens aux mots, apr\u00e8s la publication d'un roman Les Fourvoy\u00e9s et J'ai mal suivi de des petites histoires o\u00f9 le r\u00e9cit court excelle au sein de notre \u00c9dition. Nadia Birouk revient avec un recueil de po\u00e9sie : Je suis triste, qui m\u00eale \u00e9motions, soucis et engagement sinc\u00e8res et qui m\u00e9rite vraiment d'\u00eatre lu et relu. Bonne d\u00e9couverte.\r","authors":["Nadia Birouk"],"category_codes":["1000000","1090000"],"visuals":{"large":"https:\/\/images.epagine.fr\/841\/9782312025841_1_75.jpg","medium":"https:\/\/images.epagine.fr\/841\/9782312025841_1_m.jpg","thumbnail":"https:\/\/images.epagine.fr\/841\/9782312025841_1_v.jpg"},"orderable":true,"show_badge":true,"formatted_price":"13,00&nbsp;\u20ac","formatted_published_date":"29 novembre 2014","publisher_availability_label":"Sur commande","short_details":"Nadia Birouk \u2014 Editions du Net","translator":null,"weight":110,"page_count":62,"readership":null,"editor":"Editions du Net","price":1300,"published_date":"2014-11-28T23:00:00.000000Z","support":"Grand format","publisher_availability":1,"stock":0,"editions":[],"url":"https:\/\/quaidesbrumes.com\/ouvrage\/9782312025841\/je-suis-triste"},{"id":"9782312026312","title":"Textes po\u00e9tiques ; fragments d'\u00e2me","description":"L'amour, un paysage, la flamme d'une bougie ou un feu d'artifice ; un d\u00e9tail, un regard, ont inspir\u00e9 l'auteur. Tous ces jets de plume \u00e9crits avec le coeur, Sont des \u00e9clats d'\u00e2me, des bouts de lui. Bienvenue dans son monde !\r","authors":["Mika\u00ebl Le saint"],"category_codes":["1000000","1090000"],"visuals":{"large":"https:\/\/images.epagine.fr\/312\/9782312026312_1_75.jpg","medium":"https:\/\/images.epagine.fr\/312\/9782312026312_1_m.jpg","thumbnail":"https:\/\/images.epagine.fr\/312\/9782312026312_1_v.jpg"},"orderable":true,"show_badge":true,"formatted_price":"13,00&nbsp;\u20ac","formatted_published_date":"25 novembre 2014","publisher_availability_label":"Sur commande","short_details":"Mika\u00ebl Le saint \u2014 Editions du Net","translator":null,"weight":230,"page_count":128,"readership":null,"editor":"Editions du Net","price":1300,"published_date":"2014-11-24T23:00:00.000000Z","support":"Grand format","publisher_availability":1,"stock":0,"editions":[],"url":"https:\/\/quaidesbrumes.com\/ouvrage\/9782312026312\/textes-poetiques-fragments-dame"},{"id":"9782353281398","title":"Poemes pour eclairer la marche","description":null,"authors":["Jean-luc Lamouille"],"category_codes":["1000000","1090000","1090600"],"visuals":{"large":"https:\/\/quaidesbrumes.com\/img\/book-placeholder.png","medium":"https:\/\/quaidesbrumes.com\/img\/book-placeholder.png","thumbnail":"https:\/\/quaidesbrumes.com\/img\/book-placeholder.png"},"orderable":true,"show_badge":true,"formatted_price":"16,00&nbsp;\u20ac","formatted_published_date":"1er d\u00e9cembre 2014","publisher_availability_label":"Sur commande","short_details":"Jean-luc Lamouille \u2014 Editinter","translator":null,"weight":150,"page_count":null,"readership":null,"editor":"Editinter","price":1600,"published_date":"2014-11-30T23:00:00.000000Z","support":"Grand format","publisher_availability":1,"stock":0,"editions":[],"url":"https:\/\/quaidesbrumes.com\/ouvrage\/9782353281398\/poemes-pour-eclairer-la-marche"},{"id":"9782842597481","title":"Hedera","description":"Mon \u00eatre est devenu le fant\u00f4me des pierres qui va dans les trav\u00e9es o\u00f9 chemine le lierre...Pour tous ceux qui aiment la po\u00e9sie.56 po\u00e8mes...sur un buvard d'enfant tout tach\u00e9 de soleil.\r","authors":["Jean Valery"],"category_codes":["1000000","1090000"],"visuals":{"large":"https:\/\/images.epagine.fr\/481\/9782842597481_1_75.jpg","medium":"https:\/\/images.epagine.fr\/481\/9782842597481_1_m.jpg","thumbnail":"https:\/\/images.epagine.fr\/481\/9782842597481_1_v.jpg"},"orderable":true,"show_badge":true,"formatted_price":"8,00&nbsp;\u20ac","formatted_published_date":"15 novembre 2014","publisher_availability_label":"Sur commande","short_details":"Jean Valery \u2014 AEDIS","translator":null,"weight":180,"page_count":null,"readership":null,"editor":"AEDIS","price":800,"published_date":"2014-11-14T23:00:00.000000Z","support":"Grand format","publisher_availability":1,"stock":0,"editions":[],"url":"https:\/\/quaidesbrumes.com\/ouvrage\/9782842597481\/hedera"},{"id":"9782368681596","title":"M\u00e9ditations quotidiennes","description":"Vous parcourrez une piste am\u00e9nag\u00e9e d'une belle monture de vers avec un regard dur et simple \u00e0 la fois manifestant l'\u00e9crivain en herbe. Des mots simples et accessibles \u00e0 la fois sont employ\u00e9s pour peindre dans les d\u00e9tails un r\u00e9cit de pens\u00e9es gravitant autour de notre sph\u00e8re quotidienne. Le lecteur se sentira dans ses propres couleurs drap\u00e9es d'un sentiment de v\u00e9rit\u00e9 qui ne pr\u00e9tend pas atteindre l'absolu. Apr\u00e8s cet ouvrage, il compte en publier un autre sous peu.","authors":["Serigne Abdou Khadre Mbacke"],"category_codes":["1000000","1090000","1090600"],"visuals":{"large":"https:\/\/images.epagine.fr\/596\/9782368681596_1_75.jpg","medium":"https:\/\/images.epagine.fr\/596\/9782368681596_1_m.jpg","thumbnail":"https:\/\/images.epagine.fr\/596\/9782368681596_1_v.jpg"},"orderable":true,"show_badge":true,"formatted_price":"15,00&nbsp;\u20ac","formatted_published_date":"19 novembre 2014","publisher_availability_label":"Sur commande","short_details":"Serigne Abdou Khadre Mbacke \u2014 Stellamaris","translator":null,"weight":194,"page_count":147,"readership":null,"editor":"Stellamaris","price":1500,"published_date":"2014-11-18T23:00:00.000000Z","support":"Grand format","publisher_availability":1,"stock":0,"editions":[],"url":"https:\/\/quaidesbrumes.com\/ouvrage\/9782368681596\/meditations-quotidiennes"},{"id":"9782896980031","title":"Coeur tomate","description":"Dans Coeur tomate, on lit que, selon l'id\u00e9e que l'on se fait du \u00ab don de soi \u00bb, ce sont peut-\u00eatre les choses qui auraient d\u00e9cid\u00e9, pour une raison qui leur appartient, de s'offrir un po\u00e8te moulu. Relation d'une dissolution qui se veut bienheureuse et \u00e0 ce jour n'a de cesse, m\u00eame si elle promet des d\u00e9nouements.\r\n\r\n\u00e0 pr\u00e9sent fini avec cet amour tu cours tomate de nuit nu \u00e0 court dans des rues finir coeur tomate \u00e9ventr\u00e9 japp\u00e9 plus que pr\u00e9f\u00e9r\u00e9 au mieux presbyte derri\u00e8re tes verres de cinq cents ans\r","authors":["Boily Mathieu"],"category_codes":["1000000","1090000","1090600"],"visuals":{"large":"https:\/\/images.epagine.fr\/031\/9782896980031_1_75.jpg","medium":"https:\/\/images.epagine.fr\/031\/9782896980031_1_m.jpg","thumbnail":"https:\/\/images.epagine.fr\/031\/9782896980031_1_v.jpg"},"orderable":true,"show_badge":true,"formatted_price":"14,00&nbsp;\u20ac","formatted_published_date":"3 novembre 2014","publisher_availability_label":"Sur commande","short_details":"Boily Mathieu \u2014 LE QUARTANIER","translator":null,"weight":102,"page_count":null,"readership":null,"editor":"LE QUARTANIER","price":1400,"published_date":"2014-11-02T23:00:00.000000Z","support":"Grand format","publisher_availability":1,"stock":0,"editions":[],"url":"https:\/\/quaidesbrumes.com\/ouvrage\/9782896980031\/coeur-tomate"},{"id":"9782874065125","title":"Lents bivouacs des nues","description":"Pierre Tr\u00e9fois r\u00e9side habituellement dans le Brabant wallon, mais il aime aussi \u00e0 vivre en Ard\u00e8che. Non pas la Montagne c\u00e9l\u00e9br\u00e9e par Jean Ferrat, son Ard\u00e8che \u00e0 lui sent d\u00e9j\u00e0 thym et lavande : on est en Provence sous les Lents bivouacs des nues, l\u00e0 o\u00f9 \u00abs'\u00e9l\u00e8vent les roches \/ cern\u00e9es de ronces \/ \u00e0 l'aff\u00fbt des murmures \/ et du dernier lais \/ de l'origine\u00bb. Dernier lais et, non, dernier lai, Pierre Tr\u00e9fois est de ceux qui y croient encore : \u00abTu n'interpr\u00e8tes plus le monde \/ Tu veux le changer \/ \u00c0 la force des coquelicots \/ Et des nuages sans-culotte\u00bb. Tr\u00e9fois est bien ce \u00abScribe des ronces et des pierrailles \/ sourcier des nappes muettes \/ envahies de d\u00e9sir\u00bb, dont parle Christian Hubin. (Francis Chenot)\r","authors":["Pierre Tr\u00e9fois"],"category_codes":["1000000","1090000"],"visuals":{"large":"https:\/\/images.epagine.fr\/125\/9782874065125_1_75.jpg","medium":"https:\/\/images.epagine.fr\/125\/9782874065125_1_m.jpg","thumbnail":"https:\/\/images.epagine.fr\/125\/9782874065125_1_v.jpg"},"orderable":true,"show_badge":true,"formatted_price":"5,00&nbsp;\u20ac","formatted_published_date":"21 d\u00e9cembre 2011","publisher_availability_label":"Sur commande","short_details":"Pierre Tr\u00e9fois \u2014 L'Arbre A Paroles","translator":null,"weight":200,"page_count":null,"readership":null,"editor":"L'Arbre A Paroles","price":500,"published_date":"2011-12-20T23:00:00.000000Z","support":"Grand format","publisher_availability":1,"stock":0,"editions":[],"url":"https:\/\/quaidesbrumes.com\/ouvrage\/9782874065125\/lents-bivouacs-des-nues"},{"id":"9782874065187","title":"Deliquescents delits","description":"Attention ! chute d'aphorismes. Francis Chenot a le culot du fumeur de pipe, il nous ass\u00e8ne doucement ses petites formules d\u00e9liquescentes, des sentences d\u00e9finitivement provisoires. Il ouvre son sac \u00e0 malices et trouve des \u00abd\u00e9biles sans manteaux\u00bb, des \u00abbavards adipeux\u00bb. \u00c7a grince \u00e0 tous les \u00e9tages, ses v\u00e9rit\u00e9s vagabondent sur les chemins de la po\u00e9sie, elles y rencontrent quelques surr\u00e9alistes (belges de pr\u00e9f\u00e9rence), avec ce merveilleux clin d'oeil \u00e0 Achille Chav\u00e9e, comme si le fant\u00f4me de la rue Ferrer \u00e0 la Louvi\u00e8re hantait les rives mal fam\u00e9es de la Meuse. Francis Chenot nous offre ici ses \u00abst\u00e8res de silence\u00bb et quelques \u00eelots de parole. L'aphorisme est ce petit caillou log\u00e9 dans la chaussure de la grande Litt\u00e9rature. (Alain Dantinne)\r","authors":["Francis Chenot"],"category_codes":["1000000","1090000"],"visuals":{"large":"https:\/\/images.epagine.fr\/187\/9782874065187_1_75.jpg","medium":"https:\/\/images.epagine.fr\/187\/9782874065187_1_m.jpg","thumbnail":"https:\/\/images.epagine.fr\/187\/9782874065187_1_v.jpg"},"orderable":true,"show_badge":true,"formatted_price":"5,00&nbsp;\u20ac","formatted_published_date":"21 d\u00e9cembre 2011","publisher_availability_label":"Sur commande","short_details":"Francis Chenot \u2014 L'Arbre A Paroles","translator":null,"weight":200,"page_count":null,"readership":null,"editor":"L'Arbre A Paroles","price":500,"published_date":"2011-12-20T23:00:00.000000Z","support":"Grand format","publisher_availability":1,"stock":0,"editions":[],"url":"https:\/\/quaidesbrumes.com\/ouvrage\/9782874065187\/deliquescents-delits"},{"id":"9782876834644","title":"Sur le sable et le vent","description":"\u00ab Sur le sable et le vent \r\n\r\nJe cherche des r\u00e9ponses \r\n\r\nSur le sable et le vent \r\n\r\nJe trouve des questions ... \u00bb \r\n\r\nBelle interrogation pour ce nouveau recueil de po\u00e8mes de Bernard FETTER, \u00e0 l'ombre de Garcia Lorca qui rend hommage \u00e0 \u00ab l'\u00e2me absente \u00bb. La pr\u00e9sence insistante des rimes et des sons fait \u00e9cho \u00e0 l'absence du fils disparu ... D\u00e9j\u00e0 trois ans ... Et pourtant ... \r\n\r\nIl semble que les \u00e2mes viennent \u00e0 se rencontrer encore et toujours dans cet espace de po\u00e9sie. Et puis une lueur, enfin, une petite fille qui s'avance, c'est un cadeau que nous fait ici l'auteur, le signe d'un espoir, le retour timide encore de la s\u00e9r\u00e9nit\u00e9: \r\n\r\n\u00ab Avec un coquelicot rouge de chaleur \r\n\r\nLa petite fille \u00e9coute battre son coeur. \u00bb \r\n\r\nAvec, Sur le Sable et le vent, Bernard FETTER signe ici son 3\u00e8me recueil. Il a \u00e9galement publi\u00e9 un livre pour enfants.","authors":["Bernard Fetter"],"category_codes":["1000000","1090000"],"visuals":{"large":"https:\/\/images.epagine.fr\/644\/9782876834644_1_75.jpg","medium":"https:\/\/images.epagine.fr\/644\/9782876834644_1_m.jpg","thumbnail":"https:\/\/images.epagine.fr\/644\/9782876834644_1_v.jpg"},"orderable":true,"show_badge":true,"formatted_price":"12,00&nbsp;\u20ac","formatted_published_date":"1er juin 2014","publisher_availability_label":"Sur commande","short_details":"Bernard Fetter \u2014 La Compagnie Litt\u00e9raire","translator":null,"weight":40,"page_count":44,"readership":null,"editor":"La Compagnie Litt\u00e9raire","price":1200,"published_date":"2014-05-31T22:00:00.000000Z","support":"Grand format","publisher_availability":1,"stock":0,"editions":[],"url":"https:\/\/quaidesbrumes.com\/ouvrage\/9782876834644\/sur-le-sable-et-le-vent"},{"id":"9782322011339","title":"Noctifier ; le porteur de nuit","description":"Le Chant des Profondeurs remonte au Ciel de l'Ab\u00eeme vers l'Id\u00e9al. \u00ab...Mais \u00e0 pr\u00e9sent, \u00f4 mon h\u00f4te, lecteur studieux, H\u00e9site un instant, s'il te pla\u00eet, \u00e0 p\u00e9n\u00e9trer En ces lieux o\u00f9 parfois, au hasard de la route, Le regard miroitant, tu pourrais rencontrer Un spectre familier qui t'observe, \u00e0 l'\u00e9coute.\u00bb (Extrait)\r","authors":["Jo\u00ebl Gissy"],"category_codes":["1000000","1090000"],"visuals":{"large":"https:\/\/images.epagine.fr\/339\/9782322011339_1_75.jpg","medium":"https:\/\/images.epagine.fr\/339\/9782322011339_1_m.jpg","thumbnail":"https:\/\/images.epagine.fr\/339\/9782322011339_1_v.jpg"},"orderable":true,"show_badge":true,"formatted_price":"10,99&nbsp;\u20ac","formatted_published_date":"19 novembre 2014","publisher_availability_label":"Sur commande","short_details":"Jo\u00ebl Gissy \u2014 Books on Demand","translator":null,"weight":492,"page_count":340,"readership":null,"editor":"Books on Demand","price":1099,"published_date":"2014-11-18T23:00:00.000000Z","support":"Grand format","publisher_availability":1,"stock":0,"editions":[],"url":"https:\/\/quaidesbrumes.com\/ouvrage\/9782322011339\/noctifier-le-porteur-de-nuit"},{"id":"9782720012044","title":"La mort doit attendre","description":"Le titre \u00e9trange de ce nouveau recueil de Sobhi Habchi, \u00e9crit entre l'Orient et l'Occident, sugg\u00e8re avant tout une purification, un exercice spirituel qui s'enracine dans une sorte de catharsis individuelle et collective, compensation personnelle et cosmique \u00e0 la fois dans laquelle la po\u00e9sie tient lieu aussi d'une m\u00e9decine de l'\u00e2me.\r\nDans l'ensemble des dix cahiers qui composent le pr\u00e9sent recueil, le po\u00e8te pr\u00eate sa voix aux voix int\u00e9rieures comme aux regards et visions qui deviennent des chants et des hymnes o\u00f9 le quotidien et l'\u00e9ph\u00e9m\u00e8re ne sont que l'autre face de l'\u00e9ternel. Ainsi, dans son essence, le po\u00e8me reste l'expression d'une condition humaine qui doit regagner une part de sa divinit\u00e9.\r\nSobhi Habchi, qui d\u00e9nonce le mal et la laideur pour s'accrocher \u00e0 l'amour et \u00e0 l'amour de l'amour, ne cesse d'intriguer un grand nombre de ses lecteurs par de nouvelles sortes de correspondances et de paradoxes, par de cris de col\u00e8re et d'indignations qui sont les hautes le\u00e7ons donn\u00e9es \u00e0 l'homme par la vraie po\u00e9sie.\r","authors":["Sobhi Habchi"],"category_codes":["1000000","1090000"],"visuals":{"large":"https:\/\/images.epagine.fr\/044\/9782720012044_1_75.jpg","medium":"https:\/\/images.epagine.fr\/044\/9782720012044_1_m.jpg","thumbnail":"https:\/\/images.epagine.fr\/044\/9782720012044_1_v.jpg"},"orderable":true,"show_badge":true,"formatted_price":"20,00&nbsp;\u20ac","formatted_published_date":"28 f\u00e9vrier 2015","publisher_availability_label":"Sur commande","short_details":"Sobhi Habchi \u2014 Jean Maisonneuve","translator":null,"weight":220,"page_count":160,"readership":null,"editor":"Jean Maisonneuve","price":2000,"published_date":"2015-02-27T23:00:00.000000Z","support":"Grand format","publisher_availability":1,"stock":0,"editions":[],"url":"https:\/\/quaidesbrumes.com\/ouvrage\/9782720012044\/la-mort-doit-attendre"},{"id":"9782854465396","title":"Le bleu des jours anciens","description":null,"authors":["Eliane Biedermann","Baya Kanane"],"category_codes":["1000000","1090000","1090600"],"visuals":{"large":"https:\/\/images.epagine.fr\/396\/9782854465396_1_75.jpg","medium":"https:\/\/images.epagine.fr\/396\/9782854465396_1_m.jpg","thumbnail":"https:\/\/images.epagine.fr\/396\/9782854465396_1_v.jpg"},"orderable":true,"show_badge":true,"formatted_price":"15,00&nbsp;\u20ac","formatted_published_date":"14 novembre 2014","publisher_availability_label":"Sur commande","short_details":"Eliane Biedermann, Baya Kanane \u2014 Caracteres","translator":null,"weight":135,"page_count":null,"readership":null,"editor":"Caracteres","price":1500,"published_date":"2014-11-13T23:00:00.000000Z","support":"Grand format","publisher_availability":1,"stock":0,"editions":[],"url":"https:\/\/quaidesbrumes.com\/ouvrage\/9782854465396\/le-bleu-des-jours-anciens"},{"id":"9782854465389","title":"Entendu ce matin","description":"Sa\u00efdeh Pakravan est n\u00e9e dans une famille d'origine iranienne de langue fran\u00e7aise.\r\nElle vit entre les Etats-Unis et Paris.\r\nPo\u00e9te, romanci\u00e8re, essayiste et critique, elle \u00e9crit en fran\u00e7ais et anglais.\r\nElle signe avec cette publication son premier recueil de po\u00e9sie en fran\u00e7ais.\r\nSa d\u00e9marche d'\u00e9criture est extr\u00eamement originale : \u00e0 partir de phrases entendues et attrap\u00e9es au vol lors de ses \u00abjoggings\u00bb au jardin du Luxembourg , elle \u00e9crit la suite d'un sc\u00e9nario po\u00e9tique.\r\nChaque po\u00e8me puise sa source dans des remarques du quotidien, \u00e9nonc\u00e9es par des amoureux, des enfants, des femmes, des badauds... de toutes g\u00e9n\u00e9rations et cat\u00e9gories sociales, qu'elle prolonge et transfigure.\r\nEn se projetant dans les r\u00e9fl\u00e9xions des uns et des autres, l'auteure se glisse dans un monde en perp\u00e9tuel mouvement et dessine une philosophie de la vie.\r","authors":["Sa\u00efdeh Pakravan"],"category_codes":["1000000","1090000","1090600"],"visuals":{"large":"https:\/\/images.epagine.fr\/389\/9782854465389_1_75.jpg","medium":"https:\/\/images.epagine.fr\/389\/9782854465389_1_m.jpg","thumbnail":"https:\/\/images.epagine.fr\/389\/9782854465389_1_v.jpg"},"orderable":true,"show_badge":true,"formatted_price":"13,00&nbsp;\u20ac","formatted_published_date":"17 novembre 2014","publisher_availability_label":"Sur commande","short_details":"Sa\u00efdeh Pakravan \u2014 Caracteres","translator":null,"weight":100,"page_count":64,"readership":null,"editor":"Caracteres","price":1300,"published_date":"2014-11-16T23:00:00.000000Z","support":"Grand format","publisher_availability":1,"stock":0,"editions":[],"url":"https:\/\/quaidesbrumes.com\/ouvrage\/9782854465389\/entendu-ce-matin"},{"id":"9782332818959","title":"Po\u00e8mes libres, philosophiques et contemplatifs","description":"Quand l'art de la prose joue avec la m\u00e9lodie, le po\u00e8te Kayass Burning Free Kayry r\u00e9gale tout en po\u00e9sie...\r\n\r\n\r\nChrys\u00e9l\u00e9phantine :\r\n\r\n\r\n\u00ab Fou rire d'ivoire et d'or\/ Ceci est un jeu d'enfant\/ Illumin\u00e9 conception prouve le contre, \u00e8re\/ Stimule les nerfs\/ Montre les \u00e9gards \u00e0 la d\u00e9votion \u00bb\r","authors":["Kayass Burning Free Kayry"],"category_codes":["1000000","1090000"],"visuals":{"large":"https:\/\/images.epagine.fr\/959\/9782332818959_1_75.jpg","medium":"https:\/\/images.epagine.fr\/959\/9782332818959_1_m.jpg","thumbnail":"https:\/\/images.epagine.fr\/959\/9782332818959_1_v.jpg"},"orderable":true,"show_badge":true,"formatted_price":"16,00&nbsp;\u20ac","formatted_published_date":"7 janvier 2015","publisher_availability_label":"Sur commande","short_details":"Kayass Burning Free Kayry \u2014 Edilivre","translator":null,"weight":279,"page_count":130,"readership":null,"editor":"Edilivre","price":1600,"published_date":"2015-01-06T23:00:00.000000Z","support":"Grand format","publisher_availability":1,"stock":0,"editions":[],"url":"https:\/\/quaidesbrumes.com\/ouvrage\/9782332818959\/poemes-libres-philosophiques-et-contemplatifs"},{"id":"9782376131878","title":"Dictionnaire du Tango et du Lunfardo : Cours de po\u00e9sie du tango,","description":"L'objectif de ce livre est de mettre \u00e0 disposition du public francophone les outils pour comprendre les paroles des tangos. Non content de servir de cours de litt\u00e9rature, l'ouvrage donne aussi des informations pratiques sur l'histoire, la culture et la richesse \u00e9motionnelle du tango. \r\nSi on vous dit \u00abTango\u00bb, vous pensez \u00e0 la danse, \u00e0 la musique... Mais pensez-vous \u00e0 la po\u00e9sie? Dans la plupart des styles de musique du monde, d'habitude, les chansons qui servent \u00e0 danser poss\u00e8dent des paroles banales. Les chansons s\u00e9rieuses exigent un public assis, enti\u00e8rement consacr\u00e9 \u00e0 l'\u00e9coute. D'autre part, la musique raffin\u00e9e rejette les paroles qui demandent de l'attention et surtout d\u00e9teste la danse. Dans le tango en revanche, la musique sophistiqu\u00e9e, les paroles exigeantes et le plaisir corporel de la danse se rejoignent en un m\u00eame instant.\r\nN\u00e9 \u00e0 Buenos Aires, Pedro Ochoa s'est appliqu\u00e9 \u00e0 l'\u00e9tude du tango tant sur le plan pratique que th\u00e9orique. Il a remport\u00e9 le Championnat de Tango de la ville de Buenos Aires (2011) et il est par ailleurs dipl\u00f4m\u00e9 en tant que professeur de piano au Conservatoire National de Buenos Aires (2004). Il est en outre auteur de l'ouvrage Tango y cine mundial (2003), et a \u00e9t\u00e9 Membre de l'Acad\u00e9mie Nationale du Tango (2000-2013).\r\nApr\u00e8s des \u00e9tudes de Lettres \u00e0 Grenoble (2000), C\u00e9cile Boucris d\u00e9cide de monter sur les planches et se lance dans une carri\u00e8re artistique. La pratique du th\u00e9\u00e2tre combin\u00e9e \u00e0 l'amour des mots l'am\u00e8ne \u00e0 \u00e9crire des adaptations d'oeuvres dramatiques pour des enfants et des jeunes, puis des contes, des monologues, et finalement une com\u00e9die musicale","authors":["Cecile Boucris","Pedro Ochoa"],"category_codes":["1000000","1090000","1090600"],"visuals":{"large":"https:\/\/images.epagine.fr\/878\/9782376131878_1_75.jpg","medium":"https:\/\/images.epagine.fr\/878\/9782376131878_1_m.jpg","thumbnail":"https:\/\/images.epagine.fr\/878\/9782376131878_1_v.jpg"},"orderable":true,"show_badge":true,"formatted_price":"25,00&nbsp;\u20ac","formatted_published_date":"17 f\u00e9vrier 2024","publisher_availability_label":"Sur commande","short_details":"Cecile Boucris, Pedro Ochoa \u2014 Cap De L'Etang","translator":null,"weight":322,"page_count":258,"readership":null,"editor":"Cap De L'Etang","price":2500,"published_date":"2024-02-16T23:00:00.000000Z","support":"Grand format","publisher_availability":1,"stock":0,"editions":[],"url":"https:\/\/quaidesbrumes.com\/ouvrage\/9782376131878\/dictionnaire-du-tango-et-du-lunfardo-cours-de-poesie-du-tango"},{"id":"9782367602967","title":"Lettres de la belle \u00e9poque","description":"Le Dr. Souad M. Al-Sabah est une \u00e9conomiste, militante pour les droits des femmes, po\u00e9tesse et femme de lettres. N\u00e9e en 1942 au sein de la famille r\u00e9gnante de son pays, elle est, en tant que femme, une pionni\u00e8re dans de nombreux domaines et consacre son temps et ses talents au service de sa patrie, le Kowe\u00eft.\r\n Si ses essais universitaires sont \u00e9crits en anglais, sa po\u00e9sie, au souffle intarissable, est con\u00e7ue dans un arabe moderne, dans une verve romantique \u00e0 la fois familiale et f\u00e9ministe, que ponctuent des interm\u00e8des politiques audacieux.\r\n Ses recueils po\u00e9tiques voyagent \u00e0 travers le monde.","authors":["Souad Al Sabah"],"category_codes":["1000000","1090000","1090600"],"visuals":{"large":"https:\/\/images.epagine.fr\/967\/9782367602967_1_75.jpg","medium":"https:\/\/images.epagine.fr\/967\/9782367602967_1_m.jpg","thumbnail":"https:\/\/images.epagine.fr\/967\/9782367602967_1_v.jpg"},"orderable":true,"show_badge":true,"formatted_price":"18,00&nbsp;\u20ac","formatted_published_date":"10 novembre 2023","publisher_availability_label":"Sur commande","short_details":"Souad Al Sabah \u2014 ERICK BONNIER","translator":null,"weight":244,"page_count":280,"readership":null,"editor":"ERICK BONNIER","price":1800,"published_date":"2023-11-09T23:00:00.000000Z","support":"Poche","publisher_availability":1,"stock":0,"editions":[],"url":"https:\/\/quaidesbrumes.com\/ouvrage\/9782367602967\/lettres-de-la-belle-epoque"},{"id":"9782385414252","title":"Obsessions et douleurs de jeunesse : chansons, lettres d'amour et pri\u00e8res d'avant hier et plus","description":"Jusqu'\u00e0 la cinquantaine, l'auteur a griffonn\u00e9 des po\u00e8mes sur des petits bouts de papier. Beaucoup furent perdus et quelques-uns retrouv\u00e9s. Retranscrits dans leur forme originale, ils ont donn\u00e9 lieu \u00e0 cet ouvrage.","authors":["Louis Daniel"],"category_codes":["1000000","1090000","1090600"],"visuals":{"large":"https:\/\/images.epagine.fr\/252\/9782385414252_1_75.jpg","medium":"https:\/\/images.epagine.fr\/252\/9782385414252_1_m.jpg","thumbnail":"https:\/\/images.epagine.fr\/252\/9782385414252_1_v.jpg"},"orderable":true,"show_badge":true,"formatted_price":"13,00&nbsp;\u20ac","formatted_published_date":"20 juillet 2023","publisher_availability_label":"Sur commande","short_details":"Louis Daniel \u2014 LES IMPLIQUES","translator":null,"weight":143,"page_count":112,"readership":null,"editor":"LES IMPLIQUES","price":1300,"published_date":"2023-07-19T22:00:00.000000Z","support":"Grand format","publisher_availability":1,"stock":0,"editions":[],"url":"https:\/\/quaidesbrumes.com\/ouvrage\/9782385414252\/obsessions-et-douleurs-de-jeunesse-chansons-lettres-damour-et-prieres-davant-hier-et-plus"},{"id":"9782915715316","title":"L'etrange serenite des fonds marins","description":null,"authors":["Christian Garcin"],"category_codes":["1000000","1090000"],"visuals":{"large":"https:\/\/quaidesbrumes.com\/img\/book-placeholder.png","medium":"https:\/\/quaidesbrumes.com\/img\/book-placeholder.png","thumbnail":"https:\/\/quaidesbrumes.com\/img\/book-placeholder.png"},"orderable":true,"show_badge":true,"formatted_price":"7,00&nbsp;\u20ac","formatted_published_date":"2 d\u00e9cembre 2014","publisher_availability_label":"Sur commande","short_details":"Christian Garcin \u2014 Circa 1924","translator":null,"weight":28,"page_count":null,"readership":null,"editor":"Circa 1924","price":700,"published_date":"2014-12-01T23:00:00.000000Z","support":"Grand format","publisher_availability":1,"stock":0,"editions":[],"url":"https:\/\/quaidesbrumes.com\/ouvrage\/9782915715316\/letrange-serenite-des-fonds-marins"},{"id":"9782830915723","title":"Soleil de l'un","description":"Dans la Bible, les noms h\u00e9breux sont toujours un po\u00e8me : ils cr\u00e9ent en quelque sorte celui qu'ils d\u00e9signent, ils donnent \u00e0 entendre un devenir, un destin, ils disent l'\u00eatre sans le figer, ils ouvrent le cr\u00e9\u00e9 vers sa gen\u00e8se, ils r\u00e9v\u00e8lent le sens et la musique du monde. Alain Lerbret propose ici trente variations autour de vocables puis\u00e9s au coeur de la Bible. Trente portes pour ouvrir l'Ecriture, la demeure o\u00f9 chante et se recueille la Parole. De Sina\u00ef \u00e0 J\u00e9sus, de No\u00e9 \u00e0 Yotam, de Mo\u00efse \u00e0 Adona\u00ef, l'auteur cis\u00e8le des po\u00e8mes qui jouent sur les renvois d'un texte \u00e0 l'autre.\r\nPour chaque po\u00e8me, un ensemble de r\u00e9f\u00e9rences bibliques est propos\u00e9, afin que le lecteur puisse approfondir sa propre lecture et revenir toujours \u00e0 Celui qui est la source.\r\nN\u00e9 en 1937 sur les plateaux de Haute-Provence, entre montagne de Lure et Ventoux, Alain Lerbret vit aujourd'hui \u00e0 Lyon. Il est l'auteur de plusieurs recueils : Sources (1974), Travers\u00e9e (1976) et Chants du silence (2006).\r","authors":["Alain Lerbret"],"category_codes":["1000000","1090000"],"visuals":{"large":"https:\/\/images.epagine.fr\/723\/9782830915723_1_75.jpg","medium":"https:\/\/images.epagine.fr\/723\/9782830915723_1_m.jpg","thumbnail":"https:\/\/images.epagine.fr\/723\/9782830915723_1_v.jpg"},"orderable":true,"show_badge":true,"formatted_price":"14,00&nbsp;\u20ac","formatted_published_date":"15 avril 2015","publisher_availability_label":"Sur commande","short_details":"Alain Lerbret \u2014 \u00c9ditions Labor et Fides","translator":null,"weight":145,"page_count":120,"readership":null,"editor":"\u00c9ditions Labor et Fides","price":1400,"published_date":"2015-04-14T22:00:00.000000Z","support":"Grand format","publisher_availability":1,"stock":0,"editions":[],"url":"https:\/\/quaidesbrumes.com\/ouvrage\/9782830915723\/soleil-de-lun"},{"id":"9782940393640","title":"Songs for children - hymns for children, a tribute to childhood","description":"Songs for Children, Author's NotesThe most important wealth among all wealths is child wealth, which is also the best wealth to have. In fact, child and mother may be considered to be divine wealth. A child is everything; the home, the nation, the world and the world's lifeline.  For this reason, the upbringing of children is the primary duty of this world's denizens. Countries such as Japan, Switzerland, Russia and America have many unique arrangements in place for the upbringing of children.  Mothers are accorded the topmost priority in these countries. Child-friendly gardens, playgrounds, teachers, toys, books, songs, pictures and films are available in large numbers in these countries.This book has been written especially to develop and promote good habits and discipline in children. I have brought up many children with the help of these songs.  Everyone must be able to live in a spiritually balanced environment without the restrictions of caste and religion.  I have brought out these songs in a new edition with the aim to make the children of our country into strong and brave citizens. I request the readers to accept my humble offering and acquaint the children with it. I dedicate this book to the kind-hearted teachers who take care of children like mothers.These songs of child development are suitable for adaptation in mime and dance. They can be sung in ragas such as mohanam, begasri, punnagavaraali, sankarabaranam, arabhi, kambodhi, desh, kapi etc. and set to talas such as adhi, rupagam, jambai, thisira, ega etc. I request the teachers to make drawings based on these songs and explain them and the songs line by line to the children.This edition is also being brought out to commemorate a special day for the children of Rajaraja Gopalan from the Balu family who is the custodian of Vadalur Yoga Samaj. This dear well-wisher is a firm believer and follower of the tenets laid down in Yoga Siddhi (Gospel of Perfect Life) and Bharata Shakti. This book was being published from the monthly contributions made by him to me. May his children shine in every field and be endowed with wealth, knowledge and long life with the blessings of divinity!Shuddhananda BharatiYoga Samaj, Madras, 01.01.1978Editions ASSA, Christian Piaget","authors":["Bharati Shuddhananda"],"category_codes":["1000000","1090000","1090200"],"visuals":{"large":"https:\/\/images.epagine.fr\/640\/9782940393640_1_75.jpg","medium":"https:\/\/images.epagine.fr\/640\/9782940393640_1_m.jpg","thumbnail":"https:\/\/images.epagine.fr\/640\/9782940393640_1_v.jpg"},"orderable":true,"show_badge":true,"formatted_price":"13,00&nbsp;\u20ac","formatted_published_date":"5 novembre 2014","publisher_availability_label":"Sur commande","short_details":"Bharati Shuddhananda \u2014 Assa","translator":null,"weight":230,"page_count":null,"readership":null,"editor":"Assa","price":1300,"published_date":"2014-11-04T23:00:00.000000Z","support":"Grand format","publisher_availability":1,"stock":0,"editions":[],"url":"https:\/\/quaidesbrumes.com\/ouvrage\/9782940393640\/songs-for-children-hymns-for-children-a-tribute-to-childhood"},{"id":"9791093300016","title":"Alg\u00e8bre","description":"Trente-huit petits po\u00e8mes de Brest et d'ailleurs.\r","authors":["Herv\u00e9 El\u00e9ouet"],"category_codes":["1000000","1090000"],"visuals":{"large":"https:\/\/images.epagine.fr\/016\/9791093300016_1_75.jpg","medium":"https:\/\/images.epagine.fr\/016\/9791093300016_1_m.jpg","thumbnail":"https:\/\/images.epagine.fr\/016\/9791093300016_1_v.jpg"},"orderable":true,"show_badge":true,"formatted_price":"10,00&nbsp;\u20ac","formatted_published_date":"30 novembre 2014","publisher_availability_label":"Sur commande","short_details":"Herv\u00e9 El\u00e9ouet \u2014 Le Fantome Des Hortensias","translator":null,"weight":72,"page_count":70,"readership":null,"editor":"Le Fantome Des Hortensias","price":1000,"published_date":"2014-11-29T23:00:00.000000Z","support":"Grand format","publisher_availability":1,"stock":0,"editions":[],"url":"https:\/\/quaidesbrumes.com\/ouvrage\/9791093300016\/algebre"},{"id":"9791093300023","title":"Cui-cui, po\u00e8mes sans oiseaux","description":"Seize po\u00e8mes volatiles.\r","authors":["Herv\u00e9 El\u00e9ouet"],"category_codes":["1000000","1090000"],"visuals":{"large":"https:\/\/images.epagine.fr\/023\/9791093300023_1_75.jpg","medium":"https:\/\/images.epagine.fr\/023\/9791093300023_1_m.jpg","thumbnail":"https:\/\/images.epagine.fr\/023\/9791093300023_1_v.jpg"},"orderable":true,"show_badge":true,"formatted_price":"8,00&nbsp;\u20ac","formatted_published_date":"30 novembre 2014","publisher_availability_label":"Sur commande","short_details":"Herv\u00e9 El\u00e9ouet \u2014 Le Fantome Des Hortensias","translator":null,"weight":40,"page_count":34,"readership":null,"editor":"Le Fantome Des Hortensias","price":800,"published_date":"2014-11-29T23:00:00.000000Z","support":"Grand format","publisher_availability":1,"stock":0,"editions":[],"url":"https:\/\/quaidesbrumes.com\/ouvrage\/9791093300023\/cui-cui-poemes-sans-oiseaux"},{"id":"9782332832337","title":"Bloc d'acrostiches","description":"Il n'y a que dans les romans que les choses se terminent d'une fa\u00e7on logique, o\u00f9 le sort de chacun est r\u00e9v\u00e9l\u00e9 au lecteur, o\u00f9 le sens des pens\u00e9es et des actes est limpide. Et, pour celui qui \u00e9crit ses m\u00e9moires, s'il n'y veut rien ajouter de fictif, il n'a d'autres ressources que de d\u00e9livrer ces faits tels qu'il les a v\u00e9cus. Dans la po\u00e9sie, il en va presque autrement. Le sens des pens\u00e9es et des actes est souvent exprim\u00e9 \u00e0 travers un langage imag\u00e9, tel que dans notre intitul\u00e9 Bloc d'acrostiches.\r\n Ici, certains \u00e9v\u00e9nements tragiques, ayant eu lieu entre 1997 et 2000 dans le nord du Katanga, sont retrac\u00e9s. L'auteur y m\u00e9lange merveilleux et l\u00e9gende.\r","authors":["Ernest Kitwa-maloba"],"category_codes":["1000000","1090000"],"visuals":{"large":"https:\/\/images.epagine.fr\/337\/9782332832337_1_75.jpg","medium":"https:\/\/images.epagine.fr\/337\/9782332832337_1_m.jpg","thumbnail":"https:\/\/images.epagine.fr\/337\/9782332832337_1_v.jpg"},"orderable":true,"show_badge":true,"formatted_price":"10,50&nbsp;\u20ac","formatted_published_date":"20 novembre 2014","publisher_availability_label":"Sur commande","short_details":"Ernest Kitwa-maloba \u2014 Edilivre","translator":null,"weight":138,"page_count":60,"readership":null,"editor":"Edilivre","price":1050,"published_date":"2014-11-19T23:00:00.000000Z","support":"Grand format","publisher_availability":1,"stock":0,"editions":[],"url":"https:\/\/quaidesbrumes.com\/ouvrage\/9782332832337\/bloc-dacrostiches"},{"id":"9791093198187","title":"Vide","description":"\u00ab\u00a0Vide\u00a0\u00bb est un recueil en forme de cri d'une g\u00e9n\u00e9ration d\u00e9sabus\u00e9e. Les textes sont tour \u00e0 tour graves, lourds de sens, ou m\u00eame plus en finesse. On prend les phrases comme des coups de poing (\u00ab1000\u00bb et \u00ab\u00a0Vide\u00a0\u00bb), puis l'on sourit en se disant que nous aussi, on a une personne comme cela autour de nous (\u00abMon ami\u00a0\u00bb).\r","authors":["Mitch"],"category_codes":["1000000","1090000","1090600"],"visuals":{"large":"https:\/\/images.epagine.fr\/187\/9791093198187_1_75.jpg","medium":"https:\/\/images.epagine.fr\/187\/9791093198187_1_m.jpg","thumbnail":"https:\/\/images.epagine.fr\/187\/9791093198187_1_v.jpg"},"orderable":true,"show_badge":true,"formatted_price":"7,00&nbsp;\u20ac","formatted_published_date":"20 novembre 2014","publisher_availability_label":"Sur commande","short_details":"Mitch \u2014 Hugues Facorat","translator":null,"weight":90,"page_count":68,"readership":null,"editor":"Hugues Facorat","price":700,"published_date":"2014-11-19T23:00:00.000000Z","support":"Grand format","publisher_availability":1,"stock":0,"editions":[],"url":"https:\/\/quaidesbrumes.com\/ouvrage\/9791093198187\/vide"}]}