{"data":[{"id":"9782952935555","title":"Memoire de coeur","description":null,"authors":["Coralie Folloni"],"category_codes":["1000000","1090000"],"visuals":{"large":"https:\/\/quaidesbrumes.com\/img\/book-placeholder.png","medium":"https:\/\/quaidesbrumes.com\/img\/book-placeholder.png","thumbnail":"https:\/\/quaidesbrumes.com\/img\/book-placeholder.png"},"orderable":true,"show_badge":true,"formatted_price":"13,00&nbsp;\u20ac","formatted_published_date":"7 mai 2014","publisher_availability_label":"Sur commande","short_details":"Coralie Folloni \u2014 Coralie Folloni","translator":null,"weight":120,"page_count":null,"readership":null,"editor":"Coralie Folloni","price":1300,"published_date":"2014-05-06T22:00:00.000000Z","support":"Grand format","publisher_availability":1,"stock":0,"editions":[],"url":"https:\/\/quaidesbrumes.com\/ouvrage\/9782952935555\/memoire-de-coeur"},{"id":"9782849243831","title":"Guerisons fatales","description":null,"authors":["Micallef J-L"],"category_codes":["1000000","1090000"],"visuals":{"large":"https:\/\/quaidesbrumes.com\/img\/book-placeholder.png","medium":"https:\/\/quaidesbrumes.com\/img\/book-placeholder.png","thumbnail":"https:\/\/quaidesbrumes.com\/img\/book-placeholder.png"},"orderable":true,"show_badge":true,"formatted_price":"12,00&nbsp;\u20ac","formatted_published_date":"13 octobre 2014","publisher_availability_label":"Sur commande","short_details":"Micallef J-L \u2014 Editions Du Cygne","translator":null,"weight":200,"page_count":null,"readership":null,"editor":"Editions Du Cygne","price":1200,"published_date":"2014-10-12T22:00:00.000000Z","support":"Grand format","publisher_availability":1,"stock":0,"editions":[],"url":"https:\/\/quaidesbrumes.com\/ouvrage\/9782849243831\/guerisons-fatales"},{"id":"9782336303208","title":"Feuilletons des colonies bourbon Tome 2 ; des po\u00e8mes et feuilletons pour d\u00e9couvrir l'Histoire des Iles-Soeurs Bourbon et Maurice et pour suivre les abolitions de l'esclavage en marche","description":"Ce volume donne \u00e0 d\u00e9couvrir les po\u00e8mes \u00e9crits par les Cr\u00e9oles et Europ\u00e9ens de Bourbon et imprim\u00e9s dans la presse bourbonnaise de 1820 \u00e0 1848. Des commentaires \u00e9clairent les allusions aux personnages et faits historiques. Ces feuilletons t\u00e9moignent des mentalit\u00e9s coloniales en m\u00eame temps qu'ils tournent une page de l'Histoire r\u00e9unionnaise, cl\u00f4turant le chapitre de la soci\u00e9t\u00e9 esclavagiste de Bourbon.","authors":["Fabienne Jean-baptiste"],"category_codes":["1000000","1090000"],"visuals":{"large":"https:\/\/images.epagine.fr\/208\/9782336303208_1_75.jpg","medium":"https:\/\/images.epagine.fr\/208\/9782336303208_1_m.jpg","thumbnail":"https:\/\/images.epagine.fr\/208\/9782336303208_1_v.jpg"},"orderable":true,"show_badge":true,"formatted_price":"24,00&nbsp;\u20ac","formatted_published_date":"30 octobre 2014","publisher_availability_label":"Sur commande","short_details":"Fabienne Jean-baptiste \u2014 \u00c9ditions L'Harmattan","translator":null,"weight":270,"page_count":220,"readership":null,"editor":"\u00c9ditions L'Harmattan","price":2400,"published_date":"2014-10-29T23:00:00.000000Z","support":"Grand format","publisher_availability":1,"stock":0,"editions":[],"url":"https:\/\/quaidesbrumes.com\/ouvrage\/9782336303208\/feuilletons-des-colonies-bourbon-tome-2-des-poemes-et-feuilletons-pour-decouvrir-lhistoire-des-iles-soeurs-bourbon-et-maurice-et-pour-suivre-les-abolitions-de-lesclavage-en-marche"},{"id":"9782312026336","title":"Au pas du jour","description":"Troisi\u00e8me recueil de po\u00e8mes aux \"\u00e9ditions du net \", peut-\u00eatre l'attention y est-elle plus exerc\u00e9e plus mesur\u00e9e certainement mieux convertie aux choses.","authors":["Robert Hamon"],"category_codes":["1000000","1090000"],"visuals":{"large":"https:\/\/images.epagine.fr\/336\/9782312026336_1_75.jpg","medium":"https:\/\/images.epagine.fr\/336\/9782312026336_1_m.jpg","thumbnail":"https:\/\/images.epagine.fr\/336\/9782312026336_1_v.jpg"},"orderable":true,"show_badge":true,"formatted_price":"11,00&nbsp;\u20ac","formatted_published_date":"3 novembre 2014","publisher_availability_label":"Sur commande","short_details":"Robert Hamon \u2014 Editions du Net","translator":null,"weight":133,"page_count":124,"readership":null,"editor":"Editions du Net","price":1100,"published_date":"2014-11-02T23:00:00.000000Z","support":"Poche","publisher_availability":1,"stock":0,"editions":[],"url":"https:\/\/quaidesbrumes.com\/ouvrage\/9782312026336\/au-pas-du-jour"},{"id":"9782312025414","title":"Chat-lune","description":"Recueil de po\u00e9sies de style classique et n\u00e9o classique principalement","authors":["Francis Vaquette"],"category_codes":["1000000","1090000"],"visuals":{"large":"https:\/\/images.epagine.fr\/414\/9782312025414_1_75.jpg","medium":"https:\/\/images.epagine.fr\/414\/9782312025414_1_m.jpg","thumbnail":"https:\/\/images.epagine.fr\/414\/9782312025414_1_v.jpg"},"orderable":true,"show_badge":true,"formatted_price":"13,00&nbsp;\u20ac","formatted_published_date":"3 novembre 2014","publisher_availability_label":"Sur commande","short_details":"Francis Vaquette \u2014 Editions du Net","translator":null,"weight":169,"page_count":93,"readership":null,"editor":"Editions du Net","price":1300,"published_date":"2014-11-02T23:00:00.000000Z","support":"Grand format","publisher_availability":1,"stock":0,"editions":[],"url":"https:\/\/quaidesbrumes.com\/ouvrage\/9782312025414\/chat-lune"},{"id":"9782312025391","title":"La part de l'ombre","description":"Dans ses livres, Monique Ruffi\u00e9 articule assez souvent po\u00e9sie et autobiographie. La Part de l'ombre s'inscrit pr\u00e9cis\u00e9ment dans cette d\u00e9marche puisque nous y sont livr\u00e9es, sous la forme exigeante du sonnet (sauf pour le dernier po\u00e8me, compos\u00e9 d'une suite de quatrains), nombre de r\u00e9flexions et d'exp\u00e9riences flirtant fr\u00e9quemment avec l'intime. L'essentiel est ici, on le voit, l'existence de l'\u00eatre, avec ses composantes les plus fondamentales, depuis la vie foetale jusqu'\u00e0 la mort et m\u00eame, au-del\u00e0, avec les rites fun\u00e9raires. Entre l'\u00e9vocation du pass\u00e9, par le truchement de souvenirs, et celle d'un futur en projets, les relations familiales ourdissent aussi la trame d'un tissu culturel et artistique que l'auteur explore, en toute libert\u00e9, \u00e0 l'aune de sa cr\u00e9ation po\u00e9tique.","authors":["Monique Ruffi\u00e9"],"category_codes":["1000000","1090000"],"visuals":{"large":"https:\/\/images.epagine.fr\/391\/9782312025391_1_75.jpg","medium":"https:\/\/images.epagine.fr\/391\/9782312025391_1_m.jpg","thumbnail":"https:\/\/images.epagine.fr\/391\/9782312025391_1_v.jpg"},"orderable":true,"show_badge":true,"formatted_price":"14,00&nbsp;\u20ac","formatted_published_date":"30 octobre 2014","publisher_availability_label":"Sur commande","short_details":"Monique Ruffi\u00e9 \u2014 Editions du Net","translator":null,"weight":145,"page_count":84,"readership":null,"editor":"Editions du Net","price":1400,"published_date":"2014-10-29T23:00:00.000000Z","support":"Grand format","publisher_availability":1,"stock":0,"editions":[],"url":"https:\/\/quaidesbrumes.com\/ouvrage\/9782312025391\/la-part-de-lombre"},{"id":"9782343047027","title":"Rose crucifi\u00e9e","description":"Ce receil de po\u00e8mes nous fait comprendre que le po\u00e8te, non seulement gu\u00e9rit des maux de l'\u00e2me \u00e0 l'aide des mots, mais qu'il est aussi le h\u00e9raut de Dieu. La po\u00e9sie, comme la th\u00e9ologie, se fait au pied de la croix. En contemplant la croix, le po\u00e8te d\u00e9couvre la beaut\u00e9 de l'amour infini de Dieu pour l'humanit\u00e9, beaut\u00e9 semblable \u00e0 celle de la rose. D'o\u00f9 le titre: Rose crucifi\u00e9e.","authors":["Neil davis Batchi"],"category_codes":["1000000","1090000"],"visuals":{"large":"https:\/\/images.epagine.fr\/027\/9782343047027_1_75.jpg","medium":"https:\/\/images.epagine.fr\/027\/9782343047027_1_m.jpg","thumbnail":"https:\/\/images.epagine.fr\/027\/9782343047027_1_v.jpg"},"orderable":true,"show_badge":true,"formatted_price":"12,50&nbsp;\u20ac","formatted_published_date":"5 novembre 2014","publisher_availability_label":"Sur commande","short_details":"Neil davis Batchi \u2014 \u00c9ditions L'Harmattan","translator":null,"weight":115,"page_count":86,"readership":null,"editor":"\u00c9ditions L'Harmattan","price":1250,"published_date":"2014-11-04T23:00:00.000000Z","support":"Grand format","publisher_availability":1,"stock":0,"editions":[],"url":"https:\/\/quaidesbrumes.com\/ouvrage\/9782343047027\/rose-crucifiee"},{"id":"9782332778666","title":"R\u00e9surrection","description":"Des vers qui ne cessent pas de r\u00e9p\u00e9ter la lib\u00e9ration, des vers du bonheur neuf fa\u00e7onn\u00e9s par l'oubli. Une po\u00e9sie qui pourrait ne jamais se terminer, po\u00e9sie qui acc\u00e9l\u00e8re semant sur sa route insens\u00e9e les petits mots qui n'auraient pour effet que de la ralentir, de la neutraliser parce qu'elle ne peut \u00eatre que mouvement. Une po\u00e9sie des mots qui se bousculent et s'entrechoquent, po\u00e9sie de l'enfant enfin retrouv\u00e9, loin d\u00e9sormais du soleil \u00e9blouissant de la r\u00e9alit\u00e9 frauduleuse qui l'aveuglait et lui faisait d\u00e9tourner les yeux alors que, derri\u00e8re le rideau livide, s'amor\u00e7ait une route r\u00e9elle, cette route qui l'attendait depuis toujours et sur laquelle il a cess\u00e9 de mourir.","authors":["Jean-claude de Miras"],"category_codes":["1000000","1090000"],"visuals":{"large":"https:\/\/images.epagine.fr\/666\/9782332778666_1_75.jpg","medium":"https:\/\/images.epagine.fr\/666\/9782332778666_1_m.jpg","thumbnail":"https:\/\/images.epagine.fr\/666\/9782332778666_1_v.jpg"},"orderable":true,"show_badge":true,"formatted_price":"10,00&nbsp;\u20ac","formatted_published_date":"4 novembre 2014","publisher_availability_label":"Sur commande","short_details":"Jean-claude de Miras \u2014 Edilivre","translator":null,"weight":128,"page_count":54,"readership":null,"editor":"Edilivre","price":1000,"published_date":"2014-11-03T23:00:00.000000Z","support":"Grand format","publisher_availability":1,"stock":0,"editions":[],"url":"https:\/\/quaidesbrumes.com\/ouvrage\/9782332778666\/resurrection"},{"id":"9782859271114","title":"Cansos, planhs e sirventes","description":"4\u00e8me DE COUVERTURE :\r\nN\u00e9 \u00e0 Castres en 1924, Gaston Puel v\u00e9cut dans son pays natal, l'Albigeois et le Castrais, qu'il d\u00e9nommait avec fiert\u00e9 et d\u00e9lectation \u00ab le comt\u00e9 de Toulouse \u00bb.\r\nIl fut libraire, et \u00e9diteur des plus grands : Tzara, Ren\u00e9 Nelli, Jo\u00eb Bousquet, Ren\u00e9 Char, Guillevic, Michel Butor, etc. Mais d'abord po\u00e8te, largement reconnu dans le paysage des lettres fran\u00e7aises. Citons Ce Chant entre deux astres, D'un Lien mortel, Le cinqui\u00e8me Ch\u00e2teau, Carnets de Veilhes, Le fin Mot, L'\u00c2me errante et ses attaches.\r\nGrand lecteur des troubadours et de ses contemporains en langue d'oc, il insistera sur l'interdit que fit peser sa famille sur l'usage de la langue d'oc, encore bien vivante dans l'oralit\u00e9. Ce sera l'une des d\u00e9plorations de sa vie.\r\nCette anthologie est n\u00e9e de sa rencontre avec le po\u00e8te occitan Jean-Marie Petit, qui dira de leur compagnonnage :\r\n\u00ab L'oeuvre de Gaston Puel est souvent nourrie d'allusions \u00e0 sa culture sacrifi\u00e9e, nourrie d'alluvions ; cela va de la po\u00e9sie amoureuse des troubadours, hautement c\u00e9l\u00e9br\u00e9e, au l\u00e9gendaire historique occitan... La parole est fran\u00e7aise mais souvent l'esprit (\u00ab l'\u00e8ime \u00bb) est d'oc, consciemment ou inconsciemment...\r\nC'est ainsi que je suis venu \u00e0 lui et qu'il est venu \u00e0 moi. \u00bb Texte original fran\u00e7ais traduit en occitan par Jean-Marie Petit.","authors":["Gaston Puel"],"category_codes":["1000000","1090000"],"visuals":{"large":"https:\/\/images.epagine.fr\/114\/9782859271114_1_75.jpg","medium":"https:\/\/images.epagine.fr\/114\/9782859271114_1_m.jpg","thumbnail":"https:\/\/images.epagine.fr\/114\/9782859271114_1_v.jpg"},"orderable":true,"show_badge":true,"formatted_price":"12,00&nbsp;\u20ac","formatted_published_date":"13 septembre 2014","publisher_availability_label":"Sur commande","short_details":"Gaston Puel \u2014 Vent Terral","translator":null,"weight":210,"page_count":96,"readership":null,"editor":"Vent Terral","price":1200,"published_date":"2014-09-12T22:00:00.000000Z","support":"Grand format","publisher_availability":1,"stock":0,"editions":[],"url":"https:\/\/quaidesbrumes.com\/ouvrage\/9782859271114\/cansos-planhs-e-sirventes"},{"id":"9782343048215","title":"Livre des montagnes pa\u00efennes ; carnets retrouv\u00e9s de Val\u00e9re M\u00e9ziers","description":"Ce livre est le livre d'une pause, d'une derni\u00e8re parenth\u00e8se au milieu des ann\u00e9es passablement troubl\u00e9es qui conclurent la vie du po\u00e8te Val\u00e8re M\u00e9ziers, notre ami. Il rapporte les impressions lumineuses que Val\u00e8re re\u00e7ut de sa d\u00e9couverte des montagnes et des Vosges. Le texte pr\u00e9sent\u00e9 ici pour la premi\u00e8re fois a \u00e9t\u00e9 \u00e9tabli \u00e0 partir de carnets retrouv\u00e9s au dernier domicile connu de Val\u00e8re, \u00e0 Givans.","authors":["Damien Berdot"],"category_codes":["1000000","1090000"],"visuals":{"large":"https:\/\/images.epagine.fr\/215\/9782343048215_1_75.jpg","medium":"https:\/\/images.epagine.fr\/215\/9782343048215_1_m.jpg","thumbnail":"https:\/\/images.epagine.fr\/215\/9782343048215_1_v.jpg"},"orderable":true,"show_badge":true,"formatted_price":"12,50&nbsp;\u20ac","formatted_published_date":"6 novembre 2014","publisher_availability_label":"Sur commande","short_details":"Damien Berdot \u2014 \u00c9ditions L'Harmattan","translator":null,"weight":120,"page_count":86,"readership":null,"editor":"\u00c9ditions L'Harmattan","price":1250,"published_date":"2014-11-05T23:00:00.000000Z","support":"Grand format","publisher_availability":1,"stock":0,"editions":[],"url":"https:\/\/quaidesbrumes.com\/ouvrage\/9782343048215\/livre-des-montagnes-paiennes-carnets-retrouves-de-valere-meziers"},{"id":"9782343044057","title":"D\u00e9sordres et survivances","description":"Slam et po\u00e9sie se rencontrent dans ce recueil. Le cri d'urgence et la spontan\u00e9it\u00e9 engag\u00e9e de l'un compl\u00e8tent la rigueur et la litt\u00e9rarit\u00e9 \u00e9pur\u00e9e de l'autre. Ces textes t\u00e9moignent d'une vive prise de conscience et pr\u00f4nent, malgr\u00e9 les noirs d\u00e9sordres, voire d\u00e9sastres, une relation harmonieuse avec soi, l'autre et l'univers. Par un regard lumineux et scrutateur, Bernard Anton saisit avec des images limpides la po\u00e9sie et l'\u00e9motion cach\u00e9es derri\u00e8re les choses et les mots.","authors":["Bernard ben Anton"],"category_codes":["1000000","1090000"],"visuals":{"large":"https:\/\/images.epagine.fr\/057\/9782343044057_1_75.jpg","medium":"https:\/\/images.epagine.fr\/057\/9782343044057_1_m.jpg","thumbnail":"https:\/\/images.epagine.fr\/057\/9782343044057_1_v.jpg"},"orderable":true,"show_badge":true,"formatted_price":"14,50&nbsp;\u20ac","formatted_published_date":"21 octobre 2014","publisher_availability_label":"Sur commande","short_details":"Bernard ben Anton \u2014 \u00c9ditions L'Harmattan","translator":null,"weight":160,"page_count":126,"readership":null,"editor":"\u00c9ditions L'Harmattan","price":1450,"published_date":"2014-10-20T22:00:00.000000Z","support":"Grand format","publisher_availability":1,"stock":0,"editions":[],"url":"https:\/\/quaidesbrumes.com\/ouvrage\/9782343044057\/desordres-et-survivances"},{"id":"9782368681565","title":"\u00e9tapes lumineuses, la vie du proph\u00e8te Mohamed ; que le salut d'Allah soit sur lui","description":"\u00ab Certains lecteurs seront peut-\u00eatre surpris de me voir placer Muhammed en t\u00eate des personnalit\u00e9s ayant exerc\u00e9 le plus \r\nd'influence dans le monde, et d'autres contesteront probablement mon choix. Cependant, Muhammed est le seul homme au monde qui ait r\u00e9ussi par excellence sur les deux plans : religieux et s\u00e9culier. \u00bb\r\nMichael H.Hart, the 100 : A.Ranking of the Most Influential in \r\nHistory, New York : Hart Publishing company, Inc. 1978, p.33\r\n\u00ab Il est impossible, pour quelqu'un qui \u00e9tudie la vie et le caract\u00e8re du grand Proph\u00e8te d'Arabie, pour quelqu'un qui sait comment il enseignait et comment il vivait, d'avoir d'autre sentiment que le \r\nrespect pour ce Proph\u00e8te prodigieux, un des Grands Messagers de l'Etre Supr\u00eame. Et m\u00eame si ses discours contiennent bien des choses qui sont famili\u00e8res \u00e0 beaucoup d'entre vous, chaque fois que \r\nmoi-m\u00eame je les relis, je sens monter en moi une nouvelle vague d'admiration, un nouveau sentiment de r\u00e9v\u00e9rence, pour ce \r\nprodigieux grand ma\u00eetre arabe. \u00bb\r\nAnnie Besant : \" The Life and teacchings of Muhammed Madras \", 1932 p.4\r\n\u00ab Mo\u00efse a proclam\u00e9 la religion de Dieu \u00e0 son peuple, J\u00e9sus au monde romain, tandis que Mouhammed a fait conna\u00eetre au monde la foi en un seul Dieu qui est le Dieu d'Abraham, de Mo\u00efse et de J\u00e9sus. \u00bb \r\nNapol\u00e9on Bonaparte.","authors":["Ahmed Derdour"],"category_codes":["1000000","1090000","1090300"],"visuals":{"large":"https:\/\/images.epagine.fr\/565\/9782368681565_1_75.jpg","medium":"https:\/\/images.epagine.fr\/565\/9782368681565_1_m.jpg","thumbnail":"https:\/\/images.epagine.fr\/565\/9782368681565_1_v.jpg"},"orderable":true,"show_badge":true,"formatted_price":"17,00&nbsp;\u20ac","formatted_published_date":"20 octobre 2014","publisher_availability_label":"Sur commande","short_details":"Ahmed Derdour \u2014 Stellamaris","translator":null,"weight":238,"page_count":187,"readership":null,"editor":"Stellamaris","price":1700,"published_date":"2014-10-19T22:00:00.000000Z","support":"Grand format","publisher_availability":1,"stock":0,"editions":[],"url":"https:\/\/quaidesbrumes.com\/ouvrage\/9782368681565\/etapes-lumineuses-la-vie-du-prophete-mohamed-que-le-salut-dallah-soit-sur-lui"},{"id":"9782343047584","title":"Terre multiple","description":"Apr\u00e8s la c\u00e9l\u00e9bration de l'eau, c'est \u00e0 la terre, autre \u00e9l\u00e9ment fondamental du monde, que l'auteur rend hommage. C'est cette terre multiple, \u00e0 la fois cosmique, charg\u00e9e de myst\u00e8re et lieu des hommes, qui nous fait vivre et nous aide \u00e0 vivre. Nous l'habitons temporellement et int\u00e9rieurement, terre d'h\u00e9ritage ou terre d'\u00e9lection.","authors":["Suzanne M\u00e9riaux"],"category_codes":["1000000","1090000"],"visuals":{"large":"https:\/\/images.epagine.fr\/584\/9782343047584_1_75.jpg","medium":"https:\/\/images.epagine.fr\/584\/9782343047584_1_m.jpg","thumbnail":"https:\/\/images.epagine.fr\/584\/9782343047584_1_v.jpg"},"orderable":true,"show_badge":true,"formatted_price":"11,00&nbsp;\u20ac","formatted_published_date":"10 novembre 2014","publisher_availability_label":"Sur commande","short_details":"Suzanne M\u00e9riaux \u2014 \u00c9ditions L'Harmattan","translator":null,"weight":100,"page_count":66,"readership":null,"editor":"\u00c9ditions L'Harmattan","price":1100,"published_date":"2014-11-09T23:00:00.000000Z","support":"Grand format","publisher_availability":1,"stock":0,"editions":[],"url":"https:\/\/quaidesbrumes.com\/ouvrage\/9782343047584\/terre-multiple"},{"id":"9782849243879","title":"Le soleil et la lune","description":null,"authors":["Edith Tequextle Ana"],"category_codes":["1000000","1090000"],"visuals":{"large":"https:\/\/quaidesbrumes.com\/img\/book-placeholder.png","medium":"https:\/\/quaidesbrumes.com\/img\/book-placeholder.png","thumbnail":"https:\/\/quaidesbrumes.com\/img\/book-placeholder.png"},"orderable":true,"show_badge":true,"formatted_price":"10,00&nbsp;\u20ac","formatted_published_date":"12 novembre 2014","publisher_availability_label":"Sur commande","short_details":"Edith Tequextle Ana \u2014 Editions Du Cygne","translator":null,"weight":150,"page_count":null,"readership":null,"editor":"Editions Du Cygne","price":1000,"published_date":"2014-11-11T23:00:00.000000Z","support":"Grand format","publisher_availability":1,"stock":0,"editions":[],"url":"https:\/\/quaidesbrumes.com\/ouvrage\/9782849243879\/le-soleil-et-la-lune"},{"id":"9782312028750","title":"Des verbes \u00e0 ma vie","description":"\"J'aimerais \u00eatre un grain de sable Us\u00e9 par la douceur du vent Petit grain br\u00fblant et instable Expos\u00e9 \u00e0 la ronde du temps. J'aimerais sentir le soleil Lumineux et charnel...\" \"Tant\u00f4t fondante, \u00e0 croquer, Un soup\u00e7on de go\u00fbt de miel, Je le laisse me d\u00e9guster, Comme un tendre Caramel...\" \"Combien de fois m'as-tu \u00e9crit, Prends soin de toi, prot\u00e8ge-toi bien, Combien de fois je t'ai menti Te faisant croire que j'allais bien... \r\nMais on n'trompe pas son ange gardien...\" Extraits de chansons fran\u00e7aises originales dont je suis l'auteure, pour mettre des verbes \u00e0 ma vie.","authors":["Sandrine Mille"],"category_codes":["1000000","1090000"],"visuals":{"large":"https:\/\/images.epagine.fr\/750\/9782312028750_1_75.jpg","medium":"https:\/\/images.epagine.fr\/750\/9782312028750_1_m.jpg","thumbnail":"https:\/\/images.epagine.fr\/750\/9782312028750_1_v.jpg"},"orderable":true,"show_badge":true,"formatted_price":"13,00&nbsp;\u20ac","formatted_published_date":"19 novembre 2014","publisher_availability_label":"Sur commande","short_details":"Sandrine Mille \u2014 Editions du Net","translator":null,"weight":385,"page_count":null,"readership":null,"editor":"Editions du Net","price":1300,"published_date":"2014-11-18T23:00:00.000000Z","support":"Grand format","publisher_availability":1,"stock":0,"editions":[],"url":"https:\/\/quaidesbrumes.com\/ouvrage\/9782312028750\/des-verbes-a-ma-vie"},{"id":"9782350739298","title":"Femme d'argile","description":"Dans ce recueil le vent s'accorde aux mots et le voyage commence. Un voyage vers l'int\u00e9rieur, sensible et sinc\u00e8re. Un voyage vers l'Autre. Destination la Terre, destination mes Fr\u00e8res.","authors":["Josianne Maudet"],"category_codes":["1000000","1090000","1090600"],"visuals":{"large":"https:\/\/images.epagine.fr\/298\/9782350739298_1_75.jpg","medium":"https:\/\/images.epagine.fr\/298\/9782350739298_1_m.jpg","thumbnail":"https:\/\/images.epagine.fr\/298\/9782350739298_1_v.jpg"},"orderable":true,"show_badge":true,"formatted_price":"8,00&nbsp;\u20ac","formatted_published_date":"27 novembre 2014","publisher_availability_label":"Sur commande","short_details":"Josianne Maudet \u2014 Presses Litteraires","translator":null,"weight":80,"page_count":54,"readership":null,"editor":"Presses Litteraires","price":800,"published_date":"2014-11-26T23:00:00.000000Z","support":"Grand format","publisher_availability":1,"stock":0,"editions":[],"url":"https:\/\/quaidesbrumes.com\/ouvrage\/9782350739298\/femme-dargile"},{"id":"9783849549923","title":"Rocs en roles","description":"H.Elle se tient ici, pleinement d\u00e9vou\u00e9eSes yeux au ciel buvant le bleuLe vent de la garrigue entourant son visageSes cheveux emport\u00e9s vers l'Est, dans la lumi\u00e8re vacillanteLa robe touche l\u00e9g\u00e8rement au sol, frouss\u00e9eOn dirait que la pierre fait c\u00e2lin \u00e0 la pierre.Elle est enfouie mais pas cach\u00e9e -Son corps de pierre sur le Soleil align\u00e9 D'une beaut\u00e9 majestueuse aux abords de CollorguesElle irradie d'amour, sans trace de souciPlein de pierres en une, une femme de pierreMalgr\u00e9 tout apr\u00e8s la nuit, les rochers sont toujours gris.","authors":["Christie B"],"category_codes":["1000000","1090000"],"visuals":{"large":"https:\/\/images.epagine.fr\/923\/9783849549923_1_75.jpg","medium":"https:\/\/images.epagine.fr\/923\/9783849549923_1_m.jpg","thumbnail":"https:\/\/images.epagine.fr\/923\/9783849549923_1_v.jpg"},"orderable":true,"show_badge":true,"formatted_price":"17,80&nbsp;\u20ac","formatted_published_date":"11 juin 2013","publisher_availability_label":"Sur commande","short_details":"Christie B \u2014 TREDITION","translator":null,"weight":140,"page_count":null,"readership":null,"editor":"TREDITION","price":1780,"published_date":"2013-06-10T22:00:00.000000Z","support":"Grand format","publisher_availability":1,"stock":0,"editions":[],"url":"https:\/\/quaidesbrumes.com\/ouvrage\/9783849549923\/rocs-en-roles"},{"id":"9782322039104","title":"Des parcelles d'espoir \u00e0 l'\u00e9cho de ce monde ; texte du po\u00e8me d'un kilom\u00e8tre de long","description":"Ce livre vous propose la transcription d'un po\u00e8me. Un seul. Un po\u00e8me d'un kilom\u00e8tre de long \u00e9crit \u00e0 l'origine sur un immense rouleau de tissu. Ce po\u00e8me acrostiche fut compos\u00e9 par Patrick Huet sur le texte complet de la D\u00e9claration Universelle des Droits de l'Homme. Chaque lettre de cette D\u00e9claration repr\u00e9sente l'initiale d'un vers. On peut donc d\u00e9couvrir tout le texte de la D\u00e9claration en lisant les initiales de chaque ligne de haut en bas. \r\nUne oeuvre titanesque, en alexandrins. Elle repr\u00e9sente aussi un point de vue po\u00e9tique sur l'Histoire de l'Homme et des droits du peuple des Hommes \u00e0 travers les mill\u00e9naires jusqu'\u00e0 notre \u00e9poque.","authors":["Patrick Huet"],"category_codes":["1000000","1090000","1090600"],"visuals":{"large":"https:\/\/images.epagine.fr\/104\/9782322039104_1_75.jpg","medium":"https:\/\/images.epagine.fr\/104\/9782322039104_1_m.jpg","thumbnail":"https:\/\/images.epagine.fr\/104\/9782322039104_1_v.jpg"},"orderable":true,"show_badge":true,"formatted_price":"75,50&nbsp;\u20ac","formatted_published_date":"21 novembre 2014","publisher_availability_label":"Sur commande","short_details":"Patrick Huet \u2014 Books on Demand","translator":null,"weight":1401,"page_count":404,"readership":null,"editor":"Books on Demand","price":7550,"published_date":"2014-11-20T23:00:00.000000Z","support":"Grand format","publisher_availability":1,"stock":0,"editions":[],"url":"https:\/\/quaidesbrumes.com\/ouvrage\/9782322039104\/des-parcelles-despoir-a-lecho-de-ce-monde-texte-du-poeme-dun-kilometre-de-long"},{"id":"9782322011483","title":"Extraits choisis du po\u00e8me d un kilom\u00e8tre de long","description":"Cet ouvrage pr\u00e9sente le d\u00e9but du po\u00e8me g\u00e9ant d'un kilom\u00e8tre de long.\r\n\r\nCe po\u00e8me acrostiche fut compos\u00e9 par Patrick Huet sur le texte complet de la D\u00e9claration Universelle des Droits de l'Homme. Chaque lettre de cette D\u00e9claration repr\u00e9sente l'initiale d'un vers. On peut donc d\u00e9couvrir tout le texte de la D\u00e9claration en lisant les initiales de chaque ligne de haut en bas.\r\n\r\nUne oeuvre titanesque, en alexandrins, qui fut r\u00e9dig\u00e9e \u00e0 l'origine sur un rouleau de tissu d'un kilom\u00e8tre de long.\r\n\r\nElle repr\u00e9sente aussi un point de vue po\u00e9tique sur l'Histoire de l'Homme et des droits du peuple des Hommes \u00e0 travers les mill\u00e9naires jusqu'\u00e0 notre \u00e9poque.","authors":["Patrick Huet"],"category_codes":["1000000","1090000","1090600"],"visuals":{"large":"https:\/\/images.epagine.fr\/483\/9782322011483_1_75.jpg","medium":"https:\/\/images.epagine.fr\/483\/9782322011483_1_m.jpg","thumbnail":"https:\/\/images.epagine.fr\/483\/9782322011483_1_v.jpg"},"orderable":true,"show_badge":true,"formatted_price":"6,00&nbsp;\u20ac","formatted_published_date":"21 novembre 2014","publisher_availability_label":"Sur commande","short_details":"Patrick Huet \u2014 Books on Demand","translator":null,"weight":201,"page_count":40,"readership":null,"editor":"Books on Demand","price":600,"published_date":"2014-11-20T23:00:00.000000Z","support":"Grand format","publisher_availability":1,"stock":0,"editions":[],"url":"https:\/\/quaidesbrumes.com\/ouvrage\/9782322011483\/extraits-choisis-du-poeme-d-un-kilometre-de-long"},{"id":"9782322011124","title":"Gouttes d'\u00e2me","description":"Mon \u00e2me s'\u00e9coule, cloche d'alarme, Emoi gliss\u00e9 du ciel, fr\u00e9tillant jusqu'\u00e0 toi, Emperl\u00e9e par de milliers des larmes, Tr\u00e9buchant dans une gouttelette de joie.","authors":["Liz Randja"],"category_codes":["1000000","1090000","1090200"],"visuals":{"large":"https:\/\/images.epagine.fr\/124\/9782322011124_1_75.jpg","medium":"https:\/\/images.epagine.fr\/124\/9782322011124_1_m.jpg","thumbnail":"https:\/\/images.epagine.fr\/124\/9782322011124_1_v.jpg"},"orderable":true,"show_badge":true,"formatted_price":"6,99&nbsp;\u20ac","formatted_published_date":"25 novembre 2014","publisher_availability_label":"Sur commande","short_details":"Liz Randja \u2014 Books on Demand","translator":null,"weight":201,"page_count":176,"readership":null,"editor":"Books on Demand","price":699,"published_date":"2014-11-24T23:00:00.000000Z","support":"Grand format","publisher_availability":1,"stock":0,"editions":[],"url":"https:\/\/quaidesbrumes.com\/ouvrage\/9782322011124\/gouttes-dame"},{"id":"9782849247723","title":"Ra\u00efna","description":"Le recueil de po\u00e9sie \"Ra\u00efna\" parle principalement d'amour, mais il touche aussi \u00e0 tous les autres sujets de la vie moderne et intemporelle : nature, enfance, amiti\u00e9, famille, histoire, soci\u00e9t\u00e9, dystopie, mensonges, r\u00e9volution, solidarit\u00e9, justice.","authors":["Sot\u00ecris Souli\u00f2tis"],"category_codes":["1000000","1090000"],"visuals":{"large":"https:\/\/images.epagine.fr\/723\/9782849247723_1_75.jpg","medium":"https:\/\/images.epagine.fr\/723\/9782849247723_1_m.jpg","thumbnail":"https:\/\/images.epagine.fr\/723\/9782849247723_1_v.jpg"},"orderable":true,"show_badge":true,"formatted_price":"13,00&nbsp;\u20ac","formatted_published_date":"18 f\u00e9vrier 2024","publisher_availability_label":"Sur commande","short_details":"Sot\u00ecris Souli\u00f2tis \u2014 Editions Du Cygne","translator":null,"weight":150,"page_count":72,"readership":null,"editor":"Editions Du Cygne","price":1300,"published_date":"2024-02-17T23:00:00.000000Z","support":"Grand format","publisher_availability":1,"stock":0,"editions":[],"url":"https:\/\/quaidesbrumes.com\/ouvrage\/9782849247723\/raina"},{"id":"9782322011070","title":"D'une \u00e9motion \u00e0 l'autre","description":"Les \u00e9motions, voici les th\u00e8mes abord\u00e9s dans ce cinqui\u00e8me recueil de po\u00e9sie. Je me revois il y a quelques ann\u00e9es, osant enfin, avec humilit\u00e9 et crainte, proposer \u00e0 mes lecteurs mes premiers textes. Je doutais de moi, tellement... Je doutais de leur valeur, leur int\u00e9r\u00eat... Je doutais de ma plume, la voulant plus parfaite, plus inventive, plus inspir\u00e9e... Et puis je me suis laiss\u00e9e aller au plaisir d'\u00e9crire, tout simplement. \r\nLes mots se sont encha\u00een\u00e9s, les textes se sont succ\u00e9d\u00e9s. Ces m\u00eames mots qui m'accompagnent \u00e0 pr\u00e9sent au quotidien \u00e0 travers mes diff\u00e9rents projets : romans, nouvelles, po\u00e8mes... et que je vous offre \u00e0 d\u00e9couvrir, une nouvelle fois. Ces mots qui font de moi une \u00abpasseuse d'\u00e9motions\u00bb.","authors":["Brigitte Lesigne"],"category_codes":["1000000","1090000","1090600"],"visuals":{"large":"https:\/\/images.epagine.fr\/070\/9782322011070_1_75.jpg","medium":"https:\/\/images.epagine.fr\/070\/9782322011070_1_m.jpg","thumbnail":"https:\/\/images.epagine.fr\/070\/9782322011070_1_v.jpg"},"orderable":true,"show_badge":true,"formatted_price":"17,90&nbsp;\u20ac","formatted_published_date":"12 novembre 2014","publisher_availability_label":"Sur commande","short_details":"Brigitte Lesigne \u2014 Books on Demand","translator":null,"weight":401,"page_count":96,"readership":null,"editor":"Books on Demand","price":1790,"published_date":"2014-11-11T23:00:00.000000Z","support":"Grand format","publisher_availability":1,"stock":0,"editions":[],"url":"https:\/\/quaidesbrumes.com\/ouvrage\/9782322011070\/dune-emotion-a-lautre"},{"id":"9782332841827","title":"Po\u00e8mes de mon nouvel \u00e2ge","description":"Ce recueil, qui fait l'objet d'une premi\u00e8re \u00e9dition, comprend des textes \u00e9crits dans les ann\u00e9es quatre-vingt dix par le po\u00e8te et \u00e9crivain Jean-Paul Inisan, auxquels ont \u00e9t\u00e9 ajout\u00e9s quelques po\u00e8mes in\u00e9dits plus r\u00e9cents.\r\nL'ensemble de l'ouvrage ainsi recompos\u00e9 met en valeur la spiritualit\u00e9 passionnelle de l'auteur, qui m\u00e9lange une vision mystique du futur de l'humanit\u00e9 \u00e0 des \u00e9lans sensuels et des \u00e9vocations nostalgiques du pass\u00e9.","authors":["Jean-paul Inisan"],"category_codes":["1000000","1090000"],"visuals":{"large":"https:\/\/images.epagine.fr\/827\/9782332841827_1_75.jpg","medium":"https:\/\/images.epagine.fr\/827\/9782332841827_1_m.jpg","thumbnail":"https:\/\/images.epagine.fr\/827\/9782332841827_1_v.jpg"},"orderable":true,"show_badge":true,"formatted_price":"13,50&nbsp;\u20ac","formatted_published_date":"17 novembre 2014","publisher_availability_label":"Sur commande","short_details":"Jean-paul Inisan \u2014 Edilivre","translator":null,"weight":156,"page_count":124,"readership":null,"editor":"Edilivre","price":1350,"published_date":"2014-11-16T23:00:00.000000Z","support":"Grand format","publisher_availability":1,"stock":0,"editions":["9791095638063"],"url":"https:\/\/quaidesbrumes.com\/ouvrage\/9782332841827\/poemes-de-mon-nouvel-age"},{"id":"9782322039227","title":"La demeure incertaine ; po\u00e8mes 2007-2012","description":"Nous habitons tous \u00abla demeure incertaine\u00bb. Fruit d'une po\u00e9tique du quotidien, travers\u00e9 par la disparition du p\u00e8re, ce nouveau recueil tente de dire la douleur de l'absence, la force de l'amour, la fragile beaut\u00e9 de notre existence.","authors":["Evelyne Achard"],"category_codes":["1000000","1090000","1090600"],"visuals":{"large":"https:\/\/images.epagine.fr\/227\/9782322039227_1_75.jpg","medium":"https:\/\/images.epagine.fr\/227\/9782322039227_1_m.jpg","thumbnail":"https:\/\/images.epagine.fr\/227\/9782322039227_1_v.jpg"},"orderable":true,"show_badge":true,"formatted_price":"12,00&nbsp;\u20ac","formatted_published_date":"18 novembre 2014","publisher_availability_label":"Sur commande","short_details":"Evelyne Achard \u2014 Books on Demand","translator":null,"weight":301,"page_count":80,"readership":null,"editor":"Books on Demand","price":1200,"published_date":"2014-11-17T23:00:00.000000Z","support":"Grand format","publisher_availability":1,"stock":0,"editions":[],"url":"https:\/\/quaidesbrumes.com\/ouvrage\/9782322039227\/la-demeure-incertaine-poemes-2007-2012"}]}