{"data":[{"id":"9782296998902","title":"Aux confins du silence","description":"En s'immiscant dans l'intimit\u00e9 de la nuit, l'auteur se rend compte de l'essentiel, autour de lui-m\u00eame et de son environnement. Dans un \u00e9lan des plus g\u00e9n\u00e9reux, pour partage avec l'Autre, ses angoisses mais aussi ses esp\u00e9rances, le po\u00e8te expose dans la lumi\u00e8re, les facettes de la nature et les met dans le flux de ses propres m\u00e9ditations.","authors":["Diallo Abdoukhadre"],"category_codes":["1000000","1090000"],"visuals":{"large":"https:\/\/images.epagine.fr\/902\/9782296998902_1_75.jpg","medium":"https:\/\/images.epagine.fr\/902\/9782296998902_1_m.jpg","thumbnail":"https:\/\/images.epagine.fr\/902\/9782296998902_1_v.jpg"},"orderable":true,"show_badge":true,"formatted_price":"11,00&nbsp;\u20ac","formatted_published_date":"14 octobre 2014","publisher_availability_label":"Sur commande","short_details":"Diallo Abdoukhadre \u2014 \u00c9ditions L'Harmattan","translator":null,"weight":85,"page_count":64,"readership":null,"editor":"\u00c9ditions L'Harmattan","price":1100,"published_date":"2014-10-13T22:00:00.000000Z","support":"Grand format","publisher_availability":1,"stock":0,"editions":[],"url":"https:\/\/quaidesbrumes.com\/ouvrage\/9782296998902\/aux-confins-du-silence"},{"id":"9782874598005","title":"Parfum du temps qui passe","description":"Ces po\u00e8mes, \u00e9crits au fil du temps, n'ont ni date ni titre propre, ils ne d\u00e9crivent ni \u00e9v\u00e9nement ni souvenir: ils forment simplement une chronologie d'hier \u00e0 aujourd'hui. Les climats qu'ils \u00e9voquent diff\u00e8rent de l'un \u00e0 l'autre, comme les fum\u00e9es quand change la mati\u00e8re du b\u00fbcher.","authors":["Victor Lebuis"],"category_codes":["1000000","1090000"],"visuals":{"large":"https:\/\/images.epagine.fr\/005\/9782874598005_1_75.jpg","medium":"https:\/\/images.epagine.fr\/005\/9782874598005_1_m.jpg","thumbnail":"https:\/\/images.epagine.fr\/005\/9782874598005_1_v.jpg"},"orderable":true,"show_badge":true,"formatted_price":"16,40&nbsp;\u20ac","formatted_published_date":"1er septembre 2014","publisher_availability_label":"Sur commande","short_details":"Victor Lebuis \u2014 Chloe Des Lys","translator":null,"weight":150,"page_count":56,"readership":null,"editor":"Chloe Des Lys","price":1640,"published_date":"2014-08-31T22:00:00.000000Z","support":"Grand format","publisher_availability":1,"stock":0,"editions":[],"url":"https:\/\/quaidesbrumes.com\/ouvrage\/9782874598005\/parfum-du-temps-qui-passe"},{"id":"9782322038473","title":"L'horizon solitude","description":"Karim Ait-Adjedjou voyage dans les mots comme dans les r\u00eaves. Il y d\u00e9couvre la sensation d'exister de vivre. Ecrire est un paradoxe vital. N\u00e9 en 1965 en Alg\u00e9rie, apr\u00e8s avoir cherch\u00e9 une identit\u00e9 il choisit la photographie et l'\u00e9criture comme lieu de vie et a \u00e9diter Alg\u00e9rie mon amour, un premier recueil de photographies et de textes sur son pays d'origine.","authors":["Karim A\u00eft-adjedjou"],"category_codes":["1000000","1090000","1090600"],"visuals":{"large":"https:\/\/images.epagine.fr\/473\/9782322038473_1_75.jpg","medium":"https:\/\/images.epagine.fr\/473\/9782322038473_1_m.jpg","thumbnail":"https:\/\/images.epagine.fr\/473\/9782322038473_1_v.jpg"},"orderable":true,"show_badge":true,"formatted_price":"8,00&nbsp;\u20ac","formatted_published_date":"14 octobre 2014","publisher_availability_label":"Sur commande","short_details":"Karim A\u00eft-adjedjou \u2014 Books on Demand","translator":null,"weight":401,"page_count":108,"readership":null,"editor":"Books on Demand","price":800,"published_date":"2014-10-13T22:00:00.000000Z","support":"Grand format","publisher_availability":1,"stock":0,"editions":[],"url":"https:\/\/quaidesbrumes.com\/ouvrage\/9782322038473\/lhorizon-solitude"},{"id":"9782322038855","title":"Vous dire, en passant...","description":"Des histoires....v\u00e9cues ? Imagin\u00e9es ? \u00abVous dire, en passant...\u00bb nous transporte de Provence en Bretagne, de Mistral en Ardennes, de Fayrchet \u00e0 Villeneuve, de Camargue \u00e0 Paris et nous invite \u00e0 bien d'autres rencontres. De surcro\u00eet, en annexe, dans le cadre du Centenaire de la Premi\u00e8re Guerre Mondiale, des textes pour le moins r\u00e9alistes en hommage \u00e0 ceux qui, \u00e0 Verdun ou ailleurs, ont contribu\u00e9 par leur sang \u00e0 pr\u00e9server notre Libert\u00e9. \r\nL\u00e0 o\u00f9 je dormirai, sous la ram\u00e9e du saule, quiconque passera, par hasard, tout devant, ne saura deviner que la chanson du vent vient bercer mon sommeil ; musique sans paroles. Toi seule, mon aim\u00e9e, de cette m\u00e9lodie entendras le refrain, d\u00e9chiffreras les notes qui te rappelleront notre vie de jadis dans ce bonheur si grand dont nous f\u00fbmes les h\u00f4tes. Si tu viens d\u00e9poser sur mon repos paisible quelques fleurs de printemps que tu auras cueillies fais le tranquillement, sans larmes, si possible, je t'ai toujours voulue heureuse, alors souris.","authors":["Andr\u00e9 N\u00e9bon"],"category_codes":["1000000","1090000","1090500"],"visuals":{"large":"https:\/\/images.epagine.fr\/855\/9782322038855_1_75.jpg","medium":"https:\/\/images.epagine.fr\/855\/9782322038855_1_m.jpg","thumbnail":"https:\/\/images.epagine.fr\/855\/9782322038855_1_v.jpg"},"orderable":true,"show_badge":true,"formatted_price":"4,10&nbsp;\u20ac","formatted_published_date":"24 octobre 2014","publisher_availability_label":"Sur commande","short_details":"Andr\u00e9 N\u00e9bon \u2014 Books on Demand","translator":null,"weight":201,"page_count":104,"readership":null,"editor":"Books on Demand","price":410,"published_date":"2014-10-23T22:00:00.000000Z","support":"Grand format","publisher_availability":1,"stock":0,"editions":[],"url":"https:\/\/quaidesbrumes.com\/ouvrage\/9782322038855\/vous-dire-en-passant"},{"id":"9782367602950","title":"Une femme sans rives","description":"Le Dr. Souad M. Al-Sabah est une \u00e9conomiste, militante pour les droits des femmes, po\u00e9tesse et femme de lettres. N\u00e9e en 1942 au sein de la famille r\u00e9gnante de son pays, elle est, en tant que femme, une pionni\u00e8re dans de nombreux domaines et consacre son temps et ses talents au service de sa patrie, le Kowe\u00eft.\r\n Si ses essais universitaires sont \u00e9crits en anglais, sa po\u00e9sie, au souffle intarissable, est con\u00e7ue dans un arabe moderne, dans une verve romantique \u00e0 la fois familiale et f\u00e9ministe, que ponctuent des interm\u00e8des politiques audacieux.\r\n Ses recueils po\u00e9tiques voyagent \u00e0 travers le monde.","authors":["Souad Al Sabah"],"category_codes":["1000000","1090000","1090600"],"visuals":{"large":"https:\/\/images.epagine.fr\/950\/9782367602950_1_75.jpg","medium":"https:\/\/images.epagine.fr\/950\/9782367602950_1_m.jpg","thumbnail":"https:\/\/images.epagine.fr\/950\/9782367602950_1_v.jpg"},"orderable":true,"show_badge":true,"formatted_price":"9,00&nbsp;\u20ac","formatted_published_date":"10 novembre 2023","publisher_availability_label":"Sur commande","short_details":"Souad Al Sabah \u2014 ERICK BONNIER","translator":null,"weight":110,"page_count":116,"readership":null,"editor":"ERICK BONNIER","price":900,"published_date":"2023-11-09T23:00:00.000000Z","support":"Poche","publisher_availability":1,"stock":0,"editions":[],"url":"https:\/\/quaidesbrumes.com\/ouvrage\/9782367602950\/une-femme-sans-rives"},{"id":"9782332831859","title":"Debout en bouts","description":"Ce livre se lit au gr\u00e9 de l'envie, de l'humeur. Dans une phrase, une situation, un th\u00e8me, l'auteur y parle d'un combat qu'il cherche \u00e0 gagner. Il l'affronte comme un match difficile o\u00f9 l'adversaire est coriace et pas toujours franc et solide. Instruit ou non, fortun\u00e9 ou en difficult\u00e9, en bonne sant\u00e9 ou tr\u00e8s atteint, heureux ou dans le doute, ce livre sera un plus, une main tendue \u00e0 vos faiblesses, une pommade \u00e0 votre \u00e2me.","authors":["Guy Hopfner"],"category_codes":["1000000","1090000"],"visuals":{"large":"https:\/\/images.epagine.fr\/859\/9782332831859_1_75.jpg","medium":"https:\/\/images.epagine.fr\/859\/9782332831859_1_m.jpg","thumbnail":"https:\/\/images.epagine.fr\/859\/9782332831859_1_v.jpg"},"orderable":true,"show_badge":true,"formatted_price":"17,00&nbsp;\u20ac","formatted_published_date":"24 octobre 2014","publisher_availability_label":"Sur commande","short_details":"Guy Hopfner \u2014 Edilivre","translator":null,"weight":186,"page_count":152,"readership":null,"editor":"Edilivre","price":1700,"published_date":"2014-10-23T22:00:00.000000Z","support":"Grand format","publisher_availability":1,"stock":0,"editions":[],"url":"https:\/\/quaidesbrumes.com\/ouvrage\/9782332831859\/debout-en-bouts"},{"id":"9782909640501","title":"Agape \/ agape(s)","description":"Pour cette anthologie, 38 po\u00e8tes et plasticiens se sont l\u00e9ch\u00e9 les doigts, ont aff\u00fbt\u00e9 leur mine (r\u00e9jouie) pour crayonner sur un th\u00e8me convivial : Agapes\/agape(s). Des voix diverses, aig\u00fces ou graves, t\u00e9nues ou pleines, explorant les espaces de la proximit\u00e9 chaleueuse, mais aussi le gouffre de ses manques. \u00c0 d\u00e9couvrir. \u00c0 d\u00e9guster.","authors":["Collectif"],"category_codes":["1000000","1090000","1090600"],"visuals":{"large":"https:\/\/images.epagine.fr\/501\/9782909640501_1_75.jpg","medium":"https:\/\/images.epagine.fr\/501\/9782909640501_1_m.jpg","thumbnail":"https:\/\/images.epagine.fr\/501\/9782909640501_1_v.jpg"},"orderable":true,"show_badge":true,"formatted_price":"11,00&nbsp;\u20ac","formatted_published_date":"1er septembre 2006","publisher_availability_label":"Sur commande","short_details":"Collectif \u2014 DONNER A VOIR","translator":null,"weight":135,"page_count":null,"readership":null,"editor":"DONNER A VOIR","price":1100,"published_date":"2006-08-31T22:00:00.000000Z","support":"Grand format","publisher_availability":1,"stock":0,"editions":[],"url":"https:\/\/quaidesbrumes.com\/ouvrage\/9782909640501\/agape-agapes"},{"id":"9782909640365","title":"Bestiaire \/ bestiaires(s)","description":"30 po\u00e8tes b\u00e2tissent une arche o\u00f9 se cotoient animaux de basse-cour et b\u00eates de l\u00e9gende. Dessins de Claude Ribot et Marie-Th\u00e9r\u00e8se Mekahli.","authors":["Collectif"],"category_codes":["1000000","1090000","1090600"],"visuals":{"large":"https:\/\/images.epagine.fr\/365\/9782909640365_1_75.jpg","medium":"https:\/\/images.epagine.fr\/365\/9782909640365_1_m.jpg","thumbnail":"https:\/\/images.epagine.fr\/365\/9782909640365_1_v.jpg"},"orderable":true,"show_badge":true,"formatted_price":"10,00&nbsp;\u20ac","formatted_published_date":"1er septembre 2002","publisher_availability_label":"Sur commande","short_details":"Collectif \u2014 DONNER A VOIR","translator":null,"weight":90,"page_count":null,"readership":null,"editor":"DONNER A VOIR","price":1000,"published_date":"2002-08-31T22:00:00.000000Z","support":"Grand format","publisher_availability":1,"stock":0,"editions":[],"url":"https:\/\/quaidesbrumes.com\/ouvrage\/9782909640365\/bestiaire-bestiairess"},{"id":"9782909640600","title":"Marine \/ marine(s)","description":"Pour cette anthologie, 41 po\u00e8tes et plasticiens ont arpent\u00e9 les gr\u00e8ves, pataug\u00e9 dans l'enfance de mots, navigu\u00e9 hardiment en gardant le cap sur l'horizon commun, la boussole de leur propre \u00e9criture \u00e0 port\u00e9e de main. \u00c0 vous de divaguer, maintenant.","authors":["Collectif"],"category_codes":["1000000","1090000","1090600"],"visuals":{"large":"https:\/\/images.epagine.fr\/600\/9782909640600_1_75.jpg","medium":"https:\/\/images.epagine.fr\/600\/9782909640600_1_m.jpg","thumbnail":"https:\/\/images.epagine.fr\/600\/9782909640600_1_v.jpg"},"orderable":true,"show_badge":true,"formatted_price":"11,00&nbsp;\u20ac","formatted_published_date":"1er septembre 2009","publisher_availability_label":"Sur commande","short_details":"Collectif \u2014 DONNER A VOIR","translator":null,"weight":110,"page_count":null,"readership":null,"editor":"DONNER A VOIR","price":1100,"published_date":"2009-08-31T22:00:00.000000Z","support":"Grand format","publisher_availability":1,"stock":0,"editions":[],"url":"https:\/\/quaidesbrumes.com\/ouvrage\/9782909640600\/marine-marines"},{"id":"9782909640457","title":"Visage \/ visage(s)","description":"Ils sont 33 po\u00e8tes et plasticiens \u00e0 d\u00e9chiffrer ce lieu des regards, des sourires, des cris. Cette part de nous-m\u00eames pr\u00e9sente aux autres et au monde. Les visages, muets ou expressifs, dans leur diff\u00e9rences, marqu\u00e9s par tout ce que la vie donne ou retire.","authors":["Collectif"],"category_codes":["1000000","1090000"],"visuals":{"large":"https:\/\/images.epagine.fr\/457\/9782909640457_1_75.jpg","medium":"https:\/\/images.epagine.fr\/457\/9782909640457_1_m.jpg","thumbnail":"https:\/\/images.epagine.fr\/457\/9782909640457_1_v.jpg"},"orderable":true,"show_badge":true,"formatted_price":"10,00&nbsp;\u20ac","formatted_published_date":"1er septembre 2004","publisher_availability_label":"Sur commande","short_details":"Collectif \u2014 DONNER A VOIR","translator":null,"weight":95,"page_count":56,"readership":null,"editor":"DONNER A VOIR","price":1000,"published_date":"2004-08-31T22:00:00.000000Z","support":"Grand format","publisher_availability":1,"stock":0,"editions":[],"url":"https:\/\/quaidesbrumes.com\/ouvrage\/9782909640457\/visage-visages"},{"id":"9782352081838","title":"Il vit encore le po\u00e8te","description":"Une s\u00e9lection de trente-six po\u00e8mes, issus du concours 2014 des \u00c9ditions du Bord du Lot, et choisis (subjectivement) parmi plus de six cents textes.\r\n De l'humour, de l'amour, de la joie, de la peine, de l'insolite... de la vie, quoi !\r\n \r\n\r\nANDRES Marie-Antoinette ;\r\nBENIELLI Christelle ;\r\nBIRNBAUM Daniel ;\r\nB\u00d6SIGER Bernard ;\r\nBRUY\u00c8RE Franck ;\r\nCASSEN Jo ;\r\nDELETANG Bernard ;\r\nDEMAI Michel-Armand ; \r\nDEVEZE G\u00e9rard ;\r\nDEVIS G\u00e9rard ;\r\nESCURE Guy ;\r\nFERRANDEZ Mireille ;\r\nFOURNIER Claude ;\r\nGLATT G\u00e9rard ;\r\nGREZ Aline ;\r\nGROS-CIRCAN Daniel ;\r\nINGRID S.KIM ;\r\nISSORG-RELAVE ;\r\nJACQUELIN \u00c9ric ;\r\nJANOT Pierre-marie ;\r\nLARADAVIDE ;\r\nLEROY-VILLENEUVE Gladys ;\r\nMANARANCHE Alain ;\r\nMARTON-KALOUSTIAN Ir\u00e8ne ;\r\nMICHEL Marcel ;\r\nPARENT Josette ;\r\nPORTAY Nicole ;\r\nRAFFANEL G\u00e9rard ;\r\nRAJAONAH Maeva ;\r\nSABATH\u00c9 Marie ;\r\nSI SALEM Fatiha ;\r\nSYLVAINE LUCIENNE G. ;\r\nTRANNOY St\u00e9phane ;\r\nTRUJILLO Diana ;\r\nVERLON Chris ;\r\nVIDAL Francis ;","authors":["Collectif"],"category_codes":["1000000","1090000"],"visuals":{"large":"https:\/\/images.epagine.fr\/838\/9782352081838_1_75.jpg","medium":"https:\/\/images.epagine.fr\/838\/9782352081838_1_m.jpg","thumbnail":"https:\/\/images.epagine.fr\/838\/9782352081838_1_v.jpg"},"orderable":true,"show_badge":true,"formatted_price":"13,00&nbsp;\u20ac","formatted_published_date":"10 septembre 2014","publisher_availability_label":"Sur commande","short_details":"Collectif \u2014 Bord Du Lot","translator":null,"weight":0,"page_count":null,"readership":null,"editor":"Bord Du Lot","price":1300,"published_date":"2014-09-09T22:00:00.000000Z","support":"Grand format","publisher_availability":1,"stock":0,"editions":[],"url":"https:\/\/quaidesbrumes.com\/ouvrage\/9782352081838\/il-vit-encore-le-poete"},{"id":"9782909640488","title":"Les mots des mois","description":"C'est dans les pourpres et les ors de l'automne que l'ann\u00e9e commence vraiment. Dans l'enfouissement de la lumi\u00e8re et l'\u00e9clat des feuillages, tout \u00e0 la fois. Les mots s'\u00e9gouttent, la parole s'aff\u00fbte dans les gris, aspire aux pastels tendres des feuillages.\r\nL'ann\u00e9e s'exprime.\r\nTout est dit au marcheur quand il sait \u00e9couter.\r\nAlain Boudet vit dans un village de la Sarthe : Louplande.\r\nDominique Mansion habite un village du Loir-et-Cher : Boursay.\r\nIls ont en commun quelques amis : ch\u00eanes et fresnes t\u00eatards, refuges et pi\u00e8ges pour la lumi\u00e8re.","authors":["Alain Boudet"],"category_codes":["1000000","1090000","1090600"],"visuals":{"large":"https:\/\/images.epagine.fr\/488\/9782909640488_1_75.jpg","medium":"https:\/\/images.epagine.fr\/488\/9782909640488_1_m.jpg","thumbnail":"https:\/\/images.epagine.fr\/488\/9782909640488_1_v.jpg"},"orderable":true,"show_badge":true,"formatted_price":"6,50&nbsp;\u20ac","formatted_published_date":"1er mars 2007","publisher_availability_label":"Sur commande","short_details":"Alain Boudet \u2014 DONNER A VOIR","translator":null,"weight":50,"page_count":48,"readership":null,"editor":"DONNER A VOIR","price":650,"published_date":"2007-02-28T23:00:00.000000Z","support":"Grand format","publisher_availability":1,"stock":0,"editions":[],"url":"https:\/\/quaidesbrumes.com\/ouvrage\/9782909640488\/les-mots-des-mois"},{"id":"9782909640433","title":"Mechants reves, l'enfant-haine","description":null,"authors":["Etienne Monnier"],"category_codes":["1000000","1090000","1090600"],"visuals":{"large":"https:\/\/images.epagine.fr\/433\/9782909640433_1_75.jpg","medium":"https:\/\/images.epagine.fr\/433\/9782909640433_1_m.jpg","thumbnail":"https:\/\/images.epagine.fr\/433\/9782909640433_1_v.jpg"},"orderable":true,"show_badge":true,"formatted_price":"6,10&nbsp;\u20ac","formatted_published_date":"1er mars 2004","publisher_availability_label":"Sur commande","short_details":"Etienne Monnier \u2014 DONNER A VOIR","translator":null,"weight":45,"page_count":null,"readership":null,"editor":"DONNER A VOIR","price":610,"published_date":"2004-02-29T23:00:00.000000Z","support":"Grand format","publisher_availability":1,"stock":0,"editions":[],"url":"https:\/\/quaidesbrumes.com\/ouvrage\/9782909640433\/mechants-reves-lenfant-haine"},{"id":"9782909640464","title":"Train","description":"Attendre.\r\nLe train que l'on guette, que l'on esp\u00e8re, que l'on habite d\u00e9j\u00e0.\r\nPartir.\r\nA la fois quitter et rejoindre. Plus que d'un point \u00e0 un autre, aller de soi \u00e0 soi. Pour s'oublier, se perdre, se retrouver. Plus que tout autre, le voyage ferroviaire est fait de solitude. La foule est l\u00e0, occasion de c\u00f4toiements plus que de rencontres et d'\u00e9changes.\r\nTrain. Un univers du r\u00eave o\u00f9 se conjuguent lenteur et dur\u00e9e. O\u00f9 le d\u00e9placement physique se double d'un envol de l'imaginaire...","authors":["Isabelle Guigou","Marie-th\u00e9r\u00e8se Mekahli"],"category_codes":["1000000","1090000","1090600"],"visuals":{"large":"https:\/\/images.epagine.fr\/464\/9782909640464_1_75.jpg","medium":"https:\/\/images.epagine.fr\/464\/9782909640464_1_m.jpg","thumbnail":"https:\/\/images.epagine.fr\/464\/9782909640464_1_v.jpg"},"orderable":true,"show_badge":true,"formatted_price":"6,10&nbsp;\u20ac","formatted_published_date":"1er mars 2005","publisher_availability_label":"Sur commande","short_details":"Isabelle Guigou, Marie-th\u00e9r\u00e8se Mekahli \u2014 DONNER A VOIR","translator":null,"weight":50,"page_count":44,"readership":null,"editor":"DONNER A VOIR","price":610,"published_date":"2005-02-28T23:00:00.000000Z","support":"Grand format","publisher_availability":1,"stock":0,"editions":[],"url":"https:\/\/quaidesbrumes.com\/ouvrage\/9782909640464\/train"},{"id":"9782909640549","title":"L'ete sorcier","description":null,"authors":["Marie Desmaretz"],"category_codes":["1000000","1090000","1090600"],"visuals":{"large":"https:\/\/images.epagine.fr\/549\/9782909640549_1_75.jpg","medium":"https:\/\/images.epagine.fr\/549\/9782909640549_1_m.jpg","thumbnail":"https:\/\/images.epagine.fr\/549\/9782909640549_1_v.jpg"},"orderable":true,"show_badge":true,"formatted_price":"6,50&nbsp;\u20ac","formatted_published_date":"1er mars 2007","publisher_availability_label":"Sur commande","short_details":"Marie Desmaretz \u2014 DONNER A VOIR","translator":null,"weight":50,"page_count":null,"readership":null,"editor":"DONNER A VOIR","price":650,"published_date":"2007-02-28T23:00:00.000000Z","support":"Grand format","publisher_availability":1,"stock":0,"editions":[],"url":"https:\/\/quaidesbrumes.com\/ouvrage\/9782909640549\/lete-sorcier"},{"id":"9782909640587","title":"L'arbre a mots","description":null,"authors":["Georges Jean"],"category_codes":["1000000","1090000","1090600"],"visuals":{"large":"https:\/\/images.epagine.fr\/587\/9782909640587_1_75.jpg","medium":"https:\/\/images.epagine.fr\/587\/9782909640587_1_m.jpg","thumbnail":"https:\/\/images.epagine.fr\/587\/9782909640587_1_v.jpg"},"orderable":true,"show_badge":true,"formatted_price":"8,00&nbsp;\u20ac","formatted_published_date":"1er mars 2008","publisher_availability_label":"Sur commande","short_details":"Georges Jean \u2014 DONNER A VOIR","translator":null,"weight":55,"page_count":null,"readership":null,"editor":"DONNER A VOIR","price":800,"published_date":"2008-02-29T23:00:00.000000Z","support":"Grand format","publisher_availability":1,"stock":0,"editions":[],"url":"https:\/\/quaidesbrumes.com\/ouvrage\/9782909640587\/larbre-a-mots"},{"id":"9782343018980","title":"Cette femme-l\u00e0...","description":"Ce recueil de po\u00e8mes est un r\u00e9cit qui relate les relations intimes que l'auteur entretient avec sa m\u00e8re, depuis le sein maternel jusqu'\u00e0 ce moment o\u00f9 l'inspiration lui vient de rendre hommage amplement m\u00e9rit\u00e9 \u00e0 cette femme. C'est donc un livre de souvenirs qui viennent de son \u00eatre profond, avec une insistance sur les douleurs de l'enfantement, l'engagement socio-professionnel. Au-del\u00e0, c'est un vibrant hommage \u00e0 toutes les femmes.","authors":["Jean-Louis Margolin"],"category_codes":["1000000","1090000"],"visuals":{"large":"https:\/\/images.epagine.fr\/980\/9782343018980_1_75.jpg","medium":"https:\/\/images.epagine.fr\/980\/9782343018980_1_m.jpg","thumbnail":"https:\/\/images.epagine.fr\/980\/9782343018980_1_v.jpg"},"orderable":true,"show_badge":true,"formatted_price":"13,00&nbsp;\u20ac","formatted_published_date":"27 octobre 2014","publisher_availability_label":"Sur commande","short_details":"Jean-Louis Margolin \u2014 \u00c9ditions L'Harmattan","translator":null,"weight":135,"page_count":104,"readership":null,"editor":"\u00c9ditions L'Harmattan","price":1300,"published_date":"2014-10-26T23:00:00.000000Z","support":"Grand format","publisher_availability":1,"stock":0,"editions":[],"url":"https:\/\/quaidesbrumes.com\/ouvrage\/9782343018980\/cette-femme-la"},{"id":"9782909640372","title":"Le blues du pain","description":null,"authors":[" Huguette Herin"],"category_codes":["1000000","1090000","1090600"],"visuals":{"large":"https:\/\/images.epagine.fr\/372\/9782909640372_1_75.jpg","medium":"https:\/\/images.epagine.fr\/372\/9782909640372_1_m.jpg","thumbnail":"https:\/\/images.epagine.fr\/372\/9782909640372_1_v.jpg"},"orderable":true,"show_badge":true,"formatted_price":"9,50&nbsp;\u20ac","formatted_published_date":"1er mars 2002","publisher_availability_label":"Sur commande","short_details":" Huguette Herin \u2014 DONNER A VOIR","translator":null,"weight":90,"page_count":null,"readership":null,"editor":"DONNER A VOIR","price":950,"published_date":"2002-02-28T23:00:00.000000Z","support":"Grand format","publisher_availability":1,"stock":0,"editions":[],"url":"https:\/\/quaidesbrumes.com\/ouvrage\/9782909640372\/le-blues-du-pain"},{"id":"9782909640419","title":"Jeune fille au sourcil de coriandre","description":null,"authors":[" Jean-Franc Franchet"],"category_codes":["1000000","1090000","1090600"],"visuals":{"large":"https:\/\/images.epagine.fr\/419\/9782909640419_1_75.jpg","medium":"https:\/\/images.epagine.fr\/419\/9782909640419_1_m.jpg","thumbnail":"https:\/\/images.epagine.fr\/419\/9782909640419_1_v.jpg"},"orderable":true,"show_badge":true,"formatted_price":"10,00&nbsp;\u20ac","formatted_published_date":"1er septembre 2003","publisher_availability_label":"Sur commande","short_details":" Jean-Franc Franchet \u2014 DONNER A VOIR","translator":null,"weight":125,"page_count":null,"readership":null,"editor":"DONNER A VOIR","price":1000,"published_date":"2003-08-31T22:00:00.000000Z","support":"Grand format","publisher_availability":1,"stock":0,"editions":[],"url":"https:\/\/quaidesbrumes.com\/ouvrage\/9782909640419\/jeune-fille-au-sourcil-de-coriandre"},{"id":"9782909640280","title":"Derive \/ derive(s)","description":null,"authors":["Collectif"],"category_codes":["1000000","1090000","1090600"],"visuals":{"large":"https:\/\/quaidesbrumes.com\/img\/book-placeholder.png","medium":"https:\/\/quaidesbrumes.com\/img\/book-placeholder.png","thumbnail":"https:\/\/quaidesbrumes.com\/img\/book-placeholder.png"},"orderable":true,"show_badge":true,"formatted_price":"8,50&nbsp;\u20ac","formatted_published_date":"1er septembre 2000","publisher_availability_label":"Sur commande","short_details":"Collectif \u2014 DONNER A VOIR","translator":null,"weight":85,"page_count":null,"readership":null,"editor":"DONNER A VOIR","price":850,"published_date":"2000-08-31T22:00:00.000000Z","support":"Grand format","publisher_availability":1,"stock":0,"editions":[],"url":"https:\/\/quaidesbrumes.com\/ouvrage\/9782909640280\/derive-derives"},{"id":"9782909640266","title":"Nature libre","description":null,"authors":[" Erwan Gourmelen"],"category_codes":["1000000","1090000","1090600"],"visuals":{"large":"https:\/\/images.epagine.fr\/266\/9782909640266_1_75.jpg","medium":"https:\/\/images.epagine.fr\/266\/9782909640266_1_m.jpg","thumbnail":"https:\/\/images.epagine.fr\/266\/9782909640266_1_v.jpg"},"orderable":true,"show_badge":true,"formatted_price":"9,00&nbsp;\u20ac","formatted_published_date":"1er mars 2000","publisher_availability_label":"Sur commande","short_details":" Erwan Gourmelen \u2014 DONNER A VOIR","translator":null,"weight":90,"page_count":null,"readership":null,"editor":"DONNER A VOIR","price":900,"published_date":"2000-02-29T23:00:00.000000Z","support":"Grand format","publisher_availability":1,"stock":0,"editions":[],"url":"https:\/\/quaidesbrumes.com\/ouvrage\/9782909640266\/nature-libre"},{"id":"9782343039756","title":"Ce que disent les \u00e9crits","description":"Gabriel Massembo, \u00e0 travers ces po\u00e8mes, dans un langage m\u00e9lodieux, chante des r\u00e9alit\u00e9s de la vie dans leur grandeur comme dans leur c\u00f4t\u00e9 obscur. Il se fraye un chemin \u00e0 travers les diff\u00e9rentes situations de la vie pour \u00e9lever le regard de tout homme pour que ses pas deviennent plus humains.","authors":["Gabriel Massembo"],"category_codes":["1000000","1090000"],"visuals":{"large":"https:\/\/images.epagine.fr\/756\/9782343039756_1_75.jpg","medium":"https:\/\/images.epagine.fr\/756\/9782343039756_1_m.jpg","thumbnail":"https:\/\/images.epagine.fr\/756\/9782343039756_1_v.jpg"},"orderable":true,"show_badge":true,"formatted_price":"11,00&nbsp;\u20ac","formatted_published_date":"27 octobre 2014","publisher_availability_label":"Sur commande","short_details":"Gabriel Massembo \u2014 \u00c9ditions L'Harmattan","translator":null,"weight":90,"page_count":66,"readership":null,"editor":"\u00c9ditions L'Harmattan","price":1100,"published_date":"2014-10-26T23:00:00.000000Z","support":"Grand format","publisher_availability":1,"stock":0,"editions":[],"url":"https:\/\/quaidesbrumes.com\/ouvrage\/9782343039756\/ce-que-disent-les-ecrits"},{"id":"9782343043906","title":"Morsure du soleil  poemes","description":"Expression des maux, de l'amour, de la foi ou hommages aux disparus, les po\u00e8mes ici r\u00e9unis sont une mani\u00e8re pour l'auteur d'apprivoiser les \u00e9v\u00e9nements, de mettre \u00e0 distance la peine qu'ils occasionnent. Gr\u00e2ce \u00e0 la po\u00e9sie, Liss Kihindou est \"insensible d\u00e9sormais \u00e0 la morsure du soleil\". Dans ce vers tir\u00e9 du po\u00e8me \"U Tam'si \u00e0 Loango\", de Jean-Baptiste Tati-Loutard, ce recueil trouve toute sa r\u00e9sonance.","authors":["Kihindou Liss"],"category_codes":["1000000","1090000"],"visuals":{"large":"https:\/\/images.epagine.fr\/906\/9782343043906_1_75.jpg","medium":"https:\/\/images.epagine.fr\/906\/9782343043906_1_m.jpg","thumbnail":"https:\/\/images.epagine.fr\/906\/9782343043906_1_v.jpg"},"orderable":true,"show_badge":true,"formatted_price":"12,50&nbsp;\u20ac","formatted_published_date":"27 octobre 2014","publisher_availability_label":"Sur commande","short_details":"Kihindou Liss \u2014 \u00c9ditions L'Harmattan","translator":null,"weight":110,"page_count":84,"readership":null,"editor":"\u00c9ditions L'Harmattan","price":1250,"published_date":"2014-10-26T23:00:00.000000Z","support":"Grand format","publisher_availability":1,"stock":0,"editions":[],"url":"https:\/\/quaidesbrumes.com\/ouvrage\/9782343043906\/morsure-du-soleil-poemes"},{"id":"9782343046334","title":"Les paroles tristes ; le g\u00e9nocide des tsiganes","description":"Le g\u00e9nocide des Tsiganes (Roma et Sinti), le g\u00e9nocide oubli\u00e9, l'une des pages les plus sombre de l'histoire contemporaine en Europe, s'est \u00e9crite avec le sang des Tsiganes. Peuple martyr, 500 000 hommes, femmes et enfants seront livr\u00e9s \u00e0 leurs bourreaux. Ultime offense aux innocentes victimes, le silence des nations. Dans la pr\u00e9face de ce livre \/ t\u00e9moignage, Esm\u00e9ralda Romanez s'adresse \u00e0 l'auteur. \"F\u00e9lix porte la douleur des miens, de ceux qui ne savent pas m\u00ealer le sang des mots au refuge des pages\".","authors":["F\u00e9lix Monget"],"category_codes":["1000000","1090000"],"visuals":{"large":"https:\/\/images.epagine.fr\/334\/9782343046334_1_75.jpg","medium":"https:\/\/images.epagine.fr\/334\/9782343046334_1_m.jpg","thumbnail":"https:\/\/images.epagine.fr\/334\/9782343046334_1_v.jpg"},"orderable":true,"show_badge":true,"formatted_price":"16,00&nbsp;\u20ac","formatted_published_date":"23 octobre 2014","publisher_availability_label":"Sur commande","short_details":"F\u00e9lix Monget \u2014 \u00c9ditions L'Harmattan","translator":null,"weight":185,"page_count":150,"readership":null,"editor":"\u00c9ditions L'Harmattan","price":1600,"published_date":"2014-10-22T22:00:00.000000Z","support":"Grand format","publisher_availability":1,"stock":0,"editions":[],"url":"https:\/\/quaidesbrumes.com\/ouvrage\/9782343046334\/les-paroles-tristes-le-genocide-des-tsiganes"}]}