{"data":[{"id":"9782322035830","title":"Le ressac","description":"Le Ressac, une douce m\u00e9ditation sur la nature de l'\u00eatre port\u00e9e par le Ressac.\r\n\r\nIl est des mots l\u00e9gers, suffisamment l\u00e9gers pour passer d'une main ouverte dans une autre sans peser.\r\nCe sont des mots que l'on peut \u00e9tirer pour cr\u00e9er un lien, ce sont des notes qui s'envolent comme bulles de savon pour se poser partout, sur un bourgeon, sur une fleur, sur ton coeur...\r","authors":["Didier Eudes"],"category_codes":["1000000","1090000"],"visuals":{"large":"https:\/\/images.epagine.fr\/830\/9782322035830_1_75.jpg","medium":"https:\/\/images.epagine.fr\/830\/9782322035830_1_m.jpg","thumbnail":"https:\/\/images.epagine.fr\/830\/9782322035830_1_v.jpg"},"orderable":true,"show_badge":true,"formatted_price":"10,00&nbsp;\u20ac","formatted_published_date":"14 mars 2014","publisher_availability_label":"Sur commande","short_details":"Didier Eudes \u2014 Books on Demand","translator":null,"weight":201,"page_count":72,"readership":null,"editor":"Books on Demand","price":1000,"published_date":"2014-03-13T23:00:00.000000Z","support":"Grand format","publisher_availability":1,"stock":0,"editions":[],"url":"https:\/\/quaidesbrumes.com\/ouvrage\/9782322035830\/le-ressac"},{"id":"9782322034741","title":"Chemins de traverse Tome 2","description":"En 2009, dans un premier recueil, j'ai voulu f\u00eater 20 ans d'\u00e9criture en vous proposant ceux qui, parmi mes po\u00e8mes, me semblaient les meilleurs.\r\nMais \u00e0 pr\u00e9sent, les choix que j'ai faits alors me semblent moins \u00e9vidents : est-il possible de juger objectivement ? \r\nAussi ai-je d\u00e9cid\u00e9 de vous livrer aujourd'hui tous les po\u00e8mes \u00e9cart\u00e9s dans un premier temps, en y ajoutant ceux \u00e9crits depuis. \r\nContrairement \u00e0 mon premier recueil, ils ne sont pas class\u00e9s par th\u00e8me, mais dans l'ordre approximatif de leur cr\u00e9ation, laissant se t\u00e9lescoper les id\u00e9es et les humeurs, comme dans la vie.\r\nAinsi, chaque lecteur d\u00e9cidera, parmi les po\u00e8mes de ce recueil, de ceux qui le touchent davantage ou au contraire de ceux qui lui parlent moins.\r\nPour moi, je n'en renie aucun.\r","authors":["Guy Pi\u00e9gay"],"category_codes":["1000000","1090000"],"visuals":{"large":"https:\/\/images.epagine.fr\/741\/9782322034741_1_75.jpg","medium":"https:\/\/images.epagine.fr\/741\/9782322034741_1_m.jpg","thumbnail":"https:\/\/images.epagine.fr\/741\/9782322034741_1_v.jpg"},"orderable":true,"show_badge":true,"formatted_price":"15,00&nbsp;\u20ac","formatted_published_date":"14 mars 2014","publisher_availability_label":"Sur commande","short_details":"Guy Pi\u00e9gay \u2014 Books on Demand","translator":null,"weight":401,"page_count":192,"readership":null,"editor":"Books on Demand","price":1500,"published_date":"2014-03-13T23:00:00.000000Z","support":"Grand format","publisher_availability":1,"stock":0,"editions":[],"url":"https:\/\/quaidesbrumes.com\/ouvrage\/9782322034741\/chemins-de-traverse-tome-2"},{"id":"9782847123920","title":"Au delta des paumes ; le noyau \u00e9corc\u00e9","description":null,"authors":["Jean-louis K\u00e9eangu\u00e9ven"],"category_codes":["1000000","1090000"],"visuals":{"large":"https:\/\/images.epagine.fr\/920\/9782847123920_1_75.jpg","medium":"https:\/\/images.epagine.fr\/920\/9782847123920_1_m.jpg","thumbnail":"https:\/\/images.epagine.fr\/920\/9782847123920_1_v.jpg"},"orderable":true,"show_badge":true,"formatted_price":"10,00&nbsp;\u20ac","formatted_published_date":"5 f\u00e9vrier 2014","publisher_availability_label":"Sur commande","short_details":"Jean-louis K\u00e9eangu\u00e9ven \u2014 Petit Pave","translator":null,"weight":120,"page_count":null,"readership":null,"editor":"Petit Pave","price":1000,"published_date":"2014-02-04T23:00:00.000000Z","support":"Grand format","publisher_availability":1,"stock":0,"editions":[],"url":"https:\/\/quaidesbrumes.com\/ouvrage\/9782847123920\/au-delta-des-paumes-le-noyau-ecorce"},{"id":"9791090850163","title":"Le jardin des mots tendres","description":null,"authors":["Ottenwelder Henri"],"category_codes":["1000000","1090000"],"visuals":{"large":"https:\/\/quaidesbrumes.com\/img\/book-placeholder.png","medium":"https:\/\/quaidesbrumes.com\/img\/book-placeholder.png","thumbnail":"https:\/\/quaidesbrumes.com\/img\/book-placeholder.png"},"orderable":true,"show_badge":true,"formatted_price":"15,00&nbsp;\u20ac","formatted_published_date":"8 juillet 2013","publisher_availability_label":"Sur commande","short_details":"Ottenwelder Henri \u2014 Auxilivre","translator":null,"weight":350,"page_count":null,"readership":null,"editor":"Auxilivre","price":1500,"published_date":"2013-07-07T22:00:00.000000Z","support":"Grand format","publisher_availability":1,"stock":0,"editions":[],"url":"https:\/\/quaidesbrumes.com\/ouvrage\/9791090850163\/le-jardin-des-mots-tendres"},{"id":"9782845872080","title":"L'ephemere dure toujours - jean-pierre georges","description":null,"authors":["Jean-pierre Georges"],"category_codes":["1000000","1090000","1090600"],"visuals":{"large":"https:\/\/images.epagine.fr\/080\/9782845872080_1_75.jpg","medium":"https:\/\/images.epagine.fr\/080\/9782845872080_1_m.jpg","thumbnail":"https:\/\/images.epagine.fr\/080\/9782845872080_1_v.jpg"},"orderable":true,"show_badge":true,"formatted_price":"13,00&nbsp;\u20ac","formatted_published_date":"15 septembre 2010","publisher_availability_label":"Sur commande","short_details":"Jean-pierre Georges \u2014 Tarabuste","translator":null,"weight":400,"page_count":null,"readership":null,"editor":"Tarabuste","price":1300,"published_date":"2010-09-14T22:00:00.000000Z","support":"Grand format","publisher_availability":1,"stock":0,"editions":[],"url":"https:\/\/quaidesbrumes.com\/ouvrage\/9782845872080\/lephemere-dure-toujours-jean-pierre-georges"},{"id":"9782845870949","title":"L'insomnie de finir - nicolas cendo","description":null,"authors":["Nicolas Cendo"],"category_codes":["1000000","1090000","1090600"],"visuals":{"large":"https:\/\/images.epagine.fr\/949\/9782845870949_1_75.jpg","medium":"https:\/\/images.epagine.fr\/949\/9782845870949_1_m.jpg","thumbnail":"https:\/\/images.epagine.fr\/949\/9782845870949_1_v.jpg"},"orderable":true,"show_badge":true,"formatted_price":"11,00&nbsp;\u20ac","formatted_published_date":"30 septembre 2005","publisher_availability_label":"Sur commande","short_details":"Nicolas Cendo \u2014 Tarabuste","translator":null,"weight":400,"page_count":null,"readership":null,"editor":"Tarabuste","price":1100,"published_date":"2005-09-29T22:00:00.000000Z","support":"Grand format","publisher_availability":1,"stock":0,"editions":[],"url":"https:\/\/quaidesbrumes.com\/ouvrage\/9782845870949\/linsomnie-de-finir-nicolas-cendo"},{"id":"9782845870154","title":"La cour du coeur - jacques ancet","description":null,"authors":["Jacques Ancet"],"category_codes":["1000000","1090000","1090600"],"visuals":{"large":"https:\/\/images.epagine.fr\/154\/9782845870154_1_75.jpg","medium":"https:\/\/images.epagine.fr\/154\/9782845870154_1_m.jpg","thumbnail":"https:\/\/images.epagine.fr\/154\/9782845870154_1_v.jpg"},"orderable":true,"show_badge":true,"formatted_price":"12,20&nbsp;\u20ac","formatted_published_date":"1er d\u00e9cembre 2000","publisher_availability_label":"Sur commande","short_details":"Jacques Ancet \u2014 Tarabuste","translator":null,"weight":600,"page_count":null,"readership":null,"editor":"Tarabuste","price":1220,"published_date":"2000-11-30T23:00:00.000000Z","support":"Grand format","publisher_availability":1,"stock":0,"editions":[],"url":"https:\/\/quaidesbrumes.com\/ouvrage\/9782845870154\/la-cour-du-coeur-jacques-ancet"},{"id":"9782908138832","title":"La duree des plantes - ariane dreyfus","description":null,"authors":["Ariane Dreyfus"],"category_codes":["1000000","1090000","1090600"],"visuals":{"large":"https:\/\/images.epagine.fr\/832\/9782908138832_1_75.jpg","medium":"https:\/\/images.epagine.fr\/832\/9782908138832_1_m.jpg","thumbnail":"https:\/\/images.epagine.fr\/832\/9782908138832_1_v.jpg"},"orderable":true,"show_badge":true,"formatted_price":"12,00&nbsp;\u20ac","formatted_published_date":"10 d\u00e9cembre 1998","publisher_availability_label":"Sur commande","short_details":"Ariane Dreyfus \u2014 Tarabuste","translator":null,"weight":500,"page_count":null,"readership":null,"editor":"Tarabuste","price":1200,"published_date":"1998-12-09T23:00:00.000000Z","support":"Grand format","publisher_availability":1,"stock":0,"editions":[],"url":"https:\/\/quaidesbrumes.com\/ouvrage\/9782908138832\/la-duree-des-plantes-ariane-dreyfus"},{"id":"9782908138863","title":"La fatrasie de la souris vagabonde - gaelle pelachaud","description":null,"authors":["Ga\u00eblle Pelachaud"],"category_codes":["1000000","1090000","1090600"],"visuals":{"large":"https:\/\/images.epagine.fr\/863\/9782908138863_1_75.jpg","medium":"https:\/\/images.epagine.fr\/863\/9782908138863_1_m.jpg","thumbnail":"https:\/\/images.epagine.fr\/863\/9782908138863_1_v.jpg"},"orderable":true,"show_badge":true,"formatted_price":"12,20&nbsp;\u20ac","formatted_published_date":"12 juin 1999","publisher_availability_label":"Sur commande","short_details":"Ga\u00eblle Pelachaud \u2014 Tarabuste","translator":null,"weight":250,"page_count":null,"readership":null,"editor":"Tarabuste","price":1220,"published_date":"1999-06-11T22:00:00.000000Z","support":"Grand format","publisher_availability":1,"stock":0,"editions":[],"url":"https:\/\/quaidesbrumes.com\/ouvrage\/9782908138863\/la-fatrasie-de-la-souris-vagabonde-gaelle-pelachaud"},{"id":"9782845872707","title":"La fontaine invisible - john taylor - traduction francoise daviet","description":null,"authors":["Taylor John"],"category_codes":["1000000","1090000","1090600"],"visuals":{"large":"https:\/\/images.epagine.fr\/707\/9782845872707_1_75.jpg","medium":"https:\/\/images.epagine.fr\/707\/9782845872707_1_m.jpg","thumbnail":"https:\/\/images.epagine.fr\/707\/9782845872707_1_v.jpg"},"orderable":true,"show_badge":true,"formatted_price":"14,00&nbsp;\u20ac","formatted_published_date":"4 juillet 2013","publisher_availability_label":"Sur commande","short_details":"Taylor John \u2014 Tarabuste","translator":null,"weight":400,"page_count":null,"readership":null,"editor":"Tarabuste","price":1400,"published_date":"2013-07-03T22:00:00.000000Z","support":"Grand format","publisher_availability":1,"stock":0,"editions":[],"url":"https:\/\/quaidesbrumes.com\/ouvrage\/9782845872707\/la-fontaine-invisible-john-taylor-traduction-francoise-daviet"},{"id":"9782845871472","title":"La vie presente - alain eludut","description":null,"authors":["Eludut Alain"],"category_codes":["1000000","1090000","1090600"],"visuals":{"large":"https:\/\/images.epagine.fr\/472\/9782845871472_1_75.jpg","medium":"https:\/\/images.epagine.fr\/472\/9782845871472_1_m.jpg","thumbnail":"https:\/\/images.epagine.fr\/472\/9782845871472_1_v.jpg"},"orderable":true,"show_badge":true,"formatted_price":"11,00&nbsp;\u20ac","formatted_published_date":"30 novembre 2007","publisher_availability_label":"Sur commande","short_details":"Eludut Alain \u2014 Tarabuste","translator":null,"weight":400,"page_count":null,"readership":null,"editor":"Tarabuste","price":1100,"published_date":"2007-11-29T23:00:00.000000Z","support":"Grand format","publisher_availability":1,"stock":0,"editions":[],"url":"https:\/\/quaidesbrumes.com\/ouvrage\/9782845871472\/la-vie-presente-alain-eludut"},{"id":"9782912528049","title":"T\u00eates-de-lune","description":null,"authors":["Arbib","Poncet"],"category_codes":["1000000","1090000"],"visuals":{"large":"https:\/\/quaidesbrumes.com\/img\/book-placeholder.png","medium":"https:\/\/quaidesbrumes.com\/img\/book-placeholder.png","thumbnail":"https:\/\/quaidesbrumes.com\/img\/book-placeholder.png"},"orderable":true,"show_badge":true,"formatted_price":"50,00&nbsp;\u20ac","formatted_published_date":"1er janvier 2002","publisher_availability_label":"Sur commande","short_details":"Arbib, Poncet \u2014 Le Grand Os","translator":null,"weight":1001,"page_count":null,"readership":null,"editor":"Le Grand Os","price":5000,"published_date":"2001-12-31T23:00:00.000000Z","support":"Grand format","publisher_availability":1,"stock":0,"editions":[],"url":"https:\/\/quaidesbrumes.com\/ouvrage\/9782912528049\/tetes-de-lune"},{"id":"9782845870659","title":"Le bouquet d'aurelie - guillaume sabran \/ aurelie de la selle","description":null,"authors":["Sabran De La Selle"],"category_codes":["1000000","1090000","1090600"],"visuals":{"large":"https:\/\/quaidesbrumes.com\/img\/book-placeholder.png","medium":"https:\/\/quaidesbrumes.com\/img\/book-placeholder.png","thumbnail":"https:\/\/quaidesbrumes.com\/img\/book-placeholder.png"},"orderable":true,"show_badge":true,"formatted_price":"20,00&nbsp;\u20ac","formatted_published_date":"15 septembre 2004","publisher_availability_label":"Sur commande","short_details":"Sabran De La Selle \u2014 Tarabuste","translator":null,"weight":400,"page_count":null,"readership":null,"editor":"Tarabuste","price":2000,"published_date":"2004-09-14T22:00:00.000000Z","support":"Grand format","publisher_availability":1,"stock":0,"editions":[],"url":"https:\/\/quaidesbrumes.com\/ouvrage\/9782845870659\/le-bouquet-daurelie-guillaume-sabran-aurelie-de-la-selle"},{"id":"9782912528032","title":"NEUF PAYSAGES NEUFS","description":null,"authors":["Benony","Parant"],"category_codes":["1000000","1090000"],"visuals":{"large":"https:\/\/quaidesbrumes.com\/img\/book-placeholder.png","medium":"https:\/\/quaidesbrumes.com\/img\/book-placeholder.png","thumbnail":"https:\/\/quaidesbrumes.com\/img\/book-placeholder.png"},"orderable":true,"show_badge":true,"formatted_price":"55,00&nbsp;\u20ac","formatted_published_date":"1er janvier 1999","publisher_availability_label":"Sur commande","short_details":"Benony, Parant \u2014 Le Grand Os","translator":null,"weight":1101,"page_count":null,"readership":null,"editor":"Le Grand Os","price":5500,"published_date":"1998-12-31T23:00:00.000000Z","support":"Grand format","publisher_availability":1,"stock":0,"editions":[],"url":"https:\/\/quaidesbrumes.com\/ouvrage\/9782912528032\/neuf-paysages-neufs"},{"id":"9782912528001","title":"Nymphea","description":null,"authors":["Antonio Gamoneda"],"category_codes":["1000000","1090000"],"visuals":{"large":"https:\/\/quaidesbrumes.com\/img\/book-placeholder.png","medium":"https:\/\/quaidesbrumes.com\/img\/book-placeholder.png","thumbnail":"https:\/\/quaidesbrumes.com\/img\/book-placeholder.png"},"orderable":true,"show_badge":true,"formatted_price":"75,00&nbsp;\u20ac","formatted_published_date":"1er janvier 1997","publisher_availability_label":"Sur commande","short_details":"Antonio Gamoneda \u2014 Le Grand Os","translator":null,"weight":1101,"page_count":null,"readership":null,"editor":"Le Grand Os","price":7500,"published_date":"1996-12-31T23:00:00.000000Z","support":"Grand format","publisher_availability":1,"stock":0,"editions":[],"url":"https:\/\/quaidesbrumes.com\/ouvrage\/9782912528001\/nymphea"},{"id":"9782845870543","title":"Le chant des cigales - kristell loquet - suivi de le lundi au soleil","description":null,"authors":["Loquet Kristell"],"category_codes":["1000000","1090000","1090600"],"visuals":{"large":"https:\/\/images.epagine.fr\/543\/9782845870543_1_75.jpg","medium":"https:\/\/images.epagine.fr\/543\/9782845870543_1_m.jpg","thumbnail":"https:\/\/images.epagine.fr\/543\/9782845870543_1_v.jpg"},"orderable":true,"show_badge":true,"formatted_price":"12,20&nbsp;\u20ac","formatted_published_date":"20 septembre 2003","publisher_availability_label":"Sur commande","short_details":"Loquet Kristell \u2014 Tarabuste","translator":null,"weight":400,"page_count":null,"readership":null,"editor":"Tarabuste","price":1220,"published_date":"2003-09-19T22:00:00.000000Z","support":"Grand format","publisher_availability":1,"stock":0,"editions":[],"url":"https:\/\/quaidesbrumes.com\/ouvrage\/9782845870543\/le-chant-des-cigales-kristell-loquet-suivi-de-le-lundi-au-soleil"},{"id":"9782845870963","title":"Le demuni - gerard bocholier","description":null,"authors":["G\u00e9rard Bocholier"],"category_codes":["1000000","1090000","1090600"],"visuals":{"large":"https:\/\/images.epagine.fr\/963\/9782845870963_1_75.jpg","medium":"https:\/\/images.epagine.fr\/963\/9782845870963_1_m.jpg","thumbnail":"https:\/\/images.epagine.fr\/963\/9782845870963_1_v.jpg"},"orderable":true,"show_badge":true,"formatted_price":"14,00&nbsp;\u20ac","formatted_published_date":"30 septembre 2005","publisher_availability_label":"Sur commande","short_details":"G\u00e9rard Bocholier \u2014 Tarabuste","translator":null,"weight":400,"page_count":null,"readership":null,"editor":"Tarabuste","price":1400,"published_date":"2005-09-29T22:00:00.000000Z","support":"Grand format","publisher_availability":1,"stock":0,"editions":[],"url":"https:\/\/quaidesbrumes.com\/ouvrage\/9782845870963\/le-demuni-gerard-bocholier"},{"id":"9782845870666","title":"Le pli, la pluie et puis apres - lionel destremeau","description":null,"authors":["Destremeau Lionel"],"category_codes":["1000000","1090000","1090600"],"visuals":{"large":"https:\/\/images.epagine.fr\/666\/9782845870666_1_75.jpg","medium":"https:\/\/images.epagine.fr\/666\/9782845870666_1_m.jpg","thumbnail":"https:\/\/images.epagine.fr\/666\/9782845870666_1_v.jpg"},"orderable":true,"show_badge":true,"formatted_price":"15,00&nbsp;\u20ac","formatted_published_date":"15 novembre 2004","publisher_availability_label":"Sur commande","short_details":"Destremeau Lionel \u2014 Tarabuste","translator":null,"weight":400,"page_count":null,"readership":null,"editor":"Tarabuste","price":1500,"published_date":"2004-11-14T23:00:00.000000Z","support":"Grand format","publisher_availability":1,"stock":0,"editions":[],"url":"https:\/\/quaidesbrumes.com\/ouvrage\/9782845870666\/le-pli-la-pluie-et-puis-apres-lionel-destremeau"},{"id":"9782845873155","title":"Le sentier qui serpente - daniel biga","description":null,"authors":["Daniel Biga"],"category_codes":["1000000","1090000","1090600"],"visuals":{"large":"https:\/\/images.epagine.fr\/155\/9782845873155_1_75.jpg","medium":"https:\/\/images.epagine.fr\/155\/9782845873155_1_m.jpg","thumbnail":"https:\/\/images.epagine.fr\/155\/9782845873155_1_v.jpg"},"orderable":true,"show_badge":true,"formatted_price":"12,00&nbsp;\u20ac","formatted_published_date":"1er juin 2015","publisher_availability_label":"Sur commande","short_details":"Daniel Biga \u2014 Tarabuste","translator":null,"weight":250,"page_count":null,"readership":null,"editor":"Tarabuste","price":1200,"published_date":"2015-05-31T22:00:00.000000Z","support":"Grand format","publisher_availability":1,"stock":0,"editions":[],"url":"https:\/\/quaidesbrumes.com\/ouvrage\/9782845873155\/le-sentier-qui-serpente-daniel-biga"},{"id":"9782845873070","title":"Les annees pratiques - alain eludut","description":null,"authors":["Eludut Alain"],"category_codes":["1000000","1090000","1090600"],"visuals":{"large":"https:\/\/images.epagine.fr\/070\/9782845873070_1_75.jpg","medium":"https:\/\/images.epagine.fr\/070\/9782845873070_1_m.jpg","thumbnail":"https:\/\/images.epagine.fr\/070\/9782845873070_1_v.jpg"},"orderable":true,"show_badge":true,"formatted_price":"11,00&nbsp;\u20ac","formatted_published_date":"24 d\u00e9cembre 2014","publisher_availability_label":"Sur commande","short_details":"Eludut Alain \u2014 Tarabuste","translator":null,"weight":250,"page_count":null,"readership":null,"editor":"Tarabuste","price":1100,"published_date":"2014-12-23T23:00:00.000000Z","support":"Grand format","publisher_availability":1,"stock":0,"editions":[],"url":"https:\/\/quaidesbrumes.com\/ouvrage\/9782845873070\/les-annees-pratiques-alain-eludut"},{"id":"9782845871328","title":"Les iles britanniques - eric sautou","description":null,"authors":["Eric Sautou"],"category_codes":["1000000","1090000","1090600"],"visuals":{"large":"https:\/\/images.epagine.fr\/328\/9782845871328_1_75.jpg","medium":"https:\/\/images.epagine.fr\/328\/9782845871328_1_m.jpg","thumbnail":"https:\/\/images.epagine.fr\/328\/9782845871328_1_v.jpg"},"orderable":true,"show_badge":true,"formatted_price":"11,00&nbsp;\u20ac","formatted_published_date":"10 avril 2007","publisher_availability_label":"Sur commande","short_details":"Eric Sautou \u2014 Tarabuste","translator":null,"weight":500,"page_count":null,"readership":null,"editor":"Tarabuste","price":1100,"published_date":"2007-04-09T22:00:00.000000Z","support":"Grand format","publisher_availability":1,"stock":0,"editions":[],"url":"https:\/\/quaidesbrumes.com\/ouvrage\/9782845871328\/les-iles-britanniques-eric-sautou"},{"id":"9782343044422","title":"100 po\u00e8mes donn\u00e9s au vent ; suite de po\u00e8mes","description":"L'auteur Jean-Pierre Bigeault, psychop\u00e9dagogue puis psychanalyste, n'a c\u00e9ss\u00e9 de regarder le monde en po\u00e8te. Son nouveau recueil r\u00e9unit une suite de po\u00e8mes destin\u00e9s \u00e0 un ami mourant. Aussi, ce livre lui est d\u00e9di\u00e9.\r","authors":["Jean-Pierre Bigeault"],"category_codes":["1000000","1090000"],"visuals":{"large":"https:\/\/images.epagine.fr\/422\/9782343044422_1_75.jpg","medium":"https:\/\/images.epagine.fr\/422\/9782343044422_1_m.jpg","thumbnail":"https:\/\/images.epagine.fr\/422\/9782343044422_1_v.jpg"},"orderable":true,"show_badge":true,"formatted_price":"19,00&nbsp;\u20ac","formatted_published_date":"23 septembre 2014","publisher_availability_label":"Sur commande","short_details":"Jean-Pierre Bigeault \u2014 \u00c9ditions L'Harmattan","translator":null,"weight":215,"page_count":178,"readership":null,"editor":"\u00c9ditions L'Harmattan","price":1900,"published_date":"2014-09-22T22:00:00.000000Z","support":"Grand format","publisher_availability":1,"stock":0,"editions":[],"url":"https:\/\/quaidesbrumes.com\/ouvrage\/9782343044422\/100-poemes-donnes-au-vent-suite-de-poemes"},{"id":"9782365801683","title":"La porte d'Herm\u00e9s ; po\u00e8mes alchimiques ; bleu de cendres","description":"Les po\u00e8mes de la premi\u00e8re partie de ce recueil rel\u00e8vent d'une conception spirituelle, voir mystique, de l'alchimie ; une vision somme toute plus sp\u00e9culative qu'op\u00e9rative qui appelle avant tout \u00e0 une asc\u00e8se int\u00e9rieure. C'est en lui-m\u00eame et en lui seul que l'alchimiste doit transmuer le plomb en or. C'est en travaillant sur lui-m\u00eame, sur sa \"materia prima\", en s\u00e9parant le subtil de l'\u00e9pais, qu'il parviendra \u00e0 une r\u00e9g\u00e9n\u00e9ration spirituelle, au Grand oeuvre.\r\nChacun pourra se reconna\u00eetre dans la deuxi\u00e8me partie du recueil, nourrit par la Vie, le long cheminement de notre humanit\u00e9. La po\u00e9sie ignore le carc\u00e9ral des mots. C'est un suppl\u00e9ment d'\u00e2me. Elle nous permet d'aller \u00e0 l'essence des choses. Il faut l\u00e2cher les oiseaux qui dorment dans les mots. lib\u00e9rer le souffle. \u00catre toujours dans ce feu qui br\u00fble. de l'infini dans la limite.\r","authors":["Florence Ferrari"],"category_codes":["1000000","1090000"],"visuals":{"large":"https:\/\/images.epagine.fr\/683\/9782365801683_1_75.jpg","medium":"https:\/\/images.epagine.fr\/683\/9782365801683_1_m.jpg","thumbnail":"https:\/\/images.epagine.fr\/683\/9782365801683_1_v.jpg"},"orderable":true,"show_badge":true,"formatted_price":"15,00&nbsp;\u20ac","formatted_published_date":"29 septembre 2014","publisher_availability_label":"Sur commande","short_details":"Florence Ferrari \u2014 Liber Faber","translator":null,"weight":250,"page_count":null,"readership":null,"editor":"Liber Faber","price":1500,"published_date":"2014-09-28T22:00:00.000000Z","support":"Grand format","publisher_availability":1,"stock":0,"editions":[],"url":"https:\/\/quaidesbrumes.com\/ouvrage\/9782365801683\/la-porte-dhermes-poemes-alchimiques-bleu-de-cendres"},{"id":"9782365801478","title":"Une vie en ballades","description":"\u00ab Pour moi, la po\u00e9sie, telle qu'il m'est \u00e0 coeur de m'en exprimer et tout \u00e0 la main, c'est un combat existentiel, un combat pour le libre arbitre, la sauvegarde d'encore un peu d'amour, une \u00e9mancipation possible de l'individu dans toute collectivit\u00e9.\r\nTout \u00eatre humain a droit \u00e0 sa propre histoire et dans l'Histoire. Je m'en remets souvent de la mienne sensiblement au ciel dans un espoir de tol\u00e9rance, de commis\u00e9ration. \u00bb\r","authors":["Jean-max Gallo"],"category_codes":["1000000","1090000","1090600"],"visuals":{"large":"https:\/\/images.epagine.fr\/478\/9782365801478_1_75.jpg","medium":"https:\/\/images.epagine.fr\/478\/9782365801478_1_m.jpg","thumbnail":"https:\/\/images.epagine.fr\/478\/9782365801478_1_v.jpg"},"orderable":true,"show_badge":true,"formatted_price":"15,00&nbsp;\u20ac","formatted_published_date":"29 septembre 2014","publisher_availability_label":"Sur commande","short_details":"Jean-max Gallo \u2014 Liber Faber","translator":null,"weight":250,"page_count":null,"readership":null,"editor":"Liber Faber","price":1500,"published_date":"2014-09-28T22:00:00.000000Z","support":"Grand format","publisher_availability":1,"stock":0,"editions":[],"url":"https:\/\/quaidesbrumes.com\/ouvrage\/9782365801478\/une-vie-en-ballades"}]}