{"data":[{"id":"9782908138290","title":"Colin-maillard - louis calaferte - 1962-1969","description":null,"authors":["Louis Calaferte"],"category_codes":["1000000","1090000","1090600"],"visuals":{"large":"https:\/\/images.epagine.fr\/290\/9782908138290_1_75.jpg","medium":"https:\/\/images.epagine.fr\/290\/9782908138290_1_m.jpg","thumbnail":"https:\/\/images.epagine.fr\/290\/9782908138290_1_v.jpg"},"orderable":true,"show_badge":true,"formatted_price":"9,00&nbsp;\u20ac","formatted_published_date":"30 novembre 1995","publisher_availability_label":"Sur commande","short_details":"Louis Calaferte \u2014 Tarabuste","translator":null,"weight":400,"page_count":null,"readership":null,"editor":"Tarabuste","price":900,"published_date":"1995-11-29T23:00:00.000000Z","support":"Grand format","publisher_availability":1,"stock":0,"editions":[],"url":"https:\/\/quaidesbrumes.com\/ouvrage\/9782908138290\/colin-maillard-louis-calaferte-1962-1969"},{"id":"9782845872226","title":"Comme un nuage au fond des yeux - genevieve le coeur","description":null,"authors":["Le Coeur Genevieve"],"category_codes":["1000000","1090000","1090600"],"visuals":{"large":"https:\/\/images.epagine.fr\/226\/9782845872226_1_75.jpg","medium":"https:\/\/images.epagine.fr\/226\/9782845872226_1_m.jpg","thumbnail":"https:\/\/images.epagine.fr\/226\/9782845872226_1_v.jpg"},"orderable":true,"show_badge":true,"formatted_price":"12,00&nbsp;\u20ac","formatted_published_date":"27 juin 2011","publisher_availability_label":"Sur commande","short_details":"Le Coeur Genevieve \u2014 Tarabuste","translator":null,"weight":500,"page_count":null,"readership":null,"editor":"Tarabuste","price":1200,"published_date":"2011-06-26T22:00:00.000000Z","support":"Grand format","publisher_availability":1,"stock":0,"editions":[],"url":"https:\/\/quaidesbrumes.com\/ouvrage\/9782845872226\/comme-un-nuage-au-fond-des-yeux-genevieve-le-coeur"},{"id":"9782845871083","title":"Contre-feux - jean-pierre caumeil","description":null,"authors":["Caumeil Jean-Pierre"],"category_codes":["1000000","1090000","1090600"],"visuals":{"large":"https:\/\/images.epagine.fr\/083\/9782845871083_1_75.jpg","medium":"https:\/\/images.epagine.fr\/083\/9782845871083_1_m.jpg","thumbnail":"https:\/\/images.epagine.fr\/083\/9782845871083_1_v.jpg"},"orderable":true,"show_badge":true,"formatted_price":"12,00&nbsp;\u20ac","formatted_published_date":"30 juin 2006","publisher_availability_label":"Sur commande","short_details":"Caumeil Jean-Pierre \u2014 Tarabuste","translator":null,"weight":500,"page_count":null,"readership":null,"editor":"Tarabuste","price":1200,"published_date":"2006-06-29T22:00:00.000000Z","support":"Grand format","publisher_availability":1,"stock":0,"editions":[],"url":"https:\/\/quaidesbrumes.com\/ouvrage\/9782845871083\/contre-feux-jean-pierre-caumeil"},{"id":"9791092697056","title":"Lilith ou les confidences d'une ingenue","description":null,"authors":["M Ann"],"category_codes":["1000000","1090000"],"visuals":{"large":"https:\/\/quaidesbrumes.com\/img\/book-placeholder.png","medium":"https:\/\/quaidesbrumes.com\/img\/book-placeholder.png","thumbnail":"https:\/\/quaidesbrumes.com\/img\/book-placeholder.png"},"orderable":true,"show_badge":true,"formatted_price":"13,00&nbsp;\u20ac","formatted_published_date":"9 octobre 2013","publisher_availability_label":"Sur commande","short_details":"M Ann \u2014 Ann M","translator":null,"weight":108,"page_count":null,"readership":null,"editor":"Ann M","price":1300,"published_date":"2013-10-08T22:00:00.000000Z","support":"Grand format","publisher_availability":1,"stock":0,"editions":[],"url":"https:\/\/quaidesbrumes.com\/ouvrage\/9791092697056\/lilith-ou-les-confidences-dune-ingenue"},{"id":"9791092697018","title":"L'escalier","description":null,"authors":["M Ann"],"category_codes":["1000000","1090000"],"visuals":{"large":"https:\/\/quaidesbrumes.com\/img\/book-placeholder.png","medium":"https:\/\/quaidesbrumes.com\/img\/book-placeholder.png","thumbnail":"https:\/\/quaidesbrumes.com\/img\/book-placeholder.png"},"orderable":true,"show_badge":true,"formatted_price":"12,00&nbsp;\u20ac","formatted_published_date":"15 mai 2013","publisher_availability_label":"Sur commande","short_details":"M Ann \u2014 Ann M","translator":null,"weight":150,"page_count":null,"readership":null,"editor":"Ann M","price":1200,"published_date":"2013-05-14T22:00:00.000000Z","support":"Grand format","publisher_availability":1,"stock":0,"editions":[],"url":"https:\/\/quaidesbrumes.com\/ouvrage\/9791092697018\/lescalier"},{"id":"9782908138856","title":"Cours des choses - louis calaferte - suivi de c'est comme ca","description":null,"authors":["Louis Calaferte"],"category_codes":["1000000","1090000","1090600"],"visuals":{"large":"https:\/\/images.epagine.fr\/856\/9782908138856_1_75.jpg","medium":"https:\/\/images.epagine.fr\/856\/9782908138856_1_m.jpg","thumbnail":"https:\/\/images.epagine.fr\/856\/9782908138856_1_v.jpg"},"orderable":true,"show_badge":true,"formatted_price":"9,00&nbsp;\u20ac","formatted_published_date":"15 d\u00e9cembre 1998","publisher_availability_label":"Sur commande","short_details":"Louis Calaferte \u2014 Tarabuste","translator":null,"weight":400,"page_count":null,"readership":null,"editor":"Tarabuste","price":900,"published_date":"1998-12-14T23:00:00.000000Z","support":"Grand format","publisher_availability":1,"stock":0,"editions":[],"url":"https:\/\/quaidesbrumes.com\/ouvrage\/9782908138856\/cours-des-choses-louis-calaferte-suivi-de-cest-comme-ca"},{"id":"9782368683040","title":"Un certain vertige","description":"Un certain vertige est n\u00e9 de rencontres crois\u00e9es. G\u00e9rard Le Gouic et Didier Collobert avaient d\u00e9j\u00e0 collabor\u00e9 dans l'ouvrage Des arbres, des oiseaux, du ciel aux \u00e9ditions Sac \u00e0 mots. Unissant \u00e0 nouveau leurs ha\u00efkus et leurs dessins respectifs, ils ont propos\u00e9 \u00e0 Florence Houssais de les rejoindre.\r\nC'est ici le mariage de deux po\u00e9sies, celle de G\u00e9rard Le Gouic, le grand po\u00e8te, virtuose des mots et de Florence Houssais, Prix du Coeur au concours international de Vaison-la-Romaine organis\u00e9 par la revue \u00ab Portique \u00bb. Leurs po\u00e8mes sont illustr\u00e9s par Didier Collobert dont la main de chat n'effraie pas les oiseaux qu'il dessine \u00e0 l'encre de chine.\r\nLire Un certain vertige c'est se hisser en haut des cimes, dans les verts feuillages de la po\u00e9sie, se laisser griser par le chant des oiseaux dans des po\u00e8mes qui parlent avant tout des hommes.","authors":["G\u00e9rard Le Gouic"],"category_codes":["1000000","1090000","1090600"],"visuals":{"large":"https:\/\/images.epagine.fr\/040\/9782368683040_1_75.jpg","medium":"https:\/\/images.epagine.fr\/040\/9782368683040_1_m.jpg","thumbnail":"https:\/\/images.epagine.fr\/040\/9782368683040_1_v.jpg"},"orderable":true,"show_badge":true,"formatted_price":"11,00&nbsp;\u20ac","formatted_published_date":"18 juillet 2014","publisher_availability_label":"Sur commande","short_details":"G\u00e9rard Le Gouic \u2014 Stellamaris","translator":null,"weight":115,"page_count":67,"readership":null,"editor":"Stellamaris","price":1100,"published_date":"2014-07-17T22:00:00.000000Z","support":"Grand format","publisher_availability":1,"stock":0,"editions":[],"url":"https:\/\/quaidesbrumes.com\/ouvrage\/9782368683040\/un-certain-vertige"},{"id":"9782952912877","title":"La lumi\u00e8re sur le seuil - Licht auf der Schwelle","description":"Po\u00e9sie contemporaine sur l'absence, l'oubli et le temps.\r\nDans ce recueil de po\u00e8mes regroup\u00e9s en deux parties, Baptiste Cogitore donne \u00e0 voir un monde d\u00e9sert\u00e9 par la parole et ses mirages. Dans ce lieu d\u00e9mystifi\u00e9 o\u00f9 survivent des fragments de chants, la seconde section r\u00e9invente un univers o\u00f9 la po\u00e9sie gagne en lucidit\u00e9, dans le jeu des saisons, de l'oubli et du temps. Narrative ou impressionniste, la po\u00e9sie de La Lumi\u00e8re sur le seuil s'inscrit dans une recherche esth\u00e9tique inspir\u00e9e par Yves Bonnefoy, Philippe Jaccottet, Ren\u00e9 Char ou encore Octavio Paz.\r\n\r\nTraduction du texte fran\u00e7ais en allemand par Ingrid Harting.","authors":["Cogitore Baptiste"],"category_codes":["1000000","1090000","1090600"],"visuals":{"large":"https:\/\/images.epagine.fr\/877\/9782952912877_1_75.jpg","medium":"https:\/\/images.epagine.fr\/877\/9782952912877_1_m.jpg","thumbnail":"https:\/\/images.epagine.fr\/877\/9782952912877_1_v.jpg"},"orderable":true,"show_badge":true,"formatted_price":"16,00&nbsp;\u20ac","formatted_published_date":"15 mars 2012","publisher_availability_label":"Sur commande","short_details":"Cogitore Baptiste \u2014 Rodeo D'Ame","translator":null,"weight":170,"page_count":184,"readership":null,"editor":"Rodeo D'Ame","price":1600,"published_date":"2012-03-14T23:00:00.000000Z","support":"Grand format","publisher_availability":1,"stock":0,"editions":[],"url":"https:\/\/quaidesbrumes.com\/ouvrage\/9782952912877\/la-lumiere-sur-le-seuil-licht-auf-der-schwelle"},{"id":"9782910796204","title":"Figure de l\u2019absence","description":"Prix de traduction Alain Bosquet 2014. \u00abOn p\u00e9n\u00e8tre silencieusement dans cet univers, pour plonger dans les profondeurs c\u00e9lestes de la mer ou s'\u00e9lever dans un ciel liquide, deux dimensions o\u00f9 l'on croise, en proie \u00e0 la m\u00eame absence-pr\u00e9sence, les petites filles d'Alice au Pays des Morts\u00bb Vassilis Vassilikos","authors":["Yannis Ritsos"],"category_codes":["1000000","1090000"],"visuals":{"large":"https:\/\/images.epagine.fr\/204\/9782910796204_1_75.jpg","medium":"https:\/\/images.epagine.fr\/204\/9782910796204_1_m.jpg","thumbnail":"https:\/\/images.epagine.fr\/204\/9782910796204_1_v.jpg"},"orderable":true,"show_badge":true,"formatted_price":"19,00&nbsp;\u20ac","formatted_published_date":"15 f\u00e9vrier 2013","publisher_availability_label":"Sur commande","short_details":"Yannis Ritsos \u2014 Myriam Solal","translator":null,"weight":111,"page_count":82,"readership":null,"editor":"Myriam Solal","price":1900,"published_date":"2013-02-14T23:00:00.000000Z","support":"Grand format","publisher_availability":1,"stock":0,"editions":[],"url":"https:\/\/quaidesbrumes.com\/ouvrage\/9782910796204\/figure-de-labsence"},{"id":"9782845870567","title":"Dernier stade - remi faye","description":null,"authors":["R\u00e9mi Faye"],"category_codes":["1000000","1090000","1090600"],"visuals":{"large":"https:\/\/images.epagine.fr\/567\/9782845870567_1_75.jpg","medium":"https:\/\/images.epagine.fr\/567\/9782845870567_1_m.jpg","thumbnail":"https:\/\/images.epagine.fr\/567\/9782845870567_1_v.jpg"},"orderable":true,"show_badge":true,"formatted_price":"10,00&nbsp;\u20ac","formatted_published_date":"20 d\u00e9cembre 2003","publisher_availability_label":"Sur commande","short_details":"R\u00e9mi Faye \u2014 Tarabuste","translator":null,"weight":250,"page_count":null,"readership":null,"editor":"Tarabuste","price":1000,"published_date":"2003-12-19T23:00:00.000000Z","support":"Grand format","publisher_availability":1,"stock":0,"editions":[],"url":"https:\/\/quaidesbrumes.com\/ouvrage\/9782845870567\/dernier-stade-remi-faye"},{"id":"9782845871229","title":"Desir d'antigone - claudine hunault","description":null,"authors":["Claudine Hunault"],"category_codes":["1000000","1090000","1090600"],"visuals":{"large":"https:\/\/images.epagine.fr\/229\/9782845871229_1_75.jpg","medium":"https:\/\/images.epagine.fr\/229\/9782845871229_1_m.jpg","thumbnail":"https:\/\/images.epagine.fr\/229\/9782845871229_1_v.jpg"},"orderable":true,"show_badge":true,"formatted_price":"8,00&nbsp;\u20ac","formatted_published_date":"20 septembre 2006","publisher_availability_label":"Sur commande","short_details":"Claudine Hunault \u2014 Tarabuste","translator":null,"weight":250,"page_count":null,"readership":null,"editor":"Tarabuste","price":800,"published_date":"2006-09-19T22:00:00.000000Z","support":"Grand format","publisher_availability":1,"stock":0,"editions":[],"url":"https:\/\/quaidesbrumes.com\/ouvrage\/9782845871229\/desir-dantigone-claudine-hunault"},{"id":"9782908138283","title":"Diabolo - louis calaferte - suivi de chat perche","description":null,"authors":["Louis Calaferte"],"category_codes":["1000000","1090000","1090600"],"visuals":{"large":"https:\/\/images.epagine.fr\/283\/9782908138283_1_75.jpg","medium":"https:\/\/images.epagine.fr\/283\/9782908138283_1_m.jpg","thumbnail":"https:\/\/images.epagine.fr\/283\/9782908138283_1_v.jpg"},"orderable":true,"show_badge":true,"formatted_price":"10,00&nbsp;\u20ac","formatted_published_date":"22 f\u00e9vrier 1996","publisher_availability_label":"Sur commande","short_details":"Louis Calaferte \u2014 Tarabuste","translator":null,"weight":400,"page_count":null,"readership":null,"editor":"Tarabuste","price":1000,"published_date":"1996-02-21T23:00:00.000000Z","support":"Grand format","publisher_availability":1,"stock":0,"editions":[],"url":"https:\/\/quaidesbrumes.com\/ouvrage\/9782908138283\/diabolo-louis-calaferte-suivi-de-chat-perche"},{"id":"9782845870680","title":"Diev - georges merillon","description":null,"authors":["Merillon Georges"],"category_codes":["1000000","1090000","1090600"],"visuals":{"large":"https:\/\/images.epagine.fr\/680\/9782845870680_1_75.jpg","medium":"https:\/\/images.epagine.fr\/680\/9782845870680_1_m.jpg","thumbnail":"https:\/\/images.epagine.fr\/680\/9782845870680_1_v.jpg"},"orderable":true,"show_badge":true,"formatted_price":"12,00&nbsp;\u20ac","formatted_published_date":"15 septembre 2004","publisher_availability_label":"Sur commande","short_details":"Merillon Georges \u2014 Tarabuste","translator":null,"weight":600,"page_count":null,"readership":null,"editor":"Tarabuste","price":1200,"published_date":"2004-09-14T22:00:00.000000Z","support":"Grand format","publisher_availability":1,"stock":0,"editions":[],"url":"https:\/\/quaidesbrumes.com\/ouvrage\/9782845870680\/diev-georges-merillon"},{"id":"9782845871595","title":"Dire migrateur - lionel-edouard martin","description":null,"authors":["Martin L-E."],"category_codes":["1000000","1090000","1090600"],"visuals":{"large":"https:\/\/images.epagine.fr\/595\/9782845871595_1_75.jpg","medium":"https:\/\/images.epagine.fr\/595\/9782845871595_1_m.jpg","thumbnail":"https:\/\/images.epagine.fr\/595\/9782845871595_1_v.jpg"},"orderable":true,"show_badge":true,"formatted_price":"13,00&nbsp;\u20ac","formatted_published_date":"22 mai 2008","publisher_availability_label":"Sur commande","short_details":"Martin L-E. \u2014 Tarabuste","translator":null,"weight":500,"page_count":null,"readership":null,"editor":"Tarabuste","price":1300,"published_date":"2008-05-21T22:00:00.000000Z","support":"Grand format","publisher_availability":1,"stock":0,"editions":[],"url":"https:\/\/quaidesbrumes.com\/ouvrage\/9782845871595\/dire-migrateur-lionel-edouard-martin"},{"id":"9782845872288","title":"Divers avant l'hiver - alain lance","description":null,"authors":["Alain Lance"],"category_codes":["1000000","1090000","1090600"],"visuals":{"large":"https:\/\/images.epagine.fr\/288\/9782845872288_1_75.jpg","medium":"https:\/\/images.epagine.fr\/288\/9782845872288_1_m.jpg","thumbnail":"https:\/\/images.epagine.fr\/288\/9782845872288_1_v.jpg"},"orderable":true,"show_badge":true,"formatted_price":"12,00&nbsp;\u20ac","formatted_published_date":"15 septembre 2011","publisher_availability_label":"Sur commande","short_details":"Alain Lance \u2014 Tarabuste","translator":null,"weight":400,"page_count":null,"readership":null,"editor":"Tarabuste","price":1200,"published_date":"2011-09-14T22:00:00.000000Z","support":"Grand format","publisher_availability":1,"stock":0,"editions":[],"url":"https:\/\/quaidesbrumes.com\/ouvrage\/9782845872288\/divers-avant-lhiver-alain-lance"},{"id":"9782845870130","title":"Echelles - remi froger","description":null,"authors":["R\u00e9mi Froger"],"category_codes":["1000000","1090000","1090600"],"visuals":{"large":"https:\/\/images.epagine.fr\/130\/9782845870130_1_75.jpg","medium":"https:\/\/images.epagine.fr\/130\/9782845870130_1_m.jpg","thumbnail":"https:\/\/images.epagine.fr\/130\/9782845870130_1_v.jpg"},"orderable":true,"show_badge":true,"formatted_price":"9,00&nbsp;\u20ac","formatted_published_date":"1er d\u00e9cembre 2000","publisher_availability_label":"Sur commande","short_details":"R\u00e9mi Froger \u2014 Tarabuste","translator":null,"weight":400,"page_count":null,"readership":null,"editor":"Tarabuste","price":900,"published_date":"2000-11-30T23:00:00.000000Z","support":"Grand format","publisher_availability":1,"stock":0,"editions":[],"url":"https:\/\/quaidesbrumes.com\/ouvrage\/9782845870130\/echelles-remi-froger"},{"id":"9782343029832","title":"F\u00e9minin ; po\u00e9sie","description":"Dans cette \u00e9chapp\u00e9e en terre f\u00e9minine, la rencontre avec les mots dessine un voyage en forme d'apprentissage. Un monde sensible affirme son existence. Une parole prend naissance dans l'argile g\u00e9n\u00e9reuse. De f\u00e9minin \u00e0 Marge, la navigation ouvre sur le large, l'inconnu, l'insoup\u00e7onn\u00e9e.","authors":["Fran\u00e7ois Aug\u00e9"],"category_codes":["1000000","1090000"],"visuals":{"large":"https:\/\/images.epagine.fr\/832\/9782343029832_1_75.jpg","medium":"https:\/\/images.epagine.fr\/832\/9782343029832_1_m.jpg","thumbnail":"https:\/\/images.epagine.fr\/832\/9782343029832_1_v.jpg"},"orderable":true,"show_badge":true,"formatted_price":"16,50&nbsp;\u20ac","formatted_published_date":"11 mars 2014","publisher_availability_label":"Sur commande","short_details":"Fran\u00e7ois Aug\u00e9 \u2014 \u00c9ditions L'Harmattan","translator":null,"weight":200,"page_count":162,"readership":null,"editor":"\u00c9ditions L'Harmattan","price":1650,"published_date":"2014-03-10T23:00:00.000000Z","support":"Grand format","publisher_availability":1,"stock":0,"editions":[],"url":"https:\/\/quaidesbrumes.com\/ouvrage\/9782343029832\/feminin-poesie"},{"id":"9782705688554","title":"Rousseau, le chemin de ronde","description":"\u00ab Toutes mes id\u00e9es sont en images \u00bb, \u00e9crit Rousseau \u00e0 la fin du livre IV des Confessions. Sans pr\u00e9c\u00e9dent dans la litt\u00e9rature, ce spectacle mental nous concerne tous car la sc\u00e8ne du for int\u00e9rieur est universelle. \u00c9crire serait chercher l'idiome de ce qui reste l\u00e0 en souffrance, puisque le plus sensible est le moins dicible. \u00ab Il faudrait pour ce que j'ai \u00e0 dire inventer un langage \u00bb, dit encore Rousseau, qui pense en \u00e9crivain autant qu'il \u00e9crit en penseur. Il a cherch\u00e9 un langage qui creuserait le temps, une parole qui se souviendrait de la perte ; depuis le Discours sur les sciences et les arts jusqu'aux R\u00eaveries du promeneur solitaire, cette oeuvre nous parle de la profondeur d'oubli dans laquelle il faut descendre pour simplement acc\u00e9der \u00e0 la nature humaine. Ce chemin de ronde est un th\u00e9\u00e2tre de m\u00e9moire.","authors":["Jean-fran\u00e7ois Perrin"],"category_codes":["1000000","1090000","1090300"],"visuals":{"large":"https:\/\/images.epagine.fr\/554\/9782705688554_1_75.jpg","medium":"https:\/\/images.epagine.fr\/554\/9782705688554_1_m.jpg","thumbnail":"https:\/\/images.epagine.fr\/554\/9782705688554_1_v.jpg"},"orderable":true,"show_badge":true,"formatted_price":"39,00&nbsp;\u20ac","formatted_published_date":"23 avril 2014","publisher_availability_label":"Sur commande","short_details":"Jean-fran\u00e7ois Perrin \u2014 Hermann","translator":null,"weight":604,"page_count":476,"readership":null,"editor":"Hermann","price":3900,"published_date":"2014-04-22T22:00:00.000000Z","support":"Grand format","publisher_availability":1,"stock":0,"editions":[],"url":"https:\/\/quaidesbrumes.com\/ouvrage\/9782705688554\/rousseau-le-chemin-de-ronde"},{"id":"9782312020297","title":"L'arbre \u00e0 po\u00e8mes, plus de 300 po\u00e8mes d'un ado","description":"Les gens luttent toute leur vie pour laisser leurs empreintes dans l'histoire du monde.\r\nMoi je lutte, pour laisser les miennes dans le coeur des gens","authors":["Anthony Laurent"],"category_codes":["1000000","1090000"],"visuals":{"large":"https:\/\/images.epagine.fr\/297\/9782312020297_1_75.jpg","medium":"https:\/\/images.epagine.fr\/297\/9782312020297_1_m.jpg","thumbnail":"https:\/\/images.epagine.fr\/297\/9782312020297_1_v.jpg"},"orderable":true,"show_badge":true,"formatted_price":"20,00&nbsp;\u20ac","formatted_published_date":"28 f\u00e9vrier 2014","publisher_availability_label":"Sur commande","short_details":"Anthony Laurent \u2014 Editions du Net","translator":null,"weight":756,"page_count":420,"readership":null,"editor":"Editions du Net","price":2000,"published_date":"2014-02-27T23:00:00.000000Z","support":"Grand format","publisher_availability":1,"stock":0,"editions":[],"url":"https:\/\/quaidesbrumes.com\/ouvrage\/9782312020297\/larbre-a-poemes-plus-de-300-poemes-dun-ado"},{"id":"9782312021126","title":"En rime de l'ab\u00eeme \u00e0 la cime","description":"... Le corollaire de cette situation est la perte par les jeunes (et les moins jeunes), du go\u00fbt de l'id\u00e9al, du beau, du po\u00e9tique, du sacr\u00e9, de l'absolu ; que la plupart consid\u00e8rent aujourd'hui comme \u00ab vieux-jeu \u00bb ou \u00ab ringard \u00bb. Et pourtant le constat est bien l\u00e0 : plus on s'\u00e9loigne de la morale et du vertueux, plus les conditions psychiques de l'homme se d\u00e9gradent ; ce ne sont pas les taux de criminalit\u00e9, de toxicologie, de comportements pervers ou encore de suicides sans cesse croissants, qui d\u00e9montreront le contraire. Cependant, nous pensons que tout espoir n'est pour autant pas perdu, la flamme de la vertu n'est pas totalement \u00e9teinte et elle m\u00e9rite d'\u00eatre entretenue, peut-\u00eatre embrasera-t-elle un jour un grand nombre de coeurs ? C'est dans le but d'entretenir cette flamme que cet ouvrage a \u00e9t\u00e9 propos\u00e9. \u00bb","authors":["Massongo Massongo"],"category_codes":["1000000","1090000"],"visuals":{"large":"https:\/\/images.epagine.fr\/126\/9782312021126_1_75.jpg","medium":"https:\/\/images.epagine.fr\/126\/9782312021126_1_m.jpg","thumbnail":"https:\/\/images.epagine.fr\/126\/9782312021126_1_v.jpg"},"orderable":true,"show_badge":true,"formatted_price":"12,00&nbsp;\u20ac","formatted_published_date":"24 f\u00e9vrier 2014","publisher_availability_label":"Sur commande","short_details":"Massongo Massongo \u2014 Editions du Net","translator":null,"weight":82,"page_count":78,"readership":null,"editor":"Editions du Net","price":1200,"published_date":"2014-02-23T23:00:00.000000Z","support":"Grand format","publisher_availability":1,"stock":0,"editions":["9782343080390"],"url":"https:\/\/quaidesbrumes.com\/ouvrage\/9782312021126\/en-rime-de-labime-a-la-cime"},{"id":"9782845870017","title":"Failles fertiles du poeme - jamel eddine bencheikh","description":null,"authors":["Bencheikh J E."],"category_codes":["1000000","1090000","1090600"],"visuals":{"large":"https:\/\/images.epagine.fr\/017\/9782845870017_1_75.jpg","medium":"https:\/\/images.epagine.fr\/017\/9782845870017_1_m.jpg","thumbnail":"https:\/\/images.epagine.fr\/017\/9782845870017_1_v.jpg"},"orderable":true,"show_badge":true,"formatted_price":"12,20&nbsp;\u20ac","formatted_published_date":"16 d\u00e9cembre 1999","publisher_availability_label":"Sur commande","short_details":"Bencheikh J E. \u2014 Tarabuste","translator":null,"weight":800,"page_count":null,"readership":null,"editor":"Tarabuste","price":1220,"published_date":"1999-12-15T23:00:00.000000Z","support":"Grand format","publisher_availability":1,"stock":0,"editions":[],"url":"https:\/\/quaidesbrumes.com\/ouvrage\/9782845870017\/failles-fertiles-du-poeme-jamel-eddine-bencheikh"},{"id":"9782845872509","title":"G. isthme de mon amour - louis calaferte","description":null,"authors":["Louis Calaferte"],"category_codes":["1000000","1090000","1090600"],"visuals":{"large":"https:\/\/images.epagine.fr\/509\/9782845872509_1_75.jpg","medium":"https:\/\/images.epagine.fr\/509\/9782845872509_1_m.jpg","thumbnail":"https:\/\/images.epagine.fr\/509\/9782845872509_1_v.jpg"},"orderable":true,"show_badge":true,"formatted_price":"15,00&nbsp;\u20ac","formatted_published_date":"5 juin 2012","publisher_availability_label":"Sur commande","short_details":"Louis Calaferte \u2014 Tarabuste","translator":null,"weight":800,"page_count":null,"readership":null,"editor":"Tarabuste","price":1500,"published_date":"2012-06-04T22:00:00.000000Z","support":"Grand format","publisher_availability":1,"stock":0,"editions":[],"url":"https:\/\/quaidesbrumes.com\/ouvrage\/9782845872509\/g-isthme-de-mon-amour-louis-calaferte"},{"id":"9782908138443","title":"Greffes du temps - louis calaferte","description":null,"authors":["Louis Calaferte"],"category_codes":["1000000","1090000","1090600"],"visuals":{"large":"https:\/\/images.epagine.fr\/443\/9782908138443_1_75.jpg","medium":"https:\/\/images.epagine.fr\/443\/9782908138443_1_m.jpg","thumbnail":"https:\/\/images.epagine.fr\/443\/9782908138443_1_v.jpg"},"orderable":true,"show_badge":true,"formatted_price":"9,00&nbsp;\u20ac","formatted_published_date":"15 septembre 1996","publisher_availability_label":"Sur commande","short_details":"Louis Calaferte \u2014 Tarabuste","translator":null,"weight":400,"page_count":null,"readership":null,"editor":"Tarabuste","price":900,"published_date":"1996-09-14T22:00:00.000000Z","support":"Grand format","publisher_availability":1,"stock":0,"editions":[],"url":"https:\/\/quaidesbrumes.com\/ouvrage\/9782908138443\/greffes-du-temps-louis-calaferte"},{"id":"9782845873261","title":"Griefs - louis dalla fior","description":null,"authors":["Louis Dalla fior"],"category_codes":["1000000","1090000","1090600"],"visuals":{"large":"https:\/\/images.epagine.fr\/261\/9782845873261_1_75.jpg","medium":"https:\/\/images.epagine.fr\/261\/9782845873261_1_m.jpg","thumbnail":"https:\/\/images.epagine.fr\/261\/9782845873261_1_v.jpg"},"orderable":true,"show_badge":true,"formatted_price":"11,00&nbsp;\u20ac","formatted_published_date":"30 novembre 2015","publisher_availability_label":"Sur commande","short_details":"Louis Dalla fior \u2014 Tarabuste","translator":null,"weight":500,"page_count":null,"readership":null,"editor":"Tarabuste","price":1100,"published_date":"2015-11-29T23:00:00.000000Z","support":"Grand format","publisher_availability":1,"stock":0,"editions":[],"url":"https:\/\/quaidesbrumes.com\/ouvrage\/9782845873261\/griefs-louis-dalla-fior"}]}