{"data":[{"id":"9782845872639","title":"Comment ca s'appelle - alexis pelletier","description":null,"authors":["Alexis Pelletier"],"category_codes":["1000000","1090000","1090600"],"visuals":{"large":"https:\/\/images.epagine.fr\/639\/9782845872639_1_75.jpg","medium":"https:\/\/images.epagine.fr\/639\/9782845872639_1_m.jpg","thumbnail":"https:\/\/images.epagine.fr\/639\/9782845872639_1_v.jpg"},"orderable":true,"show_badge":true,"formatted_price":"11,00&nbsp;\u20ac","formatted_published_date":"4 f\u00e9vrier 2013","publisher_availability_label":"Sur commande","short_details":"Alexis Pelletier \u2014 Tarabuste","translator":null,"weight":400,"page_count":null,"readership":null,"editor":"Tarabuste","price":1100,"published_date":"2013-02-03T23:00:00.000000Z","support":"Grand format","publisher_availability":1,"stock":0,"editions":[],"url":"https:\/\/quaidesbrumes.com\/ouvrage\/9782845872639\/comment-ca-sappelle-alexis-pelletier"},{"id":"9782845871021","title":"Des horizons & une seule etendue - louis dalla fior","description":null,"authors":["Louis Dalla fior"],"category_codes":["1000000","1090000","1090600"],"visuals":{"large":"https:\/\/images.epagine.fr\/021\/9782845871021_1_75.jpg","medium":"https:\/\/images.epagine.fr\/021\/9782845871021_1_m.jpg","thumbnail":"https:\/\/images.epagine.fr\/021\/9782845871021_1_v.jpg"},"orderable":true,"show_badge":true,"formatted_price":"14,00&nbsp;\u20ac","formatted_published_date":"15 d\u00e9cembre 2005","publisher_availability_label":"Sur commande","short_details":"Louis Dalla fior \u2014 Tarabuste","translator":null,"weight":400,"page_count":null,"readership":null,"editor":"Tarabuste","price":1400,"published_date":"2005-12-14T23:00:00.000000Z","support":"Grand format","publisher_availability":1,"stock":0,"editions":[],"url":"https:\/\/quaidesbrumes.com\/ouvrage\/9782845871021\/des-horizons-une-seule-etendue-louis-dalla-fior"},{"id":"9782908138702","title":"Fac simile - louis calaferte","description":null,"authors":["Louis Calaferte"],"category_codes":["1000000","1090000","1090600"],"visuals":{"large":"https:\/\/images.epagine.fr\/702\/9782908138702_1_75.jpg","medium":"https:\/\/images.epagine.fr\/702\/9782908138702_1_m.jpg","thumbnail":"https:\/\/images.epagine.fr\/702\/9782908138702_1_v.jpg"},"orderable":true,"show_badge":true,"formatted_price":"18,00&nbsp;\u20ac","formatted_published_date":"22 janvier 1998","publisher_availability_label":"Sur commande","short_details":"Louis Calaferte \u2014 Tarabuste","translator":null,"weight":400,"page_count":null,"readership":null,"editor":"Tarabuste","price":1800,"published_date":"1998-01-21T23:00:00.000000Z","support":"Grand format","publisher_availability":1,"stock":0,"editions":[],"url":"https:\/\/quaidesbrumes.com\/ouvrage\/9782908138702\/fac-simile-louis-calaferte"},{"id":"9782845870475","title":"Fluorine & barytine - paul-armand gette","description":null,"authors":["Paul-armand Gette"],"category_codes":["1000000","1090000","1090600"],"visuals":{"large":"https:\/\/images.epagine.fr\/475\/9782845870475_1_75.jpg","medium":"https:\/\/images.epagine.fr\/475\/9782845870475_1_m.jpg","thumbnail":"https:\/\/images.epagine.fr\/475\/9782845870475_1_v.jpg"},"orderable":true,"show_badge":true,"formatted_price":"8,00&nbsp;\u20ac","formatted_published_date":"1er septembre 2002","publisher_availability_label":"Sur commande","short_details":"Paul-armand Gette \u2014 Tarabuste","translator":null,"weight":200,"page_count":null,"readership":null,"editor":"Tarabuste","price":800,"published_date":"2002-08-31T22:00:00.000000Z","support":"Grand format","publisher_availability":1,"stock":0,"editions":[],"url":"https:\/\/quaidesbrumes.com\/ouvrage\/9782845870475\/fluorine-barytine-paul-armand-gette"},{"id":"9782845872905","title":"Jean de la fontaine - georges merillon - vie & oeuvre","description":null,"authors":["Merillon Georges"],"category_codes":["1000000","1090000","1090600"],"visuals":{"large":"https:\/\/images.epagine.fr\/905\/9782845872905_1_75.jpg","medium":"https:\/\/images.epagine.fr\/905\/9782845872905_1_m.jpg","thumbnail":"https:\/\/images.epagine.fr\/905\/9782845872905_1_v.jpg"},"orderable":true,"show_badge":true,"formatted_price":"11,00&nbsp;\u20ac","formatted_published_date":"15 mars 2014","publisher_availability_label":"Sur commande","short_details":"Merillon Georges \u2014 Tarabuste","translator":null,"weight":250,"page_count":null,"readership":null,"editor":"Tarabuste","price":1100,"published_date":"2014-03-14T23:00:00.000000Z","support":"Grand format","publisher_availability":1,"stock":0,"editions":[],"url":"https:\/\/quaidesbrumes.com\/ouvrage\/9782845872905\/jean-de-la-fontaine-georges-merillon-vie-oeuvre"},{"id":"9782845870741","title":"La chambre de mon fils - francoise cledat","description":null,"authors":["Fran\u00e7oise Cl\u00e9dat"],"category_codes":["1000000","1090000","1090600"],"visuals":{"large":"https:\/\/images.epagine.fr\/741\/9782845870741_1_75.jpg","medium":"https:\/\/images.epagine.fr\/741\/9782845870741_1_m.jpg","thumbnail":"https:\/\/images.epagine.fr\/741\/9782845870741_1_v.jpg"},"orderable":true,"show_badge":true,"formatted_price":"13,00&nbsp;\u20ac","formatted_published_date":"15 septembre 2004","publisher_availability_label":"Sur commande","short_details":"Fran\u00e7oise Cl\u00e9dat \u2014 Tarabuste","translator":null,"weight":400,"page_count":null,"readership":null,"editor":"Tarabuste","price":1300,"published_date":"2004-09-14T22:00:00.000000Z","support":"Grand format","publisher_availability":1,"stock":0,"editions":[],"url":"https:\/\/quaidesbrumes.com\/ouvrage\/9782845870741\/la-chambre-de-mon-fils-francoise-cledat"},{"id":"9782845870642","title":"La chute des corps - alain eludut","description":null,"authors":["Eludut Alain"],"category_codes":["1000000","1090000","1090600"],"visuals":{"large":"https:\/\/images.epagine.fr\/642\/9782845870642_1_75.jpg","medium":"https:\/\/images.epagine.fr\/642\/9782845870642_1_m.jpg","thumbnail":"https:\/\/images.epagine.fr\/642\/9782845870642_1_v.jpg"},"orderable":true,"show_badge":true,"formatted_price":"11,00&nbsp;\u20ac","formatted_published_date":"15 septembre 2004","publisher_availability_label":"Sur commande","short_details":"Eludut Alain \u2014 Tarabuste","translator":null,"weight":400,"page_count":null,"readership":null,"editor":"Tarabuste","price":1100,"published_date":"2004-09-14T22:00:00.000000Z","support":"Grand format","publisher_availability":1,"stock":0,"editions":[],"url":"https:\/\/quaidesbrumes.com\/ouvrage\/9782845870642\/la-chute-des-corps-alain-eludut"},{"id":"9782845872264","title":"La lecture d'issoudun - paul-armand gette","description":null,"authors":["Paul-armand Gette"],"category_codes":["1000000","1090000","1090600"],"visuals":{"large":"https:\/\/images.epagine.fr\/264\/9782845872264_1_75.jpg","medium":"https:\/\/images.epagine.fr\/264\/9782845872264_1_m.jpg","thumbnail":"https:\/\/images.epagine.fr\/264\/9782845872264_1_v.jpg"},"orderable":true,"show_badge":true,"formatted_price":"8,00&nbsp;\u20ac","formatted_published_date":"27 juin 2011","publisher_availability_label":"Sur commande","short_details":"Paul-armand Gette \u2014 Tarabuste","translator":null,"weight":250,"page_count":null,"readership":null,"editor":"Tarabuste","price":800,"published_date":"2011-06-26T22:00:00.000000Z","support":"Grand format","publisher_availability":1,"stock":0,"editions":[],"url":"https:\/\/quaidesbrumes.com\/ouvrage\/9782845872264\/la-lecture-dissoudun-paul-armand-gette"},{"id":"9782845872516","title":"Longchamp - max lavisky - reunion 1-course 1 : rapports speciaux","description":null,"authors":["Lavisky Max"],"category_codes":["1000000","1090000","1090600"],"visuals":{"large":"https:\/\/images.epagine.fr\/516\/9782845872516_1_75.jpg","medium":"https:\/\/images.epagine.fr\/516\/9782845872516_1_m.jpg","thumbnail":"https:\/\/images.epagine.fr\/516\/9782845872516_1_v.jpg"},"orderable":true,"show_badge":true,"formatted_price":"11,00&nbsp;\u20ac","formatted_published_date":"5 juin 2012","publisher_availability_label":"Sur commande","short_details":"Lavisky Max \u2014 Tarabuste","translator":null,"weight":250,"page_count":null,"readership":null,"editor":"Tarabuste","price":1100,"published_date":"2012-06-04T22:00:00.000000Z","support":"Grand format","publisher_availability":1,"stock":0,"editions":[],"url":"https:\/\/quaidesbrumes.com\/ouvrage\/9782845872516\/longchamp-max-lavisky-reunion-1-course-1-rapports-speciaux"},{"id":"9782845872622","title":"Noir sur blanc - dominique grandmont","description":null,"authors":["Dominique Grandmont"],"category_codes":["1000000","1090000","1090600"],"visuals":{"large":"https:\/\/images.epagine.fr\/622\/9782845872622_1_75.jpg","medium":"https:\/\/images.epagine.fr\/622\/9782845872622_1_m.jpg","thumbnail":"https:\/\/images.epagine.fr\/622\/9782845872622_1_v.jpg"},"orderable":true,"show_badge":true,"formatted_price":"11,00&nbsp;\u20ac","formatted_published_date":"15 octobre 2012","publisher_availability_label":"Sur commande","short_details":"Dominique Grandmont \u2014 Tarabuste","translator":null,"weight":400,"page_count":null,"readership":null,"editor":"Tarabuste","price":1100,"published_date":"2012-10-14T22:00:00.000000Z","support":"Grand format","publisher_availability":1,"stock":0,"editions":[],"url":"https:\/\/quaidesbrumes.com\/ouvrage\/9782845872622\/noir-sur-blanc-dominique-grandmont"},{"id":"9782845872967","title":"Quarantaine - elke de rijcke","description":null,"authors":["Elke De rijcke"],"category_codes":["1000000","1090000","1090600"],"visuals":{"large":"https:\/\/images.epagine.fr\/967\/9782845872967_1_75.jpg","medium":"https:\/\/images.epagine.fr\/967\/9782845872967_1_m.jpg","thumbnail":"https:\/\/images.epagine.fr\/967\/9782845872967_1_v.jpg"},"orderable":true,"show_badge":true,"formatted_price":"11,00&nbsp;\u20ac","formatted_published_date":"27 juin 2014","publisher_availability_label":"Sur commande","short_details":"Elke De rijcke \u2014 Tarabuste","translator":null,"weight":400,"page_count":null,"readership":null,"editor":"Tarabuste","price":1100,"published_date":"2014-06-26T22:00:00.000000Z","support":"Grand format","publisher_availability":1,"stock":0,"editions":[],"url":"https:\/\/quaidesbrumes.com\/ouvrage\/9782845872967\/quarantaine-elke-de-rijcke"},{"id":"9788490271063","title":"Poeta katalan garaikideak - antologia","description":null,"authors":[],"category_codes":["1000000","1090000","1090600"],"visuals":{"large":"https:\/\/quaidesbrumes.com\/img\/book-placeholder.png","medium":"https:\/\/quaidesbrumes.com\/img\/book-placeholder.png","thumbnail":"https:\/\/quaidesbrumes.com\/img\/book-placeholder.png"},"orderable":true,"show_badge":true,"formatted_price":"16,25&nbsp;\u20ac","formatted_published_date":"7 mai 2014","publisher_availability_label":"Sur commande","short_details":"Elkar","translator":null,"weight":401,"page_count":null,"readership":null,"editor":"Elkar","price":1625,"published_date":"2014-05-06T22:00:00.000000Z","support":"Grand format","publisher_availability":1,"stock":0,"editions":[],"url":"https:\/\/quaidesbrumes.com\/ouvrage\/9788490271063\/poeta-katalan-garaikideak-antologia"},{"id":"9782845871663","title":"Triages revue n 20","description":null,"authors":["Collectif"],"category_codes":["1000000","1090000"],"visuals":{"large":"https:\/\/quaidesbrumes.com\/img\/book-placeholder.png","medium":"https:\/\/quaidesbrumes.com\/img\/book-placeholder.png","thumbnail":"https:\/\/quaidesbrumes.com\/img\/book-placeholder.png"},"orderable":true,"show_badge":true,"formatted_price":"23,00&nbsp;\u20ac","formatted_published_date":"18 juin 2008","publisher_availability_label":"Sur commande","short_details":"Collectif \u2014 Tarabuste","translator":null,"weight":900,"page_count":null,"readership":null,"editor":"Tarabuste","price":2300,"published_date":"2008-06-17T22:00:00.000000Z","support":"Grand format","publisher_availability":1,"stock":0,"editions":[],"url":"https:\/\/quaidesbrumes.com\/ouvrage\/9782845871663\/triages-revue-n-20"},{"id":"9782876837904","title":"Le Troglodyte qui m\u00e9ditait","description":"Depuis sa demeure am\u00e9nag\u00e9e dans le roc, le troglodyte a tout loisir de porter sur le monde un regard attentif et porteur de r\u00e9flexion. \r\n\r\n- Pourquoi la for\u00eat souffre-t-elle et pourquoi les poumons de la terre transpirent-ils ? \r\n- Comment la drogue et la violence ont-elles partie li\u00e9e dans l'exclusion et la mis\u00e8re ? \r\n- Pourquoi cet homme seul, dans la rue, ne l\u00e2che-t-il plus \u00ab son ami le carton \u00bb ? \r\n\r\nTrois pistes sur lesquelles nous entra\u00eene l'auteur avec ce nouveau recueil en vers libres, image de notre soci\u00e9t\u00e9 r\u00e9v\u00e9lant un ennemi \u00e0 combattre : la Solitude.","authors":["Bernard Thaumiaux"],"category_codes":["1000000","1090000","1090600"],"visuals":{"large":"https:\/\/images.epagine.fr\/904\/9782876837904_1_75.jpg","medium":"https:\/\/images.epagine.fr\/904\/9782876837904_1_m.jpg","thumbnail":"https:\/\/images.epagine.fr\/904\/9782876837904_1_v.jpg"},"orderable":true,"show_badge":true,"formatted_price":"16,00&nbsp;\u20ac","formatted_published_date":"15 mai 2023","publisher_availability_label":"Sur commande","short_details":"Bernard Thaumiaux \u2014 La Compagnie Litt\u00e9raire","translator":null,"weight":120,"page_count":104,"readership":null,"editor":"La Compagnie Litt\u00e9raire","price":1600,"published_date":"2023-05-14T22:00:00.000000Z","support":"Grand format","publisher_availability":1,"stock":0,"editions":[],"url":"https:\/\/quaidesbrumes.com\/ouvrage\/9782876837904\/le-troglodyte-qui-meditait"},{"id":"9782845873896","title":"(...) fleurs, dedans - christophe lamiot enos","description":null,"authors":["Lamiot Enos C."],"category_codes":["1000000","1090000","1090600"],"visuals":{"large":"https:\/\/images.epagine.fr\/896\/9782845873896_1_75.jpg","medium":"https:\/\/images.epagine.fr\/896\/9782845873896_1_m.jpg","thumbnail":"https:\/\/images.epagine.fr\/896\/9782845873896_1_v.jpg"},"orderable":true,"show_badge":true,"formatted_price":"20,00&nbsp;\u20ac","formatted_published_date":"1er mars 2018","publisher_availability_label":"Sur commande","short_details":"Lamiot Enos C. \u2014 Tarabuste","translator":null,"weight":900,"page_count":null,"readership":null,"editor":"Tarabuste","price":2000,"published_date":"2018-02-28T23:00:00.000000Z","support":"Grand format","publisher_availability":1,"stock":0,"editions":[],"url":"https:\/\/quaidesbrumes.com\/ouvrage\/9782845873896\/fleurs-dedans-christophe-lamiot-enos"},{"id":"9782350738550","title":"De la substance grise ; la sp\u00e9culation organique","description":"La \u00ab substance grise \u00bb s'agglutine en amas cellulaires, dans la partie nerveuse du cerveau humain - la \u00ab sp\u00e9culation organique \u00bb n'est pas induite par activation de l'intellect, elle r\u00e9sulte des seuls r\u00e9flexes de cette r\u00e9gion c\u00e9r\u00e9brale.","authors":["Victor White"],"category_codes":["1000000","1090000"],"visuals":{"large":"https:\/\/images.epagine.fr\/550\/9782350738550_1_75.jpg","medium":"https:\/\/images.epagine.fr\/550\/9782350738550_1_m.jpg","thumbnail":"https:\/\/images.epagine.fr\/550\/9782350738550_1_v.jpg"},"orderable":true,"show_badge":true,"formatted_price":"8,00&nbsp;\u20ac","formatted_published_date":"24 janvier 2014","publisher_availability_label":"Sur commande","short_details":"Victor White \u2014 Presses Litteraires","translator":null,"weight":105,"page_count":76,"readership":null,"editor":"Presses Litteraires","price":800,"published_date":"2014-01-23T23:00:00.000000Z","support":"Grand format","publisher_availability":1,"stock":0,"editions":[],"url":"https:\/\/quaidesbrumes.com\/ouvrage\/9782350738550\/de-la-substance-grise-la-speculation-organique"},{"id":"9782951242043","title":"L'autre ici","description":"Les textes pr\u00e9sent\u00e9s dans ce livre constituent une synth\u00e8se po\u00e9tique des id\u00e9es du philosophe Emmanuel Levinas et de celles du mystique  moderne Douglas Harding.  Les th\u00e8mes de l'autre, de la conscience, de l'existence, de la mort,  de l'amour, etc., sont trait\u00e9s de mani\u00e8re originale, souvent avec un humour provocateur. La formulation paradoxale de certains po\u00e8mes rappelle la tonalit\u00e9 particuli\u00e8re des koans zen. D'autres pr\u00e9sentent un caract\u00e8re initiatique qui peut surprendre et interroger le lecteur. Ce livre s'adresse \u00e0 toutes les personnes s'int\u00e9ressant, de pr\u00e8s ou de loin, \u00e0 la philosophie ou \u00e0 une spiritualit\u00e9 de type la\u00efque mais aussi \u00e0 celles qui appr\u00e9cient le raffinement d'un langage \u00e0 la fois pr\u00e9cieux et familier.","authors":["Jean-paul Inisan"],"category_codes":["1000000","1090000","1090600"],"visuals":{"large":"https:\/\/images.epagine.fr\/043\/9782951242043_1_75.jpg","medium":"https:\/\/images.epagine.fr\/043\/9782951242043_1_m.jpg","thumbnail":"https:\/\/images.epagine.fr\/043\/9782951242043_1_v.jpg"},"orderable":true,"show_badge":true,"formatted_price":"13,00&nbsp;\u20ac","formatted_published_date":"13 mars 2015","publisher_availability_label":"Sur commande","short_details":"Jean-paul Inisan \u2014 Books on Demand","translator":null,"weight":301,"page_count":136,"readership":null,"editor":"Books on Demand","price":1300,"published_date":"2015-03-12T23:00:00.000000Z","support":"Grand format","publisher_availability":1,"stock":0,"editions":[],"url":"https:\/\/quaidesbrumes.com\/ouvrage\/9782951242043\/lautre-ici"},{"id":"9791092622119","title":"Muse toi-m\u00eame ! anthologie arbitraire de po\u00e9sie f\u00e9minine au XXIe si\u00e8cle","description":"Anthologie arbitraire de po\u00e9sie f\u00e9minine au XXIe si\u00e8cle.\r\n\r\nNADINE AGOSTINI, EDITH AZAM, PAULINE CATHERINOT, ANNE-MARIE JEANJEAN, EMMANUELLE K., CLAUDIE LENZI, ALICE POPIEUL.\r\n\r\nMuse toi-m\u00eame ! Anthologie arbitraire de po\u00e9sie f\u00e9minine au XXIe si\u00e8cle.\r\n\r\nTextes choisis et pr\u00e9sent\u00e9s par GUILHEM FABRE (po\u00e9sie), 15 avril.\r\n\r\n\u00ab Po\u00e8te, prends ton luth et me donne un baiser \u00bb ? Inspiratrice passive, la muse n'est d\u00e9finitivement plus. Certes, de Sapho \u00e0 Cahun en passant par Lab\u00e9, les femmes ne se sont jamais laiss\u00e9es cantonner au r\u00f4le passif de p\u00e2le inspiratrice. Mais en ce si\u00e8cle o\u00f9 l'on sait que personne ne na\u00eet femme - on le devient ou pas -, c'est \u00e0 pleine langue qu'elles peuvent r\u00e9pondre \u00e0 Musset : Muse toi-m\u00eame !","authors":["Collectif"],"category_codes":["1000000","1090000"],"visuals":{"large":"https:\/\/images.epagine.fr\/119\/9791092622119_1_75.jpg","medium":"https:\/\/images.epagine.fr\/119\/9791092622119_1_m.jpg","thumbnail":"https:\/\/images.epagine.fr\/119\/9791092622119_1_v.jpg"},"orderable":true,"show_badge":true,"formatted_price":"14,00&nbsp;\u20ac","formatted_published_date":"14 avril 2015","publisher_availability_label":"Sur commande","short_details":"Collectif \u2014 LE BATEAU IVRE","translator":null,"weight":200,"page_count":168,"readership":null,"editor":"LE BATEAU IVRE","price":1400,"published_date":"2015-04-13T22:00:00.000000Z","support":"Grand format","publisher_availability":1,"stock":0,"editions":[],"url":"https:\/\/quaidesbrumes.com\/ouvrage\/9791092622119\/muse-toi-meme-anthologie-arbitraire-de-poesie-feminine-au-xxie-siecle"},{"id":"9782845871748","title":"51 partitions de dominique lemaitre - alexis pelletier","description":null,"authors":["Alexis Pelletier"],"category_codes":["1000000","1090000","1090600"],"visuals":{"large":"https:\/\/images.epagine.fr\/748\/9782845871748_1_75.jpg","medium":"https:\/\/images.epagine.fr\/748\/9782845871748_1_m.jpg","thumbnail":"https:\/\/images.epagine.fr\/748\/9782845871748_1_v.jpg"},"orderable":true,"show_badge":true,"formatted_price":"13,00&nbsp;\u20ac","formatted_published_date":"15 d\u00e9cembre 2008","publisher_availability_label":"Sur commande","short_details":"Alexis Pelletier \u2014 Tarabuste","translator":null,"weight":500,"page_count":null,"readership":null,"editor":"Tarabuste","price":1300,"published_date":"2008-12-14T23:00:00.000000Z","support":"Grand format","publisher_availability":1,"stock":0,"editions":[],"url":"https:\/\/quaidesbrumes.com\/ouvrage\/9782845871748\/51-partitions-de-dominique-lemaitre-alexis-pelletier"},{"id":"9782845872295","title":"A la fenetre j'ecoute - alain eludut","description":null,"authors":["Eludut Alain"],"category_codes":["1000000","1090000","1090600"],"visuals":{"large":"https:\/\/images.epagine.fr\/295\/9782845872295_1_75.jpg","medium":"https:\/\/images.epagine.fr\/295\/9782845872295_1_m.jpg","thumbnail":"https:\/\/images.epagine.fr\/295\/9782845872295_1_v.jpg"},"orderable":true,"show_badge":true,"formatted_price":"12,00&nbsp;\u20ac","formatted_published_date":"16 septembre 2011","publisher_availability_label":"Sur commande","short_details":"Eludut Alain \u2014 Tarabuste","translator":null,"weight":400,"page_count":null,"readership":null,"editor":"Tarabuste","price":1200,"published_date":"2011-09-15T22:00:00.000000Z","support":"Grand format","publisher_availability":1,"stock":0,"editions":[],"url":"https:\/\/quaidesbrumes.com\/ouvrage\/9782845872295\/a-la-fenetre-jecoute-alain-eludut"},{"id":"9782845871243","title":"A qui le corps ? - marcel migozzi","description":null,"authors":["Marcel Migozzi"],"category_codes":["1000000","1090000","1090600"],"visuals":{"large":"https:\/\/images.epagine.fr\/243\/9782845871243_1_75.jpg","medium":"https:\/\/images.epagine.fr\/243\/9782845871243_1_m.jpg","thumbnail":"https:\/\/images.epagine.fr\/243\/9782845871243_1_v.jpg"},"orderable":true,"show_badge":true,"formatted_price":"13,00&nbsp;\u20ac","formatted_published_date":"20 septembre 2006","publisher_availability_label":"Sur commande","short_details":"Marcel Migozzi \u2014 Tarabuste","translator":null,"weight":400,"page_count":null,"readership":null,"editor":"Tarabuste","price":1300,"published_date":"2006-09-19T22:00:00.000000Z","support":"Grand format","publisher_availability":1,"stock":0,"editions":[],"url":"https:\/\/quaidesbrumes.com\/ouvrage\/9782845871243\/a-qui-le-corps-marcel-migozzi"},{"id":"9782845872455","title":"Adolescence florentine - cedric le penven","description":null,"authors":["C\u00e9dric Le Penven"],"category_codes":["1000000","1090000","1090600"],"visuals":{"large":"https:\/\/images.epagine.fr\/455\/9782845872455_1_75.jpg","medium":"https:\/\/images.epagine.fr\/455\/9782845872455_1_m.jpg","thumbnail":"https:\/\/images.epagine.fr\/455\/9782845872455_1_v.jpg"},"orderable":true,"show_badge":true,"formatted_price":"13,00&nbsp;\u20ac","formatted_published_date":"4 mai 2012","publisher_availability_label":"Sur commande","short_details":"C\u00e9dric Le Penven \u2014 Tarabuste","translator":null,"weight":400,"page_count":null,"readership":null,"editor":"Tarabuste","price":1300,"published_date":"2012-05-03T22:00:00.000000Z","support":"Grand format","publisher_availability":1,"stock":0,"editions":[],"url":"https:\/\/quaidesbrumes.com\/ouvrage\/9782845872455\/adolescence-florentine-cedric-le-penven"},{"id":"9782845871366","title":"Aka tenapa - catherine brych","description":null,"authors":["Brych Catherine"],"category_codes":["1000000","1090000","1090600"],"visuals":{"large":"https:\/\/images.epagine.fr\/366\/9782845871366_1_75.jpg","medium":"https:\/\/images.epagine.fr\/366\/9782845871366_1_m.jpg","thumbnail":"https:\/\/images.epagine.fr\/366\/9782845871366_1_v.jpg"},"orderable":true,"show_badge":true,"formatted_price":"9,00&nbsp;\u20ac","formatted_published_date":"30 octobre 2007","publisher_availability_label":"Sur commande","short_details":"Brych Catherine \u2014 Tarabuste","translator":null,"weight":400,"page_count":null,"readership":null,"editor":"Tarabuste","price":900,"published_date":"2007-10-29T23:00:00.000000Z","support":"Grand format","publisher_availability":1,"stock":0,"editions":[],"url":"https:\/\/quaidesbrumes.com\/ouvrage\/9782845871366\/aka-tenapa-catherine-brych"},{"id":"9782845870574","title":"Aucun role dans l'espece - jean-pierre georges","description":null,"authors":["Jean-pierre Georges"],"category_codes":["1000000","1090000","1090600"],"visuals":{"large":"https:\/\/images.epagine.fr\/574\/9782845870574_1_75.jpg","medium":"https:\/\/images.epagine.fr\/574\/9782845870574_1_m.jpg","thumbnail":"https:\/\/images.epagine.fr\/574\/9782845870574_1_v.jpg"},"orderable":true,"show_badge":true,"formatted_price":"12,00&nbsp;\u20ac","formatted_published_date":"20 d\u00e9cembre 2003","publisher_availability_label":"Sur commande","short_details":"Jean-pierre Georges \u2014 Tarabuste","translator":null,"weight":400,"page_count":null,"readership":null,"editor":"Tarabuste","price":1200,"published_date":"2003-12-19T23:00:00.000000Z","support":"Grand format","publisher_availability":1,"stock":0,"editions":[],"url":"https:\/\/quaidesbrumes.com\/ouvrage\/9782845870574\/aucun-role-dans-lespece-jean-pierre-georges"}]}