{"data":[{"id":"9782845873346","title":"Que n'ai-je - jean-claude martin","description":null,"authors":["Jean-claude Martin"],"category_codes":["1000000","1090000","1090600"],"visuals":{"large":"https:\/\/images.epagine.fr\/346\/9782845873346_1_75.jpg","medium":"https:\/\/images.epagine.fr\/346\/9782845873346_1_m.jpg","thumbnail":"https:\/\/images.epagine.fr\/346\/9782845873346_1_v.jpg"},"orderable":true,"show_badge":true,"formatted_price":"13,00&nbsp;\u20ac","formatted_published_date":"1er janvier 2016","publisher_availability_label":"Sur commande","short_details":"Jean-claude Martin \u2014 Tarabuste","translator":null,"weight":200,"page_count":null,"readership":null,"editor":"Tarabuste","price":1300,"published_date":"2015-12-31T23:00:00.000000Z","support":"Grand format","publisher_availability":1,"stock":0,"editions":[],"url":"https:\/\/quaidesbrumes.com\/ouvrage\/9782845873346\/que-nai-je-jean-claude-martin"},{"id":"9782845873339","title":"Jamais mieux - jean-pierre georges","description":null,"authors":["Jean-pierre Georges"],"category_codes":["1000000","1090000","1090600"],"visuals":{"large":"https:\/\/images.epagine.fr\/339\/9782845873339_1_75.jpg","medium":"https:\/\/images.epagine.fr\/339\/9782845873339_1_m.jpg","thumbnail":"https:\/\/images.epagine.fr\/339\/9782845873339_1_v.jpg"},"orderable":true,"show_badge":true,"formatted_price":"15,00&nbsp;\u20ac","formatted_published_date":"1er f\u00e9vrier 2016","publisher_availability_label":"Sur commande","short_details":"Jean-pierre Georges \u2014 Tarabuste","translator":null,"weight":250,"page_count":null,"readership":null,"editor":"Tarabuste","price":1500,"published_date":"2016-01-31T23:00:00.000000Z","support":"Grand format","publisher_availability":1,"stock":0,"editions":[],"url":"https:\/\/quaidesbrumes.com\/ouvrage\/9782845873339\/jamais-mieux-jean-pierre-georges"},{"id":"9782845873254","title":"Infini terminus - maxime lavisky","description":null,"authors":["Lavisky Maxime"],"category_codes":["1000000","1090000","1090600"],"visuals":{"large":"https:\/\/images.epagine.fr\/254\/9782845873254_1_75.jpg","medium":"https:\/\/images.epagine.fr\/254\/9782845873254_1_m.jpg","thumbnail":"https:\/\/images.epagine.fr\/254\/9782845873254_1_v.jpg"},"orderable":true,"show_badge":true,"formatted_price":"15,00&nbsp;\u20ac","formatted_published_date":"1er septembre 2015","publisher_availability_label":"Sur commande","short_details":"Lavisky Maxime \u2014 Tarabuste","translator":null,"weight":350,"page_count":null,"readership":null,"editor":"Tarabuste","price":1500,"published_date":"2015-08-31T22:00:00.000000Z","support":"Grand format","publisher_availability":1,"stock":0,"editions":[],"url":"https:\/\/quaidesbrumes.com\/ouvrage\/9782845873254\/infini-terminus-maxime-lavisky"},{"id":"9782845873223","title":"La victoire des vaincus (essai sur constantin cavafis) - dominique grandmont","description":null,"authors":["Dominique Grandmont"],"category_codes":["1000000","1090000"],"visuals":{"large":"https:\/\/images.epagine.fr\/223\/9782845873223_1_75.jpg","medium":"https:\/\/images.epagine.fr\/223\/9782845873223_1_m.jpg","thumbnail":"https:\/\/images.epagine.fr\/223\/9782845873223_1_v.jpg"},"orderable":true,"show_badge":true,"formatted_price":"13,00&nbsp;\u20ac","formatted_published_date":"1er mai 2015","publisher_availability_label":"Sur commande","short_details":"Dominique Grandmont \u2014 Tarabuste","translator":null,"weight":200,"page_count":null,"readership":null,"editor":"Tarabuste","price":1300,"published_date":"2015-04-30T22:00:00.000000Z","support":"Grand format","publisher_availability":1,"stock":0,"editions":[],"url":"https:\/\/quaidesbrumes.com\/ouvrage\/9782845873223\/la-victoire-des-vaincus-essai-sur-constantin-cavafis-dominique-grandmont"},{"id":"9782343021478","title":"Incompris lettre ouverte a allah  poesie","description":"Dans ce nouveau recueil de po\u00e8mes, Lakhdar Khelfaoui po\u00e8te bilingue franco-alg\u00e9rien, nous invite \u00e0 partager sa passion pour l'humanit\u00e9, l'amour, la justice. \"L'incompris... Lettre ouverte \u00e0 Allah\" est un ouvrage compos\u00e9 de dix-huit longs po\u00e8mes ; politiques, sentimentaux, existentiels et universels. Chaque po\u00e8me est une fa\u00e7on diff\u00e9rente et in\u00e9dite de confession, de d\u00e9nonciation, et de r\u00e9volte int\u00e9rieure permanente.\r","authors":["Lakhdar Khelfaoui"],"category_codes":["1000000","1090000"],"visuals":{"large":"https:\/\/images.epagine.fr\/478\/9782343021478_1_75.jpg","medium":"https:\/\/images.epagine.fr\/478\/9782343021478_1_m.jpg","thumbnail":"https:\/\/images.epagine.fr\/478\/9782343021478_1_v.jpg"},"orderable":true,"show_badge":true,"formatted_price":"15,50&nbsp;\u20ac","formatted_published_date":"29 avril 2014","publisher_availability_label":"Sur commande","short_details":"Lakhdar Khelfaoui \u2014 \u00c9ditions L'Harmattan","translator":null,"weight":170,"page_count":134,"readership":null,"editor":"\u00c9ditions L'Harmattan","price":1550,"published_date":"2014-04-28T22:00:00.000000Z","support":"Grand format","publisher_availability":1,"stock":0,"editions":[],"url":"https:\/\/quaidesbrumes.com\/ouvrage\/9782343021478\/incompris-lettre-ouverte-a-allah-poesie"},{"id":"9782812705663","title":"Comme s'allume une lumi\u00e8re","description":null,"authors":["Tsaphiel"],"category_codes":["1000000","1090000"],"visuals":{"large":"https:\/\/quaidesbrumes.com\/img\/book-placeholder.png","medium":"https:\/\/quaidesbrumes.com\/img\/book-placeholder.png","thumbnail":"https:\/\/quaidesbrumes.com\/img\/book-placeholder.png"},"orderable":true,"show_badge":true,"formatted_price":"14,00&nbsp;\u20ac","formatted_published_date":"28 avril 2014","publisher_availability_label":"Sur commande","short_details":"Tsaphiel \u2014 Presses Du Midi","translator":null,"weight":122,"page_count":null,"readership":null,"editor":"Presses Du Midi","price":1400,"published_date":"2014-04-27T22:00:00.000000Z","support":"Grand format","publisher_availability":1,"stock":0,"editions":[],"url":"https:\/\/quaidesbrumes.com\/ouvrage\/9782812705663\/comme-sallume-une-lumiere"},{"id":"9782363311269","title":"D\u00e9lits sensuels","description":"Ce recueil de po\u00e8mes \u00e9rotiques est int\u00e9gralement en couleur.\r\n\r\n\r\nMot de l'auteur\r\n\r\n\"Jacques FRANCHE, po\u00e8te depuis toujours. \r\nA part quelques exceptions pour la nature et mes filles l'essentiel de mon oeuvre est consacr\u00e9 \u00e0 LA femme.\r\n\r\nCe recueil est volontairement imparfait dans son impression pour \u00eatre en harmonie avec ma libert\u00e9 d'\u00e9criture. Parfois peu m'importe la rime si je dois trouver un autre mot que celui qui exprime totalement le sentiment que m'apporte la fulgurance d'une jouissance. Le mot est lanc\u00e9, oui ce recueil est plut\u00f4t incandescent.\r\n\r\nEt puis la jouissance s'exprime par toutes les parties visibles et invisibles du corps car les femmes que j'ai ''adorationn\u00e9es'' m'ont ouvert \u00e9galement leur \u00e2me. J'ai eu et ai toujours cette chance immense.\r\nMais pourquoi trahir des sentiments si pleinement v\u00e9cus en bridant les mots ? J'invite chaque lecteur \u00e0 poser un regard artistique sur ces tableaux de vie, qui s'offrent joyeusement \u00e0 la lecture, dans leur pleine v\u00e9rit\u00e9. \r\n\r\nBeaucoup de photos \u00e9vanescentes accompagnent mes textes, elles furent r\u00e9alis\u00e9es en frottant des visages avec du trichlor\u00e9thyl\u00e8ne. Ce produit est bien plus dangereux et sulfureux que mon \u00e9criture.\"\r\nEt ne craignez rien, une contamination par la sensualit\u00e9 pouss\u00e9e qui caract\u00e9rise (du moins je le crois) ma po\u00e9sie ne peut au pire qu'exacerber la v\u00f4tre.\r\nJe n'ai pour seule circonstance att\u00e9nuante que le fait de consid\u00e9rer la femme que j'aime comme mon pays, ma religion et ma famille choisie.","authors":["Jacques Franche"],"category_codes":["1000000","1090000"],"visuals":{"large":"https:\/\/images.epagine.fr\/269\/9782363311269_1_75.jpg","medium":"https:\/\/images.epagine.fr\/269\/9782363311269_1_m.jpg","thumbnail":"https:\/\/images.epagine.fr\/269\/9782363311269_1_v.jpg"},"orderable":true,"show_badge":true,"formatted_price":"13,00&nbsp;\u20ac","formatted_published_date":"6 avril 2024","publisher_availability_label":"Sur commande","short_details":"Jacques Franche \u2014 Euryuniverse.Com","translator":null,"weight":200,"page_count":64,"readership":null,"editor":"Euryuniverse.Com","price":1300,"published_date":"2024-04-05T22:00:00.000000Z","support":"Grand format","publisher_availability":1,"stock":0,"editions":[],"url":"https:\/\/quaidesbrumes.com\/ouvrage\/9782363311269\/delits-sensuels"},{"id":"9782332684981","title":"Au-del\u00e0 des maux","description":"La vie offre toujours son lot de surprises, de joies et de souffrances. L'important est ce que nous en faisons. Ce livre est le reflet d'un v\u00e9cu riche en \u00e9motions que l'auteure a voulu transmettre et partager avec ses lecteurs, comme une trace laiss\u00e9e \u00e0 travers le temps. La r\u00e9sultante d'un pass\u00e9 qu'elle a subi, d'un pr\u00e9sent qu'elle vit et de l'avenir qui lui reste \u00e0 dessiner. Dans cet ouvrage, elle a gliss\u00e9 la plume de son coeur au gr\u00e9 de ses besoins, de ses envies, avec toujours en fil conducteur, cet amour de la vie qui ne l'a jamais quitt\u00e9.... Ce livre, ces po\u00e8mes, ces r\u00e9flexions, chacun de nous peut se les approprier car chacun de vous, aime, a aim\u00e9 et aimera. Carpe Diem, la vie est ce que l'on en fait.\r","authors":["Marianne Lamour"],"category_codes":["1000000","1090000"],"visuals":{"large":"https:\/\/images.epagine.fr\/981\/9782332684981_1_75.jpg","medium":"https:\/\/images.epagine.fr\/981\/9782332684981_1_m.jpg","thumbnail":"https:\/\/images.epagine.fr\/981\/9782332684981_1_v.jpg"},"orderable":true,"show_badge":true,"formatted_price":"6,00&nbsp;\u20ac","formatted_published_date":"25 avril 2014","publisher_availability_label":"Sur commande","short_details":"Marianne Lamour \u2014 Edilivre","translator":null,"weight":79,"page_count":54,"readership":null,"editor":"Edilivre","price":600,"published_date":"2014-04-24T22:00:00.000000Z","support":"Grand format","publisher_availability":1,"stock":0,"editions":[],"url":"https:\/\/quaidesbrumes.com\/ouvrage\/9782332684981\/au-dela-des-maux"},{"id":"9791097044053","title":"Sel","description":"\"Sel\", ou la conqu\u00eate de l'irrationnel. Ce cantique de Myriam Boisaubert r\u00e9unit huit variations autour de l'amour, du d\u00e9sir, du plaisir. Il y est aussi question de la mer, du monde animal, v\u00e9g\u00e9tal et min\u00e9ral ; un environnement, une symbiose qui alimente la vie, lui donne un horizon, une musique, un sens. Quantique aussi, car sa prose sensible et sensuelle, cristalline et soluble, sal\u00e9e et sucr\u00e9e, joue avec les mots \u00e0 la mani\u00e8re d'une photosynth\u00e8se. Elle fait na\u00eetre une ubiquit\u00e9, comme si l'\u00e9criture rendait visible ce que l'on ne voit pas. La sonorit\u00e9 des mots, leur magie, leur \u00e9tranget\u00e9 et les images quils sugg\u00e8rent lorsquils se m\u00ealent, sentrechoquent, ricochent. Visions surr\u00e9alistes, hallucinatoires, go\u00fbteuses et charnelles comme dans le dernier chant \"Bleu bac\" qui ponctue le recueil. Une balade \u00e9rotico-culinaire mise en musique par Rodolphe Burger avec deux versions in\u00e9dites sur le disque qui accompagne ce livre. Incertitude et coexistence. Le sel de la vie.\r","authors":["Myriam Boisaubert"],"category_codes":["1000000","1090000","1090600"],"visuals":{"large":"https:\/\/images.epagine.fr\/053\/9791097044053_1_75.jpg","medium":"https:\/\/images.epagine.fr\/053\/9791097044053_1_m.jpg","thumbnail":"https:\/\/images.epagine.fr\/053\/9791097044053_1_v.jpg"},"orderable":true,"show_badge":true,"formatted_price":"25,00&nbsp;\u20ac","formatted_published_date":"24 f\u00e9vrier 2021","publisher_availability_label":"Sur commande","short_details":"Myriam Boisaubert \u2014 Cassis Belli","translator":null,"weight":250,"page_count":96,"readership":null,"editor":"Cassis Belli","price":2500,"published_date":"2021-02-23T23:00:00.000000Z","support":"Grand format","publisher_availability":1,"stock":0,"editions":[],"url":"https:\/\/quaidesbrumes.com\/ouvrage\/9791097044053\/sel"},{"id":"9782312022000","title":"Rehcueil, lieu cher","description":"111 po\u00e8mes divers (mais pour toutes saisons...). 111 po\u00e8mes \u00e0 l'\u00e8re de l'alphabet d'H\u00e9non...\r","authors":["Bertrand Dunouau"],"category_codes":["1000000","1090000"],"visuals":{"large":"https:\/\/images.epagine.fr\/000\/9782312022000_1_75.jpg","medium":"https:\/\/images.epagine.fr\/000\/9782312022000_1_m.jpg","thumbnail":"https:\/\/images.epagine.fr\/000\/9782312022000_1_v.jpg"},"orderable":true,"show_badge":true,"formatted_price":"13,00&nbsp;\u20ac","formatted_published_date":"22 avril 2014","publisher_availability_label":"Sur commande","short_details":"Bertrand Dunouau \u2014 Editions du Net","translator":null,"weight":316,"page_count":176,"readership":null,"editor":"Editions du Net","price":1300,"published_date":"2014-04-21T22:00:00.000000Z","support":"Grand format","publisher_availability":1,"stock":0,"editions":[],"url":"https:\/\/quaidesbrumes.com\/ouvrage\/9782312022000\/rehcueil-lieu-cher"},{"id":"9782312027852","title":"Derri\u00e8re la pluie, les lucioles","description":"Ce recueil de po\u00e8mes \u00e9voque la difficult\u00e9 \u00e0 se positionner en tant qu' humain, corps et \u00e2me, face \u00e0 un monde \u00e0 la fois cruel et merveilleux. C'est une travers\u00e9e initiatique de soi et du monde, un voyage \u00e0 travers la solitude de l'homme, \u00e0 la recherche de sa place dans l'univers.\r","authors":["Sarah-yeelen Purnell"],"category_codes":["1000000","1090000"],"visuals":{"large":"https:\/\/images.epagine.fr\/852\/9782312027852_1_75.jpg","medium":"https:\/\/images.epagine.fr\/852\/9782312027852_1_m.jpg","thumbnail":"https:\/\/images.epagine.fr\/852\/9782312027852_1_v.jpg"},"orderable":true,"show_badge":true,"formatted_price":"12,00&nbsp;\u20ac","formatted_published_date":"25 avril 2014","publisher_availability_label":"Sur commande","short_details":"Sarah-yeelen Purnell \u2014 Editions du Net","translator":null,"weight":122,"page_count":68,"readership":null,"editor":"Editions du Net","price":1200,"published_date":"2014-04-24T22:00:00.000000Z","support":"Grand format","publisher_availability":1,"stock":0,"editions":[],"url":"https:\/\/quaidesbrumes.com\/ouvrage\/9782312027852\/derriere-la-pluie-les-lucioles"},{"id":"9782312022093","title":"\u00e9veil des coeurs ; des mots pour des maux","description":"Nous aimons la po\u00e9sie et nous sommes regroup\u00e9s en un Cercle des Po\u00e8tes Africains pour faire parler nos coeurs. Avec cette oeuvre, nous entendons exprimer nos voix par des po\u00e8mes pour d\u00e9noncer les maux qui nous minent en soci\u00e9t\u00e9. \u00ab La po\u00e9sie d'un peuple c'est l'\u00e9l\u00e9ment de son progr\u00e8s. \u00bb\r","authors":["Collectif"],"category_codes":["1000000","1090000"],"visuals":{"large":"https:\/\/images.epagine.fr\/093\/9782312022093_1_75.jpg","medium":"https:\/\/images.epagine.fr\/093\/9782312022093_1_m.jpg","thumbnail":"https:\/\/images.epagine.fr\/093\/9782312022093_1_v.jpg"},"orderable":true,"show_badge":true,"formatted_price":"11,00&nbsp;\u20ac","formatted_published_date":"28 avril 2014","publisher_availability_label":"Sur commande","short_details":"Collectif \u2014 Editions du Net","translator":null,"weight":140,"page_count":130,"readership":null,"editor":"Editions du Net","price":1100,"published_date":"2014-04-27T22:00:00.000000Z","support":"Grand format","publisher_availability":1,"stock":0,"editions":[],"url":"https:\/\/quaidesbrumes.com\/ouvrage\/9782312022093\/eveil-des-coeurs-des-mots-pour-des-maux"},{"id":"9782919208074","title":"Monologues polyphoniques en rafale(s)","description":null,"authors":["Doumee"],"category_codes":["1000000","1090000"],"visuals":{"large":"https:\/\/quaidesbrumes.com\/img\/book-placeholder.png","medium":"https:\/\/quaidesbrumes.com\/img\/book-placeholder.png","thumbnail":"https:\/\/quaidesbrumes.com\/img\/book-placeholder.png"},"orderable":true,"show_badge":true,"formatted_price":"10,00&nbsp;\u20ac","formatted_published_date":"1er novembre 2011","publisher_availability_label":"Sur commande","short_details":"Doumee \u2014 Atelier Baie","translator":null,"weight":70,"page_count":null,"readership":null,"editor":"Atelier Baie","price":1000,"published_date":"2011-10-31T23:00:00.000000Z","support":"Grand format","publisher_availability":1,"stock":0,"editions":[],"url":"https:\/\/quaidesbrumes.com\/ouvrage\/9782919208074\/monologues-polyphoniques-en-rafales"},{"id":"9782845623347","title":"Paroles de feu","description":"La po\u00e9sie de Jidi Majia, po\u00e8te chinois traduit ici par Fran\u00e7oise Roy, n'est absolument pas un long fleuve tranquille. C'est une po\u00e9sie, aux accents lyriques, qui compte bien faire entendre la voix singuli\u00e8re de l'une des minorit\u00e9s culturelles de ce vaste pays o\u00f9 tradition et modernit\u00e9 depuis toujours se confondent.\r\nLe souffle des vents contraires anime les vers de ce po\u00e8te au double \u00ab je \u00bb (double jeu ?). Un \u00ab je \u00bb pour l'\u00e9motion, la confidence et la proximit\u00e9. Un je pour l'engagement, le partage, beaucoup plus politique, et jouant en faveur du collectif. Par moments, on ne peut s'emp\u00eacher de songer \u00e0 quelques grandes voix disparues : Nazin Hikmet, ou Panlo Neruda, notamment. Quand le po\u00e8me r\u00e9concilie l'Histoire et notre part la plus intime...\r","authors":["Jidi Majia","Fran\u00e7oise Roy"],"category_codes":["1000000","1090000","1090600"],"visuals":{"large":"https:\/\/images.epagine.fr\/347\/9782845623347_1_75.jpg","medium":"https:\/\/images.epagine.fr\/347\/9782845623347_1_m.jpg","thumbnail":"https:\/\/images.epagine.fr\/347\/9782845623347_1_v.jpg"},"orderable":true,"show_badge":true,"formatted_price":"13,00&nbsp;\u20ac","formatted_published_date":"21 f\u00e9vrier 2019","publisher_availability_label":"Sur commande","short_details":"Jidi Majia, Fran\u00e7oise Roy \u2014 La Passe Du Vent","translator":"FRANCOISE ROY","weight":220,"page_count":null,"readership":null,"editor":"La Passe Du Vent","price":1300,"published_date":"2019-02-20T23:00:00.000000Z","support":"Grand format","publisher_availability":1,"stock":0,"editions":[],"url":"https:\/\/quaidesbrumes.com\/ouvrage\/9782845623347\/paroles-de-feu"},{"id":"9782368682357","title":"\u00e0 l'ombre de la lune","description":"\u00ab \u00c0 l'ombre de la lune \u00bb... \r\n\r\nH\u00e9l\u00e8ne Goutry signe ici son tout premier recueil de po\u00e9sies, des po\u00e9sies qui se conjuguent sous les saisons des sentiments.\r\n\r\nAu fil des mots, le vague \u00e0 l'\u00e2me parait omnipr\u00e9sent sans jamais pourtant sombrer au fil des... maux. La nostalgie semble davantage prendre sa place en comparaison d'un futur qu'H\u00e9l\u00e8ne aspire, ose t'elle avouer, \u00e0 oublier. Mais il suffit d'un peu de rien ou de si peu de choses pour que le bonheur renaisse, que des yeux bruns se posent sur elle, que des coquelicots caracolent en pagaille et c'est la Vie qui retrouve un sens en ces rimes jet\u00e9es sur le papier, saupoudr\u00e9es comme une offrande \u00e0 la mer.\r\n\r\nNe jamais laisser de c\u00f4t\u00e9 ce que le Cr\u00e9ateur nous a offert de plus joli ; l'\u00e2me et des printemps qui dansent, telle une ronde d'amour qui ne finirait pas. \u00ab La vie est po\u00e9sie \u00bb se plait \u00e0 \u00e9crire l'auteur. N'a-t-elle pas raison ?...\r\n\r\nLaissons nous donc emporter, bercer parfois par ses vers qui se refl\u00e8tent \u00e0 l'ombre de la lune, en ce jeu magique et troublant o\u00f9 la lumi\u00e8re demeure invariablement la plus rayonnante parce que, sans doute aussi, la plus naturelle.\r\n\r\nH\u00e9l\u00e8ne Goutry est \u00e9galement passionn\u00e9e d'Art d'une mani\u00e8re g\u00e9n\u00e9rale, elle exerce ses talents en s'illustrant dans la peinture classique et contemporaine.","authors":["Helene Goutry"],"category_codes":["1000000","1090000"],"visuals":{"large":"https:\/\/images.epagine.fr\/357\/9782368682357_1_75.jpg","medium":"https:\/\/images.epagine.fr\/357\/9782368682357_1_m.jpg","thumbnail":"https:\/\/images.epagine.fr\/357\/9782368682357_1_v.jpg"},"orderable":true,"show_badge":true,"formatted_price":"10,00&nbsp;\u20ac","formatted_published_date":"25 f\u00e9vrier 2014","publisher_availability_label":"Sur commande","short_details":"Helene Goutry \u2014 Stellamaris","translator":null,"weight":75,"page_count":39,"readership":null,"editor":"Stellamaris","price":1000,"published_date":"2014-02-24T23:00:00.000000Z","support":"Grand format","publisher_availability":1,"stock":0,"editions":[],"url":"https:\/\/quaidesbrumes.com\/ouvrage\/9782368682357\/a-lombre-de-la-lune"},{"id":"9791090280175","title":"Chemins de lumi\u00e8re","description":"Le chemin d'Alain Puyss\u00e9gur est po\u00e9sie, Il fait partager l'intensit\u00e9 du r\u00eave. Du chemin, Alain oublie pierres et cailloux, pieds endoloris et jours de pluie. il chante le coquelicot, le soleil, la brume satin\u00e9e, la chanson du vent, le village oubli\u00e9...\r\nAvec les perles de ros\u00e9e, il accompagne, dans les matins parfum\u00e9s, l'ami qui chemine et l'esprit qui l'anime.\r","authors":["Alain Puyss\u00e9gur"],"category_codes":["1000000","1090000"],"visuals":{"large":"https:\/\/images.epagine.fr\/175\/9791090280175_1_75.jpg","medium":"https:\/\/images.epagine.fr\/175\/9791090280175_1_m.jpg","thumbnail":"https:\/\/images.epagine.fr\/175\/9791090280175_1_v.jpg"},"orderable":true,"show_badge":true,"formatted_price":"17,00&nbsp;\u20ac","formatted_published_date":"27 f\u00e9vrier 2014","publisher_availability_label":"Sur commande","short_details":"Alain Puyss\u00e9gur \u2014 Claire Lorrain","translator":null,"weight":312,"page_count":88,"readership":null,"editor":"Claire Lorrain","price":1700,"published_date":"2014-02-26T23:00:00.000000Z","support":"Grand format","publisher_availability":1,"stock":0,"editions":[],"url":"https:\/\/quaidesbrumes.com\/ouvrage\/9791090280175\/chemins-de-lumiere"},{"id":"9782874597664","title":"Cela s'est vu","description":null,"authors":["Claude Renard"],"category_codes":["1000000","1090000"],"visuals":{"large":"https:\/\/quaidesbrumes.com\/img\/book-placeholder.png","medium":"https:\/\/quaidesbrumes.com\/img\/book-placeholder.png","thumbnail":"https:\/\/quaidesbrumes.com\/img\/book-placeholder.png"},"orderable":true,"show_badge":true,"formatted_price":"17,90&nbsp;\u20ac","formatted_published_date":"30 novembre 2013","publisher_availability_label":"Sur commande","short_details":"Claude Renard \u2014 Chloe Des Lys","translator":null,"weight":100,"page_count":null,"readership":null,"editor":"Chloe Des Lys","price":1790,"published_date":"2013-11-29T23:00:00.000000Z","support":"Grand format","publisher_availability":1,"stock":0,"editions":[],"url":"https:\/\/quaidesbrumes.com\/ouvrage\/9782874597664\/cela-sest-vu"},{"id":"9782874597671","title":"Cadences","description":"\u00c9crites entre 1999 et 2000, ces tentatives de po\u00e8mes r\u00e9sonnent comme autant d'exercices d'\u00e9criture improvis\u00e9e. Direct, parfois cru, le verbe y est parfois aussi maladroit voire innocent.  Le titre Cadences, invite \u00e0 une lecture rapide et \u00e0 une exploration qui ne s'\u00e9ternise pas. Mais il invite aussi \u00e0 une lecture toujours  recommenc\u00e9e, pet pourquoi pas rythm\u00e9e par le d\u00e9sordre que permettrait le saut d'un vers \u00e0 l'autre.\r","authors":["Ledge"],"category_codes":["1000000","1090000"],"visuals":{"large":"https:\/\/images.epagine.fr\/671\/9782874597671_1_75.jpg","medium":"https:\/\/images.epagine.fr\/671\/9782874597671_1_m.jpg","thumbnail":"https:\/\/images.epagine.fr\/671\/9782874597671_1_v.jpg"},"orderable":true,"show_badge":true,"formatted_price":"15,00&nbsp;\u20ac","formatted_published_date":"30 novembre 2013","publisher_availability_label":"Sur commande","short_details":"Ledge \u2014 Chloe Des Lys","translator":null,"weight":100,"page_count":20,"readership":null,"editor":"Chloe Des Lys","price":1500,"published_date":"2013-11-29T23:00:00.000000Z","support":"Grand format","publisher_availability":1,"stock":0,"editions":[],"url":"https:\/\/quaidesbrumes.com\/ouvrage\/9782874597671\/cadences"},{"id":"9782874597688","title":"Bruissements d'ailes","description":"Bruissements d'Ailes, c'est une invitation \u00e0 \"inspirer pleins poumons le nectar de la vie\".  C'est \"la po\u00e9sie du jour, de l'instant, la petite musique du coeur qui s'invite d\u00e8s l'aurore dans son jardin de L'Olivier\"...\r\n\r\n\" C'est de la lumi\u00e8re et de la musique d\u00e9pos\u00e9es sur le papier, de la po\u00e9sie qui fond dans la bouche !  Le 'fil Rimbaud' est vraiment une jolie id\u00e9e.  Encore un bijou comme le premier recueil d\u00e9j\u00e0 publi\u00e9. \"  (Comit\u00e9 de lecture de Chlo\u00e9 Des Lys)\r","authors":["Nathalie Wargnies"],"category_codes":["1000000","1090000"],"visuals":{"large":"https:\/\/images.epagine.fr\/688\/9782874597688_1_75.jpg","medium":"https:\/\/images.epagine.fr\/688\/9782874597688_1_m.jpg","thumbnail":"https:\/\/images.epagine.fr\/688\/9782874597688_1_v.jpg"},"orderable":true,"show_badge":true,"formatted_price":"17,90&nbsp;\u20ac","formatted_published_date":"30 novembre 2013","publisher_availability_label":"Sur commande","short_details":"Nathalie Wargnies \u2014 Chloe Des Lys","translator":null,"weight":100,"page_count":67,"readership":null,"editor":"Chloe Des Lys","price":1790,"published_date":"2013-11-29T23:00:00.000000Z","support":"Grand format","publisher_availability":1,"stock":0,"editions":[],"url":"https:\/\/quaidesbrumes.com\/ouvrage\/9782874597688\/bruissements-dailes"},{"id":"9782919535002","title":"Laisse entrer les ombres","description":null,"authors":["Diascorn","Le Saux"],"category_codes":["1000000","1090000"],"visuals":{"large":"https:\/\/quaidesbrumes.com\/img\/book-placeholder.png","medium":"https:\/\/quaidesbrumes.com\/img\/book-placeholder.png","thumbnail":"https:\/\/quaidesbrumes.com\/img\/book-placeholder.png"},"orderable":true,"show_badge":true,"formatted_price":"10,00&nbsp;\u20ac","formatted_published_date":"1er juin 2010","publisher_availability_label":"Sur commande","short_details":"Diascorn, Le Saux \u2014 S'Emmeler Editions","translator":null,"weight":98,"page_count":null,"readership":null,"editor":"S'Emmeler Editions","price":1000,"published_date":"2010-05-31T22:00:00.000000Z","support":"Grand format","publisher_availability":1,"stock":0,"editions":[],"url":"https:\/\/quaidesbrumes.com\/ouvrage\/9782919535002\/laisse-entrer-les-ombres"},{"id":"9782954646138","title":"Sophia","description":null,"authors":["Marie De coeur"],"category_codes":["1000000","1090000"],"visuals":{"large":"https:\/\/images.epagine.fr\/138\/9782954646138_1_75.jpg","medium":"https:\/\/images.epagine.fr\/138\/9782954646138_1_m.jpg","thumbnail":"https:\/\/images.epagine.fr\/138\/9782954646138_1_v.jpg"},"orderable":true,"show_badge":true,"formatted_price":"13,00&nbsp;\u20ac","formatted_published_date":"14 mai 2014","publisher_availability_label":"Sur commande","short_details":"Marie De coeur \u2014 Editions De L'Embellie","translator":null,"weight":105,"page_count":70,"readership":null,"editor":"Editions De L'Embellie","price":1300,"published_date":"2014-05-13T22:00:00.000000Z","support":"Grand format","publisher_availability":1,"stock":0,"editions":[],"url":"https:\/\/quaidesbrumes.com\/ouvrage\/9782954646138\/sophia"},{"id":"9782954646145","title":"Identit\u00e9","description":null,"authors":["Marie De coeur"],"category_codes":["1000000","1090000"],"visuals":{"large":"https:\/\/images.epagine.fr\/145\/9782954646145_1_75.jpg","medium":"https:\/\/images.epagine.fr\/145\/9782954646145_1_m.jpg","thumbnail":"https:\/\/images.epagine.fr\/145\/9782954646145_1_v.jpg"},"orderable":true,"show_badge":true,"formatted_price":"13,00&nbsp;\u20ac","formatted_published_date":"14 mai 2014","publisher_availability_label":"Sur commande","short_details":"Marie De coeur \u2014 Editions De L'Embellie","translator":null,"weight":105,"page_count":70,"readership":null,"editor":"Editions De L'Embellie","price":1300,"published_date":"2014-05-13T22:00:00.000000Z","support":"Grand format","publisher_availability":1,"stock":0,"editions":[],"url":"https:\/\/quaidesbrumes.com\/ouvrage\/9782954646145\/identite"},{"id":"9782845872882","title":"Fais regner a jamais - francoise quardon","description":null,"authors":["Fran\u00e7oise Quardon"],"category_codes":["1000000","1090000","1090600"],"visuals":{"large":"https:\/\/images.epagine.fr\/882\/9782845872882_1_75.jpg","medium":"https:\/\/images.epagine.fr\/882\/9782845872882_1_m.jpg","thumbnail":"https:\/\/images.epagine.fr\/882\/9782845872882_1_v.jpg"},"orderable":true,"show_badge":true,"formatted_price":"15,00&nbsp;\u20ac","formatted_published_date":"1er janvier 2014","publisher_availability_label":"Sur commande","short_details":"Fran\u00e7oise Quardon \u2014 Tarabuste","translator":null,"weight":250,"page_count":null,"readership":null,"editor":"Tarabuste","price":1500,"published_date":"2013-12-31T23:00:00.000000Z","support":"Grand format","publisher_availability":1,"stock":0,"editions":[],"url":"https:\/\/quaidesbrumes.com\/ouvrage\/9782845872882\/fais-regner-a-jamais-francoise-quardon"},{"id":"9782919121151","title":"Une ombre  entre deux arbres","description":null,"authors":["Jean Peysson"],"category_codes":["1000000","1090000"],"visuals":{"large":"https:\/\/quaidesbrumes.com\/img\/book-placeholder.png","medium":"https:\/\/quaidesbrumes.com\/img\/book-placeholder.png","thumbnail":"https:\/\/quaidesbrumes.com\/img\/book-placeholder.png"},"orderable":true,"show_badge":true,"formatted_price":"15,00&nbsp;\u20ac","formatted_published_date":"17 f\u00e9vrier 2014","publisher_availability_label":"Sur commande","short_details":"Jean Peysson \u2014 ECARTS","translator":null,"weight":185,"page_count":null,"readership":null,"editor":"ECARTS","price":1500,"published_date":"2014-02-16T23:00:00.000000Z","support":"Grand format","publisher_availability":1,"stock":0,"editions":[],"url":"https:\/\/quaidesbrumes.com\/ouvrage\/9782919121151\/une-ombre-entre-deux-arbres"}]}