{"data":[{"id":"9782917081310","title":"Chemins perdus","description":null,"authors":["Pierre Jacques"],"category_codes":["1000000","1090000","1090600"],"visuals":{"large":"https:\/\/quaidesbrumes.com\/img\/book-placeholder.png","medium":"https:\/\/quaidesbrumes.com\/img\/book-placeholder.png","thumbnail":"https:\/\/quaidesbrumes.com\/img\/book-placeholder.png"},"orderable":true,"show_badge":true,"formatted_price":"15,00&nbsp;\u20ac","formatted_published_date":"15 avril 2016","publisher_availability_label":"Sur commande","short_details":"Pierre Jacques \u2014 Aspect","translator":null,"weight":164,"page_count":null,"readership":null,"editor":"Aspect","price":1500,"published_date":"2016-04-14T22:00:00.000000Z","support":"Grand format","publisher_availability":1,"stock":0,"editions":[],"url":"https:\/\/quaidesbrumes.com\/ouvrage\/9782917081310\/chemins-perdus"},{"id":"9782343037363","title":"La po\u00e9sie au p\u00e9ril de l'oubli","description":"Neuf po\u00e8tes lev\u00e9s dans la poussi\u00e8re d'or de la nuit aimantent nos pas  vers les gr\u00e8ves o\u00f9 les dieux ont d\u00e9pos\u00e9 leurs r\u00eaves et nous m\u00e8nent au  rivage o\u00f9 surgit des voiles de l'Oubli, le po\u00e8me sur son vaisseau d'aube  primordiale.","authors":["Georges de Rivas"],"category_codes":["1000000","1090000"],"visuals":{"large":"https:\/\/images.epagine.fr\/363\/9782343037363_1_75.jpg","medium":"https:\/\/images.epagine.fr\/363\/9782343037363_1_m.jpg","thumbnail":"https:\/\/images.epagine.fr\/363\/9782343037363_1_v.jpg"},"orderable":true,"show_badge":true,"formatted_price":"21,50&nbsp;\u20ac","formatted_published_date":"30 juin 2014","publisher_availability_label":"Sur commande","short_details":"Georges de Rivas \u2014 \u00c9ditions L'Harmattan","translator":null,"weight":280,"page_count":228,"readership":null,"editor":"\u00c9ditions L'Harmattan","price":2150,"published_date":"2014-06-29T22:00:00.000000Z","support":"Grand format","publisher_availability":1,"stock":0,"editions":[],"url":"https:\/\/quaidesbrumes.com\/ouvrage\/9782343037363\/la-poesie-au-peril-de-loubli"},{"id":"9782343038230","title":"Le temps des masques... po\u00e8mes (2012-2014)","description":"Au commencement \u00e9tait Venise, o\u00f9 le masque est jeu, o\u00f9 le je est masque, omnipr\u00e9sent, incontournable. Ce recueil propose une m\u00e9diation po\u00e9tique et vagabonde sur le langage du masque et sur ce qui se dit \" dessous le masque \". Dans chaque masque, deux enigmes : Que dit le masque ? Qui sous le masque ? Ce sont ces questions et leurs multiples r\u00e9ponses qu'explorent ces textes, \u00e0 fleur de peau...","authors":["Charles Ebguy"],"category_codes":["1000000","1090000"],"visuals":{"large":"https:\/\/images.epagine.fr\/230\/9782343038230_1_75.jpg","medium":"https:\/\/images.epagine.fr\/230\/9782343038230_1_m.jpg","thumbnail":"https:\/\/images.epagine.fr\/230\/9782343038230_1_v.jpg"},"orderable":true,"show_badge":true,"formatted_price":"15,50&nbsp;\u20ac","formatted_published_date":"30 juin 2014","publisher_availability_label":"Sur commande","short_details":"Charles Ebguy \u2014 \u00c9ditions L'Harmattan","translator":null,"weight":185,"page_count":142,"readership":null,"editor":"\u00c9ditions L'Harmattan","price":1550,"published_date":"2014-06-29T22:00:00.000000Z","support":"Grand format","publisher_availability":1,"stock":0,"editions":[],"url":"https:\/\/quaidesbrumes.com\/ouvrage\/9782343038230\/le-temps-des-masques-poemes-2012-2014"},{"id":"9782343034515","title":"Voyages","description":"Au fil d'une soixantaine de po\u00e8mes, ce recueil de po\u00e9sie tente d'explorer la th\u00e9matique du voyage. Celui-ci est \u00e9galement une r\u00e9flexion profonde sur la vie et la mort. Le po\u00e8te joue avec les mots mais surtout avec les sonorit\u00e9s et, par l\u00e0, reproduit un plaisir oubli\u00e9 de la po\u00e9sie. Le po\u00e8te n'est-il pas, comme le dit si bien Paul Eluard, un professeur de sens ?","authors":["Anil Gopal rajendra"],"category_codes":["1000000","1090000"],"visuals":{"large":"https:\/\/images.epagine.fr\/515\/9782343034515_1_75.jpg","medium":"https:\/\/images.epagine.fr\/515\/9782343034515_1_m.jpg","thumbnail":"https:\/\/images.epagine.fr\/515\/9782343034515_1_v.jpg"},"orderable":true,"show_badge":true,"formatted_price":"12,50&nbsp;\u20ac","formatted_published_date":"24 avril 2014","publisher_availability_label":"Sur commande","short_details":"Anil Gopal rajendra \u2014 \u00c9ditions L'Harmattan","translator":null,"weight":120,"page_count":85,"readership":null,"editor":"\u00c9ditions L'Harmattan","price":1250,"published_date":"2014-04-23T22:00:00.000000Z","support":"Grand format","publisher_availability":1,"stock":0,"editions":[],"url":"https:\/\/quaidesbrumes.com\/ouvrage\/9782343034515\/voyages"},{"id":"9782849243541","title":"Plongeon intime","description":null,"authors":["Dana Shishmanian"],"category_codes":["1000000","1090000"],"visuals":{"large":"https:\/\/quaidesbrumes.com\/img\/book-placeholder.png","medium":"https:\/\/quaidesbrumes.com\/img\/book-placeholder.png","thumbnail":"https:\/\/quaidesbrumes.com\/img\/book-placeholder.png"},"orderable":true,"show_badge":true,"formatted_price":"10,00&nbsp;\u20ac","formatted_published_date":"22 f\u00e9vrier 2014","publisher_availability_label":"Sur commande","short_details":"Dana Shishmanian \u2014 Editions Du Cygne","translator":null,"weight":150,"page_count":null,"readership":null,"editor":"Editions Du Cygne","price":1000,"published_date":"2014-02-21T23:00:00.000000Z","support":"Grand format","publisher_availability":1,"stock":0,"editions":[],"url":"https:\/\/quaidesbrumes.com\/ouvrage\/9782849243541\/plongeon-intime"},{"id":"9782954646107","title":"Sodade","description":null,"authors":["Marie De coeur"],"category_codes":["1000000","1090000"],"visuals":{"large":"https:\/\/images.epagine.fr\/107\/9782954646107_1_75.jpg","medium":"https:\/\/images.epagine.fr\/107\/9782954646107_1_m.jpg","thumbnail":"https:\/\/images.epagine.fr\/107\/9782954646107_1_v.jpg"},"orderable":true,"show_badge":true,"formatted_price":"13,00&nbsp;\u20ac","formatted_published_date":"10 janvier 2014","publisher_availability_label":"Sur commande","short_details":"Marie De coeur \u2014 Editions De L'Embellie","translator":null,"weight":110,"page_count":70,"readership":null,"editor":"Editions De L'Embellie","price":1300,"published_date":"2014-01-09T23:00:00.000000Z","support":"Grand format","publisher_availability":1,"stock":0,"editions":[],"url":"https:\/\/quaidesbrumes.com\/ouvrage\/9782954646107\/sodade"},{"id":"9782954646114","title":"Z\u00e9phyr","description":null,"authors":["Marie De coeur"],"category_codes":["1000000","1090000"],"visuals":{"large":"https:\/\/images.epagine.fr\/114\/9782954646114_1_75.jpg","medium":"https:\/\/images.epagine.fr\/114\/9782954646114_1_m.jpg","thumbnail":"https:\/\/images.epagine.fr\/114\/9782954646114_1_v.jpg"},"orderable":true,"show_badge":true,"formatted_price":"13,00&nbsp;\u20ac","formatted_published_date":"10 janvier 2014","publisher_availability_label":"Sur commande","short_details":"Marie De coeur \u2014 Editions De L'Embellie","translator":null,"weight":105,"page_count":69,"readership":null,"editor":"Editions De L'Embellie","price":1300,"published_date":"2014-01-09T23:00:00.000000Z","support":"Grand format","publisher_availability":1,"stock":0,"editions":[],"url":"https:\/\/quaidesbrumes.com\/ouvrage\/9782954646114\/zephyr"},{"id":"9782954646121","title":"\u00e9pure","description":"\u00abFemmes de l'ombre ! \r\nHommage \u00e0 ces femmes,  Ces h\u00e9ro\u00efnes du silence,  Amie, soeur, \u00e9pouse, fille.\r\nQui te f\u00e9licite, t'applaudit ?\r\nTu \u00e9tais inexistante,  Tu es redevenue insignifiante.\r\nHonneur et gloire \u00e9ph\u00e9m\u00e8re, C'est l'Homme qu'on v\u00e9n\u00e8re...\u00bb Hommage \u00e0 la femme souvent bless\u00e9e, humili\u00e9e, inexistante ou proie ! Rompre les amarres, cap vers la voix du coeur, les \u00e9pices du bonheur, \u00e0 nu, sur le fil t\u00e9nu entre \u00e9motions et passions... vivre ou survivre mais... libre ! La \u00ab pens\u00e9e \u00bb de l'auteure toujours vers ses \u00e2mes soeurs, vers \u00abson autre\u00bb. Le coeur de Marie saigne, hurle, d\u00e9nonce, compose, rime, pardonne, aime. \r\nLes Editions de l'Embellie\/Tahuski","authors":["Marie De coeur"],"category_codes":["1000000","1090000"],"visuals":{"large":"https:\/\/images.epagine.fr\/121\/9782954646121_1_75.jpg","medium":"https:\/\/images.epagine.fr\/121\/9782954646121_1_m.jpg","thumbnail":"https:\/\/images.epagine.fr\/121\/9782954646121_1_v.jpg"},"orderable":true,"show_badge":true,"formatted_price":"13,00&nbsp;\u20ac","formatted_published_date":"10 janvier 2014","publisher_availability_label":"Sur commande","short_details":"Marie De coeur \u2014 Editions De L'Embellie","translator":null,"weight":105,"page_count":68,"readership":null,"editor":"Editions De L'Embellie","price":1300,"published_date":"2014-01-09T23:00:00.000000Z","support":"Grand format","publisher_availability":1,"stock":0,"editions":[],"url":"https:\/\/quaidesbrumes.com\/ouvrage\/9782954646121\/epure"},{"id":"9782845873537","title":"Louve - regis lefort","description":null,"authors":["R\u00e9gis Lefort"],"category_codes":["1000000","1090000","1090600"],"visuals":{"large":"https:\/\/images.epagine.fr\/537\/9782845873537_1_75.jpg","medium":"https:\/\/images.epagine.fr\/537\/9782845873537_1_m.jpg","thumbnail":"https:\/\/images.epagine.fr\/537\/9782845873537_1_v.jpg"},"orderable":true,"show_badge":true,"formatted_price":"13,00&nbsp;\u20ac","formatted_published_date":"1er novembre 2016","publisher_availability_label":"Sur commande","short_details":"R\u00e9gis Lefort \u2014 Tarabuste","translator":null,"weight":200,"page_count":null,"readership":null,"editor":"Tarabuste","price":1300,"published_date":"2016-10-31T23:00:00.000000Z","support":"Grand format","publisher_availability":1,"stock":0,"editions":[],"url":"https:\/\/quaidesbrumes.com\/ouvrage\/9782845873537\/louve-regis-lefort"},{"id":"9782845902084","title":"La lumiere du soir","description":null,"authors":["Hoss Marwan"],"category_codes":["1000000","1090000","1090600"],"visuals":{"large":"https:\/\/images.epagine.fr\/084\/9782845902084_1_75.jpg","medium":"https:\/\/images.epagine.fr\/084\/9782845902084_1_m.jpg","thumbnail":"https:\/\/images.epagine.fr\/084\/9782845902084_1_v.jpg"},"orderable":true,"show_badge":true,"formatted_price":"12,00&nbsp;\u20ac","formatted_published_date":"4 juin 2014","publisher_availability_label":"Sur commande","short_details":"Hoss Marwan \u2014 \u00c9ditions Arfuyen","translator":null,"weight":112,"page_count":80,"readership":null,"editor":"\u00c9ditions Arfuyen","price":1200,"published_date":"2014-06-03T22:00:00.000000Z","support":"Grand format","publisher_availability":1,"stock":0,"editions":[],"url":"https:\/\/quaidesbrumes.com\/ouvrage\/9782845902084\/la-lumiere-du-soir"},{"id":"9782322561698","title":"R\u00e9trospective Po\u00e9tique","description":"La po\u00e9sie est un formidable moyen de transcender les id\u00e9es et les \u00e9motions de n'importe quel \u00eatre humain.  Assur\u00e9ment, il est donc possible, gr\u00e2ce \u00e0 elle, de raviver des souvenirs profond\u00e9ment ancr\u00e9s dans le r\u00e9ceptacle de notre pens\u00e9e individuelle mais aussi universelle. \r\nLe souhait de l'auteur est de transmettre sa vision du monde moderne en abordant divers th\u00e8mes relatifs aux plus anciennes p\u00e9riodes de notre Histoire universelle, et \u00e9galement en portant \u00e0 notre regard divers th\u00e8mes en lien avec nos pr\u00e9occupations contemporaines. \r\nDes th\u00e9matiques qui peuvent \u00eatre en outre quelques fois tr\u00e8s dures, mais n\u00e9anmoins importantes \u00e0 traiter. Ainsi, m\u00ealant l'all\u00e9gresse \u00e0 l'affliction, Anthony Gimenez offre au lecteur et \u00e0 la lectrice des cl\u00e9s de r\u00e9flexion afin qu'il et elle puissent concevoir un meilleur avenir ; pour eux-m\u00eames et leurs semblables.","authors":["Anthony Gimenez"],"category_codes":["1000000","1090000"],"visuals":{"large":"https:\/\/images.epagine.fr\/698\/9782322561698_1_75.jpg","medium":"https:\/\/images.epagine.fr\/698\/9782322561698_1_m.jpg","thumbnail":"https:\/\/images.epagine.fr\/698\/9782322561698_1_v.jpg"},"orderable":true,"show_badge":true,"formatted_price":"10,00&nbsp;\u20ac","formatted_published_date":"25 janvier 2025","publisher_availability_label":"Sur commande","short_details":"Anthony Gimenez \u2014 Books on Demand","translator":null,"weight":143,"page_count":90,"readership":null,"editor":"Books on Demand","price":1000,"published_date":"2025-01-24T23:00:00.000000Z","support":"Grand format","publisher_availability":1,"stock":0,"editions":[],"url":"https:\/\/quaidesbrumes.com\/ouvrage\/9782322561698\/retrospective-poetique"},{"id":"9782332720740","title":"Les larmes d'un jeune Malien","description":"Ce recueil de po\u00e8mes r\u00e9novateur r\u00e9sume l'\u00e9tat d'\u00e2me de l'auteur qui est en qu\u00eate d'une identit\u00e9 r\u00e9elle pour son pays. Ayant v\u00e9cu plusieurs guerres, Issa Diawara est un farouche d\u00e9tracteur de cette derni\u00e8re. Cet ouvrage est en grande partie la d\u00e9finition des politiques envisag\u00e9es par l'auteur lui-m\u00eame. Il constitue alors un t\u00e9moignage du pass\u00e9, d\u00e9crit le pr\u00e9sent et fait place \u00e0 l'avenir. Les th\u00e8mes d\u00e9velopp\u00e9s sont le reflet d'un travail d'esprit et du coeur. T\u00e9moignage poignant qui s'affranchit de toute r\u00e8gle, qui n'est en rien une autobiographie mais le ressenti d'un homme fatigu\u00e9.","authors":["Issa Diawara"],"category_codes":["1000000","1090000"],"visuals":{"large":"https:\/\/images.epagine.fr\/740\/9782332720740_1_75.jpg","medium":"https:\/\/images.epagine.fr\/740\/9782332720740_1_m.jpg","thumbnail":"https:\/\/images.epagine.fr\/740\/9782332720740_1_v.jpg"},"orderable":true,"show_badge":true,"formatted_price":"9,00&nbsp;\u20ac","formatted_published_date":"23 avril 2014","publisher_availability_label":"Sur commande","short_details":"Issa Diawara \u2014 Edilivre","translator":null,"weight":109,"page_count":42,"readership":null,"editor":"Edilivre","price":900,"published_date":"2014-04-22T22:00:00.000000Z","support":"Grand format","publisher_availability":1,"stock":0,"editions":[],"url":"https:\/\/quaidesbrumes.com\/ouvrage\/9782332720740\/les-larmes-dun-jeune-malien"},{"id":"9782322033539","title":"Pobud' so mnoi","description":"Il y a treize ans je suis arriv\u00e9e en France. J'avais 36 ans, deux enfants et beaucoup des r\u00eaves. J'ai fait le parcours d'int\u00e9gration habituelle : travail au noir, stage linguistique, apr\u00e8s professionnelle et enfin mon premier travail-surveillante au coll\u00e8ge ! J'\u00e9tais heureuse de pouvoir subvenir aux besoins de ma petite famille mais le sentiment que je n'\u00e9tais pas \u00e0 ma place ne me quittait jamais. J'ai eu la chance de rencontrer des assistantes sociales qui s'int\u00e9ressaient \u00e0 moi vraiment et m'ont beaucoup aid\u00e9. Mon fran\u00e7ais \u00e9tait approximatif et je disais : \u00ab Moi \u00e9crire \u00bb chaque fois quand nous parlions de hobby ou de la passion. Avec le temps, j'ai compris qu'\u00e0 l'\u00e9poque, personne ne pouvait pas me prendre au s\u00e9rieux... C'\u00e9tait normal car j'\u00e9crivais qu'en russe mais depuis j'ai beaucoup travaill\u00e9 pour me permettre un jour la joie de m'exprimer en fran\u00e7ais : en fran\u00e7ais de gens simples que je c\u00f4toyais pendant ces treize ans. \r\nAujourd'hui je voudrais offrir \u00e0 vous, mes chers lecteurs, ce livre : \u00ab MOI ECRIRE \u00bb avec mes petites histoires invent\u00e9es ou pas et surtout avec mes textes de chansons. J'esp\u00e8re que parmi vous, il y aura des compositeurs et des chanteurs qui vont trouver leur bonheur dans mes textes pour mon plus grand bonheur !","authors":["Galina Catrinuta","Irina Catrinuta","Liubov Turturica"],"category_codes":["1000000","1090000"],"visuals":{"large":"https:\/\/images.epagine.fr\/539\/9782322033539_1_75.jpg","medium":"https:\/\/images.epagine.fr\/539\/9782322033539_1_m.jpg","thumbnail":"https:\/\/images.epagine.fr\/539\/9782322033539_1_v.jpg"},"orderable":true,"show_badge":true,"formatted_price":"23,90&nbsp;\u20ac","formatted_published_date":"16 janvier 2014","publisher_availability_label":"Sur commande","short_details":"Galina Catrinuta, Irina Catrinuta, Liubov Turturica \u2014 Books on Demand","translator":null,"weight":501,"page_count":380,"readership":null,"editor":"Books on Demand","price":2390,"published_date":"2014-01-15T23:00:00.000000Z","support":"Grand format","publisher_availability":1,"stock":0,"editions":[],"url":"https:\/\/quaidesbrumes.com\/ouvrage\/9782322033539\/pobud-so-mnoi"},{"id":"9782912093394","title":"Les \u00c9perons d'\u00c9den","description":"Alain Breton s'est toujours prononc\u00e9 contre l'herm\u00e9tisme jug\u00e9 st\u00e9rile en po\u00e9sie, au profit d'une po\u00e9sie se tenant au plus pr\u00e8s du fatum humain contemporain et de la br\u00e8che intimiste. Cette exigence est port\u00e9e \u00e0 son paroxysme, \u00e0 son plus haut pic, avec Les Eperons d'Eden. Ce livre est le tombeau de son p\u00e8re, le po\u00e8te Jean Breton, d\u00e9c\u00e9d\u00e9 en 2006 \u00e0 l'\u00e2ge de soixante-seize ans.","authors":["Alain Breton"],"category_codes":["1000000","1090000"],"visuals":{"large":"https:\/\/images.epagine.fr\/394\/9782912093394_1_75.jpg","medium":"https:\/\/images.epagine.fr\/394\/9782912093394_1_m.jpg","thumbnail":"https:\/\/images.epagine.fr\/394\/9782912093394_1_v.jpg"},"orderable":true,"show_badge":true,"formatted_price":"12,00&nbsp;\u20ac","formatted_published_date":"21 mars 2014","publisher_availability_label":"Sur commande","short_details":"Alain Breton \u2014 Hommes Sans Epaules","translator":null,"weight":139,"page_count":112,"readership":null,"editor":"Hommes Sans Epaules","price":1200,"published_date":"2014-03-20T23:00:00.000000Z","support":"Grand format","publisher_availability":1,"stock":0,"editions":[],"url":"https:\/\/quaidesbrumes.com\/ouvrage\/9782912093394\/les-eperons-deden"},{"id":"9782845873513","title":"La boussole aux dires de l'eclair - jean-paul bota","description":null,"authors":["Jean-paul Bota"],"category_codes":["1000000","1090000","1090600"],"visuals":{"large":"https:\/\/images.epagine.fr\/513\/9782845873513_1_75.jpg","medium":"https:\/\/images.epagine.fr\/513\/9782845873513_1_m.jpg","thumbnail":"https:\/\/images.epagine.fr\/513\/9782845873513_1_v.jpg"},"orderable":true,"show_badge":true,"formatted_price":"18,00&nbsp;\u20ac","formatted_published_date":"1er novembre 2016","publisher_availability_label":"Sur commande","short_details":"Jean-paul Bota \u2014 Tarabuste","translator":null,"weight":350,"page_count":null,"readership":null,"editor":"Tarabuste","price":1800,"published_date":"2016-10-31T23:00:00.000000Z","support":"Grand format","publisher_availability":1,"stock":0,"editions":[],"url":"https:\/\/quaidesbrumes.com\/ouvrage\/9782845873513\/la-boussole-aux-dires-de-leclair-jean-paul-bota"},{"id":"9782917081211","title":"Ecrire les yeux bandes","description":null,"authors":["Philippe Vallet"],"category_codes":["1000000","1090000"],"visuals":{"large":"https:\/\/quaidesbrumes.com\/img\/book-placeholder.png","medium":"https:\/\/quaidesbrumes.com\/img\/book-placeholder.png","thumbnail":"https:\/\/quaidesbrumes.com\/img\/book-placeholder.png"},"orderable":true,"show_badge":true,"formatted_price":"9,00&nbsp;\u20ac","formatted_published_date":"15 septembre 2013","publisher_availability_label":"Sur commande","short_details":"Philippe Vallet \u2014 Aspect","translator":null,"weight":68,"page_count":null,"readership":null,"editor":"Aspect","price":900,"published_date":"2013-09-14T22:00:00.000000Z","support":"Poche","publisher_availability":1,"stock":0,"editions":[],"url":"https:\/\/quaidesbrumes.com\/ouvrage\/9782917081211\/ecrire-les-yeux-bandes"},{"id":"9782917081228","title":"Je couche sur tout l'univers","description":null,"authors":["Philippe Vallet"],"category_codes":["1000000","1090000"],"visuals":{"large":"https:\/\/quaidesbrumes.com\/img\/book-placeholder.png","medium":"https:\/\/quaidesbrumes.com\/img\/book-placeholder.png","thumbnail":"https:\/\/quaidesbrumes.com\/img\/book-placeholder.png"},"orderable":true,"show_badge":true,"formatted_price":"9,00&nbsp;\u20ac","formatted_published_date":"15 septembre 2013","publisher_availability_label":"Sur commande","short_details":"Philippe Vallet \u2014 Aspect","translator":null,"weight":68,"page_count":null,"readership":null,"editor":"Aspect","price":900,"published_date":"2013-09-14T22:00:00.000000Z","support":"Grand format","publisher_availability":1,"stock":0,"editions":[],"url":"https:\/\/quaidesbrumes.com\/ouvrage\/9782917081228\/je-couche-sur-tout-lunivers"},{"id":"9782845873476","title":"Contrebas - nicolas cendo","description":null,"authors":["Nicolas Cendo"],"category_codes":["1000000","1090000","1090600"],"visuals":{"large":"https:\/\/images.epagine.fr\/476\/9782845873476_1_75.jpg","medium":"https:\/\/images.epagine.fr\/476\/9782845873476_1_m.jpg","thumbnail":"https:\/\/images.epagine.fr\/476\/9782845873476_1_v.jpg"},"orderable":true,"show_badge":true,"formatted_price":"12,00&nbsp;\u20ac","formatted_published_date":"1er juin 2016","publisher_availability_label":"Sur commande","short_details":"Nicolas Cendo \u2014 Tarabuste","translator":null,"weight":150,"page_count":null,"readership":null,"editor":"Tarabuste","price":1200,"published_date":"2016-05-31T22:00:00.000000Z","support":"Grand format","publisher_availability":1,"stock":0,"editions":[],"url":"https:\/\/quaidesbrumes.com\/ouvrage\/9782845873476\/contrebas-nicolas-cendo"},{"id":"9782845873469","title":"Trois entrainements a la lumiere - alexis pelletier","description":null,"authors":["Alexis Pelletier"],"category_codes":["1000000","1090000","1090600"],"visuals":{"large":"https:\/\/images.epagine.fr\/469\/9782845873469_1_75.jpg","medium":"https:\/\/images.epagine.fr\/469\/9782845873469_1_m.jpg","thumbnail":"https:\/\/images.epagine.fr\/469\/9782845873469_1_v.jpg"},"orderable":true,"show_badge":true,"formatted_price":"15,00&nbsp;\u20ac","formatted_published_date":"1er janvier 2016","publisher_availability_label":"Sur commande","short_details":"Alexis Pelletier \u2014 Tarabuste","translator":null,"weight":300,"page_count":null,"readership":null,"editor":"Tarabuste","price":1500,"published_date":"2015-12-31T23:00:00.000000Z","support":"Grand format","publisher_availability":1,"stock":0,"editions":[],"url":"https:\/\/quaidesbrumes.com\/ouvrage\/9782845873469\/trois-entrainements-a-la-lumiere-alexis-pelletier"},{"id":"9782343036847","title":"Cris premiers ; amour et espoir","description":"L'amour et l'espoir dominent ce recueil de textes \u00e9crits, en grande majorit\u00e9, \u00e0 la fin des ann\u00e9es 1960 et au d\u00e9but de la d\u00e9cennie suivante. L'auteur, alors dans sa jeunesse, crie son amour des personnes ch\u00e8res, sa qu\u00eate de libert\u00e9, et sa peine de l'exil d'\u00e9tudiant dans un monde plus \u00e9trange qu'\u00e9tranger. Entre fiert\u00e9 et nostalgie, il \u00e9voque l'Afrique et plus pr\u00e9cis\u00e9ment son pays, dans des tons tant\u00f4t graves tant\u00f4t chatoyants. Faut-il voir ici des \"cris\" annonciateurs voire fondateurs d'un parcours de vie ?","authors":["Manga Kouch"],"category_codes":["1000000","1090000"],"visuals":{"large":"https:\/\/images.epagine.fr\/847\/9782343036847_1_75.jpg","medium":"https:\/\/images.epagine.fr\/847\/9782343036847_1_m.jpg","thumbnail":"https:\/\/images.epagine.fr\/847\/9782343036847_1_v.jpg"},"orderable":true,"show_badge":true,"formatted_price":"13,00&nbsp;\u20ac","formatted_published_date":"1er juillet 2014","publisher_availability_label":"Sur commande","short_details":"Manga Kouch \u2014 \u00c9ditions L'Harmattan","translator":null,"weight":130,"page_count":100,"readership":null,"editor":"\u00c9ditions L'Harmattan","price":1300,"published_date":"2014-06-30T22:00:00.000000Z","support":"Grand format","publisher_availability":1,"stock":0,"editions":[],"url":"https:\/\/quaidesbrumes.com\/ouvrage\/9782343036847\/cris-premiers-amour-et-espoir"},{"id":"9791090639065","title":"D'ombre et de lumi\u00e8re","description":"Corinne Louis nous emporte et nous fait voyager avec une juste juxtaposition des mots.\r\nEn alliant modernit\u00e9 et sinc\u00e9rit\u00e9, elle trouve les vers pour nous \u00e9mouvoir et partager sa part d'ombre et de lumi\u00e8re...","authors":["Corinne Louis"],"category_codes":["1000000","1090000"],"visuals":{"large":"https:\/\/images.epagine.fr\/065\/9791090639065_1_75.jpg","medium":"https:\/\/images.epagine.fr\/065\/9791090639065_1_m.jpg","thumbnail":"https:\/\/images.epagine.fr\/065\/9791090639065_1_v.jpg"},"orderable":true,"show_badge":true,"formatted_price":"5,00&nbsp;\u20ac","formatted_published_date":"18 octobre 2013","publisher_availability_label":"Sur commande","short_details":"Corinne Louis \u2014 Kelableanwi","translator":null,"weight":5,"page_count":null,"readership":null,"editor":"Kelableanwi","price":500,"published_date":"2013-10-17T22:00:00.000000Z","support":"Grand format","publisher_availability":1,"stock":0,"editions":[],"url":"https:\/\/quaidesbrumes.com\/ouvrage\/9791090639065\/dombre-et-de-lumiere"},{"id":"9791090639089","title":"Le chemin d'\u00e9ternit\u00e9","description":"Laura Rucinska nous fait vibrer et nous enchante avec son recueil de po\u00e8mes intemporel intitul\u00e9 \u00ab Le chemin d'\u00e9ternit\u00e9. \u00bb qui ne demande qu'\u00e0 \u00eatre parcouru...","authors":["Laura Rucinska"],"category_codes":["1000000","1090000"],"visuals":{"large":"https:\/\/images.epagine.fr\/089\/9791090639089_1_75.jpg","medium":"https:\/\/images.epagine.fr\/089\/9791090639089_1_m.jpg","thumbnail":"https:\/\/images.epagine.fr\/089\/9791090639089_1_v.jpg"},"orderable":true,"show_badge":true,"formatted_price":"5,00&nbsp;\u20ac","formatted_published_date":"18 novembre 2013","publisher_availability_label":"Sur commande","short_details":"Laura Rucinska \u2014 Kelableanwi","translator":null,"weight":0,"page_count":null,"readership":null,"editor":"Kelableanwi","price":500,"published_date":"2013-11-17T23:00:00.000000Z","support":"Grand format","publisher_availability":1,"stock":0,"editions":[],"url":"https:\/\/quaidesbrumes.com\/ouvrage\/9791090639089\/le-chemin-deternite"},{"id":"9782371290044","title":"Couacs volume 1","description":null,"authors":["Alain Chevrier"],"category_codes":["1000000","1090000"],"visuals":{"large":"https:\/\/quaidesbrumes.com\/img\/book-placeholder.png","medium":"https:\/\/quaidesbrumes.com\/img\/book-placeholder.png","thumbnail":"https:\/\/quaidesbrumes.com\/img\/book-placeholder.png"},"orderable":true,"show_badge":true,"formatted_price":"17,00&nbsp;\u20ac","formatted_published_date":"15 juin 2014","publisher_availability_label":"Sur commande","short_details":"Alain Chevrier \u2014 Vanneaux","translator":null,"weight":480,"page_count":null,"readership":null,"editor":"Vanneaux","price":1700,"published_date":"2014-06-14T22:00:00.000000Z","support":"Grand format","publisher_availability":1,"stock":0,"editions":[],"url":"https:\/\/quaidesbrumes.com\/ouvrage\/9782371290044\/couacs-volume-1"},{"id":"9782916071930","title":"Hymnes","description":null,"authors":["Holderlin"],"category_codes":["1000000","1090000"],"visuals":{"large":"https:\/\/quaidesbrumes.com\/img\/book-placeholder.png","medium":"https:\/\/quaidesbrumes.com\/img\/book-placeholder.png","thumbnail":"https:\/\/quaidesbrumes.com\/img\/book-placeholder.png"},"orderable":true,"show_badge":true,"formatted_price":"15,00&nbsp;\u20ac","formatted_published_date":"16 juin 2014","publisher_availability_label":"Sur commande","short_details":"Holderlin \u2014 Vanneaux","translator":null,"weight":350,"page_count":null,"readership":null,"editor":"Vanneaux","price":1500,"published_date":"2014-06-15T22:00:00.000000Z","support":"Grand format","publisher_availability":1,"stock":0,"editions":[],"url":"https:\/\/quaidesbrumes.com\/ouvrage\/9782916071930\/hymnes"}]}