{"data":[{"id":"9782952899024","title":"Nano","description":"Recueil de 33 po\u00e8mes illustr\u00e9s de tableaux d'artiste. Cet ouvrage a \u00e9t\u00e9 r\u00e9alis\u00e9 en famille, pour ainsi dire. Anne G\u00e9raldine ALBY (Geralby), la ni\u00e8ce d'Arielle ALBY, et artiste peintre bas\u00e9e \u00e0 Guadalajara au Mexique y a mis tout son coeur. Certainement inspir\u00e9e par Nano, son grand p\u00e8re, d\u00e9c\u00e9d\u00e9 \u00e0 L'\u00e2ge de quarante-cinq ans d'un accident D'avion et dont elle se sent si proche.\r\nNano maniait le pinceau, jouait De la musique, Arielle s'amuse \u00e0 faire chanter les mots. L'art n'a pas de Fronti\u00e8res, qu'elles Soient terrestres ou C\u00e9lestes.","authors":["Arielle Alby"],"category_codes":["1000000","1090000"],"visuals":{"large":"https:\/\/images.epagine.fr\/024\/9782952899024_1_75.jpg","medium":"https:\/\/images.epagine.fr\/024\/9782952899024_1_m.jpg","thumbnail":"https:\/\/images.epagine.fr\/024\/9782952899024_1_v.jpg"},"orderable":true,"show_badge":true,"formatted_price":"15,00&nbsp;\u20ac","formatted_published_date":"9 f\u00e9vrier 2014","publisher_availability_label":"Sur commande","short_details":"Arielle Alby \u2014 Angel Publications","translator":null,"weight":120,"page_count":68,"readership":null,"editor":"Angel Publications","price":1500,"published_date":"2014-02-08T23:00:00.000000Z","support":"Grand format","publisher_availability":1,"stock":0,"editions":[],"url":"https:\/\/quaidesbrumes.com\/ouvrage\/9782952899024\/nano"},{"id":"9782312018720","title":"Silences, pens\u00e9es et po\u00e8mes","description":"Laissez-vous transporter au coeur d'un univers po\u00e9tique dans lequel les sentiments se d\u00e9voilent ; un univers o\u00f9 les amours, les col\u00e8res, les doutes et les espoirs se m\u00ealent pour transcender les \u00e9motions et toucher chacun d'entre nous.","authors":["Amelie Desnoyer"],"category_codes":["1000000","1090000"],"visuals":{"large":"https:\/\/images.epagine.fr\/720\/9782312018720_1_75.jpg","medium":"https:\/\/images.epagine.fr\/720\/9782312018720_1_m.jpg","thumbnail":"https:\/\/images.epagine.fr\/720\/9782312018720_1_v.jpg"},"orderable":true,"show_badge":true,"formatted_price":"13,00&nbsp;\u20ac","formatted_published_date":"2 d\u00e9cembre 2013","publisher_availability_label":"Sur commande","short_details":"Amelie Desnoyer \u2014 Editions du Net","translator":null,"weight":140,"page_count":null,"readership":null,"editor":"Editions du Net","price":1300,"published_date":"2013-12-01T23:00:00.000000Z","support":"Grand format","publisher_availability":1,"stock":0,"editions":[],"url":"https:\/\/quaidesbrumes.com\/ouvrage\/9782312018720\/silences-pensees-et-poemes"},{"id":"9782312015798","title":"Le libertin","description":"Le libertin histoire o\u00f9 sont cit\u00e9s d'illustres personnages ayant exist\u00e9s ou issus d'oeuvres litt\u00e9raires connues du xiie au xviiie si\u00e8cle, est un r\u00e9cit \u00e9pistolaire en vers d'une passion entre Hugo de Constant et Emeline de Grandval.","authors":["Rhiannon Brequeville"],"category_codes":["1000000","1090000"],"visuals":{"large":"https:\/\/images.epagine.fr\/798\/9782312015798_1_75.jpg","medium":"https:\/\/images.epagine.fr\/798\/9782312015798_1_m.jpg","thumbnail":"https:\/\/images.epagine.fr\/798\/9782312015798_1_v.jpg"},"orderable":true,"show_badge":true,"formatted_price":"13,00&nbsp;\u20ac","formatted_published_date":"6 d\u00e9cembre 2013","publisher_availability_label":"Sur commande","short_details":"Rhiannon Brequeville \u2014 Editions du Net","translator":null,"weight":230,"page_count":128,"readership":null,"editor":"Editions du Net","price":1300,"published_date":"2013-12-05T23:00:00.000000Z","support":"Grand format","publisher_availability":1,"stock":0,"editions":[],"url":"https:\/\/quaidesbrumes.com\/ouvrage\/9782312015798\/le-libertin"},{"id":"9782367602882","title":"De leurs serres, les oiseaux griffent des vers de po\u00e9sie","description":"Le Dr. Souad M. Al-Sabah est une \u00e9conomiste, militante pour les droits des femmes, po\u00e9tesse et femme de lettres. N\u00e9e en 1942 au sein de la famille r\u00e9gnante de son pays, elle est, en tant que femme, une pionni\u00e8re dans de nombreux domaines et consacre son temps et ses talents au service de sa patrie, le Kowe\u00eft.\r\n Si ses essais universitaires sont \u00e9crits en anglais, sa po\u00e9sie, au souffle intarissable, est con\u00e7ue dans un arabe moderne, dans une verve romantique \u00e0 la fois familiale et f\u00e9ministe, que ponctuent des interm\u00e8des politiques audacieux.\r\n Ses recueils po\u00e9tiques voyagent \u00e0 travers le monde.","authors":["Souad Al Sabah"],"category_codes":["1000000","1090000","1090600"],"visuals":{"large":"https:\/\/images.epagine.fr\/882\/9782367602882_1_75.jpg","medium":"https:\/\/images.epagine.fr\/882\/9782367602882_1_m.jpg","thumbnail":"https:\/\/images.epagine.fr\/882\/9782367602882_1_v.jpg"},"orderable":true,"show_badge":true,"formatted_price":"12,00&nbsp;\u20ac","formatted_published_date":"10 novembre 2023","publisher_availability_label":"Sur commande","short_details":"Souad Al Sabah \u2014 ERICK BONNIER","translator":null,"weight":128,"page_count":140,"readership":null,"editor":"ERICK BONNIER","price":1200,"published_date":"2023-11-09T23:00:00.000000Z","support":"Poche","publisher_availability":1,"stock":0,"editions":[],"url":"https:\/\/quaidesbrumes.com\/ouvrage\/9782367602882\/de-leurs-serres-les-oiseaux-griffent-des-vers-de-poesie"},{"id":"9782912753410","title":"Voie de disparition","description":"\" - Et votre alchimie du verbe ?\r\n- Eh bien, je vais sortir dans le jardin, sortir des vues de l'esprit, chercher des m\u00fbres parmi les ronces pour en faire de la confiture.\r\n- Et votre po\u00e9tique ?\r\n- Euh ! Avec les fleurs blanches de l'acacia, je concocte du ratafia. Je prends des fleurs fra\u00eeches, les presse un peu, les couvre d'eau-de-vie, et je les laisse mac\u00e9rer au soleil, puis d\u00e9canter. Apr\u00e8s, j'ajoute du sirop \u00e0 30\u00b0 baum\u00e9, avec de la cannelle et du girofle. \"","authors":["Yves Leclair"],"category_codes":["1000000","1090000"],"visuals":{"large":"https:\/\/images.epagine.fr\/410\/9782912753410_1_75.jpg","medium":"https:\/\/images.epagine.fr\/410\/9782912753410_1_m.jpg","thumbnail":"https:\/\/images.epagine.fr\/410\/9782912753410_1_v.jpg"},"orderable":true,"show_badge":true,"formatted_price":"6,90&nbsp;\u20ac","formatted_published_date":"9 avril 2014","publisher_availability_label":"Sur commande","short_details":"Yves Leclair \u2014 Editions La Breche","translator":null,"weight":0,"page_count":52,"readership":null,"editor":"Editions La Breche","price":690,"published_date":"2014-04-08T22:00:00.000000Z","support":"Poche","publisher_availability":1,"stock":0,"editions":[],"url":"https:\/\/quaidesbrumes.com\/ouvrage\/9782912753410\/voie-de-disparition"},{"id":"9782322034642","title":"Faubourgs et bois noirs ; petit recueil de fantaisies po\u00e9tiques","description":"Guirlande de contes po\u00e9tiques aux parfums anciens et oniriques o\u00f9 la fronti\u00e8re est fine entre le monde de la for\u00eat et celui des hommes, entre le pass\u00e9 et le pr\u00e9sent...\r\nLa deuxi\u00e8me partie est un tableau de textes \u00e9voquant des terres lointaines et inconnues. \r\nUn hommage aux petites choses et \u00e0 l'immensit\u00e9...","authors":["Emmanuel Rousseau"],"category_codes":["1000000","1090000"],"visuals":{"large":"https:\/\/images.epagine.fr\/642\/9782322034642_1_75.jpg","medium":"https:\/\/images.epagine.fr\/642\/9782322034642_1_m.jpg","thumbnail":"https:\/\/images.epagine.fr\/642\/9782322034642_1_v.jpg"},"orderable":true,"show_badge":true,"formatted_price":"15,00&nbsp;\u20ac","formatted_published_date":"1er novembre 2013","publisher_availability_label":"Sur commande","short_details":"Emmanuel Rousseau \u2014 Books on Demand","translator":null,"weight":401,"page_count":88,"readership":null,"editor":"Books on Demand","price":1500,"published_date":"2013-10-31T23:00:00.000000Z","support":"Grand format","publisher_availability":1,"stock":0,"editions":[],"url":"https:\/\/quaidesbrumes.com\/ouvrage\/9782322034642\/faubourgs-et-bois-noirs-petit-recueil-de-fantaisies-poetiques"},{"id":"9782322032754","title":"Voies accores, livre VIII ; s.29-32","description":"Ceci n'est pas un livre d'Histoire. C'est un livre d'histoires au pluriel. C'est moi debout face \u00e0 ces histoires. C'est un face \u00e0 face entre eux, tous ces disparus, toute cette horreur et moi, \u00e9crivant. J'ai voulu dialoguer avec eux, ici, maintenant. C'est parti d'un r\u00e9el besoin, individuel et politique sans pr\u00e9tendre \u00e0 aucune v\u00e9rit\u00e9. C'est ce que je devais faire. C'est tout. Je crois, avec d'autres, que ce g\u00e9nocide central du XXe si\u00e8cle est sans commune mesure dans l'histoire de l'humanit\u00e9 et qu'\u00e0 ce titre, en tant qu'artiste, je deviens t\u00e9moin des t\u00e9moins.\r\n\r\nRetranscrire. R\u00e9ordonner en d\u00e9sordonnant aussi. Peut-\u00eatre me fallait-il violenter la violence elle-m\u00eame, pour lui extirper autre chose que ce qu'on comprend ou ressent imm\u00e9diatement. Lui r\u00e9sister \u00e0 cette violence des faits pour en r\u00e9chapper et offrir d'autres possibles par des ph\u00e9nom\u00e8nes de renversement.\r\nTout au long du travail qui a commenc\u00e9 en 1994, ce furent tour \u00e0 tour ou parall\u00e8lement, la Yougoslavie, le Rwanda, l'Alg\u00e9rie et \u00e9videmment beaucoup d'autres \u00e9v\u00e9nements. Il s'est agi de re-transcrire les perceptions de toutes ces r\u00e9alit\u00e9s m\u00eal\u00e9es, m\u00eal\u00e9es aussi avec ma propre histoire, soit tout ce qui se passe dans la vie de chacun en fonction de ses activit\u00e9s physiques et psychiques. \u00c7a s'entrecroise. C'est en mouvement. C'est un mouvement incessant d'affleurements et de retraits. Chris Meunier De ce temps-l\u00e0 \u00e0 ce temps-ci le livre se d\u00e9plie, s'invente, s'architecture.\r\nCinquante-deux livrets composent VOIES ACCORES, correspondant aux cinquante-deux semaines d'une ann\u00e9e.\r\nCes livrets rassembl\u00e9s forment un tout saisissant o\u00f9 l'Histoire, le r\u00e9cit, le t\u00e9moignage, l'actualit\u00e9, le po\u00e8me, la photographie se frottent, se superposent, se font face, se questionnent. Un c\u00e9notaphe o\u00f9 l'exc\u00e8s de t\u00e9n\u00e8bres et l'exc\u00e8s de lumi\u00e8res provoque les yeux, la t\u00eate, les jambes,et r\u00e9v\u00e8le la pr\u00e9sence d'absences.\r\nAujourd'hui. Pour demain. Ce qui s'est pass\u00e9 hier.\r\nO\u00f9 se situer dans les langues et leur vocabulaire ?\r\nInventer d'autres mots ou se contenter de ceux qui existent ?\r\nCes exp\u00e9riences engagent l'artiste, l'auteur, \u00e0 trouver sa propre parole dans le d\u00e9sir de transmettre \u00e0 son tour. Le livre alors se cr\u00e9e.","authors":["Chris Meunier"],"category_codes":["1000000","1090000"],"visuals":{"large":"https:\/\/images.epagine.fr\/754\/9782322032754_1_75.jpg","medium":"https:\/\/images.epagine.fr\/754\/9782322032754_1_m.jpg","thumbnail":"https:\/\/images.epagine.fr\/754\/9782322032754_1_v.jpg"},"orderable":true,"show_badge":true,"formatted_price":"28,50&nbsp;\u20ac","formatted_published_date":"1er novembre 2013","publisher_availability_label":"Sur commande","short_details":"Chris Meunier \u2014 Books on Demand","translator":null,"weight":601,"page_count":216,"readership":null,"editor":"Books on Demand","price":2850,"published_date":"2013-10-31T23:00:00.000000Z","support":"Grand format","publisher_availability":1,"stock":0,"editions":[],"url":"https:\/\/quaidesbrumes.com\/ouvrage\/9782322032754\/voies-accores-livre-viii-s29-32"},{"id":"9782322033898","title":"En attendant demain","description":"Poetry, illustrations, story, conte, bonus et po\u00e9sie compose cet ouvrage. \r\nRecueil de po\u00e9sie illustr\u00e9 suivi d'un conte et de bonus po\u00e9tique. \r\nIl est traduit en anglais sur les pages de gauches en face de son texte fran\u00e7ais.","authors":["Lise-Marie Beme"],"category_codes":["1000000","1090000"],"visuals":{"large":"https:\/\/images.epagine.fr\/898\/9782322033898_1_75.jpg","medium":"https:\/\/images.epagine.fr\/898\/9782322033898_1_m.jpg","thumbnail":"https:\/\/images.epagine.fr\/898\/9782322033898_1_v.jpg"},"orderable":true,"show_badge":true,"formatted_price":"9,00&nbsp;\u20ac","formatted_published_date":"1er novembre 2013","publisher_availability_label":"Sur commande","short_details":"Lise-Marie Beme \u2014 Books on Demand","translator":null,"weight":201,"page_count":92,"readership":null,"editor":"Books on Demand","price":900,"published_date":"2013-10-31T23:00:00.000000Z","support":"Grand format","publisher_availability":1,"stock":0,"editions":[],"url":"https:\/\/quaidesbrumes.com\/ouvrage\/9782322033898\/en-attendant-demain"},{"id":"9782368682623","title":"Aimer \u00e0 l'infini","description":"L'amour est le moteur le plus puissant de notre \u00eatre, et s'il nous porte d'abord vers \u00ab l'autre \u00bb, au risque d'essuyer des revers si nous sommes trop avides, il nous ouvre peu \u00e0 peu au \u00ab Tout Autre \u00bb, \u00e0 la grande Pr\u00e9sence qui habite l'Univers et qui sait toujours nous rendre au centuple ce que nous lui offrons.\r\n\r\nCe livre expose \u00e0 travers des m\u00e9ditations  po\u00e9tiques le cheminement de l'\u00e2me qui peu \u00e0 peu apprivoise la rencontre de chair, avant de p\u00e9n\u00e9trer \r\ndans le secret de la Lumi\u00e8re et du Sourire du Monde.","authors":["Martine Maillard"],"category_codes":["1000000","1090000"],"visuals":{"large":"https:\/\/images.epagine.fr\/623\/9782368682623_1_75.jpg","medium":"https:\/\/images.epagine.fr\/623\/9782368682623_1_m.jpg","thumbnail":"https:\/\/images.epagine.fr\/623\/9782368682623_1_v.jpg"},"orderable":true,"show_badge":true,"formatted_price":"12,00&nbsp;\u20ac","formatted_published_date":"15 avril 2014","publisher_availability_label":"Sur commande","short_details":"Martine Maillard \u2014 Stellamaris","translator":null,"weight":79,"page_count":52,"readership":null,"editor":"Stellamaris","price":1200,"published_date":"2014-04-14T22:00:00.000000Z","support":"Grand format","publisher_availability":1,"stock":0,"editions":[],"url":"https:\/\/quaidesbrumes.com\/ouvrage\/9782368682623\/aimer-a-linfini"},{"id":"9782954622200","title":"Fuie","description":"Livre-estampe en 7 cahiers tir\u00e9s en 50 exemplaires num\u00e9rot\u00e9s et sign\u00e9s dont 10 exemplaires de t\u00eate r\u00e9hauss\u00e9s \u00e0 la main - 14 pages.","authors":["Nicolas Blin","Antoine Emaz"],"category_codes":["1000000","1090000"],"visuals":{"large":"https:\/\/quaidesbrumes.com\/img\/book-placeholder.png","medium":"https:\/\/quaidesbrumes.com\/img\/book-placeholder.png","thumbnail":"https:\/\/quaidesbrumes.com\/img\/book-placeholder.png"},"orderable":true,"show_badge":true,"formatted_price":"80,00&nbsp;\u20ac","formatted_published_date":"3 mars 2014","publisher_availability_label":"Sur commande","short_details":"Nicolas Blin, Antoine Emaz \u2014 Imagine","translator":null,"weight":75,"page_count":null,"readership":null,"editor":"Imagine","price":8000,"published_date":"2014-03-02T23:00:00.000000Z","support":"Grand format","publisher_availability":1,"stock":0,"editions":[],"url":"https:\/\/quaidesbrumes.com\/ouvrage\/9782954622200\/fuie"},{"id":"9782322036196","title":"Quinze","description":"Quinze textes, probl\u00e9matiques d'esprits en souffrance et en devenir.","authors":["John Lorenc"],"category_codes":["1000000","1090000"],"visuals":{"large":"https:\/\/images.epagine.fr\/196\/9782322036196_1_75.jpg","medium":"https:\/\/images.epagine.fr\/196\/9782322036196_1_m.jpg","thumbnail":"https:\/\/images.epagine.fr\/196\/9782322036196_1_v.jpg"},"orderable":true,"show_badge":true,"formatted_price":"5,00&nbsp;\u20ac","formatted_published_date":"16 avril 2014","publisher_availability_label":"Sur commande","short_details":"John Lorenc \u2014 Books on Demand","translator":null,"weight":201,"page_count":52,"readership":null,"editor":"Books on Demand","price":500,"published_date":"2014-04-15T22:00:00.000000Z","support":"Grand format","publisher_availability":1,"stock":0,"editions":[],"url":"https:\/\/quaidesbrumes.com\/ouvrage\/9782322036196\/quinze"},{"id":"9782379164736","title":"Le battement d'ailes du h\u00e9risson","description":"Et si l'esprit seul pouvait v\u00e9ritablement s'affranchir de la r\u00e9alit\u00e9, comme pour mieux la retrouver\u00a0?\r\nLe battement d'ailes du h\u00e9risson regroupe 32 textes po\u00e9tiques comme autant de r\u00eaveries illogiques. Recueil d'images et de situations surr\u00e9alistes, improbables, jonglant avec des r\u00e9alit\u00e9s inou\u00efes et surprenantes.\r\nTentative de d\u00e9collage d'un auteur au corps cramponn\u00e9 \u00e0 la Terre mais \u00e0 l'esprit en apesanteur. Tentative d'\u00e9chappatoire.\r\nMais peut-on vraiment \u00e9chapper \u00e0 soi-m\u00eame ?","authors":["Hego Teddy"],"category_codes":["1000000","1090000"],"visuals":{"large":"https:\/\/images.epagine.fr\/736\/9782379164736_1_75.jpg","medium":"https:\/\/images.epagine.fr\/736\/9782379164736_1_m.jpg","thumbnail":"https:\/\/images.epagine.fr\/736\/9782379164736_1_v.jpg"},"orderable":true,"show_badge":true,"formatted_price":"17,00&nbsp;\u20ac","formatted_published_date":"17 octobre 2020","publisher_availability_label":"Sur commande","short_details":"Hego Teddy \u2014 Editions Ma\u00efa","translator":null,"weight":350,"page_count":94,"readership":null,"editor":"Editions Ma\u00efa","price":1700,"published_date":"2020-10-16T22:00:00.000000Z","support":"Grand format","publisher_availability":1,"stock":0,"editions":[],"url":"https:\/\/quaidesbrumes.com\/ouvrage\/9782379164736\/le-battement-dailes-du-herisson"},{"id":"9782379164903","title":"Ballade de mon ami le bourreau","description":"Valeriu Stancu est un po\u00e8te singulier qui n'a peur ni des images ni des repr\u00e9sentations fortes et tr\u00e8s visuelles, proc\u00e9dant de la sorte \u00e0 une d\u00e9sacralisation, de fa\u00e7on abrupte et crue, des images d'\u00c9pinal les plus \u00e9cul\u00e9es. Car ce que Valeriu Stancu, en po\u00e8te affirm\u00e9, \u00e9nonce, ce ne sont pas de vains paradoxes, mais des constats lucides sur l'\u00e2pret\u00e9 de l'existence qui nous est faite. Nous n'avons pas \u00e9t\u00e9 avertis de la cruaut\u00e9 de la vie qui nous est donn\u00e9e \u00e0 vivre, mais Valeriu  Stancu, lui, sait le faire et de mani\u00e8re forte, car l'artiste, po\u00e8te ou sculpteur, sait tr\u00e8s bien se moquer de la mort et la d\u00e9fier, cette mort qui \u00ab portait un petit chapeau tress\u00e9 de fleurs \u00bb qu'on appelle aussi  \u00ab myosotis afin qu'on ne l'oublie pas \u00bb. \r\nDe toute fa\u00e7on, le po\u00e8te sait bien que \u00ab lorsqu'on revient de la mort c'est seulement pour frapper une fois de plus \u00e0 sa porte un beau jour \u00bb... Et seuls les mots n\u00e9cessaires qu'il fallait \u00e9crire peuvent encore retenir en vie le po\u00e8te. La duret\u00e9 et la dichotomie d'un monde que nous aimerions pouvoir trouver beau, mais qui ne peut l'\u00eatre, est d\u00e9vast\u00e9 par l'impitoyable violence des r\u00e9gimes subis : \u00ab  et pourquoi dans le ventre de la m\u00e8re soumise \u00e0 la mort germe encore le fiel de l'espoir ? \u00bb s'interroge le po\u00e8te, car c'est bien s\u00fbr l'espoir d\u00e9\u00e7u qui est pire que les t\u00e9n\u00e8bres.\r\n Extrait de la pr\u00e9face de Sylvestre Clancier","authors":["Val\u00e9riu Stancu"],"category_codes":["1000000","1090000"],"visuals":{"large":"https:\/\/images.epagine.fr\/903\/9782379164903_1_75.jpg","medium":"https:\/\/images.epagine.fr\/903\/9782379164903_1_m.jpg","thumbnail":"https:\/\/images.epagine.fr\/903\/9782379164903_1_v.jpg"},"orderable":true,"show_badge":true,"formatted_price":"17,00&nbsp;\u20ac","formatted_published_date":"17 octobre 2020","publisher_availability_label":"Sur commande","short_details":"Val\u00e9riu Stancu \u2014 Editions Ma\u00efa","translator":null,"weight":350,"page_count":148,"readership":null,"editor":"Editions Ma\u00efa","price":1700,"published_date":"2020-10-16T22:00:00.000000Z","support":"Grand format","publisher_availability":1,"stock":0,"editions":[],"url":"https:\/\/quaidesbrumes.com\/ouvrage\/9782379164903\/ballade-de-mon-ami-le-bourreau"},{"id":"9782924097229","title":"Confession intime","description":null,"authors":["Kabwit  Mitond Ntet"],"category_codes":["1000000","1090000"],"visuals":{"large":"https:\/\/quaidesbrumes.com\/img\/book-placeholder.png","medium":"https:\/\/quaidesbrumes.com\/img\/book-placeholder.png","thumbnail":"https:\/\/quaidesbrumes.com\/img\/book-placeholder.png"},"orderable":true,"show_badge":true,"formatted_price":"18,00&nbsp;\u20ac","formatted_published_date":"2 mai 2014","publisher_availability_label":"Sur commande","short_details":"Kabwit  Mitond Ntet \u2014 Dhart","translator":null,"weight":132,"page_count":null,"readership":null,"editor":"Dhart","price":1800,"published_date":"2014-05-01T22:00:00.000000Z","support":"Grand format","publisher_availability":1,"stock":0,"editions":[],"url":"https:\/\/quaidesbrumes.com\/ouvrage\/9782924097229\/confession-intime"},{"id":"9782379164651","title":"De ma fen\u00eatre","description":"De ma fen\u00eatre, j'ai vu passer le temps et des tas de gens, pendant le confinement. Des apeur\u00e9s, d\u00e9sesp\u00e9r\u00e9s, des confiants, des m\u00e9fiants, des experts, des voyants, des masqu\u00e9s. \r\nComme eux, comme vous, j'ai eu le sentiment de vivre un moment historique. Pour ne rien oublier, j'ai grav\u00e9 mes sentiments, mes pens\u00e9es dans des textes. Courts, longs, acides, lucides. Des nouvelles, po\u00e8mes, dystopies, pour raconter et conserver un souvenir de ce que j'ai travers\u00e9. De ce que nous avons tous travers\u00e9. \r\nDe ma fen\u00eatre, vous aurez parfois l'impression d'observer la v\u00f4tre.","authors":["Lionel Abbo"],"category_codes":["1000000","1090000"],"visuals":{"large":"https:\/\/images.epagine.fr\/651\/9782379164651_1_75.jpg","medium":"https:\/\/images.epagine.fr\/651\/9782379164651_1_m.jpg","thumbnail":"https:\/\/images.epagine.fr\/651\/9782379164651_1_v.jpg"},"orderable":true,"show_badge":true,"formatted_price":"18,00&nbsp;\u20ac","formatted_published_date":"17 octobre 2020","publisher_availability_label":"Sur commande","short_details":"Lionel Abbo \u2014 Editions Ma\u00efa","translator":null,"weight":350,"page_count":128,"readership":null,"editor":"Editions Ma\u00efa","price":1800,"published_date":"2020-10-16T22:00:00.000000Z","support":"Grand format","publisher_availability":1,"stock":0,"editions":[],"url":"https:\/\/quaidesbrumes.com\/ouvrage\/9782379164651\/de-ma-fenetre"},{"id":"9782353212538","title":"Bagarre !","description":null,"authors":["De Gans Aleric"],"category_codes":["1000000","1090000"],"visuals":{"large":"https:\/\/quaidesbrumes.com\/img\/book-placeholder.png","medium":"https:\/\/quaidesbrumes.com\/img\/book-placeholder.png","thumbnail":"https:\/\/quaidesbrumes.com\/img\/book-placeholder.png"},"orderable":true,"show_badge":true,"formatted_price":"14,00&nbsp;\u20ac","formatted_published_date":"22 avril 2014","publisher_availability_label":"Sur commande","short_details":"De Gans Aleric \u2014 SCRIPTA","translator":null,"weight":150,"page_count":null,"readership":null,"editor":"SCRIPTA","price":1400,"published_date":"2014-04-21T22:00:00.000000Z","support":"Grand format","publisher_availability":1,"stock":0,"editions":[],"url":"https:\/\/quaidesbrumes.com\/ouvrage\/9782353212538\/bagarre"},{"id":"9782332740779","title":"Poemes pour enfants","description":null,"authors":["Huertas Arlette"],"category_codes":["1000000","1090000"],"visuals":{"large":"https:\/\/images.epagine.fr\/779\/9782332740779_1_75.jpg","medium":"https:\/\/images.epagine.fr\/779\/9782332740779_1_m.jpg","thumbnail":"https:\/\/images.epagine.fr\/779\/9782332740779_1_v.jpg"},"orderable":true,"show_badge":true,"formatted_price":"8,50&nbsp;\u20ac","formatted_published_date":"25 juin 2014","publisher_availability_label":"Sur commande","short_details":"Huertas Arlette \u2014 Edilivre","translator":null,"weight":95,"page_count":null,"readership":null,"editor":"Edilivre","price":850,"published_date":"2014-06-24T22:00:00.000000Z","support":"Grand format","publisher_availability":1,"stock":0,"editions":[],"url":"https:\/\/quaidesbrumes.com\/ouvrage\/9782332740779\/poemes-pour-enfants"},{"id":"9782368682111","title":"Ici et ailleurs","description":"L'oc\u00e9an m'a port\u00e9 vers une terre inconnue\r\nQui cachait ses couleurs et qui taisait son nom\r\nMais jamais il ne fut de voyage plus profond\r\nQue des pages corn\u00e9es l'envo\u00fbtant contenu.","authors":["Alexis De Saint-Chamas"],"category_codes":["1000000","1090000"],"visuals":{"large":"https:\/\/images.epagine.fr\/111\/9782368682111_1_75.jpg","medium":"https:\/\/images.epagine.fr\/111\/9782368682111_1_m.jpg","thumbnail":"https:\/\/images.epagine.fr\/111\/9782368682111_1_v.jpg"},"orderable":true,"show_badge":true,"formatted_price":"10,00&nbsp;\u20ac","formatted_published_date":"9 janvier 2014","publisher_availability_label":"Sur commande","short_details":"Alexis De Saint-Chamas \u2014 Stellamaris","translator":null,"weight":88,"page_count":63,"readership":null,"editor":"Stellamaris","price":1000,"published_date":"2014-01-08T23:00:00.000000Z","support":"Grand format","publisher_availability":1,"stock":0,"editions":[],"url":"https:\/\/quaidesbrumes.com\/ouvrage\/9782368682111\/ici-et-ailleurs"},{"id":"9782845873384","title":"Triages anthologie vol. ii (2016)","description":null,"authors":["Collectif"],"category_codes":["1000000","1090000","1090600"],"visuals":{"large":"https:\/\/images.epagine.fr\/384\/9782845873384_1_75.jpg","medium":"https:\/\/images.epagine.fr\/384\/9782845873384_1_m.jpg","thumbnail":"https:\/\/images.epagine.fr\/384\/9782845873384_1_v.jpg"},"orderable":true,"show_badge":true,"formatted_price":"20,00&nbsp;\u20ac","formatted_published_date":"1er juin 2016","publisher_availability_label":"Sur commande","short_details":"Collectif \u2014 Tarabuste","translator":null,"weight":400,"page_count":null,"readership":null,"editor":"Tarabuste","price":2000,"published_date":"2016-05-31T22:00:00.000000Z","support":"Grand format","publisher_availability":1,"stock":0,"editions":[],"url":"https:\/\/quaidesbrumes.com\/ouvrage\/9782845873384\/triages-anthologie-vol-ii-2016"},{"id":"9782845873377","title":"Triages anthologie vol. i (2016)","description":null,"authors":["Collectif"],"category_codes":["1000000","1090000","1090600"],"visuals":{"large":"https:\/\/images.epagine.fr\/377\/9782845873377_1_75.jpg","medium":"https:\/\/images.epagine.fr\/377\/9782845873377_1_m.jpg","thumbnail":"https:\/\/images.epagine.fr\/377\/9782845873377_1_v.jpg"},"orderable":true,"show_badge":true,"formatted_price":"20,00&nbsp;\u20ac","formatted_published_date":"1er juin 2016","publisher_availability_label":"Sur commande","short_details":"Collectif \u2014 Tarabuste","translator":null,"weight":400,"page_count":null,"readership":null,"editor":"Tarabuste","price":2000,"published_date":"2016-05-31T22:00:00.000000Z","support":"Grand format","publisher_availability":1,"stock":0,"editions":[],"url":"https:\/\/quaidesbrumes.com\/ouvrage\/9782845873377\/triages-anthologie-vol-i-2016"},{"id":"9782812705342","title":"L'eigoutie vo la toulounado","description":null,"authors":["Antoine Favel"],"category_codes":["1000000","1090000"],"visuals":{"large":"https:\/\/quaidesbrumes.com\/img\/book-placeholder.png","medium":"https:\/\/quaidesbrumes.com\/img\/book-placeholder.png","thumbnail":"https:\/\/quaidesbrumes.com\/img\/book-placeholder.png"},"orderable":true,"show_badge":true,"formatted_price":"25,00&nbsp;\u20ac","formatted_published_date":"13 janvier 2014","publisher_availability_label":"Sur commande","short_details":"Antoine Favel \u2014 Presses Du Midi","translator":null,"weight":1463,"page_count":null,"readership":null,"editor":"Presses Du Midi","price":2500,"published_date":"2014-01-12T23:00:00.000000Z","support":"Grand format","publisher_availability":1,"stock":0,"editions":[],"url":"https:\/\/quaidesbrumes.com\/ouvrage\/9782812705342\/leigoutie-vo-la-toulounado"},{"id":"9782849541319","title":"Vivre ou mourir","description":null,"authors":["Freniere Jean-Mar La"],"category_codes":["1000000","1090000"],"visuals":{"large":"https:\/\/quaidesbrumes.com\/img\/book-placeholder.png","medium":"https:\/\/quaidesbrumes.com\/img\/book-placeholder.png","thumbnail":"https:\/\/quaidesbrumes.com\/img\/book-placeholder.png"},"orderable":true,"show_badge":true,"formatted_price":"14,00&nbsp;\u20ac","formatted_published_date":"13 janvier 2014","publisher_availability_label":"Sur commande","short_details":"Freniere Jean-Mar La \u2014 Chemins De Plume","translator":null,"weight":250,"page_count":null,"readership":null,"editor":"Chemins De Plume","price":1400,"published_date":"2014-01-12T23:00:00.000000Z","support":"Grand format","publisher_availability":1,"stock":0,"editions":[],"url":"https:\/\/quaidesbrumes.com\/ouvrage\/9782849541319\/vivre-ou-mourir"},{"id":"9782845873612","title":"Berges et seuils - alain eludut","description":null,"authors":["Eludut Alain"],"category_codes":["1000000","1090000","1090600"],"visuals":{"large":"https:\/\/images.epagine.fr\/612\/9782845873612_1_75.jpg","medium":"https:\/\/images.epagine.fr\/612\/9782845873612_1_m.jpg","thumbnail":"https:\/\/images.epagine.fr\/612\/9782845873612_1_v.jpg"},"orderable":true,"show_badge":true,"formatted_price":"12,00&nbsp;\u20ac","formatted_published_date":"1er f\u00e9vrier 2017","publisher_availability_label":"Sur commande","short_details":"Eludut Alain \u2014 Tarabuste","translator":null,"weight":100,"page_count":null,"readership":null,"editor":"Tarabuste","price":1200,"published_date":"2017-01-31T23:00:00.000000Z","support":"Grand format","publisher_availability":1,"stock":0,"editions":[],"url":"https:\/\/quaidesbrumes.com\/ouvrage\/9782845873612\/berges-et-seuils-alain-eludut"},{"id":"9782845873568","title":"Voeux de voeux - louise barbu","description":null,"authors":["Barbu Louise"],"category_codes":["1000000","1090000","1090600"],"visuals":{"large":"https:\/\/images.epagine.fr\/568\/9782845873568_1_75.jpg","medium":"https:\/\/images.epagine.fr\/568\/9782845873568_1_m.jpg","thumbnail":"https:\/\/images.epagine.fr\/568\/9782845873568_1_v.jpg"},"orderable":true,"show_badge":true,"formatted_price":"13,00&nbsp;\u20ac","formatted_published_date":"1er janvier 2017","publisher_availability_label":"Sur commande","short_details":"Barbu Louise \u2014 Tarabuste","translator":null,"weight":100,"page_count":null,"readership":null,"editor":"Tarabuste","price":1300,"published_date":"2016-12-31T23:00:00.000000Z","support":"Grand format","publisher_availability":1,"stock":0,"editions":[],"url":"https:\/\/quaidesbrumes.com\/ouvrage\/9782845873568\/voeux-de-voeux-louise-barbu"}]}