{"data":[{"id":"9782912458254","title":"L - phonetique muse service","description":null,"authors":["Phil Marso"],"category_codes":["1000000","1090000"],"visuals":{"large":"https:\/\/quaidesbrumes.com\/img\/book-placeholder.png","medium":"https:\/\/quaidesbrumes.com\/img\/book-placeholder.png","thumbnail":"https:\/\/quaidesbrumes.com\/img\/book-placeholder.png"},"orderable":true,"show_badge":true,"formatted_price":"18,00&nbsp;\u20ac","formatted_published_date":"7 mars 2005","publisher_availability_label":"Sur commande","short_details":"Phil Marso \u2014 Megacom-Ik","translator":null,"weight":200,"page_count":null,"readership":null,"editor":"Megacom-Ik","price":1800,"published_date":"2005-03-06T23:00:00.000000Z","support":"Grand format","publisher_availability":1,"stock":0,"editions":[],"url":"https:\/\/quaidesbrumes.com\/ouvrage\/9782912458254\/l-phonetique-muse-service"},{"id":"9782878676440","title":"Etoile du parnasse","description":null,"authors":["Marcel Barre"],"category_codes":["1000000","1090000"],"visuals":{"large":"https:\/\/quaidesbrumes.com\/img\/book-placeholder.png","medium":"https:\/\/quaidesbrumes.com\/img\/book-placeholder.png","thumbnail":"https:\/\/quaidesbrumes.com\/img\/book-placeholder.png"},"orderable":true,"show_badge":true,"formatted_price":"13,00&nbsp;\u20ac","formatted_published_date":"8 mars 2005","publisher_availability_label":"Sur commande","short_details":"Marcel Barre \u2014 Presses Du Midi","translator":null,"weight":100,"page_count":null,"readership":null,"editor":"Presses Du Midi","price":1300,"published_date":"2005-03-07T23:00:00.000000Z","support":"Grand format","publisher_availability":1,"stock":0,"editions":[],"url":"https:\/\/quaidesbrumes.com\/ouvrage\/9782878676440\/etoile-du-parnasse"},{"id":"9782738434678","title":"Itineraire poetique en bretagne - de tristan corbiere a xavier grall","description":null,"authors":["Anne-denes Martin"],"category_codes":["9000000","9070000","9070200"],"visuals":{"large":"https:\/\/images.epagine.fr\/678\/9782738434678_1_75.jpg","medium":"https:\/\/images.epagine.fr\/678\/9782738434678_1_m.jpg","thumbnail":"https:\/\/images.epagine.fr\/678\/9782738434678_1_v.jpg"},"orderable":true,"show_badge":true,"formatted_price":"26,00&nbsp;\u20ac","formatted_published_date":"3 mai 2000","publisher_availability_label":"Sur commande","short_details":"Anne-denes Martin \u2014 \u00c9ditions L'Harmattan","translator":null,"weight":390,"page_count":null,"readership":null,"editor":"\u00c9ditions L'Harmattan","price":2600,"published_date":"2000-05-02T22:00:00.000000Z","support":"Grand format","publisher_availability":1,"stock":0,"editions":[],"url":"https:\/\/quaidesbrumes.com\/ouvrage\/9782738434678\/itineraire-poetique-en-bretagne-de-tristan-corbiere-a-xavier-grall"},{"id":"9782738445599","title":"Le miroir de la mer - lo specchio del mare","description":null,"authors":["Giovanni Ruggiero"],"category_codes":["1000000","1090000"],"visuals":{"large":"https:\/\/images.epagine.fr\/599\/9782738445599_1_75.jpg","medium":"https:\/\/images.epagine.fr\/599\/9782738445599_1_m.jpg","thumbnail":"https:\/\/images.epagine.fr\/599\/9782738445599_1_v.jpg"},"orderable":true,"show_badge":true,"formatted_price":"15,50&nbsp;\u20ac","formatted_published_date":"1er septembre 1996","publisher_availability_label":"Sur commande","short_details":"Giovanni Ruggiero \u2014 \u00c9ditions L'Harmattan","translator":null,"weight":208,"page_count":null,"readership":null,"editor":"\u00c9ditions L'Harmattan","price":1550,"published_date":"1996-08-31T22:00:00.000000Z","support":"Grand format","publisher_availability":1,"stock":0,"editions":[],"url":"https:\/\/quaidesbrumes.com\/ouvrage\/9782738445599\/le-miroir-de-la-mer-lo-specchio-del-mare"},{"id":"9782747588447","title":"Petit voyou de l'arrondissement de yang pu","description":"Dans cette \u00e9dition bilingue, l'\u00e9criture se confronte aux vices de l'Occident (au \"Mac Donald qui [nous] mange\") mais aussi aux r\u00e9alit\u00e9s de la vie quotidienne en Chine, \u00e0 Shangai notamment. Des photographies illustrent les mots parfois crus, parfois po\u00e9tiques de l'auteur qui, s'il ne fait de concession \u00e0 personne - pas m\u00eame \u00e0 lui-m\u00eame - sait nous toucher lorsqu'il affirme par exemple que \"La vie est une larme tendre\/ C'est l'instant de l'arriv\u00e9e en gare.\"\r","authors":["Xingyu Wang"],"category_codes":["1000000","1090000"],"visuals":{"large":"https:\/\/images.epagine.fr\/447\/9782747588447_1_75.jpg","medium":"https:\/\/images.epagine.fr\/447\/9782747588447_1_m.jpg","thumbnail":"https:\/\/images.epagine.fr\/447\/9782747588447_1_v.jpg"},"orderable":true,"show_badge":true,"formatted_price":"12,00&nbsp;\u20ac","formatted_published_date":"2 juillet 2005","publisher_availability_label":"Sur commande","short_details":"Xingyu Wang \u2014 \u00c9ditions L'Harmattan","translator":null,"weight":150,"page_count":101,"readership":null,"editor":"\u00c9ditions L'Harmattan","price":1200,"published_date":"2005-07-01T22:00:00.000000Z","support":"Grand format","publisher_availability":1,"stock":0,"editions":[],"url":"https:\/\/quaidesbrumes.com\/ouvrage\/9782747588447\/petit-voyou-de-larrondissement-de-yang-pu"},{"id":"9782951129900","title":"Harmonies","description":"Sensibilit\u00e9 aiguis\u00e9e par mon enfance et mes accidents de sant\u00e9, j'avais sublim\u00e9 une vocation patriotique de sacrifice (le Petit Soldat des Nuages), en exercice plus pacifique.\r\nEn r\u00e9alit\u00e9 je n'ai jamais cess\u00e9 d'\u00e9crire. J'ai toujours eu l'ambition de peindre avec des mots des sensations des \u00e9motions. Ma prime jeunesse, a \u00e9t\u00e9 enthousiasm\u00e9e par le Bateau Ivre, les Voyelles d'Arthur RIMBAUD, les oeuvres de Paul VERLAINE et de Jules LAFORGUE. J'ai r\u00e9uni mes textes en\r\ndiff\u00e9rents chapitres: les anciens: VISIONS (Sensations), \u00c9TATS (\u00c9vocations), POSSESSIONS (R\u00eaves), D\u00c9SIRS, et les plus r\u00e9cents: PETIT MONDE (Comme des b\u00eates), SURSAUTS (Dissections du moi), BERRY (Couleurs locales), EXISTENCE (Le\u00e7ons), DIVERSIONS (Divagations).\r\nParmi un grand nombre de documents accumul\u00e9s, j'ai choisi de publier l\u00e0 ce que je pense \u00eatre mes meilleures pages de Po\u00e9sie, sans pr\u00e9tention de succ\u00e8s, simplement pour le plaisir de communiquer.\r\n\r","authors":["Marc Gicquiaud"],"category_codes":["1000000","1090000"],"visuals":{"large":"https:\/\/quaidesbrumes.com\/img\/book-placeholder.png","medium":"https:\/\/quaidesbrumes.com\/img\/book-placeholder.png","thumbnail":"https:\/\/quaidesbrumes.com\/img\/book-placeholder.png"},"orderable":true,"show_badge":true,"formatted_price":"13,75&nbsp;\u20ac","formatted_published_date":"1er avril 1997","publisher_availability_label":"Sur commande","short_details":"Marc Gicquiaud \u2014 Marc Gicquiaud","translator":null,"weight":0,"page_count":null,"readership":null,"editor":"Marc Gicquiaud","price":1375,"published_date":"1997-03-31T22:00:00.000000Z","support":"Grand format","publisher_availability":1,"stock":0,"editions":[],"url":"https:\/\/quaidesbrumes.com\/ouvrage\/9782951129900\/harmonies"},{"id":"9782951129917","title":"Sur le vif","description":"L'observation des autres am\u00e8ne \u00e0 la tentation de savoir ce qui se passe derri\u00e8re la fa\u00e7ade des comportements.\r\nCe livre essaie une transcription de nos \u00e9tats d'\u00e2me et de nos \u00e9motions en face de situations v\u00e9cues peintes avec des mots.\r\nCes imaginations constituent ainsi des \"Clich\u00e9s d'int\u00e9rieur\". Alors que le d\u00e9cor, l'ambiance, l'action tout autour d\u00e9crivent des \"Tranches de vie\".\r\nLes deux derni\u00e8res nouvelles sont une br\u00e8ve vision de notre futur.\r","authors":["Marc Gicquiaud"],"category_codes":["1000000","1090000"],"visuals":{"large":"https:\/\/quaidesbrumes.com\/img\/book-placeholder.png","medium":"https:\/\/quaidesbrumes.com\/img\/book-placeholder.png","thumbnail":"https:\/\/quaidesbrumes.com\/img\/book-placeholder.png"},"orderable":true,"show_badge":true,"formatted_price":"14,50&nbsp;\u20ac","formatted_published_date":"11 ao\u00fbt 2004","publisher_availability_label":"Sur commande","short_details":"Marc Gicquiaud \u2014 Marc Gicquiaud","translator":null,"weight":0,"page_count":144,"readership":null,"editor":"Marc Gicquiaud","price":1450,"published_date":"2004-08-10T22:00:00.000000Z","support":"Grand format","publisher_availability":1,"stock":0,"editions":[],"url":"https:\/\/quaidesbrumes.com\/ouvrage\/9782951129917\/sur-le-vif"},{"id":"9782747575485","title":"Rimbaud ou la po\u00e9sie objective","description":"Ce livre essaie de suivre ce processus unique dans l'histoire de la litt\u00e9rature, et de d\u00e9montrer que le \"suicide po\u00e9tique\" de Rimbaud \u00e9tait le renoncement \u00e0 un m\u00e9tier \"absurde, ridicule, d\u00e9go\u00fbtant\", au profit d'une nouvelle conception de la po\u00e9sie vue comme \"le corps merveilleux\" form\u00e9 des sensations les plus profondes, des visions et des exp\u00e9riences les plus riches, et incapable de se conformer au lit de Procuste de la litt\u00e9rature. L'analyse ici offerte des po\u00e8mes de Rimbaud est un voyage passionnant \u00e0 travers un monde po\u00e9tique situ\u00e9 dans cet \"au del\u00e0 \" fantastique que le po\u00e8te s'est adjug\u00e9.\r","authors":["Nikola Bertolino"],"category_codes":["9000000","9070000","9070200"],"visuals":{"large":"https:\/\/images.epagine.fr\/485\/9782747575485_1_75.jpg","medium":"https:\/\/images.epagine.fr\/485\/9782747575485_1_m.jpg","thumbnail":"https:\/\/images.epagine.fr\/485\/9782747575485_1_v.jpg"},"orderable":true,"show_badge":true,"formatted_price":"31,00&nbsp;\u20ac","formatted_published_date":"2 janvier 2005","publisher_availability_label":"Sur commande","short_details":"Nikola Bertolino \u2014 \u00c9ditions L'Harmattan","translator":null,"weight":400,"page_count":340,"readership":null,"editor":"\u00c9ditions L'Harmattan","price":3100,"published_date":"2005-01-01T23:00:00.000000Z","support":"Grand format","publisher_availability":1,"stock":0,"editions":[],"url":"https:\/\/quaidesbrumes.com\/ouvrage\/9782747575485\/rimbaud-ou-la-poesie-objective"},{"id":"9782858023783","title":"Poemes - poemas","description":null,"authors":["Mazzocchi Alberto"],"category_codes":["1000000","1090000"],"visuals":{"large":"https:\/\/images.epagine.fr\/783\/9782858023783_1_75.jpg","medium":"https:\/\/images.epagine.fr\/783\/9782858023783_1_m.jpg","thumbnail":"https:\/\/images.epagine.fr\/783\/9782858023783_1_v.jpg"},"orderable":true,"show_badge":true,"formatted_price":"25,00&nbsp;\u20ac","formatted_published_date":"3 mai 2000","publisher_availability_label":"Sur commande","short_details":"Mazzocchi Alberto \u2014 \u00c9ditions L'Harmattan","translator":null,"weight":356,"page_count":null,"readership":null,"editor":"\u00c9ditions L'Harmattan","price":2500,"published_date":"2000-05-02T22:00:00.000000Z","support":"Grand format","publisher_availability":1,"stock":0,"editions":[],"url":"https:\/\/quaidesbrumes.com\/ouvrage\/9782858023783\/poemes-poemas"},{"id":"9785012903037","title":"Anthologie de la nouvelle po\u00e9sie cr\u00e9ole","description":"L'ouvrage contient les contributions de quarante-six auteurs originaires des Cara\u00efbes, de Guyane et de l'Oc\u00e9an Indien. Pour chaque grande zone g\u00e9ographique un bref historique rend justice aux pionniers de l'\u00e9criture po\u00e9tique en cr\u00e9ole.","authors":["Lambert-f\u00e9lix Prudent"],"category_codes":["1000000","1090000"],"visuals":{"large":"https:\/\/images.epagine.fr\/037\/9785012903037_1_75.jpg","medium":"https:\/\/images.epagine.fr\/037\/9785012903037_1_m.jpg","thumbnail":"https:\/\/images.epagine.fr\/037\/9785012903037_1_v.jpg"},"orderable":true,"show_badge":true,"formatted_price":"32,00&nbsp;\u20ac","formatted_published_date":"1er d\u00e9cembre 2004","publisher_availability_label":"Sur commande","short_details":"Lambert-f\u00e9lix Prudent \u2014 \u00c9ditions L'Harmattan","translator":null,"weight":710,"page_count":525,"readership":null,"editor":"\u00c9ditions L'Harmattan","price":3200,"published_date":"2004-11-30T23:00:00.000000Z","support":"Grand format","publisher_availability":1,"stock":0,"editions":[],"url":"https:\/\/quaidesbrumes.com\/ouvrage\/9785012903037\/anthologie-de-la-nouvelle-poesie-creole"},{"id":"9782738441928","title":"Chants d'automne","description":"Ce recueil constitue le parcours d'une saison iris\u00e9e des derniers feux d'octobre, la saison qui semble ch\u00e8re au coeur de l'auteur, car elle lui apporte les fruits enfin m\u00fbrs des arbres de l'enfance et de l'adolescence. Tout nous est dit dans une langue aussi pure que riche dans sa r\u00e9serve.\r","authors":["Christiane Saleh"],"category_codes":["9000000","9120000","9120200"],"visuals":{"large":"https:\/\/images.epagine.fr\/928\/9782738441928_1_75.jpg","medium":"https:\/\/images.epagine.fr\/928\/9782738441928_1_m.jpg","thumbnail":"https:\/\/images.epagine.fr\/928\/9782738441928_1_v.jpg"},"orderable":true,"show_badge":true,"formatted_price":"11,00&nbsp;\u20ac","formatted_published_date":"1er septembre 1996","publisher_availability_label":"Sur commande","short_details":"Christiane Saleh \u2014 \u00c9ditions L'Harmattan","translator":null,"weight":92,"page_count":null,"readership":null,"editor":"\u00c9ditions L'Harmattan","price":1100,"published_date":"1996-08-31T22:00:00.000000Z","support":"Grand format","publisher_availability":1,"stock":0,"editions":[],"url":"https:\/\/quaidesbrumes.com\/ouvrage\/9782738441928\/chants-dautomne"},{"id":"9782738447487","title":"Titri","description":"Cette oeuvre po\u00e9tique n'est pas un \u00ab divan \u00bb ordinaire. Il s'agi(d'un corpus \u00e9blouissant de cent trente quatre pi\u00e8ces \u00e9crites en caract\u00e8res berb\u00e8res originels (tifinagh) dont les Touaregs ont conserv\u00e9 l'usage depuis des mill\u00e9naires d'une pan et, d'autre pan, transcrites en alphabet scientifique conventionnel (caract\u00e8res latins). Les po\u00e8mes se distribuent essentiellement en neuvains et en sixains. ... Il est des correspondances si intimes entre le fond et la forme de la grande po\u00e9sie qu'il est difficile d'envisager des rencontre heureuses al\u00e9atoires entre la densit\u00e9 po\u00e9tique et le rythme, entre l'id\u00e9e et la rime... Les rimes si riches de ce recueil forcent l'analogie avec la musique verlainienne  \r\n... l'asefru de Remdan At Mensur ... est le lieu privil\u00e9gi\u00e9 o\u00f9 explose,\r\npareil \u00e0 un feu d 'artifice, un souffle lib\u00e9rateur. Lib\u00e9rateur des tabous et des contingences. Souffle qui lib\u00e8re d'abord parce qu'il assume et intellectualise un substrat culturel \u00ab \u00e2g\u00e9 \u00bb de cinq mille ans. Le regard du po\u00e8te n'est pas celui de la nostalgie pass\u00e9iste, \u00e9plor\u00e9e et . archa\u00efsante. Il revendique en termes de diamant un patrimoine qu'il replace dans une dynamique du temps. La po\u00e9sie berb\u00e8re, ici, est prolong\u00e9e, revivifi\u00e9e, restitu\u00e9e dans la Dur\u00e9e. On la recompose dans son inusable volont\u00e9 de vivre et sa durable unit\u00e9 ... Par ses th\u00e8mes, par son lexique riche et f\u00e9cond, la po\u00e9sie de Remdan At Mensur se positionne fermement dans la modernit\u00e9.","authors":["Remdan At Mensur"],"category_codes":["1000000","1090000"],"visuals":{"large":"https:\/\/images.epagine.fr\/487\/9782738447487_1_75.jpg","medium":"https:\/\/images.epagine.fr\/487\/9782738447487_1_m.jpg","thumbnail":"https:\/\/images.epagine.fr\/487\/9782738447487_1_v.jpg"},"orderable":true,"show_badge":true,"formatted_price":"13,50&nbsp;\u20ac","formatted_published_date":"15 octobre 1996","publisher_availability_label":"Sur commande","short_details":"Remdan At Mensur \u2014 \u00c9ditions L'Harmattan","translator":null,"weight":182,"page_count":144,"readership":null,"editor":"\u00c9ditions L'Harmattan","price":1350,"published_date":"1996-10-14T22:00:00.000000Z","support":"Grand format","publisher_availability":1,"stock":0,"editions":[],"url":"https:\/\/quaidesbrumes.com\/ouvrage\/9782738447487\/titri"},{"id":"9782738401137","title":"Regard aquarel  t.2","description":null,"authors":["Berezak Fathiha"],"category_codes":["1000000","1090000"],"visuals":{"large":"https:\/\/images.epagine.fr\/137\/9782738401137_1_75.jpg","medium":"https:\/\/images.epagine.fr\/137\/9782738401137_1_m.jpg","thumbnail":"https:\/\/images.epagine.fr\/137\/9782738401137_1_v.jpg"},"orderable":true,"show_badge":true,"formatted_price":"9,65&nbsp;\u20ac","formatted_published_date":"1er janvier 1988","publisher_availability_label":"Sur commande","short_details":"Berezak Fathiha \u2014 \u00c9ditions L'Harmattan","translator":null,"weight":156,"page_count":null,"readership":null,"editor":"\u00c9ditions L'Harmattan","price":965,"published_date":"1987-12-31T23:00:00.000000Z","support":"Grand format","publisher_availability":1,"stock":0,"editions":[],"url":"https:\/\/quaidesbrumes.com\/ouvrage\/9782738401137\/regard-aquarel-t2"},{"id":"9782747579940","title":"L'Astre et la mer","description":"L'Astre et la mer est \u00e0 la fois un ouvrage de philosophie et de po\u00e9sie qui d\u00e9note un certain irr\u00e9alisme po\u00e9tique. L'auteur d\u00e9crit dans cet ouvrage les \"ascensions\" vers Dieu d'Albert de M\u00e9nestreau-en-Villette et de L\u00e9on \"recteur\" de l'\u00eele de Tatihou, lors de la guerre de 1939-1945. De Sologne au Cotentin, ce livre sent bon la po\u00e9sie de terroir.","authors":["Michel Leclerc"],"category_codes":["1000000","1090000"],"visuals":{"large":"https:\/\/images.epagine.fr\/940\/9782747579940_1_75.jpg","medium":"https:\/\/images.epagine.fr\/940\/9782747579940_1_m.jpg","thumbnail":"https:\/\/images.epagine.fr\/940\/9782747579940_1_v.jpg"},"orderable":true,"show_badge":true,"formatted_price":"16,50&nbsp;\u20ac","formatted_published_date":"1er mai 2005","publisher_availability_label":"Sur commande","short_details":"Michel Leclerc \u2014 \u00c9ditions L'Harmattan","translator":null,"weight":150,"page_count":172,"readership":null,"editor":"\u00c9ditions L'Harmattan","price":1650,"published_date":"2005-04-30T22:00:00.000000Z","support":"Grand format","publisher_availability":1,"stock":0,"editions":[],"url":"https:\/\/quaidesbrumes.com\/ouvrage\/9782747579940\/lastre-et-la-mer"},{"id":"9782747580946","title":"Le lys ; poeme marial islandais","description":"Temp\u00eate au monast\u00e8re ! Une dispute d\u00e9g\u00e9n\u00e8re en rixe et l'un des moines rebelles roue de coups son sup\u00e9rieur... Scandale, jugement, mise aux fers des responsables. Un peu plus tard, l'un des coupables se repent et livre un magnifique po\u00e8me de 800 vers \u00e0 la gloire de la Vierge Marie... La sc\u00e8ne se passe en Islande, pendant le Moyen Age. Si Le Lys, histoire de la chute et du salut, est rest\u00e9 tr\u00e8s populaire, m\u00eame sous le luth\u00e9ranisme, c'est que, sous les braises ardentes de la foi d'Eystenn, souffle l'Esprit qui purifie les passions pour les fondre au creuset de l'amour divin. Un texte \u00e9tonnamment proche de nous qui puise sa source dans l'universalit\u00e9 des douleurs et des r\u00e9demptions.\r","authors":["Eysteinn Asgrimsson","Patrick Guelpa"],"category_codes":["1000000","1090000"],"visuals":{"large":"https:\/\/images.epagine.fr\/946\/9782747580946_1_75.jpg","medium":"https:\/\/images.epagine.fr\/946\/9782747580946_1_m.jpg","thumbnail":"https:\/\/images.epagine.fr\/946\/9782747580946_1_v.jpg"},"orderable":true,"show_badge":true,"formatted_price":"12,00&nbsp;\u20ac","formatted_published_date":"1er mai 2005","publisher_availability_label":"Sur commande","short_details":"Eysteinn Asgrimsson, Patrick Guelpa \u2014 \u00c9ditions L'Harmattan","translator":"PATRICK GUELPA","weight":50,"page_count":84,"readership":null,"editor":"\u00c9ditions L'Harmattan","price":1200,"published_date":"2005-04-30T22:00:00.000000Z","support":"Grand format","publisher_availability":1,"stock":0,"editions":[],"url":"https:\/\/quaidesbrumes.com\/ouvrage\/9782747580946\/le-lys-poeme-marial-islandais"},{"id":"9782747580007","title":"Christopher Brennan : Introduction suivie de 12 po\u00e8mes, textes, traductions et commentaires","description":"L'oeuvre de Christopher Brennan, po\u00e8te australien du d\u00e9but du 20\u00e8 si\u00e8cle, de langue et de culture anglaise, est plac\u00e9e sous l'inspiration des deux grands ma\u00eetres fran\u00e7ais du symbolisme : Baudelaire, le pr\u00e9curseur, et Mallarm\u00e9, le chef de file. Ce recueil d\u00e9voile la filiation du po\u00e8te australien avec ces figures, tout en soulignant l'importance que rev\u00eat la po\u00e9sie symboliste pour un australien : l'expression de l'inconnu et l'aspiration \u00e0 l'ailleurs trouvaient un certain \u00e9cho chez les po\u00e8tes de cette terre lointaine. Brennan s'inscrit dans cette parole : il porte la voix des d\u00e9racin\u00e9s de son pays, et pressent \u00e0 travers leurs souffrances, les affres d'une gestation : celle d'une nation qui n'est pas encore, mais \u00e0 laquelle il tend \u00e0 donner une \u00e2me.\r","authors":["Simone Kadi"],"category_codes":["1000000","1090000"],"visuals":{"large":"https:\/\/images.epagine.fr\/007\/9782747580007_1_75.jpg","medium":"https:\/\/images.epagine.fr\/007\/9782747580007_1_m.jpg","thumbnail":"https:\/\/images.epagine.fr\/007\/9782747580007_1_v.jpg"},"orderable":true,"show_badge":true,"formatted_price":"12,00&nbsp;\u20ac","formatted_published_date":"1er mai 2005","publisher_availability_label":"Sur commande","short_details":"Simone Kadi \u2014 \u00c9ditions L'Harmattan","translator":null,"weight":100,"page_count":84,"readership":null,"editor":"\u00c9ditions L'Harmattan","price":1200,"published_date":"2005-04-30T22:00:00.000000Z","support":"Grand format","publisher_availability":1,"stock":0,"editions":[],"url":"https:\/\/quaidesbrumes.com\/ouvrage\/9782747580007\/christopher-brennan-introduction-suivie-de-12-poemes-textes-traductions-et-commentaires"},{"id":"9782738462985","title":"Exils et demeures - poemes","description":"Voici des po\u00e8mes \u00e9crits entre un l\u00e0-bas et un ici, conjugu\u00e9s au pass\u00e9 et au pr\u00e9sent. Ils disent ce qui s'est perdu, mais qui perdure; ils l'affirment sur un mode majeur qui \u00e9carte la complainte de l'exil\u00e9 comme la psalmodie du d\u00e9senchantement. Voici une po\u00e9sie s\u00e8che, de larmes retenues; une po\u00e9sie du terroir, au sens loyal du terme, qui dit l'endroit o\u00f9 la vie a pris racine et aussi l'horizon qui, pour \u00eatre devenu de m\u00e9moire, n'en est pas moins en vue. (Georges Mailhos)\r","authors":["Chafai Rouchedy"],"category_codes":["1000000","1090000"],"visuals":{"large":"https:\/\/images.epagine.fr\/985\/9782738462985_1_75.jpg","medium":"https:\/\/images.epagine.fr\/985\/9782738462985_1_m.jpg","thumbnail":"https:\/\/images.epagine.fr\/985\/9782738462985_1_v.jpg"},"orderable":true,"show_badge":true,"formatted_price":"11,00&nbsp;\u20ac","formatted_published_date":"15 f\u00e9vrier 1998","publisher_availability_label":"Sur commande","short_details":"Chafai Rouchedy \u2014 \u00c9ditions L'Harmattan","translator":null,"weight":168,"page_count":null,"readership":null,"editor":"\u00c9ditions L'Harmattan","price":1100,"published_date":"1998-02-14T23:00:00.000000Z","support":"Grand format","publisher_availability":1,"stock":0,"editions":[],"url":"https:\/\/quaidesbrumes.com\/ouvrage\/9782738462985\/exils-et-demeures-poemes"},{"id":"9782738471970","title":"Seul tenant","description":"Quand vous entrerez dans ces pages, suivez cette voix d'outre-lexique, localisez la langue, attrapez-l\u00e0 et serrez ; vous pourrez alors commencer \u00e0 tirer, en douceur mais sans faiblir : le chant montera forc\u00e9ment.\r\nIl faut lire Saenen comme il s'\u00e9crit, avec vigueur et joie, d'un bloc, dans l'urgence de la pesanteur. D'un seul tenant. Attention ! Chute de volcans.\r","authors":["Fr\u00e9d\u00e9ric Saenen"],"category_codes":["1000000","1090000"],"visuals":{"large":"https:\/\/images.epagine.fr\/970\/9782738471970_1_75.jpg","medium":"https:\/\/images.epagine.fr\/970\/9782738471970_1_m.jpg","thumbnail":"https:\/\/images.epagine.fr\/970\/9782738471970_1_v.jpg"},"orderable":true,"show_badge":true,"formatted_price":"11,00&nbsp;\u20ac","formatted_published_date":"15 janvier 1999","publisher_availability_label":"Sur commande","short_details":"Fr\u00e9d\u00e9ric Saenen \u2014 \u00c9ditions L'Harmattan","translator":null,"weight":96,"page_count":null,"readership":null,"editor":"\u00c9ditions L'Harmattan","price":1100,"published_date":"1999-01-14T23:00:00.000000Z","support":"Grand format","publisher_availability":1,"stock":0,"editions":[],"url":"https:\/\/quaidesbrumes.com\/ouvrage\/9782738471970\/seul-tenant"},{"id":"9782747579063","title":"Cure de paroles aux miens puines","description":"C'est avec des po\u00e8mes courts que, d'hier \u00e0 demain, le po\u00e8te dit sous la forme d'un t\u00e9moignage le temps qui passe, qui file, qui marque. Po\u00e9sies de d\u00e9livrance mais aussi d'espoir, ce recueil trace le passage d'ici-bas de l'humain, de l'aube au cr\u00e9puscule, et comme le dit l'auteur...Je suis l'oc\u00e9an \/ Au visage transparent \/ Mon \u00e9ternelle promenade \/Justifie ma pr\u00e9sence \/ Le voyage sera long\r","authors":["Idris-Youssouf Elmi"],"category_codes":["1000000","1090000"],"visuals":{"large":"https:\/\/images.epagine.fr\/063\/9782747579063_1_75.jpg","medium":"https:\/\/images.epagine.fr\/063\/9782747579063_1_m.jpg","thumbnail":"https:\/\/images.epagine.fr\/063\/9782747579063_1_v.jpg"},"orderable":true,"show_badge":true,"formatted_price":"12,50&nbsp;\u20ac","formatted_published_date":"2 f\u00e9vrier 2005","publisher_availability_label":"Sur commande","short_details":"Idris-Youssouf Elmi \u2014 \u00c9ditions L'Harmattan","translator":null,"weight":150,"page_count":116,"readership":null,"editor":"\u00c9ditions L'Harmattan","price":1250,"published_date":"2005-02-01T23:00:00.000000Z","support":"Grand format","publisher_availability":1,"stock":0,"editions":[],"url":"https:\/\/quaidesbrumes.com\/ouvrage\/9782747579063\/cure-de-paroles-aux-miens-puines"},{"id":"9782747577854","title":"Jean Nicolas Arthur Rimbaud : Hommage po\u00e9tique","description":"Un si\u00e8cle et demi apr\u00e8s, Arthur Rimbaud n'a pas \u00e9puis\u00e9 l'opacit\u00e9 de son myst\u00e8re. On y revient toujours. L'art et l'existence, l'exc\u00e8s et l'\u00e9chec, le visionnaire et l'intr\u00e9pide fugueur, l'explorateur v\u00e9nal et l'estropi\u00e9 vaincu... plusieurs vies en une. Une peintre et dix po\u00e8tes contemporains revisitent l'homme, le mythe et l'oeuvre.","authors":["Alain Castets","Jo\u00ebl Conte","St\u00e9phane Cottin","Mireille Disdero","La Lectrice","Le Spectre","Roxana Paez"],"category_codes":["1000000","1090000"],"visuals":{"large":"https:\/\/images.epagine.fr\/854\/9782747577854_1_75.jpg","medium":"https:\/\/images.epagine.fr\/854\/9782747577854_1_m.jpg","thumbnail":"https:\/\/images.epagine.fr\/854\/9782747577854_1_v.jpg"},"orderable":true,"show_badge":true,"formatted_price":"14,50&nbsp;\u20ac","formatted_published_date":"2 f\u00e9vrier 2005","publisher_availability_label":"Sur commande","short_details":"Alain Castets, Jo\u00ebl Conte, St\u00e9phane Cottin, Mireille Disdero, La Lectrice, Le Spectre, Roxana Paez \u2014 \u00c9ditions L'Harmattan","translator":null,"weight":160,"page_count":108,"readership":null,"editor":"\u00c9ditions L'Harmattan","price":1450,"published_date":"2005-02-01T23:00:00.000000Z","support":"Grand format","publisher_availability":1,"stock":0,"editions":[],"url":"https:\/\/quaidesbrumes.com\/ouvrage\/9782747577854\/jean-nicolas-arthur-rimbaud-hommage-poetique"},{"id":"9782747578899","title":"Le sens eclate","description":"\"Quand ils m'introduisirent dans la hache, je sus que tout \u00e9tait fini. Elle avait d\u00fb \u00eatre extraite de la lumi\u00e8re la plus tranchante de l'hiver. Quand le regard bless\u00e9, saigne sous la peau. Entre force, et mince parole de la blessure, j'allais \u00eatre complice : Les fr\u00e8res abattus, les voies ouvertes pour le vent. Puis d'autres mains, d'autres sueurs, ces courts passages dans la promiscuit\u00e9 des gestes. Jusque dans la chambre des morts, o\u00f9 les meubles n'ont que l'apparence du d\u00e9sir. Et craquent encore, sous le vent qui les r\u00eave.\"\r","authors":["Raoul Louis"],"category_codes":["1000000","1090000"],"visuals":{"large":"https:\/\/images.epagine.fr\/899\/9782747578899_1_75.jpg","medium":"https:\/\/images.epagine.fr\/899\/9782747578899_1_m.jpg","thumbnail":"https:\/\/images.epagine.fr\/899\/9782747578899_1_v.jpg"},"orderable":true,"show_badge":true,"formatted_price":"9,00&nbsp;\u20ac","formatted_published_date":"2 f\u00e9vrier 2005","publisher_availability_label":"Sur commande","short_details":"Raoul Louis \u2014 \u00c9ditions L'Harmattan","translator":null,"weight":85,"page_count":40,"readership":null,"editor":"\u00c9ditions L'Harmattan","price":900,"published_date":"2005-02-01T23:00:00.000000Z","support":"Grand format","publisher_availability":1,"stock":0,"editions":[],"url":"https:\/\/quaidesbrumes.com\/ouvrage\/9782747578899\/le-sens-eclate"},{"id":"9782730702607","title":"Journal d'un poete","description":null,"authors":[],"category_codes":["1000000","1090000"],"visuals":{"large":"https:\/\/quaidesbrumes.com\/img\/book-placeholder.png","medium":"https:\/\/quaidesbrumes.com\/img\/book-placeholder.png","thumbnail":"https:\/\/quaidesbrumes.com\/img\/book-placeholder.png"},"orderable":true,"show_badge":true,"formatted_price":"19,85&nbsp;\u20ac","formatted_published_date":"1er d\u00e9cembre 2004","publisher_availability_label":"Sur commande","short_details":"\u00c9ditions L'Harmattan","translator":null,"weight":314,"page_count":null,"readership":null,"editor":"\u00c9ditions L'Harmattan","price":1985,"published_date":"2004-11-30T23:00:00.000000Z","support":"Grand format","publisher_availability":1,"stock":0,"editions":[],"url":"https:\/\/quaidesbrumes.com\/ouvrage\/9782730702607\/journal-dun-poete"},{"id":"9782738401830","title":"D\u00e9sob\u00e9ir \u00e0 la peur (po\u00e8mes)","description":" \r","authors":["Parviz Khazra\u00ef"],"category_codes":["1000000","1090000"],"visuals":{"large":"https:\/\/images.epagine.fr\/830\/9782738401830_1_75.jpg","medium":"https:\/\/images.epagine.fr\/830\/9782738401830_1_m.jpg","thumbnail":"https:\/\/images.epagine.fr\/830\/9782738401830_1_v.jpg"},"orderable":true,"show_badge":true,"formatted_price":"11,00&nbsp;\u20ac","formatted_published_date":"1er janvier 1988","publisher_availability_label":"Sur commande","short_details":"Parviz Khazra\u00ef \u2014 \u00c9ditions L'Harmattan","translator":null,"weight":162,"page_count":100,"readership":null,"editor":"\u00c9ditions L'Harmattan","price":1100,"published_date":"1987-12-31T23:00:00.000000Z","support":"Grand format","publisher_availability":1,"stock":0,"editions":[],"url":"https:\/\/quaidesbrumes.com\/ouvrage\/9782738401830\/desobeir-a-la-peur-poemes"},{"id":"9782738409430","title":"Il se peut que le r\u00eave d'exister","description":null,"authors":["Michel Cassir"],"category_codes":["1000000","1010000"],"visuals":{"large":"https:\/\/images.epagine.fr\/430\/9782738409430_1_75.jpg","medium":"https:\/\/images.epagine.fr\/430\/9782738409430_1_m.jpg","thumbnail":"https:\/\/images.epagine.fr\/430\/9782738409430_1_v.jpg"},"orderable":true,"show_badge":true,"formatted_price":"10,00&nbsp;\u20ac","formatted_published_date":"1er mai 1991","publisher_availability_label":"Sur commande","short_details":"Michel Cassir \u2014 \u00c9ditions L'Harmattan","translator":null,"weight":112,"page_count":null,"readership":null,"editor":"\u00c9ditions L'Harmattan","price":1000,"published_date":"1991-04-30T22:00:00.000000Z","support":"Grand format","publisher_availability":1,"stock":0,"editions":[],"url":"https:\/\/quaidesbrumes.com\/ouvrage\/9782738409430\/il-se-peut-que-le-reve-dexister"}]}