{"data":[{"id":"9782914577205","title":"Passion du regard","description":"Dis-moi, que vois-tu dans l'armoire horrible et dans la vaisselle des pleurs : c'est quoi ? Quand tu contemples la m\u00e9lancolie dans les pharmacies et que, sur les murs, les accusations d\u00e9j\u00e0 sont \u00e9crites, qui es-tu \u00e0 la fin, pourquoi te taire ? Face aux animaux et face au silence, plonge tes mains dans l'eau, tes mains griff\u00e9es d'aub\u00e9pines. Ne pleure pas ; dis-moi quels sont ces noms qui vivent dans ton coeur.","authors":["Gamoneda\/Antonio","Jacques Ancet"],"category_codes":["1000000","1090000"],"visuals":{"large":"https:\/\/images.epagine.fr\/205\/9782914577205_1_75.jpg","medium":"https:\/\/images.epagine.fr\/205\/9782914577205_1_m.jpg","thumbnail":"https:\/\/images.epagine.fr\/205\/9782914577205_1_v.jpg"},"orderable":true,"show_badge":true,"formatted_price":"13,20&nbsp;\u20ac","formatted_published_date":"27 avril 2004","publisher_availability_label":"Sur commande","short_details":"Gamoneda\/Antonio, Jacques Ancet \u2014 LETTRES VIVES","translator":"JACQUES ANCET","weight":173,"page_count":80,"readership":null,"editor":"LETTRES VIVES","price":1320,"published_date":"2004-04-26T22:00:00.000000Z","support":"Grand format","publisher_availability":1,"stock":0,"editions":[],"url":"https:\/\/quaidesbrumes.com\/ouvrage\/9782914577205\/passion-du-regard"},{"id":"9782332743244","title":"Testament poetique - et quelques vues sur les couleurs de l ame","description":null,"authors":["Hamidou Samba Ba H S"],"category_codes":["1000000","1090000"],"visuals":{"large":"https:\/\/images.epagine.fr\/244\/9782332743244_1_75.jpg","medium":"https:\/\/images.epagine.fr\/244\/9782332743244_1_m.jpg","thumbnail":"https:\/\/images.epagine.fr\/244\/9782332743244_1_v.jpg"},"orderable":true,"show_badge":true,"formatted_price":"14,50&nbsp;\u20ac","formatted_published_date":"16 juin 2014","publisher_availability_label":"Sur commande","short_details":"Hamidou Samba Ba H S \u2014 Edilivre","translator":null,"weight":235,"page_count":null,"readership":null,"editor":"Edilivre","price":1450,"published_date":"2014-06-15T22:00:00.000000Z","support":"Grand format","publisher_availability":1,"stock":0,"editions":[],"url":"https:\/\/quaidesbrumes.com\/ouvrage\/9782332743244\/testament-poetique-et-quelques-vues-sur-les-couleurs-de-l-ame"},{"id":"9782950556608","title":"Bergers des mots","description":null,"authors":["Christiane Seydou"],"category_codes":["1000000","1090000"],"visuals":{"large":"https:\/\/images.epagine.fr\/608\/9782950556608_1_75.jpg","medium":"https:\/\/images.epagine.fr\/608\/9782950556608_1_m.jpg","thumbnail":"https:\/\/images.epagine.fr\/608\/9782950556608_1_v.jpg"},"orderable":true,"show_badge":true,"formatted_price":"25,00&nbsp;\u20ac","formatted_published_date":"31 d\u00e9cembre 1985","publisher_availability_label":"Sur commande","short_details":"Christiane Seydou \u2014 Association Classiques Africains","translator":null,"weight":100,"page_count":257,"readership":null,"editor":"Association Classiques Africains","price":2500,"published_date":"1985-12-30T23:00:00.000000Z","support":"Grand format","publisher_availability":1,"stock":0,"editions":[],"url":"https:\/\/quaidesbrumes.com\/ouvrage\/9782950556608\/bergers-des-mots"},{"id":"9782878675320","title":"Le jardin de nos errances","description":null,"authors":["Marcel Barre E."],"category_codes":["1000000","1090000"],"visuals":{"large":"https:\/\/quaidesbrumes.com\/img\/book-placeholder.png","medium":"https:\/\/quaidesbrumes.com\/img\/book-placeholder.png","thumbnail":"https:\/\/quaidesbrumes.com\/img\/book-placeholder.png"},"orderable":true,"show_badge":true,"formatted_price":"13,00&nbsp;\u20ac","formatted_published_date":"5 f\u00e9vrier 2004","publisher_availability_label":"Sur commande","short_details":"Marcel Barre E. \u2014 Presses Du Midi","translator":null,"weight":132,"page_count":null,"readership":null,"editor":"Presses Du Midi","price":1300,"published_date":"2004-02-04T23:00:00.000000Z","support":"Grand format","publisher_availability":1,"stock":0,"editions":[],"url":"https:\/\/quaidesbrumes.com\/ouvrage\/9782878675320\/le-jardin-de-nos-errances"},{"id":"9782080686343","title":"La Terre blanche et noire","description":"Po\u00e9sie moderne empreinte d'un humour distant, d'une couleur et d'une tonalit\u00e9 singuli\u00e8res, qui fait preuve d'un exotisme linguistique et lexical inattendu.","authors":["Jean-Luc H\u00e9risson"],"category_codes":["1000000","1090000"],"visuals":{"large":"https:\/\/images.epagine.fr\/343\/9782080686343_1_75.jpg","medium":"https:\/\/images.epagine.fr\/343\/9782080686343_1_m.jpg","thumbnail":"https:\/\/images.epagine.fr\/343\/9782080686343_1_v.jpg"},"orderable":true,"show_badge":true,"formatted_price":"14,20&nbsp;\u20ac","formatted_published_date":"8 avril 2004","publisher_availability_label":"Sur commande","short_details":"Jean-Luc H\u00e9risson \u2014 Flammarion","translator":null,"weight":125,"page_count":80,"readership":null,"editor":"Flammarion","price":1420,"published_date":"2004-04-07T22:00:00.000000Z","support":"Grand format","publisher_availability":1,"stock":0,"editions":[],"url":"https:\/\/quaidesbrumes.com\/ouvrage\/9782080686343\/la-terre-blanche-et-noire"},{"id":"9782747557627","title":"L'homme de la rue","description":"Ce recueil est le mod\u00e8le complet de l'une des aventures po\u00e9tiques les plus singuli\u00e8res de la carte po\u00e9tique espagnole d'aujourd'hui. En ce d\u00e9but de si\u00e8cle, tristement marqu\u00e9 par l'incapacit\u00e9 des \u00eatres \u00e0 vivre ensemble, la po\u00e9sie de Beltran se montre \u00e0 nous tel un miroir p\u00e9n\u00e9trant en lequel notre regard r\u00e9fl\u00e9chit l'urgente n\u00e9cessit\u00e9 de se reconna\u00eetre responsable de soi-m\u00eame et de ce qui incite et aide \u00e0 construire.","authors":["Fernando Beltran","Gerard Agustin"],"category_codes":["1000000","1090000"],"visuals":{"large":"https:\/\/images.epagine.fr\/627\/9782747557627_1_75.jpg","medium":"https:\/\/images.epagine.fr\/627\/9782747557627_1_m.jpg","thumbnail":"https:\/\/images.epagine.fr\/627\/9782747557627_1_v.jpg"},"orderable":true,"show_badge":true,"formatted_price":"12,00&nbsp;\u20ac","formatted_published_date":"1er f\u00e9vrier 2004","publisher_availability_label":"Sur commande","short_details":"Fernando Beltran, Gerard Agustin \u2014 \u00c9ditions L'Harmattan","translator":"GERARD AGUSTIN","weight":301,"page_count":96,"readership":null,"editor":"\u00c9ditions L'Harmattan","price":1200,"published_date":"2004-01-31T23:00:00.000000Z","support":"Grand format","publisher_availability":1,"stock":0,"editions":[],"url":"https:\/\/quaidesbrumes.com\/ouvrage\/9782747557627\/lhomme-de-la-rue"},{"id":"9782747559355","title":"Po\u00e8mes de l'Africaine souvenance","description":"\"Ces po\u00e8mes illustrent cette vision de la po\u00e9sie comme myst\u00e8re, imp\u00e9n\u00e9trable comme tous les myst\u00e8res, mais capable d'irradiation. C'est sans doute ce que C\u00e9saire appelle la magie\" comme l'\u00e9crit Jean M\u00e9tellus. \"L'auteur nous livre, face \u00e0 l'exub\u00e9rance et \u00e0 la beaut\u00e9 de l'Afrique noire, le psautier de sa souvenance d\u00e9chir\u00e9e\" J Diaz-Rozzotto","authors":["Jean Monnet"],"category_codes":["1000000","1090000"],"visuals":{"large":"https:\/\/images.epagine.fr\/355\/9782747559355_1_75.jpg","medium":"https:\/\/images.epagine.fr\/355\/9782747559355_1_m.jpg","thumbnail":"https:\/\/images.epagine.fr\/355\/9782747559355_1_v.jpg"},"orderable":true,"show_badge":true,"formatted_price":"10,50&nbsp;\u20ac","formatted_published_date":"1er f\u00e9vrier 2004","publisher_availability_label":"Sur commande","short_details":"Jean Monnet \u2014 \u00c9ditions L'Harmattan","translator":null,"weight":90,"page_count":72,"readership":null,"editor":"\u00c9ditions L'Harmattan","price":1050,"published_date":"2004-01-31T23:00:00.000000Z","support":"Grand format","publisher_availability":1,"stock":0,"editions":[],"url":"https:\/\/quaidesbrumes.com\/ouvrage\/9782747559355\/poemes-de-lafricaine-souvenance"},{"id":"9782747555876","title":"Voyage vers la terre de l'Utopie la plus lointaine","description":"\"Et nous-m\u00eames, nous suivrons ce voyage d'\u00eele, ce vol qui est plong\u00e9e marine, jusqu'au point o\u00f9 la langue castillane de l'h\u00e9misph\u00e8re austral nous parle entre parenth\u00e8ses d'une saveur de langage sans pareille : \"le breuvage de notre luxure\". Abordons avec le po\u00e8te \"l'\u00e9v\u00e9nement charnel\" de cette \u00eele des latitudes Sud\" .Jean-Pierre Faye","authors":["Pablo Pobl\u00e8te"],"category_codes":["1000000","1090000"],"visuals":{"large":"https:\/\/images.epagine.fr\/876\/9782747555876_1_75.jpg","medium":"https:\/\/images.epagine.fr\/876\/9782747555876_1_m.jpg","thumbnail":"https:\/\/images.epagine.fr\/876\/9782747555876_1_v.jpg"},"orderable":true,"show_badge":true,"formatted_price":"12,00&nbsp;\u20ac","formatted_published_date":"1er f\u00e9vrier 2004","publisher_availability_label":"Sur commande","short_details":"Pablo Pobl\u00e8te \u2014 \u00c9ditions L'Harmattan","translator":null,"weight":95,"page_count":11,"readership":null,"editor":"\u00c9ditions L'Harmattan","price":1200,"published_date":"2004-01-31T23:00:00.000000Z","support":"Grand format","publisher_availability":1,"stock":0,"editions":[],"url":"https:\/\/quaidesbrumes.com\/ouvrage\/9782747555876\/voyage-vers-la-terre-de-lutopie-la-plus-lointaine"},{"id":"9782858022267","title":"Po\u00e8mes sur les \u00e2mes mortes","description":null,"authors":["Abdallah Baroudi"],"category_codes":["1000000","1090000"],"visuals":{"large":"https:\/\/images.epagine.fr\/267\/9782858022267_1_75.jpg","medium":"https:\/\/images.epagine.fr\/267\/9782858022267_1_m.jpg","thumbnail":"https:\/\/images.epagine.fr\/267\/9782858022267_1_v.jpg"},"orderable":true,"show_badge":true,"formatted_price":"14,50&nbsp;\u20ac","formatted_published_date":"1er septembre 1990","publisher_availability_label":"Sur commande","short_details":"Abdallah Baroudi \u2014 \u00c9ditions L'Harmattan","translator":null,"weight":252,"page_count":null,"readership":null,"editor":"\u00c9ditions L'Harmattan","price":1450,"published_date":"1990-08-31T22:00:00.000000Z","support":"Grand format","publisher_availability":1,"stock":0,"editions":[],"url":"https:\/\/quaidesbrumes.com\/ouvrage\/9782858022267\/poemes-sur-les-ames-mortes"},{"id":"9782747560146","title":"Les cahiers de la nuit","description":"Qui est la nuit ? Pourquoi fait-il nuit entre la lumi\u00e8re et la lumi\u00e8re ? Pour quelle nuit les mains de la terre se posent-elles sur les yeux ? Comment lib\u00e9rer le pays de la nuit, de ces terreurs de l'obscur qui hantent nos seuils ? Ces \"cahiers de la nuit\" ne d\u00e9livrent pas de r\u00e9ponse, ils sont comme des notes de travers\u00e9es des anses de la nuit. C'est tenter d'habiter selon la nuit ces moments du monde, quand l'immensit\u00e9 devient pr\u00e9sence et nous restitue ce lien charnel \u00e0 l'univers qui nous fait du m\u00eame sang que les \u00e9toiles.","authors":["Clancy Genevieve Represent\u00e9e Par  Clancy"],"category_codes":["1000000","1090000"],"visuals":{"large":"https:\/\/images.epagine.fr\/146\/9782747560146_1_75.jpg","medium":"https:\/\/images.epagine.fr\/146\/9782747560146_1_m.jpg","thumbnail":"https:\/\/images.epagine.fr\/146\/9782747560146_1_v.jpg"},"orderable":true,"show_badge":true,"formatted_price":"13,50&nbsp;\u20ac","formatted_published_date":"2 mars 2004","publisher_availability_label":"Sur commande","short_details":"Clancy Genevieve Represent\u00e9e Par  Clancy \u2014 \u00c9ditions L'Harmattan","translator":null,"weight":150,"page_count":61,"readership":null,"editor":"\u00c9ditions L'Harmattan","price":1350,"published_date":"2004-03-01T23:00:00.000000Z","support":"Grand format","publisher_availability":1,"stock":0,"editions":[],"url":"https:\/\/quaidesbrumes.com\/ouvrage\/9782747560146\/les-cahiers-de-la-nuit"},{"id":"9782747564137","title":"Mes afriques, Mes ivoires","description":"\"Le dialogue impossible et pourtant poignant dit le lien ininterrompu entre ceux qui tombent sous des balles assassines et leurs proches laiss\u00e9s sans voix sous le poids de l'innommable\". Ce livre n\u00e9 de la trag\u00e9die ivoirienne, dit les crimes de sang impardonnables d'un continent. Le po\u00e8te du Divers rappelant la rencontre des imaginaires des Indes, des Europes, du monde arabo-musulman et des Afriques, pose ici un acte de foi dans la n\u00e9cessit\u00e9 de continuer le nomadisme des civilisations.","authors":["Khal Torabully"],"category_codes":["1000000","1090000"],"visuals":{"large":"https:\/\/images.epagine.fr\/137\/9782747564137_1_75.jpg","medium":"https:\/\/images.epagine.fr\/137\/9782747564137_1_m.jpg","thumbnail":"https:\/\/images.epagine.fr\/137\/9782747564137_1_v.jpg"},"orderable":true,"show_badge":true,"formatted_price":"14,00&nbsp;\u20ac","formatted_published_date":"2 mai 2004","publisher_availability_label":"Sur commande","short_details":"Khal Torabully \u2014 \u00c9ditions L'Harmattan","translator":null,"weight":150,"page_count":132,"readership":null,"editor":"\u00c9ditions L'Harmattan","price":1400,"published_date":"2004-05-01T22:00:00.000000Z","support":"Grand format","publisher_availability":1,"stock":0,"editions":[],"url":"https:\/\/quaidesbrumes.com\/ouvrage\/9782747564137\/mes-afriques-mes-ivoires"},{"id":"9783907862056","title":"Chants sans noms viii, ix, x (poesies didactiques, volume 6)","description":null,"authors":["Frithjof Schuon"],"category_codes":["1000000","1090000"],"visuals":{"large":"https:\/\/images.epagine.fr\/056\/9783907862056_1_75.jpg","medium":"https:\/\/images.epagine.fr\/056\/9783907862056_1_m.jpg","thumbnail":"https:\/\/images.epagine.fr\/056\/9783907862056_1_v.jpg"},"orderable":true,"show_badge":true,"formatted_price":"21,50&nbsp;\u20ac","formatted_published_date":"26 f\u00e9vrier 2004","publisher_availability_label":"Sur commande","short_details":"Frithjof Schuon \u2014 Sept Fleches","translator":null,"weight":350,"page_count":null,"readership":null,"editor":"Sept Fleches","price":2150,"published_date":"2004-02-25T23:00:00.000000Z","support":"Grand format","publisher_availability":1,"stock":0,"editions":[],"url":"https:\/\/quaidesbrumes.com\/ouvrage\/9783907862056\/chants-sans-noms-viii-ix-x-poesies-didactiques-volume-6"},{"id":"9783907862025","title":"Chants sans noms i, ii, iii  (poesies didactiques, vol. 3)","description":null,"authors":["Frithjof Schuon"],"category_codes":["1000000","1090000"],"visuals":{"large":"https:\/\/images.epagine.fr\/025\/9783907862025_1_75.jpg","medium":"https:\/\/images.epagine.fr\/025\/9783907862025_1_m.jpg","thumbnail":"https:\/\/images.epagine.fr\/025\/9783907862025_1_v.jpg"},"orderable":true,"show_badge":true,"formatted_price":"21,50&nbsp;\u20ac","formatted_published_date":"16 novembre 2002","publisher_availability_label":"Sur commande","short_details":"Frithjof Schuon \u2014 Sept Fleches","translator":null,"weight":380,"page_count":null,"readership":null,"editor":"Sept Fleches","price":2150,"published_date":"2002-11-15T23:00:00.000000Z","support":"Grand format","publisher_availability":1,"stock":0,"editions":[],"url":"https:\/\/quaidesbrumes.com\/ouvrage\/9783907862025\/chants-sans-noms-i-ii-iii-poesies-didactiques-vol-3"},{"id":"9783907862001","title":"Adastra & Stella Maris","description":null,"authors":["Frithjof Schuon"],"category_codes":["1000000","1090000"],"visuals":{"large":"https:\/\/images.epagine.fr\/001\/9783907862001_1_75.jpg","medium":"https:\/\/images.epagine.fr\/001\/9783907862001_1_m.jpg","thumbnail":"https:\/\/images.epagine.fr\/001\/9783907862001_1_v.jpg"},"orderable":true,"show_badge":true,"formatted_price":"21,50&nbsp;\u20ac","formatted_published_date":"10 d\u00e9cembre 2001","publisher_availability_label":"Sur commande","short_details":"Frithjof Schuon \u2014 Sept Fleches","translator":null,"weight":302,"page_count":239,"readership":null,"editor":"Sept Fleches","price":2150,"published_date":"2001-12-09T23:00:00.000000Z","support":"Grand format","publisher_availability":1,"stock":0,"editions":[],"url":"https:\/\/quaidesbrumes.com\/ouvrage\/9783907862001\/adastra-stella-maris"},{"id":"9782720011573","title":"Le philosophe m\u00e9diterran\u00e9en ; hommage \u00e0 Ren\u00e9 Habachi (1915-2003)","description":"Ren\u00e9 Habachi (1915-2003), philosophe libanais proche d'Emmanuel Mounier, essayiste, musicien et po\u00e8te, re\u00e7oit dans ce petit volume le double hommage que lui adresse son ami de toujours Sobhi Habchi. En \u00e9cho et en communion avec les po\u00e8mes que Ren\u00e9 Habachi a publi\u00e9s sous le pseudonyme de Ren\u00e9 Marc Deir el-Ahmar, et qui trouveront ici une vie nouvelle, Sobhi Habchi a compos\u00e9 trois suites po\u00e9tiques o\u00f9 l'actualit\u00e9 tragique dialogue avec les grands mythes qui unissent Orient et Occident.\r\nCe m\u00e9morial \u00e0 l'ami disparu est compl\u00e9t\u00e9 par un essai, premi\u00e8re tentative de synth\u00e8se sur une pens\u00e9e originale qui n'a cess\u00e9 de questionner l'Homme, cr\u00e9ature, cr\u00e9ateur et aventurier spirituel. Sobhi Habchi a souhait\u00e9 restituer les grandes lignes d'une oeuvre encore trop peu connue, dans laquelle le souffle po\u00e9tique et la r\u00e9flexion philosophique ont compos\u00e9 une m\u00e9ditation puissante, passionn\u00e9e, sur l'espace qui fut, pour Ren\u00e9 Habachi, tout \u00e0 la fois un mod\u00e8le \u00e9thique et la source continuelle de son inspiration : la M\u00e9diterran\u00e9e.","authors":["Sobhi Habchi"],"category_codes":["1000000","1090000"],"visuals":{"large":"https:\/\/images.epagine.fr\/573\/9782720011573_1_75.jpg","medium":"https:\/\/images.epagine.fr\/573\/9782720011573_1_m.jpg","thumbnail":"https:\/\/images.epagine.fr\/573\/9782720011573_1_v.jpg"},"orderable":true,"show_badge":true,"formatted_price":"16,00&nbsp;\u20ac","formatted_published_date":"20 avril 2009","publisher_availability_label":"Sur commande","short_details":"Sobhi Habchi \u2014 Jean Maisonneuve","translator":null,"weight":300,"page_count":null,"readership":null,"editor":"Jean Maisonneuve","price":1600,"published_date":"2009-04-19T22:00:00.000000Z","support":"Grand format","publisher_availability":1,"stock":0,"editions":[],"url":"https:\/\/quaidesbrumes.com\/ouvrage\/9782720011573\/le-philosophe-mediterraneen-hommage-a-rene-habachi-1915-2003"},{"id":"9782914053174","title":"Les feux du soir","description":"Entre ses mains elle tenait mon coeur, Et mon coeur battait au creux de ses mains.\r\nAinsi, tous deux, par les m\u00eames chemins, Courions-nous vers la Rome du bonheur...","authors":["Paul Cariage"],"category_codes":["1000000","1090000"],"visuals":{"large":"https:\/\/images.epagine.fr\/174\/9782914053174_1_75.jpg","medium":"https:\/\/images.epagine.fr\/174\/9782914053174_1_m.jpg","thumbnail":"https:\/\/images.epagine.fr\/174\/9782914053174_1_v.jpg"},"orderable":true,"show_badge":true,"formatted_price":"10,00&nbsp;\u20ac","formatted_published_date":"1er avril 2003","publisher_availability_label":"Sur commande","short_details":"Paul Cariage \u2014 La Cardere","translator":null,"weight":200,"page_count":41,"readership":null,"editor":"La Cardere","price":1000,"published_date":"2003-03-31T22:00:00.000000Z","support":"Grand format","publisher_availability":1,"stock":0,"editions":[],"url":"https:\/\/quaidesbrumes.com\/ouvrage\/9782914053174\/les-feux-du-soir"},{"id":"9782914646017","title":"La nuit chrysalide - la femme fanal","description":null,"authors":["Muriel Verstichel"],"category_codes":["1000000","1090000"],"visuals":{"large":"https:\/\/quaidesbrumes.com\/img\/book-placeholder.png","medium":"https:\/\/quaidesbrumes.com\/img\/book-placeholder.png","thumbnail":"https:\/\/quaidesbrumes.com\/img\/book-placeholder.png"},"orderable":true,"show_badge":true,"formatted_price":"9,00&nbsp;\u20ac","formatted_published_date":"1er janvier 2002","publisher_availability_label":"Sur commande","short_details":"Muriel Verstichel \u2014 Ecrits Du Nord","translator":null,"weight":90,"page_count":null,"readership":null,"editor":"Ecrits Du Nord","price":900,"published_date":"2001-12-31T23:00:00.000000Z","support":"Grand format","publisher_availability":1,"stock":0,"editions":[],"url":"https:\/\/quaidesbrumes.com\/ouvrage\/9782914646017\/la-nuit-chrysalide-la-femme-fanal"},{"id":"9782747558372","title":"Bruleur d'ombres","description":"Il y a ici un approfondissement de la qu\u00eate du sens et une puissance des images qui touche \u00e0 l'image des choses. Avec la m\u00e9moire et le feu de la conscience se dessine, altier, le pays int\u00e9rieur aux \u00e9motions incorruptibles. Le po\u00e8te construit une vision de l'\u00eatre social en symbiose avec un souci esth\u00e9tique exigeant. De m\u00eame le dialogue infini avec d'autres voix (Miguel Angel Asturias, Franck\u00e9tienne, Tchicaya, Tsibinda etc..)  est une mani\u00e8re de solidarit\u00e9 \u00e9l\u00e9giaque et de tension \u00e9thique contre l'obscurit\u00e9.","authors":["Bilombo Samba J-B."],"category_codes":["1000000","1090000"],"visuals":{"large":"https:\/\/images.epagine.fr\/372\/9782747558372_1_75.jpg","medium":"https:\/\/images.epagine.fr\/372\/9782747558372_1_m.jpg","thumbnail":"https:\/\/images.epagine.fr\/372\/9782747558372_1_v.jpg"},"orderable":true,"show_badge":true,"formatted_price":"13,00&nbsp;\u20ac","formatted_published_date":"1er f\u00e9vrier 2004","publisher_availability_label":"Sur commande","short_details":"Bilombo Samba J-B. \u2014 \u00c9ditions L'Harmattan","translator":null,"weight":185,"page_count":242,"readership":null,"editor":"\u00c9ditions L'Harmattan","price":1300,"published_date":"2004-01-31T23:00:00.000000Z","support":"Grand format","publisher_availability":1,"stock":0,"editions":[],"url":"https:\/\/quaidesbrumes.com\/ouvrage\/9782747558372\/bruleur-dombres"},{"id":"9782080687180","title":"La Plus Grande Civilisation de tous les temps","description":"Deux mille ans\r\n ont pass\u00e9 sans que\r\n personne n'y touche.\r\n Seulun c\u00f4t\u00e9 du petit\r\n squelette est poli\r\n par le vent. Pr\u00e8s de\r\n lui sur le sableun v\u00e9lo rouge\r\n est couch\u00e9, dont\r\n la roue arri\u00e8re\r\n tourne encore.","authors":["Jean-Luc Caizergues"],"category_codes":["1000000","1090000"],"visuals":{"large":"https:\/\/images.epagine.fr\/180\/9782080687180_1_75.jpg","medium":"https:\/\/images.epagine.fr\/180\/9782080687180_1_m.jpg","thumbnail":"https:\/\/images.epagine.fr\/180\/9782080687180_1_v.jpg"},"orderable":true,"show_badge":true,"formatted_price":"20,20&nbsp;\u20ac","formatted_published_date":"22 octobre 2004","publisher_availability_label":"Sur commande","short_details":"Jean-Luc Caizergues \u2014 Flammarion","translator":null,"weight":310,"page_count":240,"readership":null,"editor":"Flammarion","price":2020,"published_date":"2004-10-21T22:00:00.000000Z","support":"Grand format","publisher_availability":1,"stock":0,"editions":[],"url":"https:\/\/quaidesbrumes.com\/ouvrage\/9782080687180\/la-plus-grande-civilisation-de-tous-les-temps"},{"id":"9782747562416","title":"L'os et l'esclave","description":"Au tout d\u00e9but des ann\u00e9es 60, Shanshan Sun, fils inattendu, voit le jour dans la province du Sichuan. Il se bat pour vivre, et ce combat va se poursuivre sous diff\u00e9rentes formes selon le contexte politique de l'\u00e9poque et les diff\u00e9rentes \u00e9tapes de sa vie. Calligraphe voulant concr\u00e9tiser sa soif  de cr\u00e9ativit\u00e9, ce dernier \"t\u00e9moigne\" ici \"comment, artiste, h\u00e9ritier de la grande tradition, il se retrouve dissident\". C'est aussi une exp\u00e9rience litt\u00e9raire originale entre deux po\u00e8tes ou Anne-Marie JEANJEAN, gardant sa totale libert\u00e9 d'\u00e9criture, fait s'affronter po\u00e9sie et id\u00e9ologie dans un tissu de r\u00e9sonances propres aux deux cultures. ","authors":["Jeanjean\/Shanshan"],"category_codes":["1000000","1090000"],"visuals":{"large":"https:\/\/images.epagine.fr\/416\/9782747562416_1_75.jpg","medium":"https:\/\/images.epagine.fr\/416\/9782747562416_1_m.jpg","thumbnail":"https:\/\/images.epagine.fr\/416\/9782747562416_1_v.jpg"},"orderable":true,"show_badge":true,"formatted_price":"26,00&nbsp;\u20ac","formatted_published_date":"2 mai 2004","publisher_availability_label":"Sur commande","short_details":"Jeanjean\/Shanshan \u2014 \u00c9ditions L'Harmattan","translator":null,"weight":300,"page_count":280,"readership":null,"editor":"\u00c9ditions L'Harmattan","price":2600,"published_date":"2004-05-01T22:00:00.000000Z","support":"Grand format","publisher_availability":1,"stock":0,"editions":[],"url":"https:\/\/quaidesbrumes.com\/ouvrage\/9782747562416\/los-et-lesclave"},{"id":"9782747565790","title":"D'ombres et de silences et les pleurs de la liberte - suivi de dzibe - poemes","description":"A l'heure o\u00f9 les humains, pour juguler leurs probl\u00e8mes existentiels optent pour l'usage du fer, c'est -\u00e0 - dire de la Kalachnikov, le po\u00e8te Janvier Ngu\u00e9ma Mboumba pr\u00e9f\u00e8re nous combler de ses \"coups de gueule\" incisifs, pour mieux dire notre vie faisand\u00e9e, notre vie sous perfusion et la culpabilit\u00e9 de l'homme d'hier et d'aujourd'hui vou\u00e9 aux crimes toujours florissants.","authors":["Nguema Mboumba J."],"category_codes":["1000000","1090000"],"visuals":{"large":"https:\/\/images.epagine.fr\/790\/9782747565790_1_75.jpg","medium":"https:\/\/images.epagine.fr\/790\/9782747565790_1_m.jpg","thumbnail":"https:\/\/images.epagine.fr\/790\/9782747565790_1_v.jpg"},"orderable":true,"show_badge":true,"formatted_price":"14,50&nbsp;\u20ac","formatted_published_date":"1er d\u00e9cembre 2004","publisher_availability_label":"Sur commande","short_details":"Nguema Mboumba J. \u2014 \u00c9ditions L'Harmattan","translator":null,"weight":165,"page_count":144,"readership":null,"editor":"\u00c9ditions L'Harmattan","price":1450,"published_date":"2004-11-30T23:00:00.000000Z","support":"Grand format","publisher_availability":1,"stock":0,"editions":[],"url":"https:\/\/quaidesbrumes.com\/ouvrage\/9782747565790\/dombres-et-de-silences-et-les-pleurs-de-la-liberte-suivi-de-dzibe-poemes"},{"id":"9782747566124","title":"Eveil d'une etoile","description":"D'Orient ou bien d'ailleurs, comme cela est \u00e9crit au seuil de la premi\u00e8re porte, du premier po\u00e8me. Chemin dans les dunes et les souffles. Amour dans les ombres, les impatiences, les sables et les brisures. Deux voix pour r\u00e9v\u00e9ler deux corps et d\u00e9nuder deux \u00e2mes. D'un m\u00eame \u00e9lan, la courbe du chant, des corps et des d\u00e9sirs a guid\u00e9 les auteurs, dans cette polyphonie orientale et nocturne.","authors":["Duvignau\/Fabiani"],"category_codes":["1000000","1090000"],"visuals":{"large":"https:\/\/images.epagine.fr\/124\/9782747566124_1_75.jpg","medium":"https:\/\/images.epagine.fr\/124\/9782747566124_1_m.jpg","thumbnail":"https:\/\/images.epagine.fr\/124\/9782747566124_1_v.jpg"},"orderable":true,"show_badge":true,"formatted_price":"12,00&nbsp;\u20ac","formatted_published_date":"1er d\u00e9cembre 2004","publisher_availability_label":"Sur commande","short_details":"Duvignau\/Fabiani \u2014 \u00c9ditions L'Harmattan","translator":null,"weight":115,"page_count":94,"readership":null,"editor":"\u00c9ditions L'Harmattan","price":1200,"published_date":"2004-11-30T23:00:00.000000Z","support":"Grand format","publisher_availability":1,"stock":0,"editions":[],"url":"https:\/\/quaidesbrumes.com\/ouvrage\/9782747566124\/eveil-dune-etoile"},{"id":"9782747567305","title":"Patience de la foudre","description":"Les po\u00e8mes rassembl\u00e9s sous ce titre d\u00e9ploient, dans l'espace de la langue, la tension qui pr\u00e9c\u00e8de l'orage et parfois lui survit.\"Patiente, certes, et se reprenant, mais cette foudre ressemble fort \u00e0 une promeneuse. (..) Elle nous m\u00e8ne, cette \u00e9trange vagabonde, dans les grands bois, dans les villes de lignes et de c\u00e9sures, jusqu'aux pays de bi\u00e8res et de briques, de l'Espagne \u00e0 l'Ulster.(..) Chez Damon, il suffit que l'eau \"s'\u00e9veille sous la peau\" pour que vibrent toutes les papilles du po\u00e8me. (..)Le coup de foudre de Damon \"r\u00e9tr\u00e9cit\" \u00e0 lui seul, le ciel, et donne saveur aux pierres\". Bernard Manciet (Extrait de la pr\u00e9face)","authors":["Emmanuel Damon"],"category_codes":["1000000","1090000"],"visuals":{"large":"https:\/\/images.epagine.fr\/305\/9782747567305_1_75.jpg","medium":"https:\/\/images.epagine.fr\/305\/9782747567305_1_m.jpg","thumbnail":"https:\/\/images.epagine.fr\/305\/9782747567305_1_v.jpg"},"orderable":true,"show_badge":true,"formatted_price":"12,00&nbsp;\u20ac","formatted_published_date":"1er d\u00e9cembre 2004","publisher_availability_label":"Sur commande","short_details":"Emmanuel Damon \u2014 \u00c9ditions L'Harmattan","translator":null,"weight":105,"page_count":78,"readership":null,"editor":"\u00c9ditions L'Harmattan","price":1200,"published_date":"2004-11-30T23:00:00.000000Z","support":"Grand format","publisher_availability":1,"stock":0,"editions":[],"url":"https:\/\/quaidesbrumes.com\/ouvrage\/9782747567305\/patience-de-la-foudre"},{"id":"9782747566445","title":"Pierre tressee","description":"Au cours de voyages, l'auteur a eu un regard particulier sur les pierres, ici et l\u00e0, et elles l'ont approch\u00e9 comme \u00e9l\u00e9ment r\u00e9ellement vivant et parlant. Ce recueil relate en fait ses exp\u00e9riences avec les pierres, et il faut le comprendre comme un cheminement int\u00e9rieur. C'est un voyage. Chaque pierre est peut-\u00eatre aussi un miroir o\u00f9 il regarde le monde et le cosmos. O\u00f9 il regarde sa vie int\u00e9rieure.","authors":["Didier Du bl\u00e9"],"category_codes":["1000000","1090000"],"visuals":{"large":"https:\/\/images.epagine.fr\/445\/9782747566445_1_75.jpg","medium":"https:\/\/images.epagine.fr\/445\/9782747566445_1_m.jpg","thumbnail":"https:\/\/images.epagine.fr\/445\/9782747566445_1_v.jpg"},"orderable":true,"show_badge":true,"formatted_price":"10,00&nbsp;\u20ac","formatted_published_date":"1er d\u00e9cembre 2004","publisher_availability_label":"Sur commande","short_details":"Didier Du bl\u00e9 \u2014 \u00c9ditions L'Harmattan","translator":null,"weight":60,"page_count":44,"readership":null,"editor":"\u00c9ditions L'Harmattan","price":1000,"published_date":"2004-11-30T23:00:00.000000Z","support":"Grand format","publisher_availability":1,"stock":0,"editions":[],"url":"https:\/\/quaidesbrumes.com\/ouvrage\/9782747566445\/pierre-tressee"}]}