{"data":[{"id":"9782747545358","title":"L'autre rive ; l'altra riva","description":"S\u00e9r\u00e9nit\u00e9 \u00e2prement conquise, celle qui chante : \"viens plus vite mortferme la fen\u00eatre nuit\"Tel est le paradoxe qui permet de contempler \"l'autre rive\", en son au-del\u00e0 m\u00eame :durer sans trahir, c'est renoncer afin de ne pas renoncer.Lisant Pizzi, de po\u00e8me en po\u00e8me, s'\u00e9l\u00e8ve, au vivant cr\u00e9puscule, l'\u00e9toile seule de la fid\u00e9lit\u00e9 (G. Valetti)","authors":["Gian carlo Pizzi"],"category_codes":["1000000","1090000"],"visuals":{"large":"https:\/\/images.epagine.fr\/358\/9782747545358_1_75.jpg","medium":"https:\/\/images.epagine.fr\/358\/9782747545358_1_m.jpg","thumbnail":"https:\/\/images.epagine.fr\/358\/9782747545358_1_v.jpg"},"orderable":true,"show_badge":true,"formatted_price":"13,00&nbsp;\u20ac","formatted_published_date":"1er novembre 2003","publisher_availability_label":"Sur commande","short_details":"Gian carlo Pizzi \u2014 \u00c9ditions L'Harmattan","translator":null,"weight":190,"page_count":136,"readership":null,"editor":"\u00c9ditions L'Harmattan","price":1300,"published_date":"2003-10-31T23:00:00.000000Z","support":"Grand format","publisher_availability":1,"stock":0,"editions":[],"url":"https:\/\/quaidesbrumes.com\/ouvrage\/9782747545358\/lautre-rive-laltra-riva"},{"id":"9782747544610","title":"La Parole Testament suivi de Chimie","description":"Enlever ma surface. Pri\u00e8re de ne pas inciser. Eviter les scalpels. Brutalement car elle m'etouffe. M'\u00e9crase. Acc\u00e9der \u00e0 mes embranchements, \u00e0 mes \u00e9garements, \u00e0 mon indicible. Acc\u00e9der \u00e0 cette plaque br\u00fblante, sauvage et vaste qui s'est ins\u00e9r\u00e9e en moi, qui glisse le long de ma cervelle, de ma colonne vertebrale, de mes tripes. Toucher et palper. Puis avoir recours \u00e0 la plume et tenter de transcrire. Tout en sachant que ce geste est d\u00e9risoire. Le silence seul est l'exutoire l\u00e9gitime.","authors":["Mohammad Umar Goolam Hossen Timol"],"category_codes":["1000000","1090000"],"visuals":{"large":"https:\/\/images.epagine.fr\/610\/9782747544610_1_75.jpg","medium":"https:\/\/images.epagine.fr\/610\/9782747544610_1_m.jpg","thumbnail":"https:\/\/images.epagine.fr\/610\/9782747544610_1_v.jpg"},"orderable":true,"show_badge":true,"formatted_price":"12,00&nbsp;\u20ac","formatted_published_date":"1er novembre 2003","publisher_availability_label":"Sur commande","short_details":"Mohammad Umar Goolam Hossen Timol \u2014 \u00c9ditions L'Harmattan","translator":null,"weight":125,"page_count":162,"readership":null,"editor":"\u00c9ditions L'Harmattan","price":1200,"published_date":"2003-10-31T23:00:00.000000Z","support":"Grand format","publisher_availability":1,"stock":0,"editions":[],"url":"https:\/\/quaidesbrumes.com\/ouvrage\/9782747544610\/la-parole-testament-suivi-de-chimie"},{"id":"9782747540476","title":"Les portiques du vent","description":"Les textes de Nicole HARDOUIN- miroirs de la vie dans ses extr\u00eames- peuvent \u00eatre tour \u00e0 tour des vecteurs d'amour et\/ou de mort. S'y arr\u00eater revient \u00e0 s'interroger depuis elle -m\u00eame et \u00e0 convoquer la vie au profit de l'esp\u00e9rance puisque \"les portes du vent restent ouvertes\"","authors":["Nicole Hardouin"],"category_codes":["1000000","1090000"],"visuals":{"large":"https:\/\/images.epagine.fr\/476\/9782747540476_1_75.jpg","medium":"https:\/\/images.epagine.fr\/476\/9782747540476_1_m.jpg","thumbnail":"https:\/\/images.epagine.fr\/476\/9782747540476_1_v.jpg"},"orderable":true,"show_badge":true,"formatted_price":"11,00&nbsp;\u20ac","formatted_published_date":"1er novembre 2003","publisher_availability_label":"Sur commande","short_details":"Nicole Hardouin \u2014 \u00c9ditions L'Harmattan","translator":null,"weight":90,"page_count":56,"readership":null,"editor":"\u00c9ditions L'Harmattan","price":1100,"published_date":"2003-10-31T23:00:00.000000Z","support":"Grand format","publisher_availability":1,"stock":0,"editions":[],"url":"https:\/\/quaidesbrumes.com\/ouvrage\/9782747540476\/les-portiques-du-vent"},{"id":"9782747544399","title":"Le jardin d'Eden","description":"L'auteur est jardinier et travaillait en 1997-1998 au service des espaces verts de l'h\u00f4pital du Kremlin -Bic\u00eatre. Un jour de septembre, quand les feuilles d\u00e9nudent les arbres, une amiti\u00e9 est n\u00e9e avec Salah Al Hamdani, po\u00e8te et homme de th\u00e9\u00e2tre. Il \u00e9tait devant la porte de cette biblioth\u00e8que du personnel o\u00f9 il travaille et un \u00e9change se fit autour d'un caf\u00e9 : il lui dit ces quelques mots ; \"Marco tu devrais \u00e9crire\". Et c'est ainsi qu'il commen\u00e7a \u00e0 \u00e9crire il y a 6 ans et que son premier recueil voit le jour gr\u00e2ce \u00e0 Salah.","authors":["Marc Lauserie"],"category_codes":["1000000","1090000"],"visuals":{"large":"https:\/\/images.epagine.fr\/399\/9782747544399_1_75.jpg","medium":"https:\/\/images.epagine.fr\/399\/9782747544399_1_m.jpg","thumbnail":"https:\/\/images.epagine.fr\/399\/9782747544399_1_v.jpg"},"orderable":true,"show_badge":true,"formatted_price":"12,00&nbsp;\u20ac","formatted_published_date":"1er novembre 2003","publisher_availability_label":"Sur commande","short_details":"Marc Lauserie \u2014 \u00c9ditions L'Harmattan","translator":null,"weight":115,"page_count":78,"readership":null,"editor":"\u00c9ditions L'Harmattan","price":1200,"published_date":"2003-10-31T23:00:00.000000Z","support":"Grand format","publisher_availability":1,"stock":0,"editions":[],"url":"https:\/\/quaidesbrumes.com\/ouvrage\/9782747544399\/le-jardin-deden"},{"id":"9782747544139","title":"Etat de larmes : po\u00e8mes 2002 - 2003","description":"Plac\u00e9 aux premi\u00e8res loges des pays africains qui ont r\u00e9ussi leur marche progressive vers la d\u00e9mocratie, le B\u00e9nin a su installer des institutions stables, r\u00e9aliser plusieurs alternances politiques sans troubles ni heurts. L'auteur s'applique \u00e0 d\u00e9crire les fondements et les p\u00e9rip\u00e9ties d'une d\u00e9mocratie apais\u00e9e mais en qu\u00eate de ses vrais dirigeants, malgr\u00e9 les difficult\u00e9s li\u00e9es aux traditions et \u00e0 la pauvret\u00e9. Il focalise sa description de la marche d\u00e9mocratique dans une \u00e9lection pr\u00e9sidentielle, illustrant ainsi les candidatures, les programmes, les batailles juridiques etc, et fixe des rep\u00e8res s\u00fbrs pour un d\u00e9veloppement acc\u00e9l\u00e9r\u00e9 des pays africains.","authors":["Julien Denieuil"],"category_codes":["1000000","1090000","1090600"],"visuals":{"large":"https:\/\/images.epagine.fr\/139\/9782747544139_1_75.jpg","medium":"https:\/\/images.epagine.fr\/139\/9782747544139_1_m.jpg","thumbnail":"https:\/\/images.epagine.fr\/139\/9782747544139_1_v.jpg"},"orderable":true,"show_badge":true,"formatted_price":"24,00&nbsp;\u20ac","formatted_published_date":"1er novembre 2003","publisher_availability_label":"Sur commande","short_details":"Julien Denieuil \u2014 \u00c9ditions L'Harmattan","translator":null,"weight":345,"page_count":264,"readership":null,"editor":"\u00c9ditions L'Harmattan","price":2400,"published_date":"2003-10-31T23:00:00.000000Z","support":"Grand format","publisher_availability":1,"stock":0,"editions":[],"url":"https:\/\/quaidesbrumes.com\/ouvrage\/9782747544139\/etat-de-larmes-poemes-2002-2003"},{"id":"9782914258579","title":"Un temps d'urgence","description":"Urgence des mots comme lutte contre l'oubli et deuil de l'aim\u00e9. Pour un jour retrouver \"le bleu du ciel\".","authors":["Martin Laquet"],"category_codes":["1000000","1090000"],"visuals":{"large":"https:\/\/images.epagine.fr\/579\/9782914258579_1_75.jpg","medium":"https:\/\/images.epagine.fr\/579\/9782914258579_1_m.jpg","thumbnail":"https:\/\/images.epagine.fr\/579\/9782914258579_1_v.jpg"},"orderable":true,"show_badge":true,"formatted_price":"12,00&nbsp;\u20ac","formatted_published_date":"15 juin 2008","publisher_availability_label":"Sur commande","short_details":"Martin Laquet \u2014 Eclats D'Encre","translator":null,"weight":88,"page_count":null,"readership":null,"editor":"Eclats D'Encre","price":1200,"published_date":"2008-06-14T22:00:00.000000Z","support":"Poche","publisher_availability":1,"stock":0,"editions":[],"url":"https:\/\/quaidesbrumes.com\/ouvrage\/9782914258579\/un-temps-durgence"},{"id":"9782747598309","title":"Deir el-nessyan - le village de l'oubli","description":"\"Deir el-Nessyan est un \u00e9chec... Celui du d\u00e9sir trop pr\u00e9somptueux d'intensifier les nuances, de sortir des narrations historiques et des m\u00e9moires douloureuses des guerres, pour laisser s'avancer un peu d'oubli telle une puissance cr\u00e9atrice et un lieu d'anonymat\". Cet ouvrage, premier recueil de po\u00e9sie de l'auteur, est d\u00e9di\u00e9 \u00e0 sa femme libanaise et inspir\u00e9 de ses divers s\u00e9jours et rencontres au Proche Orient.","authors":["Bertrand Mazabraud"],"category_codes":["1000000","1090000"],"visuals":{"large":"https:\/\/images.epagine.fr\/309\/9782747598309_1_75.jpg","medium":"https:\/\/images.epagine.fr\/309\/9782747598309_1_m.jpg","thumbnail":"https:\/\/images.epagine.fr\/309\/9782747598309_1_v.jpg"},"orderable":true,"show_badge":true,"formatted_price":"15,50&nbsp;\u20ac","formatted_published_date":"2 d\u00e9cembre 2005","publisher_availability_label":"Sur commande","short_details":"Bertrand Mazabraud \u2014 \u00c9ditions L'Harmattan","translator":null,"weight":220,"page_count":155,"readership":null,"editor":"\u00c9ditions L'Harmattan","price":1550,"published_date":"2005-12-01T23:00:00.000000Z","support":"Grand format","publisher_availability":1,"stock":0,"editions":[],"url":"https:\/\/quaidesbrumes.com\/ouvrage\/9782747598309\/deir-el-nessyan-le-village-de-loubli"},{"id":"9782747547031","title":"Poesie et histoire dans l' uvre tardive d'erich arendt (1903-1984) - vol01 - tome i","description":"A l'occasion du centi\u00e8me anniversaire d'Erich Arendt, \"roi sans couronne\" du lyrisme allemand, il est grand temps que ce \"po\u00e8te pour les po\u00e8tes\" devienne aussi un \"po\u00e8te pour les lecteurs\". Cet ouvrage \u00e9claire les cinq derniers recueils du po\u00e8te qui ont quasiment \u00e9t\u00e9 ignor\u00e9s par la critique. L'auteur se propose de rendre justice \u00e0 l'intentionnalit\u00e9 critique et \u00e0 l'extraordinaire force subversive des po\u00e8mes tardifs d'Erich Arendt, en mettant en \u00e9vidence l'enracinement de sa po\u00e9sie et de sa po\u00e9tique dans l'histoire. En effet, toute son oeuvre tardive s'articule autour du th\u00e8me du naufrage de l'utopie socialiste.","authors":["Nadia Lapchine"],"category_codes":["9000000","9070000","9070200"],"visuals":{"large":"https:\/\/images.epagine.fr\/031\/9782747547031_1_75.jpg","medium":"https:\/\/images.epagine.fr\/031\/9782747547031_1_m.jpg","thumbnail":"https:\/\/images.epagine.fr\/031\/9782747547031_1_v.jpg"},"orderable":true,"show_badge":true,"formatted_price":"28,00&nbsp;\u20ac","formatted_published_date":"1er novembre 2003","publisher_availability_label":"Sur commande","short_details":"Nadia Lapchine \u2014 \u00c9ditions L'Harmattan","translator":null,"weight":450,"page_count":330,"readership":null,"editor":"\u00c9ditions L'Harmattan","price":2800,"published_date":"2003-10-31T23:00:00.000000Z","support":"Grand format","publisher_availability":1,"stock":0,"editions":[],"url":"https:\/\/quaidesbrumes.com\/ouvrage\/9782747547031\/poesie-et-histoire-dans-l-uvre-tardive-derich-arendt-1903-1984-vol01-tome-i"},{"id":"9782846980333","title":"Viaghji puetichi","description":"Traduction en langue corse de po\u00e9sies d'auteurs contemporains de toute la M\u00e9diterran\u00e9e","authors":["Collectif"],"category_codes":["1000000","1090000"],"visuals":{"large":"https:\/\/images.epagine.fr\/333\/9782846980333_1_75.jpg","medium":"https:\/\/images.epagine.fr\/333\/9782846980333_1_m.jpg","thumbnail":"https:\/\/images.epagine.fr\/333\/9782846980333_1_v.jpg"},"orderable":true,"show_badge":true,"formatted_price":"15,00&nbsp;\u20ac","formatted_published_date":"1er septembre 2003","publisher_availability_label":"Sur commande","short_details":"Collectif \u2014 Albiana","translator":null,"weight":216,"page_count":160,"readership":null,"editor":"Albiana","price":1500,"published_date":"2003-08-31T22:00:00.000000Z","support":"Grand format","publisher_availability":1,"stock":0,"editions":[],"url":"https:\/\/quaidesbrumes.com\/ouvrage\/9782846980333\/viaghji-puetichi"},{"id":"9782846980494","title":"Mimoria di a notti","description":"Premier recueil de po\u00e9sie en corse d'un jeune professeur de langue corse originaire du Sud de l'\u00eele. La po\u00e9sie, premier v\u00e9hicule de l'expression \u00e9crite corse, trouve l\u00e0 un souffle novateur inspir\u00e9 par le vers libre.","authors":["S. Cesari"],"category_codes":["1000000","1090000"],"visuals":{"large":"https:\/\/images.epagine.fr\/494\/9782846980494_1_75.jpg","medium":"https:\/\/images.epagine.fr\/494\/9782846980494_1_m.jpg","thumbnail":"https:\/\/images.epagine.fr\/494\/9782846980494_1_v.jpg"},"orderable":true,"show_badge":true,"formatted_price":"14,00&nbsp;\u20ac","formatted_published_date":"1er mars 2003","publisher_availability_label":"Sur commande","short_details":"S. Cesari \u2014 Albiana","translator":null,"weight":198,"page_count":96,"readership":null,"editor":"Albiana","price":1400,"published_date":"2003-02-28T23:00:00.000000Z","support":"Grand format","publisher_availability":1,"stock":0,"editions":[],"url":"https:\/\/quaidesbrumes.com\/ouvrage\/9782846980494\/mimoria-di-a-notti"},{"id":"9782905124210","title":"D'oghje si, d'odiu no","description":"Regroup\u00e9es dans un recueil qui s'impose comme \u00ab un acte de foi en la vie \u00bb, quatre-vingts po\u00e9sies en corse et autant de symboles d'amour. Un plaidoyer en faveur de la d\u00e9fense d'une terre, d'une langue, d'un pays et d'un peuple.","authors":["Collectif"],"category_codes":["1000000","1090000"],"visuals":{"large":"https:\/\/images.epagine.fr\/210\/9782905124210_1_75.jpg","medium":"https:\/\/images.epagine.fr\/210\/9782905124210_1_m.jpg","thumbnail":"https:\/\/images.epagine.fr\/210\/9782905124210_1_v.jpg"},"orderable":true,"show_badge":true,"formatted_price":"12,96&nbsp;\u20ac","formatted_published_date":"24 novembre 1995","publisher_availability_label":"Sur commande","short_details":"Collectif \u2014 Albiana","translator":null,"weight":153,"page_count":108,"readership":null,"editor":"Albiana","price":1296,"published_date":"1995-11-23T23:00:00.000000Z","support":"Grand format","publisher_availability":1,"stock":0,"editions":[],"url":"https:\/\/quaidesbrumes.com\/ouvrage\/9782905124210\/doghje-si-dodiu-no"},{"id":"9782905124777","title":"2000 scritti per u 2000","description":"Cr\u00e9ativit\u00e9 d'une langue hier minor\u00e9e ! Voici, \u00e0 l'aube du 21e si\u00e8cle, une belle moisson avec 2000 textes corsophones de jeunes r\u00e9unis gr\u00e2ce \u00e0 une belle foule d'initiatives publiques. En langue corse.","authors":["Collectif"],"category_codes":["1000000","1090000"],"visuals":{"large":"https:\/\/images.epagine.fr\/777\/9782905124777_1_75.jpg","medium":"https:\/\/images.epagine.fr\/777\/9782905124777_1_m.jpg","thumbnail":"https:\/\/images.epagine.fr\/777\/9782905124777_1_v.jpg"},"orderable":true,"show_badge":true,"formatted_price":"22,00&nbsp;\u20ac","formatted_published_date":"30 septembre 2000","publisher_availability_label":"Sur commande","short_details":"Collectif \u2014 Albiana","translator":null,"weight":832,"page_count":208,"readership":null,"editor":"Albiana","price":2200,"published_date":"2000-09-29T22:00:00.000000Z","support":"Grand format","publisher_availability":1,"stock":0,"editions":[],"url":"https:\/\/quaidesbrumes.com\/ouvrage\/9782905124777\/2000-scritti-per-u-2000"},{"id":"9782878675061","title":"Poemes extraordinaires","description":null,"authors":["Sylvain Gueit"],"category_codes":["1000000","1090000"],"visuals":{"large":"https:\/\/quaidesbrumes.com\/img\/book-placeholder.png","medium":"https:\/\/quaidesbrumes.com\/img\/book-placeholder.png","thumbnail":"https:\/\/quaidesbrumes.com\/img\/book-placeholder.png"},"orderable":true,"show_badge":true,"formatted_price":"12,00&nbsp;\u20ac","formatted_published_date":"6 octobre 2003","publisher_availability_label":"Sur commande","short_details":"Sylvain Gueit \u2014 Presses Du Midi","translator":null,"weight":104,"page_count":null,"readership":null,"editor":"Presses Du Midi","price":1200,"published_date":"2003-10-05T22:00:00.000000Z","support":"Grand format","publisher_availability":1,"stock":0,"editions":[],"url":"https:\/\/quaidesbrumes.com\/ouvrage\/9782878675061\/poemes-extraordinaires"},{"id":"9782907410335","title":"Le reve republicain d un poete ouvrier : chansons et poesies en dialecte stephanois de j. vacher","description":null,"authors":["Lorcin\/Martin\/Vurpas"],"category_codes":["1000000","1090000"],"visuals":{"large":"https:\/\/quaidesbrumes.com\/img\/book-placeholder.png","medium":"https:\/\/quaidesbrumes.com\/img\/book-placeholder.png","thumbnail":"https:\/\/quaidesbrumes.com\/img\/book-placeholder.png"},"orderable":true,"show_badge":true,"formatted_price":"10,00&nbsp;\u20ac","formatted_published_date":"1er janvier 2002","publisher_availability_label":"Sur commande","short_details":"Lorcin\/Martin\/Vurpas \u2014 Jean Pierre Huguet","translator":null,"weight":602,"page_count":null,"readership":null,"editor":"Jean Pierre Huguet","price":1000,"published_date":"2001-12-31T23:00:00.000000Z","support":"Grand format","publisher_availability":1,"stock":0,"editions":[],"url":"https:\/\/quaidesbrumes.com\/ouvrage\/9782907410335\/le-reve-republicain-d-un-poete-ouvrier-chansons-et-poesies-en-dialecte-stephanois-de-j-vacher"},{"id":"9782747547154","title":"La Cage centrifuge","description":"Une ombre hante le monde po\u00e9tique de S. Reichmann, celle d'une mer int\u00e9rieur qui, paradoxalement, d\u00e8s qu'elle appara\u00eet, illumine. Cette mer int\u00e9rieure g\u00eet sous le sol roumain de l'enfance et de la jeunesse du po\u00e8te, la r\u00e9plique invisible de la Mer noire ou la langue elle-m\u00eame \u00e0 laquelle l'auteur a d\u00fb renoncer en quittant son pays.. Cette mer charrie les fausses identit\u00e9s, les miroirs par nature interchangeables, les mots \"familiers\" qui se ressemblent tous.","authors":["G\u00e9rard Augustin","Sebastian Reichmann"],"category_codes":["1000000","1090000"],"visuals":{"large":"https:\/\/images.epagine.fr\/154\/9782747547154_1_75.jpg","medium":"https:\/\/images.epagine.fr\/154\/9782747547154_1_m.jpg","thumbnail":"https:\/\/images.epagine.fr\/154\/9782747547154_1_v.jpg"},"orderable":true,"show_badge":true,"formatted_price":"11,00&nbsp;\u20ac","formatted_published_date":"1er novembre 2003","publisher_availability_label":"Sur commande","short_details":"G\u00e9rard Augustin, Sebastian Reichmann \u2014 \u00c9ditions L'Harmattan","translator":null,"weight":115,"page_count":78,"readership":null,"editor":"\u00c9ditions L'Harmattan","price":1100,"published_date":"2003-10-31T23:00:00.000000Z","support":"Grand format","publisher_availability":1,"stock":0,"editions":[],"url":"https:\/\/quaidesbrumes.com\/ouvrage\/9782747547154\/la-cage-centrifuge"},{"id":"9782747546577","title":"\u00e0 la lice","description":"Quand l'art, ce panneau que l'on tend \u00e0 l'insaisissable, n'est pas la \"seule vie possible\", mais la seule heuristique, il n'y a qu'une objection que l'on puisse retenir \u00e0 l'atroce esprit classique : polir et repolir cela seul qui saurait en r\u00e9fl\u00e9chir sinc\u00e8rement l'\u00e9nigme-po\u00e8me, miroir imp\u00e9n\u00e9trable o\u00f9 se d\u00e9joue l'\u00e9trange d'un regard.. Sinon, que l'on produise simplement cet inf\u00e2me invisible : on l'ignore, pour peu qu'on en rit - il n'est pas reconnu, \u00e9tant l'impr\u00e9sentable m\u00eame.","authors":["Nicolas Servissolle"],"category_codes":["1000000","1090000"],"visuals":{"large":"https:\/\/images.epagine.fr\/577\/9782747546577_1_75.jpg","medium":"https:\/\/images.epagine.fr\/577\/9782747546577_1_m.jpg","thumbnail":"https:\/\/images.epagine.fr\/577\/9782747546577_1_v.jpg"},"orderable":true,"show_badge":true,"formatted_price":"11,00&nbsp;\u20ac","formatted_published_date":"1er novembre 2003","publisher_availability_label":"Sur commande","short_details":"Nicolas Servissolle \u2014 \u00c9ditions L'Harmattan","translator":null,"weight":145,"page_count":100,"readership":null,"editor":"\u00c9ditions L'Harmattan","price":1100,"published_date":"2003-10-31T23:00:00.000000Z","support":"Grand format","publisher_availability":1,"stock":0,"editions":[],"url":"https:\/\/quaidesbrumes.com\/ouvrage\/9782747546577\/a-la-lice"},{"id":"9782747549141","title":"Chants de la porte et du passage","description":"\"Du dedans au dehors,\r\nde l'un \u00e0 l'autre,\r\n comme de soi au monde\r\nla main h\u00e9site \u00e0 pousser grand la porte\r\n(..)dans sa recherche\r\nrecomposer le monde\r\npeut-\u00eatre m\u00eame ensemencer des \u00eeles\"","authors":["Pierre Goldin"],"category_codes":["1000000","1090000"],"visuals":{"large":"https:\/\/images.epagine.fr\/141\/9782747549141_1_75.jpg","medium":"https:\/\/images.epagine.fr\/141\/9782747549141_1_m.jpg","thumbnail":"https:\/\/images.epagine.fr\/141\/9782747549141_1_v.jpg"},"orderable":true,"show_badge":true,"formatted_price":"13,00&nbsp;\u20ac","formatted_published_date":"1er novembre 2003","publisher_availability_label":"Sur commande","short_details":"Pierre Goldin \u2014 \u00c9ditions L'Harmattan","translator":null,"weight":195,"page_count":136,"readership":null,"editor":"\u00c9ditions L'Harmattan","price":1300,"published_date":"2003-10-31T23:00:00.000000Z","support":"Grand format","publisher_availability":1,"stock":0,"editions":[],"url":"https:\/\/quaidesbrumes.com\/ouvrage\/9782747549141\/chants-de-la-porte-et-du-passage"},{"id":"9782907410625","title":"Le chemin rouge","description":null,"authors":["Alain Piolot"],"category_codes":["1000000","1090000"],"visuals":{"large":"https:\/\/quaidesbrumes.com\/img\/book-placeholder.png","medium":"https:\/\/quaidesbrumes.com\/img\/book-placeholder.png","thumbnail":"https:\/\/quaidesbrumes.com\/img\/book-placeholder.png"},"orderable":true,"show_badge":true,"formatted_price":"10,00&nbsp;\u20ac","formatted_published_date":"1er janvier 2002","publisher_availability_label":"Sur commande","short_details":"Alain Piolot \u2014 Jean Pierre Huguet","translator":null,"weight":94,"page_count":null,"readership":null,"editor":"Jean Pierre Huguet","price":1000,"published_date":"2001-12-31T23:00:00.000000Z","support":"Grand format","publisher_availability":1,"stock":0,"editions":[],"url":"https:\/\/quaidesbrumes.com\/ouvrage\/9782907410625\/le-chemin-rouge"},{"id":"9782907872003","title":"Zigzags","description":null,"authors":["Michel Arbatz"],"category_codes":["1000000","1090000"],"visuals":{"large":"https:\/\/quaidesbrumes.com\/img\/book-placeholder.png","medium":"https:\/\/quaidesbrumes.com\/img\/book-placeholder.png","thumbnail":"https:\/\/quaidesbrumes.com\/img\/book-placeholder.png"},"orderable":true,"show_badge":true,"formatted_price":"15,00&nbsp;\u20ac","formatted_published_date":"11 ao\u00fbt 2003","publisher_availability_label":"Sur commande","short_details":"Michel Arbatz \u2014 Jean Pierre Huguet","translator":null,"weight":409,"page_count":null,"readership":null,"editor":"Jean Pierre Huguet","price":1500,"published_date":"2003-08-10T22:00:00.000000Z","support":"Grand format","publisher_availability":1,"stock":0,"editions":[],"url":"https:\/\/quaidesbrumes.com\/ouvrage\/9782907872003\/zigzags"},{"id":"9782747540377","title":"Le premier oeil","description":"\"La lumi\u00e8re dans l'\u00e9meraude enclose depuis l'origine, le temps la r\u00e9pand sur le corps de morte-saison perclus de souvenirs. Mon tr\u00e9buchement est devenu pour moi une puissance \u00e9ternelle. Toute chair qui se trouvait \u00e0 proximit\u00e9, \u00e0 cause de cela expira. Lorsque toutes les \u00e2mes furent aval\u00e9es par le Dragon, il retourna sa queue dans sa gueule, les enfermant \u00e0 jamais, \u00d4 ph\u00e9nix, \u00f4 ph\u00e9nix, combien ta vertu d\u00e9g\u00e9n\u00e8re!\"","authors":["Jad Hatem"],"category_codes":["1000000","1090000"],"visuals":{"large":"https:\/\/images.epagine.fr\/377\/9782747540377_1_75.jpg","medium":"https:\/\/images.epagine.fr\/377\/9782747540377_1_m.jpg","thumbnail":"https:\/\/images.epagine.fr\/377\/9782747540377_1_v.jpg"},"orderable":true,"show_badge":true,"formatted_price":"8,00&nbsp;\u20ac","formatted_published_date":"1er novembre 2003","publisher_availability_label":"Sur commande","short_details":"Jad Hatem \u2014 \u00c9ditions L'Harmattan","translator":null,"weight":85,"page_count":44,"readership":null,"editor":"\u00c9ditions L'Harmattan","price":800,"published_date":"2003-10-31T23:00:00.000000Z","support":"Grand format","publisher_availability":1,"stock":0,"editions":[],"url":"https:\/\/quaidesbrumes.com\/ouvrage\/9782747540377\/le-premier-oeil"},{"id":"9782876733886","title":"Le sillographe","description":"\" Faisant suite \u00e0Smilla puis Silles - pens\u00e9es grecques mordantes dues jadis \u00e0 Timon dit \"Le Sillographe\" -, ce \" diurnal invectif \" (contre la M\u00e9diocrit\u00e9, les vulgarismes, le Litt\u00e9rairement correct, la superstition religieuse de retour), dat\u00e9 de 96 \u00e0 03, au lieu de tendre \u00e0 tout dire d'un soi \u00e9go\u00efque, ne note que les riens v\u00e9cus par anecdotes, propos ou fus\u00e9es - avec en son centre l'impossibilit\u00e9 amoureuse de sortir de soi ou Apories \".\r\nJ S.","authors":["Jude St\u00e9fan"],"category_codes":["1000000","1090000"],"visuals":{"large":"https:\/\/images.epagine.fr\/886\/9782876733886_1_75.jpg","medium":"https:\/\/images.epagine.fr\/886\/9782876733886_1_m.jpg","thumbnail":"https:\/\/images.epagine.fr\/886\/9782876733886_1_v.jpg"},"orderable":true,"show_badge":true,"formatted_price":"15,00&nbsp;\u20ac","formatted_published_date":"19 f\u00e9vrier 2004","publisher_availability_label":"Sur commande","short_details":"Jude St\u00e9fan \u2014 CHAMP VALLON","translator":null,"weight":157,"page_count":115,"readership":null,"editor":"CHAMP VALLON","price":1500,"published_date":"2004-02-18T23:00:00.000000Z","support":"Grand format","publisher_availability":1,"stock":0,"editions":[],"url":"https:\/\/quaidesbrumes.com\/ouvrage\/9782876733886\/le-sillographe"},{"id":"9782854463118","title":"Passeport de nuits","description":null,"authors":["Francois De Villandry"],"category_codes":["1000000","1090000"],"visuals":{"large":"https:\/\/images.epagine.fr\/118\/9782854463118_1_75.jpg","medium":"https:\/\/images.epagine.fr\/118\/9782854463118_1_m.jpg","thumbnail":"https:\/\/images.epagine.fr\/118\/9782854463118_1_v.jpg"},"orderable":true,"show_badge":true,"formatted_price":"20,00&nbsp;\u20ac","formatted_published_date":"15 octobre 2003","publisher_availability_label":"Sur commande","short_details":"Francois De Villandry \u2014 Caracteres","translator":null,"weight":150,"page_count":null,"readership":null,"editor":"Caracteres","price":2000,"published_date":"2003-10-14T22:00:00.000000Z","support":"Grand format","publisher_availability":1,"stock":0,"editions":[],"url":"https:\/\/quaidesbrumes.com\/ouvrage\/9782854463118\/passeport-de-nuits"},{"id":"9782494648043","title":"La d\u00e9livrance de l'accord\u00e9on","description":"\u00d4 ciel tr\u00e8s gris O\u00f9 s'affaissent des chim\u00e8res, Qu'en est-il des ennuis Cach\u00e9s sous les vers ? Recueil de 36 po\u00e8mes (dont un en italien), divis\u00e9 en trois parties (Diatonique, Chromatique, Enharmonique), La d\u00e9livrance de l'accord\u00e9on vous plonge dans les ombres de l'\u00e2me humaine, de l'ivresse \u00e0 la d\u00e9r\u00e9liction. L'accord\u00e9on, c'est l'\u00eatre humain et sa complexit\u00e9, ses pens\u00e9es contradictoires, ses pass\u00e9s qui le hantent, ses espoirs, ses errances, comme autant de notes de musique plus ou moins justes. L'accord\u00e9on, c'est aussi le po\u00e8te ; et sa d\u00e9livrance, peut-\u00eatre l'\u00e9criture.","authors":["Artesia Loli"],"category_codes":["1000000","1090000","1090600"],"visuals":{"large":"https:\/\/images.epagine.fr\/043\/9782494648043_1_75.jpg","medium":"https:\/\/images.epagine.fr\/043\/9782494648043_1_m.jpg","thumbnail":"https:\/\/images.epagine.fr\/043\/9782494648043_1_v.jpg"},"orderable":true,"show_badge":true,"formatted_price":"8,00&nbsp;\u20ac","formatted_published_date":"1er janvier 2023","publisher_availability_label":"Sur commande","short_details":"Artesia Loli \u2014 MNEMOSIA","translator":null,"weight":87,"page_count":72,"readership":null,"editor":"MNEMOSIA","price":800,"published_date":"2022-12-31T23:00:00.000000Z","support":"Grand format","publisher_availability":1,"stock":0,"editions":[],"url":"https:\/\/quaidesbrumes.com\/ouvrage\/9782494648043\/la-delivrance-de-laccordeon"},{"id":"9782878675771","title":"Espaces de temps","description":null,"authors":["Roger Gay-olive"],"category_codes":["1000000","1090000"],"visuals":{"large":"https:\/\/quaidesbrumes.com\/img\/book-placeholder.png","medium":"https:\/\/quaidesbrumes.com\/img\/book-placeholder.png","thumbnail":"https:\/\/quaidesbrumes.com\/img\/book-placeholder.png"},"orderable":true,"show_badge":true,"formatted_price":"12,00&nbsp;\u20ac","formatted_published_date":"21 juillet 2004","publisher_availability_label":"Sur commande","short_details":"Roger Gay-olive \u2014 Presses Du Midi","translator":null,"weight":116,"page_count":null,"readership":null,"editor":"Presses Du Midi","price":1200,"published_date":"2004-07-20T22:00:00.000000Z","support":"Grand format","publisher_availability":1,"stock":0,"editions":[],"url":"https:\/\/quaidesbrumes.com\/ouvrage\/9782878675771\/espaces-de-temps"}]}