{"data":[{"id":"9782951897908","title":"Le sablier ou le choix de l'infini","description":null,"authors":["Laurent Fonlladosa"],"category_codes":["1000000","1090000"],"visuals":{"large":"https:\/\/images.epagine.fr\/908\/9782951897908_1_75.jpg","medium":"https:\/\/images.epagine.fr\/908\/9782951897908_1_m.jpg","thumbnail":"https:\/\/images.epagine.fr\/908\/9782951897908_1_v.jpg"},"orderable":true,"show_badge":true,"formatted_price":"15,00&nbsp;\u20ac","formatted_published_date":"1er octobre 2002","publisher_availability_label":"Sur commande","short_details":"Laurent Fonlladosa \u2014 L2l","translator":null,"weight":195,"page_count":null,"readership":null,"editor":"L2l","price":1500,"published_date":"2002-09-30T22:00:00.000000Z","support":"Grand format","publisher_availability":1,"stock":0,"editions":[],"url":"https:\/\/quaidesbrumes.com\/ouvrage\/9782951897908\/le-sablier-ou-le-choix-de-linfini"},{"id":"9782862311821","title":"Mourir dormir tuer peut-\u00eatre","description":"L'auteur de Nous ne cessons de dire adieu, publi\u00e9 en 2000 chez le m\u00eame \u00e9diteur, nous donne \u00e0 nouveau un texte insolite d'une intense et noire po\u00e9sie.\r\nLe Professeur Fran\u00e7ois-Bernard Michel, de l'Institut, a accept\u00e9, en postface, de s'entretenir avec l'auteur.","authors":["Christian Dufourquet"],"category_codes":["1000000","1090000"],"visuals":{"large":"https:\/\/images.epagine.fr\/821\/9782862311821_1_75.jpg","medium":"https:\/\/images.epagine.fr\/821\/9782862311821_1_m.jpg","thumbnail":"https:\/\/images.epagine.fr\/821\/9782862311821_1_v.jpg"},"orderable":true,"show_badge":true,"formatted_price":"16,00&nbsp;\u20ac","formatted_published_date":"5 avril 2003","publisher_availability_label":"Sur commande","short_details":"Christian Dufourquet \u2014 MAURICE NADEAU","translator":null,"weight":110,"page_count":82,"readership":null,"editor":"MAURICE NADEAU","price":1600,"published_date":"2003-04-04T22:00:00.000000Z","support":"Grand format","publisher_availability":1,"stock":0,"editions":[],"url":"https:\/\/quaidesbrumes.com\/ouvrage\/9782862311821\/mourir-dormir-tuer-peut-etre"},{"id":"9782846980180","title":"Aliti - Scontri puetichi","description":"Recueil de po\u00e9sies par de jeunes po\u00e8tes contemporains.","authors":["Collectif"],"category_codes":["1000000","1090000"],"visuals":{"large":"https:\/\/images.epagine.fr\/180\/9782846980180_1_75.jpg","medium":"https:\/\/images.epagine.fr\/180\/9782846980180_1_m.jpg","thumbnail":"https:\/\/images.epagine.fr\/180\/9782846980180_1_v.jpg"},"orderable":true,"show_badge":true,"formatted_price":"14,00&nbsp;\u20ac","formatted_published_date":"1er janvier 2002","publisher_availability_label":"Sur commande","short_details":"Collectif \u2014 Albiana","translator":null,"weight":188,"page_count":112,"readership":null,"editor":"Albiana","price":1400,"published_date":"2001-12-31T23:00:00.000000Z","support":"Grand format","publisher_availability":1,"stock":0,"editions":[],"url":"https:\/\/quaidesbrumes.com\/ouvrage\/9782846980180\/aliti-scontri-puetichi"},{"id":"9782343035666","title":"Le voyage en Normandie","description":"Rosemay Nivard est n\u00e9e \u00e0 l'\u00eele de la R\u00e9union, son trajet d'\u00e9criture parle du temps qui passe, de l'humanit\u00e9 des petites choses de la vie, de son v\u00e9cu. Dans son receuil de po\u00e9sie tout en voyage s'invitent l'amour, la vie, le r\u00eave... Et si le voyage en Normandie a fait le tour de votre coeur vous allez vous sentir chez vous dans ces lignes.","authors":["Rosemay Nivard"],"category_codes":["1000000","1090000"],"visuals":{"large":"https:\/\/images.epagine.fr\/666\/9782343035666_1_75.jpg","medium":"https:\/\/images.epagine.fr\/666\/9782343035666_1_m.jpg","thumbnail":"https:\/\/images.epagine.fr\/666\/9782343035666_1_v.jpg"},"orderable":true,"show_badge":true,"formatted_price":"11,00&nbsp;\u20ac","formatted_published_date":"16 juin 2014","publisher_availability_label":"Sur commande","short_details":"Rosemay Nivard \u2014 \u00c9ditions L'Harmattan","translator":null,"weight":95,"page_count":70,"readership":null,"editor":"\u00c9ditions L'Harmattan","price":1100,"published_date":"2014-06-15T22:00:00.000000Z","support":"Grand format","publisher_availability":1,"stock":0,"editions":[],"url":"https:\/\/quaidesbrumes.com\/ouvrage\/9782343035666\/le-voyage-en-normandie"},{"id":"9782747537285","title":"Les chambres les parois","description":"Si l'on a plus ou moins mis\u00e9 toute sa vie sur cet insaisissable : la po\u00e9sie (on l'appelait jadis la cr\u00e9ation), c'est par refus de se soumettre aux seules contraintes de l'existence et pour ne pas avoir \u00e0 int\u00e9grer le quotidien cort\u00e8ge des masses travailleuses. Voici un aper\u00e7u des textes de l'un des plus grands po\u00e8tes roumains contemporains.","authors":["Constantin Abaluta"],"category_codes":["1000000","1090000"],"visuals":{"large":"https:\/\/images.epagine.fr\/285\/9782747537285_1_75.jpg","medium":"https:\/\/images.epagine.fr\/285\/9782747537285_1_m.jpg","thumbnail":"https:\/\/images.epagine.fr\/285\/9782747537285_1_v.jpg"},"orderable":true,"show_badge":true,"formatted_price":"11,00&nbsp;\u20ac","formatted_published_date":"1er novembre 2003","publisher_availability_label":"Sur commande","short_details":"Constantin Abaluta \u2014 \u00c9ditions L'Harmattan","translator":null,"weight":130,"page_count":90,"readership":null,"editor":"\u00c9ditions L'Harmattan","price":1100,"published_date":"2003-10-31T23:00:00.000000Z","support":"Grand format","publisher_availability":1,"stock":0,"editions":[],"url":"https:\/\/quaidesbrumes.com\/ouvrage\/9782747537285\/les-chambres-les-parois"},{"id":"9782747541480","title":"Matiere de miroir","description":"Les po\u00e8mes d'Eva Diamantstein - pierre de Diamant - sont en effet mati\u00e8re de miroir. Ce miroir rend image et son du \"chant d'enfant\", du dangereux Kinderlied. Mais aussi des hommes d'air, \"jou\u00e9s en fum\u00e9e\", des fours noirs o\u00f9 \"nous sautons\". Du dialogue de la lame et du tranchant. Guerriers perdant la lutte. Car \"nous nous sommes r\u00e9veill\u00e9s dans des lits \u00e9trangers\". Or, le r\u00e9veil de Diamantstein nous m\u00e8ne \u00e0 cette \"rupture d'espace\" qui est po\u00e9sie m\u00eame. Dans la violence de ce \"repas de nuit\" qu'elle a pr\u00e9par\u00e9 pour la sc\u00e8ne des \"forfaiteuses\".","authors":["Diamanstein Eva"],"category_codes":["1000000","1090000"],"visuals":{"large":"https:\/\/images.epagine.fr\/480\/9782747541480_1_75.jpg","medium":"https:\/\/images.epagine.fr\/480\/9782747541480_1_m.jpg","thumbnail":"https:\/\/images.epagine.fr\/480\/9782747541480_1_v.jpg"},"orderable":true,"show_badge":true,"formatted_price":"9,00&nbsp;\u20ac","formatted_published_date":"1er novembre 2003","publisher_availability_label":"Sur commande","short_details":"Diamanstein Eva \u2014 \u00c9ditions L'Harmattan","translator":null,"weight":85,"page_count":56,"readership":null,"editor":"\u00c9ditions L'Harmattan","price":900,"published_date":"2003-10-31T23:00:00.000000Z","support":"Grand format","publisher_availability":1,"stock":0,"editions":[],"url":"https:\/\/quaidesbrumes.com\/ouvrage\/9782747541480\/matiere-de-miroir"},{"id":"9782747548038","title":"L'espace d'un regard - proses","description":"Geste par geste, le po\u00e8te d\u00e9crit d'une plume fulgurante la vie dans ses plus beaux atours, ceux de l'amour. Il peint ici \"l'acte majeur\" en un verbe si subtil, que ce qui aurait pu \u00eatre ind\u00e9cence, devient l'art suggestif d'un aquarelliste. Par touches successives, l'\u00e9crivain nous m\u00e8ne dans la chor\u00e9graphie du d\u00e9sir, dans l'espace du regard \u00e9chang\u00e9 au-del\u00e0 des corps, au plus haut des mots que la langue fran\u00e7aise sied si bien \u00e0 servir.","authors":["Claude Luezior"],"category_codes":["1000000","1090000"],"visuals":{"large":"https:\/\/images.epagine.fr\/038\/9782747548038_1_75.jpg","medium":"https:\/\/images.epagine.fr\/038\/9782747548038_1_m.jpg","thumbnail":"https:\/\/images.epagine.fr\/038\/9782747548038_1_v.jpg"},"orderable":true,"show_badge":true,"formatted_price":"11,00&nbsp;\u20ac","formatted_published_date":"1er novembre 2003","publisher_availability_label":"Sur commande","short_details":"Claude Luezior \u2014 \u00c9ditions L'Harmattan","translator":null,"weight":100,"page_count":60,"readership":null,"editor":"\u00c9ditions L'Harmattan","price":1100,"published_date":"2003-10-31T23:00:00.000000Z","support":"Grand format","publisher_availability":1,"stock":0,"editions":[],"url":"https:\/\/quaidesbrumes.com\/ouvrage\/9782747548038\/lespace-dun-regard-proses"},{"id":"9782747547789","title":"Terrains vagues, terrains precis ; no holds bard","description":"La voie po\u00e9tique qui s'exprime dans cette oeuvre surgit des rythmes du temps et du lieu. Parfois il s'agit d'un lieu pr\u00e9cis, r\u00e9pertori\u00e9, cartographi\u00e9, parfois d'un non lieu, d'un lieu non nomm\u00e9, redevenu anonyme. Deux langues habitent l'espace ouvert du recueil, dont l'une est la langue maternelle de l'auteur et l'autre sa langue adoptive. Le r\u00e9sultat et une voix po\u00e9tique qui chante la pluralit\u00e9 de son \u00eatre, en parcourant la gamme des \u00e9motions humaines.","authors":["Paul Roddie"],"category_codes":["1000000","1090000"],"visuals":{"large":"https:\/\/images.epagine.fr\/789\/9782747547789_1_75.jpg","medium":"https:\/\/images.epagine.fr\/789\/9782747547789_1_m.jpg","thumbnail":"https:\/\/images.epagine.fr\/789\/9782747547789_1_v.jpg"},"orderable":true,"show_badge":true,"formatted_price":"11,00&nbsp;\u20ac","formatted_published_date":"1er novembre 2003","publisher_availability_label":"Sur commande","short_details":"Paul Roddie \u2014 \u00c9ditions L'Harmattan","translator":null,"weight":110,"page_count":72,"readership":null,"editor":"\u00c9ditions L'Harmattan","price":1100,"published_date":"2003-10-31T23:00:00.000000Z","support":"Grand format","publisher_availability":1,"stock":0,"editions":[],"url":"https:\/\/quaidesbrumes.com\/ouvrage\/9782747547789\/terrains-vagues-terrains-precis-no-holds-bard"},{"id":"9782878675085","title":"Trompe-la-vie","description":null,"authors":["Hubert Vittet"],"category_codes":["1000000","1090000"],"visuals":{"large":"https:\/\/quaidesbrumes.com\/img\/book-placeholder.png","medium":"https:\/\/quaidesbrumes.com\/img\/book-placeholder.png","thumbnail":"https:\/\/quaidesbrumes.com\/img\/book-placeholder.png"},"orderable":true,"show_badge":true,"formatted_price":"12,00&nbsp;\u20ac","formatted_published_date":"6 novembre 2003","publisher_availability_label":"Sur commande","short_details":"Hubert Vittet \u2014 Presses Du Midi","translator":null,"weight":142,"page_count":null,"readership":null,"editor":"Presses Du Midi","price":1200,"published_date":"2003-11-05T23:00:00.000000Z","support":"Grand format","publisher_availability":1,"stock":0,"editions":[],"url":"https:\/\/quaidesbrumes.com\/ouvrage\/9782878675085\/trompe-la-vie"},{"id":"9782854463415","title":"Les chants de Marrakech","description":null,"authors":["Lisa cligman Mizrachi"],"category_codes":["1000000","1090000"],"visuals":{"large":"https:\/\/images.epagine.fr\/415\/9782854463415_1_75.jpg","medium":"https:\/\/images.epagine.fr\/415\/9782854463415_1_m.jpg","thumbnail":"https:\/\/images.epagine.fr\/415\/9782854463415_1_v.jpg"},"orderable":true,"show_badge":true,"formatted_price":"15,00&nbsp;\u20ac","formatted_published_date":"11 f\u00e9vrier 2003","publisher_availability_label":"Sur commande","short_details":"Lisa cligman Mizrachi \u2014 Caracteres","translator":null,"weight":165,"page_count":123,"readership":null,"editor":"Caracteres","price":1500,"published_date":"2003-02-10T23:00:00.000000Z","support":"Grand format","publisher_availability":1,"stock":0,"editions":[],"url":"https:\/\/quaidesbrumes.com\/ouvrage\/9782854463415\/les-chants-de-marrakech"},{"id":"9782747536899","title":"\"TERRE PROMISE TERRE MAUDITE\" : Po\u00e8mes","description":"Comment un pays arros\u00e9 par la haine\r\npeut-il donner des vall\u00e9es vertes et durables \r\nou un horizon heureux et diligent\r\nafin que l'on puisse entrevoir un avenir tendre ?","authors":["Imad Saleh"],"category_codes":["1000000","1090000"],"visuals":{"large":"https:\/\/images.epagine.fr\/899\/9782747536899_1_75.jpg","medium":"https:\/\/images.epagine.fr\/899\/9782747536899_1_m.jpg","thumbnail":"https:\/\/images.epagine.fr\/899\/9782747536899_1_v.jpg"},"orderable":true,"show_badge":true,"formatted_price":"13,00&nbsp;\u20ac","formatted_published_date":"1er novembre 2003","publisher_availability_label":"Sur commande","short_details":"Imad Saleh \u2014 \u00c9ditions L'Harmattan","translator":null,"weight":190,"page_count":138,"readership":null,"editor":"\u00c9ditions L'Harmattan","price":1300,"published_date":"2003-10-31T23:00:00.000000Z","support":"Grand format","publisher_availability":1,"stock":0,"editions":[],"url":"https:\/\/quaidesbrumes.com\/ouvrage\/9782747536899\/terre-promise-terre-maudite-poemes"},{"id":"9782747539135","title":"\u00eelot po\u00e9tique","description":"\"Au coeur de la mangrove, il y a des questions qui ne peuvent rester sans r\u00e9ponses et nombreux sont les pas qui r\u00e9pondent \u00e0 d'autres empreintes : celle d'une identit\u00e9 antillaise en qu\u00eate d'authenticit\u00e9, devant faire face aux soubresauts du temps. Pour ne pas se perdre, une seule issue : retourner aux racines lointaines et tourment\u00e9es d'une culture am\u00e9ricara\u00efb\u00e9enne et appeler, dans un \u00e9lan de fraternit\u00e9, \u00e0 la naissance d'un \u00eatre antillais d\u00e9barass\u00e9 de ses entraves. L'histoire d'un peuple ne fait que commencer. La ghuia, que certains pensaient perdue, r\u00e9sonne \u00e0 nouveau dans la for\u00eat exub\u00e9rante. Voici venu le jour des peuples heureux, le matin des femmes et des hommes libres ! \"","authors":["Mikael Saint-Honore"],"category_codes":["1000000","1090000"],"visuals":{"large":"https:\/\/images.epagine.fr\/135\/9782747539135_1_75.jpg","medium":"https:\/\/images.epagine.fr\/135\/9782747539135_1_m.jpg","thumbnail":"https:\/\/images.epagine.fr\/135\/9782747539135_1_v.jpg"},"orderable":true,"show_badge":true,"formatted_price":"9,00&nbsp;\u20ac","formatted_published_date":"1er novembre 2003","publisher_availability_label":"Sur commande","short_details":"Mikael Saint-Honore \u2014 \u00c9ditions L'Harmattan","translator":null,"weight":70,"page_count":40,"readership":null,"editor":"\u00c9ditions L'Harmattan","price":900,"published_date":"2003-10-31T23:00:00.000000Z","support":"Grand format","publisher_availability":1,"stock":0,"editions":[],"url":"https:\/\/quaidesbrumes.com\/ouvrage\/9782747539135\/ilot-poetique"},{"id":"9782847840551","title":"Pehemde","description":null,"authors":["Michel Amelin"],"category_codes":["1000000","1090000"],"visuals":{"large":"https:\/\/quaidesbrumes.com\/img\/book-placeholder.png","medium":"https:\/\/quaidesbrumes.com\/img\/book-placeholder.png","thumbnail":"https:\/\/quaidesbrumes.com\/img\/book-placeholder.png"},"orderable":true,"show_badge":true,"formatted_price":"15,00&nbsp;\u20ac","formatted_published_date":"1er janvier 2003","publisher_availability_label":"Sur commande","short_details":"Michel Amelin \u2014 Le Publieur","translator":null,"weight":184,"page_count":null,"readership":null,"editor":"Le Publieur","price":1500,"published_date":"2002-12-31T23:00:00.000000Z","support":"Grand format","publisher_availability":1,"stock":0,"editions":[],"url":"https:\/\/quaidesbrumes.com\/ouvrage\/9782847840551\/pehemde"},{"id":"9782840311621","title":"T.V. (s\u00e9rie)","description":"La po\u00e9sie est bien de ce monde ; elle na\u00eet de l'impact d'un \u00e9v\u00e9nement, \u00e9norme ou minime, sur une sensibilit\u00e9 et une langue.\r\nSi la t\u00e9l\u00e9vision nous bombarde quotidiennement d'images, il n'y a rien que de naturel \u00e0 ce que la po\u00e9sie prenne sa distance verbale, et travaille en retour cette mati\u00e8re qui ne nous fait que trop rarement sourire. Les po\u00e8mes de ce livre font preuve d'une vraie attention au monde, en m\u00eame temps que leur mouvement d'\u00e9criture d\u00e9passe la narration objective ou la critique directe du media. \u00c0 travers les bruits du monde, ou bien ceux plus menus du quotidien, une voix singuli\u00e8re s'affirme en po\u00e9sie : c'est elle qu'il faut entendre.\r\n(Antoine \u00c9maz)","authors":["Anne Belin"],"category_codes":["1000000","1090000"],"visuals":{"large":"https:\/\/images.epagine.fr\/621\/9782840311621_1_75.jpg","medium":"https:\/\/images.epagine.fr\/621\/9782840311621_1_m.jpg","thumbnail":"https:\/\/images.epagine.fr\/621\/9782840311621_1_v.jpg"},"orderable":true,"show_badge":true,"formatted_price":"12,00&nbsp;\u20ac","formatted_published_date":"1er f\u00e9vrier 2003","publisher_availability_label":"Sur commande","short_details":"Anne Belin \u2014 L'Idee Bleue","translator":null,"weight":110,"page_count":75,"readership":null,"editor":"L'Idee Bleue","price":1200,"published_date":"2003-01-31T23:00:00.000000Z","support":"Grand format","publisher_availability":1,"stock":0,"editions":[],"url":"https:\/\/quaidesbrumes.com\/ouvrage\/9782840311621\/tv-serie"},{"id":"9782846980012","title":"A via d'ochji","description":"Une po\u00e9sie enracin\u00e9e dans un \u00e9lan qui conduit de la fixit\u00e9 du min\u00e9ral \u00e0 l'aspiration du gouffre onirique. Une histoire personnelle et collective franchit les limites d'une exp\u00e9rience et d'un r\u00eave v\u00e9cus. Pas \u00e9tonnant qu'une telle inspiration ait conduit le po\u00e8te \u00e0 son renom de chanteur-compositeur...","authors":["C. Lanfranchi"],"category_codes":["1000000","1090000"],"visuals":{"large":"https:\/\/images.epagine.fr\/012\/9782846980012_1_75.jpg","medium":"https:\/\/images.epagine.fr\/012\/9782846980012_1_m.jpg","thumbnail":"https:\/\/images.epagine.fr\/012\/9782846980012_1_v.jpg"},"orderable":true,"show_badge":true,"formatted_price":"13,72&nbsp;\u20ac","formatted_published_date":"4 octobre 2003","publisher_availability_label":"Sur commande","short_details":"C. Lanfranchi \u2014 Albiana","translator":null,"weight":168,"page_count":170,"readership":null,"editor":"Albiana","price":1372,"published_date":"2003-10-03T22:00:00.000000Z","support":"Grand format","publisher_availability":1,"stock":0,"editions":[],"url":"https:\/\/quaidesbrumes.com\/ouvrage\/9782846980012\/a-via-dochji"},{"id":"9782914258333","title":"La beaut\u00e9 qui nous est donn\u00e9e","description":"Entre douceur de vivre, parfum estival entre soleil et mer.  \u00ab veillez veillez  de vos yeux  emprisonn\u00e9s  scrutez la beaut\u00e9 donn\u00e9e \u00bb ","authors":["Anne-Lise Blanchard"],"category_codes":["1000000","1090000"],"visuals":{"large":"https:\/\/images.epagine.fr\/333\/9782914258333_1_75.jpg","medium":"https:\/\/images.epagine.fr\/333\/9782914258333_1_m.jpg","thumbnail":"https:\/\/images.epagine.fr\/333\/9782914258333_1_v.jpg"},"orderable":true,"show_badge":true,"formatted_price":"12,00&nbsp;\u20ac","formatted_published_date":"15 avril 2004","publisher_availability_label":"Sur commande","short_details":"Anne-Lise Blanchard \u2014 Eclats D'Encre","translator":null,"weight":50,"page_count":null,"readership":null,"editor":"Eclats D'Encre","price":1200,"published_date":"2004-04-14T22:00:00.000000Z","support":"Grand format","publisher_availability":1,"stock":0,"editions":[],"url":"https:\/\/quaidesbrumes.com\/ouvrage\/9782914258333\/la-beaute-qui-nous-est-donnee"},{"id":"9782950060709","title":"Album de chansons","description":null,"authors":["Mich\u00e8le Bernard"],"category_codes":["1000000","1090000"],"visuals":{"large":"https:\/\/quaidesbrumes.com\/img\/book-placeholder.png","medium":"https:\/\/quaidesbrumes.com\/img\/book-placeholder.png","thumbnail":"https:\/\/quaidesbrumes.com\/img\/book-placeholder.png"},"orderable":true,"show_badge":true,"formatted_price":"18,00&nbsp;\u20ac","formatted_published_date":"10 juin 2003","publisher_availability_label":"Sur commande","short_details":"Mich\u00e8le Bernard \u2014 Jean Pierre Huguet","translator":null,"weight":550,"page_count":null,"readership":null,"editor":"Jean Pierre Huguet","price":1800,"published_date":"2003-06-09T22:00:00.000000Z","support":"Grand format","publisher_availability":1,"stock":0,"editions":[],"url":"https:\/\/quaidesbrumes.com\/ouvrage\/9782950060709\/album-de-chansons"},{"id":"9782878674514","title":"Les poemes d'onto","description":null,"authors":["Antoine Benedetti"],"category_codes":["1000000","1090000"],"visuals":{"large":"https:\/\/quaidesbrumes.com\/img\/book-placeholder.png","medium":"https:\/\/quaidesbrumes.com\/img\/book-placeholder.png","thumbnail":"https:\/\/quaidesbrumes.com\/img\/book-placeholder.png"},"orderable":true,"show_badge":true,"formatted_price":"15,00&nbsp;\u20ac","formatted_published_date":"13 f\u00e9vrier 2003","publisher_availability_label":"Sur commande","short_details":"Antoine Benedetti \u2014 Presses Du Midi","translator":null,"weight":148,"page_count":null,"readership":null,"editor":"Presses Du Midi","price":1500,"published_date":"2003-02-12T23:00:00.000000Z","support":"Grand format","publisher_availability":1,"stock":0,"editions":[],"url":"https:\/\/quaidesbrumes.com\/ouvrage\/9782878674514\/les-poemes-donto"},{"id":"9782884820318","title":"La visite du tribun","description":"J\u00e9rusalem, quelques ann\u00e9es apr\u00e8s la Passion.\r\nUne garnison romaine en faction re\u00e7oit la visite soudaine d'un Tribun. Apr\u00e8s avoir inspect\u00e9 les l\u00e9gionnaires, le Tribun entame un long monologue po\u00e9tique \u00e0 la gloire de Rome et de sa raison pratique, qui a su venir \u00e0 bout de toute opposition, culturelle, religieuse ou politique. C'en est fini de l'amour des choses proches du coeur de l'homme : famille, r\u00e9gion, folklore. C'en est fini des cultes, des f\u00eates, de la religion - de la po\u00e9sie qui chante la beaut\u00e9 du monde et les dieux.\r\nLe discours initiatique du Tribun veut faire rena\u00eetre ses hommes \" en enfants de C\u00e9sar \". Les faire passer d'hommes \u00e0 l'\u00e9tat d'humano\u00efde dans un univers sans m\u00e9moire, sans amour. Mais dans cette \" po\u00e9tique de l'utile \" une lueur perce la nuit. Au moment o\u00f9 le Tribun c\u00e9l\u00e8bre une \u00e8re nouvelle, l'Esprit travaille secr\u00e8tement l'Empire et le fait servir \u00e0 son insu au dessein que lui a reconnu Dante dans le Purgatoire : \" Avec moi tu seras citoyen sans fin de cette Rome dont le Christ est romain.\r\n\" Telle est la le\u00e7on d'esp\u00e9rance de David Jones dans ce po\u00e8me proph\u00e9tique de 1974, traduit pour la premi\u00e8re fois en fran\u00e7ais par Jean Mambrino.","authors":["David Jones","Jean Mambrino"],"category_codes":["1000000","1090000"],"visuals":{"large":"https:\/\/images.epagine.fr\/318\/9782884820318_1_75.jpg","medium":"https:\/\/images.epagine.fr\/318\/9782884820318_1_m.jpg","thumbnail":"https:\/\/images.epagine.fr\/318\/9782884820318_1_v.jpg"},"orderable":true,"show_badge":true,"formatted_price":"16,00&nbsp;\u20ac","formatted_published_date":"9 juin 2005","publisher_availability_label":"Sur commande","short_details":"David Jones, Jean Mambrino \u2014 AD SOLEM","translator":"JEAN MAMBRINO","weight":209,"page_count":null,"readership":null,"editor":"AD SOLEM","price":1600,"published_date":"2005-06-08T22:00:00.000000Z","support":"Grand format","publisher_availability":1,"stock":0,"editions":[],"url":"https:\/\/quaidesbrumes.com\/ouvrage\/9782884820318\/la-visite-du-tribun"},{"id":"9782912233677","title":"Le chemin du silence","description":null,"authors":["Olivier Deck"],"category_codes":["1000000","1090000"],"visuals":{"large":"https:\/\/quaidesbrumes.com\/img\/book-placeholder.png","medium":"https:\/\/quaidesbrumes.com\/img\/book-placeholder.png","thumbnail":"https:\/\/quaidesbrumes.com\/img\/book-placeholder.png"},"orderable":true,"show_badge":true,"formatted_price":"12,00&nbsp;\u20ac","formatted_published_date":"2 avril 2003","publisher_availability_label":"Sur commande","short_details":"Olivier Deck \u2014 Cairn","translator":null,"weight":88,"page_count":null,"readership":null,"editor":"Cairn","price":1200,"published_date":"2003-04-01T22:00:00.000000Z","support":"Grand format","publisher_availability":1,"stock":0,"editions":[],"url":"https:\/\/quaidesbrumes.com\/ouvrage\/9782912233677\/le-chemin-du-silence"},{"id":"9782914258340","title":"Idoline","description":null,"authors":["Pierrick de Chermont"],"category_codes":["1000000","1090000"],"visuals":{"large":"https:\/\/images.epagine.fr\/340\/9782914258340_1_75.jpg","medium":"https:\/\/images.epagine.fr\/340\/9782914258340_1_m.jpg","thumbnail":"https:\/\/images.epagine.fr\/340\/9782914258340_1_v.jpg"},"orderable":true,"show_badge":true,"formatted_price":"12,00&nbsp;\u20ac","formatted_published_date":"15 juin 2004","publisher_availability_label":"Sur commande","short_details":"Pierrick de Chermont \u2014 Eclats D'Encre","translator":null,"weight":106,"page_count":null,"readership":null,"editor":"Eclats D'Encre","price":1200,"published_date":"2004-06-14T22:00:00.000000Z","support":"Grand format","publisher_availability":1,"stock":0,"editions":[],"url":"https:\/\/quaidesbrumes.com\/ouvrage\/9782914258340\/idoline"},{"id":"9782914258470","title":"Le nouveau pays","description":"Du fond des mots, l'enfance, le silence des silences.","authors":["Emmanuelle Rodrigues"],"category_codes":["1000000","1090000"],"visuals":{"large":"https:\/\/images.epagine.fr\/470\/9782914258470_1_75.jpg","medium":"https:\/\/images.epagine.fr\/470\/9782914258470_1_m.jpg","thumbnail":"https:\/\/images.epagine.fr\/470\/9782914258470_1_v.jpg"},"orderable":true,"show_badge":true,"formatted_price":"12,00&nbsp;\u20ac","formatted_published_date":"15 juin 2008","publisher_availability_label":"Sur commande","short_details":"Emmanuelle Rodrigues \u2014 Eclats D'Encre","translator":null,"weight":64,"page_count":null,"readership":null,"editor":"Eclats D'Encre","price":1200,"published_date":"2008-06-14T22:00:00.000000Z","support":"Poche","publisher_availability":1,"stock":0,"editions":[],"url":"https:\/\/quaidesbrumes.com\/ouvrage\/9782914258470\/le-nouveau-pays"},{"id":"9782747545075","title":"Partage de la parole - suivi de partage de la lumiere","description":"Daniel Leduc est un acrobate qui marche sur la corde raide du po\u00e8me, le regard tourn\u00e9 vers l'interieur. Exercice p\u00e9rilleux, le moindre mot inapte ou inad\u00e9quat peut vous pr\u00e9cipiter dans le vide. Mais Daniel Leduc conna\u00eet la forme des mots et leur mani\u00e8re de traverser le vide d'un horizon \u00e0 l'autre sans basculer. Les mots sont  sa grande passion, ils font le lien entre le geste et le silence, entre la m\u00e9moire et l'oubli, entre la rupture et la fin. ( V. Khoury-Ghata)","authors":["Daniel Leduc"],"category_codes":["1000000","1090000"],"visuals":{"large":"https:\/\/images.epagine.fr\/075\/9782747545075_1_75.jpg","medium":"https:\/\/images.epagine.fr\/075\/9782747545075_1_m.jpg","thumbnail":"https:\/\/images.epagine.fr\/075\/9782747545075_1_v.jpg"},"orderable":true,"show_badge":true,"formatted_price":"15,00&nbsp;\u20ac","formatted_published_date":"1er novembre 2003","publisher_availability_label":"Sur commande","short_details":"Daniel Leduc \u2014 \u00c9ditions L'Harmattan","translator":null,"weight":220,"page_count":162,"readership":null,"editor":"\u00c9ditions L'Harmattan","price":1500,"published_date":"2003-10-31T23:00:00.000000Z","support":"Grand format","publisher_availability":1,"stock":0,"editions":[],"url":"https:\/\/quaidesbrumes.com\/ouvrage\/9782747545075\/partage-de-la-parole-suivi-de-partage-de-la-lumiere"},{"id":"9782747539524","title":"Nouvelles du n\u00e9ant invers\u00e9","description":"Dali : Les trois traumatismes. Jung : Le mythe du soleil. Munch : Le criEntre le n\u00e9ant et son antipode la qu\u00eate d'espaces de compromis.","authors":["Hanna Mirna"],"category_codes":["1000000","1090000"],"visuals":{"large":"https:\/\/images.epagine.fr\/524\/9782747539524_1_75.jpg","medium":"https:\/\/images.epagine.fr\/524\/9782747539524_1_m.jpg","thumbnail":"https:\/\/images.epagine.fr\/524\/9782747539524_1_v.jpg"},"orderable":true,"show_badge":true,"formatted_price":"11,00&nbsp;\u20ac","formatted_published_date":"1er novembre 2003","publisher_availability_label":"Sur commande","short_details":"Hanna Mirna \u2014 \u00c9ditions L'Harmattan","translator":null,"weight":150,"page_count":106,"readership":null,"editor":"\u00c9ditions L'Harmattan","price":1100,"published_date":"2003-10-31T23:00:00.000000Z","support":"Grand format","publisher_availability":1,"stock":0,"editions":[],"url":"https:\/\/quaidesbrumes.com\/ouvrage\/9782747539524\/nouvelles-du-neant-inverse"}]}