{"data":[{"id":"9782747532723","title":"L'ORPAILLEUR : Po\u00e8mes et aphorismes","description":"L'orpailleur va chercher au fond des mots et de l'humain ces paillettes d'or qui constituent en silence les tr\u00e9sors de la po\u00e9sie. Le po\u00e8te tisse une oeuvre dont le style puissant et concis \u00e9tonne et dont les th\u00e8mes ne cessent de s'\u00e9largir autour de l'amour et de la souffrance humaine. Un recueil de combat \u00e0 l'encre intense au verbe haut. Un recueil de vie.","authors":["Claude Luezior"],"category_codes":["1000000","1090000"],"visuals":{"large":"https:\/\/images.epagine.fr\/723\/9782747532723_1_75.jpg","medium":"https:\/\/images.epagine.fr\/723\/9782747532723_1_m.jpg","thumbnail":"https:\/\/images.epagine.fr\/723\/9782747532723_1_v.jpg"},"orderable":true,"show_badge":true,"formatted_price":"11,00&nbsp;\u20ac","formatted_published_date":"1er novembre 2003","publisher_availability_label":"Sur commande","short_details":"Claude Luezior \u2014 \u00c9ditions L'Harmattan","translator":null,"weight":150,"page_count":114,"readership":null,"editor":"\u00c9ditions L'Harmattan","price":1100,"published_date":"2003-10-31T23:00:00.000000Z","support":"Grand format","publisher_availability":1,"stock":0,"editions":[],"url":"https:\/\/quaidesbrumes.com\/ouvrage\/9782747532723\/lorpailleur-poemes-et-aphorismes"},{"id":"9782747533249","title":"Le sourire aborigene","description":"\u00ab\u00a0Le sourire aborig\u00e8ne est un bel hommage \u00e0 celui qui a toujours \u00e9t\u00e9 sensible \u00e0 ce que ressent le peuple guat\u00e9malt\u00e8que. Jean Monnet, en tant que po\u00e8te et artiste, ouvre des chemins chemins qui nous sont, il est vrai, peu familiers. Sa po\u00e9sie, pleine des grands symboles de l'humanit\u00e9, touche nos sensibilit\u00e9s et notre imagination. Elle a surtout l'audace de s'adresser \u00e0 ceux qui, comme Jaime Diaz Rozzoto, osent croire en l'homme, \u00e0 cette dignit\u00e9 que nous portons au plus profond de nous-m\u00eames, pour nous faire acc\u00e9der \u00e0 plus de lumi\u00e8re et de libert\u00e9.\u00a0\u00bb Jacques Gaillot - Avril 2002.\r","authors":["Jean Monnet"],"category_codes":["1000000","1090000"],"visuals":{"large":"https:\/\/images.epagine.fr\/249\/9782747533249_1_75.jpg","medium":"https:\/\/images.epagine.fr\/249\/9782747533249_1_m.jpg","thumbnail":"https:\/\/images.epagine.fr\/249\/9782747533249_1_v.jpg"},"orderable":true,"show_badge":true,"formatted_price":"11,00&nbsp;\u20ac","formatted_published_date":"1er novembre 2003","publisher_availability_label":"Sur commande","short_details":"Jean Monnet \u2014 \u00c9ditions L'Harmattan","translator":null,"weight":150,"page_count":104,"readership":null,"editor":"\u00c9ditions L'Harmattan","price":1100,"published_date":"2003-10-31T23:00:00.000000Z","support":"Grand format","publisher_availability":1,"stock":0,"editions":[],"url":"https:\/\/quaidesbrumes.com\/ouvrage\/9782747533249\/le-sourire-aborigene"},{"id":"9782368686799","title":"Infect\u00e9 pat l'amour","description":"Il y a chez Ionu? Caragea du Julien Green, \u00e0 la fois dans son sentiment religieux et sa \"raison\" d'amour. Le po\u00e8te dans \u00ab une pri\u00e8re sans voix \/ transform\u00e9e en larmes \u00bb ne cesse n\u00e9anmoins de dire dans \u00ab une grande vague de mots \u00bb, et ce pour d\u00e9cortiquer sa vie, ses souvenirs et son futur \u00e0 travers sa descendance : \u00ab pardonne-moi, mon enfant \/ de t'avoir enlev\u00e9 du ciel \/ et ramen\u00e9 \/ dans ce monde malade \/ et mauvais \u00bb. Surgit la vie, malgr\u00e9 tout, dans un monde que l'auteur a fui un temps avant de le retrouver. \u00c9mergent l'h\u00e9r\u00e9dit\u00e9 imm\u00e9diate et surtout imm\u00e9moriale, l'histoire de ses ascendants et de ses h\u00e9ritiers. Mais aussi les nuits de l'homme et la peur du noir et son oc\u00e9an o\u00f9 plongerait le monde s'il n'existait pour un tel po\u00e8te sa foi. Gr\u00e2ce \u00e0 elle, et au del\u00e0 des traces mortif\u00e8res, existe un unique paradis sur terre : l'amour. Pour l'Autre.\r\n(Jean-Paul Gavard-Perret)\r\n\r\nAssister \u00e0 la relecture des po\u00e8mes d'\"Infect\u00e9 par l'amour\" fut une exp\u00e9rience extraordinaire, car il s'agissait d'assister \u00e0 la renaissance linguistique d'un chef d'oeuvre. Un chef d'oeuvre qui s'est d\u00e9voil\u00e9 peu \u00e0 peu sous mes yeux, avec ses nombreuses facettes mais surtout sa grande coh\u00e9rence, de po\u00e8me \u00e0 po\u00e8me... Je dirais que ce recueil \u00e9voque un prisme ; l'oeil du po\u00e8te nous l'a offert, par le don notamment de sa douleur, une souffrance profond\u00e9ment mystique, qui ferait ais\u00e9ment penser \u00e0 la crucifixion magistrale du po\u00e8te afin que nous puissions trouver par chaque c\u00f4t\u00e9 cristallin d'o\u00f9 nous contemplons, ressentons et comprenons un m\u00eame fil d'or cens\u00e9 mener vers l'\u00e9volution de l'humanit\u00e9.\r\n(Marine Rose)","authors":["Caragea Ionu"],"category_codes":["1000000","1090000","1090600"],"visuals":{"large":"https:\/\/images.epagine.fr\/799\/9782368686799_1_75.jpg","medium":"https:\/\/images.epagine.fr\/799\/9782368686799_1_m.jpg","thumbnail":"https:\/\/images.epagine.fr\/799\/9782368686799_1_v.jpg"},"orderable":true,"show_badge":true,"formatted_price":"18,00&nbsp;\u20ac","formatted_published_date":"27 septembre 2020","publisher_availability_label":"Sur commande","short_details":"Caragea Ionu \u2014 Stellamaris","translator":null,"weight":236,"page_count":136,"readership":null,"editor":"Stellamaris","price":1800,"published_date":"2020-09-26T22:00:00.000000Z","support":"Grand format","publisher_availability":1,"stock":0,"editions":[],"url":"https:\/\/quaidesbrumes.com\/ouvrage\/9782368686799\/infecte-pat-lamour"},{"id":"9782368686768","title":"Contemplation","description":"Oh, faire rena\u00eetre ce qui n'est plus,\r\nCes quelques rimes qui n'\u00e9taient plus\r\nLes rallumer en cet instant,\r\nFragile magie d'un autre temps,\r\nOh ranimer juste quelque peu\r\nCe qui jadis chantait en soi,\r\nCe feu de l'\u00e2me longtemps \u00e9teint,\r\nCes cendres froides et toutes blanchies,\r\nLaiss\u00e9es pour compte et refroidies.\r\nQue se raniment, oui, corps et \u00e2me,\r\nCes quelques flammes toutes balbutiantes,\r\nCes quelques lettres d\u00e9j\u00e0 chantantes,\r\nCes quelques formes comme renaissant\r\nDansant leurs vies toutes \u00e9ph\u00e9m\u00e8res,\r\nToutes habill\u00e9es de la Terre-M\u00e8re,\r\n\u00d4 profiter \u00e0 coeur perdu\r\nDe tout ce qui passe et meurt en bas,\r\nDe notre corps comme allum\u00e9\r\nEt se mourant d'\u00e9ternit\u00e9.","authors":["Daviere Nicolas"],"category_codes":["1000000","1090000","1090600"],"visuals":{"large":"https:\/\/images.epagine.fr\/768\/9782368686768_1_75.jpg","medium":"https:\/\/images.epagine.fr\/768\/9782368686768_1_m.jpg","thumbnail":"https:\/\/images.epagine.fr\/768\/9782368686768_1_v.jpg"},"orderable":true,"show_badge":true,"formatted_price":"12,00&nbsp;\u20ac","formatted_published_date":"27 septembre 2020","publisher_availability_label":"Sur commande","short_details":"Daviere Nicolas \u2014 Stellamaris","translator":null,"weight":78,"page_count":74,"readership":null,"editor":"Stellamaris","price":1200,"published_date":"2020-09-26T22:00:00.000000Z","support":"Grand format","publisher_availability":1,"stock":0,"editions":[],"url":"https:\/\/quaidesbrumes.com\/ouvrage\/9782368686768\/contemplation"},{"id":"9782878674262","title":"...de neige a mimosas...","description":null,"authors":["Brigitte de Stoutz"],"category_codes":["1000000","1090000"],"visuals":{"large":"https:\/\/quaidesbrumes.com\/img\/book-placeholder.png","medium":"https:\/\/quaidesbrumes.com\/img\/book-placeholder.png","thumbnail":"https:\/\/quaidesbrumes.com\/img\/book-placeholder.png"},"orderable":true,"show_badge":true,"formatted_price":"10,00&nbsp;\u20ac","formatted_published_date":"22 octobre 2002","publisher_availability_label":"Sur commande","short_details":"Brigitte de Stoutz \u2014 Presses Du Midi","translator":null,"weight":90,"page_count":null,"readership":null,"editor":"Presses Du Midi","price":1000,"published_date":"2002-10-21T22:00:00.000000Z","support":"Grand format","publisher_availability":1,"stock":0,"editions":[],"url":"https:\/\/quaidesbrumes.com\/ouvrage\/9782878674262\/de-neige-a-mimosas"},{"id":"9782907410366","title":"Lou faust paisan","description":null,"authors":["Eloi Abert"],"category_codes":["1000000","1090000"],"visuals":{"large":"https:\/\/quaidesbrumes.com\/img\/book-placeholder.png","medium":"https:\/\/quaidesbrumes.com\/img\/book-placeholder.png","thumbnail":"https:\/\/quaidesbrumes.com\/img\/book-placeholder.png"},"orderable":true,"show_badge":true,"formatted_price":"18,00&nbsp;\u20ac","formatted_published_date":"1er janvier 2002","publisher_availability_label":"Sur commande","short_details":"Eloi Abert \u2014 Jean Pierre Huguet","translator":null,"weight":338,"page_count":null,"readership":null,"editor":"Jean Pierre Huguet","price":1800,"published_date":"2001-12-31T23:00:00.000000Z","support":"Grand format","publisher_availability":1,"stock":0,"editions":[],"url":"https:\/\/quaidesbrumes.com\/ouvrage\/9782907410366\/lou-faust-paisan"},{"id":"9782957099962","title":"Tranche de vie","description":null,"authors":["Wagner Levkov L."],"category_codes":["1000000","1090000"],"visuals":{"large":"https:\/\/quaidesbrumes.com\/img\/book-placeholder.png","medium":"https:\/\/quaidesbrumes.com\/img\/book-placeholder.png","thumbnail":"https:\/\/quaidesbrumes.com\/img\/book-placeholder.png"},"orderable":true,"show_badge":true,"formatted_price":"16,00&nbsp;\u20ac","formatted_published_date":"16 septembre 2020","publisher_availability_label":"Sur commande","short_details":"Wagner Levkov L. \u2014 Amh Communication","translator":null,"weight":90,"page_count":null,"readership":null,"editor":"Amh Communication","price":1600,"published_date":"2020-09-15T22:00:00.000000Z","support":"Grand format","publisher_availability":1,"stock":0,"editions":[],"url":"https:\/\/quaidesbrumes.com\/ouvrage\/9782957099962\/tranche-de-vie"},{"id":"9782909900148","title":"Petite somme sonnante","description":"\"Je me suis entendu reprocher depuis quelques temps de m'adonner \u00e0 des formes volumineusement longues (...) j'ai donc choisi une petite vir\u00e9e alexandrine pour faire redescendre le sonnet de ses cimaises.\" Petite somme sonnante de soixante-et-onze sonnets, ce livre est une promenade litt\u00e9raire ludique, gourmande et parfois m\u00e9lancolique avec Jacques Darras, grand voyageur de la culture europ\u00e9enne.\r","authors":["Jacques Darras"],"category_codes":["1000000","1090000"],"visuals":{"large":"https:\/\/images.epagine.fr\/148\/9782909900148_1_75.jpg","medium":"https:\/\/images.epagine.fr\/148\/9782909900148_1_m.jpg","thumbnail":"https:\/\/images.epagine.fr\/148\/9782909900148_1_v.jpg"},"orderable":true,"show_badge":true,"formatted_price":"12,50&nbsp;\u20ac","formatted_published_date":"11 d\u00e9cembre 2002","publisher_availability_label":"Sur commande","short_details":"Jacques Darras \u2014 Editions Mihaly","translator":null,"weight":200,"page_count":96,"readership":null,"editor":"Editions Mihaly","price":1250,"published_date":"2002-12-10T23:00:00.000000Z","support":"Grand format","publisher_availability":1,"stock":0,"editions":[],"url":"https:\/\/quaidesbrumes.com\/ouvrage\/9782909900148\/petite-somme-sonnante"},{"id":"9782878672794","title":"Etincelles","description":null,"authors":["Gaston Mei"],"category_codes":["1000000","1090000"],"visuals":{"large":"https:\/\/quaidesbrumes.com\/img\/book-placeholder.png","medium":"https:\/\/quaidesbrumes.com\/img\/book-placeholder.png","thumbnail":"https:\/\/quaidesbrumes.com\/img\/book-placeholder.png"},"orderable":true,"show_badge":true,"formatted_price":"11,00&nbsp;\u20ac","formatted_published_date":"25 septembre 2002","publisher_availability_label":"Sur commande","short_details":"Gaston Mei \u2014 Presses Du Midi","translator":null,"weight":122,"page_count":null,"readership":null,"editor":"Presses Du Midi","price":1100,"published_date":"2002-09-24T22:00:00.000000Z","support":"Grand format","publisher_availability":1,"stock":0,"editions":[],"url":"https:\/\/quaidesbrumes.com\/ouvrage\/9782878672794\/etincelles"},{"id":"9782747536851","title":"Cabanon's blues","description":"T\u00e9moignage, et plus encore, radiographie de l'int\u00e9rieur malmen\u00e9 par ce qu'Artaud appelait \"une effroyable maladie de l'esprit\", ce recueil tente de donner une voix \u00e0 ce qui n'en a pas, la parole de dedans que ravage l'insens\u00e9. Avoir cotoy\u00e9 le non-sens et l'avoir m\u00eame habit\u00e9, avoir \u00e9prouv\u00e9 cette souffrance du mental vassalis\u00e9, tellle est l'origine de ces textes, victoire du dit sur ce qui voulait les taire, victoire de la vie sur le br\u00fblant enfer.\r","authors":["Sylvie Garcia"],"category_codes":["1000000","1090000"],"visuals":{"large":"https:\/\/images.epagine.fr\/851\/9782747536851_1_75.jpg","medium":"https:\/\/images.epagine.fr\/851\/9782747536851_1_m.jpg","thumbnail":"https:\/\/images.epagine.fr\/851\/9782747536851_1_v.jpg"},"orderable":true,"show_badge":true,"formatted_price":"11,00&nbsp;\u20ac","formatted_published_date":"1er novembre 2003","publisher_availability_label":"Sur commande","short_details":"Sylvie Garcia \u2014 \u00c9ditions L'Harmattan","translator":null,"weight":90,"page_count":62,"readership":null,"editor":"\u00c9ditions L'Harmattan","price":1100,"published_date":"2003-10-31T23:00:00.000000Z","support":"Grand format","publisher_availability":1,"stock":0,"editions":[],"url":"https:\/\/quaidesbrumes.com\/ouvrage\/9782747536851\/cabanons-blues"},{"id":"9782911718885","title":"Dans un berceau de terre","description":"Cap au Sud. Par tous chemins et par tous temps, mots et couleurs m\u00eal\u00e9s. Cap sur l'oubli. Quand il est amiti\u00e9 d'une terre qui rend \u00e9cho de l'\u00e9t\u00e9. Droit vers l'\u00e9toile qui monte des braises de ces courts tableaux de Jacques Bloy. Cela s'appelle le petit jour. Et c'est la joie qui reprend. Comme un feu.\r","authors":["Jacques Bloy"],"category_codes":["1000000","1090000"],"visuals":{"large":"https:\/\/quaidesbrumes.com\/img\/book-placeholder.png","medium":"https:\/\/quaidesbrumes.com\/img\/book-placeholder.png","thumbnail":"https:\/\/quaidesbrumes.com\/img\/book-placeholder.png"},"orderable":true,"show_badge":true,"formatted_price":"8,70&nbsp;\u20ac","formatted_published_date":"14 janvier 2003","publisher_availability_label":"Sur commande","short_details":"Jacques Bloy \u2014 L'Amourier","translator":null,"weight":82,"page_count":50,"readership":null,"editor":"L'Amourier","price":870,"published_date":"2003-01-13T23:00:00.000000Z","support":"Grand format","publisher_availability":1,"stock":0,"editions":[],"url":"https:\/\/quaidesbrumes.com\/ouvrage\/9782911718885\/dans-un-berceau-de-terre"},{"id":"9782747536363","title":"VOIX DU SILENCE : Po\u00e8mes","description":"Les po\u00e8mes de Pierre ODUNGA PEPE traduisent les moments et les perceptions fugitifs de la vie et dans la tonalit\u00e9 d'un chant expressif, les r\u00e9surgences de l'histoire. La mani\u00e8re avec laquelle l'auteur investit et c\u00e9l\u00e8bre, dans le murmure et la parole de ses textes, le rythme et les rituels intrins\u00e8ques de l'Afrique pour aborder avec une filiation inalt\u00e9rable le cours des consignations \u00e9v\u00e9nementielles est admirable.Il y a l\u00e0 une exploration accomplie du langage po\u00e9tique.\r","authors":["Pierre Odounga Pepe"],"category_codes":["1000000","1090000"],"visuals":{"large":"https:\/\/images.epagine.fr\/363\/9782747536363_1_75.jpg","medium":"https:\/\/images.epagine.fr\/363\/9782747536363_1_m.jpg","thumbnail":"https:\/\/images.epagine.fr\/363\/9782747536363_1_v.jpg"},"orderable":true,"show_badge":true,"formatted_price":"11,00&nbsp;\u20ac","formatted_published_date":"1er novembre 2003","publisher_availability_label":"Sur commande","short_details":"Pierre Odounga Pepe \u2014 \u00c9ditions L'Harmattan","translator":null,"weight":170,"page_count":117,"readership":null,"editor":"\u00c9ditions L'Harmattan","price":1100,"published_date":"2003-10-31T23:00:00.000000Z","support":"Grand format","publisher_availability":1,"stock":0,"editions":[],"url":"https:\/\/quaidesbrumes.com\/ouvrage\/9782747536363\/voix-du-silence-poemes"},{"id":"9782296044319","title":"Paysage des hommes","description":"Entre songe et m\u00e9moire, les figures redeviennent myst\u00e9rieuses; sans \u00eatre assur\u00e9es de leur existence, elles sont en qu\u00eate de v\u00e9rit\u00e9, de pr\u00e9sence. La lumi\u00e8re s'en \u00e9loigne, avant de les retrouver, fr\u00eales encore, sans doute irr\u00e9futables, elles prennent vie au souvenir des jours perdus. Ainsi l'\u00e9criure s'ouvre \u00e0 cette g\u00e9ographie du manque, \u00e0 ses versants nocturnes, \u00e0 ses visions \u00e9gar\u00e9es.\r","authors":["Pierre Zehnacker"],"category_codes":["1000000","1090000"],"visuals":{"large":"https:\/\/images.epagine.fr\/319\/9782296044319_1_75.jpg","medium":"https:\/\/images.epagine.fr\/319\/9782296044319_1_m.jpg","thumbnail":"https:\/\/images.epagine.fr\/319\/9782296044319_1_v.jpg"},"orderable":true,"show_badge":true,"formatted_price":"17,50&nbsp;\u20ac","formatted_published_date":"6 novembre 2007","publisher_availability_label":"Sur commande","short_details":"Pierre Zehnacker \u2014 \u00c9ditions L'Harmattan","translator":null,"weight":315,"page_count":176,"readership":null,"editor":"\u00c9ditions L'Harmattan","price":1750,"published_date":"2007-11-05T23:00:00.000000Z","support":"Grand format","publisher_availability":1,"stock":0,"editions":[],"url":"https:\/\/quaidesbrumes.com\/ouvrage\/9782296044319\/paysage-des-hommes"},{"id":"9782343039244","title":"Tzigane le po\u00e8me gitan","description":"La po\u00e9tesse am\u00e9ricaine Cecilia Woloch \u00e9voque sa grand-m\u00e8re paternelle : une myst\u00e9rieuse figure qui s'appelait Tsiganka, n\u00e9e au d\u00e9but du 20e si\u00e8cle dans un village des Carpates. L'histoire du peuple Rom hante la po\u00e9tesse qui signe une \u00e9l\u00e9gie universelle.\r","authors":["Cecilia Woloch"],"category_codes":["1000000","1090000"],"visuals":{"large":"https:\/\/images.epagine.fr\/244\/9782343039244_1_75.jpg","medium":"https:\/\/images.epagine.fr\/244\/9782343039244_1_m.jpg","thumbnail":"https:\/\/images.epagine.fr\/244\/9782343039244_1_v.jpg"},"orderable":true,"show_badge":true,"formatted_price":"13,00&nbsp;\u20ac","formatted_published_date":"16 juin 2014","publisher_availability_label":"Sur commande","short_details":"Cecilia Woloch \u2014 \u00c9ditions L'Harmattan","translator":null,"weight":155,"page_count":118,"readership":null,"editor":"\u00c9ditions L'Harmattan","price":1300,"published_date":"2014-06-15T22:00:00.000000Z","support":"Grand format","publisher_availability":1,"stock":0,"editions":[],"url":"https:\/\/quaidesbrumes.com\/ouvrage\/9782343039244\/tzigane-le-poeme-gitan"},{"id":"9782911718922","title":"Architecture des geoles","description":"Un architecte donne au narrateur des indications sur le mode de construction des prisons.\r\nPr\u00e9cis d'architecture po\u00e9tique, lieu d'imbrication et d'embo\u00eetement, cet ouvrage, outil d'\u00e9dification du principe d'incarc\u00e9ration, invite \u00e0 creuser, partant du centre ou de la p\u00e9riph\u00e9rie, un monde qui tournoie de contraintes et de privations. Toutes ont un sens donn\u00e9 par l'intention.\r","authors":["Otto Ganz"],"category_codes":["1000000","1090000"],"visuals":{"large":"https:\/\/quaidesbrumes.com\/img\/book-placeholder.png","medium":"https:\/\/quaidesbrumes.com\/img\/book-placeholder.png","thumbnail":"https:\/\/quaidesbrumes.com\/img\/book-placeholder.png"},"orderable":true,"show_badge":true,"formatted_price":"8,80&nbsp;\u20ac","formatted_published_date":"8 avril 2003","publisher_availability_label":"Sur commande","short_details":"Otto Ganz \u2014 L'Amourier","translator":null,"weight":100,"page_count":74,"readership":null,"editor":"L'Amourier","price":880,"published_date":"2003-04-07T22:00:00.000000Z","support":"Grand format","publisher_availability":1,"stock":0,"editions":[],"url":"https:\/\/quaidesbrumes.com\/ouvrage\/9782911718922\/architecture-des-geoles"},{"id":"9782747533157","title":"POETIQUE DE LA POESIE DES TAMBOURS","description":"L'auteur s'interroge sur les approches th\u00e9oriques du discours po\u00e9tique, les fonctions symbolique, initiatique et rythmique. Puis il proc\u00e8de \u00e0 l'identification des strat\u00e9gies d'apprentissage, susceptibles de faciliter l'assimilation du texte po\u00e9tique tant dans la po\u00e9sie fran\u00e7aise de l'\u00e9poque m\u00e9di\u00e9vale \u00e0 nos jours, que dans le langage tambourin\u00e9 qu'offrent la po\u00e9sie des griots, la po\u00e9sie des tambours et la po\u00e9sie de Fr\u00e9d\u00e9ric Titinga Pac\u00e9r\u00e9.","authors":["Urbain Amoa"],"category_codes":["1000000","1090000"],"visuals":{"large":"https:\/\/images.epagine.fr\/157\/9782747533157_1_75.jpg","medium":"https:\/\/images.epagine.fr\/157\/9782747533157_1_m.jpg","thumbnail":"https:\/\/images.epagine.fr\/157\/9782747533157_1_v.jpg"},"orderable":true,"show_badge":true,"formatted_price":"31,50&nbsp;\u20ac","formatted_published_date":"1er novembre 2003","publisher_availability_label":"Sur commande","short_details":"Urbain Amoa \u2014 \u00c9ditions L'Harmattan","translator":null,"weight":440,"page_count":359,"readership":null,"editor":"\u00c9ditions L'Harmattan","price":3150,"published_date":"2003-10-31T23:00:00.000000Z","support":"Grand format","publisher_availability":1,"stock":0,"editions":[],"url":"https:\/\/quaidesbrumes.com\/ouvrage\/9782747533157\/poetique-de-la-poesie-des-tambours"},{"id":"9782353710638","title":"Le cheval de Troie n'aura pas lieu","description":"L'auteur, enseignant et psychanalyste, a d\u00e9velopp\u00e9 l'id\u00e9e que les chemins du savoir sont des chemins initiatiques. D\u00e9fenseur du \"m\u00e9lange des genres\", il associe sa d\u00e9marche de \"passeur\" \u00e0 celle de la po\u00e9sie.\r\nC'est ainsi qu'il s'aventure \u00e0 montrer que les mensonges ulyss\u00e9ens de l'enfance, les stratag\u00e8mes de ses dieux cach\u00e9s, disent une v\u00e9rit\u00e9 dont aucune justice ni morale ne sauraient rendre compte.\r","authors":["Jean-Pierre Bigeault"],"category_codes":["1000000","1090000"],"visuals":{"large":"https:\/\/images.epagine.fr\/638\/9782353710638_1_75.jpg","medium":"https:\/\/images.epagine.fr\/638\/9782353710638_1_m.jpg","thumbnail":"https:\/\/images.epagine.fr\/638\/9782353710638_1_v.jpg"},"orderable":true,"show_badge":true,"formatted_price":"12,00&nbsp;\u20ac","formatted_published_date":"20 avril 2009","publisher_availability_label":"Sur commande","short_details":"Jean-Pierre Bigeault \u2014 Lucie","translator":null,"weight":0,"page_count":null,"readership":null,"editor":"Lucie","price":1200,"published_date":"2009-04-19T22:00:00.000000Z","support":"Grand format","publisher_availability":1,"stock":0,"editions":[],"url":"https:\/\/quaidesbrumes.com\/ouvrage\/9782353710638\/le-cheval-de-troie-naura-pas-lieu"},{"id":"9782378277543","title":"Cent sonnets de guerre","description":"Pour le fantassin Fran\u00e7ois Polata 1918-2018: cent ans d\u00e9j\u00e0 et nos soldats, nos soldats h\u00e9ro\u00efques sont toujours dans nos m\u00e9moires; hommage donc \u00e0 eux, \u00e0 travers ce recueil de sonnets... Nos h\u00e9ros furent de nombreuses batailles, de Sarrebourg en 1914, de Verdun, de celle du non moins glorieux ''Chemin des Dames''. Ils sont l\u00e0 en ces pages, prisonniers de chaque veille, au fond des tranch\u00e9es. Ils sont l\u00e0 \u00e0 r\u00eaver d'un retour au pays. Peu y reviendront, soustraits au pain du sacrifice. Peu auront \u00e0 s'en remettre aux bras d'une charrue, \u00e0 de nouvelles fenaisons. Qu'ils fussent rompus aux saints travaux, \u00e0 ployer sous la barda, \u00e0 courir sous les balles, ils resteront \u00e0 jamais nos enfants et nous ne les oublierons pas. G. Demange","authors":["Guy Demange"],"category_codes":["1000000","1090000"],"visuals":{"large":"https:\/\/images.epagine.fr\/543\/9782378277543_1_75.jpg","medium":"https:\/\/images.epagine.fr\/543\/9782378277543_1_m.jpg","thumbnail":"https:\/\/images.epagine.fr\/543\/9782378277543_1_v.jpg"},"orderable":true,"show_badge":true,"formatted_price":"14,00&nbsp;\u20ac","formatted_published_date":"7 avril 2023","publisher_availability_label":"Sur commande","short_details":"Guy Demange \u2014 SPINELLE","translator":null,"weight":213,"page_count":130,"readership":null,"editor":"SPINELLE","price":1400,"published_date":"2023-04-06T22:00:00.000000Z","support":"Grand format","publisher_availability":1,"stock":0,"editions":[],"url":"https:\/\/quaidesbrumes.com\/ouvrage\/9782378277543\/cent-sonnets-de-guerre"},{"id":"9782747531764","title":"BRUMES EN LUMI\u00c8RE","description":"Comme danser ou peindre, \u00e9crire donne sens au jour le jour. La po\u00e9sie n'est pas une parenth\u00e8se . Elle est une fen\u00eatre de l'existence ouverte sur ce que vivent les hommes. Elle est \u00e9motion de l'instant, d'une voix, d'un espace lointain mais aussi du silence.","authors":["Jean-Fran\u00e7ois M\u00e9nard"],"category_codes":["1000000","1090000"],"visuals":{"large":"https:\/\/images.epagine.fr\/764\/9782747531764_1_75.jpg","medium":"https:\/\/images.epagine.fr\/764\/9782747531764_1_m.jpg","thumbnail":"https:\/\/images.epagine.fr\/764\/9782747531764_1_v.jpg"},"orderable":true,"show_badge":true,"formatted_price":"12,50&nbsp;\u20ac","formatted_published_date":"1er novembre 2003","publisher_availability_label":"Sur commande","short_details":"Jean-Fran\u00e7ois M\u00e9nard \u2014 \u00c9ditions L'Harmattan","translator":null,"weight":176,"page_count":126,"readership":null,"editor":"\u00c9ditions L'Harmattan","price":1250,"published_date":"2003-10-31T23:00:00.000000Z","support":"Grand format","publisher_availability":1,"stock":0,"editions":[],"url":"https:\/\/quaidesbrumes.com\/ouvrage\/9782747531764\/brumes-en-lumiere"},{"id":"9782878674286","title":"Vers de mirliton tontaine...tonton !","description":null,"authors":["Brigitte Broc"],"category_codes":["1000000","1090000"],"visuals":{"large":"https:\/\/quaidesbrumes.com\/img\/book-placeholder.png","medium":"https:\/\/quaidesbrumes.com\/img\/book-placeholder.png","thumbnail":"https:\/\/quaidesbrumes.com\/img\/book-placeholder.png"},"orderable":true,"show_badge":true,"formatted_price":"11,00&nbsp;\u20ac","formatted_published_date":"5 novembre 2002","publisher_availability_label":"Sur commande","short_details":"Brigitte Broc \u2014 Presses Du Midi","translator":null,"weight":102,"page_count":null,"readership":null,"editor":"Presses Du Midi","price":1100,"published_date":"2002-11-04T23:00:00.000000Z","support":"Grand format","publisher_availability":1,"stock":0,"editions":[],"url":"https:\/\/quaidesbrumes.com\/ouvrage\/9782878674286\/vers-de-mirliton-tontainetonton"},{"id":"9782878674255","title":"Illumination","description":null,"authors":["Sylvain Gueit"],"category_codes":["1000000","1090000"],"visuals":{"large":"https:\/\/quaidesbrumes.com\/img\/book-placeholder.png","medium":"https:\/\/quaidesbrumes.com\/img\/book-placeholder.png","thumbnail":"https:\/\/quaidesbrumes.com\/img\/book-placeholder.png"},"orderable":true,"show_badge":true,"formatted_price":"9,00&nbsp;\u20ac","formatted_published_date":"5 novembre 2002","publisher_availability_label":"Sur commande","short_details":"Sylvain Gueit \u2014 Presses Du Midi","translator":null,"weight":70,"page_count":null,"readership":null,"editor":"Presses Du Midi","price":900,"published_date":"2002-11-04T23:00:00.000000Z","support":"Grand format","publisher_availability":1,"stock":0,"editions":[],"url":"https:\/\/quaidesbrumes.com\/ouvrage\/9782878674255\/illumination"},{"id":"9782878674439","title":"Fables pour rire","description":null,"authors":["Sarah Cole Boissier"],"category_codes":["1000000","1090000"],"visuals":{"large":"https:\/\/quaidesbrumes.com\/img\/book-placeholder.png","medium":"https:\/\/quaidesbrumes.com\/img\/book-placeholder.png","thumbnail":"https:\/\/quaidesbrumes.com\/img\/book-placeholder.png"},"orderable":true,"show_badge":true,"formatted_price":"10,00&nbsp;\u20ac","formatted_published_date":"7 janvier 2003","publisher_availability_label":"Sur commande","short_details":"Sarah Cole Boissier \u2014 Presses Du Midi","translator":null,"weight":88,"page_count":null,"readership":null,"editor":"Presses Du Midi","price":1000,"published_date":"2003-01-06T23:00:00.000000Z","support":"Grand format","publisher_availability":1,"stock":0,"editions":[],"url":"https:\/\/quaidesbrumes.com\/ouvrage\/9782878674439\/fables-pour-rire"},{"id":"9782878674385","title":"L'enfance buissonniere","description":null,"authors":["Jean Bracco"],"category_codes":["1000000","1090000"],"visuals":{"large":"https:\/\/quaidesbrumes.com\/img\/book-placeholder.png","medium":"https:\/\/quaidesbrumes.com\/img\/book-placeholder.png","thumbnail":"https:\/\/quaidesbrumes.com\/img\/book-placeholder.png"},"orderable":true,"show_badge":true,"formatted_price":"12,00&nbsp;\u20ac","formatted_published_date":"7 janvier 2003","publisher_availability_label":"Sur commande","short_details":"Jean Bracco \u2014 Presses Du Midi","translator":null,"weight":94,"page_count":null,"readership":null,"editor":"Presses Du Midi","price":1200,"published_date":"2003-01-06T23:00:00.000000Z","support":"Grand format","publisher_availability":1,"stock":0,"editions":[],"url":"https:\/\/quaidesbrumes.com\/ouvrage\/9782878674385\/lenfance-buissonniere"},{"id":"9782908007435","title":"Visites","description":null,"authors":["David Mus"],"category_codes":["1000000","1090000"],"visuals":{"large":"https:\/\/images.epagine.fr\/435\/9782908007435_1_75.jpg","medium":"https:\/\/images.epagine.fr\/435\/9782908007435_1_m.jpg","thumbnail":"https:\/\/images.epagine.fr\/435\/9782908007435_1_v.jpg"},"orderable":true,"show_badge":true,"formatted_price":"12,20&nbsp;\u20ac","formatted_published_date":"10 avril 2003","publisher_availability_label":"Sur commande","short_details":"David Mus \u2014 Virgile","translator":null,"weight":190,"page_count":null,"readership":null,"editor":"Virgile","price":1220,"published_date":"2003-04-09T22:00:00.000000Z","support":"Grand format","publisher_availability":1,"stock":0,"editions":[],"url":"https:\/\/quaidesbrumes.com\/ouvrage\/9782908007435\/visites"}]}