{"data":[{"id":"9782747522618","title":"Statues de cendre - hamuszobor - poesie","description":"\" son univers est un kal\u00e9idoscope de tonalit\u00e9s. S'y m\u00ealent, incongr\u00fbment, des \u00e9l\u00e9ments disparates qui, envers et contre tout, font bon m\u00e9nage, lorsqu'il en a cristallis\u00e9 la forme \" D. Tandori\r","authors":["Bager Guztav"],"category_codes":["1000000","1090000"],"visuals":{"large":"https:\/\/images.epagine.fr\/618\/9782747522618_1_75.jpg","medium":"https:\/\/images.epagine.fr\/618\/9782747522618_1_m.jpg","thumbnail":"https:\/\/images.epagine.fr\/618\/9782747522618_1_v.jpg"},"orderable":true,"show_badge":true,"formatted_price":"11,50&nbsp;\u20ac","formatted_published_date":"1er janvier 2002","publisher_availability_label":"Sur commande","short_details":"Bager Guztav \u2014 \u00c9ditions L'Harmattan","translator":null,"weight":162,"page_count":112,"readership":null,"editor":"\u00c9ditions L'Harmattan","price":1150,"published_date":"2001-12-31T23:00:00.000000Z","support":"Grand format","publisher_availability":1,"stock":0,"editions":[],"url":"https:\/\/quaidesbrumes.com\/ouvrage\/9782747522618\/statues-de-cendre-hamuszobor-poesie"},{"id":"9782950827234","title":"Chemins d'ecritures","description":null,"authors":["Collectif"],"category_codes":["1000000","1090000"],"visuals":{"large":"https:\/\/quaidesbrumes.com\/img\/book-placeholder.png","medium":"https:\/\/quaidesbrumes.com\/img\/book-placeholder.png","thumbnail":"https:\/\/quaidesbrumes.com\/img\/book-placeholder.png"},"orderable":true,"show_badge":true,"formatted_price":"15,24&nbsp;\u20ac","formatted_published_date":"15 mars 2002","publisher_availability_label":"Sur commande","short_details":"Collectif \u2014 Murs D'Aurelle","translator":null,"weight":0,"page_count":null,"readership":null,"editor":"Murs D'Aurelle","price":1524,"published_date":"2002-03-14T23:00:00.000000Z","support":"Grand format","publisher_availability":1,"stock":0,"editions":[],"url":"https:\/\/quaidesbrumes.com\/ouvrage\/9782950827234\/chemins-decritures"},{"id":"9782950827203","title":"Vendredi matin ; 9 heures","description":null,"authors":["Collectif"],"category_codes":["1000000","1090000"],"visuals":{"large":"https:\/\/quaidesbrumes.com\/img\/book-placeholder.png","medium":"https:\/\/quaidesbrumes.com\/img\/book-placeholder.png","thumbnail":"https:\/\/quaidesbrumes.com\/img\/book-placeholder.png"},"orderable":true,"show_badge":true,"formatted_price":"9,15&nbsp;\u20ac","formatted_published_date":"15 mars 2002","publisher_availability_label":"Sur commande","short_details":"Collectif \u2014 Murs D'Aurelle","translator":null,"weight":0,"page_count":null,"readership":null,"editor":"Murs D'Aurelle","price":915,"published_date":"2002-03-14T23:00:00.000000Z","support":"Grand format","publisher_availability":1,"stock":0,"editions":[],"url":"https:\/\/quaidesbrumes.com\/ouvrage\/9782950827203\/vendredi-matin-9-heures"},{"id":"9782911718816","title":"Hier a voix basse","description":"Hier, \u00e0 voix basse, on accompagnait la neige. Chutes et amoncellements au plus profond du corps. On dorlotait la mort, l'endormie. On jouait le blanc contre le bleu qui h\u00e9site. Avant le vert qui tarde. Et le rouge, front des fleurs et fond des gorges. Vert et rouge des mots. Portes multipli\u00e9es qui battent dans le po\u00e8me sur un seuil \u00e9clair\u00e9 d'\u00e9toiles. Lumi\u00e8res d'hier et de demain.\r","authors":["Marie-Christi Raygot"],"category_codes":["1000000","1090000"],"visuals":{"large":"https:\/\/quaidesbrumes.com\/img\/book-placeholder.png","medium":"https:\/\/quaidesbrumes.com\/img\/book-placeholder.png","thumbnail":"https:\/\/quaidesbrumes.com\/img\/book-placeholder.png"},"orderable":true,"show_badge":true,"formatted_price":"8,70&nbsp;\u20ac","formatted_published_date":"25 juin 2002","publisher_availability_label":"Sur commande","short_details":"Marie-Christi Raygot \u2014 L'Amourier","translator":null,"weight":83,"page_count":56,"readership":null,"editor":"L'Amourier","price":870,"published_date":"2002-06-24T22:00:00.000000Z","support":"Grand format","publisher_availability":1,"stock":0,"editions":[],"url":"https:\/\/quaidesbrumes.com\/ouvrage\/9782911718816\/hier-a-voix-basse"},{"id":"9782909640785","title":"Aux quatre coins du jardin","description":null,"authors":["Jo\u00ebl Glaziou"],"category_codes":["1000000","1090000","1090600"],"visuals":{"large":"https:\/\/images.epagine.fr\/785\/9782909640785_1_75.jpg","medium":"https:\/\/images.epagine.fr\/785\/9782909640785_1_m.jpg","thumbnail":"https:\/\/images.epagine.fr\/785\/9782909640785_1_v.jpg"},"orderable":true,"show_badge":true,"formatted_price":"6,50&nbsp;\u20ac","formatted_published_date":"1er mars 2012","publisher_availability_label":"Sur commande","short_details":"Jo\u00ebl Glaziou \u2014 DONNER A VOIR","translator":null,"weight":48,"page_count":null,"readership":null,"editor":"DONNER A VOIR","price":650,"published_date":"2012-02-29T23:00:00.000000Z","support":"Grand format","publisher_availability":1,"stock":0,"editions":[],"url":"https:\/\/quaidesbrumes.com\/ouvrage\/9782909640785\/aux-quatre-coins-du-jardin"},{"id":"9782873070243","title":"Pas de printemps pour mes poup\u00e9es russes","description":null,"authors":["Yamina Premillieu"],"category_codes":["1000000","1090000"],"visuals":{"large":"https:\/\/images.epagine.fr\/243\/9782873070243_1_75.jpg","medium":"https:\/\/images.epagine.fr\/243\/9782873070243_1_m.jpg","thumbnail":"https:\/\/images.epagine.fr\/243\/9782873070243_1_v.jpg"},"orderable":true,"show_badge":true,"formatted_price":"7,62&nbsp;\u20ac","formatted_published_date":"15 juin 1996","publisher_availability_label":"Sur commande","short_details":"Yamina Premillieu \u2014 Rencontres","translator":null,"weight":201,"page_count":45,"readership":null,"editor":"Rencontres","price":762,"published_date":"1996-06-14T22:00:00.000000Z","support":"Grand format","publisher_availability":1,"stock":0,"editions":[],"url":"https:\/\/quaidesbrumes.com\/ouvrage\/9782873070243\/pas-de-printemps-pour-mes-poupees-russes"},{"id":"9782914850001","title":"Violences ; \u00e9crits ; net nouvelles et po\u00e8mes sur la toile","description":null,"authors":["Collectif"],"category_codes":["1000000","1090000"],"visuals":{"large":"https:\/\/quaidesbrumes.com\/img\/book-placeholder.png","medium":"https:\/\/quaidesbrumes.com\/img\/book-placeholder.png","thumbnail":"https:\/\/quaidesbrumes.com\/img\/book-placeholder.png"},"orderable":true,"show_badge":true,"formatted_price":"14,00&nbsp;\u20ac","formatted_published_date":"15 mai 2002","publisher_availability_label":"Sur commande","short_details":"Collectif \u2014 Atypique","translator":null,"weight":401,"page_count":186,"readership":null,"editor":"Atypique","price":1400,"published_date":"2002-05-14T22:00:00.000000Z","support":"Grand format","publisher_availability":1,"stock":0,"editions":[],"url":"https:\/\/quaidesbrumes.com\/ouvrage\/9782914850001\/violences-ecrits-net-nouvelles-et-poemes-sur-la-toile"},{"id":"9782296060272","title":"Ce qu'on appelle l'amour","description":"Emile n'est pas un ange, mais il les tutoie pourtant et joue avec leurs ombres. Des ombres qui n'existent que parce que lui, Emile Lloret, a d\u00e9cid\u00e9 d'\u00eatre un soleil, et de briller, envers et contre tout. par ses textes, il fait jaillir l'\u00e9motion.\r","authors":["Emile Lloret"],"category_codes":["1000000","1090000"],"visuals":{"large":"https:\/\/images.epagine.fr\/272\/9782296060272_1_75.jpg","medium":"https:\/\/images.epagine.fr\/272\/9782296060272_1_m.jpg","thumbnail":"https:\/\/images.epagine.fr\/272\/9782296060272_1_v.jpg"},"orderable":true,"show_badge":true,"formatted_price":"13,00&nbsp;\u20ac","formatted_published_date":"17 juin 2008","publisher_availability_label":"Sur commande","short_details":"Emile Lloret \u2014 \u00c9ditions L'Harmattan","translator":null,"weight":120,"page_count":80,"readership":null,"editor":"\u00c9ditions L'Harmattan","price":1300,"published_date":"2008-06-16T22:00:00.000000Z","support":"Grand format","publisher_availability":1,"stock":0,"editions":[],"url":"https:\/\/quaidesbrumes.com\/ouvrage\/9782296060272\/ce-quon-appelle-lamour"},{"id":"9782911718083","title":"Images au coeur roux","description":"Voyage au coeur des mots, mots confront\u00e9s au coeur comme les graines \u00e0 la terre, Michel Cosem vit avec ces mots qui donnent une couleur au monde.\r\n\u00c0 l'\u00e9clat du rouge de l'\u00e9t\u00e9, \u00e0 sa fugacit\u00e9, il a pr\u00e9f\u00e9r\u00e9 celui sombre et obstin\u00e9 du roux ce rouge m\u00e2tin\u00e9 de terre ! pour qualifier le coeur de ses images. Il leur a donn\u00e9 la couleur des braises ou le feu crache sa graine. La couleur des tisons que de noires cendres prot\u00e8gent. Ainsi dure le feu. Ainsi durent les images.\r","authors":["Michel Cosem"],"category_codes":["1000000","1090000"],"visuals":{"large":"https:\/\/quaidesbrumes.com\/img\/book-placeholder.png","medium":"https:\/\/quaidesbrumes.com\/img\/book-placeholder.png","thumbnail":"https:\/\/quaidesbrumes.com\/img\/book-placeholder.png"},"orderable":true,"show_badge":true,"formatted_price":"19,00&nbsp;\u20ac","formatted_published_date":"29 juillet 2002","publisher_availability_label":"Sur commande","short_details":"Michel Cosem \u2014 L'Amourier","translator":null,"weight":218,"page_count":80,"readership":null,"editor":"L'Amourier","price":1900,"published_date":"2002-07-28T22:00:00.000000Z","support":"Grand format","publisher_availability":1,"stock":0,"editions":[],"url":"https:\/\/quaidesbrumes.com\/ouvrage\/9782911718083\/images-au-coeur-roux"},{"id":"9782708707405","title":"Pr\u00e9sence","description":null,"authors":["Amadou Wade"],"category_codes":["1000000","1090000"],"visuals":{"large":"https:\/\/images.epagine.fr\/405\/9782708707405_1_75.jpg","medium":"https:\/\/images.epagine.fr\/405\/9782708707405_1_m.jpg","thumbnail":"https:\/\/images.epagine.fr\/405\/9782708707405_1_v.jpg"},"orderable":true,"show_badge":true,"formatted_price":"6,20&nbsp;\u20ac","formatted_published_date":"1er janvier 2000","publisher_availability_label":"Sur commande","short_details":"Amadou Wade \u2014 PRESENCE AFRICAINE","translator":null,"weight":200,"page_count":48,"readership":null,"editor":"PRESENCE AFRICAINE","price":620,"published_date":"1999-12-31T23:00:00.000000Z","support":"Grand format","publisher_availability":1,"stock":0,"editions":[],"url":"https:\/\/quaidesbrumes.com\/ouvrage\/9782708707405\/presence"},{"id":"9782858021222","title":"Le Maroc ou la m\u00e9moire d'exil ; po\u00e8mes ardents","description":null,"authors":["Abdallah Baroudi"],"category_codes":["1000000","1090000"],"visuals":{"large":"https:\/\/images.epagine.fr\/222\/9782858021222_1_75.jpg","medium":"https:\/\/images.epagine.fr\/222\/9782858021222_1_m.jpg","thumbnail":"https:\/\/images.epagine.fr\/222\/9782858021222_1_v.jpg"},"orderable":true,"show_badge":true,"formatted_price":"16,00&nbsp;\u20ac","formatted_published_date":"3 mai 2000","publisher_availability_label":"Sur commande","short_details":"Abdallah Baroudi \u2014 \u00c9ditions L'Harmattan","translator":null,"weight":286,"page_count":200,"readership":null,"editor":"\u00c9ditions L'Harmattan","price":1600,"published_date":"2000-05-02T22:00:00.000000Z","support":"Grand format","publisher_availability":1,"stock":0,"editions":[],"url":"https:\/\/quaidesbrumes.com\/ouvrage\/9782858021222\/le-maroc-ou-la-memoire-dexil-poemes-ardents"},{"id":"9782840311898","title":"Dites-le aux dahlias aux crapauds et aux chiens","description":"Ne pas savoir d'o\u00f9 cela vient Ni chemins ni fronti\u00e8res Que le vivre se risquant tr\u00e8s loin Aux collures de la repr\u00e9sentation Incoh\u00e9rente au centre des pierres J'assiste \u00e0 la lutte s\u00e8che Entre des restes de corps Et des guenilles de t\u00eate Avant de partir un matin J'arriverai \u00e0 tout faire L'infirme l'enfant la femme Et la ma\u00eetresse Et surtout la morte Qui m'endigue de force Tel un fragile et inutile fusain.\r\nC.M.-L.\r","authors":["Catherine Mafaraud-leray"],"category_codes":["1000000","1090000"],"visuals":{"large":"https:\/\/images.epagine.fr\/898\/9782840311898_1_75.jpg","medium":"https:\/\/images.epagine.fr\/898\/9782840311898_1_m.jpg","thumbnail":"https:\/\/images.epagine.fr\/898\/9782840311898_1_v.jpg"},"orderable":true,"show_badge":true,"formatted_price":"12,00&nbsp;\u20ac","formatted_published_date":"2 mars 2005","publisher_availability_label":"Sur commande","short_details":"Catherine Mafaraud-leray \u2014 L'Idee Bleue","translator":null,"weight":150,"page_count":110,"readership":null,"editor":"L'Idee Bleue","price":1200,"published_date":"2005-03-01T23:00:00.000000Z","support":"Grand format","publisher_availability":1,"stock":0,"editions":[],"url":"https:\/\/quaidesbrumes.com\/ouvrage\/9782840311898\/dites-le-aux-dahlias-aux-crapauds-et-aux-chiens"},{"id":"9782844901019","title":"Appareils","description":"Performances, lectures, manifestations de tous ordres et de toutes formes, Fr\u00e9d\u00e9rique Gu\u00e9tat-Liviani participe aux interventions diverses des nouvelles g\u00e9n\u00e9rations, dans le mouvement d'une autre po\u00e9sie qui m\u00eale, pour les exalter, les origines multiples du po\u00e8me. Dans ce livre, elle touche comme d'un int\u00e9rieur, \u00e0 ses propres obsessions, elle affronte l'exp\u00e9rience d'une \u00e9criture des profondeurs, dans une fragilit\u00e9 de l'instant.\r","authors":["Frederique Guetat-Liviani"],"category_codes":["1000000","1090000"],"visuals":{"large":"https:\/\/images.epagine.fr\/019\/9782844901019_1_75.jpg","medium":"https:\/\/images.epagine.fr\/019\/9782844901019_1_m.jpg","thumbnail":"https:\/\/images.epagine.fr\/019\/9782844901019_1_v.jpg"},"orderable":true,"show_badge":true,"formatted_price":"11,16&nbsp;\u20ac","formatted_published_date":"31 d\u00e9cembre 2002","publisher_availability_label":"Sur commande","short_details":"Frederique Guetat-Liviani \u2014 \u00c9ditions Verdier","translator":null,"weight":120,"page_count":null,"readership":null,"editor":"\u00c9ditions Verdier","price":1116,"published_date":"2002-12-30T23:00:00.000000Z","support":"Grand format","publisher_availability":1,"stock":0,"editions":[],"url":"https:\/\/quaidesbrumes.com\/ouvrage\/9782844901019\/appareils"},{"id":"9782911718403","title":"Frere gris","description":"Fr\u00e8re Gris, compos\u00e9 de 1909 \u00e0 1914, se trouve un peu en marge de l'oeuvre de Lunel et nous prouve que le romancier \u00e9tait aussi, dans ses premi\u00e8res ann\u00e9es d'\u00e9criture, un po\u00e8te lyrique, sensible et passionn\u00e9. Ce po\u00e8me est divis\u00e9 en sept chants, les sept jours de la semaine. Il constitue une sorte de voyage nostalgique et s'affirme comme un texte initiatique d'enfance et d'adolescence.\r","authors":["Armand Lunel"],"category_codes":["1000000","1090000"],"visuals":{"large":"https:\/\/quaidesbrumes.com\/img\/book-placeholder.png","medium":"https:\/\/quaidesbrumes.com\/img\/book-placeholder.png","thumbnail":"https:\/\/quaidesbrumes.com\/img\/book-placeholder.png"},"orderable":true,"show_badge":true,"formatted_price":"14,50&nbsp;\u20ac","formatted_published_date":"29 mai 2002","publisher_availability_label":"Sur commande","short_details":"Armand Lunel \u2014 L'Amourier","translator":null,"weight":176,"page_count":92,"readership":null,"editor":"L'Amourier","price":1450,"published_date":"2002-05-28T22:00:00.000000Z","support":"Grand format","publisher_availability":1,"stock":0,"editions":[],"url":"https:\/\/quaidesbrumes.com\/ouvrage\/9782911718403\/frere-gris"},{"id":"9782878673753","title":"Fragments d'orientitude","description":null,"authors":["Jany Cailhol"],"category_codes":["1000000","1090000"],"visuals":{"large":"https:\/\/quaidesbrumes.com\/img\/book-placeholder.png","medium":"https:\/\/quaidesbrumes.com\/img\/book-placeholder.png","thumbnail":"https:\/\/quaidesbrumes.com\/img\/book-placeholder.png"},"orderable":true,"show_badge":true,"formatted_price":"14,00&nbsp;\u20ac","formatted_published_date":"3 juin 2002","publisher_availability_label":"Sur commande","short_details":"Jany Cailhol \u2014 Presses Du Midi","translator":null,"weight":166,"page_count":null,"readership":null,"editor":"Presses Du Midi","price":1400,"published_date":"2002-06-02T22:00:00.000000Z","support":"Grand format","publisher_availability":1,"stock":0,"editions":[],"url":"https:\/\/quaidesbrumes.com\/ouvrage\/9782878673753\/fragments-dorientitude"},{"id":"9782747523592","title":"Ixchel","description":"Po\u00e9sie.La po\u00e9sie de Fonseca, en paysan qu'il est, a la libert\u00e9 et l'intuition de ceux dont les pas savent caresser la terre et les \u00e9toiles. Elle poss\u00e8de ce sens de l'\u00e9pop\u00e9e et du drame qui lui vient de la douleur d'une civilisation d\u00e9poss\u00e9d\u00e9e d'elle-m\u00eame, souvent avec violence et perfidie. Cette perte d'\u00e2me et de magie du temps n'a toutefois pas entam\u00e9 les ressources du po\u00e8te. Il oppose une r\u00e9sistance qui est moins charg\u00e9e de nostalgie que de r\u00eave \u00e9veill\u00e9.\r","authors":["Enrique Fonseca Gonzalez","Michel Cassir"],"category_codes":["1000000","1090000"],"visuals":{"large":"https:\/\/images.epagine.fr\/592\/9782747523592_1_75.jpg","medium":"https:\/\/images.epagine.fr\/592\/9782747523592_1_m.jpg","thumbnail":"https:\/\/images.epagine.fr\/592\/9782747523592_1_v.jpg"},"orderable":true,"show_badge":true,"formatted_price":"11,00&nbsp;\u20ac","formatted_published_date":"1er janvier 2002","publisher_availability_label":"Sur commande","short_details":"Enrique Fonseca Gonzalez, Michel Cassir \u2014 \u00c9ditions L'Harmattan","translator":"MICHEL CASSIR","weight":201,"page_count":64,"readership":null,"editor":"\u00c9ditions L'Harmattan","price":1100,"published_date":"2001-12-31T23:00:00.000000Z","support":"Grand format","publisher_availability":1,"stock":0,"editions":[],"url":"https:\/\/quaidesbrumes.com\/ouvrage\/9782747523592\/ixchel"},{"id":"9782747523509","title":"La tombe du plongeur","description":null,"authors":["Yole\/Marcques"],"category_codes":["1000000","1090000"],"visuals":{"large":"https:\/\/images.epagine.fr\/509\/9782747523509_1_75.jpg","medium":"https:\/\/images.epagine.fr\/509\/9782747523509_1_m.jpg","thumbnail":"https:\/\/images.epagine.fr\/509\/9782747523509_1_v.jpg"},"orderable":true,"show_badge":true,"formatted_price":"14,00&nbsp;\u20ac","formatted_published_date":"1er janvier 2002","publisher_availability_label":"Sur commande","short_details":"Yole\/Marcques \u2014 \u00c9ditions L'Harmattan","translator":null,"weight":210,"page_count":156,"readership":null,"editor":"\u00c9ditions L'Harmattan","price":1400,"published_date":"2001-12-31T23:00:00.000000Z","support":"Grand format","publisher_availability":1,"stock":0,"editions":[],"url":"https:\/\/quaidesbrumes.com\/ouvrage\/9782747523509\/la-tombe-du-plongeur"},{"id":"9782909640846","title":"Po\u00e8mes \u00e0 queues de fourmis","description":null,"authors":["Ja Persini-Panorias"],"category_codes":["1000000","1090000"],"visuals":{"large":"https:\/\/images.epagine.fr\/846\/9782909640846_1_75.jpg","medium":"https:\/\/images.epagine.fr\/846\/9782909640846_1_m.jpg","thumbnail":"https:\/\/images.epagine.fr\/846\/9782909640846_1_v.jpg"},"orderable":true,"show_badge":true,"formatted_price":"12,00&nbsp;\u20ac","formatted_published_date":"1er mars 2013","publisher_availability_label":"Sur commande","short_details":"Ja Persini-Panorias \u2014 DONNER A VOIR","translator":null,"weight":125,"page_count":null,"readership":null,"editor":"DONNER A VOIR","price":1200,"published_date":"2013-02-28T23:00:00.000000Z","support":"Grand format","publisher_availability":1,"stock":0,"editions":[],"url":"https:\/\/quaidesbrumes.com\/ouvrage\/9782909640846\/poemes-a-queues-de-fourmis"},{"id":"9782747516174","title":"Histoires de dire - poemes","description":"Avec ce recueil de po\u00e8me, l'auteur, qui s'est toujours jet\u00e9 dans la bataille quand il croyait reconna\u00eetre l'injustice, ne fait rien d'autre que de continuer sa r\u00e9sistance. Et pas seulement contre l'injustice, mais, aussi, contre les conventions \" puisque on y constate, \u00e9crit Chraz, son obsession de ne pas aligner les mots comme tout le monde et de ne pas laisser le sujet , les verbes et les compl\u00e9ments construire les phrases \u00e0 sa place \". De la belle ouvrage que ces po\u00e8mes d\u00e9di\u00e9s \u00e0 l'amiti\u00e9 et \u00e0 l'amour.\r","authors":["Jean Sanitas"],"category_codes":["1000000","1090000"],"visuals":{"large":"https:\/\/images.epagine.fr\/174\/9782747516174_1_75.jpg","medium":"https:\/\/images.epagine.fr\/174\/9782747516174_1_m.jpg","thumbnail":"https:\/\/images.epagine.fr\/174\/9782747516174_1_v.jpg"},"orderable":true,"show_badge":true,"formatted_price":"11,00&nbsp;\u20ac","formatted_published_date":"6 ao\u00fbt 2002","publisher_availability_label":"Sur commande","short_details":"Jean Sanitas \u2014 \u00c9ditions L'Harmattan","translator":null,"weight":118,"page_count":80,"readership":null,"editor":"\u00c9ditions L'Harmattan","price":1100,"published_date":"2002-08-05T22:00:00.000000Z","support":"Grand format","publisher_availability":1,"stock":0,"editions":[],"url":"https:\/\/quaidesbrumes.com\/ouvrage\/9782747516174\/histoires-de-dire-poemes"},{"id":"9782411000800","title":"Les sanglots de la terre","description":"Les Sanglots de la Terre est un recueil de po\u00e8mes qui a re\u00e7u le Grand Prix de la Journ\u00e9e du Manuscrit 2020. Sa po\u00e9sie a provoqu\u00e9 l'admiration des jur\u00e9s et le Pr\u00e9sident Michel Dansel a souhait\u00e9 donn\u00e9 le plus grand \u00e9cho \u00e0 l'oeuvre de ce tout jeune po\u00e8te tr\u00e8s talentueux et tr\u00e8s polixe. Comme Rimbaud l'a sublimement d\u00e9montr\u00e9, \"A aux \u00e2mes bien n\u00e9es la valeur n'attend point le nombre des ann\u00e9esA \" (Pierre Corneille).\r","authors":["Renauld d' Avril"],"category_codes":["1000000","1090000"],"visuals":{"large":"https:\/\/images.epagine.fr\/800\/9782411000800_1_75.jpg","medium":"https:\/\/images.epagine.fr\/800\/9782411000800_1_m.jpg","thumbnail":"https:\/\/images.epagine.fr\/800\/9782411000800_1_v.jpg"},"orderable":true,"show_badge":true,"formatted_price":"14,90&nbsp;\u20ac","formatted_published_date":"10 juin 2021","publisher_availability_label":"Sur commande","short_details":"Renauld d' Avril \u2014 Editions du Net","translator":null,"weight":280,"page_count":152,"readership":null,"editor":"Editions du Net","price":1490,"published_date":"2021-06-09T22:00:00.000000Z","support":"Grand format","publisher_availability":1,"stock":0,"editions":[],"url":"https:\/\/quaidesbrumes.com\/ouvrage\/9782411000800\/les-sanglots-de-la-terre"},{"id":"9782747525947","title":"Pascalie - journal d'un errant","description":"Comme s'il se substituait \u00e0 Dieu, le po\u00e8te, marqu\u00e9 certes par la trag\u00e9die humaine qui s\u00e9vit en Afrique Centrale, essaie de recr\u00e9er un monde au-del\u00e0 de toutes fronti\u00e8res. D'o\u00f9 la re-visitation de certains grands mythes culturels pour les situer dans une dynamique nouvelle dont le sommet sera la transfiguration de l'ancien triangle de la d\u00e9shumanisation en un triangle de l'amour. Expression d'une errance int\u00e9rieure, ces textes jalonnent un parcours qui va du Congo-Kinshasa au Canada en passant par la Belgique.\r","authors":["Ka Mwenge Kasereka"],"category_codes":["1000000","1090000"],"visuals":{"large":"https:\/\/images.epagine.fr\/947\/9782747525947_1_75.jpg","medium":"https:\/\/images.epagine.fr\/947\/9782747525947_1_m.jpg","thumbnail":"https:\/\/images.epagine.fr\/947\/9782747525947_1_v.jpg"},"orderable":true,"show_badge":true,"formatted_price":"11,00&nbsp;\u20ac","formatted_published_date":"1er janvier 2002","publisher_availability_label":"Sur commande","short_details":"Ka Mwenge Kasereka \u2014 \u00c9ditions L'Harmattan","translator":null,"weight":146,"page_count":104,"readership":null,"editor":"\u00c9ditions L'Harmattan","price":1100,"published_date":"2001-12-31T23:00:00.000000Z","support":"Grand format","publisher_availability":1,"stock":0,"editions":[],"url":"https:\/\/quaidesbrumes.com\/ouvrage\/9782747525947\/pascalie-journal-dun-errant"},{"id":"9782747525381","title":"Les pleurs de l'arc-en-ciel","description":"La Mauritanie est la blessure de DIALLO Bios. \" Noirs et indignes\/Ma blessure est l\u00e0 \", \u00e9crit-il. Sans renoncement, toutefois : \" Je ne me lasserai jamais de chercher mon pays \". Cette terre, dont le po\u00e8te chante sensuellement la \" beaut\u00e9 trahie \" est une des \u00e9pines de l'Afrique. Sur ce territoire charni\u00e8re entre l'Afrique subsaharienne et le monde arabo-berb\u00e8re, les Noirs sont quotidiennement brim\u00e9s et leur citoyennet\u00e9 reni\u00e9e. Cette identit\u00e9 viol\u00e9e, cette terre confisqu\u00e9e portent \u00e0 l'incandescence des sentiments d'exil et de d\u00e9possession. Les po\u00e8mes en sont hant\u00e9s.\r","authors":["Bios Diallo"],"category_codes":["1000000","1090000"],"visuals":{"large":"https:\/\/images.epagine.fr\/381\/9782747525381_1_75.jpg","medium":"https:\/\/images.epagine.fr\/381\/9782747525381_1_m.jpg","thumbnail":"https:\/\/images.epagine.fr\/381\/9782747525381_1_v.jpg"},"orderable":true,"show_badge":true,"formatted_price":"11,50&nbsp;\u20ac","formatted_published_date":"1er janvier 2002","publisher_availability_label":"Sur commande","short_details":"Bios Diallo \u2014 \u00c9ditions L'Harmattan","translator":null,"weight":164,"page_count":116,"readership":null,"editor":"\u00c9ditions L'Harmattan","price":1150,"published_date":"2001-12-31T23:00:00.000000Z","support":"Grand format","publisher_availability":1,"stock":0,"editions":[],"url":"https:\/\/quaidesbrumes.com\/ouvrage\/9782747525381\/les-pleurs-de-larc-en-ciel"},{"id":"9782226129857","title":"Je t'appelle tendresse","description":"Permets \u00e0 mon sourire de t'offrir ma tendresse, permets \u00e0 ma main de t'apporter du doux, permets \u00e0 mon regard de te dire ton importance et accepter ainsi ma gratitude au cadeau de ta pr\u00e9sence.\r","authors":["Jacques Salom\u00e9"],"category_codes":["1000000","1090000"],"visuals":{"large":"https:\/\/images.epagine.fr\/857\/9782226129857_1_75.jpg","medium":"https:\/\/images.epagine.fr\/857\/9782226129857_1_m.jpg","thumbnail":"https:\/\/images.epagine.fr\/857\/9782226129857_1_v.jpg"},"orderable":true,"show_badge":true,"formatted_price":"15,00&nbsp;\u20ac","formatted_published_date":"11 septembre 2002","publisher_availability_label":"Sur commande","short_details":"Jacques Salom\u00e9 \u2014 Albin Michel","translator":null,"weight":470,"page_count":164,"readership":null,"editor":"Albin Michel","price":1500,"published_date":"2002-09-10T22:00:00.000000Z","support":"Grand format","publisher_availability":1,"stock":0,"editions":[],"url":"https:\/\/quaidesbrumes.com\/ouvrage\/9782226129857\/je-tappelle-tendresse"},{"id":"9782840311478","title":"L'approche infinie","description":"D'o\u00f9 viens-tu ? Qui es-tu ? O\u00f9 vas-tu, toi l'\u00e9trang\u00e8re, si ce n'est vers la source? Nous naissons et mourons dans un myst\u00e8re o\u00f9 r\u00e9sonnent nos vies.\r\nLa travers\u00e9e n'est qu'approche - infinie - de la pr\u00e9sence. Mer, terre, ciel nous appellent. Ils \u00e9clairent notre qu\u00eate, nous nomment autant que nous les nommons. Ils sont des voies de connaissance comme l'est aussi l'Autre en sa r\u00e9v\u00e9lation. Chant d'amour et de douleur, le po\u00e8me nous est donn\u00e9 pour \u00e9tablir le lien, prononcer la parole du oui. Il n'y a qu'un seul voyage et il est de commencement.\r","authors":["Sylvie Fabre"],"category_codes":["1000000","1090000"],"visuals":{"large":"https:\/\/images.epagine.fr\/478\/9782840311478_1_75.jpg","medium":"https:\/\/images.epagine.fr\/478\/9782840311478_1_m.jpg","thumbnail":"https:\/\/images.epagine.fr\/478\/9782840311478_1_v.jpg"},"orderable":true,"show_badge":true,"formatted_price":"12,00&nbsp;\u20ac","formatted_published_date":"1er mai 2002","publisher_availability_label":"Sur commande","short_details":"Sylvie Fabre \u2014 L'Idee Bleue","translator":null,"weight":125,"page_count":null,"readership":null,"editor":"L'Idee Bleue","price":1200,"published_date":"2002-04-30T22:00:00.000000Z","support":"Grand format","publisher_availability":1,"stock":0,"editions":[],"url":"https:\/\/quaidesbrumes.com\/ouvrage\/9782840311478\/lapproche-infinie"}]}