{"data":[{"id":"9782909640570","title":"Sur les paupi\u00e8res du vent","description":"Anne-Lise Blanchard nous convie dans les po\u00e8mes de ce recueil \u00e0 accueillir toutes les surprises : merveilles v\u00e9g\u00e9tales et color\u00e9es, vols fugaces complices de nos yeux, lumi\u00e8res pos\u00e9es Sur les paupi\u00e8res du vent. Les oiseaux gorg\u00e9s d'air vrillent sur eux-m\u00eames, le vent se poudre de couleurs pastel.\r","authors":["Anne-Lise Blanchard"],"category_codes":["1000000","1090000","1090600"],"visuals":{"large":"https:\/\/images.epagine.fr\/570\/9782909640570_1_75.jpg","medium":"https:\/\/images.epagine.fr\/570\/9782909640570_1_m.jpg","thumbnail":"https:\/\/images.epagine.fr\/570\/9782909640570_1_v.jpg"},"orderable":true,"show_badge":true,"formatted_price":"6,50&nbsp;\u20ac","formatted_published_date":"1er mars 2008","publisher_availability_label":"Sur commande","short_details":"Anne-Lise Blanchard \u2014 DONNER A VOIR","translator":null,"weight":50,"page_count":44,"readership":null,"editor":"DONNER A VOIR","price":650,"published_date":"2008-02-29T23:00:00.000000Z","support":"Grand format","publisher_availability":1,"stock":0,"editions":[],"url":"https:\/\/quaidesbrumes.com\/ouvrage\/9782909640570\/sur-les-paupieres-du-vent"},{"id":"9782858020751","title":"Les Racines Congolaises : Pr\u00e9c\u00e9d\u00e9 de \"La vie Po\u00e9tique\" - Po\u00e8mes","description":null,"authors":["Jean-baptiste Tati-loutard"],"category_codes":["1000000","1090000"],"visuals":{"large":"https:\/\/images.epagine.fr\/751\/9782858020751_1_75.jpg","medium":"https:\/\/images.epagine.fr\/751\/9782858020751_1_m.jpg","thumbnail":"https:\/\/images.epagine.fr\/751\/9782858020751_1_v.jpg"},"orderable":true,"show_badge":true,"formatted_price":"10,00&nbsp;\u20ac","formatted_published_date":"1er d\u00e9cembre 2004","publisher_availability_label":"Sur commande","short_details":"Jean-baptiste Tati-loutard \u2014 \u00c9ditions L'Harmattan","translator":null,"weight":118,"page_count":79,"readership":null,"editor":"\u00c9ditions L'Harmattan","price":1000,"published_date":"2004-11-30T23:00:00.000000Z","support":"Grand format","publisher_availability":1,"stock":0,"editions":[],"url":"https:\/\/quaidesbrumes.com\/ouvrage\/9782858020751\/les-racines-congolaises-precede-de-la-vie-poetique-poemes"},{"id":"9782747518468","title":"L'heure ligu\u00e9e","description":"Construit sous les dehors d'un r\u00e9citatif d\u00e9coup\u00e9 en soixante unit\u00e9s de lecture L'Heure ligu\u00e9e poursuit le cheminement engag\u00e9 depuis Le Gramophone d'Ingres. Po\u00e8tique agenc\u00e9e pour le th\u00e9\u00e2tre du dire, l'\u00e9criture s'y d\u00e9ploie, saisie et assum\u00e9e comme rythme propre, d'embl\u00e9e expos\u00e9e \u00e0 la compr\u00e9hension de la finitude.\r\n\r\n\r\nCe livre a re\u00e7u le Prix Louise Lab\u00e9 en 2003.","authors":["Georges-Elia Sarfati"],"category_codes":["9000000","9070000","9070200"],"visuals":{"large":"https:\/\/images.epagine.fr\/468\/9782747518468_1_75.jpg","medium":"https:\/\/images.epagine.fr\/468\/9782747518468_1_m.jpg","thumbnail":"https:\/\/images.epagine.fr\/468\/9782747518468_1_v.jpg"},"orderable":true,"show_badge":true,"formatted_price":"11,00&nbsp;\u20ac","formatted_published_date":"1er novembre 2003","publisher_availability_label":"Sur commande","short_details":"Georges-Elia Sarfati \u2014 \u00c9ditions L'Harmattan","translator":null,"weight":102,"page_count":68,"readership":null,"editor":"\u00c9ditions L'Harmattan","price":1100,"published_date":"2003-10-31T23:00:00.000000Z","support":"Grand format","publisher_availability":1,"stock":0,"editions":[],"url":"https:\/\/quaidesbrumes.com\/ouvrage\/9782747518468\/lheure-liguee"},{"id":"9782342054804","title":"Vers solitaires, vers salutaires","description":"\u00ab Ces pages sont un petit peu de toi Un petit peu de moi dans l'orage Un petit peu de vous Avec beaucoup d'\u00e9moi Et une longue route \u00e0 parcourir durant des mois Dans le noir parfait Dans le brouillard parfois Pour se reconstruire et se racheter une conduite \u00bb Influenc\u00e9 par les arts et notamment la musique rap, Ga\u00ebl Raimond \u00e9crit ici des po\u00e8mes m\u00e9lancoliques qui refl\u00e8tent ses \u00e9tats d'\u00e2me. Vers solitaires, vers salutaires touche ainsi par sa sinc\u00e9rit\u00e9 et son universalit\u00e9. L'auteur, par son style soign\u00e9 et sa plume poignante, fait voyager le lecteur dans la tourmente des \u00e9motions et sentiments, m\u00ealant tristesse, joie, col\u00e8re et incertitude.","authors":["Gael Raimond"],"category_codes":["1000000","1090000"],"visuals":{"large":"https:\/\/images.epagine.fr\/804\/9782342054804_1_75.jpg","medium":"https:\/\/images.epagine.fr\/804\/9782342054804_1_m.jpg","thumbnail":"https:\/\/images.epagine.fr\/804\/9782342054804_1_v.jpg"},"orderable":true,"show_badge":true,"formatted_price":"7,50&nbsp;\u20ac","formatted_published_date":"1er octobre 2025","publisher_availability_label":"Sur commande","short_details":"Gael Raimond \u2014 PUBLIBOOK","translator":null,"weight":84,"page_count":56,"readership":null,"editor":"PUBLIBOOK","price":750,"published_date":"2025-09-30T22:00:00.000000Z","support":"Grand format","publisher_availability":1,"stock":0,"editions":[],"url":"https:\/\/quaidesbrumes.com\/ouvrage\/9782342054804\/vers-solitaires-vers-salutaires"},{"id":"9782747518130","title":"L'INTEMP\u00c9RIE DES MOTS AUX SOURCES ANONYMES","description":"Po\u00e8te et musicienne, Hoda Hadib a publi\u00e9 huit recueils de po\u00e9sie. L'\u00e9criture po\u00e9tique est v\u00e9cue par elle comme la plus haute aventure lui permettant, en particulier, d'\u00eatre pr\u00e9sente partout o\u00f9 elle n'est pas. Dans un corps \u00e0 corps avec les mots, porteurs de d\u00e9mons, cr\u00e9atures amoureuses et myst\u00e9rieux virages, prennent naissance la perte de lieu et le sang des origines. La lourde m\u00e9moire des temp\u00eates est d\u00e9livr\u00e9e par la contredanse de l'ailleurs.\r","authors":["Hoda Adib"],"category_codes":["1000000","1090000"],"visuals":{"large":"https:\/\/images.epagine.fr\/130\/9782747518130_1_75.jpg","medium":"https:\/\/images.epagine.fr\/130\/9782747518130_1_m.jpg","thumbnail":"https:\/\/images.epagine.fr\/130\/9782747518130_1_v.jpg"},"orderable":true,"show_badge":true,"formatted_price":"15,00&nbsp;\u20ac","formatted_published_date":"1er novembre 2003","publisher_availability_label":"Sur commande","short_details":"Hoda Adib \u2014 \u00c9ditions L'Harmattan","translator":null,"weight":242,"page_count":168,"readership":null,"editor":"\u00c9ditions L'Harmattan","price":1500,"published_date":"2003-10-31T23:00:00.000000Z","support":"Grand format","publisher_availability":1,"stock":0,"editions":[],"url":"https:\/\/quaidesbrumes.com\/ouvrage\/9782747518130\/lintemperie-des-mots-aux-sources-anonymes"},{"id":"9782862749907","title":"L'enfant de guerre","description":"Enfant ill\u00e9gitime de la Seconde guerre mondiale, j'ai voulu montrer en suivant le Danube, de sa source \u00e0 son embouchure sur la mer Noire, que le monde lui-m\u00eame ne cesse de na\u00eetre et de rena\u00eetre d'une guerre permanente qui ne cessera jamais, que d'autres Ben Laden viendront, comme ils sont d\u00e9j\u00e0 venus, et qu'une telle apocalypse ne prendra fin qu'avec l'Homme lui-m\u00eame.\r\n\r\nPourtant, un enfant viendra v\u00eatu de paix et de lumi\u00e8re. On l'appellera alors l'enfant du Transylvanien. T. C.","authors":["Tristan Cabral"],"category_codes":["1000000","1090000"],"visuals":{"large":"https:\/\/images.epagine.fr\/907\/9782862749907_1_75.jpg","medium":"https:\/\/images.epagine.fr\/907\/9782862749907_1_m.jpg","thumbnail":"https:\/\/images.epagine.fr\/907\/9782862749907_1_v.jpg"},"orderable":true,"show_badge":true,"formatted_price":"18,00&nbsp;\u20ac","formatted_published_date":"29 mai 2002","publisher_availability_label":"Sur commande","short_details":"Tristan Cabral \u2014 Le Cherche Midi","translator":null,"weight":210,"page_count":120,"readership":null,"editor":"Le Cherche Midi","price":1800,"published_date":"2002-05-28T22:00:00.000000Z","support":"Grand format","publisher_availability":1,"stock":0,"editions":[],"url":"https:\/\/quaidesbrumes.com\/ouvrage\/9782862749907\/lenfant-de-guerre"},{"id":"9782747519366","title":"VENTS DES PR\u00c9SENCES","description":"Il y a des instants o\u00f9 l'on ressent entre nuque et \u00e9paules un passant si fort qu'on se retourne.\r\nEst-ce la pr\u00e9sence ?\r\nIl y a les fragments d'existence o\u00f9 l'on se sent accompagn\u00e9.\r\nEst-ce la pr\u00e9sence ?","authors":["Clancy Genevieve Represent\u00e9e Par  Clancy"],"category_codes":["1000000","1090000"],"visuals":{"large":"https:\/\/images.epagine.fr\/366\/9782747519366_1_75.jpg","medium":"https:\/\/images.epagine.fr\/366\/9782747519366_1_m.jpg","thumbnail":"https:\/\/images.epagine.fr\/366\/9782747519366_1_v.jpg"},"orderable":true,"show_badge":true,"formatted_price":"11,00&nbsp;\u20ac","formatted_published_date":"1er janvier 2002","publisher_availability_label":"Sur commande","short_details":"Clancy Genevieve Represent\u00e9e Par  Clancy \u2014 \u00c9ditions L'Harmattan","translator":null,"weight":136,"page_count":98,"readership":null,"editor":"\u00c9ditions L'Harmattan","price":1100,"published_date":"2001-12-31T23:00:00.000000Z","support":"Grand format","publisher_availability":1,"stock":0,"editions":[],"url":"https:\/\/quaidesbrumes.com\/ouvrage\/9782747519366\/vents-des-presences"},{"id":"9782878673630","title":"Le desert, l'homme et la poesie","description":null,"authors":["Edmond Reboul"],"category_codes":["1000000","1090000"],"visuals":{"large":"https:\/\/quaidesbrumes.com\/img\/book-placeholder.png","medium":"https:\/\/quaidesbrumes.com\/img\/book-placeholder.png","thumbnail":"https:\/\/quaidesbrumes.com\/img\/book-placeholder.png"},"orderable":true,"show_badge":true,"formatted_price":"17,00&nbsp;\u20ac","formatted_published_date":"21 f\u00e9vrier 2002","publisher_availability_label":"Sur commande","short_details":"Edmond Reboul \u2014 Presses Du Midi","translator":null,"weight":252,"page_count":null,"readership":null,"editor":"Presses Du Midi","price":1700,"published_date":"2002-02-20T23:00:00.000000Z","support":"Grand format","publisher_availability":1,"stock":0,"editions":[],"url":"https:\/\/quaidesbrumes.com\/ouvrage\/9782878673630\/le-desert-lhomme-et-la-poesie"},{"id":"9782909640617","title":"\u00e9corce visionnaire","description":null,"authors":["Emmanuel Berland"],"category_codes":["1000000","1090000","1090600"],"visuals":{"large":"https:\/\/images.epagine.fr\/617\/9782909640617_1_75.jpg","medium":"https:\/\/images.epagine.fr\/617\/9782909640617_1_m.jpg","thumbnail":"https:\/\/images.epagine.fr\/617\/9782909640617_1_v.jpg"},"orderable":true,"show_badge":true,"formatted_price":"8,00&nbsp;\u20ac","formatted_published_date":"1er mars 2009","publisher_availability_label":"Sur commande","short_details":"Emmanuel Berland \u2014 DONNER A VOIR","translator":null,"weight":55,"page_count":null,"readership":null,"editor":"DONNER A VOIR","price":800,"published_date":"2009-02-28T23:00:00.000000Z","support":"Grand format","publisher_availability":1,"stock":0,"editions":[],"url":"https:\/\/quaidesbrumes.com\/ouvrage\/9782909640617\/ecorce-visionnaire"},{"id":"9782909640655","title":"Petites le\u00e7ons de choses","description":"Comme ses pistaches, Val\u00e9rie Huet joue avec la po\u00e9sie de ses \u00e9tals et nous am\u00e8ne a en reconsid\u00e9rer a l'unit\u00e9, en bottes ou en principe, les menues choses L\u00e9gumi\u00e8res ou fruiti\u00e8res. La d\u00e9licatesse des illustrations de Marianne Salmas accompagne sa d\u00e9marche.\r","authors":["Val\u00e9rie Huet"],"category_codes":["1000000","1090000","1090600"],"visuals":{"large":"https:\/\/images.epagine.fr\/655\/9782909640655_1_75.jpg","medium":"https:\/\/images.epagine.fr\/655\/9782909640655_1_m.jpg","thumbnail":"https:\/\/images.epagine.fr\/655\/9782909640655_1_v.jpg"},"orderable":true,"show_badge":true,"formatted_price":"6,50&nbsp;\u20ac","formatted_published_date":"1er mars 2010","publisher_availability_label":"Sur commande","short_details":"Val\u00e9rie Huet \u2014 DONNER A VOIR","translator":null,"weight":50,"page_count":47,"readership":null,"editor":"DONNER A VOIR","price":650,"published_date":"2010-02-28T23:00:00.000000Z","support":"Grand format","publisher_availability":1,"stock":0,"editions":[],"url":"https:\/\/quaidesbrumes.com\/ouvrage\/9782909640655\/petites-lecons-de-choses"},{"id":"9782912525345","title":"Po\u00e8mes de l'an demain ; anthologie autour de dix po\u00e8tes s\u00e9n\u00e9galais","description":"Au s\u00e9n\u00e9gal, la po\u00e9sie et le chant forment une seule et m\u00eame chose.\r\n Dans les langues s\u00e9n\u00e9galaises, le m\u00eame mot signifie \u00e0 la fois chant et po\u00e8me.  \" le meilleur choix de po\u00e8mes est celui que l'on fait pour soi \" a dit paul \u00e9luard.  dans cette anthologie, nous avons retenu d\u00e9s d\u00e8mes de dix po\u00e8tes s\u00e9n\u00e9galais contemporains \u00e9vocateurs de spectacles, de modes de vie, et d'interrogations.  l'originalit\u00e9 de cette proposition tient au fait qu'elle rassemble des textes de po\u00e8tes confirm\u00e9s et des textes de jeunes.\r","authors":["Amadou Elimane kane"],"category_codes":["1000000","1090000"],"visuals":{"large":"https:\/\/images.epagine.fr\/345\/9782912525345_1_75.jpg","medium":"https:\/\/images.epagine.fr\/345\/9782912525345_1_m.jpg","thumbnail":"https:\/\/images.epagine.fr\/345\/9782912525345_1_v.jpg"},"orderable":true,"show_badge":true,"formatted_price":"12,00&nbsp;\u20ac","formatted_published_date":"12 mars 2002","publisher_availability_label":"Sur commande","short_details":"Amadou Elimane kane \u2014 ACORIA","translator":null,"weight":150,"page_count":null,"readership":null,"editor":"ACORIA","price":1200,"published_date":"2002-03-11T23:00:00.000000Z","support":"Grand format","publisher_availability":1,"stock":0,"editions":[],"url":"https:\/\/quaidesbrumes.com\/ouvrage\/9782912525345\/poemes-de-lan-demain-anthologie-autour-de-dix-poetes-senegalais"},{"id":"9782911718007","title":"Jour un","description":"Imprim\u00e9 en typographie et reli\u00e9 sous une couverture Murillo gris, il est le premier titre de ce cycle.\r","authors":["Mickael Gluck"],"category_codes":["1000000","1090000"],"visuals":{"large":"https:\/\/images.epagine.fr\/007\/9782911718007_1_75.jpg","medium":"https:\/\/images.epagine.fr\/007\/9782911718007_1_m.jpg","thumbnail":"https:\/\/images.epagine.fr\/007\/9782911718007_1_v.jpg"},"orderable":true,"show_badge":true,"formatted_price":"10,50&nbsp;\u20ac","formatted_published_date":"25 avril 2002","publisher_availability_label":"Sur commande","short_details":"Mickael Gluck \u2014 L'Amourier","translator":null,"weight":97,"page_count":64,"readership":null,"editor":"L'Amourier","price":1050,"published_date":"2002-04-24T22:00:00.000000Z","support":"Grand format","publisher_availability":1,"stock":0,"editions":[],"url":"https:\/\/quaidesbrumes.com\/ouvrage\/9782911718007\/jour-un"},{"id":"9782911718311","title":"Une fourmi bien elevee","description":"Pour na\u00eetre, elle regarde la lune-hibou. Pour \u00eatre adopt\u00e9e, elle se met \u00e0 quatre pattes-chat. Pour \u00eatre aim\u00e9e, elle se tient \u00e0 deux pattes-pingouin. Pour pleurer, elle se r\u00e9fugie dans la poche-kangourou.\r\nPour parler, elle se met \u00e0 \u00e9crire. La nuit tomb\u00e9e, elle construit un monde o\u00f9 les animaux grimpent, parlent et chantent pour griffer l'infiniment grand de la b\u00eatise humaine.\r\nPo\u00e8mes tendres, moqueurs et bouleversants, car il n'y a pas de h\u00e9ros plus humains et plus sages que ces animaux qui se d\u00e9battent pour exister.\r","authors":["Muriel Fauriat"],"category_codes":["1000000","1090000"],"visuals":{"large":"https:\/\/quaidesbrumes.com\/img\/book-placeholder.png","medium":"https:\/\/quaidesbrumes.com\/img\/book-placeholder.png","thumbnail":"https:\/\/quaidesbrumes.com\/img\/book-placeholder.png"},"orderable":true,"show_badge":true,"formatted_price":"10,70&nbsp;\u20ac","formatted_published_date":"25 avril 2002","publisher_availability_label":"Sur commande","short_details":"Muriel Fauriat \u2014 L'Amourier","translator":null,"weight":127,"page_count":58,"readership":null,"editor":"L'Amourier","price":1070,"published_date":"2002-04-24T22:00:00.000000Z","support":"Grand format","publisher_availability":1,"stock":0,"editions":[],"url":"https:\/\/quaidesbrumes.com\/ouvrage\/9782911718311\/une-fourmi-bien-elevee"},{"id":"9782911718335","title":"La mort des colosses","description":"L'homme est un g\u00e9ant fragile. C'est, s\u00fbrement, sa fragilit\u00e9 qui a fait de lui un g\u00e9ant. Il est n\u00e9 guerrier, souvent f\u00e9roce. Il veut \u00eatre bon et g\u00e9n\u00e9reux aussi.\r\nDonc, son plus grand combat n'est pas contre les \u00e9l\u00e9ments destructeurs de la nature ni contre autrui, mais plut\u00f4t contre lui-m\u00eame. Et, pour moi, le travail d'un po\u00e8te, c'est \u00e9crire l'\u00e9pop\u00e9e de ce combat ; c'est aussi la qu\u00eate de la libert\u00e9 enchanteresse et de la bont\u00e9 qui lib\u00e8re l'homme de sa f\u00e9rocit\u00e9. Pour cela, il faut vivre la vie d'un g\u00e9ant, dans un espace mythique. N'est-ce pas trop ambitieux?\r\nCertainement, mais c'est une ambition \u00e0 la mesure de l'histoire de l'humanit\u00e9.\r","authors":["Parviz Khazra\u00ef"],"category_codes":["1000000","1090000"],"visuals":{"large":"https:\/\/quaidesbrumes.com\/img\/book-placeholder.png","medium":"https:\/\/quaidesbrumes.com\/img\/book-placeholder.png","thumbnail":"https:\/\/quaidesbrumes.com\/img\/book-placeholder.png"},"orderable":true,"show_badge":true,"formatted_price":"14,50&nbsp;\u20ac","formatted_published_date":"25 avril 2002","publisher_availability_label":"Sur commande","short_details":"Parviz Khazra\u00ef \u2014 L'Amourier","translator":null,"weight":175,"page_count":92,"readership":null,"editor":"L'Amourier","price":1450,"published_date":"2002-04-24T22:00:00.000000Z","support":"Grand format","publisher_availability":1,"stock":0,"editions":[],"url":"https:\/\/quaidesbrumes.com\/ouvrage\/9782911718335\/la-mort-des-colosses"},{"id":"9782911718458","title":"A jour","description":"Dans \u00c0 Jour, Serge Ritman cherche la nudit\u00e9 du dire comme Ben-Ami Koller cherche celle du peindre : sa mani\u00e8re de mettre la po\u00e9sie \u00e0 jour. Parce que le po\u00e8me ne peut admettre les s\u00e9parations de l'\u00e9poque entre l'individu et la soci\u00e9t\u00e9, les jours et les po\u00e8mes, le quotidien et la beaut\u00e9.\r\nLe sonnet, la phrase, la vitesse, le prosa\u00efsme cherchent un dire vrai qui invente son temps, son sujet, son paysage, son amour m\u00eame, au jour le jour.\r\nComme un po\u00e8me qui nous r\u00e9cite, qui nous dit, qui nous met \u00e0 jour. Il y va d'une politique, d'une \u00e9thique, d'une \u00e9rotique du langage qu'ensuite seules la lecture et la vie peuvent inventer dans leur dire.\r","authors":["Serge Ritman"],"category_codes":["1000000","1090000"],"visuals":{"large":"https:\/\/quaidesbrumes.com\/img\/book-placeholder.png","medium":"https:\/\/quaidesbrumes.com\/img\/book-placeholder.png","thumbnail":"https:\/\/quaidesbrumes.com\/img\/book-placeholder.png"},"orderable":true,"show_badge":true,"formatted_price":"12,20&nbsp;\u20ac","formatted_published_date":"25 avril 2002","publisher_availability_label":"Sur commande","short_details":"Serge Ritman \u2014 L'Amourier","translator":null,"weight":134,"page_count":68,"readership":null,"editor":"L'Amourier","price":1220,"published_date":"2002-04-24T22:00:00.000000Z","support":"Grand format","publisher_availability":1,"stock":0,"editions":[],"url":"https:\/\/quaidesbrumes.com\/ouvrage\/9782911718458\/a-jour"},{"id":"9782490722891","title":"A l'abri du Tr\u00e8s-Haut : Po\u00e9sie d'\u00e9vangile","description":null,"authors":["Sylvain Da Costa","Fr\u00e9d\u00e9ric Ch\u00e9pis"],"category_codes":["1000000","1090000","1090500"],"visuals":{"large":"https:\/\/quaidesbrumes.com\/img\/book-placeholder.png","medium":"https:\/\/quaidesbrumes.com\/img\/book-placeholder.png","thumbnail":"https:\/\/quaidesbrumes.com\/img\/book-placeholder.png"},"orderable":true,"show_badge":true,"formatted_price":"16,00&nbsp;\u20ac","formatted_published_date":"1er mars 2026","publisher_availability_label":"Sur commande","short_details":"Sylvain Da Costa, Fr\u00e9d\u00e9ric Ch\u00e9pis \u2014 Semer","translator":null,"weight":90,"page_count":106,"readership":null,"editor":"Semer","price":1600,"published_date":"2026-02-28T23:00:00.000000Z","support":"Grand format","publisher_availability":1,"stock":0,"editions":[],"url":"https:\/\/quaidesbrumes.com\/ouvrage\/9782490722891\/a-labri-du-tres-haut-poesie-devangile"},{"id":"9782909640761","title":"Un dernier battement d'elle","description":null,"authors":["Pascale Albert"],"category_codes":["1000000","1090000","1090600"],"visuals":{"large":"https:\/\/images.epagine.fr\/761\/9782909640761_1_75.jpg","medium":"https:\/\/images.epagine.fr\/761\/9782909640761_1_m.jpg","thumbnail":"https:\/\/images.epagine.fr\/761\/9782909640761_1_v.jpg"},"orderable":true,"show_badge":true,"formatted_price":"8,00&nbsp;\u20ac","formatted_published_date":"1er mars 2011","publisher_availability_label":"Sur commande","short_details":"Pascale Albert \u2014 DONNER A VOIR","translator":null,"weight":60,"page_count":null,"readership":null,"editor":"DONNER A VOIR","price":800,"published_date":"2011-02-28T23:00:00.000000Z","support":"Grand format","publisher_availability":1,"stock":0,"editions":[],"url":"https:\/\/quaidesbrumes.com\/ouvrage\/9782909640761\/un-dernier-battement-delle"},{"id":"9782854463613","title":"L\u00e0 o\u00f9 s'arr\u00eate la mer","description":"L\u00e0 o\u00f9 s'arr\u00eate la mer est un choix anthologique de po\u00e8mes de Yang Lian, choisis en 1995 par l'auteur lui-m\u00eame, pr\u00e9sent\u00e9s selon l'ordre chronologique (de 1982 \u00e0 1997). \r\n\r\nEn 1998, un livre portant le m\u00eame titre (Dahai tingzhizhi chu) est paru aux \u00e9ditions des Arts et des Lettres de Shanghai et regroupant des oeuvres po\u00e9tiques depuis 1982. \r\n\r\nL'auteur a souhait\u00e9 y publier, en postface, le texte \u00ab Cr\u00e9er un espace po\u00e9tique - ouvrir les possibles de l'existence \u00bb qui \u00e9claire sa cr\u00e9ation po\u00e9tique sur plus d'une d\u00e9cennie. Ce texte est paru en chinois dans Paroles des esprits, Un espace de l'intellect, (Guihua. Zhilide kongjian) prose et essai paru la m\u00eame ann\u00e9e chez le m\u00eame \u00e9diteur. \r\n\r\nL\u00e0 o\u00f9 s'arr\u00eate la mer est aussi le titre d'une suite de po\u00e8mes de ce recueil, compos\u00e9e de douze po\u00e8mes et form\u00e9e de quatre \u00ab sonates \u00bb (trois po\u00e8mes) regroup\u00e9s en une symphonie. \r\n\r\nD'un bout \u00e0 l'autre du texte, se r\u00e9p\u00e8tent les titres, courent les m\u00eames bribes de phrases, comme autant de vagues qui viennent battre le rivage, m\u00eames et pourtant autres, la mer, \u00ab la mer sans fin recommenc\u00e9e \u00bb. \r\n\r\nLa mise en page, \u00e0 l'italienne, \u00e9vite les coupures malheureuses nuisant \u00e0 l'appr\u00e9hension visuelle du rythme du po\u00e8me, \u00e0 son d\u00e9coupage en strophes.\r","authors":["Lian Yang"],"category_codes":["1000000","1090000"],"visuals":{"large":"https:\/\/images.epagine.fr\/613\/9782854463613_1_75.jpg","medium":"https:\/\/images.epagine.fr\/613\/9782854463613_1_m.jpg","thumbnail":"https:\/\/images.epagine.fr\/613\/9782854463613_1_v.jpg"},"orderable":true,"show_badge":true,"formatted_price":"15,00&nbsp;\u20ac","formatted_published_date":"25 f\u00e9vrier 2004","publisher_availability_label":"Sur commande","short_details":"Lian Yang \u2014 Caracteres","translator":null,"weight":205,"page_count":168,"readership":null,"editor":"Caracteres","price":1500,"published_date":"2004-02-24T23:00:00.000000Z","support":"Grand format","publisher_availability":1,"stock":0,"editions":[],"url":"https:\/\/quaidesbrumes.com\/ouvrage\/9782854463613\/la-ou-sarrete-la-mer"},{"id":"9782080682772","title":"Face devant contre","description":null,"authors":["Isabelle Garron"],"category_codes":["1000000","1090000"],"visuals":{"large":"https:\/\/images.epagine.fr\/772\/9782080682772_1_75.jpg","medium":"https:\/\/images.epagine.fr\/772\/9782080682772_1_m.jpg","thumbnail":"https:\/\/images.epagine.fr\/772\/9782080682772_1_v.jpg"},"orderable":true,"show_badge":true,"formatted_price":"20,10&nbsp;\u20ac","formatted_published_date":"18 octobre 2002","publisher_availability_label":"Sur commande","short_details":"Isabelle Garron \u2014 Flammarion","translator":null,"weight":330,"page_count":272,"readership":null,"editor":"Flammarion","price":2010,"published_date":"2002-10-17T22:00:00.000000Z","support":"Grand format","publisher_availability":1,"stock":0,"editions":[],"url":"https:\/\/quaidesbrumes.com\/ouvrage\/9782080682772\/face-devant-contre"},{"id":"9782890466463","title":"Hasards de mer ; autres incertitudes","description":null,"authors":["G\u00e9rard Le Gouic"],"category_codes":["1000000","1090000"],"visuals":{"large":"https:\/\/images.epagine.fr\/463\/9782890466463_1_75.jpg","medium":"https:\/\/images.epagine.fr\/463\/9782890466463_1_m.jpg","thumbnail":"https:\/\/images.epagine.fr\/463\/9782890466463_1_v.jpg"},"orderable":true,"show_badge":true,"formatted_price":"9,15&nbsp;\u20ac","formatted_published_date":"30 mai 2002","publisher_availability_label":"Sur commande","short_details":"G\u00e9rard Le Gouic \u2014 LE TEMPS DES CERISES","translator":null,"weight":130,"page_count":86,"readership":null,"editor":"LE TEMPS DES CERISES","price":915,"published_date":"2002-05-29T22:00:00.000000Z","support":"Grand format","publisher_availability":1,"stock":0,"editions":[],"url":"https:\/\/quaidesbrumes.com\/ouvrage\/9782890466463\/hasards-de-mer-autres-incertitudes"},{"id":"9782844900975","title":"Imagines","description":null,"authors":["Anne Talvaz"],"category_codes":["1000000","1090000"],"visuals":{"large":"https:\/\/images.epagine.fr\/975\/9782844900975_1_75.jpg","medium":"https:\/\/images.epagine.fr\/975\/9782844900975_1_m.jpg","thumbnail":"https:\/\/images.epagine.fr\/975\/9782844900975_1_v.jpg"},"orderable":true,"show_badge":true,"formatted_price":"11,16&nbsp;\u20ac","formatted_published_date":"27 septembre 2002","publisher_availability_label":"Sur commande","short_details":"Anne Talvaz \u2014 \u00c9ditions Verdier","translator":null,"weight":120,"page_count":66,"readership":null,"editor":"\u00c9ditions Verdier","price":1116,"published_date":"2002-09-26T22:00:00.000000Z","support":"Grand format","publisher_availability":1,"stock":0,"editions":[],"url":"https:\/\/quaidesbrumes.com\/ouvrage\/9782844900975\/imagines"},{"id":"9788841092927","title":"73 po\u00e8mes","description":"La nature est au centre de ce recueil, le dernier du grand po\u00e8te am\u00e9ricain, qui semble avoir atteint une sorte de s\u00e9r\u00e9nit\u00e9 au terme d'un parcours artistique nourri d'anxi\u00e9t\u00e9 et d'enthousiasme.\r\nSa po\u00e9sie exprime la joie vivante qui est au coeur m\u00eame de l'existence. A y bien regarder, il s'agit bel et bien d'un recueil sur le printemps et le cycle de la vie, les oiseaux et les fleurs, les \u00e9toiles et la lune E-E Cummings, prodigieux inventeur, a r\u00e9volutionn\u00e9 la po\u00e9sie am\u00e9ricaine.\r","authors":["Edward Estlin Cummings","Thierry Gilliboeuf"],"category_codes":["1000000","1090000"],"visuals":{"large":"https:\/\/quaidesbrumes.com\/img\/book-placeholder.png","medium":"https:\/\/quaidesbrumes.com\/img\/book-placeholder.png","thumbnail":"https:\/\/quaidesbrumes.com\/img\/book-placeholder.png"},"orderable":true,"show_badge":true,"formatted_price":"12,00&nbsp;\u20ac","formatted_published_date":"11 mars 2002","publisher_availability_label":"Sur commande","short_details":"Edward Estlin Cummings, Thierry Gilliboeuf \u2014 LE TEMPS DES CERISES","translator":"THIERRY GILLIBOEUF","weight":0,"page_count":null,"readership":null,"editor":"LE TEMPS DES CERISES","price":1200,"published_date":"2002-03-10T23:00:00.000000Z","support":"Grand format","publisher_availability":1,"stock":0,"editions":[],"url":"https:\/\/quaidesbrumes.com\/ouvrage\/9788841092927\/73-poemes"},{"id":"9782849248744","title":"Invictus : Figures libres","description":"Avec une bouche pour aimer et un coeur pour parler. Avec une bouche pour \u00e9crire la vie comme un po\u00e8me de tous les jours. Avec le corps tout entier pour \u00e9couter battre le coeur du monde depuis notre ville. Sacha Thomas \u00e9crit \u00e0 Paris comme on s'adresse \u00e0 un proche, un enfant, un amour.\r\nInvictus, figures libres recourt autant au langage qu'\u00e0 l'invention. Sacha tire la langue pour go\u00fbter le soleil et embrasser la main des g\u00e9ants. Sacha cherche les grandes figures de l'Histoire et de la litt\u00e9rature fran\u00e7aise pour les mettre en sc\u00e8ne dans son quartier.\r\n\u00ab Paris que l'on creuse, Paris que l'on mord \u00bb devient le berceau d'une f\u00e9\u00e9rie moderne. Attentif aux arts de la ville comme aux acteurs du quotidien, le po\u00e8me m\u00e9tamorphose commerces, chantiers et travaux publics en un vaste th\u00e9\u00e2tre o\u00f9 l'amour \u00e9pouse la multitude des langages et des univers pour r\u00e9sonner. Vivre chaque \u00eatre humain comme un po\u00e8me victorieux, une figure libre","authors":["Sacha Thomas"],"category_codes":["1000000","1090000"],"visuals":{"large":"https:\/\/images.epagine.fr\/744\/9782849248744_1_75.jpg","medium":"https:\/\/images.epagine.fr\/744\/9782849248744_1_m.jpg","thumbnail":"https:\/\/images.epagine.fr\/744\/9782849248744_1_v.jpg"},"orderable":true,"show_badge":true,"formatted_price":"12,00&nbsp;\u20ac","formatted_published_date":"24 avril 2026","publisher_availability_label":"Sur commande","short_details":"Sacha Thomas \u2014 Editions Du Cygne","translator":null,"weight":80,"page_count":60,"readership":null,"editor":"Editions Du Cygne","price":1200,"published_date":"2026-04-23T22:00:00.000000Z","support":"Grand format","publisher_availability":1,"stock":0,"editions":[],"url":"https:\/\/quaidesbrumes.com\/ouvrage\/9782849248744\/invictus-figures-libres"},{"id":"9782890466388","title":"L'inconnu et le marin de niewton","description":null,"authors":["Jennifer Clement"],"category_codes":["1000000","1090000"],"visuals":{"large":"https:\/\/quaidesbrumes.com\/img\/book-placeholder.png","medium":"https:\/\/quaidesbrumes.com\/img\/book-placeholder.png","thumbnail":"https:\/\/quaidesbrumes.com\/img\/book-placeholder.png"},"orderable":true,"show_badge":true,"formatted_price":"10,00&nbsp;\u20ac","formatted_published_date":"13 mai 2002","publisher_availability_label":"Sur commande","short_details":"Jennifer Clement \u2014 Autres Temps","translator":null,"weight":0,"page_count":null,"readership":null,"editor":"Autres Temps","price":1000,"published_date":"2002-05-12T22:00:00.000000Z","support":"Grand format","publisher_availability":1,"stock":0,"editions":[],"url":"https:\/\/quaidesbrumes.com\/ouvrage\/9782890466388\/linconnu-et-le-marin-de-niewton"}]}